{"id":40500,"date":"2022-05-27T12:11:07","date_gmt":"2022-05-27T10:11:07","guid":{"rendered":"https:\/\/www.laguiadepamplona.com\/actualidad\/?p=40500"},"modified":"2023-04-11T11:48:08","modified_gmt":"2023-04-11T09:48:08","slug":"mikel-urdangarin-joseba-irazoki-maite-larburu-y-peru-galbete-actuaran-en-el-patio-de-gigantes-del-2-al-23-de-junio-dentro-del-ciclo-kantu-eta-hitza","status":"publish","type":"post","link":"https:\/\/www.laguiadepamplona.com\/actualidad\/mikel-urdangarin-joseba-irazoki-maite-larburu-y-peru-galbete-actuaran-en-el-patio-de-gigantes-del-2-al-23-de-junio-dentro-del-ciclo-kantu-eta-hitza\/","title":{"rendered":"Mikel Urdangarin, Joseba Irazoki, Maite Larburu y Peru Galbete actuar\u00e1n en el Patio de Gigantes, del 2 al 23 de junio, dentro del ciclo Kantu eta Hitza"},"content":{"rendered":"<h5>Estos conciertos de peque\u00f1o formato en euskera ser\u00e1n los jueves, a las 20 horas, con entrada libre previa retirada de invitaciones<\/h5>\n<p><!--more--><\/p>\n<p>Cuatro conciertos, los jueves de junio entre el 2 y el 23, conforman una nueva edici\u00f3n de Kantu eta Hitza, actuaciones musicales en peque\u00f1o formato, que tendr\u00e1n lugar en el Patio de Gigantes (c\/ Descalzos, 72). Mikel Urdangarin, Joseba Irazoki eta lagunak, Maite Larburu y Peru Galbete eta Gu protagonizar\u00e1n las cuatro tardes de un ciclo ya consolidado en la agenda cultural pamplonesa del mes de junio. Todas las actuaciones comenzar\u00e1n a las 20 horas, con entrada libre previa retirada de invitaciones desde una hora antes del inicio.<br \/>\n<script async src=\"\/\/pagead2.googlesyndication.com\/pagead\/js\/adsbygoogle.js\"><\/script><br \/>\n<!-- Noticias La Guia de Pamplona --><br \/>\n<ins class=\"adsbygoogle\"\nstyle=\"display:block\"\ndata-ad-client=\"ca-pub-6943679897239327\"\ndata-ad-slot=\"7048180777\"\ndata-ad-format=\"auto\"><\/ins><br \/>\n<script>\n(adsbygoogle = window.adsbygoogle || []).push({});\n<\/script><\/p>\n<p>Mikel Urdangarin celebrar\u00e1 sus 25 a\u00f1os de trayectoria musical en el concierto que abrir\u00e1 el ciclo el 2 de junio. La gira \u201825 Tour\u2019 llega a Pamplona con un repertorio especial, en el que har\u00e1 un repaso por su carrera art\u00edstica y sus canciones m\u00e1s significativas, muchas de ellas tesoros de la m\u00fasica vasca que han sobrevivido de generaci\u00f3n en generaci\u00f3n. Urdangarin se aleja de su perfil de cantautor y muestra su lado m\u00e1s indie, haciendo un gui\u00f1o al rock progresivo que es parte de su sonido directo.<\/p>\n<p>\u2018JIEL III\u2019 es una recopilaci\u00f3n de nueve temas de Joseba Irazoki eta Lagunak. El 9 de junio presentar\u00e1n un trabajo, que fue reconocido como mejor disco de 2021 por Zarata Mondo Sonoro. Es un disco maduro, fundamentalmente formado por los sonidos conocidos e inconfundibles de Joseba Irazoki y su grupo habitual, pero de ninguna manera c\u00f3modo o conformista. Irazoki es un guitarrista polifac\u00e9tico de m\u00faltiples tendencias que abarcan el folk, el rock, la psicodelia y la experimentaci\u00f3n instrumental, conformando una sorprendente e inclasificable propuesta art\u00edstica. Estar\u00e1 acompa\u00f1ado por F\u00e9lix Buff a la bater\u00eda y los sintetizadores, Jaime Nieto con el bajo e Ibai Gogortza a la guitarra.<br \/>\n<script async src=\"\/\/pagead2.googlesyndication.com\/pagead\/js\/adsbygoogle.js\"><\/script><br \/>\n<!-- Noticias La Guia de Pamplona --><br \/>\n<ins class=\"adsbygoogle\"\nstyle=\"display:block\"\ndata-ad-client=\"ca-pub-6943679897239327\"\ndata-ad-slot=\"7048180777\"\ndata-ad-format=\"auto\"><\/ins><br \/>\n<script>\n(adsbygoogle = window.adsbygoogle || []).push({});\n<\/script><\/p>\n<p>El 16 de junio el escenario ser\u00e1 para Maite Larburu, que interpretar\u00e1 los temas de su segundo disco \u2018Krak\u2019. En este \u00e1lbum le acompa\u00f1an los m\u00fasicos Carlos Taroncher y Karlos Arancegui. Recoge melod\u00edas creadas con m\u00faltiples objetivos y la m\u00fasica compuesta para la obra de teatro \u201cAmua\u201d del colectivo teatral Axut. La m\u00fasica la ha compuesto en su totalidad la propia Maite Larburu, as\u00ed como las letras de varias canciones. Tambi\u00e9n hay temas escritos por Harkaitz Cano, un poema de Raymond Carver y una canci\u00f3n que re\u00fane frases tomadas del guion de la obra de teatro Amua. Una de las joyas del disco son los versos encontrados en el baserri Arizmendi de Aldaba, escritos y escondidos por una mujer.<\/p>\n<p>Cerrar\u00e1 el ciclo, el 23 de junio, Peru Galbete, que presentar\u00e1 \u201cBeiratu\u201d, su cuarto disco. M\u00fasico autodidacta y amante de la improvisaci\u00f3n. Trabaja sobre todo con la voz y la imagen, a veces por separado y otras en relaci\u00f3n una con la otra. Sus centros de inter\u00e9s son la experimentaci\u00f3n con la voz, la improvisaci\u00f3n y la <em>performance<\/em>, y crea piezas individuales como si fueran colectivas. \u201cBeiratu\u201d lo conforman doce canciones con las que Peru Galbete pretende mirar a los ojos a la vida. La acompa\u00f1ar\u00e1n Xanti Etxeberri al contrabajo e Idoia Arizaleta con la guitarra y el teclado.<br \/>\n<script async src=\"\/\/pagead2.googlesyndication.com\/pagead\/js\/adsbygoogle.js\"><\/script><br \/>\n<!-- Noticias La Guia de Pamplona --><br \/>\n<ins class=\"adsbygoogle\"\nstyle=\"display:block\"\ndata-ad-client=\"ca-pub-6943679897239327\"\ndata-ad-slot=\"7048180777\"\ndata-ad-format=\"auto\"><\/ins><br \/>\n<script>\n(adsbygoogle = window.adsbygoogle || []).push({});\n<\/script><\/p>\n<p>&nbsp;<\/p>\n<h3>Kantu eta Hitza<\/h3>\n<ul>\n<li>Jueves 2 de junio, 20 horas. Patio de Gigantes (c\/ Descalzos, 72)\n<ul>\n<li>MIKEL URDANGARIN. \u201925 TOUR\u2019<\/li>\n<li>Entrada libre, previa retirada de invitaciones desde una hora antes<\/li>\n<\/ul>\n<\/li>\n<li>Jueves 9 de junio, 20 horas. Patio de Gigantes (c\/ Descalzos, 72)\n<ul>\n<li>JOSEBA IRAZOKI ETA LAGUNAK. \u2018JIEL III\u2019<\/li>\n<li>Entrada libre, previa retirada de invitaciones desde una hora antes<\/li>\n<\/ul>\n<\/li>\n<li>Jueves 16 de junio, 20 horas. Patio de Gigantes (c\/ Descalzos, 72)\n<ul>\n<li>MAITE LARBURU. \u2018KRAK\u2019<\/li>\n<li>Entrada libre, previa retirada de invitaciones desde una hora antes<\/li>\n<\/ul>\n<\/li>\n<li>Jueves 23 de junio, 20 horas. Patio de Gigantes (c\/ Descalzos, 72)\n<ul>\n<li>PERU GALBETE ETA CU. \u2018BEIRATU\u2019<\/li>\n<li>Entrada libre, previa retirada de invitaciones desde una hora antes<\/li>\n<\/ul>\n<\/li>\n<\/ul>\n","protected":false},"excerpt":{"rendered":"<p>Estos conciertos de peque\u00f1o formato en euskera ser\u00e1n los jueves, a las 20 horas, con entrada libre previa retirada de invitaciones<\/p>\n","protected":false},"author":1,"featured_media":40501,"comment_status":"open","ping_status":"closed","sticky":false,"template":"","format":"standard","meta":{"footnotes":""},"categories":[2],"tags":[],"class_list":["post-40500","post","type-post","status-publish","format-standard","has-post-thumbnail","hentry","category-ayuntamiento-pamplona"],"yoast_head":"<!-- This site is optimized with the Yoast SEO plugin v27.3 - https:\/\/yoast.com\/product\/yoast-seo-wordpress\/ -->\n<title>Mikel Urdangarin, Joseba Irazoki, Maite Larburu y Peru Galbete actuar\u00e1n en el Patio de Gigantes, del 2 al 23 de junio, dentro del ciclo Kantu eta Hitza<\/title>\n<meta name=\"description\" content=\"Estos conciertos de peque\u00f1o formato en euskera ser\u00e1n los jueves, a las 20 horas, con entrada libre previa retirada de invitaciones\" \/>\n<meta name=\"robots\" content=\"index, follow, max-snippet:-1, max-image-preview:large, max-video-preview:-1\" \/>\n<link rel=\"canonical\" href=\"https:\/\/www.laguiadepamplona.com\/actualidad\/mikel-urdangarin-joseba-irazoki-maite-larburu-y-peru-galbete-actuaran-en-el-patio-de-gigantes-del-2-al-23-de-junio-dentro-del-ciclo-kantu-eta-hitza\/\" \/>\n<meta property=\"og:locale\" content=\"es_ES\" \/>\n<meta property=\"og:type\" content=\"article\" \/>\n<meta property=\"og:title\" content=\"Mikel Urdangarin, Joseba Irazoki, Maite Larburu y Peru Galbete actuar\u00e1n en el Patio de Gigantes, del 2 al 23 de junio, dentro del ciclo Kantu eta Hitza\" \/>\n<meta property=\"og:description\" content=\"Estos conciertos de peque\u00f1o formato en euskera ser\u00e1n los jueves, a las 20 horas, con entrada libre previa retirada de invitaciones\" \/>\n<meta property=\"og:url\" content=\"https:\/\/www.laguiadepamplona.com\/actualidad\/mikel-urdangarin-joseba-irazoki-maite-larburu-y-peru-galbete-actuaran-en-el-patio-de-gigantes-del-2-al-23-de-junio-dentro-del-ciclo-kantu-eta-hitza\/\" \/>\n<meta property=\"og:site_name\" content=\"La Gu\u00eda de Pamplona\" \/>\n<meta property=\"article:publisher\" content=\"https:\/\/www.facebook.com\/laguiadepamplonacom-133175176762273\/?ref=hl\" \/>\n<meta property=\"article:published_time\" content=\"2022-05-27T10:11:07+00:00\" \/>\n<meta property=\"article:modified_time\" content=\"2023-04-11T09:48:08+00:00\" \/>\n<meta property=\"og:image\" content=\"https:\/\/www.laguiadepamplona.com\/actualidad\/wp-content\/uploads\/2022\/05\/kantu-eta-hitza.webp\" \/>\n\t<meta property=\"og:image:width\" content=\"1920\" \/>\n\t<meta property=\"og:image:height\" content=\"1061\" \/>\n\t<meta property=\"og:image:type\" content=\"image\/webp\" \/>\n<meta name=\"author\" content=\"La Gu\u00eda de Pamplona\" \/>\n<meta name=\"twitter:card\" content=\"summary_large_image\" \/>\n<meta name=\"twitter:creator\" content=\"@LaGuiadPamplona\" \/>\n<meta name=\"twitter:site\" content=\"@LaGuiadPamplona\" \/>\n<meta name=\"twitter:label1\" content=\"Escrito por\" \/>\n\t<meta name=\"twitter:data1\" content=\"La Gu\u00eda de Pamplona\" \/>\n\t<meta name=\"twitter:label2\" content=\"Tiempo de lectura\" \/>\n\t<meta name=\"twitter:data2\" content=\"3 minutos\" \/>\n<script type=\"application\/ld+json\" class=\"yoast-schema-graph\">{\"@context\":\"https:\\\/\\\/schema.org\",\"@graph\":[{\"@type\":\"Article\",\"@id\":\"https:\\\/\\\/www.laguiadepamplona.com\\\/actualidad\\\/mikel-urdangarin-joseba-irazoki-maite-larburu-y-peru-galbete-actuaran-en-el-patio-de-gigantes-del-2-al-23-de-junio-dentro-del-ciclo-kantu-eta-hitza\\\/#article\",\"isPartOf\":{\"@id\":\"https:\\\/\\\/www.laguiadepamplona.com\\\/actualidad\\\/mikel-urdangarin-joseba-irazoki-maite-larburu-y-peru-galbete-actuaran-en-el-patio-de-gigantes-del-2-al-23-de-junio-dentro-del-ciclo-kantu-eta-hitza\\\/\"},\"author\":{\"name\":\"La Gu\u00eda de Pamplona\",\"@id\":\"https:\\\/\\\/www.laguiadepamplona.com\\\/actualidad\\\/#\\\/schema\\\/person\\\/efe887376f0213d4657c93adc50b1fdb\"},\"headline\":\"Mikel Urdangarin, Joseba Irazoki, Maite Larburu y Peru Galbete actuar\u00e1n en el Patio de Gigantes, del 2 al 23 de junio, dentro del ciclo Kantu eta Hitza\",\"datePublished\":\"2022-05-27T10:11:07+00:00\",\"dateModified\":\"2023-04-11T09:48:08+00:00\",\"mainEntityOfPage\":{\"@id\":\"https:\\\/\\\/www.laguiadepamplona.com\\\/actualidad\\\/mikel-urdangarin-joseba-irazoki-maite-larburu-y-peru-galbete-actuaran-en-el-patio-de-gigantes-del-2-al-23-de-junio-dentro-del-ciclo-kantu-eta-hitza\\\/\"},\"wordCount\":675,\"commentCount\":0,\"publisher\":{\"@id\":\"https:\\\/\\\/www.laguiadepamplona.com\\\/actualidad\\\/#organization\"},\"image\":{\"@id\":\"https:\\\/\\\/www.laguiadepamplona.com\\\/actualidad\\\/mikel-urdangarin-joseba-irazoki-maite-larburu-y-peru-galbete-actuaran-en-el-patio-de-gigantes-del-2-al-23-de-junio-dentro-del-ciclo-kantu-eta-hitza\\\/#primaryimage\"},\"thumbnailUrl\":\"https:\\\/\\\/www.laguiadepamplona.com\\\/actualidad\\\/wp-content\\\/uploads\\\/2022\\\/05\\\/kantu-eta-hitza.webp\",\"articleSection\":[\"Ayto Pamplona\"],\"inLanguage\":\"es\",\"potentialAction\":[{\"@type\":\"CommentAction\",\"name\":\"Comment\",\"target\":[\"https:\\\/\\\/www.laguiadepamplona.com\\\/actualidad\\\/mikel-urdangarin-joseba-irazoki-maite-larburu-y-peru-galbete-actuaran-en-el-patio-de-gigantes-del-2-al-23-de-junio-dentro-del-ciclo-kantu-eta-hitza\\\/#respond\"]}]},{\"@type\":\"WebPage\",\"@id\":\"https:\\\/\\\/www.laguiadepamplona.com\\\/actualidad\\\/mikel-urdangarin-joseba-irazoki-maite-larburu-y-peru-galbete-actuaran-en-el-patio-de-gigantes-del-2-al-23-de-junio-dentro-del-ciclo-kantu-eta-hitza\\\/\",\"url\":\"https:\\\/\\\/www.laguiadepamplona.com\\\/actualidad\\\/mikel-urdangarin-joseba-irazoki-maite-larburu-y-peru-galbete-actuaran-en-el-patio-de-gigantes-del-2-al-23-de-junio-dentro-del-ciclo-kantu-eta-hitza\\\/\",\"name\":\"Mikel Urdangarin, Joseba Irazoki, Maite Larburu y Peru Galbete actuar\u00e1n en el Patio de Gigantes, del 2 al 23 de junio, dentro del ciclo Kantu eta Hitza\",\"isPartOf\":{\"@id\":\"https:\\\/\\\/www.laguiadepamplona.com\\\/actualidad\\\/#website\"},\"primaryImageOfPage\":{\"@id\":\"https:\\\/\\\/www.laguiadepamplona.com\\\/actualidad\\\/mikel-urdangarin-joseba-irazoki-maite-larburu-y-peru-galbete-actuaran-en-el-patio-de-gigantes-del-2-al-23-de-junio-dentro-del-ciclo-kantu-eta-hitza\\\/#primaryimage\"},\"image\":{\"@id\":\"https:\\\/\\\/www.laguiadepamplona.com\\\/actualidad\\\/mikel-urdangarin-joseba-irazoki-maite-larburu-y-peru-galbete-actuaran-en-el-patio-de-gigantes-del-2-al-23-de-junio-dentro-del-ciclo-kantu-eta-hitza\\\/#primaryimage\"},\"thumbnailUrl\":\"https:\\\/\\\/www.laguiadepamplona.com\\\/actualidad\\\/wp-content\\\/uploads\\\/2022\\\/05\\\/kantu-eta-hitza.webp\",\"datePublished\":\"2022-05-27T10:11:07+00:00\",\"dateModified\":\"2023-04-11T09:48:08+00:00\",\"description\":\"Estos conciertos de peque\u00f1o formato en euskera ser\u00e1n los jueves, a las 20 horas, con entrada libre previa retirada de invitaciones\",\"breadcrumb\":{\"@id\":\"https:\\\/\\\/www.laguiadepamplona.com\\\/actualidad\\\/mikel-urdangarin-joseba-irazoki-maite-larburu-y-peru-galbete-actuaran-en-el-patio-de-gigantes-del-2-al-23-de-junio-dentro-del-ciclo-kantu-eta-hitza\\\/#breadcrumb\"},\"inLanguage\":\"es\",\"potentialAction\":[{\"@type\":\"ReadAction\",\"target\":[\"https:\\\/\\\/www.laguiadepamplona.com\\\/actualidad\\\/mikel-urdangarin-joseba-irazoki-maite-larburu-y-peru-galbete-actuaran-en-el-patio-de-gigantes-del-2-al-23-de-junio-dentro-del-ciclo-kantu-eta-hitza\\\/\"]}]},{\"@type\":\"ImageObject\",\"inLanguage\":\"es\",\"@id\":\"https:\\\/\\\/www.laguiadepamplona.com\\\/actualidad\\\/mikel-urdangarin-joseba-irazoki-maite-larburu-y-peru-galbete-actuaran-en-el-patio-de-gigantes-del-2-al-23-de-junio-dentro-del-ciclo-kantu-eta-hitza\\\/#primaryimage\",\"url\":\"https:\\\/\\\/www.laguiadepamplona.com\\\/actualidad\\\/wp-content\\\/uploads\\\/2022\\\/05\\\/kantu-eta-hitza.webp\",\"contentUrl\":\"https:\\\/\\\/www.laguiadepamplona.com\\\/actualidad\\\/wp-content\\\/uploads\\\/2022\\\/05\\\/kantu-eta-hitza.webp\",\"width\":1920,\"height\":1061},{\"@type\":\"BreadcrumbList\",\"@id\":\"https:\\\/\\\/www.laguiadepamplona.com\\\/actualidad\\\/mikel-urdangarin-joseba-irazoki-maite-larburu-y-peru-galbete-actuaran-en-el-patio-de-gigantes-del-2-al-23-de-junio-dentro-del-ciclo-kantu-eta-hitza\\\/#breadcrumb\",\"itemListElement\":[{\"@type\":\"ListItem\",\"position\":1,\"name\":\"Portada\",\"item\":\"https:\\\/\\\/www.laguiadepamplona.com\\\/actualidad\\\/\"},{\"@type\":\"ListItem\",\"position\":2,\"name\":\"Mikel Urdangarin, Joseba Irazoki, Maite Larburu y Peru Galbete actuar\u00e1n en el Patio de Gigantes, del 2 al 23 de junio, dentro del ciclo Kantu eta Hitza\"}]},{\"@type\":\"WebSite\",\"@id\":\"https:\\\/\\\/www.laguiadepamplona.com\\\/actualidad\\\/#website\",\"url\":\"https:\\\/\\\/www.laguiadepamplona.com\\\/actualidad\\\/\",\"name\":\"La gu\u00eda de Pamplona\",\"description\":\"Noticias de Pamplona\",\"publisher\":{\"@id\":\"https:\\\/\\\/www.laguiadepamplona.com\\\/actualidad\\\/#organization\"},\"potentialAction\":[{\"@type\":\"SearchAction\",\"target\":{\"@type\":\"EntryPoint\",\"urlTemplate\":\"https:\\\/\\\/www.laguiadepamplona.com\\\/actualidad\\\/?s={search_term_string}\"},\"query-input\":{\"@type\":\"PropertyValueSpecification\",\"valueRequired\":true,\"valueName\":\"search_term_string\"}}],\"inLanguage\":\"es\"},{\"@type\":\"Organization\",\"@id\":\"https:\\\/\\\/www.laguiadepamplona.com\\\/actualidad\\\/#organization\",\"name\":\"La Gu\u00eda de Pamplona \\\/ Noticias\",\"url\":\"https:\\\/\\\/www.laguiadepamplona.com\\\/actualidad\\\/\",\"logo\":{\"@type\":\"ImageObject\",\"inLanguage\":\"es\",\"@id\":\"https:\\\/\\\/www.laguiadepamplona.com\\\/actualidad\\\/#\\\/schema\\\/logo\\\/image\\\/\",\"url\":\"https:\\\/\\\/www.laguiadepamplona.com\\\/actualidad\\\/wp-content\\\/uploads\\\/2018\\\/11\\\/logo-laguiadepamplona18-web1.png\",\"contentUrl\":\"https:\\\/\\\/www.laguiadepamplona.com\\\/actualidad\\\/wp-content\\\/uploads\\\/2018\\\/11\\\/logo-laguiadepamplona18-web1.png\",\"width\":600,\"height\":196,\"caption\":\"La Gu\u00eda de Pamplona \\\/ Noticias\"},\"image\":{\"@id\":\"https:\\\/\\\/www.laguiadepamplona.com\\\/actualidad\\\/#\\\/schema\\\/logo\\\/image\\\/\"},\"sameAs\":[\"https:\\\/\\\/www.facebook.com\\\/laguiadepamplonacom-133175176762273\\\/?ref=hl\",\"https:\\\/\\\/x.com\\\/LaGuiadPamplona\",\"https:\\\/\\\/www.instagram.com\\\/la_guia_de_pamplona\\\/\",\"https:\\\/\\\/www.youtube.com\\\/user\\\/laguiadepamplona\"]},{\"@type\":\"Person\",\"@id\":\"https:\\\/\\\/www.laguiadepamplona.com\\\/actualidad\\\/#\\\/schema\\\/person\\\/efe887376f0213d4657c93adc50b1fdb\",\"name\":\"La Gu\u00eda de Pamplona\",\"image\":{\"@type\":\"ImageObject\",\"inLanguage\":\"es\",\"@id\":\"https:\\\/\\\/secure.gravatar.com\\\/avatar\\\/b6992f131dc8d30ab0dff15446e9d346d9dbd95992de0fef795073f5ea83a81c?s=96&d=mm&r=g\",\"url\":\"https:\\\/\\\/secure.gravatar.com\\\/avatar\\\/b6992f131dc8d30ab0dff15446e9d346d9dbd95992de0fef795073f5ea83a81c?s=96&d=mm&r=g\",\"contentUrl\":\"https:\\\/\\\/secure.gravatar.com\\\/avatar\\\/b6992f131dc8d30ab0dff15446e9d346d9dbd95992de0fef795073f5ea83a81c?s=96&d=mm&r=g\",\"caption\":\"La Gu\u00eda de Pamplona\"}}]}<\/script>\n<!-- \/ Yoast SEO plugin. -->","yoast_head_json":{"title":"Mikel Urdangarin, Joseba Irazoki, Maite Larburu y Peru Galbete actuar\u00e1n en el Patio de Gigantes, del 2 al 23 de junio, dentro del ciclo Kantu eta Hitza","description":"Estos conciertos de peque\u00f1o formato en euskera ser\u00e1n los jueves, a las 20 horas, con entrada libre previa retirada de invitaciones","robots":{"index":"index","follow":"follow","max-snippet":"max-snippet:-1","max-image-preview":"max-image-preview:large","max-video-preview":"max-video-preview:-1"},"canonical":"https:\/\/www.laguiadepamplona.com\/actualidad\/mikel-urdangarin-joseba-irazoki-maite-larburu-y-peru-galbete-actuaran-en-el-patio-de-gigantes-del-2-al-23-de-junio-dentro-del-ciclo-kantu-eta-hitza\/","og_locale":"es_ES","og_type":"article","og_title":"Mikel Urdangarin, Joseba Irazoki, Maite Larburu y Peru Galbete actuar\u00e1n en el Patio de Gigantes, del 2 al 23 de junio, dentro del ciclo Kantu eta Hitza","og_description":"Estos conciertos de peque\u00f1o formato en euskera ser\u00e1n los jueves, a las 20 horas, con entrada libre previa retirada de invitaciones","og_url":"https:\/\/www.laguiadepamplona.com\/actualidad\/mikel-urdangarin-joseba-irazoki-maite-larburu-y-peru-galbete-actuaran-en-el-patio-de-gigantes-del-2-al-23-de-junio-dentro-del-ciclo-kantu-eta-hitza\/","og_site_name":"La Gu\u00eda de Pamplona","article_publisher":"https:\/\/www.facebook.com\/laguiadepamplonacom-133175176762273\/?ref=hl","article_published_time":"2022-05-27T10:11:07+00:00","article_modified_time":"2023-04-11T09:48:08+00:00","og_image":[{"width":1920,"height":1061,"url":"https:\/\/www.laguiadepamplona.com\/actualidad\/wp-content\/uploads\/2022\/05\/kantu-eta-hitza.webp","type":"image\/webp"}],"author":"La Gu\u00eda de Pamplona","twitter_card":"summary_large_image","twitter_creator":"@LaGuiadPamplona","twitter_site":"@LaGuiadPamplona","twitter_misc":{"Escrito por":"La Gu\u00eda de Pamplona","Tiempo de lectura":"3 minutos"},"schema":{"@context":"https:\/\/schema.org","@graph":[{"@type":"Article","@id":"https:\/\/www.laguiadepamplona.com\/actualidad\/mikel-urdangarin-joseba-irazoki-maite-larburu-y-peru-galbete-actuaran-en-el-patio-de-gigantes-del-2-al-23-de-junio-dentro-del-ciclo-kantu-eta-hitza\/#article","isPartOf":{"@id":"https:\/\/www.laguiadepamplona.com\/actualidad\/mikel-urdangarin-joseba-irazoki-maite-larburu-y-peru-galbete-actuaran-en-el-patio-de-gigantes-del-2-al-23-de-junio-dentro-del-ciclo-kantu-eta-hitza\/"},"author":{"name":"La Gu\u00eda de Pamplona","@id":"https:\/\/www.laguiadepamplona.com\/actualidad\/#\/schema\/person\/efe887376f0213d4657c93adc50b1fdb"},"headline":"Mikel Urdangarin, Joseba Irazoki, Maite Larburu y Peru Galbete actuar\u00e1n en el Patio de Gigantes, del 2 al 23 de junio, dentro del ciclo Kantu eta Hitza","datePublished":"2022-05-27T10:11:07+00:00","dateModified":"2023-04-11T09:48:08+00:00","mainEntityOfPage":{"@id":"https:\/\/www.laguiadepamplona.com\/actualidad\/mikel-urdangarin-joseba-irazoki-maite-larburu-y-peru-galbete-actuaran-en-el-patio-de-gigantes-del-2-al-23-de-junio-dentro-del-ciclo-kantu-eta-hitza\/"},"wordCount":675,"commentCount":0,"publisher":{"@id":"https:\/\/www.laguiadepamplona.com\/actualidad\/#organization"},"image":{"@id":"https:\/\/www.laguiadepamplona.com\/actualidad\/mikel-urdangarin-joseba-irazoki-maite-larburu-y-peru-galbete-actuaran-en-el-patio-de-gigantes-del-2-al-23-de-junio-dentro-del-ciclo-kantu-eta-hitza\/#primaryimage"},"thumbnailUrl":"https:\/\/www.laguiadepamplona.com\/actualidad\/wp-content\/uploads\/2022\/05\/kantu-eta-hitza.webp","articleSection":["Ayto Pamplona"],"inLanguage":"es","potentialAction":[{"@type":"CommentAction","name":"Comment","target":["https:\/\/www.laguiadepamplona.com\/actualidad\/mikel-urdangarin-joseba-irazoki-maite-larburu-y-peru-galbete-actuaran-en-el-patio-de-gigantes-del-2-al-23-de-junio-dentro-del-ciclo-kantu-eta-hitza\/#respond"]}]},{"@type":"WebPage","@id":"https:\/\/www.laguiadepamplona.com\/actualidad\/mikel-urdangarin-joseba-irazoki-maite-larburu-y-peru-galbete-actuaran-en-el-patio-de-gigantes-del-2-al-23-de-junio-dentro-del-ciclo-kantu-eta-hitza\/","url":"https:\/\/www.laguiadepamplona.com\/actualidad\/mikel-urdangarin-joseba-irazoki-maite-larburu-y-peru-galbete-actuaran-en-el-patio-de-gigantes-del-2-al-23-de-junio-dentro-del-ciclo-kantu-eta-hitza\/","name":"Mikel Urdangarin, Joseba Irazoki, Maite Larburu y Peru Galbete actuar\u00e1n en el Patio de Gigantes, del 2 al 23 de junio, dentro del ciclo Kantu eta Hitza","isPartOf":{"@id":"https:\/\/www.laguiadepamplona.com\/actualidad\/#website"},"primaryImageOfPage":{"@id":"https:\/\/www.laguiadepamplona.com\/actualidad\/mikel-urdangarin-joseba-irazoki-maite-larburu-y-peru-galbete-actuaran-en-el-patio-de-gigantes-del-2-al-23-de-junio-dentro-del-ciclo-kantu-eta-hitza\/#primaryimage"},"image":{"@id":"https:\/\/www.laguiadepamplona.com\/actualidad\/mikel-urdangarin-joseba-irazoki-maite-larburu-y-peru-galbete-actuaran-en-el-patio-de-gigantes-del-2-al-23-de-junio-dentro-del-ciclo-kantu-eta-hitza\/#primaryimage"},"thumbnailUrl":"https:\/\/www.laguiadepamplona.com\/actualidad\/wp-content\/uploads\/2022\/05\/kantu-eta-hitza.webp","datePublished":"2022-05-27T10:11:07+00:00","dateModified":"2023-04-11T09:48:08+00:00","description":"Estos conciertos de peque\u00f1o formato en euskera ser\u00e1n los jueves, a las 20 horas, con entrada libre previa retirada de invitaciones","breadcrumb":{"@id":"https:\/\/www.laguiadepamplona.com\/actualidad\/mikel-urdangarin-joseba-irazoki-maite-larburu-y-peru-galbete-actuaran-en-el-patio-de-gigantes-del-2-al-23-de-junio-dentro-del-ciclo-kantu-eta-hitza\/#breadcrumb"},"inLanguage":"es","potentialAction":[{"@type":"ReadAction","target":["https:\/\/www.laguiadepamplona.com\/actualidad\/mikel-urdangarin-joseba-irazoki-maite-larburu-y-peru-galbete-actuaran-en-el-patio-de-gigantes-del-2-al-23-de-junio-dentro-del-ciclo-kantu-eta-hitza\/"]}]},{"@type":"ImageObject","inLanguage":"es","@id":"https:\/\/www.laguiadepamplona.com\/actualidad\/mikel-urdangarin-joseba-irazoki-maite-larburu-y-peru-galbete-actuaran-en-el-patio-de-gigantes-del-2-al-23-de-junio-dentro-del-ciclo-kantu-eta-hitza\/#primaryimage","url":"https:\/\/www.laguiadepamplona.com\/actualidad\/wp-content\/uploads\/2022\/05\/kantu-eta-hitza.webp","contentUrl":"https:\/\/www.laguiadepamplona.com\/actualidad\/wp-content\/uploads\/2022\/05\/kantu-eta-hitza.webp","width":1920,"height":1061},{"@type":"BreadcrumbList","@id":"https:\/\/www.laguiadepamplona.com\/actualidad\/mikel-urdangarin-joseba-irazoki-maite-larburu-y-peru-galbete-actuaran-en-el-patio-de-gigantes-del-2-al-23-de-junio-dentro-del-ciclo-kantu-eta-hitza\/#breadcrumb","itemListElement":[{"@type":"ListItem","position":1,"name":"Portada","item":"https:\/\/www.laguiadepamplona.com\/actualidad\/"},{"@type":"ListItem","position":2,"name":"Mikel Urdangarin, Joseba Irazoki, Maite Larburu y Peru Galbete actuar\u00e1n en el Patio de Gigantes, del 2 al 23 de junio, dentro del ciclo Kantu eta Hitza"}]},{"@type":"WebSite","@id":"https:\/\/www.laguiadepamplona.com\/actualidad\/#website","url":"https:\/\/www.laguiadepamplona.com\/actualidad\/","name":"La gu\u00eda de Pamplona","description":"Noticias de Pamplona","publisher":{"@id":"https:\/\/www.laguiadepamplona.com\/actualidad\/#organization"},"potentialAction":[{"@type":"SearchAction","target":{"@type":"EntryPoint","urlTemplate":"https:\/\/www.laguiadepamplona.com\/actualidad\/?s={search_term_string}"},"query-input":{"@type":"PropertyValueSpecification","valueRequired":true,"valueName":"search_term_string"}}],"inLanguage":"es"},{"@type":"Organization","@id":"https:\/\/www.laguiadepamplona.com\/actualidad\/#organization","name":"La Gu\u00eda de Pamplona \/ Noticias","url":"https:\/\/www.laguiadepamplona.com\/actualidad\/","logo":{"@type":"ImageObject","inLanguage":"es","@id":"https:\/\/www.laguiadepamplona.com\/actualidad\/#\/schema\/logo\/image\/","url":"https:\/\/www.laguiadepamplona.com\/actualidad\/wp-content\/uploads\/2018\/11\/logo-laguiadepamplona18-web1.png","contentUrl":"https:\/\/www.laguiadepamplona.com\/actualidad\/wp-content\/uploads\/2018\/11\/logo-laguiadepamplona18-web1.png","width":600,"height":196,"caption":"La Gu\u00eda de Pamplona \/ Noticias"},"image":{"@id":"https:\/\/www.laguiadepamplona.com\/actualidad\/#\/schema\/logo\/image\/"},"sameAs":["https:\/\/www.facebook.com\/laguiadepamplonacom-133175176762273\/?ref=hl","https:\/\/x.com\/LaGuiadPamplona","https:\/\/www.instagram.com\/la_guia_de_pamplona\/","https:\/\/www.youtube.com\/user\/laguiadepamplona"]},{"@type":"Person","@id":"https:\/\/www.laguiadepamplona.com\/actualidad\/#\/schema\/person\/efe887376f0213d4657c93adc50b1fdb","name":"La Gu\u00eda de Pamplona","image":{"@type":"ImageObject","inLanguage":"es","@id":"https:\/\/secure.gravatar.com\/avatar\/b6992f131dc8d30ab0dff15446e9d346d9dbd95992de0fef795073f5ea83a81c?s=96&d=mm&r=g","url":"https:\/\/secure.gravatar.com\/avatar\/b6992f131dc8d30ab0dff15446e9d346d9dbd95992de0fef795073f5ea83a81c?s=96&d=mm&r=g","contentUrl":"https:\/\/secure.gravatar.com\/avatar\/b6992f131dc8d30ab0dff15446e9d346d9dbd95992de0fef795073f5ea83a81c?s=96&d=mm&r=g","caption":"La Gu\u00eda de Pamplona"}}]}},"post_mailing_queue_ids":[],"_links":{"self":[{"href":"https:\/\/www.laguiadepamplona.com\/actualidad\/wp-json\/wp\/v2\/posts\/40500","targetHints":{"allow":["GET"]}}],"collection":[{"href":"https:\/\/www.laguiadepamplona.com\/actualidad\/wp-json\/wp\/v2\/posts"}],"about":[{"href":"https:\/\/www.laguiadepamplona.com\/actualidad\/wp-json\/wp\/v2\/types\/post"}],"author":[{"embeddable":true,"href":"https:\/\/www.laguiadepamplona.com\/actualidad\/wp-json\/wp\/v2\/users\/1"}],"replies":[{"embeddable":true,"href":"https:\/\/www.laguiadepamplona.com\/actualidad\/wp-json\/wp\/v2\/comments?post=40500"}],"version-history":[{"count":0,"href":"https:\/\/www.laguiadepamplona.com\/actualidad\/wp-json\/wp\/v2\/posts\/40500\/revisions"}],"wp:featuredmedia":[{"embeddable":true,"href":"https:\/\/www.laguiadepamplona.com\/actualidad\/wp-json\/wp\/v2\/media\/40501"}],"wp:attachment":[{"href":"https:\/\/www.laguiadepamplona.com\/actualidad\/wp-json\/wp\/v2\/media?parent=40500"}],"wp:term":[{"taxonomy":"category","embeddable":true,"href":"https:\/\/www.laguiadepamplona.com\/actualidad\/wp-json\/wp\/v2\/categories?post=40500"},{"taxonomy":"post_tag","embeddable":true,"href":"https:\/\/www.laguiadepamplona.com\/actualidad\/wp-json\/wp\/v2\/tags?post=40500"}],"curies":[{"name":"wp","href":"https:\/\/api.w.org\/{rel}","templated":true}]}}