{"id":40497,"date":"2022-05-27T12:09:07","date_gmt":"2022-05-27T10:09:07","guid":{"rendered":"https:\/\/www.laguiadepamplona.com\/actualidad\/?p=40497"},"modified":"2023-04-11T11:48:08","modified_gmt":"2023-04-11T09:48:08","slug":"el-lunes-comienza-una-jornada-que-analizara-la-sumision-quimica-en-la-violencia-sexual-contra-las-mujeres-desde-perspectivas-legales-sociales-psicologicas-o-sanitarias","status":"publish","type":"post","link":"https:\/\/www.laguiadepamplona.com\/actualidad\/el-lunes-comienza-una-jornada-que-analizara-la-sumision-quimica-en-la-violencia-sexual-contra-las-mujeres-desde-perspectivas-legales-sociales-psicologicas-o-sanitarias\/","title":{"rendered":"El lunes comienza una jornada que analizar\u00e1 la sumisi\u00f3n qu\u00edmica en la violencia sexual contra las mujeres, desde perspectivas legales, sociales, psicol\u00f3gicas o sanitarias"},"content":{"rendered":"<h5>Hasta el martes, se suceder\u00e1n en el Colegio de M\u00e9dicos ponencias, coloquios y espacios de debate con miradas interdisciplinares<\/h5>\n<p><!--more--><\/p>\n<p>El Colegio de M\u00e9dicos acoge lunes y martes las jornadas \u2018Sumisi\u00f3n qu\u00edmica y violencia sexual contra las mujeres\u2019, organizadas por el Ayuntamiento de Pamplona en el marco del Pacto de Estado contra la Violencia de G\u00e9nero. Dos d\u00edas en los que expertas en Derecho,\u00a0Educaci\u00f3n, Medicina, Farmacolog\u00eda, Periodismo, Igualdad o Psicolog\u00eda abordar\u00e1n esta cuesti\u00f3n en diferentes ponencias, con coloquios y espacios de debate. El plazo de inscripci\u00f3n para participar sigue abierto, de forma gratuita, todo este viernes en el tel\u00e9fono 010 \u2013 948 420 100. Por el momento, se han apuntado ya 70 personas.<br \/>\n<script async src=\"\/\/pagead2.googlesyndication.com\/pagead\/js\/adsbygoogle.js\"><\/script><br \/>\n<!-- Noticias La Guia de Pamplona --><br \/>\n<ins class=\"adsbygoogle\"\nstyle=\"display:block\"\ndata-ad-client=\"ca-pub-6943679897239327\"\ndata-ad-slot=\"7048180777\"\ndata-ad-format=\"auto\"><\/ins><br \/>\n<script>\n(adsbygoogle = window.adsbygoogle || []).push({});\n<\/script><\/p>\n<p>Las jornadas comenzar\u00e1n a las 10 horas con una apertura institucional a cargo del delegado del Gobierno en Navarra, Jos\u00e9 Luis Arasti, y de la concejala delegada de Cultura e Igualdad, Mar\u00eda Garc\u00eda-Barberena. Esta cita responde al objetivo de continuar la labor de identificar las diferentes violencias hacia las mujeres y de generar un espacio de debate con miradas multidisciplinares para mejorar en respuestas integrales para el acompa\u00f1amiento a las v\u00edctimas y para la erradicaci\u00f3n de estas violencias. Y es que, seg\u00fan el\u00a0Instituto Nacional de Toxicolog\u00eda y Ciencias Forenses, la sumisi\u00f3n qu\u00edmica se da en al menos uno de cada cuatro casos de violencia sexual.<\/p>\n<p>Tras las intervenciones institucional, primeras ponencias con la abogada especialista en violencia sexual, Sonia Ricondo Garc\u00eda, que realizar\u00e1 a las 10.30 horas una aproximaci\u00f3n legal y unas recomendaciones para el abordaje de las violencias sexuales y la sumisi\u00f3n qu\u00edmica. A las 11.15 horas la doctora en Qu\u00edmica e investigadora del grupo ScienceFlows, Empar Vengut Climent, y el catedr\u00e1tico de Qu\u00edmica Org\u00e1nica por la Universidad de Valencia, Pablo Gavi\u00f1a Costero, hablar\u00e1n sobre \u2018NoSUM, una investigaci\u00f3n interdisciplinar para el desarrollo de sensores de drogas de sumisi\u00f3n qu\u00edmica\u2019. A las 16 horas la sex\u00f3loga y fundadora de Dialogasex, Mar\u00eda Eugenia Mart\u00ednez Dom\u00ednguez, impartir\u00e1 una sesi\u00f3n sobre la educaci\u00f3n sexual como herramienta para la promoci\u00f3n de la \u00e9tica y la igualdad y, a las 17.45 horas, la licenciada en Psicolog\u00eda, experta en g\u00e9nero y en mediaci\u00f3n familiar, y t\u00e9cnica de proyectos de Equala Iniciativas, Vanina V\u00e1zquez Gentile \u2018La construcci\u00f3n del terror sexual en la ficci\u00f3n audiovisual\u2019.<br \/>\n<script async src=\"\/\/pagead2.googlesyndication.com\/pagead\/js\/adsbygoogle.js\"><\/script><br \/>\n<!-- Noticias La Guia de Pamplona --><br \/>\n<ins class=\"adsbygoogle\"\nstyle=\"display:block\"\ndata-ad-client=\"ca-pub-6943679897239327\"\ndata-ad-slot=\"7048180777\"\ndata-ad-format=\"auto\"><\/ins><br \/>\n<script>\n(adsbygoogle = window.adsbygoogle || []).push({});\n<\/script><\/p>\n<p>El martes se reanuda la jornada a las 9.30 horas con la ponencia de la enfermera asesora e integrantes del Colegio Oficial de Enfermeros y Enfermeras de Barcelona, Teresa Echeverr\u00eda Vallejo, que hablar\u00e1 sobre por qu\u00e9 es necesario conocer la sumisi\u00f3n qu\u00edmica y c\u00f3mo puede afectar este conocimiento a la intervenci\u00f3n, el acompa\u00f1amiento y la recuperaci\u00f3n. A las 10.15 la psic\u00f3loga Nuria Iturbe Ferr\u00e9 impartir\u00e1 la charla \u2018Violencia sexual sin recuerdo: implicaciones, consecuencias y prevenci\u00f3n\u2019 y, a las 11.30 horas, la periodista del equipo de coordinaci\u00f3n de Pikara Magazine, Teresa Villaverde Mart\u00ednez pondr\u00e1 el foco en las \u2018Narrativas period\u00edsticas sobre violencias: contar sin legitimar\u2019. La jornada concluir\u00e1 a las 13 horas tras un coloquio y las conclusiones.<\/p>\n","protected":false},"excerpt":{"rendered":"<p>Hasta el martes, se suceder\u00e1n en el Colegio de M\u00e9dicos ponencias, coloquios y espacios de debate con miradas interdisciplinares<\/p>\n","protected":false},"author":1,"featured_media":40498,"comment_status":"open","ping_status":"closed","sticky":false,"template":"","format":"standard","meta":{"footnotes":""},"categories":[2],"tags":[],"class_list":["post-40497","post","type-post","status-publish","format-standard","has-post-thumbnail","hentry","category-ayuntamiento-pamplona"],"yoast_head":"<!-- This site is optimized with the Yoast SEO plugin v27.3 - https:\/\/yoast.com\/product\/yoast-seo-wordpress\/ -->\n<title>El lunes comienza una jornada que analizar\u00e1 la sumisi\u00f3n qu\u00edmica en la violencia sexual contra las mujeres, desde perspectivas legales, sociales, psicol\u00f3gicas o sanitarias<\/title>\n<meta name=\"description\" content=\"Hasta el martes, se suceder\u00e1n en el Colegio de M\u00e9dicos ponencias, coloquios y espacios de debate con miradas interdisciplinares\" \/>\n<meta name=\"robots\" content=\"index, follow, max-snippet:-1, max-image-preview:large, max-video-preview:-1\" \/>\n<link rel=\"canonical\" href=\"https:\/\/www.laguiadepamplona.com\/actualidad\/el-lunes-comienza-una-jornada-que-analizara-la-sumision-quimica-en-la-violencia-sexual-contra-las-mujeres-desde-perspectivas-legales-sociales-psicologicas-o-sanitarias\/\" \/>\n<meta property=\"og:locale\" content=\"es_ES\" \/>\n<meta property=\"og:type\" content=\"article\" \/>\n<meta property=\"og:title\" content=\"El lunes comienza una jornada que analizar\u00e1 la sumisi\u00f3n qu\u00edmica en la violencia sexual contra las mujeres, desde perspectivas legales, sociales, psicol\u00f3gicas o sanitarias\" \/>\n<meta property=\"og:description\" content=\"Hasta el martes, se suceder\u00e1n en el Colegio de M\u00e9dicos ponencias, coloquios y espacios de debate con miradas interdisciplinares\" \/>\n<meta property=\"og:url\" content=\"https:\/\/www.laguiadepamplona.com\/actualidad\/el-lunes-comienza-una-jornada-que-analizara-la-sumision-quimica-en-la-violencia-sexual-contra-las-mujeres-desde-perspectivas-legales-sociales-psicologicas-o-sanitarias\/\" \/>\n<meta property=\"og:site_name\" content=\"La Gu\u00eda de Pamplona\" \/>\n<meta property=\"article:publisher\" content=\"https:\/\/www.facebook.com\/laguiadepamplonacom-133175176762273\/?ref=hl\" \/>\n<meta property=\"article:published_time\" content=\"2022-05-27T10:09:07+00:00\" \/>\n<meta property=\"article:modified_time\" content=\"2023-04-11T09:48:08+00:00\" \/>\n<meta property=\"og:image\" content=\"https:\/\/www.laguiadepamplona.com\/actualidad\/wp-content\/uploads\/2022\/05\/Programa_web_castellano-copia.jpg\" \/>\n\t<meta property=\"og:image:width\" content=\"420\" \/>\n\t<meta property=\"og:image:height\" content=\"595\" \/>\n\t<meta property=\"og:image:type\" content=\"image\/jpeg\" \/>\n<meta name=\"author\" content=\"La Gu\u00eda de Pamplona\" \/>\n<meta name=\"twitter:card\" content=\"summary_large_image\" \/>\n<meta name=\"twitter:creator\" content=\"@LaGuiadPamplona\" \/>\n<meta name=\"twitter:site\" content=\"@LaGuiadPamplona\" \/>\n<meta name=\"twitter:label1\" content=\"Escrito por\" \/>\n\t<meta name=\"twitter:data1\" content=\"La Gu\u00eda de Pamplona\" \/>\n\t<meta name=\"twitter:label2\" content=\"Tiempo de lectura\" \/>\n\t<meta name=\"twitter:data2\" content=\"3 minutos\" \/>\n<script type=\"application\/ld+json\" class=\"yoast-schema-graph\">{\"@context\":\"https:\\\/\\\/schema.org\",\"@graph\":[{\"@type\":\"Article\",\"@id\":\"https:\\\/\\\/www.laguiadepamplona.com\\\/actualidad\\\/el-lunes-comienza-una-jornada-que-analizara-la-sumision-quimica-en-la-violencia-sexual-contra-las-mujeres-desde-perspectivas-legales-sociales-psicologicas-o-sanitarias\\\/#article\",\"isPartOf\":{\"@id\":\"https:\\\/\\\/www.laguiadepamplona.com\\\/actualidad\\\/el-lunes-comienza-una-jornada-que-analizara-la-sumision-quimica-en-la-violencia-sexual-contra-las-mujeres-desde-perspectivas-legales-sociales-psicologicas-o-sanitarias\\\/\"},\"author\":{\"name\":\"La Gu\u00eda de Pamplona\",\"@id\":\"https:\\\/\\\/www.laguiadepamplona.com\\\/actualidad\\\/#\\\/schema\\\/person\\\/efe887376f0213d4657c93adc50b1fdb\"},\"headline\":\"El lunes comienza una jornada que analizar\u00e1 la sumisi\u00f3n qu\u00edmica en la violencia sexual contra las mujeres, desde perspectivas legales, sociales, psicol\u00f3gicas o sanitarias\",\"datePublished\":\"2022-05-27T10:09:07+00:00\",\"dateModified\":\"2023-04-11T09:48:08+00:00\",\"mainEntityOfPage\":{\"@id\":\"https:\\\/\\\/www.laguiadepamplona.com\\\/actualidad\\\/el-lunes-comienza-una-jornada-que-analizara-la-sumision-quimica-en-la-violencia-sexual-contra-las-mujeres-desde-perspectivas-legales-sociales-psicologicas-o-sanitarias\\\/\"},\"wordCount\":563,\"commentCount\":0,\"publisher\":{\"@id\":\"https:\\\/\\\/www.laguiadepamplona.com\\\/actualidad\\\/#organization\"},\"image\":{\"@id\":\"https:\\\/\\\/www.laguiadepamplona.com\\\/actualidad\\\/el-lunes-comienza-una-jornada-que-analizara-la-sumision-quimica-en-la-violencia-sexual-contra-las-mujeres-desde-perspectivas-legales-sociales-psicologicas-o-sanitarias\\\/#primaryimage\"},\"thumbnailUrl\":\"https:\\\/\\\/www.laguiadepamplona.com\\\/actualidad\\\/wp-content\\\/uploads\\\/2022\\\/05\\\/Programa_web_castellano-copia.jpg\",\"articleSection\":[\"Ayto Pamplona\"],\"inLanguage\":\"es\",\"potentialAction\":[{\"@type\":\"CommentAction\",\"name\":\"Comment\",\"target\":[\"https:\\\/\\\/www.laguiadepamplona.com\\\/actualidad\\\/el-lunes-comienza-una-jornada-que-analizara-la-sumision-quimica-en-la-violencia-sexual-contra-las-mujeres-desde-perspectivas-legales-sociales-psicologicas-o-sanitarias\\\/#respond\"]}]},{\"@type\":\"WebPage\",\"@id\":\"https:\\\/\\\/www.laguiadepamplona.com\\\/actualidad\\\/el-lunes-comienza-una-jornada-que-analizara-la-sumision-quimica-en-la-violencia-sexual-contra-las-mujeres-desde-perspectivas-legales-sociales-psicologicas-o-sanitarias\\\/\",\"url\":\"https:\\\/\\\/www.laguiadepamplona.com\\\/actualidad\\\/el-lunes-comienza-una-jornada-que-analizara-la-sumision-quimica-en-la-violencia-sexual-contra-las-mujeres-desde-perspectivas-legales-sociales-psicologicas-o-sanitarias\\\/\",\"name\":\"El lunes comienza una jornada que analizar\u00e1 la sumisi\u00f3n qu\u00edmica en la violencia sexual contra las mujeres, desde perspectivas legales, sociales, psicol\u00f3gicas o sanitarias\",\"isPartOf\":{\"@id\":\"https:\\\/\\\/www.laguiadepamplona.com\\\/actualidad\\\/#website\"},\"primaryImageOfPage\":{\"@id\":\"https:\\\/\\\/www.laguiadepamplona.com\\\/actualidad\\\/el-lunes-comienza-una-jornada-que-analizara-la-sumision-quimica-en-la-violencia-sexual-contra-las-mujeres-desde-perspectivas-legales-sociales-psicologicas-o-sanitarias\\\/#primaryimage\"},\"image\":{\"@id\":\"https:\\\/\\\/www.laguiadepamplona.com\\\/actualidad\\\/el-lunes-comienza-una-jornada-que-analizara-la-sumision-quimica-en-la-violencia-sexual-contra-las-mujeres-desde-perspectivas-legales-sociales-psicologicas-o-sanitarias\\\/#primaryimage\"},\"thumbnailUrl\":\"https:\\\/\\\/www.laguiadepamplona.com\\\/actualidad\\\/wp-content\\\/uploads\\\/2022\\\/05\\\/Programa_web_castellano-copia.jpg\",\"datePublished\":\"2022-05-27T10:09:07+00:00\",\"dateModified\":\"2023-04-11T09:48:08+00:00\",\"description\":\"Hasta el martes, se suceder\u00e1n en el Colegio de M\u00e9dicos ponencias, coloquios y espacios de debate con miradas interdisciplinares\",\"breadcrumb\":{\"@id\":\"https:\\\/\\\/www.laguiadepamplona.com\\\/actualidad\\\/el-lunes-comienza-una-jornada-que-analizara-la-sumision-quimica-en-la-violencia-sexual-contra-las-mujeres-desde-perspectivas-legales-sociales-psicologicas-o-sanitarias\\\/#breadcrumb\"},\"inLanguage\":\"es\",\"potentialAction\":[{\"@type\":\"ReadAction\",\"target\":[\"https:\\\/\\\/www.laguiadepamplona.com\\\/actualidad\\\/el-lunes-comienza-una-jornada-que-analizara-la-sumision-quimica-en-la-violencia-sexual-contra-las-mujeres-desde-perspectivas-legales-sociales-psicologicas-o-sanitarias\\\/\"]}]},{\"@type\":\"ImageObject\",\"inLanguage\":\"es\",\"@id\":\"https:\\\/\\\/www.laguiadepamplona.com\\\/actualidad\\\/el-lunes-comienza-una-jornada-que-analizara-la-sumision-quimica-en-la-violencia-sexual-contra-las-mujeres-desde-perspectivas-legales-sociales-psicologicas-o-sanitarias\\\/#primaryimage\",\"url\":\"https:\\\/\\\/www.laguiadepamplona.com\\\/actualidad\\\/wp-content\\\/uploads\\\/2022\\\/05\\\/Programa_web_castellano-copia.jpg\",\"contentUrl\":\"https:\\\/\\\/www.laguiadepamplona.com\\\/actualidad\\\/wp-content\\\/uploads\\\/2022\\\/05\\\/Programa_web_castellano-copia.jpg\",\"width\":420,\"height\":595},{\"@type\":\"BreadcrumbList\",\"@id\":\"https:\\\/\\\/www.laguiadepamplona.com\\\/actualidad\\\/el-lunes-comienza-una-jornada-que-analizara-la-sumision-quimica-en-la-violencia-sexual-contra-las-mujeres-desde-perspectivas-legales-sociales-psicologicas-o-sanitarias\\\/#breadcrumb\",\"itemListElement\":[{\"@type\":\"ListItem\",\"position\":1,\"name\":\"Portada\",\"item\":\"https:\\\/\\\/www.laguiadepamplona.com\\\/actualidad\\\/\"},{\"@type\":\"ListItem\",\"position\":2,\"name\":\"El lunes comienza una jornada que analizar\u00e1 la sumisi\u00f3n qu\u00edmica en la violencia sexual contra las mujeres, desde perspectivas legales, sociales, psicol\u00f3gicas o sanitarias\"}]},{\"@type\":\"WebSite\",\"@id\":\"https:\\\/\\\/www.laguiadepamplona.com\\\/actualidad\\\/#website\",\"url\":\"https:\\\/\\\/www.laguiadepamplona.com\\\/actualidad\\\/\",\"name\":\"La gu\u00eda de Pamplona\",\"description\":\"Noticias de Pamplona\",\"publisher\":{\"@id\":\"https:\\\/\\\/www.laguiadepamplona.com\\\/actualidad\\\/#organization\"},\"potentialAction\":[{\"@type\":\"SearchAction\",\"target\":{\"@type\":\"EntryPoint\",\"urlTemplate\":\"https:\\\/\\\/www.laguiadepamplona.com\\\/actualidad\\\/?s={search_term_string}\"},\"query-input\":{\"@type\":\"PropertyValueSpecification\",\"valueRequired\":true,\"valueName\":\"search_term_string\"}}],\"inLanguage\":\"es\"},{\"@type\":\"Organization\",\"@id\":\"https:\\\/\\\/www.laguiadepamplona.com\\\/actualidad\\\/#organization\",\"name\":\"La Gu\u00eda de Pamplona \\\/ Noticias\",\"url\":\"https:\\\/\\\/www.laguiadepamplona.com\\\/actualidad\\\/\",\"logo\":{\"@type\":\"ImageObject\",\"inLanguage\":\"es\",\"@id\":\"https:\\\/\\\/www.laguiadepamplona.com\\\/actualidad\\\/#\\\/schema\\\/logo\\\/image\\\/\",\"url\":\"https:\\\/\\\/www.laguiadepamplona.com\\\/actualidad\\\/wp-content\\\/uploads\\\/2018\\\/11\\\/logo-laguiadepamplona18-web1.png\",\"contentUrl\":\"https:\\\/\\\/www.laguiadepamplona.com\\\/actualidad\\\/wp-content\\\/uploads\\\/2018\\\/11\\\/logo-laguiadepamplona18-web1.png\",\"width\":600,\"height\":196,\"caption\":\"La Gu\u00eda de Pamplona \\\/ Noticias\"},\"image\":{\"@id\":\"https:\\\/\\\/www.laguiadepamplona.com\\\/actualidad\\\/#\\\/schema\\\/logo\\\/image\\\/\"},\"sameAs\":[\"https:\\\/\\\/www.facebook.com\\\/laguiadepamplonacom-133175176762273\\\/?ref=hl\",\"https:\\\/\\\/x.com\\\/LaGuiadPamplona\",\"https:\\\/\\\/www.instagram.com\\\/la_guia_de_pamplona\\\/\",\"https:\\\/\\\/www.youtube.com\\\/user\\\/laguiadepamplona\"]},{\"@type\":\"Person\",\"@id\":\"https:\\\/\\\/www.laguiadepamplona.com\\\/actualidad\\\/#\\\/schema\\\/person\\\/efe887376f0213d4657c93adc50b1fdb\",\"name\":\"La Gu\u00eda de Pamplona\",\"image\":{\"@type\":\"ImageObject\",\"inLanguage\":\"es\",\"@id\":\"https:\\\/\\\/secure.gravatar.com\\\/avatar\\\/b6992f131dc8d30ab0dff15446e9d346d9dbd95992de0fef795073f5ea83a81c?s=96&d=mm&r=g\",\"url\":\"https:\\\/\\\/secure.gravatar.com\\\/avatar\\\/b6992f131dc8d30ab0dff15446e9d346d9dbd95992de0fef795073f5ea83a81c?s=96&d=mm&r=g\",\"contentUrl\":\"https:\\\/\\\/secure.gravatar.com\\\/avatar\\\/b6992f131dc8d30ab0dff15446e9d346d9dbd95992de0fef795073f5ea83a81c?s=96&d=mm&r=g\",\"caption\":\"La Gu\u00eda de Pamplona\"}}]}<\/script>\n<!-- \/ Yoast SEO plugin. -->","yoast_head_json":{"title":"El lunes comienza una jornada que analizar\u00e1 la sumisi\u00f3n qu\u00edmica en la violencia sexual contra las mujeres, desde perspectivas legales, sociales, psicol\u00f3gicas o sanitarias","description":"Hasta el martes, se suceder\u00e1n en el Colegio de M\u00e9dicos ponencias, coloquios y espacios de debate con miradas interdisciplinares","robots":{"index":"index","follow":"follow","max-snippet":"max-snippet:-1","max-image-preview":"max-image-preview:large","max-video-preview":"max-video-preview:-1"},"canonical":"https:\/\/www.laguiadepamplona.com\/actualidad\/el-lunes-comienza-una-jornada-que-analizara-la-sumision-quimica-en-la-violencia-sexual-contra-las-mujeres-desde-perspectivas-legales-sociales-psicologicas-o-sanitarias\/","og_locale":"es_ES","og_type":"article","og_title":"El lunes comienza una jornada que analizar\u00e1 la sumisi\u00f3n qu\u00edmica en la violencia sexual contra las mujeres, desde perspectivas legales, sociales, psicol\u00f3gicas o sanitarias","og_description":"Hasta el martes, se suceder\u00e1n en el Colegio de M\u00e9dicos ponencias, coloquios y espacios de debate con miradas interdisciplinares","og_url":"https:\/\/www.laguiadepamplona.com\/actualidad\/el-lunes-comienza-una-jornada-que-analizara-la-sumision-quimica-en-la-violencia-sexual-contra-las-mujeres-desde-perspectivas-legales-sociales-psicologicas-o-sanitarias\/","og_site_name":"La Gu\u00eda de Pamplona","article_publisher":"https:\/\/www.facebook.com\/laguiadepamplonacom-133175176762273\/?ref=hl","article_published_time":"2022-05-27T10:09:07+00:00","article_modified_time":"2023-04-11T09:48:08+00:00","og_image":[{"width":420,"height":595,"url":"https:\/\/www.laguiadepamplona.com\/actualidad\/wp-content\/uploads\/2022\/05\/Programa_web_castellano-copia.jpg","type":"image\/jpeg"}],"author":"La Gu\u00eda de Pamplona","twitter_card":"summary_large_image","twitter_creator":"@LaGuiadPamplona","twitter_site":"@LaGuiadPamplona","twitter_misc":{"Escrito por":"La Gu\u00eda de Pamplona","Tiempo de lectura":"3 minutos"},"schema":{"@context":"https:\/\/schema.org","@graph":[{"@type":"Article","@id":"https:\/\/www.laguiadepamplona.com\/actualidad\/el-lunes-comienza-una-jornada-que-analizara-la-sumision-quimica-en-la-violencia-sexual-contra-las-mujeres-desde-perspectivas-legales-sociales-psicologicas-o-sanitarias\/#article","isPartOf":{"@id":"https:\/\/www.laguiadepamplona.com\/actualidad\/el-lunes-comienza-una-jornada-que-analizara-la-sumision-quimica-en-la-violencia-sexual-contra-las-mujeres-desde-perspectivas-legales-sociales-psicologicas-o-sanitarias\/"},"author":{"name":"La Gu\u00eda de Pamplona","@id":"https:\/\/www.laguiadepamplona.com\/actualidad\/#\/schema\/person\/efe887376f0213d4657c93adc50b1fdb"},"headline":"El lunes comienza una jornada que analizar\u00e1 la sumisi\u00f3n qu\u00edmica en la violencia sexual contra las mujeres, desde perspectivas legales, sociales, psicol\u00f3gicas o sanitarias","datePublished":"2022-05-27T10:09:07+00:00","dateModified":"2023-04-11T09:48:08+00:00","mainEntityOfPage":{"@id":"https:\/\/www.laguiadepamplona.com\/actualidad\/el-lunes-comienza-una-jornada-que-analizara-la-sumision-quimica-en-la-violencia-sexual-contra-las-mujeres-desde-perspectivas-legales-sociales-psicologicas-o-sanitarias\/"},"wordCount":563,"commentCount":0,"publisher":{"@id":"https:\/\/www.laguiadepamplona.com\/actualidad\/#organization"},"image":{"@id":"https:\/\/www.laguiadepamplona.com\/actualidad\/el-lunes-comienza-una-jornada-que-analizara-la-sumision-quimica-en-la-violencia-sexual-contra-las-mujeres-desde-perspectivas-legales-sociales-psicologicas-o-sanitarias\/#primaryimage"},"thumbnailUrl":"https:\/\/www.laguiadepamplona.com\/actualidad\/wp-content\/uploads\/2022\/05\/Programa_web_castellano-copia.jpg","articleSection":["Ayto Pamplona"],"inLanguage":"es","potentialAction":[{"@type":"CommentAction","name":"Comment","target":["https:\/\/www.laguiadepamplona.com\/actualidad\/el-lunes-comienza-una-jornada-que-analizara-la-sumision-quimica-en-la-violencia-sexual-contra-las-mujeres-desde-perspectivas-legales-sociales-psicologicas-o-sanitarias\/#respond"]}]},{"@type":"WebPage","@id":"https:\/\/www.laguiadepamplona.com\/actualidad\/el-lunes-comienza-una-jornada-que-analizara-la-sumision-quimica-en-la-violencia-sexual-contra-las-mujeres-desde-perspectivas-legales-sociales-psicologicas-o-sanitarias\/","url":"https:\/\/www.laguiadepamplona.com\/actualidad\/el-lunes-comienza-una-jornada-que-analizara-la-sumision-quimica-en-la-violencia-sexual-contra-las-mujeres-desde-perspectivas-legales-sociales-psicologicas-o-sanitarias\/","name":"El lunes comienza una jornada que analizar\u00e1 la sumisi\u00f3n qu\u00edmica en la violencia sexual contra las mujeres, desde perspectivas legales, sociales, psicol\u00f3gicas o sanitarias","isPartOf":{"@id":"https:\/\/www.laguiadepamplona.com\/actualidad\/#website"},"primaryImageOfPage":{"@id":"https:\/\/www.laguiadepamplona.com\/actualidad\/el-lunes-comienza-una-jornada-que-analizara-la-sumision-quimica-en-la-violencia-sexual-contra-las-mujeres-desde-perspectivas-legales-sociales-psicologicas-o-sanitarias\/#primaryimage"},"image":{"@id":"https:\/\/www.laguiadepamplona.com\/actualidad\/el-lunes-comienza-una-jornada-que-analizara-la-sumision-quimica-en-la-violencia-sexual-contra-las-mujeres-desde-perspectivas-legales-sociales-psicologicas-o-sanitarias\/#primaryimage"},"thumbnailUrl":"https:\/\/www.laguiadepamplona.com\/actualidad\/wp-content\/uploads\/2022\/05\/Programa_web_castellano-copia.jpg","datePublished":"2022-05-27T10:09:07+00:00","dateModified":"2023-04-11T09:48:08+00:00","description":"Hasta el martes, se suceder\u00e1n en el Colegio de M\u00e9dicos ponencias, coloquios y espacios de debate con miradas interdisciplinares","breadcrumb":{"@id":"https:\/\/www.laguiadepamplona.com\/actualidad\/el-lunes-comienza-una-jornada-que-analizara-la-sumision-quimica-en-la-violencia-sexual-contra-las-mujeres-desde-perspectivas-legales-sociales-psicologicas-o-sanitarias\/#breadcrumb"},"inLanguage":"es","potentialAction":[{"@type":"ReadAction","target":["https:\/\/www.laguiadepamplona.com\/actualidad\/el-lunes-comienza-una-jornada-que-analizara-la-sumision-quimica-en-la-violencia-sexual-contra-las-mujeres-desde-perspectivas-legales-sociales-psicologicas-o-sanitarias\/"]}]},{"@type":"ImageObject","inLanguage":"es","@id":"https:\/\/www.laguiadepamplona.com\/actualidad\/el-lunes-comienza-una-jornada-que-analizara-la-sumision-quimica-en-la-violencia-sexual-contra-las-mujeres-desde-perspectivas-legales-sociales-psicologicas-o-sanitarias\/#primaryimage","url":"https:\/\/www.laguiadepamplona.com\/actualidad\/wp-content\/uploads\/2022\/05\/Programa_web_castellano-copia.jpg","contentUrl":"https:\/\/www.laguiadepamplona.com\/actualidad\/wp-content\/uploads\/2022\/05\/Programa_web_castellano-copia.jpg","width":420,"height":595},{"@type":"BreadcrumbList","@id":"https:\/\/www.laguiadepamplona.com\/actualidad\/el-lunes-comienza-una-jornada-que-analizara-la-sumision-quimica-en-la-violencia-sexual-contra-las-mujeres-desde-perspectivas-legales-sociales-psicologicas-o-sanitarias\/#breadcrumb","itemListElement":[{"@type":"ListItem","position":1,"name":"Portada","item":"https:\/\/www.laguiadepamplona.com\/actualidad\/"},{"@type":"ListItem","position":2,"name":"El lunes comienza una jornada que analizar\u00e1 la sumisi\u00f3n qu\u00edmica en la violencia sexual contra las mujeres, desde perspectivas legales, sociales, psicol\u00f3gicas o sanitarias"}]},{"@type":"WebSite","@id":"https:\/\/www.laguiadepamplona.com\/actualidad\/#website","url":"https:\/\/www.laguiadepamplona.com\/actualidad\/","name":"La gu\u00eda de Pamplona","description":"Noticias de Pamplona","publisher":{"@id":"https:\/\/www.laguiadepamplona.com\/actualidad\/#organization"},"potentialAction":[{"@type":"SearchAction","target":{"@type":"EntryPoint","urlTemplate":"https:\/\/www.laguiadepamplona.com\/actualidad\/?s={search_term_string}"},"query-input":{"@type":"PropertyValueSpecification","valueRequired":true,"valueName":"search_term_string"}}],"inLanguage":"es"},{"@type":"Organization","@id":"https:\/\/www.laguiadepamplona.com\/actualidad\/#organization","name":"La Gu\u00eda de Pamplona \/ Noticias","url":"https:\/\/www.laguiadepamplona.com\/actualidad\/","logo":{"@type":"ImageObject","inLanguage":"es","@id":"https:\/\/www.laguiadepamplona.com\/actualidad\/#\/schema\/logo\/image\/","url":"https:\/\/www.laguiadepamplona.com\/actualidad\/wp-content\/uploads\/2018\/11\/logo-laguiadepamplona18-web1.png","contentUrl":"https:\/\/www.laguiadepamplona.com\/actualidad\/wp-content\/uploads\/2018\/11\/logo-laguiadepamplona18-web1.png","width":600,"height":196,"caption":"La Gu\u00eda de Pamplona \/ Noticias"},"image":{"@id":"https:\/\/www.laguiadepamplona.com\/actualidad\/#\/schema\/logo\/image\/"},"sameAs":["https:\/\/www.facebook.com\/laguiadepamplonacom-133175176762273\/?ref=hl","https:\/\/x.com\/LaGuiadPamplona","https:\/\/www.instagram.com\/la_guia_de_pamplona\/","https:\/\/www.youtube.com\/user\/laguiadepamplona"]},{"@type":"Person","@id":"https:\/\/www.laguiadepamplona.com\/actualidad\/#\/schema\/person\/efe887376f0213d4657c93adc50b1fdb","name":"La Gu\u00eda de Pamplona","image":{"@type":"ImageObject","inLanguage":"es","@id":"https:\/\/secure.gravatar.com\/avatar\/b6992f131dc8d30ab0dff15446e9d346d9dbd95992de0fef795073f5ea83a81c?s=96&d=mm&r=g","url":"https:\/\/secure.gravatar.com\/avatar\/b6992f131dc8d30ab0dff15446e9d346d9dbd95992de0fef795073f5ea83a81c?s=96&d=mm&r=g","contentUrl":"https:\/\/secure.gravatar.com\/avatar\/b6992f131dc8d30ab0dff15446e9d346d9dbd95992de0fef795073f5ea83a81c?s=96&d=mm&r=g","caption":"La Gu\u00eda de Pamplona"}}]}},"post_mailing_queue_ids":[],"_links":{"self":[{"href":"https:\/\/www.laguiadepamplona.com\/actualidad\/wp-json\/wp\/v2\/posts\/40497","targetHints":{"allow":["GET"]}}],"collection":[{"href":"https:\/\/www.laguiadepamplona.com\/actualidad\/wp-json\/wp\/v2\/posts"}],"about":[{"href":"https:\/\/www.laguiadepamplona.com\/actualidad\/wp-json\/wp\/v2\/types\/post"}],"author":[{"embeddable":true,"href":"https:\/\/www.laguiadepamplona.com\/actualidad\/wp-json\/wp\/v2\/users\/1"}],"replies":[{"embeddable":true,"href":"https:\/\/www.laguiadepamplona.com\/actualidad\/wp-json\/wp\/v2\/comments?post=40497"}],"version-history":[{"count":0,"href":"https:\/\/www.laguiadepamplona.com\/actualidad\/wp-json\/wp\/v2\/posts\/40497\/revisions"}],"wp:featuredmedia":[{"embeddable":true,"href":"https:\/\/www.laguiadepamplona.com\/actualidad\/wp-json\/wp\/v2\/media\/40498"}],"wp:attachment":[{"href":"https:\/\/www.laguiadepamplona.com\/actualidad\/wp-json\/wp\/v2\/media?parent=40497"}],"wp:term":[{"taxonomy":"category","embeddable":true,"href":"https:\/\/www.laguiadepamplona.com\/actualidad\/wp-json\/wp\/v2\/categories?post=40497"},{"taxonomy":"post_tag","embeddable":true,"href":"https:\/\/www.laguiadepamplona.com\/actualidad\/wp-json\/wp\/v2\/tags?post=40497"}],"curies":[{"name":"wp","href":"https:\/\/api.w.org\/{rel}","templated":true}]}}