{"id":40494,"date":"2022-05-27T12:07:40","date_gmt":"2022-05-27T10:07:40","guid":{"rendered":"https:\/\/www.laguiadepamplona.com\/actualidad\/?p=40494"},"modified":"2023-04-11T11:48:08","modified_gmt":"2023-04-11T09:48:08","slug":"mas-de-400-personas-asistieron-a-las-proyecciones-programadas-en-pamplona-por-el-festival-internacional-de-cine-y-medio-ambiente-ecozine","status":"publish","type":"post","link":"https:\/\/www.laguiadepamplona.com\/actualidad\/mas-de-400-personas-asistieron-a-las-proyecciones-programadas-en-pamplona-por-el-festival-internacional-de-cine-y-medio-ambiente-ecozine\/","title":{"rendered":"M\u00e1s de 400 personas asistieron a las proyecciones programadas en Pamplona por el Festival Internacional de Cine y Medio Ambiente \u2018Ecozine\u2019"},"content":{"rendered":"<h5>Dos de las cuatro obras proyectadas en Golem Baiona, \u2018Ophir\u2019 y \u2018La senda del pastor\u2019, obtuvieron sendos premios en la clausura del festival<\/h5>\n<p><!--more--><\/p>\n<p>Las cuatro proyecciones que Pamplona acogi\u00f3 del Festival Internacional de Cine y Medio Ambiente \u2018Ecozine\u2019 contaron con la asistencia de un total de 435 personas. La decimoquinta edici\u00f3n de \u2018Ecozine\u2019 se clausur\u00f3 hace unos d\u00edas en Zaragoza, con un palmar\u00e9s en el que, curiosamente, resultaron premiadas dos de las cuatro propuestas visionadas en los Golem Baiona. \u2018Ophir\u2019 recibi\u00f3 exaequo el \u2018Camale\u00f3n\u2019 al Mejor Largo Documental Internacional y \u2018La senda del pastor\u2019 gan\u00f3 el premio al Mejor Largo Documental Nacional.<br \/>\n<script async src=\"\/\/pagead2.googlesyndication.com\/pagead\/js\/adsbygoogle.js\"><\/script><br \/>\n<!-- Noticias La Guia de Pamplona --><br \/>\n<ins class=\"adsbygoogle\"\nstyle=\"display:block\"\ndata-ad-client=\"ca-pub-6943679897239327\"\ndata-ad-slot=\"7048180777\"\ndata-ad-format=\"auto\"><\/ins><br \/>\n<script>\n(adsbygoogle = window.adsbygoogle || []).push({});\n<\/script><\/p>\n<p>Desde hace cinco a\u00f1os, el Ayuntamiento de Pamplona colabora con la organizaci\u00f3n del festival para traer a la ciudad algunas de las proyecciones de una cita con el cine y el medio ambiente ya consolidada en el calendario de cada primavera. Ecozine celebr\u00f3 su Secci\u00f3n Oficial en Pamplona del 16 al 19 de mayo con cuatro sesiones en las que, adem\u00e1s de la proyecci\u00f3n del documental, hubo coloquio entre el p\u00fablico y representantes de las diferentes obras proyectadas. En un contexto global de conflictos y tensi\u00f3n, este festival invita a sentir, reflexionar y actuar, y a considerar el cine como arte para la transformaci\u00f3n social.<\/p>\n<p>En la Secci\u00f3n Oficial compet\u00edan documentales de origen internacional, que trataban sobre situaciones, conflictos, iniciativas o acciones mundiales. \u2018Ophir\u2019 (Francia, Pap\u00faa Nueva Guinea, Reino Unido) cuenta la historia de una revoluci\u00f3n ind\u00edgena por la vida, la tierra y la cultura, abriendo el camino para la creaci\u00f3n de la naci\u00f3n m\u00e1s joven del mundo en Bougainville, Pap\u00faa Nueva Guinea. \u2018Senda del pastor\u2019 (Espa\u00f1a), por su parte, mostraba la tradici\u00f3n de una profesi\u00f3n ancestral como la de pastor, a trav\u00e9s de mujeres y hombres de diferentes generaciones que la ejercen en la actualidad. Junto a los dos documentales premiados, se proyectaron \u2018One Earth. Tutto \u00e9 connesso\u2019 (Italia) y \u2018Amuka\u2019 (B\u00e9lgica, Rep\u00fablica Democr\u00e1tica del Congo), que abordaban cuestiones como las granjas hiperintensivas de porcino en China y la situaci\u00f3n de la agricultura y ganader\u00eda a peque\u00f1a escala en la Rep\u00fablica Democr\u00e1tica del Congo.<br \/>\n<script async src=\"\/\/pagead2.googlesyndication.com\/pagead\/js\/adsbygoogle.js\"><\/script><br \/>\n<!-- Noticias La Guia de Pamplona --><br \/>\n<ins class=\"adsbygoogle\"\nstyle=\"display:block\"\ndata-ad-client=\"ca-pub-6943679897239327\"\ndata-ad-slot=\"7048180777\"\ndata-ad-format=\"auto\"><\/ins><br \/>\n<script>\n(adsbygoogle = window.adsbygoogle || []).push({});\n<\/script><\/p>\n<p>Adem\u00e1s de la Secci\u00f3n Oficial, se organiz\u00f3 tambi\u00e9n una Secci\u00f3n Joven en el mes de abril, con sesiones para alumnado y profesorado de Educaci\u00f3n Secundaria y ciclos formativos. Se proyectaron seis cortometrajes internacionales con 886 personas asistentes. El voto de juventud de Pamplona que vision\u00f3 las obras, junto a los votos de estudiantes de Zaragoza, determin\u00f3 que el cortometraje \u2018Nestling\u2019 (Rusia) fuera el ganador de esta Secci\u00f3n Joven.<\/p>\n","protected":false},"excerpt":{"rendered":"<p>Dos de las cuatro obras proyectadas en Golem Baiona, \u2018Ophir\u2019 y \u2018La senda del pastor\u2019, obtuvieron sendos premios en la clausura del festival<\/p>\n","protected":false},"author":1,"featured_media":40495,"comment_status":"open","ping_status":"closed","sticky":false,"template":"","format":"standard","meta":{"footnotes":""},"categories":[2],"tags":[],"class_list":["post-40494","post","type-post","status-publish","format-standard","has-post-thumbnail","hentry","category-ayuntamiento-pamplona"],"yoast_head":"<!-- This site is optimized with the Yoast SEO plugin v27.3 - https:\/\/yoast.com\/product\/yoast-seo-wordpress\/ -->\n<title>M\u00e1s de 400 personas asistieron a las proyecciones programadas en Pamplona por el Festival Internacional de Cine y Medio Ambiente \u2018Ecozine\u2019<\/title>\n<meta name=\"description\" content=\"Dos de las cuatro obras proyectadas en Golem Baiona, \u2018Ophir\u2019 y \u2018La senda del pastor\u2019, obtuvieron sendos premios en la clausura del festival\" \/>\n<meta name=\"robots\" content=\"index, follow, max-snippet:-1, max-image-preview:large, max-video-preview:-1\" \/>\n<link rel=\"canonical\" href=\"https:\/\/www.laguiadepamplona.com\/actualidad\/mas-de-400-personas-asistieron-a-las-proyecciones-programadas-en-pamplona-por-el-festival-internacional-de-cine-y-medio-ambiente-ecozine\/\" \/>\n<meta property=\"og:locale\" content=\"es_ES\" \/>\n<meta property=\"og:type\" content=\"article\" \/>\n<meta property=\"og:title\" content=\"M\u00e1s de 400 personas asistieron a las proyecciones programadas en Pamplona por el Festival Internacional de Cine y Medio Ambiente \u2018Ecozine\u2019\" \/>\n<meta property=\"og:description\" content=\"Dos de las cuatro obras proyectadas en Golem Baiona, \u2018Ophir\u2019 y \u2018La senda del pastor\u2019, obtuvieron sendos premios en la clausura del festival\" \/>\n<meta property=\"og:url\" content=\"https:\/\/www.laguiadepamplona.com\/actualidad\/mas-de-400-personas-asistieron-a-las-proyecciones-programadas-en-pamplona-por-el-festival-internacional-de-cine-y-medio-ambiente-ecozine\/\" \/>\n<meta property=\"og:site_name\" content=\"La Gu\u00eda de Pamplona\" \/>\n<meta property=\"article:publisher\" content=\"https:\/\/www.facebook.com\/laguiadepamplonacom-133175176762273\/?ref=hl\" \/>\n<meta property=\"article:published_time\" content=\"2022-05-27T10:07:40+00:00\" \/>\n<meta property=\"article:modified_time\" content=\"2023-04-11T09:48:08+00:00\" \/>\n<meta property=\"og:image\" content=\"https:\/\/www.laguiadepamplona.com\/actualidad\/wp-content\/uploads\/2022\/05\/Ophir3-ecozine.webp\" \/>\n\t<meta property=\"og:image:width\" content=\"1920\" \/>\n\t<meta property=\"og:image:height\" content=\"1080\" \/>\n\t<meta property=\"og:image:type\" content=\"image\/webp\" \/>\n<meta name=\"author\" content=\"La Gu\u00eda de Pamplona\" \/>\n<meta name=\"twitter:card\" content=\"summary_large_image\" \/>\n<meta name=\"twitter:creator\" content=\"@LaGuiadPamplona\" \/>\n<meta name=\"twitter:site\" content=\"@LaGuiadPamplona\" \/>\n<meta name=\"twitter:label1\" content=\"Escrito por\" \/>\n\t<meta name=\"twitter:data1\" content=\"La Gu\u00eda de Pamplona\" \/>\n\t<meta name=\"twitter:label2\" content=\"Tiempo de lectura\" \/>\n\t<meta name=\"twitter:data2\" content=\"2 minutos\" \/>\n<script type=\"application\/ld+json\" class=\"yoast-schema-graph\">{\"@context\":\"https:\\\/\\\/schema.org\",\"@graph\":[{\"@type\":\"Article\",\"@id\":\"https:\\\/\\\/www.laguiadepamplona.com\\\/actualidad\\\/mas-de-400-personas-asistieron-a-las-proyecciones-programadas-en-pamplona-por-el-festival-internacional-de-cine-y-medio-ambiente-ecozine\\\/#article\",\"isPartOf\":{\"@id\":\"https:\\\/\\\/www.laguiadepamplona.com\\\/actualidad\\\/mas-de-400-personas-asistieron-a-las-proyecciones-programadas-en-pamplona-por-el-festival-internacional-de-cine-y-medio-ambiente-ecozine\\\/\"},\"author\":{\"name\":\"La Gu\u00eda de Pamplona\",\"@id\":\"https:\\\/\\\/www.laguiadepamplona.com\\\/actualidad\\\/#\\\/schema\\\/person\\\/efe887376f0213d4657c93adc50b1fdb\"},\"headline\":\"M\u00e1s de 400 personas asistieron a las proyecciones programadas en Pamplona por el Festival Internacional de Cine y Medio Ambiente \u2018Ecozine\u2019\",\"datePublished\":\"2022-05-27T10:07:40+00:00\",\"dateModified\":\"2023-04-11T09:48:08+00:00\",\"mainEntityOfPage\":{\"@id\":\"https:\\\/\\\/www.laguiadepamplona.com\\\/actualidad\\\/mas-de-400-personas-asistieron-a-las-proyecciones-programadas-en-pamplona-por-el-festival-internacional-de-cine-y-medio-ambiente-ecozine\\\/\"},\"wordCount\":470,\"commentCount\":0,\"publisher\":{\"@id\":\"https:\\\/\\\/www.laguiadepamplona.com\\\/actualidad\\\/#organization\"},\"image\":{\"@id\":\"https:\\\/\\\/www.laguiadepamplona.com\\\/actualidad\\\/mas-de-400-personas-asistieron-a-las-proyecciones-programadas-en-pamplona-por-el-festival-internacional-de-cine-y-medio-ambiente-ecozine\\\/#primaryimage\"},\"thumbnailUrl\":\"https:\\\/\\\/www.laguiadepamplona.com\\\/actualidad\\\/wp-content\\\/uploads\\\/2022\\\/05\\\/Ophir3-ecozine.webp\",\"articleSection\":[\"Ayto Pamplona\"],\"inLanguage\":\"es\",\"potentialAction\":[{\"@type\":\"CommentAction\",\"name\":\"Comment\",\"target\":[\"https:\\\/\\\/www.laguiadepamplona.com\\\/actualidad\\\/mas-de-400-personas-asistieron-a-las-proyecciones-programadas-en-pamplona-por-el-festival-internacional-de-cine-y-medio-ambiente-ecozine\\\/#respond\"]}]},{\"@type\":\"WebPage\",\"@id\":\"https:\\\/\\\/www.laguiadepamplona.com\\\/actualidad\\\/mas-de-400-personas-asistieron-a-las-proyecciones-programadas-en-pamplona-por-el-festival-internacional-de-cine-y-medio-ambiente-ecozine\\\/\",\"url\":\"https:\\\/\\\/www.laguiadepamplona.com\\\/actualidad\\\/mas-de-400-personas-asistieron-a-las-proyecciones-programadas-en-pamplona-por-el-festival-internacional-de-cine-y-medio-ambiente-ecozine\\\/\",\"name\":\"M\u00e1s de 400 personas asistieron a las proyecciones programadas en Pamplona por el Festival Internacional de Cine y Medio Ambiente \u2018Ecozine\u2019\",\"isPartOf\":{\"@id\":\"https:\\\/\\\/www.laguiadepamplona.com\\\/actualidad\\\/#website\"},\"primaryImageOfPage\":{\"@id\":\"https:\\\/\\\/www.laguiadepamplona.com\\\/actualidad\\\/mas-de-400-personas-asistieron-a-las-proyecciones-programadas-en-pamplona-por-el-festival-internacional-de-cine-y-medio-ambiente-ecozine\\\/#primaryimage\"},\"image\":{\"@id\":\"https:\\\/\\\/www.laguiadepamplona.com\\\/actualidad\\\/mas-de-400-personas-asistieron-a-las-proyecciones-programadas-en-pamplona-por-el-festival-internacional-de-cine-y-medio-ambiente-ecozine\\\/#primaryimage\"},\"thumbnailUrl\":\"https:\\\/\\\/www.laguiadepamplona.com\\\/actualidad\\\/wp-content\\\/uploads\\\/2022\\\/05\\\/Ophir3-ecozine.webp\",\"datePublished\":\"2022-05-27T10:07:40+00:00\",\"dateModified\":\"2023-04-11T09:48:08+00:00\",\"description\":\"Dos de las cuatro obras proyectadas en Golem Baiona, \u2018Ophir\u2019 y \u2018La senda del pastor\u2019, obtuvieron sendos premios en la clausura del festival\",\"breadcrumb\":{\"@id\":\"https:\\\/\\\/www.laguiadepamplona.com\\\/actualidad\\\/mas-de-400-personas-asistieron-a-las-proyecciones-programadas-en-pamplona-por-el-festival-internacional-de-cine-y-medio-ambiente-ecozine\\\/#breadcrumb\"},\"inLanguage\":\"es\",\"potentialAction\":[{\"@type\":\"ReadAction\",\"target\":[\"https:\\\/\\\/www.laguiadepamplona.com\\\/actualidad\\\/mas-de-400-personas-asistieron-a-las-proyecciones-programadas-en-pamplona-por-el-festival-internacional-de-cine-y-medio-ambiente-ecozine\\\/\"]}]},{\"@type\":\"ImageObject\",\"inLanguage\":\"es\",\"@id\":\"https:\\\/\\\/www.laguiadepamplona.com\\\/actualidad\\\/mas-de-400-personas-asistieron-a-las-proyecciones-programadas-en-pamplona-por-el-festival-internacional-de-cine-y-medio-ambiente-ecozine\\\/#primaryimage\",\"url\":\"https:\\\/\\\/www.laguiadepamplona.com\\\/actualidad\\\/wp-content\\\/uploads\\\/2022\\\/05\\\/Ophir3-ecozine.webp\",\"contentUrl\":\"https:\\\/\\\/www.laguiadepamplona.com\\\/actualidad\\\/wp-content\\\/uploads\\\/2022\\\/05\\\/Ophir3-ecozine.webp\",\"width\":1920,\"height\":1080},{\"@type\":\"BreadcrumbList\",\"@id\":\"https:\\\/\\\/www.laguiadepamplona.com\\\/actualidad\\\/mas-de-400-personas-asistieron-a-las-proyecciones-programadas-en-pamplona-por-el-festival-internacional-de-cine-y-medio-ambiente-ecozine\\\/#breadcrumb\",\"itemListElement\":[{\"@type\":\"ListItem\",\"position\":1,\"name\":\"Portada\",\"item\":\"https:\\\/\\\/www.laguiadepamplona.com\\\/actualidad\\\/\"},{\"@type\":\"ListItem\",\"position\":2,\"name\":\"M\u00e1s de 400 personas asistieron a las proyecciones programadas en Pamplona por el Festival Internacional de Cine y Medio Ambiente \u2018Ecozine\u2019\"}]},{\"@type\":\"WebSite\",\"@id\":\"https:\\\/\\\/www.laguiadepamplona.com\\\/actualidad\\\/#website\",\"url\":\"https:\\\/\\\/www.laguiadepamplona.com\\\/actualidad\\\/\",\"name\":\"La gu\u00eda de Pamplona\",\"description\":\"Noticias de Pamplona\",\"publisher\":{\"@id\":\"https:\\\/\\\/www.laguiadepamplona.com\\\/actualidad\\\/#organization\"},\"potentialAction\":[{\"@type\":\"SearchAction\",\"target\":{\"@type\":\"EntryPoint\",\"urlTemplate\":\"https:\\\/\\\/www.laguiadepamplona.com\\\/actualidad\\\/?s={search_term_string}\"},\"query-input\":{\"@type\":\"PropertyValueSpecification\",\"valueRequired\":true,\"valueName\":\"search_term_string\"}}],\"inLanguage\":\"es\"},{\"@type\":\"Organization\",\"@id\":\"https:\\\/\\\/www.laguiadepamplona.com\\\/actualidad\\\/#organization\",\"name\":\"La Gu\u00eda de Pamplona \\\/ Noticias\",\"url\":\"https:\\\/\\\/www.laguiadepamplona.com\\\/actualidad\\\/\",\"logo\":{\"@type\":\"ImageObject\",\"inLanguage\":\"es\",\"@id\":\"https:\\\/\\\/www.laguiadepamplona.com\\\/actualidad\\\/#\\\/schema\\\/logo\\\/image\\\/\",\"url\":\"https:\\\/\\\/www.laguiadepamplona.com\\\/actualidad\\\/wp-content\\\/uploads\\\/2018\\\/11\\\/logo-laguiadepamplona18-web1.png\",\"contentUrl\":\"https:\\\/\\\/www.laguiadepamplona.com\\\/actualidad\\\/wp-content\\\/uploads\\\/2018\\\/11\\\/logo-laguiadepamplona18-web1.png\",\"width\":600,\"height\":196,\"caption\":\"La Gu\u00eda de Pamplona \\\/ Noticias\"},\"image\":{\"@id\":\"https:\\\/\\\/www.laguiadepamplona.com\\\/actualidad\\\/#\\\/schema\\\/logo\\\/image\\\/\"},\"sameAs\":[\"https:\\\/\\\/www.facebook.com\\\/laguiadepamplonacom-133175176762273\\\/?ref=hl\",\"https:\\\/\\\/x.com\\\/LaGuiadPamplona\",\"https:\\\/\\\/www.instagram.com\\\/la_guia_de_pamplona\\\/\",\"https:\\\/\\\/www.youtube.com\\\/user\\\/laguiadepamplona\"]},{\"@type\":\"Person\",\"@id\":\"https:\\\/\\\/www.laguiadepamplona.com\\\/actualidad\\\/#\\\/schema\\\/person\\\/efe887376f0213d4657c93adc50b1fdb\",\"name\":\"La Gu\u00eda de Pamplona\",\"image\":{\"@type\":\"ImageObject\",\"inLanguage\":\"es\",\"@id\":\"https:\\\/\\\/secure.gravatar.com\\\/avatar\\\/b6992f131dc8d30ab0dff15446e9d346d9dbd95992de0fef795073f5ea83a81c?s=96&d=mm&r=g\",\"url\":\"https:\\\/\\\/secure.gravatar.com\\\/avatar\\\/b6992f131dc8d30ab0dff15446e9d346d9dbd95992de0fef795073f5ea83a81c?s=96&d=mm&r=g\",\"contentUrl\":\"https:\\\/\\\/secure.gravatar.com\\\/avatar\\\/b6992f131dc8d30ab0dff15446e9d346d9dbd95992de0fef795073f5ea83a81c?s=96&d=mm&r=g\",\"caption\":\"La Gu\u00eda de Pamplona\"}}]}<\/script>\n<!-- \/ Yoast SEO plugin. -->","yoast_head_json":{"title":"M\u00e1s de 400 personas asistieron a las proyecciones programadas en Pamplona por el Festival Internacional de Cine y Medio Ambiente \u2018Ecozine\u2019","description":"Dos de las cuatro obras proyectadas en Golem Baiona, \u2018Ophir\u2019 y \u2018La senda del pastor\u2019, obtuvieron sendos premios en la clausura del festival","robots":{"index":"index","follow":"follow","max-snippet":"max-snippet:-1","max-image-preview":"max-image-preview:large","max-video-preview":"max-video-preview:-1"},"canonical":"https:\/\/www.laguiadepamplona.com\/actualidad\/mas-de-400-personas-asistieron-a-las-proyecciones-programadas-en-pamplona-por-el-festival-internacional-de-cine-y-medio-ambiente-ecozine\/","og_locale":"es_ES","og_type":"article","og_title":"M\u00e1s de 400 personas asistieron a las proyecciones programadas en Pamplona por el Festival Internacional de Cine y Medio Ambiente \u2018Ecozine\u2019","og_description":"Dos de las cuatro obras proyectadas en Golem Baiona, \u2018Ophir\u2019 y \u2018La senda del pastor\u2019, obtuvieron sendos premios en la clausura del festival","og_url":"https:\/\/www.laguiadepamplona.com\/actualidad\/mas-de-400-personas-asistieron-a-las-proyecciones-programadas-en-pamplona-por-el-festival-internacional-de-cine-y-medio-ambiente-ecozine\/","og_site_name":"La Gu\u00eda de Pamplona","article_publisher":"https:\/\/www.facebook.com\/laguiadepamplonacom-133175176762273\/?ref=hl","article_published_time":"2022-05-27T10:07:40+00:00","article_modified_time":"2023-04-11T09:48:08+00:00","og_image":[{"width":1920,"height":1080,"url":"https:\/\/www.laguiadepamplona.com\/actualidad\/wp-content\/uploads\/2022\/05\/Ophir3-ecozine.webp","type":"image\/webp"}],"author":"La Gu\u00eda de Pamplona","twitter_card":"summary_large_image","twitter_creator":"@LaGuiadPamplona","twitter_site":"@LaGuiadPamplona","twitter_misc":{"Escrito por":"La Gu\u00eda de Pamplona","Tiempo de lectura":"2 minutos"},"schema":{"@context":"https:\/\/schema.org","@graph":[{"@type":"Article","@id":"https:\/\/www.laguiadepamplona.com\/actualidad\/mas-de-400-personas-asistieron-a-las-proyecciones-programadas-en-pamplona-por-el-festival-internacional-de-cine-y-medio-ambiente-ecozine\/#article","isPartOf":{"@id":"https:\/\/www.laguiadepamplona.com\/actualidad\/mas-de-400-personas-asistieron-a-las-proyecciones-programadas-en-pamplona-por-el-festival-internacional-de-cine-y-medio-ambiente-ecozine\/"},"author":{"name":"La Gu\u00eda de Pamplona","@id":"https:\/\/www.laguiadepamplona.com\/actualidad\/#\/schema\/person\/efe887376f0213d4657c93adc50b1fdb"},"headline":"M\u00e1s de 400 personas asistieron a las proyecciones programadas en Pamplona por el Festival Internacional de Cine y Medio Ambiente \u2018Ecozine\u2019","datePublished":"2022-05-27T10:07:40+00:00","dateModified":"2023-04-11T09:48:08+00:00","mainEntityOfPage":{"@id":"https:\/\/www.laguiadepamplona.com\/actualidad\/mas-de-400-personas-asistieron-a-las-proyecciones-programadas-en-pamplona-por-el-festival-internacional-de-cine-y-medio-ambiente-ecozine\/"},"wordCount":470,"commentCount":0,"publisher":{"@id":"https:\/\/www.laguiadepamplona.com\/actualidad\/#organization"},"image":{"@id":"https:\/\/www.laguiadepamplona.com\/actualidad\/mas-de-400-personas-asistieron-a-las-proyecciones-programadas-en-pamplona-por-el-festival-internacional-de-cine-y-medio-ambiente-ecozine\/#primaryimage"},"thumbnailUrl":"https:\/\/www.laguiadepamplona.com\/actualidad\/wp-content\/uploads\/2022\/05\/Ophir3-ecozine.webp","articleSection":["Ayto Pamplona"],"inLanguage":"es","potentialAction":[{"@type":"CommentAction","name":"Comment","target":["https:\/\/www.laguiadepamplona.com\/actualidad\/mas-de-400-personas-asistieron-a-las-proyecciones-programadas-en-pamplona-por-el-festival-internacional-de-cine-y-medio-ambiente-ecozine\/#respond"]}]},{"@type":"WebPage","@id":"https:\/\/www.laguiadepamplona.com\/actualidad\/mas-de-400-personas-asistieron-a-las-proyecciones-programadas-en-pamplona-por-el-festival-internacional-de-cine-y-medio-ambiente-ecozine\/","url":"https:\/\/www.laguiadepamplona.com\/actualidad\/mas-de-400-personas-asistieron-a-las-proyecciones-programadas-en-pamplona-por-el-festival-internacional-de-cine-y-medio-ambiente-ecozine\/","name":"M\u00e1s de 400 personas asistieron a las proyecciones programadas en Pamplona por el Festival Internacional de Cine y Medio Ambiente \u2018Ecozine\u2019","isPartOf":{"@id":"https:\/\/www.laguiadepamplona.com\/actualidad\/#website"},"primaryImageOfPage":{"@id":"https:\/\/www.laguiadepamplona.com\/actualidad\/mas-de-400-personas-asistieron-a-las-proyecciones-programadas-en-pamplona-por-el-festival-internacional-de-cine-y-medio-ambiente-ecozine\/#primaryimage"},"image":{"@id":"https:\/\/www.laguiadepamplona.com\/actualidad\/mas-de-400-personas-asistieron-a-las-proyecciones-programadas-en-pamplona-por-el-festival-internacional-de-cine-y-medio-ambiente-ecozine\/#primaryimage"},"thumbnailUrl":"https:\/\/www.laguiadepamplona.com\/actualidad\/wp-content\/uploads\/2022\/05\/Ophir3-ecozine.webp","datePublished":"2022-05-27T10:07:40+00:00","dateModified":"2023-04-11T09:48:08+00:00","description":"Dos de las cuatro obras proyectadas en Golem Baiona, \u2018Ophir\u2019 y \u2018La senda del pastor\u2019, obtuvieron sendos premios en la clausura del festival","breadcrumb":{"@id":"https:\/\/www.laguiadepamplona.com\/actualidad\/mas-de-400-personas-asistieron-a-las-proyecciones-programadas-en-pamplona-por-el-festival-internacional-de-cine-y-medio-ambiente-ecozine\/#breadcrumb"},"inLanguage":"es","potentialAction":[{"@type":"ReadAction","target":["https:\/\/www.laguiadepamplona.com\/actualidad\/mas-de-400-personas-asistieron-a-las-proyecciones-programadas-en-pamplona-por-el-festival-internacional-de-cine-y-medio-ambiente-ecozine\/"]}]},{"@type":"ImageObject","inLanguage":"es","@id":"https:\/\/www.laguiadepamplona.com\/actualidad\/mas-de-400-personas-asistieron-a-las-proyecciones-programadas-en-pamplona-por-el-festival-internacional-de-cine-y-medio-ambiente-ecozine\/#primaryimage","url":"https:\/\/www.laguiadepamplona.com\/actualidad\/wp-content\/uploads\/2022\/05\/Ophir3-ecozine.webp","contentUrl":"https:\/\/www.laguiadepamplona.com\/actualidad\/wp-content\/uploads\/2022\/05\/Ophir3-ecozine.webp","width":1920,"height":1080},{"@type":"BreadcrumbList","@id":"https:\/\/www.laguiadepamplona.com\/actualidad\/mas-de-400-personas-asistieron-a-las-proyecciones-programadas-en-pamplona-por-el-festival-internacional-de-cine-y-medio-ambiente-ecozine\/#breadcrumb","itemListElement":[{"@type":"ListItem","position":1,"name":"Portada","item":"https:\/\/www.laguiadepamplona.com\/actualidad\/"},{"@type":"ListItem","position":2,"name":"M\u00e1s de 400 personas asistieron a las proyecciones programadas en Pamplona por el Festival Internacional de Cine y Medio Ambiente \u2018Ecozine\u2019"}]},{"@type":"WebSite","@id":"https:\/\/www.laguiadepamplona.com\/actualidad\/#website","url":"https:\/\/www.laguiadepamplona.com\/actualidad\/","name":"La gu\u00eda de Pamplona","description":"Noticias de Pamplona","publisher":{"@id":"https:\/\/www.laguiadepamplona.com\/actualidad\/#organization"},"potentialAction":[{"@type":"SearchAction","target":{"@type":"EntryPoint","urlTemplate":"https:\/\/www.laguiadepamplona.com\/actualidad\/?s={search_term_string}"},"query-input":{"@type":"PropertyValueSpecification","valueRequired":true,"valueName":"search_term_string"}}],"inLanguage":"es"},{"@type":"Organization","@id":"https:\/\/www.laguiadepamplona.com\/actualidad\/#organization","name":"La Gu\u00eda de Pamplona \/ Noticias","url":"https:\/\/www.laguiadepamplona.com\/actualidad\/","logo":{"@type":"ImageObject","inLanguage":"es","@id":"https:\/\/www.laguiadepamplona.com\/actualidad\/#\/schema\/logo\/image\/","url":"https:\/\/www.laguiadepamplona.com\/actualidad\/wp-content\/uploads\/2018\/11\/logo-laguiadepamplona18-web1.png","contentUrl":"https:\/\/www.laguiadepamplona.com\/actualidad\/wp-content\/uploads\/2018\/11\/logo-laguiadepamplona18-web1.png","width":600,"height":196,"caption":"La Gu\u00eda de Pamplona \/ Noticias"},"image":{"@id":"https:\/\/www.laguiadepamplona.com\/actualidad\/#\/schema\/logo\/image\/"},"sameAs":["https:\/\/www.facebook.com\/laguiadepamplonacom-133175176762273\/?ref=hl","https:\/\/x.com\/LaGuiadPamplona","https:\/\/www.instagram.com\/la_guia_de_pamplona\/","https:\/\/www.youtube.com\/user\/laguiadepamplona"]},{"@type":"Person","@id":"https:\/\/www.laguiadepamplona.com\/actualidad\/#\/schema\/person\/efe887376f0213d4657c93adc50b1fdb","name":"La Gu\u00eda de Pamplona","image":{"@type":"ImageObject","inLanguage":"es","@id":"https:\/\/secure.gravatar.com\/avatar\/b6992f131dc8d30ab0dff15446e9d346d9dbd95992de0fef795073f5ea83a81c?s=96&d=mm&r=g","url":"https:\/\/secure.gravatar.com\/avatar\/b6992f131dc8d30ab0dff15446e9d346d9dbd95992de0fef795073f5ea83a81c?s=96&d=mm&r=g","contentUrl":"https:\/\/secure.gravatar.com\/avatar\/b6992f131dc8d30ab0dff15446e9d346d9dbd95992de0fef795073f5ea83a81c?s=96&d=mm&r=g","caption":"La Gu\u00eda de Pamplona"}}]}},"post_mailing_queue_ids":[],"_links":{"self":[{"href":"https:\/\/www.laguiadepamplona.com\/actualidad\/wp-json\/wp\/v2\/posts\/40494","targetHints":{"allow":["GET"]}}],"collection":[{"href":"https:\/\/www.laguiadepamplona.com\/actualidad\/wp-json\/wp\/v2\/posts"}],"about":[{"href":"https:\/\/www.laguiadepamplona.com\/actualidad\/wp-json\/wp\/v2\/types\/post"}],"author":[{"embeddable":true,"href":"https:\/\/www.laguiadepamplona.com\/actualidad\/wp-json\/wp\/v2\/users\/1"}],"replies":[{"embeddable":true,"href":"https:\/\/www.laguiadepamplona.com\/actualidad\/wp-json\/wp\/v2\/comments?post=40494"}],"version-history":[{"count":0,"href":"https:\/\/www.laguiadepamplona.com\/actualidad\/wp-json\/wp\/v2\/posts\/40494\/revisions"}],"wp:featuredmedia":[{"embeddable":true,"href":"https:\/\/www.laguiadepamplona.com\/actualidad\/wp-json\/wp\/v2\/media\/40495"}],"wp:attachment":[{"href":"https:\/\/www.laguiadepamplona.com\/actualidad\/wp-json\/wp\/v2\/media?parent=40494"}],"wp:term":[{"taxonomy":"category","embeddable":true,"href":"https:\/\/www.laguiadepamplona.com\/actualidad\/wp-json\/wp\/v2\/categories?post=40494"},{"taxonomy":"post_tag","embeddable":true,"href":"https:\/\/www.laguiadepamplona.com\/actualidad\/wp-json\/wp\/v2\/tags?post=40494"}],"curies":[{"name":"wp","href":"https:\/\/api.w.org\/{rel}","templated":true}]}}