{"id":40491,"date":"2022-05-27T12:05:51","date_gmt":"2022-05-27T10:05:51","guid":{"rendered":"https:\/\/www.laguiadepamplona.com\/actualidad\/?p=40491"},"modified":"2023-04-11T11:48:08","modified_gmt":"2023-04-11T09:48:08","slug":"una-manana-de-actividades-para-todos-los-publicos-inauguraran-este-sabado-el-huerto-urbano-comunitario-de-rochapea-un-acto-que-se-pospuso-por-la-pandemia","status":"publish","type":"post","link":"https:\/\/www.laguiadepamplona.com\/actualidad\/una-manana-de-actividades-para-todos-los-publicos-inauguraran-este-sabado-el-huerto-urbano-comunitario-de-rochapea-un-acto-que-se-pospuso-por-la-pandemia\/","title":{"rendered":"Una ma\u00f1ana de actividades para todos los p\u00fablicos inaugurar\u00e1n este s\u00e1bado el huerto urbano comunitario de Rochapea, un acto que se pospuso por la pandemia"},"content":{"rendered":"<h5>Quienes se acerquen podr\u00e1n conocer este espacio de 1.160 m<sup>2<\/sup>, con 28 bancales, hoteles de insectos y compostadoras<\/h5>\n<p><!--more--><\/p>\n<p>Ma\u00f1ana a partir de las 11 horas en el huerto urbano comunitario de Rochapea (calle Cruz de Barcacio) acoger\u00e1 una jornada de celebraci\u00f3n. Y es que la Asociaci\u00f3n Mendialdea, con apoyo del Ayuntamiento de Pamplona, inaugurar\u00e1 esta infraestructura que ya est\u00e1 en funcionamiento, pero cuya apertura oficial se retras\u00f3 por las especiales condiciones de COVID-19. Las actividades comenzar\u00e1n con una presentaci\u00f3n de este espacio, de 1.160 m<sup>2<\/sup> con 153 m de per\u00edmetro, que cuenta con 28 bancales de cultivo de diferentes tama\u00f1os y con plantaci\u00f3n directa en superficie.<\/p>\n<p>A continuaci\u00f3n, t\u00e9cnicas de Medioambiente de la Agenda 21 de Pamplona har\u00e1n una peque\u00f1a introducci\u00f3n sobre el sistema municipal de huertos urbanos comunitarios, presentes tambi\u00e9n en otros cuatro barrios: Txantrea, Casco Antiguo, San Juan y Ermitaga\u00f1a-Mendebaldea. Recordar\u00e1n los criterios bajo los que se desarrollan, las normas que definen la agricultura ecol\u00f3gica y c\u00f3mo iniciar y desarrollar el proceso para constituir una huerta comunitaria.<\/p>\n<p>A partir de las 12 del mediod\u00eda, quienes quieran participar se pondr\u00e1n manos a la obra en un taller de plantaci\u00f3n de flores y hortalizas que impartir\u00e1 alguna de las 30 personas que actualmente est\u00e1n activas en el huerto. Habr\u00e1 la posibilidad de llevarse alguna planta a casa al final de la actividad. En estos momentos en los bancales del huerto urbano comunitario de Rochapea se puede encontrar diferentes variedades de planta de temporada: tomates (rosa, feo de Tudela, coraz\u00f3n de buey, cherri\u2026), pimientos verdes y rojos, cogollos, lechuga hoja de roble y Batavia, acelga, borraja, guindilla de Ibarra y guindill\u00f3n, cebolla de fuentes, ajos para secos, calabac\u00edn, pepino, remolacha, berenjena o patatas, adem\u00e1s de melones, parra, endrinas, frambuesas, fresas etc.. Una gran mayor\u00eda de estos cultivos provienen de planta propia de sus semilleros, muchas de ellas con simiente propia del a\u00f1o pasado. En el suelo hay plantadas innumerables variedades de flores y plantas arom\u00e1ticas.<br \/>\n<script async src=\"\/\/pagead2.googlesyndication.com\/pagead\/js\/adsbygoogle.js\"><\/script><br \/>\n<!-- Noticias La Guia de Pamplona --><br \/>\n<ins class=\"adsbygoogle\"\nstyle=\"display:block\"\ndata-ad-client=\"ca-pub-6943679897239327\"\ndata-ad-slot=\"7048180777\"\ndata-ad-format=\"auto\"><\/ins><br \/>\n<script>\n(adsbygoogle = window.adsbygoogle || []).push({});\n<\/script><\/p>\n<p><strong>Huertas con funci\u00f3n socioanimada<\/strong><\/p>\n<p>A partir de las 12.30 horas comenzar\u00e1n las actividades de animaci\u00f3n para los m\u00e1s peque\u00f1os dinamizados por la asociaci\u00f3n Batean. Y es que una de las caracter\u00edsticas de estos espacios verdes y de cultivo en la ciudad es que quieren ser zonas de encuentro vecinal y aglutinadoras del barrio. As\u00ed en este huerto comunitario realizan actividades puntuales o sostenidas en el tiempo desde la Asociaci\u00f3n S\u00edndrome de Down de Navarra, hasta la Asociaci\u00f3n Educativa \u00abBerriztu\u201d, pasando por el Centro de Rehabilitaci\u00f3n Psicosocial (CRPs) \u201cArga\u201d o el Ciclo de producci\u00f3n Agroecol\u00f3gica del C.I Agroforestal. Como recurso educativo, desde los huertos se trabaja en colaboraci\u00f3n con los centros escolares, en este caso han venido trabajando con CP Garc\u00eda Galdeano, Patxi Larrainzar Ikastetxea, Colegio la Compasi\u00f3n Escolapios, CEIP Rochapea y CEIP Cardenal Ilundain.<\/p>\n<p>La inauguraci\u00f3n contar\u00e1 con las actuaciones del grupo Arrotxan kantuz y de diversos txistularis y la ma\u00f1ana terminar\u00e1 con un pincho-pote comunitario a partir de las 12.40 horas.<br \/>\n<script async src=\"\/\/pagead2.googlesyndication.com\/pagead\/js\/adsbygoogle.js\"><\/script><br \/>\n<!-- Noticias La Guia de Pamplona --><br \/>\n<ins class=\"adsbygoogle\"\nstyle=\"display:block\"\ndata-ad-client=\"ca-pub-6943679897239327\"\ndata-ad-slot=\"7048180777\"\ndata-ad-format=\"auto\"><\/ins><br \/>\n<script>\n(adsbygoogle = window.adsbygoogle || []).push({});\n<\/script><\/p>\n<p><strong>Un proyecto vecinal, intergeneracional, y con apoyo municipal.<\/strong><\/p>\n<p>Hoy, adem\u00e1s de los cultivos, en este huerto hay cuatro hoteles de insectos, dos compostadoras, cuatro cajones con lombrices para producir humus (vermicultura), dos cajas nido para aves insect\u00edvoras como herrerillos y carboneros y dos semilleros que sirven tambi\u00e9n al vecindario ya que desde el huerto comunitario se realizan intercambios de planta y semillas con las personas que lo demandan. El riego de los bancales se realiza manualmente y en el per\u00edmetro del huerto recientemente se ha instalado un sistema de riego con microaspersores.<\/p>\n<p>Son muchas prestaciones para una iniciativa que, bajo el nombre de Baratzapea, se empez\u00f3 a gestar en 2017 impulsada por el Ayuntamiento de Pamplona. A trav\u00e9s de la revista Ezkaba se convoc\u00f3 a personas y colectivos del barrio para la puesta en marcha de una iniciativa participativa y autogestionada horizontalmente que contaba con el apoyo de la Uni\u00f3n Deportiva Cultural Rochapea que cedi\u00f3 un almac\u00e9n en los comienzos del huerto. El objetivo: poner en marcha y mantener un espacio de producci\u00f3n hort\u00edcola y de compostaje en el que tuvieran cabida, especialmente, personas en riesgo de exclusi\u00f3n social y personas mayores, favoreciendo las relaciones multiculturales e intergeneracionales.<\/p>\n<p>Adem\u00e1s del apoyo econ\u00f3mico inicial y el habitual de materiales y planta, el Ayuntamiento de Pamplona puso al servicio del proyecto distintos programas de empleo social como las escuelas-taller (Soldadura hizo vallado perimetral y Encuadernaci\u00f3n y Serigraf\u00eda la se\u00f1al\u00e9tica, carteles y folletos) o el Tajo de R\u00edos (producci\u00f3n de cultivo y flores). Adem\u00e1s, el vivero municipal dependiente del Servicio de Parques, Jardines y Zonas Verdes proporciona flor de temporada una vez que se han distribuido por toda la ciudad.<br \/>\n<script async src=\"\/\/pagead2.googlesyndication.com\/pagead\/js\/adsbygoogle.js\"><\/script><br \/>\n<!-- Noticias La Guia de Pamplona --><br \/>\n<ins class=\"adsbygoogle\"\nstyle=\"display:block\"\ndata-ad-client=\"ca-pub-6943679897239327\"\ndata-ad-slot=\"7048180777\"\ndata-ad-format=\"auto\"><\/ins><br \/>\n<script>\n(adsbygoogle = window.adsbygoogle || []).push({});\n<\/script><\/p>\n<p><strong>El sistema de huertos comunitarios<\/strong><\/p>\n<p>En la actualidad hay <a href=\"https:\/\/www.pamplona.es\/huertos-urbanos\" target=\"_blank\" rel=\"noopener\">cinco huertos comunitarios<\/a>: Txantrea, Casco Viejo, San Juan, Mendebaldea-Ermitaga\u00f1a y Rochapea. Se rige por un sistema participado. El Ayuntamiento cede a asociaciones sin \u00e1nimo de lucro parcelas de propiedad municipal y estas gestionan los huertos; el Consistorio presta apoyo econ\u00f3mico y t\u00e9cnico a estas iniciativas desde su origen. Las distintas asociaciones se ponen en contacto con el Ayuntamiento a trav\u00e9s del Servicio de Agenda 21 (948 420991), que es el que recibe las peticiones de material y planta. Tambi\u00e9n, a trav\u00e9s de este servicio, se gestionan solicitudes de colaboraci\u00f3n como centros educativos, visitas guiadas, semana de la movilidad, talleres de Educaci\u00f3n ambiental, etc.<\/p>\n<p>Entre otros requisitos, est\u00e1n los relativos al cultivo, y que los alimentos se cultivan de manera sostenible siguiendo las pautas de la agricultura ecol\u00f3gica, como no utilizar productos qu\u00edmicos, respetar los ciclos naturales de las plantas y fomentar el empleo de variedades locales.<\/p>\n","protected":false},"excerpt":{"rendered":"<p>Quienes se acerquen podr\u00e1n conocer este espacio de 1.160 m2, con 28 bancales, hoteles de insectos y compostadoras<\/p>\n","protected":false},"author":1,"featured_media":40492,"comment_status":"open","ping_status":"closed","sticky":false,"template":"","format":"standard","meta":{"footnotes":""},"categories":[2],"tags":[],"class_list":["post-40491","post","type-post","status-publish","format-standard","has-post-thumbnail","hentry","category-ayuntamiento-pamplona"],"yoast_head":"<!-- This site is optimized with the Yoast SEO plugin v27.3 - https:\/\/yoast.com\/product\/yoast-seo-wordpress\/ -->\n<title>Una ma\u00f1ana de actividades para todos los p\u00fablicos inaugurar\u00e1n este s\u00e1bado el huerto urbano comunitario de Rochapea, un acto que se pospuso por la pandemia<\/title>\n<meta name=\"description\" content=\"Quienes se acerquen podr\u00e1n conocer este espacio de 1.160 m2, con 28 bancales, hoteles de insectos y compostadoras\" \/>\n<meta name=\"robots\" content=\"index, follow, max-snippet:-1, max-image-preview:large, max-video-preview:-1\" \/>\n<link rel=\"canonical\" href=\"https:\/\/www.laguiadepamplona.com\/actualidad\/una-manana-de-actividades-para-todos-los-publicos-inauguraran-este-sabado-el-huerto-urbano-comunitario-de-rochapea-un-acto-que-se-pospuso-por-la-pandemia\/\" \/>\n<meta property=\"og:locale\" content=\"es_ES\" \/>\n<meta property=\"og:type\" content=\"article\" \/>\n<meta property=\"og:title\" content=\"Una ma\u00f1ana de actividades para todos los p\u00fablicos inaugurar\u00e1n este s\u00e1bado el huerto urbano comunitario de Rochapea, un acto que se pospuso por la pandemia\" \/>\n<meta property=\"og:description\" content=\"Quienes se acerquen podr\u00e1n conocer este espacio de 1.160 m2, con 28 bancales, hoteles de insectos y compostadoras\" \/>\n<meta property=\"og:url\" content=\"https:\/\/www.laguiadepamplona.com\/actualidad\/una-manana-de-actividades-para-todos-los-publicos-inauguraran-este-sabado-el-huerto-urbano-comunitario-de-rochapea-un-acto-que-se-pospuso-por-la-pandemia\/\" \/>\n<meta property=\"og:site_name\" content=\"La Gu\u00eda de Pamplona\" \/>\n<meta property=\"article:publisher\" content=\"https:\/\/www.facebook.com\/laguiadepamplonacom-133175176762273\/?ref=hl\" \/>\n<meta property=\"article:published_time\" content=\"2022-05-27T10:05:51+00:00\" \/>\n<meta property=\"article:modified_time\" content=\"2023-04-11T09:48:08+00:00\" \/>\n<meta property=\"og:image\" content=\"https:\/\/www.laguiadepamplona.com\/actualidad\/wp-content\/uploads\/2022\/05\/huerto-urbano-rochapea.webp\" \/>\n\t<meta property=\"og:image:width\" content=\"1565\" \/>\n\t<meta property=\"og:image:height\" content=\"880\" \/>\n\t<meta property=\"og:image:type\" content=\"image\/webp\" \/>\n<meta name=\"author\" content=\"La Gu\u00eda de Pamplona\" \/>\n<meta name=\"twitter:card\" content=\"summary_large_image\" \/>\n<meta name=\"twitter:creator\" content=\"@LaGuiadPamplona\" \/>\n<meta name=\"twitter:site\" content=\"@LaGuiadPamplona\" \/>\n<meta name=\"twitter:label1\" content=\"Escrito por\" \/>\n\t<meta name=\"twitter:data1\" content=\"La Gu\u00eda de Pamplona\" \/>\n\t<meta name=\"twitter:label2\" content=\"Tiempo de lectura\" \/>\n\t<meta name=\"twitter:data2\" content=\"5 minutos\" \/>\n<script type=\"application\/ld+json\" class=\"yoast-schema-graph\">{\"@context\":\"https:\\\/\\\/schema.org\",\"@graph\":[{\"@type\":\"Article\",\"@id\":\"https:\\\/\\\/www.laguiadepamplona.com\\\/actualidad\\\/una-manana-de-actividades-para-todos-los-publicos-inauguraran-este-sabado-el-huerto-urbano-comunitario-de-rochapea-un-acto-que-se-pospuso-por-la-pandemia\\\/#article\",\"isPartOf\":{\"@id\":\"https:\\\/\\\/www.laguiadepamplona.com\\\/actualidad\\\/una-manana-de-actividades-para-todos-los-publicos-inauguraran-este-sabado-el-huerto-urbano-comunitario-de-rochapea-un-acto-que-se-pospuso-por-la-pandemia\\\/\"},\"author\":{\"name\":\"La Gu\u00eda de Pamplona\",\"@id\":\"https:\\\/\\\/www.laguiadepamplona.com\\\/actualidad\\\/#\\\/schema\\\/person\\\/efe887376f0213d4657c93adc50b1fdb\"},\"headline\":\"Una ma\u00f1ana de actividades para todos los p\u00fablicos inaugurar\u00e1n este s\u00e1bado el huerto urbano comunitario de Rochapea, un acto que se pospuso por la pandemia\",\"datePublished\":\"2022-05-27T10:05:51+00:00\",\"dateModified\":\"2023-04-11T09:48:08+00:00\",\"mainEntityOfPage\":{\"@id\":\"https:\\\/\\\/www.laguiadepamplona.com\\\/actualidad\\\/una-manana-de-actividades-para-todos-los-publicos-inauguraran-este-sabado-el-huerto-urbano-comunitario-de-rochapea-un-acto-que-se-pospuso-por-la-pandemia\\\/\"},\"wordCount\":1011,\"commentCount\":0,\"publisher\":{\"@id\":\"https:\\\/\\\/www.laguiadepamplona.com\\\/actualidad\\\/#organization\"},\"image\":{\"@id\":\"https:\\\/\\\/www.laguiadepamplona.com\\\/actualidad\\\/una-manana-de-actividades-para-todos-los-publicos-inauguraran-este-sabado-el-huerto-urbano-comunitario-de-rochapea-un-acto-que-se-pospuso-por-la-pandemia\\\/#primaryimage\"},\"thumbnailUrl\":\"https:\\\/\\\/www.laguiadepamplona.com\\\/actualidad\\\/wp-content\\\/uploads\\\/2022\\\/05\\\/huerto-urbano-rochapea.webp\",\"articleSection\":[\"Ayto Pamplona\"],\"inLanguage\":\"es\",\"potentialAction\":[{\"@type\":\"CommentAction\",\"name\":\"Comment\",\"target\":[\"https:\\\/\\\/www.laguiadepamplona.com\\\/actualidad\\\/una-manana-de-actividades-para-todos-los-publicos-inauguraran-este-sabado-el-huerto-urbano-comunitario-de-rochapea-un-acto-que-se-pospuso-por-la-pandemia\\\/#respond\"]}]},{\"@type\":\"WebPage\",\"@id\":\"https:\\\/\\\/www.laguiadepamplona.com\\\/actualidad\\\/una-manana-de-actividades-para-todos-los-publicos-inauguraran-este-sabado-el-huerto-urbano-comunitario-de-rochapea-un-acto-que-se-pospuso-por-la-pandemia\\\/\",\"url\":\"https:\\\/\\\/www.laguiadepamplona.com\\\/actualidad\\\/una-manana-de-actividades-para-todos-los-publicos-inauguraran-este-sabado-el-huerto-urbano-comunitario-de-rochapea-un-acto-que-se-pospuso-por-la-pandemia\\\/\",\"name\":\"Una ma\u00f1ana de actividades para todos los p\u00fablicos inaugurar\u00e1n este s\u00e1bado el huerto urbano comunitario de Rochapea, un acto que se pospuso por la pandemia\",\"isPartOf\":{\"@id\":\"https:\\\/\\\/www.laguiadepamplona.com\\\/actualidad\\\/#website\"},\"primaryImageOfPage\":{\"@id\":\"https:\\\/\\\/www.laguiadepamplona.com\\\/actualidad\\\/una-manana-de-actividades-para-todos-los-publicos-inauguraran-este-sabado-el-huerto-urbano-comunitario-de-rochapea-un-acto-que-se-pospuso-por-la-pandemia\\\/#primaryimage\"},\"image\":{\"@id\":\"https:\\\/\\\/www.laguiadepamplona.com\\\/actualidad\\\/una-manana-de-actividades-para-todos-los-publicos-inauguraran-este-sabado-el-huerto-urbano-comunitario-de-rochapea-un-acto-que-se-pospuso-por-la-pandemia\\\/#primaryimage\"},\"thumbnailUrl\":\"https:\\\/\\\/www.laguiadepamplona.com\\\/actualidad\\\/wp-content\\\/uploads\\\/2022\\\/05\\\/huerto-urbano-rochapea.webp\",\"datePublished\":\"2022-05-27T10:05:51+00:00\",\"dateModified\":\"2023-04-11T09:48:08+00:00\",\"description\":\"Quienes se acerquen podr\u00e1n conocer este espacio de 1.160 m2, con 28 bancales, hoteles de insectos y compostadoras\",\"breadcrumb\":{\"@id\":\"https:\\\/\\\/www.laguiadepamplona.com\\\/actualidad\\\/una-manana-de-actividades-para-todos-los-publicos-inauguraran-este-sabado-el-huerto-urbano-comunitario-de-rochapea-un-acto-que-se-pospuso-por-la-pandemia\\\/#breadcrumb\"},\"inLanguage\":\"es\",\"potentialAction\":[{\"@type\":\"ReadAction\",\"target\":[\"https:\\\/\\\/www.laguiadepamplona.com\\\/actualidad\\\/una-manana-de-actividades-para-todos-los-publicos-inauguraran-este-sabado-el-huerto-urbano-comunitario-de-rochapea-un-acto-que-se-pospuso-por-la-pandemia\\\/\"]}]},{\"@type\":\"ImageObject\",\"inLanguage\":\"es\",\"@id\":\"https:\\\/\\\/www.laguiadepamplona.com\\\/actualidad\\\/una-manana-de-actividades-para-todos-los-publicos-inauguraran-este-sabado-el-huerto-urbano-comunitario-de-rochapea-un-acto-que-se-pospuso-por-la-pandemia\\\/#primaryimage\",\"url\":\"https:\\\/\\\/www.laguiadepamplona.com\\\/actualidad\\\/wp-content\\\/uploads\\\/2022\\\/05\\\/huerto-urbano-rochapea.webp\",\"contentUrl\":\"https:\\\/\\\/www.laguiadepamplona.com\\\/actualidad\\\/wp-content\\\/uploads\\\/2022\\\/05\\\/huerto-urbano-rochapea.webp\",\"width\":1565,\"height\":880},{\"@type\":\"BreadcrumbList\",\"@id\":\"https:\\\/\\\/www.laguiadepamplona.com\\\/actualidad\\\/una-manana-de-actividades-para-todos-los-publicos-inauguraran-este-sabado-el-huerto-urbano-comunitario-de-rochapea-un-acto-que-se-pospuso-por-la-pandemia\\\/#breadcrumb\",\"itemListElement\":[{\"@type\":\"ListItem\",\"position\":1,\"name\":\"Portada\",\"item\":\"https:\\\/\\\/www.laguiadepamplona.com\\\/actualidad\\\/\"},{\"@type\":\"ListItem\",\"position\":2,\"name\":\"Una ma\u00f1ana de actividades para todos los p\u00fablicos inaugurar\u00e1n este s\u00e1bado el huerto urbano comunitario de Rochapea, un acto que se pospuso por la pandemia\"}]},{\"@type\":\"WebSite\",\"@id\":\"https:\\\/\\\/www.laguiadepamplona.com\\\/actualidad\\\/#website\",\"url\":\"https:\\\/\\\/www.laguiadepamplona.com\\\/actualidad\\\/\",\"name\":\"La gu\u00eda de Pamplona\",\"description\":\"Noticias de Pamplona\",\"publisher\":{\"@id\":\"https:\\\/\\\/www.laguiadepamplona.com\\\/actualidad\\\/#organization\"},\"potentialAction\":[{\"@type\":\"SearchAction\",\"target\":{\"@type\":\"EntryPoint\",\"urlTemplate\":\"https:\\\/\\\/www.laguiadepamplona.com\\\/actualidad\\\/?s={search_term_string}\"},\"query-input\":{\"@type\":\"PropertyValueSpecification\",\"valueRequired\":true,\"valueName\":\"search_term_string\"}}],\"inLanguage\":\"es\"},{\"@type\":\"Organization\",\"@id\":\"https:\\\/\\\/www.laguiadepamplona.com\\\/actualidad\\\/#organization\",\"name\":\"La Gu\u00eda de Pamplona \\\/ Noticias\",\"url\":\"https:\\\/\\\/www.laguiadepamplona.com\\\/actualidad\\\/\",\"logo\":{\"@type\":\"ImageObject\",\"inLanguage\":\"es\",\"@id\":\"https:\\\/\\\/www.laguiadepamplona.com\\\/actualidad\\\/#\\\/schema\\\/logo\\\/image\\\/\",\"url\":\"https:\\\/\\\/www.laguiadepamplona.com\\\/actualidad\\\/wp-content\\\/uploads\\\/2018\\\/11\\\/logo-laguiadepamplona18-web1.png\",\"contentUrl\":\"https:\\\/\\\/www.laguiadepamplona.com\\\/actualidad\\\/wp-content\\\/uploads\\\/2018\\\/11\\\/logo-laguiadepamplona18-web1.png\",\"width\":600,\"height\":196,\"caption\":\"La Gu\u00eda de Pamplona \\\/ Noticias\"},\"image\":{\"@id\":\"https:\\\/\\\/www.laguiadepamplona.com\\\/actualidad\\\/#\\\/schema\\\/logo\\\/image\\\/\"},\"sameAs\":[\"https:\\\/\\\/www.facebook.com\\\/laguiadepamplonacom-133175176762273\\\/?ref=hl\",\"https:\\\/\\\/x.com\\\/LaGuiadPamplona\",\"https:\\\/\\\/www.instagram.com\\\/la_guia_de_pamplona\\\/\",\"https:\\\/\\\/www.youtube.com\\\/user\\\/laguiadepamplona\"]},{\"@type\":\"Person\",\"@id\":\"https:\\\/\\\/www.laguiadepamplona.com\\\/actualidad\\\/#\\\/schema\\\/person\\\/efe887376f0213d4657c93adc50b1fdb\",\"name\":\"La Gu\u00eda de Pamplona\",\"image\":{\"@type\":\"ImageObject\",\"inLanguage\":\"es\",\"@id\":\"https:\\\/\\\/secure.gravatar.com\\\/avatar\\\/b6992f131dc8d30ab0dff15446e9d346d9dbd95992de0fef795073f5ea83a81c?s=96&d=mm&r=g\",\"url\":\"https:\\\/\\\/secure.gravatar.com\\\/avatar\\\/b6992f131dc8d30ab0dff15446e9d346d9dbd95992de0fef795073f5ea83a81c?s=96&d=mm&r=g\",\"contentUrl\":\"https:\\\/\\\/secure.gravatar.com\\\/avatar\\\/b6992f131dc8d30ab0dff15446e9d346d9dbd95992de0fef795073f5ea83a81c?s=96&d=mm&r=g\",\"caption\":\"La Gu\u00eda de Pamplona\"}}]}<\/script>\n<!-- \/ Yoast SEO plugin. -->","yoast_head_json":{"title":"Una ma\u00f1ana de actividades para todos los p\u00fablicos inaugurar\u00e1n este s\u00e1bado el huerto urbano comunitario de Rochapea, un acto que se pospuso por la pandemia","description":"Quienes se acerquen podr\u00e1n conocer este espacio de 1.160 m2, con 28 bancales, hoteles de insectos y compostadoras","robots":{"index":"index","follow":"follow","max-snippet":"max-snippet:-1","max-image-preview":"max-image-preview:large","max-video-preview":"max-video-preview:-1"},"canonical":"https:\/\/www.laguiadepamplona.com\/actualidad\/una-manana-de-actividades-para-todos-los-publicos-inauguraran-este-sabado-el-huerto-urbano-comunitario-de-rochapea-un-acto-que-se-pospuso-por-la-pandemia\/","og_locale":"es_ES","og_type":"article","og_title":"Una ma\u00f1ana de actividades para todos los p\u00fablicos inaugurar\u00e1n este s\u00e1bado el huerto urbano comunitario de Rochapea, un acto que se pospuso por la pandemia","og_description":"Quienes se acerquen podr\u00e1n conocer este espacio de 1.160 m2, con 28 bancales, hoteles de insectos y compostadoras","og_url":"https:\/\/www.laguiadepamplona.com\/actualidad\/una-manana-de-actividades-para-todos-los-publicos-inauguraran-este-sabado-el-huerto-urbano-comunitario-de-rochapea-un-acto-que-se-pospuso-por-la-pandemia\/","og_site_name":"La Gu\u00eda de Pamplona","article_publisher":"https:\/\/www.facebook.com\/laguiadepamplonacom-133175176762273\/?ref=hl","article_published_time":"2022-05-27T10:05:51+00:00","article_modified_time":"2023-04-11T09:48:08+00:00","og_image":[{"width":1565,"height":880,"url":"https:\/\/www.laguiadepamplona.com\/actualidad\/wp-content\/uploads\/2022\/05\/huerto-urbano-rochapea.webp","type":"image\/webp"}],"author":"La Gu\u00eda de Pamplona","twitter_card":"summary_large_image","twitter_creator":"@LaGuiadPamplona","twitter_site":"@LaGuiadPamplona","twitter_misc":{"Escrito por":"La Gu\u00eda de Pamplona","Tiempo de lectura":"5 minutos"},"schema":{"@context":"https:\/\/schema.org","@graph":[{"@type":"Article","@id":"https:\/\/www.laguiadepamplona.com\/actualidad\/una-manana-de-actividades-para-todos-los-publicos-inauguraran-este-sabado-el-huerto-urbano-comunitario-de-rochapea-un-acto-que-se-pospuso-por-la-pandemia\/#article","isPartOf":{"@id":"https:\/\/www.laguiadepamplona.com\/actualidad\/una-manana-de-actividades-para-todos-los-publicos-inauguraran-este-sabado-el-huerto-urbano-comunitario-de-rochapea-un-acto-que-se-pospuso-por-la-pandemia\/"},"author":{"name":"La Gu\u00eda de Pamplona","@id":"https:\/\/www.laguiadepamplona.com\/actualidad\/#\/schema\/person\/efe887376f0213d4657c93adc50b1fdb"},"headline":"Una ma\u00f1ana de actividades para todos los p\u00fablicos inaugurar\u00e1n este s\u00e1bado el huerto urbano comunitario de Rochapea, un acto que se pospuso por la pandemia","datePublished":"2022-05-27T10:05:51+00:00","dateModified":"2023-04-11T09:48:08+00:00","mainEntityOfPage":{"@id":"https:\/\/www.laguiadepamplona.com\/actualidad\/una-manana-de-actividades-para-todos-los-publicos-inauguraran-este-sabado-el-huerto-urbano-comunitario-de-rochapea-un-acto-que-se-pospuso-por-la-pandemia\/"},"wordCount":1011,"commentCount":0,"publisher":{"@id":"https:\/\/www.laguiadepamplona.com\/actualidad\/#organization"},"image":{"@id":"https:\/\/www.laguiadepamplona.com\/actualidad\/una-manana-de-actividades-para-todos-los-publicos-inauguraran-este-sabado-el-huerto-urbano-comunitario-de-rochapea-un-acto-que-se-pospuso-por-la-pandemia\/#primaryimage"},"thumbnailUrl":"https:\/\/www.laguiadepamplona.com\/actualidad\/wp-content\/uploads\/2022\/05\/huerto-urbano-rochapea.webp","articleSection":["Ayto Pamplona"],"inLanguage":"es","potentialAction":[{"@type":"CommentAction","name":"Comment","target":["https:\/\/www.laguiadepamplona.com\/actualidad\/una-manana-de-actividades-para-todos-los-publicos-inauguraran-este-sabado-el-huerto-urbano-comunitario-de-rochapea-un-acto-que-se-pospuso-por-la-pandemia\/#respond"]}]},{"@type":"WebPage","@id":"https:\/\/www.laguiadepamplona.com\/actualidad\/una-manana-de-actividades-para-todos-los-publicos-inauguraran-este-sabado-el-huerto-urbano-comunitario-de-rochapea-un-acto-que-se-pospuso-por-la-pandemia\/","url":"https:\/\/www.laguiadepamplona.com\/actualidad\/una-manana-de-actividades-para-todos-los-publicos-inauguraran-este-sabado-el-huerto-urbano-comunitario-de-rochapea-un-acto-que-se-pospuso-por-la-pandemia\/","name":"Una ma\u00f1ana de actividades para todos los p\u00fablicos inaugurar\u00e1n este s\u00e1bado el huerto urbano comunitario de Rochapea, un acto que se pospuso por la pandemia","isPartOf":{"@id":"https:\/\/www.laguiadepamplona.com\/actualidad\/#website"},"primaryImageOfPage":{"@id":"https:\/\/www.laguiadepamplona.com\/actualidad\/una-manana-de-actividades-para-todos-los-publicos-inauguraran-este-sabado-el-huerto-urbano-comunitario-de-rochapea-un-acto-que-se-pospuso-por-la-pandemia\/#primaryimage"},"image":{"@id":"https:\/\/www.laguiadepamplona.com\/actualidad\/una-manana-de-actividades-para-todos-los-publicos-inauguraran-este-sabado-el-huerto-urbano-comunitario-de-rochapea-un-acto-que-se-pospuso-por-la-pandemia\/#primaryimage"},"thumbnailUrl":"https:\/\/www.laguiadepamplona.com\/actualidad\/wp-content\/uploads\/2022\/05\/huerto-urbano-rochapea.webp","datePublished":"2022-05-27T10:05:51+00:00","dateModified":"2023-04-11T09:48:08+00:00","description":"Quienes se acerquen podr\u00e1n conocer este espacio de 1.160 m2, con 28 bancales, hoteles de insectos y compostadoras","breadcrumb":{"@id":"https:\/\/www.laguiadepamplona.com\/actualidad\/una-manana-de-actividades-para-todos-los-publicos-inauguraran-este-sabado-el-huerto-urbano-comunitario-de-rochapea-un-acto-que-se-pospuso-por-la-pandemia\/#breadcrumb"},"inLanguage":"es","potentialAction":[{"@type":"ReadAction","target":["https:\/\/www.laguiadepamplona.com\/actualidad\/una-manana-de-actividades-para-todos-los-publicos-inauguraran-este-sabado-el-huerto-urbano-comunitario-de-rochapea-un-acto-que-se-pospuso-por-la-pandemia\/"]}]},{"@type":"ImageObject","inLanguage":"es","@id":"https:\/\/www.laguiadepamplona.com\/actualidad\/una-manana-de-actividades-para-todos-los-publicos-inauguraran-este-sabado-el-huerto-urbano-comunitario-de-rochapea-un-acto-que-se-pospuso-por-la-pandemia\/#primaryimage","url":"https:\/\/www.laguiadepamplona.com\/actualidad\/wp-content\/uploads\/2022\/05\/huerto-urbano-rochapea.webp","contentUrl":"https:\/\/www.laguiadepamplona.com\/actualidad\/wp-content\/uploads\/2022\/05\/huerto-urbano-rochapea.webp","width":1565,"height":880},{"@type":"BreadcrumbList","@id":"https:\/\/www.laguiadepamplona.com\/actualidad\/una-manana-de-actividades-para-todos-los-publicos-inauguraran-este-sabado-el-huerto-urbano-comunitario-de-rochapea-un-acto-que-se-pospuso-por-la-pandemia\/#breadcrumb","itemListElement":[{"@type":"ListItem","position":1,"name":"Portada","item":"https:\/\/www.laguiadepamplona.com\/actualidad\/"},{"@type":"ListItem","position":2,"name":"Una ma\u00f1ana de actividades para todos los p\u00fablicos inaugurar\u00e1n este s\u00e1bado el huerto urbano comunitario de Rochapea, un acto que se pospuso por la pandemia"}]},{"@type":"WebSite","@id":"https:\/\/www.laguiadepamplona.com\/actualidad\/#website","url":"https:\/\/www.laguiadepamplona.com\/actualidad\/","name":"La gu\u00eda de Pamplona","description":"Noticias de Pamplona","publisher":{"@id":"https:\/\/www.laguiadepamplona.com\/actualidad\/#organization"},"potentialAction":[{"@type":"SearchAction","target":{"@type":"EntryPoint","urlTemplate":"https:\/\/www.laguiadepamplona.com\/actualidad\/?s={search_term_string}"},"query-input":{"@type":"PropertyValueSpecification","valueRequired":true,"valueName":"search_term_string"}}],"inLanguage":"es"},{"@type":"Organization","@id":"https:\/\/www.laguiadepamplona.com\/actualidad\/#organization","name":"La Gu\u00eda de Pamplona \/ Noticias","url":"https:\/\/www.laguiadepamplona.com\/actualidad\/","logo":{"@type":"ImageObject","inLanguage":"es","@id":"https:\/\/www.laguiadepamplona.com\/actualidad\/#\/schema\/logo\/image\/","url":"https:\/\/www.laguiadepamplona.com\/actualidad\/wp-content\/uploads\/2018\/11\/logo-laguiadepamplona18-web1.png","contentUrl":"https:\/\/www.laguiadepamplona.com\/actualidad\/wp-content\/uploads\/2018\/11\/logo-laguiadepamplona18-web1.png","width":600,"height":196,"caption":"La Gu\u00eda de Pamplona \/ Noticias"},"image":{"@id":"https:\/\/www.laguiadepamplona.com\/actualidad\/#\/schema\/logo\/image\/"},"sameAs":["https:\/\/www.facebook.com\/laguiadepamplonacom-133175176762273\/?ref=hl","https:\/\/x.com\/LaGuiadPamplona","https:\/\/www.instagram.com\/la_guia_de_pamplona\/","https:\/\/www.youtube.com\/user\/laguiadepamplona"]},{"@type":"Person","@id":"https:\/\/www.laguiadepamplona.com\/actualidad\/#\/schema\/person\/efe887376f0213d4657c93adc50b1fdb","name":"La Gu\u00eda de Pamplona","image":{"@type":"ImageObject","inLanguage":"es","@id":"https:\/\/secure.gravatar.com\/avatar\/b6992f131dc8d30ab0dff15446e9d346d9dbd95992de0fef795073f5ea83a81c?s=96&d=mm&r=g","url":"https:\/\/secure.gravatar.com\/avatar\/b6992f131dc8d30ab0dff15446e9d346d9dbd95992de0fef795073f5ea83a81c?s=96&d=mm&r=g","contentUrl":"https:\/\/secure.gravatar.com\/avatar\/b6992f131dc8d30ab0dff15446e9d346d9dbd95992de0fef795073f5ea83a81c?s=96&d=mm&r=g","caption":"La Gu\u00eda de Pamplona"}}]}},"post_mailing_queue_ids":[],"_links":{"self":[{"href":"https:\/\/www.laguiadepamplona.com\/actualidad\/wp-json\/wp\/v2\/posts\/40491","targetHints":{"allow":["GET"]}}],"collection":[{"href":"https:\/\/www.laguiadepamplona.com\/actualidad\/wp-json\/wp\/v2\/posts"}],"about":[{"href":"https:\/\/www.laguiadepamplona.com\/actualidad\/wp-json\/wp\/v2\/types\/post"}],"author":[{"embeddable":true,"href":"https:\/\/www.laguiadepamplona.com\/actualidad\/wp-json\/wp\/v2\/users\/1"}],"replies":[{"embeddable":true,"href":"https:\/\/www.laguiadepamplona.com\/actualidad\/wp-json\/wp\/v2\/comments?post=40491"}],"version-history":[{"count":0,"href":"https:\/\/www.laguiadepamplona.com\/actualidad\/wp-json\/wp\/v2\/posts\/40491\/revisions"}],"wp:featuredmedia":[{"embeddable":true,"href":"https:\/\/www.laguiadepamplona.com\/actualidad\/wp-json\/wp\/v2\/media\/40492"}],"wp:attachment":[{"href":"https:\/\/www.laguiadepamplona.com\/actualidad\/wp-json\/wp\/v2\/media?parent=40491"}],"wp:term":[{"taxonomy":"category","embeddable":true,"href":"https:\/\/www.laguiadepamplona.com\/actualidad\/wp-json\/wp\/v2\/categories?post=40491"},{"taxonomy":"post_tag","embeddable":true,"href":"https:\/\/www.laguiadepamplona.com\/actualidad\/wp-json\/wp\/v2\/tags?post=40491"}],"curies":[{"name":"wp","href":"https:\/\/api.w.org\/{rel}","templated":true}]}}