{"id":40484,"date":"2022-05-26T18:54:36","date_gmt":"2022-05-26T16:54:36","guid":{"rendered":"https:\/\/www.laguiadepamplona.com\/actualidad\/?p=40484"},"modified":"2023-04-11T11:48:08","modified_gmt":"2023-04-11T09:48:08","slug":"pamplona-se-posiciona-como-ejemplo-de-ciudad-verde-en-el-congreso-nacional-de-parques-y-jardines-publicos-que-se-celebra-en-zaragoza","status":"publish","type":"post","link":"https:\/\/www.laguiadepamplona.com\/actualidad\/pamplona-se-posiciona-como-ejemplo-de-ciudad-verde-en-el-congreso-nacional-de-parques-y-jardines-publicos-que-se-celebra-en-zaragoza\/","title":{"rendered":"Pamplona se posiciona como ejemplo de ciudad verde en el Congreso Nacional de Parques y Jardines p\u00fablicos que se celebra en Zaragoza"},"content":{"rendered":"<h5>El alcalde Enrique Maya ha participado en un coloquio en el que ha defendido las bondades de apostar por pol\u00edticas de naturaleza urbana<\/h5>\n<p><!--more--><\/p>\n<p>El ejemplo de Pamplona, junto con el de Zaragoza y Vitoria-Gasteiz, han servido esta ma\u00f1ana en el Congreso Nacional de Parques y Jardines P\u00fablicos que se celebra en Zaragoza para defender y poner en valor las apuestas de los Ayuntamientos por pol\u00edticas de naturaleza urbana. El alcalde Enrique Maya ha participado en un coloquio en el que ha defendido los beneficios que tiene trabajar por una ciudad verde y fundamentar el d\u00eda a d\u00eda municipal en una forma de hacer y decidir basada en la sostenibilidad. Es el camino, ha defendido, para conseguir un espacio p\u00fablico cada vez m\u00e1s atractivo, saludable y amigable, que puedan disfrutar tanto los vecinos y vecinas como los visitantes o el tejido econ\u00f3mico de la ciudad.<br \/>\n<script async src=\"\/\/pagead2.googlesyndication.com\/pagead\/js\/adsbygoogle.js\"><\/script><br \/>\n<!-- Noticias La Guia de Pamplona --><br \/>\n<ins class=\"adsbygoogle\"\nstyle=\"display:block\"\ndata-ad-client=\"ca-pub-6943679897239327\"\ndata-ad-slot=\"7048180777\"\ndata-ad-format=\"auto\"><\/ins><br \/>\n<script>\n(adsbygoogle = window.adsbygoogle || []).push({});\n<\/script><\/p>\n<p>En su intervenci\u00f3n, Maya ha defendido que una ciudad m\u00e1s verde y m\u00e1s moderna es siempre m\u00e1s atractiva para los diferentes p\u00fablicos. Esto lleva consigo una generaci\u00f3n de riqueza gracias, entre otras cosas, al turismo y a la puesta en marcha de nuevas formas de negocio, lo que acaba suponiendo para la ciudad una mayor recaudaci\u00f3n p\u00fablica que a su vez repercute en la disposici\u00f3n de m\u00e1s recursos para poder destinarlos a ayudas a la rehabilitaci\u00f3n y pol\u00edticas p\u00fablicas y sociales.<\/p>\n<p>El alcalde ha querido insistir, adem\u00e1s, en que las pol\u00edticas verdes y la apuesta por la sostenibilidad no son el futuro de las ciudades, sino el presente. En este sentido ha destacado que las diferentes administraciones deben adaptarse a los tiempos y cambiar con ellos. Y como ejemplo de la apuesta por esta forma de gestionar, ha adelantado la pr\u00f3xima creaci\u00f3n de la Oficina del Clima de Pamplona, que agrupar\u00e1 los servicios derivados de este \u00e1mbito y coordinar\u00e1 su trabajo.<br \/>\n<script async src=\"\/\/pagead2.googlesyndication.com\/pagead\/js\/adsbygoogle.js\"><\/script><br \/>\n<!-- Noticias La Guia de Pamplona --><br \/>\n<ins class=\"adsbygoogle\"\nstyle=\"display:block\"\ndata-ad-client=\"ca-pub-6943679897239327\"\ndata-ad-slot=\"7048180777\"\ndata-ad-format=\"auto\"><\/ins><br \/>\n<script>\n(adsbygoogle = window.adsbygoogle || []).push({});\n<\/script><\/p>\n<p><strong>Un foro para compartir experiencias sobre la necesidad de apostar por la naturaleza urbana<\/strong><\/p>\n<p>La presente edici\u00f3n del Congreso Nacional de Parques y Jardines P\u00fablicos se celebra esta semana, durante tres jornadas en el Auditorio de Zaragoza. Durante estos d\u00edas, representantes p\u00fablicos, t\u00e9cnicos y expertos en las diferentes materias abordar\u00e1n y debatir\u00e1n asuntos como la planificaci\u00f3n e implementaci\u00f3n de los bosques urbanos; la naturalizaci\u00f3n urbana, gesti\u00f3n evolutiva y econom\u00eda circular; el capital natural como recurso de ciudad sostenible; y la infraestructura verde como herramienta de planificaci\u00f3n y desarrollo urbano.<\/p>\n<p>La Asociaci\u00f3n Espa\u00f1ola de Parques y Jardines P\u00fablicos lleva 47 ediciones reuniendo el conocimiento m\u00e1s avanzado sobre la gesti\u00f3n del verde por parte de profesionales destacados del sector. En esta edici\u00f3n vuelve a conectar de manera presencial a profesionales de diferentes lugares del mundo para analizar, debatir y compartir experiencias sobre la infraestructura verde urbana en ponencias y debates.<br \/>\n<script async src=\"\/\/pagead2.googlesyndication.com\/pagead\/js\/adsbygoogle.js\"><\/script><br \/>\n<!-- Noticias La Guia de Pamplona --><br \/>\n<ins class=\"adsbygoogle\"\nstyle=\"display:block\"\ndata-ad-client=\"ca-pub-6943679897239327\"\ndata-ad-slot=\"7048180777\"\ndata-ad-format=\"auto\"><\/ins><br \/>\n<script>\n(adsbygoogle = window.adsbygoogle || []).push({});\n<\/script><\/p>\n<p><strong>Pamplona, ciudad verde<\/strong><\/p>\n<p>La historia y el desarrollo de Pamplona han llevado a construir una localidad repleta de zonas verdes y \u00e1rboles, en la que se funden el patrimonio cultural y la naturaleza urbana. La ciudad cuenta con\u00a0numerosas hect\u00e1reas de parques y jardines, con en torno a <strong>60.000 \u00e1rboles y 300 hect\u00e1reas de zonas verdes suponen el 15% de la superficie de la ciudad<\/strong>. Todo esto contribuye a una mejor calidad de vida, as\u00ed como al fomento de actividades deportivas, de ocio y relacionadas con el conocimiento del medio ambiente.<\/p>\n<p>Pamplona cuenta desde 2019 con la estrategia \u2018Go Green\u2019, que engloba todas las actuaciones en materia de lucha contra el cambio clim\u00e1tico desarrolladas por la ciudad y define constantemente las nuevas l\u00edneas de actuaci\u00f3n para la pr\u00f3xima d\u00e9cada, valorando los recursos necesarios para su ejecuci\u00f3n, los indicadores y los medios para su seguimiento y control. Bajo este paraguas, desde el Ayuntamiento y la Agencia Energ\u00e9tica Municipal se est\u00e1 apostando por la energ\u00eda limpia, tanto desde el \u00e1mbito p\u00fablico como desde el privado. Adem\u00e1s, se est\u00e1n desarrollando nuevos tramos de carriles bici (que suponen la disposici\u00f3n de varios kil\u00f3metros nuevos en los \u00faltimos a\u00f1os) o se est\u00e1n construyendo y adaptando edificios para que su consumo energ\u00e9tico sea lo m\u00e1s reducido posible.<\/p>\n","protected":false},"excerpt":{"rendered":"<p>El alcalde Enrique Maya ha participado en un coloquio en el que ha defendido las bondades de apostar por pol\u00edticas de naturaleza urbana<\/p>\n","protected":false},"author":1,"featured_media":40485,"comment_status":"open","ping_status":"closed","sticky":false,"template":"","format":"standard","meta":{"footnotes":""},"categories":[2],"tags":[],"class_list":["post-40484","post","type-post","status-publish","format-standard","has-post-thumbnail","hentry","category-ayuntamiento-pamplona"],"yoast_head":"<!-- This site is optimized with the Yoast SEO plugin v27.3 - https:\/\/yoast.com\/product\/yoast-seo-wordpress\/ -->\n<title>Pamplona se posiciona como ejemplo de ciudad verde en el Congreso Nacional de Parques y Jardines p\u00fablicos que se celebra en Zaragoza<\/title>\n<meta name=\"description\" content=\"El alcalde Enrique Maya ha participado en un coloquio en el que ha defendido las bondades de apostar por pol\u00edticas de naturaleza urbana\" \/>\n<meta name=\"robots\" content=\"index, follow, max-snippet:-1, max-image-preview:large, max-video-preview:-1\" \/>\n<link rel=\"canonical\" href=\"https:\/\/www.laguiadepamplona.com\/actualidad\/pamplona-se-posiciona-como-ejemplo-de-ciudad-verde-en-el-congreso-nacional-de-parques-y-jardines-publicos-que-se-celebra-en-zaragoza\/\" \/>\n<meta property=\"og:locale\" content=\"es_ES\" \/>\n<meta property=\"og:type\" content=\"article\" \/>\n<meta property=\"og:title\" content=\"Pamplona se posiciona como ejemplo de ciudad verde en el Congreso Nacional de Parques y Jardines p\u00fablicos que se celebra en Zaragoza\" \/>\n<meta property=\"og:description\" content=\"El alcalde Enrique Maya ha participado en un coloquio en el que ha defendido las bondades de apostar por pol\u00edticas de naturaleza urbana\" \/>\n<meta property=\"og:url\" content=\"https:\/\/www.laguiadepamplona.com\/actualidad\/pamplona-se-posiciona-como-ejemplo-de-ciudad-verde-en-el-congreso-nacional-de-parques-y-jardines-publicos-que-se-celebra-en-zaragoza\/\" \/>\n<meta property=\"og:site_name\" content=\"La Gu\u00eda de Pamplona\" \/>\n<meta property=\"article:publisher\" content=\"https:\/\/www.facebook.com\/laguiadepamplonacom-133175176762273\/?ref=hl\" \/>\n<meta property=\"article:published_time\" content=\"2022-05-26T16:54:36+00:00\" \/>\n<meta property=\"article:modified_time\" content=\"2023-04-11T09:48:08+00:00\" \/>\n<meta property=\"og:image\" content=\"https:\/\/www.laguiadepamplona.com\/actualidad\/wp-content\/uploads\/2022\/05\/congreso-nacional-parques-jardines-zaragoza.jpg\" \/>\n\t<meta property=\"og:image:width\" content=\"1024\" \/>\n\t<meta property=\"og:image:height\" content=\"683\" \/>\n\t<meta property=\"og:image:type\" content=\"image\/jpeg\" \/>\n<meta name=\"author\" content=\"La Gu\u00eda de Pamplona\" \/>\n<meta name=\"twitter:card\" content=\"summary_large_image\" \/>\n<meta name=\"twitter:creator\" content=\"@LaGuiadPamplona\" \/>\n<meta name=\"twitter:site\" content=\"@LaGuiadPamplona\" \/>\n<meta name=\"twitter:label1\" content=\"Escrito por\" \/>\n\t<meta name=\"twitter:data1\" content=\"La Gu\u00eda de Pamplona\" \/>\n\t<meta name=\"twitter:label2\" content=\"Tiempo de lectura\" \/>\n\t<meta name=\"twitter:data2\" content=\"4 minutos\" \/>\n<script type=\"application\/ld+json\" class=\"yoast-schema-graph\">{\"@context\":\"https:\\\/\\\/schema.org\",\"@graph\":[{\"@type\":\"Article\",\"@id\":\"https:\\\/\\\/www.laguiadepamplona.com\\\/actualidad\\\/pamplona-se-posiciona-como-ejemplo-de-ciudad-verde-en-el-congreso-nacional-de-parques-y-jardines-publicos-que-se-celebra-en-zaragoza\\\/#article\",\"isPartOf\":{\"@id\":\"https:\\\/\\\/www.laguiadepamplona.com\\\/actualidad\\\/pamplona-se-posiciona-como-ejemplo-de-ciudad-verde-en-el-congreso-nacional-de-parques-y-jardines-publicos-que-se-celebra-en-zaragoza\\\/\"},\"author\":{\"name\":\"La Gu\u00eda de Pamplona\",\"@id\":\"https:\\\/\\\/www.laguiadepamplona.com\\\/actualidad\\\/#\\\/schema\\\/person\\\/efe887376f0213d4657c93adc50b1fdb\"},\"headline\":\"Pamplona se posiciona como ejemplo de ciudad verde en el Congreso Nacional de Parques y Jardines p\u00fablicos que se celebra en Zaragoza\",\"datePublished\":\"2022-05-26T16:54:36+00:00\",\"dateModified\":\"2023-04-11T09:48:08+00:00\",\"mainEntityOfPage\":{\"@id\":\"https:\\\/\\\/www.laguiadepamplona.com\\\/actualidad\\\/pamplona-se-posiciona-como-ejemplo-de-ciudad-verde-en-el-congreso-nacional-de-parques-y-jardines-publicos-que-se-celebra-en-zaragoza\\\/\"},\"wordCount\":746,\"commentCount\":0,\"publisher\":{\"@id\":\"https:\\\/\\\/www.laguiadepamplona.com\\\/actualidad\\\/#organization\"},\"image\":{\"@id\":\"https:\\\/\\\/www.laguiadepamplona.com\\\/actualidad\\\/pamplona-se-posiciona-como-ejemplo-de-ciudad-verde-en-el-congreso-nacional-de-parques-y-jardines-publicos-que-se-celebra-en-zaragoza\\\/#primaryimage\"},\"thumbnailUrl\":\"https:\\\/\\\/www.laguiadepamplona.com\\\/actualidad\\\/wp-content\\\/uploads\\\/2022\\\/05\\\/congreso-nacional-parques-jardines-zaragoza.jpg\",\"articleSection\":[\"Ayto Pamplona\"],\"inLanguage\":\"es\",\"potentialAction\":[{\"@type\":\"CommentAction\",\"name\":\"Comment\",\"target\":[\"https:\\\/\\\/www.laguiadepamplona.com\\\/actualidad\\\/pamplona-se-posiciona-como-ejemplo-de-ciudad-verde-en-el-congreso-nacional-de-parques-y-jardines-publicos-que-se-celebra-en-zaragoza\\\/#respond\"]}]},{\"@type\":\"WebPage\",\"@id\":\"https:\\\/\\\/www.laguiadepamplona.com\\\/actualidad\\\/pamplona-se-posiciona-como-ejemplo-de-ciudad-verde-en-el-congreso-nacional-de-parques-y-jardines-publicos-que-se-celebra-en-zaragoza\\\/\",\"url\":\"https:\\\/\\\/www.laguiadepamplona.com\\\/actualidad\\\/pamplona-se-posiciona-como-ejemplo-de-ciudad-verde-en-el-congreso-nacional-de-parques-y-jardines-publicos-que-se-celebra-en-zaragoza\\\/\",\"name\":\"Pamplona se posiciona como ejemplo de ciudad verde en el Congreso Nacional de Parques y Jardines p\u00fablicos que se celebra en Zaragoza\",\"isPartOf\":{\"@id\":\"https:\\\/\\\/www.laguiadepamplona.com\\\/actualidad\\\/#website\"},\"primaryImageOfPage\":{\"@id\":\"https:\\\/\\\/www.laguiadepamplona.com\\\/actualidad\\\/pamplona-se-posiciona-como-ejemplo-de-ciudad-verde-en-el-congreso-nacional-de-parques-y-jardines-publicos-que-se-celebra-en-zaragoza\\\/#primaryimage\"},\"image\":{\"@id\":\"https:\\\/\\\/www.laguiadepamplona.com\\\/actualidad\\\/pamplona-se-posiciona-como-ejemplo-de-ciudad-verde-en-el-congreso-nacional-de-parques-y-jardines-publicos-que-se-celebra-en-zaragoza\\\/#primaryimage\"},\"thumbnailUrl\":\"https:\\\/\\\/www.laguiadepamplona.com\\\/actualidad\\\/wp-content\\\/uploads\\\/2022\\\/05\\\/congreso-nacional-parques-jardines-zaragoza.jpg\",\"datePublished\":\"2022-05-26T16:54:36+00:00\",\"dateModified\":\"2023-04-11T09:48:08+00:00\",\"description\":\"El alcalde Enrique Maya ha participado en un coloquio en el que ha defendido las bondades de apostar por pol\u00edticas de naturaleza urbana\",\"breadcrumb\":{\"@id\":\"https:\\\/\\\/www.laguiadepamplona.com\\\/actualidad\\\/pamplona-se-posiciona-como-ejemplo-de-ciudad-verde-en-el-congreso-nacional-de-parques-y-jardines-publicos-que-se-celebra-en-zaragoza\\\/#breadcrumb\"},\"inLanguage\":\"es\",\"potentialAction\":[{\"@type\":\"ReadAction\",\"target\":[\"https:\\\/\\\/www.laguiadepamplona.com\\\/actualidad\\\/pamplona-se-posiciona-como-ejemplo-de-ciudad-verde-en-el-congreso-nacional-de-parques-y-jardines-publicos-que-se-celebra-en-zaragoza\\\/\"]}]},{\"@type\":\"ImageObject\",\"inLanguage\":\"es\",\"@id\":\"https:\\\/\\\/www.laguiadepamplona.com\\\/actualidad\\\/pamplona-se-posiciona-como-ejemplo-de-ciudad-verde-en-el-congreso-nacional-de-parques-y-jardines-publicos-que-se-celebra-en-zaragoza\\\/#primaryimage\",\"url\":\"https:\\\/\\\/www.laguiadepamplona.com\\\/actualidad\\\/wp-content\\\/uploads\\\/2022\\\/05\\\/congreso-nacional-parques-jardines-zaragoza.jpg\",\"contentUrl\":\"https:\\\/\\\/www.laguiadepamplona.com\\\/actualidad\\\/wp-content\\\/uploads\\\/2022\\\/05\\\/congreso-nacional-parques-jardines-zaragoza.jpg\",\"width\":1024,\"height\":683},{\"@type\":\"BreadcrumbList\",\"@id\":\"https:\\\/\\\/www.laguiadepamplona.com\\\/actualidad\\\/pamplona-se-posiciona-como-ejemplo-de-ciudad-verde-en-el-congreso-nacional-de-parques-y-jardines-publicos-que-se-celebra-en-zaragoza\\\/#breadcrumb\",\"itemListElement\":[{\"@type\":\"ListItem\",\"position\":1,\"name\":\"Portada\",\"item\":\"https:\\\/\\\/www.laguiadepamplona.com\\\/actualidad\\\/\"},{\"@type\":\"ListItem\",\"position\":2,\"name\":\"Pamplona se posiciona como ejemplo de ciudad verde en el Congreso Nacional de Parques y Jardines p\u00fablicos que se celebra en Zaragoza\"}]},{\"@type\":\"WebSite\",\"@id\":\"https:\\\/\\\/www.laguiadepamplona.com\\\/actualidad\\\/#website\",\"url\":\"https:\\\/\\\/www.laguiadepamplona.com\\\/actualidad\\\/\",\"name\":\"La gu\u00eda de Pamplona\",\"description\":\"Noticias de Pamplona\",\"publisher\":{\"@id\":\"https:\\\/\\\/www.laguiadepamplona.com\\\/actualidad\\\/#organization\"},\"potentialAction\":[{\"@type\":\"SearchAction\",\"target\":{\"@type\":\"EntryPoint\",\"urlTemplate\":\"https:\\\/\\\/www.laguiadepamplona.com\\\/actualidad\\\/?s={search_term_string}\"},\"query-input\":{\"@type\":\"PropertyValueSpecification\",\"valueRequired\":true,\"valueName\":\"search_term_string\"}}],\"inLanguage\":\"es\"},{\"@type\":\"Organization\",\"@id\":\"https:\\\/\\\/www.laguiadepamplona.com\\\/actualidad\\\/#organization\",\"name\":\"La Gu\u00eda de Pamplona \\\/ Noticias\",\"url\":\"https:\\\/\\\/www.laguiadepamplona.com\\\/actualidad\\\/\",\"logo\":{\"@type\":\"ImageObject\",\"inLanguage\":\"es\",\"@id\":\"https:\\\/\\\/www.laguiadepamplona.com\\\/actualidad\\\/#\\\/schema\\\/logo\\\/image\\\/\",\"url\":\"https:\\\/\\\/www.laguiadepamplona.com\\\/actualidad\\\/wp-content\\\/uploads\\\/2018\\\/11\\\/logo-laguiadepamplona18-web1.png\",\"contentUrl\":\"https:\\\/\\\/www.laguiadepamplona.com\\\/actualidad\\\/wp-content\\\/uploads\\\/2018\\\/11\\\/logo-laguiadepamplona18-web1.png\",\"width\":600,\"height\":196,\"caption\":\"La Gu\u00eda de Pamplona \\\/ Noticias\"},\"image\":{\"@id\":\"https:\\\/\\\/www.laguiadepamplona.com\\\/actualidad\\\/#\\\/schema\\\/logo\\\/image\\\/\"},\"sameAs\":[\"https:\\\/\\\/www.facebook.com\\\/laguiadepamplonacom-133175176762273\\\/?ref=hl\",\"https:\\\/\\\/x.com\\\/LaGuiadPamplona\",\"https:\\\/\\\/www.instagram.com\\\/la_guia_de_pamplona\\\/\",\"https:\\\/\\\/www.youtube.com\\\/user\\\/laguiadepamplona\"]},{\"@type\":\"Person\",\"@id\":\"https:\\\/\\\/www.laguiadepamplona.com\\\/actualidad\\\/#\\\/schema\\\/person\\\/efe887376f0213d4657c93adc50b1fdb\",\"name\":\"La Gu\u00eda de Pamplona\",\"image\":{\"@type\":\"ImageObject\",\"inLanguage\":\"es\",\"@id\":\"https:\\\/\\\/secure.gravatar.com\\\/avatar\\\/b6992f131dc8d30ab0dff15446e9d346d9dbd95992de0fef795073f5ea83a81c?s=96&d=mm&r=g\",\"url\":\"https:\\\/\\\/secure.gravatar.com\\\/avatar\\\/b6992f131dc8d30ab0dff15446e9d346d9dbd95992de0fef795073f5ea83a81c?s=96&d=mm&r=g\",\"contentUrl\":\"https:\\\/\\\/secure.gravatar.com\\\/avatar\\\/b6992f131dc8d30ab0dff15446e9d346d9dbd95992de0fef795073f5ea83a81c?s=96&d=mm&r=g\",\"caption\":\"La Gu\u00eda de Pamplona\"}}]}<\/script>\n<!-- \/ Yoast SEO plugin. -->","yoast_head_json":{"title":"Pamplona se posiciona como ejemplo de ciudad verde en el Congreso Nacional de Parques y Jardines p\u00fablicos que se celebra en Zaragoza","description":"El alcalde Enrique Maya ha participado en un coloquio en el que ha defendido las bondades de apostar por pol\u00edticas de naturaleza urbana","robots":{"index":"index","follow":"follow","max-snippet":"max-snippet:-1","max-image-preview":"max-image-preview:large","max-video-preview":"max-video-preview:-1"},"canonical":"https:\/\/www.laguiadepamplona.com\/actualidad\/pamplona-se-posiciona-como-ejemplo-de-ciudad-verde-en-el-congreso-nacional-de-parques-y-jardines-publicos-que-se-celebra-en-zaragoza\/","og_locale":"es_ES","og_type":"article","og_title":"Pamplona se posiciona como ejemplo de ciudad verde en el Congreso Nacional de Parques y Jardines p\u00fablicos que se celebra en Zaragoza","og_description":"El alcalde Enrique Maya ha participado en un coloquio en el que ha defendido las bondades de apostar por pol\u00edticas de naturaleza urbana","og_url":"https:\/\/www.laguiadepamplona.com\/actualidad\/pamplona-se-posiciona-como-ejemplo-de-ciudad-verde-en-el-congreso-nacional-de-parques-y-jardines-publicos-que-se-celebra-en-zaragoza\/","og_site_name":"La Gu\u00eda de Pamplona","article_publisher":"https:\/\/www.facebook.com\/laguiadepamplonacom-133175176762273\/?ref=hl","article_published_time":"2022-05-26T16:54:36+00:00","article_modified_time":"2023-04-11T09:48:08+00:00","og_image":[{"width":1024,"height":683,"url":"https:\/\/www.laguiadepamplona.com\/actualidad\/wp-content\/uploads\/2022\/05\/congreso-nacional-parques-jardines-zaragoza.jpg","type":"image\/jpeg"}],"author":"La Gu\u00eda de Pamplona","twitter_card":"summary_large_image","twitter_creator":"@LaGuiadPamplona","twitter_site":"@LaGuiadPamplona","twitter_misc":{"Escrito por":"La Gu\u00eda de Pamplona","Tiempo de lectura":"4 minutos"},"schema":{"@context":"https:\/\/schema.org","@graph":[{"@type":"Article","@id":"https:\/\/www.laguiadepamplona.com\/actualidad\/pamplona-se-posiciona-como-ejemplo-de-ciudad-verde-en-el-congreso-nacional-de-parques-y-jardines-publicos-que-se-celebra-en-zaragoza\/#article","isPartOf":{"@id":"https:\/\/www.laguiadepamplona.com\/actualidad\/pamplona-se-posiciona-como-ejemplo-de-ciudad-verde-en-el-congreso-nacional-de-parques-y-jardines-publicos-que-se-celebra-en-zaragoza\/"},"author":{"name":"La Gu\u00eda de Pamplona","@id":"https:\/\/www.laguiadepamplona.com\/actualidad\/#\/schema\/person\/efe887376f0213d4657c93adc50b1fdb"},"headline":"Pamplona se posiciona como ejemplo de ciudad verde en el Congreso Nacional de Parques y Jardines p\u00fablicos que se celebra en Zaragoza","datePublished":"2022-05-26T16:54:36+00:00","dateModified":"2023-04-11T09:48:08+00:00","mainEntityOfPage":{"@id":"https:\/\/www.laguiadepamplona.com\/actualidad\/pamplona-se-posiciona-como-ejemplo-de-ciudad-verde-en-el-congreso-nacional-de-parques-y-jardines-publicos-que-se-celebra-en-zaragoza\/"},"wordCount":746,"commentCount":0,"publisher":{"@id":"https:\/\/www.laguiadepamplona.com\/actualidad\/#organization"},"image":{"@id":"https:\/\/www.laguiadepamplona.com\/actualidad\/pamplona-se-posiciona-como-ejemplo-de-ciudad-verde-en-el-congreso-nacional-de-parques-y-jardines-publicos-que-se-celebra-en-zaragoza\/#primaryimage"},"thumbnailUrl":"https:\/\/www.laguiadepamplona.com\/actualidad\/wp-content\/uploads\/2022\/05\/congreso-nacional-parques-jardines-zaragoza.jpg","articleSection":["Ayto Pamplona"],"inLanguage":"es","potentialAction":[{"@type":"CommentAction","name":"Comment","target":["https:\/\/www.laguiadepamplona.com\/actualidad\/pamplona-se-posiciona-como-ejemplo-de-ciudad-verde-en-el-congreso-nacional-de-parques-y-jardines-publicos-que-se-celebra-en-zaragoza\/#respond"]}]},{"@type":"WebPage","@id":"https:\/\/www.laguiadepamplona.com\/actualidad\/pamplona-se-posiciona-como-ejemplo-de-ciudad-verde-en-el-congreso-nacional-de-parques-y-jardines-publicos-que-se-celebra-en-zaragoza\/","url":"https:\/\/www.laguiadepamplona.com\/actualidad\/pamplona-se-posiciona-como-ejemplo-de-ciudad-verde-en-el-congreso-nacional-de-parques-y-jardines-publicos-que-se-celebra-en-zaragoza\/","name":"Pamplona se posiciona como ejemplo de ciudad verde en el Congreso Nacional de Parques y Jardines p\u00fablicos que se celebra en Zaragoza","isPartOf":{"@id":"https:\/\/www.laguiadepamplona.com\/actualidad\/#website"},"primaryImageOfPage":{"@id":"https:\/\/www.laguiadepamplona.com\/actualidad\/pamplona-se-posiciona-como-ejemplo-de-ciudad-verde-en-el-congreso-nacional-de-parques-y-jardines-publicos-que-se-celebra-en-zaragoza\/#primaryimage"},"image":{"@id":"https:\/\/www.laguiadepamplona.com\/actualidad\/pamplona-se-posiciona-como-ejemplo-de-ciudad-verde-en-el-congreso-nacional-de-parques-y-jardines-publicos-que-se-celebra-en-zaragoza\/#primaryimage"},"thumbnailUrl":"https:\/\/www.laguiadepamplona.com\/actualidad\/wp-content\/uploads\/2022\/05\/congreso-nacional-parques-jardines-zaragoza.jpg","datePublished":"2022-05-26T16:54:36+00:00","dateModified":"2023-04-11T09:48:08+00:00","description":"El alcalde Enrique Maya ha participado en un coloquio en el que ha defendido las bondades de apostar por pol\u00edticas de naturaleza urbana","breadcrumb":{"@id":"https:\/\/www.laguiadepamplona.com\/actualidad\/pamplona-se-posiciona-como-ejemplo-de-ciudad-verde-en-el-congreso-nacional-de-parques-y-jardines-publicos-que-se-celebra-en-zaragoza\/#breadcrumb"},"inLanguage":"es","potentialAction":[{"@type":"ReadAction","target":["https:\/\/www.laguiadepamplona.com\/actualidad\/pamplona-se-posiciona-como-ejemplo-de-ciudad-verde-en-el-congreso-nacional-de-parques-y-jardines-publicos-que-se-celebra-en-zaragoza\/"]}]},{"@type":"ImageObject","inLanguage":"es","@id":"https:\/\/www.laguiadepamplona.com\/actualidad\/pamplona-se-posiciona-como-ejemplo-de-ciudad-verde-en-el-congreso-nacional-de-parques-y-jardines-publicos-que-se-celebra-en-zaragoza\/#primaryimage","url":"https:\/\/www.laguiadepamplona.com\/actualidad\/wp-content\/uploads\/2022\/05\/congreso-nacional-parques-jardines-zaragoza.jpg","contentUrl":"https:\/\/www.laguiadepamplona.com\/actualidad\/wp-content\/uploads\/2022\/05\/congreso-nacional-parques-jardines-zaragoza.jpg","width":1024,"height":683},{"@type":"BreadcrumbList","@id":"https:\/\/www.laguiadepamplona.com\/actualidad\/pamplona-se-posiciona-como-ejemplo-de-ciudad-verde-en-el-congreso-nacional-de-parques-y-jardines-publicos-que-se-celebra-en-zaragoza\/#breadcrumb","itemListElement":[{"@type":"ListItem","position":1,"name":"Portada","item":"https:\/\/www.laguiadepamplona.com\/actualidad\/"},{"@type":"ListItem","position":2,"name":"Pamplona se posiciona como ejemplo de ciudad verde en el Congreso Nacional de Parques y Jardines p\u00fablicos que se celebra en Zaragoza"}]},{"@type":"WebSite","@id":"https:\/\/www.laguiadepamplona.com\/actualidad\/#website","url":"https:\/\/www.laguiadepamplona.com\/actualidad\/","name":"La gu\u00eda de Pamplona","description":"Noticias de Pamplona","publisher":{"@id":"https:\/\/www.laguiadepamplona.com\/actualidad\/#organization"},"potentialAction":[{"@type":"SearchAction","target":{"@type":"EntryPoint","urlTemplate":"https:\/\/www.laguiadepamplona.com\/actualidad\/?s={search_term_string}"},"query-input":{"@type":"PropertyValueSpecification","valueRequired":true,"valueName":"search_term_string"}}],"inLanguage":"es"},{"@type":"Organization","@id":"https:\/\/www.laguiadepamplona.com\/actualidad\/#organization","name":"La Gu\u00eda de Pamplona \/ Noticias","url":"https:\/\/www.laguiadepamplona.com\/actualidad\/","logo":{"@type":"ImageObject","inLanguage":"es","@id":"https:\/\/www.laguiadepamplona.com\/actualidad\/#\/schema\/logo\/image\/","url":"https:\/\/www.laguiadepamplona.com\/actualidad\/wp-content\/uploads\/2018\/11\/logo-laguiadepamplona18-web1.png","contentUrl":"https:\/\/www.laguiadepamplona.com\/actualidad\/wp-content\/uploads\/2018\/11\/logo-laguiadepamplona18-web1.png","width":600,"height":196,"caption":"La Gu\u00eda de Pamplona \/ Noticias"},"image":{"@id":"https:\/\/www.laguiadepamplona.com\/actualidad\/#\/schema\/logo\/image\/"},"sameAs":["https:\/\/www.facebook.com\/laguiadepamplonacom-133175176762273\/?ref=hl","https:\/\/x.com\/LaGuiadPamplona","https:\/\/www.instagram.com\/la_guia_de_pamplona\/","https:\/\/www.youtube.com\/user\/laguiadepamplona"]},{"@type":"Person","@id":"https:\/\/www.laguiadepamplona.com\/actualidad\/#\/schema\/person\/efe887376f0213d4657c93adc50b1fdb","name":"La Gu\u00eda de Pamplona","image":{"@type":"ImageObject","inLanguage":"es","@id":"https:\/\/secure.gravatar.com\/avatar\/b6992f131dc8d30ab0dff15446e9d346d9dbd95992de0fef795073f5ea83a81c?s=96&d=mm&r=g","url":"https:\/\/secure.gravatar.com\/avatar\/b6992f131dc8d30ab0dff15446e9d346d9dbd95992de0fef795073f5ea83a81c?s=96&d=mm&r=g","contentUrl":"https:\/\/secure.gravatar.com\/avatar\/b6992f131dc8d30ab0dff15446e9d346d9dbd95992de0fef795073f5ea83a81c?s=96&d=mm&r=g","caption":"La Gu\u00eda de Pamplona"}}]}},"post_mailing_queue_ids":[],"_links":{"self":[{"href":"https:\/\/www.laguiadepamplona.com\/actualidad\/wp-json\/wp\/v2\/posts\/40484","targetHints":{"allow":["GET"]}}],"collection":[{"href":"https:\/\/www.laguiadepamplona.com\/actualidad\/wp-json\/wp\/v2\/posts"}],"about":[{"href":"https:\/\/www.laguiadepamplona.com\/actualidad\/wp-json\/wp\/v2\/types\/post"}],"author":[{"embeddable":true,"href":"https:\/\/www.laguiadepamplona.com\/actualidad\/wp-json\/wp\/v2\/users\/1"}],"replies":[{"embeddable":true,"href":"https:\/\/www.laguiadepamplona.com\/actualidad\/wp-json\/wp\/v2\/comments?post=40484"}],"version-history":[{"count":0,"href":"https:\/\/www.laguiadepamplona.com\/actualidad\/wp-json\/wp\/v2\/posts\/40484\/revisions"}],"wp:featuredmedia":[{"embeddable":true,"href":"https:\/\/www.laguiadepamplona.com\/actualidad\/wp-json\/wp\/v2\/media\/40485"}],"wp:attachment":[{"href":"https:\/\/www.laguiadepamplona.com\/actualidad\/wp-json\/wp\/v2\/media?parent=40484"}],"wp:term":[{"taxonomy":"category","embeddable":true,"href":"https:\/\/www.laguiadepamplona.com\/actualidad\/wp-json\/wp\/v2\/categories?post=40484"},{"taxonomy":"post_tag","embeddable":true,"href":"https:\/\/www.laguiadepamplona.com\/actualidad\/wp-json\/wp\/v2\/tags?post=40484"}],"curies":[{"name":"wp","href":"https:\/\/api.w.org\/{rel}","templated":true}]}}