{"id":40482,"date":"2022-05-26T13:13:01","date_gmt":"2022-05-26T11:13:01","guid":{"rendered":"https:\/\/www.laguiadepamplona.com\/actualidad\/?p=40482"},"modified":"2023-04-11T11:48:08","modified_gmt":"2023-04-11T09:48:08","slug":"pamplona-se-suma-manana-viernes-al-dia-internacional-de-las-urgencias-y-emergencias-iluminando-de-blanco-y-azul-la-fachada-de-la-casa-consistorial","status":"publish","type":"post","link":"https:\/\/www.laguiadepamplona.com\/actualidad\/pamplona-se-suma-manana-viernes-al-dia-internacional-de-las-urgencias-y-emergencias-iluminando-de-blanco-y-azul-la-fachada-de-la-casa-consistorial\/","title":{"rendered":"Pamplona se suma ma\u00f1ana viernes al D\u00eda Internacional de las Urgencias y Emergencias iluminando de blanco y azul la fachada de la Casa Consistorial"},"content":{"rendered":"<p><!--more--><\/p>\n<p>El Ayuntamiento de Pamplona iluminar\u00e1 ma\u00f1ana viernes la fachada de la Casa Consistorial de blanco y azul con motivo de la celebraci\u00f3n del D\u00eda Internacional de las Urgencias y Emergencias. El Consistorio se adhiere as\u00ed a la sensibilizaci\u00f3n sobre la necesidad de contar con sistemas m\u00e9dicos de urgencias bien desarrollados, bien preparados y bien organizados que lleva a cabo SEMES Navarra.<br \/>\n<script async src=\"\/\/pagead2.googlesyndication.com\/pagead\/js\/adsbygoogle.js\"><\/script><br \/>\n<!-- Noticias La Guia de Pamplona --><br \/>\n<ins class=\"adsbygoogle\"\nstyle=\"display:block\"\ndata-ad-client=\"ca-pub-6943679897239327\"\ndata-ad-slot=\"7048180777\"\ndata-ad-format=\"auto\"><\/ins><br \/>\n<script>\n(adsbygoogle = window.adsbygoogle || []).push({});\n<\/script><\/p>\n<p>La naturaleza de la medicina de emergencia hace que quienes trabajan en ella est\u00e9n siempre bajo estr\u00e9s, un estr\u00e9s que ha aumentado mucho durante la pandemia. Las personas sufren fatiga, agotamiento y depresi\u00f3n, y muchos departamentos de emergencia no tienen suficiente personal, lo que pone en riesgo la calidad de la atenci\u00f3n m\u00e9dica que pueden brindar. En un d\u00eda como el de ma\u00f1ana, con el lema \u2018Nosotros cuidamos de ti, por favor cu\u00eddanos\u2019 se trata de reivindicar que los profesionales de la medicina de urgencias obtengan la atenci\u00f3n, el reconocimiento y las condiciones de trabajo necesarias para desempe\u00f1ar su labor. As\u00ed mismo, se insiste en creaci\u00f3n de una especialidad de Urgencias como las hay para otras ramas m\u00e9dicas y sanitarias.<\/p>\n<p>La celebraci\u00f3n de este d\u00eda la promueve la European Society for Emergency Medicine (EUSEM) a nivel mundial. En Espa\u00f1a y en Navarra, la Sociedad Espa\u00f1ola de Medicina de Urgencias y Emergencias (SEMES), fundada en 1987 y que agrupa tanto a m\u00e9dicos como a personal de enfermer\u00eda y personal t\u00e9cnico de emergencias sanitarias, insta a reflexionar sobre el futuro de las urgencias para velar por su calidad y por la formaci\u00f3n de sus profesionales.<\/p>\n","protected":false},"excerpt":{"rendered":"","protected":false},"author":1,"featured_media":33821,"comment_status":"open","ping_status":"closed","sticky":false,"template":"","format":"standard","meta":{"footnotes":""},"categories":[2],"tags":[],"class_list":["post-40482","post","type-post","status-publish","format-standard","has-post-thumbnail","hentry","category-ayuntamiento-pamplona"],"yoast_head":"<!-- This site is optimized with the Yoast SEO plugin v27.3 - https:\/\/yoast.com\/product\/yoast-seo-wordpress\/ -->\n<title>Pamplona se suma ma\u00f1ana viernes al D\u00eda Internacional de las Urgencias y Emergencias iluminando de blanco y azul la fachada de la Casa Consistorial<\/title>\n<meta name=\"description\" content=\"La naturaleza de la medicina de emergencia hace que quienes trabajan en ella est\u00e9n siempre bajo estr\u00e9s\" \/>\n<meta name=\"robots\" content=\"index, follow, max-snippet:-1, max-image-preview:large, max-video-preview:-1\" \/>\n<link rel=\"canonical\" href=\"https:\/\/www.laguiadepamplona.com\/actualidad\/pamplona-se-suma-manana-viernes-al-dia-internacional-de-las-urgencias-y-emergencias-iluminando-de-blanco-y-azul-la-fachada-de-la-casa-consistorial\/\" \/>\n<meta property=\"og:locale\" content=\"es_ES\" \/>\n<meta property=\"og:type\" content=\"article\" \/>\n<meta property=\"og:title\" content=\"Pamplona se suma ma\u00f1ana viernes al D\u00eda Internacional de las Urgencias y Emergencias iluminando de blanco y azul la fachada de la Casa Consistorial\" \/>\n<meta property=\"og:description\" content=\"La naturaleza de la medicina de emergencia hace que quienes trabajan en ella est\u00e9n siempre bajo estr\u00e9s\" \/>\n<meta property=\"og:url\" content=\"https:\/\/www.laguiadepamplona.com\/actualidad\/pamplona-se-suma-manana-viernes-al-dia-internacional-de-las-urgencias-y-emergencias-iluminando-de-blanco-y-azul-la-fachada-de-la-casa-consistorial\/\" \/>\n<meta property=\"og:site_name\" content=\"La Gu\u00eda de Pamplona\" \/>\n<meta property=\"article:publisher\" content=\"https:\/\/www.facebook.com\/laguiadepamplonacom-133175176762273\/?ref=hl\" \/>\n<meta property=\"article:published_time\" content=\"2022-05-26T11:13:01+00:00\" \/>\n<meta property=\"article:modified_time\" content=\"2023-04-11T09:48:08+00:00\" \/>\n<meta property=\"og:image\" content=\"https:\/\/www.laguiadepamplona.com\/actualidad\/wp-content\/uploads\/2021\/03\/aytoazul_JGV8972_1.jpg\" \/>\n\t<meta property=\"og:image:width\" content=\"1920\" \/>\n\t<meta property=\"og:image:height\" content=\"1280\" \/>\n\t<meta property=\"og:image:type\" content=\"image\/jpeg\" \/>\n<meta name=\"author\" content=\"La Gu\u00eda de Pamplona\" \/>\n<meta name=\"twitter:card\" content=\"summary_large_image\" \/>\n<meta name=\"twitter:creator\" content=\"@LaGuiadPamplona\" \/>\n<meta name=\"twitter:site\" content=\"@LaGuiadPamplona\" \/>\n<meta name=\"twitter:label1\" content=\"Escrito por\" \/>\n\t<meta name=\"twitter:data1\" content=\"La Gu\u00eda de Pamplona\" \/>\n\t<meta name=\"twitter:label2\" content=\"Tiempo de lectura\" \/>\n\t<meta name=\"twitter:data2\" content=\"2 minutos\" \/>\n<script type=\"application\/ld+json\" class=\"yoast-schema-graph\">{\"@context\":\"https:\\\/\\\/schema.org\",\"@graph\":[{\"@type\":\"Article\",\"@id\":\"https:\\\/\\\/www.laguiadepamplona.com\\\/actualidad\\\/pamplona-se-suma-manana-viernes-al-dia-internacional-de-las-urgencias-y-emergencias-iluminando-de-blanco-y-azul-la-fachada-de-la-casa-consistorial\\\/#article\",\"isPartOf\":{\"@id\":\"https:\\\/\\\/www.laguiadepamplona.com\\\/actualidad\\\/pamplona-se-suma-manana-viernes-al-dia-internacional-de-las-urgencias-y-emergencias-iluminando-de-blanco-y-azul-la-fachada-de-la-casa-consistorial\\\/\"},\"author\":{\"name\":\"La Gu\u00eda de Pamplona\",\"@id\":\"https:\\\/\\\/www.laguiadepamplona.com\\\/actualidad\\\/#\\\/schema\\\/person\\\/efe887376f0213d4657c93adc50b1fdb\"},\"headline\":\"Pamplona se suma ma\u00f1ana viernes al D\u00eda Internacional de las Urgencias y Emergencias iluminando de blanco y azul la fachada de la Casa Consistorial\",\"datePublished\":\"2022-05-26T11:13:01+00:00\",\"dateModified\":\"2023-04-11T09:48:08+00:00\",\"mainEntityOfPage\":{\"@id\":\"https:\\\/\\\/www.laguiadepamplona.com\\\/actualidad\\\/pamplona-se-suma-manana-viernes-al-dia-internacional-de-las-urgencias-y-emergencias-iluminando-de-blanco-y-azul-la-fachada-de-la-casa-consistorial\\\/\"},\"wordCount\":305,\"commentCount\":0,\"publisher\":{\"@id\":\"https:\\\/\\\/www.laguiadepamplona.com\\\/actualidad\\\/#organization\"},\"image\":{\"@id\":\"https:\\\/\\\/www.laguiadepamplona.com\\\/actualidad\\\/pamplona-se-suma-manana-viernes-al-dia-internacional-de-las-urgencias-y-emergencias-iluminando-de-blanco-y-azul-la-fachada-de-la-casa-consistorial\\\/#primaryimage\"},\"thumbnailUrl\":\"https:\\\/\\\/www.laguiadepamplona.com\\\/actualidad\\\/wp-content\\\/uploads\\\/2021\\\/03\\\/aytoazul_JGV8972_1.jpg\",\"articleSection\":[\"Ayto Pamplona\"],\"inLanguage\":\"es\",\"potentialAction\":[{\"@type\":\"CommentAction\",\"name\":\"Comment\",\"target\":[\"https:\\\/\\\/www.laguiadepamplona.com\\\/actualidad\\\/pamplona-se-suma-manana-viernes-al-dia-internacional-de-las-urgencias-y-emergencias-iluminando-de-blanco-y-azul-la-fachada-de-la-casa-consistorial\\\/#respond\"]}]},{\"@type\":\"WebPage\",\"@id\":\"https:\\\/\\\/www.laguiadepamplona.com\\\/actualidad\\\/pamplona-se-suma-manana-viernes-al-dia-internacional-de-las-urgencias-y-emergencias-iluminando-de-blanco-y-azul-la-fachada-de-la-casa-consistorial\\\/\",\"url\":\"https:\\\/\\\/www.laguiadepamplona.com\\\/actualidad\\\/pamplona-se-suma-manana-viernes-al-dia-internacional-de-las-urgencias-y-emergencias-iluminando-de-blanco-y-azul-la-fachada-de-la-casa-consistorial\\\/\",\"name\":\"Pamplona se suma ma\u00f1ana viernes al D\u00eda Internacional de las Urgencias y Emergencias iluminando de blanco y azul la fachada de la Casa Consistorial\",\"isPartOf\":{\"@id\":\"https:\\\/\\\/www.laguiadepamplona.com\\\/actualidad\\\/#website\"},\"primaryImageOfPage\":{\"@id\":\"https:\\\/\\\/www.laguiadepamplona.com\\\/actualidad\\\/pamplona-se-suma-manana-viernes-al-dia-internacional-de-las-urgencias-y-emergencias-iluminando-de-blanco-y-azul-la-fachada-de-la-casa-consistorial\\\/#primaryimage\"},\"image\":{\"@id\":\"https:\\\/\\\/www.laguiadepamplona.com\\\/actualidad\\\/pamplona-se-suma-manana-viernes-al-dia-internacional-de-las-urgencias-y-emergencias-iluminando-de-blanco-y-azul-la-fachada-de-la-casa-consistorial\\\/#primaryimage\"},\"thumbnailUrl\":\"https:\\\/\\\/www.laguiadepamplona.com\\\/actualidad\\\/wp-content\\\/uploads\\\/2021\\\/03\\\/aytoazul_JGV8972_1.jpg\",\"datePublished\":\"2022-05-26T11:13:01+00:00\",\"dateModified\":\"2023-04-11T09:48:08+00:00\",\"description\":\"La naturaleza de la medicina de emergencia hace que quienes trabajan en ella est\u00e9n siempre bajo estr\u00e9s\",\"breadcrumb\":{\"@id\":\"https:\\\/\\\/www.laguiadepamplona.com\\\/actualidad\\\/pamplona-se-suma-manana-viernes-al-dia-internacional-de-las-urgencias-y-emergencias-iluminando-de-blanco-y-azul-la-fachada-de-la-casa-consistorial\\\/#breadcrumb\"},\"inLanguage\":\"es\",\"potentialAction\":[{\"@type\":\"ReadAction\",\"target\":[\"https:\\\/\\\/www.laguiadepamplona.com\\\/actualidad\\\/pamplona-se-suma-manana-viernes-al-dia-internacional-de-las-urgencias-y-emergencias-iluminando-de-blanco-y-azul-la-fachada-de-la-casa-consistorial\\\/\"]}]},{\"@type\":\"ImageObject\",\"inLanguage\":\"es\",\"@id\":\"https:\\\/\\\/www.laguiadepamplona.com\\\/actualidad\\\/pamplona-se-suma-manana-viernes-al-dia-internacional-de-las-urgencias-y-emergencias-iluminando-de-blanco-y-azul-la-fachada-de-la-casa-consistorial\\\/#primaryimage\",\"url\":\"https:\\\/\\\/www.laguiadepamplona.com\\\/actualidad\\\/wp-content\\\/uploads\\\/2021\\\/03\\\/aytoazul_JGV8972_1.jpg\",\"contentUrl\":\"https:\\\/\\\/www.laguiadepamplona.com\\\/actualidad\\\/wp-content\\\/uploads\\\/2021\\\/03\\\/aytoazul_JGV8972_1.jpg\",\"width\":1920,\"height\":1280,\"caption\":\"A* Jes\u00fas Garzaron F* 2020_11_12 T* Iluminaci\u00f3n en azul de la fachada del Ayuntamiento con motivo del D\u00eda Mundial contra la Neumon\u00eda L* Ayuntamiento de Pamplona\"},{\"@type\":\"BreadcrumbList\",\"@id\":\"https:\\\/\\\/www.laguiadepamplona.com\\\/actualidad\\\/pamplona-se-suma-manana-viernes-al-dia-internacional-de-las-urgencias-y-emergencias-iluminando-de-blanco-y-azul-la-fachada-de-la-casa-consistorial\\\/#breadcrumb\",\"itemListElement\":[{\"@type\":\"ListItem\",\"position\":1,\"name\":\"Portada\",\"item\":\"https:\\\/\\\/www.laguiadepamplona.com\\\/actualidad\\\/\"},{\"@type\":\"ListItem\",\"position\":2,\"name\":\"Pamplona se suma ma\u00f1ana viernes al D\u00eda Internacional de las Urgencias y Emergencias iluminando de blanco y azul la fachada de la Casa Consistorial\"}]},{\"@type\":\"WebSite\",\"@id\":\"https:\\\/\\\/www.laguiadepamplona.com\\\/actualidad\\\/#website\",\"url\":\"https:\\\/\\\/www.laguiadepamplona.com\\\/actualidad\\\/\",\"name\":\"La gu\u00eda de Pamplona\",\"description\":\"Noticias de Pamplona\",\"publisher\":{\"@id\":\"https:\\\/\\\/www.laguiadepamplona.com\\\/actualidad\\\/#organization\"},\"potentialAction\":[{\"@type\":\"SearchAction\",\"target\":{\"@type\":\"EntryPoint\",\"urlTemplate\":\"https:\\\/\\\/www.laguiadepamplona.com\\\/actualidad\\\/?s={search_term_string}\"},\"query-input\":{\"@type\":\"PropertyValueSpecification\",\"valueRequired\":true,\"valueName\":\"search_term_string\"}}],\"inLanguage\":\"es\"},{\"@type\":\"Organization\",\"@id\":\"https:\\\/\\\/www.laguiadepamplona.com\\\/actualidad\\\/#organization\",\"name\":\"La Gu\u00eda de Pamplona \\\/ Noticias\",\"url\":\"https:\\\/\\\/www.laguiadepamplona.com\\\/actualidad\\\/\",\"logo\":{\"@type\":\"ImageObject\",\"inLanguage\":\"es\",\"@id\":\"https:\\\/\\\/www.laguiadepamplona.com\\\/actualidad\\\/#\\\/schema\\\/logo\\\/image\\\/\",\"url\":\"https:\\\/\\\/www.laguiadepamplona.com\\\/actualidad\\\/wp-content\\\/uploads\\\/2018\\\/11\\\/logo-laguiadepamplona18-web1.png\",\"contentUrl\":\"https:\\\/\\\/www.laguiadepamplona.com\\\/actualidad\\\/wp-content\\\/uploads\\\/2018\\\/11\\\/logo-laguiadepamplona18-web1.png\",\"width\":600,\"height\":196,\"caption\":\"La Gu\u00eda de Pamplona \\\/ Noticias\"},\"image\":{\"@id\":\"https:\\\/\\\/www.laguiadepamplona.com\\\/actualidad\\\/#\\\/schema\\\/logo\\\/image\\\/\"},\"sameAs\":[\"https:\\\/\\\/www.facebook.com\\\/laguiadepamplonacom-133175176762273\\\/?ref=hl\",\"https:\\\/\\\/x.com\\\/LaGuiadPamplona\",\"https:\\\/\\\/www.instagram.com\\\/la_guia_de_pamplona\\\/\",\"https:\\\/\\\/www.youtube.com\\\/user\\\/laguiadepamplona\"]},{\"@type\":\"Person\",\"@id\":\"https:\\\/\\\/www.laguiadepamplona.com\\\/actualidad\\\/#\\\/schema\\\/person\\\/efe887376f0213d4657c93adc50b1fdb\",\"name\":\"La Gu\u00eda de Pamplona\",\"image\":{\"@type\":\"ImageObject\",\"inLanguage\":\"es\",\"@id\":\"https:\\\/\\\/secure.gravatar.com\\\/avatar\\\/b6992f131dc8d30ab0dff15446e9d346d9dbd95992de0fef795073f5ea83a81c?s=96&d=mm&r=g\",\"url\":\"https:\\\/\\\/secure.gravatar.com\\\/avatar\\\/b6992f131dc8d30ab0dff15446e9d346d9dbd95992de0fef795073f5ea83a81c?s=96&d=mm&r=g\",\"contentUrl\":\"https:\\\/\\\/secure.gravatar.com\\\/avatar\\\/b6992f131dc8d30ab0dff15446e9d346d9dbd95992de0fef795073f5ea83a81c?s=96&d=mm&r=g\",\"caption\":\"La Gu\u00eda de Pamplona\"}}]}<\/script>\n<!-- \/ Yoast SEO plugin. -->","yoast_head_json":{"title":"Pamplona se suma ma\u00f1ana viernes al D\u00eda Internacional de las Urgencias y Emergencias iluminando de blanco y azul la fachada de la Casa Consistorial","description":"La naturaleza de la medicina de emergencia hace que quienes trabajan en ella est\u00e9n siempre bajo estr\u00e9s","robots":{"index":"index","follow":"follow","max-snippet":"max-snippet:-1","max-image-preview":"max-image-preview:large","max-video-preview":"max-video-preview:-1"},"canonical":"https:\/\/www.laguiadepamplona.com\/actualidad\/pamplona-se-suma-manana-viernes-al-dia-internacional-de-las-urgencias-y-emergencias-iluminando-de-blanco-y-azul-la-fachada-de-la-casa-consistorial\/","og_locale":"es_ES","og_type":"article","og_title":"Pamplona se suma ma\u00f1ana viernes al D\u00eda Internacional de las Urgencias y Emergencias iluminando de blanco y azul la fachada de la Casa Consistorial","og_description":"La naturaleza de la medicina de emergencia hace que quienes trabajan en ella est\u00e9n siempre bajo estr\u00e9s","og_url":"https:\/\/www.laguiadepamplona.com\/actualidad\/pamplona-se-suma-manana-viernes-al-dia-internacional-de-las-urgencias-y-emergencias-iluminando-de-blanco-y-azul-la-fachada-de-la-casa-consistorial\/","og_site_name":"La Gu\u00eda de Pamplona","article_publisher":"https:\/\/www.facebook.com\/laguiadepamplonacom-133175176762273\/?ref=hl","article_published_time":"2022-05-26T11:13:01+00:00","article_modified_time":"2023-04-11T09:48:08+00:00","og_image":[{"width":1920,"height":1280,"url":"https:\/\/www.laguiadepamplona.com\/actualidad\/wp-content\/uploads\/2021\/03\/aytoazul_JGV8972_1.jpg","type":"image\/jpeg"}],"author":"La Gu\u00eda de Pamplona","twitter_card":"summary_large_image","twitter_creator":"@LaGuiadPamplona","twitter_site":"@LaGuiadPamplona","twitter_misc":{"Escrito por":"La Gu\u00eda de Pamplona","Tiempo de lectura":"2 minutos"},"schema":{"@context":"https:\/\/schema.org","@graph":[{"@type":"Article","@id":"https:\/\/www.laguiadepamplona.com\/actualidad\/pamplona-se-suma-manana-viernes-al-dia-internacional-de-las-urgencias-y-emergencias-iluminando-de-blanco-y-azul-la-fachada-de-la-casa-consistorial\/#article","isPartOf":{"@id":"https:\/\/www.laguiadepamplona.com\/actualidad\/pamplona-se-suma-manana-viernes-al-dia-internacional-de-las-urgencias-y-emergencias-iluminando-de-blanco-y-azul-la-fachada-de-la-casa-consistorial\/"},"author":{"name":"La Gu\u00eda de Pamplona","@id":"https:\/\/www.laguiadepamplona.com\/actualidad\/#\/schema\/person\/efe887376f0213d4657c93adc50b1fdb"},"headline":"Pamplona se suma ma\u00f1ana viernes al D\u00eda Internacional de las Urgencias y Emergencias iluminando de blanco y azul la fachada de la Casa Consistorial","datePublished":"2022-05-26T11:13:01+00:00","dateModified":"2023-04-11T09:48:08+00:00","mainEntityOfPage":{"@id":"https:\/\/www.laguiadepamplona.com\/actualidad\/pamplona-se-suma-manana-viernes-al-dia-internacional-de-las-urgencias-y-emergencias-iluminando-de-blanco-y-azul-la-fachada-de-la-casa-consistorial\/"},"wordCount":305,"commentCount":0,"publisher":{"@id":"https:\/\/www.laguiadepamplona.com\/actualidad\/#organization"},"image":{"@id":"https:\/\/www.laguiadepamplona.com\/actualidad\/pamplona-se-suma-manana-viernes-al-dia-internacional-de-las-urgencias-y-emergencias-iluminando-de-blanco-y-azul-la-fachada-de-la-casa-consistorial\/#primaryimage"},"thumbnailUrl":"https:\/\/www.laguiadepamplona.com\/actualidad\/wp-content\/uploads\/2021\/03\/aytoazul_JGV8972_1.jpg","articleSection":["Ayto Pamplona"],"inLanguage":"es","potentialAction":[{"@type":"CommentAction","name":"Comment","target":["https:\/\/www.laguiadepamplona.com\/actualidad\/pamplona-se-suma-manana-viernes-al-dia-internacional-de-las-urgencias-y-emergencias-iluminando-de-blanco-y-azul-la-fachada-de-la-casa-consistorial\/#respond"]}]},{"@type":"WebPage","@id":"https:\/\/www.laguiadepamplona.com\/actualidad\/pamplona-se-suma-manana-viernes-al-dia-internacional-de-las-urgencias-y-emergencias-iluminando-de-blanco-y-azul-la-fachada-de-la-casa-consistorial\/","url":"https:\/\/www.laguiadepamplona.com\/actualidad\/pamplona-se-suma-manana-viernes-al-dia-internacional-de-las-urgencias-y-emergencias-iluminando-de-blanco-y-azul-la-fachada-de-la-casa-consistorial\/","name":"Pamplona se suma ma\u00f1ana viernes al D\u00eda Internacional de las Urgencias y Emergencias iluminando de blanco y azul la fachada de la Casa Consistorial","isPartOf":{"@id":"https:\/\/www.laguiadepamplona.com\/actualidad\/#website"},"primaryImageOfPage":{"@id":"https:\/\/www.laguiadepamplona.com\/actualidad\/pamplona-se-suma-manana-viernes-al-dia-internacional-de-las-urgencias-y-emergencias-iluminando-de-blanco-y-azul-la-fachada-de-la-casa-consistorial\/#primaryimage"},"image":{"@id":"https:\/\/www.laguiadepamplona.com\/actualidad\/pamplona-se-suma-manana-viernes-al-dia-internacional-de-las-urgencias-y-emergencias-iluminando-de-blanco-y-azul-la-fachada-de-la-casa-consistorial\/#primaryimage"},"thumbnailUrl":"https:\/\/www.laguiadepamplona.com\/actualidad\/wp-content\/uploads\/2021\/03\/aytoazul_JGV8972_1.jpg","datePublished":"2022-05-26T11:13:01+00:00","dateModified":"2023-04-11T09:48:08+00:00","description":"La naturaleza de la medicina de emergencia hace que quienes trabajan en ella est\u00e9n siempre bajo estr\u00e9s","breadcrumb":{"@id":"https:\/\/www.laguiadepamplona.com\/actualidad\/pamplona-se-suma-manana-viernes-al-dia-internacional-de-las-urgencias-y-emergencias-iluminando-de-blanco-y-azul-la-fachada-de-la-casa-consistorial\/#breadcrumb"},"inLanguage":"es","potentialAction":[{"@type":"ReadAction","target":["https:\/\/www.laguiadepamplona.com\/actualidad\/pamplona-se-suma-manana-viernes-al-dia-internacional-de-las-urgencias-y-emergencias-iluminando-de-blanco-y-azul-la-fachada-de-la-casa-consistorial\/"]}]},{"@type":"ImageObject","inLanguage":"es","@id":"https:\/\/www.laguiadepamplona.com\/actualidad\/pamplona-se-suma-manana-viernes-al-dia-internacional-de-las-urgencias-y-emergencias-iluminando-de-blanco-y-azul-la-fachada-de-la-casa-consistorial\/#primaryimage","url":"https:\/\/www.laguiadepamplona.com\/actualidad\/wp-content\/uploads\/2021\/03\/aytoazul_JGV8972_1.jpg","contentUrl":"https:\/\/www.laguiadepamplona.com\/actualidad\/wp-content\/uploads\/2021\/03\/aytoazul_JGV8972_1.jpg","width":1920,"height":1280,"caption":"A* Jes\u00fas Garzaron F* 2020_11_12 T* Iluminaci\u00f3n en azul de la fachada del Ayuntamiento con motivo del D\u00eda Mundial contra la Neumon\u00eda L* Ayuntamiento de Pamplona"},{"@type":"BreadcrumbList","@id":"https:\/\/www.laguiadepamplona.com\/actualidad\/pamplona-se-suma-manana-viernes-al-dia-internacional-de-las-urgencias-y-emergencias-iluminando-de-blanco-y-azul-la-fachada-de-la-casa-consistorial\/#breadcrumb","itemListElement":[{"@type":"ListItem","position":1,"name":"Portada","item":"https:\/\/www.laguiadepamplona.com\/actualidad\/"},{"@type":"ListItem","position":2,"name":"Pamplona se suma ma\u00f1ana viernes al D\u00eda Internacional de las Urgencias y Emergencias iluminando de blanco y azul la fachada de la Casa Consistorial"}]},{"@type":"WebSite","@id":"https:\/\/www.laguiadepamplona.com\/actualidad\/#website","url":"https:\/\/www.laguiadepamplona.com\/actualidad\/","name":"La gu\u00eda de Pamplona","description":"Noticias de Pamplona","publisher":{"@id":"https:\/\/www.laguiadepamplona.com\/actualidad\/#organization"},"potentialAction":[{"@type":"SearchAction","target":{"@type":"EntryPoint","urlTemplate":"https:\/\/www.laguiadepamplona.com\/actualidad\/?s={search_term_string}"},"query-input":{"@type":"PropertyValueSpecification","valueRequired":true,"valueName":"search_term_string"}}],"inLanguage":"es"},{"@type":"Organization","@id":"https:\/\/www.laguiadepamplona.com\/actualidad\/#organization","name":"La Gu\u00eda de Pamplona \/ Noticias","url":"https:\/\/www.laguiadepamplona.com\/actualidad\/","logo":{"@type":"ImageObject","inLanguage":"es","@id":"https:\/\/www.laguiadepamplona.com\/actualidad\/#\/schema\/logo\/image\/","url":"https:\/\/www.laguiadepamplona.com\/actualidad\/wp-content\/uploads\/2018\/11\/logo-laguiadepamplona18-web1.png","contentUrl":"https:\/\/www.laguiadepamplona.com\/actualidad\/wp-content\/uploads\/2018\/11\/logo-laguiadepamplona18-web1.png","width":600,"height":196,"caption":"La Gu\u00eda de Pamplona \/ Noticias"},"image":{"@id":"https:\/\/www.laguiadepamplona.com\/actualidad\/#\/schema\/logo\/image\/"},"sameAs":["https:\/\/www.facebook.com\/laguiadepamplonacom-133175176762273\/?ref=hl","https:\/\/x.com\/LaGuiadPamplona","https:\/\/www.instagram.com\/la_guia_de_pamplona\/","https:\/\/www.youtube.com\/user\/laguiadepamplona"]},{"@type":"Person","@id":"https:\/\/www.laguiadepamplona.com\/actualidad\/#\/schema\/person\/efe887376f0213d4657c93adc50b1fdb","name":"La Gu\u00eda de Pamplona","image":{"@type":"ImageObject","inLanguage":"es","@id":"https:\/\/secure.gravatar.com\/avatar\/b6992f131dc8d30ab0dff15446e9d346d9dbd95992de0fef795073f5ea83a81c?s=96&d=mm&r=g","url":"https:\/\/secure.gravatar.com\/avatar\/b6992f131dc8d30ab0dff15446e9d346d9dbd95992de0fef795073f5ea83a81c?s=96&d=mm&r=g","contentUrl":"https:\/\/secure.gravatar.com\/avatar\/b6992f131dc8d30ab0dff15446e9d346d9dbd95992de0fef795073f5ea83a81c?s=96&d=mm&r=g","caption":"La Gu\u00eda de Pamplona"}}]}},"post_mailing_queue_ids":[],"_links":{"self":[{"href":"https:\/\/www.laguiadepamplona.com\/actualidad\/wp-json\/wp\/v2\/posts\/40482","targetHints":{"allow":["GET"]}}],"collection":[{"href":"https:\/\/www.laguiadepamplona.com\/actualidad\/wp-json\/wp\/v2\/posts"}],"about":[{"href":"https:\/\/www.laguiadepamplona.com\/actualidad\/wp-json\/wp\/v2\/types\/post"}],"author":[{"embeddable":true,"href":"https:\/\/www.laguiadepamplona.com\/actualidad\/wp-json\/wp\/v2\/users\/1"}],"replies":[{"embeddable":true,"href":"https:\/\/www.laguiadepamplona.com\/actualidad\/wp-json\/wp\/v2\/comments?post=40482"}],"version-history":[{"count":0,"href":"https:\/\/www.laguiadepamplona.com\/actualidad\/wp-json\/wp\/v2\/posts\/40482\/revisions"}],"wp:featuredmedia":[{"embeddable":true,"href":"https:\/\/www.laguiadepamplona.com\/actualidad\/wp-json\/wp\/v2\/media\/33821"}],"wp:attachment":[{"href":"https:\/\/www.laguiadepamplona.com\/actualidad\/wp-json\/wp\/v2\/media?parent=40482"}],"wp:term":[{"taxonomy":"category","embeddable":true,"href":"https:\/\/www.laguiadepamplona.com\/actualidad\/wp-json\/wp\/v2\/categories?post=40482"},{"taxonomy":"post_tag","embeddable":true,"href":"https:\/\/www.laguiadepamplona.com\/actualidad\/wp-json\/wp\/v2\/tags?post=40482"}],"curies":[{"name":"wp","href":"https:\/\/api.w.org\/{rel}","templated":true}]}}