{"id":40479,"date":"2022-05-26T13:11:36","date_gmt":"2022-05-26T11:11:36","guid":{"rendered":"https:\/\/www.laguiadepamplona.com\/actualidad\/?p=40479"},"modified":"2023-04-11T11:48:08","modified_gmt":"2023-04-11T09:48:08","slug":"la-tercera-mesa-de-la-infancia-y-la-adolescencia-planteara-medidas-para-construir-una-pamplona-mas-amigable-segura-y-sostenible","status":"publish","type":"post","link":"https:\/\/www.laguiadepamplona.com\/actualidad\/la-tercera-mesa-de-la-infancia-y-la-adolescencia-planteara-medidas-para-construir-una-pamplona-mas-amigable-segura-y-sostenible\/","title":{"rendered":"La tercera Mesa de la Infancia y la Adolescencia plantear\u00e1 medidas para construir una Pamplona m\u00e1s amigable, segura y sostenible"},"content":{"rendered":"<h5>Este jueves, a las 17 horas, la Sala de Armas de la Ciudadela acoger\u00e1 el encuentro entre responsables municipales y representantes infantiles<\/h5>\n<p><!--more--><\/p>\n<p>La Mesa de la Infancia y Adolescencia abordar\u00e1 esta tarde diversas propuestas y sugerencias para hacer de Pamplona una ciudad m\u00e1s amigable, sostenible y segura, en l\u00ednea con los Objetivos de Desarrollo Sostenible. Este tercer encuentro entre responsables municipales y representantes infantiles tendr\u00e1 lugar <strong><u>hoy, a las 17 horas, en la Sala de Armas de la Ciudadela<\/u><\/strong>, y estar\u00e1 presidido por la concejala delegada de Servicios Sociales, Acci\u00f3n Comunitaria y Deporte, Mar\u00eda Caballero.<br \/>\n<script async src=\"\/\/pagead2.googlesyndication.com\/pagead\/js\/adsbygoogle.js\"><\/script><br \/>\n<!-- Noticias La Guia de Pamplona --><br \/>\n<ins class=\"adsbygoogle\"\nstyle=\"display:block\"\ndata-ad-client=\"ca-pub-6943679897239327\"\ndata-ad-slot=\"7048180777\"\ndata-ad-format=\"auto\"><\/ins><br \/>\n<script>\n(adsbygoogle = window.adsbygoogle || []).push({});\n<\/script><\/p>\n<p>A la cita acudir\u00e1n una veintena de ni\u00f1os, ni\u00f1as y adolescentes, en representaci\u00f3n de la infancia y adolescencia de los 14 barrios de Pamplona. Estos representantes escolares fueron elegidos en 2021 a trav\u00e9s de votaciones celebradas entre los participantes en las actividades municipales de COworkids, a las que acuden m\u00e1s de 900 menores de 18 a\u00f1os. Del trabajo en grupo para proponer medidas para que la ciudad sea m\u00e1s respetuosa con la infancia, m\u00e1s cuidada y m\u00e1s amigable, han surgido sugerencias como colocar ceniceros para colillas encima de las papeleras de un parque en Iturrama, implantar un ba\u00f1o cerca de una parada de autob\u00fas de San Juan para que los conductores puedan hacer uso de ellos, crear nuevos \u201cpipican\u201d en distintos puntos de la ciudad o plantar flores en diversos lugares de Etxabakoitz, entre otras sugerencias.<\/p>\n<p>El encuentro servir\u00e1, adem\u00e1s, para que los responsables municipales ofrezcan informaci\u00f3n actualizada a los ni\u00f1os y las ni\u00f1as participantes sobre los \u00faltimos avances del Consistorio respecto a sus propuestas de mesas anteriores. La jornada se cerrar\u00e1 con un debate en el que los y las representantes infantiles expondr\u00e1n preguntas al resto de miembros del \u00f3rgano. La Sala de Armas, que acoge la sesi\u00f3n, estar\u00e1 decorada por una exposici\u00f3n de maquetas de los 14 barrios con su ciudad sostenible que han realizado los ni\u00f1os y ni\u00f1as en COworkids.<br \/>\n<script async src=\"\/\/pagead2.googlesyndication.com\/pagead\/js\/adsbygoogle.js\"><\/script><br \/>\n<!-- Noticias La Guia de Pamplona --><br \/>\n<ins class=\"adsbygoogle\"\nstyle=\"display:block\"\ndata-ad-client=\"ca-pub-6943679897239327\"\ndata-ad-slot=\"7048180777\"\ndata-ad-format=\"auto\"><\/ins><br \/>\n<script>\n(adsbygoogle = window.adsbygoogle || []).push({});\n<\/script><\/p>\n<p><strong>\u00d3rgano de participaci\u00f3n<\/strong><\/p>\n<p>La Mesa de la Infancia y la Adolescencia es un \u00f3rgano que canaliza de forma estable la participaci\u00f3n de los menores de edad en el gobierno de la ciudad, en l\u00ednea con el Plan de Infancia y Adolescencia 2018-2022 y con el mandato de Pamplona como Ciudad Amiga de la Infancia. \u00c9sta es la tercera ocasi\u00f3n en la que se re\u00fane la Mesa tras un encuentro inicial y de constituci\u00f3n que tuvo lugar en mayo de 2021, y un posterior encuentro con ocasi\u00f3n del D\u00eda Internacional del Ni\u00f1o y de la Ni\u00f1a, en noviembre de 2021.<\/p>\n<p>Con la puesta en marcha del programa municipal COworkids, en mayo de 2021, se procedi\u00f3 a la elecci\u00f3n de representantes infantiles y a la constituci\u00f3n de la mesa. En estos momentos, la Mesa est\u00e1 constituida por la presidencia de la concejala delegada de Servicios Sociales, Acci\u00f3n Comunitaria y Deporte, Mar\u00eda Caballero, 20 ni\u00f1os, ni\u00f1as y adolescentes, y los representantes de los grupos municipales Fernando Aranguren, Garbi\u00f1e Bueno, Maite Esporr\u00edn y Patxi Leuza. Asimismo, son vocales tres representantes de instituciones vinculadas con la Infancia y Adolescencia: Mikel Aguirre Errea, presidente de UNICEF Comit\u00e9 Navarra; Manuel Mart\u00edn, presidente del Consejo Escolar de Navarra-Junta Superior de Educaci\u00f3n y Eduardo Fern\u00e1ndez, de la Red Navarra de Aprendizaje y Servicio.<\/p>\n","protected":false},"excerpt":{"rendered":"<p>Este jueves, a las 17 horas, la Sala de Armas de la Ciudadela acoger\u00e1 el encuentro entre responsables municipales y representantes infantiles<\/p>\n","protected":false},"author":1,"featured_media":40480,"comment_status":"open","ping_status":"closed","sticky":false,"template":"","format":"standard","meta":{"footnotes":""},"categories":[2],"tags":[],"class_list":["post-40479","post","type-post","status-publish","format-standard","has-post-thumbnail","hentry","category-ayuntamiento-pamplona"],"yoast_head":"<!-- This site is optimized with the Yoast SEO plugin v27.3 - https:\/\/yoast.com\/product\/yoast-seo-wordpress\/ -->\n<title>La tercera Mesa de la Infancia y la Adolescencia plantear\u00e1 medidas para construir una Pamplona m\u00e1s amigable, segura y sostenible<\/title>\n<meta name=\"description\" content=\"Este jueves, a las 17 horas, la Sala de Armas de la Ciudadela acoger\u00e1 el encuentro entre responsables municipales y representantes infantiles\" \/>\n<meta name=\"robots\" content=\"index, follow, max-snippet:-1, max-image-preview:large, max-video-preview:-1\" \/>\n<link rel=\"canonical\" href=\"https:\/\/www.laguiadepamplona.com\/actualidad\/la-tercera-mesa-de-la-infancia-y-la-adolescencia-planteara-medidas-para-construir-una-pamplona-mas-amigable-segura-y-sostenible\/\" \/>\n<meta property=\"og:locale\" content=\"es_ES\" \/>\n<meta property=\"og:type\" content=\"article\" \/>\n<meta property=\"og:title\" content=\"La tercera Mesa de la Infancia y la Adolescencia plantear\u00e1 medidas para construir una Pamplona m\u00e1s amigable, segura y sostenible\" \/>\n<meta property=\"og:description\" content=\"Este jueves, a las 17 horas, la Sala de Armas de la Ciudadela acoger\u00e1 el encuentro entre responsables municipales y representantes infantiles\" \/>\n<meta property=\"og:url\" content=\"https:\/\/www.laguiadepamplona.com\/actualidad\/la-tercera-mesa-de-la-infancia-y-la-adolescencia-planteara-medidas-para-construir-una-pamplona-mas-amigable-segura-y-sostenible\/\" \/>\n<meta property=\"og:site_name\" content=\"La Gu\u00eda de Pamplona\" \/>\n<meta property=\"article:publisher\" content=\"https:\/\/www.facebook.com\/laguiadepamplonacom-133175176762273\/?ref=hl\" \/>\n<meta property=\"article:published_time\" content=\"2022-05-26T11:11:36+00:00\" \/>\n<meta property=\"article:modified_time\" content=\"2023-04-11T09:48:08+00:00\" \/>\n<meta property=\"og:image\" content=\"https:\/\/www.laguiadepamplona.com\/actualidad\/wp-content\/uploads\/2022\/05\/MESA-DE-LA-INFANCIA__EE5A6996.webp\" \/>\n\t<meta property=\"og:image:width\" content=\"1920\" \/>\n\t<meta property=\"og:image:height\" content=\"1280\" \/>\n\t<meta property=\"og:image:type\" content=\"image\/webp\" \/>\n<meta name=\"author\" content=\"La Gu\u00eda de Pamplona\" \/>\n<meta name=\"twitter:card\" content=\"summary_large_image\" \/>\n<meta name=\"twitter:creator\" content=\"@LaGuiadPamplona\" \/>\n<meta name=\"twitter:site\" content=\"@LaGuiadPamplona\" \/>\n<meta name=\"twitter:label1\" content=\"Escrito por\" \/>\n\t<meta name=\"twitter:data1\" content=\"La Gu\u00eda de Pamplona\" \/>\n\t<meta name=\"twitter:label2\" content=\"Tiempo de lectura\" \/>\n\t<meta name=\"twitter:data2\" content=\"3 minutos\" \/>\n<script type=\"application\/ld+json\" class=\"yoast-schema-graph\">{\"@context\":\"https:\\\/\\\/schema.org\",\"@graph\":[{\"@type\":\"Article\",\"@id\":\"https:\\\/\\\/www.laguiadepamplona.com\\\/actualidad\\\/la-tercera-mesa-de-la-infancia-y-la-adolescencia-planteara-medidas-para-construir-una-pamplona-mas-amigable-segura-y-sostenible\\\/#article\",\"isPartOf\":{\"@id\":\"https:\\\/\\\/www.laguiadepamplona.com\\\/actualidad\\\/la-tercera-mesa-de-la-infancia-y-la-adolescencia-planteara-medidas-para-construir-una-pamplona-mas-amigable-segura-y-sostenible\\\/\"},\"author\":{\"name\":\"La Gu\u00eda de Pamplona\",\"@id\":\"https:\\\/\\\/www.laguiadepamplona.com\\\/actualidad\\\/#\\\/schema\\\/person\\\/efe887376f0213d4657c93adc50b1fdb\"},\"headline\":\"La tercera Mesa de la Infancia y la Adolescencia plantear\u00e1 medidas para construir una Pamplona m\u00e1s amigable, segura y sostenible\",\"datePublished\":\"2022-05-26T11:11:36+00:00\",\"dateModified\":\"2023-04-11T09:48:08+00:00\",\"mainEntityOfPage\":{\"@id\":\"https:\\\/\\\/www.laguiadepamplona.com\\\/actualidad\\\/la-tercera-mesa-de-la-infancia-y-la-adolescencia-planteara-medidas-para-construir-una-pamplona-mas-amigable-segura-y-sostenible\\\/\"},\"wordCount\":588,\"commentCount\":0,\"publisher\":{\"@id\":\"https:\\\/\\\/www.laguiadepamplona.com\\\/actualidad\\\/#organization\"},\"image\":{\"@id\":\"https:\\\/\\\/www.laguiadepamplona.com\\\/actualidad\\\/la-tercera-mesa-de-la-infancia-y-la-adolescencia-planteara-medidas-para-construir-una-pamplona-mas-amigable-segura-y-sostenible\\\/#primaryimage\"},\"thumbnailUrl\":\"https:\\\/\\\/www.laguiadepamplona.com\\\/actualidad\\\/wp-content\\\/uploads\\\/2022\\\/05\\\/MESA-DE-LA-INFANCIA__EE5A6996.webp\",\"articleSection\":[\"Ayto Pamplona\"],\"inLanguage\":\"es\",\"potentialAction\":[{\"@type\":\"CommentAction\",\"name\":\"Comment\",\"target\":[\"https:\\\/\\\/www.laguiadepamplona.com\\\/actualidad\\\/la-tercera-mesa-de-la-infancia-y-la-adolescencia-planteara-medidas-para-construir-una-pamplona-mas-amigable-segura-y-sostenible\\\/#respond\"]}]},{\"@type\":\"WebPage\",\"@id\":\"https:\\\/\\\/www.laguiadepamplona.com\\\/actualidad\\\/la-tercera-mesa-de-la-infancia-y-la-adolescencia-planteara-medidas-para-construir-una-pamplona-mas-amigable-segura-y-sostenible\\\/\",\"url\":\"https:\\\/\\\/www.laguiadepamplona.com\\\/actualidad\\\/la-tercera-mesa-de-la-infancia-y-la-adolescencia-planteara-medidas-para-construir-una-pamplona-mas-amigable-segura-y-sostenible\\\/\",\"name\":\"La tercera Mesa de la Infancia y la Adolescencia plantear\u00e1 medidas para construir una Pamplona m\u00e1s amigable, segura y sostenible\",\"isPartOf\":{\"@id\":\"https:\\\/\\\/www.laguiadepamplona.com\\\/actualidad\\\/#website\"},\"primaryImageOfPage\":{\"@id\":\"https:\\\/\\\/www.laguiadepamplona.com\\\/actualidad\\\/la-tercera-mesa-de-la-infancia-y-la-adolescencia-planteara-medidas-para-construir-una-pamplona-mas-amigable-segura-y-sostenible\\\/#primaryimage\"},\"image\":{\"@id\":\"https:\\\/\\\/www.laguiadepamplona.com\\\/actualidad\\\/la-tercera-mesa-de-la-infancia-y-la-adolescencia-planteara-medidas-para-construir-una-pamplona-mas-amigable-segura-y-sostenible\\\/#primaryimage\"},\"thumbnailUrl\":\"https:\\\/\\\/www.laguiadepamplona.com\\\/actualidad\\\/wp-content\\\/uploads\\\/2022\\\/05\\\/MESA-DE-LA-INFANCIA__EE5A6996.webp\",\"datePublished\":\"2022-05-26T11:11:36+00:00\",\"dateModified\":\"2023-04-11T09:48:08+00:00\",\"description\":\"Este jueves, a las 17 horas, la Sala de Armas de la Ciudadela acoger\u00e1 el encuentro entre responsables municipales y representantes infantiles\",\"breadcrumb\":{\"@id\":\"https:\\\/\\\/www.laguiadepamplona.com\\\/actualidad\\\/la-tercera-mesa-de-la-infancia-y-la-adolescencia-planteara-medidas-para-construir-una-pamplona-mas-amigable-segura-y-sostenible\\\/#breadcrumb\"},\"inLanguage\":\"es\",\"potentialAction\":[{\"@type\":\"ReadAction\",\"target\":[\"https:\\\/\\\/www.laguiadepamplona.com\\\/actualidad\\\/la-tercera-mesa-de-la-infancia-y-la-adolescencia-planteara-medidas-para-construir-una-pamplona-mas-amigable-segura-y-sostenible\\\/\"]}]},{\"@type\":\"ImageObject\",\"inLanguage\":\"es\",\"@id\":\"https:\\\/\\\/www.laguiadepamplona.com\\\/actualidad\\\/la-tercera-mesa-de-la-infancia-y-la-adolescencia-planteara-medidas-para-construir-una-pamplona-mas-amigable-segura-y-sostenible\\\/#primaryimage\",\"url\":\"https:\\\/\\\/www.laguiadepamplona.com\\\/actualidad\\\/wp-content\\\/uploads\\\/2022\\\/05\\\/MESA-DE-LA-INFANCIA__EE5A6996.webp\",\"contentUrl\":\"https:\\\/\\\/www.laguiadepamplona.com\\\/actualidad\\\/wp-content\\\/uploads\\\/2022\\\/05\\\/MESA-DE-LA-INFANCIA__EE5A6996.webp\",\"width\":1920,\"height\":1280,\"caption\":\"mesa infancia\"},{\"@type\":\"BreadcrumbList\",\"@id\":\"https:\\\/\\\/www.laguiadepamplona.com\\\/actualidad\\\/la-tercera-mesa-de-la-infancia-y-la-adolescencia-planteara-medidas-para-construir-una-pamplona-mas-amigable-segura-y-sostenible\\\/#breadcrumb\",\"itemListElement\":[{\"@type\":\"ListItem\",\"position\":1,\"name\":\"Portada\",\"item\":\"https:\\\/\\\/www.laguiadepamplona.com\\\/actualidad\\\/\"},{\"@type\":\"ListItem\",\"position\":2,\"name\":\"La tercera Mesa de la Infancia y la Adolescencia plantear\u00e1 medidas para construir una Pamplona m\u00e1s amigable, segura y sostenible\"}]},{\"@type\":\"WebSite\",\"@id\":\"https:\\\/\\\/www.laguiadepamplona.com\\\/actualidad\\\/#website\",\"url\":\"https:\\\/\\\/www.laguiadepamplona.com\\\/actualidad\\\/\",\"name\":\"La gu\u00eda de Pamplona\",\"description\":\"Noticias de Pamplona\",\"publisher\":{\"@id\":\"https:\\\/\\\/www.laguiadepamplona.com\\\/actualidad\\\/#organization\"},\"potentialAction\":[{\"@type\":\"SearchAction\",\"target\":{\"@type\":\"EntryPoint\",\"urlTemplate\":\"https:\\\/\\\/www.laguiadepamplona.com\\\/actualidad\\\/?s={search_term_string}\"},\"query-input\":{\"@type\":\"PropertyValueSpecification\",\"valueRequired\":true,\"valueName\":\"search_term_string\"}}],\"inLanguage\":\"es\"},{\"@type\":\"Organization\",\"@id\":\"https:\\\/\\\/www.laguiadepamplona.com\\\/actualidad\\\/#organization\",\"name\":\"La Gu\u00eda de Pamplona \\\/ Noticias\",\"url\":\"https:\\\/\\\/www.laguiadepamplona.com\\\/actualidad\\\/\",\"logo\":{\"@type\":\"ImageObject\",\"inLanguage\":\"es\",\"@id\":\"https:\\\/\\\/www.laguiadepamplona.com\\\/actualidad\\\/#\\\/schema\\\/logo\\\/image\\\/\",\"url\":\"https:\\\/\\\/www.laguiadepamplona.com\\\/actualidad\\\/wp-content\\\/uploads\\\/2018\\\/11\\\/logo-laguiadepamplona18-web1.png\",\"contentUrl\":\"https:\\\/\\\/www.laguiadepamplona.com\\\/actualidad\\\/wp-content\\\/uploads\\\/2018\\\/11\\\/logo-laguiadepamplona18-web1.png\",\"width\":600,\"height\":196,\"caption\":\"La Gu\u00eda de Pamplona \\\/ Noticias\"},\"image\":{\"@id\":\"https:\\\/\\\/www.laguiadepamplona.com\\\/actualidad\\\/#\\\/schema\\\/logo\\\/image\\\/\"},\"sameAs\":[\"https:\\\/\\\/www.facebook.com\\\/laguiadepamplonacom-133175176762273\\\/?ref=hl\",\"https:\\\/\\\/x.com\\\/LaGuiadPamplona\",\"https:\\\/\\\/www.instagram.com\\\/la_guia_de_pamplona\\\/\",\"https:\\\/\\\/www.youtube.com\\\/user\\\/laguiadepamplona\"]},{\"@type\":\"Person\",\"@id\":\"https:\\\/\\\/www.laguiadepamplona.com\\\/actualidad\\\/#\\\/schema\\\/person\\\/efe887376f0213d4657c93adc50b1fdb\",\"name\":\"La Gu\u00eda de Pamplona\",\"image\":{\"@type\":\"ImageObject\",\"inLanguage\":\"es\",\"@id\":\"https:\\\/\\\/secure.gravatar.com\\\/avatar\\\/b6992f131dc8d30ab0dff15446e9d346d9dbd95992de0fef795073f5ea83a81c?s=96&d=mm&r=g\",\"url\":\"https:\\\/\\\/secure.gravatar.com\\\/avatar\\\/b6992f131dc8d30ab0dff15446e9d346d9dbd95992de0fef795073f5ea83a81c?s=96&d=mm&r=g\",\"contentUrl\":\"https:\\\/\\\/secure.gravatar.com\\\/avatar\\\/b6992f131dc8d30ab0dff15446e9d346d9dbd95992de0fef795073f5ea83a81c?s=96&d=mm&r=g\",\"caption\":\"La Gu\u00eda de Pamplona\"}}]}<\/script>\n<!-- \/ Yoast SEO plugin. -->","yoast_head_json":{"title":"La tercera Mesa de la Infancia y la Adolescencia plantear\u00e1 medidas para construir una Pamplona m\u00e1s amigable, segura y sostenible","description":"Este jueves, a las 17 horas, la Sala de Armas de la Ciudadela acoger\u00e1 el encuentro entre responsables municipales y representantes infantiles","robots":{"index":"index","follow":"follow","max-snippet":"max-snippet:-1","max-image-preview":"max-image-preview:large","max-video-preview":"max-video-preview:-1"},"canonical":"https:\/\/www.laguiadepamplona.com\/actualidad\/la-tercera-mesa-de-la-infancia-y-la-adolescencia-planteara-medidas-para-construir-una-pamplona-mas-amigable-segura-y-sostenible\/","og_locale":"es_ES","og_type":"article","og_title":"La tercera Mesa de la Infancia y la Adolescencia plantear\u00e1 medidas para construir una Pamplona m\u00e1s amigable, segura y sostenible","og_description":"Este jueves, a las 17 horas, la Sala de Armas de la Ciudadela acoger\u00e1 el encuentro entre responsables municipales y representantes infantiles","og_url":"https:\/\/www.laguiadepamplona.com\/actualidad\/la-tercera-mesa-de-la-infancia-y-la-adolescencia-planteara-medidas-para-construir-una-pamplona-mas-amigable-segura-y-sostenible\/","og_site_name":"La Gu\u00eda de Pamplona","article_publisher":"https:\/\/www.facebook.com\/laguiadepamplonacom-133175176762273\/?ref=hl","article_published_time":"2022-05-26T11:11:36+00:00","article_modified_time":"2023-04-11T09:48:08+00:00","og_image":[{"width":1920,"height":1280,"url":"https:\/\/www.laguiadepamplona.com\/actualidad\/wp-content\/uploads\/2022\/05\/MESA-DE-LA-INFANCIA__EE5A6996.webp","type":"image\/webp"}],"author":"La Gu\u00eda de Pamplona","twitter_card":"summary_large_image","twitter_creator":"@LaGuiadPamplona","twitter_site":"@LaGuiadPamplona","twitter_misc":{"Escrito por":"La Gu\u00eda de Pamplona","Tiempo de lectura":"3 minutos"},"schema":{"@context":"https:\/\/schema.org","@graph":[{"@type":"Article","@id":"https:\/\/www.laguiadepamplona.com\/actualidad\/la-tercera-mesa-de-la-infancia-y-la-adolescencia-planteara-medidas-para-construir-una-pamplona-mas-amigable-segura-y-sostenible\/#article","isPartOf":{"@id":"https:\/\/www.laguiadepamplona.com\/actualidad\/la-tercera-mesa-de-la-infancia-y-la-adolescencia-planteara-medidas-para-construir-una-pamplona-mas-amigable-segura-y-sostenible\/"},"author":{"name":"La Gu\u00eda de Pamplona","@id":"https:\/\/www.laguiadepamplona.com\/actualidad\/#\/schema\/person\/efe887376f0213d4657c93adc50b1fdb"},"headline":"La tercera Mesa de la Infancia y la Adolescencia plantear\u00e1 medidas para construir una Pamplona m\u00e1s amigable, segura y sostenible","datePublished":"2022-05-26T11:11:36+00:00","dateModified":"2023-04-11T09:48:08+00:00","mainEntityOfPage":{"@id":"https:\/\/www.laguiadepamplona.com\/actualidad\/la-tercera-mesa-de-la-infancia-y-la-adolescencia-planteara-medidas-para-construir-una-pamplona-mas-amigable-segura-y-sostenible\/"},"wordCount":588,"commentCount":0,"publisher":{"@id":"https:\/\/www.laguiadepamplona.com\/actualidad\/#organization"},"image":{"@id":"https:\/\/www.laguiadepamplona.com\/actualidad\/la-tercera-mesa-de-la-infancia-y-la-adolescencia-planteara-medidas-para-construir-una-pamplona-mas-amigable-segura-y-sostenible\/#primaryimage"},"thumbnailUrl":"https:\/\/www.laguiadepamplona.com\/actualidad\/wp-content\/uploads\/2022\/05\/MESA-DE-LA-INFANCIA__EE5A6996.webp","articleSection":["Ayto Pamplona"],"inLanguage":"es","potentialAction":[{"@type":"CommentAction","name":"Comment","target":["https:\/\/www.laguiadepamplona.com\/actualidad\/la-tercera-mesa-de-la-infancia-y-la-adolescencia-planteara-medidas-para-construir-una-pamplona-mas-amigable-segura-y-sostenible\/#respond"]}]},{"@type":"WebPage","@id":"https:\/\/www.laguiadepamplona.com\/actualidad\/la-tercera-mesa-de-la-infancia-y-la-adolescencia-planteara-medidas-para-construir-una-pamplona-mas-amigable-segura-y-sostenible\/","url":"https:\/\/www.laguiadepamplona.com\/actualidad\/la-tercera-mesa-de-la-infancia-y-la-adolescencia-planteara-medidas-para-construir-una-pamplona-mas-amigable-segura-y-sostenible\/","name":"La tercera Mesa de la Infancia y la Adolescencia plantear\u00e1 medidas para construir una Pamplona m\u00e1s amigable, segura y sostenible","isPartOf":{"@id":"https:\/\/www.laguiadepamplona.com\/actualidad\/#website"},"primaryImageOfPage":{"@id":"https:\/\/www.laguiadepamplona.com\/actualidad\/la-tercera-mesa-de-la-infancia-y-la-adolescencia-planteara-medidas-para-construir-una-pamplona-mas-amigable-segura-y-sostenible\/#primaryimage"},"image":{"@id":"https:\/\/www.laguiadepamplona.com\/actualidad\/la-tercera-mesa-de-la-infancia-y-la-adolescencia-planteara-medidas-para-construir-una-pamplona-mas-amigable-segura-y-sostenible\/#primaryimage"},"thumbnailUrl":"https:\/\/www.laguiadepamplona.com\/actualidad\/wp-content\/uploads\/2022\/05\/MESA-DE-LA-INFANCIA__EE5A6996.webp","datePublished":"2022-05-26T11:11:36+00:00","dateModified":"2023-04-11T09:48:08+00:00","description":"Este jueves, a las 17 horas, la Sala de Armas de la Ciudadela acoger\u00e1 el encuentro entre responsables municipales y representantes infantiles","breadcrumb":{"@id":"https:\/\/www.laguiadepamplona.com\/actualidad\/la-tercera-mesa-de-la-infancia-y-la-adolescencia-planteara-medidas-para-construir-una-pamplona-mas-amigable-segura-y-sostenible\/#breadcrumb"},"inLanguage":"es","potentialAction":[{"@type":"ReadAction","target":["https:\/\/www.laguiadepamplona.com\/actualidad\/la-tercera-mesa-de-la-infancia-y-la-adolescencia-planteara-medidas-para-construir-una-pamplona-mas-amigable-segura-y-sostenible\/"]}]},{"@type":"ImageObject","inLanguage":"es","@id":"https:\/\/www.laguiadepamplona.com\/actualidad\/la-tercera-mesa-de-la-infancia-y-la-adolescencia-planteara-medidas-para-construir-una-pamplona-mas-amigable-segura-y-sostenible\/#primaryimage","url":"https:\/\/www.laguiadepamplona.com\/actualidad\/wp-content\/uploads\/2022\/05\/MESA-DE-LA-INFANCIA__EE5A6996.webp","contentUrl":"https:\/\/www.laguiadepamplona.com\/actualidad\/wp-content\/uploads\/2022\/05\/MESA-DE-LA-INFANCIA__EE5A6996.webp","width":1920,"height":1280,"caption":"mesa infancia"},{"@type":"BreadcrumbList","@id":"https:\/\/www.laguiadepamplona.com\/actualidad\/la-tercera-mesa-de-la-infancia-y-la-adolescencia-planteara-medidas-para-construir-una-pamplona-mas-amigable-segura-y-sostenible\/#breadcrumb","itemListElement":[{"@type":"ListItem","position":1,"name":"Portada","item":"https:\/\/www.laguiadepamplona.com\/actualidad\/"},{"@type":"ListItem","position":2,"name":"La tercera Mesa de la Infancia y la Adolescencia plantear\u00e1 medidas para construir una Pamplona m\u00e1s amigable, segura y sostenible"}]},{"@type":"WebSite","@id":"https:\/\/www.laguiadepamplona.com\/actualidad\/#website","url":"https:\/\/www.laguiadepamplona.com\/actualidad\/","name":"La gu\u00eda de Pamplona","description":"Noticias de Pamplona","publisher":{"@id":"https:\/\/www.laguiadepamplona.com\/actualidad\/#organization"},"potentialAction":[{"@type":"SearchAction","target":{"@type":"EntryPoint","urlTemplate":"https:\/\/www.laguiadepamplona.com\/actualidad\/?s={search_term_string}"},"query-input":{"@type":"PropertyValueSpecification","valueRequired":true,"valueName":"search_term_string"}}],"inLanguage":"es"},{"@type":"Organization","@id":"https:\/\/www.laguiadepamplona.com\/actualidad\/#organization","name":"La Gu\u00eda de Pamplona \/ Noticias","url":"https:\/\/www.laguiadepamplona.com\/actualidad\/","logo":{"@type":"ImageObject","inLanguage":"es","@id":"https:\/\/www.laguiadepamplona.com\/actualidad\/#\/schema\/logo\/image\/","url":"https:\/\/www.laguiadepamplona.com\/actualidad\/wp-content\/uploads\/2018\/11\/logo-laguiadepamplona18-web1.png","contentUrl":"https:\/\/www.laguiadepamplona.com\/actualidad\/wp-content\/uploads\/2018\/11\/logo-laguiadepamplona18-web1.png","width":600,"height":196,"caption":"La Gu\u00eda de Pamplona \/ Noticias"},"image":{"@id":"https:\/\/www.laguiadepamplona.com\/actualidad\/#\/schema\/logo\/image\/"},"sameAs":["https:\/\/www.facebook.com\/laguiadepamplonacom-133175176762273\/?ref=hl","https:\/\/x.com\/LaGuiadPamplona","https:\/\/www.instagram.com\/la_guia_de_pamplona\/","https:\/\/www.youtube.com\/user\/laguiadepamplona"]},{"@type":"Person","@id":"https:\/\/www.laguiadepamplona.com\/actualidad\/#\/schema\/person\/efe887376f0213d4657c93adc50b1fdb","name":"La Gu\u00eda de Pamplona","image":{"@type":"ImageObject","inLanguage":"es","@id":"https:\/\/secure.gravatar.com\/avatar\/b6992f131dc8d30ab0dff15446e9d346d9dbd95992de0fef795073f5ea83a81c?s=96&d=mm&r=g","url":"https:\/\/secure.gravatar.com\/avatar\/b6992f131dc8d30ab0dff15446e9d346d9dbd95992de0fef795073f5ea83a81c?s=96&d=mm&r=g","contentUrl":"https:\/\/secure.gravatar.com\/avatar\/b6992f131dc8d30ab0dff15446e9d346d9dbd95992de0fef795073f5ea83a81c?s=96&d=mm&r=g","caption":"La Gu\u00eda de Pamplona"}}]}},"post_mailing_queue_ids":[],"_links":{"self":[{"href":"https:\/\/www.laguiadepamplona.com\/actualidad\/wp-json\/wp\/v2\/posts\/40479","targetHints":{"allow":["GET"]}}],"collection":[{"href":"https:\/\/www.laguiadepamplona.com\/actualidad\/wp-json\/wp\/v2\/posts"}],"about":[{"href":"https:\/\/www.laguiadepamplona.com\/actualidad\/wp-json\/wp\/v2\/types\/post"}],"author":[{"embeddable":true,"href":"https:\/\/www.laguiadepamplona.com\/actualidad\/wp-json\/wp\/v2\/users\/1"}],"replies":[{"embeddable":true,"href":"https:\/\/www.laguiadepamplona.com\/actualidad\/wp-json\/wp\/v2\/comments?post=40479"}],"version-history":[{"count":0,"href":"https:\/\/www.laguiadepamplona.com\/actualidad\/wp-json\/wp\/v2\/posts\/40479\/revisions"}],"wp:featuredmedia":[{"embeddable":true,"href":"https:\/\/www.laguiadepamplona.com\/actualidad\/wp-json\/wp\/v2\/media\/40480"}],"wp:attachment":[{"href":"https:\/\/www.laguiadepamplona.com\/actualidad\/wp-json\/wp\/v2\/media?parent=40479"}],"wp:term":[{"taxonomy":"category","embeddable":true,"href":"https:\/\/www.laguiadepamplona.com\/actualidad\/wp-json\/wp\/v2\/categories?post=40479"},{"taxonomy":"post_tag","embeddable":true,"href":"https:\/\/www.laguiadepamplona.com\/actualidad\/wp-json\/wp\/v2\/tags?post=40479"}],"curies":[{"name":"wp","href":"https:\/\/api.w.org\/{rel}","templated":true}]}}