{"id":40471,"date":"2022-05-26T12:43:27","date_gmt":"2022-05-26T10:43:27","guid":{"rendered":"https:\/\/www.laguiadepamplona.com\/actualidad\/?p=40471"},"modified":"2023-04-11T11:48:08","modified_gmt":"2023-04-11T09:48:08","slug":"el-ayuntamiento-de-pamplona-renueva-80-papeleras-verdes-de-buztintxuri-e-instala-otras-25-de-color-amarillo-para-la-recogida-especifica-de-envases","status":"publish","type":"post","link":"https:\/\/www.laguiadepamplona.com\/actualidad\/el-ayuntamiento-de-pamplona-renueva-80-papeleras-verdes-de-buztintxuri-e-instala-otras-25-de-color-amarillo-para-la-recogida-especifica-de-envases\/","title":{"rendered":"El Ayuntamiento de Pamplona renueva 80 papeleras verdes de Buztintxuri e instala otras 25 de color amarillo para la recogida espec\u00edfica de envases"},"content":{"rendered":"<h5>Buztintxuri es el segundo barrio, tras San Jorge, en el que se pone en marcha esta iniciativa de recogida separada de residuos reciclables<\/h5>\n<p><!--more--><\/p>\n<p>El Ayuntamiento de Pamplona ha instalado en el barrio de Buztintxuri 25 papeleras de color amarillo espec\u00edficas para la recogida de envases. Se encuentran ubicadas junto a las habituales papeleras verdes para conseguir as\u00ed una recogida separada de residuos reciclables en la v\u00eda p\u00fablica. Buztintxuri se une as\u00ed a San Jorge, que ya instal\u00f3 esas papeleras amarillas en octubre del a\u00f1o pasado, en este proyecto piloto.<br \/>\n<script async src=\"\/\/pagead2.googlesyndication.com\/pagead\/js\/adsbygoogle.js\"><\/script><br \/>\n<!-- Noticias La Guia de Pamplona --><br \/>\n<ins class=\"adsbygoogle\"\nstyle=\"display:block\"\ndata-ad-client=\"ca-pub-6943679897239327\"\ndata-ad-slot=\"7048180777\"\ndata-ad-format=\"auto\"><\/ins><br \/>\n<script>\n(adsbygoogle = window.adsbygoogle || []).push({});\n<\/script><\/p>\n<p>Estas papeleras se han colocado en zonas del barrio donde se recoge m\u00e1s material reciclable. Se han evitado ponerlas en puntos que tengan un gran impacto visual, en inmediaciones de paseos, plazas o en zonas dotadas exclusivamente de papeleras ornamentales. Las papeleras amarillas se instalan de forma pareada a las verdes, una a cada lado de punto de anclaje, para poder optar por una u otra en funci\u00f3n del residuo. El Ayuntamiento de Pamplona ha aprovechado el momento para sustituir tambi\u00e9n 80 papeleras verdes del modelo antiguo, con boca peque\u00f1a, que todav\u00eda exist\u00edan en el barrio. Se han cambiado por otras tambi\u00e9n verdes, pero de boca circular m\u00e1s ancha.<\/p>\n<p>Para mejorar la acogida y concienciaci\u00f3n respecto del uso de estas papeleras de recogida separada de residuos, se han colocado en algunos de los puntos donde se ubican pictogramas elaborados por ANA (Asociaci\u00f3n Navarra de Autismo), aclarando el correcto uso de las papeleras. Estos carteles se pondr\u00e1n tambi\u00e9n en soportes de papeleras amarillas y verdes en el barrio de San Jorge.<\/p>\n","protected":false},"excerpt":{"rendered":"<p>Buztintxuri es el segundo barrio, tras San Jorge, en el que se pone en marcha esta iniciativa de recogida separada de residuos reciclables<\/p>\n","protected":false},"author":1,"featured_media":40472,"comment_status":"open","ping_status":"closed","sticky":false,"template":"","format":"standard","meta":{"footnotes":""},"categories":[2],"tags":[],"class_list":["post-40471","post","type-post","status-publish","format-standard","has-post-thumbnail","hentry","category-ayuntamiento-pamplona"],"yoast_head":"<!-- This site is optimized with the Yoast SEO plugin v27.3 - https:\/\/yoast.com\/product\/yoast-seo-wordpress\/ -->\n<title>El Ayuntamiento de Pamplona renueva 80 papeleras verdes de Buztintxuri e instala otras 25 de color amarillo para la recogida espec\u00edfica de envases<\/title>\n<meta name=\"description\" content=\"Buztintxuri es el segundo barrio, tras San Jorge, en el que se pone en marcha esta iniciativa de recogida separada de residuos reciclables\" \/>\n<meta name=\"robots\" content=\"index, follow, max-snippet:-1, max-image-preview:large, max-video-preview:-1\" \/>\n<link rel=\"canonical\" href=\"https:\/\/www.laguiadepamplona.com\/actualidad\/el-ayuntamiento-de-pamplona-renueva-80-papeleras-verdes-de-buztintxuri-e-instala-otras-25-de-color-amarillo-para-la-recogida-especifica-de-envases\/\" \/>\n<meta property=\"og:locale\" content=\"es_ES\" \/>\n<meta property=\"og:type\" content=\"article\" \/>\n<meta property=\"og:title\" content=\"El Ayuntamiento de Pamplona renueva 80 papeleras verdes de Buztintxuri e instala otras 25 de color amarillo para la recogida espec\u00edfica de envases\" \/>\n<meta property=\"og:description\" content=\"Buztintxuri es el segundo barrio, tras San Jorge, en el que se pone en marcha esta iniciativa de recogida separada de residuos reciclables\" \/>\n<meta property=\"og:url\" content=\"https:\/\/www.laguiadepamplona.com\/actualidad\/el-ayuntamiento-de-pamplona-renueva-80-papeleras-verdes-de-buztintxuri-e-instala-otras-25-de-color-amarillo-para-la-recogida-especifica-de-envases\/\" \/>\n<meta property=\"og:site_name\" content=\"La Gu\u00eda de Pamplona\" \/>\n<meta property=\"article:publisher\" content=\"https:\/\/www.facebook.com\/laguiadepamplonacom-133175176762273\/?ref=hl\" \/>\n<meta property=\"article:published_time\" content=\"2022-05-26T10:43:27+00:00\" \/>\n<meta property=\"article:modified_time\" content=\"2023-04-11T09:48:08+00:00\" \/>\n<meta property=\"og:image\" content=\"https:\/\/www.laguiadepamplona.com\/actualidad\/wp-content\/uploads\/2022\/05\/renueva-papeleras-buztintxuri.webp\" \/>\n\t<meta property=\"og:image:width\" content=\"1600\" \/>\n\t<meta property=\"og:image:height\" content=\"900\" \/>\n\t<meta property=\"og:image:type\" content=\"image\/webp\" \/>\n<meta name=\"author\" content=\"La Gu\u00eda de Pamplona\" \/>\n<meta name=\"twitter:card\" content=\"summary_large_image\" \/>\n<meta name=\"twitter:creator\" content=\"@LaGuiadPamplona\" \/>\n<meta name=\"twitter:site\" content=\"@LaGuiadPamplona\" \/>\n<meta name=\"twitter:label1\" content=\"Escrito por\" \/>\n\t<meta name=\"twitter:data1\" content=\"La Gu\u00eda de Pamplona\" \/>\n\t<meta name=\"twitter:label2\" content=\"Tiempo de lectura\" \/>\n\t<meta name=\"twitter:data2\" content=\"2 minutos\" \/>\n<script type=\"application\/ld+json\" class=\"yoast-schema-graph\">{\"@context\":\"https:\\\/\\\/schema.org\",\"@graph\":[{\"@type\":\"Article\",\"@id\":\"https:\\\/\\\/www.laguiadepamplona.com\\\/actualidad\\\/el-ayuntamiento-de-pamplona-renueva-80-papeleras-verdes-de-buztintxuri-e-instala-otras-25-de-color-amarillo-para-la-recogida-especifica-de-envases\\\/#article\",\"isPartOf\":{\"@id\":\"https:\\\/\\\/www.laguiadepamplona.com\\\/actualidad\\\/el-ayuntamiento-de-pamplona-renueva-80-papeleras-verdes-de-buztintxuri-e-instala-otras-25-de-color-amarillo-para-la-recogida-especifica-de-envases\\\/\"},\"author\":{\"name\":\"La Gu\u00eda de Pamplona\",\"@id\":\"https:\\\/\\\/www.laguiadepamplona.com\\\/actualidad\\\/#\\\/schema\\\/person\\\/efe887376f0213d4657c93adc50b1fdb\"},\"headline\":\"El Ayuntamiento de Pamplona renueva 80 papeleras verdes de Buztintxuri e instala otras 25 de color amarillo para la recogida espec\u00edfica de envases\",\"datePublished\":\"2022-05-26T10:43:27+00:00\",\"dateModified\":\"2023-04-11T09:48:08+00:00\",\"mainEntityOfPage\":{\"@id\":\"https:\\\/\\\/www.laguiadepamplona.com\\\/actualidad\\\/el-ayuntamiento-de-pamplona-renueva-80-papeleras-verdes-de-buztintxuri-e-instala-otras-25-de-color-amarillo-para-la-recogida-especifica-de-envases\\\/\"},\"wordCount\":295,\"commentCount\":0,\"publisher\":{\"@id\":\"https:\\\/\\\/www.laguiadepamplona.com\\\/actualidad\\\/#organization\"},\"image\":{\"@id\":\"https:\\\/\\\/www.laguiadepamplona.com\\\/actualidad\\\/el-ayuntamiento-de-pamplona-renueva-80-papeleras-verdes-de-buztintxuri-e-instala-otras-25-de-color-amarillo-para-la-recogida-especifica-de-envases\\\/#primaryimage\"},\"thumbnailUrl\":\"https:\\\/\\\/www.laguiadepamplona.com\\\/actualidad\\\/wp-content\\\/uploads\\\/2022\\\/05\\\/renueva-papeleras-buztintxuri.webp\",\"articleSection\":[\"Ayto Pamplona\"],\"inLanguage\":\"es\",\"potentialAction\":[{\"@type\":\"CommentAction\",\"name\":\"Comment\",\"target\":[\"https:\\\/\\\/www.laguiadepamplona.com\\\/actualidad\\\/el-ayuntamiento-de-pamplona-renueva-80-papeleras-verdes-de-buztintxuri-e-instala-otras-25-de-color-amarillo-para-la-recogida-especifica-de-envases\\\/#respond\"]}]},{\"@type\":\"WebPage\",\"@id\":\"https:\\\/\\\/www.laguiadepamplona.com\\\/actualidad\\\/el-ayuntamiento-de-pamplona-renueva-80-papeleras-verdes-de-buztintxuri-e-instala-otras-25-de-color-amarillo-para-la-recogida-especifica-de-envases\\\/\",\"url\":\"https:\\\/\\\/www.laguiadepamplona.com\\\/actualidad\\\/el-ayuntamiento-de-pamplona-renueva-80-papeleras-verdes-de-buztintxuri-e-instala-otras-25-de-color-amarillo-para-la-recogida-especifica-de-envases\\\/\",\"name\":\"El Ayuntamiento de Pamplona renueva 80 papeleras verdes de Buztintxuri e instala otras 25 de color amarillo para la recogida espec\u00edfica de envases\",\"isPartOf\":{\"@id\":\"https:\\\/\\\/www.laguiadepamplona.com\\\/actualidad\\\/#website\"},\"primaryImageOfPage\":{\"@id\":\"https:\\\/\\\/www.laguiadepamplona.com\\\/actualidad\\\/el-ayuntamiento-de-pamplona-renueva-80-papeleras-verdes-de-buztintxuri-e-instala-otras-25-de-color-amarillo-para-la-recogida-especifica-de-envases\\\/#primaryimage\"},\"image\":{\"@id\":\"https:\\\/\\\/www.laguiadepamplona.com\\\/actualidad\\\/el-ayuntamiento-de-pamplona-renueva-80-papeleras-verdes-de-buztintxuri-e-instala-otras-25-de-color-amarillo-para-la-recogida-especifica-de-envases\\\/#primaryimage\"},\"thumbnailUrl\":\"https:\\\/\\\/www.laguiadepamplona.com\\\/actualidad\\\/wp-content\\\/uploads\\\/2022\\\/05\\\/renueva-papeleras-buztintxuri.webp\",\"datePublished\":\"2022-05-26T10:43:27+00:00\",\"dateModified\":\"2023-04-11T09:48:08+00:00\",\"description\":\"Buztintxuri es el segundo barrio, tras San Jorge, en el que se pone en marcha esta iniciativa de recogida separada de residuos reciclables\",\"breadcrumb\":{\"@id\":\"https:\\\/\\\/www.laguiadepamplona.com\\\/actualidad\\\/el-ayuntamiento-de-pamplona-renueva-80-papeleras-verdes-de-buztintxuri-e-instala-otras-25-de-color-amarillo-para-la-recogida-especifica-de-envases\\\/#breadcrumb\"},\"inLanguage\":\"es\",\"potentialAction\":[{\"@type\":\"ReadAction\",\"target\":[\"https:\\\/\\\/www.laguiadepamplona.com\\\/actualidad\\\/el-ayuntamiento-de-pamplona-renueva-80-papeleras-verdes-de-buztintxuri-e-instala-otras-25-de-color-amarillo-para-la-recogida-especifica-de-envases\\\/\"]}]},{\"@type\":\"ImageObject\",\"inLanguage\":\"es\",\"@id\":\"https:\\\/\\\/www.laguiadepamplona.com\\\/actualidad\\\/el-ayuntamiento-de-pamplona-renueva-80-papeleras-verdes-de-buztintxuri-e-instala-otras-25-de-color-amarillo-para-la-recogida-especifica-de-envases\\\/#primaryimage\",\"url\":\"https:\\\/\\\/www.laguiadepamplona.com\\\/actualidad\\\/wp-content\\\/uploads\\\/2022\\\/05\\\/renueva-papeleras-buztintxuri.webp\",\"contentUrl\":\"https:\\\/\\\/www.laguiadepamplona.com\\\/actualidad\\\/wp-content\\\/uploads\\\/2022\\\/05\\\/renueva-papeleras-buztintxuri.webp\",\"width\":1600,\"height\":900,\"caption\":\"papeleras-reciclaje\"},{\"@type\":\"BreadcrumbList\",\"@id\":\"https:\\\/\\\/www.laguiadepamplona.com\\\/actualidad\\\/el-ayuntamiento-de-pamplona-renueva-80-papeleras-verdes-de-buztintxuri-e-instala-otras-25-de-color-amarillo-para-la-recogida-especifica-de-envases\\\/#breadcrumb\",\"itemListElement\":[{\"@type\":\"ListItem\",\"position\":1,\"name\":\"Portada\",\"item\":\"https:\\\/\\\/www.laguiadepamplona.com\\\/actualidad\\\/\"},{\"@type\":\"ListItem\",\"position\":2,\"name\":\"El Ayuntamiento de Pamplona renueva 80 papeleras verdes de Buztintxuri e instala otras 25 de color amarillo para la recogida espec\u00edfica de envases\"}]},{\"@type\":\"WebSite\",\"@id\":\"https:\\\/\\\/www.laguiadepamplona.com\\\/actualidad\\\/#website\",\"url\":\"https:\\\/\\\/www.laguiadepamplona.com\\\/actualidad\\\/\",\"name\":\"La gu\u00eda de Pamplona\",\"description\":\"Noticias de Pamplona\",\"publisher\":{\"@id\":\"https:\\\/\\\/www.laguiadepamplona.com\\\/actualidad\\\/#organization\"},\"potentialAction\":[{\"@type\":\"SearchAction\",\"target\":{\"@type\":\"EntryPoint\",\"urlTemplate\":\"https:\\\/\\\/www.laguiadepamplona.com\\\/actualidad\\\/?s={search_term_string}\"},\"query-input\":{\"@type\":\"PropertyValueSpecification\",\"valueRequired\":true,\"valueName\":\"search_term_string\"}}],\"inLanguage\":\"es\"},{\"@type\":\"Organization\",\"@id\":\"https:\\\/\\\/www.laguiadepamplona.com\\\/actualidad\\\/#organization\",\"name\":\"La Gu\u00eda de Pamplona \\\/ Noticias\",\"url\":\"https:\\\/\\\/www.laguiadepamplona.com\\\/actualidad\\\/\",\"logo\":{\"@type\":\"ImageObject\",\"inLanguage\":\"es\",\"@id\":\"https:\\\/\\\/www.laguiadepamplona.com\\\/actualidad\\\/#\\\/schema\\\/logo\\\/image\\\/\",\"url\":\"https:\\\/\\\/www.laguiadepamplona.com\\\/actualidad\\\/wp-content\\\/uploads\\\/2018\\\/11\\\/logo-laguiadepamplona18-web1.png\",\"contentUrl\":\"https:\\\/\\\/www.laguiadepamplona.com\\\/actualidad\\\/wp-content\\\/uploads\\\/2018\\\/11\\\/logo-laguiadepamplona18-web1.png\",\"width\":600,\"height\":196,\"caption\":\"La Gu\u00eda de Pamplona \\\/ Noticias\"},\"image\":{\"@id\":\"https:\\\/\\\/www.laguiadepamplona.com\\\/actualidad\\\/#\\\/schema\\\/logo\\\/image\\\/\"},\"sameAs\":[\"https:\\\/\\\/www.facebook.com\\\/laguiadepamplonacom-133175176762273\\\/?ref=hl\",\"https:\\\/\\\/x.com\\\/LaGuiadPamplona\",\"https:\\\/\\\/www.instagram.com\\\/la_guia_de_pamplona\\\/\",\"https:\\\/\\\/www.youtube.com\\\/user\\\/laguiadepamplona\"]},{\"@type\":\"Person\",\"@id\":\"https:\\\/\\\/www.laguiadepamplona.com\\\/actualidad\\\/#\\\/schema\\\/person\\\/efe887376f0213d4657c93adc50b1fdb\",\"name\":\"La Gu\u00eda de Pamplona\",\"image\":{\"@type\":\"ImageObject\",\"inLanguage\":\"es\",\"@id\":\"https:\\\/\\\/secure.gravatar.com\\\/avatar\\\/b6992f131dc8d30ab0dff15446e9d346d9dbd95992de0fef795073f5ea83a81c?s=96&d=mm&r=g\",\"url\":\"https:\\\/\\\/secure.gravatar.com\\\/avatar\\\/b6992f131dc8d30ab0dff15446e9d346d9dbd95992de0fef795073f5ea83a81c?s=96&d=mm&r=g\",\"contentUrl\":\"https:\\\/\\\/secure.gravatar.com\\\/avatar\\\/b6992f131dc8d30ab0dff15446e9d346d9dbd95992de0fef795073f5ea83a81c?s=96&d=mm&r=g\",\"caption\":\"La Gu\u00eda de Pamplona\"}}]}<\/script>\n<!-- \/ Yoast SEO plugin. -->","yoast_head_json":{"title":"El Ayuntamiento de Pamplona renueva 80 papeleras verdes de Buztintxuri e instala otras 25 de color amarillo para la recogida espec\u00edfica de envases","description":"Buztintxuri es el segundo barrio, tras San Jorge, en el que se pone en marcha esta iniciativa de recogida separada de residuos reciclables","robots":{"index":"index","follow":"follow","max-snippet":"max-snippet:-1","max-image-preview":"max-image-preview:large","max-video-preview":"max-video-preview:-1"},"canonical":"https:\/\/www.laguiadepamplona.com\/actualidad\/el-ayuntamiento-de-pamplona-renueva-80-papeleras-verdes-de-buztintxuri-e-instala-otras-25-de-color-amarillo-para-la-recogida-especifica-de-envases\/","og_locale":"es_ES","og_type":"article","og_title":"El Ayuntamiento de Pamplona renueva 80 papeleras verdes de Buztintxuri e instala otras 25 de color amarillo para la recogida espec\u00edfica de envases","og_description":"Buztintxuri es el segundo barrio, tras San Jorge, en el que se pone en marcha esta iniciativa de recogida separada de residuos reciclables","og_url":"https:\/\/www.laguiadepamplona.com\/actualidad\/el-ayuntamiento-de-pamplona-renueva-80-papeleras-verdes-de-buztintxuri-e-instala-otras-25-de-color-amarillo-para-la-recogida-especifica-de-envases\/","og_site_name":"La Gu\u00eda de Pamplona","article_publisher":"https:\/\/www.facebook.com\/laguiadepamplonacom-133175176762273\/?ref=hl","article_published_time":"2022-05-26T10:43:27+00:00","article_modified_time":"2023-04-11T09:48:08+00:00","og_image":[{"width":1600,"height":900,"url":"https:\/\/www.laguiadepamplona.com\/actualidad\/wp-content\/uploads\/2022\/05\/renueva-papeleras-buztintxuri.webp","type":"image\/webp"}],"author":"La Gu\u00eda de Pamplona","twitter_card":"summary_large_image","twitter_creator":"@LaGuiadPamplona","twitter_site":"@LaGuiadPamplona","twitter_misc":{"Escrito por":"La Gu\u00eda de Pamplona","Tiempo de lectura":"2 minutos"},"schema":{"@context":"https:\/\/schema.org","@graph":[{"@type":"Article","@id":"https:\/\/www.laguiadepamplona.com\/actualidad\/el-ayuntamiento-de-pamplona-renueva-80-papeleras-verdes-de-buztintxuri-e-instala-otras-25-de-color-amarillo-para-la-recogida-especifica-de-envases\/#article","isPartOf":{"@id":"https:\/\/www.laguiadepamplona.com\/actualidad\/el-ayuntamiento-de-pamplona-renueva-80-papeleras-verdes-de-buztintxuri-e-instala-otras-25-de-color-amarillo-para-la-recogida-especifica-de-envases\/"},"author":{"name":"La Gu\u00eda de Pamplona","@id":"https:\/\/www.laguiadepamplona.com\/actualidad\/#\/schema\/person\/efe887376f0213d4657c93adc50b1fdb"},"headline":"El Ayuntamiento de Pamplona renueva 80 papeleras verdes de Buztintxuri e instala otras 25 de color amarillo para la recogida espec\u00edfica de envases","datePublished":"2022-05-26T10:43:27+00:00","dateModified":"2023-04-11T09:48:08+00:00","mainEntityOfPage":{"@id":"https:\/\/www.laguiadepamplona.com\/actualidad\/el-ayuntamiento-de-pamplona-renueva-80-papeleras-verdes-de-buztintxuri-e-instala-otras-25-de-color-amarillo-para-la-recogida-especifica-de-envases\/"},"wordCount":295,"commentCount":0,"publisher":{"@id":"https:\/\/www.laguiadepamplona.com\/actualidad\/#organization"},"image":{"@id":"https:\/\/www.laguiadepamplona.com\/actualidad\/el-ayuntamiento-de-pamplona-renueva-80-papeleras-verdes-de-buztintxuri-e-instala-otras-25-de-color-amarillo-para-la-recogida-especifica-de-envases\/#primaryimage"},"thumbnailUrl":"https:\/\/www.laguiadepamplona.com\/actualidad\/wp-content\/uploads\/2022\/05\/renueva-papeleras-buztintxuri.webp","articleSection":["Ayto Pamplona"],"inLanguage":"es","potentialAction":[{"@type":"CommentAction","name":"Comment","target":["https:\/\/www.laguiadepamplona.com\/actualidad\/el-ayuntamiento-de-pamplona-renueva-80-papeleras-verdes-de-buztintxuri-e-instala-otras-25-de-color-amarillo-para-la-recogida-especifica-de-envases\/#respond"]}]},{"@type":"WebPage","@id":"https:\/\/www.laguiadepamplona.com\/actualidad\/el-ayuntamiento-de-pamplona-renueva-80-papeleras-verdes-de-buztintxuri-e-instala-otras-25-de-color-amarillo-para-la-recogida-especifica-de-envases\/","url":"https:\/\/www.laguiadepamplona.com\/actualidad\/el-ayuntamiento-de-pamplona-renueva-80-papeleras-verdes-de-buztintxuri-e-instala-otras-25-de-color-amarillo-para-la-recogida-especifica-de-envases\/","name":"El Ayuntamiento de Pamplona renueva 80 papeleras verdes de Buztintxuri e instala otras 25 de color amarillo para la recogida espec\u00edfica de envases","isPartOf":{"@id":"https:\/\/www.laguiadepamplona.com\/actualidad\/#website"},"primaryImageOfPage":{"@id":"https:\/\/www.laguiadepamplona.com\/actualidad\/el-ayuntamiento-de-pamplona-renueva-80-papeleras-verdes-de-buztintxuri-e-instala-otras-25-de-color-amarillo-para-la-recogida-especifica-de-envases\/#primaryimage"},"image":{"@id":"https:\/\/www.laguiadepamplona.com\/actualidad\/el-ayuntamiento-de-pamplona-renueva-80-papeleras-verdes-de-buztintxuri-e-instala-otras-25-de-color-amarillo-para-la-recogida-especifica-de-envases\/#primaryimage"},"thumbnailUrl":"https:\/\/www.laguiadepamplona.com\/actualidad\/wp-content\/uploads\/2022\/05\/renueva-papeleras-buztintxuri.webp","datePublished":"2022-05-26T10:43:27+00:00","dateModified":"2023-04-11T09:48:08+00:00","description":"Buztintxuri es el segundo barrio, tras San Jorge, en el que se pone en marcha esta iniciativa de recogida separada de residuos reciclables","breadcrumb":{"@id":"https:\/\/www.laguiadepamplona.com\/actualidad\/el-ayuntamiento-de-pamplona-renueva-80-papeleras-verdes-de-buztintxuri-e-instala-otras-25-de-color-amarillo-para-la-recogida-especifica-de-envases\/#breadcrumb"},"inLanguage":"es","potentialAction":[{"@type":"ReadAction","target":["https:\/\/www.laguiadepamplona.com\/actualidad\/el-ayuntamiento-de-pamplona-renueva-80-papeleras-verdes-de-buztintxuri-e-instala-otras-25-de-color-amarillo-para-la-recogida-especifica-de-envases\/"]}]},{"@type":"ImageObject","inLanguage":"es","@id":"https:\/\/www.laguiadepamplona.com\/actualidad\/el-ayuntamiento-de-pamplona-renueva-80-papeleras-verdes-de-buztintxuri-e-instala-otras-25-de-color-amarillo-para-la-recogida-especifica-de-envases\/#primaryimage","url":"https:\/\/www.laguiadepamplona.com\/actualidad\/wp-content\/uploads\/2022\/05\/renueva-papeleras-buztintxuri.webp","contentUrl":"https:\/\/www.laguiadepamplona.com\/actualidad\/wp-content\/uploads\/2022\/05\/renueva-papeleras-buztintxuri.webp","width":1600,"height":900,"caption":"papeleras-reciclaje"},{"@type":"BreadcrumbList","@id":"https:\/\/www.laguiadepamplona.com\/actualidad\/el-ayuntamiento-de-pamplona-renueva-80-papeleras-verdes-de-buztintxuri-e-instala-otras-25-de-color-amarillo-para-la-recogida-especifica-de-envases\/#breadcrumb","itemListElement":[{"@type":"ListItem","position":1,"name":"Portada","item":"https:\/\/www.laguiadepamplona.com\/actualidad\/"},{"@type":"ListItem","position":2,"name":"El Ayuntamiento de Pamplona renueva 80 papeleras verdes de Buztintxuri e instala otras 25 de color amarillo para la recogida espec\u00edfica de envases"}]},{"@type":"WebSite","@id":"https:\/\/www.laguiadepamplona.com\/actualidad\/#website","url":"https:\/\/www.laguiadepamplona.com\/actualidad\/","name":"La gu\u00eda de Pamplona","description":"Noticias de Pamplona","publisher":{"@id":"https:\/\/www.laguiadepamplona.com\/actualidad\/#organization"},"potentialAction":[{"@type":"SearchAction","target":{"@type":"EntryPoint","urlTemplate":"https:\/\/www.laguiadepamplona.com\/actualidad\/?s={search_term_string}"},"query-input":{"@type":"PropertyValueSpecification","valueRequired":true,"valueName":"search_term_string"}}],"inLanguage":"es"},{"@type":"Organization","@id":"https:\/\/www.laguiadepamplona.com\/actualidad\/#organization","name":"La Gu\u00eda de Pamplona \/ Noticias","url":"https:\/\/www.laguiadepamplona.com\/actualidad\/","logo":{"@type":"ImageObject","inLanguage":"es","@id":"https:\/\/www.laguiadepamplona.com\/actualidad\/#\/schema\/logo\/image\/","url":"https:\/\/www.laguiadepamplona.com\/actualidad\/wp-content\/uploads\/2018\/11\/logo-laguiadepamplona18-web1.png","contentUrl":"https:\/\/www.laguiadepamplona.com\/actualidad\/wp-content\/uploads\/2018\/11\/logo-laguiadepamplona18-web1.png","width":600,"height":196,"caption":"La Gu\u00eda de Pamplona \/ Noticias"},"image":{"@id":"https:\/\/www.laguiadepamplona.com\/actualidad\/#\/schema\/logo\/image\/"},"sameAs":["https:\/\/www.facebook.com\/laguiadepamplonacom-133175176762273\/?ref=hl","https:\/\/x.com\/LaGuiadPamplona","https:\/\/www.instagram.com\/la_guia_de_pamplona\/","https:\/\/www.youtube.com\/user\/laguiadepamplona"]},{"@type":"Person","@id":"https:\/\/www.laguiadepamplona.com\/actualidad\/#\/schema\/person\/efe887376f0213d4657c93adc50b1fdb","name":"La Gu\u00eda de Pamplona","image":{"@type":"ImageObject","inLanguage":"es","@id":"https:\/\/secure.gravatar.com\/avatar\/b6992f131dc8d30ab0dff15446e9d346d9dbd95992de0fef795073f5ea83a81c?s=96&d=mm&r=g","url":"https:\/\/secure.gravatar.com\/avatar\/b6992f131dc8d30ab0dff15446e9d346d9dbd95992de0fef795073f5ea83a81c?s=96&d=mm&r=g","contentUrl":"https:\/\/secure.gravatar.com\/avatar\/b6992f131dc8d30ab0dff15446e9d346d9dbd95992de0fef795073f5ea83a81c?s=96&d=mm&r=g","caption":"La Gu\u00eda de Pamplona"}}]}},"post_mailing_queue_ids":[],"_links":{"self":[{"href":"https:\/\/www.laguiadepamplona.com\/actualidad\/wp-json\/wp\/v2\/posts\/40471","targetHints":{"allow":["GET"]}}],"collection":[{"href":"https:\/\/www.laguiadepamplona.com\/actualidad\/wp-json\/wp\/v2\/posts"}],"about":[{"href":"https:\/\/www.laguiadepamplona.com\/actualidad\/wp-json\/wp\/v2\/types\/post"}],"author":[{"embeddable":true,"href":"https:\/\/www.laguiadepamplona.com\/actualidad\/wp-json\/wp\/v2\/users\/1"}],"replies":[{"embeddable":true,"href":"https:\/\/www.laguiadepamplona.com\/actualidad\/wp-json\/wp\/v2\/comments?post=40471"}],"version-history":[{"count":0,"href":"https:\/\/www.laguiadepamplona.com\/actualidad\/wp-json\/wp\/v2\/posts\/40471\/revisions"}],"wp:featuredmedia":[{"embeddable":true,"href":"https:\/\/www.laguiadepamplona.com\/actualidad\/wp-json\/wp\/v2\/media\/40472"}],"wp:attachment":[{"href":"https:\/\/www.laguiadepamplona.com\/actualidad\/wp-json\/wp\/v2\/media?parent=40471"}],"wp:term":[{"taxonomy":"category","embeddable":true,"href":"https:\/\/www.laguiadepamplona.com\/actualidad\/wp-json\/wp\/v2\/categories?post=40471"},{"taxonomy":"post_tag","embeddable":true,"href":"https:\/\/www.laguiadepamplona.com\/actualidad\/wp-json\/wp\/v2\/tags?post=40471"}],"curies":[{"name":"wp","href":"https:\/\/api.w.org\/{rel}","templated":true}]}}