{"id":40468,"date":"2022-05-25T16:29:26","date_gmt":"2022-05-25T14:29:26","guid":{"rendered":"https:\/\/www.laguiadepamplona.com\/actualidad\/?p=40468"},"modified":"2023-04-11T11:48:09","modified_gmt":"2023-04-11T09:48:09","slug":"del-30-de-junio-al-15-de-julio-deberan-estar-cerradas-las-zanjas-y-haberse-retirado-andamios-o-gruas-en-la-via-publica-de-casco-antiguo-y-parte-de-los-ensanches","status":"publish","type":"post","link":"https:\/\/www.laguiadepamplona.com\/actualidad\/del-30-de-junio-al-15-de-julio-deberan-estar-cerradas-las-zanjas-y-haberse-retirado-andamios-o-gruas-en-la-via-publica-de-casco-antiguo-y-parte-de-los-ensanches\/","title":{"rendered":"Del 30 de junio al 15 de julio deber\u00e1n estar cerradas las zanjas y haberse retirado andamios o gr\u00faas en la v\u00eda p\u00fablica de Casco Antiguo y parte de los Ensanches"},"content":{"rendered":"<h5>Esta previsi\u00f3n, en el caso de las zanjas, se extiende a las arterias principales de tr\u00e1fico de Pamplona y a las v\u00edas de acceso a la ciudad<\/h5>\n<p><!--more--><\/p>\n<p>El Ayuntamiento de Pamplona no permitir\u00e1 la existencia de zanjas en v\u00eda p\u00fablica ni la presencia de andamios, vallados, gr\u00faas y contenedores en todo el Casco Antiguo entre el 30 de junio y el 15 de julio. Tambi\u00e9n habr\u00e1 restricciones en el primer y segundo Ensanche y sus alrededores, ya esta situaci\u00f3n rige para las zonas delimitadas por la calle Bosquecillo, parque de Antoniutti, cuesta de Larraina, plaza Juan XXXIII, las avenidas del Ej\u00e9rcito, Conde Oliveto, Baja Navarra, y la calle Media Luna.<br \/>\n<script async src=\"\/\/pagead2.googlesyndication.com\/pagead\/js\/adsbygoogle.js\"><\/script><br \/>\n<!-- Noticias La Guia de Pamplona --><br \/>\n<ins class=\"adsbygoogle\"\nstyle=\"display:block\"\ndata-ad-client=\"ca-pub-6943679897239327\"\ndata-ad-slot=\"7048180777\"\ndata-ad-format=\"auto\"><\/ins><br \/>\n<script>\n(adsbygoogle = window.adsbygoogle || []).push({});\n<\/script><\/p>\n<p>Estar\u00e1 sometida igualmente a ese r\u00e9gimen de limitaci\u00f3n la avenida Carlos III en su totalidad; la zona delimitada por la plaza de la Libertad, el parque de Serapio Esparza y parte de la calle A\u00f3iz y la plaza de la Cruz. Asimismo, no podr\u00e1 haber zanjas en las arterias principales del tr\u00e1fico y en las v\u00edas de acceso a la ciudad.<\/p>\n<p>La resoluci\u00f3n del \u00c1rea Urbanismo, Vivienda y Sanidad establece, asimismo, que las obras que est\u00e9n en ejecuci\u00f3n en estas zonas deber\u00e1n contar, en planta baja, con un cierre adecuado a l\u00ednea de fachada durante ese mismo periodo de tiempo.<\/p>\n","protected":false},"excerpt":{"rendered":"<p>Esta previsi\u00f3n, en el caso de las zanjas, se extiende a las arterias principales de tr\u00e1fico de Pamplona y a las v\u00edas de acceso a la ciudad<\/p>\n","protected":false},"author":1,"featured_media":36074,"comment_status":"open","ping_status":"closed","sticky":false,"template":"","format":"standard","meta":{"footnotes":""},"categories":[2],"tags":[],"class_list":["post-40468","post","type-post","status-publish","format-standard","has-post-thumbnail","hentry","category-ayuntamiento-pamplona"],"yoast_head":"<!-- This site is optimized with the Yoast SEO plugin v27.3 - https:\/\/yoast.com\/product\/yoast-seo-wordpress\/ -->\n<title>Del 30 de junio al 15 de julio deber\u00e1n estar cerradas las zanjas y haberse retirado andamios o gr\u00faas en la v\u00eda p\u00fablica de Casco Antiguo y parte de los Ensanches<\/title>\n<meta name=\"description\" content=\"Esta previsi\u00f3n, en el caso de las zanjas, se extiende a las arterias principales de tr\u00e1fico de Pamplona y a las v\u00edas de acceso a la ciudad\" \/>\n<meta name=\"robots\" content=\"index, follow, max-snippet:-1, max-image-preview:large, max-video-preview:-1\" \/>\n<link rel=\"canonical\" href=\"https:\/\/www.laguiadepamplona.com\/actualidad\/del-30-de-junio-al-15-de-julio-deberan-estar-cerradas-las-zanjas-y-haberse-retirado-andamios-o-gruas-en-la-via-publica-de-casco-antiguo-y-parte-de-los-ensanches\/\" \/>\n<meta property=\"og:locale\" content=\"es_ES\" \/>\n<meta property=\"og:type\" content=\"article\" \/>\n<meta property=\"og:title\" content=\"Del 30 de junio al 15 de julio deber\u00e1n estar cerradas las zanjas y haberse retirado andamios o gr\u00faas en la v\u00eda p\u00fablica de Casco Antiguo y parte de los Ensanches\" \/>\n<meta property=\"og:description\" content=\"Esta previsi\u00f3n, en el caso de las zanjas, se extiende a las arterias principales de tr\u00e1fico de Pamplona y a las v\u00edas de acceso a la ciudad\" \/>\n<meta property=\"og:url\" content=\"https:\/\/www.laguiadepamplona.com\/actualidad\/del-30-de-junio-al-15-de-julio-deberan-estar-cerradas-las-zanjas-y-haberse-retirado-andamios-o-gruas-en-la-via-publica-de-casco-antiguo-y-parte-de-los-ensanches\/\" \/>\n<meta property=\"og:site_name\" content=\"La Gu\u00eda de Pamplona\" \/>\n<meta property=\"article:publisher\" content=\"https:\/\/www.facebook.com\/laguiadepamplonacom-133175176762273\/?ref=hl\" \/>\n<meta property=\"article:published_time\" content=\"2022-05-25T14:29:26+00:00\" \/>\n<meta property=\"article:modified_time\" content=\"2023-04-11T09:48:09+00:00\" \/>\n<meta property=\"og:image\" content=\"https:\/\/www.laguiadepamplona.com\/actualidad\/wp-content\/uploads\/2021\/08\/ayuntamiento-pamplona2.jpg\" \/>\n\t<meta property=\"og:image:width\" content=\"1920\" \/>\n\t<meta property=\"og:image:height\" content=\"1080\" \/>\n\t<meta property=\"og:image:type\" content=\"image\/jpeg\" \/>\n<meta name=\"author\" content=\"La Gu\u00eda de Pamplona\" \/>\n<meta name=\"twitter:card\" content=\"summary_large_image\" \/>\n<meta name=\"twitter:creator\" content=\"@LaGuiadPamplona\" \/>\n<meta name=\"twitter:site\" content=\"@LaGuiadPamplona\" \/>\n<meta name=\"twitter:label1\" content=\"Escrito por\" \/>\n\t<meta name=\"twitter:data1\" content=\"La Gu\u00eda de Pamplona\" \/>\n\t<meta name=\"twitter:label2\" content=\"Tiempo de lectura\" \/>\n\t<meta name=\"twitter:data2\" content=\"1 minuto\" \/>\n<script type=\"application\/ld+json\" class=\"yoast-schema-graph\">{\"@context\":\"https:\\\/\\\/schema.org\",\"@graph\":[{\"@type\":\"Article\",\"@id\":\"https:\\\/\\\/www.laguiadepamplona.com\\\/actualidad\\\/del-30-de-junio-al-15-de-julio-deberan-estar-cerradas-las-zanjas-y-haberse-retirado-andamios-o-gruas-en-la-via-publica-de-casco-antiguo-y-parte-de-los-ensanches\\\/#article\",\"isPartOf\":{\"@id\":\"https:\\\/\\\/www.laguiadepamplona.com\\\/actualidad\\\/del-30-de-junio-al-15-de-julio-deberan-estar-cerradas-las-zanjas-y-haberse-retirado-andamios-o-gruas-en-la-via-publica-de-casco-antiguo-y-parte-de-los-ensanches\\\/\"},\"author\":{\"name\":\"La Gu\u00eda de Pamplona\",\"@id\":\"https:\\\/\\\/www.laguiadepamplona.com\\\/actualidad\\\/#\\\/schema\\\/person\\\/efe887376f0213d4657c93adc50b1fdb\"},\"headline\":\"Del 30 de junio al 15 de julio deber\u00e1n estar cerradas las zanjas y haberse retirado andamios o gr\u00faas en la v\u00eda p\u00fablica de Casco Antiguo y parte de los Ensanches\",\"datePublished\":\"2022-05-25T14:29:26+00:00\",\"dateModified\":\"2023-04-11T09:48:09+00:00\",\"mainEntityOfPage\":{\"@id\":\"https:\\\/\\\/www.laguiadepamplona.com\\\/actualidad\\\/del-30-de-junio-al-15-de-julio-deberan-estar-cerradas-las-zanjas-y-haberse-retirado-andamios-o-gruas-en-la-via-publica-de-casco-antiguo-y-parte-de-los-ensanches\\\/\"},\"wordCount\":260,\"commentCount\":0,\"publisher\":{\"@id\":\"https:\\\/\\\/www.laguiadepamplona.com\\\/actualidad\\\/#organization\"},\"image\":{\"@id\":\"https:\\\/\\\/www.laguiadepamplona.com\\\/actualidad\\\/del-30-de-junio-al-15-de-julio-deberan-estar-cerradas-las-zanjas-y-haberse-retirado-andamios-o-gruas-en-la-via-publica-de-casco-antiguo-y-parte-de-los-ensanches\\\/#primaryimage\"},\"thumbnailUrl\":\"https:\\\/\\\/www.laguiadepamplona.com\\\/actualidad\\\/wp-content\\\/uploads\\\/2021\\\/08\\\/ayuntamiento-pamplona2.jpg\",\"articleSection\":[\"Ayto Pamplona\"],\"inLanguage\":\"es\",\"potentialAction\":[{\"@type\":\"CommentAction\",\"name\":\"Comment\",\"target\":[\"https:\\\/\\\/www.laguiadepamplona.com\\\/actualidad\\\/del-30-de-junio-al-15-de-julio-deberan-estar-cerradas-las-zanjas-y-haberse-retirado-andamios-o-gruas-en-la-via-publica-de-casco-antiguo-y-parte-de-los-ensanches\\\/#respond\"]}]},{\"@type\":\"WebPage\",\"@id\":\"https:\\\/\\\/www.laguiadepamplona.com\\\/actualidad\\\/del-30-de-junio-al-15-de-julio-deberan-estar-cerradas-las-zanjas-y-haberse-retirado-andamios-o-gruas-en-la-via-publica-de-casco-antiguo-y-parte-de-los-ensanches\\\/\",\"url\":\"https:\\\/\\\/www.laguiadepamplona.com\\\/actualidad\\\/del-30-de-junio-al-15-de-julio-deberan-estar-cerradas-las-zanjas-y-haberse-retirado-andamios-o-gruas-en-la-via-publica-de-casco-antiguo-y-parte-de-los-ensanches\\\/\",\"name\":\"Del 30 de junio al 15 de julio deber\u00e1n estar cerradas las zanjas y haberse retirado andamios o gr\u00faas en la v\u00eda p\u00fablica de Casco Antiguo y parte de los Ensanches\",\"isPartOf\":{\"@id\":\"https:\\\/\\\/www.laguiadepamplona.com\\\/actualidad\\\/#website\"},\"primaryImageOfPage\":{\"@id\":\"https:\\\/\\\/www.laguiadepamplona.com\\\/actualidad\\\/del-30-de-junio-al-15-de-julio-deberan-estar-cerradas-las-zanjas-y-haberse-retirado-andamios-o-gruas-en-la-via-publica-de-casco-antiguo-y-parte-de-los-ensanches\\\/#primaryimage\"},\"image\":{\"@id\":\"https:\\\/\\\/www.laguiadepamplona.com\\\/actualidad\\\/del-30-de-junio-al-15-de-julio-deberan-estar-cerradas-las-zanjas-y-haberse-retirado-andamios-o-gruas-en-la-via-publica-de-casco-antiguo-y-parte-de-los-ensanches\\\/#primaryimage\"},\"thumbnailUrl\":\"https:\\\/\\\/www.laguiadepamplona.com\\\/actualidad\\\/wp-content\\\/uploads\\\/2021\\\/08\\\/ayuntamiento-pamplona2.jpg\",\"datePublished\":\"2022-05-25T14:29:26+00:00\",\"dateModified\":\"2023-04-11T09:48:09+00:00\",\"description\":\"Esta previsi\u00f3n, en el caso de las zanjas, se extiende a las arterias principales de tr\u00e1fico de Pamplona y a las v\u00edas de acceso a la ciudad\",\"breadcrumb\":{\"@id\":\"https:\\\/\\\/www.laguiadepamplona.com\\\/actualidad\\\/del-30-de-junio-al-15-de-julio-deberan-estar-cerradas-las-zanjas-y-haberse-retirado-andamios-o-gruas-en-la-via-publica-de-casco-antiguo-y-parte-de-los-ensanches\\\/#breadcrumb\"},\"inLanguage\":\"es\",\"potentialAction\":[{\"@type\":\"ReadAction\",\"target\":[\"https:\\\/\\\/www.laguiadepamplona.com\\\/actualidad\\\/del-30-de-junio-al-15-de-julio-deberan-estar-cerradas-las-zanjas-y-haberse-retirado-andamios-o-gruas-en-la-via-publica-de-casco-antiguo-y-parte-de-los-ensanches\\\/\"]}]},{\"@type\":\"ImageObject\",\"inLanguage\":\"es\",\"@id\":\"https:\\\/\\\/www.laguiadepamplona.com\\\/actualidad\\\/del-30-de-junio-al-15-de-julio-deberan-estar-cerradas-las-zanjas-y-haberse-retirado-andamios-o-gruas-en-la-via-publica-de-casco-antiguo-y-parte-de-los-ensanches\\\/#primaryimage\",\"url\":\"https:\\\/\\\/www.laguiadepamplona.com\\\/actualidad\\\/wp-content\\\/uploads\\\/2021\\\/08\\\/ayuntamiento-pamplona2.jpg\",\"contentUrl\":\"https:\\\/\\\/www.laguiadepamplona.com\\\/actualidad\\\/wp-content\\\/uploads\\\/2021\\\/08\\\/ayuntamiento-pamplona2.jpg\",\"width\":1920,\"height\":1080,\"caption\":\"ayuntamiento pamplona\"},{\"@type\":\"BreadcrumbList\",\"@id\":\"https:\\\/\\\/www.laguiadepamplona.com\\\/actualidad\\\/del-30-de-junio-al-15-de-julio-deberan-estar-cerradas-las-zanjas-y-haberse-retirado-andamios-o-gruas-en-la-via-publica-de-casco-antiguo-y-parte-de-los-ensanches\\\/#breadcrumb\",\"itemListElement\":[{\"@type\":\"ListItem\",\"position\":1,\"name\":\"Portada\",\"item\":\"https:\\\/\\\/www.laguiadepamplona.com\\\/actualidad\\\/\"},{\"@type\":\"ListItem\",\"position\":2,\"name\":\"Del 30 de junio al 15 de julio deber\u00e1n estar cerradas las zanjas y haberse retirado andamios o gr\u00faas en la v\u00eda p\u00fablica de Casco Antiguo y parte de los Ensanches\"}]},{\"@type\":\"WebSite\",\"@id\":\"https:\\\/\\\/www.laguiadepamplona.com\\\/actualidad\\\/#website\",\"url\":\"https:\\\/\\\/www.laguiadepamplona.com\\\/actualidad\\\/\",\"name\":\"La gu\u00eda de Pamplona\",\"description\":\"Noticias de Pamplona\",\"publisher\":{\"@id\":\"https:\\\/\\\/www.laguiadepamplona.com\\\/actualidad\\\/#organization\"},\"potentialAction\":[{\"@type\":\"SearchAction\",\"target\":{\"@type\":\"EntryPoint\",\"urlTemplate\":\"https:\\\/\\\/www.laguiadepamplona.com\\\/actualidad\\\/?s={search_term_string}\"},\"query-input\":{\"@type\":\"PropertyValueSpecification\",\"valueRequired\":true,\"valueName\":\"search_term_string\"}}],\"inLanguage\":\"es\"},{\"@type\":\"Organization\",\"@id\":\"https:\\\/\\\/www.laguiadepamplona.com\\\/actualidad\\\/#organization\",\"name\":\"La Gu\u00eda de Pamplona \\\/ Noticias\",\"url\":\"https:\\\/\\\/www.laguiadepamplona.com\\\/actualidad\\\/\",\"logo\":{\"@type\":\"ImageObject\",\"inLanguage\":\"es\",\"@id\":\"https:\\\/\\\/www.laguiadepamplona.com\\\/actualidad\\\/#\\\/schema\\\/logo\\\/image\\\/\",\"url\":\"https:\\\/\\\/www.laguiadepamplona.com\\\/actualidad\\\/wp-content\\\/uploads\\\/2018\\\/11\\\/logo-laguiadepamplona18-web1.png\",\"contentUrl\":\"https:\\\/\\\/www.laguiadepamplona.com\\\/actualidad\\\/wp-content\\\/uploads\\\/2018\\\/11\\\/logo-laguiadepamplona18-web1.png\",\"width\":600,\"height\":196,\"caption\":\"La Gu\u00eda de Pamplona \\\/ Noticias\"},\"image\":{\"@id\":\"https:\\\/\\\/www.laguiadepamplona.com\\\/actualidad\\\/#\\\/schema\\\/logo\\\/image\\\/\"},\"sameAs\":[\"https:\\\/\\\/www.facebook.com\\\/laguiadepamplonacom-133175176762273\\\/?ref=hl\",\"https:\\\/\\\/x.com\\\/LaGuiadPamplona\",\"https:\\\/\\\/www.instagram.com\\\/la_guia_de_pamplona\\\/\",\"https:\\\/\\\/www.youtube.com\\\/user\\\/laguiadepamplona\"]},{\"@type\":\"Person\",\"@id\":\"https:\\\/\\\/www.laguiadepamplona.com\\\/actualidad\\\/#\\\/schema\\\/person\\\/efe887376f0213d4657c93adc50b1fdb\",\"name\":\"La Gu\u00eda de Pamplona\",\"image\":{\"@type\":\"ImageObject\",\"inLanguage\":\"es\",\"@id\":\"https:\\\/\\\/secure.gravatar.com\\\/avatar\\\/b6992f131dc8d30ab0dff15446e9d346d9dbd95992de0fef795073f5ea83a81c?s=96&d=mm&r=g\",\"url\":\"https:\\\/\\\/secure.gravatar.com\\\/avatar\\\/b6992f131dc8d30ab0dff15446e9d346d9dbd95992de0fef795073f5ea83a81c?s=96&d=mm&r=g\",\"contentUrl\":\"https:\\\/\\\/secure.gravatar.com\\\/avatar\\\/b6992f131dc8d30ab0dff15446e9d346d9dbd95992de0fef795073f5ea83a81c?s=96&d=mm&r=g\",\"caption\":\"La Gu\u00eda de Pamplona\"}}]}<\/script>\n<!-- \/ Yoast SEO plugin. -->","yoast_head_json":{"title":"Del 30 de junio al 15 de julio deber\u00e1n estar cerradas las zanjas y haberse retirado andamios o gr\u00faas en la v\u00eda p\u00fablica de Casco Antiguo y parte de los Ensanches","description":"Esta previsi\u00f3n, en el caso de las zanjas, se extiende a las arterias principales de tr\u00e1fico de Pamplona y a las v\u00edas de acceso a la ciudad","robots":{"index":"index","follow":"follow","max-snippet":"max-snippet:-1","max-image-preview":"max-image-preview:large","max-video-preview":"max-video-preview:-1"},"canonical":"https:\/\/www.laguiadepamplona.com\/actualidad\/del-30-de-junio-al-15-de-julio-deberan-estar-cerradas-las-zanjas-y-haberse-retirado-andamios-o-gruas-en-la-via-publica-de-casco-antiguo-y-parte-de-los-ensanches\/","og_locale":"es_ES","og_type":"article","og_title":"Del 30 de junio al 15 de julio deber\u00e1n estar cerradas las zanjas y haberse retirado andamios o gr\u00faas en la v\u00eda p\u00fablica de Casco Antiguo y parte de los Ensanches","og_description":"Esta previsi\u00f3n, en el caso de las zanjas, se extiende a las arterias principales de tr\u00e1fico de Pamplona y a las v\u00edas de acceso a la ciudad","og_url":"https:\/\/www.laguiadepamplona.com\/actualidad\/del-30-de-junio-al-15-de-julio-deberan-estar-cerradas-las-zanjas-y-haberse-retirado-andamios-o-gruas-en-la-via-publica-de-casco-antiguo-y-parte-de-los-ensanches\/","og_site_name":"La Gu\u00eda de Pamplona","article_publisher":"https:\/\/www.facebook.com\/laguiadepamplonacom-133175176762273\/?ref=hl","article_published_time":"2022-05-25T14:29:26+00:00","article_modified_time":"2023-04-11T09:48:09+00:00","og_image":[{"width":1920,"height":1080,"url":"https:\/\/www.laguiadepamplona.com\/actualidad\/wp-content\/uploads\/2021\/08\/ayuntamiento-pamplona2.jpg","type":"image\/jpeg"}],"author":"La Gu\u00eda de Pamplona","twitter_card":"summary_large_image","twitter_creator":"@LaGuiadPamplona","twitter_site":"@LaGuiadPamplona","twitter_misc":{"Escrito por":"La Gu\u00eda de Pamplona","Tiempo de lectura":"1 minuto"},"schema":{"@context":"https:\/\/schema.org","@graph":[{"@type":"Article","@id":"https:\/\/www.laguiadepamplona.com\/actualidad\/del-30-de-junio-al-15-de-julio-deberan-estar-cerradas-las-zanjas-y-haberse-retirado-andamios-o-gruas-en-la-via-publica-de-casco-antiguo-y-parte-de-los-ensanches\/#article","isPartOf":{"@id":"https:\/\/www.laguiadepamplona.com\/actualidad\/del-30-de-junio-al-15-de-julio-deberan-estar-cerradas-las-zanjas-y-haberse-retirado-andamios-o-gruas-en-la-via-publica-de-casco-antiguo-y-parte-de-los-ensanches\/"},"author":{"name":"La Gu\u00eda de Pamplona","@id":"https:\/\/www.laguiadepamplona.com\/actualidad\/#\/schema\/person\/efe887376f0213d4657c93adc50b1fdb"},"headline":"Del 30 de junio al 15 de julio deber\u00e1n estar cerradas las zanjas y haberse retirado andamios o gr\u00faas en la v\u00eda p\u00fablica de Casco Antiguo y parte de los Ensanches","datePublished":"2022-05-25T14:29:26+00:00","dateModified":"2023-04-11T09:48:09+00:00","mainEntityOfPage":{"@id":"https:\/\/www.laguiadepamplona.com\/actualidad\/del-30-de-junio-al-15-de-julio-deberan-estar-cerradas-las-zanjas-y-haberse-retirado-andamios-o-gruas-en-la-via-publica-de-casco-antiguo-y-parte-de-los-ensanches\/"},"wordCount":260,"commentCount":0,"publisher":{"@id":"https:\/\/www.laguiadepamplona.com\/actualidad\/#organization"},"image":{"@id":"https:\/\/www.laguiadepamplona.com\/actualidad\/del-30-de-junio-al-15-de-julio-deberan-estar-cerradas-las-zanjas-y-haberse-retirado-andamios-o-gruas-en-la-via-publica-de-casco-antiguo-y-parte-de-los-ensanches\/#primaryimage"},"thumbnailUrl":"https:\/\/www.laguiadepamplona.com\/actualidad\/wp-content\/uploads\/2021\/08\/ayuntamiento-pamplona2.jpg","articleSection":["Ayto Pamplona"],"inLanguage":"es","potentialAction":[{"@type":"CommentAction","name":"Comment","target":["https:\/\/www.laguiadepamplona.com\/actualidad\/del-30-de-junio-al-15-de-julio-deberan-estar-cerradas-las-zanjas-y-haberse-retirado-andamios-o-gruas-en-la-via-publica-de-casco-antiguo-y-parte-de-los-ensanches\/#respond"]}]},{"@type":"WebPage","@id":"https:\/\/www.laguiadepamplona.com\/actualidad\/del-30-de-junio-al-15-de-julio-deberan-estar-cerradas-las-zanjas-y-haberse-retirado-andamios-o-gruas-en-la-via-publica-de-casco-antiguo-y-parte-de-los-ensanches\/","url":"https:\/\/www.laguiadepamplona.com\/actualidad\/del-30-de-junio-al-15-de-julio-deberan-estar-cerradas-las-zanjas-y-haberse-retirado-andamios-o-gruas-en-la-via-publica-de-casco-antiguo-y-parte-de-los-ensanches\/","name":"Del 30 de junio al 15 de julio deber\u00e1n estar cerradas las zanjas y haberse retirado andamios o gr\u00faas en la v\u00eda p\u00fablica de Casco Antiguo y parte de los Ensanches","isPartOf":{"@id":"https:\/\/www.laguiadepamplona.com\/actualidad\/#website"},"primaryImageOfPage":{"@id":"https:\/\/www.laguiadepamplona.com\/actualidad\/del-30-de-junio-al-15-de-julio-deberan-estar-cerradas-las-zanjas-y-haberse-retirado-andamios-o-gruas-en-la-via-publica-de-casco-antiguo-y-parte-de-los-ensanches\/#primaryimage"},"image":{"@id":"https:\/\/www.laguiadepamplona.com\/actualidad\/del-30-de-junio-al-15-de-julio-deberan-estar-cerradas-las-zanjas-y-haberse-retirado-andamios-o-gruas-en-la-via-publica-de-casco-antiguo-y-parte-de-los-ensanches\/#primaryimage"},"thumbnailUrl":"https:\/\/www.laguiadepamplona.com\/actualidad\/wp-content\/uploads\/2021\/08\/ayuntamiento-pamplona2.jpg","datePublished":"2022-05-25T14:29:26+00:00","dateModified":"2023-04-11T09:48:09+00:00","description":"Esta previsi\u00f3n, en el caso de las zanjas, se extiende a las arterias principales de tr\u00e1fico de Pamplona y a las v\u00edas de acceso a la ciudad","breadcrumb":{"@id":"https:\/\/www.laguiadepamplona.com\/actualidad\/del-30-de-junio-al-15-de-julio-deberan-estar-cerradas-las-zanjas-y-haberse-retirado-andamios-o-gruas-en-la-via-publica-de-casco-antiguo-y-parte-de-los-ensanches\/#breadcrumb"},"inLanguage":"es","potentialAction":[{"@type":"ReadAction","target":["https:\/\/www.laguiadepamplona.com\/actualidad\/del-30-de-junio-al-15-de-julio-deberan-estar-cerradas-las-zanjas-y-haberse-retirado-andamios-o-gruas-en-la-via-publica-de-casco-antiguo-y-parte-de-los-ensanches\/"]}]},{"@type":"ImageObject","inLanguage":"es","@id":"https:\/\/www.laguiadepamplona.com\/actualidad\/del-30-de-junio-al-15-de-julio-deberan-estar-cerradas-las-zanjas-y-haberse-retirado-andamios-o-gruas-en-la-via-publica-de-casco-antiguo-y-parte-de-los-ensanches\/#primaryimage","url":"https:\/\/www.laguiadepamplona.com\/actualidad\/wp-content\/uploads\/2021\/08\/ayuntamiento-pamplona2.jpg","contentUrl":"https:\/\/www.laguiadepamplona.com\/actualidad\/wp-content\/uploads\/2021\/08\/ayuntamiento-pamplona2.jpg","width":1920,"height":1080,"caption":"ayuntamiento pamplona"},{"@type":"BreadcrumbList","@id":"https:\/\/www.laguiadepamplona.com\/actualidad\/del-30-de-junio-al-15-de-julio-deberan-estar-cerradas-las-zanjas-y-haberse-retirado-andamios-o-gruas-en-la-via-publica-de-casco-antiguo-y-parte-de-los-ensanches\/#breadcrumb","itemListElement":[{"@type":"ListItem","position":1,"name":"Portada","item":"https:\/\/www.laguiadepamplona.com\/actualidad\/"},{"@type":"ListItem","position":2,"name":"Del 30 de junio al 15 de julio deber\u00e1n estar cerradas las zanjas y haberse retirado andamios o gr\u00faas en la v\u00eda p\u00fablica de Casco Antiguo y parte de los Ensanches"}]},{"@type":"WebSite","@id":"https:\/\/www.laguiadepamplona.com\/actualidad\/#website","url":"https:\/\/www.laguiadepamplona.com\/actualidad\/","name":"La gu\u00eda de Pamplona","description":"Noticias de Pamplona","publisher":{"@id":"https:\/\/www.laguiadepamplona.com\/actualidad\/#organization"},"potentialAction":[{"@type":"SearchAction","target":{"@type":"EntryPoint","urlTemplate":"https:\/\/www.laguiadepamplona.com\/actualidad\/?s={search_term_string}"},"query-input":{"@type":"PropertyValueSpecification","valueRequired":true,"valueName":"search_term_string"}}],"inLanguage":"es"},{"@type":"Organization","@id":"https:\/\/www.laguiadepamplona.com\/actualidad\/#organization","name":"La Gu\u00eda de Pamplona \/ Noticias","url":"https:\/\/www.laguiadepamplona.com\/actualidad\/","logo":{"@type":"ImageObject","inLanguage":"es","@id":"https:\/\/www.laguiadepamplona.com\/actualidad\/#\/schema\/logo\/image\/","url":"https:\/\/www.laguiadepamplona.com\/actualidad\/wp-content\/uploads\/2018\/11\/logo-laguiadepamplona18-web1.png","contentUrl":"https:\/\/www.laguiadepamplona.com\/actualidad\/wp-content\/uploads\/2018\/11\/logo-laguiadepamplona18-web1.png","width":600,"height":196,"caption":"La Gu\u00eda de Pamplona \/ Noticias"},"image":{"@id":"https:\/\/www.laguiadepamplona.com\/actualidad\/#\/schema\/logo\/image\/"},"sameAs":["https:\/\/www.facebook.com\/laguiadepamplonacom-133175176762273\/?ref=hl","https:\/\/x.com\/LaGuiadPamplona","https:\/\/www.instagram.com\/la_guia_de_pamplona\/","https:\/\/www.youtube.com\/user\/laguiadepamplona"]},{"@type":"Person","@id":"https:\/\/www.laguiadepamplona.com\/actualidad\/#\/schema\/person\/efe887376f0213d4657c93adc50b1fdb","name":"La Gu\u00eda de Pamplona","image":{"@type":"ImageObject","inLanguage":"es","@id":"https:\/\/secure.gravatar.com\/avatar\/b6992f131dc8d30ab0dff15446e9d346d9dbd95992de0fef795073f5ea83a81c?s=96&d=mm&r=g","url":"https:\/\/secure.gravatar.com\/avatar\/b6992f131dc8d30ab0dff15446e9d346d9dbd95992de0fef795073f5ea83a81c?s=96&d=mm&r=g","contentUrl":"https:\/\/secure.gravatar.com\/avatar\/b6992f131dc8d30ab0dff15446e9d346d9dbd95992de0fef795073f5ea83a81c?s=96&d=mm&r=g","caption":"La Gu\u00eda de Pamplona"}}]}},"post_mailing_queue_ids":[],"_links":{"self":[{"href":"https:\/\/www.laguiadepamplona.com\/actualidad\/wp-json\/wp\/v2\/posts\/40468","targetHints":{"allow":["GET"]}}],"collection":[{"href":"https:\/\/www.laguiadepamplona.com\/actualidad\/wp-json\/wp\/v2\/posts"}],"about":[{"href":"https:\/\/www.laguiadepamplona.com\/actualidad\/wp-json\/wp\/v2\/types\/post"}],"author":[{"embeddable":true,"href":"https:\/\/www.laguiadepamplona.com\/actualidad\/wp-json\/wp\/v2\/users\/1"}],"replies":[{"embeddable":true,"href":"https:\/\/www.laguiadepamplona.com\/actualidad\/wp-json\/wp\/v2\/comments?post=40468"}],"version-history":[{"count":0,"href":"https:\/\/www.laguiadepamplona.com\/actualidad\/wp-json\/wp\/v2\/posts\/40468\/revisions"}],"wp:featuredmedia":[{"embeddable":true,"href":"https:\/\/www.laguiadepamplona.com\/actualidad\/wp-json\/wp\/v2\/media\/36074"}],"wp:attachment":[{"href":"https:\/\/www.laguiadepamplona.com\/actualidad\/wp-json\/wp\/v2\/media?parent=40468"}],"wp:term":[{"taxonomy":"category","embeddable":true,"href":"https:\/\/www.laguiadepamplona.com\/actualidad\/wp-json\/wp\/v2\/categories?post=40468"},{"taxonomy":"post_tag","embeddable":true,"href":"https:\/\/www.laguiadepamplona.com\/actualidad\/wp-json\/wp\/v2\/tags?post=40468"}],"curies":[{"name":"wp","href":"https:\/\/api.w.org\/{rel}","templated":true}]}}