{"id":40465,"date":"2022-05-25T16:27:55","date_gmt":"2022-05-25T14:27:55","guid":{"rendered":"https:\/\/www.laguiadepamplona.com\/actualidad\/?p=40465"},"modified":"2023-04-11T11:48:09","modified_gmt":"2023-04-11T09:48:09","slug":"arranca-una-iniciativa-del-ayuntamiento-de-pamplona-que-empleara-hasta-final-de-ano-a-ocho-personas-con-discapacidad-por-enfermedad-mental","status":"publish","type":"post","link":"https:\/\/www.laguiadepamplona.com\/actualidad\/arranca-una-iniciativa-del-ayuntamiento-de-pamplona-que-empleara-hasta-final-de-ano-a-ocho-personas-con-discapacidad-por-enfermedad-mental\/","title":{"rendered":"Arranca una iniciativa del Ayuntamiento de Pamplona que emplear\u00e1 hasta final de a\u00f1o a ocho personas con discapacidad por enfermedad mental"},"content":{"rendered":"<h5>Se trata de un proyecto en colaboraci\u00f3n con Elkarkide y el Servicio Navarro de Empleo-Nafar Lansare en el que realizar\u00e1n servicios de inter\u00e9s general<\/h5>\n<p><!--more--><\/p>\n<p>Esta ma\u00f1ana se ha celebrado la jornada de recepci\u00f3n de las personas participantes en el proyecto de empleo social del Ayuntamiento de Pamplona en el que, durante seis meses, van a participar cuatro hombres y cuatro mujeres, que tienen un perfil de discapacidad de m\u00e1s del 33% por enfermedad mental. Esta iniciativa se va a llevar a cabo de la mano de la Entidad de Iniciativa Social Elkarkide y con la financiaci\u00f3n del Servicio Navarro de Empleo-Nafar Lansare, dentro de la convocatoria de subvenciones a las entidades locales de Navarra por la contrataci\u00f3n laboral de personas desempleadas para la realizaci\u00f3n de obras y servicios de inter\u00e9s general o social.<br \/>\n<script async src=\"\/\/pagead2.googlesyndication.com\/pagead\/js\/adsbygoogle.js\"><\/script><br \/>\n<!-- Noticias La Guia de Pamplona --><br \/>\n<ins class=\"adsbygoogle\"\nstyle=\"display:block\"\ndata-ad-client=\"ca-pub-6943679897239327\"\ndata-ad-slot=\"7048180777\"\ndata-ad-format=\"auto\"><\/ins><br \/>\n<script>\n(adsbygoogle = window.adsbygoogle || []).push({});\n<\/script><\/p>\n<p>Los desempe\u00f1os de las personas participantes en este proyecto, bajo las directrices t\u00e9cnicas del \u00c1rea de Conservaci\u00f3n Urbana, consistir\u00e1n en realizar tareas de mantenimiento y pintura de mobiliario urbano y desarrollar actividades agr\u00edcolas auxiliares en la huerta de Aranzadi gestionada por la entidad Elkarkide. Parte de la producci\u00f3n agr\u00edcola obtenida en el desarrollo del programa ser\u00e1 destinada al punto de reparto de alimentos municipal para familias en situaci\u00f3n de necesidad. El coste de los materiales y productos empleados para la realizaci\u00f3n de sus tareas ser\u00e1 asumido por el Ayuntamiento de Pamplona.<\/p>\n<p>Estos trabajos formar\u00e1n parte de sus itinerarios de incorporaci\u00f3n al \u00e1mbito laboral y les aportar\u00e1n una experiencia laboral real, as\u00ed como una remuneraci\u00f3n, y contribuir\u00e1n a ponerles en valor como protagonistas y agentes activos de la ciudad. El objetivo del proyecto es, adem\u00e1s, crear un recurso de empleo que complemente la actual oferta de recursos para las personas afectadas por enfermedad mental y pueda servir de puente entre los centros ocupacionales y centros especiales de empleo o el mercado laboral. Pamplona, adem\u00e1s de la mejora global del tejido social, recibir\u00e1 a cambio obras de inter\u00e9s general para la ciudadan\u00eda.<br \/>\n<script async src=\"\/\/pagead2.googlesyndication.com\/pagead\/js\/adsbygoogle.js\"><\/script><br \/>\n<!-- Noticias La Guia de Pamplona --><br \/>\n<ins class=\"adsbygoogle\"\nstyle=\"display:block\"\ndata-ad-client=\"ca-pub-6943679897239327\"\ndata-ad-slot=\"7048180777\"\ndata-ad-format=\"auto\"><\/ins><br \/>\n<script>\n(adsbygoogle = window.adsbygoogle || []).push({});\n<\/script><\/p>\n<p>Para llevar a cabo este proyecto el Ayuntamiento ha contratado, adem\u00e1s de a las ocho personas participantes, a una t\u00e9cnica de Inserci\u00f3n Social y a un oficial de pintura mayor de 50 a\u00f1os, que se encargar\u00e1n la supervisi\u00f3n. Estas personas recibir\u00e1n las remuneraciones correspondientes a su categor\u00eda y jornada laboral equiparables a las del personal municipal y ser\u00e1n financiadas por Consistorio y Servicio Navarro de Empleo. El seguimiento del programa ser\u00e1 realizado por una comisi\u00f3n mixta en la que habr\u00e1 representaci\u00f3n de Elkarkide y una t\u00e9cnica del Programa de Empleo Social municipal.<\/p>\n","protected":false},"excerpt":{"rendered":"<p>Se trata de un proyecto en colaboraci\u00f3n con Elkarkide y el Servicio Navarro de Empleo-Nafar Lansare en el que realizar\u00e1n servicios de inter\u00e9s general<\/p>\n","protected":false},"author":1,"featured_media":40466,"comment_status":"open","ping_status":"closed","sticky":false,"template":"","format":"standard","meta":{"footnotes":""},"categories":[2],"tags":[],"class_list":["post-40465","post","type-post","status-publish","format-standard","has-post-thumbnail","hentry","category-ayuntamiento-pamplona"],"yoast_head":"<!-- This site is optimized with the Yoast SEO plugin v27.3 - https:\/\/yoast.com\/product\/yoast-seo-wordpress\/ -->\n<title>Arranca una iniciativa del Ayuntamiento de Pamplona que emplear\u00e1 hasta final de a\u00f1o a ocho personas con discapacidad por enfermedad mental<\/title>\n<meta name=\"description\" content=\"Se trata de un proyecto en colaboraci\u00f3n con Elkarkide y el Servicio Navarro de Empleo-Nafar Lansare en el que realizar\u00e1n servicios de inter\u00e9s general\" \/>\n<meta name=\"robots\" content=\"index, follow, max-snippet:-1, max-image-preview:large, max-video-preview:-1\" \/>\n<link rel=\"canonical\" href=\"https:\/\/www.laguiadepamplona.com\/actualidad\/arranca-una-iniciativa-del-ayuntamiento-de-pamplona-que-empleara-hasta-final-de-ano-a-ocho-personas-con-discapacidad-por-enfermedad-mental\/\" \/>\n<meta property=\"og:locale\" content=\"es_ES\" \/>\n<meta property=\"og:type\" content=\"article\" \/>\n<meta property=\"og:title\" content=\"Arranca una iniciativa del Ayuntamiento de Pamplona que emplear\u00e1 hasta final de a\u00f1o a ocho personas con discapacidad por enfermedad mental\" \/>\n<meta property=\"og:description\" content=\"Se trata de un proyecto en colaboraci\u00f3n con Elkarkide y el Servicio Navarro de Empleo-Nafar Lansare en el que realizar\u00e1n servicios de inter\u00e9s general\" \/>\n<meta property=\"og:url\" content=\"https:\/\/www.laguiadepamplona.com\/actualidad\/arranca-una-iniciativa-del-ayuntamiento-de-pamplona-que-empleara-hasta-final-de-ano-a-ocho-personas-con-discapacidad-por-enfermedad-mental\/\" \/>\n<meta property=\"og:site_name\" content=\"La Gu\u00eda de Pamplona\" \/>\n<meta property=\"article:publisher\" content=\"https:\/\/www.facebook.com\/laguiadepamplonacom-133175176762273\/?ref=hl\" \/>\n<meta property=\"article:published_time\" content=\"2022-05-25T14:27:55+00:00\" \/>\n<meta property=\"article:modified_time\" content=\"2023-04-11T09:48:09+00:00\" \/>\n<meta property=\"og:image\" content=\"https:\/\/www.laguiadepamplona.com\/actualidad\/wp-content\/uploads\/2022\/05\/22.05.25_INICIO-CURSO-ELKARKIDE-TRASTORNO-MENTAL.webp\" \/>\n\t<meta property=\"og:image:width\" content=\"1920\" \/>\n\t<meta property=\"og:image:height\" content=\"1281\" \/>\n\t<meta property=\"og:image:type\" content=\"image\/webp\" \/>\n<meta name=\"author\" content=\"La Gu\u00eda de Pamplona\" \/>\n<meta name=\"twitter:card\" content=\"summary_large_image\" \/>\n<meta name=\"twitter:creator\" content=\"@LaGuiadPamplona\" \/>\n<meta name=\"twitter:site\" content=\"@LaGuiadPamplona\" \/>\n<meta name=\"twitter:label1\" content=\"Escrito por\" \/>\n\t<meta name=\"twitter:data1\" content=\"La Gu\u00eda de Pamplona\" \/>\n\t<meta name=\"twitter:label2\" content=\"Tiempo de lectura\" \/>\n\t<meta name=\"twitter:data2\" content=\"2 minutos\" \/>\n<script type=\"application\/ld+json\" class=\"yoast-schema-graph\">{\"@context\":\"https:\\\/\\\/schema.org\",\"@graph\":[{\"@type\":\"Article\",\"@id\":\"https:\\\/\\\/www.laguiadepamplona.com\\\/actualidad\\\/arranca-una-iniciativa-del-ayuntamiento-de-pamplona-que-empleara-hasta-final-de-ano-a-ocho-personas-con-discapacidad-por-enfermedad-mental\\\/#article\",\"isPartOf\":{\"@id\":\"https:\\\/\\\/www.laguiadepamplona.com\\\/actualidad\\\/arranca-una-iniciativa-del-ayuntamiento-de-pamplona-que-empleara-hasta-final-de-ano-a-ocho-personas-con-discapacidad-por-enfermedad-mental\\\/\"},\"author\":{\"name\":\"La Gu\u00eda de Pamplona\",\"@id\":\"https:\\\/\\\/www.laguiadepamplona.com\\\/actualidad\\\/#\\\/schema\\\/person\\\/efe887376f0213d4657c93adc50b1fdb\"},\"headline\":\"Arranca una iniciativa del Ayuntamiento de Pamplona que emplear\u00e1 hasta final de a\u00f1o a ocho personas con discapacidad por enfermedad mental\",\"datePublished\":\"2022-05-25T14:27:55+00:00\",\"dateModified\":\"2023-04-11T09:48:09+00:00\",\"mainEntityOfPage\":{\"@id\":\"https:\\\/\\\/www.laguiadepamplona.com\\\/actualidad\\\/arranca-una-iniciativa-del-ayuntamiento-de-pamplona-que-empleara-hasta-final-de-ano-a-ocho-personas-con-discapacidad-por-enfermedad-mental\\\/\"},\"wordCount\":475,\"commentCount\":0,\"publisher\":{\"@id\":\"https:\\\/\\\/www.laguiadepamplona.com\\\/actualidad\\\/#organization\"},\"image\":{\"@id\":\"https:\\\/\\\/www.laguiadepamplona.com\\\/actualidad\\\/arranca-una-iniciativa-del-ayuntamiento-de-pamplona-que-empleara-hasta-final-de-ano-a-ocho-personas-con-discapacidad-por-enfermedad-mental\\\/#primaryimage\"},\"thumbnailUrl\":\"https:\\\/\\\/www.laguiadepamplona.com\\\/actualidad\\\/wp-content\\\/uploads\\\/2022\\\/05\\\/22.05.25_INICIO-CURSO-ELKARKIDE-TRASTORNO-MENTAL.webp\",\"articleSection\":[\"Ayto Pamplona\"],\"inLanguage\":\"es\",\"potentialAction\":[{\"@type\":\"CommentAction\",\"name\":\"Comment\",\"target\":[\"https:\\\/\\\/www.laguiadepamplona.com\\\/actualidad\\\/arranca-una-iniciativa-del-ayuntamiento-de-pamplona-que-empleara-hasta-final-de-ano-a-ocho-personas-con-discapacidad-por-enfermedad-mental\\\/#respond\"]}]},{\"@type\":\"WebPage\",\"@id\":\"https:\\\/\\\/www.laguiadepamplona.com\\\/actualidad\\\/arranca-una-iniciativa-del-ayuntamiento-de-pamplona-que-empleara-hasta-final-de-ano-a-ocho-personas-con-discapacidad-por-enfermedad-mental\\\/\",\"url\":\"https:\\\/\\\/www.laguiadepamplona.com\\\/actualidad\\\/arranca-una-iniciativa-del-ayuntamiento-de-pamplona-que-empleara-hasta-final-de-ano-a-ocho-personas-con-discapacidad-por-enfermedad-mental\\\/\",\"name\":\"Arranca una iniciativa del Ayuntamiento de Pamplona que emplear\u00e1 hasta final de a\u00f1o a ocho personas con discapacidad por enfermedad mental\",\"isPartOf\":{\"@id\":\"https:\\\/\\\/www.laguiadepamplona.com\\\/actualidad\\\/#website\"},\"primaryImageOfPage\":{\"@id\":\"https:\\\/\\\/www.laguiadepamplona.com\\\/actualidad\\\/arranca-una-iniciativa-del-ayuntamiento-de-pamplona-que-empleara-hasta-final-de-ano-a-ocho-personas-con-discapacidad-por-enfermedad-mental\\\/#primaryimage\"},\"image\":{\"@id\":\"https:\\\/\\\/www.laguiadepamplona.com\\\/actualidad\\\/arranca-una-iniciativa-del-ayuntamiento-de-pamplona-que-empleara-hasta-final-de-ano-a-ocho-personas-con-discapacidad-por-enfermedad-mental\\\/#primaryimage\"},\"thumbnailUrl\":\"https:\\\/\\\/www.laguiadepamplona.com\\\/actualidad\\\/wp-content\\\/uploads\\\/2022\\\/05\\\/22.05.25_INICIO-CURSO-ELKARKIDE-TRASTORNO-MENTAL.webp\",\"datePublished\":\"2022-05-25T14:27:55+00:00\",\"dateModified\":\"2023-04-11T09:48:09+00:00\",\"description\":\"Se trata de un proyecto en colaboraci\u00f3n con Elkarkide y el Servicio Navarro de Empleo-Nafar Lansare en el que realizar\u00e1n servicios de inter\u00e9s general\",\"breadcrumb\":{\"@id\":\"https:\\\/\\\/www.laguiadepamplona.com\\\/actualidad\\\/arranca-una-iniciativa-del-ayuntamiento-de-pamplona-que-empleara-hasta-final-de-ano-a-ocho-personas-con-discapacidad-por-enfermedad-mental\\\/#breadcrumb\"},\"inLanguage\":\"es\",\"potentialAction\":[{\"@type\":\"ReadAction\",\"target\":[\"https:\\\/\\\/www.laguiadepamplona.com\\\/actualidad\\\/arranca-una-iniciativa-del-ayuntamiento-de-pamplona-que-empleara-hasta-final-de-ano-a-ocho-personas-con-discapacidad-por-enfermedad-mental\\\/\"]}]},{\"@type\":\"ImageObject\",\"inLanguage\":\"es\",\"@id\":\"https:\\\/\\\/www.laguiadepamplona.com\\\/actualidad\\\/arranca-una-iniciativa-del-ayuntamiento-de-pamplona-que-empleara-hasta-final-de-ano-a-ocho-personas-con-discapacidad-por-enfermedad-mental\\\/#primaryimage\",\"url\":\"https:\\\/\\\/www.laguiadepamplona.com\\\/actualidad\\\/wp-content\\\/uploads\\\/2022\\\/05\\\/22.05.25_INICIO-CURSO-ELKARKIDE-TRASTORNO-MENTAL.webp\",\"contentUrl\":\"https:\\\/\\\/www.laguiadepamplona.com\\\/actualidad\\\/wp-content\\\/uploads\\\/2022\\\/05\\\/22.05.25_INICIO-CURSO-ELKARKIDE-TRASTORNO-MENTAL.webp\",\"width\":1920,\"height\":1281},{\"@type\":\"BreadcrumbList\",\"@id\":\"https:\\\/\\\/www.laguiadepamplona.com\\\/actualidad\\\/arranca-una-iniciativa-del-ayuntamiento-de-pamplona-que-empleara-hasta-final-de-ano-a-ocho-personas-con-discapacidad-por-enfermedad-mental\\\/#breadcrumb\",\"itemListElement\":[{\"@type\":\"ListItem\",\"position\":1,\"name\":\"Portada\",\"item\":\"https:\\\/\\\/www.laguiadepamplona.com\\\/actualidad\\\/\"},{\"@type\":\"ListItem\",\"position\":2,\"name\":\"Arranca una iniciativa del Ayuntamiento de Pamplona que emplear\u00e1 hasta final de a\u00f1o a ocho personas con discapacidad por enfermedad mental\"}]},{\"@type\":\"WebSite\",\"@id\":\"https:\\\/\\\/www.laguiadepamplona.com\\\/actualidad\\\/#website\",\"url\":\"https:\\\/\\\/www.laguiadepamplona.com\\\/actualidad\\\/\",\"name\":\"La gu\u00eda de Pamplona\",\"description\":\"Noticias de Pamplona\",\"publisher\":{\"@id\":\"https:\\\/\\\/www.laguiadepamplona.com\\\/actualidad\\\/#organization\"},\"potentialAction\":[{\"@type\":\"SearchAction\",\"target\":{\"@type\":\"EntryPoint\",\"urlTemplate\":\"https:\\\/\\\/www.laguiadepamplona.com\\\/actualidad\\\/?s={search_term_string}\"},\"query-input\":{\"@type\":\"PropertyValueSpecification\",\"valueRequired\":true,\"valueName\":\"search_term_string\"}}],\"inLanguage\":\"es\"},{\"@type\":\"Organization\",\"@id\":\"https:\\\/\\\/www.laguiadepamplona.com\\\/actualidad\\\/#organization\",\"name\":\"La Gu\u00eda de Pamplona \\\/ Noticias\",\"url\":\"https:\\\/\\\/www.laguiadepamplona.com\\\/actualidad\\\/\",\"logo\":{\"@type\":\"ImageObject\",\"inLanguage\":\"es\",\"@id\":\"https:\\\/\\\/www.laguiadepamplona.com\\\/actualidad\\\/#\\\/schema\\\/logo\\\/image\\\/\",\"url\":\"https:\\\/\\\/www.laguiadepamplona.com\\\/actualidad\\\/wp-content\\\/uploads\\\/2018\\\/11\\\/logo-laguiadepamplona18-web1.png\",\"contentUrl\":\"https:\\\/\\\/www.laguiadepamplona.com\\\/actualidad\\\/wp-content\\\/uploads\\\/2018\\\/11\\\/logo-laguiadepamplona18-web1.png\",\"width\":600,\"height\":196,\"caption\":\"La Gu\u00eda de Pamplona \\\/ Noticias\"},\"image\":{\"@id\":\"https:\\\/\\\/www.laguiadepamplona.com\\\/actualidad\\\/#\\\/schema\\\/logo\\\/image\\\/\"},\"sameAs\":[\"https:\\\/\\\/www.facebook.com\\\/laguiadepamplonacom-133175176762273\\\/?ref=hl\",\"https:\\\/\\\/x.com\\\/LaGuiadPamplona\",\"https:\\\/\\\/www.instagram.com\\\/la_guia_de_pamplona\\\/\",\"https:\\\/\\\/www.youtube.com\\\/user\\\/laguiadepamplona\"]},{\"@type\":\"Person\",\"@id\":\"https:\\\/\\\/www.laguiadepamplona.com\\\/actualidad\\\/#\\\/schema\\\/person\\\/efe887376f0213d4657c93adc50b1fdb\",\"name\":\"La Gu\u00eda de Pamplona\",\"image\":{\"@type\":\"ImageObject\",\"inLanguage\":\"es\",\"@id\":\"https:\\\/\\\/secure.gravatar.com\\\/avatar\\\/b6992f131dc8d30ab0dff15446e9d346d9dbd95992de0fef795073f5ea83a81c?s=96&d=mm&r=g\",\"url\":\"https:\\\/\\\/secure.gravatar.com\\\/avatar\\\/b6992f131dc8d30ab0dff15446e9d346d9dbd95992de0fef795073f5ea83a81c?s=96&d=mm&r=g\",\"contentUrl\":\"https:\\\/\\\/secure.gravatar.com\\\/avatar\\\/b6992f131dc8d30ab0dff15446e9d346d9dbd95992de0fef795073f5ea83a81c?s=96&d=mm&r=g\",\"caption\":\"La Gu\u00eda de Pamplona\"}}]}<\/script>\n<!-- \/ Yoast SEO plugin. -->","yoast_head_json":{"title":"Arranca una iniciativa del Ayuntamiento de Pamplona que emplear\u00e1 hasta final de a\u00f1o a ocho personas con discapacidad por enfermedad mental","description":"Se trata de un proyecto en colaboraci\u00f3n con Elkarkide y el Servicio Navarro de Empleo-Nafar Lansare en el que realizar\u00e1n servicios de inter\u00e9s general","robots":{"index":"index","follow":"follow","max-snippet":"max-snippet:-1","max-image-preview":"max-image-preview:large","max-video-preview":"max-video-preview:-1"},"canonical":"https:\/\/www.laguiadepamplona.com\/actualidad\/arranca-una-iniciativa-del-ayuntamiento-de-pamplona-que-empleara-hasta-final-de-ano-a-ocho-personas-con-discapacidad-por-enfermedad-mental\/","og_locale":"es_ES","og_type":"article","og_title":"Arranca una iniciativa del Ayuntamiento de Pamplona que emplear\u00e1 hasta final de a\u00f1o a ocho personas con discapacidad por enfermedad mental","og_description":"Se trata de un proyecto en colaboraci\u00f3n con Elkarkide y el Servicio Navarro de Empleo-Nafar Lansare en el que realizar\u00e1n servicios de inter\u00e9s general","og_url":"https:\/\/www.laguiadepamplona.com\/actualidad\/arranca-una-iniciativa-del-ayuntamiento-de-pamplona-que-empleara-hasta-final-de-ano-a-ocho-personas-con-discapacidad-por-enfermedad-mental\/","og_site_name":"La Gu\u00eda de Pamplona","article_publisher":"https:\/\/www.facebook.com\/laguiadepamplonacom-133175176762273\/?ref=hl","article_published_time":"2022-05-25T14:27:55+00:00","article_modified_time":"2023-04-11T09:48:09+00:00","og_image":[{"width":1920,"height":1281,"url":"https:\/\/www.laguiadepamplona.com\/actualidad\/wp-content\/uploads\/2022\/05\/22.05.25_INICIO-CURSO-ELKARKIDE-TRASTORNO-MENTAL.webp","type":"image\/webp"}],"author":"La Gu\u00eda de Pamplona","twitter_card":"summary_large_image","twitter_creator":"@LaGuiadPamplona","twitter_site":"@LaGuiadPamplona","twitter_misc":{"Escrito por":"La Gu\u00eda de Pamplona","Tiempo de lectura":"2 minutos"},"schema":{"@context":"https:\/\/schema.org","@graph":[{"@type":"Article","@id":"https:\/\/www.laguiadepamplona.com\/actualidad\/arranca-una-iniciativa-del-ayuntamiento-de-pamplona-que-empleara-hasta-final-de-ano-a-ocho-personas-con-discapacidad-por-enfermedad-mental\/#article","isPartOf":{"@id":"https:\/\/www.laguiadepamplona.com\/actualidad\/arranca-una-iniciativa-del-ayuntamiento-de-pamplona-que-empleara-hasta-final-de-ano-a-ocho-personas-con-discapacidad-por-enfermedad-mental\/"},"author":{"name":"La Gu\u00eda de Pamplona","@id":"https:\/\/www.laguiadepamplona.com\/actualidad\/#\/schema\/person\/efe887376f0213d4657c93adc50b1fdb"},"headline":"Arranca una iniciativa del Ayuntamiento de Pamplona que emplear\u00e1 hasta final de a\u00f1o a ocho personas con discapacidad por enfermedad mental","datePublished":"2022-05-25T14:27:55+00:00","dateModified":"2023-04-11T09:48:09+00:00","mainEntityOfPage":{"@id":"https:\/\/www.laguiadepamplona.com\/actualidad\/arranca-una-iniciativa-del-ayuntamiento-de-pamplona-que-empleara-hasta-final-de-ano-a-ocho-personas-con-discapacidad-por-enfermedad-mental\/"},"wordCount":475,"commentCount":0,"publisher":{"@id":"https:\/\/www.laguiadepamplona.com\/actualidad\/#organization"},"image":{"@id":"https:\/\/www.laguiadepamplona.com\/actualidad\/arranca-una-iniciativa-del-ayuntamiento-de-pamplona-que-empleara-hasta-final-de-ano-a-ocho-personas-con-discapacidad-por-enfermedad-mental\/#primaryimage"},"thumbnailUrl":"https:\/\/www.laguiadepamplona.com\/actualidad\/wp-content\/uploads\/2022\/05\/22.05.25_INICIO-CURSO-ELKARKIDE-TRASTORNO-MENTAL.webp","articleSection":["Ayto Pamplona"],"inLanguage":"es","potentialAction":[{"@type":"CommentAction","name":"Comment","target":["https:\/\/www.laguiadepamplona.com\/actualidad\/arranca-una-iniciativa-del-ayuntamiento-de-pamplona-que-empleara-hasta-final-de-ano-a-ocho-personas-con-discapacidad-por-enfermedad-mental\/#respond"]}]},{"@type":"WebPage","@id":"https:\/\/www.laguiadepamplona.com\/actualidad\/arranca-una-iniciativa-del-ayuntamiento-de-pamplona-que-empleara-hasta-final-de-ano-a-ocho-personas-con-discapacidad-por-enfermedad-mental\/","url":"https:\/\/www.laguiadepamplona.com\/actualidad\/arranca-una-iniciativa-del-ayuntamiento-de-pamplona-que-empleara-hasta-final-de-ano-a-ocho-personas-con-discapacidad-por-enfermedad-mental\/","name":"Arranca una iniciativa del Ayuntamiento de Pamplona que emplear\u00e1 hasta final de a\u00f1o a ocho personas con discapacidad por enfermedad mental","isPartOf":{"@id":"https:\/\/www.laguiadepamplona.com\/actualidad\/#website"},"primaryImageOfPage":{"@id":"https:\/\/www.laguiadepamplona.com\/actualidad\/arranca-una-iniciativa-del-ayuntamiento-de-pamplona-que-empleara-hasta-final-de-ano-a-ocho-personas-con-discapacidad-por-enfermedad-mental\/#primaryimage"},"image":{"@id":"https:\/\/www.laguiadepamplona.com\/actualidad\/arranca-una-iniciativa-del-ayuntamiento-de-pamplona-que-empleara-hasta-final-de-ano-a-ocho-personas-con-discapacidad-por-enfermedad-mental\/#primaryimage"},"thumbnailUrl":"https:\/\/www.laguiadepamplona.com\/actualidad\/wp-content\/uploads\/2022\/05\/22.05.25_INICIO-CURSO-ELKARKIDE-TRASTORNO-MENTAL.webp","datePublished":"2022-05-25T14:27:55+00:00","dateModified":"2023-04-11T09:48:09+00:00","description":"Se trata de un proyecto en colaboraci\u00f3n con Elkarkide y el Servicio Navarro de Empleo-Nafar Lansare en el que realizar\u00e1n servicios de inter\u00e9s general","breadcrumb":{"@id":"https:\/\/www.laguiadepamplona.com\/actualidad\/arranca-una-iniciativa-del-ayuntamiento-de-pamplona-que-empleara-hasta-final-de-ano-a-ocho-personas-con-discapacidad-por-enfermedad-mental\/#breadcrumb"},"inLanguage":"es","potentialAction":[{"@type":"ReadAction","target":["https:\/\/www.laguiadepamplona.com\/actualidad\/arranca-una-iniciativa-del-ayuntamiento-de-pamplona-que-empleara-hasta-final-de-ano-a-ocho-personas-con-discapacidad-por-enfermedad-mental\/"]}]},{"@type":"ImageObject","inLanguage":"es","@id":"https:\/\/www.laguiadepamplona.com\/actualidad\/arranca-una-iniciativa-del-ayuntamiento-de-pamplona-que-empleara-hasta-final-de-ano-a-ocho-personas-con-discapacidad-por-enfermedad-mental\/#primaryimage","url":"https:\/\/www.laguiadepamplona.com\/actualidad\/wp-content\/uploads\/2022\/05\/22.05.25_INICIO-CURSO-ELKARKIDE-TRASTORNO-MENTAL.webp","contentUrl":"https:\/\/www.laguiadepamplona.com\/actualidad\/wp-content\/uploads\/2022\/05\/22.05.25_INICIO-CURSO-ELKARKIDE-TRASTORNO-MENTAL.webp","width":1920,"height":1281},{"@type":"BreadcrumbList","@id":"https:\/\/www.laguiadepamplona.com\/actualidad\/arranca-una-iniciativa-del-ayuntamiento-de-pamplona-que-empleara-hasta-final-de-ano-a-ocho-personas-con-discapacidad-por-enfermedad-mental\/#breadcrumb","itemListElement":[{"@type":"ListItem","position":1,"name":"Portada","item":"https:\/\/www.laguiadepamplona.com\/actualidad\/"},{"@type":"ListItem","position":2,"name":"Arranca una iniciativa del Ayuntamiento de Pamplona que emplear\u00e1 hasta final de a\u00f1o a ocho personas con discapacidad por enfermedad mental"}]},{"@type":"WebSite","@id":"https:\/\/www.laguiadepamplona.com\/actualidad\/#website","url":"https:\/\/www.laguiadepamplona.com\/actualidad\/","name":"La gu\u00eda de Pamplona","description":"Noticias de Pamplona","publisher":{"@id":"https:\/\/www.laguiadepamplona.com\/actualidad\/#organization"},"potentialAction":[{"@type":"SearchAction","target":{"@type":"EntryPoint","urlTemplate":"https:\/\/www.laguiadepamplona.com\/actualidad\/?s={search_term_string}"},"query-input":{"@type":"PropertyValueSpecification","valueRequired":true,"valueName":"search_term_string"}}],"inLanguage":"es"},{"@type":"Organization","@id":"https:\/\/www.laguiadepamplona.com\/actualidad\/#organization","name":"La Gu\u00eda de Pamplona \/ Noticias","url":"https:\/\/www.laguiadepamplona.com\/actualidad\/","logo":{"@type":"ImageObject","inLanguage":"es","@id":"https:\/\/www.laguiadepamplona.com\/actualidad\/#\/schema\/logo\/image\/","url":"https:\/\/www.laguiadepamplona.com\/actualidad\/wp-content\/uploads\/2018\/11\/logo-laguiadepamplona18-web1.png","contentUrl":"https:\/\/www.laguiadepamplona.com\/actualidad\/wp-content\/uploads\/2018\/11\/logo-laguiadepamplona18-web1.png","width":600,"height":196,"caption":"La Gu\u00eda de Pamplona \/ Noticias"},"image":{"@id":"https:\/\/www.laguiadepamplona.com\/actualidad\/#\/schema\/logo\/image\/"},"sameAs":["https:\/\/www.facebook.com\/laguiadepamplonacom-133175176762273\/?ref=hl","https:\/\/x.com\/LaGuiadPamplona","https:\/\/www.instagram.com\/la_guia_de_pamplona\/","https:\/\/www.youtube.com\/user\/laguiadepamplona"]},{"@type":"Person","@id":"https:\/\/www.laguiadepamplona.com\/actualidad\/#\/schema\/person\/efe887376f0213d4657c93adc50b1fdb","name":"La Gu\u00eda de Pamplona","image":{"@type":"ImageObject","inLanguage":"es","@id":"https:\/\/secure.gravatar.com\/avatar\/b6992f131dc8d30ab0dff15446e9d346d9dbd95992de0fef795073f5ea83a81c?s=96&d=mm&r=g","url":"https:\/\/secure.gravatar.com\/avatar\/b6992f131dc8d30ab0dff15446e9d346d9dbd95992de0fef795073f5ea83a81c?s=96&d=mm&r=g","contentUrl":"https:\/\/secure.gravatar.com\/avatar\/b6992f131dc8d30ab0dff15446e9d346d9dbd95992de0fef795073f5ea83a81c?s=96&d=mm&r=g","caption":"La Gu\u00eda de Pamplona"}}]}},"post_mailing_queue_ids":[],"_links":{"self":[{"href":"https:\/\/www.laguiadepamplona.com\/actualidad\/wp-json\/wp\/v2\/posts\/40465","targetHints":{"allow":["GET"]}}],"collection":[{"href":"https:\/\/www.laguiadepamplona.com\/actualidad\/wp-json\/wp\/v2\/posts"}],"about":[{"href":"https:\/\/www.laguiadepamplona.com\/actualidad\/wp-json\/wp\/v2\/types\/post"}],"author":[{"embeddable":true,"href":"https:\/\/www.laguiadepamplona.com\/actualidad\/wp-json\/wp\/v2\/users\/1"}],"replies":[{"embeddable":true,"href":"https:\/\/www.laguiadepamplona.com\/actualidad\/wp-json\/wp\/v2\/comments?post=40465"}],"version-history":[{"count":0,"href":"https:\/\/www.laguiadepamplona.com\/actualidad\/wp-json\/wp\/v2\/posts\/40465\/revisions"}],"wp:featuredmedia":[{"embeddable":true,"href":"https:\/\/www.laguiadepamplona.com\/actualidad\/wp-json\/wp\/v2\/media\/40466"}],"wp:attachment":[{"href":"https:\/\/www.laguiadepamplona.com\/actualidad\/wp-json\/wp\/v2\/media?parent=40465"}],"wp:term":[{"taxonomy":"category","embeddable":true,"href":"https:\/\/www.laguiadepamplona.com\/actualidad\/wp-json\/wp\/v2\/categories?post=40465"},{"taxonomy":"post_tag","embeddable":true,"href":"https:\/\/www.laguiadepamplona.com\/actualidad\/wp-json\/wp\/v2\/tags?post=40465"}],"curies":[{"name":"wp","href":"https:\/\/api.w.org\/{rel}","templated":true}]}}