{"id":40463,"date":"2022-05-25T12:20:06","date_gmt":"2022-05-25T10:20:06","guid":{"rendered":"https:\/\/www.laguiadepamplona.com\/actualidad\/?p=40463"},"modified":"2023-04-11T11:48:09","modified_gmt":"2023-04-11T09:48:09","slug":"aquavox-san-jorge-programa-cursos-intensivos-de-natacion-para-menores-a-partir-de-5-anos-en-la-primera-quincena-de-junio","status":"publish","type":"post","link":"https:\/\/www.laguiadepamplona.com\/actualidad\/aquavox-san-jorge-programa-cursos-intensivos-de-natacion-para-menores-a-partir-de-5-anos-en-la-primera-quincena-de-junio\/","title":{"rendered":"Aquavox San Jorge programa cursos intensivos de nataci\u00f3n para menores a partir de 5 a\u00f1os en la primera quincena de junio"},"content":{"rendered":"<h5>Las inscripciones est\u00e1n abiertas en <a href=\"http:\/\/www.fnn-nif.com\/cursos\/infantil\" target=\"_blank\" rel=\"noopener\">http:\/\/www.fnn-nif.com\/cursos\/infantil<\/a> y se unen a la oferta de cursos del Complejo Deportivo Aranzadi<\/h5>\n<p><!--more--><\/p>\n<p>Aquavox San Jorge organiza cuatro cursos intensivos de nataci\u00f3n del 1 al 14 de junio dirigidos a menores a partir de 5 a\u00f1os. El Ayuntamiento de Pamplona y la Federaci\u00f3n Navarra de Nataci\u00f3n han ampliado la oferta de cursos de nataci\u00f3n infantiles en las piscinas municipales tras la alta demanda de los cursos previstos en el Complejo Deportivo Aranzadi en el mes de junio. Las inscripciones est\u00e1n abiertas a trav\u00e9s de la web <a href=\"http:\/\/www.fnn-nif.com\/cursos\/infantil\" target=\"_blank\" rel=\"noopener\">http:\/\/www.fnn-nif.com\/cursos\/infantil<\/a>.<br \/>\n<script async src=\"\/\/pagead2.googlesyndication.com\/pagead\/js\/adsbygoogle.js\"><\/script><br \/>\n<!-- Noticias La Guia de Pamplona --><br \/>\n<ins class=\"adsbygoogle\"\nstyle=\"display:block\"\ndata-ad-client=\"ca-pub-6943679897239327\"\ndata-ad-slot=\"7048180777\"\ndata-ad-format=\"auto\"><\/ins><br \/>\n<script>\n(adsbygoogle = window.adsbygoogle || []).push({});\n<\/script><\/p>\n<p>Se ofertan dos niveles de iniciaci\u00f3n. El nivel 1 de iniciaci\u00f3n est\u00e1 orientado a quienes no sepan nadar, tengan miedo al agua o no tengan una autonom\u00eda de desplazamiento sin material. Hay dos horarios para poder inscribirse, a las 16.30 y a las 17 horas, con sesiones de media hora cada una. El nivel 2 de iniciaci\u00f3n se dirige a menores que han tenido contacto con el agua, no tienen miedo, tienen autonom\u00eda para desplazarte y sepan nadar sin apoyo de material auxiliar al menos 5 metros. Se han establecido tambi\u00e9n dos horarios, a las 17.30 horas y a las 18 horas, para poder apuntarse.<\/p>\n<p>La inscripci\u00f3n en el grupo elegido deber\u00e1 estar supeditada al nivel y no al horario que pueda convenir. El precio del curso es de 50 euros para personas abonadas y de 55 euros para personas no abonadas. La cuota de la persona abonada debe estar debidamente justificada durante la vigencia del curso. Para m\u00e1s informaci\u00f3n, se puede llamar al tel\u00e9fono de la Federaci\u00f3n Navarra de Nataci\u00f3n 948 22 72 79 o consultar la web <a href=\"http:\/\/www.fnni-nif.com\" target=\"_blank\" rel=\"noopener\">www.fnni-nif.com<\/a>.<br \/>\n<script async src=\"\/\/pagead2.googlesyndication.com\/pagead\/js\/adsbygoogle.js\"><\/script><br \/>\n<!-- Noticias La Guia de Pamplona --><br \/>\n<ins class=\"adsbygoogle\"\nstyle=\"display:block\"\ndata-ad-client=\"ca-pub-6943679897239327\"\ndata-ad-slot=\"7048180777\"\ndata-ad-format=\"auto\"><\/ins><br \/>\n<script>\n(adsbygoogle = window.adsbygoogle || []).push({});\n<\/script><\/p>\n<p>Los ni\u00f1os y ni\u00f1as que se apunten deber\u00e1n tener al menos 5 a\u00f1os cumplidos en este a\u00f1o 2022, es decir, menores nacidos en 2017 o a\u00f1os anteriores. El monitorado podr\u00e1 mover a los menores inscritos a otros horarios en base al nivel del mismo. La cuota da derecho a la participaci\u00f3n en el curso, pero no al uso del resto de las instalaciones municipales.<\/p>\n","protected":false},"excerpt":{"rendered":"<p>Las inscripciones est\u00e1n abiertas en http:\/\/www.fnn-nif.com\/cursos\/infantil y se unen a la oferta de cursos del Complejo Deportivo Aranzadi<\/p>\n","protected":false},"author":1,"featured_media":32747,"comment_status":"open","ping_status":"closed","sticky":false,"template":"","format":"standard","meta":{"footnotes":""},"categories":[2],"tags":[],"class_list":["post-40463","post","type-post","status-publish","format-standard","has-post-thumbnail","hentry","category-ayuntamiento-pamplona"],"yoast_head":"<!-- This site is optimized with the Yoast SEO plugin v27.3 - https:\/\/yoast.com\/product\/yoast-seo-wordpress\/ -->\n<title>Aquavox San Jorge programa cursos intensivos de nataci\u00f3n para menores a partir de 5 a\u00f1os en la primera quincena de junio<\/title>\n<meta name=\"description\" content=\"Las inscripciones est\u00e1n abiertas en http:\/\/www.fnn-nif.com\/cursos\/infantil y se unen a la oferta de cursos del Complejo Deportivo Aranzadi\" \/>\n<meta name=\"robots\" content=\"index, follow, max-snippet:-1, max-image-preview:large, max-video-preview:-1\" \/>\n<link rel=\"canonical\" href=\"https:\/\/www.laguiadepamplona.com\/actualidad\/aquavox-san-jorge-programa-cursos-intensivos-de-natacion-para-menores-a-partir-de-5-anos-en-la-primera-quincena-de-junio\/\" \/>\n<meta property=\"og:locale\" content=\"es_ES\" \/>\n<meta property=\"og:type\" content=\"article\" \/>\n<meta property=\"og:title\" content=\"Aquavox San Jorge programa cursos intensivos de nataci\u00f3n para menores a partir de 5 a\u00f1os en la primera quincena de junio\" \/>\n<meta property=\"og:description\" content=\"Las inscripciones est\u00e1n abiertas en http:\/\/www.fnn-nif.com\/cursos\/infantil y se unen a la oferta de cursos del Complejo Deportivo Aranzadi\" \/>\n<meta property=\"og:url\" content=\"https:\/\/www.laguiadepamplona.com\/actualidad\/aquavox-san-jorge-programa-cursos-intensivos-de-natacion-para-menores-a-partir-de-5-anos-en-la-primera-quincena-de-junio\/\" \/>\n<meta property=\"og:site_name\" content=\"La Gu\u00eda de Pamplona\" \/>\n<meta property=\"article:publisher\" content=\"https:\/\/www.facebook.com\/laguiadepamplonacom-133175176762273\/?ref=hl\" \/>\n<meta property=\"article:published_time\" content=\"2022-05-25T10:20:06+00:00\" \/>\n<meta property=\"article:modified_time\" content=\"2023-04-11T09:48:09+00:00\" \/>\n<meta property=\"og:image\" content=\"https:\/\/www.laguiadepamplona.com\/actualidad\/wp-content\/uploads\/2021\/01\/aquavox-san-jorge.jpg\" \/>\n\t<meta property=\"og:image:width\" content=\"1920\" \/>\n\t<meta property=\"og:image:height\" content=\"1219\" \/>\n\t<meta property=\"og:image:type\" content=\"image\/jpeg\" \/>\n<meta name=\"author\" content=\"La Gu\u00eda de Pamplona\" \/>\n<meta name=\"twitter:card\" content=\"summary_large_image\" \/>\n<meta name=\"twitter:creator\" content=\"@LaGuiadPamplona\" \/>\n<meta name=\"twitter:site\" content=\"@LaGuiadPamplona\" \/>\n<meta name=\"twitter:label1\" content=\"Escrito por\" \/>\n\t<meta name=\"twitter:data1\" content=\"La Gu\u00eda de Pamplona\" \/>\n\t<meta name=\"twitter:label2\" content=\"Tiempo de lectura\" \/>\n\t<meta name=\"twitter:data2\" content=\"2 minutos\" \/>\n<script type=\"application\/ld+json\" class=\"yoast-schema-graph\">{\"@context\":\"https:\\\/\\\/schema.org\",\"@graph\":[{\"@type\":\"Article\",\"@id\":\"https:\\\/\\\/www.laguiadepamplona.com\\\/actualidad\\\/aquavox-san-jorge-programa-cursos-intensivos-de-natacion-para-menores-a-partir-de-5-anos-en-la-primera-quincena-de-junio\\\/#article\",\"isPartOf\":{\"@id\":\"https:\\\/\\\/www.laguiadepamplona.com\\\/actualidad\\\/aquavox-san-jorge-programa-cursos-intensivos-de-natacion-para-menores-a-partir-de-5-anos-en-la-primera-quincena-de-junio\\\/\"},\"author\":{\"name\":\"La Gu\u00eda de Pamplona\",\"@id\":\"https:\\\/\\\/www.laguiadepamplona.com\\\/actualidad\\\/#\\\/schema\\\/person\\\/efe887376f0213d4657c93adc50b1fdb\"},\"headline\":\"Aquavox San Jorge programa cursos intensivos de nataci\u00f3n para menores a partir de 5 a\u00f1os en la primera quincena de junio\",\"datePublished\":\"2022-05-25T10:20:06+00:00\",\"dateModified\":\"2023-04-11T09:48:09+00:00\",\"mainEntityOfPage\":{\"@id\":\"https:\\\/\\\/www.laguiadepamplona.com\\\/actualidad\\\/aquavox-san-jorge-programa-cursos-intensivos-de-natacion-para-menores-a-partir-de-5-anos-en-la-primera-quincena-de-junio\\\/\"},\"wordCount\":378,\"commentCount\":0,\"publisher\":{\"@id\":\"https:\\\/\\\/www.laguiadepamplona.com\\\/actualidad\\\/#organization\"},\"image\":{\"@id\":\"https:\\\/\\\/www.laguiadepamplona.com\\\/actualidad\\\/aquavox-san-jorge-programa-cursos-intensivos-de-natacion-para-menores-a-partir-de-5-anos-en-la-primera-quincena-de-junio\\\/#primaryimage\"},\"thumbnailUrl\":\"https:\\\/\\\/www.laguiadepamplona.com\\\/actualidad\\\/wp-content\\\/uploads\\\/2021\\\/01\\\/aquavox-san-jorge.jpg\",\"articleSection\":[\"Ayto Pamplona\"],\"inLanguage\":\"es\",\"potentialAction\":[{\"@type\":\"CommentAction\",\"name\":\"Comment\",\"target\":[\"https:\\\/\\\/www.laguiadepamplona.com\\\/actualidad\\\/aquavox-san-jorge-programa-cursos-intensivos-de-natacion-para-menores-a-partir-de-5-anos-en-la-primera-quincena-de-junio\\\/#respond\"]}]},{\"@type\":\"WebPage\",\"@id\":\"https:\\\/\\\/www.laguiadepamplona.com\\\/actualidad\\\/aquavox-san-jorge-programa-cursos-intensivos-de-natacion-para-menores-a-partir-de-5-anos-en-la-primera-quincena-de-junio\\\/\",\"url\":\"https:\\\/\\\/www.laguiadepamplona.com\\\/actualidad\\\/aquavox-san-jorge-programa-cursos-intensivos-de-natacion-para-menores-a-partir-de-5-anos-en-la-primera-quincena-de-junio\\\/\",\"name\":\"Aquavox San Jorge programa cursos intensivos de nataci\u00f3n para menores a partir de 5 a\u00f1os en la primera quincena de junio\",\"isPartOf\":{\"@id\":\"https:\\\/\\\/www.laguiadepamplona.com\\\/actualidad\\\/#website\"},\"primaryImageOfPage\":{\"@id\":\"https:\\\/\\\/www.laguiadepamplona.com\\\/actualidad\\\/aquavox-san-jorge-programa-cursos-intensivos-de-natacion-para-menores-a-partir-de-5-anos-en-la-primera-quincena-de-junio\\\/#primaryimage\"},\"image\":{\"@id\":\"https:\\\/\\\/www.laguiadepamplona.com\\\/actualidad\\\/aquavox-san-jorge-programa-cursos-intensivos-de-natacion-para-menores-a-partir-de-5-anos-en-la-primera-quincena-de-junio\\\/#primaryimage\"},\"thumbnailUrl\":\"https:\\\/\\\/www.laguiadepamplona.com\\\/actualidad\\\/wp-content\\\/uploads\\\/2021\\\/01\\\/aquavox-san-jorge.jpg\",\"datePublished\":\"2022-05-25T10:20:06+00:00\",\"dateModified\":\"2023-04-11T09:48:09+00:00\",\"description\":\"Las inscripciones est\u00e1n abiertas en http:\\\/\\\/www.fnn-nif.com\\\/cursos\\\/infantil y se unen a la oferta de cursos del Complejo Deportivo Aranzadi\",\"breadcrumb\":{\"@id\":\"https:\\\/\\\/www.laguiadepamplona.com\\\/actualidad\\\/aquavox-san-jorge-programa-cursos-intensivos-de-natacion-para-menores-a-partir-de-5-anos-en-la-primera-quincena-de-junio\\\/#breadcrumb\"},\"inLanguage\":\"es\",\"potentialAction\":[{\"@type\":\"ReadAction\",\"target\":[\"https:\\\/\\\/www.laguiadepamplona.com\\\/actualidad\\\/aquavox-san-jorge-programa-cursos-intensivos-de-natacion-para-menores-a-partir-de-5-anos-en-la-primera-quincena-de-junio\\\/\"]}]},{\"@type\":\"ImageObject\",\"inLanguage\":\"es\",\"@id\":\"https:\\\/\\\/www.laguiadepamplona.com\\\/actualidad\\\/aquavox-san-jorge-programa-cursos-intensivos-de-natacion-para-menores-a-partir-de-5-anos-en-la-primera-quincena-de-junio\\\/#primaryimage\",\"url\":\"https:\\\/\\\/www.laguiadepamplona.com\\\/actualidad\\\/wp-content\\\/uploads\\\/2021\\\/01\\\/aquavox-san-jorge.jpg\",\"contentUrl\":\"https:\\\/\\\/www.laguiadepamplona.com\\\/actualidad\\\/wp-content\\\/uploads\\\/2021\\\/01\\\/aquavox-san-jorge.jpg\",\"width\":1920,\"height\":1219},{\"@type\":\"BreadcrumbList\",\"@id\":\"https:\\\/\\\/www.laguiadepamplona.com\\\/actualidad\\\/aquavox-san-jorge-programa-cursos-intensivos-de-natacion-para-menores-a-partir-de-5-anos-en-la-primera-quincena-de-junio\\\/#breadcrumb\",\"itemListElement\":[{\"@type\":\"ListItem\",\"position\":1,\"name\":\"Portada\",\"item\":\"https:\\\/\\\/www.laguiadepamplona.com\\\/actualidad\\\/\"},{\"@type\":\"ListItem\",\"position\":2,\"name\":\"Aquavox San Jorge programa cursos intensivos de nataci\u00f3n para menores a partir de 5 a\u00f1os en la primera quincena de junio\"}]},{\"@type\":\"WebSite\",\"@id\":\"https:\\\/\\\/www.laguiadepamplona.com\\\/actualidad\\\/#website\",\"url\":\"https:\\\/\\\/www.laguiadepamplona.com\\\/actualidad\\\/\",\"name\":\"La gu\u00eda de Pamplona\",\"description\":\"Noticias de Pamplona\",\"publisher\":{\"@id\":\"https:\\\/\\\/www.laguiadepamplona.com\\\/actualidad\\\/#organization\"},\"potentialAction\":[{\"@type\":\"SearchAction\",\"target\":{\"@type\":\"EntryPoint\",\"urlTemplate\":\"https:\\\/\\\/www.laguiadepamplona.com\\\/actualidad\\\/?s={search_term_string}\"},\"query-input\":{\"@type\":\"PropertyValueSpecification\",\"valueRequired\":true,\"valueName\":\"search_term_string\"}}],\"inLanguage\":\"es\"},{\"@type\":\"Organization\",\"@id\":\"https:\\\/\\\/www.laguiadepamplona.com\\\/actualidad\\\/#organization\",\"name\":\"La Gu\u00eda de Pamplona \\\/ Noticias\",\"url\":\"https:\\\/\\\/www.laguiadepamplona.com\\\/actualidad\\\/\",\"logo\":{\"@type\":\"ImageObject\",\"inLanguage\":\"es\",\"@id\":\"https:\\\/\\\/www.laguiadepamplona.com\\\/actualidad\\\/#\\\/schema\\\/logo\\\/image\\\/\",\"url\":\"https:\\\/\\\/www.laguiadepamplona.com\\\/actualidad\\\/wp-content\\\/uploads\\\/2018\\\/11\\\/logo-laguiadepamplona18-web1.png\",\"contentUrl\":\"https:\\\/\\\/www.laguiadepamplona.com\\\/actualidad\\\/wp-content\\\/uploads\\\/2018\\\/11\\\/logo-laguiadepamplona18-web1.png\",\"width\":600,\"height\":196,\"caption\":\"La Gu\u00eda de Pamplona \\\/ Noticias\"},\"image\":{\"@id\":\"https:\\\/\\\/www.laguiadepamplona.com\\\/actualidad\\\/#\\\/schema\\\/logo\\\/image\\\/\"},\"sameAs\":[\"https:\\\/\\\/www.facebook.com\\\/laguiadepamplonacom-133175176762273\\\/?ref=hl\",\"https:\\\/\\\/x.com\\\/LaGuiadPamplona\",\"https:\\\/\\\/www.instagram.com\\\/la_guia_de_pamplona\\\/\",\"https:\\\/\\\/www.youtube.com\\\/user\\\/laguiadepamplona\"]},{\"@type\":\"Person\",\"@id\":\"https:\\\/\\\/www.laguiadepamplona.com\\\/actualidad\\\/#\\\/schema\\\/person\\\/efe887376f0213d4657c93adc50b1fdb\",\"name\":\"La Gu\u00eda de Pamplona\",\"image\":{\"@type\":\"ImageObject\",\"inLanguage\":\"es\",\"@id\":\"https:\\\/\\\/secure.gravatar.com\\\/avatar\\\/b6992f131dc8d30ab0dff15446e9d346d9dbd95992de0fef795073f5ea83a81c?s=96&d=mm&r=g\",\"url\":\"https:\\\/\\\/secure.gravatar.com\\\/avatar\\\/b6992f131dc8d30ab0dff15446e9d346d9dbd95992de0fef795073f5ea83a81c?s=96&d=mm&r=g\",\"contentUrl\":\"https:\\\/\\\/secure.gravatar.com\\\/avatar\\\/b6992f131dc8d30ab0dff15446e9d346d9dbd95992de0fef795073f5ea83a81c?s=96&d=mm&r=g\",\"caption\":\"La Gu\u00eda de Pamplona\"}}]}<\/script>\n<!-- \/ Yoast SEO plugin. -->","yoast_head_json":{"title":"Aquavox San Jorge programa cursos intensivos de nataci\u00f3n para menores a partir de 5 a\u00f1os en la primera quincena de junio","description":"Las inscripciones est\u00e1n abiertas en http:\/\/www.fnn-nif.com\/cursos\/infantil y se unen a la oferta de cursos del Complejo Deportivo Aranzadi","robots":{"index":"index","follow":"follow","max-snippet":"max-snippet:-1","max-image-preview":"max-image-preview:large","max-video-preview":"max-video-preview:-1"},"canonical":"https:\/\/www.laguiadepamplona.com\/actualidad\/aquavox-san-jorge-programa-cursos-intensivos-de-natacion-para-menores-a-partir-de-5-anos-en-la-primera-quincena-de-junio\/","og_locale":"es_ES","og_type":"article","og_title":"Aquavox San Jorge programa cursos intensivos de nataci\u00f3n para menores a partir de 5 a\u00f1os en la primera quincena de junio","og_description":"Las inscripciones est\u00e1n abiertas en http:\/\/www.fnn-nif.com\/cursos\/infantil y se unen a la oferta de cursos del Complejo Deportivo Aranzadi","og_url":"https:\/\/www.laguiadepamplona.com\/actualidad\/aquavox-san-jorge-programa-cursos-intensivos-de-natacion-para-menores-a-partir-de-5-anos-en-la-primera-quincena-de-junio\/","og_site_name":"La Gu\u00eda de Pamplona","article_publisher":"https:\/\/www.facebook.com\/laguiadepamplonacom-133175176762273\/?ref=hl","article_published_time":"2022-05-25T10:20:06+00:00","article_modified_time":"2023-04-11T09:48:09+00:00","og_image":[{"width":1920,"height":1219,"url":"https:\/\/www.laguiadepamplona.com\/actualidad\/wp-content\/uploads\/2021\/01\/aquavox-san-jorge.jpg","type":"image\/jpeg"}],"author":"La Gu\u00eda de Pamplona","twitter_card":"summary_large_image","twitter_creator":"@LaGuiadPamplona","twitter_site":"@LaGuiadPamplona","twitter_misc":{"Escrito por":"La Gu\u00eda de Pamplona","Tiempo de lectura":"2 minutos"},"schema":{"@context":"https:\/\/schema.org","@graph":[{"@type":"Article","@id":"https:\/\/www.laguiadepamplona.com\/actualidad\/aquavox-san-jorge-programa-cursos-intensivos-de-natacion-para-menores-a-partir-de-5-anos-en-la-primera-quincena-de-junio\/#article","isPartOf":{"@id":"https:\/\/www.laguiadepamplona.com\/actualidad\/aquavox-san-jorge-programa-cursos-intensivos-de-natacion-para-menores-a-partir-de-5-anos-en-la-primera-quincena-de-junio\/"},"author":{"name":"La Gu\u00eda de Pamplona","@id":"https:\/\/www.laguiadepamplona.com\/actualidad\/#\/schema\/person\/efe887376f0213d4657c93adc50b1fdb"},"headline":"Aquavox San Jorge programa cursos intensivos de nataci\u00f3n para menores a partir de 5 a\u00f1os en la primera quincena de junio","datePublished":"2022-05-25T10:20:06+00:00","dateModified":"2023-04-11T09:48:09+00:00","mainEntityOfPage":{"@id":"https:\/\/www.laguiadepamplona.com\/actualidad\/aquavox-san-jorge-programa-cursos-intensivos-de-natacion-para-menores-a-partir-de-5-anos-en-la-primera-quincena-de-junio\/"},"wordCount":378,"commentCount":0,"publisher":{"@id":"https:\/\/www.laguiadepamplona.com\/actualidad\/#organization"},"image":{"@id":"https:\/\/www.laguiadepamplona.com\/actualidad\/aquavox-san-jorge-programa-cursos-intensivos-de-natacion-para-menores-a-partir-de-5-anos-en-la-primera-quincena-de-junio\/#primaryimage"},"thumbnailUrl":"https:\/\/www.laguiadepamplona.com\/actualidad\/wp-content\/uploads\/2021\/01\/aquavox-san-jorge.jpg","articleSection":["Ayto Pamplona"],"inLanguage":"es","potentialAction":[{"@type":"CommentAction","name":"Comment","target":["https:\/\/www.laguiadepamplona.com\/actualidad\/aquavox-san-jorge-programa-cursos-intensivos-de-natacion-para-menores-a-partir-de-5-anos-en-la-primera-quincena-de-junio\/#respond"]}]},{"@type":"WebPage","@id":"https:\/\/www.laguiadepamplona.com\/actualidad\/aquavox-san-jorge-programa-cursos-intensivos-de-natacion-para-menores-a-partir-de-5-anos-en-la-primera-quincena-de-junio\/","url":"https:\/\/www.laguiadepamplona.com\/actualidad\/aquavox-san-jorge-programa-cursos-intensivos-de-natacion-para-menores-a-partir-de-5-anos-en-la-primera-quincena-de-junio\/","name":"Aquavox San Jorge programa cursos intensivos de nataci\u00f3n para menores a partir de 5 a\u00f1os en la primera quincena de junio","isPartOf":{"@id":"https:\/\/www.laguiadepamplona.com\/actualidad\/#website"},"primaryImageOfPage":{"@id":"https:\/\/www.laguiadepamplona.com\/actualidad\/aquavox-san-jorge-programa-cursos-intensivos-de-natacion-para-menores-a-partir-de-5-anos-en-la-primera-quincena-de-junio\/#primaryimage"},"image":{"@id":"https:\/\/www.laguiadepamplona.com\/actualidad\/aquavox-san-jorge-programa-cursos-intensivos-de-natacion-para-menores-a-partir-de-5-anos-en-la-primera-quincena-de-junio\/#primaryimage"},"thumbnailUrl":"https:\/\/www.laguiadepamplona.com\/actualidad\/wp-content\/uploads\/2021\/01\/aquavox-san-jorge.jpg","datePublished":"2022-05-25T10:20:06+00:00","dateModified":"2023-04-11T09:48:09+00:00","description":"Las inscripciones est\u00e1n abiertas en http:\/\/www.fnn-nif.com\/cursos\/infantil y se unen a la oferta de cursos del Complejo Deportivo Aranzadi","breadcrumb":{"@id":"https:\/\/www.laguiadepamplona.com\/actualidad\/aquavox-san-jorge-programa-cursos-intensivos-de-natacion-para-menores-a-partir-de-5-anos-en-la-primera-quincena-de-junio\/#breadcrumb"},"inLanguage":"es","potentialAction":[{"@type":"ReadAction","target":["https:\/\/www.laguiadepamplona.com\/actualidad\/aquavox-san-jorge-programa-cursos-intensivos-de-natacion-para-menores-a-partir-de-5-anos-en-la-primera-quincena-de-junio\/"]}]},{"@type":"ImageObject","inLanguage":"es","@id":"https:\/\/www.laguiadepamplona.com\/actualidad\/aquavox-san-jorge-programa-cursos-intensivos-de-natacion-para-menores-a-partir-de-5-anos-en-la-primera-quincena-de-junio\/#primaryimage","url":"https:\/\/www.laguiadepamplona.com\/actualidad\/wp-content\/uploads\/2021\/01\/aquavox-san-jorge.jpg","contentUrl":"https:\/\/www.laguiadepamplona.com\/actualidad\/wp-content\/uploads\/2021\/01\/aquavox-san-jorge.jpg","width":1920,"height":1219},{"@type":"BreadcrumbList","@id":"https:\/\/www.laguiadepamplona.com\/actualidad\/aquavox-san-jorge-programa-cursos-intensivos-de-natacion-para-menores-a-partir-de-5-anos-en-la-primera-quincena-de-junio\/#breadcrumb","itemListElement":[{"@type":"ListItem","position":1,"name":"Portada","item":"https:\/\/www.laguiadepamplona.com\/actualidad\/"},{"@type":"ListItem","position":2,"name":"Aquavox San Jorge programa cursos intensivos de nataci\u00f3n para menores a partir de 5 a\u00f1os en la primera quincena de junio"}]},{"@type":"WebSite","@id":"https:\/\/www.laguiadepamplona.com\/actualidad\/#website","url":"https:\/\/www.laguiadepamplona.com\/actualidad\/","name":"La gu\u00eda de Pamplona","description":"Noticias de Pamplona","publisher":{"@id":"https:\/\/www.laguiadepamplona.com\/actualidad\/#organization"},"potentialAction":[{"@type":"SearchAction","target":{"@type":"EntryPoint","urlTemplate":"https:\/\/www.laguiadepamplona.com\/actualidad\/?s={search_term_string}"},"query-input":{"@type":"PropertyValueSpecification","valueRequired":true,"valueName":"search_term_string"}}],"inLanguage":"es"},{"@type":"Organization","@id":"https:\/\/www.laguiadepamplona.com\/actualidad\/#organization","name":"La Gu\u00eda de Pamplona \/ Noticias","url":"https:\/\/www.laguiadepamplona.com\/actualidad\/","logo":{"@type":"ImageObject","inLanguage":"es","@id":"https:\/\/www.laguiadepamplona.com\/actualidad\/#\/schema\/logo\/image\/","url":"https:\/\/www.laguiadepamplona.com\/actualidad\/wp-content\/uploads\/2018\/11\/logo-laguiadepamplona18-web1.png","contentUrl":"https:\/\/www.laguiadepamplona.com\/actualidad\/wp-content\/uploads\/2018\/11\/logo-laguiadepamplona18-web1.png","width":600,"height":196,"caption":"La Gu\u00eda de Pamplona \/ Noticias"},"image":{"@id":"https:\/\/www.laguiadepamplona.com\/actualidad\/#\/schema\/logo\/image\/"},"sameAs":["https:\/\/www.facebook.com\/laguiadepamplonacom-133175176762273\/?ref=hl","https:\/\/x.com\/LaGuiadPamplona","https:\/\/www.instagram.com\/la_guia_de_pamplona\/","https:\/\/www.youtube.com\/user\/laguiadepamplona"]},{"@type":"Person","@id":"https:\/\/www.laguiadepamplona.com\/actualidad\/#\/schema\/person\/efe887376f0213d4657c93adc50b1fdb","name":"La Gu\u00eda de Pamplona","image":{"@type":"ImageObject","inLanguage":"es","@id":"https:\/\/secure.gravatar.com\/avatar\/b6992f131dc8d30ab0dff15446e9d346d9dbd95992de0fef795073f5ea83a81c?s=96&d=mm&r=g","url":"https:\/\/secure.gravatar.com\/avatar\/b6992f131dc8d30ab0dff15446e9d346d9dbd95992de0fef795073f5ea83a81c?s=96&d=mm&r=g","contentUrl":"https:\/\/secure.gravatar.com\/avatar\/b6992f131dc8d30ab0dff15446e9d346d9dbd95992de0fef795073f5ea83a81c?s=96&d=mm&r=g","caption":"La Gu\u00eda de Pamplona"}}]}},"post_mailing_queue_ids":[],"_links":{"self":[{"href":"https:\/\/www.laguiadepamplona.com\/actualidad\/wp-json\/wp\/v2\/posts\/40463","targetHints":{"allow":["GET"]}}],"collection":[{"href":"https:\/\/www.laguiadepamplona.com\/actualidad\/wp-json\/wp\/v2\/posts"}],"about":[{"href":"https:\/\/www.laguiadepamplona.com\/actualidad\/wp-json\/wp\/v2\/types\/post"}],"author":[{"embeddable":true,"href":"https:\/\/www.laguiadepamplona.com\/actualidad\/wp-json\/wp\/v2\/users\/1"}],"replies":[{"embeddable":true,"href":"https:\/\/www.laguiadepamplona.com\/actualidad\/wp-json\/wp\/v2\/comments?post=40463"}],"version-history":[{"count":0,"href":"https:\/\/www.laguiadepamplona.com\/actualidad\/wp-json\/wp\/v2\/posts\/40463\/revisions"}],"wp:featuredmedia":[{"embeddable":true,"href":"https:\/\/www.laguiadepamplona.com\/actualidad\/wp-json\/wp\/v2\/media\/32747"}],"wp:attachment":[{"href":"https:\/\/www.laguiadepamplona.com\/actualidad\/wp-json\/wp\/v2\/media?parent=40463"}],"wp:term":[{"taxonomy":"category","embeddable":true,"href":"https:\/\/www.laguiadepamplona.com\/actualidad\/wp-json\/wp\/v2\/categories?post=40463"},{"taxonomy":"post_tag","embeddable":true,"href":"https:\/\/www.laguiadepamplona.com\/actualidad\/wp-json\/wp\/v2\/tags?post=40463"}],"curies":[{"name":"wp","href":"https:\/\/api.w.org\/{rel}","templated":true}]}}