{"id":40458,"date":"2022-05-25T12:16:16","date_gmt":"2022-05-25T10:16:16","guid":{"rendered":"https:\/\/www.laguiadepamplona.com\/actualidad\/?p=40458"},"modified":"2023-04-11T11:48:09","modified_gmt":"2023-04-11T09:48:09","slug":"las-obras-de-peatonalizacion-de-la-calle-bosquecillo-sacan-a-la-luz-una-treintena-de-enterramientos-medievales-y-restos-de-una-zona-de-fundicion-de-campanas","status":"publish","type":"post","link":"https:\/\/www.laguiadepamplona.com\/actualidad\/las-obras-de-peatonalizacion-de-la-calle-bosquecillo-sacan-a-la-luz-una-treintena-de-enterramientos-medievales-y-restos-de-una-zona-de-fundicion-de-campanas\/","title":{"rendered":"Las obras de peatonalizaci\u00f3n de la calle Bosquecillo sacan a la luz una treintena de enterramientos medievales y restos de una zona de fundici\u00f3n de campanas"},"content":{"rendered":"<h5>Los hallazgos se corresponden con las catas arqueol\u00f3gicas realizadas en julio del a\u00f1o pasado y que detectaron la presencia de enterramientos<\/h5>\n<p><!--more--><\/p>\n<p>Las obras de peatonalizaci\u00f3n de la calle Bosquecillo, iniciadas el pasado 25 de abril, han sacado a la luz, de momento, 25 enterramientos de \u00e9poca medieval, as\u00ed como una zona de fundici\u00f3n de metales, probablemente para la fabricaci\u00f3n de campanas, vinculada al antiguo convento de San Francisco ubicado en el lugar hasta el siglo XVI. Los miembros de Gerencia y la Comisi\u00f3n de Urbanismo del Ayuntamiento de Pamplona han visitado hoy estos hallazgos, que siguen la l\u00ednea de las catas arqueol\u00f3gicas realizadas en julio del a\u00f1o pasado.<br \/>\n<script async src=\"\/\/pagead2.googlesyndication.com\/pagead\/js\/adsbygoogle.js\"><\/script><br \/>\n<!-- Noticias La Guia de Pamplona --><br \/>\n<ins class=\"adsbygoogle\"\nstyle=\"display:block\"\ndata-ad-client=\"ca-pub-6943679897239327\"\ndata-ad-slot=\"7048180777\"\ndata-ad-format=\"auto\"><\/ins><br \/>\n<script>\n(adsbygoogle = window.adsbygoogle || []).push({});\n<\/script><\/p>\n<p>Precisamente gracias a esos sondeos se comprob\u00f3 que la zona del Bosquecillo albergaba sepulturas, probablemente vinculadas al antiguo convento de San Francisco. Entonces se hicieron cinco catas y se hallaron seis esqueletos. En estas \u00faltimas actuaciones, han sido 25 los enterramientos encontrados en el inicio de las excavaciones de la zanja de pluviales, que recorrer\u00e1 el centro de la calle, desde la avenida de Guip\u00fazcoa hasta la intersecci\u00f3n de P\u00edo XII con Navas de Tolosa. Esta actuaci\u00f3n supone la mayor incidencia en el subsuelo.<\/p>\n<p>Los restos \u00f3seos hallados corresponden tanto a individuos adultos como infantiles, y se encuentran enterrados en fosas orientadas de este a oeste, siguiendo el ritual cristiano. Estas caracter\u00edsticas y la \u00e9poca de la que datan, entre los siglos XIII y XVI, vinculan estos hallazgos con el antiguo convento de San Francisco, que estuvo situado en esta \u00e1rea entre 1246 y 1521. Se trata de fosas simples excavadas en el terreno, si bien varios de los enterramientos parece que se hicieron con ata\u00fad o con alguna cubierta de madera. Adem\u00e1s, se distinguen dos niveles de enterramientos, con fosas superpuestas, lo que lleva a pensar que el cementerio contaba con una organizaci\u00f3n por calles, con espacios intermedios libres de enterramientos para facilitar el tr\u00e1nsito.<\/p>\n<p>Las excavaciones tambi\u00e9n han permitido hallar distintos tramos de muro, probablemente de los edificios que compon\u00edan el convento. Estos restos, aunque no permiten definir el edificio concreto al que pertenec\u00edan, s\u00ed permite fijar el \u00e1rea concreta que ocupaba el convento. Y en la zona exterior de esos muros tambi\u00e9n se ha hallado una zona dedicada a la fundaci\u00f3n de metales, donde se aprecian moldes de campana y restos de bronce, cenizas y carbones, todo ello de \u00e9poca medieval.<br \/>\n<script async src=\"\/\/pagead2.googlesyndication.com\/pagead\/js\/adsbygoogle.js\"><\/script><br \/>\n<!-- Noticias La Guia de Pamplona --><br \/>\n<ins class=\"adsbygoogle\"\nstyle=\"display:block\"\ndata-ad-client=\"ca-pub-6943679897239327\"\ndata-ad-slot=\"7048180777\"\ndata-ad-format=\"auto\"><\/ins><br \/>\n<script>\n(adsbygoogle = window.adsbygoogle || []).push({});\n<\/script><\/p>\n<p><strong>Un total de 1,1 millones para peatonalizar la calle<\/strong><\/p>\n<p>La calle Bosquecillo, que une el Casco Antiguo a trav\u00e9s de la plaza de Recoletas con la calle Navas de Tolosa, tiene una longitud de 170 metros y una anchura de 15 de anchura, incluidas las aceras. Las obras de peatonalizaci\u00f3n, que se adjudicaron en marzo por 1,1 millones de euros y se desarrollan seg\u00fan el calendario previsto, permitir\u00e1n eliminar las aceras de la calle, convirti\u00e9ndola en una plataforma \u00fanica de 10 metros de ancho, que conecte visualmente la v\u00eda con el parque de la Taconera y la zona del Bosquecillo.<\/p>\n<p>Todos estos hallazgos han salido a la luz con las excavaciones para la instalaci\u00f3n de la nueva red de pluviales de la calle, que pasar\u00e1 de estar en el lateral m\u00e1s pr\u00f3ximo a la Taconera a situarse en el centro de la v\u00eda. El material elegido para peatonalizar la calle es la piedra calcarenita de diferente tama\u00f1o. Adem\u00e1s, se crear\u00e1n tres nuevas zonas de estancia frente al Portal de San Nicol\u00e1s y en los extremos de la calle, uno junto al paso de peatones pr\u00f3ximo a la calle Navas de Tolosa y el otro en la zona cercana a la acera de la avenida de Guip\u00fazcoa, junto al edificio de aseos denominado coloquialmente \u2018Paraguas\u2019. Y se a\u00f1adir\u00e1 diverso mobiliario urbano, compuesto por bancos y sillas, una fuente y papeleras a lo largo de la calle. Tambi\u00e9n se mantendr\u00e1n, pero reubicadas, las once farolas existentes, tipo \u2018b\u00e1culo de San Ferm\u00edn\u2019, para mantener la unidad con los elementos ornamentales de los parques adyacentes, y se modificar\u00e1 el carril-bici existente.<\/p>\n<p>Las obras de peatonalizaci\u00f3n, que tendr\u00e1n una duraci\u00f3n de 220 d\u00edas, forman parte de la estrategia \u2018Go Green Pamplona\u2019 de lucha contra el cambio clim\u00e1tico en la ciudad.<\/p>\n","protected":false},"excerpt":{"rendered":"<p>Los hallazgos se corresponden con las catas arqueol\u00f3gicas realizadas en julio del a\u00f1o pasado y que detectaron la presencia de enterramientos<\/p>\n","protected":false},"author":1,"featured_media":40459,"comment_status":"open","ping_status":"closed","sticky":false,"template":"","format":"standard","meta":{"footnotes":""},"categories":[2],"tags":[],"class_list":["post-40458","post","type-post","status-publish","format-standard","has-post-thumbnail","hentry","category-ayuntamiento-pamplona"],"yoast_head":"<!-- This site is optimized with the Yoast SEO plugin v27.3 - https:\/\/yoast.com\/product\/yoast-seo-wordpress\/ -->\n<title>Las obras de peatonalizaci\u00f3n de la calle Bosquecillo sacan a la luz una treintena de enterramientos medievales y restos de una zona de fundici\u00f3n de campanas<\/title>\n<meta name=\"description\" content=\"Los hallazgos se corresponden con las catas arqueol\u00f3gicas realizadas en julio del a\u00f1o pasado y que detectaron la presencia de enterramientos\" \/>\n<meta name=\"robots\" content=\"index, follow, max-snippet:-1, max-image-preview:large, max-video-preview:-1\" \/>\n<link rel=\"canonical\" href=\"https:\/\/www.laguiadepamplona.com\/actualidad\/las-obras-de-peatonalizacion-de-la-calle-bosquecillo-sacan-a-la-luz-una-treintena-de-enterramientos-medievales-y-restos-de-una-zona-de-fundicion-de-campanas\/\" \/>\n<meta property=\"og:locale\" content=\"es_ES\" \/>\n<meta property=\"og:type\" content=\"article\" \/>\n<meta property=\"og:title\" content=\"Las obras de peatonalizaci\u00f3n de la calle Bosquecillo sacan a la luz una treintena de enterramientos medievales y restos de una zona de fundici\u00f3n de campanas\" \/>\n<meta property=\"og:description\" content=\"Los hallazgos se corresponden con las catas arqueol\u00f3gicas realizadas en julio del a\u00f1o pasado y que detectaron la presencia de enterramientos\" \/>\n<meta property=\"og:url\" content=\"https:\/\/www.laguiadepamplona.com\/actualidad\/las-obras-de-peatonalizacion-de-la-calle-bosquecillo-sacan-a-la-luz-una-treintena-de-enterramientos-medievales-y-restos-de-una-zona-de-fundicion-de-campanas\/\" \/>\n<meta property=\"og:site_name\" content=\"La Gu\u00eda de Pamplona\" \/>\n<meta property=\"article:publisher\" content=\"https:\/\/www.facebook.com\/laguiadepamplonacom-133175176762273\/?ref=hl\" \/>\n<meta property=\"article:published_time\" content=\"2022-05-25T10:16:16+00:00\" \/>\n<meta property=\"article:modified_time\" content=\"2023-04-11T09:48:09+00:00\" \/>\n<meta property=\"og:image\" content=\"https:\/\/www.laguiadepamplona.com\/actualidad\/wp-content\/uploads\/2022\/05\/visitaobrasbosquecilloee5a0617.webp\" \/>\n\t<meta property=\"og:image:width\" content=\"1920\" \/>\n\t<meta property=\"og:image:height\" content=\"1279\" \/>\n\t<meta property=\"og:image:type\" content=\"image\/webp\" \/>\n<meta name=\"author\" content=\"La Gu\u00eda de Pamplona\" \/>\n<meta name=\"twitter:card\" content=\"summary_large_image\" \/>\n<meta name=\"twitter:creator\" content=\"@LaGuiadPamplona\" \/>\n<meta name=\"twitter:site\" content=\"@LaGuiadPamplona\" \/>\n<meta name=\"twitter:label1\" content=\"Escrito por\" \/>\n\t<meta name=\"twitter:data1\" content=\"La Gu\u00eda de Pamplona\" \/>\n\t<meta name=\"twitter:label2\" content=\"Tiempo de lectura\" \/>\n\t<meta name=\"twitter:data2\" content=\"4 minutos\" \/>\n<script type=\"application\/ld+json\" class=\"yoast-schema-graph\">{\"@context\":\"https:\\\/\\\/schema.org\",\"@graph\":[{\"@type\":\"Article\",\"@id\":\"https:\\\/\\\/www.laguiadepamplona.com\\\/actualidad\\\/las-obras-de-peatonalizacion-de-la-calle-bosquecillo-sacan-a-la-luz-una-treintena-de-enterramientos-medievales-y-restos-de-una-zona-de-fundicion-de-campanas\\\/#article\",\"isPartOf\":{\"@id\":\"https:\\\/\\\/www.laguiadepamplona.com\\\/actualidad\\\/las-obras-de-peatonalizacion-de-la-calle-bosquecillo-sacan-a-la-luz-una-treintena-de-enterramientos-medievales-y-restos-de-una-zona-de-fundicion-de-campanas\\\/\"},\"author\":{\"name\":\"La Gu\u00eda de Pamplona\",\"@id\":\"https:\\\/\\\/www.laguiadepamplona.com\\\/actualidad\\\/#\\\/schema\\\/person\\\/efe887376f0213d4657c93adc50b1fdb\"},\"headline\":\"Las obras de peatonalizaci\u00f3n de la calle Bosquecillo sacan a la luz una treintena de enterramientos medievales y restos de una zona de fundici\u00f3n de campanas\",\"datePublished\":\"2022-05-25T10:16:16+00:00\",\"dateModified\":\"2023-04-11T09:48:09+00:00\",\"mainEntityOfPage\":{\"@id\":\"https:\\\/\\\/www.laguiadepamplona.com\\\/actualidad\\\/las-obras-de-peatonalizacion-de-la-calle-bosquecillo-sacan-a-la-luz-una-treintena-de-enterramientos-medievales-y-restos-de-una-zona-de-fundicion-de-campanas\\\/\"},\"wordCount\":753,\"commentCount\":0,\"publisher\":{\"@id\":\"https:\\\/\\\/www.laguiadepamplona.com\\\/actualidad\\\/#organization\"},\"image\":{\"@id\":\"https:\\\/\\\/www.laguiadepamplona.com\\\/actualidad\\\/las-obras-de-peatonalizacion-de-la-calle-bosquecillo-sacan-a-la-luz-una-treintena-de-enterramientos-medievales-y-restos-de-una-zona-de-fundicion-de-campanas\\\/#primaryimage\"},\"thumbnailUrl\":\"https:\\\/\\\/www.laguiadepamplona.com\\\/actualidad\\\/wp-content\\\/uploads\\\/2022\\\/05\\\/visitaobrasbosquecilloee5a0617.webp\",\"articleSection\":[\"Ayto Pamplona\"],\"inLanguage\":\"es\",\"potentialAction\":[{\"@type\":\"CommentAction\",\"name\":\"Comment\",\"target\":[\"https:\\\/\\\/www.laguiadepamplona.com\\\/actualidad\\\/las-obras-de-peatonalizacion-de-la-calle-bosquecillo-sacan-a-la-luz-una-treintena-de-enterramientos-medievales-y-restos-de-una-zona-de-fundicion-de-campanas\\\/#respond\"]}]},{\"@type\":\"WebPage\",\"@id\":\"https:\\\/\\\/www.laguiadepamplona.com\\\/actualidad\\\/las-obras-de-peatonalizacion-de-la-calle-bosquecillo-sacan-a-la-luz-una-treintena-de-enterramientos-medievales-y-restos-de-una-zona-de-fundicion-de-campanas\\\/\",\"url\":\"https:\\\/\\\/www.laguiadepamplona.com\\\/actualidad\\\/las-obras-de-peatonalizacion-de-la-calle-bosquecillo-sacan-a-la-luz-una-treintena-de-enterramientos-medievales-y-restos-de-una-zona-de-fundicion-de-campanas\\\/\",\"name\":\"Las obras de peatonalizaci\u00f3n de la calle Bosquecillo sacan a la luz una treintena de enterramientos medievales y restos de una zona de fundici\u00f3n de campanas\",\"isPartOf\":{\"@id\":\"https:\\\/\\\/www.laguiadepamplona.com\\\/actualidad\\\/#website\"},\"primaryImageOfPage\":{\"@id\":\"https:\\\/\\\/www.laguiadepamplona.com\\\/actualidad\\\/las-obras-de-peatonalizacion-de-la-calle-bosquecillo-sacan-a-la-luz-una-treintena-de-enterramientos-medievales-y-restos-de-una-zona-de-fundicion-de-campanas\\\/#primaryimage\"},\"image\":{\"@id\":\"https:\\\/\\\/www.laguiadepamplona.com\\\/actualidad\\\/las-obras-de-peatonalizacion-de-la-calle-bosquecillo-sacan-a-la-luz-una-treintena-de-enterramientos-medievales-y-restos-de-una-zona-de-fundicion-de-campanas\\\/#primaryimage\"},\"thumbnailUrl\":\"https:\\\/\\\/www.laguiadepamplona.com\\\/actualidad\\\/wp-content\\\/uploads\\\/2022\\\/05\\\/visitaobrasbosquecilloee5a0617.webp\",\"datePublished\":\"2022-05-25T10:16:16+00:00\",\"dateModified\":\"2023-04-11T09:48:09+00:00\",\"description\":\"Los hallazgos se corresponden con las catas arqueol\u00f3gicas realizadas en julio del a\u00f1o pasado y que detectaron la presencia de enterramientos\",\"breadcrumb\":{\"@id\":\"https:\\\/\\\/www.laguiadepamplona.com\\\/actualidad\\\/las-obras-de-peatonalizacion-de-la-calle-bosquecillo-sacan-a-la-luz-una-treintena-de-enterramientos-medievales-y-restos-de-una-zona-de-fundicion-de-campanas\\\/#breadcrumb\"},\"inLanguage\":\"es\",\"potentialAction\":[{\"@type\":\"ReadAction\",\"target\":[\"https:\\\/\\\/www.laguiadepamplona.com\\\/actualidad\\\/las-obras-de-peatonalizacion-de-la-calle-bosquecillo-sacan-a-la-luz-una-treintena-de-enterramientos-medievales-y-restos-de-una-zona-de-fundicion-de-campanas\\\/\"]}]},{\"@type\":\"ImageObject\",\"inLanguage\":\"es\",\"@id\":\"https:\\\/\\\/www.laguiadepamplona.com\\\/actualidad\\\/las-obras-de-peatonalizacion-de-la-calle-bosquecillo-sacan-a-la-luz-una-treintena-de-enterramientos-medievales-y-restos-de-una-zona-de-fundicion-de-campanas\\\/#primaryimage\",\"url\":\"https:\\\/\\\/www.laguiadepamplona.com\\\/actualidad\\\/wp-content\\\/uploads\\\/2022\\\/05\\\/visitaobrasbosquecilloee5a0617.webp\",\"contentUrl\":\"https:\\\/\\\/www.laguiadepamplona.com\\\/actualidad\\\/wp-content\\\/uploads\\\/2022\\\/05\\\/visitaobrasbosquecilloee5a0617.webp\",\"width\":1920,\"height\":1279},{\"@type\":\"BreadcrumbList\",\"@id\":\"https:\\\/\\\/www.laguiadepamplona.com\\\/actualidad\\\/las-obras-de-peatonalizacion-de-la-calle-bosquecillo-sacan-a-la-luz-una-treintena-de-enterramientos-medievales-y-restos-de-una-zona-de-fundicion-de-campanas\\\/#breadcrumb\",\"itemListElement\":[{\"@type\":\"ListItem\",\"position\":1,\"name\":\"Portada\",\"item\":\"https:\\\/\\\/www.laguiadepamplona.com\\\/actualidad\\\/\"},{\"@type\":\"ListItem\",\"position\":2,\"name\":\"Las obras de peatonalizaci\u00f3n de la calle Bosquecillo sacan a la luz una treintena de enterramientos medievales y restos de una zona de fundici\u00f3n de campanas\"}]},{\"@type\":\"WebSite\",\"@id\":\"https:\\\/\\\/www.laguiadepamplona.com\\\/actualidad\\\/#website\",\"url\":\"https:\\\/\\\/www.laguiadepamplona.com\\\/actualidad\\\/\",\"name\":\"La gu\u00eda de Pamplona\",\"description\":\"Noticias de Pamplona\",\"publisher\":{\"@id\":\"https:\\\/\\\/www.laguiadepamplona.com\\\/actualidad\\\/#organization\"},\"potentialAction\":[{\"@type\":\"SearchAction\",\"target\":{\"@type\":\"EntryPoint\",\"urlTemplate\":\"https:\\\/\\\/www.laguiadepamplona.com\\\/actualidad\\\/?s={search_term_string}\"},\"query-input\":{\"@type\":\"PropertyValueSpecification\",\"valueRequired\":true,\"valueName\":\"search_term_string\"}}],\"inLanguage\":\"es\"},{\"@type\":\"Organization\",\"@id\":\"https:\\\/\\\/www.laguiadepamplona.com\\\/actualidad\\\/#organization\",\"name\":\"La Gu\u00eda de Pamplona \\\/ Noticias\",\"url\":\"https:\\\/\\\/www.laguiadepamplona.com\\\/actualidad\\\/\",\"logo\":{\"@type\":\"ImageObject\",\"inLanguage\":\"es\",\"@id\":\"https:\\\/\\\/www.laguiadepamplona.com\\\/actualidad\\\/#\\\/schema\\\/logo\\\/image\\\/\",\"url\":\"https:\\\/\\\/www.laguiadepamplona.com\\\/actualidad\\\/wp-content\\\/uploads\\\/2018\\\/11\\\/logo-laguiadepamplona18-web1.png\",\"contentUrl\":\"https:\\\/\\\/www.laguiadepamplona.com\\\/actualidad\\\/wp-content\\\/uploads\\\/2018\\\/11\\\/logo-laguiadepamplona18-web1.png\",\"width\":600,\"height\":196,\"caption\":\"La Gu\u00eda de Pamplona \\\/ Noticias\"},\"image\":{\"@id\":\"https:\\\/\\\/www.laguiadepamplona.com\\\/actualidad\\\/#\\\/schema\\\/logo\\\/image\\\/\"},\"sameAs\":[\"https:\\\/\\\/www.facebook.com\\\/laguiadepamplonacom-133175176762273\\\/?ref=hl\",\"https:\\\/\\\/x.com\\\/LaGuiadPamplona\",\"https:\\\/\\\/www.instagram.com\\\/la_guia_de_pamplona\\\/\",\"https:\\\/\\\/www.youtube.com\\\/user\\\/laguiadepamplona\"]},{\"@type\":\"Person\",\"@id\":\"https:\\\/\\\/www.laguiadepamplona.com\\\/actualidad\\\/#\\\/schema\\\/person\\\/efe887376f0213d4657c93adc50b1fdb\",\"name\":\"La Gu\u00eda de Pamplona\",\"image\":{\"@type\":\"ImageObject\",\"inLanguage\":\"es\",\"@id\":\"https:\\\/\\\/secure.gravatar.com\\\/avatar\\\/b6992f131dc8d30ab0dff15446e9d346d9dbd95992de0fef795073f5ea83a81c?s=96&d=mm&r=g\",\"url\":\"https:\\\/\\\/secure.gravatar.com\\\/avatar\\\/b6992f131dc8d30ab0dff15446e9d346d9dbd95992de0fef795073f5ea83a81c?s=96&d=mm&r=g\",\"contentUrl\":\"https:\\\/\\\/secure.gravatar.com\\\/avatar\\\/b6992f131dc8d30ab0dff15446e9d346d9dbd95992de0fef795073f5ea83a81c?s=96&d=mm&r=g\",\"caption\":\"La Gu\u00eda de Pamplona\"}}]}<\/script>\n<!-- \/ Yoast SEO plugin. -->","yoast_head_json":{"title":"Las obras de peatonalizaci\u00f3n de la calle Bosquecillo sacan a la luz una treintena de enterramientos medievales y restos de una zona de fundici\u00f3n de campanas","description":"Los hallazgos se corresponden con las catas arqueol\u00f3gicas realizadas en julio del a\u00f1o pasado y que detectaron la presencia de enterramientos","robots":{"index":"index","follow":"follow","max-snippet":"max-snippet:-1","max-image-preview":"max-image-preview:large","max-video-preview":"max-video-preview:-1"},"canonical":"https:\/\/www.laguiadepamplona.com\/actualidad\/las-obras-de-peatonalizacion-de-la-calle-bosquecillo-sacan-a-la-luz-una-treintena-de-enterramientos-medievales-y-restos-de-una-zona-de-fundicion-de-campanas\/","og_locale":"es_ES","og_type":"article","og_title":"Las obras de peatonalizaci\u00f3n de la calle Bosquecillo sacan a la luz una treintena de enterramientos medievales y restos de una zona de fundici\u00f3n de campanas","og_description":"Los hallazgos se corresponden con las catas arqueol\u00f3gicas realizadas en julio del a\u00f1o pasado y que detectaron la presencia de enterramientos","og_url":"https:\/\/www.laguiadepamplona.com\/actualidad\/las-obras-de-peatonalizacion-de-la-calle-bosquecillo-sacan-a-la-luz-una-treintena-de-enterramientos-medievales-y-restos-de-una-zona-de-fundicion-de-campanas\/","og_site_name":"La Gu\u00eda de Pamplona","article_publisher":"https:\/\/www.facebook.com\/laguiadepamplonacom-133175176762273\/?ref=hl","article_published_time":"2022-05-25T10:16:16+00:00","article_modified_time":"2023-04-11T09:48:09+00:00","og_image":[{"width":1920,"height":1279,"url":"https:\/\/www.laguiadepamplona.com\/actualidad\/wp-content\/uploads\/2022\/05\/visitaobrasbosquecilloee5a0617.webp","type":"image\/webp"}],"author":"La Gu\u00eda de Pamplona","twitter_card":"summary_large_image","twitter_creator":"@LaGuiadPamplona","twitter_site":"@LaGuiadPamplona","twitter_misc":{"Escrito por":"La Gu\u00eda de Pamplona","Tiempo de lectura":"4 minutos"},"schema":{"@context":"https:\/\/schema.org","@graph":[{"@type":"Article","@id":"https:\/\/www.laguiadepamplona.com\/actualidad\/las-obras-de-peatonalizacion-de-la-calle-bosquecillo-sacan-a-la-luz-una-treintena-de-enterramientos-medievales-y-restos-de-una-zona-de-fundicion-de-campanas\/#article","isPartOf":{"@id":"https:\/\/www.laguiadepamplona.com\/actualidad\/las-obras-de-peatonalizacion-de-la-calle-bosquecillo-sacan-a-la-luz-una-treintena-de-enterramientos-medievales-y-restos-de-una-zona-de-fundicion-de-campanas\/"},"author":{"name":"La Gu\u00eda de Pamplona","@id":"https:\/\/www.laguiadepamplona.com\/actualidad\/#\/schema\/person\/efe887376f0213d4657c93adc50b1fdb"},"headline":"Las obras de peatonalizaci\u00f3n de la calle Bosquecillo sacan a la luz una treintena de enterramientos medievales y restos de una zona de fundici\u00f3n de campanas","datePublished":"2022-05-25T10:16:16+00:00","dateModified":"2023-04-11T09:48:09+00:00","mainEntityOfPage":{"@id":"https:\/\/www.laguiadepamplona.com\/actualidad\/las-obras-de-peatonalizacion-de-la-calle-bosquecillo-sacan-a-la-luz-una-treintena-de-enterramientos-medievales-y-restos-de-una-zona-de-fundicion-de-campanas\/"},"wordCount":753,"commentCount":0,"publisher":{"@id":"https:\/\/www.laguiadepamplona.com\/actualidad\/#organization"},"image":{"@id":"https:\/\/www.laguiadepamplona.com\/actualidad\/las-obras-de-peatonalizacion-de-la-calle-bosquecillo-sacan-a-la-luz-una-treintena-de-enterramientos-medievales-y-restos-de-una-zona-de-fundicion-de-campanas\/#primaryimage"},"thumbnailUrl":"https:\/\/www.laguiadepamplona.com\/actualidad\/wp-content\/uploads\/2022\/05\/visitaobrasbosquecilloee5a0617.webp","articleSection":["Ayto Pamplona"],"inLanguage":"es","potentialAction":[{"@type":"CommentAction","name":"Comment","target":["https:\/\/www.laguiadepamplona.com\/actualidad\/las-obras-de-peatonalizacion-de-la-calle-bosquecillo-sacan-a-la-luz-una-treintena-de-enterramientos-medievales-y-restos-de-una-zona-de-fundicion-de-campanas\/#respond"]}]},{"@type":"WebPage","@id":"https:\/\/www.laguiadepamplona.com\/actualidad\/las-obras-de-peatonalizacion-de-la-calle-bosquecillo-sacan-a-la-luz-una-treintena-de-enterramientos-medievales-y-restos-de-una-zona-de-fundicion-de-campanas\/","url":"https:\/\/www.laguiadepamplona.com\/actualidad\/las-obras-de-peatonalizacion-de-la-calle-bosquecillo-sacan-a-la-luz-una-treintena-de-enterramientos-medievales-y-restos-de-una-zona-de-fundicion-de-campanas\/","name":"Las obras de peatonalizaci\u00f3n de la calle Bosquecillo sacan a la luz una treintena de enterramientos medievales y restos de una zona de fundici\u00f3n de campanas","isPartOf":{"@id":"https:\/\/www.laguiadepamplona.com\/actualidad\/#website"},"primaryImageOfPage":{"@id":"https:\/\/www.laguiadepamplona.com\/actualidad\/las-obras-de-peatonalizacion-de-la-calle-bosquecillo-sacan-a-la-luz-una-treintena-de-enterramientos-medievales-y-restos-de-una-zona-de-fundicion-de-campanas\/#primaryimage"},"image":{"@id":"https:\/\/www.laguiadepamplona.com\/actualidad\/las-obras-de-peatonalizacion-de-la-calle-bosquecillo-sacan-a-la-luz-una-treintena-de-enterramientos-medievales-y-restos-de-una-zona-de-fundicion-de-campanas\/#primaryimage"},"thumbnailUrl":"https:\/\/www.laguiadepamplona.com\/actualidad\/wp-content\/uploads\/2022\/05\/visitaobrasbosquecilloee5a0617.webp","datePublished":"2022-05-25T10:16:16+00:00","dateModified":"2023-04-11T09:48:09+00:00","description":"Los hallazgos se corresponden con las catas arqueol\u00f3gicas realizadas en julio del a\u00f1o pasado y que detectaron la presencia de enterramientos","breadcrumb":{"@id":"https:\/\/www.laguiadepamplona.com\/actualidad\/las-obras-de-peatonalizacion-de-la-calle-bosquecillo-sacan-a-la-luz-una-treintena-de-enterramientos-medievales-y-restos-de-una-zona-de-fundicion-de-campanas\/#breadcrumb"},"inLanguage":"es","potentialAction":[{"@type":"ReadAction","target":["https:\/\/www.laguiadepamplona.com\/actualidad\/las-obras-de-peatonalizacion-de-la-calle-bosquecillo-sacan-a-la-luz-una-treintena-de-enterramientos-medievales-y-restos-de-una-zona-de-fundicion-de-campanas\/"]}]},{"@type":"ImageObject","inLanguage":"es","@id":"https:\/\/www.laguiadepamplona.com\/actualidad\/las-obras-de-peatonalizacion-de-la-calle-bosquecillo-sacan-a-la-luz-una-treintena-de-enterramientos-medievales-y-restos-de-una-zona-de-fundicion-de-campanas\/#primaryimage","url":"https:\/\/www.laguiadepamplona.com\/actualidad\/wp-content\/uploads\/2022\/05\/visitaobrasbosquecilloee5a0617.webp","contentUrl":"https:\/\/www.laguiadepamplona.com\/actualidad\/wp-content\/uploads\/2022\/05\/visitaobrasbosquecilloee5a0617.webp","width":1920,"height":1279},{"@type":"BreadcrumbList","@id":"https:\/\/www.laguiadepamplona.com\/actualidad\/las-obras-de-peatonalizacion-de-la-calle-bosquecillo-sacan-a-la-luz-una-treintena-de-enterramientos-medievales-y-restos-de-una-zona-de-fundicion-de-campanas\/#breadcrumb","itemListElement":[{"@type":"ListItem","position":1,"name":"Portada","item":"https:\/\/www.laguiadepamplona.com\/actualidad\/"},{"@type":"ListItem","position":2,"name":"Las obras de peatonalizaci\u00f3n de la calle Bosquecillo sacan a la luz una treintena de enterramientos medievales y restos de una zona de fundici\u00f3n de campanas"}]},{"@type":"WebSite","@id":"https:\/\/www.laguiadepamplona.com\/actualidad\/#website","url":"https:\/\/www.laguiadepamplona.com\/actualidad\/","name":"La gu\u00eda de Pamplona","description":"Noticias de Pamplona","publisher":{"@id":"https:\/\/www.laguiadepamplona.com\/actualidad\/#organization"},"potentialAction":[{"@type":"SearchAction","target":{"@type":"EntryPoint","urlTemplate":"https:\/\/www.laguiadepamplona.com\/actualidad\/?s={search_term_string}"},"query-input":{"@type":"PropertyValueSpecification","valueRequired":true,"valueName":"search_term_string"}}],"inLanguage":"es"},{"@type":"Organization","@id":"https:\/\/www.laguiadepamplona.com\/actualidad\/#organization","name":"La Gu\u00eda de Pamplona \/ Noticias","url":"https:\/\/www.laguiadepamplona.com\/actualidad\/","logo":{"@type":"ImageObject","inLanguage":"es","@id":"https:\/\/www.laguiadepamplona.com\/actualidad\/#\/schema\/logo\/image\/","url":"https:\/\/www.laguiadepamplona.com\/actualidad\/wp-content\/uploads\/2018\/11\/logo-laguiadepamplona18-web1.png","contentUrl":"https:\/\/www.laguiadepamplona.com\/actualidad\/wp-content\/uploads\/2018\/11\/logo-laguiadepamplona18-web1.png","width":600,"height":196,"caption":"La Gu\u00eda de Pamplona \/ Noticias"},"image":{"@id":"https:\/\/www.laguiadepamplona.com\/actualidad\/#\/schema\/logo\/image\/"},"sameAs":["https:\/\/www.facebook.com\/laguiadepamplonacom-133175176762273\/?ref=hl","https:\/\/x.com\/LaGuiadPamplona","https:\/\/www.instagram.com\/la_guia_de_pamplona\/","https:\/\/www.youtube.com\/user\/laguiadepamplona"]},{"@type":"Person","@id":"https:\/\/www.laguiadepamplona.com\/actualidad\/#\/schema\/person\/efe887376f0213d4657c93adc50b1fdb","name":"La Gu\u00eda de Pamplona","image":{"@type":"ImageObject","inLanguage":"es","@id":"https:\/\/secure.gravatar.com\/avatar\/b6992f131dc8d30ab0dff15446e9d346d9dbd95992de0fef795073f5ea83a81c?s=96&d=mm&r=g","url":"https:\/\/secure.gravatar.com\/avatar\/b6992f131dc8d30ab0dff15446e9d346d9dbd95992de0fef795073f5ea83a81c?s=96&d=mm&r=g","contentUrl":"https:\/\/secure.gravatar.com\/avatar\/b6992f131dc8d30ab0dff15446e9d346d9dbd95992de0fef795073f5ea83a81c?s=96&d=mm&r=g","caption":"La Gu\u00eda de Pamplona"}}]}},"post_mailing_queue_ids":[],"_links":{"self":[{"href":"https:\/\/www.laguiadepamplona.com\/actualidad\/wp-json\/wp\/v2\/posts\/40458","targetHints":{"allow":["GET"]}}],"collection":[{"href":"https:\/\/www.laguiadepamplona.com\/actualidad\/wp-json\/wp\/v2\/posts"}],"about":[{"href":"https:\/\/www.laguiadepamplona.com\/actualidad\/wp-json\/wp\/v2\/types\/post"}],"author":[{"embeddable":true,"href":"https:\/\/www.laguiadepamplona.com\/actualidad\/wp-json\/wp\/v2\/users\/1"}],"replies":[{"embeddable":true,"href":"https:\/\/www.laguiadepamplona.com\/actualidad\/wp-json\/wp\/v2\/comments?post=40458"}],"version-history":[{"count":0,"href":"https:\/\/www.laguiadepamplona.com\/actualidad\/wp-json\/wp\/v2\/posts\/40458\/revisions"}],"wp:featuredmedia":[{"embeddable":true,"href":"https:\/\/www.laguiadepamplona.com\/actualidad\/wp-json\/wp\/v2\/media\/40459"}],"wp:attachment":[{"href":"https:\/\/www.laguiadepamplona.com\/actualidad\/wp-json\/wp\/v2\/media?parent=40458"}],"wp:term":[{"taxonomy":"category","embeddable":true,"href":"https:\/\/www.laguiadepamplona.com\/actualidad\/wp-json\/wp\/v2\/categories?post=40458"},{"taxonomy":"post_tag","embeddable":true,"href":"https:\/\/www.laguiadepamplona.com\/actualidad\/wp-json\/wp\/v2\/tags?post=40458"}],"curies":[{"name":"wp","href":"https:\/\/api.w.org\/{rel}","templated":true}]}}