{"id":40456,"date":"2022-05-24T17:31:27","date_gmt":"2022-05-24T15:31:27","guid":{"rendered":"https:\/\/www.laguiadepamplona.com\/actualidad\/?p=40456"},"modified":"2023-04-11T11:48:09","modified_gmt":"2023-04-11T09:48:09","slug":"el-alcalde-enrique-maya-traslada-las-condolencias-y-apoyo-a-la-ciudad-hermana-de-paderborn-tras-la-destruccion-causada-por-los-tornados-el-pasado-viernes","status":"publish","type":"post","link":"https:\/\/www.laguiadepamplona.com\/actualidad\/el-alcalde-enrique-maya-traslada-las-condolencias-y-apoyo-a-la-ciudad-hermana-de-paderborn-tras-la-destruccion-causada-por-los-tornados-el-pasado-viernes\/","title":{"rendered":"El alcalde Enrique Maya traslada las condolencias y apoyo a la ciudad hermana de Paderborn tras la destrucci\u00f3n causada por los tornados el pasado viernes"},"content":{"rendered":"<h5>Ha remitido una carta al alcalde Michael Dreier ofreciendo la colaboraci\u00f3n de Pamplona<\/h5>\n<p><!--more--><\/p>\n<p>El alcalde Pamplona, Enrique Maya, ha enviado una misiva a su hom\u00f3logo en Paderborn, Michael Dreier, mostrando \u201ctodo el apoyo y toda la solidaridad de la ciudad de Pamplona\u201d con la ciudad alemana, que el pasado viernes se vio afectada por una serie de tornados que causaron un muerto, decenas de heridos y millones de euros en da\u00f1os materiales. Asimismo, Maya ha resaltado el ofrecimiento de la ciudad para colaborar de alguna manera con la poblaci\u00f3n de Paderborn para afrontar la reparaci\u00f3n tras estos fen\u00f3menos climatol\u00f3gicos que han causado tanta destrucci\u00f3n.<\/p>\n<p>El pasado viernes, se activaron avisos por tormenta y vientos de hasta 130 kil\u00f3metros por hora provocadas por una \u00abmezcla explosiva\u00bb de aire c\u00e1lido y fr\u00edo. Esta situaci\u00f3n de alerta meteorol\u00f3gica se centr\u00f3 en algunos lugares del estado federado de Renania del Norte-Westfalia, donde se encuentra la ciudad de Paderborn. El mal tiempo afect\u00f3 primero al oeste del pa\u00eds, donde el tr\u00e1fico de trenes de alta velocidad se vio interrumpido, y despu\u00e9s se extendi\u00f3 hacia el este.<br \/>\n<script async src=\"\/\/pagead2.googlesyndication.com\/pagead\/js\/adsbygoogle.js\"><\/script><br \/>\n<!-- Noticias La Guia de Pamplona --><br \/>\n<ins class=\"adsbygoogle\"\nstyle=\"display:block\"\ndata-ad-client=\"ca-pub-6943679897239327\"\ndata-ad-slot=\"7048180777\"\ndata-ad-format=\"auto\"><\/ins><br \/>\n<script>\n(adsbygoogle = window.adsbygoogle || []).push({});\n<\/script><br \/>\nLa tormenta gener\u00f3 tres tornados que barrieron partes de Renania del Norte-Westfalia y Renania-Palatinado. Un tornado azot\u00f3 de lleno Paderborn causando un muerto y 43 heridos, de los que 30 tuvieron que ser traslados al hospital. Adem\u00e1s, se cifran en varios millones de euros los da\u00f1os causados en la ciudad, incluidos techos arrancados de casas, ventanas rotas y varios \u00e1rboles arrancados de ra\u00edz. Escuelas y guarder\u00edas permanec\u00edan cerradas a la espera de reparar los da\u00f1os. El Servicio Meteorol\u00f3gico Alem\u00e1n ha advertido, adem\u00e1s, de que el mal tiempo continuar\u00e1 esta semana, con fuertes lluvias, fuertes vientos y granizo.<\/p>\n<p>La regi\u00f3n de Renania del Norte-Westfalia ya se vio muy afectada en el mes de julio del a\u00f1o pasado por las fuertes lluvias que provocaron inundaciones y costaron la vida a m\u00e1s de 180 personas.<br \/>\n<script async src=\"\/\/pagead2.googlesyndication.com\/pagead\/js\/adsbygoogle.js\"><\/script><br \/>\n<!-- Noticias La Guia de Pamplona --><br \/>\n<ins class=\"adsbygoogle\"\nstyle=\"display:block\"\ndata-ad-client=\"ca-pub-6943679897239327\"\ndata-ad-slot=\"7048180777\"\ndata-ad-format=\"auto\"><\/ins><br \/>\n<script>\n(adsbygoogle = window.adsbygoogle || []).push({});\n<\/script><br \/>\nPamplona y Paderborn mantienen un hermanamiento de 30 a\u00f1os, desde que el 6 de diciembre de 1992 firmaran un acuerdo de amistad y colaboraci\u00f3n con el fin de que sus poblaciones e instituciones estrechen lazos culturales, econ\u00f3micos, sociales o deportivos, as\u00ed como para promover proyectos que redunden en el beneficio de su ciudadan\u00eda.<\/p>\n","protected":false},"excerpt":{"rendered":"<p>Ha remitido una carta al alcalde Michael Dreier ofreciendo la colaboraci\u00f3n de Pamplona<\/p>\n","protected":false},"author":1,"featured_media":36074,"comment_status":"open","ping_status":"closed","sticky":false,"template":"","format":"standard","meta":{"footnotes":""},"categories":[2],"tags":[],"class_list":["post-40456","post","type-post","status-publish","format-standard","has-post-thumbnail","hentry","category-ayuntamiento-pamplona"],"yoast_head":"<!-- This site is optimized with the Yoast SEO plugin v27.3 - https:\/\/yoast.com\/product\/yoast-seo-wordpress\/ -->\n<title>El alcalde Enrique Maya traslada las condolencias y apoyo a la ciudad hermana de Paderborn tras la destrucci\u00f3n causada por los tornados el pasado viernes<\/title>\n<meta name=\"description\" content=\"Ha remitido una carta al alcalde Michael Dreier ofreciendo la colaboraci\u00f3n de Pamplona\" \/>\n<meta name=\"robots\" content=\"index, follow, max-snippet:-1, max-image-preview:large, max-video-preview:-1\" \/>\n<link rel=\"canonical\" href=\"https:\/\/www.laguiadepamplona.com\/actualidad\/el-alcalde-enrique-maya-traslada-las-condolencias-y-apoyo-a-la-ciudad-hermana-de-paderborn-tras-la-destruccion-causada-por-los-tornados-el-pasado-viernes\/\" \/>\n<meta property=\"og:locale\" content=\"es_ES\" \/>\n<meta property=\"og:type\" content=\"article\" \/>\n<meta property=\"og:title\" content=\"El alcalde Enrique Maya traslada las condolencias y apoyo a la ciudad hermana de Paderborn tras la destrucci\u00f3n causada por los tornados el pasado viernes\" \/>\n<meta property=\"og:description\" content=\"Ha remitido una carta al alcalde Michael Dreier ofreciendo la colaboraci\u00f3n de Pamplona\" \/>\n<meta property=\"og:url\" content=\"https:\/\/www.laguiadepamplona.com\/actualidad\/el-alcalde-enrique-maya-traslada-las-condolencias-y-apoyo-a-la-ciudad-hermana-de-paderborn-tras-la-destruccion-causada-por-los-tornados-el-pasado-viernes\/\" \/>\n<meta property=\"og:site_name\" content=\"La Gu\u00eda de Pamplona\" \/>\n<meta property=\"article:publisher\" content=\"https:\/\/www.facebook.com\/laguiadepamplonacom-133175176762273\/?ref=hl\" \/>\n<meta property=\"article:published_time\" content=\"2022-05-24T15:31:27+00:00\" \/>\n<meta property=\"article:modified_time\" content=\"2023-04-11T09:48:09+00:00\" \/>\n<meta property=\"og:image\" content=\"https:\/\/www.laguiadepamplona.com\/actualidad\/wp-content\/uploads\/2021\/08\/ayuntamiento-pamplona2.jpg\" \/>\n\t<meta property=\"og:image:width\" content=\"1920\" \/>\n\t<meta property=\"og:image:height\" content=\"1080\" \/>\n\t<meta property=\"og:image:type\" content=\"image\/jpeg\" \/>\n<meta name=\"author\" content=\"La Gu\u00eda de Pamplona\" \/>\n<meta name=\"twitter:card\" content=\"summary_large_image\" \/>\n<meta name=\"twitter:creator\" content=\"@LaGuiadPamplona\" \/>\n<meta name=\"twitter:site\" content=\"@LaGuiadPamplona\" \/>\n<meta name=\"twitter:label1\" content=\"Escrito por\" \/>\n\t<meta name=\"twitter:data1\" content=\"La Gu\u00eda de Pamplona\" \/>\n\t<meta name=\"twitter:label2\" content=\"Tiempo de lectura\" \/>\n\t<meta name=\"twitter:data2\" content=\"2 minutos\" \/>\n<script type=\"application\/ld+json\" class=\"yoast-schema-graph\">{\"@context\":\"https:\\\/\\\/schema.org\",\"@graph\":[{\"@type\":\"Article\",\"@id\":\"https:\\\/\\\/www.laguiadepamplona.com\\\/actualidad\\\/el-alcalde-enrique-maya-traslada-las-condolencias-y-apoyo-a-la-ciudad-hermana-de-paderborn-tras-la-destruccion-causada-por-los-tornados-el-pasado-viernes\\\/#article\",\"isPartOf\":{\"@id\":\"https:\\\/\\\/www.laguiadepamplona.com\\\/actualidad\\\/el-alcalde-enrique-maya-traslada-las-condolencias-y-apoyo-a-la-ciudad-hermana-de-paderborn-tras-la-destruccion-causada-por-los-tornados-el-pasado-viernes\\\/\"},\"author\":{\"name\":\"La Gu\u00eda de Pamplona\",\"@id\":\"https:\\\/\\\/www.laguiadepamplona.com\\\/actualidad\\\/#\\\/schema\\\/person\\\/efe887376f0213d4657c93adc50b1fdb\"},\"headline\":\"El alcalde Enrique Maya traslada las condolencias y apoyo a la ciudad hermana de Paderborn tras la destrucci\u00f3n causada por los tornados el pasado viernes\",\"datePublished\":\"2022-05-24T15:31:27+00:00\",\"dateModified\":\"2023-04-11T09:48:09+00:00\",\"mainEntityOfPage\":{\"@id\":\"https:\\\/\\\/www.laguiadepamplona.com\\\/actualidad\\\/el-alcalde-enrique-maya-traslada-las-condolencias-y-apoyo-a-la-ciudad-hermana-de-paderborn-tras-la-destruccion-causada-por-los-tornados-el-pasado-viernes\\\/\"},\"wordCount\":417,\"commentCount\":0,\"publisher\":{\"@id\":\"https:\\\/\\\/www.laguiadepamplona.com\\\/actualidad\\\/#organization\"},\"image\":{\"@id\":\"https:\\\/\\\/www.laguiadepamplona.com\\\/actualidad\\\/el-alcalde-enrique-maya-traslada-las-condolencias-y-apoyo-a-la-ciudad-hermana-de-paderborn-tras-la-destruccion-causada-por-los-tornados-el-pasado-viernes\\\/#primaryimage\"},\"thumbnailUrl\":\"https:\\\/\\\/www.laguiadepamplona.com\\\/actualidad\\\/wp-content\\\/uploads\\\/2021\\\/08\\\/ayuntamiento-pamplona2.jpg\",\"articleSection\":[\"Ayto Pamplona\"],\"inLanguage\":\"es\",\"potentialAction\":[{\"@type\":\"CommentAction\",\"name\":\"Comment\",\"target\":[\"https:\\\/\\\/www.laguiadepamplona.com\\\/actualidad\\\/el-alcalde-enrique-maya-traslada-las-condolencias-y-apoyo-a-la-ciudad-hermana-de-paderborn-tras-la-destruccion-causada-por-los-tornados-el-pasado-viernes\\\/#respond\"]}]},{\"@type\":\"WebPage\",\"@id\":\"https:\\\/\\\/www.laguiadepamplona.com\\\/actualidad\\\/el-alcalde-enrique-maya-traslada-las-condolencias-y-apoyo-a-la-ciudad-hermana-de-paderborn-tras-la-destruccion-causada-por-los-tornados-el-pasado-viernes\\\/\",\"url\":\"https:\\\/\\\/www.laguiadepamplona.com\\\/actualidad\\\/el-alcalde-enrique-maya-traslada-las-condolencias-y-apoyo-a-la-ciudad-hermana-de-paderborn-tras-la-destruccion-causada-por-los-tornados-el-pasado-viernes\\\/\",\"name\":\"El alcalde Enrique Maya traslada las condolencias y apoyo a la ciudad hermana de Paderborn tras la destrucci\u00f3n causada por los tornados el pasado viernes\",\"isPartOf\":{\"@id\":\"https:\\\/\\\/www.laguiadepamplona.com\\\/actualidad\\\/#website\"},\"primaryImageOfPage\":{\"@id\":\"https:\\\/\\\/www.laguiadepamplona.com\\\/actualidad\\\/el-alcalde-enrique-maya-traslada-las-condolencias-y-apoyo-a-la-ciudad-hermana-de-paderborn-tras-la-destruccion-causada-por-los-tornados-el-pasado-viernes\\\/#primaryimage\"},\"image\":{\"@id\":\"https:\\\/\\\/www.laguiadepamplona.com\\\/actualidad\\\/el-alcalde-enrique-maya-traslada-las-condolencias-y-apoyo-a-la-ciudad-hermana-de-paderborn-tras-la-destruccion-causada-por-los-tornados-el-pasado-viernes\\\/#primaryimage\"},\"thumbnailUrl\":\"https:\\\/\\\/www.laguiadepamplona.com\\\/actualidad\\\/wp-content\\\/uploads\\\/2021\\\/08\\\/ayuntamiento-pamplona2.jpg\",\"datePublished\":\"2022-05-24T15:31:27+00:00\",\"dateModified\":\"2023-04-11T09:48:09+00:00\",\"description\":\"Ha remitido una carta al alcalde Michael Dreier ofreciendo la colaboraci\u00f3n de Pamplona\",\"breadcrumb\":{\"@id\":\"https:\\\/\\\/www.laguiadepamplona.com\\\/actualidad\\\/el-alcalde-enrique-maya-traslada-las-condolencias-y-apoyo-a-la-ciudad-hermana-de-paderborn-tras-la-destruccion-causada-por-los-tornados-el-pasado-viernes\\\/#breadcrumb\"},\"inLanguage\":\"es\",\"potentialAction\":[{\"@type\":\"ReadAction\",\"target\":[\"https:\\\/\\\/www.laguiadepamplona.com\\\/actualidad\\\/el-alcalde-enrique-maya-traslada-las-condolencias-y-apoyo-a-la-ciudad-hermana-de-paderborn-tras-la-destruccion-causada-por-los-tornados-el-pasado-viernes\\\/\"]}]},{\"@type\":\"ImageObject\",\"inLanguage\":\"es\",\"@id\":\"https:\\\/\\\/www.laguiadepamplona.com\\\/actualidad\\\/el-alcalde-enrique-maya-traslada-las-condolencias-y-apoyo-a-la-ciudad-hermana-de-paderborn-tras-la-destruccion-causada-por-los-tornados-el-pasado-viernes\\\/#primaryimage\",\"url\":\"https:\\\/\\\/www.laguiadepamplona.com\\\/actualidad\\\/wp-content\\\/uploads\\\/2021\\\/08\\\/ayuntamiento-pamplona2.jpg\",\"contentUrl\":\"https:\\\/\\\/www.laguiadepamplona.com\\\/actualidad\\\/wp-content\\\/uploads\\\/2021\\\/08\\\/ayuntamiento-pamplona2.jpg\",\"width\":1920,\"height\":1080,\"caption\":\"ayuntamiento pamplona\"},{\"@type\":\"BreadcrumbList\",\"@id\":\"https:\\\/\\\/www.laguiadepamplona.com\\\/actualidad\\\/el-alcalde-enrique-maya-traslada-las-condolencias-y-apoyo-a-la-ciudad-hermana-de-paderborn-tras-la-destruccion-causada-por-los-tornados-el-pasado-viernes\\\/#breadcrumb\",\"itemListElement\":[{\"@type\":\"ListItem\",\"position\":1,\"name\":\"Portada\",\"item\":\"https:\\\/\\\/www.laguiadepamplona.com\\\/actualidad\\\/\"},{\"@type\":\"ListItem\",\"position\":2,\"name\":\"El alcalde Enrique Maya traslada las condolencias y apoyo a la ciudad hermana de Paderborn tras la destrucci\u00f3n causada por los tornados el pasado viernes\"}]},{\"@type\":\"WebSite\",\"@id\":\"https:\\\/\\\/www.laguiadepamplona.com\\\/actualidad\\\/#website\",\"url\":\"https:\\\/\\\/www.laguiadepamplona.com\\\/actualidad\\\/\",\"name\":\"La gu\u00eda de Pamplona\",\"description\":\"Noticias de Pamplona\",\"publisher\":{\"@id\":\"https:\\\/\\\/www.laguiadepamplona.com\\\/actualidad\\\/#organization\"},\"potentialAction\":[{\"@type\":\"SearchAction\",\"target\":{\"@type\":\"EntryPoint\",\"urlTemplate\":\"https:\\\/\\\/www.laguiadepamplona.com\\\/actualidad\\\/?s={search_term_string}\"},\"query-input\":{\"@type\":\"PropertyValueSpecification\",\"valueRequired\":true,\"valueName\":\"search_term_string\"}}],\"inLanguage\":\"es\"},{\"@type\":\"Organization\",\"@id\":\"https:\\\/\\\/www.laguiadepamplona.com\\\/actualidad\\\/#organization\",\"name\":\"La Gu\u00eda de Pamplona \\\/ Noticias\",\"url\":\"https:\\\/\\\/www.laguiadepamplona.com\\\/actualidad\\\/\",\"logo\":{\"@type\":\"ImageObject\",\"inLanguage\":\"es\",\"@id\":\"https:\\\/\\\/www.laguiadepamplona.com\\\/actualidad\\\/#\\\/schema\\\/logo\\\/image\\\/\",\"url\":\"https:\\\/\\\/www.laguiadepamplona.com\\\/actualidad\\\/wp-content\\\/uploads\\\/2018\\\/11\\\/logo-laguiadepamplona18-web1.png\",\"contentUrl\":\"https:\\\/\\\/www.laguiadepamplona.com\\\/actualidad\\\/wp-content\\\/uploads\\\/2018\\\/11\\\/logo-laguiadepamplona18-web1.png\",\"width\":600,\"height\":196,\"caption\":\"La Gu\u00eda de Pamplona \\\/ Noticias\"},\"image\":{\"@id\":\"https:\\\/\\\/www.laguiadepamplona.com\\\/actualidad\\\/#\\\/schema\\\/logo\\\/image\\\/\"},\"sameAs\":[\"https:\\\/\\\/www.facebook.com\\\/laguiadepamplonacom-133175176762273\\\/?ref=hl\",\"https:\\\/\\\/x.com\\\/LaGuiadPamplona\",\"https:\\\/\\\/www.instagram.com\\\/la_guia_de_pamplona\\\/\",\"https:\\\/\\\/www.youtube.com\\\/user\\\/laguiadepamplona\"]},{\"@type\":\"Person\",\"@id\":\"https:\\\/\\\/www.laguiadepamplona.com\\\/actualidad\\\/#\\\/schema\\\/person\\\/efe887376f0213d4657c93adc50b1fdb\",\"name\":\"La Gu\u00eda de Pamplona\",\"image\":{\"@type\":\"ImageObject\",\"inLanguage\":\"es\",\"@id\":\"https:\\\/\\\/secure.gravatar.com\\\/avatar\\\/b6992f131dc8d30ab0dff15446e9d346d9dbd95992de0fef795073f5ea83a81c?s=96&d=mm&r=g\",\"url\":\"https:\\\/\\\/secure.gravatar.com\\\/avatar\\\/b6992f131dc8d30ab0dff15446e9d346d9dbd95992de0fef795073f5ea83a81c?s=96&d=mm&r=g\",\"contentUrl\":\"https:\\\/\\\/secure.gravatar.com\\\/avatar\\\/b6992f131dc8d30ab0dff15446e9d346d9dbd95992de0fef795073f5ea83a81c?s=96&d=mm&r=g\",\"caption\":\"La Gu\u00eda de Pamplona\"}}]}<\/script>\n<!-- \/ Yoast SEO plugin. -->","yoast_head_json":{"title":"El alcalde Enrique Maya traslada las condolencias y apoyo a la ciudad hermana de Paderborn tras la destrucci\u00f3n causada por los tornados el pasado viernes","description":"Ha remitido una carta al alcalde Michael Dreier ofreciendo la colaboraci\u00f3n de Pamplona","robots":{"index":"index","follow":"follow","max-snippet":"max-snippet:-1","max-image-preview":"max-image-preview:large","max-video-preview":"max-video-preview:-1"},"canonical":"https:\/\/www.laguiadepamplona.com\/actualidad\/el-alcalde-enrique-maya-traslada-las-condolencias-y-apoyo-a-la-ciudad-hermana-de-paderborn-tras-la-destruccion-causada-por-los-tornados-el-pasado-viernes\/","og_locale":"es_ES","og_type":"article","og_title":"El alcalde Enrique Maya traslada las condolencias y apoyo a la ciudad hermana de Paderborn tras la destrucci\u00f3n causada por los tornados el pasado viernes","og_description":"Ha remitido una carta al alcalde Michael Dreier ofreciendo la colaboraci\u00f3n de Pamplona","og_url":"https:\/\/www.laguiadepamplona.com\/actualidad\/el-alcalde-enrique-maya-traslada-las-condolencias-y-apoyo-a-la-ciudad-hermana-de-paderborn-tras-la-destruccion-causada-por-los-tornados-el-pasado-viernes\/","og_site_name":"La Gu\u00eda de Pamplona","article_publisher":"https:\/\/www.facebook.com\/laguiadepamplonacom-133175176762273\/?ref=hl","article_published_time":"2022-05-24T15:31:27+00:00","article_modified_time":"2023-04-11T09:48:09+00:00","og_image":[{"width":1920,"height":1080,"url":"https:\/\/www.laguiadepamplona.com\/actualidad\/wp-content\/uploads\/2021\/08\/ayuntamiento-pamplona2.jpg","type":"image\/jpeg"}],"author":"La Gu\u00eda de Pamplona","twitter_card":"summary_large_image","twitter_creator":"@LaGuiadPamplona","twitter_site":"@LaGuiadPamplona","twitter_misc":{"Escrito por":"La Gu\u00eda de Pamplona","Tiempo de lectura":"2 minutos"},"schema":{"@context":"https:\/\/schema.org","@graph":[{"@type":"Article","@id":"https:\/\/www.laguiadepamplona.com\/actualidad\/el-alcalde-enrique-maya-traslada-las-condolencias-y-apoyo-a-la-ciudad-hermana-de-paderborn-tras-la-destruccion-causada-por-los-tornados-el-pasado-viernes\/#article","isPartOf":{"@id":"https:\/\/www.laguiadepamplona.com\/actualidad\/el-alcalde-enrique-maya-traslada-las-condolencias-y-apoyo-a-la-ciudad-hermana-de-paderborn-tras-la-destruccion-causada-por-los-tornados-el-pasado-viernes\/"},"author":{"name":"La Gu\u00eda de Pamplona","@id":"https:\/\/www.laguiadepamplona.com\/actualidad\/#\/schema\/person\/efe887376f0213d4657c93adc50b1fdb"},"headline":"El alcalde Enrique Maya traslada las condolencias y apoyo a la ciudad hermana de Paderborn tras la destrucci\u00f3n causada por los tornados el pasado viernes","datePublished":"2022-05-24T15:31:27+00:00","dateModified":"2023-04-11T09:48:09+00:00","mainEntityOfPage":{"@id":"https:\/\/www.laguiadepamplona.com\/actualidad\/el-alcalde-enrique-maya-traslada-las-condolencias-y-apoyo-a-la-ciudad-hermana-de-paderborn-tras-la-destruccion-causada-por-los-tornados-el-pasado-viernes\/"},"wordCount":417,"commentCount":0,"publisher":{"@id":"https:\/\/www.laguiadepamplona.com\/actualidad\/#organization"},"image":{"@id":"https:\/\/www.laguiadepamplona.com\/actualidad\/el-alcalde-enrique-maya-traslada-las-condolencias-y-apoyo-a-la-ciudad-hermana-de-paderborn-tras-la-destruccion-causada-por-los-tornados-el-pasado-viernes\/#primaryimage"},"thumbnailUrl":"https:\/\/www.laguiadepamplona.com\/actualidad\/wp-content\/uploads\/2021\/08\/ayuntamiento-pamplona2.jpg","articleSection":["Ayto Pamplona"],"inLanguage":"es","potentialAction":[{"@type":"CommentAction","name":"Comment","target":["https:\/\/www.laguiadepamplona.com\/actualidad\/el-alcalde-enrique-maya-traslada-las-condolencias-y-apoyo-a-la-ciudad-hermana-de-paderborn-tras-la-destruccion-causada-por-los-tornados-el-pasado-viernes\/#respond"]}]},{"@type":"WebPage","@id":"https:\/\/www.laguiadepamplona.com\/actualidad\/el-alcalde-enrique-maya-traslada-las-condolencias-y-apoyo-a-la-ciudad-hermana-de-paderborn-tras-la-destruccion-causada-por-los-tornados-el-pasado-viernes\/","url":"https:\/\/www.laguiadepamplona.com\/actualidad\/el-alcalde-enrique-maya-traslada-las-condolencias-y-apoyo-a-la-ciudad-hermana-de-paderborn-tras-la-destruccion-causada-por-los-tornados-el-pasado-viernes\/","name":"El alcalde Enrique Maya traslada las condolencias y apoyo a la ciudad hermana de Paderborn tras la destrucci\u00f3n causada por los tornados el pasado viernes","isPartOf":{"@id":"https:\/\/www.laguiadepamplona.com\/actualidad\/#website"},"primaryImageOfPage":{"@id":"https:\/\/www.laguiadepamplona.com\/actualidad\/el-alcalde-enrique-maya-traslada-las-condolencias-y-apoyo-a-la-ciudad-hermana-de-paderborn-tras-la-destruccion-causada-por-los-tornados-el-pasado-viernes\/#primaryimage"},"image":{"@id":"https:\/\/www.laguiadepamplona.com\/actualidad\/el-alcalde-enrique-maya-traslada-las-condolencias-y-apoyo-a-la-ciudad-hermana-de-paderborn-tras-la-destruccion-causada-por-los-tornados-el-pasado-viernes\/#primaryimage"},"thumbnailUrl":"https:\/\/www.laguiadepamplona.com\/actualidad\/wp-content\/uploads\/2021\/08\/ayuntamiento-pamplona2.jpg","datePublished":"2022-05-24T15:31:27+00:00","dateModified":"2023-04-11T09:48:09+00:00","description":"Ha remitido una carta al alcalde Michael Dreier ofreciendo la colaboraci\u00f3n de Pamplona","breadcrumb":{"@id":"https:\/\/www.laguiadepamplona.com\/actualidad\/el-alcalde-enrique-maya-traslada-las-condolencias-y-apoyo-a-la-ciudad-hermana-de-paderborn-tras-la-destruccion-causada-por-los-tornados-el-pasado-viernes\/#breadcrumb"},"inLanguage":"es","potentialAction":[{"@type":"ReadAction","target":["https:\/\/www.laguiadepamplona.com\/actualidad\/el-alcalde-enrique-maya-traslada-las-condolencias-y-apoyo-a-la-ciudad-hermana-de-paderborn-tras-la-destruccion-causada-por-los-tornados-el-pasado-viernes\/"]}]},{"@type":"ImageObject","inLanguage":"es","@id":"https:\/\/www.laguiadepamplona.com\/actualidad\/el-alcalde-enrique-maya-traslada-las-condolencias-y-apoyo-a-la-ciudad-hermana-de-paderborn-tras-la-destruccion-causada-por-los-tornados-el-pasado-viernes\/#primaryimage","url":"https:\/\/www.laguiadepamplona.com\/actualidad\/wp-content\/uploads\/2021\/08\/ayuntamiento-pamplona2.jpg","contentUrl":"https:\/\/www.laguiadepamplona.com\/actualidad\/wp-content\/uploads\/2021\/08\/ayuntamiento-pamplona2.jpg","width":1920,"height":1080,"caption":"ayuntamiento pamplona"},{"@type":"BreadcrumbList","@id":"https:\/\/www.laguiadepamplona.com\/actualidad\/el-alcalde-enrique-maya-traslada-las-condolencias-y-apoyo-a-la-ciudad-hermana-de-paderborn-tras-la-destruccion-causada-por-los-tornados-el-pasado-viernes\/#breadcrumb","itemListElement":[{"@type":"ListItem","position":1,"name":"Portada","item":"https:\/\/www.laguiadepamplona.com\/actualidad\/"},{"@type":"ListItem","position":2,"name":"El alcalde Enrique Maya traslada las condolencias y apoyo a la ciudad hermana de Paderborn tras la destrucci\u00f3n causada por los tornados el pasado viernes"}]},{"@type":"WebSite","@id":"https:\/\/www.laguiadepamplona.com\/actualidad\/#website","url":"https:\/\/www.laguiadepamplona.com\/actualidad\/","name":"La gu\u00eda de Pamplona","description":"Noticias de Pamplona","publisher":{"@id":"https:\/\/www.laguiadepamplona.com\/actualidad\/#organization"},"potentialAction":[{"@type":"SearchAction","target":{"@type":"EntryPoint","urlTemplate":"https:\/\/www.laguiadepamplona.com\/actualidad\/?s={search_term_string}"},"query-input":{"@type":"PropertyValueSpecification","valueRequired":true,"valueName":"search_term_string"}}],"inLanguage":"es"},{"@type":"Organization","@id":"https:\/\/www.laguiadepamplona.com\/actualidad\/#organization","name":"La Gu\u00eda de Pamplona \/ Noticias","url":"https:\/\/www.laguiadepamplona.com\/actualidad\/","logo":{"@type":"ImageObject","inLanguage":"es","@id":"https:\/\/www.laguiadepamplona.com\/actualidad\/#\/schema\/logo\/image\/","url":"https:\/\/www.laguiadepamplona.com\/actualidad\/wp-content\/uploads\/2018\/11\/logo-laguiadepamplona18-web1.png","contentUrl":"https:\/\/www.laguiadepamplona.com\/actualidad\/wp-content\/uploads\/2018\/11\/logo-laguiadepamplona18-web1.png","width":600,"height":196,"caption":"La Gu\u00eda de Pamplona \/ Noticias"},"image":{"@id":"https:\/\/www.laguiadepamplona.com\/actualidad\/#\/schema\/logo\/image\/"},"sameAs":["https:\/\/www.facebook.com\/laguiadepamplonacom-133175176762273\/?ref=hl","https:\/\/x.com\/LaGuiadPamplona","https:\/\/www.instagram.com\/la_guia_de_pamplona\/","https:\/\/www.youtube.com\/user\/laguiadepamplona"]},{"@type":"Person","@id":"https:\/\/www.laguiadepamplona.com\/actualidad\/#\/schema\/person\/efe887376f0213d4657c93adc50b1fdb","name":"La Gu\u00eda de Pamplona","image":{"@type":"ImageObject","inLanguage":"es","@id":"https:\/\/secure.gravatar.com\/avatar\/b6992f131dc8d30ab0dff15446e9d346d9dbd95992de0fef795073f5ea83a81c?s=96&d=mm&r=g","url":"https:\/\/secure.gravatar.com\/avatar\/b6992f131dc8d30ab0dff15446e9d346d9dbd95992de0fef795073f5ea83a81c?s=96&d=mm&r=g","contentUrl":"https:\/\/secure.gravatar.com\/avatar\/b6992f131dc8d30ab0dff15446e9d346d9dbd95992de0fef795073f5ea83a81c?s=96&d=mm&r=g","caption":"La Gu\u00eda de Pamplona"}}]}},"post_mailing_queue_ids":[],"_links":{"self":[{"href":"https:\/\/www.laguiadepamplona.com\/actualidad\/wp-json\/wp\/v2\/posts\/40456","targetHints":{"allow":["GET"]}}],"collection":[{"href":"https:\/\/www.laguiadepamplona.com\/actualidad\/wp-json\/wp\/v2\/posts"}],"about":[{"href":"https:\/\/www.laguiadepamplona.com\/actualidad\/wp-json\/wp\/v2\/types\/post"}],"author":[{"embeddable":true,"href":"https:\/\/www.laguiadepamplona.com\/actualidad\/wp-json\/wp\/v2\/users\/1"}],"replies":[{"embeddable":true,"href":"https:\/\/www.laguiadepamplona.com\/actualidad\/wp-json\/wp\/v2\/comments?post=40456"}],"version-history":[{"count":0,"href":"https:\/\/www.laguiadepamplona.com\/actualidad\/wp-json\/wp\/v2\/posts\/40456\/revisions"}],"wp:featuredmedia":[{"embeddable":true,"href":"https:\/\/www.laguiadepamplona.com\/actualidad\/wp-json\/wp\/v2\/media\/36074"}],"wp:attachment":[{"href":"https:\/\/www.laguiadepamplona.com\/actualidad\/wp-json\/wp\/v2\/media?parent=40456"}],"wp:term":[{"taxonomy":"category","embeddable":true,"href":"https:\/\/www.laguiadepamplona.com\/actualidad\/wp-json\/wp\/v2\/categories?post=40456"},{"taxonomy":"post_tag","embeddable":true,"href":"https:\/\/www.laguiadepamplona.com\/actualidad\/wp-json\/wp\/v2\/tags?post=40456"}],"curies":[{"name":"wp","href":"https:\/\/api.w.org\/{rel}","templated":true}]}}