{"id":40453,"date":"2022-05-24T14:06:33","date_gmt":"2022-05-24T12:06:33","guid":{"rendered":"https:\/\/www.laguiadepamplona.com\/actualidad\/?p=40453"},"modified":"2023-04-11T11:48:09","modified_gmt":"2023-04-11T09:48:09","slug":"adjudicadas-las-obras-para-renovar-la-cubierta-de-la-pista-polideportiva-central-de-los-colegios-publicos-el-lago-y-mendigoiti-que-podrian-comenzar-el-proximo-mes-de-junio","status":"publish","type":"post","link":"https:\/\/www.laguiadepamplona.com\/actualidad\/adjudicadas-las-obras-para-renovar-la-cubierta-de-la-pista-polideportiva-central-de-los-colegios-publicos-el-lago-y-mendigoiti-que-podrian-comenzar-el-proximo-mes-de-junio\/","title":{"rendered":"Adjudicadas las obras para renovar la cubierta de la pista polideportiva central de los colegios p\u00fablicos El Lago y Mendigoiti, que podr\u00edan comenzar el pr\u00f3ximo mes de junio"},"content":{"rendered":"<h5>Los trabajos cuentan con un presupuesto de 298.505,78 euros y un plazo de ejecuci\u00f3n de 16 semanas<\/h5>\n<p><!--more--><\/p>\n<p>La Junta de Gobierno Local aprob\u00f3 ayer la adjudicaci\u00f3n de las obras para renovar la cubierta de la pista polideportiva central del patio que comparten los centros escolares p\u00fablicos Mendigoiti y el Lago en el barrio de Mendillorri. Se prev\u00e9 que los trabajos puedan comenzar el pr\u00f3ximo mes de junio y se desarrollen durante 16 semanas, coincidiendo en la mayor parte de ese periodo con las vacaciones escolares.<br \/>\n<script async src=\"\/\/pagead2.googlesyndication.com\/pagead\/js\/adsbygoogle.js\"><\/script><br \/>\n<!-- Noticias La Guia de Pamplona --><br \/>\n<ins class=\"adsbygoogle\"\nstyle=\"display:block\"\ndata-ad-client=\"ca-pub-6943679897239327\"\ndata-ad-slot=\"7048180777\"\ndata-ad-format=\"auto\"><\/ins><br \/>\n<script>\n(adsbygoogle = window.adsbygoogle || []).push({});\n<\/script><br \/>\nLa renovaci\u00f3n de la cubierta afecta a una de las tres pistas exteriores del patio existente entre la edificaci\u00f3n de los colegios y la trasera del trinquete y polideportivo de Mendillorri. El proyecto renovar\u00e1 toda la cubierta de placas de policarbonato, que presenta un alto grado de deterioro en su transparencia y estanqueidad. La pista se cubri\u00f3 en 2005 con una construcci\u00f3n que cubre la pista central, pero abierta en todas sus fachadas. Se mejorar\u00e1 la protecci\u00f3n del viento dominante, generalmente de direcci\u00f3n noroeste, para evitar en la medida de lo posible la entrada de agua de lluvia en la pista.<\/p>\n<p>Los trabajos los llevar\u00e1 a cabo la empresa Erki Construcci\u00f3n Sostenible S.L., con un presupuesto de 298.505,78 euros, un 2,6% por debajo del precio de licitaci\u00f3n, que fue de 306.453,70 euros. Se aprovechar\u00e1 tambi\u00e9n para renovar la superficie de juego que, con el deterioro y la filtraci\u00f3n de agua, se ha vuelto m\u00e1s resbaladiza. Por \u00faltimo, se ejecutar\u00e1n actuaciones complementarias como reparaciones puntuales de desconchados en la estructura de hormig\u00f3n principal, la revisi\u00f3n y renovaci\u00f3n del sistema de redes de protecci\u00f3n, la renovaci\u00f3n de los equipamientos deportivos (canastas y porter\u00edas) y la limpieza de muros y gradas de hormig\u00f3n.<br \/>\n<script async src=\"\/\/pagead2.googlesyndication.com\/pagead\/js\/adsbygoogle.js\"><\/script><br \/>\n<!-- Noticias La Guia de Pamplona --><br \/>\n<ins class=\"adsbygoogle\"\nstyle=\"display:block\"\ndata-ad-client=\"ca-pub-6943679897239327\"\ndata-ad-slot=\"7048180777\"\ndata-ad-format=\"auto\"><\/ins><br \/>\n<script>\n(adsbygoogle = window.adsbygoogle || []).push({});\n<\/script><br \/>\n<strong>Nueva licitaci\u00f3n para la renaturalizaci\u00f3n del patio de Mendigoiti y El Lago<\/strong><\/p>\n<p>La Junta de Gobierno Local abord\u00f3 tambi\u00e9n un segundo expediente relativo a los colegios Mendigoiti y El Lago. Concretamente, se aprob\u00f3 una nueva licitaci\u00f3n de la mejora de los espacios exteriores en el patio que comparten ambos centros, tras quedar desierta hace unas semanas por falta de licitadores. Se han realizado algunas modificaciones en el proyecto y se ha ajustado el presupuesto de licitaci\u00f3n a 149.709,34 euros.<\/p>\n<p>La actuaci\u00f3n propone dar continuidad espacial a las dos plataformas en las que se sit\u00faan las pistas polideportivas, con una diferencia de cota de 1,45 metros. Se retirar\u00e1n las vallas met\u00e1licas perimetrales hacia la zona verde y se ejecutar\u00e1n tres gradas verdes, con bancos corridos de hormig\u00f3n y praderas, para favorecer la transici\u00f3n entre esa nueva zona y cada una de las pistas. Las escalerillas existentes que actualmente salvan el desnivel se eliminar\u00e1n, pues no cumplen la normativa vigente.<br \/>\n<script async src=\"\/\/pagead2.googlesyndication.com\/pagead\/js\/adsbygoogle.js\"><\/script><br \/>\n<!-- Noticias La Guia de Pamplona --><br \/>\n<ins class=\"adsbygoogle\"\nstyle=\"display:block\"\ndata-ad-client=\"ca-pub-6943679897239327\"\ndata-ad-slot=\"7048180777\"\ndata-ad-format=\"auto\"><\/ins><br \/>\n<script>\n(adsbygoogle = window.adsbygoogle || []).push({});\n<\/script><br \/>\nLas zonas verdes se plantean como una pradera natural, sin riego y con mantenimiento mediante siegas manuales similares a las que se realizan en la zona verde existente. El proyecto incluye la plantaci\u00f3n de arbolado y arbustos, con m\u00e1s de una treintena de ejemplares de especies diversas y varios setos de diferentes di\u00e1metros. En la zona verde se implantar\u00e1n juegos infantiles de madera.<\/p>\n","protected":false},"excerpt":{"rendered":"<p>Los trabajos cuentan con un presupuesto de 298.505,78 euros y un plazo de ejecuci\u00f3n de 16 semanas<\/p>\n","protected":false},"author":1,"featured_media":40454,"comment_status":"open","ping_status":"closed","sticky":false,"template":"","format":"standard","meta":{"footnotes":""},"categories":[2],"tags":[],"class_list":["post-40453","post","type-post","status-publish","format-standard","has-post-thumbnail","hentry","category-ayuntamiento-pamplona"],"yoast_head":"<!-- This site is optimized with the Yoast SEO plugin v27.3 - https:\/\/yoast.com\/product\/yoast-seo-wordpress\/ -->\n<title>Adjudicadas las obras para renovar la cubierta de la pista polideportiva central de los colegios p\u00fablicos El Lago y Mendigoiti, que podr\u00edan comenzar el pr\u00f3ximo mes de junio<\/title>\n<meta name=\"description\" content=\"Los trabajos cuentan con un presupuesto de 298.505,78 euros y un plazo de ejecuci\u00f3n de 16 semanas\" \/>\n<meta name=\"robots\" content=\"index, follow, max-snippet:-1, max-image-preview:large, max-video-preview:-1\" \/>\n<link rel=\"canonical\" href=\"https:\/\/www.laguiadepamplona.com\/actualidad\/adjudicadas-las-obras-para-renovar-la-cubierta-de-la-pista-polideportiva-central-de-los-colegios-publicos-el-lago-y-mendigoiti-que-podrian-comenzar-el-proximo-mes-de-junio\/\" \/>\n<meta property=\"og:locale\" content=\"es_ES\" \/>\n<meta property=\"og:type\" content=\"article\" \/>\n<meta property=\"og:title\" content=\"Adjudicadas las obras para renovar la cubierta de la pista polideportiva central de los colegios p\u00fablicos El Lago y Mendigoiti, que podr\u00edan comenzar el pr\u00f3ximo mes de junio\" \/>\n<meta property=\"og:description\" content=\"Los trabajos cuentan con un presupuesto de 298.505,78 euros y un plazo de ejecuci\u00f3n de 16 semanas\" \/>\n<meta property=\"og:url\" content=\"https:\/\/www.laguiadepamplona.com\/actualidad\/adjudicadas-las-obras-para-renovar-la-cubierta-de-la-pista-polideportiva-central-de-los-colegios-publicos-el-lago-y-mendigoiti-que-podrian-comenzar-el-proximo-mes-de-junio\/\" \/>\n<meta property=\"og:site_name\" content=\"La Gu\u00eda de Pamplona\" \/>\n<meta property=\"article:publisher\" content=\"https:\/\/www.facebook.com\/laguiadepamplonacom-133175176762273\/?ref=hl\" \/>\n<meta property=\"article:published_time\" content=\"2022-05-24T12:06:33+00:00\" \/>\n<meta property=\"article:modified_time\" content=\"2023-04-11T09:48:09+00:00\" \/>\n<meta property=\"og:image\" content=\"https:\/\/www.laguiadepamplona.com\/actualidad\/wp-content\/uploads\/2022\/05\/22.01.25_proyecto_renaturalizacion_patio_mendigoiti_ellago-copia.webp\" \/>\n\t<meta property=\"og:image:width\" content=\"1280\" \/>\n\t<meta property=\"og:image:height\" content=\"1067\" \/>\n\t<meta property=\"og:image:type\" content=\"image\/webp\" \/>\n<meta name=\"author\" content=\"La Gu\u00eda de Pamplona\" \/>\n<meta name=\"twitter:card\" content=\"summary_large_image\" \/>\n<meta name=\"twitter:creator\" content=\"@LaGuiadPamplona\" \/>\n<meta name=\"twitter:site\" content=\"@LaGuiadPamplona\" \/>\n<meta name=\"twitter:label1\" content=\"Escrito por\" \/>\n\t<meta name=\"twitter:data1\" content=\"La Gu\u00eda de Pamplona\" \/>\n\t<meta name=\"twitter:label2\" content=\"Tiempo de lectura\" \/>\n\t<meta name=\"twitter:data2\" content=\"3 minutos\" \/>\n<script type=\"application\/ld+json\" class=\"yoast-schema-graph\">{\"@context\":\"https:\\\/\\\/schema.org\",\"@graph\":[{\"@type\":\"Article\",\"@id\":\"https:\\\/\\\/www.laguiadepamplona.com\\\/actualidad\\\/adjudicadas-las-obras-para-renovar-la-cubierta-de-la-pista-polideportiva-central-de-los-colegios-publicos-el-lago-y-mendigoiti-que-podrian-comenzar-el-proximo-mes-de-junio\\\/#article\",\"isPartOf\":{\"@id\":\"https:\\\/\\\/www.laguiadepamplona.com\\\/actualidad\\\/adjudicadas-las-obras-para-renovar-la-cubierta-de-la-pista-polideportiva-central-de-los-colegios-publicos-el-lago-y-mendigoiti-que-podrian-comenzar-el-proximo-mes-de-junio\\\/\"},\"author\":{\"name\":\"La Gu\u00eda de Pamplona\",\"@id\":\"https:\\\/\\\/www.laguiadepamplona.com\\\/actualidad\\\/#\\\/schema\\\/person\\\/efe887376f0213d4657c93adc50b1fdb\"},\"headline\":\"Adjudicadas las obras para renovar la cubierta de la pista polideportiva central de los colegios p\u00fablicos El Lago y Mendigoiti, que podr\u00edan comenzar el pr\u00f3ximo mes de junio\",\"datePublished\":\"2022-05-24T12:06:33+00:00\",\"dateModified\":\"2023-04-11T09:48:09+00:00\",\"mainEntityOfPage\":{\"@id\":\"https:\\\/\\\/www.laguiadepamplona.com\\\/actualidad\\\/adjudicadas-las-obras-para-renovar-la-cubierta-de-la-pista-polideportiva-central-de-los-colegios-publicos-el-lago-y-mendigoiti-que-podrian-comenzar-el-proximo-mes-de-junio\\\/\"},\"wordCount\":568,\"commentCount\":0,\"publisher\":{\"@id\":\"https:\\\/\\\/www.laguiadepamplona.com\\\/actualidad\\\/#organization\"},\"image\":{\"@id\":\"https:\\\/\\\/www.laguiadepamplona.com\\\/actualidad\\\/adjudicadas-las-obras-para-renovar-la-cubierta-de-la-pista-polideportiva-central-de-los-colegios-publicos-el-lago-y-mendigoiti-que-podrian-comenzar-el-proximo-mes-de-junio\\\/#primaryimage\"},\"thumbnailUrl\":\"https:\\\/\\\/www.laguiadepamplona.com\\\/actualidad\\\/wp-content\\\/uploads\\\/2022\\\/05\\\/22.01.25_proyecto_renaturalizacion_patio_mendigoiti_ellago-copia.webp\",\"articleSection\":[\"Ayto Pamplona\"],\"inLanguage\":\"es\",\"potentialAction\":[{\"@type\":\"CommentAction\",\"name\":\"Comment\",\"target\":[\"https:\\\/\\\/www.laguiadepamplona.com\\\/actualidad\\\/adjudicadas-las-obras-para-renovar-la-cubierta-de-la-pista-polideportiva-central-de-los-colegios-publicos-el-lago-y-mendigoiti-que-podrian-comenzar-el-proximo-mes-de-junio\\\/#respond\"]}]},{\"@type\":\"WebPage\",\"@id\":\"https:\\\/\\\/www.laguiadepamplona.com\\\/actualidad\\\/adjudicadas-las-obras-para-renovar-la-cubierta-de-la-pista-polideportiva-central-de-los-colegios-publicos-el-lago-y-mendigoiti-que-podrian-comenzar-el-proximo-mes-de-junio\\\/\",\"url\":\"https:\\\/\\\/www.laguiadepamplona.com\\\/actualidad\\\/adjudicadas-las-obras-para-renovar-la-cubierta-de-la-pista-polideportiva-central-de-los-colegios-publicos-el-lago-y-mendigoiti-que-podrian-comenzar-el-proximo-mes-de-junio\\\/\",\"name\":\"Adjudicadas las obras para renovar la cubierta de la pista polideportiva central de los colegios p\u00fablicos El Lago y Mendigoiti, que podr\u00edan comenzar el pr\u00f3ximo mes de junio\",\"isPartOf\":{\"@id\":\"https:\\\/\\\/www.laguiadepamplona.com\\\/actualidad\\\/#website\"},\"primaryImageOfPage\":{\"@id\":\"https:\\\/\\\/www.laguiadepamplona.com\\\/actualidad\\\/adjudicadas-las-obras-para-renovar-la-cubierta-de-la-pista-polideportiva-central-de-los-colegios-publicos-el-lago-y-mendigoiti-que-podrian-comenzar-el-proximo-mes-de-junio\\\/#primaryimage\"},\"image\":{\"@id\":\"https:\\\/\\\/www.laguiadepamplona.com\\\/actualidad\\\/adjudicadas-las-obras-para-renovar-la-cubierta-de-la-pista-polideportiva-central-de-los-colegios-publicos-el-lago-y-mendigoiti-que-podrian-comenzar-el-proximo-mes-de-junio\\\/#primaryimage\"},\"thumbnailUrl\":\"https:\\\/\\\/www.laguiadepamplona.com\\\/actualidad\\\/wp-content\\\/uploads\\\/2022\\\/05\\\/22.01.25_proyecto_renaturalizacion_patio_mendigoiti_ellago-copia.webp\",\"datePublished\":\"2022-05-24T12:06:33+00:00\",\"dateModified\":\"2023-04-11T09:48:09+00:00\",\"description\":\"Los trabajos cuentan con un presupuesto de 298.505,78 euros y un plazo de ejecuci\u00f3n de 16 semanas\",\"breadcrumb\":{\"@id\":\"https:\\\/\\\/www.laguiadepamplona.com\\\/actualidad\\\/adjudicadas-las-obras-para-renovar-la-cubierta-de-la-pista-polideportiva-central-de-los-colegios-publicos-el-lago-y-mendigoiti-que-podrian-comenzar-el-proximo-mes-de-junio\\\/#breadcrumb\"},\"inLanguage\":\"es\",\"potentialAction\":[{\"@type\":\"ReadAction\",\"target\":[\"https:\\\/\\\/www.laguiadepamplona.com\\\/actualidad\\\/adjudicadas-las-obras-para-renovar-la-cubierta-de-la-pista-polideportiva-central-de-los-colegios-publicos-el-lago-y-mendigoiti-que-podrian-comenzar-el-proximo-mes-de-junio\\\/\"]}]},{\"@type\":\"ImageObject\",\"inLanguage\":\"es\",\"@id\":\"https:\\\/\\\/www.laguiadepamplona.com\\\/actualidad\\\/adjudicadas-las-obras-para-renovar-la-cubierta-de-la-pista-polideportiva-central-de-los-colegios-publicos-el-lago-y-mendigoiti-que-podrian-comenzar-el-proximo-mes-de-junio\\\/#primaryimage\",\"url\":\"https:\\\/\\\/www.laguiadepamplona.com\\\/actualidad\\\/wp-content\\\/uploads\\\/2022\\\/05\\\/22.01.25_proyecto_renaturalizacion_patio_mendigoiti_ellago-copia.webp\",\"contentUrl\":\"https:\\\/\\\/www.laguiadepamplona.com\\\/actualidad\\\/wp-content\\\/uploads\\\/2022\\\/05\\\/22.01.25_proyecto_renaturalizacion_patio_mendigoiti_ellago-copia.webp\",\"width\":1280,\"height\":1067},{\"@type\":\"BreadcrumbList\",\"@id\":\"https:\\\/\\\/www.laguiadepamplona.com\\\/actualidad\\\/adjudicadas-las-obras-para-renovar-la-cubierta-de-la-pista-polideportiva-central-de-los-colegios-publicos-el-lago-y-mendigoiti-que-podrian-comenzar-el-proximo-mes-de-junio\\\/#breadcrumb\",\"itemListElement\":[{\"@type\":\"ListItem\",\"position\":1,\"name\":\"Portada\",\"item\":\"https:\\\/\\\/www.laguiadepamplona.com\\\/actualidad\\\/\"},{\"@type\":\"ListItem\",\"position\":2,\"name\":\"Adjudicadas las obras para renovar la cubierta de la pista polideportiva central de los colegios p\u00fablicos El Lago y Mendigoiti, que podr\u00edan comenzar el pr\u00f3ximo mes de junio\"}]},{\"@type\":\"WebSite\",\"@id\":\"https:\\\/\\\/www.laguiadepamplona.com\\\/actualidad\\\/#website\",\"url\":\"https:\\\/\\\/www.laguiadepamplona.com\\\/actualidad\\\/\",\"name\":\"La gu\u00eda de Pamplona\",\"description\":\"Noticias de Pamplona\",\"publisher\":{\"@id\":\"https:\\\/\\\/www.laguiadepamplona.com\\\/actualidad\\\/#organization\"},\"potentialAction\":[{\"@type\":\"SearchAction\",\"target\":{\"@type\":\"EntryPoint\",\"urlTemplate\":\"https:\\\/\\\/www.laguiadepamplona.com\\\/actualidad\\\/?s={search_term_string}\"},\"query-input\":{\"@type\":\"PropertyValueSpecification\",\"valueRequired\":true,\"valueName\":\"search_term_string\"}}],\"inLanguage\":\"es\"},{\"@type\":\"Organization\",\"@id\":\"https:\\\/\\\/www.laguiadepamplona.com\\\/actualidad\\\/#organization\",\"name\":\"La Gu\u00eda de Pamplona \\\/ Noticias\",\"url\":\"https:\\\/\\\/www.laguiadepamplona.com\\\/actualidad\\\/\",\"logo\":{\"@type\":\"ImageObject\",\"inLanguage\":\"es\",\"@id\":\"https:\\\/\\\/www.laguiadepamplona.com\\\/actualidad\\\/#\\\/schema\\\/logo\\\/image\\\/\",\"url\":\"https:\\\/\\\/www.laguiadepamplona.com\\\/actualidad\\\/wp-content\\\/uploads\\\/2018\\\/11\\\/logo-laguiadepamplona18-web1.png\",\"contentUrl\":\"https:\\\/\\\/www.laguiadepamplona.com\\\/actualidad\\\/wp-content\\\/uploads\\\/2018\\\/11\\\/logo-laguiadepamplona18-web1.png\",\"width\":600,\"height\":196,\"caption\":\"La Gu\u00eda de Pamplona \\\/ Noticias\"},\"image\":{\"@id\":\"https:\\\/\\\/www.laguiadepamplona.com\\\/actualidad\\\/#\\\/schema\\\/logo\\\/image\\\/\"},\"sameAs\":[\"https:\\\/\\\/www.facebook.com\\\/laguiadepamplonacom-133175176762273\\\/?ref=hl\",\"https:\\\/\\\/x.com\\\/LaGuiadPamplona\",\"https:\\\/\\\/www.instagram.com\\\/la_guia_de_pamplona\\\/\",\"https:\\\/\\\/www.youtube.com\\\/user\\\/laguiadepamplona\"]},{\"@type\":\"Person\",\"@id\":\"https:\\\/\\\/www.laguiadepamplona.com\\\/actualidad\\\/#\\\/schema\\\/person\\\/efe887376f0213d4657c93adc50b1fdb\",\"name\":\"La Gu\u00eda de Pamplona\",\"image\":{\"@type\":\"ImageObject\",\"inLanguage\":\"es\",\"@id\":\"https:\\\/\\\/secure.gravatar.com\\\/avatar\\\/b6992f131dc8d30ab0dff15446e9d346d9dbd95992de0fef795073f5ea83a81c?s=96&d=mm&r=g\",\"url\":\"https:\\\/\\\/secure.gravatar.com\\\/avatar\\\/b6992f131dc8d30ab0dff15446e9d346d9dbd95992de0fef795073f5ea83a81c?s=96&d=mm&r=g\",\"contentUrl\":\"https:\\\/\\\/secure.gravatar.com\\\/avatar\\\/b6992f131dc8d30ab0dff15446e9d346d9dbd95992de0fef795073f5ea83a81c?s=96&d=mm&r=g\",\"caption\":\"La Gu\u00eda de Pamplona\"}}]}<\/script>\n<!-- \/ Yoast SEO plugin. -->","yoast_head_json":{"title":"Adjudicadas las obras para renovar la cubierta de la pista polideportiva central de los colegios p\u00fablicos El Lago y Mendigoiti, que podr\u00edan comenzar el pr\u00f3ximo mes de junio","description":"Los trabajos cuentan con un presupuesto de 298.505,78 euros y un plazo de ejecuci\u00f3n de 16 semanas","robots":{"index":"index","follow":"follow","max-snippet":"max-snippet:-1","max-image-preview":"max-image-preview:large","max-video-preview":"max-video-preview:-1"},"canonical":"https:\/\/www.laguiadepamplona.com\/actualidad\/adjudicadas-las-obras-para-renovar-la-cubierta-de-la-pista-polideportiva-central-de-los-colegios-publicos-el-lago-y-mendigoiti-que-podrian-comenzar-el-proximo-mes-de-junio\/","og_locale":"es_ES","og_type":"article","og_title":"Adjudicadas las obras para renovar la cubierta de la pista polideportiva central de los colegios p\u00fablicos El Lago y Mendigoiti, que podr\u00edan comenzar el pr\u00f3ximo mes de junio","og_description":"Los trabajos cuentan con un presupuesto de 298.505,78 euros y un plazo de ejecuci\u00f3n de 16 semanas","og_url":"https:\/\/www.laguiadepamplona.com\/actualidad\/adjudicadas-las-obras-para-renovar-la-cubierta-de-la-pista-polideportiva-central-de-los-colegios-publicos-el-lago-y-mendigoiti-que-podrian-comenzar-el-proximo-mes-de-junio\/","og_site_name":"La Gu\u00eda de Pamplona","article_publisher":"https:\/\/www.facebook.com\/laguiadepamplonacom-133175176762273\/?ref=hl","article_published_time":"2022-05-24T12:06:33+00:00","article_modified_time":"2023-04-11T09:48:09+00:00","og_image":[{"width":1280,"height":1067,"url":"https:\/\/www.laguiadepamplona.com\/actualidad\/wp-content\/uploads\/2022\/05\/22.01.25_proyecto_renaturalizacion_patio_mendigoiti_ellago-copia.webp","type":"image\/webp"}],"author":"La Gu\u00eda de Pamplona","twitter_card":"summary_large_image","twitter_creator":"@LaGuiadPamplona","twitter_site":"@LaGuiadPamplona","twitter_misc":{"Escrito por":"La Gu\u00eda de Pamplona","Tiempo de lectura":"3 minutos"},"schema":{"@context":"https:\/\/schema.org","@graph":[{"@type":"Article","@id":"https:\/\/www.laguiadepamplona.com\/actualidad\/adjudicadas-las-obras-para-renovar-la-cubierta-de-la-pista-polideportiva-central-de-los-colegios-publicos-el-lago-y-mendigoiti-que-podrian-comenzar-el-proximo-mes-de-junio\/#article","isPartOf":{"@id":"https:\/\/www.laguiadepamplona.com\/actualidad\/adjudicadas-las-obras-para-renovar-la-cubierta-de-la-pista-polideportiva-central-de-los-colegios-publicos-el-lago-y-mendigoiti-que-podrian-comenzar-el-proximo-mes-de-junio\/"},"author":{"name":"La Gu\u00eda de Pamplona","@id":"https:\/\/www.laguiadepamplona.com\/actualidad\/#\/schema\/person\/efe887376f0213d4657c93adc50b1fdb"},"headline":"Adjudicadas las obras para renovar la cubierta de la pista polideportiva central de los colegios p\u00fablicos El Lago y Mendigoiti, que podr\u00edan comenzar el pr\u00f3ximo mes de junio","datePublished":"2022-05-24T12:06:33+00:00","dateModified":"2023-04-11T09:48:09+00:00","mainEntityOfPage":{"@id":"https:\/\/www.laguiadepamplona.com\/actualidad\/adjudicadas-las-obras-para-renovar-la-cubierta-de-la-pista-polideportiva-central-de-los-colegios-publicos-el-lago-y-mendigoiti-que-podrian-comenzar-el-proximo-mes-de-junio\/"},"wordCount":568,"commentCount":0,"publisher":{"@id":"https:\/\/www.laguiadepamplona.com\/actualidad\/#organization"},"image":{"@id":"https:\/\/www.laguiadepamplona.com\/actualidad\/adjudicadas-las-obras-para-renovar-la-cubierta-de-la-pista-polideportiva-central-de-los-colegios-publicos-el-lago-y-mendigoiti-que-podrian-comenzar-el-proximo-mes-de-junio\/#primaryimage"},"thumbnailUrl":"https:\/\/www.laguiadepamplona.com\/actualidad\/wp-content\/uploads\/2022\/05\/22.01.25_proyecto_renaturalizacion_patio_mendigoiti_ellago-copia.webp","articleSection":["Ayto Pamplona"],"inLanguage":"es","potentialAction":[{"@type":"CommentAction","name":"Comment","target":["https:\/\/www.laguiadepamplona.com\/actualidad\/adjudicadas-las-obras-para-renovar-la-cubierta-de-la-pista-polideportiva-central-de-los-colegios-publicos-el-lago-y-mendigoiti-que-podrian-comenzar-el-proximo-mes-de-junio\/#respond"]}]},{"@type":"WebPage","@id":"https:\/\/www.laguiadepamplona.com\/actualidad\/adjudicadas-las-obras-para-renovar-la-cubierta-de-la-pista-polideportiva-central-de-los-colegios-publicos-el-lago-y-mendigoiti-que-podrian-comenzar-el-proximo-mes-de-junio\/","url":"https:\/\/www.laguiadepamplona.com\/actualidad\/adjudicadas-las-obras-para-renovar-la-cubierta-de-la-pista-polideportiva-central-de-los-colegios-publicos-el-lago-y-mendigoiti-que-podrian-comenzar-el-proximo-mes-de-junio\/","name":"Adjudicadas las obras para renovar la cubierta de la pista polideportiva central de los colegios p\u00fablicos El Lago y Mendigoiti, que podr\u00edan comenzar el pr\u00f3ximo mes de junio","isPartOf":{"@id":"https:\/\/www.laguiadepamplona.com\/actualidad\/#website"},"primaryImageOfPage":{"@id":"https:\/\/www.laguiadepamplona.com\/actualidad\/adjudicadas-las-obras-para-renovar-la-cubierta-de-la-pista-polideportiva-central-de-los-colegios-publicos-el-lago-y-mendigoiti-que-podrian-comenzar-el-proximo-mes-de-junio\/#primaryimage"},"image":{"@id":"https:\/\/www.laguiadepamplona.com\/actualidad\/adjudicadas-las-obras-para-renovar-la-cubierta-de-la-pista-polideportiva-central-de-los-colegios-publicos-el-lago-y-mendigoiti-que-podrian-comenzar-el-proximo-mes-de-junio\/#primaryimage"},"thumbnailUrl":"https:\/\/www.laguiadepamplona.com\/actualidad\/wp-content\/uploads\/2022\/05\/22.01.25_proyecto_renaturalizacion_patio_mendigoiti_ellago-copia.webp","datePublished":"2022-05-24T12:06:33+00:00","dateModified":"2023-04-11T09:48:09+00:00","description":"Los trabajos cuentan con un presupuesto de 298.505,78 euros y un plazo de ejecuci\u00f3n de 16 semanas","breadcrumb":{"@id":"https:\/\/www.laguiadepamplona.com\/actualidad\/adjudicadas-las-obras-para-renovar-la-cubierta-de-la-pista-polideportiva-central-de-los-colegios-publicos-el-lago-y-mendigoiti-que-podrian-comenzar-el-proximo-mes-de-junio\/#breadcrumb"},"inLanguage":"es","potentialAction":[{"@type":"ReadAction","target":["https:\/\/www.laguiadepamplona.com\/actualidad\/adjudicadas-las-obras-para-renovar-la-cubierta-de-la-pista-polideportiva-central-de-los-colegios-publicos-el-lago-y-mendigoiti-que-podrian-comenzar-el-proximo-mes-de-junio\/"]}]},{"@type":"ImageObject","inLanguage":"es","@id":"https:\/\/www.laguiadepamplona.com\/actualidad\/adjudicadas-las-obras-para-renovar-la-cubierta-de-la-pista-polideportiva-central-de-los-colegios-publicos-el-lago-y-mendigoiti-que-podrian-comenzar-el-proximo-mes-de-junio\/#primaryimage","url":"https:\/\/www.laguiadepamplona.com\/actualidad\/wp-content\/uploads\/2022\/05\/22.01.25_proyecto_renaturalizacion_patio_mendigoiti_ellago-copia.webp","contentUrl":"https:\/\/www.laguiadepamplona.com\/actualidad\/wp-content\/uploads\/2022\/05\/22.01.25_proyecto_renaturalizacion_patio_mendigoiti_ellago-copia.webp","width":1280,"height":1067},{"@type":"BreadcrumbList","@id":"https:\/\/www.laguiadepamplona.com\/actualidad\/adjudicadas-las-obras-para-renovar-la-cubierta-de-la-pista-polideportiva-central-de-los-colegios-publicos-el-lago-y-mendigoiti-que-podrian-comenzar-el-proximo-mes-de-junio\/#breadcrumb","itemListElement":[{"@type":"ListItem","position":1,"name":"Portada","item":"https:\/\/www.laguiadepamplona.com\/actualidad\/"},{"@type":"ListItem","position":2,"name":"Adjudicadas las obras para renovar la cubierta de la pista polideportiva central de los colegios p\u00fablicos El Lago y Mendigoiti, que podr\u00edan comenzar el pr\u00f3ximo mes de junio"}]},{"@type":"WebSite","@id":"https:\/\/www.laguiadepamplona.com\/actualidad\/#website","url":"https:\/\/www.laguiadepamplona.com\/actualidad\/","name":"La gu\u00eda de Pamplona","description":"Noticias de Pamplona","publisher":{"@id":"https:\/\/www.laguiadepamplona.com\/actualidad\/#organization"},"potentialAction":[{"@type":"SearchAction","target":{"@type":"EntryPoint","urlTemplate":"https:\/\/www.laguiadepamplona.com\/actualidad\/?s={search_term_string}"},"query-input":{"@type":"PropertyValueSpecification","valueRequired":true,"valueName":"search_term_string"}}],"inLanguage":"es"},{"@type":"Organization","@id":"https:\/\/www.laguiadepamplona.com\/actualidad\/#organization","name":"La Gu\u00eda de Pamplona \/ Noticias","url":"https:\/\/www.laguiadepamplona.com\/actualidad\/","logo":{"@type":"ImageObject","inLanguage":"es","@id":"https:\/\/www.laguiadepamplona.com\/actualidad\/#\/schema\/logo\/image\/","url":"https:\/\/www.laguiadepamplona.com\/actualidad\/wp-content\/uploads\/2018\/11\/logo-laguiadepamplona18-web1.png","contentUrl":"https:\/\/www.laguiadepamplona.com\/actualidad\/wp-content\/uploads\/2018\/11\/logo-laguiadepamplona18-web1.png","width":600,"height":196,"caption":"La Gu\u00eda de Pamplona \/ Noticias"},"image":{"@id":"https:\/\/www.laguiadepamplona.com\/actualidad\/#\/schema\/logo\/image\/"},"sameAs":["https:\/\/www.facebook.com\/laguiadepamplonacom-133175176762273\/?ref=hl","https:\/\/x.com\/LaGuiadPamplona","https:\/\/www.instagram.com\/la_guia_de_pamplona\/","https:\/\/www.youtube.com\/user\/laguiadepamplona"]},{"@type":"Person","@id":"https:\/\/www.laguiadepamplona.com\/actualidad\/#\/schema\/person\/efe887376f0213d4657c93adc50b1fdb","name":"La Gu\u00eda de Pamplona","image":{"@type":"ImageObject","inLanguage":"es","@id":"https:\/\/secure.gravatar.com\/avatar\/b6992f131dc8d30ab0dff15446e9d346d9dbd95992de0fef795073f5ea83a81c?s=96&d=mm&r=g","url":"https:\/\/secure.gravatar.com\/avatar\/b6992f131dc8d30ab0dff15446e9d346d9dbd95992de0fef795073f5ea83a81c?s=96&d=mm&r=g","contentUrl":"https:\/\/secure.gravatar.com\/avatar\/b6992f131dc8d30ab0dff15446e9d346d9dbd95992de0fef795073f5ea83a81c?s=96&d=mm&r=g","caption":"La Gu\u00eda de Pamplona"}}]}},"post_mailing_queue_ids":[],"_links":{"self":[{"href":"https:\/\/www.laguiadepamplona.com\/actualidad\/wp-json\/wp\/v2\/posts\/40453","targetHints":{"allow":["GET"]}}],"collection":[{"href":"https:\/\/www.laguiadepamplona.com\/actualidad\/wp-json\/wp\/v2\/posts"}],"about":[{"href":"https:\/\/www.laguiadepamplona.com\/actualidad\/wp-json\/wp\/v2\/types\/post"}],"author":[{"embeddable":true,"href":"https:\/\/www.laguiadepamplona.com\/actualidad\/wp-json\/wp\/v2\/users\/1"}],"replies":[{"embeddable":true,"href":"https:\/\/www.laguiadepamplona.com\/actualidad\/wp-json\/wp\/v2\/comments?post=40453"}],"version-history":[{"count":0,"href":"https:\/\/www.laguiadepamplona.com\/actualidad\/wp-json\/wp\/v2\/posts\/40453\/revisions"}],"wp:featuredmedia":[{"embeddable":true,"href":"https:\/\/www.laguiadepamplona.com\/actualidad\/wp-json\/wp\/v2\/media\/40454"}],"wp:attachment":[{"href":"https:\/\/www.laguiadepamplona.com\/actualidad\/wp-json\/wp\/v2\/media?parent=40453"}],"wp:term":[{"taxonomy":"category","embeddable":true,"href":"https:\/\/www.laguiadepamplona.com\/actualidad\/wp-json\/wp\/v2\/categories?post=40453"},{"taxonomy":"post_tag","embeddable":true,"href":"https:\/\/www.laguiadepamplona.com\/actualidad\/wp-json\/wp\/v2\/tags?post=40453"}],"curies":[{"name":"wp","href":"https:\/\/api.w.org\/{rel}","templated":true}]}}