{"id":40448,"date":"2022-05-24T13:58:41","date_gmt":"2022-05-24T11:58:41","guid":{"rendered":"https:\/\/www.laguiadepamplona.com\/actualidad\/?p=40448"},"modified":"2023-04-11T11:48:09","modified_gmt":"2023-04-11T09:48:09","slug":"el-alcalde-recibe-a-representantes-del-proyecto-europeo-open-lab-que-en-pamplona-generara-un-centro-de-microenergia-activa-en-rochapea","status":"publish","type":"post","link":"https:\/\/www.laguiadepamplona.com\/actualidad\/el-alcalde-recibe-a-representantes-del-proyecto-europeo-open-lab-que-en-pamplona-generara-un-centro-de-microenergia-activa-en-rochapea\/","title":{"rendered":"El alcalde recibe a representantes del proyecto europeo oPEN Lab que en Pamplona generar\u00e1 un centro de microenerg\u00eda activa en Rochapea"},"content":{"rendered":"<h5>Coordinadores de este proyecto en el que tambi\u00e9n trabajan Genk (B\u00e9lgica) y Tartu (Estonia) se est\u00e1n reuniendo estos d\u00edas con los socios locales<\/h5>\n<p><!--more--><\/p>\n<p>El alcalde de Pamplona, Enrique Maya, se ha reunido esta ma\u00f1ana con Maarten De Groote y Paulina Rodr\u00edguez, investigadores del centro tecnol\u00f3gico belga VITO, socio coordinador del proyecto oPEN Lab del programa I+D+i H2020\u2019, financiado por la UE. Pamplona. En el encuentro ha estado tambi\u00e9n el responsable de la Oficina Estrat\u00e9gica municipal, Jose Ferm\u00edn Costero, y Rufino Hern\u00e1ndez, profesor investigador y catedr\u00e1tico del Departamento de Arquitectura de la UPV\/EHU y socio fundador de Alonso Hern\u00e1ndez &amp; Asociados Arquitectura S.L. (AH).<br \/>\n<script async src=\"\/\/pagead2.googlesyndication.com\/pagead\/js\/adsbygoogle.js\"><\/script><br \/>\n<!-- Noticias La Guia de Pamplona --><br \/>\n<ins class=\"adsbygoogle\"\nstyle=\"display:block\"\ndata-ad-client=\"ca-pub-6943679897239327\"\ndata-ad-slot=\"7048180777\"\ndata-ad-format=\"auto\"><\/ins><br \/>\n<script>\n(adsbygoogle = window.adsbygoogle || []).push({});\n<\/script><br \/>\nEl proyecto oPEN Lab, en el que se encuentra integrada Pamplona, pretende identificar paquetes de soluciones replicables y comercialmente viables en relaci\u00f3n a la obtenci\u00f3n y reparto de energ\u00eda limpias. Busca conseguir barrios energ\u00e9ticamente positivos dentro de los contextos urbanos que se integran en el sistema energ\u00e9tico local. De este modo, se crear\u00e1 un centro de microenerg\u00eda activa. Este proyecto, que comenz\u00f3 su ejecuci\u00f3n en octubre de 2021, pretende probar estas tecnolog\u00edas y paquetes como soluci\u00f3n integrada a escala de barrio, partiendo de una colaboraci\u00f3n p\u00fablico-privada. El Consistorio ha elegido Rochapea como espacio piloto mediante la implicaci\u00f3n en el proyecto de las casas municipales de San Pedro y del edificio IWER. Dentro del programa se har\u00e1n trabajos similares en las ciudades de Genk (B\u00e9lgica) y Tartu (Estonia).<\/p>\n<p>La visita institucional se enmarca en un contexto de reuniones de trabajo sobre el proyecto porque esta ma\u00f1ana De Groote y Rodr\u00edguez se han reunido, de 9 a 11 horas, con los t\u00e9cnicos municipales del la Oficina Estrat\u00e9gica del Ayuntamiento de Pamplona. Desde ayer y hasta ma\u00f1ana est\u00e1 habiendo encuentros, tanto individuales como conjuntos, con los socios de oPEN Lab: Ayuntamiento de Pamplona, AH Asociados, el Centro Nacional de Energ\u00edas Renovables (CENER), Obras Especiales Edificaci\u00f3n e Infraestructuras (OBENASA) y la Universidad del Pa\u00eds Vasco (UPV). Estas sesiones buscan revisar el desarrollo actual del proyecto, los desaf\u00edos y retos con los que se est\u00e1 encontrando y los pasos que se acometer\u00e1n en 2022.<br \/>\n<script async src=\"\/\/pagead2.googlesyndication.com\/pagead\/js\/adsbygoogle.js\"><\/script><br \/>\n<!-- Noticias La Guia de Pamplona --><br \/>\n<ins class=\"adsbygoogle\"\nstyle=\"display:block\"\ndata-ad-client=\"ca-pub-6943679897239327\"\ndata-ad-slot=\"7048180777\"\ndata-ad-format=\"auto\"><\/ins><br \/>\n<script>\n(adsbygoogle = window.adsbygoogle || []).push({});\n<\/script><br \/>\nEsta tarde, de 16 a 18 horas, est\u00e1 prevista una visita a los edificios de IWER y a la zona de San Pedro. Los edificios del Grupo San Pedro que participan en el proyecto se conectar\u00e1n f\u00edsica o virtualmente con el complejo de IWER para constituir el germen del Distrito Positivo de Energ\u00eda Verde, posibilitando los intercambios energ\u00e9ticos y el balance de la red, integrando en un primer momento en IWER una planta energ\u00e9tica de 900 kWp.<\/p>\n","protected":false},"excerpt":{"rendered":"<p>Coordinadores de este proyecto en el que tambi\u00e9n trabajan Genk (B\u00e9lgica) y Tartu (Estonia) se est\u00e1n reuniendo estos d\u00edas con los socios locales<\/p>\n","protected":false},"author":1,"featured_media":40449,"comment_status":"open","ping_status":"closed","sticky":false,"template":"","format":"standard","meta":{"footnotes":""},"categories":[2],"tags":[],"class_list":["post-40448","post","type-post","status-publish","format-standard","has-post-thumbnail","hentry","category-ayuntamiento-pamplona"],"yoast_head":"<!-- This site is optimized with the Yoast SEO plugin v27.3 - https:\/\/yoast.com\/product\/yoast-seo-wordpress\/ -->\n<title>El alcalde recibe a representantes del proyecto europeo oPEN Lab que en Pamplona generar\u00e1 un centro de microenerg\u00eda activa en Rochapea<\/title>\n<meta name=\"description\" content=\"Coordinadores de este proyecto en el que tambi\u00e9n trabajan Genk (B\u00e9lgica) y Tartu (Estonia) se est\u00e1n reuniendo estos d\u00edas con los socios locales\" \/>\n<meta name=\"robots\" content=\"index, follow, max-snippet:-1, max-image-preview:large, max-video-preview:-1\" \/>\n<link rel=\"canonical\" href=\"https:\/\/www.laguiadepamplona.com\/actualidad\/el-alcalde-recibe-a-representantes-del-proyecto-europeo-open-lab-que-en-pamplona-generara-un-centro-de-microenergia-activa-en-rochapea\/\" \/>\n<meta property=\"og:locale\" content=\"es_ES\" \/>\n<meta property=\"og:type\" content=\"article\" \/>\n<meta property=\"og:title\" content=\"El alcalde recibe a representantes del proyecto europeo oPEN Lab que en Pamplona generar\u00e1 un centro de microenerg\u00eda activa en Rochapea\" \/>\n<meta property=\"og:description\" content=\"Coordinadores de este proyecto en el que tambi\u00e9n trabajan Genk (B\u00e9lgica) y Tartu (Estonia) se est\u00e1n reuniendo estos d\u00edas con los socios locales\" \/>\n<meta property=\"og:url\" content=\"https:\/\/www.laguiadepamplona.com\/actualidad\/el-alcalde-recibe-a-representantes-del-proyecto-europeo-open-lab-que-en-pamplona-generara-un-centro-de-microenergia-activa-en-rochapea\/\" \/>\n<meta property=\"og:site_name\" content=\"La Gu\u00eda de Pamplona\" \/>\n<meta property=\"article:publisher\" content=\"https:\/\/www.facebook.com\/laguiadepamplonacom-133175176762273\/?ref=hl\" \/>\n<meta property=\"article:published_time\" content=\"2022-05-24T11:58:41+00:00\" \/>\n<meta property=\"article:modified_time\" content=\"2023-04-11T09:48:09+00:00\" \/>\n<meta property=\"og:image\" content=\"https:\/\/www.laguiadepamplona.com\/actualidad\/wp-content\/uploads\/2022\/05\/alcalde-recibe-open-lab.webp\" \/>\n\t<meta property=\"og:image:width\" content=\"1920\" \/>\n\t<meta property=\"og:image:height\" content=\"1281\" \/>\n\t<meta property=\"og:image:type\" content=\"image\/webp\" \/>\n<meta name=\"author\" content=\"La Gu\u00eda de Pamplona\" \/>\n<meta name=\"twitter:card\" content=\"summary_large_image\" \/>\n<meta name=\"twitter:creator\" content=\"@LaGuiadPamplona\" \/>\n<meta name=\"twitter:site\" content=\"@LaGuiadPamplona\" \/>\n<meta name=\"twitter:label1\" content=\"Escrito por\" \/>\n\t<meta name=\"twitter:data1\" content=\"La Gu\u00eda de Pamplona\" \/>\n\t<meta name=\"twitter:label2\" content=\"Tiempo de lectura\" \/>\n\t<meta name=\"twitter:data2\" content=\"2 minutos\" \/>\n<script type=\"application\/ld+json\" class=\"yoast-schema-graph\">{\"@context\":\"https:\\\/\\\/schema.org\",\"@graph\":[{\"@type\":\"Article\",\"@id\":\"https:\\\/\\\/www.laguiadepamplona.com\\\/actualidad\\\/el-alcalde-recibe-a-representantes-del-proyecto-europeo-open-lab-que-en-pamplona-generara-un-centro-de-microenergia-activa-en-rochapea\\\/#article\",\"isPartOf\":{\"@id\":\"https:\\\/\\\/www.laguiadepamplona.com\\\/actualidad\\\/el-alcalde-recibe-a-representantes-del-proyecto-europeo-open-lab-que-en-pamplona-generara-un-centro-de-microenergia-activa-en-rochapea\\\/\"},\"author\":{\"name\":\"La Gu\u00eda de Pamplona\",\"@id\":\"https:\\\/\\\/www.laguiadepamplona.com\\\/actualidad\\\/#\\\/schema\\\/person\\\/efe887376f0213d4657c93adc50b1fdb\"},\"headline\":\"El alcalde recibe a representantes del proyecto europeo oPEN Lab que en Pamplona generar\u00e1 un centro de microenerg\u00eda activa en Rochapea\",\"datePublished\":\"2022-05-24T11:58:41+00:00\",\"dateModified\":\"2023-04-11T09:48:09+00:00\",\"mainEntityOfPage\":{\"@id\":\"https:\\\/\\\/www.laguiadepamplona.com\\\/actualidad\\\/el-alcalde-recibe-a-representantes-del-proyecto-europeo-open-lab-que-en-pamplona-generara-un-centro-de-microenergia-activa-en-rochapea\\\/\"},\"wordCount\":480,\"commentCount\":0,\"publisher\":{\"@id\":\"https:\\\/\\\/www.laguiadepamplona.com\\\/actualidad\\\/#organization\"},\"image\":{\"@id\":\"https:\\\/\\\/www.laguiadepamplona.com\\\/actualidad\\\/el-alcalde-recibe-a-representantes-del-proyecto-europeo-open-lab-que-en-pamplona-generara-un-centro-de-microenergia-activa-en-rochapea\\\/#primaryimage\"},\"thumbnailUrl\":\"https:\\\/\\\/www.laguiadepamplona.com\\\/actualidad\\\/wp-content\\\/uploads\\\/2022\\\/05\\\/alcalde-recibe-open-lab.webp\",\"articleSection\":[\"Ayto Pamplona\"],\"inLanguage\":\"es\",\"potentialAction\":[{\"@type\":\"CommentAction\",\"name\":\"Comment\",\"target\":[\"https:\\\/\\\/www.laguiadepamplona.com\\\/actualidad\\\/el-alcalde-recibe-a-representantes-del-proyecto-europeo-open-lab-que-en-pamplona-generara-un-centro-de-microenergia-activa-en-rochapea\\\/#respond\"]}]},{\"@type\":\"WebPage\",\"@id\":\"https:\\\/\\\/www.laguiadepamplona.com\\\/actualidad\\\/el-alcalde-recibe-a-representantes-del-proyecto-europeo-open-lab-que-en-pamplona-generara-un-centro-de-microenergia-activa-en-rochapea\\\/\",\"url\":\"https:\\\/\\\/www.laguiadepamplona.com\\\/actualidad\\\/el-alcalde-recibe-a-representantes-del-proyecto-europeo-open-lab-que-en-pamplona-generara-un-centro-de-microenergia-activa-en-rochapea\\\/\",\"name\":\"El alcalde recibe a representantes del proyecto europeo oPEN Lab que en Pamplona generar\u00e1 un centro de microenerg\u00eda activa en Rochapea\",\"isPartOf\":{\"@id\":\"https:\\\/\\\/www.laguiadepamplona.com\\\/actualidad\\\/#website\"},\"primaryImageOfPage\":{\"@id\":\"https:\\\/\\\/www.laguiadepamplona.com\\\/actualidad\\\/el-alcalde-recibe-a-representantes-del-proyecto-europeo-open-lab-que-en-pamplona-generara-un-centro-de-microenergia-activa-en-rochapea\\\/#primaryimage\"},\"image\":{\"@id\":\"https:\\\/\\\/www.laguiadepamplona.com\\\/actualidad\\\/el-alcalde-recibe-a-representantes-del-proyecto-europeo-open-lab-que-en-pamplona-generara-un-centro-de-microenergia-activa-en-rochapea\\\/#primaryimage\"},\"thumbnailUrl\":\"https:\\\/\\\/www.laguiadepamplona.com\\\/actualidad\\\/wp-content\\\/uploads\\\/2022\\\/05\\\/alcalde-recibe-open-lab.webp\",\"datePublished\":\"2022-05-24T11:58:41+00:00\",\"dateModified\":\"2023-04-11T09:48:09+00:00\",\"description\":\"Coordinadores de este proyecto en el que tambi\u00e9n trabajan Genk (B\u00e9lgica) y Tartu (Estonia) se est\u00e1n reuniendo estos d\u00edas con los socios locales\",\"breadcrumb\":{\"@id\":\"https:\\\/\\\/www.laguiadepamplona.com\\\/actualidad\\\/el-alcalde-recibe-a-representantes-del-proyecto-europeo-open-lab-que-en-pamplona-generara-un-centro-de-microenergia-activa-en-rochapea\\\/#breadcrumb\"},\"inLanguage\":\"es\",\"potentialAction\":[{\"@type\":\"ReadAction\",\"target\":[\"https:\\\/\\\/www.laguiadepamplona.com\\\/actualidad\\\/el-alcalde-recibe-a-representantes-del-proyecto-europeo-open-lab-que-en-pamplona-generara-un-centro-de-microenergia-activa-en-rochapea\\\/\"]}]},{\"@type\":\"ImageObject\",\"inLanguage\":\"es\",\"@id\":\"https:\\\/\\\/www.laguiadepamplona.com\\\/actualidad\\\/el-alcalde-recibe-a-representantes-del-proyecto-europeo-open-lab-que-en-pamplona-generara-un-centro-de-microenergia-activa-en-rochapea\\\/#primaryimage\",\"url\":\"https:\\\/\\\/www.laguiadepamplona.com\\\/actualidad\\\/wp-content\\\/uploads\\\/2022\\\/05\\\/alcalde-recibe-open-lab.webp\",\"contentUrl\":\"https:\\\/\\\/www.laguiadepamplona.com\\\/actualidad\\\/wp-content\\\/uploads\\\/2022\\\/05\\\/alcalde-recibe-open-lab.webp\",\"width\":1920,\"height\":1281},{\"@type\":\"BreadcrumbList\",\"@id\":\"https:\\\/\\\/www.laguiadepamplona.com\\\/actualidad\\\/el-alcalde-recibe-a-representantes-del-proyecto-europeo-open-lab-que-en-pamplona-generara-un-centro-de-microenergia-activa-en-rochapea\\\/#breadcrumb\",\"itemListElement\":[{\"@type\":\"ListItem\",\"position\":1,\"name\":\"Portada\",\"item\":\"https:\\\/\\\/www.laguiadepamplona.com\\\/actualidad\\\/\"},{\"@type\":\"ListItem\",\"position\":2,\"name\":\"El alcalde recibe a representantes del proyecto europeo oPEN Lab que en Pamplona generar\u00e1 un centro de microenerg\u00eda activa en Rochapea\"}]},{\"@type\":\"WebSite\",\"@id\":\"https:\\\/\\\/www.laguiadepamplona.com\\\/actualidad\\\/#website\",\"url\":\"https:\\\/\\\/www.laguiadepamplona.com\\\/actualidad\\\/\",\"name\":\"La gu\u00eda de Pamplona\",\"description\":\"Noticias de Pamplona\",\"publisher\":{\"@id\":\"https:\\\/\\\/www.laguiadepamplona.com\\\/actualidad\\\/#organization\"},\"potentialAction\":[{\"@type\":\"SearchAction\",\"target\":{\"@type\":\"EntryPoint\",\"urlTemplate\":\"https:\\\/\\\/www.laguiadepamplona.com\\\/actualidad\\\/?s={search_term_string}\"},\"query-input\":{\"@type\":\"PropertyValueSpecification\",\"valueRequired\":true,\"valueName\":\"search_term_string\"}}],\"inLanguage\":\"es\"},{\"@type\":\"Organization\",\"@id\":\"https:\\\/\\\/www.laguiadepamplona.com\\\/actualidad\\\/#organization\",\"name\":\"La Gu\u00eda de Pamplona \\\/ Noticias\",\"url\":\"https:\\\/\\\/www.laguiadepamplona.com\\\/actualidad\\\/\",\"logo\":{\"@type\":\"ImageObject\",\"inLanguage\":\"es\",\"@id\":\"https:\\\/\\\/www.laguiadepamplona.com\\\/actualidad\\\/#\\\/schema\\\/logo\\\/image\\\/\",\"url\":\"https:\\\/\\\/www.laguiadepamplona.com\\\/actualidad\\\/wp-content\\\/uploads\\\/2018\\\/11\\\/logo-laguiadepamplona18-web1.png\",\"contentUrl\":\"https:\\\/\\\/www.laguiadepamplona.com\\\/actualidad\\\/wp-content\\\/uploads\\\/2018\\\/11\\\/logo-laguiadepamplona18-web1.png\",\"width\":600,\"height\":196,\"caption\":\"La Gu\u00eda de Pamplona \\\/ Noticias\"},\"image\":{\"@id\":\"https:\\\/\\\/www.laguiadepamplona.com\\\/actualidad\\\/#\\\/schema\\\/logo\\\/image\\\/\"},\"sameAs\":[\"https:\\\/\\\/www.facebook.com\\\/laguiadepamplonacom-133175176762273\\\/?ref=hl\",\"https:\\\/\\\/x.com\\\/LaGuiadPamplona\",\"https:\\\/\\\/www.instagram.com\\\/la_guia_de_pamplona\\\/\",\"https:\\\/\\\/www.youtube.com\\\/user\\\/laguiadepamplona\"]},{\"@type\":\"Person\",\"@id\":\"https:\\\/\\\/www.laguiadepamplona.com\\\/actualidad\\\/#\\\/schema\\\/person\\\/efe887376f0213d4657c93adc50b1fdb\",\"name\":\"La Gu\u00eda de Pamplona\",\"image\":{\"@type\":\"ImageObject\",\"inLanguage\":\"es\",\"@id\":\"https:\\\/\\\/secure.gravatar.com\\\/avatar\\\/b6992f131dc8d30ab0dff15446e9d346d9dbd95992de0fef795073f5ea83a81c?s=96&d=mm&r=g\",\"url\":\"https:\\\/\\\/secure.gravatar.com\\\/avatar\\\/b6992f131dc8d30ab0dff15446e9d346d9dbd95992de0fef795073f5ea83a81c?s=96&d=mm&r=g\",\"contentUrl\":\"https:\\\/\\\/secure.gravatar.com\\\/avatar\\\/b6992f131dc8d30ab0dff15446e9d346d9dbd95992de0fef795073f5ea83a81c?s=96&d=mm&r=g\",\"caption\":\"La Gu\u00eda de Pamplona\"}}]}<\/script>\n<!-- \/ Yoast SEO plugin. -->","yoast_head_json":{"title":"El alcalde recibe a representantes del proyecto europeo oPEN Lab que en Pamplona generar\u00e1 un centro de microenerg\u00eda activa en Rochapea","description":"Coordinadores de este proyecto en el que tambi\u00e9n trabajan Genk (B\u00e9lgica) y Tartu (Estonia) se est\u00e1n reuniendo estos d\u00edas con los socios locales","robots":{"index":"index","follow":"follow","max-snippet":"max-snippet:-1","max-image-preview":"max-image-preview:large","max-video-preview":"max-video-preview:-1"},"canonical":"https:\/\/www.laguiadepamplona.com\/actualidad\/el-alcalde-recibe-a-representantes-del-proyecto-europeo-open-lab-que-en-pamplona-generara-un-centro-de-microenergia-activa-en-rochapea\/","og_locale":"es_ES","og_type":"article","og_title":"El alcalde recibe a representantes del proyecto europeo oPEN Lab que en Pamplona generar\u00e1 un centro de microenerg\u00eda activa en Rochapea","og_description":"Coordinadores de este proyecto en el que tambi\u00e9n trabajan Genk (B\u00e9lgica) y Tartu (Estonia) se est\u00e1n reuniendo estos d\u00edas con los socios locales","og_url":"https:\/\/www.laguiadepamplona.com\/actualidad\/el-alcalde-recibe-a-representantes-del-proyecto-europeo-open-lab-que-en-pamplona-generara-un-centro-de-microenergia-activa-en-rochapea\/","og_site_name":"La Gu\u00eda de Pamplona","article_publisher":"https:\/\/www.facebook.com\/laguiadepamplonacom-133175176762273\/?ref=hl","article_published_time":"2022-05-24T11:58:41+00:00","article_modified_time":"2023-04-11T09:48:09+00:00","og_image":[{"width":1920,"height":1281,"url":"https:\/\/www.laguiadepamplona.com\/actualidad\/wp-content\/uploads\/2022\/05\/alcalde-recibe-open-lab.webp","type":"image\/webp"}],"author":"La Gu\u00eda de Pamplona","twitter_card":"summary_large_image","twitter_creator":"@LaGuiadPamplona","twitter_site":"@LaGuiadPamplona","twitter_misc":{"Escrito por":"La Gu\u00eda de Pamplona","Tiempo de lectura":"2 minutos"},"schema":{"@context":"https:\/\/schema.org","@graph":[{"@type":"Article","@id":"https:\/\/www.laguiadepamplona.com\/actualidad\/el-alcalde-recibe-a-representantes-del-proyecto-europeo-open-lab-que-en-pamplona-generara-un-centro-de-microenergia-activa-en-rochapea\/#article","isPartOf":{"@id":"https:\/\/www.laguiadepamplona.com\/actualidad\/el-alcalde-recibe-a-representantes-del-proyecto-europeo-open-lab-que-en-pamplona-generara-un-centro-de-microenergia-activa-en-rochapea\/"},"author":{"name":"La Gu\u00eda de Pamplona","@id":"https:\/\/www.laguiadepamplona.com\/actualidad\/#\/schema\/person\/efe887376f0213d4657c93adc50b1fdb"},"headline":"El alcalde recibe a representantes del proyecto europeo oPEN Lab que en Pamplona generar\u00e1 un centro de microenerg\u00eda activa en Rochapea","datePublished":"2022-05-24T11:58:41+00:00","dateModified":"2023-04-11T09:48:09+00:00","mainEntityOfPage":{"@id":"https:\/\/www.laguiadepamplona.com\/actualidad\/el-alcalde-recibe-a-representantes-del-proyecto-europeo-open-lab-que-en-pamplona-generara-un-centro-de-microenergia-activa-en-rochapea\/"},"wordCount":480,"commentCount":0,"publisher":{"@id":"https:\/\/www.laguiadepamplona.com\/actualidad\/#organization"},"image":{"@id":"https:\/\/www.laguiadepamplona.com\/actualidad\/el-alcalde-recibe-a-representantes-del-proyecto-europeo-open-lab-que-en-pamplona-generara-un-centro-de-microenergia-activa-en-rochapea\/#primaryimage"},"thumbnailUrl":"https:\/\/www.laguiadepamplona.com\/actualidad\/wp-content\/uploads\/2022\/05\/alcalde-recibe-open-lab.webp","articleSection":["Ayto Pamplona"],"inLanguage":"es","potentialAction":[{"@type":"CommentAction","name":"Comment","target":["https:\/\/www.laguiadepamplona.com\/actualidad\/el-alcalde-recibe-a-representantes-del-proyecto-europeo-open-lab-que-en-pamplona-generara-un-centro-de-microenergia-activa-en-rochapea\/#respond"]}]},{"@type":"WebPage","@id":"https:\/\/www.laguiadepamplona.com\/actualidad\/el-alcalde-recibe-a-representantes-del-proyecto-europeo-open-lab-que-en-pamplona-generara-un-centro-de-microenergia-activa-en-rochapea\/","url":"https:\/\/www.laguiadepamplona.com\/actualidad\/el-alcalde-recibe-a-representantes-del-proyecto-europeo-open-lab-que-en-pamplona-generara-un-centro-de-microenergia-activa-en-rochapea\/","name":"El alcalde recibe a representantes del proyecto europeo oPEN Lab que en Pamplona generar\u00e1 un centro de microenerg\u00eda activa en Rochapea","isPartOf":{"@id":"https:\/\/www.laguiadepamplona.com\/actualidad\/#website"},"primaryImageOfPage":{"@id":"https:\/\/www.laguiadepamplona.com\/actualidad\/el-alcalde-recibe-a-representantes-del-proyecto-europeo-open-lab-que-en-pamplona-generara-un-centro-de-microenergia-activa-en-rochapea\/#primaryimage"},"image":{"@id":"https:\/\/www.laguiadepamplona.com\/actualidad\/el-alcalde-recibe-a-representantes-del-proyecto-europeo-open-lab-que-en-pamplona-generara-un-centro-de-microenergia-activa-en-rochapea\/#primaryimage"},"thumbnailUrl":"https:\/\/www.laguiadepamplona.com\/actualidad\/wp-content\/uploads\/2022\/05\/alcalde-recibe-open-lab.webp","datePublished":"2022-05-24T11:58:41+00:00","dateModified":"2023-04-11T09:48:09+00:00","description":"Coordinadores de este proyecto en el que tambi\u00e9n trabajan Genk (B\u00e9lgica) y Tartu (Estonia) se est\u00e1n reuniendo estos d\u00edas con los socios locales","breadcrumb":{"@id":"https:\/\/www.laguiadepamplona.com\/actualidad\/el-alcalde-recibe-a-representantes-del-proyecto-europeo-open-lab-que-en-pamplona-generara-un-centro-de-microenergia-activa-en-rochapea\/#breadcrumb"},"inLanguage":"es","potentialAction":[{"@type":"ReadAction","target":["https:\/\/www.laguiadepamplona.com\/actualidad\/el-alcalde-recibe-a-representantes-del-proyecto-europeo-open-lab-que-en-pamplona-generara-un-centro-de-microenergia-activa-en-rochapea\/"]}]},{"@type":"ImageObject","inLanguage":"es","@id":"https:\/\/www.laguiadepamplona.com\/actualidad\/el-alcalde-recibe-a-representantes-del-proyecto-europeo-open-lab-que-en-pamplona-generara-un-centro-de-microenergia-activa-en-rochapea\/#primaryimage","url":"https:\/\/www.laguiadepamplona.com\/actualidad\/wp-content\/uploads\/2022\/05\/alcalde-recibe-open-lab.webp","contentUrl":"https:\/\/www.laguiadepamplona.com\/actualidad\/wp-content\/uploads\/2022\/05\/alcalde-recibe-open-lab.webp","width":1920,"height":1281},{"@type":"BreadcrumbList","@id":"https:\/\/www.laguiadepamplona.com\/actualidad\/el-alcalde-recibe-a-representantes-del-proyecto-europeo-open-lab-que-en-pamplona-generara-un-centro-de-microenergia-activa-en-rochapea\/#breadcrumb","itemListElement":[{"@type":"ListItem","position":1,"name":"Portada","item":"https:\/\/www.laguiadepamplona.com\/actualidad\/"},{"@type":"ListItem","position":2,"name":"El alcalde recibe a representantes del proyecto europeo oPEN Lab que en Pamplona generar\u00e1 un centro de microenerg\u00eda activa en Rochapea"}]},{"@type":"WebSite","@id":"https:\/\/www.laguiadepamplona.com\/actualidad\/#website","url":"https:\/\/www.laguiadepamplona.com\/actualidad\/","name":"La gu\u00eda de Pamplona","description":"Noticias de Pamplona","publisher":{"@id":"https:\/\/www.laguiadepamplona.com\/actualidad\/#organization"},"potentialAction":[{"@type":"SearchAction","target":{"@type":"EntryPoint","urlTemplate":"https:\/\/www.laguiadepamplona.com\/actualidad\/?s={search_term_string}"},"query-input":{"@type":"PropertyValueSpecification","valueRequired":true,"valueName":"search_term_string"}}],"inLanguage":"es"},{"@type":"Organization","@id":"https:\/\/www.laguiadepamplona.com\/actualidad\/#organization","name":"La Gu\u00eda de Pamplona \/ Noticias","url":"https:\/\/www.laguiadepamplona.com\/actualidad\/","logo":{"@type":"ImageObject","inLanguage":"es","@id":"https:\/\/www.laguiadepamplona.com\/actualidad\/#\/schema\/logo\/image\/","url":"https:\/\/www.laguiadepamplona.com\/actualidad\/wp-content\/uploads\/2018\/11\/logo-laguiadepamplona18-web1.png","contentUrl":"https:\/\/www.laguiadepamplona.com\/actualidad\/wp-content\/uploads\/2018\/11\/logo-laguiadepamplona18-web1.png","width":600,"height":196,"caption":"La Gu\u00eda de Pamplona \/ Noticias"},"image":{"@id":"https:\/\/www.laguiadepamplona.com\/actualidad\/#\/schema\/logo\/image\/"},"sameAs":["https:\/\/www.facebook.com\/laguiadepamplonacom-133175176762273\/?ref=hl","https:\/\/x.com\/LaGuiadPamplona","https:\/\/www.instagram.com\/la_guia_de_pamplona\/","https:\/\/www.youtube.com\/user\/laguiadepamplona"]},{"@type":"Person","@id":"https:\/\/www.laguiadepamplona.com\/actualidad\/#\/schema\/person\/efe887376f0213d4657c93adc50b1fdb","name":"La Gu\u00eda de Pamplona","image":{"@type":"ImageObject","inLanguage":"es","@id":"https:\/\/secure.gravatar.com\/avatar\/b6992f131dc8d30ab0dff15446e9d346d9dbd95992de0fef795073f5ea83a81c?s=96&d=mm&r=g","url":"https:\/\/secure.gravatar.com\/avatar\/b6992f131dc8d30ab0dff15446e9d346d9dbd95992de0fef795073f5ea83a81c?s=96&d=mm&r=g","contentUrl":"https:\/\/secure.gravatar.com\/avatar\/b6992f131dc8d30ab0dff15446e9d346d9dbd95992de0fef795073f5ea83a81c?s=96&d=mm&r=g","caption":"La Gu\u00eda de Pamplona"}}]}},"post_mailing_queue_ids":[],"_links":{"self":[{"href":"https:\/\/www.laguiadepamplona.com\/actualidad\/wp-json\/wp\/v2\/posts\/40448","targetHints":{"allow":["GET"]}}],"collection":[{"href":"https:\/\/www.laguiadepamplona.com\/actualidad\/wp-json\/wp\/v2\/posts"}],"about":[{"href":"https:\/\/www.laguiadepamplona.com\/actualidad\/wp-json\/wp\/v2\/types\/post"}],"author":[{"embeddable":true,"href":"https:\/\/www.laguiadepamplona.com\/actualidad\/wp-json\/wp\/v2\/users\/1"}],"replies":[{"embeddable":true,"href":"https:\/\/www.laguiadepamplona.com\/actualidad\/wp-json\/wp\/v2\/comments?post=40448"}],"version-history":[{"count":0,"href":"https:\/\/www.laguiadepamplona.com\/actualidad\/wp-json\/wp\/v2\/posts\/40448\/revisions"}],"wp:featuredmedia":[{"embeddable":true,"href":"https:\/\/www.laguiadepamplona.com\/actualidad\/wp-json\/wp\/v2\/media\/40449"}],"wp:attachment":[{"href":"https:\/\/www.laguiadepamplona.com\/actualidad\/wp-json\/wp\/v2\/media?parent=40448"}],"wp:term":[{"taxonomy":"category","embeddable":true,"href":"https:\/\/www.laguiadepamplona.com\/actualidad\/wp-json\/wp\/v2\/categories?post=40448"},{"taxonomy":"post_tag","embeddable":true,"href":"https:\/\/www.laguiadepamplona.com\/actualidad\/wp-json\/wp\/v2\/tags?post=40448"}],"curies":[{"name":"wp","href":"https:\/\/api.w.org\/{rel}","templated":true}]}}