{"id":40445,"date":"2022-05-24T12:02:37","date_gmt":"2022-05-24T10:02:37","guid":{"rendered":"https:\/\/www.laguiadepamplona.com\/actualidad\/?p=40445"},"modified":"2023-04-11T11:48:09","modified_gmt":"2023-04-11T09:48:09","slug":"lola-indigo-la-oreja-de-van-gogh-la-m-o-d-a-o-camela-entre-los-artistas-que-amenizaran-las-noches-de-san-fermin-en-la-plaza-de-los-fueros","status":"publish","type":"post","link":"https:\/\/www.laguiadepamplona.com\/actualidad\/lola-indigo-la-oreja-de-van-gogh-la-m-o-d-a-o-camela-entre-los-artistas-que-amenizaran-las-noches-de-san-fermin-en-la-plaza-de-los-fueros\/","title":{"rendered":"Lola \u00cdndigo, La Oreja de Van Gogh, La M.O.D.A. o Camela, entre los artistas que amenizar\u00e1n las noches de San Ferm\u00edn en la Plaza de los Fueros"},"content":{"rendered":"<h5>El Ayuntamiento ha presentado la oferta de conciertos para esta ubicaci\u00f3n y para la Plaza Compa\u00f1\u00eda, que volver\u00e1 a apostar por el jazz y las m\u00fasicas del mundo<\/h5>\n<p><!--more--><\/p>\n<p>Doce propuestas musicales, entre las que se encuentran artistas y formaciones de renombre en el panorama nacional, conformar\u00e1n el programa que el Ayuntamiento de Pamplona ha preparado para las noches de San Ferm\u00edn. Lola \u00cdndigo ser\u00e1 la encargada la noche del d\u00eda 6 de reabrir este escenario tras dos a\u00f1os sin conciertos, que se despedir\u00e1 hasta el pr\u00f3ximo a\u00f1o recibiendo el d\u00eda 13 a \u2018Camela\u2019, en un repaso sonoro por los grandes \u00e9xitos de su trayectoria. Entre las actuaciones, tambi\u00e9n destacan la presencia de la formaci\u00f3n guipuzcoana \u2018La Oreja de Van Gogh\u2019, la noche del d\u00eda 10, la de \u2018Fernandocosta\u00b4, el d\u00eda siguiente, o la de La M.O.D.A. el martes 12. El Ayuntamiento ha presentado tambi\u00e9n la programaci\u00f3n musical para los d\u00edas de San Ferm\u00edn en la Plaza Compa\u00f1\u00eda, que volver\u00e1 a apostas por el jazz y los sonidos de las m\u00fasicas del mundo.<\/p>\n<p>La concejala de Cultura del Ayuntamiento de Pamplona, Mar\u00eda Garc\u00eda-Barberena y el director del \u00e1rea, Jorge Urd\u00e1noz, han presentado la propuesta musical que el Ayuntamiento ha preparado para estos Sanfermines en dos de los escenarios principales de la fiesta. A pesar de ser uno de los veranos con mayor demanda de artistas y eventos musicales, la programaci\u00f3n de estas fiestas duplicar\u00e1 el n\u00famero de conciertos de gran aforo en la Plaza de los Fueros, con doce artistas entre los que se pueden encontrar cabezas de cartel de festivales, referentes de la m\u00fasica popular o puntas de lanza en sus estilos.<br \/>\n<script async src=\"\/\/pagead2.googlesyndication.com\/pagead\/js\/adsbygoogle.js\"><\/script><br \/>\n<!-- Noticias La Guia de Pamplona --><br \/>\n<ins class=\"adsbygoogle\"\nstyle=\"display:block\"\ndata-ad-client=\"ca-pub-6943679897239327\"\ndata-ad-slot=\"7048180777\"\ndata-ad-format=\"auto\"><\/ins><br \/>\n<script>\n(adsbygoogle = window.adsbygoogle || []).push({});\n<\/script><br \/>\nAbrir\u00e1 las noches de los Fueros, el d\u00eda del Chupinazo a las 23.30 horas, Lola \u00cdndigo, el alter ego y nombre art\u00edstico de Miriam Doblas, que se dio a conocer en 2017 de la mano de un conocido programa de televisi\u00f3n. Desde entonces, su trayectoria ha ido en ascenso, consiguiendo 15 discos de Platino y 3 de Oro y su \u00e1lbum de debut, Akelarre (2019), y el n\u00famero 1 en ventas en el pa\u00eds. El \u00e9xito se repiti\u00f3 en 2021 con su segundo disco, La Ni\u00f1a, que se alz\u00f3 con el premio MTV EMAs 2019 a Mejor Artista Espa\u00f1ol y con el premio a Mejor Artista Revelaci\u00f3n en Los40 Music Awards.<\/p>\n<p>El viernes d\u00eda 8, abrir\u00e1, desde las 23.30 horas, la formaci\u00f3n pamplonesa Iseo &amp; Dodosound, presentando su nuevo trabajo por primera vez en la capital. Seguir\u00e1 con el rock de \u2018Doctor Deseo\u2019 que subir\u00e1n al escenario de la plaza de los Fueros a partir de la 1.00 de la madrugada. Tras tres a\u00f1os de par\u00f3n y m\u00e1s de tres d\u00e9cadas de m\u00fasica profesional a sus espaldas, Los Sanfermines ser\u00e1n una de las paradas de su regreso a los grandes conciertos. Otro de los nombres reconocidos en la escena nacional e internacional que traer\u00e1 su m\u00fasica a la plaza de los Fueros los pr\u00f3ximos Sanfermines es el de \u2018La Oreja de Van Gogh\u2019. Leire, Xabi, Pablo, Haritz y \u00c1lvaro vuelven el d\u00eda 10 a partir de las 23.30 horas a las fiestas y a Pamplona tras haber recorrido con sus canciones varios puntos de Norteam\u00e9rica, y haber colgado el cartel de \u2018no hay entradas\u2019 en repetidas ocasiones, adem\u00e1s de ser cabezas de cartel en alguno de los festivales m\u00e1s importantes del pa\u00eds.<br \/>\n<script async src=\"\/\/pagead2.googlesyndication.com\/pagead\/js\/adsbygoogle.js\"><\/script><br \/>\n<!-- Noticias La Guia de Pamplona --><br \/>\n<ins class=\"adsbygoogle\"\nstyle=\"display:block\"\ndata-ad-client=\"ca-pub-6943679897239327\"\ndata-ad-slot=\"7048180777\"\ndata-ad-format=\"auto\"><\/ins><br \/>\n<script>\n(adsbygoogle = window.adsbygoogle || []).push({});\n<\/script><br \/>\n<strong>Recta final de las fiestas con formaciones punteras en el \u00e1mbito nacional<\/strong><\/p>\n<p>Y en la recta final de las fiestas, seguir\u00e1n siendo protagonistas nombres y sonidos reconocidos del panorama musical actual. El d\u00eda 11, y tras la actuaci\u00f3n de \u2018Ben Yart\u2019, llegar\u00e1 Fernandocosta, actual referente de la escena del Hip-hop nacional. Este artista cuenta con una trayectoria ascendente, con trabajos que le posicionan en tendencias con cada uno de sus proyectos. Entre los temas que presente, estar\u00e1n algunos de su prometedor segundo disco, que ver\u00e1 la luz a lo largo de este mes de mayo.<\/p>\n<p>Un d\u00eda despu\u00e9s, la noche del d\u00eda 12 desde las 23.30 horas, volver\u00e1 a los Sanfermines la m\u00fasica de \u2018La M.O.D.A.\u2019 Desde que hace una d\u00e9cada surgieran en Burgos, adem\u00e1s de en Pamplona han podido hacer sonar sus temas en lugares tan variados como M\u00e9xico, Pa\u00edses Bajos, Irlanda, Reino Unido o Estados Unidos. En su cita en la plaza de los Fueros, alternar\u00e1n sus temas m\u00e1s conocidos con otros de su \u00faltimo disco, \u2018Nuevo Cancionero Burgal\u00e9s\u2019, producido por Gorka Urbizu (\u2018Berri Txarrak\u2019), e inspirado en el repertorio popular de su tierra.<br \/>\n<script async src=\"\/\/pagead2.googlesyndication.com\/pagead\/js\/adsbygoogle.js\"><\/script><br \/>\n<!-- Noticias La Guia de Pamplona --><br \/>\n<ins class=\"adsbygoogle\"\nstyle=\"display:block\"\ndata-ad-client=\"ca-pub-6943679897239327\"\ndata-ad-slot=\"7048180777\"\ndata-ad-format=\"auto\"><\/ins><br \/>\n<script>\n(adsbygoogle = window.adsbygoogle || []).push({});\n<\/script><br \/>\nY el d\u00eda 13, la \u00faltima cita sanferminera con la m\u00fasica de la Plaza de los Fueros llegar\u00e1 con una formaci\u00f3n imprescindible en el panorama musical nacional. \u2018Camela\u2019 celebra 25 a\u00f1os sobre los escenarios, en los que han conseguido hacer de la tecno-rumba un estilo reconocible por todos. A partir de las 23.30 horas sonar\u00e1n en Pamplona \u00e9xitos como \u2018Cuando zarpa el amor\u2019, \u2018L\u00e1grimas de amor\u2019, \u2018H\u00e1blame de m\u00ed\u2019 o \u2018Nunca deb\u00ed enamorarme\u2019.<\/p>\n<p>El d\u00eda de San Ferm\u00edn, el jueves 7 de julio, el escenario de la Plaza de los Fueros se abrir\u00e1 al rap, con la llegada de \u2018Ptazeta\u2019 a las 23.30 horas, y se completar\u00e1 desde la 1.00 de la madrugada con la presencia de una figura que se est\u00e1 cosechando \u00e9xito a trav\u00e9s de internet, como es \u2018Ms Nina\u2019. La noche del s\u00e1bado de San Ferm\u00edn ser\u00e1 para el indie folk de \u2018N\u00f8gen\u2019, que a la 1.00 dar\u00e1 el relevo a \u2018Ciudad Jara\u2019, que presentar\u00e1 su \u00faltimo disco.<br \/>\n<script async src=\"\/\/pagead2.googlesyndication.com\/pagead\/js\/adsbygoogle.js\"><\/script><br \/>\n<!-- Noticias La Guia de Pamplona --><br \/>\n<ins class=\"adsbygoogle\"\nstyle=\"display:block\"\ndata-ad-client=\"ca-pub-6943679897239327\"\ndata-ad-slot=\"7048180777\"\ndata-ad-format=\"auto\"><\/ins><br \/>\n<script>\n(adsbygoogle = window.adsbygoogle || []).push({});\n<\/script><br \/>\n<strong>M\u00fasicas del mundo y jazz en el escenario de la Plaza Compa\u00f1\u00eda<\/strong><\/p>\n<p>La Plaza Compa\u00f1\u00eda seguir\u00e1 manteniendo estos Sanfermines sus dos caracteres principales, m\u00fasicas del mundo y jazz, con los que se ha hecho un hueco imprescindible en la programaci\u00f3n musical de las fiestas. La programaci\u00f3n incluye referentes de sus g\u00e9neros como \u2018Trojan Soundsystem\u2019 -el sello m\u00e1s ic\u00f3nico de ska a nivel mundial-, \u2018Eliades Ochoa\u2019 -cabeza de Buenavista Social Club, hoy muy de actualidad con su colaboraci\u00f3n con \u2018C.Tangana\u2019. Tambi\u00e9n estar\u00e1 presente \u2018Lauer\u2019, uno de los productores m\u00e1s de moda en la electr\u00f3nica europea o el saxofonista David Murray.<\/p>\n<p>En las noches de Compa\u00f1\u00eda, siete artistas llegados desde diferentes puntos del mundo \u2013como Estados Unidos, Gran Breta\u00f1a o Cuba- conviven en cartel con tres propuestas cercanas, una estrategia que busca poner en primera l\u00ednea el producto local, y que se refuerza este a\u00f1o con la apuesta por las tardes. Contar\u00e1n con una programaci\u00f3n cien por cien local, con proyectos de artistas locales del indie, pop, electr\u00f3nica, cumbia, garage, rock o la m\u00fasica afrocaribe\u00f1a, que presentar\u00e1n sus nuevos trabajos en Pamplona.<br \/>\n<script async src=\"\/\/pagead2.googlesyndication.com\/pagead\/js\/adsbygoogle.js\"><\/script><br \/>\n<!-- Noticias La Guia de Pamplona --><br \/>\n<ins class=\"adsbygoogle\"\nstyle=\"display:block\"\ndata-ad-client=\"ca-pub-6943679897239327\"\ndata-ad-slot=\"7048180777\"\ndata-ad-format=\"auto\"><\/ins><br \/>\n<script>\n(adsbygoogle = window.adsbygoogle || []).push({});\n<\/script><br \/>\nEntre las propuestas de \u2018JazzFermin\u2019 destaca un Homenaje a Pedro Iturralde, saxofonista navarro fallecido en 2020. Ser\u00e1 un concierto especialmente preparado para esta cita que contar\u00e1 con la colaboraci\u00f3n de artistas locales y la vocalista americana Dorah Carter, adem\u00e1s de las actuaciones de David Murray, Sean Clapis o Harlem Gospel Travelers con Eli Paperboy Reed.<\/p>\n<p>Otros de los nombres que sonar\u00e1n en Compa\u00f1\u00eda ser\u00e1n los de Andrea Santiago, Javi Robles, Los \u00c1cidos, Iratxe, Katanga Dub o Guarimba, pero tambi\u00e9n habr\u00e1 espacio para la m\u00fasica urbana, que ha sido una de las que m\u00e1s ha despuntado en estos \u00faltimos a\u00f1os. El viernes 8, por ejemplo, llegar\u00e1n los sonidos de \u2018Goxua`n Salsa\u2019, una banda en pleno crecimiento, que mostrar\u00e1 en un directo lleno de baile el potencial de sus influencias latinas en clave de cultura vasca. Tambi\u00e9n destaca, un d\u00eda despu\u00e9s, la presentica de Sara Goxua y Se\u00f1ora, dos de las djs m\u00e1s representativas de esta escena en Pamplona.<br \/>\n<script async src=\"\/\/pagead2.googlesyndication.com\/pagead\/js\/adsbygoogle.js\"><\/script><br \/>\n<!-- Noticias La Guia de Pamplona --><br \/>\n<ins class=\"adsbygoogle\"\nstyle=\"display:block\"\ndata-ad-client=\"ca-pub-6943679897239327\"\ndata-ad-slot=\"7048180777\"\ndata-ad-format=\"auto\"><\/ins><br \/>\n<script>\n(adsbygoogle = window.adsbygoogle || []).push({});\n<\/script><br \/>\n&nbsp;<\/p>\n<h3>Conciertos en la Plaza de los Fueros<\/h3>\n<ul>\n<li>Mi\u00e9rcoles, d\u00eda 6\n<ul>\n<li>23:30 Lola \u00cdndigo<\/li>\n<\/ul>\n<\/li>\n<li>Jueves, d\u00eda 7\n<ul>\n<li>23:30 Ptazeta<\/li>\n<li>1:00 Ms. Nina<\/li>\n<\/ul>\n<\/li>\n<li>Viernes, d\u00eda 8\n<ul>\n<li>23:30 Iseo &amp; Dodosound<\/li>\n<li>1:00 Doctor Deseo<\/li>\n<\/ul>\n<\/li>\n<li>S\u00e1bado, d\u00eda 9\n<ul>\n<li>23:30 N\u00f8gen<\/li>\n<li>1:00 Ciudad Jara<\/li>\n<\/ul>\n<\/li>\n<li>Domingo, d\u00eda 10\n<ul>\n<li>23:30 La Oreja de Van Gogh<\/li>\n<\/ul>\n<\/li>\n<li>Lunes, d\u00eda 11\n<ul>\n<li>23:30 Ben Yart<\/li>\n<li>0:30 FERNANDOCOSTA<\/li>\n<\/ul>\n<\/li>\n<li>Martes, d\u00eda 12\n<ul>\n<li>23:30 LA M.O.D.A.<\/li>\n<\/ul>\n<\/li>\n<li>Mi\u00e9rcoles, d\u00eda 13\n<ul>\n<li>23:30 Camela<\/li>\n<\/ul>\n<\/li>\n<\/ul>\n<p>&nbsp;<\/p>\n<h3>Conciertos en la Plaza Compa\u00f1\u00eda<\/h3>\n<ul>\n<li>Mi\u00e9rcoles, d\u00eda 6\n<ul>\n<li>19:00 Nicolette All Stars &amp; Lauer<\/li>\n<\/ul>\n<\/li>\n<li>Jueves, d\u00eda 7\n<ul>\n<li>23:30 Trojan Soundsystem<\/li>\n<li>20:00 Katanga Dub<\/li>\n<\/ul>\n<\/li>\n<li>Viernes, d\u00eda 8\n<ul>\n<li>23:30 Goxua`n Salsa<\/li>\n<li>20:00 Guarimba<\/li>\n<\/ul>\n<\/li>\n<li>S\u00e1bado, d\u00eda 9\n<ul>\n<li>23:30 Eliades Ochoa: Star of Buenavista Social Club<\/li>\n<li>19:00 Se\u00f1ora &amp; Sara Goxua<\/li>\n<\/ul>\n<\/li>\n<li>Domingo, d\u00eda 10\n<ul>\n<li>23:30 Harlem Gospel Travelers feat. Eli Paperboy Reed<\/li>\n<li>20:00 Javi Robles<\/li>\n<\/ul>\n<\/li>\n<li>Lunes, d\u00eda 11\n<ul>\n<li>23:30 Sean Clapis Brooklyn Trio &amp; Antonio Serrano<\/li>\n<li>20:00 Iratxe<\/li>\n<\/ul>\n<\/li>\n<li>Martes, d\u00eda 12\n<ul>\n<li>23:30 Deborah Carter meets Pamplona Jazz 4t Pedro Iturralde Tribute<\/li>\n<li>20:00 Andrea Santiago<\/li>\n<\/ul>\n<\/li>\n<li>Mi\u00e9rcoles, d\u00eda 13\n<ul>\n<li>23:30 David Murray &amp; Marta Sanchez<\/li>\n<li>20:00 Los \u00c1cidos<\/li>\n<\/ul>\n<\/li>\n<\/ul>\n","protected":false},"excerpt":{"rendered":"<p>El Ayuntamiento ha presentado la oferta de conciertos para esta ubicaci\u00f3n y para la Plaza Compa\u00f1\u00eda, que volver\u00e1 a apostar por el jazz y las m\u00fasicas del mundo<\/p>\n","protected":false},"author":1,"featured_media":40446,"comment_status":"open","ping_status":"closed","sticky":false,"template":"","format":"standard","meta":{"footnotes":""},"categories":[2,9406],"tags":[],"class_list":["post-40445","post","type-post","status-publish","format-standard","has-post-thumbnail","hentry","category-ayuntamiento-pamplona","category-san-fermin"],"yoast_head":"<!-- This site is optimized with the Yoast SEO plugin v27.3 - https:\/\/yoast.com\/product\/yoast-seo-wordpress\/ -->\n<title>Lola \u00cdndigo, La Oreja de Van Gogh, La M.O.D.A. o Camela, entre los artistas que amenizar\u00e1n las noches de San Ferm\u00edn en la Plaza de los Fueros<\/title>\n<meta name=\"description\" content=\"El Ayuntamiento ha presentado la oferta de conciertos, que volver\u00e1 a apostar por el jazz y las m\u00fasicas del mundo\" \/>\n<meta name=\"robots\" content=\"index, follow, max-snippet:-1, max-image-preview:large, max-video-preview:-1\" \/>\n<link rel=\"canonical\" href=\"https:\/\/www.laguiadepamplona.com\/actualidad\/lola-indigo-la-oreja-de-van-gogh-la-m-o-d-a-o-camela-entre-los-artistas-que-amenizaran-las-noches-de-san-fermin-en-la-plaza-de-los-fueros\/\" \/>\n<meta property=\"og:locale\" content=\"es_ES\" \/>\n<meta property=\"og:type\" content=\"article\" \/>\n<meta property=\"og:title\" content=\"Lola \u00cdndigo, La Oreja de Van Gogh, La M.O.D.A. o Camela, entre los artistas que amenizar\u00e1n las noches de San Ferm\u00edn en la Plaza de los Fueros\" \/>\n<meta property=\"og:description\" content=\"El Ayuntamiento ha presentado la oferta de conciertos, que volver\u00e1 a apostar por el jazz y las m\u00fasicas del mundo\" \/>\n<meta property=\"og:url\" content=\"https:\/\/www.laguiadepamplona.com\/actualidad\/lola-indigo-la-oreja-de-van-gogh-la-m-o-d-a-o-camela-entre-los-artistas-que-amenizaran-las-noches-de-san-fermin-en-la-plaza-de-los-fueros\/\" \/>\n<meta property=\"og:site_name\" content=\"La Gu\u00eda de Pamplona\" \/>\n<meta property=\"article:publisher\" content=\"https:\/\/www.facebook.com\/laguiadepamplonacom-133175176762273\/?ref=hl\" \/>\n<meta property=\"article:published_time\" content=\"2022-05-24T10:02:37+00:00\" \/>\n<meta property=\"article:modified_time\" content=\"2023-04-11T09:48:09+00:00\" \/>\n<meta property=\"og:image\" content=\"https:\/\/www.laguiadepamplona.com\/actualidad\/wp-content\/uploads\/2022\/05\/conciertos_plaza_fueros.webp\" \/>\n\t<meta property=\"og:image:width\" content=\"1620\" \/>\n\t<meta property=\"og:image:height\" content=\"1080\" \/>\n\t<meta property=\"og:image:type\" content=\"image\/webp\" \/>\n<meta name=\"author\" content=\"La Gu\u00eda de Pamplona\" \/>\n<meta name=\"twitter:card\" content=\"summary_large_image\" \/>\n<meta name=\"twitter:creator\" content=\"@LaGuiadPamplona\" \/>\n<meta name=\"twitter:site\" content=\"@LaGuiadPamplona\" \/>\n<meta name=\"twitter:label1\" content=\"Escrito por\" \/>\n\t<meta name=\"twitter:data1\" content=\"La Gu\u00eda de Pamplona\" \/>\n\t<meta name=\"twitter:label2\" content=\"Tiempo de lectura\" \/>\n\t<meta name=\"twitter:data2\" content=\"7 minutos\" \/>\n<script type=\"application\/ld+json\" class=\"yoast-schema-graph\">{\"@context\":\"https:\\\/\\\/schema.org\",\"@graph\":[{\"@type\":\"Article\",\"@id\":\"https:\\\/\\\/www.laguiadepamplona.com\\\/actualidad\\\/lola-indigo-la-oreja-de-van-gogh-la-m-o-d-a-o-camela-entre-los-artistas-que-amenizaran-las-noches-de-san-fermin-en-la-plaza-de-los-fueros\\\/#article\",\"isPartOf\":{\"@id\":\"https:\\\/\\\/www.laguiadepamplona.com\\\/actualidad\\\/lola-indigo-la-oreja-de-van-gogh-la-m-o-d-a-o-camela-entre-los-artistas-que-amenizaran-las-noches-de-san-fermin-en-la-plaza-de-los-fueros\\\/\"},\"author\":{\"name\":\"La Gu\u00eda de Pamplona\",\"@id\":\"https:\\\/\\\/www.laguiadepamplona.com\\\/actualidad\\\/#\\\/schema\\\/person\\\/efe887376f0213d4657c93adc50b1fdb\"},\"headline\":\"Lola \u00cdndigo, La Oreja de Van Gogh, La M.O.D.A. o Camela, entre los artistas que amenizar\u00e1n las noches de San Ferm\u00edn en la Plaza de los Fueros\",\"datePublished\":\"2022-05-24T10:02:37+00:00\",\"dateModified\":\"2023-04-11T09:48:09+00:00\",\"mainEntityOfPage\":{\"@id\":\"https:\\\/\\\/www.laguiadepamplona.com\\\/actualidad\\\/lola-indigo-la-oreja-de-van-gogh-la-m-o-d-a-o-camela-entre-los-artistas-que-amenizaran-las-noches-de-san-fermin-en-la-plaza-de-los-fueros\\\/\"},\"wordCount\":1522,\"commentCount\":0,\"publisher\":{\"@id\":\"https:\\\/\\\/www.laguiadepamplona.com\\\/actualidad\\\/#organization\"},\"image\":{\"@id\":\"https:\\\/\\\/www.laguiadepamplona.com\\\/actualidad\\\/lola-indigo-la-oreja-de-van-gogh-la-m-o-d-a-o-camela-entre-los-artistas-que-amenizaran-las-noches-de-san-fermin-en-la-plaza-de-los-fueros\\\/#primaryimage\"},\"thumbnailUrl\":\"https:\\\/\\\/www.laguiadepamplona.com\\\/actualidad\\\/wp-content\\\/uploads\\\/2022\\\/05\\\/conciertos_plaza_fueros.webp\",\"articleSection\":[\"Ayto Pamplona\",\"San Ferm\u00edn\"],\"inLanguage\":\"es\",\"potentialAction\":[{\"@type\":\"CommentAction\",\"name\":\"Comment\",\"target\":[\"https:\\\/\\\/www.laguiadepamplona.com\\\/actualidad\\\/lola-indigo-la-oreja-de-van-gogh-la-m-o-d-a-o-camela-entre-los-artistas-que-amenizaran-las-noches-de-san-fermin-en-la-plaza-de-los-fueros\\\/#respond\"]}]},{\"@type\":\"WebPage\",\"@id\":\"https:\\\/\\\/www.laguiadepamplona.com\\\/actualidad\\\/lola-indigo-la-oreja-de-van-gogh-la-m-o-d-a-o-camela-entre-los-artistas-que-amenizaran-las-noches-de-san-fermin-en-la-plaza-de-los-fueros\\\/\",\"url\":\"https:\\\/\\\/www.laguiadepamplona.com\\\/actualidad\\\/lola-indigo-la-oreja-de-van-gogh-la-m-o-d-a-o-camela-entre-los-artistas-que-amenizaran-las-noches-de-san-fermin-en-la-plaza-de-los-fueros\\\/\",\"name\":\"Lola \u00cdndigo, La Oreja de Van Gogh, La M.O.D.A. o Camela, entre los artistas que amenizar\u00e1n las noches de San Ferm\u00edn en la Plaza de los Fueros\",\"isPartOf\":{\"@id\":\"https:\\\/\\\/www.laguiadepamplona.com\\\/actualidad\\\/#website\"},\"primaryImageOfPage\":{\"@id\":\"https:\\\/\\\/www.laguiadepamplona.com\\\/actualidad\\\/lola-indigo-la-oreja-de-van-gogh-la-m-o-d-a-o-camela-entre-los-artistas-que-amenizaran-las-noches-de-san-fermin-en-la-plaza-de-los-fueros\\\/#primaryimage\"},\"image\":{\"@id\":\"https:\\\/\\\/www.laguiadepamplona.com\\\/actualidad\\\/lola-indigo-la-oreja-de-van-gogh-la-m-o-d-a-o-camela-entre-los-artistas-que-amenizaran-las-noches-de-san-fermin-en-la-plaza-de-los-fueros\\\/#primaryimage\"},\"thumbnailUrl\":\"https:\\\/\\\/www.laguiadepamplona.com\\\/actualidad\\\/wp-content\\\/uploads\\\/2022\\\/05\\\/conciertos_plaza_fueros.webp\",\"datePublished\":\"2022-05-24T10:02:37+00:00\",\"dateModified\":\"2023-04-11T09:48:09+00:00\",\"description\":\"El Ayuntamiento ha presentado la oferta de conciertos, que volver\u00e1 a apostar por el jazz y las m\u00fasicas del mundo\",\"breadcrumb\":{\"@id\":\"https:\\\/\\\/www.laguiadepamplona.com\\\/actualidad\\\/lola-indigo-la-oreja-de-van-gogh-la-m-o-d-a-o-camela-entre-los-artistas-que-amenizaran-las-noches-de-san-fermin-en-la-plaza-de-los-fueros\\\/#breadcrumb\"},\"inLanguage\":\"es\",\"potentialAction\":[{\"@type\":\"ReadAction\",\"target\":[\"https:\\\/\\\/www.laguiadepamplona.com\\\/actualidad\\\/lola-indigo-la-oreja-de-van-gogh-la-m-o-d-a-o-camela-entre-los-artistas-que-amenizaran-las-noches-de-san-fermin-en-la-plaza-de-los-fueros\\\/\"]}]},{\"@type\":\"ImageObject\",\"inLanguage\":\"es\",\"@id\":\"https:\\\/\\\/www.laguiadepamplona.com\\\/actualidad\\\/lola-indigo-la-oreja-de-van-gogh-la-m-o-d-a-o-camela-entre-los-artistas-que-amenizaran-las-noches-de-san-fermin-en-la-plaza-de-los-fueros\\\/#primaryimage\",\"url\":\"https:\\\/\\\/www.laguiadepamplona.com\\\/actualidad\\\/wp-content\\\/uploads\\\/2022\\\/05\\\/conciertos_plaza_fueros.webp\",\"contentUrl\":\"https:\\\/\\\/www.laguiadepamplona.com\\\/actualidad\\\/wp-content\\\/uploads\\\/2022\\\/05\\\/conciertos_plaza_fueros.webp\",\"width\":1620,\"height\":1080},{\"@type\":\"BreadcrumbList\",\"@id\":\"https:\\\/\\\/www.laguiadepamplona.com\\\/actualidad\\\/lola-indigo-la-oreja-de-van-gogh-la-m-o-d-a-o-camela-entre-los-artistas-que-amenizaran-las-noches-de-san-fermin-en-la-plaza-de-los-fueros\\\/#breadcrumb\",\"itemListElement\":[{\"@type\":\"ListItem\",\"position\":1,\"name\":\"Portada\",\"item\":\"https:\\\/\\\/www.laguiadepamplona.com\\\/actualidad\\\/\"},{\"@type\":\"ListItem\",\"position\":2,\"name\":\"Lola \u00cdndigo, La Oreja de Van Gogh, La M.O.D.A. o Camela, entre los artistas que amenizar\u00e1n las noches de San Ferm\u00edn en la Plaza de los Fueros\"}]},{\"@type\":\"WebSite\",\"@id\":\"https:\\\/\\\/www.laguiadepamplona.com\\\/actualidad\\\/#website\",\"url\":\"https:\\\/\\\/www.laguiadepamplona.com\\\/actualidad\\\/\",\"name\":\"La gu\u00eda de Pamplona\",\"description\":\"Noticias de Pamplona\",\"publisher\":{\"@id\":\"https:\\\/\\\/www.laguiadepamplona.com\\\/actualidad\\\/#organization\"},\"potentialAction\":[{\"@type\":\"SearchAction\",\"target\":{\"@type\":\"EntryPoint\",\"urlTemplate\":\"https:\\\/\\\/www.laguiadepamplona.com\\\/actualidad\\\/?s={search_term_string}\"},\"query-input\":{\"@type\":\"PropertyValueSpecification\",\"valueRequired\":true,\"valueName\":\"search_term_string\"}}],\"inLanguage\":\"es\"},{\"@type\":\"Organization\",\"@id\":\"https:\\\/\\\/www.laguiadepamplona.com\\\/actualidad\\\/#organization\",\"name\":\"La Gu\u00eda de Pamplona \\\/ Noticias\",\"url\":\"https:\\\/\\\/www.laguiadepamplona.com\\\/actualidad\\\/\",\"logo\":{\"@type\":\"ImageObject\",\"inLanguage\":\"es\",\"@id\":\"https:\\\/\\\/www.laguiadepamplona.com\\\/actualidad\\\/#\\\/schema\\\/logo\\\/image\\\/\",\"url\":\"https:\\\/\\\/www.laguiadepamplona.com\\\/actualidad\\\/wp-content\\\/uploads\\\/2018\\\/11\\\/logo-laguiadepamplona18-web1.png\",\"contentUrl\":\"https:\\\/\\\/www.laguiadepamplona.com\\\/actualidad\\\/wp-content\\\/uploads\\\/2018\\\/11\\\/logo-laguiadepamplona18-web1.png\",\"width\":600,\"height\":196,\"caption\":\"La Gu\u00eda de Pamplona \\\/ Noticias\"},\"image\":{\"@id\":\"https:\\\/\\\/www.laguiadepamplona.com\\\/actualidad\\\/#\\\/schema\\\/logo\\\/image\\\/\"},\"sameAs\":[\"https:\\\/\\\/www.facebook.com\\\/laguiadepamplonacom-133175176762273\\\/?ref=hl\",\"https:\\\/\\\/x.com\\\/LaGuiadPamplona\",\"https:\\\/\\\/www.instagram.com\\\/la_guia_de_pamplona\\\/\",\"https:\\\/\\\/www.youtube.com\\\/user\\\/laguiadepamplona\"]},{\"@type\":\"Person\",\"@id\":\"https:\\\/\\\/www.laguiadepamplona.com\\\/actualidad\\\/#\\\/schema\\\/person\\\/efe887376f0213d4657c93adc50b1fdb\",\"name\":\"La Gu\u00eda de Pamplona\",\"image\":{\"@type\":\"ImageObject\",\"inLanguage\":\"es\",\"@id\":\"https:\\\/\\\/secure.gravatar.com\\\/avatar\\\/b6992f131dc8d30ab0dff15446e9d346d9dbd95992de0fef795073f5ea83a81c?s=96&d=mm&r=g\",\"url\":\"https:\\\/\\\/secure.gravatar.com\\\/avatar\\\/b6992f131dc8d30ab0dff15446e9d346d9dbd95992de0fef795073f5ea83a81c?s=96&d=mm&r=g\",\"contentUrl\":\"https:\\\/\\\/secure.gravatar.com\\\/avatar\\\/b6992f131dc8d30ab0dff15446e9d346d9dbd95992de0fef795073f5ea83a81c?s=96&d=mm&r=g\",\"caption\":\"La Gu\u00eda de Pamplona\"}}]}<\/script>\n<!-- \/ Yoast SEO plugin. -->","yoast_head_json":{"title":"Lola \u00cdndigo, La Oreja de Van Gogh, La M.O.D.A. o Camela, entre los artistas que amenizar\u00e1n las noches de San Ferm\u00edn en la Plaza de los Fueros","description":"El Ayuntamiento ha presentado la oferta de conciertos, que volver\u00e1 a apostar por el jazz y las m\u00fasicas del mundo","robots":{"index":"index","follow":"follow","max-snippet":"max-snippet:-1","max-image-preview":"max-image-preview:large","max-video-preview":"max-video-preview:-1"},"canonical":"https:\/\/www.laguiadepamplona.com\/actualidad\/lola-indigo-la-oreja-de-van-gogh-la-m-o-d-a-o-camela-entre-los-artistas-que-amenizaran-las-noches-de-san-fermin-en-la-plaza-de-los-fueros\/","og_locale":"es_ES","og_type":"article","og_title":"Lola \u00cdndigo, La Oreja de Van Gogh, La M.O.D.A. o Camela, entre los artistas que amenizar\u00e1n las noches de San Ferm\u00edn en la Plaza de los Fueros","og_description":"El Ayuntamiento ha presentado la oferta de conciertos, que volver\u00e1 a apostar por el jazz y las m\u00fasicas del mundo","og_url":"https:\/\/www.laguiadepamplona.com\/actualidad\/lola-indigo-la-oreja-de-van-gogh-la-m-o-d-a-o-camela-entre-los-artistas-que-amenizaran-las-noches-de-san-fermin-en-la-plaza-de-los-fueros\/","og_site_name":"La Gu\u00eda de Pamplona","article_publisher":"https:\/\/www.facebook.com\/laguiadepamplonacom-133175176762273\/?ref=hl","article_published_time":"2022-05-24T10:02:37+00:00","article_modified_time":"2023-04-11T09:48:09+00:00","og_image":[{"width":1620,"height":1080,"url":"https:\/\/www.laguiadepamplona.com\/actualidad\/wp-content\/uploads\/2022\/05\/conciertos_plaza_fueros.webp","type":"image\/webp"}],"author":"La Gu\u00eda de Pamplona","twitter_card":"summary_large_image","twitter_creator":"@LaGuiadPamplona","twitter_site":"@LaGuiadPamplona","twitter_misc":{"Escrito por":"La Gu\u00eda de Pamplona","Tiempo de lectura":"7 minutos"},"schema":{"@context":"https:\/\/schema.org","@graph":[{"@type":"Article","@id":"https:\/\/www.laguiadepamplona.com\/actualidad\/lola-indigo-la-oreja-de-van-gogh-la-m-o-d-a-o-camela-entre-los-artistas-que-amenizaran-las-noches-de-san-fermin-en-la-plaza-de-los-fueros\/#article","isPartOf":{"@id":"https:\/\/www.laguiadepamplona.com\/actualidad\/lola-indigo-la-oreja-de-van-gogh-la-m-o-d-a-o-camela-entre-los-artistas-que-amenizaran-las-noches-de-san-fermin-en-la-plaza-de-los-fueros\/"},"author":{"name":"La Gu\u00eda de Pamplona","@id":"https:\/\/www.laguiadepamplona.com\/actualidad\/#\/schema\/person\/efe887376f0213d4657c93adc50b1fdb"},"headline":"Lola \u00cdndigo, La Oreja de Van Gogh, La M.O.D.A. o Camela, entre los artistas que amenizar\u00e1n las noches de San Ferm\u00edn en la Plaza de los Fueros","datePublished":"2022-05-24T10:02:37+00:00","dateModified":"2023-04-11T09:48:09+00:00","mainEntityOfPage":{"@id":"https:\/\/www.laguiadepamplona.com\/actualidad\/lola-indigo-la-oreja-de-van-gogh-la-m-o-d-a-o-camela-entre-los-artistas-que-amenizaran-las-noches-de-san-fermin-en-la-plaza-de-los-fueros\/"},"wordCount":1522,"commentCount":0,"publisher":{"@id":"https:\/\/www.laguiadepamplona.com\/actualidad\/#organization"},"image":{"@id":"https:\/\/www.laguiadepamplona.com\/actualidad\/lola-indigo-la-oreja-de-van-gogh-la-m-o-d-a-o-camela-entre-los-artistas-que-amenizaran-las-noches-de-san-fermin-en-la-plaza-de-los-fueros\/#primaryimage"},"thumbnailUrl":"https:\/\/www.laguiadepamplona.com\/actualidad\/wp-content\/uploads\/2022\/05\/conciertos_plaza_fueros.webp","articleSection":["Ayto Pamplona","San Ferm\u00edn"],"inLanguage":"es","potentialAction":[{"@type":"CommentAction","name":"Comment","target":["https:\/\/www.laguiadepamplona.com\/actualidad\/lola-indigo-la-oreja-de-van-gogh-la-m-o-d-a-o-camela-entre-los-artistas-que-amenizaran-las-noches-de-san-fermin-en-la-plaza-de-los-fueros\/#respond"]}]},{"@type":"WebPage","@id":"https:\/\/www.laguiadepamplona.com\/actualidad\/lola-indigo-la-oreja-de-van-gogh-la-m-o-d-a-o-camela-entre-los-artistas-que-amenizaran-las-noches-de-san-fermin-en-la-plaza-de-los-fueros\/","url":"https:\/\/www.laguiadepamplona.com\/actualidad\/lola-indigo-la-oreja-de-van-gogh-la-m-o-d-a-o-camela-entre-los-artistas-que-amenizaran-las-noches-de-san-fermin-en-la-plaza-de-los-fueros\/","name":"Lola \u00cdndigo, La Oreja de Van Gogh, La M.O.D.A. o Camela, entre los artistas que amenizar\u00e1n las noches de San Ferm\u00edn en la Plaza de los Fueros","isPartOf":{"@id":"https:\/\/www.laguiadepamplona.com\/actualidad\/#website"},"primaryImageOfPage":{"@id":"https:\/\/www.laguiadepamplona.com\/actualidad\/lola-indigo-la-oreja-de-van-gogh-la-m-o-d-a-o-camela-entre-los-artistas-que-amenizaran-las-noches-de-san-fermin-en-la-plaza-de-los-fueros\/#primaryimage"},"image":{"@id":"https:\/\/www.laguiadepamplona.com\/actualidad\/lola-indigo-la-oreja-de-van-gogh-la-m-o-d-a-o-camela-entre-los-artistas-que-amenizaran-las-noches-de-san-fermin-en-la-plaza-de-los-fueros\/#primaryimage"},"thumbnailUrl":"https:\/\/www.laguiadepamplona.com\/actualidad\/wp-content\/uploads\/2022\/05\/conciertos_plaza_fueros.webp","datePublished":"2022-05-24T10:02:37+00:00","dateModified":"2023-04-11T09:48:09+00:00","description":"El Ayuntamiento ha presentado la oferta de conciertos, que volver\u00e1 a apostar por el jazz y las m\u00fasicas del mundo","breadcrumb":{"@id":"https:\/\/www.laguiadepamplona.com\/actualidad\/lola-indigo-la-oreja-de-van-gogh-la-m-o-d-a-o-camela-entre-los-artistas-que-amenizaran-las-noches-de-san-fermin-en-la-plaza-de-los-fueros\/#breadcrumb"},"inLanguage":"es","potentialAction":[{"@type":"ReadAction","target":["https:\/\/www.laguiadepamplona.com\/actualidad\/lola-indigo-la-oreja-de-van-gogh-la-m-o-d-a-o-camela-entre-los-artistas-que-amenizaran-las-noches-de-san-fermin-en-la-plaza-de-los-fueros\/"]}]},{"@type":"ImageObject","inLanguage":"es","@id":"https:\/\/www.laguiadepamplona.com\/actualidad\/lola-indigo-la-oreja-de-van-gogh-la-m-o-d-a-o-camela-entre-los-artistas-que-amenizaran-las-noches-de-san-fermin-en-la-plaza-de-los-fueros\/#primaryimage","url":"https:\/\/www.laguiadepamplona.com\/actualidad\/wp-content\/uploads\/2022\/05\/conciertos_plaza_fueros.webp","contentUrl":"https:\/\/www.laguiadepamplona.com\/actualidad\/wp-content\/uploads\/2022\/05\/conciertos_plaza_fueros.webp","width":1620,"height":1080},{"@type":"BreadcrumbList","@id":"https:\/\/www.laguiadepamplona.com\/actualidad\/lola-indigo-la-oreja-de-van-gogh-la-m-o-d-a-o-camela-entre-los-artistas-que-amenizaran-las-noches-de-san-fermin-en-la-plaza-de-los-fueros\/#breadcrumb","itemListElement":[{"@type":"ListItem","position":1,"name":"Portada","item":"https:\/\/www.laguiadepamplona.com\/actualidad\/"},{"@type":"ListItem","position":2,"name":"Lola \u00cdndigo, La Oreja de Van Gogh, La M.O.D.A. o Camela, entre los artistas que amenizar\u00e1n las noches de San Ferm\u00edn en la Plaza de los Fueros"}]},{"@type":"WebSite","@id":"https:\/\/www.laguiadepamplona.com\/actualidad\/#website","url":"https:\/\/www.laguiadepamplona.com\/actualidad\/","name":"La gu\u00eda de Pamplona","description":"Noticias de Pamplona","publisher":{"@id":"https:\/\/www.laguiadepamplona.com\/actualidad\/#organization"},"potentialAction":[{"@type":"SearchAction","target":{"@type":"EntryPoint","urlTemplate":"https:\/\/www.laguiadepamplona.com\/actualidad\/?s={search_term_string}"},"query-input":{"@type":"PropertyValueSpecification","valueRequired":true,"valueName":"search_term_string"}}],"inLanguage":"es"},{"@type":"Organization","@id":"https:\/\/www.laguiadepamplona.com\/actualidad\/#organization","name":"La Gu\u00eda de Pamplona \/ Noticias","url":"https:\/\/www.laguiadepamplona.com\/actualidad\/","logo":{"@type":"ImageObject","inLanguage":"es","@id":"https:\/\/www.laguiadepamplona.com\/actualidad\/#\/schema\/logo\/image\/","url":"https:\/\/www.laguiadepamplona.com\/actualidad\/wp-content\/uploads\/2018\/11\/logo-laguiadepamplona18-web1.png","contentUrl":"https:\/\/www.laguiadepamplona.com\/actualidad\/wp-content\/uploads\/2018\/11\/logo-laguiadepamplona18-web1.png","width":600,"height":196,"caption":"La Gu\u00eda de Pamplona \/ Noticias"},"image":{"@id":"https:\/\/www.laguiadepamplona.com\/actualidad\/#\/schema\/logo\/image\/"},"sameAs":["https:\/\/www.facebook.com\/laguiadepamplonacom-133175176762273\/?ref=hl","https:\/\/x.com\/LaGuiadPamplona","https:\/\/www.instagram.com\/la_guia_de_pamplona\/","https:\/\/www.youtube.com\/user\/laguiadepamplona"]},{"@type":"Person","@id":"https:\/\/www.laguiadepamplona.com\/actualidad\/#\/schema\/person\/efe887376f0213d4657c93adc50b1fdb","name":"La Gu\u00eda de Pamplona","image":{"@type":"ImageObject","inLanguage":"es","@id":"https:\/\/secure.gravatar.com\/avatar\/b6992f131dc8d30ab0dff15446e9d346d9dbd95992de0fef795073f5ea83a81c?s=96&d=mm&r=g","url":"https:\/\/secure.gravatar.com\/avatar\/b6992f131dc8d30ab0dff15446e9d346d9dbd95992de0fef795073f5ea83a81c?s=96&d=mm&r=g","contentUrl":"https:\/\/secure.gravatar.com\/avatar\/b6992f131dc8d30ab0dff15446e9d346d9dbd95992de0fef795073f5ea83a81c?s=96&d=mm&r=g","caption":"La Gu\u00eda de Pamplona"}}]}},"post_mailing_queue_ids":[],"_links":{"self":[{"href":"https:\/\/www.laguiadepamplona.com\/actualidad\/wp-json\/wp\/v2\/posts\/40445","targetHints":{"allow":["GET"]}}],"collection":[{"href":"https:\/\/www.laguiadepamplona.com\/actualidad\/wp-json\/wp\/v2\/posts"}],"about":[{"href":"https:\/\/www.laguiadepamplona.com\/actualidad\/wp-json\/wp\/v2\/types\/post"}],"author":[{"embeddable":true,"href":"https:\/\/www.laguiadepamplona.com\/actualidad\/wp-json\/wp\/v2\/users\/1"}],"replies":[{"embeddable":true,"href":"https:\/\/www.laguiadepamplona.com\/actualidad\/wp-json\/wp\/v2\/comments?post=40445"}],"version-history":[{"count":0,"href":"https:\/\/www.laguiadepamplona.com\/actualidad\/wp-json\/wp\/v2\/posts\/40445\/revisions"}],"wp:featuredmedia":[{"embeddable":true,"href":"https:\/\/www.laguiadepamplona.com\/actualidad\/wp-json\/wp\/v2\/media\/40446"}],"wp:attachment":[{"href":"https:\/\/www.laguiadepamplona.com\/actualidad\/wp-json\/wp\/v2\/media?parent=40445"}],"wp:term":[{"taxonomy":"category","embeddable":true,"href":"https:\/\/www.laguiadepamplona.com\/actualidad\/wp-json\/wp\/v2\/categories?post=40445"},{"taxonomy":"post_tag","embeddable":true,"href":"https:\/\/www.laguiadepamplona.com\/actualidad\/wp-json\/wp\/v2\/tags?post=40445"}],"curies":[{"name":"wp","href":"https:\/\/api.w.org\/{rel}","templated":true}]}}