{"id":40442,"date":"2022-05-23T18:36:21","date_gmt":"2022-05-23T16:36:21","guid":{"rendered":"https:\/\/www.laguiadepamplona.com\/actualidad\/?p=40442"},"modified":"2023-04-11T11:48:09","modified_gmt":"2023-04-11T09:48:09","slug":"el-ayuntamiento-de-pamplona-realizara-obras-de-reforma-en-sus-apartamentos-para-personas-mayores-de-san-juan-con-la-contratacion-de-siete-personas-desempleadas","status":"publish","type":"post","link":"https:\/\/www.laguiadepamplona.com\/actualidad\/el-ayuntamiento-de-pamplona-realizara-obras-de-reforma-en-sus-apartamentos-para-personas-mayores-de-san-juan-con-la-contratacion-de-siete-personas-desempleadas\/","title":{"rendered":"El Ayuntamiento de Pamplona realizar\u00e1 obras de reforma en sus apartamentos para personas mayores de San Juan, con la contrataci\u00f3n de siete personas desempleadas"},"content":{"rendered":"<h5>El proyecto ha sido presentado a la convocatoria de subvenciones del Servicio Navarro de Empleo para contratar personas en situaci\u00f3n vulnerable<\/h5>\n<p><!--more--><\/p>\n<p>El Ayuntamiento de Pamplona prev\u00e9 realizar obras de rehabilitaci\u00f3n en el edificio de apartamentos para personas mayores Txoko Berri, ubicado en el barrio de San Juan, mediante la contrataci\u00f3n de siete personas desempleadas en situaci\u00f3n de vulnerabilidad. Con ese objetivo, el Consistorio ha presentado el proyecto a la convocatoria de ayudas del Servicio Navarro de Empleo-Nafar Lansare, que subvenciona a entidades locales la contrataci\u00f3n de personas desempleadas para la realizaci\u00f3n de obras y servicios de inter\u00e9s social.<br \/>\n<script async src=\"\/\/pagead2.googlesyndication.com\/pagead\/js\/adsbygoogle.js\"><\/script><br \/>\n<!-- Noticias La Guia de Pamplona --><br \/>\n<ins class=\"adsbygoogle\"\nstyle=\"display:block\"\ndata-ad-client=\"ca-pub-6943679897239327\"\ndata-ad-slot=\"7048180777\"\ndata-ad-format=\"auto\"><\/ins><br \/>\n<script>\n(adsbygoogle = window.adsbygoogle || []).push({});\n<\/script><br \/>\nEl proyecto de reforma planteado incluye la rehabilitaci\u00f3n y mejora de la accesibilidad de 17 ba\u00f1os, mediante la eliminaci\u00f3n de barreras arquitect\u00f3nicas y la renovaci\u00f3n de sanitarios y alicatados. Adem\u00e1s, se prev\u00e9 sustituir el pavimento de seis terrazas comunitarias existentes en el inmueble. Al margen de estas obras, el Consistorio prev\u00e9 que la plantilla que se vaya a contratar realice tambi\u00e9n trabajos de adecuaci\u00f3n en dos viviendas municipales de emergencia social en San Pedro. En este caso, las obras servir\u00e1n para cambiar la distribuci\u00f3n de los espacios y la renovaci\u00f3n de las canalizaciones de fontaner\u00eda y electricidad.<\/p>\n<p>Para afrontar estas obras, el \u00c1rea de Servicios Sociales, Acci\u00f3n Comunitaria y Deporte conf\u00eda en poder contratar a siete personas a trav\u00e9s de las subvenciones convocadas por el Servicio Navarro de Empleo. En concreto, se tratar\u00eda de un encargado de obra, tres oficiales de alba\u00f1iler\u00eda y tres peones de alba\u00f1iler\u00eda. Todos ellos deber\u00e1n cumplir una serie de requisitos para poder acogerse a estas contrataciones. As\u00ed, el encargado de obra deber\u00e1 ser mayor de 51 a\u00f1os. Los oficiales deber\u00e1n ser perceptores de la Renta Garantizada. En el caso de los peones se exigir\u00e1 ser perceptores de la Renta Garantizada o bien personas mayores de 51 a\u00f1os.<\/p>\n<p>La gesti\u00f3n del proceso correr\u00e1 a cargo del programa de Empleo Social Protegido del \u00c1rea de Servicios Sociales. El Equipo de Inserci\u00f3n Sociolaboral (EISOL) se encargar\u00e1 de la selecci\u00f3n de una parte del personal, entre las personas usuarias. Las personas seleccionadas tendr\u00e1n un contrato de seis meses a jornada completa, de junio a diciembre de este a\u00f1o.<br \/>\n<script async src=\"\/\/pagead2.googlesyndication.com\/pagead\/js\/adsbygoogle.js\"><\/script><br \/>\n<!-- Noticias La Guia de Pamplona --><br \/>\n<ins class=\"adsbygoogle\"\nstyle=\"display:block\"\ndata-ad-client=\"ca-pub-6943679897239327\"\ndata-ad-slot=\"7048180777\"\ndata-ad-format=\"auto\"><\/ins><br \/>\n<script>\n(adsbygoogle = window.adsbygoogle || []).push({});\n<\/script><br \/>\nEl Ayuntamiento ha presupuestado 113.022 euros para gastos de personal, de los que 46.200 euros podr\u00edan ser cubiertos con la ayuda del Servicio Navarro de Empleo, si el proyecto resultara seleccionado en la convocatoria de subvenciones. Adem\u00e1s, prev\u00e9 destinar 86.800 euros para la ejecuci\u00f3n de las obras. De esa cuant\u00eda, 79.600 euros servir\u00e1n para afrontar las reformas previstas en los apartamentos Txoko Berri. Asimismo, se destinar\u00e1n 7.200 euros para la rehabilitaci\u00f3n de las viviendas de San Pedro. Si bien, el grueso de esas obras se realizar\u00e1 en 2023.<\/p>\n","protected":false},"excerpt":{"rendered":"<p>El proyecto ha sido presentado a la convocatoria de subvenciones del Servicio Navarro de Empleo para contratar personas en situaci\u00f3n vulnerable<\/p>\n","protected":false},"author":1,"featured_media":40443,"comment_status":"open","ping_status":"closed","sticky":false,"template":"","format":"standard","meta":{"footnotes":""},"categories":[2],"tags":[],"class_list":["post-40442","post","type-post","status-publish","format-standard","has-post-thumbnail","hentry","category-ayuntamiento-pamplona"],"yoast_head":"<!-- This site is optimized with the Yoast SEO plugin v27.3 - https:\/\/yoast.com\/product\/yoast-seo-wordpress\/ -->\n<title>El Ayuntamiento de Pamplona realizar\u00e1 obras de reforma en sus apartamentos para personas mayores de San Juan, con la contrataci\u00f3n de siete personas desempleadas<\/title>\n<meta name=\"description\" content=\"El proyecto ha sido presentado a la convocatoria de subvenciones del Servicio Navarro de Empleo para contratar personas en situaci\u00f3n vulnerable\" \/>\n<meta name=\"robots\" content=\"index, follow, max-snippet:-1, max-image-preview:large, max-video-preview:-1\" \/>\n<link rel=\"canonical\" href=\"https:\/\/www.laguiadepamplona.com\/actualidad\/el-ayuntamiento-de-pamplona-realizara-obras-de-reforma-en-sus-apartamentos-para-personas-mayores-de-san-juan-con-la-contratacion-de-siete-personas-desempleadas\/\" \/>\n<meta property=\"og:locale\" content=\"es_ES\" \/>\n<meta property=\"og:type\" content=\"article\" \/>\n<meta property=\"og:title\" content=\"El Ayuntamiento de Pamplona realizar\u00e1 obras de reforma en sus apartamentos para personas mayores de San Juan, con la contrataci\u00f3n de siete personas desempleadas\" \/>\n<meta property=\"og:description\" content=\"El proyecto ha sido presentado a la convocatoria de subvenciones del Servicio Navarro de Empleo para contratar personas en situaci\u00f3n vulnerable\" \/>\n<meta property=\"og:url\" content=\"https:\/\/www.laguiadepamplona.com\/actualidad\/el-ayuntamiento-de-pamplona-realizara-obras-de-reforma-en-sus-apartamentos-para-personas-mayores-de-san-juan-con-la-contratacion-de-siete-personas-desempleadas\/\" \/>\n<meta property=\"og:site_name\" content=\"La Gu\u00eda de Pamplona\" \/>\n<meta property=\"article:publisher\" content=\"https:\/\/www.facebook.com\/laguiadepamplonacom-133175176762273\/?ref=hl\" \/>\n<meta property=\"article:published_time\" content=\"2022-05-23T16:36:21+00:00\" \/>\n<meta property=\"article:modified_time\" content=\"2023-04-11T09:48:09+00:00\" \/>\n<meta property=\"og:image\" content=\"https:\/\/www.laguiadepamplona.com\/actualidad\/wp-content\/uploads\/2022\/05\/Apartamentos-tutelados-txoko-berri.webp\" \/>\n\t<meta property=\"og:image:width\" content=\"1366\" \/>\n\t<meta property=\"og:image:height\" content=\"768\" \/>\n\t<meta property=\"og:image:type\" content=\"image\/webp\" \/>\n<meta name=\"author\" content=\"La Gu\u00eda de Pamplona\" \/>\n<meta name=\"twitter:card\" content=\"summary_large_image\" \/>\n<meta name=\"twitter:creator\" content=\"@LaGuiadPamplona\" \/>\n<meta name=\"twitter:site\" content=\"@LaGuiadPamplona\" \/>\n<meta name=\"twitter:label1\" content=\"Escrito por\" \/>\n\t<meta name=\"twitter:data1\" content=\"La Gu\u00eda de Pamplona\" \/>\n\t<meta name=\"twitter:label2\" content=\"Tiempo de lectura\" \/>\n\t<meta name=\"twitter:data2\" content=\"3 minutos\" \/>\n<script type=\"application\/ld+json\" class=\"yoast-schema-graph\">{\"@context\":\"https:\\\/\\\/schema.org\",\"@graph\":[{\"@type\":\"Article\",\"@id\":\"https:\\\/\\\/www.laguiadepamplona.com\\\/actualidad\\\/el-ayuntamiento-de-pamplona-realizara-obras-de-reforma-en-sus-apartamentos-para-personas-mayores-de-san-juan-con-la-contratacion-de-siete-personas-desempleadas\\\/#article\",\"isPartOf\":{\"@id\":\"https:\\\/\\\/www.laguiadepamplona.com\\\/actualidad\\\/el-ayuntamiento-de-pamplona-realizara-obras-de-reforma-en-sus-apartamentos-para-personas-mayores-de-san-juan-con-la-contratacion-de-siete-personas-desempleadas\\\/\"},\"author\":{\"name\":\"La Gu\u00eda de Pamplona\",\"@id\":\"https:\\\/\\\/www.laguiadepamplona.com\\\/actualidad\\\/#\\\/schema\\\/person\\\/efe887376f0213d4657c93adc50b1fdb\"},\"headline\":\"El Ayuntamiento de Pamplona realizar\u00e1 obras de reforma en sus apartamentos para personas mayores de San Juan, con la contrataci\u00f3n de siete personas desempleadas\",\"datePublished\":\"2022-05-23T16:36:21+00:00\",\"dateModified\":\"2023-04-11T09:48:09+00:00\",\"mainEntityOfPage\":{\"@id\":\"https:\\\/\\\/www.laguiadepamplona.com\\\/actualidad\\\/el-ayuntamiento-de-pamplona-realizara-obras-de-reforma-en-sus-apartamentos-para-personas-mayores-de-san-juan-con-la-contratacion-de-siete-personas-desempleadas\\\/\"},\"wordCount\":504,\"commentCount\":0,\"publisher\":{\"@id\":\"https:\\\/\\\/www.laguiadepamplona.com\\\/actualidad\\\/#organization\"},\"image\":{\"@id\":\"https:\\\/\\\/www.laguiadepamplona.com\\\/actualidad\\\/el-ayuntamiento-de-pamplona-realizara-obras-de-reforma-en-sus-apartamentos-para-personas-mayores-de-san-juan-con-la-contratacion-de-siete-personas-desempleadas\\\/#primaryimage\"},\"thumbnailUrl\":\"https:\\\/\\\/www.laguiadepamplona.com\\\/actualidad\\\/wp-content\\\/uploads\\\/2022\\\/05\\\/Apartamentos-tutelados-txoko-berri.webp\",\"articleSection\":[\"Ayto Pamplona\"],\"inLanguage\":\"es\",\"potentialAction\":[{\"@type\":\"CommentAction\",\"name\":\"Comment\",\"target\":[\"https:\\\/\\\/www.laguiadepamplona.com\\\/actualidad\\\/el-ayuntamiento-de-pamplona-realizara-obras-de-reforma-en-sus-apartamentos-para-personas-mayores-de-san-juan-con-la-contratacion-de-siete-personas-desempleadas\\\/#respond\"]}]},{\"@type\":\"WebPage\",\"@id\":\"https:\\\/\\\/www.laguiadepamplona.com\\\/actualidad\\\/el-ayuntamiento-de-pamplona-realizara-obras-de-reforma-en-sus-apartamentos-para-personas-mayores-de-san-juan-con-la-contratacion-de-siete-personas-desempleadas\\\/\",\"url\":\"https:\\\/\\\/www.laguiadepamplona.com\\\/actualidad\\\/el-ayuntamiento-de-pamplona-realizara-obras-de-reforma-en-sus-apartamentos-para-personas-mayores-de-san-juan-con-la-contratacion-de-siete-personas-desempleadas\\\/\",\"name\":\"El Ayuntamiento de Pamplona realizar\u00e1 obras de reforma en sus apartamentos para personas mayores de San Juan, con la contrataci\u00f3n de siete personas desempleadas\",\"isPartOf\":{\"@id\":\"https:\\\/\\\/www.laguiadepamplona.com\\\/actualidad\\\/#website\"},\"primaryImageOfPage\":{\"@id\":\"https:\\\/\\\/www.laguiadepamplona.com\\\/actualidad\\\/el-ayuntamiento-de-pamplona-realizara-obras-de-reforma-en-sus-apartamentos-para-personas-mayores-de-san-juan-con-la-contratacion-de-siete-personas-desempleadas\\\/#primaryimage\"},\"image\":{\"@id\":\"https:\\\/\\\/www.laguiadepamplona.com\\\/actualidad\\\/el-ayuntamiento-de-pamplona-realizara-obras-de-reforma-en-sus-apartamentos-para-personas-mayores-de-san-juan-con-la-contratacion-de-siete-personas-desempleadas\\\/#primaryimage\"},\"thumbnailUrl\":\"https:\\\/\\\/www.laguiadepamplona.com\\\/actualidad\\\/wp-content\\\/uploads\\\/2022\\\/05\\\/Apartamentos-tutelados-txoko-berri.webp\",\"datePublished\":\"2022-05-23T16:36:21+00:00\",\"dateModified\":\"2023-04-11T09:48:09+00:00\",\"description\":\"El proyecto ha sido presentado a la convocatoria de subvenciones del Servicio Navarro de Empleo para contratar personas en situaci\u00f3n vulnerable\",\"breadcrumb\":{\"@id\":\"https:\\\/\\\/www.laguiadepamplona.com\\\/actualidad\\\/el-ayuntamiento-de-pamplona-realizara-obras-de-reforma-en-sus-apartamentos-para-personas-mayores-de-san-juan-con-la-contratacion-de-siete-personas-desempleadas\\\/#breadcrumb\"},\"inLanguage\":\"es\",\"potentialAction\":[{\"@type\":\"ReadAction\",\"target\":[\"https:\\\/\\\/www.laguiadepamplona.com\\\/actualidad\\\/el-ayuntamiento-de-pamplona-realizara-obras-de-reforma-en-sus-apartamentos-para-personas-mayores-de-san-juan-con-la-contratacion-de-siete-personas-desempleadas\\\/\"]}]},{\"@type\":\"ImageObject\",\"inLanguage\":\"es\",\"@id\":\"https:\\\/\\\/www.laguiadepamplona.com\\\/actualidad\\\/el-ayuntamiento-de-pamplona-realizara-obras-de-reforma-en-sus-apartamentos-para-personas-mayores-de-san-juan-con-la-contratacion-de-siete-personas-desempleadas\\\/#primaryimage\",\"url\":\"https:\\\/\\\/www.laguiadepamplona.com\\\/actualidad\\\/wp-content\\\/uploads\\\/2022\\\/05\\\/Apartamentos-tutelados-txoko-berri.webp\",\"contentUrl\":\"https:\\\/\\\/www.laguiadepamplona.com\\\/actualidad\\\/wp-content\\\/uploads\\\/2022\\\/05\\\/Apartamentos-tutelados-txoko-berri.webp\",\"width\":1366,\"height\":768},{\"@type\":\"BreadcrumbList\",\"@id\":\"https:\\\/\\\/www.laguiadepamplona.com\\\/actualidad\\\/el-ayuntamiento-de-pamplona-realizara-obras-de-reforma-en-sus-apartamentos-para-personas-mayores-de-san-juan-con-la-contratacion-de-siete-personas-desempleadas\\\/#breadcrumb\",\"itemListElement\":[{\"@type\":\"ListItem\",\"position\":1,\"name\":\"Portada\",\"item\":\"https:\\\/\\\/www.laguiadepamplona.com\\\/actualidad\\\/\"},{\"@type\":\"ListItem\",\"position\":2,\"name\":\"El Ayuntamiento de Pamplona realizar\u00e1 obras de reforma en sus apartamentos para personas mayores de San Juan, con la contrataci\u00f3n de siete personas desempleadas\"}]},{\"@type\":\"WebSite\",\"@id\":\"https:\\\/\\\/www.laguiadepamplona.com\\\/actualidad\\\/#website\",\"url\":\"https:\\\/\\\/www.laguiadepamplona.com\\\/actualidad\\\/\",\"name\":\"La gu\u00eda de Pamplona\",\"description\":\"Noticias de Pamplona\",\"publisher\":{\"@id\":\"https:\\\/\\\/www.laguiadepamplona.com\\\/actualidad\\\/#organization\"},\"potentialAction\":[{\"@type\":\"SearchAction\",\"target\":{\"@type\":\"EntryPoint\",\"urlTemplate\":\"https:\\\/\\\/www.laguiadepamplona.com\\\/actualidad\\\/?s={search_term_string}\"},\"query-input\":{\"@type\":\"PropertyValueSpecification\",\"valueRequired\":true,\"valueName\":\"search_term_string\"}}],\"inLanguage\":\"es\"},{\"@type\":\"Organization\",\"@id\":\"https:\\\/\\\/www.laguiadepamplona.com\\\/actualidad\\\/#organization\",\"name\":\"La Gu\u00eda de Pamplona \\\/ Noticias\",\"url\":\"https:\\\/\\\/www.laguiadepamplona.com\\\/actualidad\\\/\",\"logo\":{\"@type\":\"ImageObject\",\"inLanguage\":\"es\",\"@id\":\"https:\\\/\\\/www.laguiadepamplona.com\\\/actualidad\\\/#\\\/schema\\\/logo\\\/image\\\/\",\"url\":\"https:\\\/\\\/www.laguiadepamplona.com\\\/actualidad\\\/wp-content\\\/uploads\\\/2018\\\/11\\\/logo-laguiadepamplona18-web1.png\",\"contentUrl\":\"https:\\\/\\\/www.laguiadepamplona.com\\\/actualidad\\\/wp-content\\\/uploads\\\/2018\\\/11\\\/logo-laguiadepamplona18-web1.png\",\"width\":600,\"height\":196,\"caption\":\"La Gu\u00eda de Pamplona \\\/ Noticias\"},\"image\":{\"@id\":\"https:\\\/\\\/www.laguiadepamplona.com\\\/actualidad\\\/#\\\/schema\\\/logo\\\/image\\\/\"},\"sameAs\":[\"https:\\\/\\\/www.facebook.com\\\/laguiadepamplonacom-133175176762273\\\/?ref=hl\",\"https:\\\/\\\/x.com\\\/LaGuiadPamplona\",\"https:\\\/\\\/www.instagram.com\\\/la_guia_de_pamplona\\\/\",\"https:\\\/\\\/www.youtube.com\\\/user\\\/laguiadepamplona\"]},{\"@type\":\"Person\",\"@id\":\"https:\\\/\\\/www.laguiadepamplona.com\\\/actualidad\\\/#\\\/schema\\\/person\\\/efe887376f0213d4657c93adc50b1fdb\",\"name\":\"La Gu\u00eda de Pamplona\",\"image\":{\"@type\":\"ImageObject\",\"inLanguage\":\"es\",\"@id\":\"https:\\\/\\\/secure.gravatar.com\\\/avatar\\\/b6992f131dc8d30ab0dff15446e9d346d9dbd95992de0fef795073f5ea83a81c?s=96&d=mm&r=g\",\"url\":\"https:\\\/\\\/secure.gravatar.com\\\/avatar\\\/b6992f131dc8d30ab0dff15446e9d346d9dbd95992de0fef795073f5ea83a81c?s=96&d=mm&r=g\",\"contentUrl\":\"https:\\\/\\\/secure.gravatar.com\\\/avatar\\\/b6992f131dc8d30ab0dff15446e9d346d9dbd95992de0fef795073f5ea83a81c?s=96&d=mm&r=g\",\"caption\":\"La Gu\u00eda de Pamplona\"}}]}<\/script>\n<!-- \/ Yoast SEO plugin. -->","yoast_head_json":{"title":"El Ayuntamiento de Pamplona realizar\u00e1 obras de reforma en sus apartamentos para personas mayores de San Juan, con la contrataci\u00f3n de siete personas desempleadas","description":"El proyecto ha sido presentado a la convocatoria de subvenciones del Servicio Navarro de Empleo para contratar personas en situaci\u00f3n vulnerable","robots":{"index":"index","follow":"follow","max-snippet":"max-snippet:-1","max-image-preview":"max-image-preview:large","max-video-preview":"max-video-preview:-1"},"canonical":"https:\/\/www.laguiadepamplona.com\/actualidad\/el-ayuntamiento-de-pamplona-realizara-obras-de-reforma-en-sus-apartamentos-para-personas-mayores-de-san-juan-con-la-contratacion-de-siete-personas-desempleadas\/","og_locale":"es_ES","og_type":"article","og_title":"El Ayuntamiento de Pamplona realizar\u00e1 obras de reforma en sus apartamentos para personas mayores de San Juan, con la contrataci\u00f3n de siete personas desempleadas","og_description":"El proyecto ha sido presentado a la convocatoria de subvenciones del Servicio Navarro de Empleo para contratar personas en situaci\u00f3n vulnerable","og_url":"https:\/\/www.laguiadepamplona.com\/actualidad\/el-ayuntamiento-de-pamplona-realizara-obras-de-reforma-en-sus-apartamentos-para-personas-mayores-de-san-juan-con-la-contratacion-de-siete-personas-desempleadas\/","og_site_name":"La Gu\u00eda de Pamplona","article_publisher":"https:\/\/www.facebook.com\/laguiadepamplonacom-133175176762273\/?ref=hl","article_published_time":"2022-05-23T16:36:21+00:00","article_modified_time":"2023-04-11T09:48:09+00:00","og_image":[{"width":1366,"height":768,"url":"https:\/\/www.laguiadepamplona.com\/actualidad\/wp-content\/uploads\/2022\/05\/Apartamentos-tutelados-txoko-berri.webp","type":"image\/webp"}],"author":"La Gu\u00eda de Pamplona","twitter_card":"summary_large_image","twitter_creator":"@LaGuiadPamplona","twitter_site":"@LaGuiadPamplona","twitter_misc":{"Escrito por":"La Gu\u00eda de Pamplona","Tiempo de lectura":"3 minutos"},"schema":{"@context":"https:\/\/schema.org","@graph":[{"@type":"Article","@id":"https:\/\/www.laguiadepamplona.com\/actualidad\/el-ayuntamiento-de-pamplona-realizara-obras-de-reforma-en-sus-apartamentos-para-personas-mayores-de-san-juan-con-la-contratacion-de-siete-personas-desempleadas\/#article","isPartOf":{"@id":"https:\/\/www.laguiadepamplona.com\/actualidad\/el-ayuntamiento-de-pamplona-realizara-obras-de-reforma-en-sus-apartamentos-para-personas-mayores-de-san-juan-con-la-contratacion-de-siete-personas-desempleadas\/"},"author":{"name":"La Gu\u00eda de Pamplona","@id":"https:\/\/www.laguiadepamplona.com\/actualidad\/#\/schema\/person\/efe887376f0213d4657c93adc50b1fdb"},"headline":"El Ayuntamiento de Pamplona realizar\u00e1 obras de reforma en sus apartamentos para personas mayores de San Juan, con la contrataci\u00f3n de siete personas desempleadas","datePublished":"2022-05-23T16:36:21+00:00","dateModified":"2023-04-11T09:48:09+00:00","mainEntityOfPage":{"@id":"https:\/\/www.laguiadepamplona.com\/actualidad\/el-ayuntamiento-de-pamplona-realizara-obras-de-reforma-en-sus-apartamentos-para-personas-mayores-de-san-juan-con-la-contratacion-de-siete-personas-desempleadas\/"},"wordCount":504,"commentCount":0,"publisher":{"@id":"https:\/\/www.laguiadepamplona.com\/actualidad\/#organization"},"image":{"@id":"https:\/\/www.laguiadepamplona.com\/actualidad\/el-ayuntamiento-de-pamplona-realizara-obras-de-reforma-en-sus-apartamentos-para-personas-mayores-de-san-juan-con-la-contratacion-de-siete-personas-desempleadas\/#primaryimage"},"thumbnailUrl":"https:\/\/www.laguiadepamplona.com\/actualidad\/wp-content\/uploads\/2022\/05\/Apartamentos-tutelados-txoko-berri.webp","articleSection":["Ayto Pamplona"],"inLanguage":"es","potentialAction":[{"@type":"CommentAction","name":"Comment","target":["https:\/\/www.laguiadepamplona.com\/actualidad\/el-ayuntamiento-de-pamplona-realizara-obras-de-reforma-en-sus-apartamentos-para-personas-mayores-de-san-juan-con-la-contratacion-de-siete-personas-desempleadas\/#respond"]}]},{"@type":"WebPage","@id":"https:\/\/www.laguiadepamplona.com\/actualidad\/el-ayuntamiento-de-pamplona-realizara-obras-de-reforma-en-sus-apartamentos-para-personas-mayores-de-san-juan-con-la-contratacion-de-siete-personas-desempleadas\/","url":"https:\/\/www.laguiadepamplona.com\/actualidad\/el-ayuntamiento-de-pamplona-realizara-obras-de-reforma-en-sus-apartamentos-para-personas-mayores-de-san-juan-con-la-contratacion-de-siete-personas-desempleadas\/","name":"El Ayuntamiento de Pamplona realizar\u00e1 obras de reforma en sus apartamentos para personas mayores de San Juan, con la contrataci\u00f3n de siete personas desempleadas","isPartOf":{"@id":"https:\/\/www.laguiadepamplona.com\/actualidad\/#website"},"primaryImageOfPage":{"@id":"https:\/\/www.laguiadepamplona.com\/actualidad\/el-ayuntamiento-de-pamplona-realizara-obras-de-reforma-en-sus-apartamentos-para-personas-mayores-de-san-juan-con-la-contratacion-de-siete-personas-desempleadas\/#primaryimage"},"image":{"@id":"https:\/\/www.laguiadepamplona.com\/actualidad\/el-ayuntamiento-de-pamplona-realizara-obras-de-reforma-en-sus-apartamentos-para-personas-mayores-de-san-juan-con-la-contratacion-de-siete-personas-desempleadas\/#primaryimage"},"thumbnailUrl":"https:\/\/www.laguiadepamplona.com\/actualidad\/wp-content\/uploads\/2022\/05\/Apartamentos-tutelados-txoko-berri.webp","datePublished":"2022-05-23T16:36:21+00:00","dateModified":"2023-04-11T09:48:09+00:00","description":"El proyecto ha sido presentado a la convocatoria de subvenciones del Servicio Navarro de Empleo para contratar personas en situaci\u00f3n vulnerable","breadcrumb":{"@id":"https:\/\/www.laguiadepamplona.com\/actualidad\/el-ayuntamiento-de-pamplona-realizara-obras-de-reforma-en-sus-apartamentos-para-personas-mayores-de-san-juan-con-la-contratacion-de-siete-personas-desempleadas\/#breadcrumb"},"inLanguage":"es","potentialAction":[{"@type":"ReadAction","target":["https:\/\/www.laguiadepamplona.com\/actualidad\/el-ayuntamiento-de-pamplona-realizara-obras-de-reforma-en-sus-apartamentos-para-personas-mayores-de-san-juan-con-la-contratacion-de-siete-personas-desempleadas\/"]}]},{"@type":"ImageObject","inLanguage":"es","@id":"https:\/\/www.laguiadepamplona.com\/actualidad\/el-ayuntamiento-de-pamplona-realizara-obras-de-reforma-en-sus-apartamentos-para-personas-mayores-de-san-juan-con-la-contratacion-de-siete-personas-desempleadas\/#primaryimage","url":"https:\/\/www.laguiadepamplona.com\/actualidad\/wp-content\/uploads\/2022\/05\/Apartamentos-tutelados-txoko-berri.webp","contentUrl":"https:\/\/www.laguiadepamplona.com\/actualidad\/wp-content\/uploads\/2022\/05\/Apartamentos-tutelados-txoko-berri.webp","width":1366,"height":768},{"@type":"BreadcrumbList","@id":"https:\/\/www.laguiadepamplona.com\/actualidad\/el-ayuntamiento-de-pamplona-realizara-obras-de-reforma-en-sus-apartamentos-para-personas-mayores-de-san-juan-con-la-contratacion-de-siete-personas-desempleadas\/#breadcrumb","itemListElement":[{"@type":"ListItem","position":1,"name":"Portada","item":"https:\/\/www.laguiadepamplona.com\/actualidad\/"},{"@type":"ListItem","position":2,"name":"El Ayuntamiento de Pamplona realizar\u00e1 obras de reforma en sus apartamentos para personas mayores de San Juan, con la contrataci\u00f3n de siete personas desempleadas"}]},{"@type":"WebSite","@id":"https:\/\/www.laguiadepamplona.com\/actualidad\/#website","url":"https:\/\/www.laguiadepamplona.com\/actualidad\/","name":"La gu\u00eda de Pamplona","description":"Noticias de Pamplona","publisher":{"@id":"https:\/\/www.laguiadepamplona.com\/actualidad\/#organization"},"potentialAction":[{"@type":"SearchAction","target":{"@type":"EntryPoint","urlTemplate":"https:\/\/www.laguiadepamplona.com\/actualidad\/?s={search_term_string}"},"query-input":{"@type":"PropertyValueSpecification","valueRequired":true,"valueName":"search_term_string"}}],"inLanguage":"es"},{"@type":"Organization","@id":"https:\/\/www.laguiadepamplona.com\/actualidad\/#organization","name":"La Gu\u00eda de Pamplona \/ Noticias","url":"https:\/\/www.laguiadepamplona.com\/actualidad\/","logo":{"@type":"ImageObject","inLanguage":"es","@id":"https:\/\/www.laguiadepamplona.com\/actualidad\/#\/schema\/logo\/image\/","url":"https:\/\/www.laguiadepamplona.com\/actualidad\/wp-content\/uploads\/2018\/11\/logo-laguiadepamplona18-web1.png","contentUrl":"https:\/\/www.laguiadepamplona.com\/actualidad\/wp-content\/uploads\/2018\/11\/logo-laguiadepamplona18-web1.png","width":600,"height":196,"caption":"La Gu\u00eda de Pamplona \/ Noticias"},"image":{"@id":"https:\/\/www.laguiadepamplona.com\/actualidad\/#\/schema\/logo\/image\/"},"sameAs":["https:\/\/www.facebook.com\/laguiadepamplonacom-133175176762273\/?ref=hl","https:\/\/x.com\/LaGuiadPamplona","https:\/\/www.instagram.com\/la_guia_de_pamplona\/","https:\/\/www.youtube.com\/user\/laguiadepamplona"]},{"@type":"Person","@id":"https:\/\/www.laguiadepamplona.com\/actualidad\/#\/schema\/person\/efe887376f0213d4657c93adc50b1fdb","name":"La Gu\u00eda de Pamplona","image":{"@type":"ImageObject","inLanguage":"es","@id":"https:\/\/secure.gravatar.com\/avatar\/b6992f131dc8d30ab0dff15446e9d346d9dbd95992de0fef795073f5ea83a81c?s=96&d=mm&r=g","url":"https:\/\/secure.gravatar.com\/avatar\/b6992f131dc8d30ab0dff15446e9d346d9dbd95992de0fef795073f5ea83a81c?s=96&d=mm&r=g","contentUrl":"https:\/\/secure.gravatar.com\/avatar\/b6992f131dc8d30ab0dff15446e9d346d9dbd95992de0fef795073f5ea83a81c?s=96&d=mm&r=g","caption":"La Gu\u00eda de Pamplona"}}]}},"post_mailing_queue_ids":[],"_links":{"self":[{"href":"https:\/\/www.laguiadepamplona.com\/actualidad\/wp-json\/wp\/v2\/posts\/40442","targetHints":{"allow":["GET"]}}],"collection":[{"href":"https:\/\/www.laguiadepamplona.com\/actualidad\/wp-json\/wp\/v2\/posts"}],"about":[{"href":"https:\/\/www.laguiadepamplona.com\/actualidad\/wp-json\/wp\/v2\/types\/post"}],"author":[{"embeddable":true,"href":"https:\/\/www.laguiadepamplona.com\/actualidad\/wp-json\/wp\/v2\/users\/1"}],"replies":[{"embeddable":true,"href":"https:\/\/www.laguiadepamplona.com\/actualidad\/wp-json\/wp\/v2\/comments?post=40442"}],"version-history":[{"count":0,"href":"https:\/\/www.laguiadepamplona.com\/actualidad\/wp-json\/wp\/v2\/posts\/40442\/revisions"}],"wp:featuredmedia":[{"embeddable":true,"href":"https:\/\/www.laguiadepamplona.com\/actualidad\/wp-json\/wp\/v2\/media\/40443"}],"wp:attachment":[{"href":"https:\/\/www.laguiadepamplona.com\/actualidad\/wp-json\/wp\/v2\/media?parent=40442"}],"wp:term":[{"taxonomy":"category","embeddable":true,"href":"https:\/\/www.laguiadepamplona.com\/actualidad\/wp-json\/wp\/v2\/categories?post=40442"},{"taxonomy":"post_tag","embeddable":true,"href":"https:\/\/www.laguiadepamplona.com\/actualidad\/wp-json\/wp\/v2\/tags?post=40442"}],"curies":[{"name":"wp","href":"https:\/\/api.w.org\/{rel}","templated":true}]}}