{"id":40438,"date":"2022-05-23T12:27:57","date_gmt":"2022-05-23T10:27:57","guid":{"rendered":"https:\/\/www.laguiadepamplona.com\/actualidad\/?p=40438"},"modified":"2023-04-11T11:48:09","modified_gmt":"2023-04-11T09:48:09","slug":"los-derechos-culturales-como-pilares-de-la-salud-democratica-a-debate-en-unas-jornadas-que-acogera-condestable","status":"publish","type":"post","link":"https:\/\/www.laguiadepamplona.com\/actualidad\/los-derechos-culturales-como-pilares-de-la-salud-democratica-a-debate-en-unas-jornadas-que-acogera-condestable\/","title":{"rendered":"Los derechos culturales como pilares de la salud democr\u00e1tica, a debate en unas jornadas que acoger\u00e1 Condestable"},"content":{"rendered":"<h5>El Ayuntamiento y Eusko Ikaskuntza organizan el pr\u00f3ximo viernes \u2018Derechos Culturales: pol\u00edticas de participaci\u00f3n y gobernanza\u2019<\/h5>\n<p><!--more--><\/p>\n<p>El Palacio del Condestable acoger\u00e1 el pr\u00f3ximo viernes 27 de mayo, de 10.00 a 13.30 horas, la primera jornada del programa \u2018Derechos Culturales: pol\u00edticas de participaci\u00f3n y gobernanza\u2019 organizada por Eusko Ikaskuntza en colaboraci\u00f3n con el Ayuntamiento de Pamplona. El objetivo de esta iniciativa es profundizar en el estudio y contribuir al conocimiento de los derechos culturales, que se consideran fundamentales para mantener y defender la salud democr\u00e1tica. La asistencia a estas jornadas ser\u00e1 libre, previa inscripci\u00f3n a trav\u00e9s de la direcci\u00f3n <a href=\"http:\/\/www.eusko-ikaskuntza.eus\" target=\"_blank\" rel=\"noopener\">www.eusko-ikaskuntza.eus<\/a>. La jornada \u201cDerechos Culturales: \u00bfqu\u00e9, \u00bfc\u00f3mo, para qu\u00e9?\u201d est\u00e1 dirigida a los colectivos y personas que conforman el tejido cultural de la ciudad, independientemente de su posici\u00f3n, ya sean del sector de la creaci\u00f3n, la gesti\u00f3n, la organizaci\u00f3n, la promoci\u00f3n, o la formaci\u00f3n.<br \/>\n<script async src=\"\/\/pagead2.googlesyndication.com\/pagead\/js\/adsbygoogle.js\"><\/script><br \/>\n<!-- Noticias La Guia de Pamplona --><br \/>\n<ins class=\"adsbygoogle\"\nstyle=\"display:block\"\ndata-ad-client=\"ca-pub-6943679897239327\"\ndata-ad-slot=\"7048180777\"\ndata-ad-format=\"auto\"><\/ins><br \/>\n<script>\n(adsbygoogle = window.adsbygoogle || []).push({});\n<\/script><\/p>\n<p>La jornada se abrir\u00e1 con la bienvenida a cargo de Mar\u00eda Garc\u00eda-Barberena, concejala delegada de Cultura e Igualdad del Ayuntamiento de Pamplona, de Ana Urkiza, presidenta de Eusko Ikaskuntza y de la licenciada en Historia del Arte y experta universitaria en producci\u00f3n cultural Oskia Ugarte. Posteriormente, se impartir\u00e1n dos conferencias. Nicol\u00e1s Barbieri, de la Universidad Aut\u00f3noma de Barcelona, fijar\u00e1 el marco te\u00f3rico de los derechos culturales, y Maider Mara\u00f1a, de Baketik, abordar\u00e1 la situaci\u00f3n de los retos de los derechos culturales en entornos digitales. Tras las intervenciones se abrir\u00e1 un turno de di\u00e1logo. La segunda parte de la jornada se desarrollar\u00e1 en formato de mesa redonda en torno al tema \u201cV\u00edas para llevar a la pr\u00e1ctica el marco de los Derechos Culturales\u201d. Intervendr\u00e1n Mar\u00eda Camino Barcenilla (Gobierno de Navarra), Amagoia Gurrutxaga (Lanartea) y Terexa Lekumberri (EKE), y la moderaci\u00f3n correr\u00e1 a cargo de Oskia Ugarte.<\/p>\n<p>El Ayuntamiento de Pamplona y Eusko Ikaskuntza han firmado un convenio de colaboraci\u00f3n para cuatro a\u00f1os, en el que ambas instituciones manifiestan su deseo de colaborar en potenciar el desarrollo de proyectos que generen conocimiento y propuestas de valor para la sociedad de Pamplona en particular y de Navarra en general. En virtud de este convenio, Eusko Ikaskuntza organizar\u00e1 anualmente un evento de difusi\u00f3n en Pamplona (jornada, seminario, simposium, ciclo de conferencias&#8230;) que sea de inter\u00e9s espec\u00edfico para la ciudad.<\/p>\n","protected":false},"excerpt":{"rendered":"<p>El Ayuntamiento y Eusko Ikaskuntza organizan el pr\u00f3ximo viernes \u2018Derechos Culturales: pol\u00edticas de participaci\u00f3n y gobernanza\u2019<\/p>\n","protected":false},"author":1,"featured_media":40439,"comment_status":"open","ping_status":"closed","sticky":false,"template":"","format":"standard","meta":{"footnotes":""},"categories":[2],"tags":[],"class_list":["post-40438","post","type-post","status-publish","format-standard","has-post-thumbnail","hentry","category-ayuntamiento-pamplona"],"yoast_head":"<!-- This site is optimized with the Yoast SEO plugin v27.3 - https:\/\/yoast.com\/product\/yoast-seo-wordpress\/ -->\n<title>Los derechos culturales como pilares de la salud democr\u00e1tica, a debate en unas jornadas que acoger\u00e1 Condestable<\/title>\n<meta name=\"description\" content=\"El Ayuntamiento y Eusko Ikaskuntza organizan el pr\u00f3ximo viernes \u2018Derechos Culturales: pol\u00edticas de participaci\u00f3n y gobernanza\u2019\" \/>\n<meta name=\"robots\" content=\"index, follow, max-snippet:-1, max-image-preview:large, max-video-preview:-1\" \/>\n<link rel=\"canonical\" href=\"https:\/\/www.laguiadepamplona.com\/actualidad\/los-derechos-culturales-como-pilares-de-la-salud-democratica-a-debate-en-unas-jornadas-que-acogera-condestable\/\" \/>\n<meta property=\"og:locale\" content=\"es_ES\" \/>\n<meta property=\"og:type\" content=\"article\" \/>\n<meta property=\"og:title\" content=\"Los derechos culturales como pilares de la salud democr\u00e1tica, a debate en unas jornadas que acoger\u00e1 Condestable\" \/>\n<meta property=\"og:description\" content=\"El Ayuntamiento y Eusko Ikaskuntza organizan el pr\u00f3ximo viernes \u2018Derechos Culturales: pol\u00edticas de participaci\u00f3n y gobernanza\u2019\" \/>\n<meta property=\"og:url\" content=\"https:\/\/www.laguiadepamplona.com\/actualidad\/los-derechos-culturales-como-pilares-de-la-salud-democratica-a-debate-en-unas-jornadas-que-acogera-condestable\/\" \/>\n<meta property=\"og:site_name\" content=\"La Gu\u00eda de Pamplona\" \/>\n<meta property=\"article:publisher\" content=\"https:\/\/www.facebook.com\/laguiadepamplonacom-133175176762273\/?ref=hl\" \/>\n<meta property=\"article:published_time\" content=\"2022-05-23T10:27:57+00:00\" \/>\n<meta property=\"article:modified_time\" content=\"2023-04-11T09:48:09+00:00\" \/>\n<meta property=\"og:image\" content=\"https:\/\/www.laguiadepamplona.com\/actualidad\/wp-content\/uploads\/2022\/05\/JORNADAS-EUSKO-IKASKUNTZA-768x424-1.jpg\" \/>\n\t<meta property=\"og:image:width\" content=\"768\" \/>\n\t<meta property=\"og:image:height\" content=\"424\" \/>\n\t<meta property=\"og:image:type\" content=\"image\/jpeg\" \/>\n<meta name=\"author\" content=\"La Gu\u00eda de Pamplona\" \/>\n<meta name=\"twitter:card\" content=\"summary_large_image\" \/>\n<meta name=\"twitter:creator\" content=\"@LaGuiadPamplona\" \/>\n<meta name=\"twitter:site\" content=\"@LaGuiadPamplona\" \/>\n<meta name=\"twitter:label1\" content=\"Escrito por\" \/>\n\t<meta name=\"twitter:data1\" content=\"La Gu\u00eda de Pamplona\" \/>\n\t<meta name=\"twitter:label2\" content=\"Tiempo de lectura\" \/>\n\t<meta name=\"twitter:data2\" content=\"2 minutos\" \/>\n<script type=\"application\/ld+json\" class=\"yoast-schema-graph\">{\"@context\":\"https:\\\/\\\/schema.org\",\"@graph\":[{\"@type\":\"Article\",\"@id\":\"https:\\\/\\\/www.laguiadepamplona.com\\\/actualidad\\\/los-derechos-culturales-como-pilares-de-la-salud-democratica-a-debate-en-unas-jornadas-que-acogera-condestable\\\/#article\",\"isPartOf\":{\"@id\":\"https:\\\/\\\/www.laguiadepamplona.com\\\/actualidad\\\/los-derechos-culturales-como-pilares-de-la-salud-democratica-a-debate-en-unas-jornadas-que-acogera-condestable\\\/\"},\"author\":{\"name\":\"La Gu\u00eda de Pamplona\",\"@id\":\"https:\\\/\\\/www.laguiadepamplona.com\\\/actualidad\\\/#\\\/schema\\\/person\\\/efe887376f0213d4657c93adc50b1fdb\"},\"headline\":\"Los derechos culturales como pilares de la salud democr\u00e1tica, a debate en unas jornadas que acoger\u00e1 Condestable\",\"datePublished\":\"2022-05-23T10:27:57+00:00\",\"dateModified\":\"2023-04-11T09:48:09+00:00\",\"mainEntityOfPage\":{\"@id\":\"https:\\\/\\\/www.laguiadepamplona.com\\\/actualidad\\\/los-derechos-culturales-como-pilares-de-la-salud-democratica-a-debate-en-unas-jornadas-que-acogera-condestable\\\/\"},\"wordCount\":422,\"commentCount\":0,\"publisher\":{\"@id\":\"https:\\\/\\\/www.laguiadepamplona.com\\\/actualidad\\\/#organization\"},\"image\":{\"@id\":\"https:\\\/\\\/www.laguiadepamplona.com\\\/actualidad\\\/los-derechos-culturales-como-pilares-de-la-salud-democratica-a-debate-en-unas-jornadas-que-acogera-condestable\\\/#primaryimage\"},\"thumbnailUrl\":\"https:\\\/\\\/www.laguiadepamplona.com\\\/actualidad\\\/wp-content\\\/uploads\\\/2022\\\/05\\\/JORNADAS-EUSKO-IKASKUNTZA-768x424-1.jpg\",\"articleSection\":[\"Ayto Pamplona\"],\"inLanguage\":\"es\",\"potentialAction\":[{\"@type\":\"CommentAction\",\"name\":\"Comment\",\"target\":[\"https:\\\/\\\/www.laguiadepamplona.com\\\/actualidad\\\/los-derechos-culturales-como-pilares-de-la-salud-democratica-a-debate-en-unas-jornadas-que-acogera-condestable\\\/#respond\"]}]},{\"@type\":\"WebPage\",\"@id\":\"https:\\\/\\\/www.laguiadepamplona.com\\\/actualidad\\\/los-derechos-culturales-como-pilares-de-la-salud-democratica-a-debate-en-unas-jornadas-que-acogera-condestable\\\/\",\"url\":\"https:\\\/\\\/www.laguiadepamplona.com\\\/actualidad\\\/los-derechos-culturales-como-pilares-de-la-salud-democratica-a-debate-en-unas-jornadas-que-acogera-condestable\\\/\",\"name\":\"Los derechos culturales como pilares de la salud democr\u00e1tica, a debate en unas jornadas que acoger\u00e1 Condestable\",\"isPartOf\":{\"@id\":\"https:\\\/\\\/www.laguiadepamplona.com\\\/actualidad\\\/#website\"},\"primaryImageOfPage\":{\"@id\":\"https:\\\/\\\/www.laguiadepamplona.com\\\/actualidad\\\/los-derechos-culturales-como-pilares-de-la-salud-democratica-a-debate-en-unas-jornadas-que-acogera-condestable\\\/#primaryimage\"},\"image\":{\"@id\":\"https:\\\/\\\/www.laguiadepamplona.com\\\/actualidad\\\/los-derechos-culturales-como-pilares-de-la-salud-democratica-a-debate-en-unas-jornadas-que-acogera-condestable\\\/#primaryimage\"},\"thumbnailUrl\":\"https:\\\/\\\/www.laguiadepamplona.com\\\/actualidad\\\/wp-content\\\/uploads\\\/2022\\\/05\\\/JORNADAS-EUSKO-IKASKUNTZA-768x424-1.jpg\",\"datePublished\":\"2022-05-23T10:27:57+00:00\",\"dateModified\":\"2023-04-11T09:48:09+00:00\",\"description\":\"El Ayuntamiento y Eusko Ikaskuntza organizan el pr\u00f3ximo viernes \u2018Derechos Culturales: pol\u00edticas de participaci\u00f3n y gobernanza\u2019\",\"breadcrumb\":{\"@id\":\"https:\\\/\\\/www.laguiadepamplona.com\\\/actualidad\\\/los-derechos-culturales-como-pilares-de-la-salud-democratica-a-debate-en-unas-jornadas-que-acogera-condestable\\\/#breadcrumb\"},\"inLanguage\":\"es\",\"potentialAction\":[{\"@type\":\"ReadAction\",\"target\":[\"https:\\\/\\\/www.laguiadepamplona.com\\\/actualidad\\\/los-derechos-culturales-como-pilares-de-la-salud-democratica-a-debate-en-unas-jornadas-que-acogera-condestable\\\/\"]}]},{\"@type\":\"ImageObject\",\"inLanguage\":\"es\",\"@id\":\"https:\\\/\\\/www.laguiadepamplona.com\\\/actualidad\\\/los-derechos-culturales-como-pilares-de-la-salud-democratica-a-debate-en-unas-jornadas-que-acogera-condestable\\\/#primaryimage\",\"url\":\"https:\\\/\\\/www.laguiadepamplona.com\\\/actualidad\\\/wp-content\\\/uploads\\\/2022\\\/05\\\/JORNADAS-EUSKO-IKASKUNTZA-768x424-1.jpg\",\"contentUrl\":\"https:\\\/\\\/www.laguiadepamplona.com\\\/actualidad\\\/wp-content\\\/uploads\\\/2022\\\/05\\\/JORNADAS-EUSKO-IKASKUNTZA-768x424-1.jpg\",\"width\":768,\"height\":424},{\"@type\":\"BreadcrumbList\",\"@id\":\"https:\\\/\\\/www.laguiadepamplona.com\\\/actualidad\\\/los-derechos-culturales-como-pilares-de-la-salud-democratica-a-debate-en-unas-jornadas-que-acogera-condestable\\\/#breadcrumb\",\"itemListElement\":[{\"@type\":\"ListItem\",\"position\":1,\"name\":\"Portada\",\"item\":\"https:\\\/\\\/www.laguiadepamplona.com\\\/actualidad\\\/\"},{\"@type\":\"ListItem\",\"position\":2,\"name\":\"Los derechos culturales como pilares de la salud democr\u00e1tica, a debate en unas jornadas que acoger\u00e1 Condestable\"}]},{\"@type\":\"WebSite\",\"@id\":\"https:\\\/\\\/www.laguiadepamplona.com\\\/actualidad\\\/#website\",\"url\":\"https:\\\/\\\/www.laguiadepamplona.com\\\/actualidad\\\/\",\"name\":\"La gu\u00eda de Pamplona\",\"description\":\"Noticias de Pamplona\",\"publisher\":{\"@id\":\"https:\\\/\\\/www.laguiadepamplona.com\\\/actualidad\\\/#organization\"},\"potentialAction\":[{\"@type\":\"SearchAction\",\"target\":{\"@type\":\"EntryPoint\",\"urlTemplate\":\"https:\\\/\\\/www.laguiadepamplona.com\\\/actualidad\\\/?s={search_term_string}\"},\"query-input\":{\"@type\":\"PropertyValueSpecification\",\"valueRequired\":true,\"valueName\":\"search_term_string\"}}],\"inLanguage\":\"es\"},{\"@type\":\"Organization\",\"@id\":\"https:\\\/\\\/www.laguiadepamplona.com\\\/actualidad\\\/#organization\",\"name\":\"La Gu\u00eda de Pamplona \\\/ Noticias\",\"url\":\"https:\\\/\\\/www.laguiadepamplona.com\\\/actualidad\\\/\",\"logo\":{\"@type\":\"ImageObject\",\"inLanguage\":\"es\",\"@id\":\"https:\\\/\\\/www.laguiadepamplona.com\\\/actualidad\\\/#\\\/schema\\\/logo\\\/image\\\/\",\"url\":\"https:\\\/\\\/www.laguiadepamplona.com\\\/actualidad\\\/wp-content\\\/uploads\\\/2018\\\/11\\\/logo-laguiadepamplona18-web1.png\",\"contentUrl\":\"https:\\\/\\\/www.laguiadepamplona.com\\\/actualidad\\\/wp-content\\\/uploads\\\/2018\\\/11\\\/logo-laguiadepamplona18-web1.png\",\"width\":600,\"height\":196,\"caption\":\"La Gu\u00eda de Pamplona \\\/ Noticias\"},\"image\":{\"@id\":\"https:\\\/\\\/www.laguiadepamplona.com\\\/actualidad\\\/#\\\/schema\\\/logo\\\/image\\\/\"},\"sameAs\":[\"https:\\\/\\\/www.facebook.com\\\/laguiadepamplonacom-133175176762273\\\/?ref=hl\",\"https:\\\/\\\/x.com\\\/LaGuiadPamplona\",\"https:\\\/\\\/www.instagram.com\\\/la_guia_de_pamplona\\\/\",\"https:\\\/\\\/www.youtube.com\\\/user\\\/laguiadepamplona\"]},{\"@type\":\"Person\",\"@id\":\"https:\\\/\\\/www.laguiadepamplona.com\\\/actualidad\\\/#\\\/schema\\\/person\\\/efe887376f0213d4657c93adc50b1fdb\",\"name\":\"La Gu\u00eda de Pamplona\",\"image\":{\"@type\":\"ImageObject\",\"inLanguage\":\"es\",\"@id\":\"https:\\\/\\\/secure.gravatar.com\\\/avatar\\\/b6992f131dc8d30ab0dff15446e9d346d9dbd95992de0fef795073f5ea83a81c?s=96&d=mm&r=g\",\"url\":\"https:\\\/\\\/secure.gravatar.com\\\/avatar\\\/b6992f131dc8d30ab0dff15446e9d346d9dbd95992de0fef795073f5ea83a81c?s=96&d=mm&r=g\",\"contentUrl\":\"https:\\\/\\\/secure.gravatar.com\\\/avatar\\\/b6992f131dc8d30ab0dff15446e9d346d9dbd95992de0fef795073f5ea83a81c?s=96&d=mm&r=g\",\"caption\":\"La Gu\u00eda de Pamplona\"}}]}<\/script>\n<!-- \/ Yoast SEO plugin. -->","yoast_head_json":{"title":"Los derechos culturales como pilares de la salud democr\u00e1tica, a debate en unas jornadas que acoger\u00e1 Condestable","description":"El Ayuntamiento y Eusko Ikaskuntza organizan el pr\u00f3ximo viernes \u2018Derechos Culturales: pol\u00edticas de participaci\u00f3n y gobernanza\u2019","robots":{"index":"index","follow":"follow","max-snippet":"max-snippet:-1","max-image-preview":"max-image-preview:large","max-video-preview":"max-video-preview:-1"},"canonical":"https:\/\/www.laguiadepamplona.com\/actualidad\/los-derechos-culturales-como-pilares-de-la-salud-democratica-a-debate-en-unas-jornadas-que-acogera-condestable\/","og_locale":"es_ES","og_type":"article","og_title":"Los derechos culturales como pilares de la salud democr\u00e1tica, a debate en unas jornadas que acoger\u00e1 Condestable","og_description":"El Ayuntamiento y Eusko Ikaskuntza organizan el pr\u00f3ximo viernes \u2018Derechos Culturales: pol\u00edticas de participaci\u00f3n y gobernanza\u2019","og_url":"https:\/\/www.laguiadepamplona.com\/actualidad\/los-derechos-culturales-como-pilares-de-la-salud-democratica-a-debate-en-unas-jornadas-que-acogera-condestable\/","og_site_name":"La Gu\u00eda de Pamplona","article_publisher":"https:\/\/www.facebook.com\/laguiadepamplonacom-133175176762273\/?ref=hl","article_published_time":"2022-05-23T10:27:57+00:00","article_modified_time":"2023-04-11T09:48:09+00:00","og_image":[{"width":768,"height":424,"url":"https:\/\/www.laguiadepamplona.com\/actualidad\/wp-content\/uploads\/2022\/05\/JORNADAS-EUSKO-IKASKUNTZA-768x424-1.jpg","type":"image\/jpeg"}],"author":"La Gu\u00eda de Pamplona","twitter_card":"summary_large_image","twitter_creator":"@LaGuiadPamplona","twitter_site":"@LaGuiadPamplona","twitter_misc":{"Escrito por":"La Gu\u00eda de Pamplona","Tiempo de lectura":"2 minutos"},"schema":{"@context":"https:\/\/schema.org","@graph":[{"@type":"Article","@id":"https:\/\/www.laguiadepamplona.com\/actualidad\/los-derechos-culturales-como-pilares-de-la-salud-democratica-a-debate-en-unas-jornadas-que-acogera-condestable\/#article","isPartOf":{"@id":"https:\/\/www.laguiadepamplona.com\/actualidad\/los-derechos-culturales-como-pilares-de-la-salud-democratica-a-debate-en-unas-jornadas-que-acogera-condestable\/"},"author":{"name":"La Gu\u00eda de Pamplona","@id":"https:\/\/www.laguiadepamplona.com\/actualidad\/#\/schema\/person\/efe887376f0213d4657c93adc50b1fdb"},"headline":"Los derechos culturales como pilares de la salud democr\u00e1tica, a debate en unas jornadas que acoger\u00e1 Condestable","datePublished":"2022-05-23T10:27:57+00:00","dateModified":"2023-04-11T09:48:09+00:00","mainEntityOfPage":{"@id":"https:\/\/www.laguiadepamplona.com\/actualidad\/los-derechos-culturales-como-pilares-de-la-salud-democratica-a-debate-en-unas-jornadas-que-acogera-condestable\/"},"wordCount":422,"commentCount":0,"publisher":{"@id":"https:\/\/www.laguiadepamplona.com\/actualidad\/#organization"},"image":{"@id":"https:\/\/www.laguiadepamplona.com\/actualidad\/los-derechos-culturales-como-pilares-de-la-salud-democratica-a-debate-en-unas-jornadas-que-acogera-condestable\/#primaryimage"},"thumbnailUrl":"https:\/\/www.laguiadepamplona.com\/actualidad\/wp-content\/uploads\/2022\/05\/JORNADAS-EUSKO-IKASKUNTZA-768x424-1.jpg","articleSection":["Ayto Pamplona"],"inLanguage":"es","potentialAction":[{"@type":"CommentAction","name":"Comment","target":["https:\/\/www.laguiadepamplona.com\/actualidad\/los-derechos-culturales-como-pilares-de-la-salud-democratica-a-debate-en-unas-jornadas-que-acogera-condestable\/#respond"]}]},{"@type":"WebPage","@id":"https:\/\/www.laguiadepamplona.com\/actualidad\/los-derechos-culturales-como-pilares-de-la-salud-democratica-a-debate-en-unas-jornadas-que-acogera-condestable\/","url":"https:\/\/www.laguiadepamplona.com\/actualidad\/los-derechos-culturales-como-pilares-de-la-salud-democratica-a-debate-en-unas-jornadas-que-acogera-condestable\/","name":"Los derechos culturales como pilares de la salud democr\u00e1tica, a debate en unas jornadas que acoger\u00e1 Condestable","isPartOf":{"@id":"https:\/\/www.laguiadepamplona.com\/actualidad\/#website"},"primaryImageOfPage":{"@id":"https:\/\/www.laguiadepamplona.com\/actualidad\/los-derechos-culturales-como-pilares-de-la-salud-democratica-a-debate-en-unas-jornadas-que-acogera-condestable\/#primaryimage"},"image":{"@id":"https:\/\/www.laguiadepamplona.com\/actualidad\/los-derechos-culturales-como-pilares-de-la-salud-democratica-a-debate-en-unas-jornadas-que-acogera-condestable\/#primaryimage"},"thumbnailUrl":"https:\/\/www.laguiadepamplona.com\/actualidad\/wp-content\/uploads\/2022\/05\/JORNADAS-EUSKO-IKASKUNTZA-768x424-1.jpg","datePublished":"2022-05-23T10:27:57+00:00","dateModified":"2023-04-11T09:48:09+00:00","description":"El Ayuntamiento y Eusko Ikaskuntza organizan el pr\u00f3ximo viernes \u2018Derechos Culturales: pol\u00edticas de participaci\u00f3n y gobernanza\u2019","breadcrumb":{"@id":"https:\/\/www.laguiadepamplona.com\/actualidad\/los-derechos-culturales-como-pilares-de-la-salud-democratica-a-debate-en-unas-jornadas-que-acogera-condestable\/#breadcrumb"},"inLanguage":"es","potentialAction":[{"@type":"ReadAction","target":["https:\/\/www.laguiadepamplona.com\/actualidad\/los-derechos-culturales-como-pilares-de-la-salud-democratica-a-debate-en-unas-jornadas-que-acogera-condestable\/"]}]},{"@type":"ImageObject","inLanguage":"es","@id":"https:\/\/www.laguiadepamplona.com\/actualidad\/los-derechos-culturales-como-pilares-de-la-salud-democratica-a-debate-en-unas-jornadas-que-acogera-condestable\/#primaryimage","url":"https:\/\/www.laguiadepamplona.com\/actualidad\/wp-content\/uploads\/2022\/05\/JORNADAS-EUSKO-IKASKUNTZA-768x424-1.jpg","contentUrl":"https:\/\/www.laguiadepamplona.com\/actualidad\/wp-content\/uploads\/2022\/05\/JORNADAS-EUSKO-IKASKUNTZA-768x424-1.jpg","width":768,"height":424},{"@type":"BreadcrumbList","@id":"https:\/\/www.laguiadepamplona.com\/actualidad\/los-derechos-culturales-como-pilares-de-la-salud-democratica-a-debate-en-unas-jornadas-que-acogera-condestable\/#breadcrumb","itemListElement":[{"@type":"ListItem","position":1,"name":"Portada","item":"https:\/\/www.laguiadepamplona.com\/actualidad\/"},{"@type":"ListItem","position":2,"name":"Los derechos culturales como pilares de la salud democr\u00e1tica, a debate en unas jornadas que acoger\u00e1 Condestable"}]},{"@type":"WebSite","@id":"https:\/\/www.laguiadepamplona.com\/actualidad\/#website","url":"https:\/\/www.laguiadepamplona.com\/actualidad\/","name":"La gu\u00eda de Pamplona","description":"Noticias de Pamplona","publisher":{"@id":"https:\/\/www.laguiadepamplona.com\/actualidad\/#organization"},"potentialAction":[{"@type":"SearchAction","target":{"@type":"EntryPoint","urlTemplate":"https:\/\/www.laguiadepamplona.com\/actualidad\/?s={search_term_string}"},"query-input":{"@type":"PropertyValueSpecification","valueRequired":true,"valueName":"search_term_string"}}],"inLanguage":"es"},{"@type":"Organization","@id":"https:\/\/www.laguiadepamplona.com\/actualidad\/#organization","name":"La Gu\u00eda de Pamplona \/ Noticias","url":"https:\/\/www.laguiadepamplona.com\/actualidad\/","logo":{"@type":"ImageObject","inLanguage":"es","@id":"https:\/\/www.laguiadepamplona.com\/actualidad\/#\/schema\/logo\/image\/","url":"https:\/\/www.laguiadepamplona.com\/actualidad\/wp-content\/uploads\/2018\/11\/logo-laguiadepamplona18-web1.png","contentUrl":"https:\/\/www.laguiadepamplona.com\/actualidad\/wp-content\/uploads\/2018\/11\/logo-laguiadepamplona18-web1.png","width":600,"height":196,"caption":"La Gu\u00eda de Pamplona \/ Noticias"},"image":{"@id":"https:\/\/www.laguiadepamplona.com\/actualidad\/#\/schema\/logo\/image\/"},"sameAs":["https:\/\/www.facebook.com\/laguiadepamplonacom-133175176762273\/?ref=hl","https:\/\/x.com\/LaGuiadPamplona","https:\/\/www.instagram.com\/la_guia_de_pamplona\/","https:\/\/www.youtube.com\/user\/laguiadepamplona"]},{"@type":"Person","@id":"https:\/\/www.laguiadepamplona.com\/actualidad\/#\/schema\/person\/efe887376f0213d4657c93adc50b1fdb","name":"La Gu\u00eda de Pamplona","image":{"@type":"ImageObject","inLanguage":"es","@id":"https:\/\/secure.gravatar.com\/avatar\/b6992f131dc8d30ab0dff15446e9d346d9dbd95992de0fef795073f5ea83a81c?s=96&d=mm&r=g","url":"https:\/\/secure.gravatar.com\/avatar\/b6992f131dc8d30ab0dff15446e9d346d9dbd95992de0fef795073f5ea83a81c?s=96&d=mm&r=g","contentUrl":"https:\/\/secure.gravatar.com\/avatar\/b6992f131dc8d30ab0dff15446e9d346d9dbd95992de0fef795073f5ea83a81c?s=96&d=mm&r=g","caption":"La Gu\u00eda de Pamplona"}}]}},"post_mailing_queue_ids":[],"_links":{"self":[{"href":"https:\/\/www.laguiadepamplona.com\/actualidad\/wp-json\/wp\/v2\/posts\/40438","targetHints":{"allow":["GET"]}}],"collection":[{"href":"https:\/\/www.laguiadepamplona.com\/actualidad\/wp-json\/wp\/v2\/posts"}],"about":[{"href":"https:\/\/www.laguiadepamplona.com\/actualidad\/wp-json\/wp\/v2\/types\/post"}],"author":[{"embeddable":true,"href":"https:\/\/www.laguiadepamplona.com\/actualidad\/wp-json\/wp\/v2\/users\/1"}],"replies":[{"embeddable":true,"href":"https:\/\/www.laguiadepamplona.com\/actualidad\/wp-json\/wp\/v2\/comments?post=40438"}],"version-history":[{"count":0,"href":"https:\/\/www.laguiadepamplona.com\/actualidad\/wp-json\/wp\/v2\/posts\/40438\/revisions"}],"wp:featuredmedia":[{"embeddable":true,"href":"https:\/\/www.laguiadepamplona.com\/actualidad\/wp-json\/wp\/v2\/media\/40439"}],"wp:attachment":[{"href":"https:\/\/www.laguiadepamplona.com\/actualidad\/wp-json\/wp\/v2\/media?parent=40438"}],"wp:term":[{"taxonomy":"category","embeddable":true,"href":"https:\/\/www.laguiadepamplona.com\/actualidad\/wp-json\/wp\/v2\/categories?post=40438"},{"taxonomy":"post_tag","embeddable":true,"href":"https:\/\/www.laguiadepamplona.com\/actualidad\/wp-json\/wp\/v2\/tags?post=40438"}],"curies":[{"name":"wp","href":"https:\/\/api.w.org\/{rel}","templated":true}]}}