{"id":40436,"date":"2022-05-23T12:26:21","date_gmt":"2022-05-23T10:26:21","guid":{"rendered":"https:\/\/www.laguiadepamplona.com\/actualidad\/?p=40436"},"modified":"2023-04-11T11:48:09","modified_gmt":"2023-04-11T09:48:09","slug":"manana-martes-la-fachada-de-la-casa-consistorial-se-ilumina-de-color-naranja-con-motivo-del-dia-nacional-de-la-epilepsia","status":"publish","type":"post","link":"https:\/\/www.laguiadepamplona.com\/actualidad\/manana-martes-la-fachada-de-la-casa-consistorial-se-ilumina-de-color-naranja-con-motivo-del-dia-nacional-de-la-epilepsia\/","title":{"rendered":"Ma\u00f1ana martes la fachada de la Casa Consistorial se ilumina de color naranja con motivo del D\u00eda Nacional de la Epilepsia"},"content":{"rendered":"<p><!--more--><\/p>\n<p>La fachada de la Casa Consistorial se ilumina ma\u00f1ana martes de color naranja por la celebraci\u00f3n del D\u00eda Nacional de la Epilepsia. El Ayuntamiento de Pamplona se suma as\u00ed a esta iniciativa solicitada por la Asociaci\u00f3n Nacional de Personas con Epilepsia (ANPE) para visibilizar y sensibilizar sobre este trastorno. Seg\u00fan la Sociedad Espa\u00f1ola de Neurolog\u00eda, la epilepsia afecta a unas 400.000 personas en Espa\u00f1a.<br \/>\n<script async src=\"\/\/pagead2.googlesyndication.com\/pagead\/js\/adsbygoogle.js\"><\/script><br \/>\n<!-- Noticias La Guia de Pamplona --><br \/>\n<ins class=\"adsbygoogle\"\nstyle=\"display:block\"\ndata-ad-client=\"ca-pub-6943679897239327\"\ndata-ad-slot=\"7048180777\"\ndata-ad-format=\"auto\"><\/ins><br \/>\n<script>\n(adsbygoogle = window.adsbygoogle || []).push({});\n<\/script><\/p>\n<p>La epilepsia es un trastorno neurol\u00f3gico cr\u00f3nico derivado del funcionamiento anormal de un grupo de neuronas que se produce de forma espor\u00e1dica en una zona concreta del cerebro, manifest\u00e1ndose en forma de diferentes tipos de crisis y convulsiones recurrentes. Estas convulsiones son episodios breves de movimientos involuntarios que pueden afectar a una parte del cuerpo (convulsiones parciales) o a su totalidad (convulsiones generalizadas) y, a veces, se acompa\u00f1an de p\u00e9rdida de la consciencia y del control de esf\u00ednteres.<\/p>\n<p>Los episodios de convulsiones se deben a descargas el\u00e9ctricas excesivas de grupos de c\u00e9lulas cerebrales. Las convulsiones pueden ir desde episodios muy breves de ausencia o de contracciones musculares hasta convulsiones prolongadas y graves. Su frecuencia tambi\u00e9n puede variar desde menos de una al a\u00f1o hasta varias al d\u00eda. La epilepsia es uno de los trastornos reconocidos neurol\u00f3gicos m\u00e1s antiguos del mundo, sobre el cual existen registros escritos que se remontan al 4.000 a.c.<br \/>\n<script async src=\"\/\/pagead2.googlesyndication.com\/pagead\/js\/adsbygoogle.js\"><\/script><br \/>\n<!-- Noticias La Guia de Pamplona --><br \/>\n<ins class=\"adsbygoogle\"\nstyle=\"display:block\"\ndata-ad-client=\"ca-pub-6943679897239327\"\ndata-ad-slot=\"7048180777\"\ndata-ad-format=\"auto\"><\/ins><br \/>\n<script>\n(adsbygoogle = window.adsbygoogle || []).push({});\n<\/script><\/p>\n<p>Hasta hace poco tiempo una sola convulsi\u00f3n no significaba epilepsia (hasta un 10% de la poblaci\u00f3n mundial sufre una convulsi\u00f3n a lo largo de su vida),\u00a0pero los \u00faltimos datos de la Liga Internacional de la Epilepsia (ILAE) determinan que si una persona sufre una crisis y existen factores que hagan pensar que se pueden originar m\u00e1s crisis, s\u00ed se empieza a considerar que puede existir una epilepsia de fondo.<\/p>\n","protected":false},"excerpt":{"rendered":"","protected":false},"author":1,"featured_media":34649,"comment_status":"open","ping_status":"closed","sticky":false,"template":"","format":"standard","meta":{"footnotes":""},"categories":[2],"tags":[],"class_list":["post-40436","post","type-post","status-publish","format-standard","has-post-thumbnail","hentry","category-ayuntamiento-pamplona"],"yoast_head":"<!-- This site is optimized with the Yoast SEO plugin v27.3 - https:\/\/yoast.com\/product\/yoast-seo-wordpress\/ -->\n<title>Ma\u00f1ana martes la fachada de la Casa Consistorial se ilumina de color naranja con motivo del D\u00eda Nacional de la Epilepsia<\/title>\n<meta name=\"description\" content=\"La epilepsia es un trastorno neurol\u00f3gico cr\u00f3nico derivado del funcionamiento anormal de un grupo de neuronas que se produce de forma espor\u00e1dica\" \/>\n<meta name=\"robots\" content=\"index, follow, max-snippet:-1, max-image-preview:large, max-video-preview:-1\" \/>\n<link rel=\"canonical\" href=\"https:\/\/www.laguiadepamplona.com\/actualidad\/manana-martes-la-fachada-de-la-casa-consistorial-se-ilumina-de-color-naranja-con-motivo-del-dia-nacional-de-la-epilepsia\/\" \/>\n<meta property=\"og:locale\" content=\"es_ES\" \/>\n<meta property=\"og:type\" content=\"article\" \/>\n<meta property=\"og:title\" content=\"Ma\u00f1ana martes la fachada de la Casa Consistorial se ilumina de color naranja con motivo del D\u00eda Nacional de la Epilepsia\" \/>\n<meta property=\"og:description\" content=\"La epilepsia es un trastorno neurol\u00f3gico cr\u00f3nico derivado del funcionamiento anormal de un grupo de neuronas que se produce de forma espor\u00e1dica\" \/>\n<meta property=\"og:url\" content=\"https:\/\/www.laguiadepamplona.com\/actualidad\/manana-martes-la-fachada-de-la-casa-consistorial-se-ilumina-de-color-naranja-con-motivo-del-dia-nacional-de-la-epilepsia\/\" \/>\n<meta property=\"og:site_name\" content=\"La Gu\u00eda de Pamplona\" \/>\n<meta property=\"article:publisher\" content=\"https:\/\/www.facebook.com\/laguiadepamplonacom-133175176762273\/?ref=hl\" \/>\n<meta property=\"article:published_time\" content=\"2022-05-23T10:26:21+00:00\" \/>\n<meta property=\"article:modified_time\" content=\"2023-04-11T09:48:09+00:00\" \/>\n<meta property=\"og:image\" content=\"https:\/\/www.laguiadepamplona.com\/actualidad\/wp-content\/uploads\/2021\/05\/Ayuntamiento_iluminacion_amarillo_nocturna.jpg\" \/>\n\t<meta property=\"og:image:width\" content=\"1529\" \/>\n\t<meta property=\"og:image:height\" content=\"1019\" \/>\n\t<meta property=\"og:image:type\" content=\"image\/jpeg\" \/>\n<meta name=\"author\" content=\"La Gu\u00eda de Pamplona\" \/>\n<meta name=\"twitter:card\" content=\"summary_large_image\" \/>\n<meta name=\"twitter:creator\" content=\"@LaGuiadPamplona\" \/>\n<meta name=\"twitter:site\" content=\"@LaGuiadPamplona\" \/>\n<meta name=\"twitter:label1\" content=\"Escrito por\" \/>\n\t<meta name=\"twitter:data1\" content=\"La Gu\u00eda de Pamplona\" \/>\n\t<meta name=\"twitter:label2\" content=\"Tiempo de lectura\" \/>\n\t<meta name=\"twitter:data2\" content=\"2 minutos\" \/>\n<script type=\"application\/ld+json\" class=\"yoast-schema-graph\">{\"@context\":\"https:\\\/\\\/schema.org\",\"@graph\":[{\"@type\":\"Article\",\"@id\":\"https:\\\/\\\/www.laguiadepamplona.com\\\/actualidad\\\/manana-martes-la-fachada-de-la-casa-consistorial-se-ilumina-de-color-naranja-con-motivo-del-dia-nacional-de-la-epilepsia\\\/#article\",\"isPartOf\":{\"@id\":\"https:\\\/\\\/www.laguiadepamplona.com\\\/actualidad\\\/manana-martes-la-fachada-de-la-casa-consistorial-se-ilumina-de-color-naranja-con-motivo-del-dia-nacional-de-la-epilepsia\\\/\"},\"author\":{\"name\":\"La Gu\u00eda de Pamplona\",\"@id\":\"https:\\\/\\\/www.laguiadepamplona.com\\\/actualidad\\\/#\\\/schema\\\/person\\\/efe887376f0213d4657c93adc50b1fdb\"},\"headline\":\"Ma\u00f1ana martes la fachada de la Casa Consistorial se ilumina de color naranja con motivo del D\u00eda Nacional de la Epilepsia\",\"datePublished\":\"2022-05-23T10:26:21+00:00\",\"dateModified\":\"2023-04-11T09:48:09+00:00\",\"mainEntityOfPage\":{\"@id\":\"https:\\\/\\\/www.laguiadepamplona.com\\\/actualidad\\\/manana-martes-la-fachada-de-la-casa-consistorial-se-ilumina-de-color-naranja-con-motivo-del-dia-nacional-de-la-epilepsia\\\/\"},\"wordCount\":333,\"commentCount\":0,\"publisher\":{\"@id\":\"https:\\\/\\\/www.laguiadepamplona.com\\\/actualidad\\\/#organization\"},\"image\":{\"@id\":\"https:\\\/\\\/www.laguiadepamplona.com\\\/actualidad\\\/manana-martes-la-fachada-de-la-casa-consistorial-se-ilumina-de-color-naranja-con-motivo-del-dia-nacional-de-la-epilepsia\\\/#primaryimage\"},\"thumbnailUrl\":\"https:\\\/\\\/www.laguiadepamplona.com\\\/actualidad\\\/wp-content\\\/uploads\\\/2021\\\/05\\\/Ayuntamiento_iluminacion_amarillo_nocturna.jpg\",\"articleSection\":[\"Ayto Pamplona\"],\"inLanguage\":\"es\",\"potentialAction\":[{\"@type\":\"CommentAction\",\"name\":\"Comment\",\"target\":[\"https:\\\/\\\/www.laguiadepamplona.com\\\/actualidad\\\/manana-martes-la-fachada-de-la-casa-consistorial-se-ilumina-de-color-naranja-con-motivo-del-dia-nacional-de-la-epilepsia\\\/#respond\"]}]},{\"@type\":\"WebPage\",\"@id\":\"https:\\\/\\\/www.laguiadepamplona.com\\\/actualidad\\\/manana-martes-la-fachada-de-la-casa-consistorial-se-ilumina-de-color-naranja-con-motivo-del-dia-nacional-de-la-epilepsia\\\/\",\"url\":\"https:\\\/\\\/www.laguiadepamplona.com\\\/actualidad\\\/manana-martes-la-fachada-de-la-casa-consistorial-se-ilumina-de-color-naranja-con-motivo-del-dia-nacional-de-la-epilepsia\\\/\",\"name\":\"Ma\u00f1ana martes la fachada de la Casa Consistorial se ilumina de color naranja con motivo del D\u00eda Nacional de la Epilepsia\",\"isPartOf\":{\"@id\":\"https:\\\/\\\/www.laguiadepamplona.com\\\/actualidad\\\/#website\"},\"primaryImageOfPage\":{\"@id\":\"https:\\\/\\\/www.laguiadepamplona.com\\\/actualidad\\\/manana-martes-la-fachada-de-la-casa-consistorial-se-ilumina-de-color-naranja-con-motivo-del-dia-nacional-de-la-epilepsia\\\/#primaryimage\"},\"image\":{\"@id\":\"https:\\\/\\\/www.laguiadepamplona.com\\\/actualidad\\\/manana-martes-la-fachada-de-la-casa-consistorial-se-ilumina-de-color-naranja-con-motivo-del-dia-nacional-de-la-epilepsia\\\/#primaryimage\"},\"thumbnailUrl\":\"https:\\\/\\\/www.laguiadepamplona.com\\\/actualidad\\\/wp-content\\\/uploads\\\/2021\\\/05\\\/Ayuntamiento_iluminacion_amarillo_nocturna.jpg\",\"datePublished\":\"2022-05-23T10:26:21+00:00\",\"dateModified\":\"2023-04-11T09:48:09+00:00\",\"description\":\"La epilepsia es un trastorno neurol\u00f3gico cr\u00f3nico derivado del funcionamiento anormal de un grupo de neuronas que se produce de forma espor\u00e1dica\",\"breadcrumb\":{\"@id\":\"https:\\\/\\\/www.laguiadepamplona.com\\\/actualidad\\\/manana-martes-la-fachada-de-la-casa-consistorial-se-ilumina-de-color-naranja-con-motivo-del-dia-nacional-de-la-epilepsia\\\/#breadcrumb\"},\"inLanguage\":\"es\",\"potentialAction\":[{\"@type\":\"ReadAction\",\"target\":[\"https:\\\/\\\/www.laguiadepamplona.com\\\/actualidad\\\/manana-martes-la-fachada-de-la-casa-consistorial-se-ilumina-de-color-naranja-con-motivo-del-dia-nacional-de-la-epilepsia\\\/\"]}]},{\"@type\":\"ImageObject\",\"inLanguage\":\"es\",\"@id\":\"https:\\\/\\\/www.laguiadepamplona.com\\\/actualidad\\\/manana-martes-la-fachada-de-la-casa-consistorial-se-ilumina-de-color-naranja-con-motivo-del-dia-nacional-de-la-epilepsia\\\/#primaryimage\",\"url\":\"https:\\\/\\\/www.laguiadepamplona.com\\\/actualidad\\\/wp-content\\\/uploads\\\/2021\\\/05\\\/Ayuntamiento_iluminacion_amarillo_nocturna.jpg\",\"contentUrl\":\"https:\\\/\\\/www.laguiadepamplona.com\\\/actualidad\\\/wp-content\\\/uploads\\\/2021\\\/05\\\/Ayuntamiento_iluminacion_amarillo_nocturna.jpg\",\"width\":1529,\"height\":1019},{\"@type\":\"BreadcrumbList\",\"@id\":\"https:\\\/\\\/www.laguiadepamplona.com\\\/actualidad\\\/manana-martes-la-fachada-de-la-casa-consistorial-se-ilumina-de-color-naranja-con-motivo-del-dia-nacional-de-la-epilepsia\\\/#breadcrumb\",\"itemListElement\":[{\"@type\":\"ListItem\",\"position\":1,\"name\":\"Portada\",\"item\":\"https:\\\/\\\/www.laguiadepamplona.com\\\/actualidad\\\/\"},{\"@type\":\"ListItem\",\"position\":2,\"name\":\"Ma\u00f1ana martes la fachada de la Casa Consistorial se ilumina de color naranja con motivo del D\u00eda Nacional de la Epilepsia\"}]},{\"@type\":\"WebSite\",\"@id\":\"https:\\\/\\\/www.laguiadepamplona.com\\\/actualidad\\\/#website\",\"url\":\"https:\\\/\\\/www.laguiadepamplona.com\\\/actualidad\\\/\",\"name\":\"La gu\u00eda de Pamplona\",\"description\":\"Noticias de Pamplona\",\"publisher\":{\"@id\":\"https:\\\/\\\/www.laguiadepamplona.com\\\/actualidad\\\/#organization\"},\"potentialAction\":[{\"@type\":\"SearchAction\",\"target\":{\"@type\":\"EntryPoint\",\"urlTemplate\":\"https:\\\/\\\/www.laguiadepamplona.com\\\/actualidad\\\/?s={search_term_string}\"},\"query-input\":{\"@type\":\"PropertyValueSpecification\",\"valueRequired\":true,\"valueName\":\"search_term_string\"}}],\"inLanguage\":\"es\"},{\"@type\":\"Organization\",\"@id\":\"https:\\\/\\\/www.laguiadepamplona.com\\\/actualidad\\\/#organization\",\"name\":\"La Gu\u00eda de Pamplona \\\/ Noticias\",\"url\":\"https:\\\/\\\/www.laguiadepamplona.com\\\/actualidad\\\/\",\"logo\":{\"@type\":\"ImageObject\",\"inLanguage\":\"es\",\"@id\":\"https:\\\/\\\/www.laguiadepamplona.com\\\/actualidad\\\/#\\\/schema\\\/logo\\\/image\\\/\",\"url\":\"https:\\\/\\\/www.laguiadepamplona.com\\\/actualidad\\\/wp-content\\\/uploads\\\/2018\\\/11\\\/logo-laguiadepamplona18-web1.png\",\"contentUrl\":\"https:\\\/\\\/www.laguiadepamplona.com\\\/actualidad\\\/wp-content\\\/uploads\\\/2018\\\/11\\\/logo-laguiadepamplona18-web1.png\",\"width\":600,\"height\":196,\"caption\":\"La Gu\u00eda de Pamplona \\\/ Noticias\"},\"image\":{\"@id\":\"https:\\\/\\\/www.laguiadepamplona.com\\\/actualidad\\\/#\\\/schema\\\/logo\\\/image\\\/\"},\"sameAs\":[\"https:\\\/\\\/www.facebook.com\\\/laguiadepamplonacom-133175176762273\\\/?ref=hl\",\"https:\\\/\\\/x.com\\\/LaGuiadPamplona\",\"https:\\\/\\\/www.instagram.com\\\/la_guia_de_pamplona\\\/\",\"https:\\\/\\\/www.youtube.com\\\/user\\\/laguiadepamplona\"]},{\"@type\":\"Person\",\"@id\":\"https:\\\/\\\/www.laguiadepamplona.com\\\/actualidad\\\/#\\\/schema\\\/person\\\/efe887376f0213d4657c93adc50b1fdb\",\"name\":\"La Gu\u00eda de Pamplona\",\"image\":{\"@type\":\"ImageObject\",\"inLanguage\":\"es\",\"@id\":\"https:\\\/\\\/secure.gravatar.com\\\/avatar\\\/b6992f131dc8d30ab0dff15446e9d346d9dbd95992de0fef795073f5ea83a81c?s=96&d=mm&r=g\",\"url\":\"https:\\\/\\\/secure.gravatar.com\\\/avatar\\\/b6992f131dc8d30ab0dff15446e9d346d9dbd95992de0fef795073f5ea83a81c?s=96&d=mm&r=g\",\"contentUrl\":\"https:\\\/\\\/secure.gravatar.com\\\/avatar\\\/b6992f131dc8d30ab0dff15446e9d346d9dbd95992de0fef795073f5ea83a81c?s=96&d=mm&r=g\",\"caption\":\"La Gu\u00eda de Pamplona\"}}]}<\/script>\n<!-- \/ Yoast SEO plugin. -->","yoast_head_json":{"title":"Ma\u00f1ana martes la fachada de la Casa Consistorial se ilumina de color naranja con motivo del D\u00eda Nacional de la Epilepsia","description":"La epilepsia es un trastorno neurol\u00f3gico cr\u00f3nico derivado del funcionamiento anormal de un grupo de neuronas que se produce de forma espor\u00e1dica","robots":{"index":"index","follow":"follow","max-snippet":"max-snippet:-1","max-image-preview":"max-image-preview:large","max-video-preview":"max-video-preview:-1"},"canonical":"https:\/\/www.laguiadepamplona.com\/actualidad\/manana-martes-la-fachada-de-la-casa-consistorial-se-ilumina-de-color-naranja-con-motivo-del-dia-nacional-de-la-epilepsia\/","og_locale":"es_ES","og_type":"article","og_title":"Ma\u00f1ana martes la fachada de la Casa Consistorial se ilumina de color naranja con motivo del D\u00eda Nacional de la Epilepsia","og_description":"La epilepsia es un trastorno neurol\u00f3gico cr\u00f3nico derivado del funcionamiento anormal de un grupo de neuronas que se produce de forma espor\u00e1dica","og_url":"https:\/\/www.laguiadepamplona.com\/actualidad\/manana-martes-la-fachada-de-la-casa-consistorial-se-ilumina-de-color-naranja-con-motivo-del-dia-nacional-de-la-epilepsia\/","og_site_name":"La Gu\u00eda de Pamplona","article_publisher":"https:\/\/www.facebook.com\/laguiadepamplonacom-133175176762273\/?ref=hl","article_published_time":"2022-05-23T10:26:21+00:00","article_modified_time":"2023-04-11T09:48:09+00:00","og_image":[{"width":1529,"height":1019,"url":"https:\/\/www.laguiadepamplona.com\/actualidad\/wp-content\/uploads\/2021\/05\/Ayuntamiento_iluminacion_amarillo_nocturna.jpg","type":"image\/jpeg"}],"author":"La Gu\u00eda de Pamplona","twitter_card":"summary_large_image","twitter_creator":"@LaGuiadPamplona","twitter_site":"@LaGuiadPamplona","twitter_misc":{"Escrito por":"La Gu\u00eda de Pamplona","Tiempo de lectura":"2 minutos"},"schema":{"@context":"https:\/\/schema.org","@graph":[{"@type":"Article","@id":"https:\/\/www.laguiadepamplona.com\/actualidad\/manana-martes-la-fachada-de-la-casa-consistorial-se-ilumina-de-color-naranja-con-motivo-del-dia-nacional-de-la-epilepsia\/#article","isPartOf":{"@id":"https:\/\/www.laguiadepamplona.com\/actualidad\/manana-martes-la-fachada-de-la-casa-consistorial-se-ilumina-de-color-naranja-con-motivo-del-dia-nacional-de-la-epilepsia\/"},"author":{"name":"La Gu\u00eda de Pamplona","@id":"https:\/\/www.laguiadepamplona.com\/actualidad\/#\/schema\/person\/efe887376f0213d4657c93adc50b1fdb"},"headline":"Ma\u00f1ana martes la fachada de la Casa Consistorial se ilumina de color naranja con motivo del D\u00eda Nacional de la Epilepsia","datePublished":"2022-05-23T10:26:21+00:00","dateModified":"2023-04-11T09:48:09+00:00","mainEntityOfPage":{"@id":"https:\/\/www.laguiadepamplona.com\/actualidad\/manana-martes-la-fachada-de-la-casa-consistorial-se-ilumina-de-color-naranja-con-motivo-del-dia-nacional-de-la-epilepsia\/"},"wordCount":333,"commentCount":0,"publisher":{"@id":"https:\/\/www.laguiadepamplona.com\/actualidad\/#organization"},"image":{"@id":"https:\/\/www.laguiadepamplona.com\/actualidad\/manana-martes-la-fachada-de-la-casa-consistorial-se-ilumina-de-color-naranja-con-motivo-del-dia-nacional-de-la-epilepsia\/#primaryimage"},"thumbnailUrl":"https:\/\/www.laguiadepamplona.com\/actualidad\/wp-content\/uploads\/2021\/05\/Ayuntamiento_iluminacion_amarillo_nocturna.jpg","articleSection":["Ayto Pamplona"],"inLanguage":"es","potentialAction":[{"@type":"CommentAction","name":"Comment","target":["https:\/\/www.laguiadepamplona.com\/actualidad\/manana-martes-la-fachada-de-la-casa-consistorial-se-ilumina-de-color-naranja-con-motivo-del-dia-nacional-de-la-epilepsia\/#respond"]}]},{"@type":"WebPage","@id":"https:\/\/www.laguiadepamplona.com\/actualidad\/manana-martes-la-fachada-de-la-casa-consistorial-se-ilumina-de-color-naranja-con-motivo-del-dia-nacional-de-la-epilepsia\/","url":"https:\/\/www.laguiadepamplona.com\/actualidad\/manana-martes-la-fachada-de-la-casa-consistorial-se-ilumina-de-color-naranja-con-motivo-del-dia-nacional-de-la-epilepsia\/","name":"Ma\u00f1ana martes la fachada de la Casa Consistorial se ilumina de color naranja con motivo del D\u00eda Nacional de la Epilepsia","isPartOf":{"@id":"https:\/\/www.laguiadepamplona.com\/actualidad\/#website"},"primaryImageOfPage":{"@id":"https:\/\/www.laguiadepamplona.com\/actualidad\/manana-martes-la-fachada-de-la-casa-consistorial-se-ilumina-de-color-naranja-con-motivo-del-dia-nacional-de-la-epilepsia\/#primaryimage"},"image":{"@id":"https:\/\/www.laguiadepamplona.com\/actualidad\/manana-martes-la-fachada-de-la-casa-consistorial-se-ilumina-de-color-naranja-con-motivo-del-dia-nacional-de-la-epilepsia\/#primaryimage"},"thumbnailUrl":"https:\/\/www.laguiadepamplona.com\/actualidad\/wp-content\/uploads\/2021\/05\/Ayuntamiento_iluminacion_amarillo_nocturna.jpg","datePublished":"2022-05-23T10:26:21+00:00","dateModified":"2023-04-11T09:48:09+00:00","description":"La epilepsia es un trastorno neurol\u00f3gico cr\u00f3nico derivado del funcionamiento anormal de un grupo de neuronas que se produce de forma espor\u00e1dica","breadcrumb":{"@id":"https:\/\/www.laguiadepamplona.com\/actualidad\/manana-martes-la-fachada-de-la-casa-consistorial-se-ilumina-de-color-naranja-con-motivo-del-dia-nacional-de-la-epilepsia\/#breadcrumb"},"inLanguage":"es","potentialAction":[{"@type":"ReadAction","target":["https:\/\/www.laguiadepamplona.com\/actualidad\/manana-martes-la-fachada-de-la-casa-consistorial-se-ilumina-de-color-naranja-con-motivo-del-dia-nacional-de-la-epilepsia\/"]}]},{"@type":"ImageObject","inLanguage":"es","@id":"https:\/\/www.laguiadepamplona.com\/actualidad\/manana-martes-la-fachada-de-la-casa-consistorial-se-ilumina-de-color-naranja-con-motivo-del-dia-nacional-de-la-epilepsia\/#primaryimage","url":"https:\/\/www.laguiadepamplona.com\/actualidad\/wp-content\/uploads\/2021\/05\/Ayuntamiento_iluminacion_amarillo_nocturna.jpg","contentUrl":"https:\/\/www.laguiadepamplona.com\/actualidad\/wp-content\/uploads\/2021\/05\/Ayuntamiento_iluminacion_amarillo_nocturna.jpg","width":1529,"height":1019},{"@type":"BreadcrumbList","@id":"https:\/\/www.laguiadepamplona.com\/actualidad\/manana-martes-la-fachada-de-la-casa-consistorial-se-ilumina-de-color-naranja-con-motivo-del-dia-nacional-de-la-epilepsia\/#breadcrumb","itemListElement":[{"@type":"ListItem","position":1,"name":"Portada","item":"https:\/\/www.laguiadepamplona.com\/actualidad\/"},{"@type":"ListItem","position":2,"name":"Ma\u00f1ana martes la fachada de la Casa Consistorial se ilumina de color naranja con motivo del D\u00eda Nacional de la Epilepsia"}]},{"@type":"WebSite","@id":"https:\/\/www.laguiadepamplona.com\/actualidad\/#website","url":"https:\/\/www.laguiadepamplona.com\/actualidad\/","name":"La gu\u00eda de Pamplona","description":"Noticias de Pamplona","publisher":{"@id":"https:\/\/www.laguiadepamplona.com\/actualidad\/#organization"},"potentialAction":[{"@type":"SearchAction","target":{"@type":"EntryPoint","urlTemplate":"https:\/\/www.laguiadepamplona.com\/actualidad\/?s={search_term_string}"},"query-input":{"@type":"PropertyValueSpecification","valueRequired":true,"valueName":"search_term_string"}}],"inLanguage":"es"},{"@type":"Organization","@id":"https:\/\/www.laguiadepamplona.com\/actualidad\/#organization","name":"La Gu\u00eda de Pamplona \/ Noticias","url":"https:\/\/www.laguiadepamplona.com\/actualidad\/","logo":{"@type":"ImageObject","inLanguage":"es","@id":"https:\/\/www.laguiadepamplona.com\/actualidad\/#\/schema\/logo\/image\/","url":"https:\/\/www.laguiadepamplona.com\/actualidad\/wp-content\/uploads\/2018\/11\/logo-laguiadepamplona18-web1.png","contentUrl":"https:\/\/www.laguiadepamplona.com\/actualidad\/wp-content\/uploads\/2018\/11\/logo-laguiadepamplona18-web1.png","width":600,"height":196,"caption":"La Gu\u00eda de Pamplona \/ Noticias"},"image":{"@id":"https:\/\/www.laguiadepamplona.com\/actualidad\/#\/schema\/logo\/image\/"},"sameAs":["https:\/\/www.facebook.com\/laguiadepamplonacom-133175176762273\/?ref=hl","https:\/\/x.com\/LaGuiadPamplona","https:\/\/www.instagram.com\/la_guia_de_pamplona\/","https:\/\/www.youtube.com\/user\/laguiadepamplona"]},{"@type":"Person","@id":"https:\/\/www.laguiadepamplona.com\/actualidad\/#\/schema\/person\/efe887376f0213d4657c93adc50b1fdb","name":"La Gu\u00eda de Pamplona","image":{"@type":"ImageObject","inLanguage":"es","@id":"https:\/\/secure.gravatar.com\/avatar\/b6992f131dc8d30ab0dff15446e9d346d9dbd95992de0fef795073f5ea83a81c?s=96&d=mm&r=g","url":"https:\/\/secure.gravatar.com\/avatar\/b6992f131dc8d30ab0dff15446e9d346d9dbd95992de0fef795073f5ea83a81c?s=96&d=mm&r=g","contentUrl":"https:\/\/secure.gravatar.com\/avatar\/b6992f131dc8d30ab0dff15446e9d346d9dbd95992de0fef795073f5ea83a81c?s=96&d=mm&r=g","caption":"La Gu\u00eda de Pamplona"}}]}},"post_mailing_queue_ids":[],"_links":{"self":[{"href":"https:\/\/www.laguiadepamplona.com\/actualidad\/wp-json\/wp\/v2\/posts\/40436","targetHints":{"allow":["GET"]}}],"collection":[{"href":"https:\/\/www.laguiadepamplona.com\/actualidad\/wp-json\/wp\/v2\/posts"}],"about":[{"href":"https:\/\/www.laguiadepamplona.com\/actualidad\/wp-json\/wp\/v2\/types\/post"}],"author":[{"embeddable":true,"href":"https:\/\/www.laguiadepamplona.com\/actualidad\/wp-json\/wp\/v2\/users\/1"}],"replies":[{"embeddable":true,"href":"https:\/\/www.laguiadepamplona.com\/actualidad\/wp-json\/wp\/v2\/comments?post=40436"}],"version-history":[{"count":0,"href":"https:\/\/www.laguiadepamplona.com\/actualidad\/wp-json\/wp\/v2\/posts\/40436\/revisions"}],"wp:featuredmedia":[{"embeddable":true,"href":"https:\/\/www.laguiadepamplona.com\/actualidad\/wp-json\/wp\/v2\/media\/34649"}],"wp:attachment":[{"href":"https:\/\/www.laguiadepamplona.com\/actualidad\/wp-json\/wp\/v2\/media?parent=40436"}],"wp:term":[{"taxonomy":"category","embeddable":true,"href":"https:\/\/www.laguiadepamplona.com\/actualidad\/wp-json\/wp\/v2\/categories?post=40436"},{"taxonomy":"post_tag","embeddable":true,"href":"https:\/\/www.laguiadepamplona.com\/actualidad\/wp-json\/wp\/v2\/tags?post=40436"}],"curies":[{"name":"wp","href":"https:\/\/api.w.org\/{rel}","templated":true}]}}