{"id":40433,"date":"2022-05-23T12:24:47","date_gmt":"2022-05-23T10:24:47","guid":{"rendered":"https:\/\/www.laguiadepamplona.com\/actualidad\/?p=40433"},"modified":"2023-04-11T11:48:09","modified_gmt":"2023-04-11T09:48:09","slug":"pamplona-aprueba-una-linea-de-subvenciones-para-la-concesion-de-becas-de-apoyo-al-programa-de-formacion-para-mujeres-victimas-de-violencia-de-genero-o-trata","status":"publish","type":"post","link":"https:\/\/www.laguiadepamplona.com\/actualidad\/pamplona-aprueba-una-linea-de-subvenciones-para-la-concesion-de-becas-de-apoyo-al-programa-de-formacion-para-mujeres-victimas-de-violencia-de-genero-o-trata\/","title":{"rendered":"Pamplona aprueba una l\u00ednea de subvenciones para la concesi\u00f3n de becas de apoyo al programa de formaci\u00f3n para mujeres v\u00edctimas de violencia de g\u00e9nero o trata"},"content":{"rendered":"<h5>El programa lo organizan el Ayuntamiento y el Servicio Navarra de Empleo, con financiaci\u00f3n de los fondos europeos Next Generation EU<\/h5>\n<p><!--more--><\/p>\n<p>La Junta de Gobierno Local ha aprobado esta ma\u00f1ana una modificaci\u00f3n del Plan Estrat\u00e9gico de Subvenciones del Ayuntamiento de Pamplona para incluir una l\u00ednea espec\u00edfica de ayudas dirigidas a mujeres v\u00edctima de violencia de g\u00e9nero o de trata y explotaci\u00f3n sexual. Las subvenciones consisten en becas de apoyo a un programa de formaci\u00f3n con compromiso de contrataci\u00f3n e inserci\u00f3n puesto en marcha por el Ayuntamiento con financiaci\u00f3n del Servicio Navarro de Empleo y de los fondos europeos Next Generation EU, a trav\u00e9s del Plan de Recuperaci\u00f3n, Transformaci\u00f3n y Resiliencia (PRTR).<br \/>\n<script async src=\"\/\/pagead2.googlesyndication.com\/pagead\/js\/adsbygoogle.js\"><\/script><br \/>\n<!-- Noticias La Guia de Pamplona --><br \/>\n<ins class=\"adsbygoogle\"\nstyle=\"display:block\"\ndata-ad-client=\"ca-pub-6943679897239327\"\ndata-ad-slot=\"7048180777\"\ndata-ad-format=\"auto\"><\/ins><br \/>\n<script>\n(adsbygoogle = window.adsbygoogle || []).push({});\n<\/script><\/p>\n<p>El objetivo de ese programa es la atenci\u00f3n personalizada de las mujeres v\u00edctimas de violencia de g\u00e9nero o de trata y explotaci\u00f3n sexual mediante itinerarios integrados de inserci\u00f3n social y laboral con el fin de mejorar su empleabilidad y promover su inserci\u00f3n profesional. El Ayuntamiento de Pamplona ejecuta el programa de formaci\u00f3n con compromiso de inserci\u00f3n, que cuenta con distintas fases: una primera de planificaci\u00f3n y organizaci\u00f3n del programa; una segunda de selecci\u00f3n de las seis mujeres participantes, que deben estar inscritas en el Servicio Navarro de Empleo; y una tercera de atenci\u00f3n a las mujeres participantes a trav\u00e9s de los servicios PUEDO, PROYECTO y ME FORMO.<\/p>\n<p>El Ayuntamiento se encarga tambi\u00e9n de realizar una prospecci\u00f3n de empresas para identificar oportunidades de empleo para las participantes e abordar posibilidades de colaboraci\u00f3n. El fin del programa es la inserci\u00f3n de las mujeres participantes de forma que, al menos el 50% alcancen la consideraci\u00f3n de participantes insertada. El Ayuntamiento de Pamplona ya realiza, a trav\u00e9s del Servicio Municipal de Atenci\u00f3n a la Mujer (SMAM), una atenci\u00f3n intensiva, especializada y personalizada a mujeres y sus hijos e hijas que padecen violencia de g\u00e9nero u otras violencias, se encuentran en riesgo de sufrirla y\/o est\u00e1n en situaci\u00f3n de dificultad social para afrontar su autonom\u00eda en condiciones de igualdad.<br \/>\n<script async src=\"\/\/pagead2.googlesyndication.com\/pagead\/js\/adsbygoogle.js\"><\/script><br \/>\n<!-- Noticias La Guia de Pamplona --><br \/>\n<ins class=\"adsbygoogle\"\nstyle=\"display:block\"\ndata-ad-client=\"ca-pub-6943679897239327\"\ndata-ad-slot=\"7048180777\"\ndata-ad-format=\"auto\"><\/ins><br \/>\n<script>\n(adsbygoogle = window.adsbygoogle || []).push({});\n<\/script><\/p>\n<p><strong>Convenio entre Ayuntamiento y Servicio Navarro de Empleo<\/strong><\/p>\n<p>El Ayuntamiento de Pamplona y el Servicio Navarro de Empleo formalizaron un convenio de colaboraci\u00f3n para financiar este programa, que cuenta con un presupuesto de 119.384 euros, que aportan a partes iguales ambas instituciones. Finalmente, ese presupuesto lo aportar\u00e1n los fondos Next Generation EU, pues es uno de los proyectos incluidos en los 11,6 millones de euros que Navarra ha recibido del Plan de Recuperaci\u00f3n, Transformaci\u00f3n y Resiliencia (PRTR).<\/p>\n<p>Para poder generar estas ayudas, el Ayuntamiento de Pamplona ha modificado el Plan Estrat\u00e9gico de Subvenciones aprobado en diciembre del a\u00f1o pasado. En concreto, se ha modificado la l\u00ednea estrat\u00e9gica 1, que se corresponde con las ayudas de Acci\u00f3n Social, a\u00f1adiendo esta nueva convocatoria de subvenciones, en r\u00e9gimen de evaluaci\u00f3n individualizada, para becas de apoyo para la formaci\u00f3n e inserci\u00f3n de mujeres v\u00edctimas de violencia de g\u00e9nero o de trata y explotaci\u00f3n sexual.<\/p>\n","protected":false},"excerpt":{"rendered":"<p>El programa lo organizan el Ayuntamiento y el Servicio Navarra de Empleo, con financiaci\u00f3n de los fondos europeos Next Generation EU<\/p>\n","protected":false},"author":1,"featured_media":40434,"comment_status":"open","ping_status":"closed","sticky":false,"template":"","format":"standard","meta":{"footnotes":""},"categories":[2],"tags":[],"class_list":["post-40433","post","type-post","status-publish","format-standard","has-post-thumbnail","hentry","category-ayuntamiento-pamplona"],"yoast_head":"<!-- This site is optimized with the Yoast SEO plugin v27.3 - https:\/\/yoast.com\/product\/yoast-seo-wordpress\/ -->\n<title>Pamplona aprueba una l\u00ednea de subvenciones para la concesi\u00f3n de becas de apoyo al programa de formaci\u00f3n para mujeres v\u00edctimas de violencia de g\u00e9nero o trata<\/title>\n<meta name=\"description\" content=\"El programa lo organizan el Ayuntamiento y el Servicio Navarra de Empleo, con financiaci\u00f3n de los fondos europeos Next Generation EU\" \/>\n<meta name=\"robots\" content=\"index, follow, max-snippet:-1, max-image-preview:large, max-video-preview:-1\" \/>\n<link rel=\"canonical\" href=\"https:\/\/www.laguiadepamplona.com\/actualidad\/pamplona-aprueba-una-linea-de-subvenciones-para-la-concesion-de-becas-de-apoyo-al-programa-de-formacion-para-mujeres-victimas-de-violencia-de-genero-o-trata\/\" \/>\n<meta property=\"og:locale\" content=\"es_ES\" \/>\n<meta property=\"og:type\" content=\"article\" \/>\n<meta property=\"og:title\" content=\"Pamplona aprueba una l\u00ednea de subvenciones para la concesi\u00f3n de becas de apoyo al programa de formaci\u00f3n para mujeres v\u00edctimas de violencia de g\u00e9nero o trata\" \/>\n<meta property=\"og:description\" content=\"El programa lo organizan el Ayuntamiento y el Servicio Navarra de Empleo, con financiaci\u00f3n de los fondos europeos Next Generation EU\" \/>\n<meta property=\"og:url\" content=\"https:\/\/www.laguiadepamplona.com\/actualidad\/pamplona-aprueba-una-linea-de-subvenciones-para-la-concesion-de-becas-de-apoyo-al-programa-de-formacion-para-mujeres-victimas-de-violencia-de-genero-o-trata\/\" \/>\n<meta property=\"og:site_name\" content=\"La Gu\u00eda de Pamplona\" \/>\n<meta property=\"article:publisher\" content=\"https:\/\/www.facebook.com\/laguiadepamplonacom-133175176762273\/?ref=hl\" \/>\n<meta property=\"article:published_time\" content=\"2022-05-23T10:24:47+00:00\" \/>\n<meta property=\"article:modified_time\" content=\"2023-04-11T09:48:09+00:00\" \/>\n<meta property=\"og:image\" content=\"https:\/\/www.laguiadepamplona.com\/actualidad\/wp-content\/uploads\/2022\/05\/abuso_malos-tratos_no-es-no_mujeres_01_0.webp\" \/>\n\t<meta property=\"og:image:width\" content=\"1920\" \/>\n\t<meta property=\"og:image:height\" content=\"1280\" \/>\n\t<meta property=\"og:image:type\" content=\"image\/webp\" \/>\n<meta name=\"author\" content=\"La Gu\u00eda de Pamplona\" \/>\n<meta name=\"twitter:card\" content=\"summary_large_image\" \/>\n<meta name=\"twitter:creator\" content=\"@LaGuiadPamplona\" \/>\n<meta name=\"twitter:site\" content=\"@LaGuiadPamplona\" \/>\n<meta name=\"twitter:label1\" content=\"Escrito por\" \/>\n\t<meta name=\"twitter:data1\" content=\"La Gu\u00eda de Pamplona\" \/>\n\t<meta name=\"twitter:label2\" content=\"Tiempo de lectura\" \/>\n\t<meta name=\"twitter:data2\" content=\"3 minutos\" \/>\n<script type=\"application\/ld+json\" class=\"yoast-schema-graph\">{\"@context\":\"https:\\\/\\\/schema.org\",\"@graph\":[{\"@type\":\"Article\",\"@id\":\"https:\\\/\\\/www.laguiadepamplona.com\\\/actualidad\\\/pamplona-aprueba-una-linea-de-subvenciones-para-la-concesion-de-becas-de-apoyo-al-programa-de-formacion-para-mujeres-victimas-de-violencia-de-genero-o-trata\\\/#article\",\"isPartOf\":{\"@id\":\"https:\\\/\\\/www.laguiadepamplona.com\\\/actualidad\\\/pamplona-aprueba-una-linea-de-subvenciones-para-la-concesion-de-becas-de-apoyo-al-programa-de-formacion-para-mujeres-victimas-de-violencia-de-genero-o-trata\\\/\"},\"author\":{\"name\":\"La Gu\u00eda de Pamplona\",\"@id\":\"https:\\\/\\\/www.laguiadepamplona.com\\\/actualidad\\\/#\\\/schema\\\/person\\\/efe887376f0213d4657c93adc50b1fdb\"},\"headline\":\"Pamplona aprueba una l\u00ednea de subvenciones para la concesi\u00f3n de becas de apoyo al programa de formaci\u00f3n para mujeres v\u00edctimas de violencia de g\u00e9nero o trata\",\"datePublished\":\"2022-05-23T10:24:47+00:00\",\"dateModified\":\"2023-04-11T09:48:09+00:00\",\"mainEntityOfPage\":{\"@id\":\"https:\\\/\\\/www.laguiadepamplona.com\\\/actualidad\\\/pamplona-aprueba-una-linea-de-subvenciones-para-la-concesion-de-becas-de-apoyo-al-programa-de-formacion-para-mujeres-victimas-de-violencia-de-genero-o-trata\\\/\"},\"wordCount\":561,\"commentCount\":0,\"publisher\":{\"@id\":\"https:\\\/\\\/www.laguiadepamplona.com\\\/actualidad\\\/#organization\"},\"image\":{\"@id\":\"https:\\\/\\\/www.laguiadepamplona.com\\\/actualidad\\\/pamplona-aprueba-una-linea-de-subvenciones-para-la-concesion-de-becas-de-apoyo-al-programa-de-formacion-para-mujeres-victimas-de-violencia-de-genero-o-trata\\\/#primaryimage\"},\"thumbnailUrl\":\"https:\\\/\\\/www.laguiadepamplona.com\\\/actualidad\\\/wp-content\\\/uploads\\\/2022\\\/05\\\/abuso_malos-tratos_no-es-no_mujeres_01_0.webp\",\"articleSection\":[\"Ayto Pamplona\"],\"inLanguage\":\"es\",\"potentialAction\":[{\"@type\":\"CommentAction\",\"name\":\"Comment\",\"target\":[\"https:\\\/\\\/www.laguiadepamplona.com\\\/actualidad\\\/pamplona-aprueba-una-linea-de-subvenciones-para-la-concesion-de-becas-de-apoyo-al-programa-de-formacion-para-mujeres-victimas-de-violencia-de-genero-o-trata\\\/#respond\"]}]},{\"@type\":\"WebPage\",\"@id\":\"https:\\\/\\\/www.laguiadepamplona.com\\\/actualidad\\\/pamplona-aprueba-una-linea-de-subvenciones-para-la-concesion-de-becas-de-apoyo-al-programa-de-formacion-para-mujeres-victimas-de-violencia-de-genero-o-trata\\\/\",\"url\":\"https:\\\/\\\/www.laguiadepamplona.com\\\/actualidad\\\/pamplona-aprueba-una-linea-de-subvenciones-para-la-concesion-de-becas-de-apoyo-al-programa-de-formacion-para-mujeres-victimas-de-violencia-de-genero-o-trata\\\/\",\"name\":\"Pamplona aprueba una l\u00ednea de subvenciones para la concesi\u00f3n de becas de apoyo al programa de formaci\u00f3n para mujeres v\u00edctimas de violencia de g\u00e9nero o trata\",\"isPartOf\":{\"@id\":\"https:\\\/\\\/www.laguiadepamplona.com\\\/actualidad\\\/#website\"},\"primaryImageOfPage\":{\"@id\":\"https:\\\/\\\/www.laguiadepamplona.com\\\/actualidad\\\/pamplona-aprueba-una-linea-de-subvenciones-para-la-concesion-de-becas-de-apoyo-al-programa-de-formacion-para-mujeres-victimas-de-violencia-de-genero-o-trata\\\/#primaryimage\"},\"image\":{\"@id\":\"https:\\\/\\\/www.laguiadepamplona.com\\\/actualidad\\\/pamplona-aprueba-una-linea-de-subvenciones-para-la-concesion-de-becas-de-apoyo-al-programa-de-formacion-para-mujeres-victimas-de-violencia-de-genero-o-trata\\\/#primaryimage\"},\"thumbnailUrl\":\"https:\\\/\\\/www.laguiadepamplona.com\\\/actualidad\\\/wp-content\\\/uploads\\\/2022\\\/05\\\/abuso_malos-tratos_no-es-no_mujeres_01_0.webp\",\"datePublished\":\"2022-05-23T10:24:47+00:00\",\"dateModified\":\"2023-04-11T09:48:09+00:00\",\"description\":\"El programa lo organizan el Ayuntamiento y el Servicio Navarra de Empleo, con financiaci\u00f3n de los fondos europeos Next Generation EU\",\"breadcrumb\":{\"@id\":\"https:\\\/\\\/www.laguiadepamplona.com\\\/actualidad\\\/pamplona-aprueba-una-linea-de-subvenciones-para-la-concesion-de-becas-de-apoyo-al-programa-de-formacion-para-mujeres-victimas-de-violencia-de-genero-o-trata\\\/#breadcrumb\"},\"inLanguage\":\"es\",\"potentialAction\":[{\"@type\":\"ReadAction\",\"target\":[\"https:\\\/\\\/www.laguiadepamplona.com\\\/actualidad\\\/pamplona-aprueba-una-linea-de-subvenciones-para-la-concesion-de-becas-de-apoyo-al-programa-de-formacion-para-mujeres-victimas-de-violencia-de-genero-o-trata\\\/\"]}]},{\"@type\":\"ImageObject\",\"inLanguage\":\"es\",\"@id\":\"https:\\\/\\\/www.laguiadepamplona.com\\\/actualidad\\\/pamplona-aprueba-una-linea-de-subvenciones-para-la-concesion-de-becas-de-apoyo-al-programa-de-formacion-para-mujeres-victimas-de-violencia-de-genero-o-trata\\\/#primaryimage\",\"url\":\"https:\\\/\\\/www.laguiadepamplona.com\\\/actualidad\\\/wp-content\\\/uploads\\\/2022\\\/05\\\/abuso_malos-tratos_no-es-no_mujeres_01_0.webp\",\"contentUrl\":\"https:\\\/\\\/www.laguiadepamplona.com\\\/actualidad\\\/wp-content\\\/uploads\\\/2022\\\/05\\\/abuso_malos-tratos_no-es-no_mujeres_01_0.webp\",\"width\":1920,\"height\":1280},{\"@type\":\"BreadcrumbList\",\"@id\":\"https:\\\/\\\/www.laguiadepamplona.com\\\/actualidad\\\/pamplona-aprueba-una-linea-de-subvenciones-para-la-concesion-de-becas-de-apoyo-al-programa-de-formacion-para-mujeres-victimas-de-violencia-de-genero-o-trata\\\/#breadcrumb\",\"itemListElement\":[{\"@type\":\"ListItem\",\"position\":1,\"name\":\"Portada\",\"item\":\"https:\\\/\\\/www.laguiadepamplona.com\\\/actualidad\\\/\"},{\"@type\":\"ListItem\",\"position\":2,\"name\":\"Pamplona aprueba una l\u00ednea de subvenciones para la concesi\u00f3n de becas de apoyo al programa de formaci\u00f3n para mujeres v\u00edctimas de violencia de g\u00e9nero o trata\"}]},{\"@type\":\"WebSite\",\"@id\":\"https:\\\/\\\/www.laguiadepamplona.com\\\/actualidad\\\/#website\",\"url\":\"https:\\\/\\\/www.laguiadepamplona.com\\\/actualidad\\\/\",\"name\":\"La gu\u00eda de Pamplona\",\"description\":\"Noticias de Pamplona\",\"publisher\":{\"@id\":\"https:\\\/\\\/www.laguiadepamplona.com\\\/actualidad\\\/#organization\"},\"potentialAction\":[{\"@type\":\"SearchAction\",\"target\":{\"@type\":\"EntryPoint\",\"urlTemplate\":\"https:\\\/\\\/www.laguiadepamplona.com\\\/actualidad\\\/?s={search_term_string}\"},\"query-input\":{\"@type\":\"PropertyValueSpecification\",\"valueRequired\":true,\"valueName\":\"search_term_string\"}}],\"inLanguage\":\"es\"},{\"@type\":\"Organization\",\"@id\":\"https:\\\/\\\/www.laguiadepamplona.com\\\/actualidad\\\/#organization\",\"name\":\"La Gu\u00eda de Pamplona \\\/ Noticias\",\"url\":\"https:\\\/\\\/www.laguiadepamplona.com\\\/actualidad\\\/\",\"logo\":{\"@type\":\"ImageObject\",\"inLanguage\":\"es\",\"@id\":\"https:\\\/\\\/www.laguiadepamplona.com\\\/actualidad\\\/#\\\/schema\\\/logo\\\/image\\\/\",\"url\":\"https:\\\/\\\/www.laguiadepamplona.com\\\/actualidad\\\/wp-content\\\/uploads\\\/2018\\\/11\\\/logo-laguiadepamplona18-web1.png\",\"contentUrl\":\"https:\\\/\\\/www.laguiadepamplona.com\\\/actualidad\\\/wp-content\\\/uploads\\\/2018\\\/11\\\/logo-laguiadepamplona18-web1.png\",\"width\":600,\"height\":196,\"caption\":\"La Gu\u00eda de Pamplona \\\/ Noticias\"},\"image\":{\"@id\":\"https:\\\/\\\/www.laguiadepamplona.com\\\/actualidad\\\/#\\\/schema\\\/logo\\\/image\\\/\"},\"sameAs\":[\"https:\\\/\\\/www.facebook.com\\\/laguiadepamplonacom-133175176762273\\\/?ref=hl\",\"https:\\\/\\\/x.com\\\/LaGuiadPamplona\",\"https:\\\/\\\/www.instagram.com\\\/la_guia_de_pamplona\\\/\",\"https:\\\/\\\/www.youtube.com\\\/user\\\/laguiadepamplona\"]},{\"@type\":\"Person\",\"@id\":\"https:\\\/\\\/www.laguiadepamplona.com\\\/actualidad\\\/#\\\/schema\\\/person\\\/efe887376f0213d4657c93adc50b1fdb\",\"name\":\"La Gu\u00eda de Pamplona\",\"image\":{\"@type\":\"ImageObject\",\"inLanguage\":\"es\",\"@id\":\"https:\\\/\\\/secure.gravatar.com\\\/avatar\\\/b6992f131dc8d30ab0dff15446e9d346d9dbd95992de0fef795073f5ea83a81c?s=96&d=mm&r=g\",\"url\":\"https:\\\/\\\/secure.gravatar.com\\\/avatar\\\/b6992f131dc8d30ab0dff15446e9d346d9dbd95992de0fef795073f5ea83a81c?s=96&d=mm&r=g\",\"contentUrl\":\"https:\\\/\\\/secure.gravatar.com\\\/avatar\\\/b6992f131dc8d30ab0dff15446e9d346d9dbd95992de0fef795073f5ea83a81c?s=96&d=mm&r=g\",\"caption\":\"La Gu\u00eda de Pamplona\"}}]}<\/script>\n<!-- \/ Yoast SEO plugin. -->","yoast_head_json":{"title":"Pamplona aprueba una l\u00ednea de subvenciones para la concesi\u00f3n de becas de apoyo al programa de formaci\u00f3n para mujeres v\u00edctimas de violencia de g\u00e9nero o trata","description":"El programa lo organizan el Ayuntamiento y el Servicio Navarra de Empleo, con financiaci\u00f3n de los fondos europeos Next Generation EU","robots":{"index":"index","follow":"follow","max-snippet":"max-snippet:-1","max-image-preview":"max-image-preview:large","max-video-preview":"max-video-preview:-1"},"canonical":"https:\/\/www.laguiadepamplona.com\/actualidad\/pamplona-aprueba-una-linea-de-subvenciones-para-la-concesion-de-becas-de-apoyo-al-programa-de-formacion-para-mujeres-victimas-de-violencia-de-genero-o-trata\/","og_locale":"es_ES","og_type":"article","og_title":"Pamplona aprueba una l\u00ednea de subvenciones para la concesi\u00f3n de becas de apoyo al programa de formaci\u00f3n para mujeres v\u00edctimas de violencia de g\u00e9nero o trata","og_description":"El programa lo organizan el Ayuntamiento y el Servicio Navarra de Empleo, con financiaci\u00f3n de los fondos europeos Next Generation EU","og_url":"https:\/\/www.laguiadepamplona.com\/actualidad\/pamplona-aprueba-una-linea-de-subvenciones-para-la-concesion-de-becas-de-apoyo-al-programa-de-formacion-para-mujeres-victimas-de-violencia-de-genero-o-trata\/","og_site_name":"La Gu\u00eda de Pamplona","article_publisher":"https:\/\/www.facebook.com\/laguiadepamplonacom-133175176762273\/?ref=hl","article_published_time":"2022-05-23T10:24:47+00:00","article_modified_time":"2023-04-11T09:48:09+00:00","og_image":[{"width":1920,"height":1280,"url":"https:\/\/www.laguiadepamplona.com\/actualidad\/wp-content\/uploads\/2022\/05\/abuso_malos-tratos_no-es-no_mujeres_01_0.webp","type":"image\/webp"}],"author":"La Gu\u00eda de Pamplona","twitter_card":"summary_large_image","twitter_creator":"@LaGuiadPamplona","twitter_site":"@LaGuiadPamplona","twitter_misc":{"Escrito por":"La Gu\u00eda de Pamplona","Tiempo de lectura":"3 minutos"},"schema":{"@context":"https:\/\/schema.org","@graph":[{"@type":"Article","@id":"https:\/\/www.laguiadepamplona.com\/actualidad\/pamplona-aprueba-una-linea-de-subvenciones-para-la-concesion-de-becas-de-apoyo-al-programa-de-formacion-para-mujeres-victimas-de-violencia-de-genero-o-trata\/#article","isPartOf":{"@id":"https:\/\/www.laguiadepamplona.com\/actualidad\/pamplona-aprueba-una-linea-de-subvenciones-para-la-concesion-de-becas-de-apoyo-al-programa-de-formacion-para-mujeres-victimas-de-violencia-de-genero-o-trata\/"},"author":{"name":"La Gu\u00eda de Pamplona","@id":"https:\/\/www.laguiadepamplona.com\/actualidad\/#\/schema\/person\/efe887376f0213d4657c93adc50b1fdb"},"headline":"Pamplona aprueba una l\u00ednea de subvenciones para la concesi\u00f3n de becas de apoyo al programa de formaci\u00f3n para mujeres v\u00edctimas de violencia de g\u00e9nero o trata","datePublished":"2022-05-23T10:24:47+00:00","dateModified":"2023-04-11T09:48:09+00:00","mainEntityOfPage":{"@id":"https:\/\/www.laguiadepamplona.com\/actualidad\/pamplona-aprueba-una-linea-de-subvenciones-para-la-concesion-de-becas-de-apoyo-al-programa-de-formacion-para-mujeres-victimas-de-violencia-de-genero-o-trata\/"},"wordCount":561,"commentCount":0,"publisher":{"@id":"https:\/\/www.laguiadepamplona.com\/actualidad\/#organization"},"image":{"@id":"https:\/\/www.laguiadepamplona.com\/actualidad\/pamplona-aprueba-una-linea-de-subvenciones-para-la-concesion-de-becas-de-apoyo-al-programa-de-formacion-para-mujeres-victimas-de-violencia-de-genero-o-trata\/#primaryimage"},"thumbnailUrl":"https:\/\/www.laguiadepamplona.com\/actualidad\/wp-content\/uploads\/2022\/05\/abuso_malos-tratos_no-es-no_mujeres_01_0.webp","articleSection":["Ayto Pamplona"],"inLanguage":"es","potentialAction":[{"@type":"CommentAction","name":"Comment","target":["https:\/\/www.laguiadepamplona.com\/actualidad\/pamplona-aprueba-una-linea-de-subvenciones-para-la-concesion-de-becas-de-apoyo-al-programa-de-formacion-para-mujeres-victimas-de-violencia-de-genero-o-trata\/#respond"]}]},{"@type":"WebPage","@id":"https:\/\/www.laguiadepamplona.com\/actualidad\/pamplona-aprueba-una-linea-de-subvenciones-para-la-concesion-de-becas-de-apoyo-al-programa-de-formacion-para-mujeres-victimas-de-violencia-de-genero-o-trata\/","url":"https:\/\/www.laguiadepamplona.com\/actualidad\/pamplona-aprueba-una-linea-de-subvenciones-para-la-concesion-de-becas-de-apoyo-al-programa-de-formacion-para-mujeres-victimas-de-violencia-de-genero-o-trata\/","name":"Pamplona aprueba una l\u00ednea de subvenciones para la concesi\u00f3n de becas de apoyo al programa de formaci\u00f3n para mujeres v\u00edctimas de violencia de g\u00e9nero o trata","isPartOf":{"@id":"https:\/\/www.laguiadepamplona.com\/actualidad\/#website"},"primaryImageOfPage":{"@id":"https:\/\/www.laguiadepamplona.com\/actualidad\/pamplona-aprueba-una-linea-de-subvenciones-para-la-concesion-de-becas-de-apoyo-al-programa-de-formacion-para-mujeres-victimas-de-violencia-de-genero-o-trata\/#primaryimage"},"image":{"@id":"https:\/\/www.laguiadepamplona.com\/actualidad\/pamplona-aprueba-una-linea-de-subvenciones-para-la-concesion-de-becas-de-apoyo-al-programa-de-formacion-para-mujeres-victimas-de-violencia-de-genero-o-trata\/#primaryimage"},"thumbnailUrl":"https:\/\/www.laguiadepamplona.com\/actualidad\/wp-content\/uploads\/2022\/05\/abuso_malos-tratos_no-es-no_mujeres_01_0.webp","datePublished":"2022-05-23T10:24:47+00:00","dateModified":"2023-04-11T09:48:09+00:00","description":"El programa lo organizan el Ayuntamiento y el Servicio Navarra de Empleo, con financiaci\u00f3n de los fondos europeos Next Generation EU","breadcrumb":{"@id":"https:\/\/www.laguiadepamplona.com\/actualidad\/pamplona-aprueba-una-linea-de-subvenciones-para-la-concesion-de-becas-de-apoyo-al-programa-de-formacion-para-mujeres-victimas-de-violencia-de-genero-o-trata\/#breadcrumb"},"inLanguage":"es","potentialAction":[{"@type":"ReadAction","target":["https:\/\/www.laguiadepamplona.com\/actualidad\/pamplona-aprueba-una-linea-de-subvenciones-para-la-concesion-de-becas-de-apoyo-al-programa-de-formacion-para-mujeres-victimas-de-violencia-de-genero-o-trata\/"]}]},{"@type":"ImageObject","inLanguage":"es","@id":"https:\/\/www.laguiadepamplona.com\/actualidad\/pamplona-aprueba-una-linea-de-subvenciones-para-la-concesion-de-becas-de-apoyo-al-programa-de-formacion-para-mujeres-victimas-de-violencia-de-genero-o-trata\/#primaryimage","url":"https:\/\/www.laguiadepamplona.com\/actualidad\/wp-content\/uploads\/2022\/05\/abuso_malos-tratos_no-es-no_mujeres_01_0.webp","contentUrl":"https:\/\/www.laguiadepamplona.com\/actualidad\/wp-content\/uploads\/2022\/05\/abuso_malos-tratos_no-es-no_mujeres_01_0.webp","width":1920,"height":1280},{"@type":"BreadcrumbList","@id":"https:\/\/www.laguiadepamplona.com\/actualidad\/pamplona-aprueba-una-linea-de-subvenciones-para-la-concesion-de-becas-de-apoyo-al-programa-de-formacion-para-mujeres-victimas-de-violencia-de-genero-o-trata\/#breadcrumb","itemListElement":[{"@type":"ListItem","position":1,"name":"Portada","item":"https:\/\/www.laguiadepamplona.com\/actualidad\/"},{"@type":"ListItem","position":2,"name":"Pamplona aprueba una l\u00ednea de subvenciones para la concesi\u00f3n de becas de apoyo al programa de formaci\u00f3n para mujeres v\u00edctimas de violencia de g\u00e9nero o trata"}]},{"@type":"WebSite","@id":"https:\/\/www.laguiadepamplona.com\/actualidad\/#website","url":"https:\/\/www.laguiadepamplona.com\/actualidad\/","name":"La gu\u00eda de Pamplona","description":"Noticias de Pamplona","publisher":{"@id":"https:\/\/www.laguiadepamplona.com\/actualidad\/#organization"},"potentialAction":[{"@type":"SearchAction","target":{"@type":"EntryPoint","urlTemplate":"https:\/\/www.laguiadepamplona.com\/actualidad\/?s={search_term_string}"},"query-input":{"@type":"PropertyValueSpecification","valueRequired":true,"valueName":"search_term_string"}}],"inLanguage":"es"},{"@type":"Organization","@id":"https:\/\/www.laguiadepamplona.com\/actualidad\/#organization","name":"La Gu\u00eda de Pamplona \/ Noticias","url":"https:\/\/www.laguiadepamplona.com\/actualidad\/","logo":{"@type":"ImageObject","inLanguage":"es","@id":"https:\/\/www.laguiadepamplona.com\/actualidad\/#\/schema\/logo\/image\/","url":"https:\/\/www.laguiadepamplona.com\/actualidad\/wp-content\/uploads\/2018\/11\/logo-laguiadepamplona18-web1.png","contentUrl":"https:\/\/www.laguiadepamplona.com\/actualidad\/wp-content\/uploads\/2018\/11\/logo-laguiadepamplona18-web1.png","width":600,"height":196,"caption":"La Gu\u00eda de Pamplona \/ Noticias"},"image":{"@id":"https:\/\/www.laguiadepamplona.com\/actualidad\/#\/schema\/logo\/image\/"},"sameAs":["https:\/\/www.facebook.com\/laguiadepamplonacom-133175176762273\/?ref=hl","https:\/\/x.com\/LaGuiadPamplona","https:\/\/www.instagram.com\/la_guia_de_pamplona\/","https:\/\/www.youtube.com\/user\/laguiadepamplona"]},{"@type":"Person","@id":"https:\/\/www.laguiadepamplona.com\/actualidad\/#\/schema\/person\/efe887376f0213d4657c93adc50b1fdb","name":"La Gu\u00eda de Pamplona","image":{"@type":"ImageObject","inLanguage":"es","@id":"https:\/\/secure.gravatar.com\/avatar\/b6992f131dc8d30ab0dff15446e9d346d9dbd95992de0fef795073f5ea83a81c?s=96&d=mm&r=g","url":"https:\/\/secure.gravatar.com\/avatar\/b6992f131dc8d30ab0dff15446e9d346d9dbd95992de0fef795073f5ea83a81c?s=96&d=mm&r=g","contentUrl":"https:\/\/secure.gravatar.com\/avatar\/b6992f131dc8d30ab0dff15446e9d346d9dbd95992de0fef795073f5ea83a81c?s=96&d=mm&r=g","caption":"La Gu\u00eda de Pamplona"}}]}},"post_mailing_queue_ids":[],"_links":{"self":[{"href":"https:\/\/www.laguiadepamplona.com\/actualidad\/wp-json\/wp\/v2\/posts\/40433","targetHints":{"allow":["GET"]}}],"collection":[{"href":"https:\/\/www.laguiadepamplona.com\/actualidad\/wp-json\/wp\/v2\/posts"}],"about":[{"href":"https:\/\/www.laguiadepamplona.com\/actualidad\/wp-json\/wp\/v2\/types\/post"}],"author":[{"embeddable":true,"href":"https:\/\/www.laguiadepamplona.com\/actualidad\/wp-json\/wp\/v2\/users\/1"}],"replies":[{"embeddable":true,"href":"https:\/\/www.laguiadepamplona.com\/actualidad\/wp-json\/wp\/v2\/comments?post=40433"}],"version-history":[{"count":0,"href":"https:\/\/www.laguiadepamplona.com\/actualidad\/wp-json\/wp\/v2\/posts\/40433\/revisions"}],"wp:featuredmedia":[{"embeddable":true,"href":"https:\/\/www.laguiadepamplona.com\/actualidad\/wp-json\/wp\/v2\/media\/40434"}],"wp:attachment":[{"href":"https:\/\/www.laguiadepamplona.com\/actualidad\/wp-json\/wp\/v2\/media?parent=40433"}],"wp:term":[{"taxonomy":"category","embeddable":true,"href":"https:\/\/www.laguiadepamplona.com\/actualidad\/wp-json\/wp\/v2\/categories?post=40433"},{"taxonomy":"post_tag","embeddable":true,"href":"https:\/\/www.laguiadepamplona.com\/actualidad\/wp-json\/wp\/v2\/tags?post=40433"}],"curies":[{"name":"wp","href":"https:\/\/api.w.org\/{rel}","templated":true}]}}