{"id":40428,"date":"2022-05-20T18:15:14","date_gmt":"2022-05-20T16:15:14","guid":{"rendered":"https:\/\/www.laguiadepamplona.com\/actualidad\/?p=40428"},"modified":"2023-04-11T11:48:09","modified_gmt":"2023-04-11T09:48:09","slug":"el-ayuntamiento-recibe-a-alumnado-y-profesorado-del-diploma-de-especializacion-en-intervencion-social-con-la-comunidad-gitana-o-deu-titulo-propio-que-oferta-la-upna","status":"publish","type":"post","link":"https:\/\/www.laguiadepamplona.com\/actualidad\/el-ayuntamiento-recibe-a-alumnado-y-profesorado-del-diploma-de-especializacion-en-intervencion-social-con-la-comunidad-gitana-o-deu-titulo-propio-que-oferta-la-upna\/","title":{"rendered":"El Ayuntamiento recibe a alumnado y profesorado del Diploma de Especializaci\u00f3n en Intervenci\u00f3n Social con la Comunidad Gitana o DEU, t\u00edtulo propio que oferta la UPNA"},"content":{"rendered":"<h5>Estos d\u00edas se celebra en Pamplona el segundo encuentro presencial de esta formaci\u00f3n que sirve como cierre del curso<\/h5>\n<p><!--more--><\/p>\n<p>El Ayuntamiento de Pamplona ha ofrecido esta tarde una recepci\u00f3n institucional al alumnado y al profesorado del Diploma de Especializaci\u00f3n en Intervenci\u00f3n Social con la Comunidad Gitana. Se trata de un t\u00edtulo propia que la Universidad P\u00fablica de Navarra imparte desde hace m\u00e1s de diez a\u00f1os. Este viernes y ma\u00f1ana s\u00e1bado se celebra en el campus de la UPNA el segundo encuentro presencial del curso, en el que, a trav\u00e9s de diferentes talleres, se complementar\u00e1 la formaci\u00f3n impartida online en los \u00faltimos meses.<br \/>\n<script async src=\"\/\/pagead2.googlesyndication.com\/pagead\/js\/adsbygoogle.js\"><\/script><br \/>\n<!-- Noticias La Guia de Pamplona --><br \/>\n<ins class=\"adsbygoogle\"\nstyle=\"display:block\"\ndata-ad-client=\"ca-pub-6943679897239327\"\ndata-ad-slot=\"7048180777\"\ndata-ad-format=\"auto\"><\/ins><br \/>\n<script>\n(adsbygoogle = window.adsbygoogle || []).push({});\n<\/script><\/p>\n<p>El alcalde de Pamplona, Enrique Maya, y miembros de la Corporaci\u00f3n municipal han participado en este acto que ha tenido lugar en el Sal\u00f3n de Recepciones de la Casa Consistorial. Adem\u00e1s del alcalde, han intervenido dedicando unas palabras a la treintena de personas que han asistido a la recepci\u00f3n la coordinadora territorial y responsable del proyecto de juventud de la Fundaci\u00f3n Secretariado Gitano de Navarra, In\u00e9s Cedr\u00f3n, y el director acad\u00e9mico del t\u00edtulo propio de la UPNA, Txema Uribe.<\/p>\n<p>El Diploma de Especializaci\u00f3n en Intervenci\u00f3n Social con la Comunidad Gitana o DEU es un t\u00edtulo propio de la Universidad P\u00fablica de Navarra, puesto en marcha a trav\u00e9s de un convenio con la Fundaci\u00f3n Secretariado Gitano, que cuenta adem\u00e1s con el apoyo del Ministerio de Derechos Sociales y Agenda 2030 a trav\u00e9s de la convocatoria de subvenciones con cargo al IRPF. Este t\u00edtulo combina formaci\u00f3n online y dos encuentros presenciales. La formaci\u00f3n online facilita que al curso puedan acceder personas que residen en diferentes comunidades aut\u00f3nomas y que se encuentran trabajando, o que tienen inter\u00e9s por trabajar en organizaciones, equipos y programas de intervenci\u00f3n social con la comunidad gitana. Como complemento esencial a esa formaci\u00f3n a distancia, se realizan dos encuentros, uno en noviembre y otro en estos d\u00edas de mayo.<br \/>\n<script async src=\"\/\/pagead2.googlesyndication.com\/pagead\/js\/adsbygoogle.js\"><\/script><br \/>\n<!-- Noticias La Guia de Pamplona --><br \/>\n<ins class=\"adsbygoogle\"\nstyle=\"display:block\"\ndata-ad-client=\"ca-pub-6943679897239327\"\ndata-ad-slot=\"7048180777\"\ndata-ad-format=\"auto\"><\/ins><br \/>\n<script>\n(adsbygoogle = window.adsbygoogle || []).push({});\n<\/script><\/p>\n<p>Las sesiones presenciales del Diploma de Especializaci\u00f3n en Intervenci\u00f3n Social con la Comunidad Gitana o DEU se desarrollan en torno a temas que profundizan y complementan cuestiones tratadas en los diferentes m\u00f3dulos del curso, buscando en todo momento la reflexi\u00f3n y reconstrucci\u00f3n colectiva de esos contenidos. Los objetivos del encuentro de este mes de mayo pasan por analizar y evaluar de forma conjunta el desarrollo del curso o facilitar la reflexi\u00f3n conjunta en torno a conceptos esenciales para la intervenci\u00f3n social, entre otros.<\/p>\n","protected":false},"excerpt":{"rendered":"<p>Estos d\u00edas se celebra en Pamplona el segundo encuentro presencial de esta formaci\u00f3n que sirve como cierre del curso<\/p>\n","protected":false},"author":1,"featured_media":36074,"comment_status":"open","ping_status":"closed","sticky":false,"template":"","format":"standard","meta":{"footnotes":""},"categories":[2],"tags":[],"class_list":["post-40428","post","type-post","status-publish","format-standard","has-post-thumbnail","hentry","category-ayuntamiento-pamplona"],"yoast_head":"<!-- This site is optimized with the Yoast SEO plugin v27.3 - https:\/\/yoast.com\/product\/yoast-seo-wordpress\/ -->\n<title>El Ayuntamiento recibe a alumnado y profesorado del Diploma de Especializaci\u00f3n en Intervenci\u00f3n Social con la Comunidad Gitana o DEU, t\u00edtulo propio que oferta la UPNA<\/title>\n<meta name=\"description\" content=\"Estos d\u00edas se celebra en Pamplona el segundo encuentro presencial de esta formaci\u00f3n que sirve como cierre del curso\" \/>\n<meta name=\"robots\" content=\"index, follow, max-snippet:-1, max-image-preview:large, max-video-preview:-1\" \/>\n<link rel=\"canonical\" href=\"https:\/\/www.laguiadepamplona.com\/actualidad\/el-ayuntamiento-recibe-a-alumnado-y-profesorado-del-diploma-de-especializacion-en-intervencion-social-con-la-comunidad-gitana-o-deu-titulo-propio-que-oferta-la-upna\/\" \/>\n<meta property=\"og:locale\" content=\"es_ES\" \/>\n<meta property=\"og:type\" content=\"article\" \/>\n<meta property=\"og:title\" content=\"El Ayuntamiento recibe a alumnado y profesorado del Diploma de Especializaci\u00f3n en Intervenci\u00f3n Social con la Comunidad Gitana o DEU, t\u00edtulo propio que oferta la UPNA\" \/>\n<meta property=\"og:description\" content=\"Estos d\u00edas se celebra en Pamplona el segundo encuentro presencial de esta formaci\u00f3n que sirve como cierre del curso\" \/>\n<meta property=\"og:url\" content=\"https:\/\/www.laguiadepamplona.com\/actualidad\/el-ayuntamiento-recibe-a-alumnado-y-profesorado-del-diploma-de-especializacion-en-intervencion-social-con-la-comunidad-gitana-o-deu-titulo-propio-que-oferta-la-upna\/\" \/>\n<meta property=\"og:site_name\" content=\"La Gu\u00eda de Pamplona\" \/>\n<meta property=\"article:publisher\" content=\"https:\/\/www.facebook.com\/laguiadepamplonacom-133175176762273\/?ref=hl\" \/>\n<meta property=\"article:published_time\" content=\"2022-05-20T16:15:14+00:00\" \/>\n<meta property=\"article:modified_time\" content=\"2023-04-11T09:48:09+00:00\" \/>\n<meta property=\"og:image\" content=\"https:\/\/www.laguiadepamplona.com\/actualidad\/wp-content\/uploads\/2021\/08\/ayuntamiento-pamplona2.jpg\" \/>\n\t<meta property=\"og:image:width\" content=\"1920\" \/>\n\t<meta property=\"og:image:height\" content=\"1080\" \/>\n\t<meta property=\"og:image:type\" content=\"image\/jpeg\" \/>\n<meta name=\"author\" content=\"La Gu\u00eda de Pamplona\" \/>\n<meta name=\"twitter:card\" content=\"summary_large_image\" \/>\n<meta name=\"twitter:creator\" content=\"@LaGuiadPamplona\" \/>\n<meta name=\"twitter:site\" content=\"@LaGuiadPamplona\" \/>\n<meta name=\"twitter:label1\" content=\"Escrito por\" \/>\n\t<meta name=\"twitter:data1\" content=\"La Gu\u00eda de Pamplona\" \/>\n\t<meta name=\"twitter:label2\" content=\"Tiempo de lectura\" \/>\n\t<meta name=\"twitter:data2\" content=\"2 minutos\" \/>\n<script type=\"application\/ld+json\" class=\"yoast-schema-graph\">{\"@context\":\"https:\\\/\\\/schema.org\",\"@graph\":[{\"@type\":\"Article\",\"@id\":\"https:\\\/\\\/www.laguiadepamplona.com\\\/actualidad\\\/el-ayuntamiento-recibe-a-alumnado-y-profesorado-del-diploma-de-especializacion-en-intervencion-social-con-la-comunidad-gitana-o-deu-titulo-propio-que-oferta-la-upna\\\/#article\",\"isPartOf\":{\"@id\":\"https:\\\/\\\/www.laguiadepamplona.com\\\/actualidad\\\/el-ayuntamiento-recibe-a-alumnado-y-profesorado-del-diploma-de-especializacion-en-intervencion-social-con-la-comunidad-gitana-o-deu-titulo-propio-que-oferta-la-upna\\\/\"},\"author\":{\"name\":\"La Gu\u00eda de Pamplona\",\"@id\":\"https:\\\/\\\/www.laguiadepamplona.com\\\/actualidad\\\/#\\\/schema\\\/person\\\/efe887376f0213d4657c93adc50b1fdb\"},\"headline\":\"El Ayuntamiento recibe a alumnado y profesorado del Diploma de Especializaci\u00f3n en Intervenci\u00f3n Social con la Comunidad Gitana o DEU, t\u00edtulo propio que oferta la UPNA\",\"datePublished\":\"2022-05-20T16:15:14+00:00\",\"dateModified\":\"2023-04-11T09:48:09+00:00\",\"mainEntityOfPage\":{\"@id\":\"https:\\\/\\\/www.laguiadepamplona.com\\\/actualidad\\\/el-ayuntamiento-recibe-a-alumnado-y-profesorado-del-diploma-de-especializacion-en-intervencion-social-con-la-comunidad-gitana-o-deu-titulo-propio-que-oferta-la-upna\\\/\"},\"wordCount\":468,\"commentCount\":0,\"publisher\":{\"@id\":\"https:\\\/\\\/www.laguiadepamplona.com\\\/actualidad\\\/#organization\"},\"image\":{\"@id\":\"https:\\\/\\\/www.laguiadepamplona.com\\\/actualidad\\\/el-ayuntamiento-recibe-a-alumnado-y-profesorado-del-diploma-de-especializacion-en-intervencion-social-con-la-comunidad-gitana-o-deu-titulo-propio-que-oferta-la-upna\\\/#primaryimage\"},\"thumbnailUrl\":\"https:\\\/\\\/www.laguiadepamplona.com\\\/actualidad\\\/wp-content\\\/uploads\\\/2021\\\/08\\\/ayuntamiento-pamplona2.jpg\",\"articleSection\":[\"Ayto Pamplona\"],\"inLanguage\":\"es\",\"potentialAction\":[{\"@type\":\"CommentAction\",\"name\":\"Comment\",\"target\":[\"https:\\\/\\\/www.laguiadepamplona.com\\\/actualidad\\\/el-ayuntamiento-recibe-a-alumnado-y-profesorado-del-diploma-de-especializacion-en-intervencion-social-con-la-comunidad-gitana-o-deu-titulo-propio-que-oferta-la-upna\\\/#respond\"]}]},{\"@type\":\"WebPage\",\"@id\":\"https:\\\/\\\/www.laguiadepamplona.com\\\/actualidad\\\/el-ayuntamiento-recibe-a-alumnado-y-profesorado-del-diploma-de-especializacion-en-intervencion-social-con-la-comunidad-gitana-o-deu-titulo-propio-que-oferta-la-upna\\\/\",\"url\":\"https:\\\/\\\/www.laguiadepamplona.com\\\/actualidad\\\/el-ayuntamiento-recibe-a-alumnado-y-profesorado-del-diploma-de-especializacion-en-intervencion-social-con-la-comunidad-gitana-o-deu-titulo-propio-que-oferta-la-upna\\\/\",\"name\":\"El Ayuntamiento recibe a alumnado y profesorado del Diploma de Especializaci\u00f3n en Intervenci\u00f3n Social con la Comunidad Gitana o DEU, t\u00edtulo propio que oferta la UPNA\",\"isPartOf\":{\"@id\":\"https:\\\/\\\/www.laguiadepamplona.com\\\/actualidad\\\/#website\"},\"primaryImageOfPage\":{\"@id\":\"https:\\\/\\\/www.laguiadepamplona.com\\\/actualidad\\\/el-ayuntamiento-recibe-a-alumnado-y-profesorado-del-diploma-de-especializacion-en-intervencion-social-con-la-comunidad-gitana-o-deu-titulo-propio-que-oferta-la-upna\\\/#primaryimage\"},\"image\":{\"@id\":\"https:\\\/\\\/www.laguiadepamplona.com\\\/actualidad\\\/el-ayuntamiento-recibe-a-alumnado-y-profesorado-del-diploma-de-especializacion-en-intervencion-social-con-la-comunidad-gitana-o-deu-titulo-propio-que-oferta-la-upna\\\/#primaryimage\"},\"thumbnailUrl\":\"https:\\\/\\\/www.laguiadepamplona.com\\\/actualidad\\\/wp-content\\\/uploads\\\/2021\\\/08\\\/ayuntamiento-pamplona2.jpg\",\"datePublished\":\"2022-05-20T16:15:14+00:00\",\"dateModified\":\"2023-04-11T09:48:09+00:00\",\"description\":\"Estos d\u00edas se celebra en Pamplona el segundo encuentro presencial de esta formaci\u00f3n que sirve como cierre del curso\",\"breadcrumb\":{\"@id\":\"https:\\\/\\\/www.laguiadepamplona.com\\\/actualidad\\\/el-ayuntamiento-recibe-a-alumnado-y-profesorado-del-diploma-de-especializacion-en-intervencion-social-con-la-comunidad-gitana-o-deu-titulo-propio-que-oferta-la-upna\\\/#breadcrumb\"},\"inLanguage\":\"es\",\"potentialAction\":[{\"@type\":\"ReadAction\",\"target\":[\"https:\\\/\\\/www.laguiadepamplona.com\\\/actualidad\\\/el-ayuntamiento-recibe-a-alumnado-y-profesorado-del-diploma-de-especializacion-en-intervencion-social-con-la-comunidad-gitana-o-deu-titulo-propio-que-oferta-la-upna\\\/\"]}]},{\"@type\":\"ImageObject\",\"inLanguage\":\"es\",\"@id\":\"https:\\\/\\\/www.laguiadepamplona.com\\\/actualidad\\\/el-ayuntamiento-recibe-a-alumnado-y-profesorado-del-diploma-de-especializacion-en-intervencion-social-con-la-comunidad-gitana-o-deu-titulo-propio-que-oferta-la-upna\\\/#primaryimage\",\"url\":\"https:\\\/\\\/www.laguiadepamplona.com\\\/actualidad\\\/wp-content\\\/uploads\\\/2021\\\/08\\\/ayuntamiento-pamplona2.jpg\",\"contentUrl\":\"https:\\\/\\\/www.laguiadepamplona.com\\\/actualidad\\\/wp-content\\\/uploads\\\/2021\\\/08\\\/ayuntamiento-pamplona2.jpg\",\"width\":1920,\"height\":1080,\"caption\":\"ayuntamiento pamplona\"},{\"@type\":\"BreadcrumbList\",\"@id\":\"https:\\\/\\\/www.laguiadepamplona.com\\\/actualidad\\\/el-ayuntamiento-recibe-a-alumnado-y-profesorado-del-diploma-de-especializacion-en-intervencion-social-con-la-comunidad-gitana-o-deu-titulo-propio-que-oferta-la-upna\\\/#breadcrumb\",\"itemListElement\":[{\"@type\":\"ListItem\",\"position\":1,\"name\":\"Portada\",\"item\":\"https:\\\/\\\/www.laguiadepamplona.com\\\/actualidad\\\/\"},{\"@type\":\"ListItem\",\"position\":2,\"name\":\"El Ayuntamiento recibe a alumnado y profesorado del Diploma de Especializaci\u00f3n en Intervenci\u00f3n Social con la Comunidad Gitana o DEU, t\u00edtulo propio que oferta la UPNA\"}]},{\"@type\":\"WebSite\",\"@id\":\"https:\\\/\\\/www.laguiadepamplona.com\\\/actualidad\\\/#website\",\"url\":\"https:\\\/\\\/www.laguiadepamplona.com\\\/actualidad\\\/\",\"name\":\"La gu\u00eda de Pamplona\",\"description\":\"Noticias de Pamplona\",\"publisher\":{\"@id\":\"https:\\\/\\\/www.laguiadepamplona.com\\\/actualidad\\\/#organization\"},\"potentialAction\":[{\"@type\":\"SearchAction\",\"target\":{\"@type\":\"EntryPoint\",\"urlTemplate\":\"https:\\\/\\\/www.laguiadepamplona.com\\\/actualidad\\\/?s={search_term_string}\"},\"query-input\":{\"@type\":\"PropertyValueSpecification\",\"valueRequired\":true,\"valueName\":\"search_term_string\"}}],\"inLanguage\":\"es\"},{\"@type\":\"Organization\",\"@id\":\"https:\\\/\\\/www.laguiadepamplona.com\\\/actualidad\\\/#organization\",\"name\":\"La Gu\u00eda de Pamplona \\\/ Noticias\",\"url\":\"https:\\\/\\\/www.laguiadepamplona.com\\\/actualidad\\\/\",\"logo\":{\"@type\":\"ImageObject\",\"inLanguage\":\"es\",\"@id\":\"https:\\\/\\\/www.laguiadepamplona.com\\\/actualidad\\\/#\\\/schema\\\/logo\\\/image\\\/\",\"url\":\"https:\\\/\\\/www.laguiadepamplona.com\\\/actualidad\\\/wp-content\\\/uploads\\\/2018\\\/11\\\/logo-laguiadepamplona18-web1.png\",\"contentUrl\":\"https:\\\/\\\/www.laguiadepamplona.com\\\/actualidad\\\/wp-content\\\/uploads\\\/2018\\\/11\\\/logo-laguiadepamplona18-web1.png\",\"width\":600,\"height\":196,\"caption\":\"La Gu\u00eda de Pamplona \\\/ Noticias\"},\"image\":{\"@id\":\"https:\\\/\\\/www.laguiadepamplona.com\\\/actualidad\\\/#\\\/schema\\\/logo\\\/image\\\/\"},\"sameAs\":[\"https:\\\/\\\/www.facebook.com\\\/laguiadepamplonacom-133175176762273\\\/?ref=hl\",\"https:\\\/\\\/x.com\\\/LaGuiadPamplona\",\"https:\\\/\\\/www.instagram.com\\\/la_guia_de_pamplona\\\/\",\"https:\\\/\\\/www.youtube.com\\\/user\\\/laguiadepamplona\"]},{\"@type\":\"Person\",\"@id\":\"https:\\\/\\\/www.laguiadepamplona.com\\\/actualidad\\\/#\\\/schema\\\/person\\\/efe887376f0213d4657c93adc50b1fdb\",\"name\":\"La Gu\u00eda de Pamplona\",\"image\":{\"@type\":\"ImageObject\",\"inLanguage\":\"es\",\"@id\":\"https:\\\/\\\/secure.gravatar.com\\\/avatar\\\/b6992f131dc8d30ab0dff15446e9d346d9dbd95992de0fef795073f5ea83a81c?s=96&d=mm&r=g\",\"url\":\"https:\\\/\\\/secure.gravatar.com\\\/avatar\\\/b6992f131dc8d30ab0dff15446e9d346d9dbd95992de0fef795073f5ea83a81c?s=96&d=mm&r=g\",\"contentUrl\":\"https:\\\/\\\/secure.gravatar.com\\\/avatar\\\/b6992f131dc8d30ab0dff15446e9d346d9dbd95992de0fef795073f5ea83a81c?s=96&d=mm&r=g\",\"caption\":\"La Gu\u00eda de Pamplona\"}}]}<\/script>\n<!-- \/ Yoast SEO plugin. -->","yoast_head_json":{"title":"El Ayuntamiento recibe a alumnado y profesorado del Diploma de Especializaci\u00f3n en Intervenci\u00f3n Social con la Comunidad Gitana o DEU, t\u00edtulo propio que oferta la UPNA","description":"Estos d\u00edas se celebra en Pamplona el segundo encuentro presencial de esta formaci\u00f3n que sirve como cierre del curso","robots":{"index":"index","follow":"follow","max-snippet":"max-snippet:-1","max-image-preview":"max-image-preview:large","max-video-preview":"max-video-preview:-1"},"canonical":"https:\/\/www.laguiadepamplona.com\/actualidad\/el-ayuntamiento-recibe-a-alumnado-y-profesorado-del-diploma-de-especializacion-en-intervencion-social-con-la-comunidad-gitana-o-deu-titulo-propio-que-oferta-la-upna\/","og_locale":"es_ES","og_type":"article","og_title":"El Ayuntamiento recibe a alumnado y profesorado del Diploma de Especializaci\u00f3n en Intervenci\u00f3n Social con la Comunidad Gitana o DEU, t\u00edtulo propio que oferta la UPNA","og_description":"Estos d\u00edas se celebra en Pamplona el segundo encuentro presencial de esta formaci\u00f3n que sirve como cierre del curso","og_url":"https:\/\/www.laguiadepamplona.com\/actualidad\/el-ayuntamiento-recibe-a-alumnado-y-profesorado-del-diploma-de-especializacion-en-intervencion-social-con-la-comunidad-gitana-o-deu-titulo-propio-que-oferta-la-upna\/","og_site_name":"La Gu\u00eda de Pamplona","article_publisher":"https:\/\/www.facebook.com\/laguiadepamplonacom-133175176762273\/?ref=hl","article_published_time":"2022-05-20T16:15:14+00:00","article_modified_time":"2023-04-11T09:48:09+00:00","og_image":[{"width":1920,"height":1080,"url":"https:\/\/www.laguiadepamplona.com\/actualidad\/wp-content\/uploads\/2021\/08\/ayuntamiento-pamplona2.jpg","type":"image\/jpeg"}],"author":"La Gu\u00eda de Pamplona","twitter_card":"summary_large_image","twitter_creator":"@LaGuiadPamplona","twitter_site":"@LaGuiadPamplona","twitter_misc":{"Escrito por":"La Gu\u00eda de Pamplona","Tiempo de lectura":"2 minutos"},"schema":{"@context":"https:\/\/schema.org","@graph":[{"@type":"Article","@id":"https:\/\/www.laguiadepamplona.com\/actualidad\/el-ayuntamiento-recibe-a-alumnado-y-profesorado-del-diploma-de-especializacion-en-intervencion-social-con-la-comunidad-gitana-o-deu-titulo-propio-que-oferta-la-upna\/#article","isPartOf":{"@id":"https:\/\/www.laguiadepamplona.com\/actualidad\/el-ayuntamiento-recibe-a-alumnado-y-profesorado-del-diploma-de-especializacion-en-intervencion-social-con-la-comunidad-gitana-o-deu-titulo-propio-que-oferta-la-upna\/"},"author":{"name":"La Gu\u00eda de Pamplona","@id":"https:\/\/www.laguiadepamplona.com\/actualidad\/#\/schema\/person\/efe887376f0213d4657c93adc50b1fdb"},"headline":"El Ayuntamiento recibe a alumnado y profesorado del Diploma de Especializaci\u00f3n en Intervenci\u00f3n Social con la Comunidad Gitana o DEU, t\u00edtulo propio que oferta la UPNA","datePublished":"2022-05-20T16:15:14+00:00","dateModified":"2023-04-11T09:48:09+00:00","mainEntityOfPage":{"@id":"https:\/\/www.laguiadepamplona.com\/actualidad\/el-ayuntamiento-recibe-a-alumnado-y-profesorado-del-diploma-de-especializacion-en-intervencion-social-con-la-comunidad-gitana-o-deu-titulo-propio-que-oferta-la-upna\/"},"wordCount":468,"commentCount":0,"publisher":{"@id":"https:\/\/www.laguiadepamplona.com\/actualidad\/#organization"},"image":{"@id":"https:\/\/www.laguiadepamplona.com\/actualidad\/el-ayuntamiento-recibe-a-alumnado-y-profesorado-del-diploma-de-especializacion-en-intervencion-social-con-la-comunidad-gitana-o-deu-titulo-propio-que-oferta-la-upna\/#primaryimage"},"thumbnailUrl":"https:\/\/www.laguiadepamplona.com\/actualidad\/wp-content\/uploads\/2021\/08\/ayuntamiento-pamplona2.jpg","articleSection":["Ayto Pamplona"],"inLanguage":"es","potentialAction":[{"@type":"CommentAction","name":"Comment","target":["https:\/\/www.laguiadepamplona.com\/actualidad\/el-ayuntamiento-recibe-a-alumnado-y-profesorado-del-diploma-de-especializacion-en-intervencion-social-con-la-comunidad-gitana-o-deu-titulo-propio-que-oferta-la-upna\/#respond"]}]},{"@type":"WebPage","@id":"https:\/\/www.laguiadepamplona.com\/actualidad\/el-ayuntamiento-recibe-a-alumnado-y-profesorado-del-diploma-de-especializacion-en-intervencion-social-con-la-comunidad-gitana-o-deu-titulo-propio-que-oferta-la-upna\/","url":"https:\/\/www.laguiadepamplona.com\/actualidad\/el-ayuntamiento-recibe-a-alumnado-y-profesorado-del-diploma-de-especializacion-en-intervencion-social-con-la-comunidad-gitana-o-deu-titulo-propio-que-oferta-la-upna\/","name":"El Ayuntamiento recibe a alumnado y profesorado del Diploma de Especializaci\u00f3n en Intervenci\u00f3n Social con la Comunidad Gitana o DEU, t\u00edtulo propio que oferta la UPNA","isPartOf":{"@id":"https:\/\/www.laguiadepamplona.com\/actualidad\/#website"},"primaryImageOfPage":{"@id":"https:\/\/www.laguiadepamplona.com\/actualidad\/el-ayuntamiento-recibe-a-alumnado-y-profesorado-del-diploma-de-especializacion-en-intervencion-social-con-la-comunidad-gitana-o-deu-titulo-propio-que-oferta-la-upna\/#primaryimage"},"image":{"@id":"https:\/\/www.laguiadepamplona.com\/actualidad\/el-ayuntamiento-recibe-a-alumnado-y-profesorado-del-diploma-de-especializacion-en-intervencion-social-con-la-comunidad-gitana-o-deu-titulo-propio-que-oferta-la-upna\/#primaryimage"},"thumbnailUrl":"https:\/\/www.laguiadepamplona.com\/actualidad\/wp-content\/uploads\/2021\/08\/ayuntamiento-pamplona2.jpg","datePublished":"2022-05-20T16:15:14+00:00","dateModified":"2023-04-11T09:48:09+00:00","description":"Estos d\u00edas se celebra en Pamplona el segundo encuentro presencial de esta formaci\u00f3n que sirve como cierre del curso","breadcrumb":{"@id":"https:\/\/www.laguiadepamplona.com\/actualidad\/el-ayuntamiento-recibe-a-alumnado-y-profesorado-del-diploma-de-especializacion-en-intervencion-social-con-la-comunidad-gitana-o-deu-titulo-propio-que-oferta-la-upna\/#breadcrumb"},"inLanguage":"es","potentialAction":[{"@type":"ReadAction","target":["https:\/\/www.laguiadepamplona.com\/actualidad\/el-ayuntamiento-recibe-a-alumnado-y-profesorado-del-diploma-de-especializacion-en-intervencion-social-con-la-comunidad-gitana-o-deu-titulo-propio-que-oferta-la-upna\/"]}]},{"@type":"ImageObject","inLanguage":"es","@id":"https:\/\/www.laguiadepamplona.com\/actualidad\/el-ayuntamiento-recibe-a-alumnado-y-profesorado-del-diploma-de-especializacion-en-intervencion-social-con-la-comunidad-gitana-o-deu-titulo-propio-que-oferta-la-upna\/#primaryimage","url":"https:\/\/www.laguiadepamplona.com\/actualidad\/wp-content\/uploads\/2021\/08\/ayuntamiento-pamplona2.jpg","contentUrl":"https:\/\/www.laguiadepamplona.com\/actualidad\/wp-content\/uploads\/2021\/08\/ayuntamiento-pamplona2.jpg","width":1920,"height":1080,"caption":"ayuntamiento pamplona"},{"@type":"BreadcrumbList","@id":"https:\/\/www.laguiadepamplona.com\/actualidad\/el-ayuntamiento-recibe-a-alumnado-y-profesorado-del-diploma-de-especializacion-en-intervencion-social-con-la-comunidad-gitana-o-deu-titulo-propio-que-oferta-la-upna\/#breadcrumb","itemListElement":[{"@type":"ListItem","position":1,"name":"Portada","item":"https:\/\/www.laguiadepamplona.com\/actualidad\/"},{"@type":"ListItem","position":2,"name":"El Ayuntamiento recibe a alumnado y profesorado del Diploma de Especializaci\u00f3n en Intervenci\u00f3n Social con la Comunidad Gitana o DEU, t\u00edtulo propio que oferta la UPNA"}]},{"@type":"WebSite","@id":"https:\/\/www.laguiadepamplona.com\/actualidad\/#website","url":"https:\/\/www.laguiadepamplona.com\/actualidad\/","name":"La gu\u00eda de Pamplona","description":"Noticias de Pamplona","publisher":{"@id":"https:\/\/www.laguiadepamplona.com\/actualidad\/#organization"},"potentialAction":[{"@type":"SearchAction","target":{"@type":"EntryPoint","urlTemplate":"https:\/\/www.laguiadepamplona.com\/actualidad\/?s={search_term_string}"},"query-input":{"@type":"PropertyValueSpecification","valueRequired":true,"valueName":"search_term_string"}}],"inLanguage":"es"},{"@type":"Organization","@id":"https:\/\/www.laguiadepamplona.com\/actualidad\/#organization","name":"La Gu\u00eda de Pamplona \/ Noticias","url":"https:\/\/www.laguiadepamplona.com\/actualidad\/","logo":{"@type":"ImageObject","inLanguage":"es","@id":"https:\/\/www.laguiadepamplona.com\/actualidad\/#\/schema\/logo\/image\/","url":"https:\/\/www.laguiadepamplona.com\/actualidad\/wp-content\/uploads\/2018\/11\/logo-laguiadepamplona18-web1.png","contentUrl":"https:\/\/www.laguiadepamplona.com\/actualidad\/wp-content\/uploads\/2018\/11\/logo-laguiadepamplona18-web1.png","width":600,"height":196,"caption":"La Gu\u00eda de Pamplona \/ Noticias"},"image":{"@id":"https:\/\/www.laguiadepamplona.com\/actualidad\/#\/schema\/logo\/image\/"},"sameAs":["https:\/\/www.facebook.com\/laguiadepamplonacom-133175176762273\/?ref=hl","https:\/\/x.com\/LaGuiadPamplona","https:\/\/www.instagram.com\/la_guia_de_pamplona\/","https:\/\/www.youtube.com\/user\/laguiadepamplona"]},{"@type":"Person","@id":"https:\/\/www.laguiadepamplona.com\/actualidad\/#\/schema\/person\/efe887376f0213d4657c93adc50b1fdb","name":"La Gu\u00eda de Pamplona","image":{"@type":"ImageObject","inLanguage":"es","@id":"https:\/\/secure.gravatar.com\/avatar\/b6992f131dc8d30ab0dff15446e9d346d9dbd95992de0fef795073f5ea83a81c?s=96&d=mm&r=g","url":"https:\/\/secure.gravatar.com\/avatar\/b6992f131dc8d30ab0dff15446e9d346d9dbd95992de0fef795073f5ea83a81c?s=96&d=mm&r=g","contentUrl":"https:\/\/secure.gravatar.com\/avatar\/b6992f131dc8d30ab0dff15446e9d346d9dbd95992de0fef795073f5ea83a81c?s=96&d=mm&r=g","caption":"La Gu\u00eda de Pamplona"}}]}},"post_mailing_queue_ids":[],"_links":{"self":[{"href":"https:\/\/www.laguiadepamplona.com\/actualidad\/wp-json\/wp\/v2\/posts\/40428","targetHints":{"allow":["GET"]}}],"collection":[{"href":"https:\/\/www.laguiadepamplona.com\/actualidad\/wp-json\/wp\/v2\/posts"}],"about":[{"href":"https:\/\/www.laguiadepamplona.com\/actualidad\/wp-json\/wp\/v2\/types\/post"}],"author":[{"embeddable":true,"href":"https:\/\/www.laguiadepamplona.com\/actualidad\/wp-json\/wp\/v2\/users\/1"}],"replies":[{"embeddable":true,"href":"https:\/\/www.laguiadepamplona.com\/actualidad\/wp-json\/wp\/v2\/comments?post=40428"}],"version-history":[{"count":0,"href":"https:\/\/www.laguiadepamplona.com\/actualidad\/wp-json\/wp\/v2\/posts\/40428\/revisions"}],"wp:featuredmedia":[{"embeddable":true,"href":"https:\/\/www.laguiadepamplona.com\/actualidad\/wp-json\/wp\/v2\/media\/36074"}],"wp:attachment":[{"href":"https:\/\/www.laguiadepamplona.com\/actualidad\/wp-json\/wp\/v2\/media?parent=40428"}],"wp:term":[{"taxonomy":"category","embeddable":true,"href":"https:\/\/www.laguiadepamplona.com\/actualidad\/wp-json\/wp\/v2\/categories?post=40428"},{"taxonomy":"post_tag","embeddable":true,"href":"https:\/\/www.laguiadepamplona.com\/actualidad\/wp-json\/wp\/v2\/tags?post=40428"}],"curies":[{"name":"wp","href":"https:\/\/api.w.org\/{rel}","templated":true}]}}