{"id":40425,"date":"2022-05-20T17:14:56","date_gmt":"2022-05-20T15:14:56","guid":{"rendered":"https:\/\/www.laguiadepamplona.com\/actualidad\/?p=40425"},"modified":"2023-04-11T11:48:10","modified_gmt":"2023-04-11T09:48:10","slug":"el-ayuntamiento-y-las-asociaciones-que-trabajan-sobre-diversidad-cultural-en-pamplona-proponen-a-la-ciudadania-este-sabado-un-encuentro-festivo-en-el-patio-de-gigantes","status":"publish","type":"post","link":"https:\/\/www.laguiadepamplona.com\/actualidad\/el-ayuntamiento-y-las-asociaciones-que-trabajan-sobre-diversidad-cultural-en-pamplona-proponen-a-la-ciudadania-este-sabado-un-encuentro-festivo-en-el-patio-de-gigantes\/","title":{"rendered":"El Ayuntamiento y las asociaciones que trabajan sobre diversidad cultural en Pamplona proponen a la ciudadan\u00eda este s\u00e1bado un encuentro festivo en el Patio de Gigantes"},"content":{"rendered":"<h5>Para celebrar este D\u00eda de la Diversidad Cultural para el Di\u00e1logo y el Desarrollo el Consistorio reedita la campa\u00f1a \u2018Pamplona Polita\/Cosmopolita\u2019<\/h5>\n<p><!--more--><\/p>\n<p>Ma\u00f1ana, 21 de mayo, <u>de<\/u><u> 11.30<\/u><u><\/u><u> a 12.45<\/u>, el Ayuntamiento de Pamplona y las asociaciones que trabajan sobre diversidad cultural en la ciudad celebrar\u00e1n el <strong><u>D\u00eda Internacional de la Diversidad Cultural para el Di\u00e1logo y el Desarrollo<\/u><\/strong> en un acto abierto a la ciudadan\u00eda <strong><u>en el Patio de Gigantes (edificio de Descalzos, 72)<\/u><\/strong>. El acto contar\u00e1 con la presencia del <strong>concejal delegado de<\/strong> <strong>Educaci\u00f3n, Participaci\u00f3n Ciudadana y Juventud, Fernando Sesma,<\/strong> y est\u00e1n invitadas unas <strong>200 asociaciones<\/strong>. Sus integrantes, ataviados con los trajes t\u00edpicos de sus culturas de origen participar\u00e1n en un encuentro donde, adem\u00e1s, se podr\u00e1 ver el espect\u00e1culo de danza del alumnado de la Escuela de baile urbano Breathless Dance Center y asistir a una actuaci\u00f3n musical de Rawan Diallo.<br \/>\n<script async src=\"\/\/pagead2.googlesyndication.com\/pagead\/js\/adsbygoogle.js\"><\/script><br \/>\n<!-- Noticias La Guia de Pamplona --><br \/>\n<ins class=\"adsbygoogle\"\nstyle=\"display:block\"\ndata-ad-client=\"ca-pub-6943679897239327\"\ndata-ad-slot=\"7048180777\"\ndata-ad-format=\"auto\"><\/ins><br \/>\n<script>\n(adsbygoogle = window.adsbygoogle || []).push({});\n<\/script><\/p>\n<p>En el interior del edificio se podr\u00e1 visitar una exposici\u00f3n fotogr\u00e1fica plural, adem\u00e1s de una colecci\u00f3n de pintura del artista Juan Manuel Fern\u00e1ndez Cuichan. Durante el acto se realizar\u00e1n lecturas de poemas o fragmentos de libros seleccionados por las propias asociaciones, alusivos a la diversidad cultural y a la igualdad de las personas, y la ma\u00f1ana terminar\u00e1 con una jota interpretada por miembros de Amudisna, la Asociaci\u00f3n de Mujeres con Discapacidad de Navarra y un aperitivo final. Igualmente, se dispondr\u00e1n unos paneles de expresi\u00f3n para recoger las opiniones y sensaciones de las personas presentes a lo largo de la ma\u00f1ana.<\/p>\n<p>El acto comenzar\u00e1 con la lectura p\u00fablica, en castellano y euskera, de la declaraci\u00f3n aprobada por unanimidad el pasado martes en la Comisi\u00f3n de Asuntos Ciudadanos en la que el Ayuntamiento, considerando que la defensa de la diversidad cultural es un imperativo \u00e9tico, inseparable del respeto a la dignidad de la persona, reafirmaba el compromiso de la ciudad con el respeto y promoci\u00f3n de las diferentes culturas que la conforman, como patrimonio de sus habitantes actuales y herencia para las generaciones futuras. Seg\u00fan lo aprobado Pamplona reconoce la Diversidad Cultural como factor de desarrollo y vector de crecimiento intelectual, afectivo, moral e incluso econ\u00f3mico, por lo que el Consistorio seguir\u00e1 trabajando en acciones en favor del di\u00e1logo intercultural y puesta en valor de las diferentes realidades culturales de la ciudad.<\/p>\n<p>Para conmemorar la fecha, estos d\u00edas el Ayuntamiento de Pamplona ha decidido reeditar la campa\u00f1a \u2018Pamplona polita\/cosmopolita\u2019, el mensaje p\u00fablico por una ciudad diversa, integradora, multicultural y abierta que se puede ver en los mupis convencionales, el mupi digital, se ha hecho un reparto de carteles por espacios p\u00fablico, centros c\u00edvicos y de salud, locutorios, centros educativos, etc. y se ha incluido en las redes sociales municipales. La campa\u00f1a, creada el pasado a\u00f1o por estas fechas, quiere trasladar el mensaje positivo de que la ciudad es diversa, integradora, multicultural y abierta y que esas caracter\u00edsticas, y la diversidad cultural en general, hacen de Pamplona \u201cun lugar mejor, libre de comportamientos racistas y xen\u00f3fobos\u201d.<br \/>\n<script async src=\"\/\/pagead2.googlesyndication.com\/pagead\/js\/adsbygoogle.js\"><\/script><br \/>\n<!-- Noticias La Guia de Pamplona --><br \/>\n<ins class=\"adsbygoogle\"\nstyle=\"display:block\"\ndata-ad-client=\"ca-pub-6943679897239327\"\ndata-ad-slot=\"7048180777\"\ndata-ad-format=\"auto\"><\/ins><br \/>\n<script>\n(adsbygoogle = window.adsbygoogle || []).push({});\n<\/script><\/p>\n<p>&nbsp;<\/p>\n<h3>El encuentro en Descalzos<\/h3>\n<ul>\n<li>Lugar: Patio de los Gigantes (calle Descalzos 72)<\/li>\n<li>Fecha: 21 de mayo, s\u00e1bado<\/li>\n<li>Horario: 11.30 horas<\/li>\n<\/ul>\n<p>CONTENIDO<\/p>\n<ul>\n<li>30 Presentaci\u00f3n y agradecimiento<\/li>\n<li>35 Lectura de la declaraci\u00f3n de la Comisi\u00f3n de Asuntos Ciudadanos<\/li>\n<li>45 Actuaci\u00f3n de danza (Escuela de baile urbano Breathless Dance Center)<\/li>\n<li>00 Lecturas \/ Selecci\u00f3n de texto breves (textos propuestos desde las asociaciones que trabajan en diversidad cultural en Pamplona)<\/li>\n<li>11:15 Fotograf\u00eda conjunta<\/li>\n<li>20 Actuaci\u00f3n musical (Rawan Diallo)<\/li>\n<li>35 Jota (Amudisna: Asociaci\u00f3n de Mujeres con Discapacidad de Navarra)<\/li>\n<li>40 Aperitivo<\/li>\n<li>Exposiciones abiertas: Se solicit\u00f3 a las asociaciones y colectivos de diversidad cultural que enviasen fotograf\u00edas celebrando la diversidad. El artista Juan Manuel Fern\u00e1ndez Cuichan, ha querido participar con una muestra de su obra que estar\u00e1 expuesta en la misma celebraci\u00f3n.<\/li>\n<li>Del mismo modo, se dispondr\u00e1n unos paneles de expresi\u00f3n conjunta para recoger las opiniones y sensaciones de las personas presentes.<\/li>\n<\/ul>\n","protected":false},"excerpt":{"rendered":"<p>Para celebrar este D\u00eda de la Diversidad Cultural para el Di\u00e1logo y el Desarrollo el Consistorio reedita la campa\u00f1a \u2018Pamplona Polita\/Cosmopolita\u2019<\/p>\n","protected":false},"author":1,"featured_media":40426,"comment_status":"open","ping_status":"closed","sticky":false,"template":"","format":"standard","meta":{"footnotes":""},"categories":[2],"tags":[],"class_list":["post-40425","post","type-post","status-publish","format-standard","has-post-thumbnail","hentry","category-ayuntamiento-pamplona"],"yoast_head":"<!-- This site is optimized with the Yoast SEO plugin v27.3 - https:\/\/yoast.com\/product\/yoast-seo-wordpress\/ -->\n<title>El Ayuntamiento y las asociaciones que trabajan sobre diversidad cultural en Pamplona proponen a la ciudadan\u00eda este s\u00e1bado un encuentro festivo en el Patio de Gigantes<\/title>\n<meta name=\"description\" content=\"Para celebrar este D\u00eda de la Diversidad Cultural para el Di\u00e1logo y el Desarrollo el Consistorio reedita la campa\u00f1a \u2018Pamplona Polita\/Cosmopolita\u2019\" \/>\n<meta name=\"robots\" content=\"index, follow, max-snippet:-1, max-image-preview:large, max-video-preview:-1\" \/>\n<link rel=\"canonical\" href=\"https:\/\/www.laguiadepamplona.com\/actualidad\/el-ayuntamiento-y-las-asociaciones-que-trabajan-sobre-diversidad-cultural-en-pamplona-proponen-a-la-ciudadania-este-sabado-un-encuentro-festivo-en-el-patio-de-gigantes\/\" \/>\n<meta property=\"og:locale\" content=\"es_ES\" \/>\n<meta property=\"og:type\" content=\"article\" \/>\n<meta property=\"og:title\" content=\"El Ayuntamiento y las asociaciones que trabajan sobre diversidad cultural en Pamplona proponen a la ciudadan\u00eda este s\u00e1bado un encuentro festivo en el Patio de Gigantes\" \/>\n<meta property=\"og:description\" content=\"Para celebrar este D\u00eda de la Diversidad Cultural para el Di\u00e1logo y el Desarrollo el Consistorio reedita la campa\u00f1a \u2018Pamplona Polita\/Cosmopolita\u2019\" \/>\n<meta property=\"og:url\" content=\"https:\/\/www.laguiadepamplona.com\/actualidad\/el-ayuntamiento-y-las-asociaciones-que-trabajan-sobre-diversidad-cultural-en-pamplona-proponen-a-la-ciudadania-este-sabado-un-encuentro-festivo-en-el-patio-de-gigantes\/\" \/>\n<meta property=\"og:site_name\" content=\"La Gu\u00eda de Pamplona\" \/>\n<meta property=\"article:publisher\" content=\"https:\/\/www.facebook.com\/laguiadepamplonacom-133175176762273\/?ref=hl\" \/>\n<meta property=\"article:published_time\" content=\"2022-05-20T15:14:56+00:00\" \/>\n<meta property=\"article:modified_time\" content=\"2023-04-11T09:48:10+00:00\" \/>\n<meta property=\"og:image\" content=\"https:\/\/www.laguiadepamplona.com\/actualidad\/wp-content\/uploads\/2022\/05\/pamplona-polita-cosmopolita.webp\" \/>\n\t<meta property=\"og:image:width\" content=\"1500\" \/>\n\t<meta property=\"og:image:height\" content=\"1500\" \/>\n\t<meta property=\"og:image:type\" content=\"image\/webp\" \/>\n<meta name=\"author\" content=\"La Gu\u00eda de Pamplona\" \/>\n<meta name=\"twitter:card\" content=\"summary_large_image\" \/>\n<meta name=\"twitter:creator\" content=\"@LaGuiadPamplona\" \/>\n<meta name=\"twitter:site\" content=\"@LaGuiadPamplona\" \/>\n<meta name=\"twitter:label1\" content=\"Escrito por\" \/>\n\t<meta name=\"twitter:data1\" content=\"La Gu\u00eda de Pamplona\" \/>\n\t<meta name=\"twitter:label2\" content=\"Tiempo de lectura\" \/>\n\t<meta name=\"twitter:data2\" content=\"3 minutos\" \/>\n<script type=\"application\/ld+json\" class=\"yoast-schema-graph\">{\"@context\":\"https:\\\/\\\/schema.org\",\"@graph\":[{\"@type\":\"Article\",\"@id\":\"https:\\\/\\\/www.laguiadepamplona.com\\\/actualidad\\\/el-ayuntamiento-y-las-asociaciones-que-trabajan-sobre-diversidad-cultural-en-pamplona-proponen-a-la-ciudadania-este-sabado-un-encuentro-festivo-en-el-patio-de-gigantes\\\/#article\",\"isPartOf\":{\"@id\":\"https:\\\/\\\/www.laguiadepamplona.com\\\/actualidad\\\/el-ayuntamiento-y-las-asociaciones-que-trabajan-sobre-diversidad-cultural-en-pamplona-proponen-a-la-ciudadania-este-sabado-un-encuentro-festivo-en-el-patio-de-gigantes\\\/\"},\"author\":{\"name\":\"La Gu\u00eda de Pamplona\",\"@id\":\"https:\\\/\\\/www.laguiadepamplona.com\\\/actualidad\\\/#\\\/schema\\\/person\\\/efe887376f0213d4657c93adc50b1fdb\"},\"headline\":\"El Ayuntamiento y las asociaciones que trabajan sobre diversidad cultural en Pamplona proponen a la ciudadan\u00eda este s\u00e1bado un encuentro festivo en el Patio de Gigantes\",\"datePublished\":\"2022-05-20T15:14:56+00:00\",\"dateModified\":\"2023-04-11T09:48:10+00:00\",\"mainEntityOfPage\":{\"@id\":\"https:\\\/\\\/www.laguiadepamplona.com\\\/actualidad\\\/el-ayuntamiento-y-las-asociaciones-que-trabajan-sobre-diversidad-cultural-en-pamplona-proponen-a-la-ciudadania-este-sabado-un-encuentro-festivo-en-el-patio-de-gigantes\\\/\"},\"wordCount\":702,\"commentCount\":0,\"publisher\":{\"@id\":\"https:\\\/\\\/www.laguiadepamplona.com\\\/actualidad\\\/#organization\"},\"image\":{\"@id\":\"https:\\\/\\\/www.laguiadepamplona.com\\\/actualidad\\\/el-ayuntamiento-y-las-asociaciones-que-trabajan-sobre-diversidad-cultural-en-pamplona-proponen-a-la-ciudadania-este-sabado-un-encuentro-festivo-en-el-patio-de-gigantes\\\/#primaryimage\"},\"thumbnailUrl\":\"https:\\\/\\\/www.laguiadepamplona.com\\\/actualidad\\\/wp-content\\\/uploads\\\/2022\\\/05\\\/pamplona-polita-cosmopolita.webp\",\"articleSection\":[\"Ayto Pamplona\"],\"inLanguage\":\"es\",\"potentialAction\":[{\"@type\":\"CommentAction\",\"name\":\"Comment\",\"target\":[\"https:\\\/\\\/www.laguiadepamplona.com\\\/actualidad\\\/el-ayuntamiento-y-las-asociaciones-que-trabajan-sobre-diversidad-cultural-en-pamplona-proponen-a-la-ciudadania-este-sabado-un-encuentro-festivo-en-el-patio-de-gigantes\\\/#respond\"]}]},{\"@type\":\"WebPage\",\"@id\":\"https:\\\/\\\/www.laguiadepamplona.com\\\/actualidad\\\/el-ayuntamiento-y-las-asociaciones-que-trabajan-sobre-diversidad-cultural-en-pamplona-proponen-a-la-ciudadania-este-sabado-un-encuentro-festivo-en-el-patio-de-gigantes\\\/\",\"url\":\"https:\\\/\\\/www.laguiadepamplona.com\\\/actualidad\\\/el-ayuntamiento-y-las-asociaciones-que-trabajan-sobre-diversidad-cultural-en-pamplona-proponen-a-la-ciudadania-este-sabado-un-encuentro-festivo-en-el-patio-de-gigantes\\\/\",\"name\":\"El Ayuntamiento y las asociaciones que trabajan sobre diversidad cultural en Pamplona proponen a la ciudadan\u00eda este s\u00e1bado un encuentro festivo en el Patio de Gigantes\",\"isPartOf\":{\"@id\":\"https:\\\/\\\/www.laguiadepamplona.com\\\/actualidad\\\/#website\"},\"primaryImageOfPage\":{\"@id\":\"https:\\\/\\\/www.laguiadepamplona.com\\\/actualidad\\\/el-ayuntamiento-y-las-asociaciones-que-trabajan-sobre-diversidad-cultural-en-pamplona-proponen-a-la-ciudadania-este-sabado-un-encuentro-festivo-en-el-patio-de-gigantes\\\/#primaryimage\"},\"image\":{\"@id\":\"https:\\\/\\\/www.laguiadepamplona.com\\\/actualidad\\\/el-ayuntamiento-y-las-asociaciones-que-trabajan-sobre-diversidad-cultural-en-pamplona-proponen-a-la-ciudadania-este-sabado-un-encuentro-festivo-en-el-patio-de-gigantes\\\/#primaryimage\"},\"thumbnailUrl\":\"https:\\\/\\\/www.laguiadepamplona.com\\\/actualidad\\\/wp-content\\\/uploads\\\/2022\\\/05\\\/pamplona-polita-cosmopolita.webp\",\"datePublished\":\"2022-05-20T15:14:56+00:00\",\"dateModified\":\"2023-04-11T09:48:10+00:00\",\"description\":\"Para celebrar este D\u00eda de la Diversidad Cultural para el Di\u00e1logo y el Desarrollo el Consistorio reedita la campa\u00f1a \u2018Pamplona Polita\\\/Cosmopolita\u2019\",\"breadcrumb\":{\"@id\":\"https:\\\/\\\/www.laguiadepamplona.com\\\/actualidad\\\/el-ayuntamiento-y-las-asociaciones-que-trabajan-sobre-diversidad-cultural-en-pamplona-proponen-a-la-ciudadania-este-sabado-un-encuentro-festivo-en-el-patio-de-gigantes\\\/#breadcrumb\"},\"inLanguage\":\"es\",\"potentialAction\":[{\"@type\":\"ReadAction\",\"target\":[\"https:\\\/\\\/www.laguiadepamplona.com\\\/actualidad\\\/el-ayuntamiento-y-las-asociaciones-que-trabajan-sobre-diversidad-cultural-en-pamplona-proponen-a-la-ciudadania-este-sabado-un-encuentro-festivo-en-el-patio-de-gigantes\\\/\"]}]},{\"@type\":\"ImageObject\",\"inLanguage\":\"es\",\"@id\":\"https:\\\/\\\/www.laguiadepamplona.com\\\/actualidad\\\/el-ayuntamiento-y-las-asociaciones-que-trabajan-sobre-diversidad-cultural-en-pamplona-proponen-a-la-ciudadania-este-sabado-un-encuentro-festivo-en-el-patio-de-gigantes\\\/#primaryimage\",\"url\":\"https:\\\/\\\/www.laguiadepamplona.com\\\/actualidad\\\/wp-content\\\/uploads\\\/2022\\\/05\\\/pamplona-polita-cosmopolita.webp\",\"contentUrl\":\"https:\\\/\\\/www.laguiadepamplona.com\\\/actualidad\\\/wp-content\\\/uploads\\\/2022\\\/05\\\/pamplona-polita-cosmopolita.webp\",\"width\":1500,\"height\":1500},{\"@type\":\"BreadcrumbList\",\"@id\":\"https:\\\/\\\/www.laguiadepamplona.com\\\/actualidad\\\/el-ayuntamiento-y-las-asociaciones-que-trabajan-sobre-diversidad-cultural-en-pamplona-proponen-a-la-ciudadania-este-sabado-un-encuentro-festivo-en-el-patio-de-gigantes\\\/#breadcrumb\",\"itemListElement\":[{\"@type\":\"ListItem\",\"position\":1,\"name\":\"Portada\",\"item\":\"https:\\\/\\\/www.laguiadepamplona.com\\\/actualidad\\\/\"},{\"@type\":\"ListItem\",\"position\":2,\"name\":\"El Ayuntamiento y las asociaciones que trabajan sobre diversidad cultural en Pamplona proponen a la ciudadan\u00eda este s\u00e1bado un encuentro festivo en el Patio de Gigantes\"}]},{\"@type\":\"WebSite\",\"@id\":\"https:\\\/\\\/www.laguiadepamplona.com\\\/actualidad\\\/#website\",\"url\":\"https:\\\/\\\/www.laguiadepamplona.com\\\/actualidad\\\/\",\"name\":\"La gu\u00eda de Pamplona\",\"description\":\"Noticias de Pamplona\",\"publisher\":{\"@id\":\"https:\\\/\\\/www.laguiadepamplona.com\\\/actualidad\\\/#organization\"},\"potentialAction\":[{\"@type\":\"SearchAction\",\"target\":{\"@type\":\"EntryPoint\",\"urlTemplate\":\"https:\\\/\\\/www.laguiadepamplona.com\\\/actualidad\\\/?s={search_term_string}\"},\"query-input\":{\"@type\":\"PropertyValueSpecification\",\"valueRequired\":true,\"valueName\":\"search_term_string\"}}],\"inLanguage\":\"es\"},{\"@type\":\"Organization\",\"@id\":\"https:\\\/\\\/www.laguiadepamplona.com\\\/actualidad\\\/#organization\",\"name\":\"La Gu\u00eda de Pamplona \\\/ Noticias\",\"url\":\"https:\\\/\\\/www.laguiadepamplona.com\\\/actualidad\\\/\",\"logo\":{\"@type\":\"ImageObject\",\"inLanguage\":\"es\",\"@id\":\"https:\\\/\\\/www.laguiadepamplona.com\\\/actualidad\\\/#\\\/schema\\\/logo\\\/image\\\/\",\"url\":\"https:\\\/\\\/www.laguiadepamplona.com\\\/actualidad\\\/wp-content\\\/uploads\\\/2018\\\/11\\\/logo-laguiadepamplona18-web1.png\",\"contentUrl\":\"https:\\\/\\\/www.laguiadepamplona.com\\\/actualidad\\\/wp-content\\\/uploads\\\/2018\\\/11\\\/logo-laguiadepamplona18-web1.png\",\"width\":600,\"height\":196,\"caption\":\"La Gu\u00eda de Pamplona \\\/ Noticias\"},\"image\":{\"@id\":\"https:\\\/\\\/www.laguiadepamplona.com\\\/actualidad\\\/#\\\/schema\\\/logo\\\/image\\\/\"},\"sameAs\":[\"https:\\\/\\\/www.facebook.com\\\/laguiadepamplonacom-133175176762273\\\/?ref=hl\",\"https:\\\/\\\/x.com\\\/LaGuiadPamplona\",\"https:\\\/\\\/www.instagram.com\\\/la_guia_de_pamplona\\\/\",\"https:\\\/\\\/www.youtube.com\\\/user\\\/laguiadepamplona\"]},{\"@type\":\"Person\",\"@id\":\"https:\\\/\\\/www.laguiadepamplona.com\\\/actualidad\\\/#\\\/schema\\\/person\\\/efe887376f0213d4657c93adc50b1fdb\",\"name\":\"La Gu\u00eda de Pamplona\",\"image\":{\"@type\":\"ImageObject\",\"inLanguage\":\"es\",\"@id\":\"https:\\\/\\\/secure.gravatar.com\\\/avatar\\\/b6992f131dc8d30ab0dff15446e9d346d9dbd95992de0fef795073f5ea83a81c?s=96&d=mm&r=g\",\"url\":\"https:\\\/\\\/secure.gravatar.com\\\/avatar\\\/b6992f131dc8d30ab0dff15446e9d346d9dbd95992de0fef795073f5ea83a81c?s=96&d=mm&r=g\",\"contentUrl\":\"https:\\\/\\\/secure.gravatar.com\\\/avatar\\\/b6992f131dc8d30ab0dff15446e9d346d9dbd95992de0fef795073f5ea83a81c?s=96&d=mm&r=g\",\"caption\":\"La Gu\u00eda de Pamplona\"}}]}<\/script>\n<!-- \/ Yoast SEO plugin. -->","yoast_head_json":{"title":"El Ayuntamiento y las asociaciones que trabajan sobre diversidad cultural en Pamplona proponen a la ciudadan\u00eda este s\u00e1bado un encuentro festivo en el Patio de Gigantes","description":"Para celebrar este D\u00eda de la Diversidad Cultural para el Di\u00e1logo y el Desarrollo el Consistorio reedita la campa\u00f1a \u2018Pamplona Polita\/Cosmopolita\u2019","robots":{"index":"index","follow":"follow","max-snippet":"max-snippet:-1","max-image-preview":"max-image-preview:large","max-video-preview":"max-video-preview:-1"},"canonical":"https:\/\/www.laguiadepamplona.com\/actualidad\/el-ayuntamiento-y-las-asociaciones-que-trabajan-sobre-diversidad-cultural-en-pamplona-proponen-a-la-ciudadania-este-sabado-un-encuentro-festivo-en-el-patio-de-gigantes\/","og_locale":"es_ES","og_type":"article","og_title":"El Ayuntamiento y las asociaciones que trabajan sobre diversidad cultural en Pamplona proponen a la ciudadan\u00eda este s\u00e1bado un encuentro festivo en el Patio de Gigantes","og_description":"Para celebrar este D\u00eda de la Diversidad Cultural para el Di\u00e1logo y el Desarrollo el Consistorio reedita la campa\u00f1a \u2018Pamplona Polita\/Cosmopolita\u2019","og_url":"https:\/\/www.laguiadepamplona.com\/actualidad\/el-ayuntamiento-y-las-asociaciones-que-trabajan-sobre-diversidad-cultural-en-pamplona-proponen-a-la-ciudadania-este-sabado-un-encuentro-festivo-en-el-patio-de-gigantes\/","og_site_name":"La Gu\u00eda de Pamplona","article_publisher":"https:\/\/www.facebook.com\/laguiadepamplonacom-133175176762273\/?ref=hl","article_published_time":"2022-05-20T15:14:56+00:00","article_modified_time":"2023-04-11T09:48:10+00:00","og_image":[{"width":1500,"height":1500,"url":"https:\/\/www.laguiadepamplona.com\/actualidad\/wp-content\/uploads\/2022\/05\/pamplona-polita-cosmopolita.webp","type":"image\/webp"}],"author":"La Gu\u00eda de Pamplona","twitter_card":"summary_large_image","twitter_creator":"@LaGuiadPamplona","twitter_site":"@LaGuiadPamplona","twitter_misc":{"Escrito por":"La Gu\u00eda de Pamplona","Tiempo de lectura":"3 minutos"},"schema":{"@context":"https:\/\/schema.org","@graph":[{"@type":"Article","@id":"https:\/\/www.laguiadepamplona.com\/actualidad\/el-ayuntamiento-y-las-asociaciones-que-trabajan-sobre-diversidad-cultural-en-pamplona-proponen-a-la-ciudadania-este-sabado-un-encuentro-festivo-en-el-patio-de-gigantes\/#article","isPartOf":{"@id":"https:\/\/www.laguiadepamplona.com\/actualidad\/el-ayuntamiento-y-las-asociaciones-que-trabajan-sobre-diversidad-cultural-en-pamplona-proponen-a-la-ciudadania-este-sabado-un-encuentro-festivo-en-el-patio-de-gigantes\/"},"author":{"name":"La Gu\u00eda de Pamplona","@id":"https:\/\/www.laguiadepamplona.com\/actualidad\/#\/schema\/person\/efe887376f0213d4657c93adc50b1fdb"},"headline":"El Ayuntamiento y las asociaciones que trabajan sobre diversidad cultural en Pamplona proponen a la ciudadan\u00eda este s\u00e1bado un encuentro festivo en el Patio de Gigantes","datePublished":"2022-05-20T15:14:56+00:00","dateModified":"2023-04-11T09:48:10+00:00","mainEntityOfPage":{"@id":"https:\/\/www.laguiadepamplona.com\/actualidad\/el-ayuntamiento-y-las-asociaciones-que-trabajan-sobre-diversidad-cultural-en-pamplona-proponen-a-la-ciudadania-este-sabado-un-encuentro-festivo-en-el-patio-de-gigantes\/"},"wordCount":702,"commentCount":0,"publisher":{"@id":"https:\/\/www.laguiadepamplona.com\/actualidad\/#organization"},"image":{"@id":"https:\/\/www.laguiadepamplona.com\/actualidad\/el-ayuntamiento-y-las-asociaciones-que-trabajan-sobre-diversidad-cultural-en-pamplona-proponen-a-la-ciudadania-este-sabado-un-encuentro-festivo-en-el-patio-de-gigantes\/#primaryimage"},"thumbnailUrl":"https:\/\/www.laguiadepamplona.com\/actualidad\/wp-content\/uploads\/2022\/05\/pamplona-polita-cosmopolita.webp","articleSection":["Ayto Pamplona"],"inLanguage":"es","potentialAction":[{"@type":"CommentAction","name":"Comment","target":["https:\/\/www.laguiadepamplona.com\/actualidad\/el-ayuntamiento-y-las-asociaciones-que-trabajan-sobre-diversidad-cultural-en-pamplona-proponen-a-la-ciudadania-este-sabado-un-encuentro-festivo-en-el-patio-de-gigantes\/#respond"]}]},{"@type":"WebPage","@id":"https:\/\/www.laguiadepamplona.com\/actualidad\/el-ayuntamiento-y-las-asociaciones-que-trabajan-sobre-diversidad-cultural-en-pamplona-proponen-a-la-ciudadania-este-sabado-un-encuentro-festivo-en-el-patio-de-gigantes\/","url":"https:\/\/www.laguiadepamplona.com\/actualidad\/el-ayuntamiento-y-las-asociaciones-que-trabajan-sobre-diversidad-cultural-en-pamplona-proponen-a-la-ciudadania-este-sabado-un-encuentro-festivo-en-el-patio-de-gigantes\/","name":"El Ayuntamiento y las asociaciones que trabajan sobre diversidad cultural en Pamplona proponen a la ciudadan\u00eda este s\u00e1bado un encuentro festivo en el Patio de Gigantes","isPartOf":{"@id":"https:\/\/www.laguiadepamplona.com\/actualidad\/#website"},"primaryImageOfPage":{"@id":"https:\/\/www.laguiadepamplona.com\/actualidad\/el-ayuntamiento-y-las-asociaciones-que-trabajan-sobre-diversidad-cultural-en-pamplona-proponen-a-la-ciudadania-este-sabado-un-encuentro-festivo-en-el-patio-de-gigantes\/#primaryimage"},"image":{"@id":"https:\/\/www.laguiadepamplona.com\/actualidad\/el-ayuntamiento-y-las-asociaciones-que-trabajan-sobre-diversidad-cultural-en-pamplona-proponen-a-la-ciudadania-este-sabado-un-encuentro-festivo-en-el-patio-de-gigantes\/#primaryimage"},"thumbnailUrl":"https:\/\/www.laguiadepamplona.com\/actualidad\/wp-content\/uploads\/2022\/05\/pamplona-polita-cosmopolita.webp","datePublished":"2022-05-20T15:14:56+00:00","dateModified":"2023-04-11T09:48:10+00:00","description":"Para celebrar este D\u00eda de la Diversidad Cultural para el Di\u00e1logo y el Desarrollo el Consistorio reedita la campa\u00f1a \u2018Pamplona Polita\/Cosmopolita\u2019","breadcrumb":{"@id":"https:\/\/www.laguiadepamplona.com\/actualidad\/el-ayuntamiento-y-las-asociaciones-que-trabajan-sobre-diversidad-cultural-en-pamplona-proponen-a-la-ciudadania-este-sabado-un-encuentro-festivo-en-el-patio-de-gigantes\/#breadcrumb"},"inLanguage":"es","potentialAction":[{"@type":"ReadAction","target":["https:\/\/www.laguiadepamplona.com\/actualidad\/el-ayuntamiento-y-las-asociaciones-que-trabajan-sobre-diversidad-cultural-en-pamplona-proponen-a-la-ciudadania-este-sabado-un-encuentro-festivo-en-el-patio-de-gigantes\/"]}]},{"@type":"ImageObject","inLanguage":"es","@id":"https:\/\/www.laguiadepamplona.com\/actualidad\/el-ayuntamiento-y-las-asociaciones-que-trabajan-sobre-diversidad-cultural-en-pamplona-proponen-a-la-ciudadania-este-sabado-un-encuentro-festivo-en-el-patio-de-gigantes\/#primaryimage","url":"https:\/\/www.laguiadepamplona.com\/actualidad\/wp-content\/uploads\/2022\/05\/pamplona-polita-cosmopolita.webp","contentUrl":"https:\/\/www.laguiadepamplona.com\/actualidad\/wp-content\/uploads\/2022\/05\/pamplona-polita-cosmopolita.webp","width":1500,"height":1500},{"@type":"BreadcrumbList","@id":"https:\/\/www.laguiadepamplona.com\/actualidad\/el-ayuntamiento-y-las-asociaciones-que-trabajan-sobre-diversidad-cultural-en-pamplona-proponen-a-la-ciudadania-este-sabado-un-encuentro-festivo-en-el-patio-de-gigantes\/#breadcrumb","itemListElement":[{"@type":"ListItem","position":1,"name":"Portada","item":"https:\/\/www.laguiadepamplona.com\/actualidad\/"},{"@type":"ListItem","position":2,"name":"El Ayuntamiento y las asociaciones que trabajan sobre diversidad cultural en Pamplona proponen a la ciudadan\u00eda este s\u00e1bado un encuentro festivo en el Patio de Gigantes"}]},{"@type":"WebSite","@id":"https:\/\/www.laguiadepamplona.com\/actualidad\/#website","url":"https:\/\/www.laguiadepamplona.com\/actualidad\/","name":"La gu\u00eda de Pamplona","description":"Noticias de Pamplona","publisher":{"@id":"https:\/\/www.laguiadepamplona.com\/actualidad\/#organization"},"potentialAction":[{"@type":"SearchAction","target":{"@type":"EntryPoint","urlTemplate":"https:\/\/www.laguiadepamplona.com\/actualidad\/?s={search_term_string}"},"query-input":{"@type":"PropertyValueSpecification","valueRequired":true,"valueName":"search_term_string"}}],"inLanguage":"es"},{"@type":"Organization","@id":"https:\/\/www.laguiadepamplona.com\/actualidad\/#organization","name":"La Gu\u00eda de Pamplona \/ Noticias","url":"https:\/\/www.laguiadepamplona.com\/actualidad\/","logo":{"@type":"ImageObject","inLanguage":"es","@id":"https:\/\/www.laguiadepamplona.com\/actualidad\/#\/schema\/logo\/image\/","url":"https:\/\/www.laguiadepamplona.com\/actualidad\/wp-content\/uploads\/2018\/11\/logo-laguiadepamplona18-web1.png","contentUrl":"https:\/\/www.laguiadepamplona.com\/actualidad\/wp-content\/uploads\/2018\/11\/logo-laguiadepamplona18-web1.png","width":600,"height":196,"caption":"La Gu\u00eda de Pamplona \/ Noticias"},"image":{"@id":"https:\/\/www.laguiadepamplona.com\/actualidad\/#\/schema\/logo\/image\/"},"sameAs":["https:\/\/www.facebook.com\/laguiadepamplonacom-133175176762273\/?ref=hl","https:\/\/x.com\/LaGuiadPamplona","https:\/\/www.instagram.com\/la_guia_de_pamplona\/","https:\/\/www.youtube.com\/user\/laguiadepamplona"]},{"@type":"Person","@id":"https:\/\/www.laguiadepamplona.com\/actualidad\/#\/schema\/person\/efe887376f0213d4657c93adc50b1fdb","name":"La Gu\u00eda de Pamplona","image":{"@type":"ImageObject","inLanguage":"es","@id":"https:\/\/secure.gravatar.com\/avatar\/b6992f131dc8d30ab0dff15446e9d346d9dbd95992de0fef795073f5ea83a81c?s=96&d=mm&r=g","url":"https:\/\/secure.gravatar.com\/avatar\/b6992f131dc8d30ab0dff15446e9d346d9dbd95992de0fef795073f5ea83a81c?s=96&d=mm&r=g","contentUrl":"https:\/\/secure.gravatar.com\/avatar\/b6992f131dc8d30ab0dff15446e9d346d9dbd95992de0fef795073f5ea83a81c?s=96&d=mm&r=g","caption":"La Gu\u00eda de Pamplona"}}]}},"post_mailing_queue_ids":[],"_links":{"self":[{"href":"https:\/\/www.laguiadepamplona.com\/actualidad\/wp-json\/wp\/v2\/posts\/40425","targetHints":{"allow":["GET"]}}],"collection":[{"href":"https:\/\/www.laguiadepamplona.com\/actualidad\/wp-json\/wp\/v2\/posts"}],"about":[{"href":"https:\/\/www.laguiadepamplona.com\/actualidad\/wp-json\/wp\/v2\/types\/post"}],"author":[{"embeddable":true,"href":"https:\/\/www.laguiadepamplona.com\/actualidad\/wp-json\/wp\/v2\/users\/1"}],"replies":[{"embeddable":true,"href":"https:\/\/www.laguiadepamplona.com\/actualidad\/wp-json\/wp\/v2\/comments?post=40425"}],"version-history":[{"count":0,"href":"https:\/\/www.laguiadepamplona.com\/actualidad\/wp-json\/wp\/v2\/posts\/40425\/revisions"}],"wp:featuredmedia":[{"embeddable":true,"href":"https:\/\/www.laguiadepamplona.com\/actualidad\/wp-json\/wp\/v2\/media\/40426"}],"wp:attachment":[{"href":"https:\/\/www.laguiadepamplona.com\/actualidad\/wp-json\/wp\/v2\/media?parent=40425"}],"wp:term":[{"taxonomy":"category","embeddable":true,"href":"https:\/\/www.laguiadepamplona.com\/actualidad\/wp-json\/wp\/v2\/categories?post=40425"},{"taxonomy":"post_tag","embeddable":true,"href":"https:\/\/www.laguiadepamplona.com\/actualidad\/wp-json\/wp\/v2\/tags?post=40425"}],"curies":[{"name":"wp","href":"https:\/\/api.w.org\/{rel}","templated":true}]}}