{"id":40422,"date":"2022-05-20T17:12:18","date_gmt":"2022-05-20T15:12:18","guid":{"rendered":"https:\/\/www.laguiadepamplona.com\/actualidad\/?p=40422"},"modified":"2023-04-11T11:48:10","modified_gmt":"2023-04-11T09:48:10","slug":"el-lunes-comenzaran-catas-en-la-plaza-de-la-cruz-para-comprobar-el-tamano-y-el-estado-de-las-raices-de-los-arboles-de-esa-zona-de-estancia","status":"publish","type":"post","link":"https:\/\/www.laguiadepamplona.com\/actualidad\/el-lunes-comenzaran-catas-en-la-plaza-de-la-cruz-para-comprobar-el-tamano-y-el-estado-de-las-raices-de-los-arboles-de-esa-zona-de-estancia\/","title":{"rendered":"El lunes comenzar\u00e1n catas en la plaza de la Cruz para comprobar el tama\u00f1o y el estado de las ra\u00edces de los \u00e1rboles de esa zona de estancia"},"content":{"rendered":"<h5>Las pruebas est\u00e1n vinculadas a la futura construcci\u00f3n de un aparcamiento en la calle Sang\u00fcesa, no afectar\u00e1n al tr\u00e1fico y durar\u00e1n unas semanas<\/h5>\n<p><!--more--><\/p>\n<p>Este pr\u00f3ximo lunes el Ayuntamiento de Pamplona va a iniciar unas obras menores en la plaza de la Cruz de cara a acometer la redacci\u00f3n de un proyecto de reurbanizaci\u00f3n de ese espacio. Durante varias semanas, y de forma sucesiva, se van a realizar hasta 8 catas en el pavimento de la plaza para investigar el itinerario y el estado de las ra\u00edces de los \u00e1rboles de la plaza: cuatro cedros y un conjunto de pl\u00e1tanos que sombrean la zona de estancia en torno al peque\u00f1o estanque y la Cruz Negra que hay en su centro.<br \/>\n<script async src=\"\/\/pagead2.googlesyndication.com\/pagead\/js\/adsbygoogle.js\"><\/script><br \/>\n<!-- Noticias La Guia de Pamplona --><br \/>\n<ins class=\"adsbygoogle\"\nstyle=\"display:block\"\ndata-ad-client=\"ca-pub-6943679897239327\"\ndata-ad-slot=\"7048180777\"\ndata-ad-format=\"auto\"><\/ins><br \/>\n<script>\n(adsbygoogle = window.adsbygoogle || []).push({});\n<\/script><\/p>\n<p>Para esta investigaci\u00f3n inicial se cuenta con el apoyo de un equipo profesional de paisajistas. La operaci\u00f3n consiste en remover parcialmente el pavimento de la zona y retirar mediante un soplado mec\u00e1nico la tierra que se dispone bajo los adoquines hasta encontrar las ra\u00edces analizando su extensi\u00f3n bajo la plaza, su tama\u00f1o y su estado, de forma que se disponga de una informaci\u00f3n completa sobre los ejemplares.<\/p>\n<p>Las catas no afectar\u00e1n en ning\u00fan caso al tr\u00e1fico de veh\u00edculos de la zona y la plaza seguir\u00e1 siendo permeable al tr\u00e1nsito peatonal salvo en la zona vallada de la cata que est\u00e9 en ese momento activa.<br \/>\n<script async src=\"\/\/pagead2.googlesyndication.com\/pagead\/js\/adsbygoogle.js\"><\/script><br \/>\n<!-- Noticias La Guia de Pamplona --><br \/>\n<ins class=\"adsbygoogle\"\nstyle=\"display:block\"\ndata-ad-client=\"ca-pub-6943679897239327\"\ndata-ad-slot=\"7048180777\"\ndata-ad-format=\"auto\"><\/ins><br \/>\n<script>\n(adsbygoogle = window.adsbygoogle || []).push({});\n<\/script><\/p>\n<p>El futuro proyecto de reurbanizaci\u00f3n de esta plaza est\u00e1 vinculado al proyecto de aparcamiento subterr\u00e1neo para residentes de la calle Sang\u00fcesa, una demanda vecinal que busca incrementar el espacio de estacionamiento de veh\u00edculos en el Segundo Ensanche. La idea inicial es que ese aparcamiento, actualmente en fase de redacci\u00f3n de proyecto, tenga capacidad para m\u00e1s de 300 veh\u00edculos ocupando una superficie que equivaldr\u00eda a dos manzanas del Ensanche, concretamente, entre las calles Navarro Villoslada y Tafalla, es decir, lindando con la plaza de la Cruz y con el instituto. Para determinar esta ubicaci\u00f3n se analiz\u00f3 la situaci\u00f3n de los aparcamientos y garajes existentes en el Segundo Ensanche y en su zona de influencia concluy\u00e9ndose que se aprecia un vac\u00edo en el \u00e1rea que delimitan las avenidas Carlos III, Baja Navarra, Zaragoza y Galicia.<\/p>\n","protected":false},"excerpt":{"rendered":"<p>Las pruebas est\u00e1n vinculadas a la futura construcci\u00f3n de un aparcamiento en la calle Sang\u00fcesa, no afectar\u00e1n al tr\u00e1fico y durar\u00e1n unas semanas<\/p>\n","protected":false},"author":1,"featured_media":40423,"comment_status":"open","ping_status":"closed","sticky":false,"template":"","format":"standard","meta":{"footnotes":""},"categories":[2],"tags":[],"class_list":["post-40422","post","type-post","status-publish","format-standard","has-post-thumbnail","hentry","category-ayuntamiento-pamplona"],"yoast_head":"<!-- This site is optimized with the Yoast SEO plugin v27.3 - https:\/\/yoast.com\/product\/yoast-seo-wordpress\/ -->\n<title>El lunes comenzar\u00e1n catas en la plaza de la Cruz para comprobar el tama\u00f1o y el estado de las ra\u00edces de los \u00e1rboles de esa zona de estancia<\/title>\n<meta name=\"description\" content=\"Las pruebas est\u00e1n vinculadas a la futura construcci\u00f3n de un aparcamiento en la calle Sang\u00fcesa, no afectar\u00e1n al tr\u00e1fico y durar\u00e1n unas semanas\" \/>\n<meta name=\"robots\" content=\"index, follow, max-snippet:-1, max-image-preview:large, max-video-preview:-1\" \/>\n<link rel=\"canonical\" href=\"https:\/\/www.laguiadepamplona.com\/actualidad\/el-lunes-comenzaran-catas-en-la-plaza-de-la-cruz-para-comprobar-el-tamano-y-el-estado-de-las-raices-de-los-arboles-de-esa-zona-de-estancia\/\" \/>\n<meta property=\"og:locale\" content=\"es_ES\" \/>\n<meta property=\"og:type\" content=\"article\" \/>\n<meta property=\"og:title\" content=\"El lunes comenzar\u00e1n catas en la plaza de la Cruz para comprobar el tama\u00f1o y el estado de las ra\u00edces de los \u00e1rboles de esa zona de estancia\" \/>\n<meta property=\"og:description\" content=\"Las pruebas est\u00e1n vinculadas a la futura construcci\u00f3n de un aparcamiento en la calle Sang\u00fcesa, no afectar\u00e1n al tr\u00e1fico y durar\u00e1n unas semanas\" \/>\n<meta property=\"og:url\" content=\"https:\/\/www.laguiadepamplona.com\/actualidad\/el-lunes-comenzaran-catas-en-la-plaza-de-la-cruz-para-comprobar-el-tamano-y-el-estado-de-las-raices-de-los-arboles-de-esa-zona-de-estancia\/\" \/>\n<meta property=\"og:site_name\" content=\"La Gu\u00eda de Pamplona\" \/>\n<meta property=\"article:publisher\" content=\"https:\/\/www.facebook.com\/laguiadepamplonacom-133175176762273\/?ref=hl\" \/>\n<meta property=\"article:published_time\" content=\"2022-05-20T15:12:18+00:00\" \/>\n<meta property=\"article:modified_time\" content=\"2023-04-11T09:48:10+00:00\" \/>\n<meta property=\"og:image\" content=\"https:\/\/www.laguiadepamplona.com\/actualidad\/wp-content\/uploads\/2022\/05\/22.05.20_plaza_cruz.webp\" \/>\n\t<meta property=\"og:image:width\" content=\"1352\" \/>\n\t<meta property=\"og:image:height\" content=\"802\" \/>\n\t<meta property=\"og:image:type\" content=\"image\/webp\" \/>\n<meta name=\"author\" content=\"La Gu\u00eda de Pamplona\" \/>\n<meta name=\"twitter:card\" content=\"summary_large_image\" \/>\n<meta name=\"twitter:creator\" content=\"@LaGuiadPamplona\" \/>\n<meta name=\"twitter:site\" content=\"@LaGuiadPamplona\" \/>\n<meta name=\"twitter:label1\" content=\"Escrito por\" \/>\n\t<meta name=\"twitter:data1\" content=\"La Gu\u00eda de Pamplona\" \/>\n\t<meta name=\"twitter:label2\" content=\"Tiempo de lectura\" \/>\n\t<meta name=\"twitter:data2\" content=\"2 minutos\" \/>\n<script type=\"application\/ld+json\" class=\"yoast-schema-graph\">{\"@context\":\"https:\\\/\\\/schema.org\",\"@graph\":[{\"@type\":\"Article\",\"@id\":\"https:\\\/\\\/www.laguiadepamplona.com\\\/actualidad\\\/el-lunes-comenzaran-catas-en-la-plaza-de-la-cruz-para-comprobar-el-tamano-y-el-estado-de-las-raices-de-los-arboles-de-esa-zona-de-estancia\\\/#article\",\"isPartOf\":{\"@id\":\"https:\\\/\\\/www.laguiadepamplona.com\\\/actualidad\\\/el-lunes-comenzaran-catas-en-la-plaza-de-la-cruz-para-comprobar-el-tamano-y-el-estado-de-las-raices-de-los-arboles-de-esa-zona-de-estancia\\\/\"},\"author\":{\"name\":\"La Gu\u00eda de Pamplona\",\"@id\":\"https:\\\/\\\/www.laguiadepamplona.com\\\/actualidad\\\/#\\\/schema\\\/person\\\/efe887376f0213d4657c93adc50b1fdb\"},\"headline\":\"El lunes comenzar\u00e1n catas en la plaza de la Cruz para comprobar el tama\u00f1o y el estado de las ra\u00edces de los \u00e1rboles de esa zona de estancia\",\"datePublished\":\"2022-05-20T15:12:18+00:00\",\"dateModified\":\"2023-04-11T09:48:10+00:00\",\"mainEntityOfPage\":{\"@id\":\"https:\\\/\\\/www.laguiadepamplona.com\\\/actualidad\\\/el-lunes-comenzaran-catas-en-la-plaza-de-la-cruz-para-comprobar-el-tamano-y-el-estado-de-las-raices-de-los-arboles-de-esa-zona-de-estancia\\\/\"},\"wordCount\":421,\"commentCount\":0,\"publisher\":{\"@id\":\"https:\\\/\\\/www.laguiadepamplona.com\\\/actualidad\\\/#organization\"},\"image\":{\"@id\":\"https:\\\/\\\/www.laguiadepamplona.com\\\/actualidad\\\/el-lunes-comenzaran-catas-en-la-plaza-de-la-cruz-para-comprobar-el-tamano-y-el-estado-de-las-raices-de-los-arboles-de-esa-zona-de-estancia\\\/#primaryimage\"},\"thumbnailUrl\":\"https:\\\/\\\/www.laguiadepamplona.com\\\/actualidad\\\/wp-content\\\/uploads\\\/2022\\\/05\\\/22.05.20_plaza_cruz.webp\",\"articleSection\":[\"Ayto Pamplona\"],\"inLanguage\":\"es\",\"potentialAction\":[{\"@type\":\"CommentAction\",\"name\":\"Comment\",\"target\":[\"https:\\\/\\\/www.laguiadepamplona.com\\\/actualidad\\\/el-lunes-comenzaran-catas-en-la-plaza-de-la-cruz-para-comprobar-el-tamano-y-el-estado-de-las-raices-de-los-arboles-de-esa-zona-de-estancia\\\/#respond\"]}]},{\"@type\":\"WebPage\",\"@id\":\"https:\\\/\\\/www.laguiadepamplona.com\\\/actualidad\\\/el-lunes-comenzaran-catas-en-la-plaza-de-la-cruz-para-comprobar-el-tamano-y-el-estado-de-las-raices-de-los-arboles-de-esa-zona-de-estancia\\\/\",\"url\":\"https:\\\/\\\/www.laguiadepamplona.com\\\/actualidad\\\/el-lunes-comenzaran-catas-en-la-plaza-de-la-cruz-para-comprobar-el-tamano-y-el-estado-de-las-raices-de-los-arboles-de-esa-zona-de-estancia\\\/\",\"name\":\"El lunes comenzar\u00e1n catas en la plaza de la Cruz para comprobar el tama\u00f1o y el estado de las ra\u00edces de los \u00e1rboles de esa zona de estancia\",\"isPartOf\":{\"@id\":\"https:\\\/\\\/www.laguiadepamplona.com\\\/actualidad\\\/#website\"},\"primaryImageOfPage\":{\"@id\":\"https:\\\/\\\/www.laguiadepamplona.com\\\/actualidad\\\/el-lunes-comenzaran-catas-en-la-plaza-de-la-cruz-para-comprobar-el-tamano-y-el-estado-de-las-raices-de-los-arboles-de-esa-zona-de-estancia\\\/#primaryimage\"},\"image\":{\"@id\":\"https:\\\/\\\/www.laguiadepamplona.com\\\/actualidad\\\/el-lunes-comenzaran-catas-en-la-plaza-de-la-cruz-para-comprobar-el-tamano-y-el-estado-de-las-raices-de-los-arboles-de-esa-zona-de-estancia\\\/#primaryimage\"},\"thumbnailUrl\":\"https:\\\/\\\/www.laguiadepamplona.com\\\/actualidad\\\/wp-content\\\/uploads\\\/2022\\\/05\\\/22.05.20_plaza_cruz.webp\",\"datePublished\":\"2022-05-20T15:12:18+00:00\",\"dateModified\":\"2023-04-11T09:48:10+00:00\",\"description\":\"Las pruebas est\u00e1n vinculadas a la futura construcci\u00f3n de un aparcamiento en la calle Sang\u00fcesa, no afectar\u00e1n al tr\u00e1fico y durar\u00e1n unas semanas\",\"breadcrumb\":{\"@id\":\"https:\\\/\\\/www.laguiadepamplona.com\\\/actualidad\\\/el-lunes-comenzaran-catas-en-la-plaza-de-la-cruz-para-comprobar-el-tamano-y-el-estado-de-las-raices-de-los-arboles-de-esa-zona-de-estancia\\\/#breadcrumb\"},\"inLanguage\":\"es\",\"potentialAction\":[{\"@type\":\"ReadAction\",\"target\":[\"https:\\\/\\\/www.laguiadepamplona.com\\\/actualidad\\\/el-lunes-comenzaran-catas-en-la-plaza-de-la-cruz-para-comprobar-el-tamano-y-el-estado-de-las-raices-de-los-arboles-de-esa-zona-de-estancia\\\/\"]}]},{\"@type\":\"ImageObject\",\"inLanguage\":\"es\",\"@id\":\"https:\\\/\\\/www.laguiadepamplona.com\\\/actualidad\\\/el-lunes-comenzaran-catas-en-la-plaza-de-la-cruz-para-comprobar-el-tamano-y-el-estado-de-las-raices-de-los-arboles-de-esa-zona-de-estancia\\\/#primaryimage\",\"url\":\"https:\\\/\\\/www.laguiadepamplona.com\\\/actualidad\\\/wp-content\\\/uploads\\\/2022\\\/05\\\/22.05.20_plaza_cruz.webp\",\"contentUrl\":\"https:\\\/\\\/www.laguiadepamplona.com\\\/actualidad\\\/wp-content\\\/uploads\\\/2022\\\/05\\\/22.05.20_plaza_cruz.webp\",\"width\":1352,\"height\":802,\"caption\":\"plaza de la cruz\"},{\"@type\":\"BreadcrumbList\",\"@id\":\"https:\\\/\\\/www.laguiadepamplona.com\\\/actualidad\\\/el-lunes-comenzaran-catas-en-la-plaza-de-la-cruz-para-comprobar-el-tamano-y-el-estado-de-las-raices-de-los-arboles-de-esa-zona-de-estancia\\\/#breadcrumb\",\"itemListElement\":[{\"@type\":\"ListItem\",\"position\":1,\"name\":\"Portada\",\"item\":\"https:\\\/\\\/www.laguiadepamplona.com\\\/actualidad\\\/\"},{\"@type\":\"ListItem\",\"position\":2,\"name\":\"El lunes comenzar\u00e1n catas en la plaza de la Cruz para comprobar el tama\u00f1o y el estado de las ra\u00edces de los \u00e1rboles de esa zona de estancia\"}]},{\"@type\":\"WebSite\",\"@id\":\"https:\\\/\\\/www.laguiadepamplona.com\\\/actualidad\\\/#website\",\"url\":\"https:\\\/\\\/www.laguiadepamplona.com\\\/actualidad\\\/\",\"name\":\"La gu\u00eda de Pamplona\",\"description\":\"Noticias de Pamplona\",\"publisher\":{\"@id\":\"https:\\\/\\\/www.laguiadepamplona.com\\\/actualidad\\\/#organization\"},\"potentialAction\":[{\"@type\":\"SearchAction\",\"target\":{\"@type\":\"EntryPoint\",\"urlTemplate\":\"https:\\\/\\\/www.laguiadepamplona.com\\\/actualidad\\\/?s={search_term_string}\"},\"query-input\":{\"@type\":\"PropertyValueSpecification\",\"valueRequired\":true,\"valueName\":\"search_term_string\"}}],\"inLanguage\":\"es\"},{\"@type\":\"Organization\",\"@id\":\"https:\\\/\\\/www.laguiadepamplona.com\\\/actualidad\\\/#organization\",\"name\":\"La Gu\u00eda de Pamplona \\\/ Noticias\",\"url\":\"https:\\\/\\\/www.laguiadepamplona.com\\\/actualidad\\\/\",\"logo\":{\"@type\":\"ImageObject\",\"inLanguage\":\"es\",\"@id\":\"https:\\\/\\\/www.laguiadepamplona.com\\\/actualidad\\\/#\\\/schema\\\/logo\\\/image\\\/\",\"url\":\"https:\\\/\\\/www.laguiadepamplona.com\\\/actualidad\\\/wp-content\\\/uploads\\\/2018\\\/11\\\/logo-laguiadepamplona18-web1.png\",\"contentUrl\":\"https:\\\/\\\/www.laguiadepamplona.com\\\/actualidad\\\/wp-content\\\/uploads\\\/2018\\\/11\\\/logo-laguiadepamplona18-web1.png\",\"width\":600,\"height\":196,\"caption\":\"La Gu\u00eda de Pamplona \\\/ Noticias\"},\"image\":{\"@id\":\"https:\\\/\\\/www.laguiadepamplona.com\\\/actualidad\\\/#\\\/schema\\\/logo\\\/image\\\/\"},\"sameAs\":[\"https:\\\/\\\/www.facebook.com\\\/laguiadepamplonacom-133175176762273\\\/?ref=hl\",\"https:\\\/\\\/x.com\\\/LaGuiadPamplona\",\"https:\\\/\\\/www.instagram.com\\\/la_guia_de_pamplona\\\/\",\"https:\\\/\\\/www.youtube.com\\\/user\\\/laguiadepamplona\"]},{\"@type\":\"Person\",\"@id\":\"https:\\\/\\\/www.laguiadepamplona.com\\\/actualidad\\\/#\\\/schema\\\/person\\\/efe887376f0213d4657c93adc50b1fdb\",\"name\":\"La Gu\u00eda de Pamplona\",\"image\":{\"@type\":\"ImageObject\",\"inLanguage\":\"es\",\"@id\":\"https:\\\/\\\/secure.gravatar.com\\\/avatar\\\/b6992f131dc8d30ab0dff15446e9d346d9dbd95992de0fef795073f5ea83a81c?s=96&d=mm&r=g\",\"url\":\"https:\\\/\\\/secure.gravatar.com\\\/avatar\\\/b6992f131dc8d30ab0dff15446e9d346d9dbd95992de0fef795073f5ea83a81c?s=96&d=mm&r=g\",\"contentUrl\":\"https:\\\/\\\/secure.gravatar.com\\\/avatar\\\/b6992f131dc8d30ab0dff15446e9d346d9dbd95992de0fef795073f5ea83a81c?s=96&d=mm&r=g\",\"caption\":\"La Gu\u00eda de Pamplona\"}}]}<\/script>\n<!-- \/ Yoast SEO plugin. -->","yoast_head_json":{"title":"El lunes comenzar\u00e1n catas en la plaza de la Cruz para comprobar el tama\u00f1o y el estado de las ra\u00edces de los \u00e1rboles de esa zona de estancia","description":"Las pruebas est\u00e1n vinculadas a la futura construcci\u00f3n de un aparcamiento en la calle Sang\u00fcesa, no afectar\u00e1n al tr\u00e1fico y durar\u00e1n unas semanas","robots":{"index":"index","follow":"follow","max-snippet":"max-snippet:-1","max-image-preview":"max-image-preview:large","max-video-preview":"max-video-preview:-1"},"canonical":"https:\/\/www.laguiadepamplona.com\/actualidad\/el-lunes-comenzaran-catas-en-la-plaza-de-la-cruz-para-comprobar-el-tamano-y-el-estado-de-las-raices-de-los-arboles-de-esa-zona-de-estancia\/","og_locale":"es_ES","og_type":"article","og_title":"El lunes comenzar\u00e1n catas en la plaza de la Cruz para comprobar el tama\u00f1o y el estado de las ra\u00edces de los \u00e1rboles de esa zona de estancia","og_description":"Las pruebas est\u00e1n vinculadas a la futura construcci\u00f3n de un aparcamiento en la calle Sang\u00fcesa, no afectar\u00e1n al tr\u00e1fico y durar\u00e1n unas semanas","og_url":"https:\/\/www.laguiadepamplona.com\/actualidad\/el-lunes-comenzaran-catas-en-la-plaza-de-la-cruz-para-comprobar-el-tamano-y-el-estado-de-las-raices-de-los-arboles-de-esa-zona-de-estancia\/","og_site_name":"La Gu\u00eda de Pamplona","article_publisher":"https:\/\/www.facebook.com\/laguiadepamplonacom-133175176762273\/?ref=hl","article_published_time":"2022-05-20T15:12:18+00:00","article_modified_time":"2023-04-11T09:48:10+00:00","og_image":[{"width":1352,"height":802,"url":"https:\/\/www.laguiadepamplona.com\/actualidad\/wp-content\/uploads\/2022\/05\/22.05.20_plaza_cruz.webp","type":"image\/webp"}],"author":"La Gu\u00eda de Pamplona","twitter_card":"summary_large_image","twitter_creator":"@LaGuiadPamplona","twitter_site":"@LaGuiadPamplona","twitter_misc":{"Escrito por":"La Gu\u00eda de Pamplona","Tiempo de lectura":"2 minutos"},"schema":{"@context":"https:\/\/schema.org","@graph":[{"@type":"Article","@id":"https:\/\/www.laguiadepamplona.com\/actualidad\/el-lunes-comenzaran-catas-en-la-plaza-de-la-cruz-para-comprobar-el-tamano-y-el-estado-de-las-raices-de-los-arboles-de-esa-zona-de-estancia\/#article","isPartOf":{"@id":"https:\/\/www.laguiadepamplona.com\/actualidad\/el-lunes-comenzaran-catas-en-la-plaza-de-la-cruz-para-comprobar-el-tamano-y-el-estado-de-las-raices-de-los-arboles-de-esa-zona-de-estancia\/"},"author":{"name":"La Gu\u00eda de Pamplona","@id":"https:\/\/www.laguiadepamplona.com\/actualidad\/#\/schema\/person\/efe887376f0213d4657c93adc50b1fdb"},"headline":"El lunes comenzar\u00e1n catas en la plaza de la Cruz para comprobar el tama\u00f1o y el estado de las ra\u00edces de los \u00e1rboles de esa zona de estancia","datePublished":"2022-05-20T15:12:18+00:00","dateModified":"2023-04-11T09:48:10+00:00","mainEntityOfPage":{"@id":"https:\/\/www.laguiadepamplona.com\/actualidad\/el-lunes-comenzaran-catas-en-la-plaza-de-la-cruz-para-comprobar-el-tamano-y-el-estado-de-las-raices-de-los-arboles-de-esa-zona-de-estancia\/"},"wordCount":421,"commentCount":0,"publisher":{"@id":"https:\/\/www.laguiadepamplona.com\/actualidad\/#organization"},"image":{"@id":"https:\/\/www.laguiadepamplona.com\/actualidad\/el-lunes-comenzaran-catas-en-la-plaza-de-la-cruz-para-comprobar-el-tamano-y-el-estado-de-las-raices-de-los-arboles-de-esa-zona-de-estancia\/#primaryimage"},"thumbnailUrl":"https:\/\/www.laguiadepamplona.com\/actualidad\/wp-content\/uploads\/2022\/05\/22.05.20_plaza_cruz.webp","articleSection":["Ayto Pamplona"],"inLanguage":"es","potentialAction":[{"@type":"CommentAction","name":"Comment","target":["https:\/\/www.laguiadepamplona.com\/actualidad\/el-lunes-comenzaran-catas-en-la-plaza-de-la-cruz-para-comprobar-el-tamano-y-el-estado-de-las-raices-de-los-arboles-de-esa-zona-de-estancia\/#respond"]}]},{"@type":"WebPage","@id":"https:\/\/www.laguiadepamplona.com\/actualidad\/el-lunes-comenzaran-catas-en-la-plaza-de-la-cruz-para-comprobar-el-tamano-y-el-estado-de-las-raices-de-los-arboles-de-esa-zona-de-estancia\/","url":"https:\/\/www.laguiadepamplona.com\/actualidad\/el-lunes-comenzaran-catas-en-la-plaza-de-la-cruz-para-comprobar-el-tamano-y-el-estado-de-las-raices-de-los-arboles-de-esa-zona-de-estancia\/","name":"El lunes comenzar\u00e1n catas en la plaza de la Cruz para comprobar el tama\u00f1o y el estado de las ra\u00edces de los \u00e1rboles de esa zona de estancia","isPartOf":{"@id":"https:\/\/www.laguiadepamplona.com\/actualidad\/#website"},"primaryImageOfPage":{"@id":"https:\/\/www.laguiadepamplona.com\/actualidad\/el-lunes-comenzaran-catas-en-la-plaza-de-la-cruz-para-comprobar-el-tamano-y-el-estado-de-las-raices-de-los-arboles-de-esa-zona-de-estancia\/#primaryimage"},"image":{"@id":"https:\/\/www.laguiadepamplona.com\/actualidad\/el-lunes-comenzaran-catas-en-la-plaza-de-la-cruz-para-comprobar-el-tamano-y-el-estado-de-las-raices-de-los-arboles-de-esa-zona-de-estancia\/#primaryimage"},"thumbnailUrl":"https:\/\/www.laguiadepamplona.com\/actualidad\/wp-content\/uploads\/2022\/05\/22.05.20_plaza_cruz.webp","datePublished":"2022-05-20T15:12:18+00:00","dateModified":"2023-04-11T09:48:10+00:00","description":"Las pruebas est\u00e1n vinculadas a la futura construcci\u00f3n de un aparcamiento en la calle Sang\u00fcesa, no afectar\u00e1n al tr\u00e1fico y durar\u00e1n unas semanas","breadcrumb":{"@id":"https:\/\/www.laguiadepamplona.com\/actualidad\/el-lunes-comenzaran-catas-en-la-plaza-de-la-cruz-para-comprobar-el-tamano-y-el-estado-de-las-raices-de-los-arboles-de-esa-zona-de-estancia\/#breadcrumb"},"inLanguage":"es","potentialAction":[{"@type":"ReadAction","target":["https:\/\/www.laguiadepamplona.com\/actualidad\/el-lunes-comenzaran-catas-en-la-plaza-de-la-cruz-para-comprobar-el-tamano-y-el-estado-de-las-raices-de-los-arboles-de-esa-zona-de-estancia\/"]}]},{"@type":"ImageObject","inLanguage":"es","@id":"https:\/\/www.laguiadepamplona.com\/actualidad\/el-lunes-comenzaran-catas-en-la-plaza-de-la-cruz-para-comprobar-el-tamano-y-el-estado-de-las-raices-de-los-arboles-de-esa-zona-de-estancia\/#primaryimage","url":"https:\/\/www.laguiadepamplona.com\/actualidad\/wp-content\/uploads\/2022\/05\/22.05.20_plaza_cruz.webp","contentUrl":"https:\/\/www.laguiadepamplona.com\/actualidad\/wp-content\/uploads\/2022\/05\/22.05.20_plaza_cruz.webp","width":1352,"height":802,"caption":"plaza de la cruz"},{"@type":"BreadcrumbList","@id":"https:\/\/www.laguiadepamplona.com\/actualidad\/el-lunes-comenzaran-catas-en-la-plaza-de-la-cruz-para-comprobar-el-tamano-y-el-estado-de-las-raices-de-los-arboles-de-esa-zona-de-estancia\/#breadcrumb","itemListElement":[{"@type":"ListItem","position":1,"name":"Portada","item":"https:\/\/www.laguiadepamplona.com\/actualidad\/"},{"@type":"ListItem","position":2,"name":"El lunes comenzar\u00e1n catas en la plaza de la Cruz para comprobar el tama\u00f1o y el estado de las ra\u00edces de los \u00e1rboles de esa zona de estancia"}]},{"@type":"WebSite","@id":"https:\/\/www.laguiadepamplona.com\/actualidad\/#website","url":"https:\/\/www.laguiadepamplona.com\/actualidad\/","name":"La gu\u00eda de Pamplona","description":"Noticias de Pamplona","publisher":{"@id":"https:\/\/www.laguiadepamplona.com\/actualidad\/#organization"},"potentialAction":[{"@type":"SearchAction","target":{"@type":"EntryPoint","urlTemplate":"https:\/\/www.laguiadepamplona.com\/actualidad\/?s={search_term_string}"},"query-input":{"@type":"PropertyValueSpecification","valueRequired":true,"valueName":"search_term_string"}}],"inLanguage":"es"},{"@type":"Organization","@id":"https:\/\/www.laguiadepamplona.com\/actualidad\/#organization","name":"La Gu\u00eda de Pamplona \/ Noticias","url":"https:\/\/www.laguiadepamplona.com\/actualidad\/","logo":{"@type":"ImageObject","inLanguage":"es","@id":"https:\/\/www.laguiadepamplona.com\/actualidad\/#\/schema\/logo\/image\/","url":"https:\/\/www.laguiadepamplona.com\/actualidad\/wp-content\/uploads\/2018\/11\/logo-laguiadepamplona18-web1.png","contentUrl":"https:\/\/www.laguiadepamplona.com\/actualidad\/wp-content\/uploads\/2018\/11\/logo-laguiadepamplona18-web1.png","width":600,"height":196,"caption":"La Gu\u00eda de Pamplona \/ Noticias"},"image":{"@id":"https:\/\/www.laguiadepamplona.com\/actualidad\/#\/schema\/logo\/image\/"},"sameAs":["https:\/\/www.facebook.com\/laguiadepamplonacom-133175176762273\/?ref=hl","https:\/\/x.com\/LaGuiadPamplona","https:\/\/www.instagram.com\/la_guia_de_pamplona\/","https:\/\/www.youtube.com\/user\/laguiadepamplona"]},{"@type":"Person","@id":"https:\/\/www.laguiadepamplona.com\/actualidad\/#\/schema\/person\/efe887376f0213d4657c93adc50b1fdb","name":"La Gu\u00eda de Pamplona","image":{"@type":"ImageObject","inLanguage":"es","@id":"https:\/\/secure.gravatar.com\/avatar\/b6992f131dc8d30ab0dff15446e9d346d9dbd95992de0fef795073f5ea83a81c?s=96&d=mm&r=g","url":"https:\/\/secure.gravatar.com\/avatar\/b6992f131dc8d30ab0dff15446e9d346d9dbd95992de0fef795073f5ea83a81c?s=96&d=mm&r=g","contentUrl":"https:\/\/secure.gravatar.com\/avatar\/b6992f131dc8d30ab0dff15446e9d346d9dbd95992de0fef795073f5ea83a81c?s=96&d=mm&r=g","caption":"La Gu\u00eda de Pamplona"}}]}},"post_mailing_queue_ids":[],"_links":{"self":[{"href":"https:\/\/www.laguiadepamplona.com\/actualidad\/wp-json\/wp\/v2\/posts\/40422","targetHints":{"allow":["GET"]}}],"collection":[{"href":"https:\/\/www.laguiadepamplona.com\/actualidad\/wp-json\/wp\/v2\/posts"}],"about":[{"href":"https:\/\/www.laguiadepamplona.com\/actualidad\/wp-json\/wp\/v2\/types\/post"}],"author":[{"embeddable":true,"href":"https:\/\/www.laguiadepamplona.com\/actualidad\/wp-json\/wp\/v2\/users\/1"}],"replies":[{"embeddable":true,"href":"https:\/\/www.laguiadepamplona.com\/actualidad\/wp-json\/wp\/v2\/comments?post=40422"}],"version-history":[{"count":0,"href":"https:\/\/www.laguiadepamplona.com\/actualidad\/wp-json\/wp\/v2\/posts\/40422\/revisions"}],"wp:featuredmedia":[{"embeddable":true,"href":"https:\/\/www.laguiadepamplona.com\/actualidad\/wp-json\/wp\/v2\/media\/40423"}],"wp:attachment":[{"href":"https:\/\/www.laguiadepamplona.com\/actualidad\/wp-json\/wp\/v2\/media?parent=40422"}],"wp:term":[{"taxonomy":"category","embeddable":true,"href":"https:\/\/www.laguiadepamplona.com\/actualidad\/wp-json\/wp\/v2\/categories?post=40422"},{"taxonomy":"post_tag","embeddable":true,"href":"https:\/\/www.laguiadepamplona.com\/actualidad\/wp-json\/wp\/v2\/tags?post=40422"}],"curies":[{"name":"wp","href":"https:\/\/api.w.org\/{rel}","templated":true}]}}