{"id":40419,"date":"2022-05-20T12:39:23","date_gmt":"2022-05-20T10:39:23","guid":{"rendered":"https:\/\/www.laguiadepamplona.com\/actualidad\/?p=40419"},"modified":"2023-04-11T11:48:10","modified_gmt":"2023-04-11T09:48:10","slug":"el-alcalde-y-la-concejala-de-servicios-sociales-se-reunen-con-el-presidente-nacional-de-la-fundacion-deporte-sin-barreras","status":"publish","type":"post","link":"https:\/\/www.laguiadepamplona.com\/actualidad\/el-alcalde-y-la-concejala-de-servicios-sociales-se-reunen-con-el-presidente-nacional-de-la-fundacion-deporte-sin-barreras\/","title":{"rendered":"El alcalde y la concejala de Servicios Sociales se re\u00fanen con el presidente nacional de la Fundaci\u00f3n Deporte sin Barreras"},"content":{"rendered":"<h5>Esta entidad ha presentado a los representantes municipales algunos de sus proyectos, basados \u00edntegramente en el voluntariado<\/h5>\n<p><!--more--><\/p>\n<p>El alcalde de Pamplona, Enrique Maya, y la concejala de Servicios Sociales y Deporte, Mar\u00eda Caballero, se han reunido esta ma\u00f1ana en la Casa Consistorial con el presidente nacional de la Fundaci\u00f3n Deporte Sin Barreras, Francisco Javier Roca, que les ha explicado alguno de los proyectos en los que esta entidad est\u00e1 inmersa. La peculiaridad de esta fundaci\u00f3n es que su forma de funcionamiento se basa \u00edntegramente en el voluntariado.<br \/>\n<script async src=\"\/\/pagead2.googlesyndication.com\/pagead\/js\/adsbygoogle.js\"><\/script><br \/>\n<!-- Noticias La Guia de Pamplona --><br \/>\n<ins class=\"adsbygoogle\"\nstyle=\"display:block\"\ndata-ad-client=\"ca-pub-6943679897239327\"\ndata-ad-slot=\"7048180777\"\ndata-ad-format=\"auto\"><\/ins><br \/>\n<script>\n(adsbygoogle = window.adsbygoogle || []).push({});\n<\/script><\/p>\n<p>La Fundaci\u00f3n Deporte sin Barreras, que desarrolla su acci\u00f3n en las provincias del norte del pa\u00eds, naci\u00f3 en 2009, y desde entonces ha trabajado ayudando a los deportistas y a las personas con alg\u00fan tipo de discapacidad. Uno de sus objetivos de esta entidad es lograr que el ejercicio f\u00edsico y el deporte sean accesibles a todas las personas y que se conviertan en un veh\u00edculo de inclusi\u00f3n. Para ello, entre otras acciones, generan becas de apoyo y ayuda y financian investigaciones sobre el beneficio del ejercicio f\u00edsico en la salud de colectivos vulnerables.<\/p>\n<p>Pese a que el encuentro de esta ma\u00f1ana ha funcionado como presentaci\u00f3n formal entre la asociaci\u00f3n y los representantes municipales, el trabajo en com\u00fan y las conversaciones entre ambas entidades ya se han dado en varias ocasiones.<\/p>\n","protected":false},"excerpt":{"rendered":"<p>Esta entidad ha presentado a los representantes municipales algunos de sus proyectos, basados \u00edntegramente en el voluntariado<\/p>\n","protected":false},"author":1,"featured_media":40420,"comment_status":"open","ping_status":"closed","sticky":false,"template":"","format":"standard","meta":{"footnotes":""},"categories":[2],"tags":[],"class_list":["post-40419","post","type-post","status-publish","format-standard","has-post-thumbnail","hentry","category-ayuntamiento-pamplona"],"yoast_head":"<!-- This site is optimized with the Yoast SEO plugin v27.3 - https:\/\/yoast.com\/product\/yoast-seo-wordpress\/ -->\n<title>El alcalde y la concejala de Servicios Sociales se re\u00fanen con el presidente nacional de la Fundaci\u00f3n Deporte sin Barreras<\/title>\n<meta name=\"description\" content=\"Esta entidad ha presentado a los representantes municipales algunos de sus proyectos, basados \u00edntegramente en el voluntariado\" \/>\n<meta name=\"robots\" content=\"index, follow, max-snippet:-1, max-image-preview:large, max-video-preview:-1\" \/>\n<link rel=\"canonical\" href=\"https:\/\/www.laguiadepamplona.com\/actualidad\/el-alcalde-y-la-concejala-de-servicios-sociales-se-reunen-con-el-presidente-nacional-de-la-fundacion-deporte-sin-barreras\/\" \/>\n<meta property=\"og:locale\" content=\"es_ES\" \/>\n<meta property=\"og:type\" content=\"article\" \/>\n<meta property=\"og:title\" content=\"El alcalde y la concejala de Servicios Sociales se re\u00fanen con el presidente nacional de la Fundaci\u00f3n Deporte sin Barreras\" \/>\n<meta property=\"og:description\" content=\"Esta entidad ha presentado a los representantes municipales algunos de sus proyectos, basados \u00edntegramente en el voluntariado\" \/>\n<meta property=\"og:url\" content=\"https:\/\/www.laguiadepamplona.com\/actualidad\/el-alcalde-y-la-concejala-de-servicios-sociales-se-reunen-con-el-presidente-nacional-de-la-fundacion-deporte-sin-barreras\/\" \/>\n<meta property=\"og:site_name\" content=\"La Gu\u00eda de Pamplona\" \/>\n<meta property=\"article:publisher\" content=\"https:\/\/www.facebook.com\/laguiadepamplonacom-133175176762273\/?ref=hl\" \/>\n<meta property=\"article:published_time\" content=\"2022-05-20T10:39:23+00:00\" \/>\n<meta property=\"article:modified_time\" content=\"2023-04-11T09:48:10+00:00\" \/>\n<meta property=\"og:image\" content=\"https:\/\/www.laguiadepamplona.com\/actualidad\/wp-content\/uploads\/2022\/05\/alcalde-concejala-servicios-sociales-fundacion-deporte-sin-barreras.webp\" \/>\n\t<meta property=\"og:image:width\" content=\"1920\" \/>\n\t<meta property=\"og:image:height\" content=\"1281\" \/>\n\t<meta property=\"og:image:type\" content=\"image\/webp\" \/>\n<meta name=\"author\" content=\"La Gu\u00eda de Pamplona\" \/>\n<meta name=\"twitter:card\" content=\"summary_large_image\" \/>\n<meta name=\"twitter:creator\" content=\"@LaGuiadPamplona\" \/>\n<meta name=\"twitter:site\" content=\"@LaGuiadPamplona\" \/>\n<meta name=\"twitter:label1\" content=\"Escrito por\" \/>\n\t<meta name=\"twitter:data1\" content=\"La Gu\u00eda de Pamplona\" \/>\n\t<meta name=\"twitter:label2\" content=\"Tiempo de lectura\" \/>\n\t<meta name=\"twitter:data2\" content=\"1 minuto\" \/>\n<script type=\"application\/ld+json\" class=\"yoast-schema-graph\">{\"@context\":\"https:\\\/\\\/schema.org\",\"@graph\":[{\"@type\":\"Article\",\"@id\":\"https:\\\/\\\/www.laguiadepamplona.com\\\/actualidad\\\/el-alcalde-y-la-concejala-de-servicios-sociales-se-reunen-con-el-presidente-nacional-de-la-fundacion-deporte-sin-barreras\\\/#article\",\"isPartOf\":{\"@id\":\"https:\\\/\\\/www.laguiadepamplona.com\\\/actualidad\\\/el-alcalde-y-la-concejala-de-servicios-sociales-se-reunen-con-el-presidente-nacional-de-la-fundacion-deporte-sin-barreras\\\/\"},\"author\":{\"name\":\"La Gu\u00eda de Pamplona\",\"@id\":\"https:\\\/\\\/www.laguiadepamplona.com\\\/actualidad\\\/#\\\/schema\\\/person\\\/efe887376f0213d4657c93adc50b1fdb\"},\"headline\":\"El alcalde y la concejala de Servicios Sociales se re\u00fanen con el presidente nacional de la Fundaci\u00f3n Deporte sin Barreras\",\"datePublished\":\"2022-05-20T10:39:23+00:00\",\"dateModified\":\"2023-04-11T09:48:10+00:00\",\"mainEntityOfPage\":{\"@id\":\"https:\\\/\\\/www.laguiadepamplona.com\\\/actualidad\\\/el-alcalde-y-la-concejala-de-servicios-sociales-se-reunen-con-el-presidente-nacional-de-la-fundacion-deporte-sin-barreras\\\/\"},\"wordCount\":255,\"commentCount\":0,\"publisher\":{\"@id\":\"https:\\\/\\\/www.laguiadepamplona.com\\\/actualidad\\\/#organization\"},\"image\":{\"@id\":\"https:\\\/\\\/www.laguiadepamplona.com\\\/actualidad\\\/el-alcalde-y-la-concejala-de-servicios-sociales-se-reunen-con-el-presidente-nacional-de-la-fundacion-deporte-sin-barreras\\\/#primaryimage\"},\"thumbnailUrl\":\"https:\\\/\\\/www.laguiadepamplona.com\\\/actualidad\\\/wp-content\\\/uploads\\\/2022\\\/05\\\/alcalde-concejala-servicios-sociales-fundacion-deporte-sin-barreras.webp\",\"articleSection\":[\"Ayto Pamplona\"],\"inLanguage\":\"es\",\"potentialAction\":[{\"@type\":\"CommentAction\",\"name\":\"Comment\",\"target\":[\"https:\\\/\\\/www.laguiadepamplona.com\\\/actualidad\\\/el-alcalde-y-la-concejala-de-servicios-sociales-se-reunen-con-el-presidente-nacional-de-la-fundacion-deporte-sin-barreras\\\/#respond\"]}]},{\"@type\":\"WebPage\",\"@id\":\"https:\\\/\\\/www.laguiadepamplona.com\\\/actualidad\\\/el-alcalde-y-la-concejala-de-servicios-sociales-se-reunen-con-el-presidente-nacional-de-la-fundacion-deporte-sin-barreras\\\/\",\"url\":\"https:\\\/\\\/www.laguiadepamplona.com\\\/actualidad\\\/el-alcalde-y-la-concejala-de-servicios-sociales-se-reunen-con-el-presidente-nacional-de-la-fundacion-deporte-sin-barreras\\\/\",\"name\":\"El alcalde y la concejala de Servicios Sociales se re\u00fanen con el presidente nacional de la Fundaci\u00f3n Deporte sin Barreras\",\"isPartOf\":{\"@id\":\"https:\\\/\\\/www.laguiadepamplona.com\\\/actualidad\\\/#website\"},\"primaryImageOfPage\":{\"@id\":\"https:\\\/\\\/www.laguiadepamplona.com\\\/actualidad\\\/el-alcalde-y-la-concejala-de-servicios-sociales-se-reunen-con-el-presidente-nacional-de-la-fundacion-deporte-sin-barreras\\\/#primaryimage\"},\"image\":{\"@id\":\"https:\\\/\\\/www.laguiadepamplona.com\\\/actualidad\\\/el-alcalde-y-la-concejala-de-servicios-sociales-se-reunen-con-el-presidente-nacional-de-la-fundacion-deporte-sin-barreras\\\/#primaryimage\"},\"thumbnailUrl\":\"https:\\\/\\\/www.laguiadepamplona.com\\\/actualidad\\\/wp-content\\\/uploads\\\/2022\\\/05\\\/alcalde-concejala-servicios-sociales-fundacion-deporte-sin-barreras.webp\",\"datePublished\":\"2022-05-20T10:39:23+00:00\",\"dateModified\":\"2023-04-11T09:48:10+00:00\",\"description\":\"Esta entidad ha presentado a los representantes municipales algunos de sus proyectos, basados \u00edntegramente en el voluntariado\",\"breadcrumb\":{\"@id\":\"https:\\\/\\\/www.laguiadepamplona.com\\\/actualidad\\\/el-alcalde-y-la-concejala-de-servicios-sociales-se-reunen-con-el-presidente-nacional-de-la-fundacion-deporte-sin-barreras\\\/#breadcrumb\"},\"inLanguage\":\"es\",\"potentialAction\":[{\"@type\":\"ReadAction\",\"target\":[\"https:\\\/\\\/www.laguiadepamplona.com\\\/actualidad\\\/el-alcalde-y-la-concejala-de-servicios-sociales-se-reunen-con-el-presidente-nacional-de-la-fundacion-deporte-sin-barreras\\\/\"]}]},{\"@type\":\"ImageObject\",\"inLanguage\":\"es\",\"@id\":\"https:\\\/\\\/www.laguiadepamplona.com\\\/actualidad\\\/el-alcalde-y-la-concejala-de-servicios-sociales-se-reunen-con-el-presidente-nacional-de-la-fundacion-deporte-sin-barreras\\\/#primaryimage\",\"url\":\"https:\\\/\\\/www.laguiadepamplona.com\\\/actualidad\\\/wp-content\\\/uploads\\\/2022\\\/05\\\/alcalde-concejala-servicios-sociales-fundacion-deporte-sin-barreras.webp\",\"contentUrl\":\"https:\\\/\\\/www.laguiadepamplona.com\\\/actualidad\\\/wp-content\\\/uploads\\\/2022\\\/05\\\/alcalde-concejala-servicios-sociales-fundacion-deporte-sin-barreras.webp\",\"width\":1920,\"height\":1281},{\"@type\":\"BreadcrumbList\",\"@id\":\"https:\\\/\\\/www.laguiadepamplona.com\\\/actualidad\\\/el-alcalde-y-la-concejala-de-servicios-sociales-se-reunen-con-el-presidente-nacional-de-la-fundacion-deporte-sin-barreras\\\/#breadcrumb\",\"itemListElement\":[{\"@type\":\"ListItem\",\"position\":1,\"name\":\"Portada\",\"item\":\"https:\\\/\\\/www.laguiadepamplona.com\\\/actualidad\\\/\"},{\"@type\":\"ListItem\",\"position\":2,\"name\":\"El alcalde y la concejala de Servicios Sociales se re\u00fanen con el presidente nacional de la Fundaci\u00f3n Deporte sin Barreras\"}]},{\"@type\":\"WebSite\",\"@id\":\"https:\\\/\\\/www.laguiadepamplona.com\\\/actualidad\\\/#website\",\"url\":\"https:\\\/\\\/www.laguiadepamplona.com\\\/actualidad\\\/\",\"name\":\"La gu\u00eda de Pamplona\",\"description\":\"Noticias de Pamplona\",\"publisher\":{\"@id\":\"https:\\\/\\\/www.laguiadepamplona.com\\\/actualidad\\\/#organization\"},\"potentialAction\":[{\"@type\":\"SearchAction\",\"target\":{\"@type\":\"EntryPoint\",\"urlTemplate\":\"https:\\\/\\\/www.laguiadepamplona.com\\\/actualidad\\\/?s={search_term_string}\"},\"query-input\":{\"@type\":\"PropertyValueSpecification\",\"valueRequired\":true,\"valueName\":\"search_term_string\"}}],\"inLanguage\":\"es\"},{\"@type\":\"Organization\",\"@id\":\"https:\\\/\\\/www.laguiadepamplona.com\\\/actualidad\\\/#organization\",\"name\":\"La Gu\u00eda de Pamplona \\\/ Noticias\",\"url\":\"https:\\\/\\\/www.laguiadepamplona.com\\\/actualidad\\\/\",\"logo\":{\"@type\":\"ImageObject\",\"inLanguage\":\"es\",\"@id\":\"https:\\\/\\\/www.laguiadepamplona.com\\\/actualidad\\\/#\\\/schema\\\/logo\\\/image\\\/\",\"url\":\"https:\\\/\\\/www.laguiadepamplona.com\\\/actualidad\\\/wp-content\\\/uploads\\\/2018\\\/11\\\/logo-laguiadepamplona18-web1.png\",\"contentUrl\":\"https:\\\/\\\/www.laguiadepamplona.com\\\/actualidad\\\/wp-content\\\/uploads\\\/2018\\\/11\\\/logo-laguiadepamplona18-web1.png\",\"width\":600,\"height\":196,\"caption\":\"La Gu\u00eda de Pamplona \\\/ Noticias\"},\"image\":{\"@id\":\"https:\\\/\\\/www.laguiadepamplona.com\\\/actualidad\\\/#\\\/schema\\\/logo\\\/image\\\/\"},\"sameAs\":[\"https:\\\/\\\/www.facebook.com\\\/laguiadepamplonacom-133175176762273\\\/?ref=hl\",\"https:\\\/\\\/x.com\\\/LaGuiadPamplona\",\"https:\\\/\\\/www.instagram.com\\\/la_guia_de_pamplona\\\/\",\"https:\\\/\\\/www.youtube.com\\\/user\\\/laguiadepamplona\"]},{\"@type\":\"Person\",\"@id\":\"https:\\\/\\\/www.laguiadepamplona.com\\\/actualidad\\\/#\\\/schema\\\/person\\\/efe887376f0213d4657c93adc50b1fdb\",\"name\":\"La Gu\u00eda de Pamplona\",\"image\":{\"@type\":\"ImageObject\",\"inLanguage\":\"es\",\"@id\":\"https:\\\/\\\/secure.gravatar.com\\\/avatar\\\/b6992f131dc8d30ab0dff15446e9d346d9dbd95992de0fef795073f5ea83a81c?s=96&d=mm&r=g\",\"url\":\"https:\\\/\\\/secure.gravatar.com\\\/avatar\\\/b6992f131dc8d30ab0dff15446e9d346d9dbd95992de0fef795073f5ea83a81c?s=96&d=mm&r=g\",\"contentUrl\":\"https:\\\/\\\/secure.gravatar.com\\\/avatar\\\/b6992f131dc8d30ab0dff15446e9d346d9dbd95992de0fef795073f5ea83a81c?s=96&d=mm&r=g\",\"caption\":\"La Gu\u00eda de Pamplona\"}}]}<\/script>\n<!-- \/ Yoast SEO plugin. -->","yoast_head_json":{"title":"El alcalde y la concejala de Servicios Sociales se re\u00fanen con el presidente nacional de la Fundaci\u00f3n Deporte sin Barreras","description":"Esta entidad ha presentado a los representantes municipales algunos de sus proyectos, basados \u00edntegramente en el voluntariado","robots":{"index":"index","follow":"follow","max-snippet":"max-snippet:-1","max-image-preview":"max-image-preview:large","max-video-preview":"max-video-preview:-1"},"canonical":"https:\/\/www.laguiadepamplona.com\/actualidad\/el-alcalde-y-la-concejala-de-servicios-sociales-se-reunen-con-el-presidente-nacional-de-la-fundacion-deporte-sin-barreras\/","og_locale":"es_ES","og_type":"article","og_title":"El alcalde y la concejala de Servicios Sociales se re\u00fanen con el presidente nacional de la Fundaci\u00f3n Deporte sin Barreras","og_description":"Esta entidad ha presentado a los representantes municipales algunos de sus proyectos, basados \u00edntegramente en el voluntariado","og_url":"https:\/\/www.laguiadepamplona.com\/actualidad\/el-alcalde-y-la-concejala-de-servicios-sociales-se-reunen-con-el-presidente-nacional-de-la-fundacion-deporte-sin-barreras\/","og_site_name":"La Gu\u00eda de Pamplona","article_publisher":"https:\/\/www.facebook.com\/laguiadepamplonacom-133175176762273\/?ref=hl","article_published_time":"2022-05-20T10:39:23+00:00","article_modified_time":"2023-04-11T09:48:10+00:00","og_image":[{"width":1920,"height":1281,"url":"https:\/\/www.laguiadepamplona.com\/actualidad\/wp-content\/uploads\/2022\/05\/alcalde-concejala-servicios-sociales-fundacion-deporte-sin-barreras.webp","type":"image\/webp"}],"author":"La Gu\u00eda de Pamplona","twitter_card":"summary_large_image","twitter_creator":"@LaGuiadPamplona","twitter_site":"@LaGuiadPamplona","twitter_misc":{"Escrito por":"La Gu\u00eda de Pamplona","Tiempo de lectura":"1 minuto"},"schema":{"@context":"https:\/\/schema.org","@graph":[{"@type":"Article","@id":"https:\/\/www.laguiadepamplona.com\/actualidad\/el-alcalde-y-la-concejala-de-servicios-sociales-se-reunen-con-el-presidente-nacional-de-la-fundacion-deporte-sin-barreras\/#article","isPartOf":{"@id":"https:\/\/www.laguiadepamplona.com\/actualidad\/el-alcalde-y-la-concejala-de-servicios-sociales-se-reunen-con-el-presidente-nacional-de-la-fundacion-deporte-sin-barreras\/"},"author":{"name":"La Gu\u00eda de Pamplona","@id":"https:\/\/www.laguiadepamplona.com\/actualidad\/#\/schema\/person\/efe887376f0213d4657c93adc50b1fdb"},"headline":"El alcalde y la concejala de Servicios Sociales se re\u00fanen con el presidente nacional de la Fundaci\u00f3n Deporte sin Barreras","datePublished":"2022-05-20T10:39:23+00:00","dateModified":"2023-04-11T09:48:10+00:00","mainEntityOfPage":{"@id":"https:\/\/www.laguiadepamplona.com\/actualidad\/el-alcalde-y-la-concejala-de-servicios-sociales-se-reunen-con-el-presidente-nacional-de-la-fundacion-deporte-sin-barreras\/"},"wordCount":255,"commentCount":0,"publisher":{"@id":"https:\/\/www.laguiadepamplona.com\/actualidad\/#organization"},"image":{"@id":"https:\/\/www.laguiadepamplona.com\/actualidad\/el-alcalde-y-la-concejala-de-servicios-sociales-se-reunen-con-el-presidente-nacional-de-la-fundacion-deporte-sin-barreras\/#primaryimage"},"thumbnailUrl":"https:\/\/www.laguiadepamplona.com\/actualidad\/wp-content\/uploads\/2022\/05\/alcalde-concejala-servicios-sociales-fundacion-deporte-sin-barreras.webp","articleSection":["Ayto Pamplona"],"inLanguage":"es","potentialAction":[{"@type":"CommentAction","name":"Comment","target":["https:\/\/www.laguiadepamplona.com\/actualidad\/el-alcalde-y-la-concejala-de-servicios-sociales-se-reunen-con-el-presidente-nacional-de-la-fundacion-deporte-sin-barreras\/#respond"]}]},{"@type":"WebPage","@id":"https:\/\/www.laguiadepamplona.com\/actualidad\/el-alcalde-y-la-concejala-de-servicios-sociales-se-reunen-con-el-presidente-nacional-de-la-fundacion-deporte-sin-barreras\/","url":"https:\/\/www.laguiadepamplona.com\/actualidad\/el-alcalde-y-la-concejala-de-servicios-sociales-se-reunen-con-el-presidente-nacional-de-la-fundacion-deporte-sin-barreras\/","name":"El alcalde y la concejala de Servicios Sociales se re\u00fanen con el presidente nacional de la Fundaci\u00f3n Deporte sin Barreras","isPartOf":{"@id":"https:\/\/www.laguiadepamplona.com\/actualidad\/#website"},"primaryImageOfPage":{"@id":"https:\/\/www.laguiadepamplona.com\/actualidad\/el-alcalde-y-la-concejala-de-servicios-sociales-se-reunen-con-el-presidente-nacional-de-la-fundacion-deporte-sin-barreras\/#primaryimage"},"image":{"@id":"https:\/\/www.laguiadepamplona.com\/actualidad\/el-alcalde-y-la-concejala-de-servicios-sociales-se-reunen-con-el-presidente-nacional-de-la-fundacion-deporte-sin-barreras\/#primaryimage"},"thumbnailUrl":"https:\/\/www.laguiadepamplona.com\/actualidad\/wp-content\/uploads\/2022\/05\/alcalde-concejala-servicios-sociales-fundacion-deporte-sin-barreras.webp","datePublished":"2022-05-20T10:39:23+00:00","dateModified":"2023-04-11T09:48:10+00:00","description":"Esta entidad ha presentado a los representantes municipales algunos de sus proyectos, basados \u00edntegramente en el voluntariado","breadcrumb":{"@id":"https:\/\/www.laguiadepamplona.com\/actualidad\/el-alcalde-y-la-concejala-de-servicios-sociales-se-reunen-con-el-presidente-nacional-de-la-fundacion-deporte-sin-barreras\/#breadcrumb"},"inLanguage":"es","potentialAction":[{"@type":"ReadAction","target":["https:\/\/www.laguiadepamplona.com\/actualidad\/el-alcalde-y-la-concejala-de-servicios-sociales-se-reunen-con-el-presidente-nacional-de-la-fundacion-deporte-sin-barreras\/"]}]},{"@type":"ImageObject","inLanguage":"es","@id":"https:\/\/www.laguiadepamplona.com\/actualidad\/el-alcalde-y-la-concejala-de-servicios-sociales-se-reunen-con-el-presidente-nacional-de-la-fundacion-deporte-sin-barreras\/#primaryimage","url":"https:\/\/www.laguiadepamplona.com\/actualidad\/wp-content\/uploads\/2022\/05\/alcalde-concejala-servicios-sociales-fundacion-deporte-sin-barreras.webp","contentUrl":"https:\/\/www.laguiadepamplona.com\/actualidad\/wp-content\/uploads\/2022\/05\/alcalde-concejala-servicios-sociales-fundacion-deporte-sin-barreras.webp","width":1920,"height":1281},{"@type":"BreadcrumbList","@id":"https:\/\/www.laguiadepamplona.com\/actualidad\/el-alcalde-y-la-concejala-de-servicios-sociales-se-reunen-con-el-presidente-nacional-de-la-fundacion-deporte-sin-barreras\/#breadcrumb","itemListElement":[{"@type":"ListItem","position":1,"name":"Portada","item":"https:\/\/www.laguiadepamplona.com\/actualidad\/"},{"@type":"ListItem","position":2,"name":"El alcalde y la concejala de Servicios Sociales se re\u00fanen con el presidente nacional de la Fundaci\u00f3n Deporte sin Barreras"}]},{"@type":"WebSite","@id":"https:\/\/www.laguiadepamplona.com\/actualidad\/#website","url":"https:\/\/www.laguiadepamplona.com\/actualidad\/","name":"La gu\u00eda de Pamplona","description":"Noticias de Pamplona","publisher":{"@id":"https:\/\/www.laguiadepamplona.com\/actualidad\/#organization"},"potentialAction":[{"@type":"SearchAction","target":{"@type":"EntryPoint","urlTemplate":"https:\/\/www.laguiadepamplona.com\/actualidad\/?s={search_term_string}"},"query-input":{"@type":"PropertyValueSpecification","valueRequired":true,"valueName":"search_term_string"}}],"inLanguage":"es"},{"@type":"Organization","@id":"https:\/\/www.laguiadepamplona.com\/actualidad\/#organization","name":"La Gu\u00eda de Pamplona \/ Noticias","url":"https:\/\/www.laguiadepamplona.com\/actualidad\/","logo":{"@type":"ImageObject","inLanguage":"es","@id":"https:\/\/www.laguiadepamplona.com\/actualidad\/#\/schema\/logo\/image\/","url":"https:\/\/www.laguiadepamplona.com\/actualidad\/wp-content\/uploads\/2018\/11\/logo-laguiadepamplona18-web1.png","contentUrl":"https:\/\/www.laguiadepamplona.com\/actualidad\/wp-content\/uploads\/2018\/11\/logo-laguiadepamplona18-web1.png","width":600,"height":196,"caption":"La Gu\u00eda de Pamplona \/ Noticias"},"image":{"@id":"https:\/\/www.laguiadepamplona.com\/actualidad\/#\/schema\/logo\/image\/"},"sameAs":["https:\/\/www.facebook.com\/laguiadepamplonacom-133175176762273\/?ref=hl","https:\/\/x.com\/LaGuiadPamplona","https:\/\/www.instagram.com\/la_guia_de_pamplona\/","https:\/\/www.youtube.com\/user\/laguiadepamplona"]},{"@type":"Person","@id":"https:\/\/www.laguiadepamplona.com\/actualidad\/#\/schema\/person\/efe887376f0213d4657c93adc50b1fdb","name":"La Gu\u00eda de Pamplona","image":{"@type":"ImageObject","inLanguage":"es","@id":"https:\/\/secure.gravatar.com\/avatar\/b6992f131dc8d30ab0dff15446e9d346d9dbd95992de0fef795073f5ea83a81c?s=96&d=mm&r=g","url":"https:\/\/secure.gravatar.com\/avatar\/b6992f131dc8d30ab0dff15446e9d346d9dbd95992de0fef795073f5ea83a81c?s=96&d=mm&r=g","contentUrl":"https:\/\/secure.gravatar.com\/avatar\/b6992f131dc8d30ab0dff15446e9d346d9dbd95992de0fef795073f5ea83a81c?s=96&d=mm&r=g","caption":"La Gu\u00eda de Pamplona"}}]}},"post_mailing_queue_ids":[],"_links":{"self":[{"href":"https:\/\/www.laguiadepamplona.com\/actualidad\/wp-json\/wp\/v2\/posts\/40419","targetHints":{"allow":["GET"]}}],"collection":[{"href":"https:\/\/www.laguiadepamplona.com\/actualidad\/wp-json\/wp\/v2\/posts"}],"about":[{"href":"https:\/\/www.laguiadepamplona.com\/actualidad\/wp-json\/wp\/v2\/types\/post"}],"author":[{"embeddable":true,"href":"https:\/\/www.laguiadepamplona.com\/actualidad\/wp-json\/wp\/v2\/users\/1"}],"replies":[{"embeddable":true,"href":"https:\/\/www.laguiadepamplona.com\/actualidad\/wp-json\/wp\/v2\/comments?post=40419"}],"version-history":[{"count":0,"href":"https:\/\/www.laguiadepamplona.com\/actualidad\/wp-json\/wp\/v2\/posts\/40419\/revisions"}],"wp:featuredmedia":[{"embeddable":true,"href":"https:\/\/www.laguiadepamplona.com\/actualidad\/wp-json\/wp\/v2\/media\/40420"}],"wp:attachment":[{"href":"https:\/\/www.laguiadepamplona.com\/actualidad\/wp-json\/wp\/v2\/media?parent=40419"}],"wp:term":[{"taxonomy":"category","embeddable":true,"href":"https:\/\/www.laguiadepamplona.com\/actualidad\/wp-json\/wp\/v2\/categories?post=40419"},{"taxonomy":"post_tag","embeddable":true,"href":"https:\/\/www.laguiadepamplona.com\/actualidad\/wp-json\/wp\/v2\/tags?post=40419"}],"curies":[{"name":"wp","href":"https:\/\/api.w.org\/{rel}","templated":true}]}}