{"id":40416,"date":"2022-05-20T12:37:11","date_gmt":"2022-05-20T10:37:11","guid":{"rendered":"https:\/\/www.laguiadepamplona.com\/actualidad\/?p=40416"},"modified":"2023-04-11T11:48:10","modified_gmt":"2023-04-11T09:48:10","slug":"el-pintor-navarro-juan-belzunegui-propone-una-exposicion-basada-en-el-color-y-en-las-formas-sugerentes-que-crea-con-su-pincelada","status":"publish","type":"post","link":"https:\/\/www.laguiadepamplona.com\/actualidad\/el-pintor-navarro-juan-belzunegui-propone-una-exposicion-basada-en-el-color-y-en-las-formas-sugerentes-que-crea-con-su-pincelada\/","title":{"rendered":"El pintor navarro Juan Belzunegui propone una exposici\u00f3n basada en el color y en las formas sugerentes que crea con su pincelada"},"content":{"rendered":"<h5>La muestra se puede visitar en el Polvor\u00edn de la Ciudadela hasta el pr\u00f3ximo 26 de junio<\/h5>\n<p><!--more--><\/p>\n<p>El color como veh\u00edculo de expresi\u00f3n formal y la sugesti\u00f3n de unas pinceladas que suelen nacer con pretensiones de abstracci\u00f3n, pero que devienen en rostros, cuerpos, flores o paisajes son caracter\u00edsticas de la obra que el pintor navarro Juan Belzunegui expone en el Polvor\u00edn de la Ciudadela. En torno a cuarenta obras, en \u00f3leo sobre lienzo y papeles, conforman una muestra que se podr\u00e1 visitar hasta el 26 de junio.<br \/>\n<script async src=\"\/\/pagead2.googlesyndication.com\/pagead\/js\/adsbygoogle.js\"><\/script><br \/>\n<!-- Noticias La Guia de Pamplona --><br \/>\n<ins class=\"adsbygoogle\"\nstyle=\"display:block\"\ndata-ad-client=\"ca-pub-6943679897239327\"\ndata-ad-slot=\"7048180777\"\ndata-ad-format=\"auto\"><\/ins><br \/>\n<script>\n(adsbygoogle = window.adsbygoogle || []).push({});\n<\/script><\/p>\n<p>Belzunegui se considera admirador de muchos pintores cl\u00e1sicos y del siglo XX, con referencias como las De Kooning, Saura o Zumeta o de corrientes como el informalismo espa\u00f1ol de los a\u00f1os 50 y 60 o el neoexpresionismo de los 80 del \u00faltimo siglo. A esas influencias, Belzunegui a\u00f1ade su particular furia, su deseo de entrega, con el color como veh\u00edculo, del que asoman las formas imprevisibles, magm\u00e1ticas y algo delirantes, buscando siempre el desconcierto y la sorpresa como manifestaci\u00f3n de cierto arrebato.<\/p>\n<p>El director de Cultura e Igualdad, Jorge Urd\u00e1noz, y el propio autor han presentado esta ma\u00f1ana la exposici\u00f3n Juan Belzunegui concibe la creaci\u00f3n de sus obras como una aventura, un juego, un di\u00e1logo imprevisible con la tela blanca que deviene pintura, cuadro. La excusa-motor del impulso para pintar suele ser muy variada\u2026 una impresi\u00f3n, un recuerdo de la realidad o un deseo inexplicable de empezar a pintar con un color-fetiche que se apodera del autor.<\/p>\n<p>El cuadro se va armando a partir de impulsos irreflexivos, superficies de color que entran en relaci\u00f3n musical (por oposici\u00f3n, por roce, por vibraci\u00f3n) con otro color o gestos poderosos, hasta que la tela se habita de formas imaginarias y de car\u00e1cter proyectivo. La referencia de la naturaleza en temas como la figura humana, los animales y las flores es siempre recurrente, as\u00ed como, cada vez m\u00e1s, la abstracci\u00f3n.<br \/>\n<script async src=\"\/\/pagead2.googlesyndication.com\/pagead\/js\/adsbygoogle.js\"><\/script><br \/>\n<!-- Noticias La Guia de Pamplona --><br \/>\n<ins class=\"adsbygoogle\"\nstyle=\"display:block\"\ndata-ad-client=\"ca-pub-6943679897239327\"\ndata-ad-slot=\"7048180777\"\ndata-ad-format=\"auto\"><\/ins><br \/>\n<script>\n(adsbygoogle = window.adsbygoogle || []).push({});\n<\/script><\/p>\n<p>Juan Belzunegui naci\u00f3 en Carcastillo en 1955 y realiz\u00f3 estudios superiores en la Facultad de Bellas Artes de Bilbao. Ha protagonizado numerosas exposiciones a lo largo de su carrera art\u00edstica y no es la primera vez que exhibe sus obras en la Ciudadela de Pamplona. Ya lo hizo en 2013, junto a Mikkel Eguskiza, en el Pabell\u00f3n de Mixtos o en 1999 en el mismo recinto del Polvor\u00edn. Adem\u00e1s, ha expuesto sus creaciones desde mediados de los a\u00f1os 80 en centros culturales, galer\u00edas y museos del pa\u00eds en Tudela, Estella, Viana, Barcelona, Sevilla, Madrid o Eibar.<\/p>\n","protected":false},"excerpt":{"rendered":"<p>La muestra se puede visitar en el Polvor\u00edn de la Ciudadela hasta el pr\u00f3ximo 26 de junio<\/p>\n","protected":false},"author":1,"featured_media":40417,"comment_status":"open","ping_status":"closed","sticky":false,"template":"","format":"standard","meta":{"footnotes":""},"categories":[2],"tags":[],"class_list":["post-40416","post","type-post","status-publish","format-standard","has-post-thumbnail","hentry","category-ayuntamiento-pamplona"],"yoast_head":"<!-- This site is optimized with the Yoast SEO plugin v27.3 - https:\/\/yoast.com\/product\/yoast-seo-wordpress\/ -->\n<title>El pintor navarro Juan Belzunegui propone una exposici\u00f3n basada en el color y en las formas sugerentes que crea con su pincelada<\/title>\n<meta name=\"description\" content=\"La muestra se puede visitar en el Polvor\u00edn de la Ciudadela hasta el pr\u00f3ximo 26 de junio\" \/>\n<meta name=\"robots\" content=\"index, follow, max-snippet:-1, max-image-preview:large, max-video-preview:-1\" \/>\n<link rel=\"canonical\" href=\"https:\/\/www.laguiadepamplona.com\/actualidad\/el-pintor-navarro-juan-belzunegui-propone-una-exposicion-basada-en-el-color-y-en-las-formas-sugerentes-que-crea-con-su-pincelada\/\" \/>\n<meta property=\"og:locale\" content=\"es_ES\" \/>\n<meta property=\"og:type\" content=\"article\" \/>\n<meta property=\"og:title\" content=\"El pintor navarro Juan Belzunegui propone una exposici\u00f3n basada en el color y en las formas sugerentes que crea con su pincelada\" \/>\n<meta property=\"og:description\" content=\"La muestra se puede visitar en el Polvor\u00edn de la Ciudadela hasta el pr\u00f3ximo 26 de junio\" \/>\n<meta property=\"og:url\" content=\"https:\/\/www.laguiadepamplona.com\/actualidad\/el-pintor-navarro-juan-belzunegui-propone-una-exposicion-basada-en-el-color-y-en-las-formas-sugerentes-que-crea-con-su-pincelada\/\" \/>\n<meta property=\"og:site_name\" content=\"La Gu\u00eda de Pamplona\" \/>\n<meta property=\"article:publisher\" content=\"https:\/\/www.facebook.com\/laguiadepamplonacom-133175176762273\/?ref=hl\" \/>\n<meta property=\"article:published_time\" content=\"2022-05-20T10:37:11+00:00\" \/>\n<meta property=\"article:modified_time\" content=\"2023-04-11T09:48:10+00:00\" \/>\n<meta property=\"og:image\" content=\"https:\/\/www.laguiadepamplona.com\/actualidad\/wp-content\/uploads\/2022\/05\/expo-juan-belzunegui.webp\" \/>\n\t<meta property=\"og:image:width\" content=\"1920\" \/>\n\t<meta property=\"og:image:height\" content=\"1440\" \/>\n\t<meta property=\"og:image:type\" content=\"image\/webp\" \/>\n<meta name=\"author\" content=\"La Gu\u00eda de Pamplona\" \/>\n<meta name=\"twitter:card\" content=\"summary_large_image\" \/>\n<meta name=\"twitter:creator\" content=\"@LaGuiadPamplona\" \/>\n<meta name=\"twitter:site\" content=\"@LaGuiadPamplona\" \/>\n<meta name=\"twitter:label1\" content=\"Escrito por\" \/>\n\t<meta name=\"twitter:data1\" content=\"La Gu\u00eda de Pamplona\" \/>\n\t<meta name=\"twitter:label2\" content=\"Tiempo de lectura\" \/>\n\t<meta name=\"twitter:data2\" content=\"2 minutos\" \/>\n<script type=\"application\/ld+json\" class=\"yoast-schema-graph\">{\"@context\":\"https:\\\/\\\/schema.org\",\"@graph\":[{\"@type\":\"Article\",\"@id\":\"https:\\\/\\\/www.laguiadepamplona.com\\\/actualidad\\\/el-pintor-navarro-juan-belzunegui-propone-una-exposicion-basada-en-el-color-y-en-las-formas-sugerentes-que-crea-con-su-pincelada\\\/#article\",\"isPartOf\":{\"@id\":\"https:\\\/\\\/www.laguiadepamplona.com\\\/actualidad\\\/el-pintor-navarro-juan-belzunegui-propone-una-exposicion-basada-en-el-color-y-en-las-formas-sugerentes-que-crea-con-su-pincelada\\\/\"},\"author\":{\"name\":\"La Gu\u00eda de Pamplona\",\"@id\":\"https:\\\/\\\/www.laguiadepamplona.com\\\/actualidad\\\/#\\\/schema\\\/person\\\/efe887376f0213d4657c93adc50b1fdb\"},\"headline\":\"El pintor navarro Juan Belzunegui propone una exposici\u00f3n basada en el color y en las formas sugerentes que crea con su pincelada\",\"datePublished\":\"2022-05-20T10:37:11+00:00\",\"dateModified\":\"2023-04-11T09:48:10+00:00\",\"mainEntityOfPage\":{\"@id\":\"https:\\\/\\\/www.laguiadepamplona.com\\\/actualidad\\\/el-pintor-navarro-juan-belzunegui-propone-una-exposicion-basada-en-el-color-y-en-las-formas-sugerentes-que-crea-con-su-pincelada\\\/\"},\"wordCount\":457,\"commentCount\":0,\"publisher\":{\"@id\":\"https:\\\/\\\/www.laguiadepamplona.com\\\/actualidad\\\/#organization\"},\"image\":{\"@id\":\"https:\\\/\\\/www.laguiadepamplona.com\\\/actualidad\\\/el-pintor-navarro-juan-belzunegui-propone-una-exposicion-basada-en-el-color-y-en-las-formas-sugerentes-que-crea-con-su-pincelada\\\/#primaryimage\"},\"thumbnailUrl\":\"https:\\\/\\\/www.laguiadepamplona.com\\\/actualidad\\\/wp-content\\\/uploads\\\/2022\\\/05\\\/expo-juan-belzunegui.webp\",\"articleSection\":[\"Ayto Pamplona\"],\"inLanguage\":\"es\",\"potentialAction\":[{\"@type\":\"CommentAction\",\"name\":\"Comment\",\"target\":[\"https:\\\/\\\/www.laguiadepamplona.com\\\/actualidad\\\/el-pintor-navarro-juan-belzunegui-propone-una-exposicion-basada-en-el-color-y-en-las-formas-sugerentes-que-crea-con-su-pincelada\\\/#respond\"]}]},{\"@type\":\"WebPage\",\"@id\":\"https:\\\/\\\/www.laguiadepamplona.com\\\/actualidad\\\/el-pintor-navarro-juan-belzunegui-propone-una-exposicion-basada-en-el-color-y-en-las-formas-sugerentes-que-crea-con-su-pincelada\\\/\",\"url\":\"https:\\\/\\\/www.laguiadepamplona.com\\\/actualidad\\\/el-pintor-navarro-juan-belzunegui-propone-una-exposicion-basada-en-el-color-y-en-las-formas-sugerentes-que-crea-con-su-pincelada\\\/\",\"name\":\"El pintor navarro Juan Belzunegui propone una exposici\u00f3n basada en el color y en las formas sugerentes que crea con su pincelada\",\"isPartOf\":{\"@id\":\"https:\\\/\\\/www.laguiadepamplona.com\\\/actualidad\\\/#website\"},\"primaryImageOfPage\":{\"@id\":\"https:\\\/\\\/www.laguiadepamplona.com\\\/actualidad\\\/el-pintor-navarro-juan-belzunegui-propone-una-exposicion-basada-en-el-color-y-en-las-formas-sugerentes-que-crea-con-su-pincelada\\\/#primaryimage\"},\"image\":{\"@id\":\"https:\\\/\\\/www.laguiadepamplona.com\\\/actualidad\\\/el-pintor-navarro-juan-belzunegui-propone-una-exposicion-basada-en-el-color-y-en-las-formas-sugerentes-que-crea-con-su-pincelada\\\/#primaryimage\"},\"thumbnailUrl\":\"https:\\\/\\\/www.laguiadepamplona.com\\\/actualidad\\\/wp-content\\\/uploads\\\/2022\\\/05\\\/expo-juan-belzunegui.webp\",\"datePublished\":\"2022-05-20T10:37:11+00:00\",\"dateModified\":\"2023-04-11T09:48:10+00:00\",\"description\":\"La muestra se puede visitar en el Polvor\u00edn de la Ciudadela hasta el pr\u00f3ximo 26 de junio\",\"breadcrumb\":{\"@id\":\"https:\\\/\\\/www.laguiadepamplona.com\\\/actualidad\\\/el-pintor-navarro-juan-belzunegui-propone-una-exposicion-basada-en-el-color-y-en-las-formas-sugerentes-que-crea-con-su-pincelada\\\/#breadcrumb\"},\"inLanguage\":\"es\",\"potentialAction\":[{\"@type\":\"ReadAction\",\"target\":[\"https:\\\/\\\/www.laguiadepamplona.com\\\/actualidad\\\/el-pintor-navarro-juan-belzunegui-propone-una-exposicion-basada-en-el-color-y-en-las-formas-sugerentes-que-crea-con-su-pincelada\\\/\"]}]},{\"@type\":\"ImageObject\",\"inLanguage\":\"es\",\"@id\":\"https:\\\/\\\/www.laguiadepamplona.com\\\/actualidad\\\/el-pintor-navarro-juan-belzunegui-propone-una-exposicion-basada-en-el-color-y-en-las-formas-sugerentes-que-crea-con-su-pincelada\\\/#primaryimage\",\"url\":\"https:\\\/\\\/www.laguiadepamplona.com\\\/actualidad\\\/wp-content\\\/uploads\\\/2022\\\/05\\\/expo-juan-belzunegui.webp\",\"contentUrl\":\"https:\\\/\\\/www.laguiadepamplona.com\\\/actualidad\\\/wp-content\\\/uploads\\\/2022\\\/05\\\/expo-juan-belzunegui.webp\",\"width\":1920,\"height\":1440},{\"@type\":\"BreadcrumbList\",\"@id\":\"https:\\\/\\\/www.laguiadepamplona.com\\\/actualidad\\\/el-pintor-navarro-juan-belzunegui-propone-una-exposicion-basada-en-el-color-y-en-las-formas-sugerentes-que-crea-con-su-pincelada\\\/#breadcrumb\",\"itemListElement\":[{\"@type\":\"ListItem\",\"position\":1,\"name\":\"Portada\",\"item\":\"https:\\\/\\\/www.laguiadepamplona.com\\\/actualidad\\\/\"},{\"@type\":\"ListItem\",\"position\":2,\"name\":\"El pintor navarro Juan Belzunegui propone una exposici\u00f3n basada en el color y en las formas sugerentes que crea con su pincelada\"}]},{\"@type\":\"WebSite\",\"@id\":\"https:\\\/\\\/www.laguiadepamplona.com\\\/actualidad\\\/#website\",\"url\":\"https:\\\/\\\/www.laguiadepamplona.com\\\/actualidad\\\/\",\"name\":\"La gu\u00eda de Pamplona\",\"description\":\"Noticias de Pamplona\",\"publisher\":{\"@id\":\"https:\\\/\\\/www.laguiadepamplona.com\\\/actualidad\\\/#organization\"},\"potentialAction\":[{\"@type\":\"SearchAction\",\"target\":{\"@type\":\"EntryPoint\",\"urlTemplate\":\"https:\\\/\\\/www.laguiadepamplona.com\\\/actualidad\\\/?s={search_term_string}\"},\"query-input\":{\"@type\":\"PropertyValueSpecification\",\"valueRequired\":true,\"valueName\":\"search_term_string\"}}],\"inLanguage\":\"es\"},{\"@type\":\"Organization\",\"@id\":\"https:\\\/\\\/www.laguiadepamplona.com\\\/actualidad\\\/#organization\",\"name\":\"La Gu\u00eda de Pamplona \\\/ Noticias\",\"url\":\"https:\\\/\\\/www.laguiadepamplona.com\\\/actualidad\\\/\",\"logo\":{\"@type\":\"ImageObject\",\"inLanguage\":\"es\",\"@id\":\"https:\\\/\\\/www.laguiadepamplona.com\\\/actualidad\\\/#\\\/schema\\\/logo\\\/image\\\/\",\"url\":\"https:\\\/\\\/www.laguiadepamplona.com\\\/actualidad\\\/wp-content\\\/uploads\\\/2018\\\/11\\\/logo-laguiadepamplona18-web1.png\",\"contentUrl\":\"https:\\\/\\\/www.laguiadepamplona.com\\\/actualidad\\\/wp-content\\\/uploads\\\/2018\\\/11\\\/logo-laguiadepamplona18-web1.png\",\"width\":600,\"height\":196,\"caption\":\"La Gu\u00eda de Pamplona \\\/ Noticias\"},\"image\":{\"@id\":\"https:\\\/\\\/www.laguiadepamplona.com\\\/actualidad\\\/#\\\/schema\\\/logo\\\/image\\\/\"},\"sameAs\":[\"https:\\\/\\\/www.facebook.com\\\/laguiadepamplonacom-133175176762273\\\/?ref=hl\",\"https:\\\/\\\/x.com\\\/LaGuiadPamplona\",\"https:\\\/\\\/www.instagram.com\\\/la_guia_de_pamplona\\\/\",\"https:\\\/\\\/www.youtube.com\\\/user\\\/laguiadepamplona\"]},{\"@type\":\"Person\",\"@id\":\"https:\\\/\\\/www.laguiadepamplona.com\\\/actualidad\\\/#\\\/schema\\\/person\\\/efe887376f0213d4657c93adc50b1fdb\",\"name\":\"La Gu\u00eda de Pamplona\",\"image\":{\"@type\":\"ImageObject\",\"inLanguage\":\"es\",\"@id\":\"https:\\\/\\\/secure.gravatar.com\\\/avatar\\\/b6992f131dc8d30ab0dff15446e9d346d9dbd95992de0fef795073f5ea83a81c?s=96&d=mm&r=g\",\"url\":\"https:\\\/\\\/secure.gravatar.com\\\/avatar\\\/b6992f131dc8d30ab0dff15446e9d346d9dbd95992de0fef795073f5ea83a81c?s=96&d=mm&r=g\",\"contentUrl\":\"https:\\\/\\\/secure.gravatar.com\\\/avatar\\\/b6992f131dc8d30ab0dff15446e9d346d9dbd95992de0fef795073f5ea83a81c?s=96&d=mm&r=g\",\"caption\":\"La Gu\u00eda de Pamplona\"}}]}<\/script>\n<!-- \/ Yoast SEO plugin. -->","yoast_head_json":{"title":"El pintor navarro Juan Belzunegui propone una exposici\u00f3n basada en el color y en las formas sugerentes que crea con su pincelada","description":"La muestra se puede visitar en el Polvor\u00edn de la Ciudadela hasta el pr\u00f3ximo 26 de junio","robots":{"index":"index","follow":"follow","max-snippet":"max-snippet:-1","max-image-preview":"max-image-preview:large","max-video-preview":"max-video-preview:-1"},"canonical":"https:\/\/www.laguiadepamplona.com\/actualidad\/el-pintor-navarro-juan-belzunegui-propone-una-exposicion-basada-en-el-color-y-en-las-formas-sugerentes-que-crea-con-su-pincelada\/","og_locale":"es_ES","og_type":"article","og_title":"El pintor navarro Juan Belzunegui propone una exposici\u00f3n basada en el color y en las formas sugerentes que crea con su pincelada","og_description":"La muestra se puede visitar en el Polvor\u00edn de la Ciudadela hasta el pr\u00f3ximo 26 de junio","og_url":"https:\/\/www.laguiadepamplona.com\/actualidad\/el-pintor-navarro-juan-belzunegui-propone-una-exposicion-basada-en-el-color-y-en-las-formas-sugerentes-que-crea-con-su-pincelada\/","og_site_name":"La Gu\u00eda de Pamplona","article_publisher":"https:\/\/www.facebook.com\/laguiadepamplonacom-133175176762273\/?ref=hl","article_published_time":"2022-05-20T10:37:11+00:00","article_modified_time":"2023-04-11T09:48:10+00:00","og_image":[{"width":1920,"height":1440,"url":"https:\/\/www.laguiadepamplona.com\/actualidad\/wp-content\/uploads\/2022\/05\/expo-juan-belzunegui.webp","type":"image\/webp"}],"author":"La Gu\u00eda de Pamplona","twitter_card":"summary_large_image","twitter_creator":"@LaGuiadPamplona","twitter_site":"@LaGuiadPamplona","twitter_misc":{"Escrito por":"La Gu\u00eda de Pamplona","Tiempo de lectura":"2 minutos"},"schema":{"@context":"https:\/\/schema.org","@graph":[{"@type":"Article","@id":"https:\/\/www.laguiadepamplona.com\/actualidad\/el-pintor-navarro-juan-belzunegui-propone-una-exposicion-basada-en-el-color-y-en-las-formas-sugerentes-que-crea-con-su-pincelada\/#article","isPartOf":{"@id":"https:\/\/www.laguiadepamplona.com\/actualidad\/el-pintor-navarro-juan-belzunegui-propone-una-exposicion-basada-en-el-color-y-en-las-formas-sugerentes-que-crea-con-su-pincelada\/"},"author":{"name":"La Gu\u00eda de Pamplona","@id":"https:\/\/www.laguiadepamplona.com\/actualidad\/#\/schema\/person\/efe887376f0213d4657c93adc50b1fdb"},"headline":"El pintor navarro Juan Belzunegui propone una exposici\u00f3n basada en el color y en las formas sugerentes que crea con su pincelada","datePublished":"2022-05-20T10:37:11+00:00","dateModified":"2023-04-11T09:48:10+00:00","mainEntityOfPage":{"@id":"https:\/\/www.laguiadepamplona.com\/actualidad\/el-pintor-navarro-juan-belzunegui-propone-una-exposicion-basada-en-el-color-y-en-las-formas-sugerentes-que-crea-con-su-pincelada\/"},"wordCount":457,"commentCount":0,"publisher":{"@id":"https:\/\/www.laguiadepamplona.com\/actualidad\/#organization"},"image":{"@id":"https:\/\/www.laguiadepamplona.com\/actualidad\/el-pintor-navarro-juan-belzunegui-propone-una-exposicion-basada-en-el-color-y-en-las-formas-sugerentes-que-crea-con-su-pincelada\/#primaryimage"},"thumbnailUrl":"https:\/\/www.laguiadepamplona.com\/actualidad\/wp-content\/uploads\/2022\/05\/expo-juan-belzunegui.webp","articleSection":["Ayto Pamplona"],"inLanguage":"es","potentialAction":[{"@type":"CommentAction","name":"Comment","target":["https:\/\/www.laguiadepamplona.com\/actualidad\/el-pintor-navarro-juan-belzunegui-propone-una-exposicion-basada-en-el-color-y-en-las-formas-sugerentes-que-crea-con-su-pincelada\/#respond"]}]},{"@type":"WebPage","@id":"https:\/\/www.laguiadepamplona.com\/actualidad\/el-pintor-navarro-juan-belzunegui-propone-una-exposicion-basada-en-el-color-y-en-las-formas-sugerentes-que-crea-con-su-pincelada\/","url":"https:\/\/www.laguiadepamplona.com\/actualidad\/el-pintor-navarro-juan-belzunegui-propone-una-exposicion-basada-en-el-color-y-en-las-formas-sugerentes-que-crea-con-su-pincelada\/","name":"El pintor navarro Juan Belzunegui propone una exposici\u00f3n basada en el color y en las formas sugerentes que crea con su pincelada","isPartOf":{"@id":"https:\/\/www.laguiadepamplona.com\/actualidad\/#website"},"primaryImageOfPage":{"@id":"https:\/\/www.laguiadepamplona.com\/actualidad\/el-pintor-navarro-juan-belzunegui-propone-una-exposicion-basada-en-el-color-y-en-las-formas-sugerentes-que-crea-con-su-pincelada\/#primaryimage"},"image":{"@id":"https:\/\/www.laguiadepamplona.com\/actualidad\/el-pintor-navarro-juan-belzunegui-propone-una-exposicion-basada-en-el-color-y-en-las-formas-sugerentes-que-crea-con-su-pincelada\/#primaryimage"},"thumbnailUrl":"https:\/\/www.laguiadepamplona.com\/actualidad\/wp-content\/uploads\/2022\/05\/expo-juan-belzunegui.webp","datePublished":"2022-05-20T10:37:11+00:00","dateModified":"2023-04-11T09:48:10+00:00","description":"La muestra se puede visitar en el Polvor\u00edn de la Ciudadela hasta el pr\u00f3ximo 26 de junio","breadcrumb":{"@id":"https:\/\/www.laguiadepamplona.com\/actualidad\/el-pintor-navarro-juan-belzunegui-propone-una-exposicion-basada-en-el-color-y-en-las-formas-sugerentes-que-crea-con-su-pincelada\/#breadcrumb"},"inLanguage":"es","potentialAction":[{"@type":"ReadAction","target":["https:\/\/www.laguiadepamplona.com\/actualidad\/el-pintor-navarro-juan-belzunegui-propone-una-exposicion-basada-en-el-color-y-en-las-formas-sugerentes-que-crea-con-su-pincelada\/"]}]},{"@type":"ImageObject","inLanguage":"es","@id":"https:\/\/www.laguiadepamplona.com\/actualidad\/el-pintor-navarro-juan-belzunegui-propone-una-exposicion-basada-en-el-color-y-en-las-formas-sugerentes-que-crea-con-su-pincelada\/#primaryimage","url":"https:\/\/www.laguiadepamplona.com\/actualidad\/wp-content\/uploads\/2022\/05\/expo-juan-belzunegui.webp","contentUrl":"https:\/\/www.laguiadepamplona.com\/actualidad\/wp-content\/uploads\/2022\/05\/expo-juan-belzunegui.webp","width":1920,"height":1440},{"@type":"BreadcrumbList","@id":"https:\/\/www.laguiadepamplona.com\/actualidad\/el-pintor-navarro-juan-belzunegui-propone-una-exposicion-basada-en-el-color-y-en-las-formas-sugerentes-que-crea-con-su-pincelada\/#breadcrumb","itemListElement":[{"@type":"ListItem","position":1,"name":"Portada","item":"https:\/\/www.laguiadepamplona.com\/actualidad\/"},{"@type":"ListItem","position":2,"name":"El pintor navarro Juan Belzunegui propone una exposici\u00f3n basada en el color y en las formas sugerentes que crea con su pincelada"}]},{"@type":"WebSite","@id":"https:\/\/www.laguiadepamplona.com\/actualidad\/#website","url":"https:\/\/www.laguiadepamplona.com\/actualidad\/","name":"La gu\u00eda de Pamplona","description":"Noticias de Pamplona","publisher":{"@id":"https:\/\/www.laguiadepamplona.com\/actualidad\/#organization"},"potentialAction":[{"@type":"SearchAction","target":{"@type":"EntryPoint","urlTemplate":"https:\/\/www.laguiadepamplona.com\/actualidad\/?s={search_term_string}"},"query-input":{"@type":"PropertyValueSpecification","valueRequired":true,"valueName":"search_term_string"}}],"inLanguage":"es"},{"@type":"Organization","@id":"https:\/\/www.laguiadepamplona.com\/actualidad\/#organization","name":"La Gu\u00eda de Pamplona \/ Noticias","url":"https:\/\/www.laguiadepamplona.com\/actualidad\/","logo":{"@type":"ImageObject","inLanguage":"es","@id":"https:\/\/www.laguiadepamplona.com\/actualidad\/#\/schema\/logo\/image\/","url":"https:\/\/www.laguiadepamplona.com\/actualidad\/wp-content\/uploads\/2018\/11\/logo-laguiadepamplona18-web1.png","contentUrl":"https:\/\/www.laguiadepamplona.com\/actualidad\/wp-content\/uploads\/2018\/11\/logo-laguiadepamplona18-web1.png","width":600,"height":196,"caption":"La Gu\u00eda de Pamplona \/ Noticias"},"image":{"@id":"https:\/\/www.laguiadepamplona.com\/actualidad\/#\/schema\/logo\/image\/"},"sameAs":["https:\/\/www.facebook.com\/laguiadepamplonacom-133175176762273\/?ref=hl","https:\/\/x.com\/LaGuiadPamplona","https:\/\/www.instagram.com\/la_guia_de_pamplona\/","https:\/\/www.youtube.com\/user\/laguiadepamplona"]},{"@type":"Person","@id":"https:\/\/www.laguiadepamplona.com\/actualidad\/#\/schema\/person\/efe887376f0213d4657c93adc50b1fdb","name":"La Gu\u00eda de Pamplona","image":{"@type":"ImageObject","inLanguage":"es","@id":"https:\/\/secure.gravatar.com\/avatar\/b6992f131dc8d30ab0dff15446e9d346d9dbd95992de0fef795073f5ea83a81c?s=96&d=mm&r=g","url":"https:\/\/secure.gravatar.com\/avatar\/b6992f131dc8d30ab0dff15446e9d346d9dbd95992de0fef795073f5ea83a81c?s=96&d=mm&r=g","contentUrl":"https:\/\/secure.gravatar.com\/avatar\/b6992f131dc8d30ab0dff15446e9d346d9dbd95992de0fef795073f5ea83a81c?s=96&d=mm&r=g","caption":"La Gu\u00eda de Pamplona"}}]}},"post_mailing_queue_ids":[],"_links":{"self":[{"href":"https:\/\/www.laguiadepamplona.com\/actualidad\/wp-json\/wp\/v2\/posts\/40416","targetHints":{"allow":["GET"]}}],"collection":[{"href":"https:\/\/www.laguiadepamplona.com\/actualidad\/wp-json\/wp\/v2\/posts"}],"about":[{"href":"https:\/\/www.laguiadepamplona.com\/actualidad\/wp-json\/wp\/v2\/types\/post"}],"author":[{"embeddable":true,"href":"https:\/\/www.laguiadepamplona.com\/actualidad\/wp-json\/wp\/v2\/users\/1"}],"replies":[{"embeddable":true,"href":"https:\/\/www.laguiadepamplona.com\/actualidad\/wp-json\/wp\/v2\/comments?post=40416"}],"version-history":[{"count":0,"href":"https:\/\/www.laguiadepamplona.com\/actualidad\/wp-json\/wp\/v2\/posts\/40416\/revisions"}],"wp:featuredmedia":[{"embeddable":true,"href":"https:\/\/www.laguiadepamplona.com\/actualidad\/wp-json\/wp\/v2\/media\/40417"}],"wp:attachment":[{"href":"https:\/\/www.laguiadepamplona.com\/actualidad\/wp-json\/wp\/v2\/media?parent=40416"}],"wp:term":[{"taxonomy":"category","embeddable":true,"href":"https:\/\/www.laguiadepamplona.com\/actualidad\/wp-json\/wp\/v2\/categories?post=40416"},{"taxonomy":"post_tag","embeddable":true,"href":"https:\/\/www.laguiadepamplona.com\/actualidad\/wp-json\/wp\/v2\/tags?post=40416"}],"curies":[{"name":"wp","href":"https:\/\/api.w.org\/{rel}","templated":true}]}}