{"id":40413,"date":"2022-05-20T12:34:44","date_gmt":"2022-05-20T10:34:44","guid":{"rendered":"https:\/\/www.laguiadepamplona.com\/actualidad\/?p=40413"},"modified":"2023-04-11T11:48:10","modified_gmt":"2023-04-11T09:48:10","slug":"el-horno-de-la-ciudadela-acoge-hasta-el-26-de-junio-mater-una-instalacion-que-refiere-a-los-conceptos-de-madre-materia-y-hermetismo-creativo","status":"publish","type":"post","link":"https:\/\/www.laguiadepamplona.com\/actualidad\/el-horno-de-la-ciudadela-acoge-hasta-el-26-de-junio-mater-una-instalacion-que-refiere-a-los-conceptos-de-madre-materia-y-hermetismo-creativo\/","title":{"rendered":"El Horno de la Ciudadela acoge hasta el 26 de junio \u2018Mater\u2019, una instalaci\u00f3n que refiere a los conceptos de madre, materia y hermetismo creativo"},"content":{"rendered":"<h5>Es obra de Juan Aizpitarte, un autor polifac\u00e9tico que reflexiona a trav\u00e9s de diferentes disciplinas sobre el proceso art\u00edstico<\/h5>\n<p><!--more--><\/p>\n<p>El Horno de la Ciudadela acoge, desde este viernes 20 de mayo hasta el 26 de junio, la instalaci\u00f3n \u2018Mater\u2019, del artista Juan Aizpitarte, un autor polifac\u00e9tico que reflexiona en diferentes disciplinas, apropi\u00e1ndose indistintamente de las posibilidades de la escultura, la instalaci\u00f3n, el graffiti, la intervenci\u00f3n urbana, las acciones performativas o los proyectos editoriales. De la escritura al v\u00eddeo monocanal o la video-instalaci\u00f3n.<br \/>\n<script async src=\"\/\/pagead2.googlesyndication.com\/pagead\/js\/adsbygoogle.js\"><\/script><br \/>\n<!-- Noticias La Guia de Pamplona --><br \/>\n<ins class=\"adsbygoogle\"\nstyle=\"display:block\"\ndata-ad-client=\"ca-pub-6943679897239327\"\ndata-ad-slot=\"7048180777\"\ndata-ad-format=\"auto\"><\/ins><br \/>\n<script>\n(adsbygoogle = window.adsbygoogle || []).push({});\n<\/script><\/p>\n<p>Esta ma\u00f1ana el director del \u00c1rea de Cultura e Igualdad del Ayuntamiento de Pamplona, Jorge Urd\u00e1noz, y el artista, han presentado la instalaci\u00f3n de \u00e9ste \u00faltimo en un espacio singular dentro de la Ciudadela: el Horno. Y es que, en \u00e9l, Aizpitarte encuentra el espacio ideal para hablar de las relaciones entre escultura sobre el terreno y arquitectura singular. La exposici\u00f3n<em> \u2018<\/em>Mater\u2019 hace una referencia directa al espacio herm\u00e9tico (Hermes) del que nacen nuevos procesos hacia el interior, a las fronteras permeables y al origen del arte en su versi\u00f3n ancestral. Pero tambi\u00e9n a la materia y a La Madre. Es una propuesta que linda entre conceptos primarios que permitieron el nacimiento de la cultura, <em>Gwer<\/em> (calor), Domo (cobijo), Hito (territorio) y luz (espiritualidad). Los restos de la activaci\u00f3n de esta instalaci\u00f3n escult\u00f3rica, se muestran como vestigios de una acci\u00f3n pasada, donde el p\u00fablico reconstruye el imaginario esot\u00e9rico del culto.<\/p>\n<p>La muestra se puede visitar de martes a s\u00e1bado en horario de 11.30 a 13.30 horas y de 18 a 20.30 horas. Los domingos las salas est\u00e1 abiertas en el horario de ma\u00f1ana.<br \/>\n<script async src=\"\/\/pagead2.googlesyndication.com\/pagead\/js\/adsbygoogle.js\"><\/script><br \/>\n<!-- Noticias La Guia de Pamplona --><br \/>\n<ins class=\"adsbygoogle\"\nstyle=\"display:block\"\ndata-ad-client=\"ca-pub-6943679897239327\"\ndata-ad-slot=\"7048180777\"\ndata-ad-format=\"auto\"><\/ins><br \/>\n<script>\n(adsbygoogle = window.adsbygoogle || []).push({});\n<\/script><\/p>\n<p><strong>Una trayectoria de experimentaci\u00f3n<\/strong><\/p>\n<p>Juan Aizpitarte comenz\u00f3 sus estudios en la Facultad de Bellas Artes de Lejona (Universidad del Pa\u00eds Vasco) en la especialidad de Escultura, gradu\u00e1ndose en 1998 en la \u00c9cole Nationale Superieure de Beaux-Arts de Burdeos (Francia). El mismo a\u00f1o inicia su colaboraci\u00f3n con la Asociaci\u00f3n Zebra 3 en el Catalogo Buy-Sellf y en con la revista Permanent Food. Interesado por actuar desde diferentes escalas, investiga e interviene en los territorios urbanos a trav\u00e9s de acciones en y sobre el espacio p\u00fablico permitiendo el cuestionamiento del mundo contempor\u00e1neo a trav\u00e9s del activismo social participativo y procesos de apropiaci\u00f3n medi\u00e1tica.<\/p>\n<p>Adem\u00e1s de su trabajo de producci\u00f3n art\u00edstica, desarrolla en paralelo programas de formaci\u00f3n y educaci\u00f3n en las artes visuales y proyectos culturales de dinamizaci\u00f3n de diferentes contextos. Entre ellos la puesta en marcha en el a\u00f1o 2008 de la asociaci\u00f3n art\u00edstica L\u00ednea Curva y el proyecto Espacio Reflex.<\/p>\n","protected":false},"excerpt":{"rendered":"<p>Es obra de Juan Aizpitarte, un autor polifac\u00e9tico que reflexiona a trav\u00e9s de diferentes disciplinas sobre el proceso art\u00edstico<\/p>\n","protected":false},"author":1,"featured_media":40414,"comment_status":"open","ping_status":"closed","sticky":false,"template":"","format":"standard","meta":{"footnotes":""},"categories":[2],"tags":[],"class_list":["post-40413","post","type-post","status-publish","format-standard","has-post-thumbnail","hentry","category-ayuntamiento-pamplona"],"yoast_head":"<!-- This site is optimized with the Yoast SEO plugin v27.3 - https:\/\/yoast.com\/product\/yoast-seo-wordpress\/ -->\n<title>El Horno de la Ciudadela acoge hasta el 26 de junio \u2018Mater\u2019, una instalaci\u00f3n que refiere a los conceptos de madre, materia y hermetismo creativo<\/title>\n<meta name=\"description\" content=\"Es obra de Juan Aizpitarte, un autor polifac\u00e9tico que reflexiona a trav\u00e9s de diferentes disciplinas sobre el proceso art\u00edstico\" \/>\n<meta name=\"robots\" content=\"index, follow, max-snippet:-1, max-image-preview:large, max-video-preview:-1\" \/>\n<link rel=\"canonical\" href=\"https:\/\/www.laguiadepamplona.com\/actualidad\/el-horno-de-la-ciudadela-acoge-hasta-el-26-de-junio-mater-una-instalacion-que-refiere-a-los-conceptos-de-madre-materia-y-hermetismo-creativo\/\" \/>\n<meta property=\"og:locale\" content=\"es_ES\" \/>\n<meta property=\"og:type\" content=\"article\" \/>\n<meta property=\"og:title\" content=\"El Horno de la Ciudadela acoge hasta el 26 de junio \u2018Mater\u2019, una instalaci\u00f3n que refiere a los conceptos de madre, materia y hermetismo creativo\" \/>\n<meta property=\"og:description\" content=\"Es obra de Juan Aizpitarte, un autor polifac\u00e9tico que reflexiona a trav\u00e9s de diferentes disciplinas sobre el proceso art\u00edstico\" \/>\n<meta property=\"og:url\" content=\"https:\/\/www.laguiadepamplona.com\/actualidad\/el-horno-de-la-ciudadela-acoge-hasta-el-26-de-junio-mater-una-instalacion-que-refiere-a-los-conceptos-de-madre-materia-y-hermetismo-creativo\/\" \/>\n<meta property=\"og:site_name\" content=\"La Gu\u00eda de Pamplona\" \/>\n<meta property=\"article:publisher\" content=\"https:\/\/www.facebook.com\/laguiadepamplonacom-133175176762273\/?ref=hl\" \/>\n<meta property=\"article:published_time\" content=\"2022-05-20T10:34:44+00:00\" \/>\n<meta property=\"article:modified_time\" content=\"2023-04-11T09:48:10+00:00\" \/>\n<meta property=\"og:image\" content=\"https:\/\/www.laguiadepamplona.com\/actualidad\/wp-content\/uploads\/2022\/05\/exposicion-mater-juan-aizpitarte.webp\" \/>\n\t<meta property=\"og:image:width\" content=\"1920\" \/>\n\t<meta property=\"og:image:height\" content=\"1440\" \/>\n\t<meta property=\"og:image:type\" content=\"image\/webp\" \/>\n<meta name=\"author\" content=\"La Gu\u00eda de Pamplona\" \/>\n<meta name=\"twitter:card\" content=\"summary_large_image\" \/>\n<meta name=\"twitter:creator\" content=\"@LaGuiadPamplona\" \/>\n<meta name=\"twitter:site\" content=\"@LaGuiadPamplona\" \/>\n<meta name=\"twitter:label1\" content=\"Escrito por\" \/>\n\t<meta name=\"twitter:data1\" content=\"La Gu\u00eda de Pamplona\" \/>\n\t<meta name=\"twitter:label2\" content=\"Tiempo de lectura\" \/>\n\t<meta name=\"twitter:data2\" content=\"2 minutos\" \/>\n<script type=\"application\/ld+json\" class=\"yoast-schema-graph\">{\"@context\":\"https:\\\/\\\/schema.org\",\"@graph\":[{\"@type\":\"Article\",\"@id\":\"https:\\\/\\\/www.laguiadepamplona.com\\\/actualidad\\\/el-horno-de-la-ciudadela-acoge-hasta-el-26-de-junio-mater-una-instalacion-que-refiere-a-los-conceptos-de-madre-materia-y-hermetismo-creativo\\\/#article\",\"isPartOf\":{\"@id\":\"https:\\\/\\\/www.laguiadepamplona.com\\\/actualidad\\\/el-horno-de-la-ciudadela-acoge-hasta-el-26-de-junio-mater-una-instalacion-que-refiere-a-los-conceptos-de-madre-materia-y-hermetismo-creativo\\\/\"},\"author\":{\"name\":\"La Gu\u00eda de Pamplona\",\"@id\":\"https:\\\/\\\/www.laguiadepamplona.com\\\/actualidad\\\/#\\\/schema\\\/person\\\/efe887376f0213d4657c93adc50b1fdb\"},\"headline\":\"El Horno de la Ciudadela acoge hasta el 26 de junio \u2018Mater\u2019, una instalaci\u00f3n que refiere a los conceptos de madre, materia y hermetismo creativo\",\"datePublished\":\"2022-05-20T10:34:44+00:00\",\"dateModified\":\"2023-04-11T09:48:10+00:00\",\"mainEntityOfPage\":{\"@id\":\"https:\\\/\\\/www.laguiadepamplona.com\\\/actualidad\\\/el-horno-de-la-ciudadela-acoge-hasta-el-26-de-junio-mater-una-instalacion-que-refiere-a-los-conceptos-de-madre-materia-y-hermetismo-creativo\\\/\"},\"wordCount\":477,\"commentCount\":0,\"publisher\":{\"@id\":\"https:\\\/\\\/www.laguiadepamplona.com\\\/actualidad\\\/#organization\"},\"image\":{\"@id\":\"https:\\\/\\\/www.laguiadepamplona.com\\\/actualidad\\\/el-horno-de-la-ciudadela-acoge-hasta-el-26-de-junio-mater-una-instalacion-que-refiere-a-los-conceptos-de-madre-materia-y-hermetismo-creativo\\\/#primaryimage\"},\"thumbnailUrl\":\"https:\\\/\\\/www.laguiadepamplona.com\\\/actualidad\\\/wp-content\\\/uploads\\\/2022\\\/05\\\/exposicion-mater-juan-aizpitarte.webp\",\"articleSection\":[\"Ayto Pamplona\"],\"inLanguage\":\"es\",\"potentialAction\":[{\"@type\":\"CommentAction\",\"name\":\"Comment\",\"target\":[\"https:\\\/\\\/www.laguiadepamplona.com\\\/actualidad\\\/el-horno-de-la-ciudadela-acoge-hasta-el-26-de-junio-mater-una-instalacion-que-refiere-a-los-conceptos-de-madre-materia-y-hermetismo-creativo\\\/#respond\"]}]},{\"@type\":\"WebPage\",\"@id\":\"https:\\\/\\\/www.laguiadepamplona.com\\\/actualidad\\\/el-horno-de-la-ciudadela-acoge-hasta-el-26-de-junio-mater-una-instalacion-que-refiere-a-los-conceptos-de-madre-materia-y-hermetismo-creativo\\\/\",\"url\":\"https:\\\/\\\/www.laguiadepamplona.com\\\/actualidad\\\/el-horno-de-la-ciudadela-acoge-hasta-el-26-de-junio-mater-una-instalacion-que-refiere-a-los-conceptos-de-madre-materia-y-hermetismo-creativo\\\/\",\"name\":\"El Horno de la Ciudadela acoge hasta el 26 de junio \u2018Mater\u2019, una instalaci\u00f3n que refiere a los conceptos de madre, materia y hermetismo creativo\",\"isPartOf\":{\"@id\":\"https:\\\/\\\/www.laguiadepamplona.com\\\/actualidad\\\/#website\"},\"primaryImageOfPage\":{\"@id\":\"https:\\\/\\\/www.laguiadepamplona.com\\\/actualidad\\\/el-horno-de-la-ciudadela-acoge-hasta-el-26-de-junio-mater-una-instalacion-que-refiere-a-los-conceptos-de-madre-materia-y-hermetismo-creativo\\\/#primaryimage\"},\"image\":{\"@id\":\"https:\\\/\\\/www.laguiadepamplona.com\\\/actualidad\\\/el-horno-de-la-ciudadela-acoge-hasta-el-26-de-junio-mater-una-instalacion-que-refiere-a-los-conceptos-de-madre-materia-y-hermetismo-creativo\\\/#primaryimage\"},\"thumbnailUrl\":\"https:\\\/\\\/www.laguiadepamplona.com\\\/actualidad\\\/wp-content\\\/uploads\\\/2022\\\/05\\\/exposicion-mater-juan-aizpitarte.webp\",\"datePublished\":\"2022-05-20T10:34:44+00:00\",\"dateModified\":\"2023-04-11T09:48:10+00:00\",\"description\":\"Es obra de Juan Aizpitarte, un autor polifac\u00e9tico que reflexiona a trav\u00e9s de diferentes disciplinas sobre el proceso art\u00edstico\",\"breadcrumb\":{\"@id\":\"https:\\\/\\\/www.laguiadepamplona.com\\\/actualidad\\\/el-horno-de-la-ciudadela-acoge-hasta-el-26-de-junio-mater-una-instalacion-que-refiere-a-los-conceptos-de-madre-materia-y-hermetismo-creativo\\\/#breadcrumb\"},\"inLanguage\":\"es\",\"potentialAction\":[{\"@type\":\"ReadAction\",\"target\":[\"https:\\\/\\\/www.laguiadepamplona.com\\\/actualidad\\\/el-horno-de-la-ciudadela-acoge-hasta-el-26-de-junio-mater-una-instalacion-que-refiere-a-los-conceptos-de-madre-materia-y-hermetismo-creativo\\\/\"]}]},{\"@type\":\"ImageObject\",\"inLanguage\":\"es\",\"@id\":\"https:\\\/\\\/www.laguiadepamplona.com\\\/actualidad\\\/el-horno-de-la-ciudadela-acoge-hasta-el-26-de-junio-mater-una-instalacion-que-refiere-a-los-conceptos-de-madre-materia-y-hermetismo-creativo\\\/#primaryimage\",\"url\":\"https:\\\/\\\/www.laguiadepamplona.com\\\/actualidad\\\/wp-content\\\/uploads\\\/2022\\\/05\\\/exposicion-mater-juan-aizpitarte.webp\",\"contentUrl\":\"https:\\\/\\\/www.laguiadepamplona.com\\\/actualidad\\\/wp-content\\\/uploads\\\/2022\\\/05\\\/exposicion-mater-juan-aizpitarte.webp\",\"width\":1920,\"height\":1440},{\"@type\":\"BreadcrumbList\",\"@id\":\"https:\\\/\\\/www.laguiadepamplona.com\\\/actualidad\\\/el-horno-de-la-ciudadela-acoge-hasta-el-26-de-junio-mater-una-instalacion-que-refiere-a-los-conceptos-de-madre-materia-y-hermetismo-creativo\\\/#breadcrumb\",\"itemListElement\":[{\"@type\":\"ListItem\",\"position\":1,\"name\":\"Portada\",\"item\":\"https:\\\/\\\/www.laguiadepamplona.com\\\/actualidad\\\/\"},{\"@type\":\"ListItem\",\"position\":2,\"name\":\"El Horno de la Ciudadela acoge hasta el 26 de junio \u2018Mater\u2019, una instalaci\u00f3n que refiere a los conceptos de madre, materia y hermetismo creativo\"}]},{\"@type\":\"WebSite\",\"@id\":\"https:\\\/\\\/www.laguiadepamplona.com\\\/actualidad\\\/#website\",\"url\":\"https:\\\/\\\/www.laguiadepamplona.com\\\/actualidad\\\/\",\"name\":\"La gu\u00eda de Pamplona\",\"description\":\"Noticias de Pamplona\",\"publisher\":{\"@id\":\"https:\\\/\\\/www.laguiadepamplona.com\\\/actualidad\\\/#organization\"},\"potentialAction\":[{\"@type\":\"SearchAction\",\"target\":{\"@type\":\"EntryPoint\",\"urlTemplate\":\"https:\\\/\\\/www.laguiadepamplona.com\\\/actualidad\\\/?s={search_term_string}\"},\"query-input\":{\"@type\":\"PropertyValueSpecification\",\"valueRequired\":true,\"valueName\":\"search_term_string\"}}],\"inLanguage\":\"es\"},{\"@type\":\"Organization\",\"@id\":\"https:\\\/\\\/www.laguiadepamplona.com\\\/actualidad\\\/#organization\",\"name\":\"La Gu\u00eda de Pamplona \\\/ Noticias\",\"url\":\"https:\\\/\\\/www.laguiadepamplona.com\\\/actualidad\\\/\",\"logo\":{\"@type\":\"ImageObject\",\"inLanguage\":\"es\",\"@id\":\"https:\\\/\\\/www.laguiadepamplona.com\\\/actualidad\\\/#\\\/schema\\\/logo\\\/image\\\/\",\"url\":\"https:\\\/\\\/www.laguiadepamplona.com\\\/actualidad\\\/wp-content\\\/uploads\\\/2018\\\/11\\\/logo-laguiadepamplona18-web1.png\",\"contentUrl\":\"https:\\\/\\\/www.laguiadepamplona.com\\\/actualidad\\\/wp-content\\\/uploads\\\/2018\\\/11\\\/logo-laguiadepamplona18-web1.png\",\"width\":600,\"height\":196,\"caption\":\"La Gu\u00eda de Pamplona \\\/ Noticias\"},\"image\":{\"@id\":\"https:\\\/\\\/www.laguiadepamplona.com\\\/actualidad\\\/#\\\/schema\\\/logo\\\/image\\\/\"},\"sameAs\":[\"https:\\\/\\\/www.facebook.com\\\/laguiadepamplonacom-133175176762273\\\/?ref=hl\",\"https:\\\/\\\/x.com\\\/LaGuiadPamplona\",\"https:\\\/\\\/www.instagram.com\\\/la_guia_de_pamplona\\\/\",\"https:\\\/\\\/www.youtube.com\\\/user\\\/laguiadepamplona\"]},{\"@type\":\"Person\",\"@id\":\"https:\\\/\\\/www.laguiadepamplona.com\\\/actualidad\\\/#\\\/schema\\\/person\\\/efe887376f0213d4657c93adc50b1fdb\",\"name\":\"La Gu\u00eda de Pamplona\",\"image\":{\"@type\":\"ImageObject\",\"inLanguage\":\"es\",\"@id\":\"https:\\\/\\\/secure.gravatar.com\\\/avatar\\\/b6992f131dc8d30ab0dff15446e9d346d9dbd95992de0fef795073f5ea83a81c?s=96&d=mm&r=g\",\"url\":\"https:\\\/\\\/secure.gravatar.com\\\/avatar\\\/b6992f131dc8d30ab0dff15446e9d346d9dbd95992de0fef795073f5ea83a81c?s=96&d=mm&r=g\",\"contentUrl\":\"https:\\\/\\\/secure.gravatar.com\\\/avatar\\\/b6992f131dc8d30ab0dff15446e9d346d9dbd95992de0fef795073f5ea83a81c?s=96&d=mm&r=g\",\"caption\":\"La Gu\u00eda de Pamplona\"}}]}<\/script>\n<!-- \/ Yoast SEO plugin. -->","yoast_head_json":{"title":"El Horno de la Ciudadela acoge hasta el 26 de junio \u2018Mater\u2019, una instalaci\u00f3n que refiere a los conceptos de madre, materia y hermetismo creativo","description":"Es obra de Juan Aizpitarte, un autor polifac\u00e9tico que reflexiona a trav\u00e9s de diferentes disciplinas sobre el proceso art\u00edstico","robots":{"index":"index","follow":"follow","max-snippet":"max-snippet:-1","max-image-preview":"max-image-preview:large","max-video-preview":"max-video-preview:-1"},"canonical":"https:\/\/www.laguiadepamplona.com\/actualidad\/el-horno-de-la-ciudadela-acoge-hasta-el-26-de-junio-mater-una-instalacion-que-refiere-a-los-conceptos-de-madre-materia-y-hermetismo-creativo\/","og_locale":"es_ES","og_type":"article","og_title":"El Horno de la Ciudadela acoge hasta el 26 de junio \u2018Mater\u2019, una instalaci\u00f3n que refiere a los conceptos de madre, materia y hermetismo creativo","og_description":"Es obra de Juan Aizpitarte, un autor polifac\u00e9tico que reflexiona a trav\u00e9s de diferentes disciplinas sobre el proceso art\u00edstico","og_url":"https:\/\/www.laguiadepamplona.com\/actualidad\/el-horno-de-la-ciudadela-acoge-hasta-el-26-de-junio-mater-una-instalacion-que-refiere-a-los-conceptos-de-madre-materia-y-hermetismo-creativo\/","og_site_name":"La Gu\u00eda de Pamplona","article_publisher":"https:\/\/www.facebook.com\/laguiadepamplonacom-133175176762273\/?ref=hl","article_published_time":"2022-05-20T10:34:44+00:00","article_modified_time":"2023-04-11T09:48:10+00:00","og_image":[{"width":1920,"height":1440,"url":"https:\/\/www.laguiadepamplona.com\/actualidad\/wp-content\/uploads\/2022\/05\/exposicion-mater-juan-aizpitarte.webp","type":"image\/webp"}],"author":"La Gu\u00eda de Pamplona","twitter_card":"summary_large_image","twitter_creator":"@LaGuiadPamplona","twitter_site":"@LaGuiadPamplona","twitter_misc":{"Escrito por":"La Gu\u00eda de Pamplona","Tiempo de lectura":"2 minutos"},"schema":{"@context":"https:\/\/schema.org","@graph":[{"@type":"Article","@id":"https:\/\/www.laguiadepamplona.com\/actualidad\/el-horno-de-la-ciudadela-acoge-hasta-el-26-de-junio-mater-una-instalacion-que-refiere-a-los-conceptos-de-madre-materia-y-hermetismo-creativo\/#article","isPartOf":{"@id":"https:\/\/www.laguiadepamplona.com\/actualidad\/el-horno-de-la-ciudadela-acoge-hasta-el-26-de-junio-mater-una-instalacion-que-refiere-a-los-conceptos-de-madre-materia-y-hermetismo-creativo\/"},"author":{"name":"La Gu\u00eda de Pamplona","@id":"https:\/\/www.laguiadepamplona.com\/actualidad\/#\/schema\/person\/efe887376f0213d4657c93adc50b1fdb"},"headline":"El Horno de la Ciudadela acoge hasta el 26 de junio \u2018Mater\u2019, una instalaci\u00f3n que refiere a los conceptos de madre, materia y hermetismo creativo","datePublished":"2022-05-20T10:34:44+00:00","dateModified":"2023-04-11T09:48:10+00:00","mainEntityOfPage":{"@id":"https:\/\/www.laguiadepamplona.com\/actualidad\/el-horno-de-la-ciudadela-acoge-hasta-el-26-de-junio-mater-una-instalacion-que-refiere-a-los-conceptos-de-madre-materia-y-hermetismo-creativo\/"},"wordCount":477,"commentCount":0,"publisher":{"@id":"https:\/\/www.laguiadepamplona.com\/actualidad\/#organization"},"image":{"@id":"https:\/\/www.laguiadepamplona.com\/actualidad\/el-horno-de-la-ciudadela-acoge-hasta-el-26-de-junio-mater-una-instalacion-que-refiere-a-los-conceptos-de-madre-materia-y-hermetismo-creativo\/#primaryimage"},"thumbnailUrl":"https:\/\/www.laguiadepamplona.com\/actualidad\/wp-content\/uploads\/2022\/05\/exposicion-mater-juan-aizpitarte.webp","articleSection":["Ayto Pamplona"],"inLanguage":"es","potentialAction":[{"@type":"CommentAction","name":"Comment","target":["https:\/\/www.laguiadepamplona.com\/actualidad\/el-horno-de-la-ciudadela-acoge-hasta-el-26-de-junio-mater-una-instalacion-que-refiere-a-los-conceptos-de-madre-materia-y-hermetismo-creativo\/#respond"]}]},{"@type":"WebPage","@id":"https:\/\/www.laguiadepamplona.com\/actualidad\/el-horno-de-la-ciudadela-acoge-hasta-el-26-de-junio-mater-una-instalacion-que-refiere-a-los-conceptos-de-madre-materia-y-hermetismo-creativo\/","url":"https:\/\/www.laguiadepamplona.com\/actualidad\/el-horno-de-la-ciudadela-acoge-hasta-el-26-de-junio-mater-una-instalacion-que-refiere-a-los-conceptos-de-madre-materia-y-hermetismo-creativo\/","name":"El Horno de la Ciudadela acoge hasta el 26 de junio \u2018Mater\u2019, una instalaci\u00f3n que refiere a los conceptos de madre, materia y hermetismo creativo","isPartOf":{"@id":"https:\/\/www.laguiadepamplona.com\/actualidad\/#website"},"primaryImageOfPage":{"@id":"https:\/\/www.laguiadepamplona.com\/actualidad\/el-horno-de-la-ciudadela-acoge-hasta-el-26-de-junio-mater-una-instalacion-que-refiere-a-los-conceptos-de-madre-materia-y-hermetismo-creativo\/#primaryimage"},"image":{"@id":"https:\/\/www.laguiadepamplona.com\/actualidad\/el-horno-de-la-ciudadela-acoge-hasta-el-26-de-junio-mater-una-instalacion-que-refiere-a-los-conceptos-de-madre-materia-y-hermetismo-creativo\/#primaryimage"},"thumbnailUrl":"https:\/\/www.laguiadepamplona.com\/actualidad\/wp-content\/uploads\/2022\/05\/exposicion-mater-juan-aizpitarte.webp","datePublished":"2022-05-20T10:34:44+00:00","dateModified":"2023-04-11T09:48:10+00:00","description":"Es obra de Juan Aizpitarte, un autor polifac\u00e9tico que reflexiona a trav\u00e9s de diferentes disciplinas sobre el proceso art\u00edstico","breadcrumb":{"@id":"https:\/\/www.laguiadepamplona.com\/actualidad\/el-horno-de-la-ciudadela-acoge-hasta-el-26-de-junio-mater-una-instalacion-que-refiere-a-los-conceptos-de-madre-materia-y-hermetismo-creativo\/#breadcrumb"},"inLanguage":"es","potentialAction":[{"@type":"ReadAction","target":["https:\/\/www.laguiadepamplona.com\/actualidad\/el-horno-de-la-ciudadela-acoge-hasta-el-26-de-junio-mater-una-instalacion-que-refiere-a-los-conceptos-de-madre-materia-y-hermetismo-creativo\/"]}]},{"@type":"ImageObject","inLanguage":"es","@id":"https:\/\/www.laguiadepamplona.com\/actualidad\/el-horno-de-la-ciudadela-acoge-hasta-el-26-de-junio-mater-una-instalacion-que-refiere-a-los-conceptos-de-madre-materia-y-hermetismo-creativo\/#primaryimage","url":"https:\/\/www.laguiadepamplona.com\/actualidad\/wp-content\/uploads\/2022\/05\/exposicion-mater-juan-aizpitarte.webp","contentUrl":"https:\/\/www.laguiadepamplona.com\/actualidad\/wp-content\/uploads\/2022\/05\/exposicion-mater-juan-aizpitarte.webp","width":1920,"height":1440},{"@type":"BreadcrumbList","@id":"https:\/\/www.laguiadepamplona.com\/actualidad\/el-horno-de-la-ciudadela-acoge-hasta-el-26-de-junio-mater-una-instalacion-que-refiere-a-los-conceptos-de-madre-materia-y-hermetismo-creativo\/#breadcrumb","itemListElement":[{"@type":"ListItem","position":1,"name":"Portada","item":"https:\/\/www.laguiadepamplona.com\/actualidad\/"},{"@type":"ListItem","position":2,"name":"El Horno de la Ciudadela acoge hasta el 26 de junio \u2018Mater\u2019, una instalaci\u00f3n que refiere a los conceptos de madre, materia y hermetismo creativo"}]},{"@type":"WebSite","@id":"https:\/\/www.laguiadepamplona.com\/actualidad\/#website","url":"https:\/\/www.laguiadepamplona.com\/actualidad\/","name":"La gu\u00eda de Pamplona","description":"Noticias de Pamplona","publisher":{"@id":"https:\/\/www.laguiadepamplona.com\/actualidad\/#organization"},"potentialAction":[{"@type":"SearchAction","target":{"@type":"EntryPoint","urlTemplate":"https:\/\/www.laguiadepamplona.com\/actualidad\/?s={search_term_string}"},"query-input":{"@type":"PropertyValueSpecification","valueRequired":true,"valueName":"search_term_string"}}],"inLanguage":"es"},{"@type":"Organization","@id":"https:\/\/www.laguiadepamplona.com\/actualidad\/#organization","name":"La Gu\u00eda de Pamplona \/ Noticias","url":"https:\/\/www.laguiadepamplona.com\/actualidad\/","logo":{"@type":"ImageObject","inLanguage":"es","@id":"https:\/\/www.laguiadepamplona.com\/actualidad\/#\/schema\/logo\/image\/","url":"https:\/\/www.laguiadepamplona.com\/actualidad\/wp-content\/uploads\/2018\/11\/logo-laguiadepamplona18-web1.png","contentUrl":"https:\/\/www.laguiadepamplona.com\/actualidad\/wp-content\/uploads\/2018\/11\/logo-laguiadepamplona18-web1.png","width":600,"height":196,"caption":"La Gu\u00eda de Pamplona \/ Noticias"},"image":{"@id":"https:\/\/www.laguiadepamplona.com\/actualidad\/#\/schema\/logo\/image\/"},"sameAs":["https:\/\/www.facebook.com\/laguiadepamplonacom-133175176762273\/?ref=hl","https:\/\/x.com\/LaGuiadPamplona","https:\/\/www.instagram.com\/la_guia_de_pamplona\/","https:\/\/www.youtube.com\/user\/laguiadepamplona"]},{"@type":"Person","@id":"https:\/\/www.laguiadepamplona.com\/actualidad\/#\/schema\/person\/efe887376f0213d4657c93adc50b1fdb","name":"La Gu\u00eda de Pamplona","image":{"@type":"ImageObject","inLanguage":"es","@id":"https:\/\/secure.gravatar.com\/avatar\/b6992f131dc8d30ab0dff15446e9d346d9dbd95992de0fef795073f5ea83a81c?s=96&d=mm&r=g","url":"https:\/\/secure.gravatar.com\/avatar\/b6992f131dc8d30ab0dff15446e9d346d9dbd95992de0fef795073f5ea83a81c?s=96&d=mm&r=g","contentUrl":"https:\/\/secure.gravatar.com\/avatar\/b6992f131dc8d30ab0dff15446e9d346d9dbd95992de0fef795073f5ea83a81c?s=96&d=mm&r=g","caption":"La Gu\u00eda de Pamplona"}}]}},"post_mailing_queue_ids":[],"_links":{"self":[{"href":"https:\/\/www.laguiadepamplona.com\/actualidad\/wp-json\/wp\/v2\/posts\/40413","targetHints":{"allow":["GET"]}}],"collection":[{"href":"https:\/\/www.laguiadepamplona.com\/actualidad\/wp-json\/wp\/v2\/posts"}],"about":[{"href":"https:\/\/www.laguiadepamplona.com\/actualidad\/wp-json\/wp\/v2\/types\/post"}],"author":[{"embeddable":true,"href":"https:\/\/www.laguiadepamplona.com\/actualidad\/wp-json\/wp\/v2\/users\/1"}],"replies":[{"embeddable":true,"href":"https:\/\/www.laguiadepamplona.com\/actualidad\/wp-json\/wp\/v2\/comments?post=40413"}],"version-history":[{"count":0,"href":"https:\/\/www.laguiadepamplona.com\/actualidad\/wp-json\/wp\/v2\/posts\/40413\/revisions"}],"wp:featuredmedia":[{"embeddable":true,"href":"https:\/\/www.laguiadepamplona.com\/actualidad\/wp-json\/wp\/v2\/media\/40414"}],"wp:attachment":[{"href":"https:\/\/www.laguiadepamplona.com\/actualidad\/wp-json\/wp\/v2\/media?parent=40413"}],"wp:term":[{"taxonomy":"category","embeddable":true,"href":"https:\/\/www.laguiadepamplona.com\/actualidad\/wp-json\/wp\/v2\/categories?post=40413"},{"taxonomy":"post_tag","embeddable":true,"href":"https:\/\/www.laguiadepamplona.com\/actualidad\/wp-json\/wp\/v2\/tags?post=40413"}],"curies":[{"name":"wp","href":"https:\/\/api.w.org\/{rel}","templated":true}]}}