{"id":40406,"date":"2022-05-19T16:04:43","date_gmt":"2022-05-19T14:04:43","guid":{"rendered":"https:\/\/www.laguiadepamplona.com\/actualidad\/?p=40406"},"modified":"2023-04-11T11:48:10","modified_gmt":"2023-04-11T09:48:10","slug":"este-verano-las-familias-se-atrincheraran-en-el-fortin-de-san-bartolome-el-ayuntamiento-de-pamplona-ofrece-mas-de-1-000-plazas-en-actividades-infantiles","status":"publish","type":"post","link":"https:\/\/www.laguiadepamplona.com\/actualidad\/este-verano-las-familias-se-atrincheraran-en-el-fortin-de-san-bartolome-el-ayuntamiento-de-pamplona-ofrece-mas-de-1-000-plazas-en-actividades-infantiles\/","title":{"rendered":"Este verano las familias se atrincherar\u00e1n en el Fort\u00edn de San Bartolom\u00e9: el Ayuntamiento de Pamplona ofrece m\u00e1s de 1.000 plazas en actividades infantiles"},"content":{"rendered":"<h5>Este s\u00e1bado se inicia la programaci\u00f3n familiar en esta instalaci\u00f3n que recoger\u00e1, entre mayo y septiembre, seis tipos de propuestas diferentes<\/h5>\n<p><!--more--><\/p>\n<p>El Fort\u00edn de San Bartolom\u00e9 abrir\u00e1 sus puertas esta pr\u00f3ximo s\u00e1bado 21 de mayo con una completa programaci\u00f3n de car\u00e1cter familiar que, con juegos, acertijos, talleres, busca convertir al Centro de interpretaci\u00f3n de las Fortificaciones de Pamplona en un referente en el ocio para familias con menores de 5 a 14 a\u00f1os. La propuesta consta de seis actividades con perfiles diferentes y destinada a menores de distinta franja de edad hasta superar la cifra de mil plazas disponibles. Las tandas de actividades tienen fechas concretas y existe la posibilidad de realizarlas en euskera y castellano; las hay de car\u00e1cter gratuito y las que tienen coste es de 3 euros por persona. Pueden realizarse las reservas para todas las actividades en <a href=\"https:\/\/ayuntamientopamplona.sacatuentrada.es\/\" target=\"_blank\" rel=\"noopener\">https:\/\/ayuntamientopamplona.sacatuentrada.es\/<\/a>.<\/p>\n<p>En conjunto la oferta familiar engloba dos juegos de pistas, uno en el interior del Fort\u00edn y otro a lo largo del Camino de Santiago; dos talleres de manualidades, uno centrado en pintura y otro en modelado con arcilla, una visita guiada infantil a los contenidos del Centro de Interpretaci\u00f3n y la reedici\u00f3n del Juego de la Oca del Camino de Santiago, planteado como una competici\u00f3n por equipos. Muchos de las actividades concluir\u00e1n con premios.<\/p>\n<p>Adem\u00e1s, el Fort\u00edn permanecer\u00e1 abierto a vecinos y visitantes de todas las edades en general durante los s\u00e1bados y domingos desde mayo hasta el 12 de octubre, ofreciendo de manera interactiva a las personas interesadas toda la informaci\u00f3n necesaria para conocer las murallas de Pamplona y los elementos que las integran, y explicar c\u00f3mo el estatus de \u2018Plaza fuerte\u2019 de la ciudad ha influido en la evoluci\u00f3n y la importancia estrat\u00e9gica de Pamplona a lo largo de los siglos. La visita es gratuita.<\/p>\n<p>La del Fort\u00edn son parte de las propuestas de ocio del Ayuntamiento de Pamplona destinadas a la ciudadan\u00eda y al turismo durante el periodo estival. A lo largo del verano se desarrollar\u00e1n tambi\u00e9n programaciones de festivales culturales, actividades vinculadas al Camino de Santiago, distintos tipos de visitas guiadas o propuestas ligadas al turismo cultural y al turismo de naturaleza. Las<br \/>\n<script async src=\"\/\/pagead2.googlesyndication.com\/pagead\/js\/adsbygoogle.js\"><\/script><br \/>\n<!-- Noticias La Guia de Pamplona --><br \/>\n<ins class=\"adsbygoogle\"\nstyle=\"display:block\"\ndata-ad-client=\"ca-pub-6943679897239327\"\ndata-ad-slot=\"7048180777\"\ndata-ad-format=\"auto\"><\/ins><br \/>\n<script>\n(adsbygoogle = window.adsbygoogle || []).push({});\n<\/script><\/p>\n<p><strong>Comenzamos\u2026 con la Oca<\/strong><\/p>\n<p>Hasta 4 menores por partida podr\u00e1n tratar de completar el itinerario del tablero de un juego que esconde pistas de la Ruta Jacobea: la Oca. La idea es que, a lo largo de seis sesiones (cuatro en castellano y dos en euskera), en el interior del Fort\u00edn se realice una competici\u00f3n con un m\u00e1ximo de 55 minutos de duraci\u00f3n para ver quien llega m\u00e1s adelante en el itinerario. Los vencedores se enfrentar\u00e1n en una gran final al final de temporada. Recomendado para menores de 8 a 14 a\u00f1os, la participaci\u00f3n con un tablero gigante situado en el suelo y dados de gran tama\u00f1o es gratuita tras pasar por la Caserna de Informaci\u00f3n. La primera cita es este mismo s\u00e1bado 21 de mayo. Todas las sesiones lugar en s\u00e1bado y siempre a las 12 del mediod\u00eda.<\/p>\n<p>Tambi\u00e9n en el interior del Fort\u00edn y para menores de 7 a 14 a\u00f1os se plantea \u201cEncuentra la torre\u201d un juego que consiste en descubrir d\u00f3nde se encuentra oculta la maqueta de una torre gracias a las pistas que ir\u00e1 dando un soldado de \u00e9poca. Los ni\u00f1os y ni\u00f1as podr\u00e1n utilizar un plano y deber\u00e1 usar tambi\u00e9n informaci\u00f3n disponible en el Centro de Interpretaci\u00f3n de las Fortificaciones de Pamplona. En este caso la actividad tendr\u00e1 lugar a partir del mes de julio, siempre en viernes a las 18.30 horas y tiene car\u00e1cter gratuito. Las personas que ganen el juego se llevar\u00e1n un diploma y una maqueta del Fort\u00edn de San Bartolom\u00e9. Lo programado es seis retos en castellano y tres en euskera.<br \/>\n<script async src=\"\/\/pagead2.googlesyndication.com\/pagead\/js\/adsbygoogle.js\"><\/script><br \/>\n<!-- Noticias La Guia de Pamplona --><br \/>\n<ins class=\"adsbygoogle\"\nstyle=\"display:block\"\ndata-ad-client=\"ca-pub-6943679897239327\"\ndata-ad-slot=\"7048180777\"\ndata-ad-format=\"auto\"><\/ins><br \/>\n<script>\n(adsbygoogle = window.adsbygoogle || []).push({});\n<\/script><\/p>\n<p><strong>Juego de pistas en el exterior de la fortificaci\u00f3n<\/strong><\/p>\n<p>En \u201cCaminante no hay Camino\u201d, la propuesta es un juego de pistas sobre la Ruta Jacobea destinado a p\u00fablico infantil de 7 a 14 a\u00f1os que comenzar\u00e1 el 21 de julio y se desarrollar\u00e1 siempre en jueves. Est\u00e1n previstas seis rutas en castellano y tres en euskera. A las 12 horas, y durante 90 minutos, un grupo de hasta 35 menores, partiendo del Fort\u00edn, recorrer\u00e1n parte del Casco Antiguo de la ciudad.<\/p>\n<p>Con un plano como soporte, equipados con sus veneras de peregrinos y el encargo de resolver cinco preguntas, el juego les ir\u00e1 llevando a rincones como el Portal de Francia, la calle del Carmen, Navarrer\u00eda, Catedral, Mercaderes, Plaza Consistorial y burgo de San Cernin, para acabar en Ultreia. Ser\u00e1 una forma de aprender m\u00e1s sobre la historia de la ciudad y su vinculaci\u00f3n con el Camino de Santiago.<br \/>\n<script async src=\"\/\/pagead2.googlesyndication.com\/pagead\/js\/adsbygoogle.js\"><\/script><br \/>\n<!-- Noticias La Guia de Pamplona --><br \/>\n<ins class=\"adsbygoogle\"\nstyle=\"display:block\"\ndata-ad-client=\"ca-pub-6943679897239327\"\ndata-ad-slot=\"7048180777\"\ndata-ad-format=\"auto\"><\/ins><br \/>\n<script>\n(adsbygoogle = window.adsbygoogle || []).push({});\n<\/script><\/p>\n<p><strong>Visitar el Fort\u00edn con un gu\u00eda profesional<\/strong><\/p>\n<p>La semana que viene comenzar\u00e1n un conjunto de cuatro visitas guiadas en castellano y dos en euskera al Centro de Interpretaci\u00f3n bajo el t\u00edtulo \u201cLas murallas y los ni\u00f1os\u201d. Las visitas durar\u00e1n alrededor de una hora y est\u00e1n previstas para p\u00fablico de 7 a 14 a\u00f1os. Los contenidos del Fort\u00edn se distribuyen en cuatro de las cinco casernas o b\u00f3vedas a prueba de bomba de este fuerte avanzado. La visita tem\u00e1tica, con un gu\u00eda caracterizado del soldado comienza con la proyecci\u00f3n de un v\u00eddeo de recreaci\u00f3n hist\u00f3rica de 10 minutos en el que se puede seguir la evoluci\u00f3n de las murallas desde la Edad Media hasta la actualidad.<\/p>\n<p>A partir de ah\u00ed, en los otros tres espacios expositivos se van analizando las estrategias defensivas y la evoluci\u00f3n del armamento en los sitios de las modernas ciudadelas; la influencia que el car\u00e1cter de \u2018Plaza fuerte\u2019 de Pamplona tuvo sobre la vida diaria de sus habitantes y c\u00f3mo, los avances que las diferentes escuelas europeas de fortificaci\u00f3n realizaron en Pamplona, \u2018viajaron\u2019 allende los mares, hasta el Cono Sur o Filipinas. Las personas participantes podr\u00e1n llevarse como recuerdo una fotograf\u00eda en el <em>photocall<\/em> que hay en el interior del centro.<br \/>\n<script async src=\"\/\/pagead2.googlesyndication.com\/pagead\/js\/adsbygoogle.js\"><\/script><br \/>\n<!-- Noticias La Guia de Pamplona --><br \/>\n<ins class=\"adsbygoogle\"\nstyle=\"display:block\"\ndata-ad-client=\"ca-pub-6943679897239327\"\ndata-ad-slot=\"7048180777\"\ndata-ad-format=\"auto\"><\/ins><br \/>\n<script>\n(adsbygoogle = window.adsbygoogle || []).push({});\n<\/script><\/p>\n<p><strong>Arcilla o pintura para \u201cconstruir\u201d murallas<\/strong><\/p>\n<p>\u201cConstruye Pamplona\u201d y \u201cPamplona y su historia\u201d son dos talleres de manualidades que se celebrar\u00e1n en el interior del Centro de Interpretaci\u00f3n de las Fortificaciones de Pamplona. Casa actividad tendr\u00e1 dos sesiones, una en castellano y otra en euskera, y tendr\u00e1n lugar desde finales de julio hasta el 30 de agosto. En el primera, menores de 5 a 11 a\u00f1os recibir\u00e1n una peque\u00f1a sesi\u00f3n con fotograf\u00edas o v\u00eddeos de rincones de las fortificaciones y se les explicar\u00e1 c\u00f3mo se constru\u00edan las murallas en \u00e9poca moderna. Luego con arcilla, madera, canicas y cuerdas, se les pedir\u00e1 que eleven sus propias fortificaciones, recreadas o inventadas.<\/p>\n<p>En el segundo taller, \u201cPamplona y su historia\u201d, ni\u00f1os y ni\u00f1as de 5 a 9 a\u00f1os, recibir\u00e1n esa misma explicaci\u00f3n breve y deber\u00e1n convertirse en constructores de murallas, pero esta vez en dos dimensiones: usando cartulinas, l\u00e1minas y pinturas de colores. Los talleres disponen de hasta 35 plazas y tendr\u00e1n lugar siempre a las 18 horas.<br \/>\n<script async src=\"\/\/pagead2.googlesyndication.com\/pagead\/js\/adsbygoogle.js\"><\/script><br \/>\n<!-- Noticias La Guia de Pamplona --><br \/>\n<ins class=\"adsbygoogle\"\nstyle=\"display:block\"\ndata-ad-client=\"ca-pub-6943679897239327\"\ndata-ad-slot=\"7048180777\"\ndata-ad-format=\"auto\"><\/ins><br \/>\n<script>\n(adsbygoogle = window.adsbygoogle || []).push({});\n<\/script><\/p>\n<p>&nbsp;<\/p>\n<h3>Horarios de apertura del Centro de Interpretaci\u00f3n de las Fortificaciones:<\/h3>\n<ul>\n<li>Hasta el 30 de junio y del 1 de septiembre al 7 de octubre: s\u00e1bados de 11 a 14 horas y de 17 a 20 horas. Domingos de 11 a 14 horas.<\/li>\n<li>Del 1 de julio al 31 de agosto y del 8 al 12 de octubre: De lunes a domingo de 11 horas a 14 horas y domingos de 11 a 14 horas.<\/li>\n<\/ul>\n<p>Del 6 al 14 de julio ambos inclusive, el centro permanecer\u00e1 cerrado al p\u00fablico.<\/p>\n","protected":false},"excerpt":{"rendered":"<p>Este s\u00e1bado se inicia la programaci\u00f3n familiar en esta instalaci\u00f3n que recoger\u00e1, entre mayo y septiembre, seis tipos de propuestas diferentes<\/p>\n","protected":false},"author":1,"featured_media":40407,"comment_status":"open","ping_status":"closed","sticky":false,"template":"","format":"standard","meta":{"footnotes":""},"categories":[2],"tags":[],"class_list":["post-40406","post","type-post","status-publish","format-standard","has-post-thumbnail","hentry","category-ayuntamiento-pamplona"],"yoast_head":"<!-- This site is optimized with the Yoast SEO plugin v27.3 - https:\/\/yoast.com\/product\/yoast-seo-wordpress\/ -->\n<title>Este verano las familias se atrincherar\u00e1n en el Fort\u00edn de San Bartolom\u00e9: el Ayuntamiento de Pamplona ofrece m\u00e1s de 1.000 plazas en actividades infantiles<\/title>\n<meta name=\"description\" content=\"Este s\u00e1bado se inicia la programaci\u00f3n familiar en esta instalaci\u00f3n que recoger\u00e1, entre mayo y septiembre, seis tipos de propuestas diferentes\" \/>\n<meta name=\"robots\" content=\"index, follow, max-snippet:-1, max-image-preview:large, max-video-preview:-1\" \/>\n<link rel=\"canonical\" href=\"https:\/\/www.laguiadepamplona.com\/actualidad\/este-verano-las-familias-se-atrincheraran-en-el-fortin-de-san-bartolome-el-ayuntamiento-de-pamplona-ofrece-mas-de-1-000-plazas-en-actividades-infantiles\/\" \/>\n<meta property=\"og:locale\" content=\"es_ES\" \/>\n<meta property=\"og:type\" content=\"article\" \/>\n<meta property=\"og:title\" content=\"Este verano las familias se atrincherar\u00e1n en el Fort\u00edn de San Bartolom\u00e9: el Ayuntamiento de Pamplona ofrece m\u00e1s de 1.000 plazas en actividades infantiles\" \/>\n<meta property=\"og:description\" content=\"Este s\u00e1bado se inicia la programaci\u00f3n familiar en esta instalaci\u00f3n que recoger\u00e1, entre mayo y septiembre, seis tipos de propuestas diferentes\" \/>\n<meta property=\"og:url\" content=\"https:\/\/www.laguiadepamplona.com\/actualidad\/este-verano-las-familias-se-atrincheraran-en-el-fortin-de-san-bartolome-el-ayuntamiento-de-pamplona-ofrece-mas-de-1-000-plazas-en-actividades-infantiles\/\" \/>\n<meta property=\"og:site_name\" content=\"La Gu\u00eda de Pamplona\" \/>\n<meta property=\"article:publisher\" content=\"https:\/\/www.facebook.com\/laguiadepamplonacom-133175176762273\/?ref=hl\" \/>\n<meta property=\"article:published_time\" content=\"2022-05-19T14:04:43+00:00\" \/>\n<meta property=\"article:modified_time\" content=\"2023-04-11T09:48:10+00:00\" \/>\n<meta property=\"og:image\" content=\"https:\/\/www.laguiadepamplona.com\/actualidad\/wp-content\/uploads\/2022\/05\/vista-_3dgeneral.jpg\" \/>\n\t<meta property=\"og:image:width\" content=\"779\" \/>\n\t<meta property=\"og:image:height\" content=\"417\" \/>\n\t<meta property=\"og:image:type\" content=\"image\/jpeg\" \/>\n<meta name=\"author\" content=\"La Gu\u00eda de Pamplona\" \/>\n<meta name=\"twitter:card\" content=\"summary_large_image\" \/>\n<meta name=\"twitter:creator\" content=\"@LaGuiadPamplona\" \/>\n<meta name=\"twitter:site\" content=\"@LaGuiadPamplona\" \/>\n<meta name=\"twitter:label1\" content=\"Escrito por\" \/>\n\t<meta name=\"twitter:data1\" content=\"La Gu\u00eda de Pamplona\" \/>\n\t<meta name=\"twitter:label2\" content=\"Tiempo de lectura\" \/>\n\t<meta name=\"twitter:data2\" content=\"6 minutos\" \/>\n<script type=\"application\/ld+json\" class=\"yoast-schema-graph\">{\"@context\":\"https:\\\/\\\/schema.org\",\"@graph\":[{\"@type\":\"Article\",\"@id\":\"https:\\\/\\\/www.laguiadepamplona.com\\\/actualidad\\\/este-verano-las-familias-se-atrincheraran-en-el-fortin-de-san-bartolome-el-ayuntamiento-de-pamplona-ofrece-mas-de-1-000-plazas-en-actividades-infantiles\\\/#article\",\"isPartOf\":{\"@id\":\"https:\\\/\\\/www.laguiadepamplona.com\\\/actualidad\\\/este-verano-las-familias-se-atrincheraran-en-el-fortin-de-san-bartolome-el-ayuntamiento-de-pamplona-ofrece-mas-de-1-000-plazas-en-actividades-infantiles\\\/\"},\"author\":{\"name\":\"La Gu\u00eda de Pamplona\",\"@id\":\"https:\\\/\\\/www.laguiadepamplona.com\\\/actualidad\\\/#\\\/schema\\\/person\\\/efe887376f0213d4657c93adc50b1fdb\"},\"headline\":\"Este verano las familias se atrincherar\u00e1n en el Fort\u00edn de San Bartolom\u00e9: el Ayuntamiento de Pamplona ofrece m\u00e1s de 1.000 plazas en actividades infantiles\",\"datePublished\":\"2022-05-19T14:04:43+00:00\",\"dateModified\":\"2023-04-11T09:48:10+00:00\",\"mainEntityOfPage\":{\"@id\":\"https:\\\/\\\/www.laguiadepamplona.com\\\/actualidad\\\/este-verano-las-familias-se-atrincheraran-en-el-fortin-de-san-bartolome-el-ayuntamiento-de-pamplona-ofrece-mas-de-1-000-plazas-en-actividades-infantiles\\\/\"},\"wordCount\":1318,\"commentCount\":0,\"publisher\":{\"@id\":\"https:\\\/\\\/www.laguiadepamplona.com\\\/actualidad\\\/#organization\"},\"image\":{\"@id\":\"https:\\\/\\\/www.laguiadepamplona.com\\\/actualidad\\\/este-verano-las-familias-se-atrincheraran-en-el-fortin-de-san-bartolome-el-ayuntamiento-de-pamplona-ofrece-mas-de-1-000-plazas-en-actividades-infantiles\\\/#primaryimage\"},\"thumbnailUrl\":\"https:\\\/\\\/www.laguiadepamplona.com\\\/actualidad\\\/wp-content\\\/uploads\\\/2022\\\/05\\\/vista-_3dgeneral.jpg\",\"articleSection\":[\"Ayto Pamplona\"],\"inLanguage\":\"es\",\"potentialAction\":[{\"@type\":\"CommentAction\",\"name\":\"Comment\",\"target\":[\"https:\\\/\\\/www.laguiadepamplona.com\\\/actualidad\\\/este-verano-las-familias-se-atrincheraran-en-el-fortin-de-san-bartolome-el-ayuntamiento-de-pamplona-ofrece-mas-de-1-000-plazas-en-actividades-infantiles\\\/#respond\"]}]},{\"@type\":\"WebPage\",\"@id\":\"https:\\\/\\\/www.laguiadepamplona.com\\\/actualidad\\\/este-verano-las-familias-se-atrincheraran-en-el-fortin-de-san-bartolome-el-ayuntamiento-de-pamplona-ofrece-mas-de-1-000-plazas-en-actividades-infantiles\\\/\",\"url\":\"https:\\\/\\\/www.laguiadepamplona.com\\\/actualidad\\\/este-verano-las-familias-se-atrincheraran-en-el-fortin-de-san-bartolome-el-ayuntamiento-de-pamplona-ofrece-mas-de-1-000-plazas-en-actividades-infantiles\\\/\",\"name\":\"Este verano las familias se atrincherar\u00e1n en el Fort\u00edn de San Bartolom\u00e9: el Ayuntamiento de Pamplona ofrece m\u00e1s de 1.000 plazas en actividades infantiles\",\"isPartOf\":{\"@id\":\"https:\\\/\\\/www.laguiadepamplona.com\\\/actualidad\\\/#website\"},\"primaryImageOfPage\":{\"@id\":\"https:\\\/\\\/www.laguiadepamplona.com\\\/actualidad\\\/este-verano-las-familias-se-atrincheraran-en-el-fortin-de-san-bartolome-el-ayuntamiento-de-pamplona-ofrece-mas-de-1-000-plazas-en-actividades-infantiles\\\/#primaryimage\"},\"image\":{\"@id\":\"https:\\\/\\\/www.laguiadepamplona.com\\\/actualidad\\\/este-verano-las-familias-se-atrincheraran-en-el-fortin-de-san-bartolome-el-ayuntamiento-de-pamplona-ofrece-mas-de-1-000-plazas-en-actividades-infantiles\\\/#primaryimage\"},\"thumbnailUrl\":\"https:\\\/\\\/www.laguiadepamplona.com\\\/actualidad\\\/wp-content\\\/uploads\\\/2022\\\/05\\\/vista-_3dgeneral.jpg\",\"datePublished\":\"2022-05-19T14:04:43+00:00\",\"dateModified\":\"2023-04-11T09:48:10+00:00\",\"description\":\"Este s\u00e1bado se inicia la programaci\u00f3n familiar en esta instalaci\u00f3n que recoger\u00e1, entre mayo y septiembre, seis tipos de propuestas diferentes\",\"breadcrumb\":{\"@id\":\"https:\\\/\\\/www.laguiadepamplona.com\\\/actualidad\\\/este-verano-las-familias-se-atrincheraran-en-el-fortin-de-san-bartolome-el-ayuntamiento-de-pamplona-ofrece-mas-de-1-000-plazas-en-actividades-infantiles\\\/#breadcrumb\"},\"inLanguage\":\"es\",\"potentialAction\":[{\"@type\":\"ReadAction\",\"target\":[\"https:\\\/\\\/www.laguiadepamplona.com\\\/actualidad\\\/este-verano-las-familias-se-atrincheraran-en-el-fortin-de-san-bartolome-el-ayuntamiento-de-pamplona-ofrece-mas-de-1-000-plazas-en-actividades-infantiles\\\/\"]}]},{\"@type\":\"ImageObject\",\"inLanguage\":\"es\",\"@id\":\"https:\\\/\\\/www.laguiadepamplona.com\\\/actualidad\\\/este-verano-las-familias-se-atrincheraran-en-el-fortin-de-san-bartolome-el-ayuntamiento-de-pamplona-ofrece-mas-de-1-000-plazas-en-actividades-infantiles\\\/#primaryimage\",\"url\":\"https:\\\/\\\/www.laguiadepamplona.com\\\/actualidad\\\/wp-content\\\/uploads\\\/2022\\\/05\\\/vista-_3dgeneral.jpg\",\"contentUrl\":\"https:\\\/\\\/www.laguiadepamplona.com\\\/actualidad\\\/wp-content\\\/uploads\\\/2022\\\/05\\\/vista-_3dgeneral.jpg\",\"width\":779,\"height\":417},{\"@type\":\"BreadcrumbList\",\"@id\":\"https:\\\/\\\/www.laguiadepamplona.com\\\/actualidad\\\/este-verano-las-familias-se-atrincheraran-en-el-fortin-de-san-bartolome-el-ayuntamiento-de-pamplona-ofrece-mas-de-1-000-plazas-en-actividades-infantiles\\\/#breadcrumb\",\"itemListElement\":[{\"@type\":\"ListItem\",\"position\":1,\"name\":\"Portada\",\"item\":\"https:\\\/\\\/www.laguiadepamplona.com\\\/actualidad\\\/\"},{\"@type\":\"ListItem\",\"position\":2,\"name\":\"Este verano las familias se atrincherar\u00e1n en el Fort\u00edn de San Bartolom\u00e9: el Ayuntamiento de Pamplona ofrece m\u00e1s de 1.000 plazas en actividades infantiles\"}]},{\"@type\":\"WebSite\",\"@id\":\"https:\\\/\\\/www.laguiadepamplona.com\\\/actualidad\\\/#website\",\"url\":\"https:\\\/\\\/www.laguiadepamplona.com\\\/actualidad\\\/\",\"name\":\"La gu\u00eda de Pamplona\",\"description\":\"Noticias de Pamplona\",\"publisher\":{\"@id\":\"https:\\\/\\\/www.laguiadepamplona.com\\\/actualidad\\\/#organization\"},\"potentialAction\":[{\"@type\":\"SearchAction\",\"target\":{\"@type\":\"EntryPoint\",\"urlTemplate\":\"https:\\\/\\\/www.laguiadepamplona.com\\\/actualidad\\\/?s={search_term_string}\"},\"query-input\":{\"@type\":\"PropertyValueSpecification\",\"valueRequired\":true,\"valueName\":\"search_term_string\"}}],\"inLanguage\":\"es\"},{\"@type\":\"Organization\",\"@id\":\"https:\\\/\\\/www.laguiadepamplona.com\\\/actualidad\\\/#organization\",\"name\":\"La Gu\u00eda de Pamplona \\\/ Noticias\",\"url\":\"https:\\\/\\\/www.laguiadepamplona.com\\\/actualidad\\\/\",\"logo\":{\"@type\":\"ImageObject\",\"inLanguage\":\"es\",\"@id\":\"https:\\\/\\\/www.laguiadepamplona.com\\\/actualidad\\\/#\\\/schema\\\/logo\\\/image\\\/\",\"url\":\"https:\\\/\\\/www.laguiadepamplona.com\\\/actualidad\\\/wp-content\\\/uploads\\\/2018\\\/11\\\/logo-laguiadepamplona18-web1.png\",\"contentUrl\":\"https:\\\/\\\/www.laguiadepamplona.com\\\/actualidad\\\/wp-content\\\/uploads\\\/2018\\\/11\\\/logo-laguiadepamplona18-web1.png\",\"width\":600,\"height\":196,\"caption\":\"La Gu\u00eda de Pamplona \\\/ Noticias\"},\"image\":{\"@id\":\"https:\\\/\\\/www.laguiadepamplona.com\\\/actualidad\\\/#\\\/schema\\\/logo\\\/image\\\/\"},\"sameAs\":[\"https:\\\/\\\/www.facebook.com\\\/laguiadepamplonacom-133175176762273\\\/?ref=hl\",\"https:\\\/\\\/x.com\\\/LaGuiadPamplona\",\"https:\\\/\\\/www.instagram.com\\\/la_guia_de_pamplona\\\/\",\"https:\\\/\\\/www.youtube.com\\\/user\\\/laguiadepamplona\"]},{\"@type\":\"Person\",\"@id\":\"https:\\\/\\\/www.laguiadepamplona.com\\\/actualidad\\\/#\\\/schema\\\/person\\\/efe887376f0213d4657c93adc50b1fdb\",\"name\":\"La Gu\u00eda de Pamplona\",\"image\":{\"@type\":\"ImageObject\",\"inLanguage\":\"es\",\"@id\":\"https:\\\/\\\/secure.gravatar.com\\\/avatar\\\/b6992f131dc8d30ab0dff15446e9d346d9dbd95992de0fef795073f5ea83a81c?s=96&d=mm&r=g\",\"url\":\"https:\\\/\\\/secure.gravatar.com\\\/avatar\\\/b6992f131dc8d30ab0dff15446e9d346d9dbd95992de0fef795073f5ea83a81c?s=96&d=mm&r=g\",\"contentUrl\":\"https:\\\/\\\/secure.gravatar.com\\\/avatar\\\/b6992f131dc8d30ab0dff15446e9d346d9dbd95992de0fef795073f5ea83a81c?s=96&d=mm&r=g\",\"caption\":\"La Gu\u00eda de Pamplona\"}}]}<\/script>\n<!-- \/ Yoast SEO plugin. -->","yoast_head_json":{"title":"Este verano las familias se atrincherar\u00e1n en el Fort\u00edn de San Bartolom\u00e9: el Ayuntamiento de Pamplona ofrece m\u00e1s de 1.000 plazas en actividades infantiles","description":"Este s\u00e1bado se inicia la programaci\u00f3n familiar en esta instalaci\u00f3n que recoger\u00e1, entre mayo y septiembre, seis tipos de propuestas diferentes","robots":{"index":"index","follow":"follow","max-snippet":"max-snippet:-1","max-image-preview":"max-image-preview:large","max-video-preview":"max-video-preview:-1"},"canonical":"https:\/\/www.laguiadepamplona.com\/actualidad\/este-verano-las-familias-se-atrincheraran-en-el-fortin-de-san-bartolome-el-ayuntamiento-de-pamplona-ofrece-mas-de-1-000-plazas-en-actividades-infantiles\/","og_locale":"es_ES","og_type":"article","og_title":"Este verano las familias se atrincherar\u00e1n en el Fort\u00edn de San Bartolom\u00e9: el Ayuntamiento de Pamplona ofrece m\u00e1s de 1.000 plazas en actividades infantiles","og_description":"Este s\u00e1bado se inicia la programaci\u00f3n familiar en esta instalaci\u00f3n que recoger\u00e1, entre mayo y septiembre, seis tipos de propuestas diferentes","og_url":"https:\/\/www.laguiadepamplona.com\/actualidad\/este-verano-las-familias-se-atrincheraran-en-el-fortin-de-san-bartolome-el-ayuntamiento-de-pamplona-ofrece-mas-de-1-000-plazas-en-actividades-infantiles\/","og_site_name":"La Gu\u00eda de Pamplona","article_publisher":"https:\/\/www.facebook.com\/laguiadepamplonacom-133175176762273\/?ref=hl","article_published_time":"2022-05-19T14:04:43+00:00","article_modified_time":"2023-04-11T09:48:10+00:00","og_image":[{"width":779,"height":417,"url":"https:\/\/www.laguiadepamplona.com\/actualidad\/wp-content\/uploads\/2022\/05\/vista-_3dgeneral.jpg","type":"image\/jpeg"}],"author":"La Gu\u00eda de Pamplona","twitter_card":"summary_large_image","twitter_creator":"@LaGuiadPamplona","twitter_site":"@LaGuiadPamplona","twitter_misc":{"Escrito por":"La Gu\u00eda de Pamplona","Tiempo de lectura":"6 minutos"},"schema":{"@context":"https:\/\/schema.org","@graph":[{"@type":"Article","@id":"https:\/\/www.laguiadepamplona.com\/actualidad\/este-verano-las-familias-se-atrincheraran-en-el-fortin-de-san-bartolome-el-ayuntamiento-de-pamplona-ofrece-mas-de-1-000-plazas-en-actividades-infantiles\/#article","isPartOf":{"@id":"https:\/\/www.laguiadepamplona.com\/actualidad\/este-verano-las-familias-se-atrincheraran-en-el-fortin-de-san-bartolome-el-ayuntamiento-de-pamplona-ofrece-mas-de-1-000-plazas-en-actividades-infantiles\/"},"author":{"name":"La Gu\u00eda de Pamplona","@id":"https:\/\/www.laguiadepamplona.com\/actualidad\/#\/schema\/person\/efe887376f0213d4657c93adc50b1fdb"},"headline":"Este verano las familias se atrincherar\u00e1n en el Fort\u00edn de San Bartolom\u00e9: el Ayuntamiento de Pamplona ofrece m\u00e1s de 1.000 plazas en actividades infantiles","datePublished":"2022-05-19T14:04:43+00:00","dateModified":"2023-04-11T09:48:10+00:00","mainEntityOfPage":{"@id":"https:\/\/www.laguiadepamplona.com\/actualidad\/este-verano-las-familias-se-atrincheraran-en-el-fortin-de-san-bartolome-el-ayuntamiento-de-pamplona-ofrece-mas-de-1-000-plazas-en-actividades-infantiles\/"},"wordCount":1318,"commentCount":0,"publisher":{"@id":"https:\/\/www.laguiadepamplona.com\/actualidad\/#organization"},"image":{"@id":"https:\/\/www.laguiadepamplona.com\/actualidad\/este-verano-las-familias-se-atrincheraran-en-el-fortin-de-san-bartolome-el-ayuntamiento-de-pamplona-ofrece-mas-de-1-000-plazas-en-actividades-infantiles\/#primaryimage"},"thumbnailUrl":"https:\/\/www.laguiadepamplona.com\/actualidad\/wp-content\/uploads\/2022\/05\/vista-_3dgeneral.jpg","articleSection":["Ayto Pamplona"],"inLanguage":"es","potentialAction":[{"@type":"CommentAction","name":"Comment","target":["https:\/\/www.laguiadepamplona.com\/actualidad\/este-verano-las-familias-se-atrincheraran-en-el-fortin-de-san-bartolome-el-ayuntamiento-de-pamplona-ofrece-mas-de-1-000-plazas-en-actividades-infantiles\/#respond"]}]},{"@type":"WebPage","@id":"https:\/\/www.laguiadepamplona.com\/actualidad\/este-verano-las-familias-se-atrincheraran-en-el-fortin-de-san-bartolome-el-ayuntamiento-de-pamplona-ofrece-mas-de-1-000-plazas-en-actividades-infantiles\/","url":"https:\/\/www.laguiadepamplona.com\/actualidad\/este-verano-las-familias-se-atrincheraran-en-el-fortin-de-san-bartolome-el-ayuntamiento-de-pamplona-ofrece-mas-de-1-000-plazas-en-actividades-infantiles\/","name":"Este verano las familias se atrincherar\u00e1n en el Fort\u00edn de San Bartolom\u00e9: el Ayuntamiento de Pamplona ofrece m\u00e1s de 1.000 plazas en actividades infantiles","isPartOf":{"@id":"https:\/\/www.laguiadepamplona.com\/actualidad\/#website"},"primaryImageOfPage":{"@id":"https:\/\/www.laguiadepamplona.com\/actualidad\/este-verano-las-familias-se-atrincheraran-en-el-fortin-de-san-bartolome-el-ayuntamiento-de-pamplona-ofrece-mas-de-1-000-plazas-en-actividades-infantiles\/#primaryimage"},"image":{"@id":"https:\/\/www.laguiadepamplona.com\/actualidad\/este-verano-las-familias-se-atrincheraran-en-el-fortin-de-san-bartolome-el-ayuntamiento-de-pamplona-ofrece-mas-de-1-000-plazas-en-actividades-infantiles\/#primaryimage"},"thumbnailUrl":"https:\/\/www.laguiadepamplona.com\/actualidad\/wp-content\/uploads\/2022\/05\/vista-_3dgeneral.jpg","datePublished":"2022-05-19T14:04:43+00:00","dateModified":"2023-04-11T09:48:10+00:00","description":"Este s\u00e1bado se inicia la programaci\u00f3n familiar en esta instalaci\u00f3n que recoger\u00e1, entre mayo y septiembre, seis tipos de propuestas diferentes","breadcrumb":{"@id":"https:\/\/www.laguiadepamplona.com\/actualidad\/este-verano-las-familias-se-atrincheraran-en-el-fortin-de-san-bartolome-el-ayuntamiento-de-pamplona-ofrece-mas-de-1-000-plazas-en-actividades-infantiles\/#breadcrumb"},"inLanguage":"es","potentialAction":[{"@type":"ReadAction","target":["https:\/\/www.laguiadepamplona.com\/actualidad\/este-verano-las-familias-se-atrincheraran-en-el-fortin-de-san-bartolome-el-ayuntamiento-de-pamplona-ofrece-mas-de-1-000-plazas-en-actividades-infantiles\/"]}]},{"@type":"ImageObject","inLanguage":"es","@id":"https:\/\/www.laguiadepamplona.com\/actualidad\/este-verano-las-familias-se-atrincheraran-en-el-fortin-de-san-bartolome-el-ayuntamiento-de-pamplona-ofrece-mas-de-1-000-plazas-en-actividades-infantiles\/#primaryimage","url":"https:\/\/www.laguiadepamplona.com\/actualidad\/wp-content\/uploads\/2022\/05\/vista-_3dgeneral.jpg","contentUrl":"https:\/\/www.laguiadepamplona.com\/actualidad\/wp-content\/uploads\/2022\/05\/vista-_3dgeneral.jpg","width":779,"height":417},{"@type":"BreadcrumbList","@id":"https:\/\/www.laguiadepamplona.com\/actualidad\/este-verano-las-familias-se-atrincheraran-en-el-fortin-de-san-bartolome-el-ayuntamiento-de-pamplona-ofrece-mas-de-1-000-plazas-en-actividades-infantiles\/#breadcrumb","itemListElement":[{"@type":"ListItem","position":1,"name":"Portada","item":"https:\/\/www.laguiadepamplona.com\/actualidad\/"},{"@type":"ListItem","position":2,"name":"Este verano las familias se atrincherar\u00e1n en el Fort\u00edn de San Bartolom\u00e9: el Ayuntamiento de Pamplona ofrece m\u00e1s de 1.000 plazas en actividades infantiles"}]},{"@type":"WebSite","@id":"https:\/\/www.laguiadepamplona.com\/actualidad\/#website","url":"https:\/\/www.laguiadepamplona.com\/actualidad\/","name":"La gu\u00eda de Pamplona","description":"Noticias de Pamplona","publisher":{"@id":"https:\/\/www.laguiadepamplona.com\/actualidad\/#organization"},"potentialAction":[{"@type":"SearchAction","target":{"@type":"EntryPoint","urlTemplate":"https:\/\/www.laguiadepamplona.com\/actualidad\/?s={search_term_string}"},"query-input":{"@type":"PropertyValueSpecification","valueRequired":true,"valueName":"search_term_string"}}],"inLanguage":"es"},{"@type":"Organization","@id":"https:\/\/www.laguiadepamplona.com\/actualidad\/#organization","name":"La Gu\u00eda de Pamplona \/ Noticias","url":"https:\/\/www.laguiadepamplona.com\/actualidad\/","logo":{"@type":"ImageObject","inLanguage":"es","@id":"https:\/\/www.laguiadepamplona.com\/actualidad\/#\/schema\/logo\/image\/","url":"https:\/\/www.laguiadepamplona.com\/actualidad\/wp-content\/uploads\/2018\/11\/logo-laguiadepamplona18-web1.png","contentUrl":"https:\/\/www.laguiadepamplona.com\/actualidad\/wp-content\/uploads\/2018\/11\/logo-laguiadepamplona18-web1.png","width":600,"height":196,"caption":"La Gu\u00eda de Pamplona \/ Noticias"},"image":{"@id":"https:\/\/www.laguiadepamplona.com\/actualidad\/#\/schema\/logo\/image\/"},"sameAs":["https:\/\/www.facebook.com\/laguiadepamplonacom-133175176762273\/?ref=hl","https:\/\/x.com\/LaGuiadPamplona","https:\/\/www.instagram.com\/la_guia_de_pamplona\/","https:\/\/www.youtube.com\/user\/laguiadepamplona"]},{"@type":"Person","@id":"https:\/\/www.laguiadepamplona.com\/actualidad\/#\/schema\/person\/efe887376f0213d4657c93adc50b1fdb","name":"La Gu\u00eda de Pamplona","image":{"@type":"ImageObject","inLanguage":"es","@id":"https:\/\/secure.gravatar.com\/avatar\/b6992f131dc8d30ab0dff15446e9d346d9dbd95992de0fef795073f5ea83a81c?s=96&d=mm&r=g","url":"https:\/\/secure.gravatar.com\/avatar\/b6992f131dc8d30ab0dff15446e9d346d9dbd95992de0fef795073f5ea83a81c?s=96&d=mm&r=g","contentUrl":"https:\/\/secure.gravatar.com\/avatar\/b6992f131dc8d30ab0dff15446e9d346d9dbd95992de0fef795073f5ea83a81c?s=96&d=mm&r=g","caption":"La Gu\u00eda de Pamplona"}}]}},"post_mailing_queue_ids":[],"_links":{"self":[{"href":"https:\/\/www.laguiadepamplona.com\/actualidad\/wp-json\/wp\/v2\/posts\/40406","targetHints":{"allow":["GET"]}}],"collection":[{"href":"https:\/\/www.laguiadepamplona.com\/actualidad\/wp-json\/wp\/v2\/posts"}],"about":[{"href":"https:\/\/www.laguiadepamplona.com\/actualidad\/wp-json\/wp\/v2\/types\/post"}],"author":[{"embeddable":true,"href":"https:\/\/www.laguiadepamplona.com\/actualidad\/wp-json\/wp\/v2\/users\/1"}],"replies":[{"embeddable":true,"href":"https:\/\/www.laguiadepamplona.com\/actualidad\/wp-json\/wp\/v2\/comments?post=40406"}],"version-history":[{"count":0,"href":"https:\/\/www.laguiadepamplona.com\/actualidad\/wp-json\/wp\/v2\/posts\/40406\/revisions"}],"wp:featuredmedia":[{"embeddable":true,"href":"https:\/\/www.laguiadepamplona.com\/actualidad\/wp-json\/wp\/v2\/media\/40407"}],"wp:attachment":[{"href":"https:\/\/www.laguiadepamplona.com\/actualidad\/wp-json\/wp\/v2\/media?parent=40406"}],"wp:term":[{"taxonomy":"category","embeddable":true,"href":"https:\/\/www.laguiadepamplona.com\/actualidad\/wp-json\/wp\/v2\/categories?post=40406"},{"taxonomy":"post_tag","embeddable":true,"href":"https:\/\/www.laguiadepamplona.com\/actualidad\/wp-json\/wp\/v2\/tags?post=40406"}],"curies":[{"name":"wp","href":"https:\/\/api.w.org\/{rel}","templated":true}]}}