{"id":40403,"date":"2022-05-19T13:05:05","date_gmt":"2022-05-19T11:05:05","guid":{"rendered":"https:\/\/www.laguiadepamplona.com\/actualidad\/?p=40403"},"modified":"2023-04-11T11:48:10","modified_gmt":"2023-04-11T09:48:10","slug":"el-ayuntamiento-de-pamplona-impartira-cursos-de-formacion-sobre-el-uso-de-la-bicicleta-en-la-ciudad-a-mujeres-victimas-de-trata","status":"publish","type":"post","link":"https:\/\/www.laguiadepamplona.com\/actualidad\/el-ayuntamiento-de-pamplona-impartira-cursos-de-formacion-sobre-el-uso-de-la-bicicleta-en-la-ciudad-a-mujeres-victimas-de-trata\/","title":{"rendered":"El Ayuntamiento de Pamplona impartir\u00e1 cursos de formaci\u00f3n sobre el uso de la bicicleta en la ciudad a mujeres v\u00edctimas de trata"},"content":{"rendered":"<h5>Estos cursos forman parte del convenio firmado por el Ayuntamiento con la Asociaci\u00f3n Acci\u00f3n contra la Trata<\/h5>\n<p><!--more--><\/p>\n<p>El Ayuntamiento de Pamplona y la Asociaci\u00f3n Acci\u00f3n contra la Trata han firmado un convenio para la formaci\u00f3n de mujeres en el uso de la bicicleta como medio de desplazamiento en la ciudad. El grupo \u2018Las Poderosas\u2019, conformado por mujeres v\u00edctimas de trata, podr\u00e1n participar en un curso de iniciaci\u00f3n para aprender a montar en bicicleta. El concejal delegado de Proyectos Estrat\u00e9gicos, Movilidad y Sostenibilidad, Ferm\u00edn Alonso, y la presidenta de la Asociaci\u00f3n Acci\u00f3n contra la Trata, Alicia Gim\u00e9nez Garc\u00eda, han rubricado este acuerdo que tiene vigencia para los pr\u00f3ximos cuatro a\u00f1os.<br \/>\n<script async src=\"\/\/pagead2.googlesyndication.com\/pagead\/js\/adsbygoogle.js\"><\/script><br \/>\n<!-- Noticias La Guia de Pamplona --><br \/>\n<ins class=\"adsbygoogle\"\nstyle=\"display:block\"\ndata-ad-client=\"ca-pub-6943679897239327\"\ndata-ad-slot=\"7048180777\"\ndata-ad-format=\"auto\"><\/ins><br \/>\n<script>\n(adsbygoogle = window.adsbygoogle || []).push({});\n<\/script><\/p>\n<p>El curso de formaci\u00f3n se llevar\u00e1 a cabo en el Museo de Educaci\u00f3n Ambiental, donde habitualmente se desarrollan los cursos de Biciescuela en los grupos de iniciaci\u00f3n. Esta formaci\u00f3n tendr\u00e1 una duraci\u00f3n de unas dos semanas, con un total de 18 horas, repartidas en dos horas cada d\u00eda de lunes a jueves. A lo largo de la duraci\u00f3n del convenio, se podr\u00e1n llevar a cabo otras actividades formativas relacionadas con la movilidad como cursos de habilidad y de circulaci\u00f3n. El Ayuntamiento de Pamplona correr\u00e1 con los gastos de esta formaci\u00f3n y velar\u00e1 por que el curso se desarrolle en las mejores condiciones.<\/p>\n<p>Muchas de las mujeres a las que va dirigido este curso no han tenido la oportunidad de andar en bici en sus pa\u00edses de origen por la situaci\u00f3n local, el contexto cultural o el simple hecho de ser mujer. Desde la Asociaci\u00f3n Acci\u00f3n contra la Trata se encargar\u00e1n de las gestiones para informar a las mujeres del grupo \u2018Las Poderosas\u2019 de la organizaci\u00f3n del curso y se propondr\u00e1 una fecha para su inicio. Asimismo, se trasladar\u00e1 al Ayuntamiento el listado de mujeres participantes y se encargar\u00e1n de la traducci\u00f3n para quienes no conozcan suficientemente el idioma castellano, que es en el que se impartir\u00e1 el curso.<br \/>\n<script async src=\"\/\/pagead2.googlesyndication.com\/pagead\/js\/adsbygoogle.js\"><\/script><br \/>\n<!-- Noticias La Guia de Pamplona --><br \/>\n<ins class=\"adsbygoogle\"\nstyle=\"display:block\"\ndata-ad-client=\"ca-pub-6943679897239327\"\ndata-ad-slot=\"7048180777\"\ndata-ad-format=\"auto\"><\/ins><br \/>\n<script>\n(adsbygoogle = window.adsbygoogle || []).push({});\n<\/script><\/p>\n<p><strong>Autonom\u00eda, inclusi\u00f3n y empoderamiento<\/strong><\/p>\n<p>La Asociaci\u00f3n Acci\u00f3n contra la Trata (ACT) impulsa y da soporte a \u2018Las Poderosas\u2019, una experiencia innovadora que se desarrolla en el marco del proyecto \u2018Mujeres supervivientes: del proceso personal a la transformaci\u00f3n social\u2019, que cuenta con el apoyo de Instituto Navarro para la Igualdad, el Ayuntamiento de Pamplona y la Fundaci\u00f3n La Caixa. Se trata de un grupo de mujeres de nacionalidades diversas, que viven en Pamplona, trabajan en Pamplona, estudian en Pamplona y se mueve por Pamplona. Este curso les proporciona autonom\u00eda individual, inclusi\u00f3n, empoderamiento, visibilidad y participaci\u00f3n en la vida de la ciudad.<\/p>\n<p>El Ayuntamiento de Pamplona promueve acciones formativas para impulsar el uso de la bicicleta como medio de desplazamiento cotidiano, entre las que se encuentra la \u2018Biciescuela para personas adultas\u2019, Hombres y mujeres mayores de edad reciben formaci\u00f3n que les permite incorporarse al uso de la bici como modo sostenible para moverse por la ciudad, generando as\u00ed un h\u00e1bito saludable de transporte. Estas actuaciones se enmarcan en la Estrategia Go Green Pamplona de Transici\u00f3n Energ\u00e9tica y Cambio Clim\u00e1tico 2020 \u2013 2030.<\/p>\n","protected":false},"excerpt":{"rendered":"<p>Estos cursos forman parte del convenio firmado por el Ayuntamiento con la Asociaci\u00f3n Acci\u00f3n contra la Trata<\/p>\n","protected":false},"author":1,"featured_media":40404,"comment_status":"open","ping_status":"closed","sticky":false,"template":"","format":"standard","meta":{"footnotes":""},"categories":[2],"tags":[],"class_list":["post-40403","post","type-post","status-publish","format-standard","has-post-thumbnail","hentry","category-ayuntamiento-pamplona"],"yoast_head":"<!-- This site is optimized with the Yoast SEO plugin v27.3 - https:\/\/yoast.com\/product\/yoast-seo-wordpress\/ -->\n<title>El Ayuntamiento de Pamplona impartir\u00e1 cursos de formaci\u00f3n sobre el uso de la bicicleta en la ciudad a mujeres v\u00edctimas de trata<\/title>\n<meta name=\"description\" content=\"Estos cursos forman parte del convenio firmado por el Ayuntamiento con la Asociaci\u00f3n Acci\u00f3n contra la Trata\" \/>\n<meta name=\"robots\" content=\"index, follow, max-snippet:-1, max-image-preview:large, max-video-preview:-1\" \/>\n<link rel=\"canonical\" href=\"https:\/\/www.laguiadepamplona.com\/actualidad\/el-ayuntamiento-de-pamplona-impartira-cursos-de-formacion-sobre-el-uso-de-la-bicicleta-en-la-ciudad-a-mujeres-victimas-de-trata\/\" \/>\n<meta property=\"og:locale\" content=\"es_ES\" \/>\n<meta property=\"og:type\" content=\"article\" \/>\n<meta property=\"og:title\" content=\"El Ayuntamiento de Pamplona impartir\u00e1 cursos de formaci\u00f3n sobre el uso de la bicicleta en la ciudad a mujeres v\u00edctimas de trata\" \/>\n<meta property=\"og:description\" content=\"Estos cursos forman parte del convenio firmado por el Ayuntamiento con la Asociaci\u00f3n Acci\u00f3n contra la Trata\" \/>\n<meta property=\"og:url\" content=\"https:\/\/www.laguiadepamplona.com\/actualidad\/el-ayuntamiento-de-pamplona-impartira-cursos-de-formacion-sobre-el-uso-de-la-bicicleta-en-la-ciudad-a-mujeres-victimas-de-trata\/\" \/>\n<meta property=\"og:site_name\" content=\"La Gu\u00eda de Pamplona\" \/>\n<meta property=\"article:publisher\" content=\"https:\/\/www.facebook.com\/laguiadepamplonacom-133175176762273\/?ref=hl\" \/>\n<meta property=\"article:published_time\" content=\"2022-05-19T11:05:05+00:00\" \/>\n<meta property=\"article:modified_time\" content=\"2023-04-11T09:48:10+00:00\" \/>\n<meta property=\"og:image\" content=\"https:\/\/www.laguiadepamplona.com\/actualidad\/wp-content\/uploads\/2022\/05\/22.05.19_firma_convenio_mujeres_trata_biciescuela.webp\" \/>\n\t<meta property=\"og:image:width\" content=\"1920\" \/>\n\t<meta property=\"og:image:height\" content=\"1281\" \/>\n\t<meta property=\"og:image:type\" content=\"image\/webp\" \/>\n<meta name=\"author\" content=\"La Gu\u00eda de Pamplona\" \/>\n<meta name=\"twitter:card\" content=\"summary_large_image\" \/>\n<meta name=\"twitter:creator\" content=\"@LaGuiadPamplona\" \/>\n<meta name=\"twitter:site\" content=\"@LaGuiadPamplona\" \/>\n<meta name=\"twitter:label1\" content=\"Escrito por\" \/>\n\t<meta name=\"twitter:data1\" content=\"La Gu\u00eda de Pamplona\" \/>\n\t<meta name=\"twitter:label2\" content=\"Tiempo de lectura\" \/>\n\t<meta name=\"twitter:data2\" content=\"3 minutos\" \/>\n<script type=\"application\/ld+json\" class=\"yoast-schema-graph\">{\"@context\":\"https:\\\/\\\/schema.org\",\"@graph\":[{\"@type\":\"Article\",\"@id\":\"https:\\\/\\\/www.laguiadepamplona.com\\\/actualidad\\\/el-ayuntamiento-de-pamplona-impartira-cursos-de-formacion-sobre-el-uso-de-la-bicicleta-en-la-ciudad-a-mujeres-victimas-de-trata\\\/#article\",\"isPartOf\":{\"@id\":\"https:\\\/\\\/www.laguiadepamplona.com\\\/actualidad\\\/el-ayuntamiento-de-pamplona-impartira-cursos-de-formacion-sobre-el-uso-de-la-bicicleta-en-la-ciudad-a-mujeres-victimas-de-trata\\\/\"},\"author\":{\"name\":\"La Gu\u00eda de Pamplona\",\"@id\":\"https:\\\/\\\/www.laguiadepamplona.com\\\/actualidad\\\/#\\\/schema\\\/person\\\/efe887376f0213d4657c93adc50b1fdb\"},\"headline\":\"El Ayuntamiento de Pamplona impartir\u00e1 cursos de formaci\u00f3n sobre el uso de la bicicleta en la ciudad a mujeres v\u00edctimas de trata\",\"datePublished\":\"2022-05-19T11:05:05+00:00\",\"dateModified\":\"2023-04-11T09:48:10+00:00\",\"mainEntityOfPage\":{\"@id\":\"https:\\\/\\\/www.laguiadepamplona.com\\\/actualidad\\\/el-ayuntamiento-de-pamplona-impartira-cursos-de-formacion-sobre-el-uso-de-la-bicicleta-en-la-ciudad-a-mujeres-victimas-de-trata\\\/\"},\"wordCount\":565,\"commentCount\":0,\"publisher\":{\"@id\":\"https:\\\/\\\/www.laguiadepamplona.com\\\/actualidad\\\/#organization\"},\"image\":{\"@id\":\"https:\\\/\\\/www.laguiadepamplona.com\\\/actualidad\\\/el-ayuntamiento-de-pamplona-impartira-cursos-de-formacion-sobre-el-uso-de-la-bicicleta-en-la-ciudad-a-mujeres-victimas-de-trata\\\/#primaryimage\"},\"thumbnailUrl\":\"https:\\\/\\\/www.laguiadepamplona.com\\\/actualidad\\\/wp-content\\\/uploads\\\/2022\\\/05\\\/22.05.19_firma_convenio_mujeres_trata_biciescuela.webp\",\"articleSection\":[\"Ayto Pamplona\"],\"inLanguage\":\"es\",\"potentialAction\":[{\"@type\":\"CommentAction\",\"name\":\"Comment\",\"target\":[\"https:\\\/\\\/www.laguiadepamplona.com\\\/actualidad\\\/el-ayuntamiento-de-pamplona-impartira-cursos-de-formacion-sobre-el-uso-de-la-bicicleta-en-la-ciudad-a-mujeres-victimas-de-trata\\\/#respond\"]}]},{\"@type\":\"WebPage\",\"@id\":\"https:\\\/\\\/www.laguiadepamplona.com\\\/actualidad\\\/el-ayuntamiento-de-pamplona-impartira-cursos-de-formacion-sobre-el-uso-de-la-bicicleta-en-la-ciudad-a-mujeres-victimas-de-trata\\\/\",\"url\":\"https:\\\/\\\/www.laguiadepamplona.com\\\/actualidad\\\/el-ayuntamiento-de-pamplona-impartira-cursos-de-formacion-sobre-el-uso-de-la-bicicleta-en-la-ciudad-a-mujeres-victimas-de-trata\\\/\",\"name\":\"El Ayuntamiento de Pamplona impartir\u00e1 cursos de formaci\u00f3n sobre el uso de la bicicleta en la ciudad a mujeres v\u00edctimas de trata\",\"isPartOf\":{\"@id\":\"https:\\\/\\\/www.laguiadepamplona.com\\\/actualidad\\\/#website\"},\"primaryImageOfPage\":{\"@id\":\"https:\\\/\\\/www.laguiadepamplona.com\\\/actualidad\\\/el-ayuntamiento-de-pamplona-impartira-cursos-de-formacion-sobre-el-uso-de-la-bicicleta-en-la-ciudad-a-mujeres-victimas-de-trata\\\/#primaryimage\"},\"image\":{\"@id\":\"https:\\\/\\\/www.laguiadepamplona.com\\\/actualidad\\\/el-ayuntamiento-de-pamplona-impartira-cursos-de-formacion-sobre-el-uso-de-la-bicicleta-en-la-ciudad-a-mujeres-victimas-de-trata\\\/#primaryimage\"},\"thumbnailUrl\":\"https:\\\/\\\/www.laguiadepamplona.com\\\/actualidad\\\/wp-content\\\/uploads\\\/2022\\\/05\\\/22.05.19_firma_convenio_mujeres_trata_biciescuela.webp\",\"datePublished\":\"2022-05-19T11:05:05+00:00\",\"dateModified\":\"2023-04-11T09:48:10+00:00\",\"description\":\"Estos cursos forman parte del convenio firmado por el Ayuntamiento con la Asociaci\u00f3n Acci\u00f3n contra la Trata\",\"breadcrumb\":{\"@id\":\"https:\\\/\\\/www.laguiadepamplona.com\\\/actualidad\\\/el-ayuntamiento-de-pamplona-impartira-cursos-de-formacion-sobre-el-uso-de-la-bicicleta-en-la-ciudad-a-mujeres-victimas-de-trata\\\/#breadcrumb\"},\"inLanguage\":\"es\",\"potentialAction\":[{\"@type\":\"ReadAction\",\"target\":[\"https:\\\/\\\/www.laguiadepamplona.com\\\/actualidad\\\/el-ayuntamiento-de-pamplona-impartira-cursos-de-formacion-sobre-el-uso-de-la-bicicleta-en-la-ciudad-a-mujeres-victimas-de-trata\\\/\"]}]},{\"@type\":\"ImageObject\",\"inLanguage\":\"es\",\"@id\":\"https:\\\/\\\/www.laguiadepamplona.com\\\/actualidad\\\/el-ayuntamiento-de-pamplona-impartira-cursos-de-formacion-sobre-el-uso-de-la-bicicleta-en-la-ciudad-a-mujeres-victimas-de-trata\\\/#primaryimage\",\"url\":\"https:\\\/\\\/www.laguiadepamplona.com\\\/actualidad\\\/wp-content\\\/uploads\\\/2022\\\/05\\\/22.05.19_firma_convenio_mujeres_trata_biciescuela.webp\",\"contentUrl\":\"https:\\\/\\\/www.laguiadepamplona.com\\\/actualidad\\\/wp-content\\\/uploads\\\/2022\\\/05\\\/22.05.19_firma_convenio_mujeres_trata_biciescuela.webp\",\"width\":1920,\"height\":1281},{\"@type\":\"BreadcrumbList\",\"@id\":\"https:\\\/\\\/www.laguiadepamplona.com\\\/actualidad\\\/el-ayuntamiento-de-pamplona-impartira-cursos-de-formacion-sobre-el-uso-de-la-bicicleta-en-la-ciudad-a-mujeres-victimas-de-trata\\\/#breadcrumb\",\"itemListElement\":[{\"@type\":\"ListItem\",\"position\":1,\"name\":\"Portada\",\"item\":\"https:\\\/\\\/www.laguiadepamplona.com\\\/actualidad\\\/\"},{\"@type\":\"ListItem\",\"position\":2,\"name\":\"El Ayuntamiento de Pamplona impartir\u00e1 cursos de formaci\u00f3n sobre el uso de la bicicleta en la ciudad a mujeres v\u00edctimas de trata\"}]},{\"@type\":\"WebSite\",\"@id\":\"https:\\\/\\\/www.laguiadepamplona.com\\\/actualidad\\\/#website\",\"url\":\"https:\\\/\\\/www.laguiadepamplona.com\\\/actualidad\\\/\",\"name\":\"La gu\u00eda de Pamplona\",\"description\":\"Noticias de Pamplona\",\"publisher\":{\"@id\":\"https:\\\/\\\/www.laguiadepamplona.com\\\/actualidad\\\/#organization\"},\"potentialAction\":[{\"@type\":\"SearchAction\",\"target\":{\"@type\":\"EntryPoint\",\"urlTemplate\":\"https:\\\/\\\/www.laguiadepamplona.com\\\/actualidad\\\/?s={search_term_string}\"},\"query-input\":{\"@type\":\"PropertyValueSpecification\",\"valueRequired\":true,\"valueName\":\"search_term_string\"}}],\"inLanguage\":\"es\"},{\"@type\":\"Organization\",\"@id\":\"https:\\\/\\\/www.laguiadepamplona.com\\\/actualidad\\\/#organization\",\"name\":\"La Gu\u00eda de Pamplona \\\/ Noticias\",\"url\":\"https:\\\/\\\/www.laguiadepamplona.com\\\/actualidad\\\/\",\"logo\":{\"@type\":\"ImageObject\",\"inLanguage\":\"es\",\"@id\":\"https:\\\/\\\/www.laguiadepamplona.com\\\/actualidad\\\/#\\\/schema\\\/logo\\\/image\\\/\",\"url\":\"https:\\\/\\\/www.laguiadepamplona.com\\\/actualidad\\\/wp-content\\\/uploads\\\/2018\\\/11\\\/logo-laguiadepamplona18-web1.png\",\"contentUrl\":\"https:\\\/\\\/www.laguiadepamplona.com\\\/actualidad\\\/wp-content\\\/uploads\\\/2018\\\/11\\\/logo-laguiadepamplona18-web1.png\",\"width\":600,\"height\":196,\"caption\":\"La Gu\u00eda de Pamplona \\\/ Noticias\"},\"image\":{\"@id\":\"https:\\\/\\\/www.laguiadepamplona.com\\\/actualidad\\\/#\\\/schema\\\/logo\\\/image\\\/\"},\"sameAs\":[\"https:\\\/\\\/www.facebook.com\\\/laguiadepamplonacom-133175176762273\\\/?ref=hl\",\"https:\\\/\\\/x.com\\\/LaGuiadPamplona\",\"https:\\\/\\\/www.instagram.com\\\/la_guia_de_pamplona\\\/\",\"https:\\\/\\\/www.youtube.com\\\/user\\\/laguiadepamplona\"]},{\"@type\":\"Person\",\"@id\":\"https:\\\/\\\/www.laguiadepamplona.com\\\/actualidad\\\/#\\\/schema\\\/person\\\/efe887376f0213d4657c93adc50b1fdb\",\"name\":\"La Gu\u00eda de Pamplona\",\"image\":{\"@type\":\"ImageObject\",\"inLanguage\":\"es\",\"@id\":\"https:\\\/\\\/secure.gravatar.com\\\/avatar\\\/b6992f131dc8d30ab0dff15446e9d346d9dbd95992de0fef795073f5ea83a81c?s=96&d=mm&r=g\",\"url\":\"https:\\\/\\\/secure.gravatar.com\\\/avatar\\\/b6992f131dc8d30ab0dff15446e9d346d9dbd95992de0fef795073f5ea83a81c?s=96&d=mm&r=g\",\"contentUrl\":\"https:\\\/\\\/secure.gravatar.com\\\/avatar\\\/b6992f131dc8d30ab0dff15446e9d346d9dbd95992de0fef795073f5ea83a81c?s=96&d=mm&r=g\",\"caption\":\"La Gu\u00eda de Pamplona\"}}]}<\/script>\n<!-- \/ Yoast SEO plugin. -->","yoast_head_json":{"title":"El Ayuntamiento de Pamplona impartir\u00e1 cursos de formaci\u00f3n sobre el uso de la bicicleta en la ciudad a mujeres v\u00edctimas de trata","description":"Estos cursos forman parte del convenio firmado por el Ayuntamiento con la Asociaci\u00f3n Acci\u00f3n contra la Trata","robots":{"index":"index","follow":"follow","max-snippet":"max-snippet:-1","max-image-preview":"max-image-preview:large","max-video-preview":"max-video-preview:-1"},"canonical":"https:\/\/www.laguiadepamplona.com\/actualidad\/el-ayuntamiento-de-pamplona-impartira-cursos-de-formacion-sobre-el-uso-de-la-bicicleta-en-la-ciudad-a-mujeres-victimas-de-trata\/","og_locale":"es_ES","og_type":"article","og_title":"El Ayuntamiento de Pamplona impartir\u00e1 cursos de formaci\u00f3n sobre el uso de la bicicleta en la ciudad a mujeres v\u00edctimas de trata","og_description":"Estos cursos forman parte del convenio firmado por el Ayuntamiento con la Asociaci\u00f3n Acci\u00f3n contra la Trata","og_url":"https:\/\/www.laguiadepamplona.com\/actualidad\/el-ayuntamiento-de-pamplona-impartira-cursos-de-formacion-sobre-el-uso-de-la-bicicleta-en-la-ciudad-a-mujeres-victimas-de-trata\/","og_site_name":"La Gu\u00eda de Pamplona","article_publisher":"https:\/\/www.facebook.com\/laguiadepamplonacom-133175176762273\/?ref=hl","article_published_time":"2022-05-19T11:05:05+00:00","article_modified_time":"2023-04-11T09:48:10+00:00","og_image":[{"width":1920,"height":1281,"url":"https:\/\/www.laguiadepamplona.com\/actualidad\/wp-content\/uploads\/2022\/05\/22.05.19_firma_convenio_mujeres_trata_biciescuela.webp","type":"image\/webp"}],"author":"La Gu\u00eda de Pamplona","twitter_card":"summary_large_image","twitter_creator":"@LaGuiadPamplona","twitter_site":"@LaGuiadPamplona","twitter_misc":{"Escrito por":"La Gu\u00eda de Pamplona","Tiempo de lectura":"3 minutos"},"schema":{"@context":"https:\/\/schema.org","@graph":[{"@type":"Article","@id":"https:\/\/www.laguiadepamplona.com\/actualidad\/el-ayuntamiento-de-pamplona-impartira-cursos-de-formacion-sobre-el-uso-de-la-bicicleta-en-la-ciudad-a-mujeres-victimas-de-trata\/#article","isPartOf":{"@id":"https:\/\/www.laguiadepamplona.com\/actualidad\/el-ayuntamiento-de-pamplona-impartira-cursos-de-formacion-sobre-el-uso-de-la-bicicleta-en-la-ciudad-a-mujeres-victimas-de-trata\/"},"author":{"name":"La Gu\u00eda de Pamplona","@id":"https:\/\/www.laguiadepamplona.com\/actualidad\/#\/schema\/person\/efe887376f0213d4657c93adc50b1fdb"},"headline":"El Ayuntamiento de Pamplona impartir\u00e1 cursos de formaci\u00f3n sobre el uso de la bicicleta en la ciudad a mujeres v\u00edctimas de trata","datePublished":"2022-05-19T11:05:05+00:00","dateModified":"2023-04-11T09:48:10+00:00","mainEntityOfPage":{"@id":"https:\/\/www.laguiadepamplona.com\/actualidad\/el-ayuntamiento-de-pamplona-impartira-cursos-de-formacion-sobre-el-uso-de-la-bicicleta-en-la-ciudad-a-mujeres-victimas-de-trata\/"},"wordCount":565,"commentCount":0,"publisher":{"@id":"https:\/\/www.laguiadepamplona.com\/actualidad\/#organization"},"image":{"@id":"https:\/\/www.laguiadepamplona.com\/actualidad\/el-ayuntamiento-de-pamplona-impartira-cursos-de-formacion-sobre-el-uso-de-la-bicicleta-en-la-ciudad-a-mujeres-victimas-de-trata\/#primaryimage"},"thumbnailUrl":"https:\/\/www.laguiadepamplona.com\/actualidad\/wp-content\/uploads\/2022\/05\/22.05.19_firma_convenio_mujeres_trata_biciescuela.webp","articleSection":["Ayto Pamplona"],"inLanguage":"es","potentialAction":[{"@type":"CommentAction","name":"Comment","target":["https:\/\/www.laguiadepamplona.com\/actualidad\/el-ayuntamiento-de-pamplona-impartira-cursos-de-formacion-sobre-el-uso-de-la-bicicleta-en-la-ciudad-a-mujeres-victimas-de-trata\/#respond"]}]},{"@type":"WebPage","@id":"https:\/\/www.laguiadepamplona.com\/actualidad\/el-ayuntamiento-de-pamplona-impartira-cursos-de-formacion-sobre-el-uso-de-la-bicicleta-en-la-ciudad-a-mujeres-victimas-de-trata\/","url":"https:\/\/www.laguiadepamplona.com\/actualidad\/el-ayuntamiento-de-pamplona-impartira-cursos-de-formacion-sobre-el-uso-de-la-bicicleta-en-la-ciudad-a-mujeres-victimas-de-trata\/","name":"El Ayuntamiento de Pamplona impartir\u00e1 cursos de formaci\u00f3n sobre el uso de la bicicleta en la ciudad a mujeres v\u00edctimas de trata","isPartOf":{"@id":"https:\/\/www.laguiadepamplona.com\/actualidad\/#website"},"primaryImageOfPage":{"@id":"https:\/\/www.laguiadepamplona.com\/actualidad\/el-ayuntamiento-de-pamplona-impartira-cursos-de-formacion-sobre-el-uso-de-la-bicicleta-en-la-ciudad-a-mujeres-victimas-de-trata\/#primaryimage"},"image":{"@id":"https:\/\/www.laguiadepamplona.com\/actualidad\/el-ayuntamiento-de-pamplona-impartira-cursos-de-formacion-sobre-el-uso-de-la-bicicleta-en-la-ciudad-a-mujeres-victimas-de-trata\/#primaryimage"},"thumbnailUrl":"https:\/\/www.laguiadepamplona.com\/actualidad\/wp-content\/uploads\/2022\/05\/22.05.19_firma_convenio_mujeres_trata_biciescuela.webp","datePublished":"2022-05-19T11:05:05+00:00","dateModified":"2023-04-11T09:48:10+00:00","description":"Estos cursos forman parte del convenio firmado por el Ayuntamiento con la Asociaci\u00f3n Acci\u00f3n contra la Trata","breadcrumb":{"@id":"https:\/\/www.laguiadepamplona.com\/actualidad\/el-ayuntamiento-de-pamplona-impartira-cursos-de-formacion-sobre-el-uso-de-la-bicicleta-en-la-ciudad-a-mujeres-victimas-de-trata\/#breadcrumb"},"inLanguage":"es","potentialAction":[{"@type":"ReadAction","target":["https:\/\/www.laguiadepamplona.com\/actualidad\/el-ayuntamiento-de-pamplona-impartira-cursos-de-formacion-sobre-el-uso-de-la-bicicleta-en-la-ciudad-a-mujeres-victimas-de-trata\/"]}]},{"@type":"ImageObject","inLanguage":"es","@id":"https:\/\/www.laguiadepamplona.com\/actualidad\/el-ayuntamiento-de-pamplona-impartira-cursos-de-formacion-sobre-el-uso-de-la-bicicleta-en-la-ciudad-a-mujeres-victimas-de-trata\/#primaryimage","url":"https:\/\/www.laguiadepamplona.com\/actualidad\/wp-content\/uploads\/2022\/05\/22.05.19_firma_convenio_mujeres_trata_biciescuela.webp","contentUrl":"https:\/\/www.laguiadepamplona.com\/actualidad\/wp-content\/uploads\/2022\/05\/22.05.19_firma_convenio_mujeres_trata_biciescuela.webp","width":1920,"height":1281},{"@type":"BreadcrumbList","@id":"https:\/\/www.laguiadepamplona.com\/actualidad\/el-ayuntamiento-de-pamplona-impartira-cursos-de-formacion-sobre-el-uso-de-la-bicicleta-en-la-ciudad-a-mujeres-victimas-de-trata\/#breadcrumb","itemListElement":[{"@type":"ListItem","position":1,"name":"Portada","item":"https:\/\/www.laguiadepamplona.com\/actualidad\/"},{"@type":"ListItem","position":2,"name":"El Ayuntamiento de Pamplona impartir\u00e1 cursos de formaci\u00f3n sobre el uso de la bicicleta en la ciudad a mujeres v\u00edctimas de trata"}]},{"@type":"WebSite","@id":"https:\/\/www.laguiadepamplona.com\/actualidad\/#website","url":"https:\/\/www.laguiadepamplona.com\/actualidad\/","name":"La gu\u00eda de Pamplona","description":"Noticias de Pamplona","publisher":{"@id":"https:\/\/www.laguiadepamplona.com\/actualidad\/#organization"},"potentialAction":[{"@type":"SearchAction","target":{"@type":"EntryPoint","urlTemplate":"https:\/\/www.laguiadepamplona.com\/actualidad\/?s={search_term_string}"},"query-input":{"@type":"PropertyValueSpecification","valueRequired":true,"valueName":"search_term_string"}}],"inLanguage":"es"},{"@type":"Organization","@id":"https:\/\/www.laguiadepamplona.com\/actualidad\/#organization","name":"La Gu\u00eda de Pamplona \/ Noticias","url":"https:\/\/www.laguiadepamplona.com\/actualidad\/","logo":{"@type":"ImageObject","inLanguage":"es","@id":"https:\/\/www.laguiadepamplona.com\/actualidad\/#\/schema\/logo\/image\/","url":"https:\/\/www.laguiadepamplona.com\/actualidad\/wp-content\/uploads\/2018\/11\/logo-laguiadepamplona18-web1.png","contentUrl":"https:\/\/www.laguiadepamplona.com\/actualidad\/wp-content\/uploads\/2018\/11\/logo-laguiadepamplona18-web1.png","width":600,"height":196,"caption":"La Gu\u00eda de Pamplona \/ Noticias"},"image":{"@id":"https:\/\/www.laguiadepamplona.com\/actualidad\/#\/schema\/logo\/image\/"},"sameAs":["https:\/\/www.facebook.com\/laguiadepamplonacom-133175176762273\/?ref=hl","https:\/\/x.com\/LaGuiadPamplona","https:\/\/www.instagram.com\/la_guia_de_pamplona\/","https:\/\/www.youtube.com\/user\/laguiadepamplona"]},{"@type":"Person","@id":"https:\/\/www.laguiadepamplona.com\/actualidad\/#\/schema\/person\/efe887376f0213d4657c93adc50b1fdb","name":"La Gu\u00eda de Pamplona","image":{"@type":"ImageObject","inLanguage":"es","@id":"https:\/\/secure.gravatar.com\/avatar\/b6992f131dc8d30ab0dff15446e9d346d9dbd95992de0fef795073f5ea83a81c?s=96&d=mm&r=g","url":"https:\/\/secure.gravatar.com\/avatar\/b6992f131dc8d30ab0dff15446e9d346d9dbd95992de0fef795073f5ea83a81c?s=96&d=mm&r=g","contentUrl":"https:\/\/secure.gravatar.com\/avatar\/b6992f131dc8d30ab0dff15446e9d346d9dbd95992de0fef795073f5ea83a81c?s=96&d=mm&r=g","caption":"La Gu\u00eda de Pamplona"}}]}},"post_mailing_queue_ids":[],"_links":{"self":[{"href":"https:\/\/www.laguiadepamplona.com\/actualidad\/wp-json\/wp\/v2\/posts\/40403","targetHints":{"allow":["GET"]}}],"collection":[{"href":"https:\/\/www.laguiadepamplona.com\/actualidad\/wp-json\/wp\/v2\/posts"}],"about":[{"href":"https:\/\/www.laguiadepamplona.com\/actualidad\/wp-json\/wp\/v2\/types\/post"}],"author":[{"embeddable":true,"href":"https:\/\/www.laguiadepamplona.com\/actualidad\/wp-json\/wp\/v2\/users\/1"}],"replies":[{"embeddable":true,"href":"https:\/\/www.laguiadepamplona.com\/actualidad\/wp-json\/wp\/v2\/comments?post=40403"}],"version-history":[{"count":0,"href":"https:\/\/www.laguiadepamplona.com\/actualidad\/wp-json\/wp\/v2\/posts\/40403\/revisions"}],"wp:featuredmedia":[{"embeddable":true,"href":"https:\/\/www.laguiadepamplona.com\/actualidad\/wp-json\/wp\/v2\/media\/40404"}],"wp:attachment":[{"href":"https:\/\/www.laguiadepamplona.com\/actualidad\/wp-json\/wp\/v2\/media?parent=40403"}],"wp:term":[{"taxonomy":"category","embeddable":true,"href":"https:\/\/www.laguiadepamplona.com\/actualidad\/wp-json\/wp\/v2\/categories?post=40403"},{"taxonomy":"post_tag","embeddable":true,"href":"https:\/\/www.laguiadepamplona.com\/actualidad\/wp-json\/wp\/v2\/tags?post=40403"}],"curies":[{"name":"wp","href":"https:\/\/api.w.org\/{rel}","templated":true}]}}