{"id":404,"date":"2014-02-11T13:30:27","date_gmt":"2014-02-11T12:30:27","guid":{"rendered":"http:\/\/laguiadepamplona.es\/noticias\/?p=404"},"modified":"2014-02-11T13:30:27","modified_gmt":"2014-02-11T12:30:27","slug":"la-federacion-navarra-de-pelota-vasca-se-encargara-de-la-gestion-y-la-explotacion-del-fronton-labrit","status":"publish","type":"post","link":"https:\/\/www.laguiadepamplona.com\/actualidad\/la-federacion-navarra-de-pelota-vasca-se-encargara-de-la-gestion-y-la-explotacion-del-fronton-labrit\/","title":{"rendered":"La Federaci\u00f3n Navarra de Pelota Vasca se encargar\u00e1 de la gesti\u00f3n y la explotaci\u00f3n del front\u00f3n Labrit"},"content":{"rendered":"<h6>El Front\u00f3n Labrit acogi\u00f3 el a\u00f1o pasado, adem\u00e1s de partidos profesionales, escuelas deportivas y campeonatos aficionados de distintas categor\u00edas<\/h6>\n<p><a href=\"http:\/\/laguiadepamplona.es\/noticias\/wp-content\/uploads\/2014\/02\/fronton-labrit.jpg\"><img loading=\"lazy\" decoding=\"async\" class=\"alignleft size-medium wp-image-406\" alt=\"fronton-labrit\" src=\"http:\/\/laguiadepamplona.es\/noticias\/wp-content\/uploads\/2014\/02\/fronton-labrit-300x200.jpg\" width=\"300\" height=\"200\" \/><\/a>La Junta de Gobierno Local del Ayuntamiento de Pamplona ha aprobado en su sesi\u00f3n de esta ma\u00f1ana la adjudicaci\u00f3n de la gesti\u00f3n y explotaci\u00f3n del front\u00f3n Labrit del 1 de febrero de 2014 al 31 de diciembre de 2015 a favor de la Federaci\u00f3n Navarra de Pelota Vasca. El objeto del contrato incluye las labores de limpieza, mantenimiento, conservaci\u00f3n y vigilancia de los bienes, maquinaria e instalaciones. El importe de la adjudicaci\u00f3n es de 336.183 euros IVA incluido repartidos entre 160.783 euros el primer a\u00f1o y 175.400 euros en 2015. El precio m\u00e1ximo para el contrato era de 557.938,27 euros, IVA incluido.<\/p>\n<p>Durante 2013, el front\u00f3n Labrit acogi\u00f3 numerosos partidos profesionales de pelota y sus entrenamientos junto con los torneos internacionales de San Ferm\u00edn Txikito y Navarra-Isla Reuni\u00f3n. Adem\u00e1s, sirvi\u00f3 de sede para las finales de los campeonatos de Espa\u00f1a Juvenil, Sub22 y Senior de mano y herramienta y de los principales campeonatos navarros, incluido el interpueblos. Entre otras actividades que tambi\u00e9n acogi\u00f3 se encontraban las escuelas deportivas.<\/p>\n<p>La titularidad del front\u00f3n Labrit es del Ayuntamiento de Pamplona, que apuesta por la gesti\u00f3n indirecta para su explotaci\u00f3n. El recinto alberga un front\u00f3n cubierto reglamentario de 36 x 13 metros, un bar \u2013 cafeter\u00eda, grader\u00edo con capacidad para 945 espectadores sentados, sala multiusos, oficinas y dotaciones complementarias. El Ayuntamiento se reserva el derecho de uso y libre disposici\u00f3n de las salas y dependencias situadas en la primera planta del inmueble.<\/p>\n<p>Como m\u00ednimo, seg\u00fan recogen la documentaci\u00f3n que ha regido esta adjudicaci\u00f3n, el front\u00f3n permanecer\u00e1 abierto de lunes a viernes, de 10 a 23 horas; los s\u00e1bados, de 9 a 14 y de 16 a 22 horas; y los domingos y festivos, de 9 a 14 horas. Las instalaciones permanecer\u00e1n cerradas del 15 al 31 de julio (ambos inclusive), el 29 de noviembre, el 25 de diciembre y el 1 de enero. Los horarios de funcionamiento podr\u00e1n ampliarse por el adjudicatario con la conformidad de la comisi\u00f3n de seguimiento del contrato.<\/p>\n","protected":false},"excerpt":{"rendered":"<p>El Front\u00f3n Labrit acogi\u00f3 el a\u00f1o pasado, adem\u00e1s de partidos profesionales, escuelas deportivas y campeonatos aficionados de distintas categor\u00edas La Junta de Gobierno Local del Ayuntamiento de Pamplona ha aprobado&#8230;<\/p>\n","protected":false},"author":1,"featured_media":406,"comment_status":"open","ping_status":"open","sticky":false,"template":"","format":"standard","meta":{"footnotes":""},"categories":[2],"tags":[5,6,236,237,8,9],"class_list":["post-404","post","type-post","status-publish","format-standard","has-post-thumbnail","hentry","category-ayuntamiento-pamplona","tag-actualidad","tag-ayto-pamplona","tag-federacion-navarra-de-pelota-vasca","tag-fronton-labrit","tag-noticias","tag-pamplona"],"yoast_head":"<!-- This site is optimized with the Yoast SEO plugin v27.5 - https:\/\/yoast.com\/product\/yoast-seo-wordpress\/ -->\n<title>La Federaci\u00f3n Navarra de Pelota Vasca se encargar\u00e1 de la gesti\u00f3n y la explotaci\u00f3n del front\u00f3n Labrit<\/title>\n<meta name=\"robots\" content=\"index, follow, max-snippet:-1, max-image-preview:large, max-video-preview:-1\" \/>\n<link rel=\"canonical\" href=\"https:\/\/www.laguiadepamplona.com\/actualidad\/la-federacion-navarra-de-pelota-vasca-se-encargara-de-la-gestion-y-la-explotacion-del-fronton-labrit\/\" \/>\n<meta property=\"og:locale\" content=\"es_ES\" \/>\n<meta property=\"og:type\" content=\"article\" \/>\n<meta property=\"og:title\" content=\"La Federaci\u00f3n Navarra de Pelota Vasca se encargar\u00e1 de la gesti\u00f3n y la explotaci\u00f3n del front\u00f3n Labrit\" \/>\n<meta property=\"og:description\" content=\"El Front\u00f3n Labrit acogi\u00f3 el a\u00f1o pasado, adem\u00e1s de partidos profesionales, escuelas deportivas y campeonatos aficionados de distintas categor\u00edas La Junta de Gobierno Local del Ayuntamiento de Pamplona ha aprobado...\" \/>\n<meta property=\"og:url\" content=\"https:\/\/www.laguiadepamplona.com\/actualidad\/la-federacion-navarra-de-pelota-vasca-se-encargara-de-la-gestion-y-la-explotacion-del-fronton-labrit\/\" \/>\n<meta property=\"og:site_name\" content=\"La Gu\u00eda de Pamplona\" \/>\n<meta property=\"article:publisher\" content=\"https:\/\/www.facebook.com\/laguiadepamplonacom-133175176762273\/?ref=hl\" \/>\n<meta property=\"article:published_time\" content=\"2014-02-11T12:30:27+00:00\" \/>\n<meta name=\"author\" content=\"La Gu\u00eda de Pamplona\" \/>\n<meta name=\"twitter:card\" content=\"summary_large_image\" \/>\n<meta name=\"twitter:creator\" content=\"@LaGuiadPamplona\" \/>\n<meta name=\"twitter:site\" content=\"@LaGuiadPamplona\" \/>\n<meta name=\"twitter:label1\" content=\"Escrito por\" \/>\n\t<meta name=\"twitter:data1\" content=\"La Gu\u00eda de Pamplona\" \/>\n\t<meta name=\"twitter:label2\" content=\"Tiempo de lectura\" \/>\n\t<meta name=\"twitter:data2\" content=\"2 minutos\" \/>\n<script type=\"application\/ld+json\" class=\"yoast-schema-graph\">{\"@context\":\"https:\\\/\\\/schema.org\",\"@graph\":[{\"@type\":\"Article\",\"@id\":\"https:\\\/\\\/www.laguiadepamplona.com\\\/actualidad\\\/la-federacion-navarra-de-pelota-vasca-se-encargara-de-la-gestion-y-la-explotacion-del-fronton-labrit\\\/#article\",\"isPartOf\":{\"@id\":\"https:\\\/\\\/www.laguiadepamplona.com\\\/actualidad\\\/la-federacion-navarra-de-pelota-vasca-se-encargara-de-la-gestion-y-la-explotacion-del-fronton-labrit\\\/\"},\"author\":{\"name\":\"La Gu\u00eda de Pamplona\",\"@id\":\"https:\\\/\\\/www.laguiadepamplona.com\\\/actualidad\\\/#\\\/schema\\\/person\\\/efe887376f0213d4657c93adc50b1fdb\"},\"headline\":\"La Federaci\u00f3n Navarra de Pelota Vasca se encargar\u00e1 de la gesti\u00f3n y la explotaci\u00f3n del front\u00f3n Labrit\",\"datePublished\":\"2014-02-11T12:30:27+00:00\",\"mainEntityOfPage\":{\"@id\":\"https:\\\/\\\/www.laguiadepamplona.com\\\/actualidad\\\/la-federacion-navarra-de-pelota-vasca-se-encargara-de-la-gestion-y-la-explotacion-del-fronton-labrit\\\/\"},\"wordCount\":379,\"commentCount\":0,\"publisher\":{\"@id\":\"https:\\\/\\\/www.laguiadepamplona.com\\\/actualidad\\\/#organization\"},\"image\":{\"@id\":\"https:\\\/\\\/www.laguiadepamplona.com\\\/actualidad\\\/la-federacion-navarra-de-pelota-vasca-se-encargara-de-la-gestion-y-la-explotacion-del-fronton-labrit\\\/#primaryimage\"},\"thumbnailUrl\":\"\",\"keywords\":[\"actualidad\",\"ayto pamplona\",\"Federaci\u00f3n Navarra de Pelota Vasca\",\"Front\u00f3n Labrit\",\"noticias\",\"pamplona\"],\"articleSection\":[\"Ayto Pamplona\"],\"inLanguage\":\"es\",\"potentialAction\":[{\"@type\":\"CommentAction\",\"name\":\"Comment\",\"target\":[\"https:\\\/\\\/www.laguiadepamplona.com\\\/actualidad\\\/la-federacion-navarra-de-pelota-vasca-se-encargara-de-la-gestion-y-la-explotacion-del-fronton-labrit\\\/#respond\"]}]},{\"@type\":\"WebPage\",\"@id\":\"https:\\\/\\\/www.laguiadepamplona.com\\\/actualidad\\\/la-federacion-navarra-de-pelota-vasca-se-encargara-de-la-gestion-y-la-explotacion-del-fronton-labrit\\\/\",\"url\":\"https:\\\/\\\/www.laguiadepamplona.com\\\/actualidad\\\/la-federacion-navarra-de-pelota-vasca-se-encargara-de-la-gestion-y-la-explotacion-del-fronton-labrit\\\/\",\"name\":\"La Federaci\u00f3n Navarra de Pelota Vasca se encargar\u00e1 de la gesti\u00f3n y la explotaci\u00f3n del front\u00f3n Labrit\",\"isPartOf\":{\"@id\":\"https:\\\/\\\/www.laguiadepamplona.com\\\/actualidad\\\/#website\"},\"primaryImageOfPage\":{\"@id\":\"https:\\\/\\\/www.laguiadepamplona.com\\\/actualidad\\\/la-federacion-navarra-de-pelota-vasca-se-encargara-de-la-gestion-y-la-explotacion-del-fronton-labrit\\\/#primaryimage\"},\"image\":{\"@id\":\"https:\\\/\\\/www.laguiadepamplona.com\\\/actualidad\\\/la-federacion-navarra-de-pelota-vasca-se-encargara-de-la-gestion-y-la-explotacion-del-fronton-labrit\\\/#primaryimage\"},\"thumbnailUrl\":\"\",\"datePublished\":\"2014-02-11T12:30:27+00:00\",\"breadcrumb\":{\"@id\":\"https:\\\/\\\/www.laguiadepamplona.com\\\/actualidad\\\/la-federacion-navarra-de-pelota-vasca-se-encargara-de-la-gestion-y-la-explotacion-del-fronton-labrit\\\/#breadcrumb\"},\"inLanguage\":\"es\",\"potentialAction\":[{\"@type\":\"ReadAction\",\"target\":[\"https:\\\/\\\/www.laguiadepamplona.com\\\/actualidad\\\/la-federacion-navarra-de-pelota-vasca-se-encargara-de-la-gestion-y-la-explotacion-del-fronton-labrit\\\/\"]}]},{\"@type\":\"ImageObject\",\"inLanguage\":\"es\",\"@id\":\"https:\\\/\\\/www.laguiadepamplona.com\\\/actualidad\\\/la-federacion-navarra-de-pelota-vasca-se-encargara-de-la-gestion-y-la-explotacion-del-fronton-labrit\\\/#primaryimage\",\"url\":\"\",\"contentUrl\":\"\"},{\"@type\":\"BreadcrumbList\",\"@id\":\"https:\\\/\\\/www.laguiadepamplona.com\\\/actualidad\\\/la-federacion-navarra-de-pelota-vasca-se-encargara-de-la-gestion-y-la-explotacion-del-fronton-labrit\\\/#breadcrumb\",\"itemListElement\":[{\"@type\":\"ListItem\",\"position\":1,\"name\":\"Portada\",\"item\":\"https:\\\/\\\/www.laguiadepamplona.com\\\/actualidad\\\/\"},{\"@type\":\"ListItem\",\"position\":2,\"name\":\"La Federaci\u00f3n Navarra de Pelota Vasca se encargar\u00e1 de la gesti\u00f3n y la explotaci\u00f3n del front\u00f3n Labrit\"}]},{\"@type\":\"WebSite\",\"@id\":\"https:\\\/\\\/www.laguiadepamplona.com\\\/actualidad\\\/#website\",\"url\":\"https:\\\/\\\/www.laguiadepamplona.com\\\/actualidad\\\/\",\"name\":\"La gu\u00eda de Pamplona\",\"description\":\"Noticias de Pamplona\",\"publisher\":{\"@id\":\"https:\\\/\\\/www.laguiadepamplona.com\\\/actualidad\\\/#organization\"},\"potentialAction\":[{\"@type\":\"SearchAction\",\"target\":{\"@type\":\"EntryPoint\",\"urlTemplate\":\"https:\\\/\\\/www.laguiadepamplona.com\\\/actualidad\\\/?s={search_term_string}\"},\"query-input\":{\"@type\":\"PropertyValueSpecification\",\"valueRequired\":true,\"valueName\":\"search_term_string\"}}],\"inLanguage\":\"es\"},{\"@type\":\"Organization\",\"@id\":\"https:\\\/\\\/www.laguiadepamplona.com\\\/actualidad\\\/#organization\",\"name\":\"La Gu\u00eda de Pamplona \\\/ Noticias\",\"url\":\"https:\\\/\\\/www.laguiadepamplona.com\\\/actualidad\\\/\",\"logo\":{\"@type\":\"ImageObject\",\"inLanguage\":\"es\",\"@id\":\"https:\\\/\\\/www.laguiadepamplona.com\\\/actualidad\\\/#\\\/schema\\\/logo\\\/image\\\/\",\"url\":\"https:\\\/\\\/www.laguiadepamplona.com\\\/actualidad\\\/wp-content\\\/uploads\\\/2018\\\/11\\\/logo-laguiadepamplona18-web1.png\",\"contentUrl\":\"https:\\\/\\\/www.laguiadepamplona.com\\\/actualidad\\\/wp-content\\\/uploads\\\/2018\\\/11\\\/logo-laguiadepamplona18-web1.png\",\"width\":600,\"height\":196,\"caption\":\"La Gu\u00eda de Pamplona \\\/ Noticias\"},\"image\":{\"@id\":\"https:\\\/\\\/www.laguiadepamplona.com\\\/actualidad\\\/#\\\/schema\\\/logo\\\/image\\\/\"},\"sameAs\":[\"https:\\\/\\\/www.facebook.com\\\/laguiadepamplonacom-133175176762273\\\/?ref=hl\",\"https:\\\/\\\/x.com\\\/LaGuiadPamplona\",\"https:\\\/\\\/www.instagram.com\\\/la_guia_de_pamplona\\\/\",\"https:\\\/\\\/www.youtube.com\\\/user\\\/laguiadepamplona\"]},{\"@type\":\"Person\",\"@id\":\"https:\\\/\\\/www.laguiadepamplona.com\\\/actualidad\\\/#\\\/schema\\\/person\\\/efe887376f0213d4657c93adc50b1fdb\",\"name\":\"La Gu\u00eda de Pamplona\",\"image\":{\"@type\":\"ImageObject\",\"inLanguage\":\"es\",\"@id\":\"https:\\\/\\\/secure.gravatar.com\\\/avatar\\\/b6992f131dc8d30ab0dff15446e9d346d9dbd95992de0fef795073f5ea83a81c?s=96&d=mm&r=g\",\"url\":\"https:\\\/\\\/secure.gravatar.com\\\/avatar\\\/b6992f131dc8d30ab0dff15446e9d346d9dbd95992de0fef795073f5ea83a81c?s=96&d=mm&r=g\",\"contentUrl\":\"https:\\\/\\\/secure.gravatar.com\\\/avatar\\\/b6992f131dc8d30ab0dff15446e9d346d9dbd95992de0fef795073f5ea83a81c?s=96&d=mm&r=g\",\"caption\":\"La Gu\u00eda de Pamplona\"}}]}<\/script>\n<!-- \/ Yoast SEO plugin. -->","yoast_head_json":{"title":"La Federaci\u00f3n Navarra de Pelota Vasca se encargar\u00e1 de la gesti\u00f3n y la explotaci\u00f3n del front\u00f3n Labrit","robots":{"index":"index","follow":"follow","max-snippet":"max-snippet:-1","max-image-preview":"max-image-preview:large","max-video-preview":"max-video-preview:-1"},"canonical":"https:\/\/www.laguiadepamplona.com\/actualidad\/la-federacion-navarra-de-pelota-vasca-se-encargara-de-la-gestion-y-la-explotacion-del-fronton-labrit\/","og_locale":"es_ES","og_type":"article","og_title":"La Federaci\u00f3n Navarra de Pelota Vasca se encargar\u00e1 de la gesti\u00f3n y la explotaci\u00f3n del front\u00f3n Labrit","og_description":"El Front\u00f3n Labrit acogi\u00f3 el a\u00f1o pasado, adem\u00e1s de partidos profesionales, escuelas deportivas y campeonatos aficionados de distintas categor\u00edas La Junta de Gobierno Local del Ayuntamiento de Pamplona ha aprobado...","og_url":"https:\/\/www.laguiadepamplona.com\/actualidad\/la-federacion-navarra-de-pelota-vasca-se-encargara-de-la-gestion-y-la-explotacion-del-fronton-labrit\/","og_site_name":"La Gu\u00eda de Pamplona","article_publisher":"https:\/\/www.facebook.com\/laguiadepamplonacom-133175176762273\/?ref=hl","article_published_time":"2014-02-11T12:30:27+00:00","author":"La Gu\u00eda de Pamplona","twitter_card":"summary_large_image","twitter_creator":"@LaGuiadPamplona","twitter_site":"@LaGuiadPamplona","twitter_misc":{"Escrito por":"La Gu\u00eda de Pamplona","Tiempo de lectura":"2 minutos"},"schema":{"@context":"https:\/\/schema.org","@graph":[{"@type":"Article","@id":"https:\/\/www.laguiadepamplona.com\/actualidad\/la-federacion-navarra-de-pelota-vasca-se-encargara-de-la-gestion-y-la-explotacion-del-fronton-labrit\/#article","isPartOf":{"@id":"https:\/\/www.laguiadepamplona.com\/actualidad\/la-federacion-navarra-de-pelota-vasca-se-encargara-de-la-gestion-y-la-explotacion-del-fronton-labrit\/"},"author":{"name":"La Gu\u00eda de Pamplona","@id":"https:\/\/www.laguiadepamplona.com\/actualidad\/#\/schema\/person\/efe887376f0213d4657c93adc50b1fdb"},"headline":"La Federaci\u00f3n Navarra de Pelota Vasca se encargar\u00e1 de la gesti\u00f3n y la explotaci\u00f3n del front\u00f3n Labrit","datePublished":"2014-02-11T12:30:27+00:00","mainEntityOfPage":{"@id":"https:\/\/www.laguiadepamplona.com\/actualidad\/la-federacion-navarra-de-pelota-vasca-se-encargara-de-la-gestion-y-la-explotacion-del-fronton-labrit\/"},"wordCount":379,"commentCount":0,"publisher":{"@id":"https:\/\/www.laguiadepamplona.com\/actualidad\/#organization"},"image":{"@id":"https:\/\/www.laguiadepamplona.com\/actualidad\/la-federacion-navarra-de-pelota-vasca-se-encargara-de-la-gestion-y-la-explotacion-del-fronton-labrit\/#primaryimage"},"thumbnailUrl":"","keywords":["actualidad","ayto pamplona","Federaci\u00f3n Navarra de Pelota Vasca","Front\u00f3n Labrit","noticias","pamplona"],"articleSection":["Ayto Pamplona"],"inLanguage":"es","potentialAction":[{"@type":"CommentAction","name":"Comment","target":["https:\/\/www.laguiadepamplona.com\/actualidad\/la-federacion-navarra-de-pelota-vasca-se-encargara-de-la-gestion-y-la-explotacion-del-fronton-labrit\/#respond"]}]},{"@type":"WebPage","@id":"https:\/\/www.laguiadepamplona.com\/actualidad\/la-federacion-navarra-de-pelota-vasca-se-encargara-de-la-gestion-y-la-explotacion-del-fronton-labrit\/","url":"https:\/\/www.laguiadepamplona.com\/actualidad\/la-federacion-navarra-de-pelota-vasca-se-encargara-de-la-gestion-y-la-explotacion-del-fronton-labrit\/","name":"La Federaci\u00f3n Navarra de Pelota Vasca se encargar\u00e1 de la gesti\u00f3n y la explotaci\u00f3n del front\u00f3n Labrit","isPartOf":{"@id":"https:\/\/www.laguiadepamplona.com\/actualidad\/#website"},"primaryImageOfPage":{"@id":"https:\/\/www.laguiadepamplona.com\/actualidad\/la-federacion-navarra-de-pelota-vasca-se-encargara-de-la-gestion-y-la-explotacion-del-fronton-labrit\/#primaryimage"},"image":{"@id":"https:\/\/www.laguiadepamplona.com\/actualidad\/la-federacion-navarra-de-pelota-vasca-se-encargara-de-la-gestion-y-la-explotacion-del-fronton-labrit\/#primaryimage"},"thumbnailUrl":"","datePublished":"2014-02-11T12:30:27+00:00","breadcrumb":{"@id":"https:\/\/www.laguiadepamplona.com\/actualidad\/la-federacion-navarra-de-pelota-vasca-se-encargara-de-la-gestion-y-la-explotacion-del-fronton-labrit\/#breadcrumb"},"inLanguage":"es","potentialAction":[{"@type":"ReadAction","target":["https:\/\/www.laguiadepamplona.com\/actualidad\/la-federacion-navarra-de-pelota-vasca-se-encargara-de-la-gestion-y-la-explotacion-del-fronton-labrit\/"]}]},{"@type":"ImageObject","inLanguage":"es","@id":"https:\/\/www.laguiadepamplona.com\/actualidad\/la-federacion-navarra-de-pelota-vasca-se-encargara-de-la-gestion-y-la-explotacion-del-fronton-labrit\/#primaryimage","url":"","contentUrl":""},{"@type":"BreadcrumbList","@id":"https:\/\/www.laguiadepamplona.com\/actualidad\/la-federacion-navarra-de-pelota-vasca-se-encargara-de-la-gestion-y-la-explotacion-del-fronton-labrit\/#breadcrumb","itemListElement":[{"@type":"ListItem","position":1,"name":"Portada","item":"https:\/\/www.laguiadepamplona.com\/actualidad\/"},{"@type":"ListItem","position":2,"name":"La Federaci\u00f3n Navarra de Pelota Vasca se encargar\u00e1 de la gesti\u00f3n y la explotaci\u00f3n del front\u00f3n Labrit"}]},{"@type":"WebSite","@id":"https:\/\/www.laguiadepamplona.com\/actualidad\/#website","url":"https:\/\/www.laguiadepamplona.com\/actualidad\/","name":"La gu\u00eda de Pamplona","description":"Noticias de Pamplona","publisher":{"@id":"https:\/\/www.laguiadepamplona.com\/actualidad\/#organization"},"potentialAction":[{"@type":"SearchAction","target":{"@type":"EntryPoint","urlTemplate":"https:\/\/www.laguiadepamplona.com\/actualidad\/?s={search_term_string}"},"query-input":{"@type":"PropertyValueSpecification","valueRequired":true,"valueName":"search_term_string"}}],"inLanguage":"es"},{"@type":"Organization","@id":"https:\/\/www.laguiadepamplona.com\/actualidad\/#organization","name":"La Gu\u00eda de Pamplona \/ Noticias","url":"https:\/\/www.laguiadepamplona.com\/actualidad\/","logo":{"@type":"ImageObject","inLanguage":"es","@id":"https:\/\/www.laguiadepamplona.com\/actualidad\/#\/schema\/logo\/image\/","url":"https:\/\/www.laguiadepamplona.com\/actualidad\/wp-content\/uploads\/2018\/11\/logo-laguiadepamplona18-web1.png","contentUrl":"https:\/\/www.laguiadepamplona.com\/actualidad\/wp-content\/uploads\/2018\/11\/logo-laguiadepamplona18-web1.png","width":600,"height":196,"caption":"La Gu\u00eda de Pamplona \/ Noticias"},"image":{"@id":"https:\/\/www.laguiadepamplona.com\/actualidad\/#\/schema\/logo\/image\/"},"sameAs":["https:\/\/www.facebook.com\/laguiadepamplonacom-133175176762273\/?ref=hl","https:\/\/x.com\/LaGuiadPamplona","https:\/\/www.instagram.com\/la_guia_de_pamplona\/","https:\/\/www.youtube.com\/user\/laguiadepamplona"]},{"@type":"Person","@id":"https:\/\/www.laguiadepamplona.com\/actualidad\/#\/schema\/person\/efe887376f0213d4657c93adc50b1fdb","name":"La Gu\u00eda de Pamplona","image":{"@type":"ImageObject","inLanguage":"es","@id":"https:\/\/secure.gravatar.com\/avatar\/b6992f131dc8d30ab0dff15446e9d346d9dbd95992de0fef795073f5ea83a81c?s=96&d=mm&r=g","url":"https:\/\/secure.gravatar.com\/avatar\/b6992f131dc8d30ab0dff15446e9d346d9dbd95992de0fef795073f5ea83a81c?s=96&d=mm&r=g","contentUrl":"https:\/\/secure.gravatar.com\/avatar\/b6992f131dc8d30ab0dff15446e9d346d9dbd95992de0fef795073f5ea83a81c?s=96&d=mm&r=g","caption":"La Gu\u00eda de Pamplona"}}]}},"post_mailing_queue_ids":[],"_links":{"self":[{"href":"https:\/\/www.laguiadepamplona.com\/actualidad\/wp-json\/wp\/v2\/posts\/404","targetHints":{"allow":["GET"]}}],"collection":[{"href":"https:\/\/www.laguiadepamplona.com\/actualidad\/wp-json\/wp\/v2\/posts"}],"about":[{"href":"https:\/\/www.laguiadepamplona.com\/actualidad\/wp-json\/wp\/v2\/types\/post"}],"author":[{"embeddable":true,"href":"https:\/\/www.laguiadepamplona.com\/actualidad\/wp-json\/wp\/v2\/users\/1"}],"replies":[{"embeddable":true,"href":"https:\/\/www.laguiadepamplona.com\/actualidad\/wp-json\/wp\/v2\/comments?post=404"}],"version-history":[{"count":0,"href":"https:\/\/www.laguiadepamplona.com\/actualidad\/wp-json\/wp\/v2\/posts\/404\/revisions"}],"wp:featuredmedia":[{"embeddable":true,"href":"https:\/\/www.laguiadepamplona.com\/actualidad\/wp-json\/"}],"wp:attachment":[{"href":"https:\/\/www.laguiadepamplona.com\/actualidad\/wp-json\/wp\/v2\/media?parent=404"}],"wp:term":[{"taxonomy":"category","embeddable":true,"href":"https:\/\/www.laguiadepamplona.com\/actualidad\/wp-json\/wp\/v2\/categories?post=404"},{"taxonomy":"post_tag","embeddable":true,"href":"https:\/\/www.laguiadepamplona.com\/actualidad\/wp-json\/wp\/v2\/tags?post=404"}],"curies":[{"name":"wp","href":"https:\/\/api.w.org\/{rel}","templated":true}]}}