{"id":40398,"date":"2022-05-19T13:02:22","date_gmt":"2022-05-19T11:02:22","guid":{"rendered":"https:\/\/www.laguiadepamplona.com\/actualidad\/?p=40398"},"modified":"2023-04-11T11:48:10","modified_gmt":"2023-04-11T09:48:10","slug":"femkultur-reivindica-la-presencia-de-las-mujeres-en-la-creacion-artistica-contemporanea-a-traves-de-laboratorios-instalaciones-y-propuestas-culturales-con-cinco-creadoras-de-referencia","status":"publish","type":"post","link":"https:\/\/www.laguiadepamplona.com\/actualidad\/femkultur-reivindica-la-presencia-de-las-mujeres-en-la-creacion-artistica-contemporanea-a-traves-de-laboratorios-instalaciones-y-propuestas-culturales-con-cinco-creadoras-de-referencia\/","title":{"rendered":"Femkultur reivindica la presencia de las mujeres en la creaci\u00f3n art\u00edstica contempor\u00e1nea a trav\u00e9s de laboratorios, instalaciones y propuestas culturales con cinco creadoras de referencia"},"content":{"rendered":"<h5>Este festival interdisciplinar se desarrolla desde este jueves hasta el 28 de mayo en Civivox Condestable y Civivox Iturrama<\/h5>\n<p><!--more--><\/p>\n<p>Femkultur es sin\u00f3nimo de creaci\u00f3n art\u00edstica contempor\u00e1nea y de presencia de la mujer como generadora de arte de manera activa. Este festival interdisciplinar que, de este jueves al 28 de mayo acogen Condestable y Civivox Iturrama, reivindica la presencia de las mujeres en la creaci\u00f3n a trav\u00e9s de cinco creadoras de referencia locales, nacionales e internacional. A trav\u00e9s de laboratorios creativos, instalaciones art\u00edsticas y propuestas teatrales y musicales, mostrar\u00e1n c\u00f3mo es su trabajo y su proceso creativo, y reflexionar\u00e1n sobre su experiencia en la creaci\u00f3n contempor\u00e1nea.<\/p>\n<p>La concejala delegada de Cultura e Igualdad, Mar\u00eda Garc\u00eda-Barberena, y dise\u00f1adora de moda y estilista Ilazki Martirena han presentado los detalles de esta programaci\u00f3n multidisciplinar que cumple su segunda edici\u00f3n. Durante las sesiones se abordar\u00e1n cuestiones como el reconocimiento de la mujer en el sector cultural y el espacio p\u00fablico, los roles de g\u00e9nero en el arte, la igualdad en el \u00e1mbito de la producci\u00f3n art\u00edstica e intelectual o el empoderamiento profesional de artistas, directoras, comisarias y gestoras. Las actividades previstas requieren inscripci\u00f3n previa en el 010 \u2013 948 420 100, la red Civivox o <a href=\"http:\/\/www.pamplonaescultura.es\">www.pamplonaescultura.es<\/a>. Hay sesiones gratuitas y otras con venta de entradas a precios populares de 2 y 3 euros<\/p>\n<p>El festival comienza esta misma tarde en Condestable con una mesa redonda a las 19.30 horas en la que participar\u00e1n \u00c1ngela Palacios, Jhana Beat, Paula Quintana, Marina Lameiro e Ilazki Martirena, las cinco mujeres creadoras que protagonizar\u00e1n las citas de este Femkultur. En la sesi\u00f3n, con entrada libre, previa inscripci\u00f3n en el 010, <a href=\"http:\/\/www.pamplonaescultura.es\">www.pamplonaescultura.es<\/a> y la propia red Civivox, contar\u00e1n sus experiencias como mujeres en la creaci\u00f3n contempor\u00e1nea, desde m\u00faltiples particularidades y perspectivas art\u00edsticas. Moderar\u00e1 la mesa Nerea Madariaga.<br \/>\n<script async src=\"\/\/pagead2.googlesyndication.com\/pagead\/js\/adsbygoogle.js\"><\/script><br \/>\n<!-- Noticias La Guia de Pamplona --><br \/>\n<ins class=\"adsbygoogle\"\nstyle=\"display:block\"\ndata-ad-client=\"ca-pub-6943679897239327\"\ndata-ad-slot=\"7048180777\"\ndata-ad-format=\"auto\"><\/ins><br \/>\n<script>\n(adsbygoogle = window.adsbygoogle || []).push({});\n<\/script><\/p>\n<p><strong>Paula Quintana<\/strong><\/p>\n<p>La creadora e Int\u00e9rprete Paula Quintana protagonizar\u00e1 dos actividades los d\u00edas 20 y 21 de mayo. Por una parte, ambos d\u00edas en Civivox Iturrama, el 20 de 18 a 21 horas y el 21 de 11 a 14 horas, se llevar\u00e1 a cabo un laboratorio de cuerpo, movimiento y creaci\u00f3n esc\u00e9nica bajo el t\u00edtulo de \u2018Cosecha y elevaci\u00f3n\u2019, que plantea una experiencia compartida con la que atravesar la b\u00fasqueda y composici\u00f3n creativa. El precio del taller es de 2 euros. Adem\u00e1s, Paula Quintana interpretar\u00e1 el 21 de mayo, a las 19.30 horas en Civivox Iturrama, \u2018Las alegr\u00edas\u2019, una pieza de danza sobre la alegr\u00eda como potencia generadora, transformadora y revolucionaria; un di\u00e1logo bailado entre dos cuerpos, el cuerpo vivo y latente de Paula Quintana y un cuerpo m\u00e1gico y celeste que recuerda la energ\u00eda y la pulsi\u00f3n poderosa de la vida. El precio de la entrada, 3 euros.<\/p>\n<p>Paula Quintana alterna el trabajo con compa\u00f1\u00edas con producciones propias. Ha recibido el Premio R\u00e9plica de las Artes Esc\u00e9nicas Canarias a Mejor Interpretaci\u00f3n 2019; el primer premio en el III Certamen Europeo Mujer Creadora Contempor\u00e1nea 2016; o el Premio Especial a la Mejor Artista Emergente en la Feria Umore Azoka de 2015. Tiene cuatro candidaturas a los Premios Max 2020 y dos candidaturas a los Premios Max 2016, entre otros. Es artista residente en el CDC de los Teatros del Canal de Madrid y en el Laboratorio Rivas Cherif del CDN, Beca \u2018Fonds de dotation Porosus\u2019 y residencia en \u2018Cit\u00e9 internationale des Arts\u2019 de Par\u00eds para \u2018CAMPING\u00b419\u2019 de creaci\u00f3n contempor\u00e1nea en el Centre National de la Danse (CND) Paris \u2013 2019.<br \/>\n<script async src=\"\/\/pagead2.googlesyndication.com\/pagead\/js\/adsbygoogle.js\"><\/script><br \/>\n<!-- Noticias La Guia de Pamplona --><br \/>\n<ins class=\"adsbygoogle\"\nstyle=\"display:block\"\ndata-ad-client=\"ca-pub-6943679897239327\"\ndata-ad-slot=\"7048180777\"\ndata-ad-format=\"auto\"><\/ins><br \/>\n<script>\n(adsbygoogle = window.adsbygoogle || []).push({});\n<\/script><\/p>\n<p><strong>Marina Lameiro<\/strong><\/p>\n<p>El cine ser\u00e1 el referente de Marina Lameiro en Femkultur. El viernes 20 a las 19 horas en Condestable, con entrada gratuita previa inscripci\u00f3n, se proyectar\u00e1 \u2018Young &amp; Beautiful\u2019, de la propia Marina Lameiro. La obra es un retrato polie\u0301drico de una generacio\u0301n acusada de no querer crecer; una generacio\u0301n a la que se le obliga a aceptar un mundo roto y un pai\u0301s en crisis, en el que se anuncia que la u\u0301nica manera de sobrevivir es abandonar los suen\u0303os.\u00a0El domingo 22, de 10 a 14 horas, Condestable acoger\u00e1 un laboratorio de creaci\u00f3n cinematogr\u00e1fica, con el visionado y an\u00e1lisis de obras de cineastas que trabajan con su entorno m\u00e1s cercano, para pensar el cine no desde la importancia del tema que se trata, sino en la profundidad del c\u00f3mo o de la mirada que hay detr\u00e1s. El taller tiene un previo de 2 euros.<\/p>\n<p>Marina Lameiro es productora, realizadora y guionista de varios documentales, entre los que destaca precisamente \u2018Young &amp; Beautiful\u2019 largometraje que, entre otros reconocimientos, obtuvo el Premio Especial del P\u00fablico en el Festival Punto de Vista en 2018, fue nominada a los Premios Feroz y ha sido proyectada en m\u00e1s de 20 pa\u00edses. Lameiro se licenci\u00f3 en Comunicaci\u00f3n Audiovisual por la URJC y realiz\u00f3 el m\u00e1ster en Documental de Creaci\u00f3n del IDEC-UPF y el Postgrado en Montaje Audiovisual de la misma universidad.\u00a0 Form\u00f3 parte del Collaborative Studio (CoLab) de UnionDocs en la ciudad de Nueva York como artista residente.<br \/>\n<script async src=\"\/\/pagead2.googlesyndication.com\/pagead\/js\/adsbygoogle.js\"><\/script><br \/>\n<!-- Noticias La Guia de Pamplona --><br \/>\n<ins class=\"adsbygoogle\"\nstyle=\"display:block\"\ndata-ad-client=\"ca-pub-6943679897239327\"\ndata-ad-slot=\"7048180777\"\ndata-ad-format=\"auto\"><\/ins><br \/>\n<script>\n(adsbygoogle = window.adsbygoogle || []).push({});\n<\/script><\/p>\n<p><strong>\u00c1ngela Palacios<\/strong><\/p>\n<p>La creaci\u00f3n teatral se presentar\u00e1 en Femkultur de la mano de la directora esc\u00e9nica, dramaturga y actriz \u00c1ngela Palacios. El s\u00e1bado 21 en Condestable, en sesi\u00f3n de ma\u00f1ana y de tarde, impartir\u00e1 un laboratorio de experimentaci\u00f3n teatral en el que se abordar\u00e1 la t\u00e9cnica necesaria para crear una pieza desde la verdad m\u00e1s primaria, aut\u00e9ntica y pura. La inscripci\u00f3n tiene un precio de 2 euros. El domingo 22, a las 19.30 horas tambi\u00e9n en Condestable, \u00c1ngela Palacios representar\u00e1 \u2018Salve Regina\u2019. Regina no est\u00e1 bien. Desde hace meses, un tic-tac le est\u00e1 taladrando el \u00e1nimo. Por eso, se ha apuntado al grupo de apoyo Mujeres con dudas acerca del tema de la maternidad s\u00ed o no An\u00f3nimas. Se est\u00e1 planteando si quiere o no ser madre, y en caso de serlo, de qu\u00e9 manera lo har\u00eda. Las entradas est\u00e1n a la venta al precio de 3 euros.<\/p>\n<p>\u00c1ngela Palacios se licenci\u00f3 en Comunicaci\u00f3n Audiovisual y curs\u00f3 un m\u00e1ster\u00a0en Cooperaci\u00f3n Internacional. En 2009 se mud\u00f3 a Barcelona para formarse como directora, dramaturga y actriz en la Escuela de Teatro Experimental Laboratorio, dirigida por Jessica Walker. Su primer largometraje como directora y guionista es el documental \u00abDe eso no habl\u00e1bamos\u00bb. En teatro ha fundado dos compa\u00f1\u00edas,\u00a0Los espejos son para mirarse\u00a0y\u00a0Los Prometidos. Con la primera estren\u00f3 en 2015 \u2018Mirta en espera\u2019, que a d\u00eda de hoy sigue en cartel, y \u2018Salve Regina\u2019, su \u00faltima pieza, que ha gozado de un aclamado recibimiento de p\u00fablico y cr\u00edtica. Con la segunda compa\u00f1\u00eda, produjo como codirectora, actriz y codramaturga, \u2018Solo creo en el fuego\u2019, pieza multipremiada nacional e internacionalmente.<br \/>\n<script async src=\"\/\/pagead2.googlesyndication.com\/pagead\/js\/adsbygoogle.js\"><\/script><br \/>\n<!-- Noticias La Guia de Pamplona --><br \/>\n<ins class=\"adsbygoogle\"\nstyle=\"display:block\"\ndata-ad-client=\"ca-pub-6943679897239327\"\ndata-ad-slot=\"7048180777\"\ndata-ad-format=\"auto\"><\/ins><br \/>\n<script>\n(adsbygoogle = window.adsbygoogle || []).push({});\n<\/script><\/p>\n<p><strong>Ilazki Martirena<\/strong><\/p>\n<p>El taller con la dise\u00f1adora de moda y estilista Ilazki Martirena se realizar\u00e1 los d\u00edas 23 y 24 de mayo, de 19 a 21 horas, con un precio de 2 euros. Se hablar\u00e1 sobre c\u00f3mo afrontar el trabajo en el proceso creativo al dise\u00f1ar un estilismo y cu\u00e1l es el papel como estilista en una sesi\u00f3n de fotos. Para ello, se analizar\u00e1n las fases del proceso a la hora de crear y llevar a cabo un proyecto, se ver\u00e1n las diferentes herramientas con las que se puede contar; y se conocer\u00e1n los diferentes roles que toma cada persona del equipo y c\u00f3mo se tiene que comunicar con el equipo de trabajo.<\/p>\n<p>Este jueves se abre tambi\u00e9n en Condestable la exposici\u00f3n \u2018Vivir las Emociones\u2019, que se sirve de la moda como herramienta de expresi\u00f3n art\u00edstica para reflejar emociones que forman parte del d\u00eda a d\u00eda. El 29 de mayo, como \u00faltima actividad de Femkultur, se ha programado a las 19 horas en Condestable una proyecci\u00f3n del documental \u2018Vivir las emociones\u2019 y una visita guiada por la exposici\u00f3n.<\/p>\n<p>Proveniente de una familia de sastres, Ilazki Martirena es una dise\u00f1adora de moda que trabaja en Pamplona. Tras una larga trayectoria formativa, en septiembre de 2015 abre el Atelier Ilazki Martirena en Pamplona. El dominio de las t\u00e9cnicas de patronaje y confecci\u00f3n, la investigaci\u00f3n de t\u00e9cnicas de costura complejas, su visi\u00f3n para las formas, estructuras y colores, y el hecho de no seguir las exigencias del mercado y crear exclusivamente para proyectos que le apasionan, hacen que sea una de las dise\u00f1adoras j\u00f3venes m\u00e1s originales e interesantes. Entre sus premios y reconocimientos, fue ganadora en la modalidad de Moda en los Encuentros Joven del Gobierno de Navarra (2012), ganadora del II Certamen de J\u00f3venes Dise\u00f1adores; ganadora como Nueva Dise\u00f1adora en la II Edici\u00f3n de Navarra Fashion Week 2014 y finalista en el concurso Gure Moda Gaur (San Sebasti\u00e1n 2014).<br \/>\n<script async src=\"\/\/pagead2.googlesyndication.com\/pagead\/js\/adsbygoogle.js\"><\/script><br \/>\n<!-- Noticias La Guia de Pamplona --><br \/>\n<ins class=\"adsbygoogle\"\nstyle=\"display:block\"\ndata-ad-client=\"ca-pub-6943679897239327\"\ndata-ad-slot=\"7048180777\"\ndata-ad-format=\"auto\"><\/ins><br \/>\n<script>\n(adsbygoogle = window.adsbygoogle || []).push({});\n<\/script><\/p>\n<p><strong>Jhana Beat<\/strong><\/p>\n<p>El ciclo se cerrar\u00e1 con m\u00fasica y con la presencia de Jhana Beat. El viernes 27 de mayo en Condestable, de 17.30 a 21.30 horas, impartir\u00e1 un taller de experimentaci\u00f3n vocal y musical. \u2018Brutal Beat\u2019 ser\u00e1 un espacio donde familiarizarse con los sonidos del beatbox e incluso crear bases r\u00edtmicas.\u00a0El precio del taller es de 2 euros. Al d\u00eda siguiente, el s\u00e1bado 28 a las 20 horas en Civivox Iturrama, concierto de Electrorganic Sound. La apuesta musical de Jhana Beat es una explosi\u00f3n sonora de energ\u00eda creativa, original con un estilo y personalidad \u00fanicos. Sonido electrorg\u00e1nico\u00a0es el nombre con el que ella misma define su m\u00fasica. Su espect\u00e1culo est\u00e1 influenciado por diferentes estilos musicales como soul, rock, funky o reggae y estilos m\u00e1s electr\u00f3nicos como tecno, drum&amp;bass, house. El concierto tiene un precio de 3 euros.<\/p>\n<p>Jhana Beat se inicia en la m\u00fasica de manera\u00a0<a href=\"https:\/\/es.wikipedia.org\/wiki\/Autodidacta\" target=\"_blank\" rel=\"noopener\">autodidacta<\/a>\u00a0a los quince a\u00f1os como\u00a0<a href=\"https:\/\/es.wikipedia.org\/wiki\/Percusionista\" target=\"_blank\" rel=\"noopener\">percusionista<\/a>, pero pronto descubre su voz y empieza a experimentar con ella acompa\u00f1\u00e1ndose de una guitarra. En pocos a\u00f1os, ya contaba con un repertorio de canciones propias y conocidas versiones, con el que empieza a tocar por diferentes bares, salas y ciudades. A los dieciocho a\u00f1os, descubre el\u00a0<a href=\"https:\/\/es.wikipedia.org\/wiki\/Beatboxing\" target=\"_blank\" rel=\"noopener\">Beatbox<\/a>\u00a0e impulsada por su talento natural para la percusi\u00f3n, r\u00e1pidamente comienza a experimentar con la t\u00e9cnica, y a entrenar su boca para el ritmo, hasta que consigue el reconocimiento de\u00a0Best Show Beatbox Nacional, en la Beatbox Battle Internacional en\u00a0<a href=\"https:\/\/es.wikipedia.org\/wiki\/Salamanca\" target=\"_blank\" rel=\"noopener\">Salamanca<\/a>\u00a0en el a\u00f1o 2009. En 2019 fue nominada a los\u00a0<a href=\"https:\/\/es.wikipedia.org\/wiki\/Premios_Max\" target=\"_blank\" rel=\"noopener\">Premios MAX<\/a>\u00a0a\u00a0mejor composici\u00f3n musical para espect\u00e1culo esc\u00e9nico\u00a0por &#8216;La teta de Janet&#8217;, de la compa\u00f1\u00eda guipuzcoana Ertza. En 2020 la artista present\u00f3 su segundo disco titulado\u00a0\u2018My Rhythm, My Freedom\u2019.<\/p>\n","protected":false},"excerpt":{"rendered":"<p>Este festival interdisciplinar se desarrolla desde este jueves hasta el 28 de mayo en Civivox Condestable y Civivox Iturrama<\/p>\n","protected":false},"author":1,"featured_media":40399,"comment_status":"open","ping_status":"closed","sticky":false,"template":"","format":"standard","meta":{"footnotes":""},"categories":[2],"tags":[],"class_list":["post-40398","post","type-post","status-publish","format-standard","has-post-thumbnail","hentry","category-ayuntamiento-pamplona"],"yoast_head":"<!-- This site is optimized with the Yoast SEO plugin v27.3 - https:\/\/yoast.com\/product\/yoast-seo-wordpress\/ -->\n<title>Femkultur reivindica la presencia de las mujeres en la creaci\u00f3n art\u00edstica contempor\u00e1nea a trav\u00e9s de laboratorios, instalaciones y propuestas culturales con cinco creadoras de referencia<\/title>\n<meta name=\"description\" content=\"Este festival interdisciplinar se desarrolla desde este jueves hasta el 28 de mayo en Civivox Condestable y Civivox Iturrama\" \/>\n<meta name=\"robots\" content=\"index, follow, max-snippet:-1, max-image-preview:large, max-video-preview:-1\" \/>\n<link rel=\"canonical\" href=\"https:\/\/www.laguiadepamplona.com\/actualidad\/femkultur-reivindica-la-presencia-de-las-mujeres-en-la-creacion-artistica-contemporanea-a-traves-de-laboratorios-instalaciones-y-propuestas-culturales-con-cinco-creadoras-de-referencia\/\" \/>\n<meta property=\"og:locale\" content=\"es_ES\" \/>\n<meta property=\"og:type\" content=\"article\" \/>\n<meta property=\"og:title\" content=\"Femkultur reivindica la presencia de las mujeres en la creaci\u00f3n art\u00edstica contempor\u00e1nea a trav\u00e9s de laboratorios, instalaciones y propuestas culturales con cinco creadoras de referencia\" \/>\n<meta property=\"og:description\" content=\"Este festival interdisciplinar se desarrolla desde este jueves hasta el 28 de mayo en Civivox Condestable y Civivox Iturrama\" \/>\n<meta property=\"og:url\" content=\"https:\/\/www.laguiadepamplona.com\/actualidad\/femkultur-reivindica-la-presencia-de-las-mujeres-en-la-creacion-artistica-contemporanea-a-traves-de-laboratorios-instalaciones-y-propuestas-culturales-con-cinco-creadoras-de-referencia\/\" \/>\n<meta property=\"og:site_name\" content=\"La Gu\u00eda de Pamplona\" \/>\n<meta property=\"article:publisher\" content=\"https:\/\/www.facebook.com\/laguiadepamplonacom-133175176762273\/?ref=hl\" \/>\n<meta property=\"article:published_time\" content=\"2022-05-19T11:02:22+00:00\" \/>\n<meta property=\"article:modified_time\" content=\"2023-04-11T09:48:10+00:00\" \/>\n<meta property=\"og:image\" content=\"https:\/\/www.laguiadepamplona.com\/actualidad\/wp-content\/uploads\/2022\/05\/22.05.19_femkultur_0-copia.webp\" \/>\n\t<meta property=\"og:image:width\" content=\"1824\" \/>\n\t<meta property=\"og:image:height\" content=\"1368\" \/>\n\t<meta property=\"og:image:type\" content=\"image\/webp\" \/>\n<meta name=\"author\" content=\"La Gu\u00eda de Pamplona\" \/>\n<meta name=\"twitter:card\" content=\"summary_large_image\" \/>\n<meta name=\"twitter:creator\" content=\"@LaGuiadPamplona\" \/>\n<meta name=\"twitter:site\" content=\"@LaGuiadPamplona\" \/>\n<meta name=\"twitter:label1\" content=\"Escrito por\" \/>\n\t<meta name=\"twitter:data1\" content=\"La Gu\u00eda de Pamplona\" \/>\n\t<meta name=\"twitter:label2\" content=\"Tiempo de lectura\" \/>\n\t<meta name=\"twitter:data2\" content=\"8 minutos\" \/>\n<script type=\"application\/ld+json\" class=\"yoast-schema-graph\">{\"@context\":\"https:\\\/\\\/schema.org\",\"@graph\":[{\"@type\":\"Article\",\"@id\":\"https:\\\/\\\/www.laguiadepamplona.com\\\/actualidad\\\/femkultur-reivindica-la-presencia-de-las-mujeres-en-la-creacion-artistica-contemporanea-a-traves-de-laboratorios-instalaciones-y-propuestas-culturales-con-cinco-creadoras-de-referencia\\\/#article\",\"isPartOf\":{\"@id\":\"https:\\\/\\\/www.laguiadepamplona.com\\\/actualidad\\\/femkultur-reivindica-la-presencia-de-las-mujeres-en-la-creacion-artistica-contemporanea-a-traves-de-laboratorios-instalaciones-y-propuestas-culturales-con-cinco-creadoras-de-referencia\\\/\"},\"author\":{\"name\":\"La Gu\u00eda de Pamplona\",\"@id\":\"https:\\\/\\\/www.laguiadepamplona.com\\\/actualidad\\\/#\\\/schema\\\/person\\\/efe887376f0213d4657c93adc50b1fdb\"},\"headline\":\"Femkultur reivindica la presencia de las mujeres en la creaci\u00f3n art\u00edstica contempor\u00e1nea a trav\u00e9s de laboratorios, instalaciones y propuestas culturales con cinco creadoras de referencia\",\"datePublished\":\"2022-05-19T11:02:22+00:00\",\"dateModified\":\"2023-04-11T09:48:10+00:00\",\"mainEntityOfPage\":{\"@id\":\"https:\\\/\\\/www.laguiadepamplona.com\\\/actualidad\\\/femkultur-reivindica-la-presencia-de-las-mujeres-en-la-creacion-artistica-contemporanea-a-traves-de-laboratorios-instalaciones-y-propuestas-culturales-con-cinco-creadoras-de-referencia\\\/\"},\"wordCount\":1811,\"commentCount\":0,\"publisher\":{\"@id\":\"https:\\\/\\\/www.laguiadepamplona.com\\\/actualidad\\\/#organization\"},\"image\":{\"@id\":\"https:\\\/\\\/www.laguiadepamplona.com\\\/actualidad\\\/femkultur-reivindica-la-presencia-de-las-mujeres-en-la-creacion-artistica-contemporanea-a-traves-de-laboratorios-instalaciones-y-propuestas-culturales-con-cinco-creadoras-de-referencia\\\/#primaryimage\"},\"thumbnailUrl\":\"https:\\\/\\\/www.laguiadepamplona.com\\\/actualidad\\\/wp-content\\\/uploads\\\/2022\\\/05\\\/22.05.19_femkultur_0-copia.webp\",\"articleSection\":[\"Ayto Pamplona\"],\"inLanguage\":\"es\",\"potentialAction\":[{\"@type\":\"CommentAction\",\"name\":\"Comment\",\"target\":[\"https:\\\/\\\/www.laguiadepamplona.com\\\/actualidad\\\/femkultur-reivindica-la-presencia-de-las-mujeres-en-la-creacion-artistica-contemporanea-a-traves-de-laboratorios-instalaciones-y-propuestas-culturales-con-cinco-creadoras-de-referencia\\\/#respond\"]}]},{\"@type\":\"WebPage\",\"@id\":\"https:\\\/\\\/www.laguiadepamplona.com\\\/actualidad\\\/femkultur-reivindica-la-presencia-de-las-mujeres-en-la-creacion-artistica-contemporanea-a-traves-de-laboratorios-instalaciones-y-propuestas-culturales-con-cinco-creadoras-de-referencia\\\/\",\"url\":\"https:\\\/\\\/www.laguiadepamplona.com\\\/actualidad\\\/femkultur-reivindica-la-presencia-de-las-mujeres-en-la-creacion-artistica-contemporanea-a-traves-de-laboratorios-instalaciones-y-propuestas-culturales-con-cinco-creadoras-de-referencia\\\/\",\"name\":\"Femkultur reivindica la presencia de las mujeres en la creaci\u00f3n art\u00edstica contempor\u00e1nea a trav\u00e9s de laboratorios, instalaciones y propuestas culturales con cinco creadoras de referencia\",\"isPartOf\":{\"@id\":\"https:\\\/\\\/www.laguiadepamplona.com\\\/actualidad\\\/#website\"},\"primaryImageOfPage\":{\"@id\":\"https:\\\/\\\/www.laguiadepamplona.com\\\/actualidad\\\/femkultur-reivindica-la-presencia-de-las-mujeres-en-la-creacion-artistica-contemporanea-a-traves-de-laboratorios-instalaciones-y-propuestas-culturales-con-cinco-creadoras-de-referencia\\\/#primaryimage\"},\"image\":{\"@id\":\"https:\\\/\\\/www.laguiadepamplona.com\\\/actualidad\\\/femkultur-reivindica-la-presencia-de-las-mujeres-en-la-creacion-artistica-contemporanea-a-traves-de-laboratorios-instalaciones-y-propuestas-culturales-con-cinco-creadoras-de-referencia\\\/#primaryimage\"},\"thumbnailUrl\":\"https:\\\/\\\/www.laguiadepamplona.com\\\/actualidad\\\/wp-content\\\/uploads\\\/2022\\\/05\\\/22.05.19_femkultur_0-copia.webp\",\"datePublished\":\"2022-05-19T11:02:22+00:00\",\"dateModified\":\"2023-04-11T09:48:10+00:00\",\"description\":\"Este festival interdisciplinar se desarrolla desde este jueves hasta el 28 de mayo en Civivox Condestable y Civivox Iturrama\",\"breadcrumb\":{\"@id\":\"https:\\\/\\\/www.laguiadepamplona.com\\\/actualidad\\\/femkultur-reivindica-la-presencia-de-las-mujeres-en-la-creacion-artistica-contemporanea-a-traves-de-laboratorios-instalaciones-y-propuestas-culturales-con-cinco-creadoras-de-referencia\\\/#breadcrumb\"},\"inLanguage\":\"es\",\"potentialAction\":[{\"@type\":\"ReadAction\",\"target\":[\"https:\\\/\\\/www.laguiadepamplona.com\\\/actualidad\\\/femkultur-reivindica-la-presencia-de-las-mujeres-en-la-creacion-artistica-contemporanea-a-traves-de-laboratorios-instalaciones-y-propuestas-culturales-con-cinco-creadoras-de-referencia\\\/\"]}]},{\"@type\":\"ImageObject\",\"inLanguage\":\"es\",\"@id\":\"https:\\\/\\\/www.laguiadepamplona.com\\\/actualidad\\\/femkultur-reivindica-la-presencia-de-las-mujeres-en-la-creacion-artistica-contemporanea-a-traves-de-laboratorios-instalaciones-y-propuestas-culturales-con-cinco-creadoras-de-referencia\\\/#primaryimage\",\"url\":\"https:\\\/\\\/www.laguiadepamplona.com\\\/actualidad\\\/wp-content\\\/uploads\\\/2022\\\/05\\\/22.05.19_femkultur_0-copia.webp\",\"contentUrl\":\"https:\\\/\\\/www.laguiadepamplona.com\\\/actualidad\\\/wp-content\\\/uploads\\\/2022\\\/05\\\/22.05.19_femkultur_0-copia.webp\",\"width\":1824,\"height\":1368},{\"@type\":\"BreadcrumbList\",\"@id\":\"https:\\\/\\\/www.laguiadepamplona.com\\\/actualidad\\\/femkultur-reivindica-la-presencia-de-las-mujeres-en-la-creacion-artistica-contemporanea-a-traves-de-laboratorios-instalaciones-y-propuestas-culturales-con-cinco-creadoras-de-referencia\\\/#breadcrumb\",\"itemListElement\":[{\"@type\":\"ListItem\",\"position\":1,\"name\":\"Portada\",\"item\":\"https:\\\/\\\/www.laguiadepamplona.com\\\/actualidad\\\/\"},{\"@type\":\"ListItem\",\"position\":2,\"name\":\"Femkultur reivindica la presencia de las mujeres en la creaci\u00f3n art\u00edstica contempor\u00e1nea a trav\u00e9s de laboratorios, instalaciones y propuestas culturales con cinco creadoras de referencia\"}]},{\"@type\":\"WebSite\",\"@id\":\"https:\\\/\\\/www.laguiadepamplona.com\\\/actualidad\\\/#website\",\"url\":\"https:\\\/\\\/www.laguiadepamplona.com\\\/actualidad\\\/\",\"name\":\"La gu\u00eda de Pamplona\",\"description\":\"Noticias de Pamplona\",\"publisher\":{\"@id\":\"https:\\\/\\\/www.laguiadepamplona.com\\\/actualidad\\\/#organization\"},\"potentialAction\":[{\"@type\":\"SearchAction\",\"target\":{\"@type\":\"EntryPoint\",\"urlTemplate\":\"https:\\\/\\\/www.laguiadepamplona.com\\\/actualidad\\\/?s={search_term_string}\"},\"query-input\":{\"@type\":\"PropertyValueSpecification\",\"valueRequired\":true,\"valueName\":\"search_term_string\"}}],\"inLanguage\":\"es\"},{\"@type\":\"Organization\",\"@id\":\"https:\\\/\\\/www.laguiadepamplona.com\\\/actualidad\\\/#organization\",\"name\":\"La Gu\u00eda de Pamplona \\\/ Noticias\",\"url\":\"https:\\\/\\\/www.laguiadepamplona.com\\\/actualidad\\\/\",\"logo\":{\"@type\":\"ImageObject\",\"inLanguage\":\"es\",\"@id\":\"https:\\\/\\\/www.laguiadepamplona.com\\\/actualidad\\\/#\\\/schema\\\/logo\\\/image\\\/\",\"url\":\"https:\\\/\\\/www.laguiadepamplona.com\\\/actualidad\\\/wp-content\\\/uploads\\\/2018\\\/11\\\/logo-laguiadepamplona18-web1.png\",\"contentUrl\":\"https:\\\/\\\/www.laguiadepamplona.com\\\/actualidad\\\/wp-content\\\/uploads\\\/2018\\\/11\\\/logo-laguiadepamplona18-web1.png\",\"width\":600,\"height\":196,\"caption\":\"La Gu\u00eda de Pamplona \\\/ Noticias\"},\"image\":{\"@id\":\"https:\\\/\\\/www.laguiadepamplona.com\\\/actualidad\\\/#\\\/schema\\\/logo\\\/image\\\/\"},\"sameAs\":[\"https:\\\/\\\/www.facebook.com\\\/laguiadepamplonacom-133175176762273\\\/?ref=hl\",\"https:\\\/\\\/x.com\\\/LaGuiadPamplona\",\"https:\\\/\\\/www.instagram.com\\\/la_guia_de_pamplona\\\/\",\"https:\\\/\\\/www.youtube.com\\\/user\\\/laguiadepamplona\"]},{\"@type\":\"Person\",\"@id\":\"https:\\\/\\\/www.laguiadepamplona.com\\\/actualidad\\\/#\\\/schema\\\/person\\\/efe887376f0213d4657c93adc50b1fdb\",\"name\":\"La Gu\u00eda de Pamplona\",\"image\":{\"@type\":\"ImageObject\",\"inLanguage\":\"es\",\"@id\":\"https:\\\/\\\/secure.gravatar.com\\\/avatar\\\/b6992f131dc8d30ab0dff15446e9d346d9dbd95992de0fef795073f5ea83a81c?s=96&d=mm&r=g\",\"url\":\"https:\\\/\\\/secure.gravatar.com\\\/avatar\\\/b6992f131dc8d30ab0dff15446e9d346d9dbd95992de0fef795073f5ea83a81c?s=96&d=mm&r=g\",\"contentUrl\":\"https:\\\/\\\/secure.gravatar.com\\\/avatar\\\/b6992f131dc8d30ab0dff15446e9d346d9dbd95992de0fef795073f5ea83a81c?s=96&d=mm&r=g\",\"caption\":\"La Gu\u00eda de Pamplona\"}}]}<\/script>\n<!-- \/ Yoast SEO plugin. -->","yoast_head_json":{"title":"Femkultur reivindica la presencia de las mujeres en la creaci\u00f3n art\u00edstica contempor\u00e1nea a trav\u00e9s de laboratorios, instalaciones y propuestas culturales con cinco creadoras de referencia","description":"Este festival interdisciplinar se desarrolla desde este jueves hasta el 28 de mayo en Civivox Condestable y Civivox Iturrama","robots":{"index":"index","follow":"follow","max-snippet":"max-snippet:-1","max-image-preview":"max-image-preview:large","max-video-preview":"max-video-preview:-1"},"canonical":"https:\/\/www.laguiadepamplona.com\/actualidad\/femkultur-reivindica-la-presencia-de-las-mujeres-en-la-creacion-artistica-contemporanea-a-traves-de-laboratorios-instalaciones-y-propuestas-culturales-con-cinco-creadoras-de-referencia\/","og_locale":"es_ES","og_type":"article","og_title":"Femkultur reivindica la presencia de las mujeres en la creaci\u00f3n art\u00edstica contempor\u00e1nea a trav\u00e9s de laboratorios, instalaciones y propuestas culturales con cinco creadoras de referencia","og_description":"Este festival interdisciplinar se desarrolla desde este jueves hasta el 28 de mayo en Civivox Condestable y Civivox Iturrama","og_url":"https:\/\/www.laguiadepamplona.com\/actualidad\/femkultur-reivindica-la-presencia-de-las-mujeres-en-la-creacion-artistica-contemporanea-a-traves-de-laboratorios-instalaciones-y-propuestas-culturales-con-cinco-creadoras-de-referencia\/","og_site_name":"La Gu\u00eda de Pamplona","article_publisher":"https:\/\/www.facebook.com\/laguiadepamplonacom-133175176762273\/?ref=hl","article_published_time":"2022-05-19T11:02:22+00:00","article_modified_time":"2023-04-11T09:48:10+00:00","og_image":[{"width":1824,"height":1368,"url":"https:\/\/www.laguiadepamplona.com\/actualidad\/wp-content\/uploads\/2022\/05\/22.05.19_femkultur_0-copia.webp","type":"image\/webp"}],"author":"La Gu\u00eda de Pamplona","twitter_card":"summary_large_image","twitter_creator":"@LaGuiadPamplona","twitter_site":"@LaGuiadPamplona","twitter_misc":{"Escrito por":"La Gu\u00eda de Pamplona","Tiempo de lectura":"8 minutos"},"schema":{"@context":"https:\/\/schema.org","@graph":[{"@type":"Article","@id":"https:\/\/www.laguiadepamplona.com\/actualidad\/femkultur-reivindica-la-presencia-de-las-mujeres-en-la-creacion-artistica-contemporanea-a-traves-de-laboratorios-instalaciones-y-propuestas-culturales-con-cinco-creadoras-de-referencia\/#article","isPartOf":{"@id":"https:\/\/www.laguiadepamplona.com\/actualidad\/femkultur-reivindica-la-presencia-de-las-mujeres-en-la-creacion-artistica-contemporanea-a-traves-de-laboratorios-instalaciones-y-propuestas-culturales-con-cinco-creadoras-de-referencia\/"},"author":{"name":"La Gu\u00eda de Pamplona","@id":"https:\/\/www.laguiadepamplona.com\/actualidad\/#\/schema\/person\/efe887376f0213d4657c93adc50b1fdb"},"headline":"Femkultur reivindica la presencia de las mujeres en la creaci\u00f3n art\u00edstica contempor\u00e1nea a trav\u00e9s de laboratorios, instalaciones y propuestas culturales con cinco creadoras de referencia","datePublished":"2022-05-19T11:02:22+00:00","dateModified":"2023-04-11T09:48:10+00:00","mainEntityOfPage":{"@id":"https:\/\/www.laguiadepamplona.com\/actualidad\/femkultur-reivindica-la-presencia-de-las-mujeres-en-la-creacion-artistica-contemporanea-a-traves-de-laboratorios-instalaciones-y-propuestas-culturales-con-cinco-creadoras-de-referencia\/"},"wordCount":1811,"commentCount":0,"publisher":{"@id":"https:\/\/www.laguiadepamplona.com\/actualidad\/#organization"},"image":{"@id":"https:\/\/www.laguiadepamplona.com\/actualidad\/femkultur-reivindica-la-presencia-de-las-mujeres-en-la-creacion-artistica-contemporanea-a-traves-de-laboratorios-instalaciones-y-propuestas-culturales-con-cinco-creadoras-de-referencia\/#primaryimage"},"thumbnailUrl":"https:\/\/www.laguiadepamplona.com\/actualidad\/wp-content\/uploads\/2022\/05\/22.05.19_femkultur_0-copia.webp","articleSection":["Ayto Pamplona"],"inLanguage":"es","potentialAction":[{"@type":"CommentAction","name":"Comment","target":["https:\/\/www.laguiadepamplona.com\/actualidad\/femkultur-reivindica-la-presencia-de-las-mujeres-en-la-creacion-artistica-contemporanea-a-traves-de-laboratorios-instalaciones-y-propuestas-culturales-con-cinco-creadoras-de-referencia\/#respond"]}]},{"@type":"WebPage","@id":"https:\/\/www.laguiadepamplona.com\/actualidad\/femkultur-reivindica-la-presencia-de-las-mujeres-en-la-creacion-artistica-contemporanea-a-traves-de-laboratorios-instalaciones-y-propuestas-culturales-con-cinco-creadoras-de-referencia\/","url":"https:\/\/www.laguiadepamplona.com\/actualidad\/femkultur-reivindica-la-presencia-de-las-mujeres-en-la-creacion-artistica-contemporanea-a-traves-de-laboratorios-instalaciones-y-propuestas-culturales-con-cinco-creadoras-de-referencia\/","name":"Femkultur reivindica la presencia de las mujeres en la creaci\u00f3n art\u00edstica contempor\u00e1nea a trav\u00e9s de laboratorios, instalaciones y propuestas culturales con cinco creadoras de referencia","isPartOf":{"@id":"https:\/\/www.laguiadepamplona.com\/actualidad\/#website"},"primaryImageOfPage":{"@id":"https:\/\/www.laguiadepamplona.com\/actualidad\/femkultur-reivindica-la-presencia-de-las-mujeres-en-la-creacion-artistica-contemporanea-a-traves-de-laboratorios-instalaciones-y-propuestas-culturales-con-cinco-creadoras-de-referencia\/#primaryimage"},"image":{"@id":"https:\/\/www.laguiadepamplona.com\/actualidad\/femkultur-reivindica-la-presencia-de-las-mujeres-en-la-creacion-artistica-contemporanea-a-traves-de-laboratorios-instalaciones-y-propuestas-culturales-con-cinco-creadoras-de-referencia\/#primaryimage"},"thumbnailUrl":"https:\/\/www.laguiadepamplona.com\/actualidad\/wp-content\/uploads\/2022\/05\/22.05.19_femkultur_0-copia.webp","datePublished":"2022-05-19T11:02:22+00:00","dateModified":"2023-04-11T09:48:10+00:00","description":"Este festival interdisciplinar se desarrolla desde este jueves hasta el 28 de mayo en Civivox Condestable y Civivox Iturrama","breadcrumb":{"@id":"https:\/\/www.laguiadepamplona.com\/actualidad\/femkultur-reivindica-la-presencia-de-las-mujeres-en-la-creacion-artistica-contemporanea-a-traves-de-laboratorios-instalaciones-y-propuestas-culturales-con-cinco-creadoras-de-referencia\/#breadcrumb"},"inLanguage":"es","potentialAction":[{"@type":"ReadAction","target":["https:\/\/www.laguiadepamplona.com\/actualidad\/femkultur-reivindica-la-presencia-de-las-mujeres-en-la-creacion-artistica-contemporanea-a-traves-de-laboratorios-instalaciones-y-propuestas-culturales-con-cinco-creadoras-de-referencia\/"]}]},{"@type":"ImageObject","inLanguage":"es","@id":"https:\/\/www.laguiadepamplona.com\/actualidad\/femkultur-reivindica-la-presencia-de-las-mujeres-en-la-creacion-artistica-contemporanea-a-traves-de-laboratorios-instalaciones-y-propuestas-culturales-con-cinco-creadoras-de-referencia\/#primaryimage","url":"https:\/\/www.laguiadepamplona.com\/actualidad\/wp-content\/uploads\/2022\/05\/22.05.19_femkultur_0-copia.webp","contentUrl":"https:\/\/www.laguiadepamplona.com\/actualidad\/wp-content\/uploads\/2022\/05\/22.05.19_femkultur_0-copia.webp","width":1824,"height":1368},{"@type":"BreadcrumbList","@id":"https:\/\/www.laguiadepamplona.com\/actualidad\/femkultur-reivindica-la-presencia-de-las-mujeres-en-la-creacion-artistica-contemporanea-a-traves-de-laboratorios-instalaciones-y-propuestas-culturales-con-cinco-creadoras-de-referencia\/#breadcrumb","itemListElement":[{"@type":"ListItem","position":1,"name":"Portada","item":"https:\/\/www.laguiadepamplona.com\/actualidad\/"},{"@type":"ListItem","position":2,"name":"Femkultur reivindica la presencia de las mujeres en la creaci\u00f3n art\u00edstica contempor\u00e1nea a trav\u00e9s de laboratorios, instalaciones y propuestas culturales con cinco creadoras de referencia"}]},{"@type":"WebSite","@id":"https:\/\/www.laguiadepamplona.com\/actualidad\/#website","url":"https:\/\/www.laguiadepamplona.com\/actualidad\/","name":"La gu\u00eda de Pamplona","description":"Noticias de Pamplona","publisher":{"@id":"https:\/\/www.laguiadepamplona.com\/actualidad\/#organization"},"potentialAction":[{"@type":"SearchAction","target":{"@type":"EntryPoint","urlTemplate":"https:\/\/www.laguiadepamplona.com\/actualidad\/?s={search_term_string}"},"query-input":{"@type":"PropertyValueSpecification","valueRequired":true,"valueName":"search_term_string"}}],"inLanguage":"es"},{"@type":"Organization","@id":"https:\/\/www.laguiadepamplona.com\/actualidad\/#organization","name":"La Gu\u00eda de Pamplona \/ Noticias","url":"https:\/\/www.laguiadepamplona.com\/actualidad\/","logo":{"@type":"ImageObject","inLanguage":"es","@id":"https:\/\/www.laguiadepamplona.com\/actualidad\/#\/schema\/logo\/image\/","url":"https:\/\/www.laguiadepamplona.com\/actualidad\/wp-content\/uploads\/2018\/11\/logo-laguiadepamplona18-web1.png","contentUrl":"https:\/\/www.laguiadepamplona.com\/actualidad\/wp-content\/uploads\/2018\/11\/logo-laguiadepamplona18-web1.png","width":600,"height":196,"caption":"La Gu\u00eda de Pamplona \/ Noticias"},"image":{"@id":"https:\/\/www.laguiadepamplona.com\/actualidad\/#\/schema\/logo\/image\/"},"sameAs":["https:\/\/www.facebook.com\/laguiadepamplonacom-133175176762273\/?ref=hl","https:\/\/x.com\/LaGuiadPamplona","https:\/\/www.instagram.com\/la_guia_de_pamplona\/","https:\/\/www.youtube.com\/user\/laguiadepamplona"]},{"@type":"Person","@id":"https:\/\/www.laguiadepamplona.com\/actualidad\/#\/schema\/person\/efe887376f0213d4657c93adc50b1fdb","name":"La Gu\u00eda de Pamplona","image":{"@type":"ImageObject","inLanguage":"es","@id":"https:\/\/secure.gravatar.com\/avatar\/b6992f131dc8d30ab0dff15446e9d346d9dbd95992de0fef795073f5ea83a81c?s=96&d=mm&r=g","url":"https:\/\/secure.gravatar.com\/avatar\/b6992f131dc8d30ab0dff15446e9d346d9dbd95992de0fef795073f5ea83a81c?s=96&d=mm&r=g","contentUrl":"https:\/\/secure.gravatar.com\/avatar\/b6992f131dc8d30ab0dff15446e9d346d9dbd95992de0fef795073f5ea83a81c?s=96&d=mm&r=g","caption":"La Gu\u00eda de Pamplona"}}]}},"post_mailing_queue_ids":[],"_links":{"self":[{"href":"https:\/\/www.laguiadepamplona.com\/actualidad\/wp-json\/wp\/v2\/posts\/40398","targetHints":{"allow":["GET"]}}],"collection":[{"href":"https:\/\/www.laguiadepamplona.com\/actualidad\/wp-json\/wp\/v2\/posts"}],"about":[{"href":"https:\/\/www.laguiadepamplona.com\/actualidad\/wp-json\/wp\/v2\/types\/post"}],"author":[{"embeddable":true,"href":"https:\/\/www.laguiadepamplona.com\/actualidad\/wp-json\/wp\/v2\/users\/1"}],"replies":[{"embeddable":true,"href":"https:\/\/www.laguiadepamplona.com\/actualidad\/wp-json\/wp\/v2\/comments?post=40398"}],"version-history":[{"count":0,"href":"https:\/\/www.laguiadepamplona.com\/actualidad\/wp-json\/wp\/v2\/posts\/40398\/revisions"}],"wp:featuredmedia":[{"embeddable":true,"href":"https:\/\/www.laguiadepamplona.com\/actualidad\/wp-json\/wp\/v2\/media\/40399"}],"wp:attachment":[{"href":"https:\/\/www.laguiadepamplona.com\/actualidad\/wp-json\/wp\/v2\/media?parent=40398"}],"wp:term":[{"taxonomy":"category","embeddable":true,"href":"https:\/\/www.laguiadepamplona.com\/actualidad\/wp-json\/wp\/v2\/categories?post=40398"},{"taxonomy":"post_tag","embeddable":true,"href":"https:\/\/www.laguiadepamplona.com\/actualidad\/wp-json\/wp\/v2\/tags?post=40398"}],"curies":[{"name":"wp","href":"https:\/\/api.w.org\/{rel}","templated":true}]}}