{"id":40395,"date":"2022-05-19T12:59:31","date_gmt":"2022-05-19T10:59:31","guid":{"rendered":"https:\/\/www.laguiadepamplona.com\/actualidad\/?p=40395"},"modified":"2023-04-11T11:48:10","modified_gmt":"2023-04-11T09:48:10","slug":"el-programa-en-mudanza-del-ayuntamiento-de-pamplona-ha-llevado-el-arte-contemporaneo-a-una-decena-de-colegios-e-institutos-durante-este-curso-academico","status":"publish","type":"post","link":"https:\/\/www.laguiadepamplona.com\/actualidad\/el-programa-en-mudanza-del-ayuntamiento-de-pamplona-ha-llevado-el-arte-contemporaneo-a-una-decena-de-colegios-e-institutos-durante-este-curso-academico\/","title":{"rendered":"El programa \u2018En Mudanza\u2019 del Ayuntamiento de Pamplona ha llevado el arte contempor\u00e1neo a una decena de colegios e institutos durante este curso acad\u00e9mico"},"content":{"rendered":"<h5>Los centros han acogido durante quince d\u00edas una micro exposici\u00f3n con obras de la Colecci\u00f3n de Arte Contempor\u00e1neo del Consistorio<\/h5>\n<p><!--more--><\/p>\n<p>Con el objetivo de acercar el arte contempor\u00e1neo al alumnado y, a trav\u00e9s de \u00e9l, estimular sus habilidades expresivas y creativas y educar su mirada, el programa \u2018En Mudanza &#8211; Ibiltari\u2019 del Ayuntamiento de Pamplona ha convertido este curso nueve colegios en peque\u00f1os centros de arte. Las aulas se han convertido en peque\u00f1os museos, en los que disfrutar del arte en primera persona, y donde adem\u00e1s de contemplar las obras, los estudiantes han participado en el proceso creativo a trav\u00e9s de talleres y actividades.<\/p>\n<p>En este curso acad\u00e9mico, el programa \u2018En Mudanza &#8211; Ibiltari\u2019, se ha desplazado hasta las aulas de los \u00faltimos cursos de Primaria de los colegios CPEIP Garc\u00eda Galdeano, CPEIP San Francisco, CPEIP Cardenal Ilundain y CPEIP Mendillorri. Pero tambi\u00e9n ha llegado hasta el alumnado de Secundaria del IES Mendillorri, IES Iturrama, IES Biurdana, IES Navarro Villoslada y colegio Sagrado Coraz\u00f3n. Y, en todos ellos, el objetivo perseguido era el mismo: potenciar el aprendizaje y el crecimiento de las personas a trav\u00e9s del arte.<br \/>\n<script async src=\"\/\/pagead2.googlesyndication.com\/pagead\/js\/adsbygoogle.js\"><\/script><br \/>\n<!-- Noticias La Guia de Pamplona --><br \/>\n<ins class=\"adsbygoogle\"\nstyle=\"display:block\"\ndata-ad-client=\"ca-pub-6943679897239327\"\ndata-ad-slot=\"7048180777\"\ndata-ad-format=\"auto\"><\/ins><br \/>\n<script>\n(adsbygoogle = window.adsbygoogle || []).push({});\n<\/script><\/p>\n<p>Con ese esp\u00edritu, cada centro ha acogido durante dos semanas una micro exposici\u00f3n de seis obras pertenecientes a la Colecci\u00f3n de Arte Contempor\u00e1neo del Ayuntamiento de Pamplona. De las seis obras, dos de gran formato se expon\u00edan en Civivox Ensanche, el resto, en los colegios. La muestra, que ha llevado por t\u00edtulo \u2018Escribo la palabra y suena\u2019, pretend\u00eda extraer el texto del formato convencional del libro y llevarlo a otros soportes. De ah\u00ed la obra \u2018Cartas de amor\u2019, de Txaro Fontalba, por ejemplo, que usa los muelles de un somier para escribir poes\u00eda; o la serie de pinturas \u2018Jardines que me conducen a ti, siempre te cuidar\u00e9 querida\u2019, de Izaskun \u00c1lvarez Gainza, donde juega con la pintura y la escritura en cuatro litograf\u00edas. Tambi\u00e9n la fotograf\u00eda \u2018Mensaje an\u00f3nimo\u2019, de Carlos C\u00e1novas, donde representa al espectador ante una imagen llena de textos y graf\u00edas. La muestra incluye un v\u00eddeo de Karin Dolk, un cuadro de \u00c1lvaro Negro, y una fotograf\u00eda de Joan Fontcuberta.<\/p>\n<p>Todas estas obras han servido de base para trabajar en el aula, a trav\u00e9s de actividades y talleres, aspectos como la graf\u00eda, la diversidad cultural y de lenguas, y la escritura de cartas, casi en desuso hoy en d\u00eda, como ejemplo de creaci\u00f3n de un lenguaje compartido, \u00edntimo y secreto. En un taller impartido por las artistas Alexandra Baur\u00e8s y Leire Urbeltz, los estudiantes han trabajado en la creaci\u00f3n de un nuevo abecedario, un artefacto comunicativo con el que escribirse entre ellos y tomar conciencia del proceso de comunicaci\u00f3n escrita. De esta forma, a trav\u00e9s del arte, se ha fomentado la comunicaci\u00f3n entre los integrantes del grupo escolar.<br \/>\n<script async src=\"\/\/pagead2.googlesyndication.com\/pagead\/js\/adsbygoogle.js\"><\/script><br \/>\n<!-- Noticias La Guia de Pamplona --><br \/>\n<ins class=\"adsbygoogle\"\nstyle=\"display:block\"\ndata-ad-client=\"ca-pub-6943679897239327\"\ndata-ad-slot=\"7048180777\"\ndata-ad-format=\"auto\"><\/ins><br \/>\n<script>\n(adsbygoogle = window.adsbygoogle || []).push({});\n<\/script><\/p>\n<p><strong>Mudar: tomar otra forma<\/strong><\/p>\n<p>El proyecto \u2018En Mudanza &#8211; Ibiltari\u2019 ha sido desarrollado desde 2016 por el Ayuntamiento de Pamplona en colaboraci\u00f3n con Alexandra Baur\u00e9s, comisaria independiente experta en arte contempor\u00e1neo.\u00a0 La iniciativa consiste en construir una exposici\u00f3n colectiva de peque\u00f1o formato y multidisciplinar, compuesta por seis obras originales pertenecientes a la Colecci\u00f3n de Arte Contempor\u00e1neo del Ayuntamiento de Pamplona. El t\u00edtulo de \u2018En mudanza\u2019 alude a la dimensi\u00f3n transformadora del arte. Mudar significa, seg\u00fan el diccionario de la RAE, \u201cdar o tomar otro ser o naturaleza, otro estado, forma, lugar&#8230;\u201d.<\/p>\n<p>De acuerdo con la idea de mudanza, las obras de la colecci\u00f3n salen de los almacenes y se desplazan a los centros educativos, transform\u00e1ndolos en un espacio expositivo durante dos semanas. Luego sigue su recorrido hacia otro colegio. La muestra se acompa\u00f1a de una gu\u00eda did\u00e1ctica explicativa de las obras con pistas para trabajar la exposici\u00f3n en el aula, de una charla dirigida al profesorado y de un taller para el alumnado a partir de 5\u00ba de Primaria de iniciaci\u00f3n al arte contempor\u00e1neo.<\/p>\n","protected":false},"excerpt":{"rendered":"<p>Los centros han acogido durante quince d\u00edas una micro exposici\u00f3n con obras de la Colecci\u00f3n de Arte Contempor\u00e1neo del Consistorio<\/p>\n","protected":false},"author":1,"featured_media":40396,"comment_status":"open","ping_status":"closed","sticky":false,"template":"","format":"standard","meta":{"footnotes":""},"categories":[2],"tags":[],"class_list":["post-40395","post","type-post","status-publish","format-standard","has-post-thumbnail","hentry","category-ayuntamiento-pamplona"],"yoast_head":"<!-- This site is optimized with the Yoast SEO plugin v27.3 - https:\/\/yoast.com\/product\/yoast-seo-wordpress\/ -->\n<title>El programa \u2018En Mudanza\u2019 del Ayuntamiento de Pamplona ha llevado el arte contempor\u00e1neo a una decena de colegios e institutos durante este curso acad\u00e9mico<\/title>\n<meta name=\"description\" content=\"Los centros han acogido durante quince d\u00edas una micro exposici\u00f3n con obras de la Colecci\u00f3n de Arte Contempor\u00e1neo del Consistorio\" \/>\n<meta name=\"robots\" content=\"index, follow, max-snippet:-1, max-image-preview:large, max-video-preview:-1\" \/>\n<link rel=\"canonical\" href=\"https:\/\/www.laguiadepamplona.com\/actualidad\/el-programa-en-mudanza-del-ayuntamiento-de-pamplona-ha-llevado-el-arte-contemporaneo-a-una-decena-de-colegios-e-institutos-durante-este-curso-academico\/\" \/>\n<meta property=\"og:locale\" content=\"es_ES\" \/>\n<meta property=\"og:type\" content=\"article\" \/>\n<meta property=\"og:title\" content=\"El programa \u2018En Mudanza\u2019 del Ayuntamiento de Pamplona ha llevado el arte contempor\u00e1neo a una decena de colegios e institutos durante este curso acad\u00e9mico\" \/>\n<meta property=\"og:description\" content=\"Los centros han acogido durante quince d\u00edas una micro exposici\u00f3n con obras de la Colecci\u00f3n de Arte Contempor\u00e1neo del Consistorio\" \/>\n<meta property=\"og:url\" content=\"https:\/\/www.laguiadepamplona.com\/actualidad\/el-programa-en-mudanza-del-ayuntamiento-de-pamplona-ha-llevado-el-arte-contemporaneo-a-una-decena-de-colegios-e-institutos-durante-este-curso-academico\/\" \/>\n<meta property=\"og:site_name\" content=\"La Gu\u00eda de Pamplona\" \/>\n<meta property=\"article:publisher\" content=\"https:\/\/www.facebook.com\/laguiadepamplonacom-133175176762273\/?ref=hl\" \/>\n<meta property=\"article:published_time\" content=\"2022-05-19T10:59:31+00:00\" \/>\n<meta property=\"article:modified_time\" content=\"2023-04-11T09:48:10+00:00\" \/>\n<meta property=\"og:image\" content=\"https:\/\/www.laguiadepamplona.com\/actualidad\/wp-content\/uploads\/2022\/05\/enmudanza1.jpg\" \/>\n\t<meta property=\"og:image:width\" content=\"1366\" \/>\n\t<meta property=\"og:image:height\" content=\"768\" \/>\n\t<meta property=\"og:image:type\" content=\"image\/jpeg\" \/>\n<meta name=\"author\" content=\"La Gu\u00eda de Pamplona\" \/>\n<meta name=\"twitter:card\" content=\"summary_large_image\" \/>\n<meta name=\"twitter:creator\" content=\"@LaGuiadPamplona\" \/>\n<meta name=\"twitter:site\" content=\"@LaGuiadPamplona\" \/>\n<meta name=\"twitter:label1\" content=\"Escrito por\" \/>\n\t<meta name=\"twitter:data1\" content=\"La Gu\u00eda de Pamplona\" \/>\n\t<meta name=\"twitter:label2\" content=\"Tiempo de lectura\" \/>\n\t<meta name=\"twitter:data2\" content=\"3 minutos\" \/>\n<script type=\"application\/ld+json\" class=\"yoast-schema-graph\">{\"@context\":\"https:\\\/\\\/schema.org\",\"@graph\":[{\"@type\":\"Article\",\"@id\":\"https:\\\/\\\/www.laguiadepamplona.com\\\/actualidad\\\/el-programa-en-mudanza-del-ayuntamiento-de-pamplona-ha-llevado-el-arte-contemporaneo-a-una-decena-de-colegios-e-institutos-durante-este-curso-academico\\\/#article\",\"isPartOf\":{\"@id\":\"https:\\\/\\\/www.laguiadepamplona.com\\\/actualidad\\\/el-programa-en-mudanza-del-ayuntamiento-de-pamplona-ha-llevado-el-arte-contemporaneo-a-una-decena-de-colegios-e-institutos-durante-este-curso-academico\\\/\"},\"author\":{\"name\":\"La Gu\u00eda de Pamplona\",\"@id\":\"https:\\\/\\\/www.laguiadepamplona.com\\\/actualidad\\\/#\\\/schema\\\/person\\\/efe887376f0213d4657c93adc50b1fdb\"},\"headline\":\"El programa \u2018En Mudanza\u2019 del Ayuntamiento de Pamplona ha llevado el arte contempor\u00e1neo a una decena de colegios e institutos durante este curso acad\u00e9mico\",\"datePublished\":\"2022-05-19T10:59:31+00:00\",\"dateModified\":\"2023-04-11T09:48:10+00:00\",\"mainEntityOfPage\":{\"@id\":\"https:\\\/\\\/www.laguiadepamplona.com\\\/actualidad\\\/el-programa-en-mudanza-del-ayuntamiento-de-pamplona-ha-llevado-el-arte-contemporaneo-a-una-decena-de-colegios-e-institutos-durante-este-curso-academico\\\/\"},\"wordCount\":713,\"commentCount\":0,\"publisher\":{\"@id\":\"https:\\\/\\\/www.laguiadepamplona.com\\\/actualidad\\\/#organization\"},\"image\":{\"@id\":\"https:\\\/\\\/www.laguiadepamplona.com\\\/actualidad\\\/el-programa-en-mudanza-del-ayuntamiento-de-pamplona-ha-llevado-el-arte-contemporaneo-a-una-decena-de-colegios-e-institutos-durante-este-curso-academico\\\/#primaryimage\"},\"thumbnailUrl\":\"https:\\\/\\\/www.laguiadepamplona.com\\\/actualidad\\\/wp-content\\\/uploads\\\/2022\\\/05\\\/enmudanza1.jpg\",\"articleSection\":[\"Ayto Pamplona\"],\"inLanguage\":\"es\",\"potentialAction\":[{\"@type\":\"CommentAction\",\"name\":\"Comment\",\"target\":[\"https:\\\/\\\/www.laguiadepamplona.com\\\/actualidad\\\/el-programa-en-mudanza-del-ayuntamiento-de-pamplona-ha-llevado-el-arte-contemporaneo-a-una-decena-de-colegios-e-institutos-durante-este-curso-academico\\\/#respond\"]}]},{\"@type\":\"WebPage\",\"@id\":\"https:\\\/\\\/www.laguiadepamplona.com\\\/actualidad\\\/el-programa-en-mudanza-del-ayuntamiento-de-pamplona-ha-llevado-el-arte-contemporaneo-a-una-decena-de-colegios-e-institutos-durante-este-curso-academico\\\/\",\"url\":\"https:\\\/\\\/www.laguiadepamplona.com\\\/actualidad\\\/el-programa-en-mudanza-del-ayuntamiento-de-pamplona-ha-llevado-el-arte-contemporaneo-a-una-decena-de-colegios-e-institutos-durante-este-curso-academico\\\/\",\"name\":\"El programa \u2018En Mudanza\u2019 del Ayuntamiento de Pamplona ha llevado el arte contempor\u00e1neo a una decena de colegios e institutos durante este curso acad\u00e9mico\",\"isPartOf\":{\"@id\":\"https:\\\/\\\/www.laguiadepamplona.com\\\/actualidad\\\/#website\"},\"primaryImageOfPage\":{\"@id\":\"https:\\\/\\\/www.laguiadepamplona.com\\\/actualidad\\\/el-programa-en-mudanza-del-ayuntamiento-de-pamplona-ha-llevado-el-arte-contemporaneo-a-una-decena-de-colegios-e-institutos-durante-este-curso-academico\\\/#primaryimage\"},\"image\":{\"@id\":\"https:\\\/\\\/www.laguiadepamplona.com\\\/actualidad\\\/el-programa-en-mudanza-del-ayuntamiento-de-pamplona-ha-llevado-el-arte-contemporaneo-a-una-decena-de-colegios-e-institutos-durante-este-curso-academico\\\/#primaryimage\"},\"thumbnailUrl\":\"https:\\\/\\\/www.laguiadepamplona.com\\\/actualidad\\\/wp-content\\\/uploads\\\/2022\\\/05\\\/enmudanza1.jpg\",\"datePublished\":\"2022-05-19T10:59:31+00:00\",\"dateModified\":\"2023-04-11T09:48:10+00:00\",\"description\":\"Los centros han acogido durante quince d\u00edas una micro exposici\u00f3n con obras de la Colecci\u00f3n de Arte Contempor\u00e1neo del Consistorio\",\"breadcrumb\":{\"@id\":\"https:\\\/\\\/www.laguiadepamplona.com\\\/actualidad\\\/el-programa-en-mudanza-del-ayuntamiento-de-pamplona-ha-llevado-el-arte-contemporaneo-a-una-decena-de-colegios-e-institutos-durante-este-curso-academico\\\/#breadcrumb\"},\"inLanguage\":\"es\",\"potentialAction\":[{\"@type\":\"ReadAction\",\"target\":[\"https:\\\/\\\/www.laguiadepamplona.com\\\/actualidad\\\/el-programa-en-mudanza-del-ayuntamiento-de-pamplona-ha-llevado-el-arte-contemporaneo-a-una-decena-de-colegios-e-institutos-durante-este-curso-academico\\\/\"]}]},{\"@type\":\"ImageObject\",\"inLanguage\":\"es\",\"@id\":\"https:\\\/\\\/www.laguiadepamplona.com\\\/actualidad\\\/el-programa-en-mudanza-del-ayuntamiento-de-pamplona-ha-llevado-el-arte-contemporaneo-a-una-decena-de-colegios-e-institutos-durante-este-curso-academico\\\/#primaryimage\",\"url\":\"https:\\\/\\\/www.laguiadepamplona.com\\\/actualidad\\\/wp-content\\\/uploads\\\/2022\\\/05\\\/enmudanza1.jpg\",\"contentUrl\":\"https:\\\/\\\/www.laguiadepamplona.com\\\/actualidad\\\/wp-content\\\/uploads\\\/2022\\\/05\\\/enmudanza1.jpg\",\"width\":1366,\"height\":768},{\"@type\":\"BreadcrumbList\",\"@id\":\"https:\\\/\\\/www.laguiadepamplona.com\\\/actualidad\\\/el-programa-en-mudanza-del-ayuntamiento-de-pamplona-ha-llevado-el-arte-contemporaneo-a-una-decena-de-colegios-e-institutos-durante-este-curso-academico\\\/#breadcrumb\",\"itemListElement\":[{\"@type\":\"ListItem\",\"position\":1,\"name\":\"Portada\",\"item\":\"https:\\\/\\\/www.laguiadepamplona.com\\\/actualidad\\\/\"},{\"@type\":\"ListItem\",\"position\":2,\"name\":\"El programa \u2018En Mudanza\u2019 del Ayuntamiento de Pamplona ha llevado el arte contempor\u00e1neo a una decena de colegios e institutos durante este curso acad\u00e9mico\"}]},{\"@type\":\"WebSite\",\"@id\":\"https:\\\/\\\/www.laguiadepamplona.com\\\/actualidad\\\/#website\",\"url\":\"https:\\\/\\\/www.laguiadepamplona.com\\\/actualidad\\\/\",\"name\":\"La gu\u00eda de Pamplona\",\"description\":\"Noticias de Pamplona\",\"publisher\":{\"@id\":\"https:\\\/\\\/www.laguiadepamplona.com\\\/actualidad\\\/#organization\"},\"potentialAction\":[{\"@type\":\"SearchAction\",\"target\":{\"@type\":\"EntryPoint\",\"urlTemplate\":\"https:\\\/\\\/www.laguiadepamplona.com\\\/actualidad\\\/?s={search_term_string}\"},\"query-input\":{\"@type\":\"PropertyValueSpecification\",\"valueRequired\":true,\"valueName\":\"search_term_string\"}}],\"inLanguage\":\"es\"},{\"@type\":\"Organization\",\"@id\":\"https:\\\/\\\/www.laguiadepamplona.com\\\/actualidad\\\/#organization\",\"name\":\"La Gu\u00eda de Pamplona \\\/ Noticias\",\"url\":\"https:\\\/\\\/www.laguiadepamplona.com\\\/actualidad\\\/\",\"logo\":{\"@type\":\"ImageObject\",\"inLanguage\":\"es\",\"@id\":\"https:\\\/\\\/www.laguiadepamplona.com\\\/actualidad\\\/#\\\/schema\\\/logo\\\/image\\\/\",\"url\":\"https:\\\/\\\/www.laguiadepamplona.com\\\/actualidad\\\/wp-content\\\/uploads\\\/2018\\\/11\\\/logo-laguiadepamplona18-web1.png\",\"contentUrl\":\"https:\\\/\\\/www.laguiadepamplona.com\\\/actualidad\\\/wp-content\\\/uploads\\\/2018\\\/11\\\/logo-laguiadepamplona18-web1.png\",\"width\":600,\"height\":196,\"caption\":\"La Gu\u00eda de Pamplona \\\/ Noticias\"},\"image\":{\"@id\":\"https:\\\/\\\/www.laguiadepamplona.com\\\/actualidad\\\/#\\\/schema\\\/logo\\\/image\\\/\"},\"sameAs\":[\"https:\\\/\\\/www.facebook.com\\\/laguiadepamplonacom-133175176762273\\\/?ref=hl\",\"https:\\\/\\\/x.com\\\/LaGuiadPamplona\",\"https:\\\/\\\/www.instagram.com\\\/la_guia_de_pamplona\\\/\",\"https:\\\/\\\/www.youtube.com\\\/user\\\/laguiadepamplona\"]},{\"@type\":\"Person\",\"@id\":\"https:\\\/\\\/www.laguiadepamplona.com\\\/actualidad\\\/#\\\/schema\\\/person\\\/efe887376f0213d4657c93adc50b1fdb\",\"name\":\"La Gu\u00eda de Pamplona\",\"image\":{\"@type\":\"ImageObject\",\"inLanguage\":\"es\",\"@id\":\"https:\\\/\\\/secure.gravatar.com\\\/avatar\\\/b6992f131dc8d30ab0dff15446e9d346d9dbd95992de0fef795073f5ea83a81c?s=96&d=mm&r=g\",\"url\":\"https:\\\/\\\/secure.gravatar.com\\\/avatar\\\/b6992f131dc8d30ab0dff15446e9d346d9dbd95992de0fef795073f5ea83a81c?s=96&d=mm&r=g\",\"contentUrl\":\"https:\\\/\\\/secure.gravatar.com\\\/avatar\\\/b6992f131dc8d30ab0dff15446e9d346d9dbd95992de0fef795073f5ea83a81c?s=96&d=mm&r=g\",\"caption\":\"La Gu\u00eda de Pamplona\"}}]}<\/script>\n<!-- \/ Yoast SEO plugin. -->","yoast_head_json":{"title":"El programa \u2018En Mudanza\u2019 del Ayuntamiento de Pamplona ha llevado el arte contempor\u00e1neo a una decena de colegios e institutos durante este curso acad\u00e9mico","description":"Los centros han acogido durante quince d\u00edas una micro exposici\u00f3n con obras de la Colecci\u00f3n de Arte Contempor\u00e1neo del Consistorio","robots":{"index":"index","follow":"follow","max-snippet":"max-snippet:-1","max-image-preview":"max-image-preview:large","max-video-preview":"max-video-preview:-1"},"canonical":"https:\/\/www.laguiadepamplona.com\/actualidad\/el-programa-en-mudanza-del-ayuntamiento-de-pamplona-ha-llevado-el-arte-contemporaneo-a-una-decena-de-colegios-e-institutos-durante-este-curso-academico\/","og_locale":"es_ES","og_type":"article","og_title":"El programa \u2018En Mudanza\u2019 del Ayuntamiento de Pamplona ha llevado el arte contempor\u00e1neo a una decena de colegios e institutos durante este curso acad\u00e9mico","og_description":"Los centros han acogido durante quince d\u00edas una micro exposici\u00f3n con obras de la Colecci\u00f3n de Arte Contempor\u00e1neo del Consistorio","og_url":"https:\/\/www.laguiadepamplona.com\/actualidad\/el-programa-en-mudanza-del-ayuntamiento-de-pamplona-ha-llevado-el-arte-contemporaneo-a-una-decena-de-colegios-e-institutos-durante-este-curso-academico\/","og_site_name":"La Gu\u00eda de Pamplona","article_publisher":"https:\/\/www.facebook.com\/laguiadepamplonacom-133175176762273\/?ref=hl","article_published_time":"2022-05-19T10:59:31+00:00","article_modified_time":"2023-04-11T09:48:10+00:00","og_image":[{"width":1366,"height":768,"url":"https:\/\/www.laguiadepamplona.com\/actualidad\/wp-content\/uploads\/2022\/05\/enmudanza1.jpg","type":"image\/jpeg"}],"author":"La Gu\u00eda de Pamplona","twitter_card":"summary_large_image","twitter_creator":"@LaGuiadPamplona","twitter_site":"@LaGuiadPamplona","twitter_misc":{"Escrito por":"La Gu\u00eda de Pamplona","Tiempo de lectura":"3 minutos"},"schema":{"@context":"https:\/\/schema.org","@graph":[{"@type":"Article","@id":"https:\/\/www.laguiadepamplona.com\/actualidad\/el-programa-en-mudanza-del-ayuntamiento-de-pamplona-ha-llevado-el-arte-contemporaneo-a-una-decena-de-colegios-e-institutos-durante-este-curso-academico\/#article","isPartOf":{"@id":"https:\/\/www.laguiadepamplona.com\/actualidad\/el-programa-en-mudanza-del-ayuntamiento-de-pamplona-ha-llevado-el-arte-contemporaneo-a-una-decena-de-colegios-e-institutos-durante-este-curso-academico\/"},"author":{"name":"La Gu\u00eda de Pamplona","@id":"https:\/\/www.laguiadepamplona.com\/actualidad\/#\/schema\/person\/efe887376f0213d4657c93adc50b1fdb"},"headline":"El programa \u2018En Mudanza\u2019 del Ayuntamiento de Pamplona ha llevado el arte contempor\u00e1neo a una decena de colegios e institutos durante este curso acad\u00e9mico","datePublished":"2022-05-19T10:59:31+00:00","dateModified":"2023-04-11T09:48:10+00:00","mainEntityOfPage":{"@id":"https:\/\/www.laguiadepamplona.com\/actualidad\/el-programa-en-mudanza-del-ayuntamiento-de-pamplona-ha-llevado-el-arte-contemporaneo-a-una-decena-de-colegios-e-institutos-durante-este-curso-academico\/"},"wordCount":713,"commentCount":0,"publisher":{"@id":"https:\/\/www.laguiadepamplona.com\/actualidad\/#organization"},"image":{"@id":"https:\/\/www.laguiadepamplona.com\/actualidad\/el-programa-en-mudanza-del-ayuntamiento-de-pamplona-ha-llevado-el-arte-contemporaneo-a-una-decena-de-colegios-e-institutos-durante-este-curso-academico\/#primaryimage"},"thumbnailUrl":"https:\/\/www.laguiadepamplona.com\/actualidad\/wp-content\/uploads\/2022\/05\/enmudanza1.jpg","articleSection":["Ayto Pamplona"],"inLanguage":"es","potentialAction":[{"@type":"CommentAction","name":"Comment","target":["https:\/\/www.laguiadepamplona.com\/actualidad\/el-programa-en-mudanza-del-ayuntamiento-de-pamplona-ha-llevado-el-arte-contemporaneo-a-una-decena-de-colegios-e-institutos-durante-este-curso-academico\/#respond"]}]},{"@type":"WebPage","@id":"https:\/\/www.laguiadepamplona.com\/actualidad\/el-programa-en-mudanza-del-ayuntamiento-de-pamplona-ha-llevado-el-arte-contemporaneo-a-una-decena-de-colegios-e-institutos-durante-este-curso-academico\/","url":"https:\/\/www.laguiadepamplona.com\/actualidad\/el-programa-en-mudanza-del-ayuntamiento-de-pamplona-ha-llevado-el-arte-contemporaneo-a-una-decena-de-colegios-e-institutos-durante-este-curso-academico\/","name":"El programa \u2018En Mudanza\u2019 del Ayuntamiento de Pamplona ha llevado el arte contempor\u00e1neo a una decena de colegios e institutos durante este curso acad\u00e9mico","isPartOf":{"@id":"https:\/\/www.laguiadepamplona.com\/actualidad\/#website"},"primaryImageOfPage":{"@id":"https:\/\/www.laguiadepamplona.com\/actualidad\/el-programa-en-mudanza-del-ayuntamiento-de-pamplona-ha-llevado-el-arte-contemporaneo-a-una-decena-de-colegios-e-institutos-durante-este-curso-academico\/#primaryimage"},"image":{"@id":"https:\/\/www.laguiadepamplona.com\/actualidad\/el-programa-en-mudanza-del-ayuntamiento-de-pamplona-ha-llevado-el-arte-contemporaneo-a-una-decena-de-colegios-e-institutos-durante-este-curso-academico\/#primaryimage"},"thumbnailUrl":"https:\/\/www.laguiadepamplona.com\/actualidad\/wp-content\/uploads\/2022\/05\/enmudanza1.jpg","datePublished":"2022-05-19T10:59:31+00:00","dateModified":"2023-04-11T09:48:10+00:00","description":"Los centros han acogido durante quince d\u00edas una micro exposici\u00f3n con obras de la Colecci\u00f3n de Arte Contempor\u00e1neo del Consistorio","breadcrumb":{"@id":"https:\/\/www.laguiadepamplona.com\/actualidad\/el-programa-en-mudanza-del-ayuntamiento-de-pamplona-ha-llevado-el-arte-contemporaneo-a-una-decena-de-colegios-e-institutos-durante-este-curso-academico\/#breadcrumb"},"inLanguage":"es","potentialAction":[{"@type":"ReadAction","target":["https:\/\/www.laguiadepamplona.com\/actualidad\/el-programa-en-mudanza-del-ayuntamiento-de-pamplona-ha-llevado-el-arte-contemporaneo-a-una-decena-de-colegios-e-institutos-durante-este-curso-academico\/"]}]},{"@type":"ImageObject","inLanguage":"es","@id":"https:\/\/www.laguiadepamplona.com\/actualidad\/el-programa-en-mudanza-del-ayuntamiento-de-pamplona-ha-llevado-el-arte-contemporaneo-a-una-decena-de-colegios-e-institutos-durante-este-curso-academico\/#primaryimage","url":"https:\/\/www.laguiadepamplona.com\/actualidad\/wp-content\/uploads\/2022\/05\/enmudanza1.jpg","contentUrl":"https:\/\/www.laguiadepamplona.com\/actualidad\/wp-content\/uploads\/2022\/05\/enmudanza1.jpg","width":1366,"height":768},{"@type":"BreadcrumbList","@id":"https:\/\/www.laguiadepamplona.com\/actualidad\/el-programa-en-mudanza-del-ayuntamiento-de-pamplona-ha-llevado-el-arte-contemporaneo-a-una-decena-de-colegios-e-institutos-durante-este-curso-academico\/#breadcrumb","itemListElement":[{"@type":"ListItem","position":1,"name":"Portada","item":"https:\/\/www.laguiadepamplona.com\/actualidad\/"},{"@type":"ListItem","position":2,"name":"El programa \u2018En Mudanza\u2019 del Ayuntamiento de Pamplona ha llevado el arte contempor\u00e1neo a una decena de colegios e institutos durante este curso acad\u00e9mico"}]},{"@type":"WebSite","@id":"https:\/\/www.laguiadepamplona.com\/actualidad\/#website","url":"https:\/\/www.laguiadepamplona.com\/actualidad\/","name":"La gu\u00eda de Pamplona","description":"Noticias de Pamplona","publisher":{"@id":"https:\/\/www.laguiadepamplona.com\/actualidad\/#organization"},"potentialAction":[{"@type":"SearchAction","target":{"@type":"EntryPoint","urlTemplate":"https:\/\/www.laguiadepamplona.com\/actualidad\/?s={search_term_string}"},"query-input":{"@type":"PropertyValueSpecification","valueRequired":true,"valueName":"search_term_string"}}],"inLanguage":"es"},{"@type":"Organization","@id":"https:\/\/www.laguiadepamplona.com\/actualidad\/#organization","name":"La Gu\u00eda de Pamplona \/ Noticias","url":"https:\/\/www.laguiadepamplona.com\/actualidad\/","logo":{"@type":"ImageObject","inLanguage":"es","@id":"https:\/\/www.laguiadepamplona.com\/actualidad\/#\/schema\/logo\/image\/","url":"https:\/\/www.laguiadepamplona.com\/actualidad\/wp-content\/uploads\/2018\/11\/logo-laguiadepamplona18-web1.png","contentUrl":"https:\/\/www.laguiadepamplona.com\/actualidad\/wp-content\/uploads\/2018\/11\/logo-laguiadepamplona18-web1.png","width":600,"height":196,"caption":"La Gu\u00eda de Pamplona \/ Noticias"},"image":{"@id":"https:\/\/www.laguiadepamplona.com\/actualidad\/#\/schema\/logo\/image\/"},"sameAs":["https:\/\/www.facebook.com\/laguiadepamplonacom-133175176762273\/?ref=hl","https:\/\/x.com\/LaGuiadPamplona","https:\/\/www.instagram.com\/la_guia_de_pamplona\/","https:\/\/www.youtube.com\/user\/laguiadepamplona"]},{"@type":"Person","@id":"https:\/\/www.laguiadepamplona.com\/actualidad\/#\/schema\/person\/efe887376f0213d4657c93adc50b1fdb","name":"La Gu\u00eda de Pamplona","image":{"@type":"ImageObject","inLanguage":"es","@id":"https:\/\/secure.gravatar.com\/avatar\/b6992f131dc8d30ab0dff15446e9d346d9dbd95992de0fef795073f5ea83a81c?s=96&d=mm&r=g","url":"https:\/\/secure.gravatar.com\/avatar\/b6992f131dc8d30ab0dff15446e9d346d9dbd95992de0fef795073f5ea83a81c?s=96&d=mm&r=g","contentUrl":"https:\/\/secure.gravatar.com\/avatar\/b6992f131dc8d30ab0dff15446e9d346d9dbd95992de0fef795073f5ea83a81c?s=96&d=mm&r=g","caption":"La Gu\u00eda de Pamplona"}}]}},"post_mailing_queue_ids":[],"_links":{"self":[{"href":"https:\/\/www.laguiadepamplona.com\/actualidad\/wp-json\/wp\/v2\/posts\/40395","targetHints":{"allow":["GET"]}}],"collection":[{"href":"https:\/\/www.laguiadepamplona.com\/actualidad\/wp-json\/wp\/v2\/posts"}],"about":[{"href":"https:\/\/www.laguiadepamplona.com\/actualidad\/wp-json\/wp\/v2\/types\/post"}],"author":[{"embeddable":true,"href":"https:\/\/www.laguiadepamplona.com\/actualidad\/wp-json\/wp\/v2\/users\/1"}],"replies":[{"embeddable":true,"href":"https:\/\/www.laguiadepamplona.com\/actualidad\/wp-json\/wp\/v2\/comments?post=40395"}],"version-history":[{"count":0,"href":"https:\/\/www.laguiadepamplona.com\/actualidad\/wp-json\/wp\/v2\/posts\/40395\/revisions"}],"wp:featuredmedia":[{"embeddable":true,"href":"https:\/\/www.laguiadepamplona.com\/actualidad\/wp-json\/wp\/v2\/media\/40396"}],"wp:attachment":[{"href":"https:\/\/www.laguiadepamplona.com\/actualidad\/wp-json\/wp\/v2\/media?parent=40395"}],"wp:term":[{"taxonomy":"category","embeddable":true,"href":"https:\/\/www.laguiadepamplona.com\/actualidad\/wp-json\/wp\/v2\/categories?post=40395"},{"taxonomy":"post_tag","embeddable":true,"href":"https:\/\/www.laguiadepamplona.com\/actualidad\/wp-json\/wp\/v2\/tags?post=40395"}],"curies":[{"name":"wp","href":"https:\/\/api.w.org\/{rel}","templated":true}]}}