{"id":40392,"date":"2022-05-18T17:55:03","date_gmt":"2022-05-18T15:55:03","guid":{"rendered":"https:\/\/www.laguiadepamplona.com\/actualidad\/?p=40392"},"modified":"2023-04-11T11:48:10","modified_gmt":"2023-04-11T09:48:10","slug":"abiertas-las-inscripciones-para-las-jornadas-sobre-sumision-quimica-y-violencia-sexual-contra-las-mujeres-que-se-celebraran-los-dias-30-y-31-de-mayo","status":"publish","type":"post","link":"https:\/\/www.laguiadepamplona.com\/actualidad\/abiertas-las-inscripciones-para-las-jornadas-sobre-sumision-quimica-y-violencia-sexual-contra-las-mujeres-que-se-celebraran-los-dias-30-y-31-de-mayo\/","title":{"rendered":"Abiertas las inscripciones para las jornadas sobre sumisi\u00f3n qu\u00edmica y violencia sexual contra las mujeres que se celebrar\u00e1n los d\u00edas 30 y 31 de mayo"},"content":{"rendered":"<h5>El Ayuntamiento de Pamplona organiza este encuentro en el Colegio de M\u00e9dicos, en el marco del Pacto de Estado contra la violencia de g\u00e9nero<\/h5>\n<p><!--more--><\/p>\n<p>El Ayuntamiento de Pamplona ha organizado los d\u00edas 30 y 31 de mayo en el Colegio de M\u00e9dicos las jornadas \u2018Sumisi\u00f3n qu\u00edmica y violencia sexual hacia las mujeres\u2019, que se realizan en el marco del Pacto de Estado contra la violencia de g\u00e9nero. Las inscripciones para asistir a las diferentes ponencias, charlas y debates son gratuitas y est\u00e1n abiertas a trav\u00e9s del tel\u00e9fono 010 \u2013 948 420 100 hasta el pr\u00f3ximo 27 de mayo.<\/p>\n<p>Estas jornadas responden al objetivo de continuar la labor de identificar las diferentes violencias hacia las mujeres y de generar un espacio de debate con miradas multidisciplinares para mejorar en respuestas integrales para el acompa\u00f1amiento a las v\u00edctimas y para la erradicaci\u00f3n de estas violencias. El tema escogido recoge una realidad que expertas en Derecho,\u00a0Educaci\u00f3n, Medicina, Farmacolog\u00eda, Periodismo, Igualdad o Psicolog\u00eda abordar\u00e1n en diferentes ponencias seguidas de coloquios y espacios para el debate. Seg\u00fan el\u00a0Instituto Nacional de Toxicolog\u00eda y Ciencias Forenses, la sumisi\u00f3n qu\u00edmica se da en al menos uno de cada cuatro casos de violencia sexual.<br \/>\n<script async src=\"\/\/pagead2.googlesyndication.com\/pagead\/js\/adsbygoogle.js\"><\/script><br \/>\n<!-- Noticias La Guia de Pamplona --><br \/>\n<ins class=\"adsbygoogle\"\nstyle=\"display:block\"\ndata-ad-client=\"ca-pub-6943679897239327\"\ndata-ad-slot=\"7048180777\"\ndata-ad-format=\"auto\"><\/ins><br \/>\n<script>\n(adsbygoogle = window.adsbygoogle || []).push({});\n<\/script><\/p>\n<p><strong>Programa de las jornadas<\/strong><\/p>\n<p>Tras la apertura institucional de las jornadas en lunes 30 de mayo a las 10 horas, la primera ponencia se centrar\u00e1 en la normativa legal y en las recomendaciones para el abordaje de las violencias sexuales y la sumisi\u00f3n qu\u00edmica. La impartir\u00e1 la abogada especialista en violencia sexual, Sonia Ricondo Garc\u00eda. A las 11.15 horas la doctora en Qu\u00edmica e investigadora del grupo ScienceFlows, Empar Vengut Ciment, y el catedr\u00e1tico de Qu\u00edmica Org\u00e1nica por la Universidad de Valencia, Pablo Gavi\u00f1a Costero, hablar\u00e1n sobre \u2018NoSUM, una investigaci\u00f3n interdisciplinar para el desarrollo de sensores de drogas de sumisi\u00f3n qu\u00edmica\u2019.<\/p>\n<p>Ya por la tarde, a las 16 horas la sex\u00f3loga y fundadora de Dialogasex, Mar\u00eda Eugenia Mart\u00ednez Dom\u00ednguez, impartir\u00e1 una sesi\u00f3n sobre la educaci\u00f3n sexual como herramienta para la promoci\u00f3n de la \u00e9tica y la igualdad. A las 17.45 horas, se realizar\u00e1 an\u00e1lisis sobre los discursos audiovisuales en torno a este tema con una charla sobre \u2018La construcci\u00f3n del terror sexual en la ficci\u00f3n audiovisual\u2019, a cargo de la licenciada en Psicolog\u00eda, experta en g\u00e9nero y en mediaci\u00f3n familiar, y t\u00e9cnica de proyectos de Equala Iniciativas, Vanina V\u00e1zquez Gentile.<br \/>\n<script async src=\"\/\/pagead2.googlesyndication.com\/pagead\/js\/adsbygoogle.js\"><\/script><br \/>\n<!-- Noticias La Guia de Pamplona --><br \/>\n<ins class=\"adsbygoogle\"\nstyle=\"display:block\"\ndata-ad-client=\"ca-pub-6943679897239327\"\ndata-ad-slot=\"7048180777\"\ndata-ad-format=\"auto\"><\/ins><br \/>\n<script>\n(adsbygoogle = window.adsbygoogle || []).push({});\n<\/script><\/p>\n<p>El martes 31 contin\u00faan las jornadas con tres sesiones m\u00e1s que abordar\u00e1n aspectos relacionados con la salud, la investigaci\u00f3n de los hechos o el periodismo. A las 9.30 horas, la enfermera asesora e integrantes del Colegio Oficial de Enfermeros y Enfermeras de Barcelona, Teresa Echeverr\u00eda Vallejo, hablar\u00e1 sobre por qu\u00e9 es necesario conocer la sumisi\u00f3n qu\u00edmica y c\u00f3mo pueda afectar este conocimiento a la intervenci\u00f3n, el acompa\u00f1amiento y la recuperaci\u00f3n. A las 10.15 la psic\u00f3loga Nuria Iturbe Ferr\u00e9 impartir\u00e1 la charla \u2018Violencia sexual sin recuerdo: implicaciones, consecuencias y prevenci\u00f3n\u2019. A las 11.30 horas, la periodista del equipo de coordinaci\u00f3n de Pikara Magazine, Teresa Villaverde Mart\u00ednez pondr\u00e1 el foco en las \u2018Narrativas period\u00edsticas sobre violencias: contar sin legitimar\u2019.<\/p>\n","protected":false},"excerpt":{"rendered":"<p>El Ayuntamiento de Pamplona organiza este encuentro en el Colegio de M\u00e9dicos, en el marco del Pacto de Estado contra la violencia de g\u00e9nero<\/p>\n","protected":false},"author":1,"featured_media":40393,"comment_status":"open","ping_status":"closed","sticky":false,"template":"","format":"standard","meta":{"footnotes":""},"categories":[2],"tags":[],"class_list":["post-40392","post","type-post","status-publish","format-standard","has-post-thumbnail","hentry","category-ayuntamiento-pamplona"],"yoast_head":"<!-- This site is optimized with the Yoast SEO plugin v27.3 - https:\/\/yoast.com\/product\/yoast-seo-wordpress\/ -->\n<title>Abiertas las inscripciones para las jornadas sobre sumisi\u00f3n qu\u00edmica y violencia sexual contra las mujeres que se celebrar\u00e1n los d\u00edas 30 y 31 de mayo<\/title>\n<meta name=\"description\" content=\"El Ayuntamiento de Pamplona organiza este encuentro en el Colegio de M\u00e9dicos, en el marco del Pacto de Estado contra la violencia de g\u00e9nero\" \/>\n<meta name=\"robots\" content=\"index, follow, max-snippet:-1, max-image-preview:large, max-video-preview:-1\" \/>\n<link rel=\"canonical\" href=\"https:\/\/www.laguiadepamplona.com\/actualidad\/abiertas-las-inscripciones-para-las-jornadas-sobre-sumision-quimica-y-violencia-sexual-contra-las-mujeres-que-se-celebraran-los-dias-30-y-31-de-mayo\/\" \/>\n<meta property=\"og:locale\" content=\"es_ES\" \/>\n<meta property=\"og:type\" content=\"article\" \/>\n<meta property=\"og:title\" content=\"Abiertas las inscripciones para las jornadas sobre sumisi\u00f3n qu\u00edmica y violencia sexual contra las mujeres que se celebrar\u00e1n los d\u00edas 30 y 31 de mayo\" \/>\n<meta property=\"og:description\" content=\"El Ayuntamiento de Pamplona organiza este encuentro en el Colegio de M\u00e9dicos, en el marco del Pacto de Estado contra la violencia de g\u00e9nero\" \/>\n<meta property=\"og:url\" content=\"https:\/\/www.laguiadepamplona.com\/actualidad\/abiertas-las-inscripciones-para-las-jornadas-sobre-sumision-quimica-y-violencia-sexual-contra-las-mujeres-que-se-celebraran-los-dias-30-y-31-de-mayo\/\" \/>\n<meta property=\"og:site_name\" content=\"La Gu\u00eda de Pamplona\" \/>\n<meta property=\"article:publisher\" content=\"https:\/\/www.facebook.com\/laguiadepamplonacom-133175176762273\/?ref=hl\" \/>\n<meta property=\"article:published_time\" content=\"2022-05-18T15:55:03+00:00\" \/>\n<meta property=\"article:modified_time\" content=\"2023-04-11T09:48:10+00:00\" \/>\n<meta property=\"og:image\" content=\"https:\/\/www.laguiadepamplona.com\/actualidad\/wp-content\/uploads\/2022\/05\/JORNADAS22_page-0001.webp\" \/>\n\t<meta property=\"og:image:width\" content=\"1357\" \/>\n\t<meta property=\"og:image:height\" content=\"1920\" \/>\n\t<meta property=\"og:image:type\" content=\"image\/webp\" \/>\n<meta name=\"author\" content=\"La Gu\u00eda de Pamplona\" \/>\n<meta name=\"twitter:card\" content=\"summary_large_image\" \/>\n<meta name=\"twitter:creator\" content=\"@LaGuiadPamplona\" \/>\n<meta name=\"twitter:site\" content=\"@LaGuiadPamplona\" \/>\n<meta name=\"twitter:label1\" content=\"Escrito por\" \/>\n\t<meta name=\"twitter:data1\" content=\"La Gu\u00eda de Pamplona\" \/>\n\t<meta name=\"twitter:label2\" content=\"Tiempo de lectura\" \/>\n\t<meta name=\"twitter:data2\" content=\"3 minutos\" \/>\n<script type=\"application\/ld+json\" class=\"yoast-schema-graph\">{\"@context\":\"https:\\\/\\\/schema.org\",\"@graph\":[{\"@type\":\"Article\",\"@id\":\"https:\\\/\\\/www.laguiadepamplona.com\\\/actualidad\\\/abiertas-las-inscripciones-para-las-jornadas-sobre-sumision-quimica-y-violencia-sexual-contra-las-mujeres-que-se-celebraran-los-dias-30-y-31-de-mayo\\\/#article\",\"isPartOf\":{\"@id\":\"https:\\\/\\\/www.laguiadepamplona.com\\\/actualidad\\\/abiertas-las-inscripciones-para-las-jornadas-sobre-sumision-quimica-y-violencia-sexual-contra-las-mujeres-que-se-celebraran-los-dias-30-y-31-de-mayo\\\/\"},\"author\":{\"name\":\"La Gu\u00eda de Pamplona\",\"@id\":\"https:\\\/\\\/www.laguiadepamplona.com\\\/actualidad\\\/#\\\/schema\\\/person\\\/efe887376f0213d4657c93adc50b1fdb\"},\"headline\":\"Abiertas las inscripciones para las jornadas sobre sumisi\u00f3n qu\u00edmica y violencia sexual contra las mujeres que se celebrar\u00e1n los d\u00edas 30 y 31 de mayo\",\"datePublished\":\"2022-05-18T15:55:03+00:00\",\"dateModified\":\"2023-04-11T09:48:10+00:00\",\"mainEntityOfPage\":{\"@id\":\"https:\\\/\\\/www.laguiadepamplona.com\\\/actualidad\\\/abiertas-las-inscripciones-para-las-jornadas-sobre-sumision-quimica-y-violencia-sexual-contra-las-mujeres-que-se-celebraran-los-dias-30-y-31-de-mayo\\\/\"},\"wordCount\":579,\"commentCount\":0,\"publisher\":{\"@id\":\"https:\\\/\\\/www.laguiadepamplona.com\\\/actualidad\\\/#organization\"},\"image\":{\"@id\":\"https:\\\/\\\/www.laguiadepamplona.com\\\/actualidad\\\/abiertas-las-inscripciones-para-las-jornadas-sobre-sumision-quimica-y-violencia-sexual-contra-las-mujeres-que-se-celebraran-los-dias-30-y-31-de-mayo\\\/#primaryimage\"},\"thumbnailUrl\":\"https:\\\/\\\/www.laguiadepamplona.com\\\/actualidad\\\/wp-content\\\/uploads\\\/2022\\\/05\\\/JORNADAS22_page-0001.webp\",\"articleSection\":[\"Ayto Pamplona\"],\"inLanguage\":\"es\",\"potentialAction\":[{\"@type\":\"CommentAction\",\"name\":\"Comment\",\"target\":[\"https:\\\/\\\/www.laguiadepamplona.com\\\/actualidad\\\/abiertas-las-inscripciones-para-las-jornadas-sobre-sumision-quimica-y-violencia-sexual-contra-las-mujeres-que-se-celebraran-los-dias-30-y-31-de-mayo\\\/#respond\"]}]},{\"@type\":\"WebPage\",\"@id\":\"https:\\\/\\\/www.laguiadepamplona.com\\\/actualidad\\\/abiertas-las-inscripciones-para-las-jornadas-sobre-sumision-quimica-y-violencia-sexual-contra-las-mujeres-que-se-celebraran-los-dias-30-y-31-de-mayo\\\/\",\"url\":\"https:\\\/\\\/www.laguiadepamplona.com\\\/actualidad\\\/abiertas-las-inscripciones-para-las-jornadas-sobre-sumision-quimica-y-violencia-sexual-contra-las-mujeres-que-se-celebraran-los-dias-30-y-31-de-mayo\\\/\",\"name\":\"Abiertas las inscripciones para las jornadas sobre sumisi\u00f3n qu\u00edmica y violencia sexual contra las mujeres que se celebrar\u00e1n los d\u00edas 30 y 31 de mayo\",\"isPartOf\":{\"@id\":\"https:\\\/\\\/www.laguiadepamplona.com\\\/actualidad\\\/#website\"},\"primaryImageOfPage\":{\"@id\":\"https:\\\/\\\/www.laguiadepamplona.com\\\/actualidad\\\/abiertas-las-inscripciones-para-las-jornadas-sobre-sumision-quimica-y-violencia-sexual-contra-las-mujeres-que-se-celebraran-los-dias-30-y-31-de-mayo\\\/#primaryimage\"},\"image\":{\"@id\":\"https:\\\/\\\/www.laguiadepamplona.com\\\/actualidad\\\/abiertas-las-inscripciones-para-las-jornadas-sobre-sumision-quimica-y-violencia-sexual-contra-las-mujeres-que-se-celebraran-los-dias-30-y-31-de-mayo\\\/#primaryimage\"},\"thumbnailUrl\":\"https:\\\/\\\/www.laguiadepamplona.com\\\/actualidad\\\/wp-content\\\/uploads\\\/2022\\\/05\\\/JORNADAS22_page-0001.webp\",\"datePublished\":\"2022-05-18T15:55:03+00:00\",\"dateModified\":\"2023-04-11T09:48:10+00:00\",\"description\":\"El Ayuntamiento de Pamplona organiza este encuentro en el Colegio de M\u00e9dicos, en el marco del Pacto de Estado contra la violencia de g\u00e9nero\",\"breadcrumb\":{\"@id\":\"https:\\\/\\\/www.laguiadepamplona.com\\\/actualidad\\\/abiertas-las-inscripciones-para-las-jornadas-sobre-sumision-quimica-y-violencia-sexual-contra-las-mujeres-que-se-celebraran-los-dias-30-y-31-de-mayo\\\/#breadcrumb\"},\"inLanguage\":\"es\",\"potentialAction\":[{\"@type\":\"ReadAction\",\"target\":[\"https:\\\/\\\/www.laguiadepamplona.com\\\/actualidad\\\/abiertas-las-inscripciones-para-las-jornadas-sobre-sumision-quimica-y-violencia-sexual-contra-las-mujeres-que-se-celebraran-los-dias-30-y-31-de-mayo\\\/\"]}]},{\"@type\":\"ImageObject\",\"inLanguage\":\"es\",\"@id\":\"https:\\\/\\\/www.laguiadepamplona.com\\\/actualidad\\\/abiertas-las-inscripciones-para-las-jornadas-sobre-sumision-quimica-y-violencia-sexual-contra-las-mujeres-que-se-celebraran-los-dias-30-y-31-de-mayo\\\/#primaryimage\",\"url\":\"https:\\\/\\\/www.laguiadepamplona.com\\\/actualidad\\\/wp-content\\\/uploads\\\/2022\\\/05\\\/JORNADAS22_page-0001.webp\",\"contentUrl\":\"https:\\\/\\\/www.laguiadepamplona.com\\\/actualidad\\\/wp-content\\\/uploads\\\/2022\\\/05\\\/JORNADAS22_page-0001.webp\",\"width\":1357,\"height\":1920},{\"@type\":\"BreadcrumbList\",\"@id\":\"https:\\\/\\\/www.laguiadepamplona.com\\\/actualidad\\\/abiertas-las-inscripciones-para-las-jornadas-sobre-sumision-quimica-y-violencia-sexual-contra-las-mujeres-que-se-celebraran-los-dias-30-y-31-de-mayo\\\/#breadcrumb\",\"itemListElement\":[{\"@type\":\"ListItem\",\"position\":1,\"name\":\"Portada\",\"item\":\"https:\\\/\\\/www.laguiadepamplona.com\\\/actualidad\\\/\"},{\"@type\":\"ListItem\",\"position\":2,\"name\":\"Abiertas las inscripciones para las jornadas sobre sumisi\u00f3n qu\u00edmica y violencia sexual contra las mujeres que se celebrar\u00e1n los d\u00edas 30 y 31 de mayo\"}]},{\"@type\":\"WebSite\",\"@id\":\"https:\\\/\\\/www.laguiadepamplona.com\\\/actualidad\\\/#website\",\"url\":\"https:\\\/\\\/www.laguiadepamplona.com\\\/actualidad\\\/\",\"name\":\"La gu\u00eda de Pamplona\",\"description\":\"Noticias de Pamplona\",\"publisher\":{\"@id\":\"https:\\\/\\\/www.laguiadepamplona.com\\\/actualidad\\\/#organization\"},\"potentialAction\":[{\"@type\":\"SearchAction\",\"target\":{\"@type\":\"EntryPoint\",\"urlTemplate\":\"https:\\\/\\\/www.laguiadepamplona.com\\\/actualidad\\\/?s={search_term_string}\"},\"query-input\":{\"@type\":\"PropertyValueSpecification\",\"valueRequired\":true,\"valueName\":\"search_term_string\"}}],\"inLanguage\":\"es\"},{\"@type\":\"Organization\",\"@id\":\"https:\\\/\\\/www.laguiadepamplona.com\\\/actualidad\\\/#organization\",\"name\":\"La Gu\u00eda de Pamplona \\\/ Noticias\",\"url\":\"https:\\\/\\\/www.laguiadepamplona.com\\\/actualidad\\\/\",\"logo\":{\"@type\":\"ImageObject\",\"inLanguage\":\"es\",\"@id\":\"https:\\\/\\\/www.laguiadepamplona.com\\\/actualidad\\\/#\\\/schema\\\/logo\\\/image\\\/\",\"url\":\"https:\\\/\\\/www.laguiadepamplona.com\\\/actualidad\\\/wp-content\\\/uploads\\\/2018\\\/11\\\/logo-laguiadepamplona18-web1.png\",\"contentUrl\":\"https:\\\/\\\/www.laguiadepamplona.com\\\/actualidad\\\/wp-content\\\/uploads\\\/2018\\\/11\\\/logo-laguiadepamplona18-web1.png\",\"width\":600,\"height\":196,\"caption\":\"La Gu\u00eda de Pamplona \\\/ Noticias\"},\"image\":{\"@id\":\"https:\\\/\\\/www.laguiadepamplona.com\\\/actualidad\\\/#\\\/schema\\\/logo\\\/image\\\/\"},\"sameAs\":[\"https:\\\/\\\/www.facebook.com\\\/laguiadepamplonacom-133175176762273\\\/?ref=hl\",\"https:\\\/\\\/x.com\\\/LaGuiadPamplona\",\"https:\\\/\\\/www.instagram.com\\\/la_guia_de_pamplona\\\/\",\"https:\\\/\\\/www.youtube.com\\\/user\\\/laguiadepamplona\"]},{\"@type\":\"Person\",\"@id\":\"https:\\\/\\\/www.laguiadepamplona.com\\\/actualidad\\\/#\\\/schema\\\/person\\\/efe887376f0213d4657c93adc50b1fdb\",\"name\":\"La Gu\u00eda de Pamplona\",\"image\":{\"@type\":\"ImageObject\",\"inLanguage\":\"es\",\"@id\":\"https:\\\/\\\/secure.gravatar.com\\\/avatar\\\/b6992f131dc8d30ab0dff15446e9d346d9dbd95992de0fef795073f5ea83a81c?s=96&d=mm&r=g\",\"url\":\"https:\\\/\\\/secure.gravatar.com\\\/avatar\\\/b6992f131dc8d30ab0dff15446e9d346d9dbd95992de0fef795073f5ea83a81c?s=96&d=mm&r=g\",\"contentUrl\":\"https:\\\/\\\/secure.gravatar.com\\\/avatar\\\/b6992f131dc8d30ab0dff15446e9d346d9dbd95992de0fef795073f5ea83a81c?s=96&d=mm&r=g\",\"caption\":\"La Gu\u00eda de Pamplona\"}}]}<\/script>\n<!-- \/ Yoast SEO plugin. -->","yoast_head_json":{"title":"Abiertas las inscripciones para las jornadas sobre sumisi\u00f3n qu\u00edmica y violencia sexual contra las mujeres que se celebrar\u00e1n los d\u00edas 30 y 31 de mayo","description":"El Ayuntamiento de Pamplona organiza este encuentro en el Colegio de M\u00e9dicos, en el marco del Pacto de Estado contra la violencia de g\u00e9nero","robots":{"index":"index","follow":"follow","max-snippet":"max-snippet:-1","max-image-preview":"max-image-preview:large","max-video-preview":"max-video-preview:-1"},"canonical":"https:\/\/www.laguiadepamplona.com\/actualidad\/abiertas-las-inscripciones-para-las-jornadas-sobre-sumision-quimica-y-violencia-sexual-contra-las-mujeres-que-se-celebraran-los-dias-30-y-31-de-mayo\/","og_locale":"es_ES","og_type":"article","og_title":"Abiertas las inscripciones para las jornadas sobre sumisi\u00f3n qu\u00edmica y violencia sexual contra las mujeres que se celebrar\u00e1n los d\u00edas 30 y 31 de mayo","og_description":"El Ayuntamiento de Pamplona organiza este encuentro en el Colegio de M\u00e9dicos, en el marco del Pacto de Estado contra la violencia de g\u00e9nero","og_url":"https:\/\/www.laguiadepamplona.com\/actualidad\/abiertas-las-inscripciones-para-las-jornadas-sobre-sumision-quimica-y-violencia-sexual-contra-las-mujeres-que-se-celebraran-los-dias-30-y-31-de-mayo\/","og_site_name":"La Gu\u00eda de Pamplona","article_publisher":"https:\/\/www.facebook.com\/laguiadepamplonacom-133175176762273\/?ref=hl","article_published_time":"2022-05-18T15:55:03+00:00","article_modified_time":"2023-04-11T09:48:10+00:00","og_image":[{"width":1357,"height":1920,"url":"https:\/\/www.laguiadepamplona.com\/actualidad\/wp-content\/uploads\/2022\/05\/JORNADAS22_page-0001.webp","type":"image\/webp"}],"author":"La Gu\u00eda de Pamplona","twitter_card":"summary_large_image","twitter_creator":"@LaGuiadPamplona","twitter_site":"@LaGuiadPamplona","twitter_misc":{"Escrito por":"La Gu\u00eda de Pamplona","Tiempo de lectura":"3 minutos"},"schema":{"@context":"https:\/\/schema.org","@graph":[{"@type":"Article","@id":"https:\/\/www.laguiadepamplona.com\/actualidad\/abiertas-las-inscripciones-para-las-jornadas-sobre-sumision-quimica-y-violencia-sexual-contra-las-mujeres-que-se-celebraran-los-dias-30-y-31-de-mayo\/#article","isPartOf":{"@id":"https:\/\/www.laguiadepamplona.com\/actualidad\/abiertas-las-inscripciones-para-las-jornadas-sobre-sumision-quimica-y-violencia-sexual-contra-las-mujeres-que-se-celebraran-los-dias-30-y-31-de-mayo\/"},"author":{"name":"La Gu\u00eda de Pamplona","@id":"https:\/\/www.laguiadepamplona.com\/actualidad\/#\/schema\/person\/efe887376f0213d4657c93adc50b1fdb"},"headline":"Abiertas las inscripciones para las jornadas sobre sumisi\u00f3n qu\u00edmica y violencia sexual contra las mujeres que se celebrar\u00e1n los d\u00edas 30 y 31 de mayo","datePublished":"2022-05-18T15:55:03+00:00","dateModified":"2023-04-11T09:48:10+00:00","mainEntityOfPage":{"@id":"https:\/\/www.laguiadepamplona.com\/actualidad\/abiertas-las-inscripciones-para-las-jornadas-sobre-sumision-quimica-y-violencia-sexual-contra-las-mujeres-que-se-celebraran-los-dias-30-y-31-de-mayo\/"},"wordCount":579,"commentCount":0,"publisher":{"@id":"https:\/\/www.laguiadepamplona.com\/actualidad\/#organization"},"image":{"@id":"https:\/\/www.laguiadepamplona.com\/actualidad\/abiertas-las-inscripciones-para-las-jornadas-sobre-sumision-quimica-y-violencia-sexual-contra-las-mujeres-que-se-celebraran-los-dias-30-y-31-de-mayo\/#primaryimage"},"thumbnailUrl":"https:\/\/www.laguiadepamplona.com\/actualidad\/wp-content\/uploads\/2022\/05\/JORNADAS22_page-0001.webp","articleSection":["Ayto Pamplona"],"inLanguage":"es","potentialAction":[{"@type":"CommentAction","name":"Comment","target":["https:\/\/www.laguiadepamplona.com\/actualidad\/abiertas-las-inscripciones-para-las-jornadas-sobre-sumision-quimica-y-violencia-sexual-contra-las-mujeres-que-se-celebraran-los-dias-30-y-31-de-mayo\/#respond"]}]},{"@type":"WebPage","@id":"https:\/\/www.laguiadepamplona.com\/actualidad\/abiertas-las-inscripciones-para-las-jornadas-sobre-sumision-quimica-y-violencia-sexual-contra-las-mujeres-que-se-celebraran-los-dias-30-y-31-de-mayo\/","url":"https:\/\/www.laguiadepamplona.com\/actualidad\/abiertas-las-inscripciones-para-las-jornadas-sobre-sumision-quimica-y-violencia-sexual-contra-las-mujeres-que-se-celebraran-los-dias-30-y-31-de-mayo\/","name":"Abiertas las inscripciones para las jornadas sobre sumisi\u00f3n qu\u00edmica y violencia sexual contra las mujeres que se celebrar\u00e1n los d\u00edas 30 y 31 de mayo","isPartOf":{"@id":"https:\/\/www.laguiadepamplona.com\/actualidad\/#website"},"primaryImageOfPage":{"@id":"https:\/\/www.laguiadepamplona.com\/actualidad\/abiertas-las-inscripciones-para-las-jornadas-sobre-sumision-quimica-y-violencia-sexual-contra-las-mujeres-que-se-celebraran-los-dias-30-y-31-de-mayo\/#primaryimage"},"image":{"@id":"https:\/\/www.laguiadepamplona.com\/actualidad\/abiertas-las-inscripciones-para-las-jornadas-sobre-sumision-quimica-y-violencia-sexual-contra-las-mujeres-que-se-celebraran-los-dias-30-y-31-de-mayo\/#primaryimage"},"thumbnailUrl":"https:\/\/www.laguiadepamplona.com\/actualidad\/wp-content\/uploads\/2022\/05\/JORNADAS22_page-0001.webp","datePublished":"2022-05-18T15:55:03+00:00","dateModified":"2023-04-11T09:48:10+00:00","description":"El Ayuntamiento de Pamplona organiza este encuentro en el Colegio de M\u00e9dicos, en el marco del Pacto de Estado contra la violencia de g\u00e9nero","breadcrumb":{"@id":"https:\/\/www.laguiadepamplona.com\/actualidad\/abiertas-las-inscripciones-para-las-jornadas-sobre-sumision-quimica-y-violencia-sexual-contra-las-mujeres-que-se-celebraran-los-dias-30-y-31-de-mayo\/#breadcrumb"},"inLanguage":"es","potentialAction":[{"@type":"ReadAction","target":["https:\/\/www.laguiadepamplona.com\/actualidad\/abiertas-las-inscripciones-para-las-jornadas-sobre-sumision-quimica-y-violencia-sexual-contra-las-mujeres-que-se-celebraran-los-dias-30-y-31-de-mayo\/"]}]},{"@type":"ImageObject","inLanguage":"es","@id":"https:\/\/www.laguiadepamplona.com\/actualidad\/abiertas-las-inscripciones-para-las-jornadas-sobre-sumision-quimica-y-violencia-sexual-contra-las-mujeres-que-se-celebraran-los-dias-30-y-31-de-mayo\/#primaryimage","url":"https:\/\/www.laguiadepamplona.com\/actualidad\/wp-content\/uploads\/2022\/05\/JORNADAS22_page-0001.webp","contentUrl":"https:\/\/www.laguiadepamplona.com\/actualidad\/wp-content\/uploads\/2022\/05\/JORNADAS22_page-0001.webp","width":1357,"height":1920},{"@type":"BreadcrumbList","@id":"https:\/\/www.laguiadepamplona.com\/actualidad\/abiertas-las-inscripciones-para-las-jornadas-sobre-sumision-quimica-y-violencia-sexual-contra-las-mujeres-que-se-celebraran-los-dias-30-y-31-de-mayo\/#breadcrumb","itemListElement":[{"@type":"ListItem","position":1,"name":"Portada","item":"https:\/\/www.laguiadepamplona.com\/actualidad\/"},{"@type":"ListItem","position":2,"name":"Abiertas las inscripciones para las jornadas sobre sumisi\u00f3n qu\u00edmica y violencia sexual contra las mujeres que se celebrar\u00e1n los d\u00edas 30 y 31 de mayo"}]},{"@type":"WebSite","@id":"https:\/\/www.laguiadepamplona.com\/actualidad\/#website","url":"https:\/\/www.laguiadepamplona.com\/actualidad\/","name":"La gu\u00eda de Pamplona","description":"Noticias de Pamplona","publisher":{"@id":"https:\/\/www.laguiadepamplona.com\/actualidad\/#organization"},"potentialAction":[{"@type":"SearchAction","target":{"@type":"EntryPoint","urlTemplate":"https:\/\/www.laguiadepamplona.com\/actualidad\/?s={search_term_string}"},"query-input":{"@type":"PropertyValueSpecification","valueRequired":true,"valueName":"search_term_string"}}],"inLanguage":"es"},{"@type":"Organization","@id":"https:\/\/www.laguiadepamplona.com\/actualidad\/#organization","name":"La Gu\u00eda de Pamplona \/ Noticias","url":"https:\/\/www.laguiadepamplona.com\/actualidad\/","logo":{"@type":"ImageObject","inLanguage":"es","@id":"https:\/\/www.laguiadepamplona.com\/actualidad\/#\/schema\/logo\/image\/","url":"https:\/\/www.laguiadepamplona.com\/actualidad\/wp-content\/uploads\/2018\/11\/logo-laguiadepamplona18-web1.png","contentUrl":"https:\/\/www.laguiadepamplona.com\/actualidad\/wp-content\/uploads\/2018\/11\/logo-laguiadepamplona18-web1.png","width":600,"height":196,"caption":"La Gu\u00eda de Pamplona \/ Noticias"},"image":{"@id":"https:\/\/www.laguiadepamplona.com\/actualidad\/#\/schema\/logo\/image\/"},"sameAs":["https:\/\/www.facebook.com\/laguiadepamplonacom-133175176762273\/?ref=hl","https:\/\/x.com\/LaGuiadPamplona","https:\/\/www.instagram.com\/la_guia_de_pamplona\/","https:\/\/www.youtube.com\/user\/laguiadepamplona"]},{"@type":"Person","@id":"https:\/\/www.laguiadepamplona.com\/actualidad\/#\/schema\/person\/efe887376f0213d4657c93adc50b1fdb","name":"La Gu\u00eda de Pamplona","image":{"@type":"ImageObject","inLanguage":"es","@id":"https:\/\/secure.gravatar.com\/avatar\/b6992f131dc8d30ab0dff15446e9d346d9dbd95992de0fef795073f5ea83a81c?s=96&d=mm&r=g","url":"https:\/\/secure.gravatar.com\/avatar\/b6992f131dc8d30ab0dff15446e9d346d9dbd95992de0fef795073f5ea83a81c?s=96&d=mm&r=g","contentUrl":"https:\/\/secure.gravatar.com\/avatar\/b6992f131dc8d30ab0dff15446e9d346d9dbd95992de0fef795073f5ea83a81c?s=96&d=mm&r=g","caption":"La Gu\u00eda de Pamplona"}}]}},"post_mailing_queue_ids":[],"_links":{"self":[{"href":"https:\/\/www.laguiadepamplona.com\/actualidad\/wp-json\/wp\/v2\/posts\/40392","targetHints":{"allow":["GET"]}}],"collection":[{"href":"https:\/\/www.laguiadepamplona.com\/actualidad\/wp-json\/wp\/v2\/posts"}],"about":[{"href":"https:\/\/www.laguiadepamplona.com\/actualidad\/wp-json\/wp\/v2\/types\/post"}],"author":[{"embeddable":true,"href":"https:\/\/www.laguiadepamplona.com\/actualidad\/wp-json\/wp\/v2\/users\/1"}],"replies":[{"embeddable":true,"href":"https:\/\/www.laguiadepamplona.com\/actualidad\/wp-json\/wp\/v2\/comments?post=40392"}],"version-history":[{"count":0,"href":"https:\/\/www.laguiadepamplona.com\/actualidad\/wp-json\/wp\/v2\/posts\/40392\/revisions"}],"wp:featuredmedia":[{"embeddable":true,"href":"https:\/\/www.laguiadepamplona.com\/actualidad\/wp-json\/wp\/v2\/media\/40393"}],"wp:attachment":[{"href":"https:\/\/www.laguiadepamplona.com\/actualidad\/wp-json\/wp\/v2\/media?parent=40392"}],"wp:term":[{"taxonomy":"category","embeddable":true,"href":"https:\/\/www.laguiadepamplona.com\/actualidad\/wp-json\/wp\/v2\/categories?post=40392"},{"taxonomy":"post_tag","embeddable":true,"href":"https:\/\/www.laguiadepamplona.com\/actualidad\/wp-json\/wp\/v2\/tags?post=40392"}],"curies":[{"name":"wp","href":"https:\/\/api.w.org\/{rel}","templated":true}]}}