{"id":40389,"date":"2022-05-18T17:52:30","date_gmt":"2022-05-18T15:52:30","guid":{"rendered":"https:\/\/www.laguiadepamplona.com\/actualidad\/?p=40389"},"modified":"2023-04-11T11:48:10","modified_gmt":"2023-04-11T09:48:10","slug":"comienzan-los-trabajos-para-la-colocacion-de-un-mastil-y-una-gran-bandera-de-navarra-en-la-plaza-de-los-fueros","status":"publish","type":"post","link":"https:\/\/www.laguiadepamplona.com\/actualidad\/comienzan-los-trabajos-para-la-colocacion-de-un-mastil-y-una-gran-bandera-de-navarra-en-la-plaza-de-los-fueros\/","title":{"rendered":"Comienzan los trabajos para la colocaci\u00f3n de un m\u00e1stil y una gran bandera de Navarra en la plaza de los Fueros"},"content":{"rendered":"<h5>La bandera tendr\u00e1 unas dimensiones de 8 x 12 metros y el m\u00e1stil alcanzar\u00e1 una altura de 30 metros<\/h5>\n<p><!--more--><\/p>\n<p>Esta semana han comenzado los trabajos para la preparaci\u00f3n de la base que sustentar\u00e1 el m\u00e1stil y la gran bandera de Navarra que el Ayuntamiento de Pamplona va a colocar en la plaza de los Fueros. El m\u00e1stil tendr\u00e1 una altura de 30 metros y la bandera contar\u00e1 con unas dimensiones de 8 x 12 metros. Se ubicar\u00e1, concretamente, en un extremo de la plaza de los Fueros pr\u00f3ximo a la avenida de Zaragoza, hacia la plaza de Pr\u00edncipe de Viana.<br \/>\n<script async src=\"\/\/pagead2.googlesyndication.com\/pagead\/js\/adsbygoogle.js\"><\/script><br \/>\n<!-- Noticias La Guia de Pamplona --><br \/>\n<ins class=\"adsbygoogle\"\nstyle=\"display:block\"\ndata-ad-client=\"ca-pub-6943679897239327\"\ndata-ad-slot=\"7048180777\"\ndata-ad-format=\"auto\"><\/ins><br \/>\n<script>\n(adsbygoogle = window.adsbygoogle || []).push({});\n<\/script><\/p>\n<p>Durante estos d\u00edas se trabaja en la excavaci\u00f3n de la cimentaci\u00f3n del conjunto. El soporte de la cimentaci\u00f3n se llevar\u00e1 a cabo mediante la mejora de las condiciones del terreno, lo que se obtendr\u00e1 con la implantaci\u00f3n\u00a0de un ligero micropilotaje. Esa base del m\u00e1stil dispondr\u00e1, adicionalmente, de proyectores de iluminaci\u00f3n para la bandera. Estas labores las est\u00e1 ejecutando el propio Servicio de Obras del Ayuntamiento de Pamplona.<\/p>\n<p>Los trabajos relativos al m\u00e1stil y a la bandera los lleva a cabo la empresa Iberti, especialista en este tipo de instalaciones. El m\u00e1stil ser\u00e1 de acero al carbono galvanizado y lacado y cuenta con una driza interna motorizada para el izado y arriado de la bandera. En la parte superior cuenta con luz de obst\u00e1culo de aviaci\u00f3n y pararrayos.<br \/>\n<script async src=\"\/\/pagead2.googlesyndication.com\/pagead\/js\/adsbygoogle.js\"><\/script><br \/>\n<!-- Noticias La Guia de Pamplona --><br \/>\n<ins class=\"adsbygoogle\"\nstyle=\"display:block\"\ndata-ad-client=\"ca-pub-6943679897239327\"\ndata-ad-slot=\"7048180777\"\ndata-ad-format=\"auto\"><\/ins><br \/>\n<script>\n(adsbygoogle = window.adsbygoogle || []).push({});\n<\/script><\/p>\n<p>El presupuesto del m\u00e1stil, la bandera, el transporte, la instalaci\u00f3n y el proyecto de fabricaci\u00f3n e instalaci\u00f3n visado por el colegio oficial correspondiente asciende a 75.000 euros, a los que hay que sumar los gastos derivados de las labores de cimentaci\u00f3n. En total, el presupuesto de esta iniciativa rondar\u00e1 los 100.000 euros.<\/p>\n","protected":false},"excerpt":{"rendered":"<p>La bandera tendr\u00e1 unas dimensiones de 8 x 12 metros y el m\u00e1stil alcanzar\u00e1 una altura de 30 metros<\/p>\n","protected":false},"author":1,"featured_media":40390,"comment_status":"open","ping_status":"closed","sticky":false,"template":"","format":"standard","meta":{"footnotes":""},"categories":[2],"tags":[],"class_list":["post-40389","post","type-post","status-publish","format-standard","has-post-thumbnail","hentry","category-ayuntamiento-pamplona"],"yoast_head":"<!-- This site is optimized with the Yoast SEO plugin v27.3 - https:\/\/yoast.com\/product\/yoast-seo-wordpress\/ -->\n<title>Comienzan los trabajos para la colocaci\u00f3n de un m\u00e1stil y una gran bandera de Navarra en la plaza de los Fueros<\/title>\n<meta name=\"description\" content=\"La bandera tendr\u00e1 unas dimensiones de 8 x 12 metros y el m\u00e1stil alcanzar\u00e1 una altura de 30 metros\" \/>\n<meta name=\"robots\" content=\"index, follow, max-snippet:-1, max-image-preview:large, max-video-preview:-1\" \/>\n<link rel=\"canonical\" href=\"https:\/\/www.laguiadepamplona.com\/actualidad\/comienzan-los-trabajos-para-la-colocacion-de-un-mastil-y-una-gran-bandera-de-navarra-en-la-plaza-de-los-fueros\/\" \/>\n<meta property=\"og:locale\" content=\"es_ES\" \/>\n<meta property=\"og:type\" content=\"article\" \/>\n<meta property=\"og:title\" content=\"Comienzan los trabajos para la colocaci\u00f3n de un m\u00e1stil y una gran bandera de Navarra en la plaza de los Fueros\" \/>\n<meta property=\"og:description\" content=\"La bandera tendr\u00e1 unas dimensiones de 8 x 12 metros y el m\u00e1stil alcanzar\u00e1 una altura de 30 metros\" \/>\n<meta property=\"og:url\" content=\"https:\/\/www.laguiadepamplona.com\/actualidad\/comienzan-los-trabajos-para-la-colocacion-de-un-mastil-y-una-gran-bandera-de-navarra-en-la-plaza-de-los-fueros\/\" \/>\n<meta property=\"og:site_name\" content=\"La Gu\u00eda de Pamplona\" \/>\n<meta property=\"article:publisher\" content=\"https:\/\/www.facebook.com\/laguiadepamplonacom-133175176762273\/?ref=hl\" \/>\n<meta property=\"article:published_time\" content=\"2022-05-18T15:52:30+00:00\" \/>\n<meta property=\"article:modified_time\" content=\"2023-04-11T09:48:10+00:00\" \/>\n<meta property=\"og:image\" content=\"https:\/\/www.laguiadepamplona.com\/actualidad\/wp-content\/uploads\/2022\/05\/22.05.18_plaza_fueros_sitna.jpg\" \/>\n\t<meta property=\"og:image:width\" content=\"1295\" \/>\n\t<meta property=\"og:image:height\" content=\"793\" \/>\n\t<meta property=\"og:image:type\" content=\"image\/jpeg\" \/>\n<meta name=\"author\" content=\"La Gu\u00eda de Pamplona\" \/>\n<meta name=\"twitter:card\" content=\"summary_large_image\" \/>\n<meta name=\"twitter:creator\" content=\"@LaGuiadPamplona\" \/>\n<meta name=\"twitter:site\" content=\"@LaGuiadPamplona\" \/>\n<meta name=\"twitter:label1\" content=\"Escrito por\" \/>\n\t<meta name=\"twitter:data1\" content=\"La Gu\u00eda de Pamplona\" \/>\n\t<meta name=\"twitter:label2\" content=\"Tiempo de lectura\" \/>\n\t<meta name=\"twitter:data2\" content=\"2 minutos\" \/>\n<script type=\"application\/ld+json\" class=\"yoast-schema-graph\">{\"@context\":\"https:\\\/\\\/schema.org\",\"@graph\":[{\"@type\":\"Article\",\"@id\":\"https:\\\/\\\/www.laguiadepamplona.com\\\/actualidad\\\/comienzan-los-trabajos-para-la-colocacion-de-un-mastil-y-una-gran-bandera-de-navarra-en-la-plaza-de-los-fueros\\\/#article\",\"isPartOf\":{\"@id\":\"https:\\\/\\\/www.laguiadepamplona.com\\\/actualidad\\\/comienzan-los-trabajos-para-la-colocacion-de-un-mastil-y-una-gran-bandera-de-navarra-en-la-plaza-de-los-fueros\\\/\"},\"author\":{\"name\":\"La Gu\u00eda de Pamplona\",\"@id\":\"https:\\\/\\\/www.laguiadepamplona.com\\\/actualidad\\\/#\\\/schema\\\/person\\\/efe887376f0213d4657c93adc50b1fdb\"},\"headline\":\"Comienzan los trabajos para la colocaci\u00f3n de un m\u00e1stil y una gran bandera de Navarra en la plaza de los Fueros\",\"datePublished\":\"2022-05-18T15:52:30+00:00\",\"dateModified\":\"2023-04-11T09:48:10+00:00\",\"mainEntityOfPage\":{\"@id\":\"https:\\\/\\\/www.laguiadepamplona.com\\\/actualidad\\\/comienzan-los-trabajos-para-la-colocacion-de-un-mastil-y-una-gran-bandera-de-navarra-en-la-plaza-de-los-fueros\\\/\"},\"wordCount\":317,\"commentCount\":0,\"publisher\":{\"@id\":\"https:\\\/\\\/www.laguiadepamplona.com\\\/actualidad\\\/#organization\"},\"image\":{\"@id\":\"https:\\\/\\\/www.laguiadepamplona.com\\\/actualidad\\\/comienzan-los-trabajos-para-la-colocacion-de-un-mastil-y-una-gran-bandera-de-navarra-en-la-plaza-de-los-fueros\\\/#primaryimage\"},\"thumbnailUrl\":\"https:\\\/\\\/www.laguiadepamplona.com\\\/actualidad\\\/wp-content\\\/uploads\\\/2022\\\/05\\\/22.05.18_plaza_fueros_sitna.jpg\",\"articleSection\":[\"Ayto Pamplona\"],\"inLanguage\":\"es\",\"potentialAction\":[{\"@type\":\"CommentAction\",\"name\":\"Comment\",\"target\":[\"https:\\\/\\\/www.laguiadepamplona.com\\\/actualidad\\\/comienzan-los-trabajos-para-la-colocacion-de-un-mastil-y-una-gran-bandera-de-navarra-en-la-plaza-de-los-fueros\\\/#respond\"]}]},{\"@type\":\"WebPage\",\"@id\":\"https:\\\/\\\/www.laguiadepamplona.com\\\/actualidad\\\/comienzan-los-trabajos-para-la-colocacion-de-un-mastil-y-una-gran-bandera-de-navarra-en-la-plaza-de-los-fueros\\\/\",\"url\":\"https:\\\/\\\/www.laguiadepamplona.com\\\/actualidad\\\/comienzan-los-trabajos-para-la-colocacion-de-un-mastil-y-una-gran-bandera-de-navarra-en-la-plaza-de-los-fueros\\\/\",\"name\":\"Comienzan los trabajos para la colocaci\u00f3n de un m\u00e1stil y una gran bandera de Navarra en la plaza de los Fueros\",\"isPartOf\":{\"@id\":\"https:\\\/\\\/www.laguiadepamplona.com\\\/actualidad\\\/#website\"},\"primaryImageOfPage\":{\"@id\":\"https:\\\/\\\/www.laguiadepamplona.com\\\/actualidad\\\/comienzan-los-trabajos-para-la-colocacion-de-un-mastil-y-una-gran-bandera-de-navarra-en-la-plaza-de-los-fueros\\\/#primaryimage\"},\"image\":{\"@id\":\"https:\\\/\\\/www.laguiadepamplona.com\\\/actualidad\\\/comienzan-los-trabajos-para-la-colocacion-de-un-mastil-y-una-gran-bandera-de-navarra-en-la-plaza-de-los-fueros\\\/#primaryimage\"},\"thumbnailUrl\":\"https:\\\/\\\/www.laguiadepamplona.com\\\/actualidad\\\/wp-content\\\/uploads\\\/2022\\\/05\\\/22.05.18_plaza_fueros_sitna.jpg\",\"datePublished\":\"2022-05-18T15:52:30+00:00\",\"dateModified\":\"2023-04-11T09:48:10+00:00\",\"description\":\"La bandera tendr\u00e1 unas dimensiones de 8 x 12 metros y el m\u00e1stil alcanzar\u00e1 una altura de 30 metros\",\"breadcrumb\":{\"@id\":\"https:\\\/\\\/www.laguiadepamplona.com\\\/actualidad\\\/comienzan-los-trabajos-para-la-colocacion-de-un-mastil-y-una-gran-bandera-de-navarra-en-la-plaza-de-los-fueros\\\/#breadcrumb\"},\"inLanguage\":\"es\",\"potentialAction\":[{\"@type\":\"ReadAction\",\"target\":[\"https:\\\/\\\/www.laguiadepamplona.com\\\/actualidad\\\/comienzan-los-trabajos-para-la-colocacion-de-un-mastil-y-una-gran-bandera-de-navarra-en-la-plaza-de-los-fueros\\\/\"]}]},{\"@type\":\"ImageObject\",\"inLanguage\":\"es\",\"@id\":\"https:\\\/\\\/www.laguiadepamplona.com\\\/actualidad\\\/comienzan-los-trabajos-para-la-colocacion-de-un-mastil-y-una-gran-bandera-de-navarra-en-la-plaza-de-los-fueros\\\/#primaryimage\",\"url\":\"https:\\\/\\\/www.laguiadepamplona.com\\\/actualidad\\\/wp-content\\\/uploads\\\/2022\\\/05\\\/22.05.18_plaza_fueros_sitna.jpg\",\"contentUrl\":\"https:\\\/\\\/www.laguiadepamplona.com\\\/actualidad\\\/wp-content\\\/uploads\\\/2022\\\/05\\\/22.05.18_plaza_fueros_sitna.jpg\",\"width\":1295,\"height\":793},{\"@type\":\"BreadcrumbList\",\"@id\":\"https:\\\/\\\/www.laguiadepamplona.com\\\/actualidad\\\/comienzan-los-trabajos-para-la-colocacion-de-un-mastil-y-una-gran-bandera-de-navarra-en-la-plaza-de-los-fueros\\\/#breadcrumb\",\"itemListElement\":[{\"@type\":\"ListItem\",\"position\":1,\"name\":\"Portada\",\"item\":\"https:\\\/\\\/www.laguiadepamplona.com\\\/actualidad\\\/\"},{\"@type\":\"ListItem\",\"position\":2,\"name\":\"Comienzan los trabajos para la colocaci\u00f3n de un m\u00e1stil y una gran bandera de Navarra en la plaza de los Fueros\"}]},{\"@type\":\"WebSite\",\"@id\":\"https:\\\/\\\/www.laguiadepamplona.com\\\/actualidad\\\/#website\",\"url\":\"https:\\\/\\\/www.laguiadepamplona.com\\\/actualidad\\\/\",\"name\":\"La gu\u00eda de Pamplona\",\"description\":\"Noticias de Pamplona\",\"publisher\":{\"@id\":\"https:\\\/\\\/www.laguiadepamplona.com\\\/actualidad\\\/#organization\"},\"potentialAction\":[{\"@type\":\"SearchAction\",\"target\":{\"@type\":\"EntryPoint\",\"urlTemplate\":\"https:\\\/\\\/www.laguiadepamplona.com\\\/actualidad\\\/?s={search_term_string}\"},\"query-input\":{\"@type\":\"PropertyValueSpecification\",\"valueRequired\":true,\"valueName\":\"search_term_string\"}}],\"inLanguage\":\"es\"},{\"@type\":\"Organization\",\"@id\":\"https:\\\/\\\/www.laguiadepamplona.com\\\/actualidad\\\/#organization\",\"name\":\"La Gu\u00eda de Pamplona \\\/ Noticias\",\"url\":\"https:\\\/\\\/www.laguiadepamplona.com\\\/actualidad\\\/\",\"logo\":{\"@type\":\"ImageObject\",\"inLanguage\":\"es\",\"@id\":\"https:\\\/\\\/www.laguiadepamplona.com\\\/actualidad\\\/#\\\/schema\\\/logo\\\/image\\\/\",\"url\":\"https:\\\/\\\/www.laguiadepamplona.com\\\/actualidad\\\/wp-content\\\/uploads\\\/2018\\\/11\\\/logo-laguiadepamplona18-web1.png\",\"contentUrl\":\"https:\\\/\\\/www.laguiadepamplona.com\\\/actualidad\\\/wp-content\\\/uploads\\\/2018\\\/11\\\/logo-laguiadepamplona18-web1.png\",\"width\":600,\"height\":196,\"caption\":\"La Gu\u00eda de Pamplona \\\/ Noticias\"},\"image\":{\"@id\":\"https:\\\/\\\/www.laguiadepamplona.com\\\/actualidad\\\/#\\\/schema\\\/logo\\\/image\\\/\"},\"sameAs\":[\"https:\\\/\\\/www.facebook.com\\\/laguiadepamplonacom-133175176762273\\\/?ref=hl\",\"https:\\\/\\\/x.com\\\/LaGuiadPamplona\",\"https:\\\/\\\/www.instagram.com\\\/la_guia_de_pamplona\\\/\",\"https:\\\/\\\/www.youtube.com\\\/user\\\/laguiadepamplona\"]},{\"@type\":\"Person\",\"@id\":\"https:\\\/\\\/www.laguiadepamplona.com\\\/actualidad\\\/#\\\/schema\\\/person\\\/efe887376f0213d4657c93adc50b1fdb\",\"name\":\"La Gu\u00eda de Pamplona\",\"image\":{\"@type\":\"ImageObject\",\"inLanguage\":\"es\",\"@id\":\"https:\\\/\\\/secure.gravatar.com\\\/avatar\\\/b6992f131dc8d30ab0dff15446e9d346d9dbd95992de0fef795073f5ea83a81c?s=96&d=mm&r=g\",\"url\":\"https:\\\/\\\/secure.gravatar.com\\\/avatar\\\/b6992f131dc8d30ab0dff15446e9d346d9dbd95992de0fef795073f5ea83a81c?s=96&d=mm&r=g\",\"contentUrl\":\"https:\\\/\\\/secure.gravatar.com\\\/avatar\\\/b6992f131dc8d30ab0dff15446e9d346d9dbd95992de0fef795073f5ea83a81c?s=96&d=mm&r=g\",\"caption\":\"La Gu\u00eda de Pamplona\"}}]}<\/script>\n<!-- \/ Yoast SEO plugin. -->","yoast_head_json":{"title":"Comienzan los trabajos para la colocaci\u00f3n de un m\u00e1stil y una gran bandera de Navarra en la plaza de los Fueros","description":"La bandera tendr\u00e1 unas dimensiones de 8 x 12 metros y el m\u00e1stil alcanzar\u00e1 una altura de 30 metros","robots":{"index":"index","follow":"follow","max-snippet":"max-snippet:-1","max-image-preview":"max-image-preview:large","max-video-preview":"max-video-preview:-1"},"canonical":"https:\/\/www.laguiadepamplona.com\/actualidad\/comienzan-los-trabajos-para-la-colocacion-de-un-mastil-y-una-gran-bandera-de-navarra-en-la-plaza-de-los-fueros\/","og_locale":"es_ES","og_type":"article","og_title":"Comienzan los trabajos para la colocaci\u00f3n de un m\u00e1stil y una gran bandera de Navarra en la plaza de los Fueros","og_description":"La bandera tendr\u00e1 unas dimensiones de 8 x 12 metros y el m\u00e1stil alcanzar\u00e1 una altura de 30 metros","og_url":"https:\/\/www.laguiadepamplona.com\/actualidad\/comienzan-los-trabajos-para-la-colocacion-de-un-mastil-y-una-gran-bandera-de-navarra-en-la-plaza-de-los-fueros\/","og_site_name":"La Gu\u00eda de Pamplona","article_publisher":"https:\/\/www.facebook.com\/laguiadepamplonacom-133175176762273\/?ref=hl","article_published_time":"2022-05-18T15:52:30+00:00","article_modified_time":"2023-04-11T09:48:10+00:00","og_image":[{"width":1295,"height":793,"url":"https:\/\/www.laguiadepamplona.com\/actualidad\/wp-content\/uploads\/2022\/05\/22.05.18_plaza_fueros_sitna.jpg","type":"image\/jpeg"}],"author":"La Gu\u00eda de Pamplona","twitter_card":"summary_large_image","twitter_creator":"@LaGuiadPamplona","twitter_site":"@LaGuiadPamplona","twitter_misc":{"Escrito por":"La Gu\u00eda de Pamplona","Tiempo de lectura":"2 minutos"},"schema":{"@context":"https:\/\/schema.org","@graph":[{"@type":"Article","@id":"https:\/\/www.laguiadepamplona.com\/actualidad\/comienzan-los-trabajos-para-la-colocacion-de-un-mastil-y-una-gran-bandera-de-navarra-en-la-plaza-de-los-fueros\/#article","isPartOf":{"@id":"https:\/\/www.laguiadepamplona.com\/actualidad\/comienzan-los-trabajos-para-la-colocacion-de-un-mastil-y-una-gran-bandera-de-navarra-en-la-plaza-de-los-fueros\/"},"author":{"name":"La Gu\u00eda de Pamplona","@id":"https:\/\/www.laguiadepamplona.com\/actualidad\/#\/schema\/person\/efe887376f0213d4657c93adc50b1fdb"},"headline":"Comienzan los trabajos para la colocaci\u00f3n de un m\u00e1stil y una gran bandera de Navarra en la plaza de los Fueros","datePublished":"2022-05-18T15:52:30+00:00","dateModified":"2023-04-11T09:48:10+00:00","mainEntityOfPage":{"@id":"https:\/\/www.laguiadepamplona.com\/actualidad\/comienzan-los-trabajos-para-la-colocacion-de-un-mastil-y-una-gran-bandera-de-navarra-en-la-plaza-de-los-fueros\/"},"wordCount":317,"commentCount":0,"publisher":{"@id":"https:\/\/www.laguiadepamplona.com\/actualidad\/#organization"},"image":{"@id":"https:\/\/www.laguiadepamplona.com\/actualidad\/comienzan-los-trabajos-para-la-colocacion-de-un-mastil-y-una-gran-bandera-de-navarra-en-la-plaza-de-los-fueros\/#primaryimage"},"thumbnailUrl":"https:\/\/www.laguiadepamplona.com\/actualidad\/wp-content\/uploads\/2022\/05\/22.05.18_plaza_fueros_sitna.jpg","articleSection":["Ayto Pamplona"],"inLanguage":"es","potentialAction":[{"@type":"CommentAction","name":"Comment","target":["https:\/\/www.laguiadepamplona.com\/actualidad\/comienzan-los-trabajos-para-la-colocacion-de-un-mastil-y-una-gran-bandera-de-navarra-en-la-plaza-de-los-fueros\/#respond"]}]},{"@type":"WebPage","@id":"https:\/\/www.laguiadepamplona.com\/actualidad\/comienzan-los-trabajos-para-la-colocacion-de-un-mastil-y-una-gran-bandera-de-navarra-en-la-plaza-de-los-fueros\/","url":"https:\/\/www.laguiadepamplona.com\/actualidad\/comienzan-los-trabajos-para-la-colocacion-de-un-mastil-y-una-gran-bandera-de-navarra-en-la-plaza-de-los-fueros\/","name":"Comienzan los trabajos para la colocaci\u00f3n de un m\u00e1stil y una gran bandera de Navarra en la plaza de los Fueros","isPartOf":{"@id":"https:\/\/www.laguiadepamplona.com\/actualidad\/#website"},"primaryImageOfPage":{"@id":"https:\/\/www.laguiadepamplona.com\/actualidad\/comienzan-los-trabajos-para-la-colocacion-de-un-mastil-y-una-gran-bandera-de-navarra-en-la-plaza-de-los-fueros\/#primaryimage"},"image":{"@id":"https:\/\/www.laguiadepamplona.com\/actualidad\/comienzan-los-trabajos-para-la-colocacion-de-un-mastil-y-una-gran-bandera-de-navarra-en-la-plaza-de-los-fueros\/#primaryimage"},"thumbnailUrl":"https:\/\/www.laguiadepamplona.com\/actualidad\/wp-content\/uploads\/2022\/05\/22.05.18_plaza_fueros_sitna.jpg","datePublished":"2022-05-18T15:52:30+00:00","dateModified":"2023-04-11T09:48:10+00:00","description":"La bandera tendr\u00e1 unas dimensiones de 8 x 12 metros y el m\u00e1stil alcanzar\u00e1 una altura de 30 metros","breadcrumb":{"@id":"https:\/\/www.laguiadepamplona.com\/actualidad\/comienzan-los-trabajos-para-la-colocacion-de-un-mastil-y-una-gran-bandera-de-navarra-en-la-plaza-de-los-fueros\/#breadcrumb"},"inLanguage":"es","potentialAction":[{"@type":"ReadAction","target":["https:\/\/www.laguiadepamplona.com\/actualidad\/comienzan-los-trabajos-para-la-colocacion-de-un-mastil-y-una-gran-bandera-de-navarra-en-la-plaza-de-los-fueros\/"]}]},{"@type":"ImageObject","inLanguage":"es","@id":"https:\/\/www.laguiadepamplona.com\/actualidad\/comienzan-los-trabajos-para-la-colocacion-de-un-mastil-y-una-gran-bandera-de-navarra-en-la-plaza-de-los-fueros\/#primaryimage","url":"https:\/\/www.laguiadepamplona.com\/actualidad\/wp-content\/uploads\/2022\/05\/22.05.18_plaza_fueros_sitna.jpg","contentUrl":"https:\/\/www.laguiadepamplona.com\/actualidad\/wp-content\/uploads\/2022\/05\/22.05.18_plaza_fueros_sitna.jpg","width":1295,"height":793},{"@type":"BreadcrumbList","@id":"https:\/\/www.laguiadepamplona.com\/actualidad\/comienzan-los-trabajos-para-la-colocacion-de-un-mastil-y-una-gran-bandera-de-navarra-en-la-plaza-de-los-fueros\/#breadcrumb","itemListElement":[{"@type":"ListItem","position":1,"name":"Portada","item":"https:\/\/www.laguiadepamplona.com\/actualidad\/"},{"@type":"ListItem","position":2,"name":"Comienzan los trabajos para la colocaci\u00f3n de un m\u00e1stil y una gran bandera de Navarra en la plaza de los Fueros"}]},{"@type":"WebSite","@id":"https:\/\/www.laguiadepamplona.com\/actualidad\/#website","url":"https:\/\/www.laguiadepamplona.com\/actualidad\/","name":"La gu\u00eda de Pamplona","description":"Noticias de Pamplona","publisher":{"@id":"https:\/\/www.laguiadepamplona.com\/actualidad\/#organization"},"potentialAction":[{"@type":"SearchAction","target":{"@type":"EntryPoint","urlTemplate":"https:\/\/www.laguiadepamplona.com\/actualidad\/?s={search_term_string}"},"query-input":{"@type":"PropertyValueSpecification","valueRequired":true,"valueName":"search_term_string"}}],"inLanguage":"es"},{"@type":"Organization","@id":"https:\/\/www.laguiadepamplona.com\/actualidad\/#organization","name":"La Gu\u00eda de Pamplona \/ Noticias","url":"https:\/\/www.laguiadepamplona.com\/actualidad\/","logo":{"@type":"ImageObject","inLanguage":"es","@id":"https:\/\/www.laguiadepamplona.com\/actualidad\/#\/schema\/logo\/image\/","url":"https:\/\/www.laguiadepamplona.com\/actualidad\/wp-content\/uploads\/2018\/11\/logo-laguiadepamplona18-web1.png","contentUrl":"https:\/\/www.laguiadepamplona.com\/actualidad\/wp-content\/uploads\/2018\/11\/logo-laguiadepamplona18-web1.png","width":600,"height":196,"caption":"La Gu\u00eda de Pamplona \/ Noticias"},"image":{"@id":"https:\/\/www.laguiadepamplona.com\/actualidad\/#\/schema\/logo\/image\/"},"sameAs":["https:\/\/www.facebook.com\/laguiadepamplonacom-133175176762273\/?ref=hl","https:\/\/x.com\/LaGuiadPamplona","https:\/\/www.instagram.com\/la_guia_de_pamplona\/","https:\/\/www.youtube.com\/user\/laguiadepamplona"]},{"@type":"Person","@id":"https:\/\/www.laguiadepamplona.com\/actualidad\/#\/schema\/person\/efe887376f0213d4657c93adc50b1fdb","name":"La Gu\u00eda de Pamplona","image":{"@type":"ImageObject","inLanguage":"es","@id":"https:\/\/secure.gravatar.com\/avatar\/b6992f131dc8d30ab0dff15446e9d346d9dbd95992de0fef795073f5ea83a81c?s=96&d=mm&r=g","url":"https:\/\/secure.gravatar.com\/avatar\/b6992f131dc8d30ab0dff15446e9d346d9dbd95992de0fef795073f5ea83a81c?s=96&d=mm&r=g","contentUrl":"https:\/\/secure.gravatar.com\/avatar\/b6992f131dc8d30ab0dff15446e9d346d9dbd95992de0fef795073f5ea83a81c?s=96&d=mm&r=g","caption":"La Gu\u00eda de Pamplona"}}]}},"post_mailing_queue_ids":[],"_links":{"self":[{"href":"https:\/\/www.laguiadepamplona.com\/actualidad\/wp-json\/wp\/v2\/posts\/40389","targetHints":{"allow":["GET"]}}],"collection":[{"href":"https:\/\/www.laguiadepamplona.com\/actualidad\/wp-json\/wp\/v2\/posts"}],"about":[{"href":"https:\/\/www.laguiadepamplona.com\/actualidad\/wp-json\/wp\/v2\/types\/post"}],"author":[{"embeddable":true,"href":"https:\/\/www.laguiadepamplona.com\/actualidad\/wp-json\/wp\/v2\/users\/1"}],"replies":[{"embeddable":true,"href":"https:\/\/www.laguiadepamplona.com\/actualidad\/wp-json\/wp\/v2\/comments?post=40389"}],"version-history":[{"count":0,"href":"https:\/\/www.laguiadepamplona.com\/actualidad\/wp-json\/wp\/v2\/posts\/40389\/revisions"}],"wp:featuredmedia":[{"embeddable":true,"href":"https:\/\/www.laguiadepamplona.com\/actualidad\/wp-json\/wp\/v2\/media\/40390"}],"wp:attachment":[{"href":"https:\/\/www.laguiadepamplona.com\/actualidad\/wp-json\/wp\/v2\/media?parent=40389"}],"wp:term":[{"taxonomy":"category","embeddable":true,"href":"https:\/\/www.laguiadepamplona.com\/actualidad\/wp-json\/wp\/v2\/categories?post=40389"},{"taxonomy":"post_tag","embeddable":true,"href":"https:\/\/www.laguiadepamplona.com\/actualidad\/wp-json\/wp\/v2\/tags?post=40389"}],"curies":[{"name":"wp","href":"https:\/\/api.w.org\/{rel}","templated":true}]}}