{"id":40381,"date":"2022-05-18T11:07:42","date_gmt":"2022-05-18T09:07:42","guid":{"rendered":"https:\/\/www.laguiadepamplona.com\/actualidad\/?p=40381"},"modified":"2023-04-11T11:48:10","modified_gmt":"2023-04-11T09:48:10","slug":"el-centro-comunitario-carbonilla-de-la-rochapea-contara-con-minicontenedores-de-reciclaje-disenados-por-los-participantes-en-el-programa-municipal-coworkids-2","status":"publish","type":"post","link":"https:\/\/www.laguiadepamplona.com\/actualidad\/el-centro-comunitario-carbonilla-de-la-rochapea-contara-con-minicontenedores-de-reciclaje-disenados-por-los-participantes-en-el-programa-municipal-coworkids-2\/","title":{"rendered":"El Centro Comunitario Carbonilla de la Rochapea contar\u00e1 con minicontenedores de reciclaje dise\u00f1ados por los participantes en el programa municipal COworkids"},"content":{"rendered":"<h5>La iniciativa es una de las propuestas seleccionadas sobre los Objetivos de Desarrollo Sostenible trabajados en las actividades de COworkids<\/h5>\n<p><!--more--><\/p>\n<p>El Centro Comunitario Carbonilla de la Rochapea cuenta desde ayer con unos minicontenedores de reciclaje dise\u00f1ados por los ni\u00f1os y ni\u00f1as participantes en el programa municipal COworkids y especialmente pensados para que los m\u00e1s peque\u00f1os puedan involucrarse en el cuidado del medio ambiente y la conservaci\u00f3n limpia del entorno. Coincidiendo con el D\u00eda Mundial del Reciclaje, ayer martes la concejala de Servicios Sociales, Acci\u00f3n Comunitaria y Deporte, Mar\u00eda Caballero, asisti\u00f3 a la colocaci\u00f3n de estos contenedores infantiles en el centro Carbonilla (Av. Marcelo Celayeta, 51). El acto cont\u00f3 con la presencia de varios grupos de COworkids.<br \/>\n<script async src=\"\/\/pagead2.googlesyndication.com\/pagead\/js\/adsbygoogle.js\"><\/script><br \/>\n<!-- Noticias La Guia de Pamplona --><br \/>\n<ins class=\"adsbygoogle\"\nstyle=\"display:block\"\ndata-ad-client=\"ca-pub-6943679897239327\"\ndata-ad-slot=\"7048180777\"\ndata-ad-format=\"auto\"><\/ins><br \/>\n<script>\n(adsbygoogle = window.adsbygoogle || []).push({});\n<\/script><\/p>\n<p>Estos nuevos contenedores, de un tama\u00f1o menor para facilitar su uso entre los m\u00e1s peque\u00f1os, han sido dise\u00f1ados por el grupo de COworkids del centro comunitario de San Jorge. Se trata de tres habit\u00e1culos dirigidos al reciclaje de envases de pl\u00e1stico, de papel y de resto, con una imagen m\u00e1s amigable y divertida que los tradicionales contenedores.<\/p>\n<p>La iniciativa que se presenta ahora arranc\u00f3 durante el campamento de Semana Santa de COworkids del a\u00f1o pasado. Entonces, 130 ni\u00f1os y ni\u00f1as generaron 13 propuestas sobre los Objetivos de Desarrollo Sostenible para mejorar la ciudad. El requisito de las propuestas era que fuesen viables con un presupuesto de 1.000 euros, cuant\u00eda financiada por Caja Rural de Navarra. De las 13 propuestas, un jurado externo experto seleccion\u00f3 las cuatro m\u00e1s viables y sostenibles. Posteriormente, se celebr\u00f3 una votaci\u00f3n p\u00fablica online con las familias de COworkids. De entre las cuatro propuestas, se eligi\u00f3 ejecutar un mural de los Objetivos de Desarrollo Sostenible, que actualmente decora el Centro Comunitario de Ermitaga\u00f1a; y, como segunda propuesta, se eligieron los minicontenedores de reciclaje a la altura de los ni\u00f1os y las ni\u00f1as.<br \/>\n<script async src=\"\/\/pagead2.googlesyndication.com\/pagead\/js\/adsbygoogle.js\"><\/script><br \/>\n<!-- Noticias La Guia de Pamplona --><br \/>\n<ins class=\"adsbygoogle\"\nstyle=\"display:block\"\ndata-ad-client=\"ca-pub-6943679897239327\"\ndata-ad-slot=\"7048180777\"\ndata-ad-format=\"auto\"><\/ins><br \/>\n<script>\n(adsbygoogle = window.adsbygoogle || []).push({});\n<\/script><\/p>\n<p>En su dise\u00f1o se involucraron m\u00e1s de 140 ni\u00f1os y ni\u00f1as, todos ellos participantes en las actividades de COworkids. As\u00ed, durante el mes de junio del a\u00f1o pasado, cada uno de los 14 barrios de la ciudad present\u00f3 su propuesta. De todos ellos, el Ayuntamiento de Pamplona ha elegido el del grupo de San Jorge, por su originalidad y viabilidad. Sobre esa versi\u00f3n, se ha realizado una r\u00e9plica, que es la que ma\u00f1ana se instalar\u00e1 en el Centro Comunitario Carbonilla, tras un proceso participativo para elegir d\u00f3nde ubicar los minicontenedores. De hecho, esta ubicaci\u00f3n surgi\u00f3 tras la petici\u00f3n de una de las representantes de Rochapea de la Mesa de la Infancia.<\/p>\n<p>A la inauguraci\u00f3n se desplazar\u00e1n grupos de COworkids de otros barrios, para los que se han organizado distintos juegos y actividades, como una yinkana y m\u00fasica, con motivo del D\u00eda Mundial del Reciclaje.<\/p>\n","protected":false},"excerpt":{"rendered":"<p>La iniciativa es una de las propuestas seleccionadas sobre los Objetivos de Desarrollo Sostenible trabajados en las actividades de COworkids<\/p>\n","protected":false},"author":1,"featured_media":40382,"comment_status":"open","ping_status":"closed","sticky":false,"template":"","format":"standard","meta":{"footnotes":""},"categories":[2],"tags":[],"class_list":["post-40381","post","type-post","status-publish","format-standard","has-post-thumbnail","hentry","category-ayuntamiento-pamplona"],"yoast_head":"<!-- This site is optimized with the Yoast SEO plugin v27.3 - https:\/\/yoast.com\/product\/yoast-seo-wordpress\/ -->\n<title>El Centro Comunitario Carbonilla de la Rochapea contar\u00e1 con minicontenedores de reciclaje dise\u00f1ados por los participantes en el programa municipal COworkids<\/title>\n<meta name=\"description\" content=\"La iniciativa es una de las propuestas seleccionadas sobre los Objetivos de Desarrollo Sostenible trabajados en las actividades de COworkids\" \/>\n<meta name=\"robots\" content=\"index, follow, max-snippet:-1, max-image-preview:large, max-video-preview:-1\" \/>\n<link rel=\"canonical\" href=\"https:\/\/www.laguiadepamplona.com\/actualidad\/el-centro-comunitario-carbonilla-de-la-rochapea-contara-con-minicontenedores-de-reciclaje-disenados-por-los-participantes-en-el-programa-municipal-coworkids-2\/\" \/>\n<meta property=\"og:locale\" content=\"es_ES\" \/>\n<meta property=\"og:type\" content=\"article\" \/>\n<meta property=\"og:title\" content=\"El Centro Comunitario Carbonilla de la Rochapea contar\u00e1 con minicontenedores de reciclaje dise\u00f1ados por los participantes en el programa municipal COworkids\" \/>\n<meta property=\"og:description\" content=\"La iniciativa es una de las propuestas seleccionadas sobre los Objetivos de Desarrollo Sostenible trabajados en las actividades de COworkids\" \/>\n<meta property=\"og:url\" content=\"https:\/\/www.laguiadepamplona.com\/actualidad\/el-centro-comunitario-carbonilla-de-la-rochapea-contara-con-minicontenedores-de-reciclaje-disenados-por-los-participantes-en-el-programa-municipal-coworkids-2\/\" \/>\n<meta property=\"og:site_name\" content=\"La Gu\u00eda de Pamplona\" \/>\n<meta property=\"article:publisher\" content=\"https:\/\/www.facebook.com\/laguiadepamplonacom-133175176762273\/?ref=hl\" \/>\n<meta property=\"article:published_time\" content=\"2022-05-18T09:07:42+00:00\" \/>\n<meta property=\"article:modified_time\" content=\"2023-04-11T09:48:10+00:00\" \/>\n<meta property=\"og:image\" content=\"https:\/\/www.laguiadepamplona.com\/actualidad\/wp-content\/uploads\/2022\/05\/colocaccontenedorescoworkidsee5a9779_0.webp\" \/>\n\t<meta property=\"og:image:width\" content=\"1920\" \/>\n\t<meta property=\"og:image:height\" content=\"1280\" \/>\n\t<meta property=\"og:image:type\" content=\"image\/webp\" \/>\n<meta name=\"author\" content=\"La Gu\u00eda de Pamplona\" \/>\n<meta name=\"twitter:card\" content=\"summary_large_image\" \/>\n<meta name=\"twitter:creator\" content=\"@LaGuiadPamplona\" \/>\n<meta name=\"twitter:site\" content=\"@LaGuiadPamplona\" \/>\n<meta name=\"twitter:label1\" content=\"Escrito por\" \/>\n\t<meta name=\"twitter:data1\" content=\"La Gu\u00eda de Pamplona\" \/>\n\t<meta name=\"twitter:label2\" content=\"Tiempo de lectura\" \/>\n\t<meta name=\"twitter:data2\" content=\"3 minutos\" \/>\n<script type=\"application\/ld+json\" class=\"yoast-schema-graph\">{\"@context\":\"https:\\\/\\\/schema.org\",\"@graph\":[{\"@type\":\"Article\",\"@id\":\"https:\\\/\\\/www.laguiadepamplona.com\\\/actualidad\\\/el-centro-comunitario-carbonilla-de-la-rochapea-contara-con-minicontenedores-de-reciclaje-disenados-por-los-participantes-en-el-programa-municipal-coworkids-2\\\/#article\",\"isPartOf\":{\"@id\":\"https:\\\/\\\/www.laguiadepamplona.com\\\/actualidad\\\/el-centro-comunitario-carbonilla-de-la-rochapea-contara-con-minicontenedores-de-reciclaje-disenados-por-los-participantes-en-el-programa-municipal-coworkids-2\\\/\"},\"author\":{\"name\":\"La Gu\u00eda de Pamplona\",\"@id\":\"https:\\\/\\\/www.laguiadepamplona.com\\\/actualidad\\\/#\\\/schema\\\/person\\\/efe887376f0213d4657c93adc50b1fdb\"},\"headline\":\"El Centro Comunitario Carbonilla de la Rochapea contar\u00e1 con minicontenedores de reciclaje dise\u00f1ados por los participantes en el programa municipal COworkids\",\"datePublished\":\"2022-05-18T09:07:42+00:00\",\"dateModified\":\"2023-04-11T09:48:10+00:00\",\"mainEntityOfPage\":{\"@id\":\"https:\\\/\\\/www.laguiadepamplona.com\\\/actualidad\\\/el-centro-comunitario-carbonilla-de-la-rochapea-contara-con-minicontenedores-de-reciclaje-disenados-por-los-participantes-en-el-programa-municipal-coworkids-2\\\/\"},\"wordCount\":502,\"commentCount\":0,\"publisher\":{\"@id\":\"https:\\\/\\\/www.laguiadepamplona.com\\\/actualidad\\\/#organization\"},\"image\":{\"@id\":\"https:\\\/\\\/www.laguiadepamplona.com\\\/actualidad\\\/el-centro-comunitario-carbonilla-de-la-rochapea-contara-con-minicontenedores-de-reciclaje-disenados-por-los-participantes-en-el-programa-municipal-coworkids-2\\\/#primaryimage\"},\"thumbnailUrl\":\"https:\\\/\\\/www.laguiadepamplona.com\\\/actualidad\\\/wp-content\\\/uploads\\\/2022\\\/05\\\/colocaccontenedorescoworkidsee5a9779_0.webp\",\"articleSection\":[\"Ayto Pamplona\"],\"inLanguage\":\"es\",\"potentialAction\":[{\"@type\":\"CommentAction\",\"name\":\"Comment\",\"target\":[\"https:\\\/\\\/www.laguiadepamplona.com\\\/actualidad\\\/el-centro-comunitario-carbonilla-de-la-rochapea-contara-con-minicontenedores-de-reciclaje-disenados-por-los-participantes-en-el-programa-municipal-coworkids-2\\\/#respond\"]}]},{\"@type\":\"WebPage\",\"@id\":\"https:\\\/\\\/www.laguiadepamplona.com\\\/actualidad\\\/el-centro-comunitario-carbonilla-de-la-rochapea-contara-con-minicontenedores-de-reciclaje-disenados-por-los-participantes-en-el-programa-municipal-coworkids-2\\\/\",\"url\":\"https:\\\/\\\/www.laguiadepamplona.com\\\/actualidad\\\/el-centro-comunitario-carbonilla-de-la-rochapea-contara-con-minicontenedores-de-reciclaje-disenados-por-los-participantes-en-el-programa-municipal-coworkids-2\\\/\",\"name\":\"El Centro Comunitario Carbonilla de la Rochapea contar\u00e1 con minicontenedores de reciclaje dise\u00f1ados por los participantes en el programa municipal COworkids\",\"isPartOf\":{\"@id\":\"https:\\\/\\\/www.laguiadepamplona.com\\\/actualidad\\\/#website\"},\"primaryImageOfPage\":{\"@id\":\"https:\\\/\\\/www.laguiadepamplona.com\\\/actualidad\\\/el-centro-comunitario-carbonilla-de-la-rochapea-contara-con-minicontenedores-de-reciclaje-disenados-por-los-participantes-en-el-programa-municipal-coworkids-2\\\/#primaryimage\"},\"image\":{\"@id\":\"https:\\\/\\\/www.laguiadepamplona.com\\\/actualidad\\\/el-centro-comunitario-carbonilla-de-la-rochapea-contara-con-minicontenedores-de-reciclaje-disenados-por-los-participantes-en-el-programa-municipal-coworkids-2\\\/#primaryimage\"},\"thumbnailUrl\":\"https:\\\/\\\/www.laguiadepamplona.com\\\/actualidad\\\/wp-content\\\/uploads\\\/2022\\\/05\\\/colocaccontenedorescoworkidsee5a9779_0.webp\",\"datePublished\":\"2022-05-18T09:07:42+00:00\",\"dateModified\":\"2023-04-11T09:48:10+00:00\",\"description\":\"La iniciativa es una de las propuestas seleccionadas sobre los Objetivos de Desarrollo Sostenible trabajados en las actividades de COworkids\",\"breadcrumb\":{\"@id\":\"https:\\\/\\\/www.laguiadepamplona.com\\\/actualidad\\\/el-centro-comunitario-carbonilla-de-la-rochapea-contara-con-minicontenedores-de-reciclaje-disenados-por-los-participantes-en-el-programa-municipal-coworkids-2\\\/#breadcrumb\"},\"inLanguage\":\"es\",\"potentialAction\":[{\"@type\":\"ReadAction\",\"target\":[\"https:\\\/\\\/www.laguiadepamplona.com\\\/actualidad\\\/el-centro-comunitario-carbonilla-de-la-rochapea-contara-con-minicontenedores-de-reciclaje-disenados-por-los-participantes-en-el-programa-municipal-coworkids-2\\\/\"]}]},{\"@type\":\"ImageObject\",\"inLanguage\":\"es\",\"@id\":\"https:\\\/\\\/www.laguiadepamplona.com\\\/actualidad\\\/el-centro-comunitario-carbonilla-de-la-rochapea-contara-con-minicontenedores-de-reciclaje-disenados-por-los-participantes-en-el-programa-municipal-coworkids-2\\\/#primaryimage\",\"url\":\"https:\\\/\\\/www.laguiadepamplona.com\\\/actualidad\\\/wp-content\\\/uploads\\\/2022\\\/05\\\/colocaccontenedorescoworkidsee5a9779_0.webp\",\"contentUrl\":\"https:\\\/\\\/www.laguiadepamplona.com\\\/actualidad\\\/wp-content\\\/uploads\\\/2022\\\/05\\\/colocaccontenedorescoworkidsee5a9779_0.webp\",\"width\":1920,\"height\":1280},{\"@type\":\"BreadcrumbList\",\"@id\":\"https:\\\/\\\/www.laguiadepamplona.com\\\/actualidad\\\/el-centro-comunitario-carbonilla-de-la-rochapea-contara-con-minicontenedores-de-reciclaje-disenados-por-los-participantes-en-el-programa-municipal-coworkids-2\\\/#breadcrumb\",\"itemListElement\":[{\"@type\":\"ListItem\",\"position\":1,\"name\":\"Portada\",\"item\":\"https:\\\/\\\/www.laguiadepamplona.com\\\/actualidad\\\/\"},{\"@type\":\"ListItem\",\"position\":2,\"name\":\"El Centro Comunitario Carbonilla de la Rochapea contar\u00e1 con minicontenedores de reciclaje dise\u00f1ados por los participantes en el programa municipal COworkids\"}]},{\"@type\":\"WebSite\",\"@id\":\"https:\\\/\\\/www.laguiadepamplona.com\\\/actualidad\\\/#website\",\"url\":\"https:\\\/\\\/www.laguiadepamplona.com\\\/actualidad\\\/\",\"name\":\"La gu\u00eda de Pamplona\",\"description\":\"Noticias de Pamplona\",\"publisher\":{\"@id\":\"https:\\\/\\\/www.laguiadepamplona.com\\\/actualidad\\\/#organization\"},\"potentialAction\":[{\"@type\":\"SearchAction\",\"target\":{\"@type\":\"EntryPoint\",\"urlTemplate\":\"https:\\\/\\\/www.laguiadepamplona.com\\\/actualidad\\\/?s={search_term_string}\"},\"query-input\":{\"@type\":\"PropertyValueSpecification\",\"valueRequired\":true,\"valueName\":\"search_term_string\"}}],\"inLanguage\":\"es\"},{\"@type\":\"Organization\",\"@id\":\"https:\\\/\\\/www.laguiadepamplona.com\\\/actualidad\\\/#organization\",\"name\":\"La Gu\u00eda de Pamplona \\\/ Noticias\",\"url\":\"https:\\\/\\\/www.laguiadepamplona.com\\\/actualidad\\\/\",\"logo\":{\"@type\":\"ImageObject\",\"inLanguage\":\"es\",\"@id\":\"https:\\\/\\\/www.laguiadepamplona.com\\\/actualidad\\\/#\\\/schema\\\/logo\\\/image\\\/\",\"url\":\"https:\\\/\\\/www.laguiadepamplona.com\\\/actualidad\\\/wp-content\\\/uploads\\\/2018\\\/11\\\/logo-laguiadepamplona18-web1.png\",\"contentUrl\":\"https:\\\/\\\/www.laguiadepamplona.com\\\/actualidad\\\/wp-content\\\/uploads\\\/2018\\\/11\\\/logo-laguiadepamplona18-web1.png\",\"width\":600,\"height\":196,\"caption\":\"La Gu\u00eda de Pamplona \\\/ Noticias\"},\"image\":{\"@id\":\"https:\\\/\\\/www.laguiadepamplona.com\\\/actualidad\\\/#\\\/schema\\\/logo\\\/image\\\/\"},\"sameAs\":[\"https:\\\/\\\/www.facebook.com\\\/laguiadepamplonacom-133175176762273\\\/?ref=hl\",\"https:\\\/\\\/x.com\\\/LaGuiadPamplona\",\"https:\\\/\\\/www.instagram.com\\\/la_guia_de_pamplona\\\/\",\"https:\\\/\\\/www.youtube.com\\\/user\\\/laguiadepamplona\"]},{\"@type\":\"Person\",\"@id\":\"https:\\\/\\\/www.laguiadepamplona.com\\\/actualidad\\\/#\\\/schema\\\/person\\\/efe887376f0213d4657c93adc50b1fdb\",\"name\":\"La Gu\u00eda de Pamplona\",\"image\":{\"@type\":\"ImageObject\",\"inLanguage\":\"es\",\"@id\":\"https:\\\/\\\/secure.gravatar.com\\\/avatar\\\/b6992f131dc8d30ab0dff15446e9d346d9dbd95992de0fef795073f5ea83a81c?s=96&d=mm&r=g\",\"url\":\"https:\\\/\\\/secure.gravatar.com\\\/avatar\\\/b6992f131dc8d30ab0dff15446e9d346d9dbd95992de0fef795073f5ea83a81c?s=96&d=mm&r=g\",\"contentUrl\":\"https:\\\/\\\/secure.gravatar.com\\\/avatar\\\/b6992f131dc8d30ab0dff15446e9d346d9dbd95992de0fef795073f5ea83a81c?s=96&d=mm&r=g\",\"caption\":\"La Gu\u00eda de Pamplona\"}}]}<\/script>\n<!-- \/ Yoast SEO plugin. -->","yoast_head_json":{"title":"El Centro Comunitario Carbonilla de la Rochapea contar\u00e1 con minicontenedores de reciclaje dise\u00f1ados por los participantes en el programa municipal COworkids","description":"La iniciativa es una de las propuestas seleccionadas sobre los Objetivos de Desarrollo Sostenible trabajados en las actividades de COworkids","robots":{"index":"index","follow":"follow","max-snippet":"max-snippet:-1","max-image-preview":"max-image-preview:large","max-video-preview":"max-video-preview:-1"},"canonical":"https:\/\/www.laguiadepamplona.com\/actualidad\/el-centro-comunitario-carbonilla-de-la-rochapea-contara-con-minicontenedores-de-reciclaje-disenados-por-los-participantes-en-el-programa-municipal-coworkids-2\/","og_locale":"es_ES","og_type":"article","og_title":"El Centro Comunitario Carbonilla de la Rochapea contar\u00e1 con minicontenedores de reciclaje dise\u00f1ados por los participantes en el programa municipal COworkids","og_description":"La iniciativa es una de las propuestas seleccionadas sobre los Objetivos de Desarrollo Sostenible trabajados en las actividades de COworkids","og_url":"https:\/\/www.laguiadepamplona.com\/actualidad\/el-centro-comunitario-carbonilla-de-la-rochapea-contara-con-minicontenedores-de-reciclaje-disenados-por-los-participantes-en-el-programa-municipal-coworkids-2\/","og_site_name":"La Gu\u00eda de Pamplona","article_publisher":"https:\/\/www.facebook.com\/laguiadepamplonacom-133175176762273\/?ref=hl","article_published_time":"2022-05-18T09:07:42+00:00","article_modified_time":"2023-04-11T09:48:10+00:00","og_image":[{"width":1920,"height":1280,"url":"https:\/\/www.laguiadepamplona.com\/actualidad\/wp-content\/uploads\/2022\/05\/colocaccontenedorescoworkidsee5a9779_0.webp","type":"image\/webp"}],"author":"La Gu\u00eda de Pamplona","twitter_card":"summary_large_image","twitter_creator":"@LaGuiadPamplona","twitter_site":"@LaGuiadPamplona","twitter_misc":{"Escrito por":"La Gu\u00eda de Pamplona","Tiempo de lectura":"3 minutos"},"schema":{"@context":"https:\/\/schema.org","@graph":[{"@type":"Article","@id":"https:\/\/www.laguiadepamplona.com\/actualidad\/el-centro-comunitario-carbonilla-de-la-rochapea-contara-con-minicontenedores-de-reciclaje-disenados-por-los-participantes-en-el-programa-municipal-coworkids-2\/#article","isPartOf":{"@id":"https:\/\/www.laguiadepamplona.com\/actualidad\/el-centro-comunitario-carbonilla-de-la-rochapea-contara-con-minicontenedores-de-reciclaje-disenados-por-los-participantes-en-el-programa-municipal-coworkids-2\/"},"author":{"name":"La Gu\u00eda de Pamplona","@id":"https:\/\/www.laguiadepamplona.com\/actualidad\/#\/schema\/person\/efe887376f0213d4657c93adc50b1fdb"},"headline":"El Centro Comunitario Carbonilla de la Rochapea contar\u00e1 con minicontenedores de reciclaje dise\u00f1ados por los participantes en el programa municipal COworkids","datePublished":"2022-05-18T09:07:42+00:00","dateModified":"2023-04-11T09:48:10+00:00","mainEntityOfPage":{"@id":"https:\/\/www.laguiadepamplona.com\/actualidad\/el-centro-comunitario-carbonilla-de-la-rochapea-contara-con-minicontenedores-de-reciclaje-disenados-por-los-participantes-en-el-programa-municipal-coworkids-2\/"},"wordCount":502,"commentCount":0,"publisher":{"@id":"https:\/\/www.laguiadepamplona.com\/actualidad\/#organization"},"image":{"@id":"https:\/\/www.laguiadepamplona.com\/actualidad\/el-centro-comunitario-carbonilla-de-la-rochapea-contara-con-minicontenedores-de-reciclaje-disenados-por-los-participantes-en-el-programa-municipal-coworkids-2\/#primaryimage"},"thumbnailUrl":"https:\/\/www.laguiadepamplona.com\/actualidad\/wp-content\/uploads\/2022\/05\/colocaccontenedorescoworkidsee5a9779_0.webp","articleSection":["Ayto Pamplona"],"inLanguage":"es","potentialAction":[{"@type":"CommentAction","name":"Comment","target":["https:\/\/www.laguiadepamplona.com\/actualidad\/el-centro-comunitario-carbonilla-de-la-rochapea-contara-con-minicontenedores-de-reciclaje-disenados-por-los-participantes-en-el-programa-municipal-coworkids-2\/#respond"]}]},{"@type":"WebPage","@id":"https:\/\/www.laguiadepamplona.com\/actualidad\/el-centro-comunitario-carbonilla-de-la-rochapea-contara-con-minicontenedores-de-reciclaje-disenados-por-los-participantes-en-el-programa-municipal-coworkids-2\/","url":"https:\/\/www.laguiadepamplona.com\/actualidad\/el-centro-comunitario-carbonilla-de-la-rochapea-contara-con-minicontenedores-de-reciclaje-disenados-por-los-participantes-en-el-programa-municipal-coworkids-2\/","name":"El Centro Comunitario Carbonilla de la Rochapea contar\u00e1 con minicontenedores de reciclaje dise\u00f1ados por los participantes en el programa municipal COworkids","isPartOf":{"@id":"https:\/\/www.laguiadepamplona.com\/actualidad\/#website"},"primaryImageOfPage":{"@id":"https:\/\/www.laguiadepamplona.com\/actualidad\/el-centro-comunitario-carbonilla-de-la-rochapea-contara-con-minicontenedores-de-reciclaje-disenados-por-los-participantes-en-el-programa-municipal-coworkids-2\/#primaryimage"},"image":{"@id":"https:\/\/www.laguiadepamplona.com\/actualidad\/el-centro-comunitario-carbonilla-de-la-rochapea-contara-con-minicontenedores-de-reciclaje-disenados-por-los-participantes-en-el-programa-municipal-coworkids-2\/#primaryimage"},"thumbnailUrl":"https:\/\/www.laguiadepamplona.com\/actualidad\/wp-content\/uploads\/2022\/05\/colocaccontenedorescoworkidsee5a9779_0.webp","datePublished":"2022-05-18T09:07:42+00:00","dateModified":"2023-04-11T09:48:10+00:00","description":"La iniciativa es una de las propuestas seleccionadas sobre los Objetivos de Desarrollo Sostenible trabajados en las actividades de COworkids","breadcrumb":{"@id":"https:\/\/www.laguiadepamplona.com\/actualidad\/el-centro-comunitario-carbonilla-de-la-rochapea-contara-con-minicontenedores-de-reciclaje-disenados-por-los-participantes-en-el-programa-municipal-coworkids-2\/#breadcrumb"},"inLanguage":"es","potentialAction":[{"@type":"ReadAction","target":["https:\/\/www.laguiadepamplona.com\/actualidad\/el-centro-comunitario-carbonilla-de-la-rochapea-contara-con-minicontenedores-de-reciclaje-disenados-por-los-participantes-en-el-programa-municipal-coworkids-2\/"]}]},{"@type":"ImageObject","inLanguage":"es","@id":"https:\/\/www.laguiadepamplona.com\/actualidad\/el-centro-comunitario-carbonilla-de-la-rochapea-contara-con-minicontenedores-de-reciclaje-disenados-por-los-participantes-en-el-programa-municipal-coworkids-2\/#primaryimage","url":"https:\/\/www.laguiadepamplona.com\/actualidad\/wp-content\/uploads\/2022\/05\/colocaccontenedorescoworkidsee5a9779_0.webp","contentUrl":"https:\/\/www.laguiadepamplona.com\/actualidad\/wp-content\/uploads\/2022\/05\/colocaccontenedorescoworkidsee5a9779_0.webp","width":1920,"height":1280},{"@type":"BreadcrumbList","@id":"https:\/\/www.laguiadepamplona.com\/actualidad\/el-centro-comunitario-carbonilla-de-la-rochapea-contara-con-minicontenedores-de-reciclaje-disenados-por-los-participantes-en-el-programa-municipal-coworkids-2\/#breadcrumb","itemListElement":[{"@type":"ListItem","position":1,"name":"Portada","item":"https:\/\/www.laguiadepamplona.com\/actualidad\/"},{"@type":"ListItem","position":2,"name":"El Centro Comunitario Carbonilla de la Rochapea contar\u00e1 con minicontenedores de reciclaje dise\u00f1ados por los participantes en el programa municipal COworkids"}]},{"@type":"WebSite","@id":"https:\/\/www.laguiadepamplona.com\/actualidad\/#website","url":"https:\/\/www.laguiadepamplona.com\/actualidad\/","name":"La gu\u00eda de Pamplona","description":"Noticias de Pamplona","publisher":{"@id":"https:\/\/www.laguiadepamplona.com\/actualidad\/#organization"},"potentialAction":[{"@type":"SearchAction","target":{"@type":"EntryPoint","urlTemplate":"https:\/\/www.laguiadepamplona.com\/actualidad\/?s={search_term_string}"},"query-input":{"@type":"PropertyValueSpecification","valueRequired":true,"valueName":"search_term_string"}}],"inLanguage":"es"},{"@type":"Organization","@id":"https:\/\/www.laguiadepamplona.com\/actualidad\/#organization","name":"La Gu\u00eda de Pamplona \/ Noticias","url":"https:\/\/www.laguiadepamplona.com\/actualidad\/","logo":{"@type":"ImageObject","inLanguage":"es","@id":"https:\/\/www.laguiadepamplona.com\/actualidad\/#\/schema\/logo\/image\/","url":"https:\/\/www.laguiadepamplona.com\/actualidad\/wp-content\/uploads\/2018\/11\/logo-laguiadepamplona18-web1.png","contentUrl":"https:\/\/www.laguiadepamplona.com\/actualidad\/wp-content\/uploads\/2018\/11\/logo-laguiadepamplona18-web1.png","width":600,"height":196,"caption":"La Gu\u00eda de Pamplona \/ Noticias"},"image":{"@id":"https:\/\/www.laguiadepamplona.com\/actualidad\/#\/schema\/logo\/image\/"},"sameAs":["https:\/\/www.facebook.com\/laguiadepamplonacom-133175176762273\/?ref=hl","https:\/\/x.com\/LaGuiadPamplona","https:\/\/www.instagram.com\/la_guia_de_pamplona\/","https:\/\/www.youtube.com\/user\/laguiadepamplona"]},{"@type":"Person","@id":"https:\/\/www.laguiadepamplona.com\/actualidad\/#\/schema\/person\/efe887376f0213d4657c93adc50b1fdb","name":"La Gu\u00eda de Pamplona","image":{"@type":"ImageObject","inLanguage":"es","@id":"https:\/\/secure.gravatar.com\/avatar\/b6992f131dc8d30ab0dff15446e9d346d9dbd95992de0fef795073f5ea83a81c?s=96&d=mm&r=g","url":"https:\/\/secure.gravatar.com\/avatar\/b6992f131dc8d30ab0dff15446e9d346d9dbd95992de0fef795073f5ea83a81c?s=96&d=mm&r=g","contentUrl":"https:\/\/secure.gravatar.com\/avatar\/b6992f131dc8d30ab0dff15446e9d346d9dbd95992de0fef795073f5ea83a81c?s=96&d=mm&r=g","caption":"La Gu\u00eda de Pamplona"}}]}},"post_mailing_queue_ids":[],"_links":{"self":[{"href":"https:\/\/www.laguiadepamplona.com\/actualidad\/wp-json\/wp\/v2\/posts\/40381","targetHints":{"allow":["GET"]}}],"collection":[{"href":"https:\/\/www.laguiadepamplona.com\/actualidad\/wp-json\/wp\/v2\/posts"}],"about":[{"href":"https:\/\/www.laguiadepamplona.com\/actualidad\/wp-json\/wp\/v2\/types\/post"}],"author":[{"embeddable":true,"href":"https:\/\/www.laguiadepamplona.com\/actualidad\/wp-json\/wp\/v2\/users\/1"}],"replies":[{"embeddable":true,"href":"https:\/\/www.laguiadepamplona.com\/actualidad\/wp-json\/wp\/v2\/comments?post=40381"}],"version-history":[{"count":0,"href":"https:\/\/www.laguiadepamplona.com\/actualidad\/wp-json\/wp\/v2\/posts\/40381\/revisions"}],"wp:featuredmedia":[{"embeddable":true,"href":"https:\/\/www.laguiadepamplona.com\/actualidad\/wp-json\/wp\/v2\/media\/40382"}],"wp:attachment":[{"href":"https:\/\/www.laguiadepamplona.com\/actualidad\/wp-json\/wp\/v2\/media?parent=40381"}],"wp:term":[{"taxonomy":"category","embeddable":true,"href":"https:\/\/www.laguiadepamplona.com\/actualidad\/wp-json\/wp\/v2\/categories?post=40381"},{"taxonomy":"post_tag","embeddable":true,"href":"https:\/\/www.laguiadepamplona.com\/actualidad\/wp-json\/wp\/v2\/tags?post=40381"}],"curies":[{"name":"wp","href":"https:\/\/api.w.org\/{rel}","templated":true}]}}