{"id":40378,"date":"2022-05-18T11:05:28","date_gmt":"2022-05-18T09:05:28","guid":{"rendered":"https:\/\/www.laguiadepamplona.com\/actualidad\/?p=40378"},"modified":"2023-04-11T11:48:11","modified_gmt":"2023-04-11T09:48:11","slug":"la-nueva-plaza-peatonal-de-la-calle-rio-urederra-estara-lista-para-sanfermines","status":"publish","type":"post","link":"https:\/\/www.laguiadepamplona.com\/actualidad\/la-nueva-plaza-peatonal-de-la-calle-rio-urederra-estara-lista-para-sanfermines\/","title":{"rendered":"La nueva plaza peatonal de la calle R\u00edo Urederra estar\u00e1 lista para Sanfermines"},"content":{"rendered":"<h5>Las obras de reurbanizaci\u00f3n del barrio de la Milagrosa est\u00e1n ya en su segunda fase y avanzan seg\u00fan el calendario previsto<\/h5>\n<p><!--more--><\/p>\n<p>Los trabajos de reurbanizaci\u00f3n de la calle R\u00edo Irati concluir\u00e1n este mes de mayo en el tramo comprendido entre las calles R\u00edo Queiles y R\u00edo Urrobi. De esta forma, esta v\u00eda del barrio de la Milagrosa quedar\u00e1 completamente renovada, con canalizaciones y pavimento nuevo, a falta tan solo de la nueva plaza que se construir\u00e1 en la confluencia con la calle R\u00edo Urederra, que estar\u00e1 lista para las fiestas de San Ferm\u00edn.<\/p>\n<p>Los miembros de la Gerencia y la Comisi\u00f3n de Urbanismo del Ayuntamiento de Pamplona han visitado esta ma\u00f1ana la evoluci\u00f3n de las obras que pretenden reurbanizar buena parte del entorno de la calle Manuel de Falla, y que dieron comienzo el pasado mes de noviembre. Los trabajos cuentan con un presupuesto de 3.769.103,06 euros, de los que la Mancomunidad de la Comarca de Pamplona aporta 883.256,56 euros a trav\u00e9s de un convenio de colaboraci\u00f3n con el Ayuntamiento, por el que se hace cargo de la renovaci\u00f3n de las redes de abastecimiento, fecales y pluviales.<br \/>\n<script async src=\"\/\/pagead2.googlesyndication.com\/pagead\/js\/adsbygoogle.js\"><\/script><br \/>\n<!-- Noticias La Guia de Pamplona --><br \/>\n<ins class=\"adsbygoogle\"\nstyle=\"display:block\"\ndata-ad-client=\"ca-pub-6943679897239327\"\ndata-ad-slot=\"7048180777\"\ndata-ad-format=\"auto\"><\/ins><br \/>\n<script>\n(adsbygoogle = window.adsbygoogle || []).push({});\n<\/script><\/p>\n<p>Las obras, adjudicadas a Construcciones Mariezcurrena, tiene un plazo de ejecuci\u00f3n de algo m\u00e1s de 20 meses, hasta mediados de 2023, y se han proyectado en tres fases. La primera, que ya ha concluido, englobaba actuaciones en la calle R\u00edo Irati y parcialmente en R\u00edo Urederra. La segunda incluye los trabajos en R\u00edo Urrobi y Manuel de Falla. Y la tercera y \u00faltima, se centrar\u00e1 en Rio Urrobi y Manuel de Falla, desde la Avenida de Zaragoza a Blas de la Serna. En estos momentos, ya han finalizado la instalaci\u00f3n de nuevas canalizaciones, el hormigonado y la pavimentaci\u00f3n de la calle R\u00edo Irati, entre las calles R\u00edo Queiles y R\u00edo Urederra. Adem\u00e1s, en las pr\u00f3ximas semanas se concluir\u00e1n las obras en la confluencia entre R\u00edo Irati y R\u00edo Urrobi. Los trabajos en esta v\u00eda se dar\u00e1n por concluidos en torno a Sanfermines, cuando finalicen las obras de la nueva plaza que se est\u00e1 construyendo en la confluencia de la calle R\u00edo Irati con R\u00edo Urederra. De hecho, el proyecto de reurbanizaci\u00f3n del entorno prev\u00e9 cuatro nuevas plazas, dos en calle R\u00edo Irati (en los cruces con R\u00edo Urederra y R\u00edo Urrobi) y dos m\u00e1s en Manuel de Falla.<\/p>\n<p>En esta v\u00eda, se han realizado ya las nuevas canalizaciones y el hormigonado frente a la parroquia de San Ferm\u00edn, en el cruce con la calle Sang\u00fcesa, de forma que pr\u00f3ximamente comenzar\u00e1 la pavimentaci\u00f3n de esa zona.<\/p>\n<p>Dado que el proyecto de urbanizaci\u00f3n abarca una zona amplia y que son diversos los trabajos que se tienen que realizar, las obras de las distintas fases se han podido solapar, de manera que, aunque queda trabajo pendiente de la segunda fase, se est\u00e1n abordando ya aspectos de la tercera, como las conexiones de abastecimiento de la calle Manuel de Falla con Blas de la Serna.<br \/>\n<script async src=\"\/\/pagead2.googlesyndication.com\/pagead\/js\/adsbygoogle.js\"><\/script><br \/>\n<!-- Noticias La Guia de Pamplona --><br \/>\n<ins class=\"adsbygoogle\"\nstyle=\"display:block\"\ndata-ad-client=\"ca-pub-6943679897239327\"\ndata-ad-slot=\"7048180777\"\ndata-ad-format=\"auto\"><\/ins><br \/>\n<script>\n(adsbygoogle = window.adsbygoogle || []).push({});\n<\/script><\/p>\n<p>El proyecto abarca actuaciones en un \u00e1rea delimitada por la avenida Zaragoza y las calles Sang\u00fcesa, Gayarre, Blas de la Serna y R\u00edo Queiles, con intervenciones en los viales centrales de orientaci\u00f3n norte-sur y este-oeste del barrio. Se vertebrar\u00e1 la zona central con dos ejes peatonales y ciclables: eje norte-sur que unir\u00e1 la zona norte consolidada hasta la plaza Felisa Mun\u00e1rriz y la salida al centro de la ciudad; y el eje este-oeste, que enlaza la avenida Zaragoza con el parque Ilargi-Enea. De esta forma, se crea una zona central peatonal y varias plazas y \u00e1mbitos de estancia.<\/p>\n<p>A trav\u00e9s de esta actuaci\u00f3n global en el barrio de la Milagrosa, el Ayuntamiento de Pamplona busca, adem\u00e1s de renovar las redes de saneamiento, revitalizar la zona, aumentar el espacio peatonal y fomentar nuevos modos de movilidad. El proyecto da prioridad al peat\u00f3n, mediante la creaci\u00f3n de cuatro nuevas plazas y nuevas aceras. Tambi\u00e9n se instalar\u00e1 nuevo mobiliario urbano y se generar\u00e1n espacios verdes de estancia y de paseo. Adem\u00e1s, se establecer\u00e1n nuevos recorridos para la circulaci\u00f3n del tr\u00e1fico, que estar\u00e1 restringido a veh\u00edculos de residentes y servicios.<\/p>\n<p>Esta actuaci\u00f3n se enmarca tambi\u00e9n dentro de la Estrategia GoGreen, que engloba todas las actuaciones en materia de lucha contra el cambio clim\u00e1tico desarrolladas por la ciudad.<\/p>\n","protected":false},"excerpt":{"rendered":"<p>Las obras de reurbanizaci\u00f3n del barrio de la Milagrosa est\u00e1n ya en su segunda fase y avanzan seg\u00fan el calendario previsto<\/p>\n","protected":false},"author":1,"featured_media":40379,"comment_status":"open","ping_status":"closed","sticky":false,"template":"","format":"standard","meta":{"footnotes":""},"categories":[2],"tags":[],"class_list":["post-40378","post","type-post","status-publish","format-standard","has-post-thumbnail","hentry","category-ayuntamiento-pamplona"],"yoast_head":"<!-- This site is optimized with the Yoast SEO plugin v27.3 - https:\/\/yoast.com\/product\/yoast-seo-wordpress\/ -->\n<title>La nueva plaza peatonal de la calle R\u00edo Urederra estar\u00e1 lista para Sanfermines<\/title>\n<meta name=\"description\" content=\"Las obras de reurbanizaci\u00f3n del barrio de la Milagrosa est\u00e1n ya en su segunda fase y avanzan seg\u00fan el calendario previsto\" \/>\n<meta name=\"robots\" content=\"index, follow, max-snippet:-1, max-image-preview:large, max-video-preview:-1\" \/>\n<link rel=\"canonical\" href=\"https:\/\/www.laguiadepamplona.com\/actualidad\/la-nueva-plaza-peatonal-de-la-calle-rio-urederra-estara-lista-para-sanfermines\/\" \/>\n<meta property=\"og:locale\" content=\"es_ES\" \/>\n<meta property=\"og:type\" content=\"article\" \/>\n<meta property=\"og:title\" content=\"La nueva plaza peatonal de la calle R\u00edo Urederra estar\u00e1 lista para Sanfermines\" \/>\n<meta property=\"og:description\" content=\"Las obras de reurbanizaci\u00f3n del barrio de la Milagrosa est\u00e1n ya en su segunda fase y avanzan seg\u00fan el calendario previsto\" \/>\n<meta property=\"og:url\" content=\"https:\/\/www.laguiadepamplona.com\/actualidad\/la-nueva-plaza-peatonal-de-la-calle-rio-urederra-estara-lista-para-sanfermines\/\" \/>\n<meta property=\"og:site_name\" content=\"La Gu\u00eda de Pamplona\" \/>\n<meta property=\"article:publisher\" content=\"https:\/\/www.facebook.com\/laguiadepamplonacom-133175176762273\/?ref=hl\" \/>\n<meta property=\"article:published_time\" content=\"2022-05-18T09:05:28+00:00\" \/>\n<meta property=\"article:modified_time\" content=\"2023-04-11T09:48:11+00:00\" \/>\n<meta property=\"og:image\" content=\"https:\/\/www.laguiadepamplona.com\/actualidad\/wp-content\/uploads\/2022\/05\/visitaobrasmilagrosaee5a0205.webp\" \/>\n\t<meta property=\"og:image:width\" content=\"1920\" \/>\n\t<meta property=\"og:image:height\" content=\"1280\" \/>\n\t<meta property=\"og:image:type\" content=\"image\/webp\" \/>\n<meta name=\"author\" content=\"La Gu\u00eda de Pamplona\" \/>\n<meta name=\"twitter:card\" content=\"summary_large_image\" \/>\n<meta name=\"twitter:creator\" content=\"@LaGuiadPamplona\" \/>\n<meta name=\"twitter:site\" content=\"@LaGuiadPamplona\" \/>\n<meta name=\"twitter:label1\" content=\"Escrito por\" \/>\n\t<meta name=\"twitter:data1\" content=\"La Gu\u00eda de Pamplona\" \/>\n\t<meta name=\"twitter:label2\" content=\"Tiempo de lectura\" \/>\n\t<meta name=\"twitter:data2\" content=\"4 minutos\" \/>\n<script type=\"application\/ld+json\" class=\"yoast-schema-graph\">{\"@context\":\"https:\\\/\\\/schema.org\",\"@graph\":[{\"@type\":\"Article\",\"@id\":\"https:\\\/\\\/www.laguiadepamplona.com\\\/actualidad\\\/la-nueva-plaza-peatonal-de-la-calle-rio-urederra-estara-lista-para-sanfermines\\\/#article\",\"isPartOf\":{\"@id\":\"https:\\\/\\\/www.laguiadepamplona.com\\\/actualidad\\\/la-nueva-plaza-peatonal-de-la-calle-rio-urederra-estara-lista-para-sanfermines\\\/\"},\"author\":{\"name\":\"La Gu\u00eda de Pamplona\",\"@id\":\"https:\\\/\\\/www.laguiadepamplona.com\\\/actualidad\\\/#\\\/schema\\\/person\\\/efe887376f0213d4657c93adc50b1fdb\"},\"headline\":\"La nueva plaza peatonal de la calle R\u00edo Urederra estar\u00e1 lista para Sanfermines\",\"datePublished\":\"2022-05-18T09:05:28+00:00\",\"dateModified\":\"2023-04-11T09:48:11+00:00\",\"mainEntityOfPage\":{\"@id\":\"https:\\\/\\\/www.laguiadepamplona.com\\\/actualidad\\\/la-nueva-plaza-peatonal-de-la-calle-rio-urederra-estara-lista-para-sanfermines\\\/\"},\"wordCount\":778,\"commentCount\":0,\"publisher\":{\"@id\":\"https:\\\/\\\/www.laguiadepamplona.com\\\/actualidad\\\/#organization\"},\"image\":{\"@id\":\"https:\\\/\\\/www.laguiadepamplona.com\\\/actualidad\\\/la-nueva-plaza-peatonal-de-la-calle-rio-urederra-estara-lista-para-sanfermines\\\/#primaryimage\"},\"thumbnailUrl\":\"https:\\\/\\\/www.laguiadepamplona.com\\\/actualidad\\\/wp-content\\\/uploads\\\/2022\\\/05\\\/visitaobrasmilagrosaee5a0205.webp\",\"articleSection\":[\"Ayto Pamplona\"],\"inLanguage\":\"es\",\"potentialAction\":[{\"@type\":\"CommentAction\",\"name\":\"Comment\",\"target\":[\"https:\\\/\\\/www.laguiadepamplona.com\\\/actualidad\\\/la-nueva-plaza-peatonal-de-la-calle-rio-urederra-estara-lista-para-sanfermines\\\/#respond\"]}]},{\"@type\":\"WebPage\",\"@id\":\"https:\\\/\\\/www.laguiadepamplona.com\\\/actualidad\\\/la-nueva-plaza-peatonal-de-la-calle-rio-urederra-estara-lista-para-sanfermines\\\/\",\"url\":\"https:\\\/\\\/www.laguiadepamplona.com\\\/actualidad\\\/la-nueva-plaza-peatonal-de-la-calle-rio-urederra-estara-lista-para-sanfermines\\\/\",\"name\":\"La nueva plaza peatonal de la calle R\u00edo Urederra estar\u00e1 lista para Sanfermines\",\"isPartOf\":{\"@id\":\"https:\\\/\\\/www.laguiadepamplona.com\\\/actualidad\\\/#website\"},\"primaryImageOfPage\":{\"@id\":\"https:\\\/\\\/www.laguiadepamplona.com\\\/actualidad\\\/la-nueva-plaza-peatonal-de-la-calle-rio-urederra-estara-lista-para-sanfermines\\\/#primaryimage\"},\"image\":{\"@id\":\"https:\\\/\\\/www.laguiadepamplona.com\\\/actualidad\\\/la-nueva-plaza-peatonal-de-la-calle-rio-urederra-estara-lista-para-sanfermines\\\/#primaryimage\"},\"thumbnailUrl\":\"https:\\\/\\\/www.laguiadepamplona.com\\\/actualidad\\\/wp-content\\\/uploads\\\/2022\\\/05\\\/visitaobrasmilagrosaee5a0205.webp\",\"datePublished\":\"2022-05-18T09:05:28+00:00\",\"dateModified\":\"2023-04-11T09:48:11+00:00\",\"description\":\"Las obras de reurbanizaci\u00f3n del barrio de la Milagrosa est\u00e1n ya en su segunda fase y avanzan seg\u00fan el calendario previsto\",\"breadcrumb\":{\"@id\":\"https:\\\/\\\/www.laguiadepamplona.com\\\/actualidad\\\/la-nueva-plaza-peatonal-de-la-calle-rio-urederra-estara-lista-para-sanfermines\\\/#breadcrumb\"},\"inLanguage\":\"es\",\"potentialAction\":[{\"@type\":\"ReadAction\",\"target\":[\"https:\\\/\\\/www.laguiadepamplona.com\\\/actualidad\\\/la-nueva-plaza-peatonal-de-la-calle-rio-urederra-estara-lista-para-sanfermines\\\/\"]}]},{\"@type\":\"ImageObject\",\"inLanguage\":\"es\",\"@id\":\"https:\\\/\\\/www.laguiadepamplona.com\\\/actualidad\\\/la-nueva-plaza-peatonal-de-la-calle-rio-urederra-estara-lista-para-sanfermines\\\/#primaryimage\",\"url\":\"https:\\\/\\\/www.laguiadepamplona.com\\\/actualidad\\\/wp-content\\\/uploads\\\/2022\\\/05\\\/visitaobrasmilagrosaee5a0205.webp\",\"contentUrl\":\"https:\\\/\\\/www.laguiadepamplona.com\\\/actualidad\\\/wp-content\\\/uploads\\\/2022\\\/05\\\/visitaobrasmilagrosaee5a0205.webp\",\"width\":1920,\"height\":1280},{\"@type\":\"BreadcrumbList\",\"@id\":\"https:\\\/\\\/www.laguiadepamplona.com\\\/actualidad\\\/la-nueva-plaza-peatonal-de-la-calle-rio-urederra-estara-lista-para-sanfermines\\\/#breadcrumb\",\"itemListElement\":[{\"@type\":\"ListItem\",\"position\":1,\"name\":\"Portada\",\"item\":\"https:\\\/\\\/www.laguiadepamplona.com\\\/actualidad\\\/\"},{\"@type\":\"ListItem\",\"position\":2,\"name\":\"La nueva plaza peatonal de la calle R\u00edo Urederra estar\u00e1 lista para Sanfermines\"}]},{\"@type\":\"WebSite\",\"@id\":\"https:\\\/\\\/www.laguiadepamplona.com\\\/actualidad\\\/#website\",\"url\":\"https:\\\/\\\/www.laguiadepamplona.com\\\/actualidad\\\/\",\"name\":\"La gu\u00eda de Pamplona\",\"description\":\"Noticias de Pamplona\",\"publisher\":{\"@id\":\"https:\\\/\\\/www.laguiadepamplona.com\\\/actualidad\\\/#organization\"},\"potentialAction\":[{\"@type\":\"SearchAction\",\"target\":{\"@type\":\"EntryPoint\",\"urlTemplate\":\"https:\\\/\\\/www.laguiadepamplona.com\\\/actualidad\\\/?s={search_term_string}\"},\"query-input\":{\"@type\":\"PropertyValueSpecification\",\"valueRequired\":true,\"valueName\":\"search_term_string\"}}],\"inLanguage\":\"es\"},{\"@type\":\"Organization\",\"@id\":\"https:\\\/\\\/www.laguiadepamplona.com\\\/actualidad\\\/#organization\",\"name\":\"La Gu\u00eda de Pamplona \\\/ Noticias\",\"url\":\"https:\\\/\\\/www.laguiadepamplona.com\\\/actualidad\\\/\",\"logo\":{\"@type\":\"ImageObject\",\"inLanguage\":\"es\",\"@id\":\"https:\\\/\\\/www.laguiadepamplona.com\\\/actualidad\\\/#\\\/schema\\\/logo\\\/image\\\/\",\"url\":\"https:\\\/\\\/www.laguiadepamplona.com\\\/actualidad\\\/wp-content\\\/uploads\\\/2018\\\/11\\\/logo-laguiadepamplona18-web1.png\",\"contentUrl\":\"https:\\\/\\\/www.laguiadepamplona.com\\\/actualidad\\\/wp-content\\\/uploads\\\/2018\\\/11\\\/logo-laguiadepamplona18-web1.png\",\"width\":600,\"height\":196,\"caption\":\"La Gu\u00eda de Pamplona \\\/ Noticias\"},\"image\":{\"@id\":\"https:\\\/\\\/www.laguiadepamplona.com\\\/actualidad\\\/#\\\/schema\\\/logo\\\/image\\\/\"},\"sameAs\":[\"https:\\\/\\\/www.facebook.com\\\/laguiadepamplonacom-133175176762273\\\/?ref=hl\",\"https:\\\/\\\/x.com\\\/LaGuiadPamplona\",\"https:\\\/\\\/www.instagram.com\\\/la_guia_de_pamplona\\\/\",\"https:\\\/\\\/www.youtube.com\\\/user\\\/laguiadepamplona\"]},{\"@type\":\"Person\",\"@id\":\"https:\\\/\\\/www.laguiadepamplona.com\\\/actualidad\\\/#\\\/schema\\\/person\\\/efe887376f0213d4657c93adc50b1fdb\",\"name\":\"La Gu\u00eda de Pamplona\",\"image\":{\"@type\":\"ImageObject\",\"inLanguage\":\"es\",\"@id\":\"https:\\\/\\\/secure.gravatar.com\\\/avatar\\\/b6992f131dc8d30ab0dff15446e9d346d9dbd95992de0fef795073f5ea83a81c?s=96&d=mm&r=g\",\"url\":\"https:\\\/\\\/secure.gravatar.com\\\/avatar\\\/b6992f131dc8d30ab0dff15446e9d346d9dbd95992de0fef795073f5ea83a81c?s=96&d=mm&r=g\",\"contentUrl\":\"https:\\\/\\\/secure.gravatar.com\\\/avatar\\\/b6992f131dc8d30ab0dff15446e9d346d9dbd95992de0fef795073f5ea83a81c?s=96&d=mm&r=g\",\"caption\":\"La Gu\u00eda de Pamplona\"}}]}<\/script>\n<!-- \/ Yoast SEO plugin. -->","yoast_head_json":{"title":"La nueva plaza peatonal de la calle R\u00edo Urederra estar\u00e1 lista para Sanfermines","description":"Las obras de reurbanizaci\u00f3n del barrio de la Milagrosa est\u00e1n ya en su segunda fase y avanzan seg\u00fan el calendario previsto","robots":{"index":"index","follow":"follow","max-snippet":"max-snippet:-1","max-image-preview":"max-image-preview:large","max-video-preview":"max-video-preview:-1"},"canonical":"https:\/\/www.laguiadepamplona.com\/actualidad\/la-nueva-plaza-peatonal-de-la-calle-rio-urederra-estara-lista-para-sanfermines\/","og_locale":"es_ES","og_type":"article","og_title":"La nueva plaza peatonal de la calle R\u00edo Urederra estar\u00e1 lista para Sanfermines","og_description":"Las obras de reurbanizaci\u00f3n del barrio de la Milagrosa est\u00e1n ya en su segunda fase y avanzan seg\u00fan el calendario previsto","og_url":"https:\/\/www.laguiadepamplona.com\/actualidad\/la-nueva-plaza-peatonal-de-la-calle-rio-urederra-estara-lista-para-sanfermines\/","og_site_name":"La Gu\u00eda de Pamplona","article_publisher":"https:\/\/www.facebook.com\/laguiadepamplonacom-133175176762273\/?ref=hl","article_published_time":"2022-05-18T09:05:28+00:00","article_modified_time":"2023-04-11T09:48:11+00:00","og_image":[{"width":1920,"height":1280,"url":"https:\/\/www.laguiadepamplona.com\/actualidad\/wp-content\/uploads\/2022\/05\/visitaobrasmilagrosaee5a0205.webp","type":"image\/webp"}],"author":"La Gu\u00eda de Pamplona","twitter_card":"summary_large_image","twitter_creator":"@LaGuiadPamplona","twitter_site":"@LaGuiadPamplona","twitter_misc":{"Escrito por":"La Gu\u00eda de Pamplona","Tiempo de lectura":"4 minutos"},"schema":{"@context":"https:\/\/schema.org","@graph":[{"@type":"Article","@id":"https:\/\/www.laguiadepamplona.com\/actualidad\/la-nueva-plaza-peatonal-de-la-calle-rio-urederra-estara-lista-para-sanfermines\/#article","isPartOf":{"@id":"https:\/\/www.laguiadepamplona.com\/actualidad\/la-nueva-plaza-peatonal-de-la-calle-rio-urederra-estara-lista-para-sanfermines\/"},"author":{"name":"La Gu\u00eda de Pamplona","@id":"https:\/\/www.laguiadepamplona.com\/actualidad\/#\/schema\/person\/efe887376f0213d4657c93adc50b1fdb"},"headline":"La nueva plaza peatonal de la calle R\u00edo Urederra estar\u00e1 lista para Sanfermines","datePublished":"2022-05-18T09:05:28+00:00","dateModified":"2023-04-11T09:48:11+00:00","mainEntityOfPage":{"@id":"https:\/\/www.laguiadepamplona.com\/actualidad\/la-nueva-plaza-peatonal-de-la-calle-rio-urederra-estara-lista-para-sanfermines\/"},"wordCount":778,"commentCount":0,"publisher":{"@id":"https:\/\/www.laguiadepamplona.com\/actualidad\/#organization"},"image":{"@id":"https:\/\/www.laguiadepamplona.com\/actualidad\/la-nueva-plaza-peatonal-de-la-calle-rio-urederra-estara-lista-para-sanfermines\/#primaryimage"},"thumbnailUrl":"https:\/\/www.laguiadepamplona.com\/actualidad\/wp-content\/uploads\/2022\/05\/visitaobrasmilagrosaee5a0205.webp","articleSection":["Ayto Pamplona"],"inLanguage":"es","potentialAction":[{"@type":"CommentAction","name":"Comment","target":["https:\/\/www.laguiadepamplona.com\/actualidad\/la-nueva-plaza-peatonal-de-la-calle-rio-urederra-estara-lista-para-sanfermines\/#respond"]}]},{"@type":"WebPage","@id":"https:\/\/www.laguiadepamplona.com\/actualidad\/la-nueva-plaza-peatonal-de-la-calle-rio-urederra-estara-lista-para-sanfermines\/","url":"https:\/\/www.laguiadepamplona.com\/actualidad\/la-nueva-plaza-peatonal-de-la-calle-rio-urederra-estara-lista-para-sanfermines\/","name":"La nueva plaza peatonal de la calle R\u00edo Urederra estar\u00e1 lista para Sanfermines","isPartOf":{"@id":"https:\/\/www.laguiadepamplona.com\/actualidad\/#website"},"primaryImageOfPage":{"@id":"https:\/\/www.laguiadepamplona.com\/actualidad\/la-nueva-plaza-peatonal-de-la-calle-rio-urederra-estara-lista-para-sanfermines\/#primaryimage"},"image":{"@id":"https:\/\/www.laguiadepamplona.com\/actualidad\/la-nueva-plaza-peatonal-de-la-calle-rio-urederra-estara-lista-para-sanfermines\/#primaryimage"},"thumbnailUrl":"https:\/\/www.laguiadepamplona.com\/actualidad\/wp-content\/uploads\/2022\/05\/visitaobrasmilagrosaee5a0205.webp","datePublished":"2022-05-18T09:05:28+00:00","dateModified":"2023-04-11T09:48:11+00:00","description":"Las obras de reurbanizaci\u00f3n del barrio de la Milagrosa est\u00e1n ya en su segunda fase y avanzan seg\u00fan el calendario previsto","breadcrumb":{"@id":"https:\/\/www.laguiadepamplona.com\/actualidad\/la-nueva-plaza-peatonal-de-la-calle-rio-urederra-estara-lista-para-sanfermines\/#breadcrumb"},"inLanguage":"es","potentialAction":[{"@type":"ReadAction","target":["https:\/\/www.laguiadepamplona.com\/actualidad\/la-nueva-plaza-peatonal-de-la-calle-rio-urederra-estara-lista-para-sanfermines\/"]}]},{"@type":"ImageObject","inLanguage":"es","@id":"https:\/\/www.laguiadepamplona.com\/actualidad\/la-nueva-plaza-peatonal-de-la-calle-rio-urederra-estara-lista-para-sanfermines\/#primaryimage","url":"https:\/\/www.laguiadepamplona.com\/actualidad\/wp-content\/uploads\/2022\/05\/visitaobrasmilagrosaee5a0205.webp","contentUrl":"https:\/\/www.laguiadepamplona.com\/actualidad\/wp-content\/uploads\/2022\/05\/visitaobrasmilagrosaee5a0205.webp","width":1920,"height":1280},{"@type":"BreadcrumbList","@id":"https:\/\/www.laguiadepamplona.com\/actualidad\/la-nueva-plaza-peatonal-de-la-calle-rio-urederra-estara-lista-para-sanfermines\/#breadcrumb","itemListElement":[{"@type":"ListItem","position":1,"name":"Portada","item":"https:\/\/www.laguiadepamplona.com\/actualidad\/"},{"@type":"ListItem","position":2,"name":"La nueva plaza peatonal de la calle R\u00edo Urederra estar\u00e1 lista para Sanfermines"}]},{"@type":"WebSite","@id":"https:\/\/www.laguiadepamplona.com\/actualidad\/#website","url":"https:\/\/www.laguiadepamplona.com\/actualidad\/","name":"La gu\u00eda de Pamplona","description":"Noticias de Pamplona","publisher":{"@id":"https:\/\/www.laguiadepamplona.com\/actualidad\/#organization"},"potentialAction":[{"@type":"SearchAction","target":{"@type":"EntryPoint","urlTemplate":"https:\/\/www.laguiadepamplona.com\/actualidad\/?s={search_term_string}"},"query-input":{"@type":"PropertyValueSpecification","valueRequired":true,"valueName":"search_term_string"}}],"inLanguage":"es"},{"@type":"Organization","@id":"https:\/\/www.laguiadepamplona.com\/actualidad\/#organization","name":"La Gu\u00eda de Pamplona \/ Noticias","url":"https:\/\/www.laguiadepamplona.com\/actualidad\/","logo":{"@type":"ImageObject","inLanguage":"es","@id":"https:\/\/www.laguiadepamplona.com\/actualidad\/#\/schema\/logo\/image\/","url":"https:\/\/www.laguiadepamplona.com\/actualidad\/wp-content\/uploads\/2018\/11\/logo-laguiadepamplona18-web1.png","contentUrl":"https:\/\/www.laguiadepamplona.com\/actualidad\/wp-content\/uploads\/2018\/11\/logo-laguiadepamplona18-web1.png","width":600,"height":196,"caption":"La Gu\u00eda de Pamplona \/ Noticias"},"image":{"@id":"https:\/\/www.laguiadepamplona.com\/actualidad\/#\/schema\/logo\/image\/"},"sameAs":["https:\/\/www.facebook.com\/laguiadepamplonacom-133175176762273\/?ref=hl","https:\/\/x.com\/LaGuiadPamplona","https:\/\/www.instagram.com\/la_guia_de_pamplona\/","https:\/\/www.youtube.com\/user\/laguiadepamplona"]},{"@type":"Person","@id":"https:\/\/www.laguiadepamplona.com\/actualidad\/#\/schema\/person\/efe887376f0213d4657c93adc50b1fdb","name":"La Gu\u00eda de Pamplona","image":{"@type":"ImageObject","inLanguage":"es","@id":"https:\/\/secure.gravatar.com\/avatar\/b6992f131dc8d30ab0dff15446e9d346d9dbd95992de0fef795073f5ea83a81c?s=96&d=mm&r=g","url":"https:\/\/secure.gravatar.com\/avatar\/b6992f131dc8d30ab0dff15446e9d346d9dbd95992de0fef795073f5ea83a81c?s=96&d=mm&r=g","contentUrl":"https:\/\/secure.gravatar.com\/avatar\/b6992f131dc8d30ab0dff15446e9d346d9dbd95992de0fef795073f5ea83a81c?s=96&d=mm&r=g","caption":"La Gu\u00eda de Pamplona"}}]}},"post_mailing_queue_ids":[],"_links":{"self":[{"href":"https:\/\/www.laguiadepamplona.com\/actualidad\/wp-json\/wp\/v2\/posts\/40378","targetHints":{"allow":["GET"]}}],"collection":[{"href":"https:\/\/www.laguiadepamplona.com\/actualidad\/wp-json\/wp\/v2\/posts"}],"about":[{"href":"https:\/\/www.laguiadepamplona.com\/actualidad\/wp-json\/wp\/v2\/types\/post"}],"author":[{"embeddable":true,"href":"https:\/\/www.laguiadepamplona.com\/actualidad\/wp-json\/wp\/v2\/users\/1"}],"replies":[{"embeddable":true,"href":"https:\/\/www.laguiadepamplona.com\/actualidad\/wp-json\/wp\/v2\/comments?post=40378"}],"version-history":[{"count":0,"href":"https:\/\/www.laguiadepamplona.com\/actualidad\/wp-json\/wp\/v2\/posts\/40378\/revisions"}],"wp:featuredmedia":[{"embeddable":true,"href":"https:\/\/www.laguiadepamplona.com\/actualidad\/wp-json\/wp\/v2\/media\/40379"}],"wp:attachment":[{"href":"https:\/\/www.laguiadepamplona.com\/actualidad\/wp-json\/wp\/v2\/media?parent=40378"}],"wp:term":[{"taxonomy":"category","embeddable":true,"href":"https:\/\/www.laguiadepamplona.com\/actualidad\/wp-json\/wp\/v2\/categories?post=40378"},{"taxonomy":"post_tag","embeddable":true,"href":"https:\/\/www.laguiadepamplona.com\/actualidad\/wp-json\/wp\/v2\/tags?post=40378"}],"curies":[{"name":"wp","href":"https:\/\/api.w.org\/{rel}","templated":true}]}}