{"id":40370,"date":"2022-05-17T16:46:02","date_gmt":"2022-05-17T14:46:02","guid":{"rendered":"https:\/\/www.laguiadepamplona.com\/actualidad\/?p=40370"},"modified":"2023-04-11T11:48:11","modified_gmt":"2023-04-11T09:48:11","slug":"el-ayuntamiento-reeditara-estos-sanfermines-la-campana-municipal-para-mostrar-su-compromiso-contra-las-agresiones-sexistas","status":"publish","type":"post","link":"https:\/\/www.laguiadepamplona.com\/actualidad\/el-ayuntamiento-reeditara-estos-sanfermines-la-campana-municipal-para-mostrar-su-compromiso-contra-las-agresiones-sexistas\/","title":{"rendered":"El Ayuntamiento reeditar\u00e1 estos Sanfermines la campa\u00f1a municipal para mostrar su compromiso contra las agresiones sexistas"},"content":{"rendered":"<h5>Con 50.000 euros de presupuesto, y bajo el lema \u2018Pamplona, ciudad comprometida contra las agresiones sexistas. Libre que me quiero libre\u2019 facilitar\u00e1 informaci\u00f3n sobre todos los recursos disponibles en este \u00e1mbito<\/h5>\n<p><!--more--><\/p>\n<p>El Ayuntamiento de Pamplona volver\u00e1 a demostrar estos Sanfermines su compromiso contra las agresiones sexistas, reeditando la campa\u00f1a que se ha realizado en fiestas anteriores, que se encarga de facilitar a la ciudadan\u00eda informaci\u00f3n sobre los recursos existentes en la ciudad y de ponerlos a disposici\u00f3n de las personas interesadas. En esta ocasi\u00f3n, la campa\u00f1a va a combinar elementos ya reconocidos por la ciudadan\u00eda, como las manos rojas, con la identidad de las \u00faltimas acciones que en este \u00e1mbito se han realizado desde el Consistorio, dando continuidad al lema \u2018Pamplona ciudad comprometida contra las agresiones sexistas. Libre que me quiero libre\u2019. El presupuesto para el desarrollo de esta campa\u00f1a, que contar\u00e1 tambi\u00e9n con los recursos personales e institucionales con los que cont\u00f3 en los \u00faltimos Sanfermines, es de 50.000 euros.<br \/>\n<script async src=\"\/\/pagead2.googlesyndication.com\/pagead\/js\/adsbygoogle.js\"><\/script><br \/>\n<!-- Noticias La Guia de Pamplona --><br \/>\n<ins class=\"adsbygoogle\"\nstyle=\"display:block\"\ndata-ad-client=\"ca-pub-6943679897239327\"\ndata-ad-slot=\"7048180777\"\ndata-ad-format=\"auto\"><\/ins><br \/>\n<script>\n(adsbygoogle = window.adsbygoogle || []).push({});\n<\/script><\/p>\n<p>La concejala de Cultura e Igualdad, Mar\u00eda Garc\u00eda-Barberena ha ofrecido esta ma\u00f1ana los detalles de esta campa\u00f1a en la comisi\u00f3n municipal de Asuntos Ciudadanos. El objetivo de esta iniciativa, que se realizar\u00e1 en torno a los Sanfermines, es sensibilizar a la ciudadan\u00eda respecto a este tipo de situaciones identificando qu\u00e9 es la violencia sexista y ofreciendo herramientas para prevenirla y detectarla, as\u00ed como dar pautas sobre qu\u00e9 hacer en estos casos o c\u00f3mo actuar si se presencia una agresi\u00f3n. Adem\u00e1s, se crean v\u00edas para arbitrar los mecanismos que puedan dar una respuesta \u00e1gil y contundente ante un escenario de agresi\u00f3n sexista por parte del Ayuntamiento y del conjunto de la ciudadan\u00eda, en una estrategia en la que se a\u00fanan recursos de los \u00e1mbitos de seguridad, coordinaci\u00f3n y comunicaci\u00f3n.<\/p>\n<p>\u2018Pamplona ciudad comprometida contra las agresiones sexistas. Libre que me quiero libre\u2019 actualiza la imagen que esta campa\u00f1a del Ayuntamiento de Pamplona contra las agresiones sexistas en San Ferm\u00edn ven\u00eda mostrando en los \u00faltimos a\u00f1os. Se mantienen algunos elementos, ya interiorizados en la ciudadan\u00eda, como las manos rojas, y se combinan con este lema que tambi\u00e9n es ya reconocido por el p\u00fablico, y que se cre\u00f3 en consenso con la Plataforma de las Mujeres contra la Violencia Sexista, para la lucha contra las agresiones sexistas y contra la violencia de las mujeres. Esta imagen se lanz\u00f3 en 2020, pero no pudo desarrollarse para los Sanfermines debido a su suspensi\u00f3n. Ahora permite renovar la campa\u00f1a y lanzar a la vez no s\u00f3lo un mensaje del compromiso de la ciudad contra las agresiones, sino del empoderamiento de las mujeres.<br \/>\n<script async src=\"\/\/pagead2.googlesyndication.com\/pagead\/js\/adsbygoogle.js\"><\/script><br \/>\n<!-- Noticias La Guia de Pamplona --><br \/>\n<ins class=\"adsbygoogle\"\nstyle=\"display:block\"\ndata-ad-client=\"ca-pub-6943679897239327\"\ndata-ad-slot=\"7048180777\"\ndata-ad-format=\"auto\"><\/ins><br \/>\n<script>\n(adsbygoogle = window.adsbygoogle || []).push({});\n<\/script><\/p>\n<p><strong>Una campa\u00f1a presente en todos los rincones de la fiesta y de la ciudad<\/strong><\/p>\n<p>Para que el mensaje pueda llegar de manera \u00f3ptima al mayor n\u00famero de personas posible, se utilizar\u00e1n soportes y medios de diferentes caracter\u00edsticas. Se editar\u00e1 una gu\u00eda contra agresiones sexistas, con contenidos actualizados, que se repartir\u00e1 en el transporte p\u00fablico y en la caseta informativa que se ubicar\u00e1 en el Plaza del Castillo. Adem\u00e1s, estar\u00e1 disponible en los stand-t\u00f3tems que se ubicar\u00e1n en puntos clave para los visitantes, como las estaciones de RENFE, autobuses o aeropuerto, hoteles, pensiones, campings y otros lugares de pernoctaci\u00f3n. La campa\u00f1a tambi\u00e9n se difundir\u00e1 por los canales de comunicaci\u00f3n propios del Ayuntamiento, como el espacio radiof\u00f3nico \u2018D\u00eda a d\u00eda tu ciudad\u2019, los perfiles municipales en redes sociales, la p\u00e1gina web <a href=\"http:\/\/www.pamplona.es\" target=\"_blank\" rel=\"noopener\">www.pamplona.es<\/a> o los paneles informativos urbanos que se distribuyen por todos los barrios de la ciudad.<\/p>\n<p>Las manos rojas volver\u00e1n a ser un elemento simb\u00f3lico m\u00e1s de la fiesta. Se instalar\u00e1n reproducciones en grandes dimensiones de las manos rojas en puntos clave de la ciudad, y el mensaje estar\u00e1 tambi\u00e9n presente en los distintos escenarios festivos en los que se ofrecen conciertos y otro tipo de espect\u00e1culos. Adem\u00e1s, se repartir\u00e1n pins para que este s\u00edmbolo pueda incorporarse en el atuendo de los y las pamplonicas.<\/p>\n<p>Pero la campa\u00f1a no se queda \u00fanicamente en la difusi\u00f3n directa, sino que, como en a\u00f1os anteriores, busca la implicaci\u00f3n de actores clave. Para que puedan interiorizar y difundir el mensaje se organizar\u00e1n acciones como un desayuno de trabajo y formaci\u00f3n con representantes de medios de comunicaci\u00f3n, a los que tambi\u00e9n se invitar\u00e1 a participar en un concurso de buenas pr\u00e1cticas period\u00edsticas en materia de igualdad, o a mostrar su adhesi\u00f3n a la campa\u00f1a a trav\u00e9s de una fotograf\u00eda conjunta con sus elementos identificativos.<br \/>\n<script async src=\"\/\/pagead2.googlesyndication.com\/pagead\/js\/adsbygoogle.js\"><\/script><br \/>\n<!-- Noticias La Guia de Pamplona --><br \/>\n<ins class=\"adsbygoogle\"\nstyle=\"display:block\"\ndata-ad-client=\"ca-pub-6943679897239327\"\ndata-ad-slot=\"7048180777\"\ndata-ad-format=\"auto\"><\/ins><br \/>\n<script>\n(adsbygoogle = window.adsbygoogle || []).push({});\n<\/script><\/p>\n<p><strong>Un punto f\u00edsico como referencia de la campa\u00f1a en la Plaza del Castillo<\/strong><\/p>\n<p>Como en a\u00f1os anteriores, la campa\u00f1a se asentar\u00e1 f\u00edsicamente sobre un Punto de Informaci\u00f3n que ofrecer\u00e1 atenci\u00f3n a las personas interesadas y repartir\u00e1 los materiales de sensibilizaci\u00f3n elaborados. Centralizar\u00e1 y facilitar\u00e1 el acceso de las mujeres a servicios de informaci\u00f3n y atenci\u00f3n especializada en caso de agresi\u00f3n; orientar\u00e1 sobre los recursos de atenci\u00f3n existentes ante una agresi\u00f3n; activar\u00e1 si fuera necesario el protocolo de atenci\u00f3n y acompa\u00f1amiento; y recoger\u00e1 informaci\u00f3n de car\u00e1cter an\u00f3nimo sobre agresiones sexistas, sufridas o presenciadas y sobre la respuesta del entorno frente a ellas. En caso de haber sido v\u00edctima de una agresi\u00f3n sexista, el Punto de Informaci\u00f3n orientar\u00e1 a las mujeres que lo soliciten sobre los diferentes servicios a los que acudir.<\/p>\n<p>Los objetivos de esta iniciativa son avanzar en el compromiso municipal para eliminar las agresiones sexistas en fiestas y construir una ciudad donde no se produzcan agresiones de ning\u00fan tipo contra las mujeres; mostrar el posicionamiento de Pamplona (tanto a nivel institucional como social) contra la violencia hacia las mujeres y establecer como prioridad la denuncia de estas situaciones; y posibilitar que la ciudad sea vivida por las mujeres como un espacio libre y seguro. Por \u00faltimo, informar a la ciudadan\u00eda sobre los recursos disponibles de orientaci\u00f3n, atenci\u00f3n y denuncia de agresiones sexistas en las fiestas y ofrecer una respuesta coordinada institucional y ciudadana en caso de agresi\u00f3n sexista.<\/p>\n","protected":false},"excerpt":{"rendered":"<p>Con 50.000 euros de presupuesto, y bajo el lema \u2018Pamplona, ciudad comprometida contra las agresiones sexistas. Libre que me quiero libre\u2019 facilitar\u00e1 informaci\u00f3n sobre todos los recursos disponibles en este&#8230;<\/p>\n","protected":false},"author":1,"featured_media":40371,"comment_status":"open","ping_status":"closed","sticky":false,"template":"","format":"standard","meta":{"footnotes":""},"categories":[2,9406],"tags":[],"class_list":["post-40370","post","type-post","status-publish","format-standard","has-post-thumbnail","hentry","category-ayuntamiento-pamplona","category-san-fermin"],"yoast_head":"<!-- This site is optimized with the Yoast SEO plugin v27.3 - https:\/\/yoast.com\/product\/yoast-seo-wordpress\/ -->\n<title>El Ayuntamiento reeditar\u00e1 estos Sanfermines la campa\u00f1a municipal para mostrar su compromiso contra las agresiones sexistas<\/title>\n<meta name=\"description\" content=\"Con 50.000 euros de presupuesto facilitar\u00e1 informaci\u00f3n sobre todos los recursos disponibles en este \u00e1mbito\" \/>\n<meta name=\"robots\" content=\"index, follow, max-snippet:-1, max-image-preview:large, max-video-preview:-1\" \/>\n<link rel=\"canonical\" href=\"https:\/\/www.laguiadepamplona.com\/actualidad\/el-ayuntamiento-reeditara-estos-sanfermines-la-campana-municipal-para-mostrar-su-compromiso-contra-las-agresiones-sexistas\/\" \/>\n<meta property=\"og:locale\" content=\"es_ES\" \/>\n<meta property=\"og:type\" content=\"article\" \/>\n<meta property=\"og:title\" content=\"El Ayuntamiento reeditar\u00e1 estos Sanfermines la campa\u00f1a municipal para mostrar su compromiso contra las agresiones sexistas\" \/>\n<meta property=\"og:description\" content=\"Con 50.000 euros de presupuesto facilitar\u00e1 informaci\u00f3n sobre todos los recursos disponibles en este \u00e1mbito\" \/>\n<meta property=\"og:url\" content=\"https:\/\/www.laguiadepamplona.com\/actualidad\/el-ayuntamiento-reeditara-estos-sanfermines-la-campana-municipal-para-mostrar-su-compromiso-contra-las-agresiones-sexistas\/\" \/>\n<meta property=\"og:site_name\" content=\"La Gu\u00eda de Pamplona\" \/>\n<meta property=\"article:publisher\" content=\"https:\/\/www.facebook.com\/laguiadepamplonacom-133175176762273\/?ref=hl\" \/>\n<meta property=\"article:published_time\" content=\"2022-05-17T14:46:02+00:00\" \/>\n<meta property=\"article:modified_time\" content=\"2023-04-11T09:48:11+00:00\" \/>\n<meta property=\"og:image\" content=\"https:\/\/www.laguiadepamplona.com\/actualidad\/wp-content\/uploads\/2022\/05\/carteles_pamplona-contra-agresiones-sexistas.webp\" \/>\n\t<meta property=\"og:image:width\" content=\"1920\" \/>\n\t<meta property=\"og:image:height\" content=\"1280\" \/>\n\t<meta property=\"og:image:type\" content=\"image\/webp\" \/>\n<meta name=\"author\" content=\"La Gu\u00eda de Pamplona\" \/>\n<meta name=\"twitter:card\" content=\"summary_large_image\" \/>\n<meta name=\"twitter:creator\" content=\"@LaGuiadPamplona\" \/>\n<meta name=\"twitter:site\" content=\"@LaGuiadPamplona\" \/>\n<meta name=\"twitter:label1\" content=\"Escrito por\" \/>\n\t<meta name=\"twitter:data1\" content=\"La Gu\u00eda de Pamplona\" \/>\n\t<meta name=\"twitter:label2\" content=\"Tiempo de lectura\" \/>\n\t<meta name=\"twitter:data2\" content=\"5 minutos\" \/>\n<script type=\"application\/ld+json\" class=\"yoast-schema-graph\">{\"@context\":\"https:\\\/\\\/schema.org\",\"@graph\":[{\"@type\":\"Article\",\"@id\":\"https:\\\/\\\/www.laguiadepamplona.com\\\/actualidad\\\/el-ayuntamiento-reeditara-estos-sanfermines-la-campana-municipal-para-mostrar-su-compromiso-contra-las-agresiones-sexistas\\\/#article\",\"isPartOf\":{\"@id\":\"https:\\\/\\\/www.laguiadepamplona.com\\\/actualidad\\\/el-ayuntamiento-reeditara-estos-sanfermines-la-campana-municipal-para-mostrar-su-compromiso-contra-las-agresiones-sexistas\\\/\"},\"author\":{\"name\":\"La Gu\u00eda de Pamplona\",\"@id\":\"https:\\\/\\\/www.laguiadepamplona.com\\\/actualidad\\\/#\\\/schema\\\/person\\\/efe887376f0213d4657c93adc50b1fdb\"},\"headline\":\"El Ayuntamiento reeditar\u00e1 estos Sanfermines la campa\u00f1a municipal para mostrar su compromiso contra las agresiones sexistas\",\"datePublished\":\"2022-05-17T14:46:02+00:00\",\"dateModified\":\"2023-04-11T09:48:11+00:00\",\"mainEntityOfPage\":{\"@id\":\"https:\\\/\\\/www.laguiadepamplona.com\\\/actualidad\\\/el-ayuntamiento-reeditara-estos-sanfermines-la-campana-municipal-para-mostrar-su-compromiso-contra-las-agresiones-sexistas\\\/\"},\"wordCount\":1080,\"commentCount\":0,\"publisher\":{\"@id\":\"https:\\\/\\\/www.laguiadepamplona.com\\\/actualidad\\\/#organization\"},\"image\":{\"@id\":\"https:\\\/\\\/www.laguiadepamplona.com\\\/actualidad\\\/el-ayuntamiento-reeditara-estos-sanfermines-la-campana-municipal-para-mostrar-su-compromiso-contra-las-agresiones-sexistas\\\/#primaryimage\"},\"thumbnailUrl\":\"https:\\\/\\\/www.laguiadepamplona.com\\\/actualidad\\\/wp-content\\\/uploads\\\/2022\\\/05\\\/carteles_pamplona-contra-agresiones-sexistas.webp\",\"articleSection\":[\"Ayto Pamplona\",\"San Ferm\u00edn\"],\"inLanguage\":\"es\",\"potentialAction\":[{\"@type\":\"CommentAction\",\"name\":\"Comment\",\"target\":[\"https:\\\/\\\/www.laguiadepamplona.com\\\/actualidad\\\/el-ayuntamiento-reeditara-estos-sanfermines-la-campana-municipal-para-mostrar-su-compromiso-contra-las-agresiones-sexistas\\\/#respond\"]}]},{\"@type\":\"WebPage\",\"@id\":\"https:\\\/\\\/www.laguiadepamplona.com\\\/actualidad\\\/el-ayuntamiento-reeditara-estos-sanfermines-la-campana-municipal-para-mostrar-su-compromiso-contra-las-agresiones-sexistas\\\/\",\"url\":\"https:\\\/\\\/www.laguiadepamplona.com\\\/actualidad\\\/el-ayuntamiento-reeditara-estos-sanfermines-la-campana-municipal-para-mostrar-su-compromiso-contra-las-agresiones-sexistas\\\/\",\"name\":\"El Ayuntamiento reeditar\u00e1 estos Sanfermines la campa\u00f1a municipal para mostrar su compromiso contra las agresiones sexistas\",\"isPartOf\":{\"@id\":\"https:\\\/\\\/www.laguiadepamplona.com\\\/actualidad\\\/#website\"},\"primaryImageOfPage\":{\"@id\":\"https:\\\/\\\/www.laguiadepamplona.com\\\/actualidad\\\/el-ayuntamiento-reeditara-estos-sanfermines-la-campana-municipal-para-mostrar-su-compromiso-contra-las-agresiones-sexistas\\\/#primaryimage\"},\"image\":{\"@id\":\"https:\\\/\\\/www.laguiadepamplona.com\\\/actualidad\\\/el-ayuntamiento-reeditara-estos-sanfermines-la-campana-municipal-para-mostrar-su-compromiso-contra-las-agresiones-sexistas\\\/#primaryimage\"},\"thumbnailUrl\":\"https:\\\/\\\/www.laguiadepamplona.com\\\/actualidad\\\/wp-content\\\/uploads\\\/2022\\\/05\\\/carteles_pamplona-contra-agresiones-sexistas.webp\",\"datePublished\":\"2022-05-17T14:46:02+00:00\",\"dateModified\":\"2023-04-11T09:48:11+00:00\",\"description\":\"Con 50.000 euros de presupuesto facilitar\u00e1 informaci\u00f3n sobre todos los recursos disponibles en este \u00e1mbito\",\"breadcrumb\":{\"@id\":\"https:\\\/\\\/www.laguiadepamplona.com\\\/actualidad\\\/el-ayuntamiento-reeditara-estos-sanfermines-la-campana-municipal-para-mostrar-su-compromiso-contra-las-agresiones-sexistas\\\/#breadcrumb\"},\"inLanguage\":\"es\",\"potentialAction\":[{\"@type\":\"ReadAction\",\"target\":[\"https:\\\/\\\/www.laguiadepamplona.com\\\/actualidad\\\/el-ayuntamiento-reeditara-estos-sanfermines-la-campana-municipal-para-mostrar-su-compromiso-contra-las-agresiones-sexistas\\\/\"]}]},{\"@type\":\"ImageObject\",\"inLanguage\":\"es\",\"@id\":\"https:\\\/\\\/www.laguiadepamplona.com\\\/actualidad\\\/el-ayuntamiento-reeditara-estos-sanfermines-la-campana-municipal-para-mostrar-su-compromiso-contra-las-agresiones-sexistas\\\/#primaryimage\",\"url\":\"https:\\\/\\\/www.laguiadepamplona.com\\\/actualidad\\\/wp-content\\\/uploads\\\/2022\\\/05\\\/carteles_pamplona-contra-agresiones-sexistas.webp\",\"contentUrl\":\"https:\\\/\\\/www.laguiadepamplona.com\\\/actualidad\\\/wp-content\\\/uploads\\\/2022\\\/05\\\/carteles_pamplona-contra-agresiones-sexistas.webp\",\"width\":1920,\"height\":1280},{\"@type\":\"BreadcrumbList\",\"@id\":\"https:\\\/\\\/www.laguiadepamplona.com\\\/actualidad\\\/el-ayuntamiento-reeditara-estos-sanfermines-la-campana-municipal-para-mostrar-su-compromiso-contra-las-agresiones-sexistas\\\/#breadcrumb\",\"itemListElement\":[{\"@type\":\"ListItem\",\"position\":1,\"name\":\"Portada\",\"item\":\"https:\\\/\\\/www.laguiadepamplona.com\\\/actualidad\\\/\"},{\"@type\":\"ListItem\",\"position\":2,\"name\":\"El Ayuntamiento reeditar\u00e1 estos Sanfermines la campa\u00f1a municipal para mostrar su compromiso contra las agresiones sexistas\"}]},{\"@type\":\"WebSite\",\"@id\":\"https:\\\/\\\/www.laguiadepamplona.com\\\/actualidad\\\/#website\",\"url\":\"https:\\\/\\\/www.laguiadepamplona.com\\\/actualidad\\\/\",\"name\":\"La gu\u00eda de Pamplona\",\"description\":\"Noticias de Pamplona\",\"publisher\":{\"@id\":\"https:\\\/\\\/www.laguiadepamplona.com\\\/actualidad\\\/#organization\"},\"potentialAction\":[{\"@type\":\"SearchAction\",\"target\":{\"@type\":\"EntryPoint\",\"urlTemplate\":\"https:\\\/\\\/www.laguiadepamplona.com\\\/actualidad\\\/?s={search_term_string}\"},\"query-input\":{\"@type\":\"PropertyValueSpecification\",\"valueRequired\":true,\"valueName\":\"search_term_string\"}}],\"inLanguage\":\"es\"},{\"@type\":\"Organization\",\"@id\":\"https:\\\/\\\/www.laguiadepamplona.com\\\/actualidad\\\/#organization\",\"name\":\"La Gu\u00eda de Pamplona \\\/ Noticias\",\"url\":\"https:\\\/\\\/www.laguiadepamplona.com\\\/actualidad\\\/\",\"logo\":{\"@type\":\"ImageObject\",\"inLanguage\":\"es\",\"@id\":\"https:\\\/\\\/www.laguiadepamplona.com\\\/actualidad\\\/#\\\/schema\\\/logo\\\/image\\\/\",\"url\":\"https:\\\/\\\/www.laguiadepamplona.com\\\/actualidad\\\/wp-content\\\/uploads\\\/2018\\\/11\\\/logo-laguiadepamplona18-web1.png\",\"contentUrl\":\"https:\\\/\\\/www.laguiadepamplona.com\\\/actualidad\\\/wp-content\\\/uploads\\\/2018\\\/11\\\/logo-laguiadepamplona18-web1.png\",\"width\":600,\"height\":196,\"caption\":\"La Gu\u00eda de Pamplona \\\/ Noticias\"},\"image\":{\"@id\":\"https:\\\/\\\/www.laguiadepamplona.com\\\/actualidad\\\/#\\\/schema\\\/logo\\\/image\\\/\"},\"sameAs\":[\"https:\\\/\\\/www.facebook.com\\\/laguiadepamplonacom-133175176762273\\\/?ref=hl\",\"https:\\\/\\\/x.com\\\/LaGuiadPamplona\",\"https:\\\/\\\/www.instagram.com\\\/la_guia_de_pamplona\\\/\",\"https:\\\/\\\/www.youtube.com\\\/user\\\/laguiadepamplona\"]},{\"@type\":\"Person\",\"@id\":\"https:\\\/\\\/www.laguiadepamplona.com\\\/actualidad\\\/#\\\/schema\\\/person\\\/efe887376f0213d4657c93adc50b1fdb\",\"name\":\"La Gu\u00eda de Pamplona\",\"image\":{\"@type\":\"ImageObject\",\"inLanguage\":\"es\",\"@id\":\"https:\\\/\\\/secure.gravatar.com\\\/avatar\\\/b6992f131dc8d30ab0dff15446e9d346d9dbd95992de0fef795073f5ea83a81c?s=96&d=mm&r=g\",\"url\":\"https:\\\/\\\/secure.gravatar.com\\\/avatar\\\/b6992f131dc8d30ab0dff15446e9d346d9dbd95992de0fef795073f5ea83a81c?s=96&d=mm&r=g\",\"contentUrl\":\"https:\\\/\\\/secure.gravatar.com\\\/avatar\\\/b6992f131dc8d30ab0dff15446e9d346d9dbd95992de0fef795073f5ea83a81c?s=96&d=mm&r=g\",\"caption\":\"La Gu\u00eda de Pamplona\"}}]}<\/script>\n<!-- \/ Yoast SEO plugin. -->","yoast_head_json":{"title":"El Ayuntamiento reeditar\u00e1 estos Sanfermines la campa\u00f1a municipal para mostrar su compromiso contra las agresiones sexistas","description":"Con 50.000 euros de presupuesto facilitar\u00e1 informaci\u00f3n sobre todos los recursos disponibles en este \u00e1mbito","robots":{"index":"index","follow":"follow","max-snippet":"max-snippet:-1","max-image-preview":"max-image-preview:large","max-video-preview":"max-video-preview:-1"},"canonical":"https:\/\/www.laguiadepamplona.com\/actualidad\/el-ayuntamiento-reeditara-estos-sanfermines-la-campana-municipal-para-mostrar-su-compromiso-contra-las-agresiones-sexistas\/","og_locale":"es_ES","og_type":"article","og_title":"El Ayuntamiento reeditar\u00e1 estos Sanfermines la campa\u00f1a municipal para mostrar su compromiso contra las agresiones sexistas","og_description":"Con 50.000 euros de presupuesto facilitar\u00e1 informaci\u00f3n sobre todos los recursos disponibles en este \u00e1mbito","og_url":"https:\/\/www.laguiadepamplona.com\/actualidad\/el-ayuntamiento-reeditara-estos-sanfermines-la-campana-municipal-para-mostrar-su-compromiso-contra-las-agresiones-sexistas\/","og_site_name":"La Gu\u00eda de Pamplona","article_publisher":"https:\/\/www.facebook.com\/laguiadepamplonacom-133175176762273\/?ref=hl","article_published_time":"2022-05-17T14:46:02+00:00","article_modified_time":"2023-04-11T09:48:11+00:00","og_image":[{"width":1920,"height":1280,"url":"https:\/\/www.laguiadepamplona.com\/actualidad\/wp-content\/uploads\/2022\/05\/carteles_pamplona-contra-agresiones-sexistas.webp","type":"image\/webp"}],"author":"La Gu\u00eda de Pamplona","twitter_card":"summary_large_image","twitter_creator":"@LaGuiadPamplona","twitter_site":"@LaGuiadPamplona","twitter_misc":{"Escrito por":"La Gu\u00eda de Pamplona","Tiempo de lectura":"5 minutos"},"schema":{"@context":"https:\/\/schema.org","@graph":[{"@type":"Article","@id":"https:\/\/www.laguiadepamplona.com\/actualidad\/el-ayuntamiento-reeditara-estos-sanfermines-la-campana-municipal-para-mostrar-su-compromiso-contra-las-agresiones-sexistas\/#article","isPartOf":{"@id":"https:\/\/www.laguiadepamplona.com\/actualidad\/el-ayuntamiento-reeditara-estos-sanfermines-la-campana-municipal-para-mostrar-su-compromiso-contra-las-agresiones-sexistas\/"},"author":{"name":"La Gu\u00eda de Pamplona","@id":"https:\/\/www.laguiadepamplona.com\/actualidad\/#\/schema\/person\/efe887376f0213d4657c93adc50b1fdb"},"headline":"El Ayuntamiento reeditar\u00e1 estos Sanfermines la campa\u00f1a municipal para mostrar su compromiso contra las agresiones sexistas","datePublished":"2022-05-17T14:46:02+00:00","dateModified":"2023-04-11T09:48:11+00:00","mainEntityOfPage":{"@id":"https:\/\/www.laguiadepamplona.com\/actualidad\/el-ayuntamiento-reeditara-estos-sanfermines-la-campana-municipal-para-mostrar-su-compromiso-contra-las-agresiones-sexistas\/"},"wordCount":1080,"commentCount":0,"publisher":{"@id":"https:\/\/www.laguiadepamplona.com\/actualidad\/#organization"},"image":{"@id":"https:\/\/www.laguiadepamplona.com\/actualidad\/el-ayuntamiento-reeditara-estos-sanfermines-la-campana-municipal-para-mostrar-su-compromiso-contra-las-agresiones-sexistas\/#primaryimage"},"thumbnailUrl":"https:\/\/www.laguiadepamplona.com\/actualidad\/wp-content\/uploads\/2022\/05\/carteles_pamplona-contra-agresiones-sexistas.webp","articleSection":["Ayto Pamplona","San Ferm\u00edn"],"inLanguage":"es","potentialAction":[{"@type":"CommentAction","name":"Comment","target":["https:\/\/www.laguiadepamplona.com\/actualidad\/el-ayuntamiento-reeditara-estos-sanfermines-la-campana-municipal-para-mostrar-su-compromiso-contra-las-agresiones-sexistas\/#respond"]}]},{"@type":"WebPage","@id":"https:\/\/www.laguiadepamplona.com\/actualidad\/el-ayuntamiento-reeditara-estos-sanfermines-la-campana-municipal-para-mostrar-su-compromiso-contra-las-agresiones-sexistas\/","url":"https:\/\/www.laguiadepamplona.com\/actualidad\/el-ayuntamiento-reeditara-estos-sanfermines-la-campana-municipal-para-mostrar-su-compromiso-contra-las-agresiones-sexistas\/","name":"El Ayuntamiento reeditar\u00e1 estos Sanfermines la campa\u00f1a municipal para mostrar su compromiso contra las agresiones sexistas","isPartOf":{"@id":"https:\/\/www.laguiadepamplona.com\/actualidad\/#website"},"primaryImageOfPage":{"@id":"https:\/\/www.laguiadepamplona.com\/actualidad\/el-ayuntamiento-reeditara-estos-sanfermines-la-campana-municipal-para-mostrar-su-compromiso-contra-las-agresiones-sexistas\/#primaryimage"},"image":{"@id":"https:\/\/www.laguiadepamplona.com\/actualidad\/el-ayuntamiento-reeditara-estos-sanfermines-la-campana-municipal-para-mostrar-su-compromiso-contra-las-agresiones-sexistas\/#primaryimage"},"thumbnailUrl":"https:\/\/www.laguiadepamplona.com\/actualidad\/wp-content\/uploads\/2022\/05\/carteles_pamplona-contra-agresiones-sexistas.webp","datePublished":"2022-05-17T14:46:02+00:00","dateModified":"2023-04-11T09:48:11+00:00","description":"Con 50.000 euros de presupuesto facilitar\u00e1 informaci\u00f3n sobre todos los recursos disponibles en este \u00e1mbito","breadcrumb":{"@id":"https:\/\/www.laguiadepamplona.com\/actualidad\/el-ayuntamiento-reeditara-estos-sanfermines-la-campana-municipal-para-mostrar-su-compromiso-contra-las-agresiones-sexistas\/#breadcrumb"},"inLanguage":"es","potentialAction":[{"@type":"ReadAction","target":["https:\/\/www.laguiadepamplona.com\/actualidad\/el-ayuntamiento-reeditara-estos-sanfermines-la-campana-municipal-para-mostrar-su-compromiso-contra-las-agresiones-sexistas\/"]}]},{"@type":"ImageObject","inLanguage":"es","@id":"https:\/\/www.laguiadepamplona.com\/actualidad\/el-ayuntamiento-reeditara-estos-sanfermines-la-campana-municipal-para-mostrar-su-compromiso-contra-las-agresiones-sexistas\/#primaryimage","url":"https:\/\/www.laguiadepamplona.com\/actualidad\/wp-content\/uploads\/2022\/05\/carteles_pamplona-contra-agresiones-sexistas.webp","contentUrl":"https:\/\/www.laguiadepamplona.com\/actualidad\/wp-content\/uploads\/2022\/05\/carteles_pamplona-contra-agresiones-sexistas.webp","width":1920,"height":1280},{"@type":"BreadcrumbList","@id":"https:\/\/www.laguiadepamplona.com\/actualidad\/el-ayuntamiento-reeditara-estos-sanfermines-la-campana-municipal-para-mostrar-su-compromiso-contra-las-agresiones-sexistas\/#breadcrumb","itemListElement":[{"@type":"ListItem","position":1,"name":"Portada","item":"https:\/\/www.laguiadepamplona.com\/actualidad\/"},{"@type":"ListItem","position":2,"name":"El Ayuntamiento reeditar\u00e1 estos Sanfermines la campa\u00f1a municipal para mostrar su compromiso contra las agresiones sexistas"}]},{"@type":"WebSite","@id":"https:\/\/www.laguiadepamplona.com\/actualidad\/#website","url":"https:\/\/www.laguiadepamplona.com\/actualidad\/","name":"La gu\u00eda de Pamplona","description":"Noticias de Pamplona","publisher":{"@id":"https:\/\/www.laguiadepamplona.com\/actualidad\/#organization"},"potentialAction":[{"@type":"SearchAction","target":{"@type":"EntryPoint","urlTemplate":"https:\/\/www.laguiadepamplona.com\/actualidad\/?s={search_term_string}"},"query-input":{"@type":"PropertyValueSpecification","valueRequired":true,"valueName":"search_term_string"}}],"inLanguage":"es"},{"@type":"Organization","@id":"https:\/\/www.laguiadepamplona.com\/actualidad\/#organization","name":"La Gu\u00eda de Pamplona \/ Noticias","url":"https:\/\/www.laguiadepamplona.com\/actualidad\/","logo":{"@type":"ImageObject","inLanguage":"es","@id":"https:\/\/www.laguiadepamplona.com\/actualidad\/#\/schema\/logo\/image\/","url":"https:\/\/www.laguiadepamplona.com\/actualidad\/wp-content\/uploads\/2018\/11\/logo-laguiadepamplona18-web1.png","contentUrl":"https:\/\/www.laguiadepamplona.com\/actualidad\/wp-content\/uploads\/2018\/11\/logo-laguiadepamplona18-web1.png","width":600,"height":196,"caption":"La Gu\u00eda de Pamplona \/ Noticias"},"image":{"@id":"https:\/\/www.laguiadepamplona.com\/actualidad\/#\/schema\/logo\/image\/"},"sameAs":["https:\/\/www.facebook.com\/laguiadepamplonacom-133175176762273\/?ref=hl","https:\/\/x.com\/LaGuiadPamplona","https:\/\/www.instagram.com\/la_guia_de_pamplona\/","https:\/\/www.youtube.com\/user\/laguiadepamplona"]},{"@type":"Person","@id":"https:\/\/www.laguiadepamplona.com\/actualidad\/#\/schema\/person\/efe887376f0213d4657c93adc50b1fdb","name":"La Gu\u00eda de Pamplona","image":{"@type":"ImageObject","inLanguage":"es","@id":"https:\/\/secure.gravatar.com\/avatar\/b6992f131dc8d30ab0dff15446e9d346d9dbd95992de0fef795073f5ea83a81c?s=96&d=mm&r=g","url":"https:\/\/secure.gravatar.com\/avatar\/b6992f131dc8d30ab0dff15446e9d346d9dbd95992de0fef795073f5ea83a81c?s=96&d=mm&r=g","contentUrl":"https:\/\/secure.gravatar.com\/avatar\/b6992f131dc8d30ab0dff15446e9d346d9dbd95992de0fef795073f5ea83a81c?s=96&d=mm&r=g","caption":"La Gu\u00eda de Pamplona"}}]}},"post_mailing_queue_ids":[],"_links":{"self":[{"href":"https:\/\/www.laguiadepamplona.com\/actualidad\/wp-json\/wp\/v2\/posts\/40370","targetHints":{"allow":["GET"]}}],"collection":[{"href":"https:\/\/www.laguiadepamplona.com\/actualidad\/wp-json\/wp\/v2\/posts"}],"about":[{"href":"https:\/\/www.laguiadepamplona.com\/actualidad\/wp-json\/wp\/v2\/types\/post"}],"author":[{"embeddable":true,"href":"https:\/\/www.laguiadepamplona.com\/actualidad\/wp-json\/wp\/v2\/users\/1"}],"replies":[{"embeddable":true,"href":"https:\/\/www.laguiadepamplona.com\/actualidad\/wp-json\/wp\/v2\/comments?post=40370"}],"version-history":[{"count":0,"href":"https:\/\/www.laguiadepamplona.com\/actualidad\/wp-json\/wp\/v2\/posts\/40370\/revisions"}],"wp:featuredmedia":[{"embeddable":true,"href":"https:\/\/www.laguiadepamplona.com\/actualidad\/wp-json\/wp\/v2\/media\/40371"}],"wp:attachment":[{"href":"https:\/\/www.laguiadepamplona.com\/actualidad\/wp-json\/wp\/v2\/media?parent=40370"}],"wp:term":[{"taxonomy":"category","embeddable":true,"href":"https:\/\/www.laguiadepamplona.com\/actualidad\/wp-json\/wp\/v2\/categories?post=40370"},{"taxonomy":"post_tag","embeddable":true,"href":"https:\/\/www.laguiadepamplona.com\/actualidad\/wp-json\/wp\/v2\/tags?post=40370"}],"curies":[{"name":"wp","href":"https:\/\/api.w.org\/{rel}","templated":true}]}}