{"id":40366,"date":"2022-05-17T12:51:57","date_gmt":"2022-05-17T10:51:57","guid":{"rendered":"https:\/\/www.laguiadepamplona.com\/actualidad\/?p=40366"},"modified":"2023-04-11T11:48:11","modified_gmt":"2023-04-11T09:48:11","slug":"el-tajo-municipal-de-encuadernacion-y-serigrafia-cumple-22-anos-de-andadura-capacitando-bajo-contrato-a-personas-con-dificultades-de-empleabilidad","status":"publish","type":"post","link":"https:\/\/www.laguiadepamplona.com\/actualidad\/el-tajo-municipal-de-encuadernacion-y-serigrafia-cumple-22-anos-de-andadura-capacitando-bajo-contrato-a-personas-con-dificultades-de-empleabilidad\/","title":{"rendered":"El Tajo municipal de Encuadernaci\u00f3n y Serigraf\u00eda cumple 22 a\u00f1os de andadura capacitando, bajo contrato, a personas con dificultades de empleabilidad"},"content":{"rendered":"<h5>La Comisi\u00f3n de Asuntos Ciudadanos ha visitado esta ma\u00f1ana unos talleres donde se a\u00fana arte y oficio: dise\u00f1o gr\u00e1fico, packaging, estampado, se\u00f1al\u00e9tica<\/h5>\n<p><!--more--><\/p>\n<p>14 personas (12 participantes y dos personas en la supervisi\u00f3n) trabajan en el Tajo de Encuadernaci\u00f3n y Serigraf\u00eda del Programa de Empleo Social del Ayuntamiento de Pamplona, 9 de ellas en los locales de Monasterio Viejo de San Pedro y un equipo de otras tres en las dependencias del Archivo Municipal de Pamplona. Son equipos paritarios, es decir, est\u00e1n compuestos por igual por mujeres y hombres. El alumnado tiene en torno a los 50 a\u00f1os y trabaja aprendiendo un oficio bajo contrato mientras lo ejerce, siempre bajo la supervisi\u00f3n de una encargada y un oficial y con el auxilio de una trabajadora social. Sus integrantes provienen de los servicios sociales.<br \/>\n<script async src=\"\/\/pagead2.googlesyndication.com\/pagead\/js\/adsbygoogle.js\"><\/script><br \/>\n<!-- Noticias La Guia de Pamplona --><br \/>\n<ins class=\"adsbygoogle\"\nstyle=\"display:block\"\ndata-ad-client=\"ca-pub-6943679897239327\"\ndata-ad-slot=\"7048180777\"\ndata-ad-format=\"auto\"><\/ins><br \/>\n<script>\n(adsbygoogle = window.adsbygoogle || []).push({});\n<\/script><\/p>\n<p>Esta ma\u00f1ana la Comisi\u00f3n de Asuntos Ciudadanos ha estado visitando sus talleres en los que siete mesas de trabajo de dos metros de longitud, mesas para soporte de materiales y mesas de corte, todas ellas fabricadas por el Tajo de Soldadura, configuran el centro neur\u00e1lgico de este aprendizaje. Este a\u00f1o, y de forma novedosa, sus participantes se convertir\u00e1n a su vez en personal docente, ya que en octubre se encargar\u00e1n de impartir un taller de encuadernaci\u00f3n para a personas mayores en el Centro Comunitario de Txantrea, en su primera experiencia de aprendizaje-servicio (ApS)<\/p>\n<p>Quienes trabajan all\u00ed tienen seis meses de contrato, prorrogables por otros seis, y van accediendo de forma escalonada al programa (en estos momentos hay personas que llevan un mes y otras alcanzan los 8 meses de desempe\u00f1o). Adem\u00e1s de aprender destrezas concretas que mejoran su empleabilidad de cara a la inserci\u00f3n laboral, en el tajo tambi\u00e9n se trabaja en competencias paralelas de car\u00e1cter socioeducativo: de \u00e1mbito digital, igualdad de g\u00e9nero, b\u00fasqueda activa de empleo, etc.<\/p>\n<p>Este es uno de los diez tajos de Empleo Social que realizan diferentes tareas en la ciudad como reformas de centros, pintado de locales, elaboraci\u00f3n de ropa de trabajo, confecci\u00f3n de cortinas y tapizado de muebles para asociaciones y centros, limpieza de r\u00edos, reparto de alimentos etc. El objetivo es que sus actividades redunden en beneficio de todas las \u00e1reas municipales, los colectivos sin \u00e1nimo de lucro con los que colabora el Consistorio y, en \u00faltimo t\u00e9rmino, toda la sociedad.<br \/>\n<script async src=\"\/\/pagead2.googlesyndication.com\/pagead\/js\/adsbygoogle.js\"><\/script><br \/>\n<!-- Noticias La Guia de Pamplona --><br \/>\n<ins class=\"adsbygoogle\"\nstyle=\"display:block\"\ndata-ad-client=\"ca-pub-6943679897239327\"\ndata-ad-slot=\"7048180777\"\ndata-ad-format=\"auto\"><\/ins><br \/>\n<script>\n(adsbygoogle = window.adsbygoogle || []).push({});\n<\/script><\/p>\n<p><strong>Arte y oficio al servicio de la sociedad<\/strong><\/p>\n<p>Y es que cada a\u00f1o en las mesas de su taller se dise\u00f1an y preparan tarjetas de presentaci\u00f3n para unidades de barrio y otros servicios (casi 18.000 en 2021), se realiza el packaging de regalos institucionales (615) \u2013como los embalajes de los pa\u00f1uelos de San Fermin que regala Protocolo o las reproducciones de la fachada de la Casa Consistorial- y la serigraf\u00eda de logotipos oficiales para las contratas municipales, como la del Servicio de Jardines o la ropa de trabajo de las Escuelas Taller de Empleo del Ayuntamiento.<\/p>\n<p>Este tajo realiza la impresi\u00f3n corte y plegado de folletos (531) o carteles (701); confecciona cuadernos (1.855) y realiza la encuadernaci\u00f3n de documentos (737), la impresi\u00f3n de escudos en banderas o la reparaci\u00f3n de los libros de la Red de Bibliotecas P\u00fablicas y de las Escuelas Infantiles Municipales (232). Desde 2012, tambi\u00e9n contribuye a mantener y conservar en estado \u00f3ptimo los fondos documentales, bibliogr\u00e1ficos y hemerogr\u00e1ficos del Archivo Municipal de Pamplona encuadernando Actas de los \u00d3rganos de Gobierno municipales, Resoluciones del Alcalde y Concejal\u00edas Delegadas, peri\u00f3dicos, etc.<\/p>\n<p>Como el resto de los tajos de Empleo Social, su taller tambi\u00e9n se pone al servicio de entidades o instituciones de la ciudad bajo demanda. En los \u00faltimos meses Encuadernaci\u00f3n y Serigraf\u00eda se ha ido encargando de la se\u00f1al\u00e9tica de los huertos urbanos, ha realizado los mupis del festival Ecozine de cine y naturaleza que est\u00e1 teniendo lugar esta semana y ha confeccionado roll up informativos para la Universidad de Navarra, adem\u00e1s de trabajar para Civican o Elkarkide por ejemplo.<br \/>\n<script async src=\"\/\/pagead2.googlesyndication.com\/pagead\/js\/adsbygoogle.js\"><\/script><br \/>\n<!-- Noticias La Guia de Pamplona --><br \/>\n<ins class=\"adsbygoogle\"\nstyle=\"display:block\"\ndata-ad-client=\"ca-pub-6943679897239327\"\ndata-ad-slot=\"7048180777\"\ndata-ad-format=\"auto\"><\/ins><br \/>\n<script>\n(adsbygoogle = window.adsbygoogle || []).push({});\n<\/script><\/p>\n<p><strong>22 a\u00f1os y tres mudanzas<\/strong><\/p>\n<p>Este programa tiene 22 a\u00f1os de andadura, ya que se abri\u00f3 en el a\u00f1o 2001 con seis trabajadores que se encontraban, por entonces, en los locales municipales de Unzu Txiki (Buztintxuri). Dos a\u00f1os m\u00e1s tarde, vista la demanda de tareas especializadas y la necesidad de espacio, el tajo se traslad\u00f3 a los locales del PISOL de la calle Artica en Rochapea y all\u00ed consigui\u00f3 disponer de su primer ordenador. En el a\u00f1o 2009, sin abandonar el barrio se mud\u00f3 a su ubicaci\u00f3n actual en Monasterio Viejo de San Pedro, con m\u00e1s espacio disponible.<\/p>\n<p>Cambios de ubicaci\u00f3n y nuevas l\u00edneas de trabajo porque el tipo de encargos que realiza se van actualizando con los tiempos. A las tradicionales guillotinas, prensas, bastidores para el cosido de peri\u00f3dicos, m\u00e1quinas de espiral para encuadernados, aparatos de serigraf\u00eda y todo tipo de sierras, pinceles, rodillos, pliegas etc., recientemente se ha sumado una impresora de sublimaci\u00f3n que permite pasar logotipos a textiles y poli\u00e9ster en bolsas, chapas etc., un plotter de corte para vinilos y una plancha transfer. Cuenta adem\u00e1s con ordenadores en los que se realiza la maquetaci\u00f3n y dise\u00f1o de los productos, entre otras labores.<\/p>\n","protected":false},"excerpt":{"rendered":"<p>La Comisi\u00f3n de Asuntos Ciudadanos ha visitado esta ma\u00f1ana unos talleres donde se a\u00fana arte y oficio: dise\u00f1o gr\u00e1fico, packaging, estampado, se\u00f1al\u00e9tica<\/p>\n","protected":false},"author":1,"featured_media":40367,"comment_status":"open","ping_status":"closed","sticky":false,"template":"","format":"standard","meta":{"footnotes":""},"categories":[2],"tags":[],"class_list":["post-40366","post","type-post","status-publish","format-standard","has-post-thumbnail","hentry","category-ayuntamiento-pamplona"],"yoast_head":"<!-- This site is optimized with the Yoast SEO plugin v27.3 - https:\/\/yoast.com\/product\/yoast-seo-wordpress\/ -->\n<title>El Tajo municipal de Encuadernaci\u00f3n y Serigraf\u00eda cumple 22 a\u00f1os de andadura capacitando, bajo contrato, a personas con dificultades de empleabilidad<\/title>\n<meta name=\"description\" content=\"La Comisi\u00f3n de Asuntos Ciudadanos ha visitado esta ma\u00f1ana unos talleres donde se a\u00fana arte y oficio: dise\u00f1o gr\u00e1fico, packaging, estampado, se\u00f1al\u00e9tica\" \/>\n<meta name=\"robots\" content=\"index, follow, max-snippet:-1, max-image-preview:large, max-video-preview:-1\" \/>\n<link rel=\"canonical\" href=\"https:\/\/www.laguiadepamplona.com\/actualidad\/el-tajo-municipal-de-encuadernacion-y-serigrafia-cumple-22-anos-de-andadura-capacitando-bajo-contrato-a-personas-con-dificultades-de-empleabilidad\/\" \/>\n<meta property=\"og:locale\" content=\"es_ES\" \/>\n<meta property=\"og:type\" content=\"article\" \/>\n<meta property=\"og:title\" content=\"El Tajo municipal de Encuadernaci\u00f3n y Serigraf\u00eda cumple 22 a\u00f1os de andadura capacitando, bajo contrato, a personas con dificultades de empleabilidad\" \/>\n<meta property=\"og:description\" content=\"La Comisi\u00f3n de Asuntos Ciudadanos ha visitado esta ma\u00f1ana unos talleres donde se a\u00fana arte y oficio: dise\u00f1o gr\u00e1fico, packaging, estampado, se\u00f1al\u00e9tica\" \/>\n<meta property=\"og:url\" content=\"https:\/\/www.laguiadepamplona.com\/actualidad\/el-tajo-municipal-de-encuadernacion-y-serigrafia-cumple-22-anos-de-andadura-capacitando-bajo-contrato-a-personas-con-dificultades-de-empleabilidad\/\" \/>\n<meta property=\"og:site_name\" content=\"La Gu\u00eda de Pamplona\" \/>\n<meta property=\"article:publisher\" content=\"https:\/\/www.facebook.com\/laguiadepamplonacom-133175176762273\/?ref=hl\" \/>\n<meta property=\"article:published_time\" content=\"2022-05-17T10:51:57+00:00\" \/>\n<meta property=\"article:modified_time\" content=\"2023-04-11T09:48:11+00:00\" \/>\n<meta property=\"og:image\" content=\"https:\/\/www.laguiadepamplona.com\/actualidad\/wp-content\/uploads\/2022\/05\/visttajoencuadernacontranbajosocialee5a9474.webp\" \/>\n\t<meta property=\"og:image:width\" content=\"1920\" \/>\n\t<meta property=\"og:image:height\" content=\"1280\" \/>\n\t<meta property=\"og:image:type\" content=\"image\/webp\" \/>\n<meta name=\"author\" content=\"La Gu\u00eda de Pamplona\" \/>\n<meta name=\"twitter:card\" content=\"summary_large_image\" \/>\n<meta name=\"twitter:creator\" content=\"@LaGuiadPamplona\" \/>\n<meta name=\"twitter:site\" content=\"@LaGuiadPamplona\" \/>\n<meta name=\"twitter:label1\" content=\"Escrito por\" \/>\n\t<meta name=\"twitter:data1\" content=\"La Gu\u00eda de Pamplona\" \/>\n\t<meta name=\"twitter:label2\" content=\"Tiempo de lectura\" \/>\n\t<meta name=\"twitter:data2\" content=\"4 minutos\" \/>\n<script type=\"application\/ld+json\" class=\"yoast-schema-graph\">{\"@context\":\"https:\\\/\\\/schema.org\",\"@graph\":[{\"@type\":\"Article\",\"@id\":\"https:\\\/\\\/www.laguiadepamplona.com\\\/actualidad\\\/el-tajo-municipal-de-encuadernacion-y-serigrafia-cumple-22-anos-de-andadura-capacitando-bajo-contrato-a-personas-con-dificultades-de-empleabilidad\\\/#article\",\"isPartOf\":{\"@id\":\"https:\\\/\\\/www.laguiadepamplona.com\\\/actualidad\\\/el-tajo-municipal-de-encuadernacion-y-serigrafia-cumple-22-anos-de-andadura-capacitando-bajo-contrato-a-personas-con-dificultades-de-empleabilidad\\\/\"},\"author\":{\"name\":\"La Gu\u00eda de Pamplona\",\"@id\":\"https:\\\/\\\/www.laguiadepamplona.com\\\/actualidad\\\/#\\\/schema\\\/person\\\/efe887376f0213d4657c93adc50b1fdb\"},\"headline\":\"El Tajo municipal de Encuadernaci\u00f3n y Serigraf\u00eda cumple 22 a\u00f1os de andadura capacitando, bajo contrato, a personas con dificultades de empleabilidad\",\"datePublished\":\"2022-05-17T10:51:57+00:00\",\"dateModified\":\"2023-04-11T09:48:11+00:00\",\"mainEntityOfPage\":{\"@id\":\"https:\\\/\\\/www.laguiadepamplona.com\\\/actualidad\\\/el-tajo-municipal-de-encuadernacion-y-serigrafia-cumple-22-anos-de-andadura-capacitando-bajo-contrato-a-personas-con-dificultades-de-empleabilidad\\\/\"},\"wordCount\":914,\"commentCount\":0,\"publisher\":{\"@id\":\"https:\\\/\\\/www.laguiadepamplona.com\\\/actualidad\\\/#organization\"},\"image\":{\"@id\":\"https:\\\/\\\/www.laguiadepamplona.com\\\/actualidad\\\/el-tajo-municipal-de-encuadernacion-y-serigrafia-cumple-22-anos-de-andadura-capacitando-bajo-contrato-a-personas-con-dificultades-de-empleabilidad\\\/#primaryimage\"},\"thumbnailUrl\":\"https:\\\/\\\/www.laguiadepamplona.com\\\/actualidad\\\/wp-content\\\/uploads\\\/2022\\\/05\\\/visttajoencuadernacontranbajosocialee5a9474.webp\",\"articleSection\":[\"Ayto Pamplona\"],\"inLanguage\":\"es\",\"potentialAction\":[{\"@type\":\"CommentAction\",\"name\":\"Comment\",\"target\":[\"https:\\\/\\\/www.laguiadepamplona.com\\\/actualidad\\\/el-tajo-municipal-de-encuadernacion-y-serigrafia-cumple-22-anos-de-andadura-capacitando-bajo-contrato-a-personas-con-dificultades-de-empleabilidad\\\/#respond\"]}]},{\"@type\":\"WebPage\",\"@id\":\"https:\\\/\\\/www.laguiadepamplona.com\\\/actualidad\\\/el-tajo-municipal-de-encuadernacion-y-serigrafia-cumple-22-anos-de-andadura-capacitando-bajo-contrato-a-personas-con-dificultades-de-empleabilidad\\\/\",\"url\":\"https:\\\/\\\/www.laguiadepamplona.com\\\/actualidad\\\/el-tajo-municipal-de-encuadernacion-y-serigrafia-cumple-22-anos-de-andadura-capacitando-bajo-contrato-a-personas-con-dificultades-de-empleabilidad\\\/\",\"name\":\"El Tajo municipal de Encuadernaci\u00f3n y Serigraf\u00eda cumple 22 a\u00f1os de andadura capacitando, bajo contrato, a personas con dificultades de empleabilidad\",\"isPartOf\":{\"@id\":\"https:\\\/\\\/www.laguiadepamplona.com\\\/actualidad\\\/#website\"},\"primaryImageOfPage\":{\"@id\":\"https:\\\/\\\/www.laguiadepamplona.com\\\/actualidad\\\/el-tajo-municipal-de-encuadernacion-y-serigrafia-cumple-22-anos-de-andadura-capacitando-bajo-contrato-a-personas-con-dificultades-de-empleabilidad\\\/#primaryimage\"},\"image\":{\"@id\":\"https:\\\/\\\/www.laguiadepamplona.com\\\/actualidad\\\/el-tajo-municipal-de-encuadernacion-y-serigrafia-cumple-22-anos-de-andadura-capacitando-bajo-contrato-a-personas-con-dificultades-de-empleabilidad\\\/#primaryimage\"},\"thumbnailUrl\":\"https:\\\/\\\/www.laguiadepamplona.com\\\/actualidad\\\/wp-content\\\/uploads\\\/2022\\\/05\\\/visttajoencuadernacontranbajosocialee5a9474.webp\",\"datePublished\":\"2022-05-17T10:51:57+00:00\",\"dateModified\":\"2023-04-11T09:48:11+00:00\",\"description\":\"La Comisi\u00f3n de Asuntos Ciudadanos ha visitado esta ma\u00f1ana unos talleres donde se a\u00fana arte y oficio: dise\u00f1o gr\u00e1fico, packaging, estampado, se\u00f1al\u00e9tica\",\"breadcrumb\":{\"@id\":\"https:\\\/\\\/www.laguiadepamplona.com\\\/actualidad\\\/el-tajo-municipal-de-encuadernacion-y-serigrafia-cumple-22-anos-de-andadura-capacitando-bajo-contrato-a-personas-con-dificultades-de-empleabilidad\\\/#breadcrumb\"},\"inLanguage\":\"es\",\"potentialAction\":[{\"@type\":\"ReadAction\",\"target\":[\"https:\\\/\\\/www.laguiadepamplona.com\\\/actualidad\\\/el-tajo-municipal-de-encuadernacion-y-serigrafia-cumple-22-anos-de-andadura-capacitando-bajo-contrato-a-personas-con-dificultades-de-empleabilidad\\\/\"]}]},{\"@type\":\"ImageObject\",\"inLanguage\":\"es\",\"@id\":\"https:\\\/\\\/www.laguiadepamplona.com\\\/actualidad\\\/el-tajo-municipal-de-encuadernacion-y-serigrafia-cumple-22-anos-de-andadura-capacitando-bajo-contrato-a-personas-con-dificultades-de-empleabilidad\\\/#primaryimage\",\"url\":\"https:\\\/\\\/www.laguiadepamplona.com\\\/actualidad\\\/wp-content\\\/uploads\\\/2022\\\/05\\\/visttajoencuadernacontranbajosocialee5a9474.webp\",\"contentUrl\":\"https:\\\/\\\/www.laguiadepamplona.com\\\/actualidad\\\/wp-content\\\/uploads\\\/2022\\\/05\\\/visttajoencuadernacontranbajosocialee5a9474.webp\",\"width\":1920,\"height\":1280},{\"@type\":\"BreadcrumbList\",\"@id\":\"https:\\\/\\\/www.laguiadepamplona.com\\\/actualidad\\\/el-tajo-municipal-de-encuadernacion-y-serigrafia-cumple-22-anos-de-andadura-capacitando-bajo-contrato-a-personas-con-dificultades-de-empleabilidad\\\/#breadcrumb\",\"itemListElement\":[{\"@type\":\"ListItem\",\"position\":1,\"name\":\"Portada\",\"item\":\"https:\\\/\\\/www.laguiadepamplona.com\\\/actualidad\\\/\"},{\"@type\":\"ListItem\",\"position\":2,\"name\":\"El Tajo municipal de Encuadernaci\u00f3n y Serigraf\u00eda cumple 22 a\u00f1os de andadura capacitando, bajo contrato, a personas con dificultades de empleabilidad\"}]},{\"@type\":\"WebSite\",\"@id\":\"https:\\\/\\\/www.laguiadepamplona.com\\\/actualidad\\\/#website\",\"url\":\"https:\\\/\\\/www.laguiadepamplona.com\\\/actualidad\\\/\",\"name\":\"La gu\u00eda de Pamplona\",\"description\":\"Noticias de Pamplona\",\"publisher\":{\"@id\":\"https:\\\/\\\/www.laguiadepamplona.com\\\/actualidad\\\/#organization\"},\"potentialAction\":[{\"@type\":\"SearchAction\",\"target\":{\"@type\":\"EntryPoint\",\"urlTemplate\":\"https:\\\/\\\/www.laguiadepamplona.com\\\/actualidad\\\/?s={search_term_string}\"},\"query-input\":{\"@type\":\"PropertyValueSpecification\",\"valueRequired\":true,\"valueName\":\"search_term_string\"}}],\"inLanguage\":\"es\"},{\"@type\":\"Organization\",\"@id\":\"https:\\\/\\\/www.laguiadepamplona.com\\\/actualidad\\\/#organization\",\"name\":\"La Gu\u00eda de Pamplona \\\/ Noticias\",\"url\":\"https:\\\/\\\/www.laguiadepamplona.com\\\/actualidad\\\/\",\"logo\":{\"@type\":\"ImageObject\",\"inLanguage\":\"es\",\"@id\":\"https:\\\/\\\/www.laguiadepamplona.com\\\/actualidad\\\/#\\\/schema\\\/logo\\\/image\\\/\",\"url\":\"https:\\\/\\\/www.laguiadepamplona.com\\\/actualidad\\\/wp-content\\\/uploads\\\/2018\\\/11\\\/logo-laguiadepamplona18-web1.png\",\"contentUrl\":\"https:\\\/\\\/www.laguiadepamplona.com\\\/actualidad\\\/wp-content\\\/uploads\\\/2018\\\/11\\\/logo-laguiadepamplona18-web1.png\",\"width\":600,\"height\":196,\"caption\":\"La Gu\u00eda de Pamplona \\\/ Noticias\"},\"image\":{\"@id\":\"https:\\\/\\\/www.laguiadepamplona.com\\\/actualidad\\\/#\\\/schema\\\/logo\\\/image\\\/\"},\"sameAs\":[\"https:\\\/\\\/www.facebook.com\\\/laguiadepamplonacom-133175176762273\\\/?ref=hl\",\"https:\\\/\\\/x.com\\\/LaGuiadPamplona\",\"https:\\\/\\\/www.instagram.com\\\/la_guia_de_pamplona\\\/\",\"https:\\\/\\\/www.youtube.com\\\/user\\\/laguiadepamplona\"]},{\"@type\":\"Person\",\"@id\":\"https:\\\/\\\/www.laguiadepamplona.com\\\/actualidad\\\/#\\\/schema\\\/person\\\/efe887376f0213d4657c93adc50b1fdb\",\"name\":\"La Gu\u00eda de Pamplona\",\"image\":{\"@type\":\"ImageObject\",\"inLanguage\":\"es\",\"@id\":\"https:\\\/\\\/secure.gravatar.com\\\/avatar\\\/b6992f131dc8d30ab0dff15446e9d346d9dbd95992de0fef795073f5ea83a81c?s=96&d=mm&r=g\",\"url\":\"https:\\\/\\\/secure.gravatar.com\\\/avatar\\\/b6992f131dc8d30ab0dff15446e9d346d9dbd95992de0fef795073f5ea83a81c?s=96&d=mm&r=g\",\"contentUrl\":\"https:\\\/\\\/secure.gravatar.com\\\/avatar\\\/b6992f131dc8d30ab0dff15446e9d346d9dbd95992de0fef795073f5ea83a81c?s=96&d=mm&r=g\",\"caption\":\"La Gu\u00eda de Pamplona\"}}]}<\/script>\n<!-- \/ Yoast SEO plugin. -->","yoast_head_json":{"title":"El Tajo municipal de Encuadernaci\u00f3n y Serigraf\u00eda cumple 22 a\u00f1os de andadura capacitando, bajo contrato, a personas con dificultades de empleabilidad","description":"La Comisi\u00f3n de Asuntos Ciudadanos ha visitado esta ma\u00f1ana unos talleres donde se a\u00fana arte y oficio: dise\u00f1o gr\u00e1fico, packaging, estampado, se\u00f1al\u00e9tica","robots":{"index":"index","follow":"follow","max-snippet":"max-snippet:-1","max-image-preview":"max-image-preview:large","max-video-preview":"max-video-preview:-1"},"canonical":"https:\/\/www.laguiadepamplona.com\/actualidad\/el-tajo-municipal-de-encuadernacion-y-serigrafia-cumple-22-anos-de-andadura-capacitando-bajo-contrato-a-personas-con-dificultades-de-empleabilidad\/","og_locale":"es_ES","og_type":"article","og_title":"El Tajo municipal de Encuadernaci\u00f3n y Serigraf\u00eda cumple 22 a\u00f1os de andadura capacitando, bajo contrato, a personas con dificultades de empleabilidad","og_description":"La Comisi\u00f3n de Asuntos Ciudadanos ha visitado esta ma\u00f1ana unos talleres donde se a\u00fana arte y oficio: dise\u00f1o gr\u00e1fico, packaging, estampado, se\u00f1al\u00e9tica","og_url":"https:\/\/www.laguiadepamplona.com\/actualidad\/el-tajo-municipal-de-encuadernacion-y-serigrafia-cumple-22-anos-de-andadura-capacitando-bajo-contrato-a-personas-con-dificultades-de-empleabilidad\/","og_site_name":"La Gu\u00eda de Pamplona","article_publisher":"https:\/\/www.facebook.com\/laguiadepamplonacom-133175176762273\/?ref=hl","article_published_time":"2022-05-17T10:51:57+00:00","article_modified_time":"2023-04-11T09:48:11+00:00","og_image":[{"width":1920,"height":1280,"url":"https:\/\/www.laguiadepamplona.com\/actualidad\/wp-content\/uploads\/2022\/05\/visttajoencuadernacontranbajosocialee5a9474.webp","type":"image\/webp"}],"author":"La Gu\u00eda de Pamplona","twitter_card":"summary_large_image","twitter_creator":"@LaGuiadPamplona","twitter_site":"@LaGuiadPamplona","twitter_misc":{"Escrito por":"La Gu\u00eda de Pamplona","Tiempo de lectura":"4 minutos"},"schema":{"@context":"https:\/\/schema.org","@graph":[{"@type":"Article","@id":"https:\/\/www.laguiadepamplona.com\/actualidad\/el-tajo-municipal-de-encuadernacion-y-serigrafia-cumple-22-anos-de-andadura-capacitando-bajo-contrato-a-personas-con-dificultades-de-empleabilidad\/#article","isPartOf":{"@id":"https:\/\/www.laguiadepamplona.com\/actualidad\/el-tajo-municipal-de-encuadernacion-y-serigrafia-cumple-22-anos-de-andadura-capacitando-bajo-contrato-a-personas-con-dificultades-de-empleabilidad\/"},"author":{"name":"La Gu\u00eda de Pamplona","@id":"https:\/\/www.laguiadepamplona.com\/actualidad\/#\/schema\/person\/efe887376f0213d4657c93adc50b1fdb"},"headline":"El Tajo municipal de Encuadernaci\u00f3n y Serigraf\u00eda cumple 22 a\u00f1os de andadura capacitando, bajo contrato, a personas con dificultades de empleabilidad","datePublished":"2022-05-17T10:51:57+00:00","dateModified":"2023-04-11T09:48:11+00:00","mainEntityOfPage":{"@id":"https:\/\/www.laguiadepamplona.com\/actualidad\/el-tajo-municipal-de-encuadernacion-y-serigrafia-cumple-22-anos-de-andadura-capacitando-bajo-contrato-a-personas-con-dificultades-de-empleabilidad\/"},"wordCount":914,"commentCount":0,"publisher":{"@id":"https:\/\/www.laguiadepamplona.com\/actualidad\/#organization"},"image":{"@id":"https:\/\/www.laguiadepamplona.com\/actualidad\/el-tajo-municipal-de-encuadernacion-y-serigrafia-cumple-22-anos-de-andadura-capacitando-bajo-contrato-a-personas-con-dificultades-de-empleabilidad\/#primaryimage"},"thumbnailUrl":"https:\/\/www.laguiadepamplona.com\/actualidad\/wp-content\/uploads\/2022\/05\/visttajoencuadernacontranbajosocialee5a9474.webp","articleSection":["Ayto Pamplona"],"inLanguage":"es","potentialAction":[{"@type":"CommentAction","name":"Comment","target":["https:\/\/www.laguiadepamplona.com\/actualidad\/el-tajo-municipal-de-encuadernacion-y-serigrafia-cumple-22-anos-de-andadura-capacitando-bajo-contrato-a-personas-con-dificultades-de-empleabilidad\/#respond"]}]},{"@type":"WebPage","@id":"https:\/\/www.laguiadepamplona.com\/actualidad\/el-tajo-municipal-de-encuadernacion-y-serigrafia-cumple-22-anos-de-andadura-capacitando-bajo-contrato-a-personas-con-dificultades-de-empleabilidad\/","url":"https:\/\/www.laguiadepamplona.com\/actualidad\/el-tajo-municipal-de-encuadernacion-y-serigrafia-cumple-22-anos-de-andadura-capacitando-bajo-contrato-a-personas-con-dificultades-de-empleabilidad\/","name":"El Tajo municipal de Encuadernaci\u00f3n y Serigraf\u00eda cumple 22 a\u00f1os de andadura capacitando, bajo contrato, a personas con dificultades de empleabilidad","isPartOf":{"@id":"https:\/\/www.laguiadepamplona.com\/actualidad\/#website"},"primaryImageOfPage":{"@id":"https:\/\/www.laguiadepamplona.com\/actualidad\/el-tajo-municipal-de-encuadernacion-y-serigrafia-cumple-22-anos-de-andadura-capacitando-bajo-contrato-a-personas-con-dificultades-de-empleabilidad\/#primaryimage"},"image":{"@id":"https:\/\/www.laguiadepamplona.com\/actualidad\/el-tajo-municipal-de-encuadernacion-y-serigrafia-cumple-22-anos-de-andadura-capacitando-bajo-contrato-a-personas-con-dificultades-de-empleabilidad\/#primaryimage"},"thumbnailUrl":"https:\/\/www.laguiadepamplona.com\/actualidad\/wp-content\/uploads\/2022\/05\/visttajoencuadernacontranbajosocialee5a9474.webp","datePublished":"2022-05-17T10:51:57+00:00","dateModified":"2023-04-11T09:48:11+00:00","description":"La Comisi\u00f3n de Asuntos Ciudadanos ha visitado esta ma\u00f1ana unos talleres donde se a\u00fana arte y oficio: dise\u00f1o gr\u00e1fico, packaging, estampado, se\u00f1al\u00e9tica","breadcrumb":{"@id":"https:\/\/www.laguiadepamplona.com\/actualidad\/el-tajo-municipal-de-encuadernacion-y-serigrafia-cumple-22-anos-de-andadura-capacitando-bajo-contrato-a-personas-con-dificultades-de-empleabilidad\/#breadcrumb"},"inLanguage":"es","potentialAction":[{"@type":"ReadAction","target":["https:\/\/www.laguiadepamplona.com\/actualidad\/el-tajo-municipal-de-encuadernacion-y-serigrafia-cumple-22-anos-de-andadura-capacitando-bajo-contrato-a-personas-con-dificultades-de-empleabilidad\/"]}]},{"@type":"ImageObject","inLanguage":"es","@id":"https:\/\/www.laguiadepamplona.com\/actualidad\/el-tajo-municipal-de-encuadernacion-y-serigrafia-cumple-22-anos-de-andadura-capacitando-bajo-contrato-a-personas-con-dificultades-de-empleabilidad\/#primaryimage","url":"https:\/\/www.laguiadepamplona.com\/actualidad\/wp-content\/uploads\/2022\/05\/visttajoencuadernacontranbajosocialee5a9474.webp","contentUrl":"https:\/\/www.laguiadepamplona.com\/actualidad\/wp-content\/uploads\/2022\/05\/visttajoencuadernacontranbajosocialee5a9474.webp","width":1920,"height":1280},{"@type":"BreadcrumbList","@id":"https:\/\/www.laguiadepamplona.com\/actualidad\/el-tajo-municipal-de-encuadernacion-y-serigrafia-cumple-22-anos-de-andadura-capacitando-bajo-contrato-a-personas-con-dificultades-de-empleabilidad\/#breadcrumb","itemListElement":[{"@type":"ListItem","position":1,"name":"Portada","item":"https:\/\/www.laguiadepamplona.com\/actualidad\/"},{"@type":"ListItem","position":2,"name":"El Tajo municipal de Encuadernaci\u00f3n y Serigraf\u00eda cumple 22 a\u00f1os de andadura capacitando, bajo contrato, a personas con dificultades de empleabilidad"}]},{"@type":"WebSite","@id":"https:\/\/www.laguiadepamplona.com\/actualidad\/#website","url":"https:\/\/www.laguiadepamplona.com\/actualidad\/","name":"La gu\u00eda de Pamplona","description":"Noticias de Pamplona","publisher":{"@id":"https:\/\/www.laguiadepamplona.com\/actualidad\/#organization"},"potentialAction":[{"@type":"SearchAction","target":{"@type":"EntryPoint","urlTemplate":"https:\/\/www.laguiadepamplona.com\/actualidad\/?s={search_term_string}"},"query-input":{"@type":"PropertyValueSpecification","valueRequired":true,"valueName":"search_term_string"}}],"inLanguage":"es"},{"@type":"Organization","@id":"https:\/\/www.laguiadepamplona.com\/actualidad\/#organization","name":"La Gu\u00eda de Pamplona \/ Noticias","url":"https:\/\/www.laguiadepamplona.com\/actualidad\/","logo":{"@type":"ImageObject","inLanguage":"es","@id":"https:\/\/www.laguiadepamplona.com\/actualidad\/#\/schema\/logo\/image\/","url":"https:\/\/www.laguiadepamplona.com\/actualidad\/wp-content\/uploads\/2018\/11\/logo-laguiadepamplona18-web1.png","contentUrl":"https:\/\/www.laguiadepamplona.com\/actualidad\/wp-content\/uploads\/2018\/11\/logo-laguiadepamplona18-web1.png","width":600,"height":196,"caption":"La Gu\u00eda de Pamplona \/ Noticias"},"image":{"@id":"https:\/\/www.laguiadepamplona.com\/actualidad\/#\/schema\/logo\/image\/"},"sameAs":["https:\/\/www.facebook.com\/laguiadepamplonacom-133175176762273\/?ref=hl","https:\/\/x.com\/LaGuiadPamplona","https:\/\/www.instagram.com\/la_guia_de_pamplona\/","https:\/\/www.youtube.com\/user\/laguiadepamplona"]},{"@type":"Person","@id":"https:\/\/www.laguiadepamplona.com\/actualidad\/#\/schema\/person\/efe887376f0213d4657c93adc50b1fdb","name":"La Gu\u00eda de Pamplona","image":{"@type":"ImageObject","inLanguage":"es","@id":"https:\/\/secure.gravatar.com\/avatar\/b6992f131dc8d30ab0dff15446e9d346d9dbd95992de0fef795073f5ea83a81c?s=96&d=mm&r=g","url":"https:\/\/secure.gravatar.com\/avatar\/b6992f131dc8d30ab0dff15446e9d346d9dbd95992de0fef795073f5ea83a81c?s=96&d=mm&r=g","contentUrl":"https:\/\/secure.gravatar.com\/avatar\/b6992f131dc8d30ab0dff15446e9d346d9dbd95992de0fef795073f5ea83a81c?s=96&d=mm&r=g","caption":"La Gu\u00eda de Pamplona"}}]}},"post_mailing_queue_ids":[],"_links":{"self":[{"href":"https:\/\/www.laguiadepamplona.com\/actualidad\/wp-json\/wp\/v2\/posts\/40366","targetHints":{"allow":["GET"]}}],"collection":[{"href":"https:\/\/www.laguiadepamplona.com\/actualidad\/wp-json\/wp\/v2\/posts"}],"about":[{"href":"https:\/\/www.laguiadepamplona.com\/actualidad\/wp-json\/wp\/v2\/types\/post"}],"author":[{"embeddable":true,"href":"https:\/\/www.laguiadepamplona.com\/actualidad\/wp-json\/wp\/v2\/users\/1"}],"replies":[{"embeddable":true,"href":"https:\/\/www.laguiadepamplona.com\/actualidad\/wp-json\/wp\/v2\/comments?post=40366"}],"version-history":[{"count":0,"href":"https:\/\/www.laguiadepamplona.com\/actualidad\/wp-json\/wp\/v2\/posts\/40366\/revisions"}],"wp:featuredmedia":[{"embeddable":true,"href":"https:\/\/www.laguiadepamplona.com\/actualidad\/wp-json\/wp\/v2\/media\/40367"}],"wp:attachment":[{"href":"https:\/\/www.laguiadepamplona.com\/actualidad\/wp-json\/wp\/v2\/media?parent=40366"}],"wp:term":[{"taxonomy":"category","embeddable":true,"href":"https:\/\/www.laguiadepamplona.com\/actualidad\/wp-json\/wp\/v2\/categories?post=40366"},{"taxonomy":"post_tag","embeddable":true,"href":"https:\/\/www.laguiadepamplona.com\/actualidad\/wp-json\/wp\/v2\/tags?post=40366"}],"curies":[{"name":"wp","href":"https:\/\/api.w.org\/{rel}","templated":true}]}}