{"id":40363,"date":"2022-05-17T12:49:26","date_gmt":"2022-05-17T10:49:26","guid":{"rendered":"https:\/\/www.laguiadepamplona.com\/actualidad\/?p=40363"},"modified":"2023-04-11T11:48:11","modified_gmt":"2023-04-11T09:48:11","slug":"el-ayuntamiento-de-pamplona-ofrecera-en-junio-90-plazas-en-cursos-para-personas-mayores-en-un-ano-en-el-que-el-diadeinternet-se-centra-en-el-envejecimiento-saludable","status":"publish","type":"post","link":"https:\/\/www.laguiadepamplona.com\/actualidad\/el-ayuntamiento-de-pamplona-ofrecera-en-junio-90-plazas-en-cursos-para-personas-mayores-en-un-ano-en-el-que-el-diadeinternet-se-centra-en-el-envejecimiento-saludable\/","title":{"rendered":"El Ayuntamiento de Pamplona ofrecer\u00e1 en junio 90 plazas en cursos para personas mayores en un a\u00f1o en el que el #diadeinternet se centra en el envejecimiento saludable"},"content":{"rendered":"<h5>Los seis cursos, cuya inscripci\u00f3n comienza hoy, buscan desactivar prejuicios y activar destrezas para acceder a informaci\u00f3n o tramites<\/h5>\n<p><!--more--><\/p>\n<p>El Ayuntamiento de Pamplona pone a disposici\u00f3n las personas mayores de 65 a\u00f1os, empadronadas en la ciudad 90 plazas en contenidos digitales. Del 13 al 22 de junio, en los locales de las asociaciones de jubilados de Txantrea y Azpilaga\u00f1a, quienes est\u00e9n interesados, pueden mejorar sus conocimientos sobre c\u00f3mo acceder y realizar tr\u00e1mites telem\u00e1ticos con las Administraciones P\u00fablicas y aprender a sacar todo el partido a los tel\u00e9fonos inteligentes (smartphones) y las tabletas, dispositivos con los que ya se relaciona pr\u00e1cticamente todo el mundo maneja. En total, se ofrecer\u00e1n seis cursos de dos modalidades diferentes, en horario de ma\u00f1ana (de 11 a 12.30 horas).<br \/>\n<script async src=\"\/\/pagead2.googlesyndication.com\/pagead\/js\/adsbygoogle.js\"><\/script><br \/>\n<!-- Noticias La Guia de Pamplona --><br \/>\n<ins class=\"adsbygoogle\"\nstyle=\"display:block\"\ndata-ad-client=\"ca-pub-6943679897239327\"\ndata-ad-slot=\"7048180777\"\ndata-ad-format=\"auto\"><\/ins><br \/>\n<script>\n(adsbygoogle = window.adsbygoogle || []).push({});\n<\/script><\/p>\n<p>Hoy es el #diadeinternet. En cada edici\u00f3n de esta jornada, que se cre\u00f3 en 2006, las m\u00e1s de 50 organizaciones sociales que lo organizan elige un tema sobre el que focalizar las acciones. En 2022 se centra en \u00abInternet y las tecnolog\u00edas digitales para las personas mayores y el envejecimiento saludable\u00bb y es que hay una brecha digital por edad. Todo tiene su explicaci\u00f3n: cuando la red lleg\u00f3 a los hogares, las personas que hoy tienen 65 a\u00f1os, ya ten\u00edan 35, y hab\u00edan cumplido 50 a\u00f1os cuando comenz\u00f3 la andadura de los primeros tel\u00e9fonos inteligente tal y como se conocen hoy. El Consistorio considera necesario contribuir a la inclusi\u00f3n de este colectivo en un mundo que, tras la pandemia, es cada vez m\u00e1s digital, contribuyendo al trabajo que lleva a cabo la Confederaci\u00f3n Estatal de Mayores Activos (CONFEMAC).<\/p>\n<p>As\u00ed, el objetivo de estos talleres es favorecer el uso cotidiano de tablets, ordenadores, smartphones en general y, espec\u00edficamente adquirir los conocimientos para realizar tr\u00e1mites electr\u00f3nicos con las administraciones p\u00fablicas, un sistema de relaci\u00f3n entre administrados e instituciones cada vez m\u00e1s extendido. A trav\u00e9s de los talleres se pretende una alfabetizaci\u00f3n y actualizaci\u00f3n tecnol\u00f3gica, en el que las personas mayores asuman un papel activo ya que la tecnolog\u00eda propicia, no solo una mejora de la autonom\u00eda personal, sino un aumento de la calidad de vida de las personas de esta franja de edad.<\/p>\n<p>Los talleres son de inscripci\u00f3n gratuita y hay que solicitar plaza a trav\u00e9s del tel\u00e9fono de Atenci\u00f3n Ciudadana 010 o 948 420 100. Las plazas de los talleres (15) se cubrir\u00e1n en orden de inscripci\u00f3n.<br \/>\n<script async src=\"\/\/pagead2.googlesyndication.com\/pagead\/js\/adsbygoogle.js\"><\/script><br \/>\n<!-- Noticias La Guia de Pamplona --><br \/>\n<ins class=\"adsbygoogle\"\nstyle=\"display:block\"\ndata-ad-client=\"ca-pub-6943679897239327\"\ndata-ad-slot=\"7048180777\"\ndata-ad-format=\"auto\"><\/ins><br \/>\n<script>\n(adsbygoogle = window.adsbygoogle || []).push({});\n<\/script><\/p>\n<p><strong>Desactivar prejuicios y activar destrezas<\/strong><\/p>\n<p>Hoy pr\u00e1cticamente toda la ciudadan\u00eda utiliza de forma cotidiana las tecnolog\u00edas de la informaci\u00f3n m\u00f3viles, internet o programas inform\u00e1ticos) para cubrir sus necesidades personales, educativas o laborales. Sin embargo, hay quien no lo puede hacer con soltura o no acaba de comprender su funcionamiento, son quienes padecen la llamada \u201cbrecha digital\u201d por edad.<\/p>\n<p>En estos cursos se plantea, por un lado, disolver reticencias, provocar un cambio de actitud y que quienes participen recuperen la confianza en su capacidad de aprender, mejorando la autonom\u00eda y la capacidad de comunicaci\u00f3n. Por otro, aprender a manejar los aspectos b\u00e1sicos de un ordenador, como procesadores de texto, correo electr\u00f3nico o navegadores, dar a conocer las posibilidades b\u00e1sicas y \u00fatiles que ofrecen los dispositivos m\u00f3viles y ense\u00f1ar a usar las distintas posibilidades de Internet, redes sociales, aplicaciones de mensajer\u00eda instant\u00e1nea como WhatsApp etc.<\/p>\n<p>Pero, a partir de ah\u00ed se busca guiar a las personas participantes en dos \u00e1mbitos: acceder a informaci\u00f3n (viajes, salud, medios de comunicaci\u00f3n, recursos del ayuntamiento de Pamplona, ocio y tiempo libre, etc.) y realizar tr\u00e1mites <em>on line<\/em> con las administraciones p\u00fablicas. En concreto, se abordar\u00e1 lo relativo a Carpeta ciudadana, Carpeta de salud, Certificado digital, entre otros. Este \u00faltimo se impartir\u00e1 en dos niveles.<\/p>\n<p>Habr\u00e1 disponibles port\u00e1tiles para las personas inscritas en los cursos que lo requieran, pero para los contenidos de dispositivos m\u00f3viles, cada persona deber\u00e1 llevar su tel\u00e9fono inteligente o tablet.<br \/>\n<script async src=\"\/\/pagead2.googlesyndication.com\/pagead\/js\/adsbygoogle.js\"><\/script><br \/>\n<!-- Noticias La Guia de Pamplona --><br \/>\n<ins class=\"adsbygoogle\"\nstyle=\"display:block\"\ndata-ad-client=\"ca-pub-6943679897239327\"\ndata-ad-slot=\"7048180777\"\ndata-ad-format=\"auto\"><\/ins><br \/>\n<script>\n(adsbygoogle = window.adsbygoogle || []).push({});\n<\/script><\/p>\n<p>&nbsp;<\/p>\n<h3>Informaci\u00f3n talleres gratuitos<\/h3>\n<ul>\n<li><strong>Inscripciones:<\/strong> desde el d\u00eda 17 de mayo, por orden de inscripci\u00f3n hasta cubrir plazas llamando al Tel\u00e9fono de Atenci\u00f3n Ciudadana 010 o al 948 420 100<\/li>\n<li>Gratuitos<\/li>\n<li><strong>N\u00famero de plazas:<\/strong> 15<\/li>\n<li><strong>Horario de los cursos:<\/strong> de 11 a 12.30 horas<\/li>\n<\/ul>\n<p><u>Asociaci\u00f3n de personas jubiladas de Txantrea-Irubide<\/u> (calle Cendea de Iza, 40)<\/p>\n<ul>\n<li>13 junio. Aprende a sacar todo el partido a tu Smartphone y Tablet<\/li>\n<li>15 junio. Aprende a acceder a los tr\u00e1mites con las administraciones p\u00fablicas I<\/li>\n<li>17 junio. Aprende a acceder a los tr\u00e1mites con las administraciones p\u00fablicas II<\/li>\n<\/ul>\n<p><u>Asociaci\u00f3n de personas jubiladas de Azpilaga\u00f1a<\/u> (calle Miguel Astr\u00e1in, 4)<\/p>\n<ul>\n<li>20 junio. Aprende a sacar todo el partido a tu Smartphone y Tablet<\/li>\n<li>21 junio. Aprende a acceder a los tr\u00e1mites con las administraciones p\u00fablicas I<\/li>\n<li>22 junio. Aprende a acceder a los tr\u00e1mites con las administraciones p\u00fablicas II<\/li>\n<\/ul>\n","protected":false},"excerpt":{"rendered":"<p>Los seis cursos, cuya inscripci\u00f3n comienza hoy, buscan desactivar prejuicios y activar destrezas para acceder a informaci\u00f3n o tramites<\/p>\n","protected":false},"author":1,"featured_media":40364,"comment_status":"open","ping_status":"closed","sticky":false,"template":"","format":"standard","meta":{"footnotes":""},"categories":[2],"tags":[],"class_list":["post-40363","post","type-post","status-publish","format-standard","has-post-thumbnail","hentry","category-ayuntamiento-pamplona"],"yoast_head":"<!-- This site is optimized with the Yoast SEO plugin v27.3 - https:\/\/yoast.com\/product\/yoast-seo-wordpress\/ -->\n<title>El Ayuntamiento de Pamplona ofrecer\u00e1 en junio 90 plazas en cursos para personas mayores en un a\u00f1o en el que el #diadeinternet se centra en el envejecimiento saludable<\/title>\n<meta name=\"description\" content=\"Los seis cursos, cuya inscripci\u00f3n comienza hoy, buscan desactivar prejuicios y activar destrezas para acceder a informaci\u00f3n o tramites\" \/>\n<meta name=\"robots\" content=\"index, follow, max-snippet:-1, max-image-preview:large, max-video-preview:-1\" \/>\n<link rel=\"canonical\" href=\"https:\/\/www.laguiadepamplona.com\/actualidad\/el-ayuntamiento-de-pamplona-ofrecera-en-junio-90-plazas-en-cursos-para-personas-mayores-en-un-ano-en-el-que-el-diadeinternet-se-centra-en-el-envejecimiento-saludable\/\" \/>\n<meta property=\"og:locale\" content=\"es_ES\" \/>\n<meta property=\"og:type\" content=\"article\" \/>\n<meta property=\"og:title\" content=\"El Ayuntamiento de Pamplona ofrecer\u00e1 en junio 90 plazas en cursos para personas mayores en un a\u00f1o en el que el #diadeinternet se centra en el envejecimiento saludable\" \/>\n<meta property=\"og:description\" content=\"Los seis cursos, cuya inscripci\u00f3n comienza hoy, buscan desactivar prejuicios y activar destrezas para acceder a informaci\u00f3n o tramites\" \/>\n<meta property=\"og:url\" content=\"https:\/\/www.laguiadepamplona.com\/actualidad\/el-ayuntamiento-de-pamplona-ofrecera-en-junio-90-plazas-en-cursos-para-personas-mayores-en-un-ano-en-el-que-el-diadeinternet-se-centra-en-el-envejecimiento-saludable\/\" \/>\n<meta property=\"og:site_name\" content=\"La Gu\u00eda de Pamplona\" \/>\n<meta property=\"article:publisher\" content=\"https:\/\/www.facebook.com\/laguiadepamplonacom-133175176762273\/?ref=hl\" \/>\n<meta property=\"article:published_time\" content=\"2022-05-17T10:49:26+00:00\" \/>\n<meta property=\"article:modified_time\" content=\"2023-04-11T09:48:11+00:00\" \/>\n<meta property=\"og:image\" content=\"https:\/\/www.laguiadepamplona.com\/actualidad\/wp-content\/uploads\/2022\/05\/ematic_JGV1941_3.webp\" \/>\n\t<meta property=\"og:image:width\" content=\"1920\" \/>\n\t<meta property=\"og:image:height\" content=\"1280\" \/>\n\t<meta property=\"og:image:type\" content=\"image\/webp\" \/>\n<meta name=\"author\" content=\"La Gu\u00eda de Pamplona\" \/>\n<meta name=\"twitter:card\" content=\"summary_large_image\" \/>\n<meta name=\"twitter:creator\" content=\"@LaGuiadPamplona\" \/>\n<meta name=\"twitter:site\" content=\"@LaGuiadPamplona\" \/>\n<meta name=\"twitter:label1\" content=\"Escrito por\" \/>\n\t<meta name=\"twitter:data1\" content=\"La Gu\u00eda de Pamplona\" \/>\n\t<meta name=\"twitter:label2\" content=\"Tiempo de lectura\" \/>\n\t<meta name=\"twitter:data2\" content=\"4 minutos\" \/>\n<script type=\"application\/ld+json\" class=\"yoast-schema-graph\">{\"@context\":\"https:\\\/\\\/schema.org\",\"@graph\":[{\"@type\":\"Article\",\"@id\":\"https:\\\/\\\/www.laguiadepamplona.com\\\/actualidad\\\/el-ayuntamiento-de-pamplona-ofrecera-en-junio-90-plazas-en-cursos-para-personas-mayores-en-un-ano-en-el-que-el-diadeinternet-se-centra-en-el-envejecimiento-saludable\\\/#article\",\"isPartOf\":{\"@id\":\"https:\\\/\\\/www.laguiadepamplona.com\\\/actualidad\\\/el-ayuntamiento-de-pamplona-ofrecera-en-junio-90-plazas-en-cursos-para-personas-mayores-en-un-ano-en-el-que-el-diadeinternet-se-centra-en-el-envejecimiento-saludable\\\/\"},\"author\":{\"name\":\"La Gu\u00eda de Pamplona\",\"@id\":\"https:\\\/\\\/www.laguiadepamplona.com\\\/actualidad\\\/#\\\/schema\\\/person\\\/efe887376f0213d4657c93adc50b1fdb\"},\"headline\":\"El Ayuntamiento de Pamplona ofrecer\u00e1 en junio 90 plazas en cursos para personas mayores en un a\u00f1o en el que el #diadeinternet se centra en el envejecimiento saludable\",\"datePublished\":\"2022-05-17T10:49:26+00:00\",\"dateModified\":\"2023-04-11T09:48:11+00:00\",\"mainEntityOfPage\":{\"@id\":\"https:\\\/\\\/www.laguiadepamplona.com\\\/actualidad\\\/el-ayuntamiento-de-pamplona-ofrecera-en-junio-90-plazas-en-cursos-para-personas-mayores-en-un-ano-en-el-que-el-diadeinternet-se-centra-en-el-envejecimiento-saludable\\\/\"},\"wordCount\":848,\"commentCount\":0,\"publisher\":{\"@id\":\"https:\\\/\\\/www.laguiadepamplona.com\\\/actualidad\\\/#organization\"},\"image\":{\"@id\":\"https:\\\/\\\/www.laguiadepamplona.com\\\/actualidad\\\/el-ayuntamiento-de-pamplona-ofrecera-en-junio-90-plazas-en-cursos-para-personas-mayores-en-un-ano-en-el-que-el-diadeinternet-se-centra-en-el-envejecimiento-saludable\\\/#primaryimage\"},\"thumbnailUrl\":\"https:\\\/\\\/www.laguiadepamplona.com\\\/actualidad\\\/wp-content\\\/uploads\\\/2022\\\/05\\\/ematic_JGV1941_3.webp\",\"articleSection\":[\"Ayto Pamplona\"],\"inLanguage\":\"es\",\"potentialAction\":[{\"@type\":\"CommentAction\",\"name\":\"Comment\",\"target\":[\"https:\\\/\\\/www.laguiadepamplona.com\\\/actualidad\\\/el-ayuntamiento-de-pamplona-ofrecera-en-junio-90-plazas-en-cursos-para-personas-mayores-en-un-ano-en-el-que-el-diadeinternet-se-centra-en-el-envejecimiento-saludable\\\/#respond\"]}]},{\"@type\":\"WebPage\",\"@id\":\"https:\\\/\\\/www.laguiadepamplona.com\\\/actualidad\\\/el-ayuntamiento-de-pamplona-ofrecera-en-junio-90-plazas-en-cursos-para-personas-mayores-en-un-ano-en-el-que-el-diadeinternet-se-centra-en-el-envejecimiento-saludable\\\/\",\"url\":\"https:\\\/\\\/www.laguiadepamplona.com\\\/actualidad\\\/el-ayuntamiento-de-pamplona-ofrecera-en-junio-90-plazas-en-cursos-para-personas-mayores-en-un-ano-en-el-que-el-diadeinternet-se-centra-en-el-envejecimiento-saludable\\\/\",\"name\":\"El Ayuntamiento de Pamplona ofrecer\u00e1 en junio 90 plazas en cursos para personas mayores en un a\u00f1o en el que el #diadeinternet se centra en el envejecimiento saludable\",\"isPartOf\":{\"@id\":\"https:\\\/\\\/www.laguiadepamplona.com\\\/actualidad\\\/#website\"},\"primaryImageOfPage\":{\"@id\":\"https:\\\/\\\/www.laguiadepamplona.com\\\/actualidad\\\/el-ayuntamiento-de-pamplona-ofrecera-en-junio-90-plazas-en-cursos-para-personas-mayores-en-un-ano-en-el-que-el-diadeinternet-se-centra-en-el-envejecimiento-saludable\\\/#primaryimage\"},\"image\":{\"@id\":\"https:\\\/\\\/www.laguiadepamplona.com\\\/actualidad\\\/el-ayuntamiento-de-pamplona-ofrecera-en-junio-90-plazas-en-cursos-para-personas-mayores-en-un-ano-en-el-que-el-diadeinternet-se-centra-en-el-envejecimiento-saludable\\\/#primaryimage\"},\"thumbnailUrl\":\"https:\\\/\\\/www.laguiadepamplona.com\\\/actualidad\\\/wp-content\\\/uploads\\\/2022\\\/05\\\/ematic_JGV1941_3.webp\",\"datePublished\":\"2022-05-17T10:49:26+00:00\",\"dateModified\":\"2023-04-11T09:48:11+00:00\",\"description\":\"Los seis cursos, cuya inscripci\u00f3n comienza hoy, buscan desactivar prejuicios y activar destrezas para acceder a informaci\u00f3n o tramites\",\"breadcrumb\":{\"@id\":\"https:\\\/\\\/www.laguiadepamplona.com\\\/actualidad\\\/el-ayuntamiento-de-pamplona-ofrecera-en-junio-90-plazas-en-cursos-para-personas-mayores-en-un-ano-en-el-que-el-diadeinternet-se-centra-en-el-envejecimiento-saludable\\\/#breadcrumb\"},\"inLanguage\":\"es\",\"potentialAction\":[{\"@type\":\"ReadAction\",\"target\":[\"https:\\\/\\\/www.laguiadepamplona.com\\\/actualidad\\\/el-ayuntamiento-de-pamplona-ofrecera-en-junio-90-plazas-en-cursos-para-personas-mayores-en-un-ano-en-el-que-el-diadeinternet-se-centra-en-el-envejecimiento-saludable\\\/\"]}]},{\"@type\":\"ImageObject\",\"inLanguage\":\"es\",\"@id\":\"https:\\\/\\\/www.laguiadepamplona.com\\\/actualidad\\\/el-ayuntamiento-de-pamplona-ofrecera-en-junio-90-plazas-en-cursos-para-personas-mayores-en-un-ano-en-el-que-el-diadeinternet-se-centra-en-el-envejecimiento-saludable\\\/#primaryimage\",\"url\":\"https:\\\/\\\/www.laguiadepamplona.com\\\/actualidad\\\/wp-content\\\/uploads\\\/2022\\\/05\\\/ematic_JGV1941_3.webp\",\"contentUrl\":\"https:\\\/\\\/www.laguiadepamplona.com\\\/actualidad\\\/wp-content\\\/uploads\\\/2022\\\/05\\\/ematic_JGV1941_3.webp\",\"width\":1920,\"height\":1280},{\"@type\":\"BreadcrumbList\",\"@id\":\"https:\\\/\\\/www.laguiadepamplona.com\\\/actualidad\\\/el-ayuntamiento-de-pamplona-ofrecera-en-junio-90-plazas-en-cursos-para-personas-mayores-en-un-ano-en-el-que-el-diadeinternet-se-centra-en-el-envejecimiento-saludable\\\/#breadcrumb\",\"itemListElement\":[{\"@type\":\"ListItem\",\"position\":1,\"name\":\"Portada\",\"item\":\"https:\\\/\\\/www.laguiadepamplona.com\\\/actualidad\\\/\"},{\"@type\":\"ListItem\",\"position\":2,\"name\":\"El Ayuntamiento de Pamplona ofrecer\u00e1 en junio 90 plazas en cursos para personas mayores en un a\u00f1o en el que el #diadeinternet se centra en el envejecimiento saludable\"}]},{\"@type\":\"WebSite\",\"@id\":\"https:\\\/\\\/www.laguiadepamplona.com\\\/actualidad\\\/#website\",\"url\":\"https:\\\/\\\/www.laguiadepamplona.com\\\/actualidad\\\/\",\"name\":\"La gu\u00eda de Pamplona\",\"description\":\"Noticias de Pamplona\",\"publisher\":{\"@id\":\"https:\\\/\\\/www.laguiadepamplona.com\\\/actualidad\\\/#organization\"},\"potentialAction\":[{\"@type\":\"SearchAction\",\"target\":{\"@type\":\"EntryPoint\",\"urlTemplate\":\"https:\\\/\\\/www.laguiadepamplona.com\\\/actualidad\\\/?s={search_term_string}\"},\"query-input\":{\"@type\":\"PropertyValueSpecification\",\"valueRequired\":true,\"valueName\":\"search_term_string\"}}],\"inLanguage\":\"es\"},{\"@type\":\"Organization\",\"@id\":\"https:\\\/\\\/www.laguiadepamplona.com\\\/actualidad\\\/#organization\",\"name\":\"La Gu\u00eda de Pamplona \\\/ Noticias\",\"url\":\"https:\\\/\\\/www.laguiadepamplona.com\\\/actualidad\\\/\",\"logo\":{\"@type\":\"ImageObject\",\"inLanguage\":\"es\",\"@id\":\"https:\\\/\\\/www.laguiadepamplona.com\\\/actualidad\\\/#\\\/schema\\\/logo\\\/image\\\/\",\"url\":\"https:\\\/\\\/www.laguiadepamplona.com\\\/actualidad\\\/wp-content\\\/uploads\\\/2018\\\/11\\\/logo-laguiadepamplona18-web1.png\",\"contentUrl\":\"https:\\\/\\\/www.laguiadepamplona.com\\\/actualidad\\\/wp-content\\\/uploads\\\/2018\\\/11\\\/logo-laguiadepamplona18-web1.png\",\"width\":600,\"height\":196,\"caption\":\"La Gu\u00eda de Pamplona \\\/ Noticias\"},\"image\":{\"@id\":\"https:\\\/\\\/www.laguiadepamplona.com\\\/actualidad\\\/#\\\/schema\\\/logo\\\/image\\\/\"},\"sameAs\":[\"https:\\\/\\\/www.facebook.com\\\/laguiadepamplonacom-133175176762273\\\/?ref=hl\",\"https:\\\/\\\/x.com\\\/LaGuiadPamplona\",\"https:\\\/\\\/www.instagram.com\\\/la_guia_de_pamplona\\\/\",\"https:\\\/\\\/www.youtube.com\\\/user\\\/laguiadepamplona\"]},{\"@type\":\"Person\",\"@id\":\"https:\\\/\\\/www.laguiadepamplona.com\\\/actualidad\\\/#\\\/schema\\\/person\\\/efe887376f0213d4657c93adc50b1fdb\",\"name\":\"La Gu\u00eda de Pamplona\",\"image\":{\"@type\":\"ImageObject\",\"inLanguage\":\"es\",\"@id\":\"https:\\\/\\\/secure.gravatar.com\\\/avatar\\\/b6992f131dc8d30ab0dff15446e9d346d9dbd95992de0fef795073f5ea83a81c?s=96&d=mm&r=g\",\"url\":\"https:\\\/\\\/secure.gravatar.com\\\/avatar\\\/b6992f131dc8d30ab0dff15446e9d346d9dbd95992de0fef795073f5ea83a81c?s=96&d=mm&r=g\",\"contentUrl\":\"https:\\\/\\\/secure.gravatar.com\\\/avatar\\\/b6992f131dc8d30ab0dff15446e9d346d9dbd95992de0fef795073f5ea83a81c?s=96&d=mm&r=g\",\"caption\":\"La Gu\u00eda de Pamplona\"}}]}<\/script>\n<!-- \/ Yoast SEO plugin. -->","yoast_head_json":{"title":"El Ayuntamiento de Pamplona ofrecer\u00e1 en junio 90 plazas en cursos para personas mayores en un a\u00f1o en el que el #diadeinternet se centra en el envejecimiento saludable","description":"Los seis cursos, cuya inscripci\u00f3n comienza hoy, buscan desactivar prejuicios y activar destrezas para acceder a informaci\u00f3n o tramites","robots":{"index":"index","follow":"follow","max-snippet":"max-snippet:-1","max-image-preview":"max-image-preview:large","max-video-preview":"max-video-preview:-1"},"canonical":"https:\/\/www.laguiadepamplona.com\/actualidad\/el-ayuntamiento-de-pamplona-ofrecera-en-junio-90-plazas-en-cursos-para-personas-mayores-en-un-ano-en-el-que-el-diadeinternet-se-centra-en-el-envejecimiento-saludable\/","og_locale":"es_ES","og_type":"article","og_title":"El Ayuntamiento de Pamplona ofrecer\u00e1 en junio 90 plazas en cursos para personas mayores en un a\u00f1o en el que el #diadeinternet se centra en el envejecimiento saludable","og_description":"Los seis cursos, cuya inscripci\u00f3n comienza hoy, buscan desactivar prejuicios y activar destrezas para acceder a informaci\u00f3n o tramites","og_url":"https:\/\/www.laguiadepamplona.com\/actualidad\/el-ayuntamiento-de-pamplona-ofrecera-en-junio-90-plazas-en-cursos-para-personas-mayores-en-un-ano-en-el-que-el-diadeinternet-se-centra-en-el-envejecimiento-saludable\/","og_site_name":"La Gu\u00eda de Pamplona","article_publisher":"https:\/\/www.facebook.com\/laguiadepamplonacom-133175176762273\/?ref=hl","article_published_time":"2022-05-17T10:49:26+00:00","article_modified_time":"2023-04-11T09:48:11+00:00","og_image":[{"width":1920,"height":1280,"url":"https:\/\/www.laguiadepamplona.com\/actualidad\/wp-content\/uploads\/2022\/05\/ematic_JGV1941_3.webp","type":"image\/webp"}],"author":"La Gu\u00eda de Pamplona","twitter_card":"summary_large_image","twitter_creator":"@LaGuiadPamplona","twitter_site":"@LaGuiadPamplona","twitter_misc":{"Escrito por":"La Gu\u00eda de Pamplona","Tiempo de lectura":"4 minutos"},"schema":{"@context":"https:\/\/schema.org","@graph":[{"@type":"Article","@id":"https:\/\/www.laguiadepamplona.com\/actualidad\/el-ayuntamiento-de-pamplona-ofrecera-en-junio-90-plazas-en-cursos-para-personas-mayores-en-un-ano-en-el-que-el-diadeinternet-se-centra-en-el-envejecimiento-saludable\/#article","isPartOf":{"@id":"https:\/\/www.laguiadepamplona.com\/actualidad\/el-ayuntamiento-de-pamplona-ofrecera-en-junio-90-plazas-en-cursos-para-personas-mayores-en-un-ano-en-el-que-el-diadeinternet-se-centra-en-el-envejecimiento-saludable\/"},"author":{"name":"La Gu\u00eda de Pamplona","@id":"https:\/\/www.laguiadepamplona.com\/actualidad\/#\/schema\/person\/efe887376f0213d4657c93adc50b1fdb"},"headline":"El Ayuntamiento de Pamplona ofrecer\u00e1 en junio 90 plazas en cursos para personas mayores en un a\u00f1o en el que el #diadeinternet se centra en el envejecimiento saludable","datePublished":"2022-05-17T10:49:26+00:00","dateModified":"2023-04-11T09:48:11+00:00","mainEntityOfPage":{"@id":"https:\/\/www.laguiadepamplona.com\/actualidad\/el-ayuntamiento-de-pamplona-ofrecera-en-junio-90-plazas-en-cursos-para-personas-mayores-en-un-ano-en-el-que-el-diadeinternet-se-centra-en-el-envejecimiento-saludable\/"},"wordCount":848,"commentCount":0,"publisher":{"@id":"https:\/\/www.laguiadepamplona.com\/actualidad\/#organization"},"image":{"@id":"https:\/\/www.laguiadepamplona.com\/actualidad\/el-ayuntamiento-de-pamplona-ofrecera-en-junio-90-plazas-en-cursos-para-personas-mayores-en-un-ano-en-el-que-el-diadeinternet-se-centra-en-el-envejecimiento-saludable\/#primaryimage"},"thumbnailUrl":"https:\/\/www.laguiadepamplona.com\/actualidad\/wp-content\/uploads\/2022\/05\/ematic_JGV1941_3.webp","articleSection":["Ayto Pamplona"],"inLanguage":"es","potentialAction":[{"@type":"CommentAction","name":"Comment","target":["https:\/\/www.laguiadepamplona.com\/actualidad\/el-ayuntamiento-de-pamplona-ofrecera-en-junio-90-plazas-en-cursos-para-personas-mayores-en-un-ano-en-el-que-el-diadeinternet-se-centra-en-el-envejecimiento-saludable\/#respond"]}]},{"@type":"WebPage","@id":"https:\/\/www.laguiadepamplona.com\/actualidad\/el-ayuntamiento-de-pamplona-ofrecera-en-junio-90-plazas-en-cursos-para-personas-mayores-en-un-ano-en-el-que-el-diadeinternet-se-centra-en-el-envejecimiento-saludable\/","url":"https:\/\/www.laguiadepamplona.com\/actualidad\/el-ayuntamiento-de-pamplona-ofrecera-en-junio-90-plazas-en-cursos-para-personas-mayores-en-un-ano-en-el-que-el-diadeinternet-se-centra-en-el-envejecimiento-saludable\/","name":"El Ayuntamiento de Pamplona ofrecer\u00e1 en junio 90 plazas en cursos para personas mayores en un a\u00f1o en el que el #diadeinternet se centra en el envejecimiento saludable","isPartOf":{"@id":"https:\/\/www.laguiadepamplona.com\/actualidad\/#website"},"primaryImageOfPage":{"@id":"https:\/\/www.laguiadepamplona.com\/actualidad\/el-ayuntamiento-de-pamplona-ofrecera-en-junio-90-plazas-en-cursos-para-personas-mayores-en-un-ano-en-el-que-el-diadeinternet-se-centra-en-el-envejecimiento-saludable\/#primaryimage"},"image":{"@id":"https:\/\/www.laguiadepamplona.com\/actualidad\/el-ayuntamiento-de-pamplona-ofrecera-en-junio-90-plazas-en-cursos-para-personas-mayores-en-un-ano-en-el-que-el-diadeinternet-se-centra-en-el-envejecimiento-saludable\/#primaryimage"},"thumbnailUrl":"https:\/\/www.laguiadepamplona.com\/actualidad\/wp-content\/uploads\/2022\/05\/ematic_JGV1941_3.webp","datePublished":"2022-05-17T10:49:26+00:00","dateModified":"2023-04-11T09:48:11+00:00","description":"Los seis cursos, cuya inscripci\u00f3n comienza hoy, buscan desactivar prejuicios y activar destrezas para acceder a informaci\u00f3n o tramites","breadcrumb":{"@id":"https:\/\/www.laguiadepamplona.com\/actualidad\/el-ayuntamiento-de-pamplona-ofrecera-en-junio-90-plazas-en-cursos-para-personas-mayores-en-un-ano-en-el-que-el-diadeinternet-se-centra-en-el-envejecimiento-saludable\/#breadcrumb"},"inLanguage":"es","potentialAction":[{"@type":"ReadAction","target":["https:\/\/www.laguiadepamplona.com\/actualidad\/el-ayuntamiento-de-pamplona-ofrecera-en-junio-90-plazas-en-cursos-para-personas-mayores-en-un-ano-en-el-que-el-diadeinternet-se-centra-en-el-envejecimiento-saludable\/"]}]},{"@type":"ImageObject","inLanguage":"es","@id":"https:\/\/www.laguiadepamplona.com\/actualidad\/el-ayuntamiento-de-pamplona-ofrecera-en-junio-90-plazas-en-cursos-para-personas-mayores-en-un-ano-en-el-que-el-diadeinternet-se-centra-en-el-envejecimiento-saludable\/#primaryimage","url":"https:\/\/www.laguiadepamplona.com\/actualidad\/wp-content\/uploads\/2022\/05\/ematic_JGV1941_3.webp","contentUrl":"https:\/\/www.laguiadepamplona.com\/actualidad\/wp-content\/uploads\/2022\/05\/ematic_JGV1941_3.webp","width":1920,"height":1280},{"@type":"BreadcrumbList","@id":"https:\/\/www.laguiadepamplona.com\/actualidad\/el-ayuntamiento-de-pamplona-ofrecera-en-junio-90-plazas-en-cursos-para-personas-mayores-en-un-ano-en-el-que-el-diadeinternet-se-centra-en-el-envejecimiento-saludable\/#breadcrumb","itemListElement":[{"@type":"ListItem","position":1,"name":"Portada","item":"https:\/\/www.laguiadepamplona.com\/actualidad\/"},{"@type":"ListItem","position":2,"name":"El Ayuntamiento de Pamplona ofrecer\u00e1 en junio 90 plazas en cursos para personas mayores en un a\u00f1o en el que el #diadeinternet se centra en el envejecimiento saludable"}]},{"@type":"WebSite","@id":"https:\/\/www.laguiadepamplona.com\/actualidad\/#website","url":"https:\/\/www.laguiadepamplona.com\/actualidad\/","name":"La gu\u00eda de Pamplona","description":"Noticias de Pamplona","publisher":{"@id":"https:\/\/www.laguiadepamplona.com\/actualidad\/#organization"},"potentialAction":[{"@type":"SearchAction","target":{"@type":"EntryPoint","urlTemplate":"https:\/\/www.laguiadepamplona.com\/actualidad\/?s={search_term_string}"},"query-input":{"@type":"PropertyValueSpecification","valueRequired":true,"valueName":"search_term_string"}}],"inLanguage":"es"},{"@type":"Organization","@id":"https:\/\/www.laguiadepamplona.com\/actualidad\/#organization","name":"La Gu\u00eda de Pamplona \/ Noticias","url":"https:\/\/www.laguiadepamplona.com\/actualidad\/","logo":{"@type":"ImageObject","inLanguage":"es","@id":"https:\/\/www.laguiadepamplona.com\/actualidad\/#\/schema\/logo\/image\/","url":"https:\/\/www.laguiadepamplona.com\/actualidad\/wp-content\/uploads\/2018\/11\/logo-laguiadepamplona18-web1.png","contentUrl":"https:\/\/www.laguiadepamplona.com\/actualidad\/wp-content\/uploads\/2018\/11\/logo-laguiadepamplona18-web1.png","width":600,"height":196,"caption":"La Gu\u00eda de Pamplona \/ Noticias"},"image":{"@id":"https:\/\/www.laguiadepamplona.com\/actualidad\/#\/schema\/logo\/image\/"},"sameAs":["https:\/\/www.facebook.com\/laguiadepamplonacom-133175176762273\/?ref=hl","https:\/\/x.com\/LaGuiadPamplona","https:\/\/www.instagram.com\/la_guia_de_pamplona\/","https:\/\/www.youtube.com\/user\/laguiadepamplona"]},{"@type":"Person","@id":"https:\/\/www.laguiadepamplona.com\/actualidad\/#\/schema\/person\/efe887376f0213d4657c93adc50b1fdb","name":"La Gu\u00eda de Pamplona","image":{"@type":"ImageObject","inLanguage":"es","@id":"https:\/\/secure.gravatar.com\/avatar\/b6992f131dc8d30ab0dff15446e9d346d9dbd95992de0fef795073f5ea83a81c?s=96&d=mm&r=g","url":"https:\/\/secure.gravatar.com\/avatar\/b6992f131dc8d30ab0dff15446e9d346d9dbd95992de0fef795073f5ea83a81c?s=96&d=mm&r=g","contentUrl":"https:\/\/secure.gravatar.com\/avatar\/b6992f131dc8d30ab0dff15446e9d346d9dbd95992de0fef795073f5ea83a81c?s=96&d=mm&r=g","caption":"La Gu\u00eda de Pamplona"}}]}},"post_mailing_queue_ids":[],"_links":{"self":[{"href":"https:\/\/www.laguiadepamplona.com\/actualidad\/wp-json\/wp\/v2\/posts\/40363","targetHints":{"allow":["GET"]}}],"collection":[{"href":"https:\/\/www.laguiadepamplona.com\/actualidad\/wp-json\/wp\/v2\/posts"}],"about":[{"href":"https:\/\/www.laguiadepamplona.com\/actualidad\/wp-json\/wp\/v2\/types\/post"}],"author":[{"embeddable":true,"href":"https:\/\/www.laguiadepamplona.com\/actualidad\/wp-json\/wp\/v2\/users\/1"}],"replies":[{"embeddable":true,"href":"https:\/\/www.laguiadepamplona.com\/actualidad\/wp-json\/wp\/v2\/comments?post=40363"}],"version-history":[{"count":0,"href":"https:\/\/www.laguiadepamplona.com\/actualidad\/wp-json\/wp\/v2\/posts\/40363\/revisions"}],"wp:featuredmedia":[{"embeddable":true,"href":"https:\/\/www.laguiadepamplona.com\/actualidad\/wp-json\/wp\/v2\/media\/40364"}],"wp:attachment":[{"href":"https:\/\/www.laguiadepamplona.com\/actualidad\/wp-json\/wp\/v2\/media?parent=40363"}],"wp:term":[{"taxonomy":"category","embeddable":true,"href":"https:\/\/www.laguiadepamplona.com\/actualidad\/wp-json\/wp\/v2\/categories?post=40363"},{"taxonomy":"post_tag","embeddable":true,"href":"https:\/\/www.laguiadepamplona.com\/actualidad\/wp-json\/wp\/v2\/tags?post=40363"}],"curies":[{"name":"wp","href":"https:\/\/api.w.org\/{rel}","templated":true}]}}