{"id":40360,"date":"2022-05-17T12:47:21","date_gmt":"2022-05-17T10:47:21","guid":{"rendered":"https:\/\/www.laguiadepamplona.com\/actualidad\/?p=40360"},"modified":"2023-04-11T11:48:11","modified_gmt":"2023-04-11T09:48:11","slug":"la-reforma-de-los-banos-y-vestuarios-del-gimnasio-del-cpeip-amaiur-costara-137-243-euros","status":"publish","type":"post","link":"https:\/\/www.laguiadepamplona.com\/actualidad\/la-reforma-de-los-banos-y-vestuarios-del-gimnasio-del-cpeip-amaiur-costara-137-243-euros\/","title":{"rendered":"La reforma de los ba\u00f1os y vestuarios del gimnasio del CPEIP Amaiur costar\u00e1 137.243 euros"},"content":{"rendered":"<h5>Las obras se realizar\u00e1n durante los meses de verano, para que est\u00e9n listas con el inicio del nuevo curso escolar<\/h5>\n<p><!--more--><\/p>\n<p>El Ayuntamiento de Pamplona invertir\u00e1 un total de 137.243,45 euros en las obras de reforma de los ba\u00f1os y vestuario del gimnasio del CPEIP Amaiur Ikastola. La Junta de Gobierno Local ha adjudicado los trabajos por este importe a Naobymant SL, que dispondr\u00e1 de dos meses para ejecutar las obras, de forma que est\u00e9n terminadas para el inicio del curso.<br \/>\n<script async src=\"\/\/pagead2.googlesyndication.com\/pagead\/js\/adsbygoogle.js\"><\/script><br \/>\n<!-- Noticias La Guia de Pamplona --><br \/>\n<ins class=\"adsbygoogle\"\nstyle=\"display:block\"\ndata-ad-client=\"ca-pub-6943679897239327\"\ndata-ad-slot=\"7048180777\"\ndata-ad-format=\"auto\"><\/ins><br \/>\n<script>\n(adsbygoogle = window.adsbygoogle || []).push({});\n<\/script><\/p>\n<p>En concreto, se renovar\u00e1n tanto de los ba\u00f1os como los vestuarios ubicados en la planta baja del edificio, junto al gimnasio, con el objetivo de adecuarlos a la normativa de accesibilidad y mejorar sus condiciones. Las obras afectar\u00e1n a dos bloques de aseos, con sus correspondientes vestuarios, uno masculino y otro femenino, as\u00ed como a la zona de ba\u00f1o del monitor. Uno de los aseos se adaptar\u00e1 a la actual normativa de accesibilidad, que no estaba vigente cuando se construy\u00f3 el centro en 1986, para que pueda ser usado por personas con discapacidad.<\/p>\n<p>En este sentido, el aseo adaptado contar\u00e1 con lavabo suspendido, al igual que el destinado al monitor. Adem\u00e1s, se instalar\u00e1n otros cuatro lavabos murales, en los aseos dedicados a escolares. Se renovar\u00e1n los inodoros, y se instalar\u00e1n dos urinarios en el ba\u00f1o de chicos. Por \u00faltimo, en el vestuario del monitor se colocar\u00e1 un plato de ducho.<br \/>\n<script async src=\"\/\/pagead2.googlesyndication.com\/pagead\/js\/adsbygoogle.js\"><\/script><br \/>\n<!-- Noticias La Guia de Pamplona --><br \/>\n<ins class=\"adsbygoogle\"\nstyle=\"display:block\"\ndata-ad-client=\"ca-pub-6943679897239327\"\ndata-ad-slot=\"7048180777\"\ndata-ad-format=\"auto\"><\/ins><br \/>\n<script>\n(adsbygoogle = window.adsbygoogle || []).push({});\n<\/script><\/p>\n<p>Adem\u00e1s de renovar los sanitarios, los trabajos afectar\u00e1n tambi\u00e9n los revestimientos de suelos, paredes y techos, y a la renovaci\u00f3n de cerramientos. As\u00ed, se utilizar\u00e1 gres porcel\u00e1nico y se sustituir\u00e1n las ventanas actuales por unas oscilobatientes de aluminio anodizado con rotura de puente t\u00e9rmino. Tambi\u00e9n se instalar\u00e1n dos puertas nuevas, para conectar los vestuarios con el exterior, hacia el patio. Las obras incluir\u00e1n la renovaci\u00f3n de las instalaciones de saneamiento, fontaner\u00eda, calefacci\u00f3n y electricidad. Adem\u00e1s, se instalar\u00e1 un avisador de llamada en el aseo adaptado para personas con discapacidad.<\/p>\n","protected":false},"excerpt":{"rendered":"<p>Las obras se realizar\u00e1n durante los meses de verano, para que est\u00e9n listas con el inicio del nuevo curso escolar<\/p>\n","protected":false},"author":1,"featured_media":40361,"comment_status":"open","ping_status":"closed","sticky":false,"template":"","format":"standard","meta":{"footnotes":""},"categories":[2],"tags":[],"class_list":["post-40360","post","type-post","status-publish","format-standard","has-post-thumbnail","hentry","category-ayuntamiento-pamplona"],"yoast_head":"<!-- This site is optimized with the Yoast SEO plugin v27.3 - https:\/\/yoast.com\/product\/yoast-seo-wordpress\/ -->\n<title>La reforma de los ba\u00f1os y vestuarios del gimnasio del CPEIP Amaiur costar\u00e1 137.243 euros<\/title>\n<meta name=\"description\" content=\"Las obras se realizar\u00e1n durante los meses de verano, para que est\u00e9n listas con el inicio del nuevo curso escolar\" \/>\n<meta name=\"robots\" content=\"index, follow, max-snippet:-1, max-image-preview:large, max-video-preview:-1\" \/>\n<link rel=\"canonical\" href=\"https:\/\/www.laguiadepamplona.com\/actualidad\/la-reforma-de-los-banos-y-vestuarios-del-gimnasio-del-cpeip-amaiur-costara-137-243-euros\/\" \/>\n<meta property=\"og:locale\" content=\"es_ES\" \/>\n<meta property=\"og:type\" content=\"article\" \/>\n<meta property=\"og:title\" content=\"La reforma de los ba\u00f1os y vestuarios del gimnasio del CPEIP Amaiur costar\u00e1 137.243 euros\" \/>\n<meta property=\"og:description\" content=\"Las obras se realizar\u00e1n durante los meses de verano, para que est\u00e9n listas con el inicio del nuevo curso escolar\" \/>\n<meta property=\"og:url\" content=\"https:\/\/www.laguiadepamplona.com\/actualidad\/la-reforma-de-los-banos-y-vestuarios-del-gimnasio-del-cpeip-amaiur-costara-137-243-euros\/\" \/>\n<meta property=\"og:site_name\" content=\"La Gu\u00eda de Pamplona\" \/>\n<meta property=\"article:publisher\" content=\"https:\/\/www.facebook.com\/laguiadepamplonacom-133175176762273\/?ref=hl\" \/>\n<meta property=\"article:published_time\" content=\"2022-05-17T10:47:21+00:00\" \/>\n<meta property=\"article:modified_time\" content=\"2023-04-11T09:48:11+00:00\" \/>\n<meta property=\"og:image\" content=\"https:\/\/www.laguiadepamplona.com\/actualidad\/wp-content\/uploads\/2022\/05\/ikastola-amaiur-1.webp\" \/>\n\t<meta property=\"og:image:width\" content=\"1920\" \/>\n\t<meta property=\"og:image:height\" content=\"1260\" \/>\n\t<meta property=\"og:image:type\" content=\"image\/webp\" \/>\n<meta name=\"author\" content=\"La Gu\u00eda de Pamplona\" \/>\n<meta name=\"twitter:card\" content=\"summary_large_image\" \/>\n<meta name=\"twitter:creator\" content=\"@LaGuiadPamplona\" \/>\n<meta name=\"twitter:site\" content=\"@LaGuiadPamplona\" \/>\n<meta name=\"twitter:label1\" content=\"Escrito por\" \/>\n\t<meta name=\"twitter:data1\" content=\"La Gu\u00eda de Pamplona\" \/>\n\t<meta name=\"twitter:label2\" content=\"Tiempo de lectura\" \/>\n\t<meta name=\"twitter:data2\" content=\"2 minutos\" \/>\n<script type=\"application\/ld+json\" class=\"yoast-schema-graph\">{\"@context\":\"https:\\\/\\\/schema.org\",\"@graph\":[{\"@type\":\"Article\",\"@id\":\"https:\\\/\\\/www.laguiadepamplona.com\\\/actualidad\\\/la-reforma-de-los-banos-y-vestuarios-del-gimnasio-del-cpeip-amaiur-costara-137-243-euros\\\/#article\",\"isPartOf\":{\"@id\":\"https:\\\/\\\/www.laguiadepamplona.com\\\/actualidad\\\/la-reforma-de-los-banos-y-vestuarios-del-gimnasio-del-cpeip-amaiur-costara-137-243-euros\\\/\"},\"author\":{\"name\":\"La Gu\u00eda de Pamplona\",\"@id\":\"https:\\\/\\\/www.laguiadepamplona.com\\\/actualidad\\\/#\\\/schema\\\/person\\\/efe887376f0213d4657c93adc50b1fdb\"},\"headline\":\"La reforma de los ba\u00f1os y vestuarios del gimnasio del CPEIP Amaiur costar\u00e1 137.243 euros\",\"datePublished\":\"2022-05-17T10:47:21+00:00\",\"dateModified\":\"2023-04-11T09:48:11+00:00\",\"mainEntityOfPage\":{\"@id\":\"https:\\\/\\\/www.laguiadepamplona.com\\\/actualidad\\\/la-reforma-de-los-banos-y-vestuarios-del-gimnasio-del-cpeip-amaiur-costara-137-243-euros\\\/\"},\"wordCount\":359,\"commentCount\":0,\"publisher\":{\"@id\":\"https:\\\/\\\/www.laguiadepamplona.com\\\/actualidad\\\/#organization\"},\"image\":{\"@id\":\"https:\\\/\\\/www.laguiadepamplona.com\\\/actualidad\\\/la-reforma-de-los-banos-y-vestuarios-del-gimnasio-del-cpeip-amaiur-costara-137-243-euros\\\/#primaryimage\"},\"thumbnailUrl\":\"https:\\\/\\\/www.laguiadepamplona.com\\\/actualidad\\\/wp-content\\\/uploads\\\/2022\\\/05\\\/ikastola-amaiur-1.webp\",\"articleSection\":[\"Ayto Pamplona\"],\"inLanguage\":\"es\",\"potentialAction\":[{\"@type\":\"CommentAction\",\"name\":\"Comment\",\"target\":[\"https:\\\/\\\/www.laguiadepamplona.com\\\/actualidad\\\/la-reforma-de-los-banos-y-vestuarios-del-gimnasio-del-cpeip-amaiur-costara-137-243-euros\\\/#respond\"]}]},{\"@type\":\"WebPage\",\"@id\":\"https:\\\/\\\/www.laguiadepamplona.com\\\/actualidad\\\/la-reforma-de-los-banos-y-vestuarios-del-gimnasio-del-cpeip-amaiur-costara-137-243-euros\\\/\",\"url\":\"https:\\\/\\\/www.laguiadepamplona.com\\\/actualidad\\\/la-reforma-de-los-banos-y-vestuarios-del-gimnasio-del-cpeip-amaiur-costara-137-243-euros\\\/\",\"name\":\"La reforma de los ba\u00f1os y vestuarios del gimnasio del CPEIP Amaiur costar\u00e1 137.243 euros\",\"isPartOf\":{\"@id\":\"https:\\\/\\\/www.laguiadepamplona.com\\\/actualidad\\\/#website\"},\"primaryImageOfPage\":{\"@id\":\"https:\\\/\\\/www.laguiadepamplona.com\\\/actualidad\\\/la-reforma-de-los-banos-y-vestuarios-del-gimnasio-del-cpeip-amaiur-costara-137-243-euros\\\/#primaryimage\"},\"image\":{\"@id\":\"https:\\\/\\\/www.laguiadepamplona.com\\\/actualidad\\\/la-reforma-de-los-banos-y-vestuarios-del-gimnasio-del-cpeip-amaiur-costara-137-243-euros\\\/#primaryimage\"},\"thumbnailUrl\":\"https:\\\/\\\/www.laguiadepamplona.com\\\/actualidad\\\/wp-content\\\/uploads\\\/2022\\\/05\\\/ikastola-amaiur-1.webp\",\"datePublished\":\"2022-05-17T10:47:21+00:00\",\"dateModified\":\"2023-04-11T09:48:11+00:00\",\"description\":\"Las obras se realizar\u00e1n durante los meses de verano, para que est\u00e9n listas con el inicio del nuevo curso escolar\",\"breadcrumb\":{\"@id\":\"https:\\\/\\\/www.laguiadepamplona.com\\\/actualidad\\\/la-reforma-de-los-banos-y-vestuarios-del-gimnasio-del-cpeip-amaiur-costara-137-243-euros\\\/#breadcrumb\"},\"inLanguage\":\"es\",\"potentialAction\":[{\"@type\":\"ReadAction\",\"target\":[\"https:\\\/\\\/www.laguiadepamplona.com\\\/actualidad\\\/la-reforma-de-los-banos-y-vestuarios-del-gimnasio-del-cpeip-amaiur-costara-137-243-euros\\\/\"]}]},{\"@type\":\"ImageObject\",\"inLanguage\":\"es\",\"@id\":\"https:\\\/\\\/www.laguiadepamplona.com\\\/actualidad\\\/la-reforma-de-los-banos-y-vestuarios-del-gimnasio-del-cpeip-amaiur-costara-137-243-euros\\\/#primaryimage\",\"url\":\"https:\\\/\\\/www.laguiadepamplona.com\\\/actualidad\\\/wp-content\\\/uploads\\\/2022\\\/05\\\/ikastola-amaiur-1.webp\",\"contentUrl\":\"https:\\\/\\\/www.laguiadepamplona.com\\\/actualidad\\\/wp-content\\\/uploads\\\/2022\\\/05\\\/ikastola-amaiur-1.webp\",\"width\":1920,\"height\":1260},{\"@type\":\"BreadcrumbList\",\"@id\":\"https:\\\/\\\/www.laguiadepamplona.com\\\/actualidad\\\/la-reforma-de-los-banos-y-vestuarios-del-gimnasio-del-cpeip-amaiur-costara-137-243-euros\\\/#breadcrumb\",\"itemListElement\":[{\"@type\":\"ListItem\",\"position\":1,\"name\":\"Portada\",\"item\":\"https:\\\/\\\/www.laguiadepamplona.com\\\/actualidad\\\/\"},{\"@type\":\"ListItem\",\"position\":2,\"name\":\"La reforma de los ba\u00f1os y vestuarios del gimnasio del CPEIP Amaiur costar\u00e1 137.243 euros\"}]},{\"@type\":\"WebSite\",\"@id\":\"https:\\\/\\\/www.laguiadepamplona.com\\\/actualidad\\\/#website\",\"url\":\"https:\\\/\\\/www.laguiadepamplona.com\\\/actualidad\\\/\",\"name\":\"La gu\u00eda de Pamplona\",\"description\":\"Noticias de Pamplona\",\"publisher\":{\"@id\":\"https:\\\/\\\/www.laguiadepamplona.com\\\/actualidad\\\/#organization\"},\"potentialAction\":[{\"@type\":\"SearchAction\",\"target\":{\"@type\":\"EntryPoint\",\"urlTemplate\":\"https:\\\/\\\/www.laguiadepamplona.com\\\/actualidad\\\/?s={search_term_string}\"},\"query-input\":{\"@type\":\"PropertyValueSpecification\",\"valueRequired\":true,\"valueName\":\"search_term_string\"}}],\"inLanguage\":\"es\"},{\"@type\":\"Organization\",\"@id\":\"https:\\\/\\\/www.laguiadepamplona.com\\\/actualidad\\\/#organization\",\"name\":\"La Gu\u00eda de Pamplona \\\/ Noticias\",\"url\":\"https:\\\/\\\/www.laguiadepamplona.com\\\/actualidad\\\/\",\"logo\":{\"@type\":\"ImageObject\",\"inLanguage\":\"es\",\"@id\":\"https:\\\/\\\/www.laguiadepamplona.com\\\/actualidad\\\/#\\\/schema\\\/logo\\\/image\\\/\",\"url\":\"https:\\\/\\\/www.laguiadepamplona.com\\\/actualidad\\\/wp-content\\\/uploads\\\/2018\\\/11\\\/logo-laguiadepamplona18-web1.png\",\"contentUrl\":\"https:\\\/\\\/www.laguiadepamplona.com\\\/actualidad\\\/wp-content\\\/uploads\\\/2018\\\/11\\\/logo-laguiadepamplona18-web1.png\",\"width\":600,\"height\":196,\"caption\":\"La Gu\u00eda de Pamplona \\\/ Noticias\"},\"image\":{\"@id\":\"https:\\\/\\\/www.laguiadepamplona.com\\\/actualidad\\\/#\\\/schema\\\/logo\\\/image\\\/\"},\"sameAs\":[\"https:\\\/\\\/www.facebook.com\\\/laguiadepamplonacom-133175176762273\\\/?ref=hl\",\"https:\\\/\\\/x.com\\\/LaGuiadPamplona\",\"https:\\\/\\\/www.instagram.com\\\/la_guia_de_pamplona\\\/\",\"https:\\\/\\\/www.youtube.com\\\/user\\\/laguiadepamplona\"]},{\"@type\":\"Person\",\"@id\":\"https:\\\/\\\/www.laguiadepamplona.com\\\/actualidad\\\/#\\\/schema\\\/person\\\/efe887376f0213d4657c93adc50b1fdb\",\"name\":\"La Gu\u00eda de Pamplona\",\"image\":{\"@type\":\"ImageObject\",\"inLanguage\":\"es\",\"@id\":\"https:\\\/\\\/secure.gravatar.com\\\/avatar\\\/b6992f131dc8d30ab0dff15446e9d346d9dbd95992de0fef795073f5ea83a81c?s=96&d=mm&r=g\",\"url\":\"https:\\\/\\\/secure.gravatar.com\\\/avatar\\\/b6992f131dc8d30ab0dff15446e9d346d9dbd95992de0fef795073f5ea83a81c?s=96&d=mm&r=g\",\"contentUrl\":\"https:\\\/\\\/secure.gravatar.com\\\/avatar\\\/b6992f131dc8d30ab0dff15446e9d346d9dbd95992de0fef795073f5ea83a81c?s=96&d=mm&r=g\",\"caption\":\"La Gu\u00eda de Pamplona\"}}]}<\/script>\n<!-- \/ Yoast SEO plugin. -->","yoast_head_json":{"title":"La reforma de los ba\u00f1os y vestuarios del gimnasio del CPEIP Amaiur costar\u00e1 137.243 euros","description":"Las obras se realizar\u00e1n durante los meses de verano, para que est\u00e9n listas con el inicio del nuevo curso escolar","robots":{"index":"index","follow":"follow","max-snippet":"max-snippet:-1","max-image-preview":"max-image-preview:large","max-video-preview":"max-video-preview:-1"},"canonical":"https:\/\/www.laguiadepamplona.com\/actualidad\/la-reforma-de-los-banos-y-vestuarios-del-gimnasio-del-cpeip-amaiur-costara-137-243-euros\/","og_locale":"es_ES","og_type":"article","og_title":"La reforma de los ba\u00f1os y vestuarios del gimnasio del CPEIP Amaiur costar\u00e1 137.243 euros","og_description":"Las obras se realizar\u00e1n durante los meses de verano, para que est\u00e9n listas con el inicio del nuevo curso escolar","og_url":"https:\/\/www.laguiadepamplona.com\/actualidad\/la-reforma-de-los-banos-y-vestuarios-del-gimnasio-del-cpeip-amaiur-costara-137-243-euros\/","og_site_name":"La Gu\u00eda de Pamplona","article_publisher":"https:\/\/www.facebook.com\/laguiadepamplonacom-133175176762273\/?ref=hl","article_published_time":"2022-05-17T10:47:21+00:00","article_modified_time":"2023-04-11T09:48:11+00:00","og_image":[{"width":1920,"height":1260,"url":"https:\/\/www.laguiadepamplona.com\/actualidad\/wp-content\/uploads\/2022\/05\/ikastola-amaiur-1.webp","type":"image\/webp"}],"author":"La Gu\u00eda de Pamplona","twitter_card":"summary_large_image","twitter_creator":"@LaGuiadPamplona","twitter_site":"@LaGuiadPamplona","twitter_misc":{"Escrito por":"La Gu\u00eda de Pamplona","Tiempo de lectura":"2 minutos"},"schema":{"@context":"https:\/\/schema.org","@graph":[{"@type":"Article","@id":"https:\/\/www.laguiadepamplona.com\/actualidad\/la-reforma-de-los-banos-y-vestuarios-del-gimnasio-del-cpeip-amaiur-costara-137-243-euros\/#article","isPartOf":{"@id":"https:\/\/www.laguiadepamplona.com\/actualidad\/la-reforma-de-los-banos-y-vestuarios-del-gimnasio-del-cpeip-amaiur-costara-137-243-euros\/"},"author":{"name":"La Gu\u00eda de Pamplona","@id":"https:\/\/www.laguiadepamplona.com\/actualidad\/#\/schema\/person\/efe887376f0213d4657c93adc50b1fdb"},"headline":"La reforma de los ba\u00f1os y vestuarios del gimnasio del CPEIP Amaiur costar\u00e1 137.243 euros","datePublished":"2022-05-17T10:47:21+00:00","dateModified":"2023-04-11T09:48:11+00:00","mainEntityOfPage":{"@id":"https:\/\/www.laguiadepamplona.com\/actualidad\/la-reforma-de-los-banos-y-vestuarios-del-gimnasio-del-cpeip-amaiur-costara-137-243-euros\/"},"wordCount":359,"commentCount":0,"publisher":{"@id":"https:\/\/www.laguiadepamplona.com\/actualidad\/#organization"},"image":{"@id":"https:\/\/www.laguiadepamplona.com\/actualidad\/la-reforma-de-los-banos-y-vestuarios-del-gimnasio-del-cpeip-amaiur-costara-137-243-euros\/#primaryimage"},"thumbnailUrl":"https:\/\/www.laguiadepamplona.com\/actualidad\/wp-content\/uploads\/2022\/05\/ikastola-amaiur-1.webp","articleSection":["Ayto Pamplona"],"inLanguage":"es","potentialAction":[{"@type":"CommentAction","name":"Comment","target":["https:\/\/www.laguiadepamplona.com\/actualidad\/la-reforma-de-los-banos-y-vestuarios-del-gimnasio-del-cpeip-amaiur-costara-137-243-euros\/#respond"]}]},{"@type":"WebPage","@id":"https:\/\/www.laguiadepamplona.com\/actualidad\/la-reforma-de-los-banos-y-vestuarios-del-gimnasio-del-cpeip-amaiur-costara-137-243-euros\/","url":"https:\/\/www.laguiadepamplona.com\/actualidad\/la-reforma-de-los-banos-y-vestuarios-del-gimnasio-del-cpeip-amaiur-costara-137-243-euros\/","name":"La reforma de los ba\u00f1os y vestuarios del gimnasio del CPEIP Amaiur costar\u00e1 137.243 euros","isPartOf":{"@id":"https:\/\/www.laguiadepamplona.com\/actualidad\/#website"},"primaryImageOfPage":{"@id":"https:\/\/www.laguiadepamplona.com\/actualidad\/la-reforma-de-los-banos-y-vestuarios-del-gimnasio-del-cpeip-amaiur-costara-137-243-euros\/#primaryimage"},"image":{"@id":"https:\/\/www.laguiadepamplona.com\/actualidad\/la-reforma-de-los-banos-y-vestuarios-del-gimnasio-del-cpeip-amaiur-costara-137-243-euros\/#primaryimage"},"thumbnailUrl":"https:\/\/www.laguiadepamplona.com\/actualidad\/wp-content\/uploads\/2022\/05\/ikastola-amaiur-1.webp","datePublished":"2022-05-17T10:47:21+00:00","dateModified":"2023-04-11T09:48:11+00:00","description":"Las obras se realizar\u00e1n durante los meses de verano, para que est\u00e9n listas con el inicio del nuevo curso escolar","breadcrumb":{"@id":"https:\/\/www.laguiadepamplona.com\/actualidad\/la-reforma-de-los-banos-y-vestuarios-del-gimnasio-del-cpeip-amaiur-costara-137-243-euros\/#breadcrumb"},"inLanguage":"es","potentialAction":[{"@type":"ReadAction","target":["https:\/\/www.laguiadepamplona.com\/actualidad\/la-reforma-de-los-banos-y-vestuarios-del-gimnasio-del-cpeip-amaiur-costara-137-243-euros\/"]}]},{"@type":"ImageObject","inLanguage":"es","@id":"https:\/\/www.laguiadepamplona.com\/actualidad\/la-reforma-de-los-banos-y-vestuarios-del-gimnasio-del-cpeip-amaiur-costara-137-243-euros\/#primaryimage","url":"https:\/\/www.laguiadepamplona.com\/actualidad\/wp-content\/uploads\/2022\/05\/ikastola-amaiur-1.webp","contentUrl":"https:\/\/www.laguiadepamplona.com\/actualidad\/wp-content\/uploads\/2022\/05\/ikastola-amaiur-1.webp","width":1920,"height":1260},{"@type":"BreadcrumbList","@id":"https:\/\/www.laguiadepamplona.com\/actualidad\/la-reforma-de-los-banos-y-vestuarios-del-gimnasio-del-cpeip-amaiur-costara-137-243-euros\/#breadcrumb","itemListElement":[{"@type":"ListItem","position":1,"name":"Portada","item":"https:\/\/www.laguiadepamplona.com\/actualidad\/"},{"@type":"ListItem","position":2,"name":"La reforma de los ba\u00f1os y vestuarios del gimnasio del CPEIP Amaiur costar\u00e1 137.243 euros"}]},{"@type":"WebSite","@id":"https:\/\/www.laguiadepamplona.com\/actualidad\/#website","url":"https:\/\/www.laguiadepamplona.com\/actualidad\/","name":"La gu\u00eda de Pamplona","description":"Noticias de Pamplona","publisher":{"@id":"https:\/\/www.laguiadepamplona.com\/actualidad\/#organization"},"potentialAction":[{"@type":"SearchAction","target":{"@type":"EntryPoint","urlTemplate":"https:\/\/www.laguiadepamplona.com\/actualidad\/?s={search_term_string}"},"query-input":{"@type":"PropertyValueSpecification","valueRequired":true,"valueName":"search_term_string"}}],"inLanguage":"es"},{"@type":"Organization","@id":"https:\/\/www.laguiadepamplona.com\/actualidad\/#organization","name":"La Gu\u00eda de Pamplona \/ Noticias","url":"https:\/\/www.laguiadepamplona.com\/actualidad\/","logo":{"@type":"ImageObject","inLanguage":"es","@id":"https:\/\/www.laguiadepamplona.com\/actualidad\/#\/schema\/logo\/image\/","url":"https:\/\/www.laguiadepamplona.com\/actualidad\/wp-content\/uploads\/2018\/11\/logo-laguiadepamplona18-web1.png","contentUrl":"https:\/\/www.laguiadepamplona.com\/actualidad\/wp-content\/uploads\/2018\/11\/logo-laguiadepamplona18-web1.png","width":600,"height":196,"caption":"La Gu\u00eda de Pamplona \/ Noticias"},"image":{"@id":"https:\/\/www.laguiadepamplona.com\/actualidad\/#\/schema\/logo\/image\/"},"sameAs":["https:\/\/www.facebook.com\/laguiadepamplonacom-133175176762273\/?ref=hl","https:\/\/x.com\/LaGuiadPamplona","https:\/\/www.instagram.com\/la_guia_de_pamplona\/","https:\/\/www.youtube.com\/user\/laguiadepamplona"]},{"@type":"Person","@id":"https:\/\/www.laguiadepamplona.com\/actualidad\/#\/schema\/person\/efe887376f0213d4657c93adc50b1fdb","name":"La Gu\u00eda de Pamplona","image":{"@type":"ImageObject","inLanguage":"es","@id":"https:\/\/secure.gravatar.com\/avatar\/b6992f131dc8d30ab0dff15446e9d346d9dbd95992de0fef795073f5ea83a81c?s=96&d=mm&r=g","url":"https:\/\/secure.gravatar.com\/avatar\/b6992f131dc8d30ab0dff15446e9d346d9dbd95992de0fef795073f5ea83a81c?s=96&d=mm&r=g","contentUrl":"https:\/\/secure.gravatar.com\/avatar\/b6992f131dc8d30ab0dff15446e9d346d9dbd95992de0fef795073f5ea83a81c?s=96&d=mm&r=g","caption":"La Gu\u00eda de Pamplona"}}]}},"post_mailing_queue_ids":[],"_links":{"self":[{"href":"https:\/\/www.laguiadepamplona.com\/actualidad\/wp-json\/wp\/v2\/posts\/40360","targetHints":{"allow":["GET"]}}],"collection":[{"href":"https:\/\/www.laguiadepamplona.com\/actualidad\/wp-json\/wp\/v2\/posts"}],"about":[{"href":"https:\/\/www.laguiadepamplona.com\/actualidad\/wp-json\/wp\/v2\/types\/post"}],"author":[{"embeddable":true,"href":"https:\/\/www.laguiadepamplona.com\/actualidad\/wp-json\/wp\/v2\/users\/1"}],"replies":[{"embeddable":true,"href":"https:\/\/www.laguiadepamplona.com\/actualidad\/wp-json\/wp\/v2\/comments?post=40360"}],"version-history":[{"count":0,"href":"https:\/\/www.laguiadepamplona.com\/actualidad\/wp-json\/wp\/v2\/posts\/40360\/revisions"}],"wp:featuredmedia":[{"embeddable":true,"href":"https:\/\/www.laguiadepamplona.com\/actualidad\/wp-json\/wp\/v2\/media\/40361"}],"wp:attachment":[{"href":"https:\/\/www.laguiadepamplona.com\/actualidad\/wp-json\/wp\/v2\/media?parent=40360"}],"wp:term":[{"taxonomy":"category","embeddable":true,"href":"https:\/\/www.laguiadepamplona.com\/actualidad\/wp-json\/wp\/v2\/categories?post=40360"},{"taxonomy":"post_tag","embeddable":true,"href":"https:\/\/www.laguiadepamplona.com\/actualidad\/wp-json\/wp\/v2\/tags?post=40360"}],"curies":[{"name":"wp","href":"https:\/\/api.w.org\/{rel}","templated":true}]}}