{"id":40353,"date":"2022-05-16T17:36:13","date_gmt":"2022-05-16T15:36:13","guid":{"rendered":"https:\/\/www.laguiadepamplona.com\/actualidad\/?p=40353"},"modified":"2023-04-11T11:48:11","modified_gmt":"2023-04-11T09:48:11","slug":"el-ayuntamiento-licita-la-produccion-servicios-tecnicos-e-infraestructuras-de-los-escenarios-de-sarasate-plaza-de-los-fueros-y-plaza-de-la-compania-durante-sanfermines","status":"publish","type":"post","link":"https:\/\/www.laguiadepamplona.com\/actualidad\/el-ayuntamiento-licita-la-produccion-servicios-tecnicos-e-infraestructuras-de-los-escenarios-de-sarasate-plaza-de-los-fueros-y-plaza-de-la-compania-durante-sanfermines\/","title":{"rendered":"El Ayuntamiento licita la producci\u00f3n, servicios t\u00e9cnicos e infraestructuras de los escenarios de Sarasate, plaza de los Fueros y plaza de la Compa\u00f1\u00eda durante Sanfermines"},"content":{"rendered":"<h5>Asimismo, se licita la sonorizaci\u00f3n de eventos como el Chupinazo, los encierros, el Pobre de M\u00ed o los actos protocolarios en la Casa Consistorial<\/h5>\n<p><!--more--><\/p>\n<p>La Junta de Gobierno Local ha aprobado esta ma\u00f1ana el contrato de asistencia para la producci\u00f3n, servicios t\u00e9cnicos y de infraestructuras esc\u00e9nicas y auxiliares necesarias para la celebraci\u00f3n de los conciertos de San Ferm\u00edn en el paseo de Sarasate, la plaza de la Compa\u00f1\u00eda y la plaza de los Fueros. El contrato incluye la sonorizaci\u00f3n de los actos que se realicen en el entorno de la Casa Consistorial y alrededores. El plazo de presentaci\u00f3n de solicitudes se abrir\u00e1 una vez que el contrato se publique en el Portal de Contrataci\u00f3n de Navarra.<br \/>\n<script async src=\"\/\/pagead2.googlesyndication.com\/pagead\/js\/adsbygoogle.js\"><\/script><br \/>\n<!-- Noticias La Guia de Pamplona --><br \/>\n<ins class=\"adsbygoogle\"\nstyle=\"display:block\"\ndata-ad-client=\"ca-pub-6943679897239327\"\ndata-ad-slot=\"7048180777\"\ndata-ad-format=\"auto\"><\/ins><br \/>\n<script>\n(adsbygoogle = window.adsbygoogle || []).push({});\n<\/script><\/p>\n<p>El presupuesto asciende a 209.027,50 euros y se licita en cuatro lotes. El de la plaza de los Fueros, con 123.420 euros, recoge las tareas necesarias para acoger los diferentes conciertos nocturnos que se prev\u00e9 programar y las actividades de tarde dirigidas a p\u00fablico joven, as\u00ed como la gesti\u00f3n de una terraza \u2013 bar durante las fiestas. El contrato engloba tambi\u00e9n la retransmisi\u00f3n del Chupinazo en la pantalla gigante que se instala en la plaza y la sonorizaci\u00f3n del festival de danzas del 6 de julio y del deporte rural del 8 al 14 de julio.<\/p>\n<p>El segundo lote, el de la plaza de la Compa\u00f1\u00eda, recoge las condiciones para la realizaci\u00f3n de los conciertos previstos tanto en horario de tarde como en horario nocturno, que se celebrar\u00e1n del 6 al 13 de julio. El presupuesto de este lote es de 31.460 euros. El tercer lote, con el paseo de Sarasate como referente, cuenta con 22.385 euros e incluye los festivales de jotas a mediod\u00eda y una programaci\u00f3n variada por la tarde (danzas, bertsolaris, teatro\u2026).<br \/>\n<script async src=\"\/\/pagead2.googlesyndication.com\/pagead\/js\/adsbygoogle.js\"><\/script><br \/>\n<!-- Noticias La Guia de Pamplona --><br \/>\n<ins class=\"adsbygoogle\"\nstyle=\"display:block\"\ndata-ad-client=\"ca-pub-6943679897239327\"\ndata-ad-slot=\"7048180777\"\ndata-ad-format=\"auto\"><\/ins><br \/>\n<script>\n(adsbygoogle = window.adsbygoogle || []).push({});\n<\/script><\/p>\n<p>En estos tres lotes, las tareas a llevar a cabo tienen que ver con la instalaci\u00f3n del escenario y de los elementos que delimitan el espacio esc\u00e9nico, la realizaci\u00f3n de todas las pruebas de sonido e iluminaci\u00f3n para el correcto desarrollo del evento, la seguridad del espacio durante las 24 horas del d\u00eda, la recepci\u00f3n y atenci\u00f3n a los artistas que act\u00faen cada d\u00eda, entre otras.<\/p>\n<p>Por \u00faltimo, el cuarto lote est\u00e1 vinculado a la sonorizaci\u00f3n de actos como el Chupinazo, los encierros y el Pobre de M\u00ed, que se celebran en el entorno de la Plaza Consistorial y las calles adyacentes, as\u00ed como la sonorizaci\u00f3n de los actos protocolarios que acoja el Ayuntamiento de Pamplona. El presupuesto de este lote es de 31.762,50 euros.<\/p>\n","protected":false},"excerpt":{"rendered":"<p>Asimismo, se licita la sonorizaci\u00f3n de eventos como el Chupinazo, los encierros, el Pobre de M\u00ed o los actos protocolarios en la Casa Consistorial<\/p>\n","protected":false},"author":1,"featured_media":40354,"comment_status":"open","ping_status":"closed","sticky":false,"template":"","format":"standard","meta":{"footnotes":""},"categories":[2,9406],"tags":[],"class_list":["post-40353","post","type-post","status-publish","format-standard","has-post-thumbnail","hentry","category-ayuntamiento-pamplona","category-san-fermin"],"yoast_head":"<!-- This site is optimized with the Yoast SEO plugin v27.3 - https:\/\/yoast.com\/product\/yoast-seo-wordpress\/ -->\n<title>El Ayuntamiento licita la producci\u00f3n, servicios t\u00e9cnicos e infraestructuras de los escenarios de Sarasate, plaza de los Fueros y plaza de la Compa\u00f1\u00eda durante Sanfermines<\/title>\n<meta name=\"description\" content=\"Asimismo, se licita la sonorizaci\u00f3n de eventos como el Chupinazo, los encierros, el Pobre de M\u00ed o los actos protocolarios en la Casa Consistorial\" \/>\n<meta name=\"robots\" content=\"index, follow, max-snippet:-1, max-image-preview:large, max-video-preview:-1\" \/>\n<link rel=\"canonical\" href=\"https:\/\/www.laguiadepamplona.com\/actualidad\/el-ayuntamiento-licita-la-produccion-servicios-tecnicos-e-infraestructuras-de-los-escenarios-de-sarasate-plaza-de-los-fueros-y-plaza-de-la-compania-durante-sanfermines\/\" \/>\n<meta property=\"og:locale\" content=\"es_ES\" \/>\n<meta property=\"og:type\" content=\"article\" \/>\n<meta property=\"og:title\" content=\"El Ayuntamiento licita la producci\u00f3n, servicios t\u00e9cnicos e infraestructuras de los escenarios de Sarasate, plaza de los Fueros y plaza de la Compa\u00f1\u00eda durante Sanfermines\" \/>\n<meta property=\"og:description\" content=\"Asimismo, se licita la sonorizaci\u00f3n de eventos como el Chupinazo, los encierros, el Pobre de M\u00ed o los actos protocolarios en la Casa Consistorial\" \/>\n<meta property=\"og:url\" content=\"https:\/\/www.laguiadepamplona.com\/actualidad\/el-ayuntamiento-licita-la-produccion-servicios-tecnicos-e-infraestructuras-de-los-escenarios-de-sarasate-plaza-de-los-fueros-y-plaza-de-la-compania-durante-sanfermines\/\" \/>\n<meta property=\"og:site_name\" content=\"La Gu\u00eda de Pamplona\" \/>\n<meta property=\"article:publisher\" content=\"https:\/\/www.facebook.com\/laguiadepamplonacom-133175176762273\/?ref=hl\" \/>\n<meta property=\"article:published_time\" content=\"2022-05-16T15:36:13+00:00\" \/>\n<meta property=\"article:modified_time\" content=\"2023-04-11T09:48:11+00:00\" \/>\n<meta property=\"og:image\" content=\"https:\/\/www.laguiadepamplona.com\/actualidad\/wp-content\/uploads\/2022\/05\/escenario-plaza-fueros-sanfermines.webp\" \/>\n\t<meta property=\"og:image:width\" content=\"1920\" \/>\n\t<meta property=\"og:image:height\" content=\"1280\" \/>\n\t<meta property=\"og:image:type\" content=\"image\/webp\" \/>\n<meta name=\"author\" content=\"La Gu\u00eda de Pamplona\" \/>\n<meta name=\"twitter:card\" content=\"summary_large_image\" \/>\n<meta name=\"twitter:creator\" content=\"@LaGuiadPamplona\" \/>\n<meta name=\"twitter:site\" content=\"@LaGuiadPamplona\" \/>\n<meta name=\"twitter:label1\" content=\"Escrito por\" \/>\n\t<meta name=\"twitter:data1\" content=\"La Gu\u00eda de Pamplona\" \/>\n\t<meta name=\"twitter:label2\" content=\"Tiempo de lectura\" \/>\n\t<meta name=\"twitter:data2\" content=\"2 minutos\" \/>\n<script type=\"application\/ld+json\" class=\"yoast-schema-graph\">{\"@context\":\"https:\\\/\\\/schema.org\",\"@graph\":[{\"@type\":\"Article\",\"@id\":\"https:\\\/\\\/www.laguiadepamplona.com\\\/actualidad\\\/el-ayuntamiento-licita-la-produccion-servicios-tecnicos-e-infraestructuras-de-los-escenarios-de-sarasate-plaza-de-los-fueros-y-plaza-de-la-compania-durante-sanfermines\\\/#article\",\"isPartOf\":{\"@id\":\"https:\\\/\\\/www.laguiadepamplona.com\\\/actualidad\\\/el-ayuntamiento-licita-la-produccion-servicios-tecnicos-e-infraestructuras-de-los-escenarios-de-sarasate-plaza-de-los-fueros-y-plaza-de-la-compania-durante-sanfermines\\\/\"},\"author\":{\"name\":\"La Gu\u00eda de Pamplona\",\"@id\":\"https:\\\/\\\/www.laguiadepamplona.com\\\/actualidad\\\/#\\\/schema\\\/person\\\/efe887376f0213d4657c93adc50b1fdb\"},\"headline\":\"El Ayuntamiento licita la producci\u00f3n, servicios t\u00e9cnicos e infraestructuras de los escenarios de Sarasate, plaza de los Fueros y plaza de la Compa\u00f1\u00eda durante Sanfermines\",\"datePublished\":\"2022-05-16T15:36:13+00:00\",\"dateModified\":\"2023-04-11T09:48:11+00:00\",\"mainEntityOfPage\":{\"@id\":\"https:\\\/\\\/www.laguiadepamplona.com\\\/actualidad\\\/el-ayuntamiento-licita-la-produccion-servicios-tecnicos-e-infraestructuras-de-los-escenarios-de-sarasate-plaza-de-los-fueros-y-plaza-de-la-compania-durante-sanfermines\\\/\"},\"wordCount\":464,\"commentCount\":0,\"publisher\":{\"@id\":\"https:\\\/\\\/www.laguiadepamplona.com\\\/actualidad\\\/#organization\"},\"image\":{\"@id\":\"https:\\\/\\\/www.laguiadepamplona.com\\\/actualidad\\\/el-ayuntamiento-licita-la-produccion-servicios-tecnicos-e-infraestructuras-de-los-escenarios-de-sarasate-plaza-de-los-fueros-y-plaza-de-la-compania-durante-sanfermines\\\/#primaryimage\"},\"thumbnailUrl\":\"https:\\\/\\\/www.laguiadepamplona.com\\\/actualidad\\\/wp-content\\\/uploads\\\/2022\\\/05\\\/escenario-plaza-fueros-sanfermines.webp\",\"articleSection\":[\"Ayto Pamplona\",\"San Ferm\u00edn\"],\"inLanguage\":\"es\",\"potentialAction\":[{\"@type\":\"CommentAction\",\"name\":\"Comment\",\"target\":[\"https:\\\/\\\/www.laguiadepamplona.com\\\/actualidad\\\/el-ayuntamiento-licita-la-produccion-servicios-tecnicos-e-infraestructuras-de-los-escenarios-de-sarasate-plaza-de-los-fueros-y-plaza-de-la-compania-durante-sanfermines\\\/#respond\"]}]},{\"@type\":\"WebPage\",\"@id\":\"https:\\\/\\\/www.laguiadepamplona.com\\\/actualidad\\\/el-ayuntamiento-licita-la-produccion-servicios-tecnicos-e-infraestructuras-de-los-escenarios-de-sarasate-plaza-de-los-fueros-y-plaza-de-la-compania-durante-sanfermines\\\/\",\"url\":\"https:\\\/\\\/www.laguiadepamplona.com\\\/actualidad\\\/el-ayuntamiento-licita-la-produccion-servicios-tecnicos-e-infraestructuras-de-los-escenarios-de-sarasate-plaza-de-los-fueros-y-plaza-de-la-compania-durante-sanfermines\\\/\",\"name\":\"El Ayuntamiento licita la producci\u00f3n, servicios t\u00e9cnicos e infraestructuras de los escenarios de Sarasate, plaza de los Fueros y plaza de la Compa\u00f1\u00eda durante Sanfermines\",\"isPartOf\":{\"@id\":\"https:\\\/\\\/www.laguiadepamplona.com\\\/actualidad\\\/#website\"},\"primaryImageOfPage\":{\"@id\":\"https:\\\/\\\/www.laguiadepamplona.com\\\/actualidad\\\/el-ayuntamiento-licita-la-produccion-servicios-tecnicos-e-infraestructuras-de-los-escenarios-de-sarasate-plaza-de-los-fueros-y-plaza-de-la-compania-durante-sanfermines\\\/#primaryimage\"},\"image\":{\"@id\":\"https:\\\/\\\/www.laguiadepamplona.com\\\/actualidad\\\/el-ayuntamiento-licita-la-produccion-servicios-tecnicos-e-infraestructuras-de-los-escenarios-de-sarasate-plaza-de-los-fueros-y-plaza-de-la-compania-durante-sanfermines\\\/#primaryimage\"},\"thumbnailUrl\":\"https:\\\/\\\/www.laguiadepamplona.com\\\/actualidad\\\/wp-content\\\/uploads\\\/2022\\\/05\\\/escenario-plaza-fueros-sanfermines.webp\",\"datePublished\":\"2022-05-16T15:36:13+00:00\",\"dateModified\":\"2023-04-11T09:48:11+00:00\",\"description\":\"Asimismo, se licita la sonorizaci\u00f3n de eventos como el Chupinazo, los encierros, el Pobre de M\u00ed o los actos protocolarios en la Casa Consistorial\",\"breadcrumb\":{\"@id\":\"https:\\\/\\\/www.laguiadepamplona.com\\\/actualidad\\\/el-ayuntamiento-licita-la-produccion-servicios-tecnicos-e-infraestructuras-de-los-escenarios-de-sarasate-plaza-de-los-fueros-y-plaza-de-la-compania-durante-sanfermines\\\/#breadcrumb\"},\"inLanguage\":\"es\",\"potentialAction\":[{\"@type\":\"ReadAction\",\"target\":[\"https:\\\/\\\/www.laguiadepamplona.com\\\/actualidad\\\/el-ayuntamiento-licita-la-produccion-servicios-tecnicos-e-infraestructuras-de-los-escenarios-de-sarasate-plaza-de-los-fueros-y-plaza-de-la-compania-durante-sanfermines\\\/\"]}]},{\"@type\":\"ImageObject\",\"inLanguage\":\"es\",\"@id\":\"https:\\\/\\\/www.laguiadepamplona.com\\\/actualidad\\\/el-ayuntamiento-licita-la-produccion-servicios-tecnicos-e-infraestructuras-de-los-escenarios-de-sarasate-plaza-de-los-fueros-y-plaza-de-la-compania-durante-sanfermines\\\/#primaryimage\",\"url\":\"https:\\\/\\\/www.laguiadepamplona.com\\\/actualidad\\\/wp-content\\\/uploads\\\/2022\\\/05\\\/escenario-plaza-fueros-sanfermines.webp\",\"contentUrl\":\"https:\\\/\\\/www.laguiadepamplona.com\\\/actualidad\\\/wp-content\\\/uploads\\\/2022\\\/05\\\/escenario-plaza-fueros-sanfermines.webp\",\"width\":1920,\"height\":1280},{\"@type\":\"BreadcrumbList\",\"@id\":\"https:\\\/\\\/www.laguiadepamplona.com\\\/actualidad\\\/el-ayuntamiento-licita-la-produccion-servicios-tecnicos-e-infraestructuras-de-los-escenarios-de-sarasate-plaza-de-los-fueros-y-plaza-de-la-compania-durante-sanfermines\\\/#breadcrumb\",\"itemListElement\":[{\"@type\":\"ListItem\",\"position\":1,\"name\":\"Portada\",\"item\":\"https:\\\/\\\/www.laguiadepamplona.com\\\/actualidad\\\/\"},{\"@type\":\"ListItem\",\"position\":2,\"name\":\"El Ayuntamiento licita la producci\u00f3n, servicios t\u00e9cnicos e infraestructuras de los escenarios de Sarasate, plaza de los Fueros y plaza de la Compa\u00f1\u00eda durante Sanfermines\"}]},{\"@type\":\"WebSite\",\"@id\":\"https:\\\/\\\/www.laguiadepamplona.com\\\/actualidad\\\/#website\",\"url\":\"https:\\\/\\\/www.laguiadepamplona.com\\\/actualidad\\\/\",\"name\":\"La gu\u00eda de Pamplona\",\"description\":\"Noticias de Pamplona\",\"publisher\":{\"@id\":\"https:\\\/\\\/www.laguiadepamplona.com\\\/actualidad\\\/#organization\"},\"potentialAction\":[{\"@type\":\"SearchAction\",\"target\":{\"@type\":\"EntryPoint\",\"urlTemplate\":\"https:\\\/\\\/www.laguiadepamplona.com\\\/actualidad\\\/?s={search_term_string}\"},\"query-input\":{\"@type\":\"PropertyValueSpecification\",\"valueRequired\":true,\"valueName\":\"search_term_string\"}}],\"inLanguage\":\"es\"},{\"@type\":\"Organization\",\"@id\":\"https:\\\/\\\/www.laguiadepamplona.com\\\/actualidad\\\/#organization\",\"name\":\"La Gu\u00eda de Pamplona \\\/ Noticias\",\"url\":\"https:\\\/\\\/www.laguiadepamplona.com\\\/actualidad\\\/\",\"logo\":{\"@type\":\"ImageObject\",\"inLanguage\":\"es\",\"@id\":\"https:\\\/\\\/www.laguiadepamplona.com\\\/actualidad\\\/#\\\/schema\\\/logo\\\/image\\\/\",\"url\":\"https:\\\/\\\/www.laguiadepamplona.com\\\/actualidad\\\/wp-content\\\/uploads\\\/2018\\\/11\\\/logo-laguiadepamplona18-web1.png\",\"contentUrl\":\"https:\\\/\\\/www.laguiadepamplona.com\\\/actualidad\\\/wp-content\\\/uploads\\\/2018\\\/11\\\/logo-laguiadepamplona18-web1.png\",\"width\":600,\"height\":196,\"caption\":\"La Gu\u00eda de Pamplona \\\/ Noticias\"},\"image\":{\"@id\":\"https:\\\/\\\/www.laguiadepamplona.com\\\/actualidad\\\/#\\\/schema\\\/logo\\\/image\\\/\"},\"sameAs\":[\"https:\\\/\\\/www.facebook.com\\\/laguiadepamplonacom-133175176762273\\\/?ref=hl\",\"https:\\\/\\\/x.com\\\/LaGuiadPamplona\",\"https:\\\/\\\/www.instagram.com\\\/la_guia_de_pamplona\\\/\",\"https:\\\/\\\/www.youtube.com\\\/user\\\/laguiadepamplona\"]},{\"@type\":\"Person\",\"@id\":\"https:\\\/\\\/www.laguiadepamplona.com\\\/actualidad\\\/#\\\/schema\\\/person\\\/efe887376f0213d4657c93adc50b1fdb\",\"name\":\"La Gu\u00eda de Pamplona\",\"image\":{\"@type\":\"ImageObject\",\"inLanguage\":\"es\",\"@id\":\"https:\\\/\\\/secure.gravatar.com\\\/avatar\\\/b6992f131dc8d30ab0dff15446e9d346d9dbd95992de0fef795073f5ea83a81c?s=96&d=mm&r=g\",\"url\":\"https:\\\/\\\/secure.gravatar.com\\\/avatar\\\/b6992f131dc8d30ab0dff15446e9d346d9dbd95992de0fef795073f5ea83a81c?s=96&d=mm&r=g\",\"contentUrl\":\"https:\\\/\\\/secure.gravatar.com\\\/avatar\\\/b6992f131dc8d30ab0dff15446e9d346d9dbd95992de0fef795073f5ea83a81c?s=96&d=mm&r=g\",\"caption\":\"La Gu\u00eda de Pamplona\"}}]}<\/script>\n<!-- \/ Yoast SEO plugin. -->","yoast_head_json":{"title":"El Ayuntamiento licita la producci\u00f3n, servicios t\u00e9cnicos e infraestructuras de los escenarios de Sarasate, plaza de los Fueros y plaza de la Compa\u00f1\u00eda durante Sanfermines","description":"Asimismo, se licita la sonorizaci\u00f3n de eventos como el Chupinazo, los encierros, el Pobre de M\u00ed o los actos protocolarios en la Casa Consistorial","robots":{"index":"index","follow":"follow","max-snippet":"max-snippet:-1","max-image-preview":"max-image-preview:large","max-video-preview":"max-video-preview:-1"},"canonical":"https:\/\/www.laguiadepamplona.com\/actualidad\/el-ayuntamiento-licita-la-produccion-servicios-tecnicos-e-infraestructuras-de-los-escenarios-de-sarasate-plaza-de-los-fueros-y-plaza-de-la-compania-durante-sanfermines\/","og_locale":"es_ES","og_type":"article","og_title":"El Ayuntamiento licita la producci\u00f3n, servicios t\u00e9cnicos e infraestructuras de los escenarios de Sarasate, plaza de los Fueros y plaza de la Compa\u00f1\u00eda durante Sanfermines","og_description":"Asimismo, se licita la sonorizaci\u00f3n de eventos como el Chupinazo, los encierros, el Pobre de M\u00ed o los actos protocolarios en la Casa Consistorial","og_url":"https:\/\/www.laguiadepamplona.com\/actualidad\/el-ayuntamiento-licita-la-produccion-servicios-tecnicos-e-infraestructuras-de-los-escenarios-de-sarasate-plaza-de-los-fueros-y-plaza-de-la-compania-durante-sanfermines\/","og_site_name":"La Gu\u00eda de Pamplona","article_publisher":"https:\/\/www.facebook.com\/laguiadepamplonacom-133175176762273\/?ref=hl","article_published_time":"2022-05-16T15:36:13+00:00","article_modified_time":"2023-04-11T09:48:11+00:00","og_image":[{"width":1920,"height":1280,"url":"https:\/\/www.laguiadepamplona.com\/actualidad\/wp-content\/uploads\/2022\/05\/escenario-plaza-fueros-sanfermines.webp","type":"image\/webp"}],"author":"La Gu\u00eda de Pamplona","twitter_card":"summary_large_image","twitter_creator":"@LaGuiadPamplona","twitter_site":"@LaGuiadPamplona","twitter_misc":{"Escrito por":"La Gu\u00eda de Pamplona","Tiempo de lectura":"2 minutos"},"schema":{"@context":"https:\/\/schema.org","@graph":[{"@type":"Article","@id":"https:\/\/www.laguiadepamplona.com\/actualidad\/el-ayuntamiento-licita-la-produccion-servicios-tecnicos-e-infraestructuras-de-los-escenarios-de-sarasate-plaza-de-los-fueros-y-plaza-de-la-compania-durante-sanfermines\/#article","isPartOf":{"@id":"https:\/\/www.laguiadepamplona.com\/actualidad\/el-ayuntamiento-licita-la-produccion-servicios-tecnicos-e-infraestructuras-de-los-escenarios-de-sarasate-plaza-de-los-fueros-y-plaza-de-la-compania-durante-sanfermines\/"},"author":{"name":"La Gu\u00eda de Pamplona","@id":"https:\/\/www.laguiadepamplona.com\/actualidad\/#\/schema\/person\/efe887376f0213d4657c93adc50b1fdb"},"headline":"El Ayuntamiento licita la producci\u00f3n, servicios t\u00e9cnicos e infraestructuras de los escenarios de Sarasate, plaza de los Fueros y plaza de la Compa\u00f1\u00eda durante Sanfermines","datePublished":"2022-05-16T15:36:13+00:00","dateModified":"2023-04-11T09:48:11+00:00","mainEntityOfPage":{"@id":"https:\/\/www.laguiadepamplona.com\/actualidad\/el-ayuntamiento-licita-la-produccion-servicios-tecnicos-e-infraestructuras-de-los-escenarios-de-sarasate-plaza-de-los-fueros-y-plaza-de-la-compania-durante-sanfermines\/"},"wordCount":464,"commentCount":0,"publisher":{"@id":"https:\/\/www.laguiadepamplona.com\/actualidad\/#organization"},"image":{"@id":"https:\/\/www.laguiadepamplona.com\/actualidad\/el-ayuntamiento-licita-la-produccion-servicios-tecnicos-e-infraestructuras-de-los-escenarios-de-sarasate-plaza-de-los-fueros-y-plaza-de-la-compania-durante-sanfermines\/#primaryimage"},"thumbnailUrl":"https:\/\/www.laguiadepamplona.com\/actualidad\/wp-content\/uploads\/2022\/05\/escenario-plaza-fueros-sanfermines.webp","articleSection":["Ayto Pamplona","San Ferm\u00edn"],"inLanguage":"es","potentialAction":[{"@type":"CommentAction","name":"Comment","target":["https:\/\/www.laguiadepamplona.com\/actualidad\/el-ayuntamiento-licita-la-produccion-servicios-tecnicos-e-infraestructuras-de-los-escenarios-de-sarasate-plaza-de-los-fueros-y-plaza-de-la-compania-durante-sanfermines\/#respond"]}]},{"@type":"WebPage","@id":"https:\/\/www.laguiadepamplona.com\/actualidad\/el-ayuntamiento-licita-la-produccion-servicios-tecnicos-e-infraestructuras-de-los-escenarios-de-sarasate-plaza-de-los-fueros-y-plaza-de-la-compania-durante-sanfermines\/","url":"https:\/\/www.laguiadepamplona.com\/actualidad\/el-ayuntamiento-licita-la-produccion-servicios-tecnicos-e-infraestructuras-de-los-escenarios-de-sarasate-plaza-de-los-fueros-y-plaza-de-la-compania-durante-sanfermines\/","name":"El Ayuntamiento licita la producci\u00f3n, servicios t\u00e9cnicos e infraestructuras de los escenarios de Sarasate, plaza de los Fueros y plaza de la Compa\u00f1\u00eda durante Sanfermines","isPartOf":{"@id":"https:\/\/www.laguiadepamplona.com\/actualidad\/#website"},"primaryImageOfPage":{"@id":"https:\/\/www.laguiadepamplona.com\/actualidad\/el-ayuntamiento-licita-la-produccion-servicios-tecnicos-e-infraestructuras-de-los-escenarios-de-sarasate-plaza-de-los-fueros-y-plaza-de-la-compania-durante-sanfermines\/#primaryimage"},"image":{"@id":"https:\/\/www.laguiadepamplona.com\/actualidad\/el-ayuntamiento-licita-la-produccion-servicios-tecnicos-e-infraestructuras-de-los-escenarios-de-sarasate-plaza-de-los-fueros-y-plaza-de-la-compania-durante-sanfermines\/#primaryimage"},"thumbnailUrl":"https:\/\/www.laguiadepamplona.com\/actualidad\/wp-content\/uploads\/2022\/05\/escenario-plaza-fueros-sanfermines.webp","datePublished":"2022-05-16T15:36:13+00:00","dateModified":"2023-04-11T09:48:11+00:00","description":"Asimismo, se licita la sonorizaci\u00f3n de eventos como el Chupinazo, los encierros, el Pobre de M\u00ed o los actos protocolarios en la Casa Consistorial","breadcrumb":{"@id":"https:\/\/www.laguiadepamplona.com\/actualidad\/el-ayuntamiento-licita-la-produccion-servicios-tecnicos-e-infraestructuras-de-los-escenarios-de-sarasate-plaza-de-los-fueros-y-plaza-de-la-compania-durante-sanfermines\/#breadcrumb"},"inLanguage":"es","potentialAction":[{"@type":"ReadAction","target":["https:\/\/www.laguiadepamplona.com\/actualidad\/el-ayuntamiento-licita-la-produccion-servicios-tecnicos-e-infraestructuras-de-los-escenarios-de-sarasate-plaza-de-los-fueros-y-plaza-de-la-compania-durante-sanfermines\/"]}]},{"@type":"ImageObject","inLanguage":"es","@id":"https:\/\/www.laguiadepamplona.com\/actualidad\/el-ayuntamiento-licita-la-produccion-servicios-tecnicos-e-infraestructuras-de-los-escenarios-de-sarasate-plaza-de-los-fueros-y-plaza-de-la-compania-durante-sanfermines\/#primaryimage","url":"https:\/\/www.laguiadepamplona.com\/actualidad\/wp-content\/uploads\/2022\/05\/escenario-plaza-fueros-sanfermines.webp","contentUrl":"https:\/\/www.laguiadepamplona.com\/actualidad\/wp-content\/uploads\/2022\/05\/escenario-plaza-fueros-sanfermines.webp","width":1920,"height":1280},{"@type":"BreadcrumbList","@id":"https:\/\/www.laguiadepamplona.com\/actualidad\/el-ayuntamiento-licita-la-produccion-servicios-tecnicos-e-infraestructuras-de-los-escenarios-de-sarasate-plaza-de-los-fueros-y-plaza-de-la-compania-durante-sanfermines\/#breadcrumb","itemListElement":[{"@type":"ListItem","position":1,"name":"Portada","item":"https:\/\/www.laguiadepamplona.com\/actualidad\/"},{"@type":"ListItem","position":2,"name":"El Ayuntamiento licita la producci\u00f3n, servicios t\u00e9cnicos e infraestructuras de los escenarios de Sarasate, plaza de los Fueros y plaza de la Compa\u00f1\u00eda durante Sanfermines"}]},{"@type":"WebSite","@id":"https:\/\/www.laguiadepamplona.com\/actualidad\/#website","url":"https:\/\/www.laguiadepamplona.com\/actualidad\/","name":"La gu\u00eda de Pamplona","description":"Noticias de Pamplona","publisher":{"@id":"https:\/\/www.laguiadepamplona.com\/actualidad\/#organization"},"potentialAction":[{"@type":"SearchAction","target":{"@type":"EntryPoint","urlTemplate":"https:\/\/www.laguiadepamplona.com\/actualidad\/?s={search_term_string}"},"query-input":{"@type":"PropertyValueSpecification","valueRequired":true,"valueName":"search_term_string"}}],"inLanguage":"es"},{"@type":"Organization","@id":"https:\/\/www.laguiadepamplona.com\/actualidad\/#organization","name":"La Gu\u00eda de Pamplona \/ Noticias","url":"https:\/\/www.laguiadepamplona.com\/actualidad\/","logo":{"@type":"ImageObject","inLanguage":"es","@id":"https:\/\/www.laguiadepamplona.com\/actualidad\/#\/schema\/logo\/image\/","url":"https:\/\/www.laguiadepamplona.com\/actualidad\/wp-content\/uploads\/2018\/11\/logo-laguiadepamplona18-web1.png","contentUrl":"https:\/\/www.laguiadepamplona.com\/actualidad\/wp-content\/uploads\/2018\/11\/logo-laguiadepamplona18-web1.png","width":600,"height":196,"caption":"La Gu\u00eda de Pamplona \/ Noticias"},"image":{"@id":"https:\/\/www.laguiadepamplona.com\/actualidad\/#\/schema\/logo\/image\/"},"sameAs":["https:\/\/www.facebook.com\/laguiadepamplonacom-133175176762273\/?ref=hl","https:\/\/x.com\/LaGuiadPamplona","https:\/\/www.instagram.com\/la_guia_de_pamplona\/","https:\/\/www.youtube.com\/user\/laguiadepamplona"]},{"@type":"Person","@id":"https:\/\/www.laguiadepamplona.com\/actualidad\/#\/schema\/person\/efe887376f0213d4657c93adc50b1fdb","name":"La Gu\u00eda de Pamplona","image":{"@type":"ImageObject","inLanguage":"es","@id":"https:\/\/secure.gravatar.com\/avatar\/b6992f131dc8d30ab0dff15446e9d346d9dbd95992de0fef795073f5ea83a81c?s=96&d=mm&r=g","url":"https:\/\/secure.gravatar.com\/avatar\/b6992f131dc8d30ab0dff15446e9d346d9dbd95992de0fef795073f5ea83a81c?s=96&d=mm&r=g","contentUrl":"https:\/\/secure.gravatar.com\/avatar\/b6992f131dc8d30ab0dff15446e9d346d9dbd95992de0fef795073f5ea83a81c?s=96&d=mm&r=g","caption":"La Gu\u00eda de Pamplona"}}]}},"post_mailing_queue_ids":[],"_links":{"self":[{"href":"https:\/\/www.laguiadepamplona.com\/actualidad\/wp-json\/wp\/v2\/posts\/40353","targetHints":{"allow":["GET"]}}],"collection":[{"href":"https:\/\/www.laguiadepamplona.com\/actualidad\/wp-json\/wp\/v2\/posts"}],"about":[{"href":"https:\/\/www.laguiadepamplona.com\/actualidad\/wp-json\/wp\/v2\/types\/post"}],"author":[{"embeddable":true,"href":"https:\/\/www.laguiadepamplona.com\/actualidad\/wp-json\/wp\/v2\/users\/1"}],"replies":[{"embeddable":true,"href":"https:\/\/www.laguiadepamplona.com\/actualidad\/wp-json\/wp\/v2\/comments?post=40353"}],"version-history":[{"count":0,"href":"https:\/\/www.laguiadepamplona.com\/actualidad\/wp-json\/wp\/v2\/posts\/40353\/revisions"}],"wp:featuredmedia":[{"embeddable":true,"href":"https:\/\/www.laguiadepamplona.com\/actualidad\/wp-json\/wp\/v2\/media\/40354"}],"wp:attachment":[{"href":"https:\/\/www.laguiadepamplona.com\/actualidad\/wp-json\/wp\/v2\/media?parent=40353"}],"wp:term":[{"taxonomy":"category","embeddable":true,"href":"https:\/\/www.laguiadepamplona.com\/actualidad\/wp-json\/wp\/v2\/categories?post=40353"},{"taxonomy":"post_tag","embeddable":true,"href":"https:\/\/www.laguiadepamplona.com\/actualidad\/wp-json\/wp\/v2\/tags?post=40353"}],"curies":[{"name":"wp","href":"https:\/\/api.w.org\/{rel}","templated":true}]}}