{"id":40350,"date":"2022-05-16T12:14:19","date_gmt":"2022-05-16T10:14:19","guid":{"rendered":"https:\/\/www.laguiadepamplona.com\/actualidad\/?p=40350"},"modified":"2023-04-11T11:48:11","modified_gmt":"2023-04-11T09:48:11","slug":"pamplona-expone-su-plan-de-entornos-escolares-seguros-en-el-x-seminario-de-movilidad-e-infancia-celebrado-en-segovia-la-semana-pasada","status":"publish","type":"post","link":"https:\/\/www.laguiadepamplona.com\/actualidad\/pamplona-expone-su-plan-de-entornos-escolares-seguros-en-el-x-seminario-de-movilidad-e-infancia-celebrado-en-segovia-la-semana-pasada\/","title":{"rendered":"Pamplona expone su Plan de Entornos Escolares Seguros en el X Seminario de Movilidad e Infancia celebrado en Segovia la semana pasada"},"content":{"rendered":"<h5>Con financiaci\u00f3n de los fondos europeos Next Generation EU, se prev\u00e9n actuaciones en los entornos de 60 centros educativos de todos los barrios<\/h5>\n<p><!--more--><\/p>\n<p>El concejal delegado de Seguridad Ciudadana, Javier Labairu, particip\u00f3 la semana pasada en el X Seminario de Movilidad e Infancia celebrado en el Centro Nacional de Educaci\u00f3n Ambiental (CENEAM) en Valsa\u00edn (Segovia). Pamplona expuso en este foro su planificaci\u00f3n para seguir generando entornos escolares seguros, con actuaciones y medidas para potenciar la seguridad en los centros educativos de la ciudad.<br \/>\n<script async src=\"\/\/pagead2.googlesyndication.com\/pagead\/js\/adsbygoogle.js\"><\/script><br \/>\n<!-- Noticias La Guia de Pamplona --><br \/>\n<ins class=\"adsbygoogle\"\nstyle=\"display:block\"\ndata-ad-client=\"ca-pub-6943679897239327\"\ndata-ad-slot=\"7048180777\"\ndata-ad-format=\"auto\"><\/ins><br \/>\n<script>\n(adsbygoogle = window.adsbygoogle || []).push({});\n<\/script><\/p>\n<p>La presentaci\u00f3n de esa planificaci\u00f3n tuvo lugar en una mesa redonda en la que tambi\u00e9n participaron representantes de la Direcci\u00f3n General de Tr\u00e1fico, de la Diputaci\u00f3n de Granada, del Ayuntamiento de Barcelona, del Gobierno de Arag\u00f3n y del Parlamento Vasco. El seminario pretend\u00eda favorecer el conocimiento de las diferentes experiencias y modelos de trabajo que se est\u00e1n desarrollando en el \u00e1mbito de los programas de movilidad infantil urbana. En el evento, participaron representantes de ayuntamientos, entidades, centros educativos, empresas consultoras y ONG, implicados en programas de movilidad infantil o que est\u00e9n desarrollando programas educativos o de participaci\u00f3n centrados en la mejora de la movilidad urbana y la autonom\u00eda infantil.<\/p>\n<p>El Plan de Entornos Escolares Seguros del Ayuntamiento de Pamplona ha obtenido financiaci\u00f3n europea de los fondos Next Generation EU, a trav\u00e9s de una de las convocatorias de Plan de Recuperaci\u00f3n, Transformaci\u00f3n y Resiliencia del Gobierno de Espa\u00f1a. Pamplona ha obtenido 307.041,32 euros para llevar a cabo acciones en 60 centros educativos de todos los barrios de la ciudad. El Ayuntamiento lleva ya varios a\u00f1os acometiendo actuaciones de este tipo. En su d\u00eda se analizaron 386 zonas y pasos de peatones en las cercan\u00edas de los colegios de la ciudad y se establecieron diferentes proyectos individuales para los centros.<br \/>\n<script async src=\"\/\/pagead2.googlesyndication.com\/pagead\/js\/adsbygoogle.js\"><\/script><br \/>\n<!-- Noticias La Guia de Pamplona --><br \/>\n<ins class=\"adsbygoogle\"\nstyle=\"display:block\"\ndata-ad-client=\"ca-pub-6943679897239327\"\ndata-ad-slot=\"7048180777\"\ndata-ad-format=\"auto\"><\/ins><br \/>\n<script>\n(adsbygoogle = window.adsbygoogle || []).push({});\n<\/script><\/p>\n<p>Las medidas concretas que se llevan a cabo van desde la ampliaci\u00f3n de aceras y reducci\u00f3n de la longitud de los pasos de peatones a la mejora de la visibilidad peatonal y la protecci\u00f3n con vallas de la intersecci\u00f3n con la calzada. Adem\u00e1s, se pueden incluir elementos de calmado de tr\u00e1fico, sustituir las zonas de aparcamiento que se encuentren en el entorno escolar por \u00e1reas estanciales y de juego, o la limitaci\u00f3n del aparcamiento y el tr\u00e1fico en las calles del entorno y, muy especialmente, en las inmediaciones de las entradas a los centros. Por \u00faltimo, se suele instalar se\u00f1alizaci\u00f3n que facilite la vigilancia para hacer cumplir estrictamente la normativa vial a la entrada y salida de estudiantes para que el entorno escolar sea un espacio seguro y de convivencia.<\/p>\n","protected":false},"excerpt":{"rendered":"<p>Con financiaci\u00f3n de los fondos europeos Next Generation EU, se prev\u00e9n actuaciones en los entornos de 60 centros educativos de todos los barrios<\/p>\n","protected":false},"author":1,"featured_media":40351,"comment_status":"open","ping_status":"closed","sticky":false,"template":"","format":"standard","meta":{"footnotes":""},"categories":[2],"tags":[],"class_list":["post-40350","post","type-post","status-publish","format-standard","has-post-thumbnail","hentry","category-ayuntamiento-pamplona"],"yoast_head":"<!-- This site is optimized with the Yoast SEO plugin v27.3 - https:\/\/yoast.com\/product\/yoast-seo-wordpress\/ -->\n<title>Pamplona expone su Plan de Entornos Escolares Seguros en el X Seminario de Movilidad e Infancia celebrado en Segovia la semana pasada<\/title>\n<meta name=\"description\" content=\"Con financiaci\u00f3n de los fondos europeos Next Generation EU, se prev\u00e9n actuaciones en los entornos de 60 centros educativos de todos los barrios\" \/>\n<meta name=\"robots\" content=\"index, follow, max-snippet:-1, max-image-preview:large, max-video-preview:-1\" \/>\n<link rel=\"canonical\" href=\"https:\/\/www.laguiadepamplona.com\/actualidad\/pamplona-expone-su-plan-de-entornos-escolares-seguros-en-el-x-seminario-de-movilidad-e-infancia-celebrado-en-segovia-la-semana-pasada\/\" \/>\n<meta property=\"og:locale\" content=\"es_ES\" \/>\n<meta property=\"og:type\" content=\"article\" \/>\n<meta property=\"og:title\" content=\"Pamplona expone su Plan de Entornos Escolares Seguros en el X Seminario de Movilidad e Infancia celebrado en Segovia la semana pasada\" \/>\n<meta property=\"og:description\" content=\"Con financiaci\u00f3n de los fondos europeos Next Generation EU, se prev\u00e9n actuaciones en los entornos de 60 centros educativos de todos los barrios\" \/>\n<meta property=\"og:url\" content=\"https:\/\/www.laguiadepamplona.com\/actualidad\/pamplona-expone-su-plan-de-entornos-escolares-seguros-en-el-x-seminario-de-movilidad-e-infancia-celebrado-en-segovia-la-semana-pasada\/\" \/>\n<meta property=\"og:site_name\" content=\"La Gu\u00eda de Pamplona\" \/>\n<meta property=\"article:publisher\" content=\"https:\/\/www.facebook.com\/laguiadepamplonacom-133175176762273\/?ref=hl\" \/>\n<meta property=\"article:published_time\" content=\"2022-05-16T10:14:19+00:00\" \/>\n<meta property=\"article:modified_time\" content=\"2023-04-11T09:48:11+00:00\" \/>\n<meta property=\"og:image\" content=\"https:\/\/www.laguiadepamplona.com\/actualidad\/wp-content\/uploads\/2022\/05\/plan-entornos-escolares-seguros.webp\" \/>\n\t<meta property=\"og:image:width\" content=\"1782\" \/>\n\t<meta property=\"og:image:height\" content=\"1188\" \/>\n\t<meta property=\"og:image:type\" content=\"image\/webp\" \/>\n<meta name=\"author\" content=\"La Gu\u00eda de Pamplona\" \/>\n<meta name=\"twitter:card\" content=\"summary_large_image\" \/>\n<meta name=\"twitter:creator\" content=\"@LaGuiadPamplona\" \/>\n<meta name=\"twitter:site\" content=\"@LaGuiadPamplona\" \/>\n<meta name=\"twitter:label1\" content=\"Escrito por\" \/>\n\t<meta name=\"twitter:data1\" content=\"La Gu\u00eda de Pamplona\" \/>\n\t<meta name=\"twitter:label2\" content=\"Tiempo de lectura\" \/>\n\t<meta name=\"twitter:data2\" content=\"2 minutos\" \/>\n<script type=\"application\/ld+json\" class=\"yoast-schema-graph\">{\"@context\":\"https:\\\/\\\/schema.org\",\"@graph\":[{\"@type\":\"Article\",\"@id\":\"https:\\\/\\\/www.laguiadepamplona.com\\\/actualidad\\\/pamplona-expone-su-plan-de-entornos-escolares-seguros-en-el-x-seminario-de-movilidad-e-infancia-celebrado-en-segovia-la-semana-pasada\\\/#article\",\"isPartOf\":{\"@id\":\"https:\\\/\\\/www.laguiadepamplona.com\\\/actualidad\\\/pamplona-expone-su-plan-de-entornos-escolares-seguros-en-el-x-seminario-de-movilidad-e-infancia-celebrado-en-segovia-la-semana-pasada\\\/\"},\"author\":{\"name\":\"La Gu\u00eda de Pamplona\",\"@id\":\"https:\\\/\\\/www.laguiadepamplona.com\\\/actualidad\\\/#\\\/schema\\\/person\\\/efe887376f0213d4657c93adc50b1fdb\"},\"headline\":\"Pamplona expone su Plan de Entornos Escolares Seguros en el X Seminario de Movilidad e Infancia celebrado en Segovia la semana pasada\",\"datePublished\":\"2022-05-16T10:14:19+00:00\",\"dateModified\":\"2023-04-11T09:48:11+00:00\",\"mainEntityOfPage\":{\"@id\":\"https:\\\/\\\/www.laguiadepamplona.com\\\/actualidad\\\/pamplona-expone-su-plan-de-entornos-escolares-seguros-en-el-x-seminario-de-movilidad-e-infancia-celebrado-en-segovia-la-semana-pasada\\\/\"},\"wordCount\":474,\"commentCount\":0,\"publisher\":{\"@id\":\"https:\\\/\\\/www.laguiadepamplona.com\\\/actualidad\\\/#organization\"},\"image\":{\"@id\":\"https:\\\/\\\/www.laguiadepamplona.com\\\/actualidad\\\/pamplona-expone-su-plan-de-entornos-escolares-seguros-en-el-x-seminario-de-movilidad-e-infancia-celebrado-en-segovia-la-semana-pasada\\\/#primaryimage\"},\"thumbnailUrl\":\"https:\\\/\\\/www.laguiadepamplona.com\\\/actualidad\\\/wp-content\\\/uploads\\\/2022\\\/05\\\/plan-entornos-escolares-seguros.webp\",\"articleSection\":[\"Ayto Pamplona\"],\"inLanguage\":\"es\",\"potentialAction\":[{\"@type\":\"CommentAction\",\"name\":\"Comment\",\"target\":[\"https:\\\/\\\/www.laguiadepamplona.com\\\/actualidad\\\/pamplona-expone-su-plan-de-entornos-escolares-seguros-en-el-x-seminario-de-movilidad-e-infancia-celebrado-en-segovia-la-semana-pasada\\\/#respond\"]}]},{\"@type\":\"WebPage\",\"@id\":\"https:\\\/\\\/www.laguiadepamplona.com\\\/actualidad\\\/pamplona-expone-su-plan-de-entornos-escolares-seguros-en-el-x-seminario-de-movilidad-e-infancia-celebrado-en-segovia-la-semana-pasada\\\/\",\"url\":\"https:\\\/\\\/www.laguiadepamplona.com\\\/actualidad\\\/pamplona-expone-su-plan-de-entornos-escolares-seguros-en-el-x-seminario-de-movilidad-e-infancia-celebrado-en-segovia-la-semana-pasada\\\/\",\"name\":\"Pamplona expone su Plan de Entornos Escolares Seguros en el X Seminario de Movilidad e Infancia celebrado en Segovia la semana pasada\",\"isPartOf\":{\"@id\":\"https:\\\/\\\/www.laguiadepamplona.com\\\/actualidad\\\/#website\"},\"primaryImageOfPage\":{\"@id\":\"https:\\\/\\\/www.laguiadepamplona.com\\\/actualidad\\\/pamplona-expone-su-plan-de-entornos-escolares-seguros-en-el-x-seminario-de-movilidad-e-infancia-celebrado-en-segovia-la-semana-pasada\\\/#primaryimage\"},\"image\":{\"@id\":\"https:\\\/\\\/www.laguiadepamplona.com\\\/actualidad\\\/pamplona-expone-su-plan-de-entornos-escolares-seguros-en-el-x-seminario-de-movilidad-e-infancia-celebrado-en-segovia-la-semana-pasada\\\/#primaryimage\"},\"thumbnailUrl\":\"https:\\\/\\\/www.laguiadepamplona.com\\\/actualidad\\\/wp-content\\\/uploads\\\/2022\\\/05\\\/plan-entornos-escolares-seguros.webp\",\"datePublished\":\"2022-05-16T10:14:19+00:00\",\"dateModified\":\"2023-04-11T09:48:11+00:00\",\"description\":\"Con financiaci\u00f3n de los fondos europeos Next Generation EU, se prev\u00e9n actuaciones en los entornos de 60 centros educativos de todos los barrios\",\"breadcrumb\":{\"@id\":\"https:\\\/\\\/www.laguiadepamplona.com\\\/actualidad\\\/pamplona-expone-su-plan-de-entornos-escolares-seguros-en-el-x-seminario-de-movilidad-e-infancia-celebrado-en-segovia-la-semana-pasada\\\/#breadcrumb\"},\"inLanguage\":\"es\",\"potentialAction\":[{\"@type\":\"ReadAction\",\"target\":[\"https:\\\/\\\/www.laguiadepamplona.com\\\/actualidad\\\/pamplona-expone-su-plan-de-entornos-escolares-seguros-en-el-x-seminario-de-movilidad-e-infancia-celebrado-en-segovia-la-semana-pasada\\\/\"]}]},{\"@type\":\"ImageObject\",\"inLanguage\":\"es\",\"@id\":\"https:\\\/\\\/www.laguiadepamplona.com\\\/actualidad\\\/pamplona-expone-su-plan-de-entornos-escolares-seguros-en-el-x-seminario-de-movilidad-e-infancia-celebrado-en-segovia-la-semana-pasada\\\/#primaryimage\",\"url\":\"https:\\\/\\\/www.laguiadepamplona.com\\\/actualidad\\\/wp-content\\\/uploads\\\/2022\\\/05\\\/plan-entornos-escolares-seguros.webp\",\"contentUrl\":\"https:\\\/\\\/www.laguiadepamplona.com\\\/actualidad\\\/wp-content\\\/uploads\\\/2022\\\/05\\\/plan-entornos-escolares-seguros.webp\",\"width\":1782,\"height\":1188},{\"@type\":\"BreadcrumbList\",\"@id\":\"https:\\\/\\\/www.laguiadepamplona.com\\\/actualidad\\\/pamplona-expone-su-plan-de-entornos-escolares-seguros-en-el-x-seminario-de-movilidad-e-infancia-celebrado-en-segovia-la-semana-pasada\\\/#breadcrumb\",\"itemListElement\":[{\"@type\":\"ListItem\",\"position\":1,\"name\":\"Portada\",\"item\":\"https:\\\/\\\/www.laguiadepamplona.com\\\/actualidad\\\/\"},{\"@type\":\"ListItem\",\"position\":2,\"name\":\"Pamplona expone su Plan de Entornos Escolares Seguros en el X Seminario de Movilidad e Infancia celebrado en Segovia la semana pasada\"}]},{\"@type\":\"WebSite\",\"@id\":\"https:\\\/\\\/www.laguiadepamplona.com\\\/actualidad\\\/#website\",\"url\":\"https:\\\/\\\/www.laguiadepamplona.com\\\/actualidad\\\/\",\"name\":\"La gu\u00eda de Pamplona\",\"description\":\"Noticias de Pamplona\",\"publisher\":{\"@id\":\"https:\\\/\\\/www.laguiadepamplona.com\\\/actualidad\\\/#organization\"},\"potentialAction\":[{\"@type\":\"SearchAction\",\"target\":{\"@type\":\"EntryPoint\",\"urlTemplate\":\"https:\\\/\\\/www.laguiadepamplona.com\\\/actualidad\\\/?s={search_term_string}\"},\"query-input\":{\"@type\":\"PropertyValueSpecification\",\"valueRequired\":true,\"valueName\":\"search_term_string\"}}],\"inLanguage\":\"es\"},{\"@type\":\"Organization\",\"@id\":\"https:\\\/\\\/www.laguiadepamplona.com\\\/actualidad\\\/#organization\",\"name\":\"La Gu\u00eda de Pamplona \\\/ Noticias\",\"url\":\"https:\\\/\\\/www.laguiadepamplona.com\\\/actualidad\\\/\",\"logo\":{\"@type\":\"ImageObject\",\"inLanguage\":\"es\",\"@id\":\"https:\\\/\\\/www.laguiadepamplona.com\\\/actualidad\\\/#\\\/schema\\\/logo\\\/image\\\/\",\"url\":\"https:\\\/\\\/www.laguiadepamplona.com\\\/actualidad\\\/wp-content\\\/uploads\\\/2018\\\/11\\\/logo-laguiadepamplona18-web1.png\",\"contentUrl\":\"https:\\\/\\\/www.laguiadepamplona.com\\\/actualidad\\\/wp-content\\\/uploads\\\/2018\\\/11\\\/logo-laguiadepamplona18-web1.png\",\"width\":600,\"height\":196,\"caption\":\"La Gu\u00eda de Pamplona \\\/ Noticias\"},\"image\":{\"@id\":\"https:\\\/\\\/www.laguiadepamplona.com\\\/actualidad\\\/#\\\/schema\\\/logo\\\/image\\\/\"},\"sameAs\":[\"https:\\\/\\\/www.facebook.com\\\/laguiadepamplonacom-133175176762273\\\/?ref=hl\",\"https:\\\/\\\/x.com\\\/LaGuiadPamplona\",\"https:\\\/\\\/www.instagram.com\\\/la_guia_de_pamplona\\\/\",\"https:\\\/\\\/www.youtube.com\\\/user\\\/laguiadepamplona\"]},{\"@type\":\"Person\",\"@id\":\"https:\\\/\\\/www.laguiadepamplona.com\\\/actualidad\\\/#\\\/schema\\\/person\\\/efe887376f0213d4657c93adc50b1fdb\",\"name\":\"La Gu\u00eda de Pamplona\",\"image\":{\"@type\":\"ImageObject\",\"inLanguage\":\"es\",\"@id\":\"https:\\\/\\\/secure.gravatar.com\\\/avatar\\\/b6992f131dc8d30ab0dff15446e9d346d9dbd95992de0fef795073f5ea83a81c?s=96&d=mm&r=g\",\"url\":\"https:\\\/\\\/secure.gravatar.com\\\/avatar\\\/b6992f131dc8d30ab0dff15446e9d346d9dbd95992de0fef795073f5ea83a81c?s=96&d=mm&r=g\",\"contentUrl\":\"https:\\\/\\\/secure.gravatar.com\\\/avatar\\\/b6992f131dc8d30ab0dff15446e9d346d9dbd95992de0fef795073f5ea83a81c?s=96&d=mm&r=g\",\"caption\":\"La Gu\u00eda de Pamplona\"}}]}<\/script>\n<!-- \/ Yoast SEO plugin. -->","yoast_head_json":{"title":"Pamplona expone su Plan de Entornos Escolares Seguros en el X Seminario de Movilidad e Infancia celebrado en Segovia la semana pasada","description":"Con financiaci\u00f3n de los fondos europeos Next Generation EU, se prev\u00e9n actuaciones en los entornos de 60 centros educativos de todos los barrios","robots":{"index":"index","follow":"follow","max-snippet":"max-snippet:-1","max-image-preview":"max-image-preview:large","max-video-preview":"max-video-preview:-1"},"canonical":"https:\/\/www.laguiadepamplona.com\/actualidad\/pamplona-expone-su-plan-de-entornos-escolares-seguros-en-el-x-seminario-de-movilidad-e-infancia-celebrado-en-segovia-la-semana-pasada\/","og_locale":"es_ES","og_type":"article","og_title":"Pamplona expone su Plan de Entornos Escolares Seguros en el X Seminario de Movilidad e Infancia celebrado en Segovia la semana pasada","og_description":"Con financiaci\u00f3n de los fondos europeos Next Generation EU, se prev\u00e9n actuaciones en los entornos de 60 centros educativos de todos los barrios","og_url":"https:\/\/www.laguiadepamplona.com\/actualidad\/pamplona-expone-su-plan-de-entornos-escolares-seguros-en-el-x-seminario-de-movilidad-e-infancia-celebrado-en-segovia-la-semana-pasada\/","og_site_name":"La Gu\u00eda de Pamplona","article_publisher":"https:\/\/www.facebook.com\/laguiadepamplonacom-133175176762273\/?ref=hl","article_published_time":"2022-05-16T10:14:19+00:00","article_modified_time":"2023-04-11T09:48:11+00:00","og_image":[{"width":1782,"height":1188,"url":"https:\/\/www.laguiadepamplona.com\/actualidad\/wp-content\/uploads\/2022\/05\/plan-entornos-escolares-seguros.webp","type":"image\/webp"}],"author":"La Gu\u00eda de Pamplona","twitter_card":"summary_large_image","twitter_creator":"@LaGuiadPamplona","twitter_site":"@LaGuiadPamplona","twitter_misc":{"Escrito por":"La Gu\u00eda de Pamplona","Tiempo de lectura":"2 minutos"},"schema":{"@context":"https:\/\/schema.org","@graph":[{"@type":"Article","@id":"https:\/\/www.laguiadepamplona.com\/actualidad\/pamplona-expone-su-plan-de-entornos-escolares-seguros-en-el-x-seminario-de-movilidad-e-infancia-celebrado-en-segovia-la-semana-pasada\/#article","isPartOf":{"@id":"https:\/\/www.laguiadepamplona.com\/actualidad\/pamplona-expone-su-plan-de-entornos-escolares-seguros-en-el-x-seminario-de-movilidad-e-infancia-celebrado-en-segovia-la-semana-pasada\/"},"author":{"name":"La Gu\u00eda de Pamplona","@id":"https:\/\/www.laguiadepamplona.com\/actualidad\/#\/schema\/person\/efe887376f0213d4657c93adc50b1fdb"},"headline":"Pamplona expone su Plan de Entornos Escolares Seguros en el X Seminario de Movilidad e Infancia celebrado en Segovia la semana pasada","datePublished":"2022-05-16T10:14:19+00:00","dateModified":"2023-04-11T09:48:11+00:00","mainEntityOfPage":{"@id":"https:\/\/www.laguiadepamplona.com\/actualidad\/pamplona-expone-su-plan-de-entornos-escolares-seguros-en-el-x-seminario-de-movilidad-e-infancia-celebrado-en-segovia-la-semana-pasada\/"},"wordCount":474,"commentCount":0,"publisher":{"@id":"https:\/\/www.laguiadepamplona.com\/actualidad\/#organization"},"image":{"@id":"https:\/\/www.laguiadepamplona.com\/actualidad\/pamplona-expone-su-plan-de-entornos-escolares-seguros-en-el-x-seminario-de-movilidad-e-infancia-celebrado-en-segovia-la-semana-pasada\/#primaryimage"},"thumbnailUrl":"https:\/\/www.laguiadepamplona.com\/actualidad\/wp-content\/uploads\/2022\/05\/plan-entornos-escolares-seguros.webp","articleSection":["Ayto Pamplona"],"inLanguage":"es","potentialAction":[{"@type":"CommentAction","name":"Comment","target":["https:\/\/www.laguiadepamplona.com\/actualidad\/pamplona-expone-su-plan-de-entornos-escolares-seguros-en-el-x-seminario-de-movilidad-e-infancia-celebrado-en-segovia-la-semana-pasada\/#respond"]}]},{"@type":"WebPage","@id":"https:\/\/www.laguiadepamplona.com\/actualidad\/pamplona-expone-su-plan-de-entornos-escolares-seguros-en-el-x-seminario-de-movilidad-e-infancia-celebrado-en-segovia-la-semana-pasada\/","url":"https:\/\/www.laguiadepamplona.com\/actualidad\/pamplona-expone-su-plan-de-entornos-escolares-seguros-en-el-x-seminario-de-movilidad-e-infancia-celebrado-en-segovia-la-semana-pasada\/","name":"Pamplona expone su Plan de Entornos Escolares Seguros en el X Seminario de Movilidad e Infancia celebrado en Segovia la semana pasada","isPartOf":{"@id":"https:\/\/www.laguiadepamplona.com\/actualidad\/#website"},"primaryImageOfPage":{"@id":"https:\/\/www.laguiadepamplona.com\/actualidad\/pamplona-expone-su-plan-de-entornos-escolares-seguros-en-el-x-seminario-de-movilidad-e-infancia-celebrado-en-segovia-la-semana-pasada\/#primaryimage"},"image":{"@id":"https:\/\/www.laguiadepamplona.com\/actualidad\/pamplona-expone-su-plan-de-entornos-escolares-seguros-en-el-x-seminario-de-movilidad-e-infancia-celebrado-en-segovia-la-semana-pasada\/#primaryimage"},"thumbnailUrl":"https:\/\/www.laguiadepamplona.com\/actualidad\/wp-content\/uploads\/2022\/05\/plan-entornos-escolares-seguros.webp","datePublished":"2022-05-16T10:14:19+00:00","dateModified":"2023-04-11T09:48:11+00:00","description":"Con financiaci\u00f3n de los fondos europeos Next Generation EU, se prev\u00e9n actuaciones en los entornos de 60 centros educativos de todos los barrios","breadcrumb":{"@id":"https:\/\/www.laguiadepamplona.com\/actualidad\/pamplona-expone-su-plan-de-entornos-escolares-seguros-en-el-x-seminario-de-movilidad-e-infancia-celebrado-en-segovia-la-semana-pasada\/#breadcrumb"},"inLanguage":"es","potentialAction":[{"@type":"ReadAction","target":["https:\/\/www.laguiadepamplona.com\/actualidad\/pamplona-expone-su-plan-de-entornos-escolares-seguros-en-el-x-seminario-de-movilidad-e-infancia-celebrado-en-segovia-la-semana-pasada\/"]}]},{"@type":"ImageObject","inLanguage":"es","@id":"https:\/\/www.laguiadepamplona.com\/actualidad\/pamplona-expone-su-plan-de-entornos-escolares-seguros-en-el-x-seminario-de-movilidad-e-infancia-celebrado-en-segovia-la-semana-pasada\/#primaryimage","url":"https:\/\/www.laguiadepamplona.com\/actualidad\/wp-content\/uploads\/2022\/05\/plan-entornos-escolares-seguros.webp","contentUrl":"https:\/\/www.laguiadepamplona.com\/actualidad\/wp-content\/uploads\/2022\/05\/plan-entornos-escolares-seguros.webp","width":1782,"height":1188},{"@type":"BreadcrumbList","@id":"https:\/\/www.laguiadepamplona.com\/actualidad\/pamplona-expone-su-plan-de-entornos-escolares-seguros-en-el-x-seminario-de-movilidad-e-infancia-celebrado-en-segovia-la-semana-pasada\/#breadcrumb","itemListElement":[{"@type":"ListItem","position":1,"name":"Portada","item":"https:\/\/www.laguiadepamplona.com\/actualidad\/"},{"@type":"ListItem","position":2,"name":"Pamplona expone su Plan de Entornos Escolares Seguros en el X Seminario de Movilidad e Infancia celebrado en Segovia la semana pasada"}]},{"@type":"WebSite","@id":"https:\/\/www.laguiadepamplona.com\/actualidad\/#website","url":"https:\/\/www.laguiadepamplona.com\/actualidad\/","name":"La gu\u00eda de Pamplona","description":"Noticias de Pamplona","publisher":{"@id":"https:\/\/www.laguiadepamplona.com\/actualidad\/#organization"},"potentialAction":[{"@type":"SearchAction","target":{"@type":"EntryPoint","urlTemplate":"https:\/\/www.laguiadepamplona.com\/actualidad\/?s={search_term_string}"},"query-input":{"@type":"PropertyValueSpecification","valueRequired":true,"valueName":"search_term_string"}}],"inLanguage":"es"},{"@type":"Organization","@id":"https:\/\/www.laguiadepamplona.com\/actualidad\/#organization","name":"La Gu\u00eda de Pamplona \/ Noticias","url":"https:\/\/www.laguiadepamplona.com\/actualidad\/","logo":{"@type":"ImageObject","inLanguage":"es","@id":"https:\/\/www.laguiadepamplona.com\/actualidad\/#\/schema\/logo\/image\/","url":"https:\/\/www.laguiadepamplona.com\/actualidad\/wp-content\/uploads\/2018\/11\/logo-laguiadepamplona18-web1.png","contentUrl":"https:\/\/www.laguiadepamplona.com\/actualidad\/wp-content\/uploads\/2018\/11\/logo-laguiadepamplona18-web1.png","width":600,"height":196,"caption":"La Gu\u00eda de Pamplona \/ Noticias"},"image":{"@id":"https:\/\/www.laguiadepamplona.com\/actualidad\/#\/schema\/logo\/image\/"},"sameAs":["https:\/\/www.facebook.com\/laguiadepamplonacom-133175176762273\/?ref=hl","https:\/\/x.com\/LaGuiadPamplona","https:\/\/www.instagram.com\/la_guia_de_pamplona\/","https:\/\/www.youtube.com\/user\/laguiadepamplona"]},{"@type":"Person","@id":"https:\/\/www.laguiadepamplona.com\/actualidad\/#\/schema\/person\/efe887376f0213d4657c93adc50b1fdb","name":"La Gu\u00eda de Pamplona","image":{"@type":"ImageObject","inLanguage":"es","@id":"https:\/\/secure.gravatar.com\/avatar\/b6992f131dc8d30ab0dff15446e9d346d9dbd95992de0fef795073f5ea83a81c?s=96&d=mm&r=g","url":"https:\/\/secure.gravatar.com\/avatar\/b6992f131dc8d30ab0dff15446e9d346d9dbd95992de0fef795073f5ea83a81c?s=96&d=mm&r=g","contentUrl":"https:\/\/secure.gravatar.com\/avatar\/b6992f131dc8d30ab0dff15446e9d346d9dbd95992de0fef795073f5ea83a81c?s=96&d=mm&r=g","caption":"La Gu\u00eda de Pamplona"}}]}},"post_mailing_queue_ids":[],"_links":{"self":[{"href":"https:\/\/www.laguiadepamplona.com\/actualidad\/wp-json\/wp\/v2\/posts\/40350","targetHints":{"allow":["GET"]}}],"collection":[{"href":"https:\/\/www.laguiadepamplona.com\/actualidad\/wp-json\/wp\/v2\/posts"}],"about":[{"href":"https:\/\/www.laguiadepamplona.com\/actualidad\/wp-json\/wp\/v2\/types\/post"}],"author":[{"embeddable":true,"href":"https:\/\/www.laguiadepamplona.com\/actualidad\/wp-json\/wp\/v2\/users\/1"}],"replies":[{"embeddable":true,"href":"https:\/\/www.laguiadepamplona.com\/actualidad\/wp-json\/wp\/v2\/comments?post=40350"}],"version-history":[{"count":0,"href":"https:\/\/www.laguiadepamplona.com\/actualidad\/wp-json\/wp\/v2\/posts\/40350\/revisions"}],"wp:featuredmedia":[{"embeddable":true,"href":"https:\/\/www.laguiadepamplona.com\/actualidad\/wp-json\/wp\/v2\/media\/40351"}],"wp:attachment":[{"href":"https:\/\/www.laguiadepamplona.com\/actualidad\/wp-json\/wp\/v2\/media?parent=40350"}],"wp:term":[{"taxonomy":"category","embeddable":true,"href":"https:\/\/www.laguiadepamplona.com\/actualidad\/wp-json\/wp\/v2\/categories?post=40350"},{"taxonomy":"post_tag","embeddable":true,"href":"https:\/\/www.laguiadepamplona.com\/actualidad\/wp-json\/wp\/v2\/tags?post=40350"}],"curies":[{"name":"wp","href":"https:\/\/api.w.org\/{rel}","templated":true}]}}