{"id":40336,"date":"2022-05-13T17:05:40","date_gmt":"2022-05-13T15:05:40","guid":{"rendered":"https:\/\/www.laguiadepamplona.com\/actualidad\/?p=40336"},"modified":"2023-04-11T11:48:12","modified_gmt":"2023-04-11T09:48:12","slug":"la-red-civivox-acoge-desde-este-viernes-y-hasta-el-28-de-mayo-piztuta-euskal-kultur-begirada-un-nuevo-ciclo-con-espectaculos-y-actividades-en-euskera-para-todo-tipo-de-publicos","status":"publish","type":"post","link":"https:\/\/www.laguiadepamplona.com\/actualidad\/la-red-civivox-acoge-desde-este-viernes-y-hasta-el-28-de-mayo-piztuta-euskal-kultur-begirada-un-nuevo-ciclo-con-espectaculos-y-actividades-en-euskera-para-todo-tipo-de-publicos\/","title":{"rendered":"La red Civivox acoge desde este viernes y hasta el 28 de mayo \u201cPiztuta! Euskal kultur begirada\u201d, un nuevo ciclo con espect\u00e1culos y actividades en euskera para todo tipo de p\u00fablicos"},"content":{"rendered":"<h5>Quedan entradas para los espect\u00e1culos del ciclo y algunas plazas libres en los diferentes talleres propuestos<\/h5>\n<p><!--more--><\/p>\n<p>Esta tarde comienza en la red Civivox el ciclo en euskera \u201cPiztuta! Euskal kultur begirada\u201d. Un nuevo programa, que se desarrollar\u00e1 del 13 al 28 de mayo en Civivox San Jorge y Civivox Jus la Rocha, en el que se invita a acercarse y fijar la mirada sobre distintos aspectos de la cultura vasca, realizando un recorrido desde la tradici\u00f3n hacia la vanguardia. \u201cPiztuta!\u201d\u00a0 da sus primeros pasos con la intenci\u00f3n de asentarse y expandirse por otros espacios de la ciudad a trav\u00e9s de la red Civivox y programando a lo largo del a\u00f1o nuevas propuestas y acciones culturales.<\/p>\n<p>El programa engloba distintas actividades, siempre en euskera, como conciertos, talleres, juegos, un curso de iniciaci\u00f3n a la txalaparta, cuentacuentos, espect\u00e1culos teatrales y t\u00edteres. A\u00fan quedan entradas para los espect\u00e1culos y para algunos talleres incluidos en este ciclo. La compra de entradas y la reserva de plazas se pueden realizar a trav\u00e9s de la web municipal de Cultura, <a href=\"http:\/\/www.pamplonaescultura.es\">www.pamplonaescultura.es<\/a>.<br \/>\n<script async src=\"\/\/pagead2.googlesyndication.com\/pagead\/js\/adsbygoogle.js\"><\/script><br \/>\n<!-- Noticias La Guia de Pamplona --><br \/>\n<ins class=\"adsbygoogle\"\nstyle=\"display:block\"\ndata-ad-client=\"ca-pub-6943679897239327\"\ndata-ad-slot=\"7048180777\"\ndata-ad-format=\"auto\"><\/ins><br \/>\n<script>\n(adsbygoogle = window.adsbygoogle || []).push({});\n<\/script><\/p>\n<p>Hoy viernes, a las 19.30 horas en Civivox San Jorge se abre el ciclo con el concierto \u201cBaratzean\u201d, una propuesta a cargo del d\u00fao de txalapartaris Hutsun Txalaparta, formado por Anai Gambra y Mikel Urrutia El repertorio de \u201cBaratzean\u201d, en la huerta donde crecen los sue\u00f1os, incluye temas r\u00edtmicos interpretados con la txalaparta de madera, temas mel\u00f3dicos con la txalaparta de piedra, y todo ello acompa\u00f1ado de la percusi\u00f3n de unos bidones de huerta.<\/p>\n<p>La semana que viene, el viernes 20 de mayo, tambi\u00e9n a las 19:30 horas en Civivox San Jorge, la compa\u00f1\u00eda vizca\u00edna Aura Teatro representa \u201c\u00a1Txala Tap!\u201d, un espect\u00e1culo dirigido a todos los p\u00fablicos donde un bailar\u00edn de claqu\u00e9 se une a dos percusionistas de txalaparta para ofrecer un espect\u00e1culo lleno de rimo y de movimiento. El repertorio incluye piezas muy variadas, algunas con toques de humor, que van desde la m\u00fasica jazz hasta los ritmos africanos u orientales pasando por algunos del repertorio euskaldun. En definitiva, una innovadora iniciativa que muestra al p\u00fablico que el claqu\u00e9 es una disciplina vers\u00e1til, que sabe adaptarse a diferentes estilos y registros musicales.<\/p>\n<p>El 27 de mayo, a la misma hora y en el mismo lugar, Tartean Teatro presentar\u00e1 \u201cBIBA VOI! Dar\u00edo Fo eta Franca Rame akorduan\u201d. Los actores Mikel Martinez e Irati Agirreazkuenaga dar\u00e1n vida a diferentes personajes, a veces actuando y otras leyendo sobre textos elegidos y traducidos al euskera de los conocidos dramaturgos italianos. Se representar\u00e1n fragmentos de obras como \u2018Misterio bufo\u2019, \u2018Muerte accidental de un anarquista\u2019, \u2018Ad\u00e1n y Eva\u2019 o \u2018Los mon\u00f3logos de Franca Rame\u2019.<br \/>\n<script async src=\"\/\/pagead2.googlesyndication.com\/pagead\/js\/adsbygoogle.js\"><\/script><br \/>\n<!-- Noticias La Guia de Pamplona --><br \/>\n<ins class=\"adsbygoogle\"\nstyle=\"display:block\"\ndata-ad-client=\"ca-pub-6943679897239327\"\ndata-ad-slot=\"7048180777\"\ndata-ad-format=\"auto\"><\/ins><br \/>\n<script>\n(adsbygoogle = window.adsbygoogle || []).push({});\n<\/script><\/p>\n<p><strong>Actividades y propuestas infantiles<\/strong><\/p>\n<p>Este nuevo ciclo incluye tambi\u00e9n distintas propuestas dirigidas al p\u00fablico infantil y familiar, vertebradas por distintos elementos y personajes de la mitolog\u00eda tradicional vasca y por el acercamiento de la txalaparta como elemento musical y de juego. Ma\u00f1ana s\u00e1bado 14 de mayo, a las 12 horas en Civivox San Jorge, Maitane P\u00e9rez ofrecer\u00e1 una sesi\u00f3n de cuentacuentos donde explicar\u00e1 y relatar\u00e1 historias de lamias, sorginas, Bajasaun, Tartalo o Mari, que se esconden los bosques.<\/p>\n<p>El s\u00e1bado 21 de mayo, de 11 a 13 horas en Civivox Jus la Rocha, tambi\u00e9n Maitane P\u00e9rez dirigir\u00e1 \u201cEuskal mitologiako pertsonaiak\u201d, un taller donde, a trav\u00e9s del juego y la expresi\u00f3n corporal, ni\u00f1os y ni\u00f1as de entre 6 y 12 a\u00f1os se acercar\u00e1n a los diferentes personajes de la mitolog\u00eda vasca y a sus leyendas.<br \/>\n<script async src=\"\/\/pagead2.googlesyndication.com\/pagead\/js\/adsbygoogle.js\"><\/script><br \/>\n<!-- Noticias La Guia de Pamplona --><br \/>\n<ins class=\"adsbygoogle\"\nstyle=\"display:block\"\ndata-ad-client=\"ca-pub-6943679897239327\"\ndata-ad-slot=\"7048180777\"\ndata-ad-format=\"auto\"><\/ins><br \/>\n<script>\n(adsbygoogle = window.adsbygoogle || []).push({});\n<\/script><\/p>\n<p>Finalmente, el s\u00e1bado 28 de mayo se cierra la edici\u00f3n de \u201cPiztuta! Euskal kultur Begirada\u201d con dos nuevas propuestas: \u201cJoko Txukun\u201d, un taller-juego donde se realizar\u00e1 una aproximaci\u00f3n a las reglas b\u00e1sicas de la txalaparta, de la mano de Hutsun Txalaparta, a las 11 horas en Civivox Jus la Rocha); y por la tarde, a las 18:30, Civivox San Jorge acoger\u00e1 el espect\u00e1culo de t\u00edteres con acompa\u00f1amiento de txalaparta \u201cErreka Mari\u201d. Esta obra es la historia m\u00e1s veces representada por Txotxongillo Taldea, un grupo que desde 1971 viene realizando funciones de t\u00edteres en euskera y que, con ocasi\u00f3n de su 50 aniversario, incorpor\u00f3 una pareja de txalapartaris que les acompa\u00f1an en una novedosa puesta en escena.<\/p>\n","protected":false},"excerpt":{"rendered":"<p>Quedan entradas para los espect\u00e1culos del ciclo y algunas plazas libres en los diferentes talleres propuestos<\/p>\n","protected":false},"author":1,"featured_media":34507,"comment_status":"open","ping_status":"closed","sticky":false,"template":"","format":"standard","meta":{"footnotes":""},"categories":[2],"tags":[],"class_list":["post-40336","post","type-post","status-publish","format-standard","has-post-thumbnail","hentry","category-ayuntamiento-pamplona"],"yoast_head":"<!-- This site is optimized with the Yoast SEO plugin v27.3 - https:\/\/yoast.com\/product\/yoast-seo-wordpress\/ -->\n<title>La red Civivox acoge desde este viernes y hasta el 28 de mayo \u201cPiztuta! Euskal kultur begirada\u201d, un nuevo ciclo con espect\u00e1culos y actividades en euskera para todo tipo de p\u00fablicos<\/title>\n<meta name=\"description\" content=\"Quedan entradas para los espect\u00e1culos del ciclo y algunas plazas libres en los diferentes talleres propuestos. Piztuta\" \/>\n<meta name=\"robots\" content=\"index, follow, max-snippet:-1, max-image-preview:large, max-video-preview:-1\" \/>\n<link rel=\"canonical\" href=\"https:\/\/www.laguiadepamplona.com\/actualidad\/la-red-civivox-acoge-desde-este-viernes-y-hasta-el-28-de-mayo-piztuta-euskal-kultur-begirada-un-nuevo-ciclo-con-espectaculos-y-actividades-en-euskera-para-todo-tipo-de-publicos\/\" \/>\n<meta property=\"og:locale\" content=\"es_ES\" \/>\n<meta property=\"og:type\" content=\"article\" \/>\n<meta property=\"og:title\" content=\"La red Civivox acoge desde este viernes y hasta el 28 de mayo \u201cPiztuta! Euskal kultur begirada\u201d, un nuevo ciclo con espect\u00e1culos y actividades en euskera para todo tipo de p\u00fablicos\" \/>\n<meta property=\"og:description\" content=\"Quedan entradas para los espect\u00e1culos del ciclo y algunas plazas libres en los diferentes talleres propuestos. Piztuta\" \/>\n<meta property=\"og:url\" content=\"https:\/\/www.laguiadepamplona.com\/actualidad\/la-red-civivox-acoge-desde-este-viernes-y-hasta-el-28-de-mayo-piztuta-euskal-kultur-begirada-un-nuevo-ciclo-con-espectaculos-y-actividades-en-euskera-para-todo-tipo-de-publicos\/\" \/>\n<meta property=\"og:site_name\" content=\"La Gu\u00eda de Pamplona\" \/>\n<meta property=\"article:publisher\" content=\"https:\/\/www.facebook.com\/laguiadepamplonacom-133175176762273\/?ref=hl\" \/>\n<meta property=\"article:published_time\" content=\"2022-05-13T15:05:40+00:00\" \/>\n<meta property=\"article:modified_time\" content=\"2023-04-11T09:48:12+00:00\" \/>\n<meta property=\"og:image\" content=\"https:\/\/www.laguiadepamplona.com\/actualidad\/wp-content\/uploads\/2021\/04\/txalaroa-21.jpg\" \/>\n\t<meta property=\"og:image:width\" content=\"546\" \/>\n\t<meta property=\"og:image:height\" content=\"391\" \/>\n\t<meta property=\"og:image:type\" content=\"image\/jpeg\" \/>\n<meta name=\"author\" content=\"La Gu\u00eda de Pamplona\" \/>\n<meta name=\"twitter:card\" content=\"summary_large_image\" \/>\n<meta name=\"twitter:creator\" content=\"@LaGuiadPamplona\" \/>\n<meta name=\"twitter:site\" content=\"@LaGuiadPamplona\" \/>\n<meta name=\"twitter:label1\" content=\"Escrito por\" \/>\n\t<meta name=\"twitter:data1\" content=\"La Gu\u00eda de Pamplona\" \/>\n\t<meta name=\"twitter:label2\" content=\"Tiempo de lectura\" \/>\n\t<meta name=\"twitter:data2\" content=\"4 minutos\" \/>\n<script type=\"application\/ld+json\" class=\"yoast-schema-graph\">{\"@context\":\"https:\\\/\\\/schema.org\",\"@graph\":[{\"@type\":\"Article\",\"@id\":\"https:\\\/\\\/www.laguiadepamplona.com\\\/actualidad\\\/la-red-civivox-acoge-desde-este-viernes-y-hasta-el-28-de-mayo-piztuta-euskal-kultur-begirada-un-nuevo-ciclo-con-espectaculos-y-actividades-en-euskera-para-todo-tipo-de-publicos\\\/#article\",\"isPartOf\":{\"@id\":\"https:\\\/\\\/www.laguiadepamplona.com\\\/actualidad\\\/la-red-civivox-acoge-desde-este-viernes-y-hasta-el-28-de-mayo-piztuta-euskal-kultur-begirada-un-nuevo-ciclo-con-espectaculos-y-actividades-en-euskera-para-todo-tipo-de-publicos\\\/\"},\"author\":{\"name\":\"La Gu\u00eda de Pamplona\",\"@id\":\"https:\\\/\\\/www.laguiadepamplona.com\\\/actualidad\\\/#\\\/schema\\\/person\\\/efe887376f0213d4657c93adc50b1fdb\"},\"headline\":\"La red Civivox acoge desde este viernes y hasta el 28 de mayo \u201cPiztuta! Euskal kultur begirada\u201d, un nuevo ciclo con espect\u00e1culos y actividades en euskera para todo tipo de p\u00fablicos\",\"datePublished\":\"2022-05-13T15:05:40+00:00\",\"dateModified\":\"2023-04-11T09:48:12+00:00\",\"mainEntityOfPage\":{\"@id\":\"https:\\\/\\\/www.laguiadepamplona.com\\\/actualidad\\\/la-red-civivox-acoge-desde-este-viernes-y-hasta-el-28-de-mayo-piztuta-euskal-kultur-begirada-un-nuevo-ciclo-con-espectaculos-y-actividades-en-euskera-para-todo-tipo-de-publicos\\\/\"},\"wordCount\":759,\"commentCount\":0,\"publisher\":{\"@id\":\"https:\\\/\\\/www.laguiadepamplona.com\\\/actualidad\\\/#organization\"},\"image\":{\"@id\":\"https:\\\/\\\/www.laguiadepamplona.com\\\/actualidad\\\/la-red-civivox-acoge-desde-este-viernes-y-hasta-el-28-de-mayo-piztuta-euskal-kultur-begirada-un-nuevo-ciclo-con-espectaculos-y-actividades-en-euskera-para-todo-tipo-de-publicos\\\/#primaryimage\"},\"thumbnailUrl\":\"https:\\\/\\\/www.laguiadepamplona.com\\\/actualidad\\\/wp-content\\\/uploads\\\/2021\\\/04\\\/txalaroa-21.jpg\",\"articleSection\":[\"Ayto Pamplona\"],\"inLanguage\":\"es\",\"potentialAction\":[{\"@type\":\"CommentAction\",\"name\":\"Comment\",\"target\":[\"https:\\\/\\\/www.laguiadepamplona.com\\\/actualidad\\\/la-red-civivox-acoge-desde-este-viernes-y-hasta-el-28-de-mayo-piztuta-euskal-kultur-begirada-un-nuevo-ciclo-con-espectaculos-y-actividades-en-euskera-para-todo-tipo-de-publicos\\\/#respond\"]}]},{\"@type\":\"WebPage\",\"@id\":\"https:\\\/\\\/www.laguiadepamplona.com\\\/actualidad\\\/la-red-civivox-acoge-desde-este-viernes-y-hasta-el-28-de-mayo-piztuta-euskal-kultur-begirada-un-nuevo-ciclo-con-espectaculos-y-actividades-en-euskera-para-todo-tipo-de-publicos\\\/\",\"url\":\"https:\\\/\\\/www.laguiadepamplona.com\\\/actualidad\\\/la-red-civivox-acoge-desde-este-viernes-y-hasta-el-28-de-mayo-piztuta-euskal-kultur-begirada-un-nuevo-ciclo-con-espectaculos-y-actividades-en-euskera-para-todo-tipo-de-publicos\\\/\",\"name\":\"La red Civivox acoge desde este viernes y hasta el 28 de mayo \u201cPiztuta! Euskal kultur begirada\u201d, un nuevo ciclo con espect\u00e1culos y actividades en euskera para todo tipo de p\u00fablicos\",\"isPartOf\":{\"@id\":\"https:\\\/\\\/www.laguiadepamplona.com\\\/actualidad\\\/#website\"},\"primaryImageOfPage\":{\"@id\":\"https:\\\/\\\/www.laguiadepamplona.com\\\/actualidad\\\/la-red-civivox-acoge-desde-este-viernes-y-hasta-el-28-de-mayo-piztuta-euskal-kultur-begirada-un-nuevo-ciclo-con-espectaculos-y-actividades-en-euskera-para-todo-tipo-de-publicos\\\/#primaryimage\"},\"image\":{\"@id\":\"https:\\\/\\\/www.laguiadepamplona.com\\\/actualidad\\\/la-red-civivox-acoge-desde-este-viernes-y-hasta-el-28-de-mayo-piztuta-euskal-kultur-begirada-un-nuevo-ciclo-con-espectaculos-y-actividades-en-euskera-para-todo-tipo-de-publicos\\\/#primaryimage\"},\"thumbnailUrl\":\"https:\\\/\\\/www.laguiadepamplona.com\\\/actualidad\\\/wp-content\\\/uploads\\\/2021\\\/04\\\/txalaroa-21.jpg\",\"datePublished\":\"2022-05-13T15:05:40+00:00\",\"dateModified\":\"2023-04-11T09:48:12+00:00\",\"description\":\"Quedan entradas para los espect\u00e1culos del ciclo y algunas plazas libres en los diferentes talleres propuestos. Piztuta\",\"breadcrumb\":{\"@id\":\"https:\\\/\\\/www.laguiadepamplona.com\\\/actualidad\\\/la-red-civivox-acoge-desde-este-viernes-y-hasta-el-28-de-mayo-piztuta-euskal-kultur-begirada-un-nuevo-ciclo-con-espectaculos-y-actividades-en-euskera-para-todo-tipo-de-publicos\\\/#breadcrumb\"},\"inLanguage\":\"es\",\"potentialAction\":[{\"@type\":\"ReadAction\",\"target\":[\"https:\\\/\\\/www.laguiadepamplona.com\\\/actualidad\\\/la-red-civivox-acoge-desde-este-viernes-y-hasta-el-28-de-mayo-piztuta-euskal-kultur-begirada-un-nuevo-ciclo-con-espectaculos-y-actividades-en-euskera-para-todo-tipo-de-publicos\\\/\"]}]},{\"@type\":\"ImageObject\",\"inLanguage\":\"es\",\"@id\":\"https:\\\/\\\/www.laguiadepamplona.com\\\/actualidad\\\/la-red-civivox-acoge-desde-este-viernes-y-hasta-el-28-de-mayo-piztuta-euskal-kultur-begirada-un-nuevo-ciclo-con-espectaculos-y-actividades-en-euskera-para-todo-tipo-de-publicos\\\/#primaryimage\",\"url\":\"https:\\\/\\\/www.laguiadepamplona.com\\\/actualidad\\\/wp-content\\\/uploads\\\/2021\\\/04\\\/txalaroa-21.jpg\",\"contentUrl\":\"https:\\\/\\\/www.laguiadepamplona.com\\\/actualidad\\\/wp-content\\\/uploads\\\/2021\\\/04\\\/txalaroa-21.jpg\",\"width\":546,\"height\":391},{\"@type\":\"BreadcrumbList\",\"@id\":\"https:\\\/\\\/www.laguiadepamplona.com\\\/actualidad\\\/la-red-civivox-acoge-desde-este-viernes-y-hasta-el-28-de-mayo-piztuta-euskal-kultur-begirada-un-nuevo-ciclo-con-espectaculos-y-actividades-en-euskera-para-todo-tipo-de-publicos\\\/#breadcrumb\",\"itemListElement\":[{\"@type\":\"ListItem\",\"position\":1,\"name\":\"Portada\",\"item\":\"https:\\\/\\\/www.laguiadepamplona.com\\\/actualidad\\\/\"},{\"@type\":\"ListItem\",\"position\":2,\"name\":\"La red Civivox acoge desde este viernes y hasta el 28 de mayo \u201cPiztuta! Euskal kultur begirada\u201d, un nuevo ciclo con espect\u00e1culos y actividades en euskera para todo tipo de p\u00fablicos\"}]},{\"@type\":\"WebSite\",\"@id\":\"https:\\\/\\\/www.laguiadepamplona.com\\\/actualidad\\\/#website\",\"url\":\"https:\\\/\\\/www.laguiadepamplona.com\\\/actualidad\\\/\",\"name\":\"La gu\u00eda de Pamplona\",\"description\":\"Noticias de Pamplona\",\"publisher\":{\"@id\":\"https:\\\/\\\/www.laguiadepamplona.com\\\/actualidad\\\/#organization\"},\"potentialAction\":[{\"@type\":\"SearchAction\",\"target\":{\"@type\":\"EntryPoint\",\"urlTemplate\":\"https:\\\/\\\/www.laguiadepamplona.com\\\/actualidad\\\/?s={search_term_string}\"},\"query-input\":{\"@type\":\"PropertyValueSpecification\",\"valueRequired\":true,\"valueName\":\"search_term_string\"}}],\"inLanguage\":\"es\"},{\"@type\":\"Organization\",\"@id\":\"https:\\\/\\\/www.laguiadepamplona.com\\\/actualidad\\\/#organization\",\"name\":\"La Gu\u00eda de Pamplona \\\/ Noticias\",\"url\":\"https:\\\/\\\/www.laguiadepamplona.com\\\/actualidad\\\/\",\"logo\":{\"@type\":\"ImageObject\",\"inLanguage\":\"es\",\"@id\":\"https:\\\/\\\/www.laguiadepamplona.com\\\/actualidad\\\/#\\\/schema\\\/logo\\\/image\\\/\",\"url\":\"https:\\\/\\\/www.laguiadepamplona.com\\\/actualidad\\\/wp-content\\\/uploads\\\/2018\\\/11\\\/logo-laguiadepamplona18-web1.png\",\"contentUrl\":\"https:\\\/\\\/www.laguiadepamplona.com\\\/actualidad\\\/wp-content\\\/uploads\\\/2018\\\/11\\\/logo-laguiadepamplona18-web1.png\",\"width\":600,\"height\":196,\"caption\":\"La Gu\u00eda de Pamplona \\\/ Noticias\"},\"image\":{\"@id\":\"https:\\\/\\\/www.laguiadepamplona.com\\\/actualidad\\\/#\\\/schema\\\/logo\\\/image\\\/\"},\"sameAs\":[\"https:\\\/\\\/www.facebook.com\\\/laguiadepamplonacom-133175176762273\\\/?ref=hl\",\"https:\\\/\\\/x.com\\\/LaGuiadPamplona\",\"https:\\\/\\\/www.instagram.com\\\/la_guia_de_pamplona\\\/\",\"https:\\\/\\\/www.youtube.com\\\/user\\\/laguiadepamplona\"]},{\"@type\":\"Person\",\"@id\":\"https:\\\/\\\/www.laguiadepamplona.com\\\/actualidad\\\/#\\\/schema\\\/person\\\/efe887376f0213d4657c93adc50b1fdb\",\"name\":\"La Gu\u00eda de Pamplona\",\"image\":{\"@type\":\"ImageObject\",\"inLanguage\":\"es\",\"@id\":\"https:\\\/\\\/secure.gravatar.com\\\/avatar\\\/b6992f131dc8d30ab0dff15446e9d346d9dbd95992de0fef795073f5ea83a81c?s=96&d=mm&r=g\",\"url\":\"https:\\\/\\\/secure.gravatar.com\\\/avatar\\\/b6992f131dc8d30ab0dff15446e9d346d9dbd95992de0fef795073f5ea83a81c?s=96&d=mm&r=g\",\"contentUrl\":\"https:\\\/\\\/secure.gravatar.com\\\/avatar\\\/b6992f131dc8d30ab0dff15446e9d346d9dbd95992de0fef795073f5ea83a81c?s=96&d=mm&r=g\",\"caption\":\"La Gu\u00eda de Pamplona\"}}]}<\/script>\n<!-- \/ Yoast SEO plugin. -->","yoast_head_json":{"title":"La red Civivox acoge desde este viernes y hasta el 28 de mayo \u201cPiztuta! Euskal kultur begirada\u201d, un nuevo ciclo con espect\u00e1culos y actividades en euskera para todo tipo de p\u00fablicos","description":"Quedan entradas para los espect\u00e1culos del ciclo y algunas plazas libres en los diferentes talleres propuestos. Piztuta","robots":{"index":"index","follow":"follow","max-snippet":"max-snippet:-1","max-image-preview":"max-image-preview:large","max-video-preview":"max-video-preview:-1"},"canonical":"https:\/\/www.laguiadepamplona.com\/actualidad\/la-red-civivox-acoge-desde-este-viernes-y-hasta-el-28-de-mayo-piztuta-euskal-kultur-begirada-un-nuevo-ciclo-con-espectaculos-y-actividades-en-euskera-para-todo-tipo-de-publicos\/","og_locale":"es_ES","og_type":"article","og_title":"La red Civivox acoge desde este viernes y hasta el 28 de mayo \u201cPiztuta! Euskal kultur begirada\u201d, un nuevo ciclo con espect\u00e1culos y actividades en euskera para todo tipo de p\u00fablicos","og_description":"Quedan entradas para los espect\u00e1culos del ciclo y algunas plazas libres en los diferentes talleres propuestos. Piztuta","og_url":"https:\/\/www.laguiadepamplona.com\/actualidad\/la-red-civivox-acoge-desde-este-viernes-y-hasta-el-28-de-mayo-piztuta-euskal-kultur-begirada-un-nuevo-ciclo-con-espectaculos-y-actividades-en-euskera-para-todo-tipo-de-publicos\/","og_site_name":"La Gu\u00eda de Pamplona","article_publisher":"https:\/\/www.facebook.com\/laguiadepamplonacom-133175176762273\/?ref=hl","article_published_time":"2022-05-13T15:05:40+00:00","article_modified_time":"2023-04-11T09:48:12+00:00","og_image":[{"width":546,"height":391,"url":"https:\/\/www.laguiadepamplona.com\/actualidad\/wp-content\/uploads\/2021\/04\/txalaroa-21.jpg","type":"image\/jpeg"}],"author":"La Gu\u00eda de Pamplona","twitter_card":"summary_large_image","twitter_creator":"@LaGuiadPamplona","twitter_site":"@LaGuiadPamplona","twitter_misc":{"Escrito por":"La Gu\u00eda de Pamplona","Tiempo de lectura":"4 minutos"},"schema":{"@context":"https:\/\/schema.org","@graph":[{"@type":"Article","@id":"https:\/\/www.laguiadepamplona.com\/actualidad\/la-red-civivox-acoge-desde-este-viernes-y-hasta-el-28-de-mayo-piztuta-euskal-kultur-begirada-un-nuevo-ciclo-con-espectaculos-y-actividades-en-euskera-para-todo-tipo-de-publicos\/#article","isPartOf":{"@id":"https:\/\/www.laguiadepamplona.com\/actualidad\/la-red-civivox-acoge-desde-este-viernes-y-hasta-el-28-de-mayo-piztuta-euskal-kultur-begirada-un-nuevo-ciclo-con-espectaculos-y-actividades-en-euskera-para-todo-tipo-de-publicos\/"},"author":{"name":"La Gu\u00eda de Pamplona","@id":"https:\/\/www.laguiadepamplona.com\/actualidad\/#\/schema\/person\/efe887376f0213d4657c93adc50b1fdb"},"headline":"La red Civivox acoge desde este viernes y hasta el 28 de mayo \u201cPiztuta! Euskal kultur begirada\u201d, un nuevo ciclo con espect\u00e1culos y actividades en euskera para todo tipo de p\u00fablicos","datePublished":"2022-05-13T15:05:40+00:00","dateModified":"2023-04-11T09:48:12+00:00","mainEntityOfPage":{"@id":"https:\/\/www.laguiadepamplona.com\/actualidad\/la-red-civivox-acoge-desde-este-viernes-y-hasta-el-28-de-mayo-piztuta-euskal-kultur-begirada-un-nuevo-ciclo-con-espectaculos-y-actividades-en-euskera-para-todo-tipo-de-publicos\/"},"wordCount":759,"commentCount":0,"publisher":{"@id":"https:\/\/www.laguiadepamplona.com\/actualidad\/#organization"},"image":{"@id":"https:\/\/www.laguiadepamplona.com\/actualidad\/la-red-civivox-acoge-desde-este-viernes-y-hasta-el-28-de-mayo-piztuta-euskal-kultur-begirada-un-nuevo-ciclo-con-espectaculos-y-actividades-en-euskera-para-todo-tipo-de-publicos\/#primaryimage"},"thumbnailUrl":"https:\/\/www.laguiadepamplona.com\/actualidad\/wp-content\/uploads\/2021\/04\/txalaroa-21.jpg","articleSection":["Ayto Pamplona"],"inLanguage":"es","potentialAction":[{"@type":"CommentAction","name":"Comment","target":["https:\/\/www.laguiadepamplona.com\/actualidad\/la-red-civivox-acoge-desde-este-viernes-y-hasta-el-28-de-mayo-piztuta-euskal-kultur-begirada-un-nuevo-ciclo-con-espectaculos-y-actividades-en-euskera-para-todo-tipo-de-publicos\/#respond"]}]},{"@type":"WebPage","@id":"https:\/\/www.laguiadepamplona.com\/actualidad\/la-red-civivox-acoge-desde-este-viernes-y-hasta-el-28-de-mayo-piztuta-euskal-kultur-begirada-un-nuevo-ciclo-con-espectaculos-y-actividades-en-euskera-para-todo-tipo-de-publicos\/","url":"https:\/\/www.laguiadepamplona.com\/actualidad\/la-red-civivox-acoge-desde-este-viernes-y-hasta-el-28-de-mayo-piztuta-euskal-kultur-begirada-un-nuevo-ciclo-con-espectaculos-y-actividades-en-euskera-para-todo-tipo-de-publicos\/","name":"La red Civivox acoge desde este viernes y hasta el 28 de mayo \u201cPiztuta! Euskal kultur begirada\u201d, un nuevo ciclo con espect\u00e1culos y actividades en euskera para todo tipo de p\u00fablicos","isPartOf":{"@id":"https:\/\/www.laguiadepamplona.com\/actualidad\/#website"},"primaryImageOfPage":{"@id":"https:\/\/www.laguiadepamplona.com\/actualidad\/la-red-civivox-acoge-desde-este-viernes-y-hasta-el-28-de-mayo-piztuta-euskal-kultur-begirada-un-nuevo-ciclo-con-espectaculos-y-actividades-en-euskera-para-todo-tipo-de-publicos\/#primaryimage"},"image":{"@id":"https:\/\/www.laguiadepamplona.com\/actualidad\/la-red-civivox-acoge-desde-este-viernes-y-hasta-el-28-de-mayo-piztuta-euskal-kultur-begirada-un-nuevo-ciclo-con-espectaculos-y-actividades-en-euskera-para-todo-tipo-de-publicos\/#primaryimage"},"thumbnailUrl":"https:\/\/www.laguiadepamplona.com\/actualidad\/wp-content\/uploads\/2021\/04\/txalaroa-21.jpg","datePublished":"2022-05-13T15:05:40+00:00","dateModified":"2023-04-11T09:48:12+00:00","description":"Quedan entradas para los espect\u00e1culos del ciclo y algunas plazas libres en los diferentes talleres propuestos. Piztuta","breadcrumb":{"@id":"https:\/\/www.laguiadepamplona.com\/actualidad\/la-red-civivox-acoge-desde-este-viernes-y-hasta-el-28-de-mayo-piztuta-euskal-kultur-begirada-un-nuevo-ciclo-con-espectaculos-y-actividades-en-euskera-para-todo-tipo-de-publicos\/#breadcrumb"},"inLanguage":"es","potentialAction":[{"@type":"ReadAction","target":["https:\/\/www.laguiadepamplona.com\/actualidad\/la-red-civivox-acoge-desde-este-viernes-y-hasta-el-28-de-mayo-piztuta-euskal-kultur-begirada-un-nuevo-ciclo-con-espectaculos-y-actividades-en-euskera-para-todo-tipo-de-publicos\/"]}]},{"@type":"ImageObject","inLanguage":"es","@id":"https:\/\/www.laguiadepamplona.com\/actualidad\/la-red-civivox-acoge-desde-este-viernes-y-hasta-el-28-de-mayo-piztuta-euskal-kultur-begirada-un-nuevo-ciclo-con-espectaculos-y-actividades-en-euskera-para-todo-tipo-de-publicos\/#primaryimage","url":"https:\/\/www.laguiadepamplona.com\/actualidad\/wp-content\/uploads\/2021\/04\/txalaroa-21.jpg","contentUrl":"https:\/\/www.laguiadepamplona.com\/actualidad\/wp-content\/uploads\/2021\/04\/txalaroa-21.jpg","width":546,"height":391},{"@type":"BreadcrumbList","@id":"https:\/\/www.laguiadepamplona.com\/actualidad\/la-red-civivox-acoge-desde-este-viernes-y-hasta-el-28-de-mayo-piztuta-euskal-kultur-begirada-un-nuevo-ciclo-con-espectaculos-y-actividades-en-euskera-para-todo-tipo-de-publicos\/#breadcrumb","itemListElement":[{"@type":"ListItem","position":1,"name":"Portada","item":"https:\/\/www.laguiadepamplona.com\/actualidad\/"},{"@type":"ListItem","position":2,"name":"La red Civivox acoge desde este viernes y hasta el 28 de mayo \u201cPiztuta! Euskal kultur begirada\u201d, un nuevo ciclo con espect\u00e1culos y actividades en euskera para todo tipo de p\u00fablicos"}]},{"@type":"WebSite","@id":"https:\/\/www.laguiadepamplona.com\/actualidad\/#website","url":"https:\/\/www.laguiadepamplona.com\/actualidad\/","name":"La gu\u00eda de Pamplona","description":"Noticias de Pamplona","publisher":{"@id":"https:\/\/www.laguiadepamplona.com\/actualidad\/#organization"},"potentialAction":[{"@type":"SearchAction","target":{"@type":"EntryPoint","urlTemplate":"https:\/\/www.laguiadepamplona.com\/actualidad\/?s={search_term_string}"},"query-input":{"@type":"PropertyValueSpecification","valueRequired":true,"valueName":"search_term_string"}}],"inLanguage":"es"},{"@type":"Organization","@id":"https:\/\/www.laguiadepamplona.com\/actualidad\/#organization","name":"La Gu\u00eda de Pamplona \/ Noticias","url":"https:\/\/www.laguiadepamplona.com\/actualidad\/","logo":{"@type":"ImageObject","inLanguage":"es","@id":"https:\/\/www.laguiadepamplona.com\/actualidad\/#\/schema\/logo\/image\/","url":"https:\/\/www.laguiadepamplona.com\/actualidad\/wp-content\/uploads\/2018\/11\/logo-laguiadepamplona18-web1.png","contentUrl":"https:\/\/www.laguiadepamplona.com\/actualidad\/wp-content\/uploads\/2018\/11\/logo-laguiadepamplona18-web1.png","width":600,"height":196,"caption":"La Gu\u00eda de Pamplona \/ Noticias"},"image":{"@id":"https:\/\/www.laguiadepamplona.com\/actualidad\/#\/schema\/logo\/image\/"},"sameAs":["https:\/\/www.facebook.com\/laguiadepamplonacom-133175176762273\/?ref=hl","https:\/\/x.com\/LaGuiadPamplona","https:\/\/www.instagram.com\/la_guia_de_pamplona\/","https:\/\/www.youtube.com\/user\/laguiadepamplona"]},{"@type":"Person","@id":"https:\/\/www.laguiadepamplona.com\/actualidad\/#\/schema\/person\/efe887376f0213d4657c93adc50b1fdb","name":"La Gu\u00eda de Pamplona","image":{"@type":"ImageObject","inLanguage":"es","@id":"https:\/\/secure.gravatar.com\/avatar\/b6992f131dc8d30ab0dff15446e9d346d9dbd95992de0fef795073f5ea83a81c?s=96&d=mm&r=g","url":"https:\/\/secure.gravatar.com\/avatar\/b6992f131dc8d30ab0dff15446e9d346d9dbd95992de0fef795073f5ea83a81c?s=96&d=mm&r=g","contentUrl":"https:\/\/secure.gravatar.com\/avatar\/b6992f131dc8d30ab0dff15446e9d346d9dbd95992de0fef795073f5ea83a81c?s=96&d=mm&r=g","caption":"La Gu\u00eda de Pamplona"}}]}},"post_mailing_queue_ids":[],"_links":{"self":[{"href":"https:\/\/www.laguiadepamplona.com\/actualidad\/wp-json\/wp\/v2\/posts\/40336","targetHints":{"allow":["GET"]}}],"collection":[{"href":"https:\/\/www.laguiadepamplona.com\/actualidad\/wp-json\/wp\/v2\/posts"}],"about":[{"href":"https:\/\/www.laguiadepamplona.com\/actualidad\/wp-json\/wp\/v2\/types\/post"}],"author":[{"embeddable":true,"href":"https:\/\/www.laguiadepamplona.com\/actualidad\/wp-json\/wp\/v2\/users\/1"}],"replies":[{"embeddable":true,"href":"https:\/\/www.laguiadepamplona.com\/actualidad\/wp-json\/wp\/v2\/comments?post=40336"}],"version-history":[{"count":0,"href":"https:\/\/www.laguiadepamplona.com\/actualidad\/wp-json\/wp\/v2\/posts\/40336\/revisions"}],"wp:featuredmedia":[{"embeddable":true,"href":"https:\/\/www.laguiadepamplona.com\/actualidad\/wp-json\/wp\/v2\/media\/34507"}],"wp:attachment":[{"href":"https:\/\/www.laguiadepamplona.com\/actualidad\/wp-json\/wp\/v2\/media?parent=40336"}],"wp:term":[{"taxonomy":"category","embeddable":true,"href":"https:\/\/www.laguiadepamplona.com\/actualidad\/wp-json\/wp\/v2\/categories?post=40336"},{"taxonomy":"post_tag","embeddable":true,"href":"https:\/\/www.laguiadepamplona.com\/actualidad\/wp-json\/wp\/v2\/tags?post=40336"}],"curies":[{"name":"wp","href":"https:\/\/api.w.org\/{rel}","templated":true}]}}