{"id":40334,"date":"2022-05-13T13:24:06","date_gmt":"2022-05-13T11:24:06","guid":{"rendered":"https:\/\/www.laguiadepamplona.com\/actualidad\/?p=40334"},"modified":"2023-04-11T11:48:12","modified_gmt":"2023-04-11T09:48:12","slug":"este-lunes-16-se-inician-en-golem-baiona-las-proyecciones-y-coloquios-de-la-seccion-oficial-de-ecozine-el-festival-de-cine-y-medio-ambiente","status":"publish","type":"post","link":"https:\/\/www.laguiadepamplona.com\/actualidad\/este-lunes-16-se-inician-en-golem-baiona-las-proyecciones-y-coloquios-de-la-seccion-oficial-de-ecozine-el-festival-de-cine-y-medio-ambiente\/","title":{"rendered":"Este lunes 16 se inician en Golem Baiona las proyecciones y coloquios de la Secci\u00f3n Oficial de Ecozine, el festival de cine y medio ambiente"},"content":{"rendered":"<h5>Cinco directoras y realizadores participar\u00e1n en las sesiones, que tienen entrada gratuita previa retirada de invitaci\u00f3n en las taquillas<\/h5>\n<p><!--more--><\/p>\n<p>Este pr\u00f3ximo lunes 16 de mayo arranca la Secci\u00f3n Oficial de Ecozine en Golem Baiona. De lunes a jueves, la oferta es un documental con argumento medioambiental que desarrolla una tem\u00e1tica de sensibilizaci\u00f3n en este \u00e1mbito. Adem\u00e1s, tras la proyecci\u00f3n, que se iniciar\u00e1 a las 19.30 horas, tendr\u00e1 lugar un coloquio relacionado con el audiovisual. Cada proyecci\u00f3n tiene un aforo l\u00edmite de 300 butacas y las plazas se cubrir\u00e1n con invitaciones que se deben recoger en la taquilla de las salas.<br \/>\n<script async src=\"\/\/pagead2.googlesyndication.com\/pagead\/js\/adsbygoogle.js\"><\/script><br \/>\n<!-- Noticias La Guia de Pamplona --><br \/>\n<ins class=\"adsbygoogle\"\nstyle=\"display:block\"\ndata-ad-client=\"ca-pub-6943679897239327\"\ndata-ad-slot=\"7048180777\"\ndata-ad-format=\"auto\"><\/ins><br \/>\n<script>\n(adsbygoogle = window.adsbygoogle || []).push({});\n<\/script><\/p>\n<p>La primera sesi\u00f3n ser\u00e1 este lunes 16 de mayo. Se proyectar\u00e1 en ingl\u00e9s, subtitulada a castellano, la italiana \u2018One earth. Tutto \u00e9 connesso\u2019 (2021), una cinta dirigida por Francesco De Augustinis sobre la producci\u00f3n hiperintensiva ganadera en granjas biotecnol\u00f3gicas, y de c\u00f3mo el sistema alimentario global est\u00e1 contribuyendo al cambio clim\u00e1tico, las epidemias y el colapso de la biodiversidad. Ser\u00e1 su director, De Agustinis, quien participe en la parte de coloquio, junto con Pedro Pi\u00f1eiro, director del festival.<\/p>\n<p>Tambi\u00e9n ser\u00e1n el director del filme exhibido el martes, Antonio Spano, y el director del festival, Pedro Pi\u00f1eiro, los protagonistas de la segunda parte de la sesi\u00f3n del 17 de mayo. La proyecci\u00f3n propuesta es \u2018Amuka\u2019, una coproducci\u00f3n B\u00e9lgica\/Rep\u00fablica Democr\u00e1tica de Congo, del a\u00f1o 2021. La cinta, rodada en franc\u00e9s y swahili, se centra en las cooperativas agr\u00edcolas y su potencialidad para luchar contra el hambre y ser\u00e1 exhibida en versi\u00f3n original subtitulada al castellano.<br \/>\n<script async src=\"\/\/pagead2.googlesyndication.com\/pagead\/js\/adsbygoogle.js\"><\/script><br \/>\n<!-- Noticias La Guia de Pamplona --><br \/>\n<ins class=\"adsbygoogle\"\nstyle=\"display:block\"\ndata-ad-client=\"ca-pub-6943679897239327\"\ndata-ad-slot=\"7048180777\"\ndata-ad-format=\"auto\"><\/ins><br \/>\n<script>\n(adsbygoogle = window.adsbygoogle || []).push({});\n<\/script><\/p>\n<p>El mi\u00e9rcoles 18 lo previsto para la Secci\u00f3n Oficial de Ecozine es \u2018Ophir\u2019 (Francia \/ Pap\u00faa Nueva Guinea \/ Reino Unido, 2020), una pel\u00edcula de Alexandre Berman y Olivier Pollet que arroja luz sobre el mayor conflicto en el Pac\u00edfico desde la Segunda Guerra Mundial, revelando las cadenas visibles e invisibles de la colonizaci\u00f3n en la naci\u00f3n m\u00e1s joven del mundo. Ambos realizadores se encontrar\u00e1n con el p\u00fablico tras la proyecci\u00f3n.<\/p>\n<p>Finalmente, para cerrar el festival, se ha elegido la \u00fanica cinta de producci\u00f3n espa\u00f1ola de la secci\u00f3n: \u2018La senda del pastor\u2019 (2021), de la realizadora Silvia Prada. La pel\u00edcula propone un viaje, a caballo entre el a\u00f1o 2019 y 2020, con seis pastores, mujeres y hombres de diferentes generaciones que alzan la voz para proteger su vocaci\u00f3n y la vida en el campo. Ser\u00e1 la propia Pradas la que participe en el coloquio, junto con una de las protagonistas del documental, la pastora. Marta P\u00e9rez<\/p>\n","protected":false},"excerpt":{"rendered":"<p>Cinco directoras y realizadores participar\u00e1n en las sesiones, que tienen entrada gratuita previa retirada de invitaci\u00f3n en las taquillas<\/p>\n","protected":false},"author":1,"featured_media":40257,"comment_status":"open","ping_status":"closed","sticky":false,"template":"","format":"standard","meta":{"footnotes":""},"categories":[2],"tags":[],"class_list":["post-40334","post","type-post","status-publish","format-standard","has-post-thumbnail","hentry","category-ayuntamiento-pamplona"],"yoast_head":"<!-- This site is optimized with the Yoast SEO plugin v27.3 - https:\/\/yoast.com\/product\/yoast-seo-wordpress\/ -->\n<title>Este lunes 16 se inician en Golem Baiona las proyecciones y coloquios de la Secci\u00f3n Oficial de Ecozine, el festival de cine y medio ambiente<\/title>\n<meta name=\"description\" content=\"Cinco directoras y realizadores participar\u00e1n en las sesiones, que tienen entrada gratuita previa retirada de invitaci\u00f3n en las taquillas\" \/>\n<meta name=\"robots\" content=\"index, follow, max-snippet:-1, max-image-preview:large, max-video-preview:-1\" \/>\n<link rel=\"canonical\" href=\"https:\/\/www.laguiadepamplona.com\/actualidad\/este-lunes-16-se-inician-en-golem-baiona-las-proyecciones-y-coloquios-de-la-seccion-oficial-de-ecozine-el-festival-de-cine-y-medio-ambiente\/\" \/>\n<meta property=\"og:locale\" content=\"es_ES\" \/>\n<meta property=\"og:type\" content=\"article\" \/>\n<meta property=\"og:title\" content=\"Este lunes 16 se inician en Golem Baiona las proyecciones y coloquios de la Secci\u00f3n Oficial de Ecozine, el festival de cine y medio ambiente\" \/>\n<meta property=\"og:description\" content=\"Cinco directoras y realizadores participar\u00e1n en las sesiones, que tienen entrada gratuita previa retirada de invitaci\u00f3n en las taquillas\" \/>\n<meta property=\"og:url\" content=\"https:\/\/www.laguiadepamplona.com\/actualidad\/este-lunes-16-se-inician-en-golem-baiona-las-proyecciones-y-coloquios-de-la-seccion-oficial-de-ecozine-el-festival-de-cine-y-medio-ambiente\/\" \/>\n<meta property=\"og:site_name\" content=\"La Gu\u00eda de Pamplona\" \/>\n<meta property=\"article:publisher\" content=\"https:\/\/www.facebook.com\/laguiadepamplonacom-133175176762273\/?ref=hl\" \/>\n<meta property=\"article:published_time\" content=\"2022-05-13T11:24:06+00:00\" \/>\n<meta property=\"article:modified_time\" content=\"2023-04-11T09:48:12+00:00\" \/>\n<meta property=\"og:image\" content=\"https:\/\/www.laguiadepamplona.com\/actualidad\/wp-content\/uploads\/2022\/05\/Cartel-ecozine-2022.webp\" \/>\n\t<meta property=\"og:image:width\" content=\"1358\" \/>\n\t<meta property=\"og:image:height\" content=\"1920\" \/>\n\t<meta property=\"og:image:type\" content=\"image\/webp\" \/>\n<meta name=\"author\" content=\"La Gu\u00eda de Pamplona\" \/>\n<meta name=\"twitter:card\" content=\"summary_large_image\" \/>\n<meta name=\"twitter:creator\" content=\"@LaGuiadPamplona\" \/>\n<meta name=\"twitter:site\" content=\"@LaGuiadPamplona\" \/>\n<meta name=\"twitter:label1\" content=\"Escrito por\" \/>\n\t<meta name=\"twitter:data1\" content=\"La Gu\u00eda de Pamplona\" \/>\n\t<meta name=\"twitter:label2\" content=\"Tiempo de lectura\" \/>\n\t<meta name=\"twitter:data2\" content=\"2 minutos\" \/>\n<script type=\"application\/ld+json\" class=\"yoast-schema-graph\">{\"@context\":\"https:\\\/\\\/schema.org\",\"@graph\":[{\"@type\":\"Article\",\"@id\":\"https:\\\/\\\/www.laguiadepamplona.com\\\/actualidad\\\/este-lunes-16-se-inician-en-golem-baiona-las-proyecciones-y-coloquios-de-la-seccion-oficial-de-ecozine-el-festival-de-cine-y-medio-ambiente\\\/#article\",\"isPartOf\":{\"@id\":\"https:\\\/\\\/www.laguiadepamplona.com\\\/actualidad\\\/este-lunes-16-se-inician-en-golem-baiona-las-proyecciones-y-coloquios-de-la-seccion-oficial-de-ecozine-el-festival-de-cine-y-medio-ambiente\\\/\"},\"author\":{\"name\":\"La Gu\u00eda de Pamplona\",\"@id\":\"https:\\\/\\\/www.laguiadepamplona.com\\\/actualidad\\\/#\\\/schema\\\/person\\\/efe887376f0213d4657c93adc50b1fdb\"},\"headline\":\"Este lunes 16 se inician en Golem Baiona las proyecciones y coloquios de la Secci\u00f3n Oficial de Ecozine, el festival de cine y medio ambiente\",\"datePublished\":\"2022-05-13T11:24:06+00:00\",\"dateModified\":\"2023-04-11T09:48:12+00:00\",\"mainEntityOfPage\":{\"@id\":\"https:\\\/\\\/www.laguiadepamplona.com\\\/actualidad\\\/este-lunes-16-se-inician-en-golem-baiona-las-proyecciones-y-coloquios-de-la-seccion-oficial-de-ecozine-el-festival-de-cine-y-medio-ambiente\\\/\"},\"wordCount\":469,\"commentCount\":0,\"publisher\":{\"@id\":\"https:\\\/\\\/www.laguiadepamplona.com\\\/actualidad\\\/#organization\"},\"image\":{\"@id\":\"https:\\\/\\\/www.laguiadepamplona.com\\\/actualidad\\\/este-lunes-16-se-inician-en-golem-baiona-las-proyecciones-y-coloquios-de-la-seccion-oficial-de-ecozine-el-festival-de-cine-y-medio-ambiente\\\/#primaryimage\"},\"thumbnailUrl\":\"https:\\\/\\\/www.laguiadepamplona.com\\\/actualidad\\\/wp-content\\\/uploads\\\/2022\\\/05\\\/Cartel-ecozine-2022.webp\",\"articleSection\":[\"Ayto Pamplona\"],\"inLanguage\":\"es\",\"potentialAction\":[{\"@type\":\"CommentAction\",\"name\":\"Comment\",\"target\":[\"https:\\\/\\\/www.laguiadepamplona.com\\\/actualidad\\\/este-lunes-16-se-inician-en-golem-baiona-las-proyecciones-y-coloquios-de-la-seccion-oficial-de-ecozine-el-festival-de-cine-y-medio-ambiente\\\/#respond\"]}]},{\"@type\":\"WebPage\",\"@id\":\"https:\\\/\\\/www.laguiadepamplona.com\\\/actualidad\\\/este-lunes-16-se-inician-en-golem-baiona-las-proyecciones-y-coloquios-de-la-seccion-oficial-de-ecozine-el-festival-de-cine-y-medio-ambiente\\\/\",\"url\":\"https:\\\/\\\/www.laguiadepamplona.com\\\/actualidad\\\/este-lunes-16-se-inician-en-golem-baiona-las-proyecciones-y-coloquios-de-la-seccion-oficial-de-ecozine-el-festival-de-cine-y-medio-ambiente\\\/\",\"name\":\"Este lunes 16 se inician en Golem Baiona las proyecciones y coloquios de la Secci\u00f3n Oficial de Ecozine, el festival de cine y medio ambiente\",\"isPartOf\":{\"@id\":\"https:\\\/\\\/www.laguiadepamplona.com\\\/actualidad\\\/#website\"},\"primaryImageOfPage\":{\"@id\":\"https:\\\/\\\/www.laguiadepamplona.com\\\/actualidad\\\/este-lunes-16-se-inician-en-golem-baiona-las-proyecciones-y-coloquios-de-la-seccion-oficial-de-ecozine-el-festival-de-cine-y-medio-ambiente\\\/#primaryimage\"},\"image\":{\"@id\":\"https:\\\/\\\/www.laguiadepamplona.com\\\/actualidad\\\/este-lunes-16-se-inician-en-golem-baiona-las-proyecciones-y-coloquios-de-la-seccion-oficial-de-ecozine-el-festival-de-cine-y-medio-ambiente\\\/#primaryimage\"},\"thumbnailUrl\":\"https:\\\/\\\/www.laguiadepamplona.com\\\/actualidad\\\/wp-content\\\/uploads\\\/2022\\\/05\\\/Cartel-ecozine-2022.webp\",\"datePublished\":\"2022-05-13T11:24:06+00:00\",\"dateModified\":\"2023-04-11T09:48:12+00:00\",\"description\":\"Cinco directoras y realizadores participar\u00e1n en las sesiones, que tienen entrada gratuita previa retirada de invitaci\u00f3n en las taquillas\",\"breadcrumb\":{\"@id\":\"https:\\\/\\\/www.laguiadepamplona.com\\\/actualidad\\\/este-lunes-16-se-inician-en-golem-baiona-las-proyecciones-y-coloquios-de-la-seccion-oficial-de-ecozine-el-festival-de-cine-y-medio-ambiente\\\/#breadcrumb\"},\"inLanguage\":\"es\",\"potentialAction\":[{\"@type\":\"ReadAction\",\"target\":[\"https:\\\/\\\/www.laguiadepamplona.com\\\/actualidad\\\/este-lunes-16-se-inician-en-golem-baiona-las-proyecciones-y-coloquios-de-la-seccion-oficial-de-ecozine-el-festival-de-cine-y-medio-ambiente\\\/\"]}]},{\"@type\":\"ImageObject\",\"inLanguage\":\"es\",\"@id\":\"https:\\\/\\\/www.laguiadepamplona.com\\\/actualidad\\\/este-lunes-16-se-inician-en-golem-baiona-las-proyecciones-y-coloquios-de-la-seccion-oficial-de-ecozine-el-festival-de-cine-y-medio-ambiente\\\/#primaryimage\",\"url\":\"https:\\\/\\\/www.laguiadepamplona.com\\\/actualidad\\\/wp-content\\\/uploads\\\/2022\\\/05\\\/Cartel-ecozine-2022.webp\",\"contentUrl\":\"https:\\\/\\\/www.laguiadepamplona.com\\\/actualidad\\\/wp-content\\\/uploads\\\/2022\\\/05\\\/Cartel-ecozine-2022.webp\",\"width\":1358,\"height\":1920},{\"@type\":\"BreadcrumbList\",\"@id\":\"https:\\\/\\\/www.laguiadepamplona.com\\\/actualidad\\\/este-lunes-16-se-inician-en-golem-baiona-las-proyecciones-y-coloquios-de-la-seccion-oficial-de-ecozine-el-festival-de-cine-y-medio-ambiente\\\/#breadcrumb\",\"itemListElement\":[{\"@type\":\"ListItem\",\"position\":1,\"name\":\"Portada\",\"item\":\"https:\\\/\\\/www.laguiadepamplona.com\\\/actualidad\\\/\"},{\"@type\":\"ListItem\",\"position\":2,\"name\":\"Este lunes 16 se inician en Golem Baiona las proyecciones y coloquios de la Secci\u00f3n Oficial de Ecozine, el festival de cine y medio ambiente\"}]},{\"@type\":\"WebSite\",\"@id\":\"https:\\\/\\\/www.laguiadepamplona.com\\\/actualidad\\\/#website\",\"url\":\"https:\\\/\\\/www.laguiadepamplona.com\\\/actualidad\\\/\",\"name\":\"La gu\u00eda de Pamplona\",\"description\":\"Noticias de Pamplona\",\"publisher\":{\"@id\":\"https:\\\/\\\/www.laguiadepamplona.com\\\/actualidad\\\/#organization\"},\"potentialAction\":[{\"@type\":\"SearchAction\",\"target\":{\"@type\":\"EntryPoint\",\"urlTemplate\":\"https:\\\/\\\/www.laguiadepamplona.com\\\/actualidad\\\/?s={search_term_string}\"},\"query-input\":{\"@type\":\"PropertyValueSpecification\",\"valueRequired\":true,\"valueName\":\"search_term_string\"}}],\"inLanguage\":\"es\"},{\"@type\":\"Organization\",\"@id\":\"https:\\\/\\\/www.laguiadepamplona.com\\\/actualidad\\\/#organization\",\"name\":\"La Gu\u00eda de Pamplona \\\/ Noticias\",\"url\":\"https:\\\/\\\/www.laguiadepamplona.com\\\/actualidad\\\/\",\"logo\":{\"@type\":\"ImageObject\",\"inLanguage\":\"es\",\"@id\":\"https:\\\/\\\/www.laguiadepamplona.com\\\/actualidad\\\/#\\\/schema\\\/logo\\\/image\\\/\",\"url\":\"https:\\\/\\\/www.laguiadepamplona.com\\\/actualidad\\\/wp-content\\\/uploads\\\/2018\\\/11\\\/logo-laguiadepamplona18-web1.png\",\"contentUrl\":\"https:\\\/\\\/www.laguiadepamplona.com\\\/actualidad\\\/wp-content\\\/uploads\\\/2018\\\/11\\\/logo-laguiadepamplona18-web1.png\",\"width\":600,\"height\":196,\"caption\":\"La Gu\u00eda de Pamplona \\\/ Noticias\"},\"image\":{\"@id\":\"https:\\\/\\\/www.laguiadepamplona.com\\\/actualidad\\\/#\\\/schema\\\/logo\\\/image\\\/\"},\"sameAs\":[\"https:\\\/\\\/www.facebook.com\\\/laguiadepamplonacom-133175176762273\\\/?ref=hl\",\"https:\\\/\\\/x.com\\\/LaGuiadPamplona\",\"https:\\\/\\\/www.instagram.com\\\/la_guia_de_pamplona\\\/\",\"https:\\\/\\\/www.youtube.com\\\/user\\\/laguiadepamplona\"]},{\"@type\":\"Person\",\"@id\":\"https:\\\/\\\/www.laguiadepamplona.com\\\/actualidad\\\/#\\\/schema\\\/person\\\/efe887376f0213d4657c93adc50b1fdb\",\"name\":\"La Gu\u00eda de Pamplona\",\"image\":{\"@type\":\"ImageObject\",\"inLanguage\":\"es\",\"@id\":\"https:\\\/\\\/secure.gravatar.com\\\/avatar\\\/b6992f131dc8d30ab0dff15446e9d346d9dbd95992de0fef795073f5ea83a81c?s=96&d=mm&r=g\",\"url\":\"https:\\\/\\\/secure.gravatar.com\\\/avatar\\\/b6992f131dc8d30ab0dff15446e9d346d9dbd95992de0fef795073f5ea83a81c?s=96&d=mm&r=g\",\"contentUrl\":\"https:\\\/\\\/secure.gravatar.com\\\/avatar\\\/b6992f131dc8d30ab0dff15446e9d346d9dbd95992de0fef795073f5ea83a81c?s=96&d=mm&r=g\",\"caption\":\"La Gu\u00eda de Pamplona\"}}]}<\/script>\n<!-- \/ Yoast SEO plugin. -->","yoast_head_json":{"title":"Este lunes 16 se inician en Golem Baiona las proyecciones y coloquios de la Secci\u00f3n Oficial de Ecozine, el festival de cine y medio ambiente","description":"Cinco directoras y realizadores participar\u00e1n en las sesiones, que tienen entrada gratuita previa retirada de invitaci\u00f3n en las taquillas","robots":{"index":"index","follow":"follow","max-snippet":"max-snippet:-1","max-image-preview":"max-image-preview:large","max-video-preview":"max-video-preview:-1"},"canonical":"https:\/\/www.laguiadepamplona.com\/actualidad\/este-lunes-16-se-inician-en-golem-baiona-las-proyecciones-y-coloquios-de-la-seccion-oficial-de-ecozine-el-festival-de-cine-y-medio-ambiente\/","og_locale":"es_ES","og_type":"article","og_title":"Este lunes 16 se inician en Golem Baiona las proyecciones y coloquios de la Secci\u00f3n Oficial de Ecozine, el festival de cine y medio ambiente","og_description":"Cinco directoras y realizadores participar\u00e1n en las sesiones, que tienen entrada gratuita previa retirada de invitaci\u00f3n en las taquillas","og_url":"https:\/\/www.laguiadepamplona.com\/actualidad\/este-lunes-16-se-inician-en-golem-baiona-las-proyecciones-y-coloquios-de-la-seccion-oficial-de-ecozine-el-festival-de-cine-y-medio-ambiente\/","og_site_name":"La Gu\u00eda de Pamplona","article_publisher":"https:\/\/www.facebook.com\/laguiadepamplonacom-133175176762273\/?ref=hl","article_published_time":"2022-05-13T11:24:06+00:00","article_modified_time":"2023-04-11T09:48:12+00:00","og_image":[{"width":1358,"height":1920,"url":"https:\/\/www.laguiadepamplona.com\/actualidad\/wp-content\/uploads\/2022\/05\/Cartel-ecozine-2022.webp","type":"image\/webp"}],"author":"La Gu\u00eda de Pamplona","twitter_card":"summary_large_image","twitter_creator":"@LaGuiadPamplona","twitter_site":"@LaGuiadPamplona","twitter_misc":{"Escrito por":"La Gu\u00eda de Pamplona","Tiempo de lectura":"2 minutos"},"schema":{"@context":"https:\/\/schema.org","@graph":[{"@type":"Article","@id":"https:\/\/www.laguiadepamplona.com\/actualidad\/este-lunes-16-se-inician-en-golem-baiona-las-proyecciones-y-coloquios-de-la-seccion-oficial-de-ecozine-el-festival-de-cine-y-medio-ambiente\/#article","isPartOf":{"@id":"https:\/\/www.laguiadepamplona.com\/actualidad\/este-lunes-16-se-inician-en-golem-baiona-las-proyecciones-y-coloquios-de-la-seccion-oficial-de-ecozine-el-festival-de-cine-y-medio-ambiente\/"},"author":{"name":"La Gu\u00eda de Pamplona","@id":"https:\/\/www.laguiadepamplona.com\/actualidad\/#\/schema\/person\/efe887376f0213d4657c93adc50b1fdb"},"headline":"Este lunes 16 se inician en Golem Baiona las proyecciones y coloquios de la Secci\u00f3n Oficial de Ecozine, el festival de cine y medio ambiente","datePublished":"2022-05-13T11:24:06+00:00","dateModified":"2023-04-11T09:48:12+00:00","mainEntityOfPage":{"@id":"https:\/\/www.laguiadepamplona.com\/actualidad\/este-lunes-16-se-inician-en-golem-baiona-las-proyecciones-y-coloquios-de-la-seccion-oficial-de-ecozine-el-festival-de-cine-y-medio-ambiente\/"},"wordCount":469,"commentCount":0,"publisher":{"@id":"https:\/\/www.laguiadepamplona.com\/actualidad\/#organization"},"image":{"@id":"https:\/\/www.laguiadepamplona.com\/actualidad\/este-lunes-16-se-inician-en-golem-baiona-las-proyecciones-y-coloquios-de-la-seccion-oficial-de-ecozine-el-festival-de-cine-y-medio-ambiente\/#primaryimage"},"thumbnailUrl":"https:\/\/www.laguiadepamplona.com\/actualidad\/wp-content\/uploads\/2022\/05\/Cartel-ecozine-2022.webp","articleSection":["Ayto Pamplona"],"inLanguage":"es","potentialAction":[{"@type":"CommentAction","name":"Comment","target":["https:\/\/www.laguiadepamplona.com\/actualidad\/este-lunes-16-se-inician-en-golem-baiona-las-proyecciones-y-coloquios-de-la-seccion-oficial-de-ecozine-el-festival-de-cine-y-medio-ambiente\/#respond"]}]},{"@type":"WebPage","@id":"https:\/\/www.laguiadepamplona.com\/actualidad\/este-lunes-16-se-inician-en-golem-baiona-las-proyecciones-y-coloquios-de-la-seccion-oficial-de-ecozine-el-festival-de-cine-y-medio-ambiente\/","url":"https:\/\/www.laguiadepamplona.com\/actualidad\/este-lunes-16-se-inician-en-golem-baiona-las-proyecciones-y-coloquios-de-la-seccion-oficial-de-ecozine-el-festival-de-cine-y-medio-ambiente\/","name":"Este lunes 16 se inician en Golem Baiona las proyecciones y coloquios de la Secci\u00f3n Oficial de Ecozine, el festival de cine y medio ambiente","isPartOf":{"@id":"https:\/\/www.laguiadepamplona.com\/actualidad\/#website"},"primaryImageOfPage":{"@id":"https:\/\/www.laguiadepamplona.com\/actualidad\/este-lunes-16-se-inician-en-golem-baiona-las-proyecciones-y-coloquios-de-la-seccion-oficial-de-ecozine-el-festival-de-cine-y-medio-ambiente\/#primaryimage"},"image":{"@id":"https:\/\/www.laguiadepamplona.com\/actualidad\/este-lunes-16-se-inician-en-golem-baiona-las-proyecciones-y-coloquios-de-la-seccion-oficial-de-ecozine-el-festival-de-cine-y-medio-ambiente\/#primaryimage"},"thumbnailUrl":"https:\/\/www.laguiadepamplona.com\/actualidad\/wp-content\/uploads\/2022\/05\/Cartel-ecozine-2022.webp","datePublished":"2022-05-13T11:24:06+00:00","dateModified":"2023-04-11T09:48:12+00:00","description":"Cinco directoras y realizadores participar\u00e1n en las sesiones, que tienen entrada gratuita previa retirada de invitaci\u00f3n en las taquillas","breadcrumb":{"@id":"https:\/\/www.laguiadepamplona.com\/actualidad\/este-lunes-16-se-inician-en-golem-baiona-las-proyecciones-y-coloquios-de-la-seccion-oficial-de-ecozine-el-festival-de-cine-y-medio-ambiente\/#breadcrumb"},"inLanguage":"es","potentialAction":[{"@type":"ReadAction","target":["https:\/\/www.laguiadepamplona.com\/actualidad\/este-lunes-16-se-inician-en-golem-baiona-las-proyecciones-y-coloquios-de-la-seccion-oficial-de-ecozine-el-festival-de-cine-y-medio-ambiente\/"]}]},{"@type":"ImageObject","inLanguage":"es","@id":"https:\/\/www.laguiadepamplona.com\/actualidad\/este-lunes-16-se-inician-en-golem-baiona-las-proyecciones-y-coloquios-de-la-seccion-oficial-de-ecozine-el-festival-de-cine-y-medio-ambiente\/#primaryimage","url":"https:\/\/www.laguiadepamplona.com\/actualidad\/wp-content\/uploads\/2022\/05\/Cartel-ecozine-2022.webp","contentUrl":"https:\/\/www.laguiadepamplona.com\/actualidad\/wp-content\/uploads\/2022\/05\/Cartel-ecozine-2022.webp","width":1358,"height":1920},{"@type":"BreadcrumbList","@id":"https:\/\/www.laguiadepamplona.com\/actualidad\/este-lunes-16-se-inician-en-golem-baiona-las-proyecciones-y-coloquios-de-la-seccion-oficial-de-ecozine-el-festival-de-cine-y-medio-ambiente\/#breadcrumb","itemListElement":[{"@type":"ListItem","position":1,"name":"Portada","item":"https:\/\/www.laguiadepamplona.com\/actualidad\/"},{"@type":"ListItem","position":2,"name":"Este lunes 16 se inician en Golem Baiona las proyecciones y coloquios de la Secci\u00f3n Oficial de Ecozine, el festival de cine y medio ambiente"}]},{"@type":"WebSite","@id":"https:\/\/www.laguiadepamplona.com\/actualidad\/#website","url":"https:\/\/www.laguiadepamplona.com\/actualidad\/","name":"La gu\u00eda de Pamplona","description":"Noticias de Pamplona","publisher":{"@id":"https:\/\/www.laguiadepamplona.com\/actualidad\/#organization"},"potentialAction":[{"@type":"SearchAction","target":{"@type":"EntryPoint","urlTemplate":"https:\/\/www.laguiadepamplona.com\/actualidad\/?s={search_term_string}"},"query-input":{"@type":"PropertyValueSpecification","valueRequired":true,"valueName":"search_term_string"}}],"inLanguage":"es"},{"@type":"Organization","@id":"https:\/\/www.laguiadepamplona.com\/actualidad\/#organization","name":"La Gu\u00eda de Pamplona \/ Noticias","url":"https:\/\/www.laguiadepamplona.com\/actualidad\/","logo":{"@type":"ImageObject","inLanguage":"es","@id":"https:\/\/www.laguiadepamplona.com\/actualidad\/#\/schema\/logo\/image\/","url":"https:\/\/www.laguiadepamplona.com\/actualidad\/wp-content\/uploads\/2018\/11\/logo-laguiadepamplona18-web1.png","contentUrl":"https:\/\/www.laguiadepamplona.com\/actualidad\/wp-content\/uploads\/2018\/11\/logo-laguiadepamplona18-web1.png","width":600,"height":196,"caption":"La Gu\u00eda de Pamplona \/ Noticias"},"image":{"@id":"https:\/\/www.laguiadepamplona.com\/actualidad\/#\/schema\/logo\/image\/"},"sameAs":["https:\/\/www.facebook.com\/laguiadepamplonacom-133175176762273\/?ref=hl","https:\/\/x.com\/LaGuiadPamplona","https:\/\/www.instagram.com\/la_guia_de_pamplona\/","https:\/\/www.youtube.com\/user\/laguiadepamplona"]},{"@type":"Person","@id":"https:\/\/www.laguiadepamplona.com\/actualidad\/#\/schema\/person\/efe887376f0213d4657c93adc50b1fdb","name":"La Gu\u00eda de Pamplona","image":{"@type":"ImageObject","inLanguage":"es","@id":"https:\/\/secure.gravatar.com\/avatar\/b6992f131dc8d30ab0dff15446e9d346d9dbd95992de0fef795073f5ea83a81c?s=96&d=mm&r=g","url":"https:\/\/secure.gravatar.com\/avatar\/b6992f131dc8d30ab0dff15446e9d346d9dbd95992de0fef795073f5ea83a81c?s=96&d=mm&r=g","contentUrl":"https:\/\/secure.gravatar.com\/avatar\/b6992f131dc8d30ab0dff15446e9d346d9dbd95992de0fef795073f5ea83a81c?s=96&d=mm&r=g","caption":"La Gu\u00eda de Pamplona"}}]}},"post_mailing_queue_ids":[],"_links":{"self":[{"href":"https:\/\/www.laguiadepamplona.com\/actualidad\/wp-json\/wp\/v2\/posts\/40334","targetHints":{"allow":["GET"]}}],"collection":[{"href":"https:\/\/www.laguiadepamplona.com\/actualidad\/wp-json\/wp\/v2\/posts"}],"about":[{"href":"https:\/\/www.laguiadepamplona.com\/actualidad\/wp-json\/wp\/v2\/types\/post"}],"author":[{"embeddable":true,"href":"https:\/\/www.laguiadepamplona.com\/actualidad\/wp-json\/wp\/v2\/users\/1"}],"replies":[{"embeddable":true,"href":"https:\/\/www.laguiadepamplona.com\/actualidad\/wp-json\/wp\/v2\/comments?post=40334"}],"version-history":[{"count":0,"href":"https:\/\/www.laguiadepamplona.com\/actualidad\/wp-json\/wp\/v2\/posts\/40334\/revisions"}],"wp:featuredmedia":[{"embeddable":true,"href":"https:\/\/www.laguiadepamplona.com\/actualidad\/wp-json\/wp\/v2\/media\/40257"}],"wp:attachment":[{"href":"https:\/\/www.laguiadepamplona.com\/actualidad\/wp-json\/wp\/v2\/media?parent=40334"}],"wp:term":[{"taxonomy":"category","embeddable":true,"href":"https:\/\/www.laguiadepamplona.com\/actualidad\/wp-json\/wp\/v2\/categories?post=40334"},{"taxonomy":"post_tag","embeddable":true,"href":"https:\/\/www.laguiadepamplona.com\/actualidad\/wp-json\/wp\/v2\/tags?post=40334"}],"curies":[{"name":"wp","href":"https:\/\/api.w.org\/{rel}","templated":true}]}}