{"id":40332,"date":"2022-05-13T12:24:32","date_gmt":"2022-05-13T10:24:32","guid":{"rendered":"https:\/\/www.laguiadepamplona.com\/actualidad\/?p=40332"},"modified":"2023-04-11T11:48:12","modified_gmt":"2023-04-11T09:48:12","slug":"el-ayuntamiento-de-pamplona-inicia-el-proceso-de-acreditacion-para-medios-de-comunicacion-y-profesionales-graficos-de-cara-a-la-cobertura-de-los-sanfermines-2022","status":"publish","type":"post","link":"https:\/\/www.laguiadepamplona.com\/actualidad\/el-ayuntamiento-de-pamplona-inicia-el-proceso-de-acreditacion-para-medios-de-comunicacion-y-profesionales-graficos-de-cara-a-la-cobertura-de-los-sanfermines-2022\/","title":{"rendered":"El Ayuntamiento de Pamplona inicia el proceso de acreditaci\u00f3n para medios de comunicaci\u00f3n y profesionales gr\u00e1ficos de cara a la cobertura de los Sanfermines 2022"},"content":{"rendered":"<h5>Se trata de un proceso de acreditaci\u00f3n online, previa solicitud por correo electr\u00f3nico, para la cobertura del Chupinazo, los encierros y el Pobre de M\u00ed<\/h5>\n<p><!--more--><\/p>\n<p>El Ayuntamiento de Pamplona iniciar\u00e1 este domingo 15 de mayo el proceso de acreditaciones dirigido a medios de comunicaci\u00f3n y profesionales gr\u00e1ficos de cara a la cobertura de las pr\u00f3ximas fiestas de San Ferm\u00edn 2022. El acceso al sistema para realizar las solicitudes de acreditaciones se realiza mediante un usuario y contrase\u00f1a, que se facilita previa solicitud por correo electr\u00f3nico a <a href=\"mailto:SFacreditaciones@pamplona.es\">SFacreditaciones@pamplona.es<\/a>. Profesionales y medios acreditado en 2019 recibir\u00e1n un correo con sus nuevos usuarios y contrase\u00f1as de acceso. El plazo de inscripci\u00f3n finaliza el 15 de junio a las 23.59 horas.<br \/>\n<script async src=\"\/\/pagead2.googlesyndication.com\/pagead\/js\/adsbygoogle.js\"><\/script><br \/>\n<!-- Noticias La Guia de Pamplona --><br \/>\n<ins class=\"adsbygoogle\"\nstyle=\"display:block\"\ndata-ad-client=\"ca-pub-6943679897239327\"\ndata-ad-slot=\"7048180777\"\ndata-ad-format=\"auto\"><\/ins><br \/>\n<script>\n(adsbygoogle = window.adsbygoogle || []).push({});\n<\/script><\/p>\n<p>El Ayuntamiento de Pamplona acredita a profesionales gr\u00e1ficos y medios de comunicaci\u00f3n para tres eventos de los Sanfermines: Chupinazo, Pobre de M\u00ed y encierros. Esas acreditaciones dan derecho de acceso a los edificios municipales de Casa Consistorial y Casa Seminario para la cobertura del Chupinazo y el Pobre de M\u00ed; y para la ubicaci\u00f3n de las personas acreditadas en la primera l\u00ednea de vallado durante los encierros. Las solicitudes deber\u00e1n ir acompa\u00f1adas de una declaraci\u00f3n responsable sobre la seguridad de las personas acreditadas, as\u00ed como de una justificaci\u00f3n, a modo de explicaci\u00f3n, del proyecto que se va a realizar. Una vez finalizado el plazo de solicitudes, el Servicio de Comunicaci\u00f3n municipal valorar\u00e1 las peticiones recibidas y asignar\u00e1 las acreditaciones.<\/p>\n<p>Las acreditaciones f\u00edsicas se repartir\u00e1n en los primeros d\u00edas de julio en la Oficina Internacional de Prensa, que este a\u00f1o se ubicar\u00e1 tambi\u00e9n Baluarte. En los \u00faltimos Sanfermines, en 2019, m\u00e1s de 400 profesionales gr\u00e1ficos y periodistas de 121 medios de comunicaci\u00f3n se acercaron a Pamplona para cubrir las fiestas e informar sobre lo que acontece entre el 6 y el 14 de julio. Adem\u00e1s de medios nacionales, se acredit\u00f3 a profesionales de Estados Unidos, Reino Unido, Francia, M\u00e9xico, Alemania, Brasil, Rusia, Jap\u00f3n, Cuba o Corea del Sur.<\/p>\n","protected":false},"excerpt":{"rendered":"<p>Se trata de un proceso de acreditaci\u00f3n online, previa solicitud por correo electr\u00f3nico, para la cobertura del Chupinazo, los encierros y el Pobre de M\u00ed<\/p>\n","protected":false},"author":1,"featured_media":13721,"comment_status":"open","ping_status":"closed","sticky":false,"template":"","format":"standard","meta":{"footnotes":""},"categories":[2,9406],"tags":[],"class_list":["post-40332","post","type-post","status-publish","format-standard","has-post-thumbnail","hentry","category-ayuntamiento-pamplona","category-san-fermin"],"yoast_head":"<!-- This site is optimized with the Yoast SEO plugin v27.3 - https:\/\/yoast.com\/product\/yoast-seo-wordpress\/ -->\n<title>El Ayuntamiento de Pamplona inicia el proceso de acreditaci\u00f3n para medios de comunicaci\u00f3n y profesionales gr\u00e1ficos de cara a la cobertura de los Sanfermines 2022<\/title>\n<meta name=\"description\" content=\"Se trata de un proceso de acreditaci\u00f3n online, previa solicitud por correo electr\u00f3nico, para la cobertura del Chupinazo, los encierros y el Pobre de M\u00ed\" \/>\n<meta name=\"robots\" content=\"index, follow, max-snippet:-1, max-image-preview:large, max-video-preview:-1\" \/>\n<link rel=\"canonical\" href=\"https:\/\/www.laguiadepamplona.com\/actualidad\/el-ayuntamiento-de-pamplona-inicia-el-proceso-de-acreditacion-para-medios-de-comunicacion-y-profesionales-graficos-de-cara-a-la-cobertura-de-los-sanfermines-2022\/\" \/>\n<meta property=\"og:locale\" content=\"es_ES\" \/>\n<meta property=\"og:type\" content=\"article\" \/>\n<meta property=\"og:title\" content=\"El Ayuntamiento de Pamplona inicia el proceso de acreditaci\u00f3n para medios de comunicaci\u00f3n y profesionales gr\u00e1ficos de cara a la cobertura de los Sanfermines 2022\" \/>\n<meta property=\"og:description\" content=\"Se trata de un proceso de acreditaci\u00f3n online, previa solicitud por correo electr\u00f3nico, para la cobertura del Chupinazo, los encierros y el Pobre de M\u00ed\" \/>\n<meta property=\"og:url\" content=\"https:\/\/www.laguiadepamplona.com\/actualidad\/el-ayuntamiento-de-pamplona-inicia-el-proceso-de-acreditacion-para-medios-de-comunicacion-y-profesionales-graficos-de-cara-a-la-cobertura-de-los-sanfermines-2022\/\" \/>\n<meta property=\"og:site_name\" content=\"La Gu\u00eda de Pamplona\" \/>\n<meta property=\"article:publisher\" content=\"https:\/\/www.facebook.com\/laguiadepamplonacom-133175176762273\/?ref=hl\" \/>\n<meta property=\"article:published_time\" content=\"2022-05-13T10:24:32+00:00\" \/>\n<meta property=\"article:modified_time\" content=\"2023-04-11T09:48:12+00:00\" \/>\n<meta property=\"og:image\" content=\"https:\/\/www.laguiadepamplona.com\/actualidad\/wp-content\/uploads\/2017\/06\/encierro-san-fermin.jpg\" \/>\n\t<meta property=\"og:image:width\" content=\"1000\" \/>\n\t<meta property=\"og:image:height\" content=\"667\" \/>\n\t<meta property=\"og:image:type\" content=\"image\/jpeg\" \/>\n<meta name=\"author\" content=\"La Gu\u00eda de Pamplona\" \/>\n<meta name=\"twitter:card\" content=\"summary_large_image\" \/>\n<meta name=\"twitter:creator\" content=\"@LaGuiadPamplona\" \/>\n<meta name=\"twitter:site\" content=\"@LaGuiadPamplona\" \/>\n<meta name=\"twitter:label1\" content=\"Escrito por\" \/>\n\t<meta name=\"twitter:data1\" content=\"La Gu\u00eda de Pamplona\" \/>\n\t<meta name=\"twitter:label2\" content=\"Tiempo de lectura\" \/>\n\t<meta name=\"twitter:data2\" content=\"2 minutos\" \/>\n<script type=\"application\/ld+json\" class=\"yoast-schema-graph\">{\"@context\":\"https:\\\/\\\/schema.org\",\"@graph\":[{\"@type\":\"Article\",\"@id\":\"https:\\\/\\\/www.laguiadepamplona.com\\\/actualidad\\\/el-ayuntamiento-de-pamplona-inicia-el-proceso-de-acreditacion-para-medios-de-comunicacion-y-profesionales-graficos-de-cara-a-la-cobertura-de-los-sanfermines-2022\\\/#article\",\"isPartOf\":{\"@id\":\"https:\\\/\\\/www.laguiadepamplona.com\\\/actualidad\\\/el-ayuntamiento-de-pamplona-inicia-el-proceso-de-acreditacion-para-medios-de-comunicacion-y-profesionales-graficos-de-cara-a-la-cobertura-de-los-sanfermines-2022\\\/\"},\"author\":{\"name\":\"La Gu\u00eda de Pamplona\",\"@id\":\"https:\\\/\\\/www.laguiadepamplona.com\\\/actualidad\\\/#\\\/schema\\\/person\\\/efe887376f0213d4657c93adc50b1fdb\"},\"headline\":\"El Ayuntamiento de Pamplona inicia el proceso de acreditaci\u00f3n para medios de comunicaci\u00f3n y profesionales gr\u00e1ficos de cara a la cobertura de los Sanfermines 2022\",\"datePublished\":\"2022-05-13T10:24:32+00:00\",\"dateModified\":\"2023-04-11T09:48:12+00:00\",\"mainEntityOfPage\":{\"@id\":\"https:\\\/\\\/www.laguiadepamplona.com\\\/actualidad\\\/el-ayuntamiento-de-pamplona-inicia-el-proceso-de-acreditacion-para-medios-de-comunicacion-y-profesionales-graficos-de-cara-a-la-cobertura-de-los-sanfermines-2022\\\/\"},\"wordCount\":375,\"commentCount\":0,\"publisher\":{\"@id\":\"https:\\\/\\\/www.laguiadepamplona.com\\\/actualidad\\\/#organization\"},\"image\":{\"@id\":\"https:\\\/\\\/www.laguiadepamplona.com\\\/actualidad\\\/el-ayuntamiento-de-pamplona-inicia-el-proceso-de-acreditacion-para-medios-de-comunicacion-y-profesionales-graficos-de-cara-a-la-cobertura-de-los-sanfermines-2022\\\/#primaryimage\"},\"thumbnailUrl\":\"https:\\\/\\\/www.laguiadepamplona.com\\\/actualidad\\\/wp-content\\\/uploads\\\/2017\\\/06\\\/encierro-san-fermin.jpg\",\"articleSection\":[\"Ayto Pamplona\",\"San Ferm\u00edn\"],\"inLanguage\":\"es\",\"potentialAction\":[{\"@type\":\"CommentAction\",\"name\":\"Comment\",\"target\":[\"https:\\\/\\\/www.laguiadepamplona.com\\\/actualidad\\\/el-ayuntamiento-de-pamplona-inicia-el-proceso-de-acreditacion-para-medios-de-comunicacion-y-profesionales-graficos-de-cara-a-la-cobertura-de-los-sanfermines-2022\\\/#respond\"]}]},{\"@type\":\"WebPage\",\"@id\":\"https:\\\/\\\/www.laguiadepamplona.com\\\/actualidad\\\/el-ayuntamiento-de-pamplona-inicia-el-proceso-de-acreditacion-para-medios-de-comunicacion-y-profesionales-graficos-de-cara-a-la-cobertura-de-los-sanfermines-2022\\\/\",\"url\":\"https:\\\/\\\/www.laguiadepamplona.com\\\/actualidad\\\/el-ayuntamiento-de-pamplona-inicia-el-proceso-de-acreditacion-para-medios-de-comunicacion-y-profesionales-graficos-de-cara-a-la-cobertura-de-los-sanfermines-2022\\\/\",\"name\":\"El Ayuntamiento de Pamplona inicia el proceso de acreditaci\u00f3n para medios de comunicaci\u00f3n y profesionales gr\u00e1ficos de cara a la cobertura de los Sanfermines 2022\",\"isPartOf\":{\"@id\":\"https:\\\/\\\/www.laguiadepamplona.com\\\/actualidad\\\/#website\"},\"primaryImageOfPage\":{\"@id\":\"https:\\\/\\\/www.laguiadepamplona.com\\\/actualidad\\\/el-ayuntamiento-de-pamplona-inicia-el-proceso-de-acreditacion-para-medios-de-comunicacion-y-profesionales-graficos-de-cara-a-la-cobertura-de-los-sanfermines-2022\\\/#primaryimage\"},\"image\":{\"@id\":\"https:\\\/\\\/www.laguiadepamplona.com\\\/actualidad\\\/el-ayuntamiento-de-pamplona-inicia-el-proceso-de-acreditacion-para-medios-de-comunicacion-y-profesionales-graficos-de-cara-a-la-cobertura-de-los-sanfermines-2022\\\/#primaryimage\"},\"thumbnailUrl\":\"https:\\\/\\\/www.laguiadepamplona.com\\\/actualidad\\\/wp-content\\\/uploads\\\/2017\\\/06\\\/encierro-san-fermin.jpg\",\"datePublished\":\"2022-05-13T10:24:32+00:00\",\"dateModified\":\"2023-04-11T09:48:12+00:00\",\"description\":\"Se trata de un proceso de acreditaci\u00f3n online, previa solicitud por correo electr\u00f3nico, para la cobertura del Chupinazo, los encierros y el Pobre de M\u00ed\",\"breadcrumb\":{\"@id\":\"https:\\\/\\\/www.laguiadepamplona.com\\\/actualidad\\\/el-ayuntamiento-de-pamplona-inicia-el-proceso-de-acreditacion-para-medios-de-comunicacion-y-profesionales-graficos-de-cara-a-la-cobertura-de-los-sanfermines-2022\\\/#breadcrumb\"},\"inLanguage\":\"es\",\"potentialAction\":[{\"@type\":\"ReadAction\",\"target\":[\"https:\\\/\\\/www.laguiadepamplona.com\\\/actualidad\\\/el-ayuntamiento-de-pamplona-inicia-el-proceso-de-acreditacion-para-medios-de-comunicacion-y-profesionales-graficos-de-cara-a-la-cobertura-de-los-sanfermines-2022\\\/\"]}]},{\"@type\":\"ImageObject\",\"inLanguage\":\"es\",\"@id\":\"https:\\\/\\\/www.laguiadepamplona.com\\\/actualidad\\\/el-ayuntamiento-de-pamplona-inicia-el-proceso-de-acreditacion-para-medios-de-comunicacion-y-profesionales-graficos-de-cara-a-la-cobertura-de-los-sanfermines-2022\\\/#primaryimage\",\"url\":\"https:\\\/\\\/www.laguiadepamplona.com\\\/actualidad\\\/wp-content\\\/uploads\\\/2017\\\/06\\\/encierro-san-fermin.jpg\",\"contentUrl\":\"https:\\\/\\\/www.laguiadepamplona.com\\\/actualidad\\\/wp-content\\\/uploads\\\/2017\\\/06\\\/encierro-san-fermin.jpg\",\"width\":1000,\"height\":667},{\"@type\":\"BreadcrumbList\",\"@id\":\"https:\\\/\\\/www.laguiadepamplona.com\\\/actualidad\\\/el-ayuntamiento-de-pamplona-inicia-el-proceso-de-acreditacion-para-medios-de-comunicacion-y-profesionales-graficos-de-cara-a-la-cobertura-de-los-sanfermines-2022\\\/#breadcrumb\",\"itemListElement\":[{\"@type\":\"ListItem\",\"position\":1,\"name\":\"Portada\",\"item\":\"https:\\\/\\\/www.laguiadepamplona.com\\\/actualidad\\\/\"},{\"@type\":\"ListItem\",\"position\":2,\"name\":\"El Ayuntamiento de Pamplona inicia el proceso de acreditaci\u00f3n para medios de comunicaci\u00f3n y profesionales gr\u00e1ficos de cara a la cobertura de los Sanfermines 2022\"}]},{\"@type\":\"WebSite\",\"@id\":\"https:\\\/\\\/www.laguiadepamplona.com\\\/actualidad\\\/#website\",\"url\":\"https:\\\/\\\/www.laguiadepamplona.com\\\/actualidad\\\/\",\"name\":\"La gu\u00eda de Pamplona\",\"description\":\"Noticias de Pamplona\",\"publisher\":{\"@id\":\"https:\\\/\\\/www.laguiadepamplona.com\\\/actualidad\\\/#organization\"},\"potentialAction\":[{\"@type\":\"SearchAction\",\"target\":{\"@type\":\"EntryPoint\",\"urlTemplate\":\"https:\\\/\\\/www.laguiadepamplona.com\\\/actualidad\\\/?s={search_term_string}\"},\"query-input\":{\"@type\":\"PropertyValueSpecification\",\"valueRequired\":true,\"valueName\":\"search_term_string\"}}],\"inLanguage\":\"es\"},{\"@type\":\"Organization\",\"@id\":\"https:\\\/\\\/www.laguiadepamplona.com\\\/actualidad\\\/#organization\",\"name\":\"La Gu\u00eda de Pamplona \\\/ Noticias\",\"url\":\"https:\\\/\\\/www.laguiadepamplona.com\\\/actualidad\\\/\",\"logo\":{\"@type\":\"ImageObject\",\"inLanguage\":\"es\",\"@id\":\"https:\\\/\\\/www.laguiadepamplona.com\\\/actualidad\\\/#\\\/schema\\\/logo\\\/image\\\/\",\"url\":\"https:\\\/\\\/www.laguiadepamplona.com\\\/actualidad\\\/wp-content\\\/uploads\\\/2018\\\/11\\\/logo-laguiadepamplona18-web1.png\",\"contentUrl\":\"https:\\\/\\\/www.laguiadepamplona.com\\\/actualidad\\\/wp-content\\\/uploads\\\/2018\\\/11\\\/logo-laguiadepamplona18-web1.png\",\"width\":600,\"height\":196,\"caption\":\"La Gu\u00eda de Pamplona \\\/ Noticias\"},\"image\":{\"@id\":\"https:\\\/\\\/www.laguiadepamplona.com\\\/actualidad\\\/#\\\/schema\\\/logo\\\/image\\\/\"},\"sameAs\":[\"https:\\\/\\\/www.facebook.com\\\/laguiadepamplonacom-133175176762273\\\/?ref=hl\",\"https:\\\/\\\/x.com\\\/LaGuiadPamplona\",\"https:\\\/\\\/www.instagram.com\\\/la_guia_de_pamplona\\\/\",\"https:\\\/\\\/www.youtube.com\\\/user\\\/laguiadepamplona\"]},{\"@type\":\"Person\",\"@id\":\"https:\\\/\\\/www.laguiadepamplona.com\\\/actualidad\\\/#\\\/schema\\\/person\\\/efe887376f0213d4657c93adc50b1fdb\",\"name\":\"La Gu\u00eda de Pamplona\",\"image\":{\"@type\":\"ImageObject\",\"inLanguage\":\"es\",\"@id\":\"https:\\\/\\\/secure.gravatar.com\\\/avatar\\\/b6992f131dc8d30ab0dff15446e9d346d9dbd95992de0fef795073f5ea83a81c?s=96&d=mm&r=g\",\"url\":\"https:\\\/\\\/secure.gravatar.com\\\/avatar\\\/b6992f131dc8d30ab0dff15446e9d346d9dbd95992de0fef795073f5ea83a81c?s=96&d=mm&r=g\",\"contentUrl\":\"https:\\\/\\\/secure.gravatar.com\\\/avatar\\\/b6992f131dc8d30ab0dff15446e9d346d9dbd95992de0fef795073f5ea83a81c?s=96&d=mm&r=g\",\"caption\":\"La Gu\u00eda de Pamplona\"}}]}<\/script>\n<!-- \/ Yoast SEO plugin. -->","yoast_head_json":{"title":"El Ayuntamiento de Pamplona inicia el proceso de acreditaci\u00f3n para medios de comunicaci\u00f3n y profesionales gr\u00e1ficos de cara a la cobertura de los Sanfermines 2022","description":"Se trata de un proceso de acreditaci\u00f3n online, previa solicitud por correo electr\u00f3nico, para la cobertura del Chupinazo, los encierros y el Pobre de M\u00ed","robots":{"index":"index","follow":"follow","max-snippet":"max-snippet:-1","max-image-preview":"max-image-preview:large","max-video-preview":"max-video-preview:-1"},"canonical":"https:\/\/www.laguiadepamplona.com\/actualidad\/el-ayuntamiento-de-pamplona-inicia-el-proceso-de-acreditacion-para-medios-de-comunicacion-y-profesionales-graficos-de-cara-a-la-cobertura-de-los-sanfermines-2022\/","og_locale":"es_ES","og_type":"article","og_title":"El Ayuntamiento de Pamplona inicia el proceso de acreditaci\u00f3n para medios de comunicaci\u00f3n y profesionales gr\u00e1ficos de cara a la cobertura de los Sanfermines 2022","og_description":"Se trata de un proceso de acreditaci\u00f3n online, previa solicitud por correo electr\u00f3nico, para la cobertura del Chupinazo, los encierros y el Pobre de M\u00ed","og_url":"https:\/\/www.laguiadepamplona.com\/actualidad\/el-ayuntamiento-de-pamplona-inicia-el-proceso-de-acreditacion-para-medios-de-comunicacion-y-profesionales-graficos-de-cara-a-la-cobertura-de-los-sanfermines-2022\/","og_site_name":"La Gu\u00eda de Pamplona","article_publisher":"https:\/\/www.facebook.com\/laguiadepamplonacom-133175176762273\/?ref=hl","article_published_time":"2022-05-13T10:24:32+00:00","article_modified_time":"2023-04-11T09:48:12+00:00","og_image":[{"width":1000,"height":667,"url":"https:\/\/www.laguiadepamplona.com\/actualidad\/wp-content\/uploads\/2017\/06\/encierro-san-fermin.jpg","type":"image\/jpeg"}],"author":"La Gu\u00eda de Pamplona","twitter_card":"summary_large_image","twitter_creator":"@LaGuiadPamplona","twitter_site":"@LaGuiadPamplona","twitter_misc":{"Escrito por":"La Gu\u00eda de Pamplona","Tiempo de lectura":"2 minutos"},"schema":{"@context":"https:\/\/schema.org","@graph":[{"@type":"Article","@id":"https:\/\/www.laguiadepamplona.com\/actualidad\/el-ayuntamiento-de-pamplona-inicia-el-proceso-de-acreditacion-para-medios-de-comunicacion-y-profesionales-graficos-de-cara-a-la-cobertura-de-los-sanfermines-2022\/#article","isPartOf":{"@id":"https:\/\/www.laguiadepamplona.com\/actualidad\/el-ayuntamiento-de-pamplona-inicia-el-proceso-de-acreditacion-para-medios-de-comunicacion-y-profesionales-graficos-de-cara-a-la-cobertura-de-los-sanfermines-2022\/"},"author":{"name":"La Gu\u00eda de Pamplona","@id":"https:\/\/www.laguiadepamplona.com\/actualidad\/#\/schema\/person\/efe887376f0213d4657c93adc50b1fdb"},"headline":"El Ayuntamiento de Pamplona inicia el proceso de acreditaci\u00f3n para medios de comunicaci\u00f3n y profesionales gr\u00e1ficos de cara a la cobertura de los Sanfermines 2022","datePublished":"2022-05-13T10:24:32+00:00","dateModified":"2023-04-11T09:48:12+00:00","mainEntityOfPage":{"@id":"https:\/\/www.laguiadepamplona.com\/actualidad\/el-ayuntamiento-de-pamplona-inicia-el-proceso-de-acreditacion-para-medios-de-comunicacion-y-profesionales-graficos-de-cara-a-la-cobertura-de-los-sanfermines-2022\/"},"wordCount":375,"commentCount":0,"publisher":{"@id":"https:\/\/www.laguiadepamplona.com\/actualidad\/#organization"},"image":{"@id":"https:\/\/www.laguiadepamplona.com\/actualidad\/el-ayuntamiento-de-pamplona-inicia-el-proceso-de-acreditacion-para-medios-de-comunicacion-y-profesionales-graficos-de-cara-a-la-cobertura-de-los-sanfermines-2022\/#primaryimage"},"thumbnailUrl":"https:\/\/www.laguiadepamplona.com\/actualidad\/wp-content\/uploads\/2017\/06\/encierro-san-fermin.jpg","articleSection":["Ayto Pamplona","San Ferm\u00edn"],"inLanguage":"es","potentialAction":[{"@type":"CommentAction","name":"Comment","target":["https:\/\/www.laguiadepamplona.com\/actualidad\/el-ayuntamiento-de-pamplona-inicia-el-proceso-de-acreditacion-para-medios-de-comunicacion-y-profesionales-graficos-de-cara-a-la-cobertura-de-los-sanfermines-2022\/#respond"]}]},{"@type":"WebPage","@id":"https:\/\/www.laguiadepamplona.com\/actualidad\/el-ayuntamiento-de-pamplona-inicia-el-proceso-de-acreditacion-para-medios-de-comunicacion-y-profesionales-graficos-de-cara-a-la-cobertura-de-los-sanfermines-2022\/","url":"https:\/\/www.laguiadepamplona.com\/actualidad\/el-ayuntamiento-de-pamplona-inicia-el-proceso-de-acreditacion-para-medios-de-comunicacion-y-profesionales-graficos-de-cara-a-la-cobertura-de-los-sanfermines-2022\/","name":"El Ayuntamiento de Pamplona inicia el proceso de acreditaci\u00f3n para medios de comunicaci\u00f3n y profesionales gr\u00e1ficos de cara a la cobertura de los Sanfermines 2022","isPartOf":{"@id":"https:\/\/www.laguiadepamplona.com\/actualidad\/#website"},"primaryImageOfPage":{"@id":"https:\/\/www.laguiadepamplona.com\/actualidad\/el-ayuntamiento-de-pamplona-inicia-el-proceso-de-acreditacion-para-medios-de-comunicacion-y-profesionales-graficos-de-cara-a-la-cobertura-de-los-sanfermines-2022\/#primaryimage"},"image":{"@id":"https:\/\/www.laguiadepamplona.com\/actualidad\/el-ayuntamiento-de-pamplona-inicia-el-proceso-de-acreditacion-para-medios-de-comunicacion-y-profesionales-graficos-de-cara-a-la-cobertura-de-los-sanfermines-2022\/#primaryimage"},"thumbnailUrl":"https:\/\/www.laguiadepamplona.com\/actualidad\/wp-content\/uploads\/2017\/06\/encierro-san-fermin.jpg","datePublished":"2022-05-13T10:24:32+00:00","dateModified":"2023-04-11T09:48:12+00:00","description":"Se trata de un proceso de acreditaci\u00f3n online, previa solicitud por correo electr\u00f3nico, para la cobertura del Chupinazo, los encierros y el Pobre de M\u00ed","breadcrumb":{"@id":"https:\/\/www.laguiadepamplona.com\/actualidad\/el-ayuntamiento-de-pamplona-inicia-el-proceso-de-acreditacion-para-medios-de-comunicacion-y-profesionales-graficos-de-cara-a-la-cobertura-de-los-sanfermines-2022\/#breadcrumb"},"inLanguage":"es","potentialAction":[{"@type":"ReadAction","target":["https:\/\/www.laguiadepamplona.com\/actualidad\/el-ayuntamiento-de-pamplona-inicia-el-proceso-de-acreditacion-para-medios-de-comunicacion-y-profesionales-graficos-de-cara-a-la-cobertura-de-los-sanfermines-2022\/"]}]},{"@type":"ImageObject","inLanguage":"es","@id":"https:\/\/www.laguiadepamplona.com\/actualidad\/el-ayuntamiento-de-pamplona-inicia-el-proceso-de-acreditacion-para-medios-de-comunicacion-y-profesionales-graficos-de-cara-a-la-cobertura-de-los-sanfermines-2022\/#primaryimage","url":"https:\/\/www.laguiadepamplona.com\/actualidad\/wp-content\/uploads\/2017\/06\/encierro-san-fermin.jpg","contentUrl":"https:\/\/www.laguiadepamplona.com\/actualidad\/wp-content\/uploads\/2017\/06\/encierro-san-fermin.jpg","width":1000,"height":667},{"@type":"BreadcrumbList","@id":"https:\/\/www.laguiadepamplona.com\/actualidad\/el-ayuntamiento-de-pamplona-inicia-el-proceso-de-acreditacion-para-medios-de-comunicacion-y-profesionales-graficos-de-cara-a-la-cobertura-de-los-sanfermines-2022\/#breadcrumb","itemListElement":[{"@type":"ListItem","position":1,"name":"Portada","item":"https:\/\/www.laguiadepamplona.com\/actualidad\/"},{"@type":"ListItem","position":2,"name":"El Ayuntamiento de Pamplona inicia el proceso de acreditaci\u00f3n para medios de comunicaci\u00f3n y profesionales gr\u00e1ficos de cara a la cobertura de los Sanfermines 2022"}]},{"@type":"WebSite","@id":"https:\/\/www.laguiadepamplona.com\/actualidad\/#website","url":"https:\/\/www.laguiadepamplona.com\/actualidad\/","name":"La gu\u00eda de Pamplona","description":"Noticias de Pamplona","publisher":{"@id":"https:\/\/www.laguiadepamplona.com\/actualidad\/#organization"},"potentialAction":[{"@type":"SearchAction","target":{"@type":"EntryPoint","urlTemplate":"https:\/\/www.laguiadepamplona.com\/actualidad\/?s={search_term_string}"},"query-input":{"@type":"PropertyValueSpecification","valueRequired":true,"valueName":"search_term_string"}}],"inLanguage":"es"},{"@type":"Organization","@id":"https:\/\/www.laguiadepamplona.com\/actualidad\/#organization","name":"La Gu\u00eda de Pamplona \/ Noticias","url":"https:\/\/www.laguiadepamplona.com\/actualidad\/","logo":{"@type":"ImageObject","inLanguage":"es","@id":"https:\/\/www.laguiadepamplona.com\/actualidad\/#\/schema\/logo\/image\/","url":"https:\/\/www.laguiadepamplona.com\/actualidad\/wp-content\/uploads\/2018\/11\/logo-laguiadepamplona18-web1.png","contentUrl":"https:\/\/www.laguiadepamplona.com\/actualidad\/wp-content\/uploads\/2018\/11\/logo-laguiadepamplona18-web1.png","width":600,"height":196,"caption":"La Gu\u00eda de Pamplona \/ Noticias"},"image":{"@id":"https:\/\/www.laguiadepamplona.com\/actualidad\/#\/schema\/logo\/image\/"},"sameAs":["https:\/\/www.facebook.com\/laguiadepamplonacom-133175176762273\/?ref=hl","https:\/\/x.com\/LaGuiadPamplona","https:\/\/www.instagram.com\/la_guia_de_pamplona\/","https:\/\/www.youtube.com\/user\/laguiadepamplona"]},{"@type":"Person","@id":"https:\/\/www.laguiadepamplona.com\/actualidad\/#\/schema\/person\/efe887376f0213d4657c93adc50b1fdb","name":"La Gu\u00eda de Pamplona","image":{"@type":"ImageObject","inLanguage":"es","@id":"https:\/\/secure.gravatar.com\/avatar\/b6992f131dc8d30ab0dff15446e9d346d9dbd95992de0fef795073f5ea83a81c?s=96&d=mm&r=g","url":"https:\/\/secure.gravatar.com\/avatar\/b6992f131dc8d30ab0dff15446e9d346d9dbd95992de0fef795073f5ea83a81c?s=96&d=mm&r=g","contentUrl":"https:\/\/secure.gravatar.com\/avatar\/b6992f131dc8d30ab0dff15446e9d346d9dbd95992de0fef795073f5ea83a81c?s=96&d=mm&r=g","caption":"La Gu\u00eda de Pamplona"}}]}},"post_mailing_queue_ids":[],"_links":{"self":[{"href":"https:\/\/www.laguiadepamplona.com\/actualidad\/wp-json\/wp\/v2\/posts\/40332","targetHints":{"allow":["GET"]}}],"collection":[{"href":"https:\/\/www.laguiadepamplona.com\/actualidad\/wp-json\/wp\/v2\/posts"}],"about":[{"href":"https:\/\/www.laguiadepamplona.com\/actualidad\/wp-json\/wp\/v2\/types\/post"}],"author":[{"embeddable":true,"href":"https:\/\/www.laguiadepamplona.com\/actualidad\/wp-json\/wp\/v2\/users\/1"}],"replies":[{"embeddable":true,"href":"https:\/\/www.laguiadepamplona.com\/actualidad\/wp-json\/wp\/v2\/comments?post=40332"}],"version-history":[{"count":0,"href":"https:\/\/www.laguiadepamplona.com\/actualidad\/wp-json\/wp\/v2\/posts\/40332\/revisions"}],"wp:featuredmedia":[{"embeddable":true,"href":"https:\/\/www.laguiadepamplona.com\/actualidad\/wp-json\/wp\/v2\/media\/13721"}],"wp:attachment":[{"href":"https:\/\/www.laguiadepamplona.com\/actualidad\/wp-json\/wp\/v2\/media?parent=40332"}],"wp:term":[{"taxonomy":"category","embeddable":true,"href":"https:\/\/www.laguiadepamplona.com\/actualidad\/wp-json\/wp\/v2\/categories?post=40332"},{"taxonomy":"post_tag","embeddable":true,"href":"https:\/\/www.laguiadepamplona.com\/actualidad\/wp-json\/wp\/v2\/tags?post=40332"}],"curies":[{"name":"wp","href":"https:\/\/api.w.org\/{rel}","templated":true}]}}