{"id":40329,"date":"2022-05-13T12:23:11","date_gmt":"2022-05-13T10:23:11","guid":{"rendered":"https:\/\/www.laguiadepamplona.com\/actualidad\/?p=40329"},"modified":"2023-04-11T11:48:12","modified_gmt":"2023-04-11T09:48:12","slug":"gaz-kalo-y-cermin-se-unen-al-proyecto-pamplona-frente-al-odio-puesto-en-marcha-por-el-ayuntamiento-a-traves-de-policia-municipal-junto-a-otras-once-asociaciones","status":"publish","type":"post","link":"https:\/\/www.laguiadepamplona.com\/actualidad\/gaz-kalo-y-cermin-se-unen-al-proyecto-pamplona-frente-al-odio-puesto-en-marcha-por-el-ayuntamiento-a-traves-de-policia-municipal-junto-a-otras-once-asociaciones\/","title":{"rendered":"Gaz Kal\u00f3 y CERMIN se unen al proyecto \u2018Pamplona frente al Odio\u2019, puesto en marcha por el Ayuntamiento, a trav\u00e9s de Polic\u00eda Municipal, junto a otras once asociaciones"},"content":{"rendered":"<h5>El proyecto coordinada actuaciones para prevenir, identificar y luchar contra los delitos o incidentes de odio en la ciudad<\/h5>\n<p><!--more--><\/p>\n<p>Dos asociaciones m\u00e1s se han sumado en este mes de mayo al proyecto \u2018Pamplona frente al Odio\u2019. La Fundaci\u00f3n de Asociaciones Gitanas de Navarra Gaz Kal\u00f3 y CERMIN se han adherido a esta iniciativa, anteriormente conocida como proyecto CLARA, dirigida a hacer frente a los delitos o incidentes de odio que surjan en la ciudad. De esta forma son ya trece las entidades que participan en este proyecto que coordina el Ayuntamiento de Pamplona, a trav\u00e9s de la Polic\u00eda Municipal.<br \/>\n<script async src=\"\/\/pagead2.googlesyndication.com\/pagead\/js\/adsbygoogle.js\"><\/script><br \/>\n<!-- Noticias La Guia de Pamplona --><br \/>\n<ins class=\"adsbygoogle\"\nstyle=\"display:block\"\ndata-ad-client=\"ca-pub-6943679897239327\"\ndata-ad-slot=\"7048180777\"\ndata-ad-format=\"auto\"><\/ins><br \/>\n<script>\n(adsbygoogle = window.adsbygoogle || []).push({});\n<\/script><\/p>\n<p>Este acuerdo es el fruto de las necesidades detectadas en el proyecto europeo CLARA, cofinanciado dentro del programa de Derechos, Igualdad y Ciudadan\u00eda de la Uni\u00f3n Europea. Dicho proyecto fue dirigido a la mejora de las capacidades de las autoridades locales y comunidades para prevenir, identificar y luchar contra los incidentes racistas y xen\u00f3fobos, los discursos y delitos de odio, siendo complementado por un modelo de seguimiento y apoyo a las v\u00edctimas de estos delitos.<\/p>\n<p>Por todo ello, se detect\u00f3 la necesidad de dotarse de los medios adecuados para obtener un conocimiento lo m\u00e1s detallado de los incidentes y\/o delitos de odio que se pudieran dar en Pamplona. Igualmente, se identific\u00f3 la necesidad de trabajar, tanto la administraci\u00f3n como las diversas comunidades al un\u00edsono con el objetivo de erradicar este tipo de conductas totalmente reprochables en la actualidad.<\/p>\n<p>El pasado mes de noviembre se celebr\u00f3 un acto en el que el Ayuntamiento de Pamplona y representantes de once entidades firmaron un convenio de colaboraci\u00f3n para poner en marcha un protocolo que permita hacer frente a las situaciones de odio. Esas once asociaciones, a las que ahora se han sumado CERMIN y Gaz Kal\u00f3, y que siguen formando parte del proyecto son Secretariado Gitano, Comunidad Isl\u00e1mica de Pamplona, C\u00e1ritas Diocesana de Pamplona-Tudela, Asociaci\u00f3n SEI, Cruz Roja, M\u00e9dicos del Mundo, Kattalingorri, SOS Racismo Navarra, Plataforma ciudadana contra la islamofobia, fundaci\u00f3n XILEMA y La Majar\u00ed Asociaci\u00f3n Gitana de Navarra.<br \/>\n<script async src=\"\/\/pagead2.googlesyndication.com\/pagead\/js\/adsbygoogle.js\"><\/script><br \/>\n<!-- Noticias La Guia de Pamplona --><br \/>\n<ins class=\"adsbygoogle\"\nstyle=\"display:block\"\ndata-ad-client=\"ca-pub-6943679897239327\"\ndata-ad-slot=\"7048180777\"\ndata-ad-format=\"auto\"><\/ins><br \/>\n<script>\n(adsbygoogle = window.adsbygoogle || []).push({});\n<\/script><\/p>\n<p>El compromiso adquirido por las entidades participantes pasa por la recogida y an\u00e1lisis de todos los hechos que pudieran considerarse como incidentes y posibles delitos de odio. Esas entidades informar\u00e1n a la persona afectada de las posibilidades existentes y recursos disponibles en cuanto a su situaci\u00f3n particular, m\u00e1s all\u00e1 de si interpone o no denuncia. Asimismo, el proyecto cuenta con una comisi\u00f3n de seguimiento en la que se comparte aquella informaci\u00f3n relacionada con los incidentes y\/o delitos de odio y se proponen las acciones m\u00e1s adecuadas para dar visibilidad a ese tipo de incidentes.<\/p>\n","protected":false},"excerpt":{"rendered":"<p>El proyecto coordinada actuaciones para prevenir, identificar y luchar contra los delitos o incidentes de odio en la ciudad<\/p>\n","protected":false},"author":1,"featured_media":40330,"comment_status":"open","ping_status":"closed","sticky":false,"template":"","format":"standard","meta":{"footnotes":""},"categories":[2],"tags":[],"class_list":["post-40329","post","type-post","status-publish","format-standard","has-post-thumbnail","hentry","category-ayuntamiento-pamplona"],"yoast_head":"<!-- This site is optimized with the Yoast SEO plugin v27.3 - https:\/\/yoast.com\/product\/yoast-seo-wordpress\/ -->\n<title>Gaz Kal\u00f3 y CERMIN se unen al proyecto \u2018Pamplona frente al Odio\u2019, puesto en marcha por el Ayuntamiento, a trav\u00e9s de Polic\u00eda Municipal, junto a otras once asociaciones<\/title>\n<meta name=\"description\" content=\"El proyecto coordinada actuaciones para prevenir, identificar y luchar contra los delitos o incidentes de odio en la ciudad\" \/>\n<meta name=\"robots\" content=\"index, follow, max-snippet:-1, max-image-preview:large, max-video-preview:-1\" \/>\n<link rel=\"canonical\" href=\"https:\/\/www.laguiadepamplona.com\/actualidad\/gaz-kalo-y-cermin-se-unen-al-proyecto-pamplona-frente-al-odio-puesto-en-marcha-por-el-ayuntamiento-a-traves-de-policia-municipal-junto-a-otras-once-asociaciones\/\" \/>\n<meta property=\"og:locale\" content=\"es_ES\" \/>\n<meta property=\"og:type\" content=\"article\" \/>\n<meta property=\"og:title\" content=\"Gaz Kal\u00f3 y CERMIN se unen al proyecto \u2018Pamplona frente al Odio\u2019, puesto en marcha por el Ayuntamiento, a trav\u00e9s de Polic\u00eda Municipal, junto a otras once asociaciones\" \/>\n<meta property=\"og:description\" content=\"El proyecto coordinada actuaciones para prevenir, identificar y luchar contra los delitos o incidentes de odio en la ciudad\" \/>\n<meta property=\"og:url\" content=\"https:\/\/www.laguiadepamplona.com\/actualidad\/gaz-kalo-y-cermin-se-unen-al-proyecto-pamplona-frente-al-odio-puesto-en-marcha-por-el-ayuntamiento-a-traves-de-policia-municipal-junto-a-otras-once-asociaciones\/\" \/>\n<meta property=\"og:site_name\" content=\"La Gu\u00eda de Pamplona\" \/>\n<meta property=\"article:publisher\" content=\"https:\/\/www.facebook.com\/laguiadepamplonacom-133175176762273\/?ref=hl\" \/>\n<meta property=\"article:published_time\" content=\"2022-05-13T10:23:11+00:00\" \/>\n<meta property=\"article:modified_time\" content=\"2023-04-11T09:48:12+00:00\" \/>\n<meta property=\"og:image\" content=\"https:\/\/www.laguiadepamplona.com\/actualidad\/wp-content\/uploads\/2022\/05\/igualdad_planeta.webp\" \/>\n\t<meta property=\"og:image:width\" content=\"1920\" \/>\n\t<meta property=\"og:image:height\" content=\"1220\" \/>\n\t<meta property=\"og:image:type\" content=\"image\/webp\" \/>\n<meta name=\"author\" content=\"La Gu\u00eda de Pamplona\" \/>\n<meta name=\"twitter:card\" content=\"summary_large_image\" \/>\n<meta name=\"twitter:creator\" content=\"@LaGuiadPamplona\" \/>\n<meta name=\"twitter:site\" content=\"@LaGuiadPamplona\" \/>\n<meta name=\"twitter:label1\" content=\"Escrito por\" \/>\n\t<meta name=\"twitter:data1\" content=\"La Gu\u00eda de Pamplona\" \/>\n\t<meta name=\"twitter:label2\" content=\"Tiempo de lectura\" \/>\n\t<meta name=\"twitter:data2\" content=\"2 minutos\" \/>\n<script type=\"application\/ld+json\" class=\"yoast-schema-graph\">{\"@context\":\"https:\\\/\\\/schema.org\",\"@graph\":[{\"@type\":\"Article\",\"@id\":\"https:\\\/\\\/www.laguiadepamplona.com\\\/actualidad\\\/gaz-kalo-y-cermin-se-unen-al-proyecto-pamplona-frente-al-odio-puesto-en-marcha-por-el-ayuntamiento-a-traves-de-policia-municipal-junto-a-otras-once-asociaciones\\\/#article\",\"isPartOf\":{\"@id\":\"https:\\\/\\\/www.laguiadepamplona.com\\\/actualidad\\\/gaz-kalo-y-cermin-se-unen-al-proyecto-pamplona-frente-al-odio-puesto-en-marcha-por-el-ayuntamiento-a-traves-de-policia-municipal-junto-a-otras-once-asociaciones\\\/\"},\"author\":{\"name\":\"La Gu\u00eda de Pamplona\",\"@id\":\"https:\\\/\\\/www.laguiadepamplona.com\\\/actualidad\\\/#\\\/schema\\\/person\\\/efe887376f0213d4657c93adc50b1fdb\"},\"headline\":\"Gaz Kal\u00f3 y CERMIN se unen al proyecto \u2018Pamplona frente al Odio\u2019, puesto en marcha por el Ayuntamiento, a trav\u00e9s de Polic\u00eda Municipal, junto a otras once asociaciones\",\"datePublished\":\"2022-05-13T10:23:11+00:00\",\"dateModified\":\"2023-04-11T09:48:12+00:00\",\"mainEntityOfPage\":{\"@id\":\"https:\\\/\\\/www.laguiadepamplona.com\\\/actualidad\\\/gaz-kalo-y-cermin-se-unen-al-proyecto-pamplona-frente-al-odio-puesto-en-marcha-por-el-ayuntamiento-a-traves-de-policia-municipal-junto-a-otras-once-asociaciones\\\/\"},\"wordCount\":486,\"commentCount\":0,\"publisher\":{\"@id\":\"https:\\\/\\\/www.laguiadepamplona.com\\\/actualidad\\\/#organization\"},\"image\":{\"@id\":\"https:\\\/\\\/www.laguiadepamplona.com\\\/actualidad\\\/gaz-kalo-y-cermin-se-unen-al-proyecto-pamplona-frente-al-odio-puesto-en-marcha-por-el-ayuntamiento-a-traves-de-policia-municipal-junto-a-otras-once-asociaciones\\\/#primaryimage\"},\"thumbnailUrl\":\"https:\\\/\\\/www.laguiadepamplona.com\\\/actualidad\\\/wp-content\\\/uploads\\\/2022\\\/05\\\/igualdad_planeta.webp\",\"articleSection\":[\"Ayto Pamplona\"],\"inLanguage\":\"es\",\"potentialAction\":[{\"@type\":\"CommentAction\",\"name\":\"Comment\",\"target\":[\"https:\\\/\\\/www.laguiadepamplona.com\\\/actualidad\\\/gaz-kalo-y-cermin-se-unen-al-proyecto-pamplona-frente-al-odio-puesto-en-marcha-por-el-ayuntamiento-a-traves-de-policia-municipal-junto-a-otras-once-asociaciones\\\/#respond\"]}]},{\"@type\":\"WebPage\",\"@id\":\"https:\\\/\\\/www.laguiadepamplona.com\\\/actualidad\\\/gaz-kalo-y-cermin-se-unen-al-proyecto-pamplona-frente-al-odio-puesto-en-marcha-por-el-ayuntamiento-a-traves-de-policia-municipal-junto-a-otras-once-asociaciones\\\/\",\"url\":\"https:\\\/\\\/www.laguiadepamplona.com\\\/actualidad\\\/gaz-kalo-y-cermin-se-unen-al-proyecto-pamplona-frente-al-odio-puesto-en-marcha-por-el-ayuntamiento-a-traves-de-policia-municipal-junto-a-otras-once-asociaciones\\\/\",\"name\":\"Gaz Kal\u00f3 y CERMIN se unen al proyecto \u2018Pamplona frente al Odio\u2019, puesto en marcha por el Ayuntamiento, a trav\u00e9s de Polic\u00eda Municipal, junto a otras once asociaciones\",\"isPartOf\":{\"@id\":\"https:\\\/\\\/www.laguiadepamplona.com\\\/actualidad\\\/#website\"},\"primaryImageOfPage\":{\"@id\":\"https:\\\/\\\/www.laguiadepamplona.com\\\/actualidad\\\/gaz-kalo-y-cermin-se-unen-al-proyecto-pamplona-frente-al-odio-puesto-en-marcha-por-el-ayuntamiento-a-traves-de-policia-municipal-junto-a-otras-once-asociaciones\\\/#primaryimage\"},\"image\":{\"@id\":\"https:\\\/\\\/www.laguiadepamplona.com\\\/actualidad\\\/gaz-kalo-y-cermin-se-unen-al-proyecto-pamplona-frente-al-odio-puesto-en-marcha-por-el-ayuntamiento-a-traves-de-policia-municipal-junto-a-otras-once-asociaciones\\\/#primaryimage\"},\"thumbnailUrl\":\"https:\\\/\\\/www.laguiadepamplona.com\\\/actualidad\\\/wp-content\\\/uploads\\\/2022\\\/05\\\/igualdad_planeta.webp\",\"datePublished\":\"2022-05-13T10:23:11+00:00\",\"dateModified\":\"2023-04-11T09:48:12+00:00\",\"description\":\"El proyecto coordinada actuaciones para prevenir, identificar y luchar contra los delitos o incidentes de odio en la ciudad\",\"breadcrumb\":{\"@id\":\"https:\\\/\\\/www.laguiadepamplona.com\\\/actualidad\\\/gaz-kalo-y-cermin-se-unen-al-proyecto-pamplona-frente-al-odio-puesto-en-marcha-por-el-ayuntamiento-a-traves-de-policia-municipal-junto-a-otras-once-asociaciones\\\/#breadcrumb\"},\"inLanguage\":\"es\",\"potentialAction\":[{\"@type\":\"ReadAction\",\"target\":[\"https:\\\/\\\/www.laguiadepamplona.com\\\/actualidad\\\/gaz-kalo-y-cermin-se-unen-al-proyecto-pamplona-frente-al-odio-puesto-en-marcha-por-el-ayuntamiento-a-traves-de-policia-municipal-junto-a-otras-once-asociaciones\\\/\"]}]},{\"@type\":\"ImageObject\",\"inLanguage\":\"es\",\"@id\":\"https:\\\/\\\/www.laguiadepamplona.com\\\/actualidad\\\/gaz-kalo-y-cermin-se-unen-al-proyecto-pamplona-frente-al-odio-puesto-en-marcha-por-el-ayuntamiento-a-traves-de-policia-municipal-junto-a-otras-once-asociaciones\\\/#primaryimage\",\"url\":\"https:\\\/\\\/www.laguiadepamplona.com\\\/actualidad\\\/wp-content\\\/uploads\\\/2022\\\/05\\\/igualdad_planeta.webp\",\"contentUrl\":\"https:\\\/\\\/www.laguiadepamplona.com\\\/actualidad\\\/wp-content\\\/uploads\\\/2022\\\/05\\\/igualdad_planeta.webp\",\"width\":1920,\"height\":1220,\"caption\":\"igualdad\"},{\"@type\":\"BreadcrumbList\",\"@id\":\"https:\\\/\\\/www.laguiadepamplona.com\\\/actualidad\\\/gaz-kalo-y-cermin-se-unen-al-proyecto-pamplona-frente-al-odio-puesto-en-marcha-por-el-ayuntamiento-a-traves-de-policia-municipal-junto-a-otras-once-asociaciones\\\/#breadcrumb\",\"itemListElement\":[{\"@type\":\"ListItem\",\"position\":1,\"name\":\"Portada\",\"item\":\"https:\\\/\\\/www.laguiadepamplona.com\\\/actualidad\\\/\"},{\"@type\":\"ListItem\",\"position\":2,\"name\":\"Gaz Kal\u00f3 y CERMIN se unen al proyecto \u2018Pamplona frente al Odio\u2019, puesto en marcha por el Ayuntamiento, a trav\u00e9s de Polic\u00eda Municipal, junto a otras once asociaciones\"}]},{\"@type\":\"WebSite\",\"@id\":\"https:\\\/\\\/www.laguiadepamplona.com\\\/actualidad\\\/#website\",\"url\":\"https:\\\/\\\/www.laguiadepamplona.com\\\/actualidad\\\/\",\"name\":\"La gu\u00eda de Pamplona\",\"description\":\"Noticias de Pamplona\",\"publisher\":{\"@id\":\"https:\\\/\\\/www.laguiadepamplona.com\\\/actualidad\\\/#organization\"},\"potentialAction\":[{\"@type\":\"SearchAction\",\"target\":{\"@type\":\"EntryPoint\",\"urlTemplate\":\"https:\\\/\\\/www.laguiadepamplona.com\\\/actualidad\\\/?s={search_term_string}\"},\"query-input\":{\"@type\":\"PropertyValueSpecification\",\"valueRequired\":true,\"valueName\":\"search_term_string\"}}],\"inLanguage\":\"es\"},{\"@type\":\"Organization\",\"@id\":\"https:\\\/\\\/www.laguiadepamplona.com\\\/actualidad\\\/#organization\",\"name\":\"La Gu\u00eda de Pamplona \\\/ Noticias\",\"url\":\"https:\\\/\\\/www.laguiadepamplona.com\\\/actualidad\\\/\",\"logo\":{\"@type\":\"ImageObject\",\"inLanguage\":\"es\",\"@id\":\"https:\\\/\\\/www.laguiadepamplona.com\\\/actualidad\\\/#\\\/schema\\\/logo\\\/image\\\/\",\"url\":\"https:\\\/\\\/www.laguiadepamplona.com\\\/actualidad\\\/wp-content\\\/uploads\\\/2018\\\/11\\\/logo-laguiadepamplona18-web1.png\",\"contentUrl\":\"https:\\\/\\\/www.laguiadepamplona.com\\\/actualidad\\\/wp-content\\\/uploads\\\/2018\\\/11\\\/logo-laguiadepamplona18-web1.png\",\"width\":600,\"height\":196,\"caption\":\"La Gu\u00eda de Pamplona \\\/ Noticias\"},\"image\":{\"@id\":\"https:\\\/\\\/www.laguiadepamplona.com\\\/actualidad\\\/#\\\/schema\\\/logo\\\/image\\\/\"},\"sameAs\":[\"https:\\\/\\\/www.facebook.com\\\/laguiadepamplonacom-133175176762273\\\/?ref=hl\",\"https:\\\/\\\/x.com\\\/LaGuiadPamplona\",\"https:\\\/\\\/www.instagram.com\\\/la_guia_de_pamplona\\\/\",\"https:\\\/\\\/www.youtube.com\\\/user\\\/laguiadepamplona\"]},{\"@type\":\"Person\",\"@id\":\"https:\\\/\\\/www.laguiadepamplona.com\\\/actualidad\\\/#\\\/schema\\\/person\\\/efe887376f0213d4657c93adc50b1fdb\",\"name\":\"La Gu\u00eda de Pamplona\",\"image\":{\"@type\":\"ImageObject\",\"inLanguage\":\"es\",\"@id\":\"https:\\\/\\\/secure.gravatar.com\\\/avatar\\\/b6992f131dc8d30ab0dff15446e9d346d9dbd95992de0fef795073f5ea83a81c?s=96&d=mm&r=g\",\"url\":\"https:\\\/\\\/secure.gravatar.com\\\/avatar\\\/b6992f131dc8d30ab0dff15446e9d346d9dbd95992de0fef795073f5ea83a81c?s=96&d=mm&r=g\",\"contentUrl\":\"https:\\\/\\\/secure.gravatar.com\\\/avatar\\\/b6992f131dc8d30ab0dff15446e9d346d9dbd95992de0fef795073f5ea83a81c?s=96&d=mm&r=g\",\"caption\":\"La Gu\u00eda de Pamplona\"}}]}<\/script>\n<!-- \/ Yoast SEO plugin. -->","yoast_head_json":{"title":"Gaz Kal\u00f3 y CERMIN se unen al proyecto \u2018Pamplona frente al Odio\u2019, puesto en marcha por el Ayuntamiento, a trav\u00e9s de Polic\u00eda Municipal, junto a otras once asociaciones","description":"El proyecto coordinada actuaciones para prevenir, identificar y luchar contra los delitos o incidentes de odio en la ciudad","robots":{"index":"index","follow":"follow","max-snippet":"max-snippet:-1","max-image-preview":"max-image-preview:large","max-video-preview":"max-video-preview:-1"},"canonical":"https:\/\/www.laguiadepamplona.com\/actualidad\/gaz-kalo-y-cermin-se-unen-al-proyecto-pamplona-frente-al-odio-puesto-en-marcha-por-el-ayuntamiento-a-traves-de-policia-municipal-junto-a-otras-once-asociaciones\/","og_locale":"es_ES","og_type":"article","og_title":"Gaz Kal\u00f3 y CERMIN se unen al proyecto \u2018Pamplona frente al Odio\u2019, puesto en marcha por el Ayuntamiento, a trav\u00e9s de Polic\u00eda Municipal, junto a otras once asociaciones","og_description":"El proyecto coordinada actuaciones para prevenir, identificar y luchar contra los delitos o incidentes de odio en la ciudad","og_url":"https:\/\/www.laguiadepamplona.com\/actualidad\/gaz-kalo-y-cermin-se-unen-al-proyecto-pamplona-frente-al-odio-puesto-en-marcha-por-el-ayuntamiento-a-traves-de-policia-municipal-junto-a-otras-once-asociaciones\/","og_site_name":"La Gu\u00eda de Pamplona","article_publisher":"https:\/\/www.facebook.com\/laguiadepamplonacom-133175176762273\/?ref=hl","article_published_time":"2022-05-13T10:23:11+00:00","article_modified_time":"2023-04-11T09:48:12+00:00","og_image":[{"width":1920,"height":1220,"url":"https:\/\/www.laguiadepamplona.com\/actualidad\/wp-content\/uploads\/2022\/05\/igualdad_planeta.webp","type":"image\/webp"}],"author":"La Gu\u00eda de Pamplona","twitter_card":"summary_large_image","twitter_creator":"@LaGuiadPamplona","twitter_site":"@LaGuiadPamplona","twitter_misc":{"Escrito por":"La Gu\u00eda de Pamplona","Tiempo de lectura":"2 minutos"},"schema":{"@context":"https:\/\/schema.org","@graph":[{"@type":"Article","@id":"https:\/\/www.laguiadepamplona.com\/actualidad\/gaz-kalo-y-cermin-se-unen-al-proyecto-pamplona-frente-al-odio-puesto-en-marcha-por-el-ayuntamiento-a-traves-de-policia-municipal-junto-a-otras-once-asociaciones\/#article","isPartOf":{"@id":"https:\/\/www.laguiadepamplona.com\/actualidad\/gaz-kalo-y-cermin-se-unen-al-proyecto-pamplona-frente-al-odio-puesto-en-marcha-por-el-ayuntamiento-a-traves-de-policia-municipal-junto-a-otras-once-asociaciones\/"},"author":{"name":"La Gu\u00eda de Pamplona","@id":"https:\/\/www.laguiadepamplona.com\/actualidad\/#\/schema\/person\/efe887376f0213d4657c93adc50b1fdb"},"headline":"Gaz Kal\u00f3 y CERMIN se unen al proyecto \u2018Pamplona frente al Odio\u2019, puesto en marcha por el Ayuntamiento, a trav\u00e9s de Polic\u00eda Municipal, junto a otras once asociaciones","datePublished":"2022-05-13T10:23:11+00:00","dateModified":"2023-04-11T09:48:12+00:00","mainEntityOfPage":{"@id":"https:\/\/www.laguiadepamplona.com\/actualidad\/gaz-kalo-y-cermin-se-unen-al-proyecto-pamplona-frente-al-odio-puesto-en-marcha-por-el-ayuntamiento-a-traves-de-policia-municipal-junto-a-otras-once-asociaciones\/"},"wordCount":486,"commentCount":0,"publisher":{"@id":"https:\/\/www.laguiadepamplona.com\/actualidad\/#organization"},"image":{"@id":"https:\/\/www.laguiadepamplona.com\/actualidad\/gaz-kalo-y-cermin-se-unen-al-proyecto-pamplona-frente-al-odio-puesto-en-marcha-por-el-ayuntamiento-a-traves-de-policia-municipal-junto-a-otras-once-asociaciones\/#primaryimage"},"thumbnailUrl":"https:\/\/www.laguiadepamplona.com\/actualidad\/wp-content\/uploads\/2022\/05\/igualdad_planeta.webp","articleSection":["Ayto Pamplona"],"inLanguage":"es","potentialAction":[{"@type":"CommentAction","name":"Comment","target":["https:\/\/www.laguiadepamplona.com\/actualidad\/gaz-kalo-y-cermin-se-unen-al-proyecto-pamplona-frente-al-odio-puesto-en-marcha-por-el-ayuntamiento-a-traves-de-policia-municipal-junto-a-otras-once-asociaciones\/#respond"]}]},{"@type":"WebPage","@id":"https:\/\/www.laguiadepamplona.com\/actualidad\/gaz-kalo-y-cermin-se-unen-al-proyecto-pamplona-frente-al-odio-puesto-en-marcha-por-el-ayuntamiento-a-traves-de-policia-municipal-junto-a-otras-once-asociaciones\/","url":"https:\/\/www.laguiadepamplona.com\/actualidad\/gaz-kalo-y-cermin-se-unen-al-proyecto-pamplona-frente-al-odio-puesto-en-marcha-por-el-ayuntamiento-a-traves-de-policia-municipal-junto-a-otras-once-asociaciones\/","name":"Gaz Kal\u00f3 y CERMIN se unen al proyecto \u2018Pamplona frente al Odio\u2019, puesto en marcha por el Ayuntamiento, a trav\u00e9s de Polic\u00eda Municipal, junto a otras once asociaciones","isPartOf":{"@id":"https:\/\/www.laguiadepamplona.com\/actualidad\/#website"},"primaryImageOfPage":{"@id":"https:\/\/www.laguiadepamplona.com\/actualidad\/gaz-kalo-y-cermin-se-unen-al-proyecto-pamplona-frente-al-odio-puesto-en-marcha-por-el-ayuntamiento-a-traves-de-policia-municipal-junto-a-otras-once-asociaciones\/#primaryimage"},"image":{"@id":"https:\/\/www.laguiadepamplona.com\/actualidad\/gaz-kalo-y-cermin-se-unen-al-proyecto-pamplona-frente-al-odio-puesto-en-marcha-por-el-ayuntamiento-a-traves-de-policia-municipal-junto-a-otras-once-asociaciones\/#primaryimage"},"thumbnailUrl":"https:\/\/www.laguiadepamplona.com\/actualidad\/wp-content\/uploads\/2022\/05\/igualdad_planeta.webp","datePublished":"2022-05-13T10:23:11+00:00","dateModified":"2023-04-11T09:48:12+00:00","description":"El proyecto coordinada actuaciones para prevenir, identificar y luchar contra los delitos o incidentes de odio en la ciudad","breadcrumb":{"@id":"https:\/\/www.laguiadepamplona.com\/actualidad\/gaz-kalo-y-cermin-se-unen-al-proyecto-pamplona-frente-al-odio-puesto-en-marcha-por-el-ayuntamiento-a-traves-de-policia-municipal-junto-a-otras-once-asociaciones\/#breadcrumb"},"inLanguage":"es","potentialAction":[{"@type":"ReadAction","target":["https:\/\/www.laguiadepamplona.com\/actualidad\/gaz-kalo-y-cermin-se-unen-al-proyecto-pamplona-frente-al-odio-puesto-en-marcha-por-el-ayuntamiento-a-traves-de-policia-municipal-junto-a-otras-once-asociaciones\/"]}]},{"@type":"ImageObject","inLanguage":"es","@id":"https:\/\/www.laguiadepamplona.com\/actualidad\/gaz-kalo-y-cermin-se-unen-al-proyecto-pamplona-frente-al-odio-puesto-en-marcha-por-el-ayuntamiento-a-traves-de-policia-municipal-junto-a-otras-once-asociaciones\/#primaryimage","url":"https:\/\/www.laguiadepamplona.com\/actualidad\/wp-content\/uploads\/2022\/05\/igualdad_planeta.webp","contentUrl":"https:\/\/www.laguiadepamplona.com\/actualidad\/wp-content\/uploads\/2022\/05\/igualdad_planeta.webp","width":1920,"height":1220,"caption":"igualdad"},{"@type":"BreadcrumbList","@id":"https:\/\/www.laguiadepamplona.com\/actualidad\/gaz-kalo-y-cermin-se-unen-al-proyecto-pamplona-frente-al-odio-puesto-en-marcha-por-el-ayuntamiento-a-traves-de-policia-municipal-junto-a-otras-once-asociaciones\/#breadcrumb","itemListElement":[{"@type":"ListItem","position":1,"name":"Portada","item":"https:\/\/www.laguiadepamplona.com\/actualidad\/"},{"@type":"ListItem","position":2,"name":"Gaz Kal\u00f3 y CERMIN se unen al proyecto \u2018Pamplona frente al Odio\u2019, puesto en marcha por el Ayuntamiento, a trav\u00e9s de Polic\u00eda Municipal, junto a otras once asociaciones"}]},{"@type":"WebSite","@id":"https:\/\/www.laguiadepamplona.com\/actualidad\/#website","url":"https:\/\/www.laguiadepamplona.com\/actualidad\/","name":"La gu\u00eda de Pamplona","description":"Noticias de Pamplona","publisher":{"@id":"https:\/\/www.laguiadepamplona.com\/actualidad\/#organization"},"potentialAction":[{"@type":"SearchAction","target":{"@type":"EntryPoint","urlTemplate":"https:\/\/www.laguiadepamplona.com\/actualidad\/?s={search_term_string}"},"query-input":{"@type":"PropertyValueSpecification","valueRequired":true,"valueName":"search_term_string"}}],"inLanguage":"es"},{"@type":"Organization","@id":"https:\/\/www.laguiadepamplona.com\/actualidad\/#organization","name":"La Gu\u00eda de Pamplona \/ Noticias","url":"https:\/\/www.laguiadepamplona.com\/actualidad\/","logo":{"@type":"ImageObject","inLanguage":"es","@id":"https:\/\/www.laguiadepamplona.com\/actualidad\/#\/schema\/logo\/image\/","url":"https:\/\/www.laguiadepamplona.com\/actualidad\/wp-content\/uploads\/2018\/11\/logo-laguiadepamplona18-web1.png","contentUrl":"https:\/\/www.laguiadepamplona.com\/actualidad\/wp-content\/uploads\/2018\/11\/logo-laguiadepamplona18-web1.png","width":600,"height":196,"caption":"La Gu\u00eda de Pamplona \/ Noticias"},"image":{"@id":"https:\/\/www.laguiadepamplona.com\/actualidad\/#\/schema\/logo\/image\/"},"sameAs":["https:\/\/www.facebook.com\/laguiadepamplonacom-133175176762273\/?ref=hl","https:\/\/x.com\/LaGuiadPamplona","https:\/\/www.instagram.com\/la_guia_de_pamplona\/","https:\/\/www.youtube.com\/user\/laguiadepamplona"]},{"@type":"Person","@id":"https:\/\/www.laguiadepamplona.com\/actualidad\/#\/schema\/person\/efe887376f0213d4657c93adc50b1fdb","name":"La Gu\u00eda de Pamplona","image":{"@type":"ImageObject","inLanguage":"es","@id":"https:\/\/secure.gravatar.com\/avatar\/b6992f131dc8d30ab0dff15446e9d346d9dbd95992de0fef795073f5ea83a81c?s=96&d=mm&r=g","url":"https:\/\/secure.gravatar.com\/avatar\/b6992f131dc8d30ab0dff15446e9d346d9dbd95992de0fef795073f5ea83a81c?s=96&d=mm&r=g","contentUrl":"https:\/\/secure.gravatar.com\/avatar\/b6992f131dc8d30ab0dff15446e9d346d9dbd95992de0fef795073f5ea83a81c?s=96&d=mm&r=g","caption":"La Gu\u00eda de Pamplona"}}]}},"post_mailing_queue_ids":[],"_links":{"self":[{"href":"https:\/\/www.laguiadepamplona.com\/actualidad\/wp-json\/wp\/v2\/posts\/40329","targetHints":{"allow":["GET"]}}],"collection":[{"href":"https:\/\/www.laguiadepamplona.com\/actualidad\/wp-json\/wp\/v2\/posts"}],"about":[{"href":"https:\/\/www.laguiadepamplona.com\/actualidad\/wp-json\/wp\/v2\/types\/post"}],"author":[{"embeddable":true,"href":"https:\/\/www.laguiadepamplona.com\/actualidad\/wp-json\/wp\/v2\/users\/1"}],"replies":[{"embeddable":true,"href":"https:\/\/www.laguiadepamplona.com\/actualidad\/wp-json\/wp\/v2\/comments?post=40329"}],"version-history":[{"count":0,"href":"https:\/\/www.laguiadepamplona.com\/actualidad\/wp-json\/wp\/v2\/posts\/40329\/revisions"}],"wp:featuredmedia":[{"embeddable":true,"href":"https:\/\/www.laguiadepamplona.com\/actualidad\/wp-json\/wp\/v2\/media\/40330"}],"wp:attachment":[{"href":"https:\/\/www.laguiadepamplona.com\/actualidad\/wp-json\/wp\/v2\/media?parent=40329"}],"wp:term":[{"taxonomy":"category","embeddable":true,"href":"https:\/\/www.laguiadepamplona.com\/actualidad\/wp-json\/wp\/v2\/categories?post=40329"},{"taxonomy":"post_tag","embeddable":true,"href":"https:\/\/www.laguiadepamplona.com\/actualidad\/wp-json\/wp\/v2\/tags?post=40329"}],"curies":[{"name":"wp","href":"https:\/\/api.w.org\/{rel}","templated":true}]}}