{"id":40326,"date":"2022-05-13T12:19:48","date_gmt":"2022-05-13T10:19:48","guid":{"rendered":"https:\/\/www.laguiadepamplona.com\/actualidad\/?p=40326"},"modified":"2023-04-11T11:48:12","modified_gmt":"2023-04-11T09:48:12","slug":"el-ayuntamiento-de-pamplona-licita-el-contrato-de-la-iluminacion-y-decoracion-navidenas-para-los-dos-proximos-anos","status":"publish","type":"post","link":"https:\/\/www.laguiadepamplona.com\/actualidad\/el-ayuntamiento-de-pamplona-licita-el-contrato-de-la-iluminacion-y-decoracion-navidenas-para-los-dos-proximos-anos\/","title":{"rendered":"El Ayuntamiento de Pamplona licita el contrato de la iluminaci\u00f3n y decoraci\u00f3n navide\u00f1as para los dos pr\u00f3ximos a\u00f1os"},"content":{"rendered":"<h5>Se piden dos proyectos diferentes, pero con una l\u00ednea de continuidad, para decorar calles, plazas y avenidas de diferentes barrios de la ciudad<\/h5>\n<p><!--more--><\/p>\n<p>La Junta de Gobierno Local ha aprobado esta semana el contrato para la iluminaci\u00f3n art\u00edstica y la decoraci\u00f3n de determinadas calles, plazas y avenidas de Pamplona durante las pr\u00f3ximas Navidades y las del a\u00f1o siguiente. El presupuesto anual para cada una de las dos campa\u00f1as ser\u00e1 de 215.000 euros. Se trata de esta forma de engalanar la ciudad y dinamizar las principales dinamizar las zonas comerciales de la ciudad.<br \/>\n<script async src=\"\/\/pagead2.googlesyndication.com\/pagead\/js\/adsbygoogle.js\"><\/script><br \/>\n<!-- Noticias La Guia de Pamplona --><br \/>\n<ins class=\"adsbygoogle\"\nstyle=\"display:block\"\ndata-ad-client=\"ca-pub-6943679897239327\"\ndata-ad-slot=\"7048180777\"\ndata-ad-format=\"auto\"><\/ins><br \/>\n<script>\n(adsbygoogle = window.adsbygoogle || []).push({});\n<\/script><\/p>\n<p>El Ayuntamiento de Pamplona solicita en el contrato dos proyectos creativos diferentes, uno para la campa\u00f1a 2022 \u2013 2023 y otro para la campa\u00f1a 2023 \u2013 2024. Con la petici\u00f3n de dos proyectos diferentes se pretende ofrecer a la ciudadan\u00eda iluminaciones y decoraciones novedosas en las dos campa\u00f1as y generar, por tanto, inter\u00e9s en acudir a contemplar los motivos y creaciones, dinamizando as\u00ed las principales zonas comerciales de la ciudad. No obstante, ambos proyectos deben mantener, dentro de las diferencias exigidas en cuanto a la forma (colores, modelos de elementos\u2026), una l\u00ednea de continuidad de fondo cuya inspiraci\u00f3n sea la propia ciudad de Pamplona con sus caracter\u00edsticas y particularidades.<\/p>\n<p>Al igual que en anteriores convocatorias, el contrato se abre a propuestas de libre creaci\u00f3n de las empresas licitadoras en cuatro espacios concretos de la ciudad como son la fachada del Ayuntamiento de Pamplona, la Plaza Consistorial, la avenida de Carlos III (desde la Plaza del Castillo hasta la Plaza de la Libertad) y la Plaza del Castillo. La iluminaci\u00f3n y la decoraci\u00f3n navide\u00f1as llegar\u00e1n no solo al centro de la ciudad y el Ensanche, sino tambi\u00e9n a otros barrios de la ciudad. El 100% de la iluminaci\u00f3n deber\u00e1 ser de tecnolog\u00eda led y cumplir la normativa legal.<br \/>\n<script async src=\"\/\/pagead2.googlesyndication.com\/pagead\/js\/adsbygoogle.js\"><\/script><br \/>\n<!-- Noticias La Guia de Pamplona --><br \/>\n<ins class=\"adsbygoogle\"\nstyle=\"display:block\"\ndata-ad-client=\"ca-pub-6943679897239327\"\ndata-ad-slot=\"7048180777\"\ndata-ad-format=\"auto\"><\/ins><br \/>\n<script>\n(adsbygoogle = window.adsbygoogle || []).push({});\n<\/script><\/p>\n<p><strong>Arcos, farolas y espacios de libre creaci\u00f3n<\/strong><\/p>\n<p>El contrato prev\u00e9 la instalaci\u00f3n de decoraci\u00f3n navide\u00f1a en farolas de seis calles de la ciudad (avenidas de la Baja Navarra, Conde Oliveto, del Ej\u00e9rcito, Bayona y P\u00edo XII, adem\u00e1s de la calle Yanguas y Miranda), as\u00ed como 181 arcos lum\u00ednicos en m\u00e1s de una treintena de calles del Casco Antiguo y el Ensanche. La decoraci\u00f3n se completa con 50 motivos navide\u00f1os en Ermitaga\u00f1a, Mendebaldea, San Jorge, Txantrea, Mendillorri o la zona comercial de Mart\u00edn Azpilcueta y una decena de estampas navide\u00f1as en las plazas de la Libertad, de la Cruz, Pr\u00edncipe de Viana, Merindades, San Francisco y Padre Barace, en el Teatro Gayarre, en el parque de los Enamorados y el bulevar de la Rochapea, y en la trasera del front\u00f3n L\u00f3pez.<\/p>\n<p>Respecto a los espacios de libre creaci\u00f3n, el pliego propone luces en movimiento, destellos o cualquier otro efecto especial de luz en la fachada del Ayuntamiento de Pamplona, con una decoraci\u00f3n que destaque por su luminosidad, especificidad y brillo. En la Plaza Consistorial se pide una decoraci\u00f3n proporcionada a las dimensiones del espacio. En la avenida de Carlos III se requiere que los arcos que se puedan colocar ser\u00e1n diferentes a los del resto de la ciudad. Por \u00faltimo, la Plaza del Castillo se iluminar\u00e1 en su totalidad (quiosco central y per\u00edmetro de la plaza). Las decoraciones propuestas para estos cuatro espacios deber\u00e1n presentarse con una descripci\u00f3n detallada (medidas, colores, efectos sonoros o lum\u00ednicos en su caso).<br \/>\n<script async src=\"\/\/pagead2.googlesyndication.com\/pagead\/js\/adsbygoogle.js\"><\/script><br \/>\n<!-- Noticias La Guia de Pamplona --><br \/>\n<ins class=\"adsbygoogle\"\nstyle=\"display:block\"\ndata-ad-client=\"ca-pub-6943679897239327\"\ndata-ad-slot=\"7048180777\"\ndata-ad-format=\"auto\"><\/ins><br \/>\n<script>\n(adsbygoogle = window.adsbygoogle || []).push({});\n<\/script><\/p>\n<p>El Ayuntamiento de Pamplona mantendr\u00e1 la tradici\u00f3n del encendido de la iluminaci\u00f3n navide\u00f1a el 29 de noviembre, festividad de San Saturnino, patr\u00f3n de la ciudad. El horario habitual de la iluminaci\u00f3n ser\u00e1 de 17.45 a 23 horas, con ampliaciones hasta la 1 de la madrugada los viernes y s\u00e1bados y hasta las 2 las v\u00edsperas de festivos navide\u00f1os, es decir, 24 y 31 de diciembre y 5 de enero.<\/p>\n","protected":false},"excerpt":{"rendered":"<p>Se piden dos proyectos diferentes, pero con una l\u00ednea de continuidad, para decorar calles, plazas y avenidas de diferentes barrios de la ciudad<\/p>\n","protected":false},"author":1,"featured_media":40327,"comment_status":"open","ping_status":"closed","sticky":false,"template":"","format":"standard","meta":{"footnotes":""},"categories":[2],"tags":[],"class_list":["post-40326","post","type-post","status-publish","format-standard","has-post-thumbnail","hentry","category-ayuntamiento-pamplona"],"yoast_head":"<!-- This site is optimized with the Yoast SEO plugin v27.3 - https:\/\/yoast.com\/product\/yoast-seo-wordpress\/ -->\n<title>El Ayuntamiento de Pamplona licita el contrato de la iluminaci\u00f3n y decoraci\u00f3n navide\u00f1as para los dos pr\u00f3ximos a\u00f1os<\/title>\n<meta name=\"description\" content=\"Se piden dos proyectos diferentes, pero con una l\u00ednea de continuidad, para decorar calles, plazas y avenidas de diferentes barrios de la ciudad\" \/>\n<meta name=\"robots\" content=\"index, follow, max-snippet:-1, max-image-preview:large, max-video-preview:-1\" \/>\n<link rel=\"canonical\" href=\"https:\/\/www.laguiadepamplona.com\/actualidad\/el-ayuntamiento-de-pamplona-licita-el-contrato-de-la-iluminacion-y-decoracion-navidenas-para-los-dos-proximos-anos\/\" \/>\n<meta property=\"og:locale\" content=\"es_ES\" \/>\n<meta property=\"og:type\" content=\"article\" \/>\n<meta property=\"og:title\" content=\"El Ayuntamiento de Pamplona licita el contrato de la iluminaci\u00f3n y decoraci\u00f3n navide\u00f1as para los dos pr\u00f3ximos a\u00f1os\" \/>\n<meta property=\"og:description\" content=\"Se piden dos proyectos diferentes, pero con una l\u00ednea de continuidad, para decorar calles, plazas y avenidas de diferentes barrios de la ciudad\" \/>\n<meta property=\"og:url\" content=\"https:\/\/www.laguiadepamplona.com\/actualidad\/el-ayuntamiento-de-pamplona-licita-el-contrato-de-la-iluminacion-y-decoracion-navidenas-para-los-dos-proximos-anos\/\" \/>\n<meta property=\"og:site_name\" content=\"La Gu\u00eda de Pamplona\" \/>\n<meta property=\"article:publisher\" content=\"https:\/\/www.facebook.com\/laguiadepamplonacom-133175176762273\/?ref=hl\" \/>\n<meta property=\"article:published_time\" content=\"2022-05-13T10:19:48+00:00\" \/>\n<meta property=\"article:modified_time\" content=\"2023-04-11T09:48:12+00:00\" \/>\n<meta property=\"og:image\" content=\"https:\/\/www.laguiadepamplona.com\/actualidad\/wp-content\/uploads\/2022\/05\/MERCADO-NAV-PLZA.-DEL-CASTILLO_EE5A8146_0.webp\" \/>\n\t<meta property=\"og:image:width\" content=\"1920\" \/>\n\t<meta property=\"og:image:height\" content=\"1283\" \/>\n\t<meta property=\"og:image:type\" content=\"image\/webp\" \/>\n<meta name=\"author\" content=\"La Gu\u00eda de Pamplona\" \/>\n<meta name=\"twitter:card\" content=\"summary_large_image\" \/>\n<meta name=\"twitter:creator\" content=\"@LaGuiadPamplona\" \/>\n<meta name=\"twitter:site\" content=\"@LaGuiadPamplona\" \/>\n<meta name=\"twitter:label1\" content=\"Escrito por\" \/>\n\t<meta name=\"twitter:data1\" content=\"La Gu\u00eda de Pamplona\" \/>\n\t<meta name=\"twitter:label2\" content=\"Tiempo de lectura\" \/>\n\t<meta name=\"twitter:data2\" content=\"3 minutos\" \/>\n<script type=\"application\/ld+json\" class=\"yoast-schema-graph\">{\"@context\":\"https:\\\/\\\/schema.org\",\"@graph\":[{\"@type\":\"Article\",\"@id\":\"https:\\\/\\\/www.laguiadepamplona.com\\\/actualidad\\\/el-ayuntamiento-de-pamplona-licita-el-contrato-de-la-iluminacion-y-decoracion-navidenas-para-los-dos-proximos-anos\\\/#article\",\"isPartOf\":{\"@id\":\"https:\\\/\\\/www.laguiadepamplona.com\\\/actualidad\\\/el-ayuntamiento-de-pamplona-licita-el-contrato-de-la-iluminacion-y-decoracion-navidenas-para-los-dos-proximos-anos\\\/\"},\"author\":{\"name\":\"La Gu\u00eda de Pamplona\",\"@id\":\"https:\\\/\\\/www.laguiadepamplona.com\\\/actualidad\\\/#\\\/schema\\\/person\\\/efe887376f0213d4657c93adc50b1fdb\"},\"headline\":\"El Ayuntamiento de Pamplona licita el contrato de la iluminaci\u00f3n y decoraci\u00f3n navide\u00f1as para los dos pr\u00f3ximos a\u00f1os\",\"datePublished\":\"2022-05-13T10:19:48+00:00\",\"dateModified\":\"2023-04-11T09:48:12+00:00\",\"mainEntityOfPage\":{\"@id\":\"https:\\\/\\\/www.laguiadepamplona.com\\\/actualidad\\\/el-ayuntamiento-de-pamplona-licita-el-contrato-de-la-iluminacion-y-decoracion-navidenas-para-los-dos-proximos-anos\\\/\"},\"wordCount\":677,\"commentCount\":0,\"publisher\":{\"@id\":\"https:\\\/\\\/www.laguiadepamplona.com\\\/actualidad\\\/#organization\"},\"image\":{\"@id\":\"https:\\\/\\\/www.laguiadepamplona.com\\\/actualidad\\\/el-ayuntamiento-de-pamplona-licita-el-contrato-de-la-iluminacion-y-decoracion-navidenas-para-los-dos-proximos-anos\\\/#primaryimage\"},\"thumbnailUrl\":\"https:\\\/\\\/www.laguiadepamplona.com\\\/actualidad\\\/wp-content\\\/uploads\\\/2022\\\/05\\\/MERCADO-NAV-PLZA.-DEL-CASTILLO_EE5A8146_0.webp\",\"articleSection\":[\"Ayto Pamplona\"],\"inLanguage\":\"es\",\"potentialAction\":[{\"@type\":\"CommentAction\",\"name\":\"Comment\",\"target\":[\"https:\\\/\\\/www.laguiadepamplona.com\\\/actualidad\\\/el-ayuntamiento-de-pamplona-licita-el-contrato-de-la-iluminacion-y-decoracion-navidenas-para-los-dos-proximos-anos\\\/#respond\"]}]},{\"@type\":\"WebPage\",\"@id\":\"https:\\\/\\\/www.laguiadepamplona.com\\\/actualidad\\\/el-ayuntamiento-de-pamplona-licita-el-contrato-de-la-iluminacion-y-decoracion-navidenas-para-los-dos-proximos-anos\\\/\",\"url\":\"https:\\\/\\\/www.laguiadepamplona.com\\\/actualidad\\\/el-ayuntamiento-de-pamplona-licita-el-contrato-de-la-iluminacion-y-decoracion-navidenas-para-los-dos-proximos-anos\\\/\",\"name\":\"El Ayuntamiento de Pamplona licita el contrato de la iluminaci\u00f3n y decoraci\u00f3n navide\u00f1as para los dos pr\u00f3ximos a\u00f1os\",\"isPartOf\":{\"@id\":\"https:\\\/\\\/www.laguiadepamplona.com\\\/actualidad\\\/#website\"},\"primaryImageOfPage\":{\"@id\":\"https:\\\/\\\/www.laguiadepamplona.com\\\/actualidad\\\/el-ayuntamiento-de-pamplona-licita-el-contrato-de-la-iluminacion-y-decoracion-navidenas-para-los-dos-proximos-anos\\\/#primaryimage\"},\"image\":{\"@id\":\"https:\\\/\\\/www.laguiadepamplona.com\\\/actualidad\\\/el-ayuntamiento-de-pamplona-licita-el-contrato-de-la-iluminacion-y-decoracion-navidenas-para-los-dos-proximos-anos\\\/#primaryimage\"},\"thumbnailUrl\":\"https:\\\/\\\/www.laguiadepamplona.com\\\/actualidad\\\/wp-content\\\/uploads\\\/2022\\\/05\\\/MERCADO-NAV-PLZA.-DEL-CASTILLO_EE5A8146_0.webp\",\"datePublished\":\"2022-05-13T10:19:48+00:00\",\"dateModified\":\"2023-04-11T09:48:12+00:00\",\"description\":\"Se piden dos proyectos diferentes, pero con una l\u00ednea de continuidad, para decorar calles, plazas y avenidas de diferentes barrios de la ciudad\",\"breadcrumb\":{\"@id\":\"https:\\\/\\\/www.laguiadepamplona.com\\\/actualidad\\\/el-ayuntamiento-de-pamplona-licita-el-contrato-de-la-iluminacion-y-decoracion-navidenas-para-los-dos-proximos-anos\\\/#breadcrumb\"},\"inLanguage\":\"es\",\"potentialAction\":[{\"@type\":\"ReadAction\",\"target\":[\"https:\\\/\\\/www.laguiadepamplona.com\\\/actualidad\\\/el-ayuntamiento-de-pamplona-licita-el-contrato-de-la-iluminacion-y-decoracion-navidenas-para-los-dos-proximos-anos\\\/\"]}]},{\"@type\":\"ImageObject\",\"inLanguage\":\"es\",\"@id\":\"https:\\\/\\\/www.laguiadepamplona.com\\\/actualidad\\\/el-ayuntamiento-de-pamplona-licita-el-contrato-de-la-iluminacion-y-decoracion-navidenas-para-los-dos-proximos-anos\\\/#primaryimage\",\"url\":\"https:\\\/\\\/www.laguiadepamplona.com\\\/actualidad\\\/wp-content\\\/uploads\\\/2022\\\/05\\\/MERCADO-NAV-PLZA.-DEL-CASTILLO_EE5A8146_0.webp\",\"contentUrl\":\"https:\\\/\\\/www.laguiadepamplona.com\\\/actualidad\\\/wp-content\\\/uploads\\\/2022\\\/05\\\/MERCADO-NAV-PLZA.-DEL-CASTILLO_EE5A8146_0.webp\",\"width\":1920,\"height\":1283},{\"@type\":\"BreadcrumbList\",\"@id\":\"https:\\\/\\\/www.laguiadepamplona.com\\\/actualidad\\\/el-ayuntamiento-de-pamplona-licita-el-contrato-de-la-iluminacion-y-decoracion-navidenas-para-los-dos-proximos-anos\\\/#breadcrumb\",\"itemListElement\":[{\"@type\":\"ListItem\",\"position\":1,\"name\":\"Portada\",\"item\":\"https:\\\/\\\/www.laguiadepamplona.com\\\/actualidad\\\/\"},{\"@type\":\"ListItem\",\"position\":2,\"name\":\"El Ayuntamiento de Pamplona licita el contrato de la iluminaci\u00f3n y decoraci\u00f3n navide\u00f1as para los dos pr\u00f3ximos a\u00f1os\"}]},{\"@type\":\"WebSite\",\"@id\":\"https:\\\/\\\/www.laguiadepamplona.com\\\/actualidad\\\/#website\",\"url\":\"https:\\\/\\\/www.laguiadepamplona.com\\\/actualidad\\\/\",\"name\":\"La gu\u00eda de Pamplona\",\"description\":\"Noticias de Pamplona\",\"publisher\":{\"@id\":\"https:\\\/\\\/www.laguiadepamplona.com\\\/actualidad\\\/#organization\"},\"potentialAction\":[{\"@type\":\"SearchAction\",\"target\":{\"@type\":\"EntryPoint\",\"urlTemplate\":\"https:\\\/\\\/www.laguiadepamplona.com\\\/actualidad\\\/?s={search_term_string}\"},\"query-input\":{\"@type\":\"PropertyValueSpecification\",\"valueRequired\":true,\"valueName\":\"search_term_string\"}}],\"inLanguage\":\"es\"},{\"@type\":\"Organization\",\"@id\":\"https:\\\/\\\/www.laguiadepamplona.com\\\/actualidad\\\/#organization\",\"name\":\"La Gu\u00eda de Pamplona \\\/ Noticias\",\"url\":\"https:\\\/\\\/www.laguiadepamplona.com\\\/actualidad\\\/\",\"logo\":{\"@type\":\"ImageObject\",\"inLanguage\":\"es\",\"@id\":\"https:\\\/\\\/www.laguiadepamplona.com\\\/actualidad\\\/#\\\/schema\\\/logo\\\/image\\\/\",\"url\":\"https:\\\/\\\/www.laguiadepamplona.com\\\/actualidad\\\/wp-content\\\/uploads\\\/2018\\\/11\\\/logo-laguiadepamplona18-web1.png\",\"contentUrl\":\"https:\\\/\\\/www.laguiadepamplona.com\\\/actualidad\\\/wp-content\\\/uploads\\\/2018\\\/11\\\/logo-laguiadepamplona18-web1.png\",\"width\":600,\"height\":196,\"caption\":\"La Gu\u00eda de Pamplona \\\/ Noticias\"},\"image\":{\"@id\":\"https:\\\/\\\/www.laguiadepamplona.com\\\/actualidad\\\/#\\\/schema\\\/logo\\\/image\\\/\"},\"sameAs\":[\"https:\\\/\\\/www.facebook.com\\\/laguiadepamplonacom-133175176762273\\\/?ref=hl\",\"https:\\\/\\\/x.com\\\/LaGuiadPamplona\",\"https:\\\/\\\/www.instagram.com\\\/la_guia_de_pamplona\\\/\",\"https:\\\/\\\/www.youtube.com\\\/user\\\/laguiadepamplona\"]},{\"@type\":\"Person\",\"@id\":\"https:\\\/\\\/www.laguiadepamplona.com\\\/actualidad\\\/#\\\/schema\\\/person\\\/efe887376f0213d4657c93adc50b1fdb\",\"name\":\"La Gu\u00eda de Pamplona\",\"image\":{\"@type\":\"ImageObject\",\"inLanguage\":\"es\",\"@id\":\"https:\\\/\\\/secure.gravatar.com\\\/avatar\\\/b6992f131dc8d30ab0dff15446e9d346d9dbd95992de0fef795073f5ea83a81c?s=96&d=mm&r=g\",\"url\":\"https:\\\/\\\/secure.gravatar.com\\\/avatar\\\/b6992f131dc8d30ab0dff15446e9d346d9dbd95992de0fef795073f5ea83a81c?s=96&d=mm&r=g\",\"contentUrl\":\"https:\\\/\\\/secure.gravatar.com\\\/avatar\\\/b6992f131dc8d30ab0dff15446e9d346d9dbd95992de0fef795073f5ea83a81c?s=96&d=mm&r=g\",\"caption\":\"La Gu\u00eda de Pamplona\"}}]}<\/script>\n<!-- \/ Yoast SEO plugin. -->","yoast_head_json":{"title":"El Ayuntamiento de Pamplona licita el contrato de la iluminaci\u00f3n y decoraci\u00f3n navide\u00f1as para los dos pr\u00f3ximos a\u00f1os","description":"Se piden dos proyectos diferentes, pero con una l\u00ednea de continuidad, para decorar calles, plazas y avenidas de diferentes barrios de la ciudad","robots":{"index":"index","follow":"follow","max-snippet":"max-snippet:-1","max-image-preview":"max-image-preview:large","max-video-preview":"max-video-preview:-1"},"canonical":"https:\/\/www.laguiadepamplona.com\/actualidad\/el-ayuntamiento-de-pamplona-licita-el-contrato-de-la-iluminacion-y-decoracion-navidenas-para-los-dos-proximos-anos\/","og_locale":"es_ES","og_type":"article","og_title":"El Ayuntamiento de Pamplona licita el contrato de la iluminaci\u00f3n y decoraci\u00f3n navide\u00f1as para los dos pr\u00f3ximos a\u00f1os","og_description":"Se piden dos proyectos diferentes, pero con una l\u00ednea de continuidad, para decorar calles, plazas y avenidas de diferentes barrios de la ciudad","og_url":"https:\/\/www.laguiadepamplona.com\/actualidad\/el-ayuntamiento-de-pamplona-licita-el-contrato-de-la-iluminacion-y-decoracion-navidenas-para-los-dos-proximos-anos\/","og_site_name":"La Gu\u00eda de Pamplona","article_publisher":"https:\/\/www.facebook.com\/laguiadepamplonacom-133175176762273\/?ref=hl","article_published_time":"2022-05-13T10:19:48+00:00","article_modified_time":"2023-04-11T09:48:12+00:00","og_image":[{"width":1920,"height":1283,"url":"https:\/\/www.laguiadepamplona.com\/actualidad\/wp-content\/uploads\/2022\/05\/MERCADO-NAV-PLZA.-DEL-CASTILLO_EE5A8146_0.webp","type":"image\/webp"}],"author":"La Gu\u00eda de Pamplona","twitter_card":"summary_large_image","twitter_creator":"@LaGuiadPamplona","twitter_site":"@LaGuiadPamplona","twitter_misc":{"Escrito por":"La Gu\u00eda de Pamplona","Tiempo de lectura":"3 minutos"},"schema":{"@context":"https:\/\/schema.org","@graph":[{"@type":"Article","@id":"https:\/\/www.laguiadepamplona.com\/actualidad\/el-ayuntamiento-de-pamplona-licita-el-contrato-de-la-iluminacion-y-decoracion-navidenas-para-los-dos-proximos-anos\/#article","isPartOf":{"@id":"https:\/\/www.laguiadepamplona.com\/actualidad\/el-ayuntamiento-de-pamplona-licita-el-contrato-de-la-iluminacion-y-decoracion-navidenas-para-los-dos-proximos-anos\/"},"author":{"name":"La Gu\u00eda de Pamplona","@id":"https:\/\/www.laguiadepamplona.com\/actualidad\/#\/schema\/person\/efe887376f0213d4657c93adc50b1fdb"},"headline":"El Ayuntamiento de Pamplona licita el contrato de la iluminaci\u00f3n y decoraci\u00f3n navide\u00f1as para los dos pr\u00f3ximos a\u00f1os","datePublished":"2022-05-13T10:19:48+00:00","dateModified":"2023-04-11T09:48:12+00:00","mainEntityOfPage":{"@id":"https:\/\/www.laguiadepamplona.com\/actualidad\/el-ayuntamiento-de-pamplona-licita-el-contrato-de-la-iluminacion-y-decoracion-navidenas-para-los-dos-proximos-anos\/"},"wordCount":677,"commentCount":0,"publisher":{"@id":"https:\/\/www.laguiadepamplona.com\/actualidad\/#organization"},"image":{"@id":"https:\/\/www.laguiadepamplona.com\/actualidad\/el-ayuntamiento-de-pamplona-licita-el-contrato-de-la-iluminacion-y-decoracion-navidenas-para-los-dos-proximos-anos\/#primaryimage"},"thumbnailUrl":"https:\/\/www.laguiadepamplona.com\/actualidad\/wp-content\/uploads\/2022\/05\/MERCADO-NAV-PLZA.-DEL-CASTILLO_EE5A8146_0.webp","articleSection":["Ayto Pamplona"],"inLanguage":"es","potentialAction":[{"@type":"CommentAction","name":"Comment","target":["https:\/\/www.laguiadepamplona.com\/actualidad\/el-ayuntamiento-de-pamplona-licita-el-contrato-de-la-iluminacion-y-decoracion-navidenas-para-los-dos-proximos-anos\/#respond"]}]},{"@type":"WebPage","@id":"https:\/\/www.laguiadepamplona.com\/actualidad\/el-ayuntamiento-de-pamplona-licita-el-contrato-de-la-iluminacion-y-decoracion-navidenas-para-los-dos-proximos-anos\/","url":"https:\/\/www.laguiadepamplona.com\/actualidad\/el-ayuntamiento-de-pamplona-licita-el-contrato-de-la-iluminacion-y-decoracion-navidenas-para-los-dos-proximos-anos\/","name":"El Ayuntamiento de Pamplona licita el contrato de la iluminaci\u00f3n y decoraci\u00f3n navide\u00f1as para los dos pr\u00f3ximos a\u00f1os","isPartOf":{"@id":"https:\/\/www.laguiadepamplona.com\/actualidad\/#website"},"primaryImageOfPage":{"@id":"https:\/\/www.laguiadepamplona.com\/actualidad\/el-ayuntamiento-de-pamplona-licita-el-contrato-de-la-iluminacion-y-decoracion-navidenas-para-los-dos-proximos-anos\/#primaryimage"},"image":{"@id":"https:\/\/www.laguiadepamplona.com\/actualidad\/el-ayuntamiento-de-pamplona-licita-el-contrato-de-la-iluminacion-y-decoracion-navidenas-para-los-dos-proximos-anos\/#primaryimage"},"thumbnailUrl":"https:\/\/www.laguiadepamplona.com\/actualidad\/wp-content\/uploads\/2022\/05\/MERCADO-NAV-PLZA.-DEL-CASTILLO_EE5A8146_0.webp","datePublished":"2022-05-13T10:19:48+00:00","dateModified":"2023-04-11T09:48:12+00:00","description":"Se piden dos proyectos diferentes, pero con una l\u00ednea de continuidad, para decorar calles, plazas y avenidas de diferentes barrios de la ciudad","breadcrumb":{"@id":"https:\/\/www.laguiadepamplona.com\/actualidad\/el-ayuntamiento-de-pamplona-licita-el-contrato-de-la-iluminacion-y-decoracion-navidenas-para-los-dos-proximos-anos\/#breadcrumb"},"inLanguage":"es","potentialAction":[{"@type":"ReadAction","target":["https:\/\/www.laguiadepamplona.com\/actualidad\/el-ayuntamiento-de-pamplona-licita-el-contrato-de-la-iluminacion-y-decoracion-navidenas-para-los-dos-proximos-anos\/"]}]},{"@type":"ImageObject","inLanguage":"es","@id":"https:\/\/www.laguiadepamplona.com\/actualidad\/el-ayuntamiento-de-pamplona-licita-el-contrato-de-la-iluminacion-y-decoracion-navidenas-para-los-dos-proximos-anos\/#primaryimage","url":"https:\/\/www.laguiadepamplona.com\/actualidad\/wp-content\/uploads\/2022\/05\/MERCADO-NAV-PLZA.-DEL-CASTILLO_EE5A8146_0.webp","contentUrl":"https:\/\/www.laguiadepamplona.com\/actualidad\/wp-content\/uploads\/2022\/05\/MERCADO-NAV-PLZA.-DEL-CASTILLO_EE5A8146_0.webp","width":1920,"height":1283},{"@type":"BreadcrumbList","@id":"https:\/\/www.laguiadepamplona.com\/actualidad\/el-ayuntamiento-de-pamplona-licita-el-contrato-de-la-iluminacion-y-decoracion-navidenas-para-los-dos-proximos-anos\/#breadcrumb","itemListElement":[{"@type":"ListItem","position":1,"name":"Portada","item":"https:\/\/www.laguiadepamplona.com\/actualidad\/"},{"@type":"ListItem","position":2,"name":"El Ayuntamiento de Pamplona licita el contrato de la iluminaci\u00f3n y decoraci\u00f3n navide\u00f1as para los dos pr\u00f3ximos a\u00f1os"}]},{"@type":"WebSite","@id":"https:\/\/www.laguiadepamplona.com\/actualidad\/#website","url":"https:\/\/www.laguiadepamplona.com\/actualidad\/","name":"La gu\u00eda de Pamplona","description":"Noticias de Pamplona","publisher":{"@id":"https:\/\/www.laguiadepamplona.com\/actualidad\/#organization"},"potentialAction":[{"@type":"SearchAction","target":{"@type":"EntryPoint","urlTemplate":"https:\/\/www.laguiadepamplona.com\/actualidad\/?s={search_term_string}"},"query-input":{"@type":"PropertyValueSpecification","valueRequired":true,"valueName":"search_term_string"}}],"inLanguage":"es"},{"@type":"Organization","@id":"https:\/\/www.laguiadepamplona.com\/actualidad\/#organization","name":"La Gu\u00eda de Pamplona \/ Noticias","url":"https:\/\/www.laguiadepamplona.com\/actualidad\/","logo":{"@type":"ImageObject","inLanguage":"es","@id":"https:\/\/www.laguiadepamplona.com\/actualidad\/#\/schema\/logo\/image\/","url":"https:\/\/www.laguiadepamplona.com\/actualidad\/wp-content\/uploads\/2018\/11\/logo-laguiadepamplona18-web1.png","contentUrl":"https:\/\/www.laguiadepamplona.com\/actualidad\/wp-content\/uploads\/2018\/11\/logo-laguiadepamplona18-web1.png","width":600,"height":196,"caption":"La Gu\u00eda de Pamplona \/ Noticias"},"image":{"@id":"https:\/\/www.laguiadepamplona.com\/actualidad\/#\/schema\/logo\/image\/"},"sameAs":["https:\/\/www.facebook.com\/laguiadepamplonacom-133175176762273\/?ref=hl","https:\/\/x.com\/LaGuiadPamplona","https:\/\/www.instagram.com\/la_guia_de_pamplona\/","https:\/\/www.youtube.com\/user\/laguiadepamplona"]},{"@type":"Person","@id":"https:\/\/www.laguiadepamplona.com\/actualidad\/#\/schema\/person\/efe887376f0213d4657c93adc50b1fdb","name":"La Gu\u00eda de Pamplona","image":{"@type":"ImageObject","inLanguage":"es","@id":"https:\/\/secure.gravatar.com\/avatar\/b6992f131dc8d30ab0dff15446e9d346d9dbd95992de0fef795073f5ea83a81c?s=96&d=mm&r=g","url":"https:\/\/secure.gravatar.com\/avatar\/b6992f131dc8d30ab0dff15446e9d346d9dbd95992de0fef795073f5ea83a81c?s=96&d=mm&r=g","contentUrl":"https:\/\/secure.gravatar.com\/avatar\/b6992f131dc8d30ab0dff15446e9d346d9dbd95992de0fef795073f5ea83a81c?s=96&d=mm&r=g","caption":"La Gu\u00eda de Pamplona"}}]}},"post_mailing_queue_ids":[],"_links":{"self":[{"href":"https:\/\/www.laguiadepamplona.com\/actualidad\/wp-json\/wp\/v2\/posts\/40326","targetHints":{"allow":["GET"]}}],"collection":[{"href":"https:\/\/www.laguiadepamplona.com\/actualidad\/wp-json\/wp\/v2\/posts"}],"about":[{"href":"https:\/\/www.laguiadepamplona.com\/actualidad\/wp-json\/wp\/v2\/types\/post"}],"author":[{"embeddable":true,"href":"https:\/\/www.laguiadepamplona.com\/actualidad\/wp-json\/wp\/v2\/users\/1"}],"replies":[{"embeddable":true,"href":"https:\/\/www.laguiadepamplona.com\/actualidad\/wp-json\/wp\/v2\/comments?post=40326"}],"version-history":[{"count":0,"href":"https:\/\/www.laguiadepamplona.com\/actualidad\/wp-json\/wp\/v2\/posts\/40326\/revisions"}],"wp:featuredmedia":[{"embeddable":true,"href":"https:\/\/www.laguiadepamplona.com\/actualidad\/wp-json\/wp\/v2\/media\/40327"}],"wp:attachment":[{"href":"https:\/\/www.laguiadepamplona.com\/actualidad\/wp-json\/wp\/v2\/media?parent=40326"}],"wp:term":[{"taxonomy":"category","embeddable":true,"href":"https:\/\/www.laguiadepamplona.com\/actualidad\/wp-json\/wp\/v2\/categories?post=40326"},{"taxonomy":"post_tag","embeddable":true,"href":"https:\/\/www.laguiadepamplona.com\/actualidad\/wp-json\/wp\/v2\/tags?post=40326"}],"curies":[{"name":"wp","href":"https:\/\/api.w.org\/{rel}","templated":true}]}}