{"id":40322,"date":"2022-05-12T17:28:27","date_gmt":"2022-05-12T15:28:27","guid":{"rendered":"https:\/\/www.laguiadepamplona.com\/actualidad\/?p=40322"},"modified":"2023-04-11T11:48:12","modified_gmt":"2023-04-11T09:48:12","slug":"el-ayuntamiento-recibe-a-una-representacion-de-jovenes-que-participan-en-el-proyecto-europeo-erasmus-a-traves-del-programa-coworkids","status":"publish","type":"post","link":"https:\/\/www.laguiadepamplona.com\/actualidad\/el-ayuntamiento-recibe-a-una-representacion-de-jovenes-que-participan-en-el-proyecto-europeo-erasmus-a-traves-del-programa-coworkids\/","title":{"rendered":"El Ayuntamiento recibe a una representaci\u00f3n de j\u00f3venes que participan en el proyecto europeo Erasmus+ a trav\u00e9s del programa COworkids"},"content":{"rendered":"<h5>El trabajo de los 50 participantes ser\u00e1 valorado el 1 de junio por un jurado que decidir\u00e1 qu\u00e9 4 adolescentes viajan a Bruselas a finales de ese mes<\/h5>\n<p><!--more--><\/p>\n<p>Una semana en Bruselas, del 26 de junio al 1 de julio. Es el premio al trabajo bien hecho que obtendr\u00e1n 4 de los j\u00f3venes que desde febrero han venido trabajando en el marco de COworkids en el programa Erasmus + de la Comisi\u00f3n Europea. Ser\u00e1n aquellos cuyos proyectos sean escogidos por un jurado experto el pr\u00f3ximo 1 de junio. Esta tarde el Ayuntamiento de Pamplona ha recibido a una representaci\u00f3n del medio centenar de j\u00f3venes que, semana tras semana, han trabajado en el conocimiento de las instituciones europeas y su normativa en el Centro Comunitario de la Milagrosa y en el colegio p\u00fablico Iturrama, adem\u00e1s de participar en sesiones <em>on line<\/em>.<br \/>\n<script async src=\"\/\/pagead2.googlesyndication.com\/pagead\/js\/adsbygoogle.js\"><\/script><br \/>\n<!-- Noticias La Guia de Pamplona --><br \/>\n<ins class=\"adsbygoogle\"\nstyle=\"display:block\"\ndata-ad-client=\"ca-pub-6943679897239327\"\ndata-ad-slot=\"7048180777\"\ndata-ad-format=\"auto\"><\/ins><br \/>\n<script>\n(adsbygoogle = window.adsbygoogle || []).push({});\n<\/script><\/p>\n<p>El programa municipal de infancia, adolescencia y familia, COworkids les plante\u00f3 en enero de 2022 esta propuesta de reflexi\u00f3n sobre temas como pol\u00edtica medioambiental, de igualdad de g\u00e9nero, pol\u00edticas internacionales relacionadas con los Objetivos de Desarrollo Sostenible, todo ello enmarcado en su franja de edad y en el entorno comunitario. Las personas participantes son adolescentes de 13 a 17 a\u00f1os y, en los proyectos sociales que han preparado, se medir\u00e1n tambi\u00e9n indicadores como el esfuerzo constante, la proactividad, el respeto por las opiniones del resto, la sensibilidad social, la motivaci\u00f3n continuada y su autonom\u00eda. Durante la recepci\u00f3n del Alcalde, los adolescentes han podido compartir con la Corporaci\u00f3n su experiencia dentro del proyecto Erasmus+ y COworkids.<\/p>\n<p>En el viaje previsto, adem\u00e1s de visitar una de las sedes del Parlamento europeo, realizar\u00e1n otras visitas institucionales, as\u00ed como actividades l\u00fadicas, desde yincanas por la ciudad, a la excursi\u00f3n al parque Mini Europe. Para la organizaci\u00f3n del viaje se est\u00e1 contando con la colaboraci\u00f3n de la Direcci\u00f3n General de Acci\u00f3n Exterior del Gobierno de Navarra, en concreto con la Delegaci\u00f3n del Gobierno de Navarra en Bruselas. Esta Direcci\u00f3n General ha colaborado, as\u00ed mismo, a trav\u00e9s de la donaci\u00f3n de materiales formativos sobre la Uni\u00f3n Europea para los adolescentes que participan en este proyecto Erasmus+ de COworkids.<br \/>\n<script async src=\"\/\/pagead2.googlesyndication.com\/pagead\/js\/adsbygoogle.js\"><\/script><br \/>\n<!-- Noticias La Guia de Pamplona --><br \/>\n<ins class=\"adsbygoogle\"\nstyle=\"display:block\"\ndata-ad-client=\"ca-pub-6943679897239327\"\ndata-ad-slot=\"7048180777\"\ndata-ad-format=\"auto\"><\/ins><br \/>\n<script>\n(adsbygoogle = window.adsbygoogle || []).push({});\n<\/script><\/p>\n<p>Tras la recepci\u00f3n en la Casa Consistorial, con motivo de la Semana de Europa en Navarra, el grupo de adolescentes recibir\u00e1 una sesi\u00f3n formativa por parte del Equipo Europe Direct del Gobierno de Navarra, junto con el Director General de Acci\u00f3n Exterior, Sergio P\u00e9rez.<\/p>\n","protected":false},"excerpt":{"rendered":"<p>El trabajo de los 50 participantes ser\u00e1 valorado el 1 de junio por un jurado que decidir\u00e1 qu\u00e9 4 adolescentes viajan a Bruselas a finales de ese mes<\/p>\n","protected":false},"author":1,"featured_media":36998,"comment_status":"open","ping_status":"closed","sticky":false,"template":"","format":"standard","meta":{"footnotes":""},"categories":[2],"tags":[],"class_list":["post-40322","post","type-post","status-publish","format-standard","has-post-thumbnail","hentry","category-ayuntamiento-pamplona"],"yoast_head":"<!-- This site is optimized with the Yoast SEO plugin v27.3 - https:\/\/yoast.com\/product\/yoast-seo-wordpress\/ -->\n<title>El Ayuntamiento recibe a una representaci\u00f3n de j\u00f3venes que participan en el proyecto europeo Erasmus+ a trav\u00e9s del programa COworkids<\/title>\n<meta name=\"description\" content=\"El trabajo de los 50 participantes ser\u00e1 valorado el 1 de junio por un jurado que decidir\u00e1 qu\u00e9 4 adolescentes viajan a Bruselas a finales de ese mes\" \/>\n<meta name=\"robots\" content=\"index, follow, max-snippet:-1, max-image-preview:large, max-video-preview:-1\" \/>\n<link rel=\"canonical\" href=\"https:\/\/www.laguiadepamplona.com\/actualidad\/el-ayuntamiento-recibe-a-una-representacion-de-jovenes-que-participan-en-el-proyecto-europeo-erasmus-a-traves-del-programa-coworkids\/\" \/>\n<meta property=\"og:locale\" content=\"es_ES\" \/>\n<meta property=\"og:type\" content=\"article\" \/>\n<meta property=\"og:title\" content=\"El Ayuntamiento recibe a una representaci\u00f3n de j\u00f3venes que participan en el proyecto europeo Erasmus+ a trav\u00e9s del programa COworkids\" \/>\n<meta property=\"og:description\" content=\"El trabajo de los 50 participantes ser\u00e1 valorado el 1 de junio por un jurado que decidir\u00e1 qu\u00e9 4 adolescentes viajan a Bruselas a finales de ese mes\" \/>\n<meta property=\"og:url\" content=\"https:\/\/www.laguiadepamplona.com\/actualidad\/el-ayuntamiento-recibe-a-una-representacion-de-jovenes-que-participan-en-el-proyecto-europeo-erasmus-a-traves-del-programa-coworkids\/\" \/>\n<meta property=\"og:site_name\" content=\"La Gu\u00eda de Pamplona\" \/>\n<meta property=\"article:publisher\" content=\"https:\/\/www.facebook.com\/laguiadepamplonacom-133175176762273\/?ref=hl\" \/>\n<meta property=\"article:published_time\" content=\"2022-05-12T15:28:27+00:00\" \/>\n<meta property=\"article:modified_time\" content=\"2023-04-11T09:48:12+00:00\" \/>\n<meta property=\"og:image\" content=\"https:\/\/www.laguiadepamplona.com\/actualidad\/wp-content\/uploads\/2021\/10\/coworkids.jpg\" \/>\n\t<meta property=\"og:image:width\" content=\"1540\" \/>\n\t<meta property=\"og:image:height\" content=\"794\" \/>\n\t<meta property=\"og:image:type\" content=\"image\/jpeg\" \/>\n<meta name=\"author\" content=\"La Gu\u00eda de Pamplona\" \/>\n<meta name=\"twitter:card\" content=\"summary_large_image\" \/>\n<meta name=\"twitter:creator\" content=\"@LaGuiadPamplona\" \/>\n<meta name=\"twitter:site\" content=\"@LaGuiadPamplona\" \/>\n<meta name=\"twitter:label1\" content=\"Escrito por\" \/>\n\t<meta name=\"twitter:data1\" content=\"La Gu\u00eda de Pamplona\" \/>\n\t<meta name=\"twitter:label2\" content=\"Tiempo de lectura\" \/>\n\t<meta name=\"twitter:data2\" content=\"2 minutos\" \/>\n<script type=\"application\/ld+json\" class=\"yoast-schema-graph\">{\"@context\":\"https:\\\/\\\/schema.org\",\"@graph\":[{\"@type\":\"Article\",\"@id\":\"https:\\\/\\\/www.laguiadepamplona.com\\\/actualidad\\\/el-ayuntamiento-recibe-a-una-representacion-de-jovenes-que-participan-en-el-proyecto-europeo-erasmus-a-traves-del-programa-coworkids\\\/#article\",\"isPartOf\":{\"@id\":\"https:\\\/\\\/www.laguiadepamplona.com\\\/actualidad\\\/el-ayuntamiento-recibe-a-una-representacion-de-jovenes-que-participan-en-el-proyecto-europeo-erasmus-a-traves-del-programa-coworkids\\\/\"},\"author\":{\"name\":\"La Gu\u00eda de Pamplona\",\"@id\":\"https:\\\/\\\/www.laguiadepamplona.com\\\/actualidad\\\/#\\\/schema\\\/person\\\/efe887376f0213d4657c93adc50b1fdb\"},\"headline\":\"El Ayuntamiento recibe a una representaci\u00f3n de j\u00f3venes que participan en el proyecto europeo Erasmus+ a trav\u00e9s del programa COworkids\",\"datePublished\":\"2022-05-12T15:28:27+00:00\",\"dateModified\":\"2023-04-11T09:48:12+00:00\",\"mainEntityOfPage\":{\"@id\":\"https:\\\/\\\/www.laguiadepamplona.com\\\/actualidad\\\/el-ayuntamiento-recibe-a-una-representacion-de-jovenes-que-participan-en-el-proyecto-europeo-erasmus-a-traves-del-programa-coworkids\\\/\"},\"wordCount\":445,\"commentCount\":0,\"publisher\":{\"@id\":\"https:\\\/\\\/www.laguiadepamplona.com\\\/actualidad\\\/#organization\"},\"image\":{\"@id\":\"https:\\\/\\\/www.laguiadepamplona.com\\\/actualidad\\\/el-ayuntamiento-recibe-a-una-representacion-de-jovenes-que-participan-en-el-proyecto-europeo-erasmus-a-traves-del-programa-coworkids\\\/#primaryimage\"},\"thumbnailUrl\":\"https:\\\/\\\/www.laguiadepamplona.com\\\/actualidad\\\/wp-content\\\/uploads\\\/2021\\\/10\\\/coworkids.jpg\",\"articleSection\":[\"Ayto Pamplona\"],\"inLanguage\":\"es\",\"potentialAction\":[{\"@type\":\"CommentAction\",\"name\":\"Comment\",\"target\":[\"https:\\\/\\\/www.laguiadepamplona.com\\\/actualidad\\\/el-ayuntamiento-recibe-a-una-representacion-de-jovenes-que-participan-en-el-proyecto-europeo-erasmus-a-traves-del-programa-coworkids\\\/#respond\"]}]},{\"@type\":\"WebPage\",\"@id\":\"https:\\\/\\\/www.laguiadepamplona.com\\\/actualidad\\\/el-ayuntamiento-recibe-a-una-representacion-de-jovenes-que-participan-en-el-proyecto-europeo-erasmus-a-traves-del-programa-coworkids\\\/\",\"url\":\"https:\\\/\\\/www.laguiadepamplona.com\\\/actualidad\\\/el-ayuntamiento-recibe-a-una-representacion-de-jovenes-que-participan-en-el-proyecto-europeo-erasmus-a-traves-del-programa-coworkids\\\/\",\"name\":\"El Ayuntamiento recibe a una representaci\u00f3n de j\u00f3venes que participan en el proyecto europeo Erasmus+ a trav\u00e9s del programa COworkids\",\"isPartOf\":{\"@id\":\"https:\\\/\\\/www.laguiadepamplona.com\\\/actualidad\\\/#website\"},\"primaryImageOfPage\":{\"@id\":\"https:\\\/\\\/www.laguiadepamplona.com\\\/actualidad\\\/el-ayuntamiento-recibe-a-una-representacion-de-jovenes-que-participan-en-el-proyecto-europeo-erasmus-a-traves-del-programa-coworkids\\\/#primaryimage\"},\"image\":{\"@id\":\"https:\\\/\\\/www.laguiadepamplona.com\\\/actualidad\\\/el-ayuntamiento-recibe-a-una-representacion-de-jovenes-que-participan-en-el-proyecto-europeo-erasmus-a-traves-del-programa-coworkids\\\/#primaryimage\"},\"thumbnailUrl\":\"https:\\\/\\\/www.laguiadepamplona.com\\\/actualidad\\\/wp-content\\\/uploads\\\/2021\\\/10\\\/coworkids.jpg\",\"datePublished\":\"2022-05-12T15:28:27+00:00\",\"dateModified\":\"2023-04-11T09:48:12+00:00\",\"description\":\"El trabajo de los 50 participantes ser\u00e1 valorado el 1 de junio por un jurado que decidir\u00e1 qu\u00e9 4 adolescentes viajan a Bruselas a finales de ese mes\",\"breadcrumb\":{\"@id\":\"https:\\\/\\\/www.laguiadepamplona.com\\\/actualidad\\\/el-ayuntamiento-recibe-a-una-representacion-de-jovenes-que-participan-en-el-proyecto-europeo-erasmus-a-traves-del-programa-coworkids\\\/#breadcrumb\"},\"inLanguage\":\"es\",\"potentialAction\":[{\"@type\":\"ReadAction\",\"target\":[\"https:\\\/\\\/www.laguiadepamplona.com\\\/actualidad\\\/el-ayuntamiento-recibe-a-una-representacion-de-jovenes-que-participan-en-el-proyecto-europeo-erasmus-a-traves-del-programa-coworkids\\\/\"]}]},{\"@type\":\"ImageObject\",\"inLanguage\":\"es\",\"@id\":\"https:\\\/\\\/www.laguiadepamplona.com\\\/actualidad\\\/el-ayuntamiento-recibe-a-una-representacion-de-jovenes-que-participan-en-el-proyecto-europeo-erasmus-a-traves-del-programa-coworkids\\\/#primaryimage\",\"url\":\"https:\\\/\\\/www.laguiadepamplona.com\\\/actualidad\\\/wp-content\\\/uploads\\\/2021\\\/10\\\/coworkids.jpg\",\"contentUrl\":\"https:\\\/\\\/www.laguiadepamplona.com\\\/actualidad\\\/wp-content\\\/uploads\\\/2021\\\/10\\\/coworkids.jpg\",\"width\":1540,\"height\":794},{\"@type\":\"BreadcrumbList\",\"@id\":\"https:\\\/\\\/www.laguiadepamplona.com\\\/actualidad\\\/el-ayuntamiento-recibe-a-una-representacion-de-jovenes-que-participan-en-el-proyecto-europeo-erasmus-a-traves-del-programa-coworkids\\\/#breadcrumb\",\"itemListElement\":[{\"@type\":\"ListItem\",\"position\":1,\"name\":\"Portada\",\"item\":\"https:\\\/\\\/www.laguiadepamplona.com\\\/actualidad\\\/\"},{\"@type\":\"ListItem\",\"position\":2,\"name\":\"El Ayuntamiento recibe a una representaci\u00f3n de j\u00f3venes que participan en el proyecto europeo Erasmus+ a trav\u00e9s del programa COworkids\"}]},{\"@type\":\"WebSite\",\"@id\":\"https:\\\/\\\/www.laguiadepamplona.com\\\/actualidad\\\/#website\",\"url\":\"https:\\\/\\\/www.laguiadepamplona.com\\\/actualidad\\\/\",\"name\":\"La gu\u00eda de Pamplona\",\"description\":\"Noticias de Pamplona\",\"publisher\":{\"@id\":\"https:\\\/\\\/www.laguiadepamplona.com\\\/actualidad\\\/#organization\"},\"potentialAction\":[{\"@type\":\"SearchAction\",\"target\":{\"@type\":\"EntryPoint\",\"urlTemplate\":\"https:\\\/\\\/www.laguiadepamplona.com\\\/actualidad\\\/?s={search_term_string}\"},\"query-input\":{\"@type\":\"PropertyValueSpecification\",\"valueRequired\":true,\"valueName\":\"search_term_string\"}}],\"inLanguage\":\"es\"},{\"@type\":\"Organization\",\"@id\":\"https:\\\/\\\/www.laguiadepamplona.com\\\/actualidad\\\/#organization\",\"name\":\"La Gu\u00eda de Pamplona \\\/ Noticias\",\"url\":\"https:\\\/\\\/www.laguiadepamplona.com\\\/actualidad\\\/\",\"logo\":{\"@type\":\"ImageObject\",\"inLanguage\":\"es\",\"@id\":\"https:\\\/\\\/www.laguiadepamplona.com\\\/actualidad\\\/#\\\/schema\\\/logo\\\/image\\\/\",\"url\":\"https:\\\/\\\/www.laguiadepamplona.com\\\/actualidad\\\/wp-content\\\/uploads\\\/2018\\\/11\\\/logo-laguiadepamplona18-web1.png\",\"contentUrl\":\"https:\\\/\\\/www.laguiadepamplona.com\\\/actualidad\\\/wp-content\\\/uploads\\\/2018\\\/11\\\/logo-laguiadepamplona18-web1.png\",\"width\":600,\"height\":196,\"caption\":\"La Gu\u00eda de Pamplona \\\/ Noticias\"},\"image\":{\"@id\":\"https:\\\/\\\/www.laguiadepamplona.com\\\/actualidad\\\/#\\\/schema\\\/logo\\\/image\\\/\"},\"sameAs\":[\"https:\\\/\\\/www.facebook.com\\\/laguiadepamplonacom-133175176762273\\\/?ref=hl\",\"https:\\\/\\\/x.com\\\/LaGuiadPamplona\",\"https:\\\/\\\/www.instagram.com\\\/la_guia_de_pamplona\\\/\",\"https:\\\/\\\/www.youtube.com\\\/user\\\/laguiadepamplona\"]},{\"@type\":\"Person\",\"@id\":\"https:\\\/\\\/www.laguiadepamplona.com\\\/actualidad\\\/#\\\/schema\\\/person\\\/efe887376f0213d4657c93adc50b1fdb\",\"name\":\"La Gu\u00eda de Pamplona\",\"image\":{\"@type\":\"ImageObject\",\"inLanguage\":\"es\",\"@id\":\"https:\\\/\\\/secure.gravatar.com\\\/avatar\\\/b6992f131dc8d30ab0dff15446e9d346d9dbd95992de0fef795073f5ea83a81c?s=96&d=mm&r=g\",\"url\":\"https:\\\/\\\/secure.gravatar.com\\\/avatar\\\/b6992f131dc8d30ab0dff15446e9d346d9dbd95992de0fef795073f5ea83a81c?s=96&d=mm&r=g\",\"contentUrl\":\"https:\\\/\\\/secure.gravatar.com\\\/avatar\\\/b6992f131dc8d30ab0dff15446e9d346d9dbd95992de0fef795073f5ea83a81c?s=96&d=mm&r=g\",\"caption\":\"La Gu\u00eda de Pamplona\"}}]}<\/script>\n<!-- \/ Yoast SEO plugin. -->","yoast_head_json":{"title":"El Ayuntamiento recibe a una representaci\u00f3n de j\u00f3venes que participan en el proyecto europeo Erasmus+ a trav\u00e9s del programa COworkids","description":"El trabajo de los 50 participantes ser\u00e1 valorado el 1 de junio por un jurado que decidir\u00e1 qu\u00e9 4 adolescentes viajan a Bruselas a finales de ese mes","robots":{"index":"index","follow":"follow","max-snippet":"max-snippet:-1","max-image-preview":"max-image-preview:large","max-video-preview":"max-video-preview:-1"},"canonical":"https:\/\/www.laguiadepamplona.com\/actualidad\/el-ayuntamiento-recibe-a-una-representacion-de-jovenes-que-participan-en-el-proyecto-europeo-erasmus-a-traves-del-programa-coworkids\/","og_locale":"es_ES","og_type":"article","og_title":"El Ayuntamiento recibe a una representaci\u00f3n de j\u00f3venes que participan en el proyecto europeo Erasmus+ a trav\u00e9s del programa COworkids","og_description":"El trabajo de los 50 participantes ser\u00e1 valorado el 1 de junio por un jurado que decidir\u00e1 qu\u00e9 4 adolescentes viajan a Bruselas a finales de ese mes","og_url":"https:\/\/www.laguiadepamplona.com\/actualidad\/el-ayuntamiento-recibe-a-una-representacion-de-jovenes-que-participan-en-el-proyecto-europeo-erasmus-a-traves-del-programa-coworkids\/","og_site_name":"La Gu\u00eda de Pamplona","article_publisher":"https:\/\/www.facebook.com\/laguiadepamplonacom-133175176762273\/?ref=hl","article_published_time":"2022-05-12T15:28:27+00:00","article_modified_time":"2023-04-11T09:48:12+00:00","og_image":[{"width":1540,"height":794,"url":"https:\/\/www.laguiadepamplona.com\/actualidad\/wp-content\/uploads\/2021\/10\/coworkids.jpg","type":"image\/jpeg"}],"author":"La Gu\u00eda de Pamplona","twitter_card":"summary_large_image","twitter_creator":"@LaGuiadPamplona","twitter_site":"@LaGuiadPamplona","twitter_misc":{"Escrito por":"La Gu\u00eda de Pamplona","Tiempo de lectura":"2 minutos"},"schema":{"@context":"https:\/\/schema.org","@graph":[{"@type":"Article","@id":"https:\/\/www.laguiadepamplona.com\/actualidad\/el-ayuntamiento-recibe-a-una-representacion-de-jovenes-que-participan-en-el-proyecto-europeo-erasmus-a-traves-del-programa-coworkids\/#article","isPartOf":{"@id":"https:\/\/www.laguiadepamplona.com\/actualidad\/el-ayuntamiento-recibe-a-una-representacion-de-jovenes-que-participan-en-el-proyecto-europeo-erasmus-a-traves-del-programa-coworkids\/"},"author":{"name":"La Gu\u00eda de Pamplona","@id":"https:\/\/www.laguiadepamplona.com\/actualidad\/#\/schema\/person\/efe887376f0213d4657c93adc50b1fdb"},"headline":"El Ayuntamiento recibe a una representaci\u00f3n de j\u00f3venes que participan en el proyecto europeo Erasmus+ a trav\u00e9s del programa COworkids","datePublished":"2022-05-12T15:28:27+00:00","dateModified":"2023-04-11T09:48:12+00:00","mainEntityOfPage":{"@id":"https:\/\/www.laguiadepamplona.com\/actualidad\/el-ayuntamiento-recibe-a-una-representacion-de-jovenes-que-participan-en-el-proyecto-europeo-erasmus-a-traves-del-programa-coworkids\/"},"wordCount":445,"commentCount":0,"publisher":{"@id":"https:\/\/www.laguiadepamplona.com\/actualidad\/#organization"},"image":{"@id":"https:\/\/www.laguiadepamplona.com\/actualidad\/el-ayuntamiento-recibe-a-una-representacion-de-jovenes-que-participan-en-el-proyecto-europeo-erasmus-a-traves-del-programa-coworkids\/#primaryimage"},"thumbnailUrl":"https:\/\/www.laguiadepamplona.com\/actualidad\/wp-content\/uploads\/2021\/10\/coworkids.jpg","articleSection":["Ayto Pamplona"],"inLanguage":"es","potentialAction":[{"@type":"CommentAction","name":"Comment","target":["https:\/\/www.laguiadepamplona.com\/actualidad\/el-ayuntamiento-recibe-a-una-representacion-de-jovenes-que-participan-en-el-proyecto-europeo-erasmus-a-traves-del-programa-coworkids\/#respond"]}]},{"@type":"WebPage","@id":"https:\/\/www.laguiadepamplona.com\/actualidad\/el-ayuntamiento-recibe-a-una-representacion-de-jovenes-que-participan-en-el-proyecto-europeo-erasmus-a-traves-del-programa-coworkids\/","url":"https:\/\/www.laguiadepamplona.com\/actualidad\/el-ayuntamiento-recibe-a-una-representacion-de-jovenes-que-participan-en-el-proyecto-europeo-erasmus-a-traves-del-programa-coworkids\/","name":"El Ayuntamiento recibe a una representaci\u00f3n de j\u00f3venes que participan en el proyecto europeo Erasmus+ a trav\u00e9s del programa COworkids","isPartOf":{"@id":"https:\/\/www.laguiadepamplona.com\/actualidad\/#website"},"primaryImageOfPage":{"@id":"https:\/\/www.laguiadepamplona.com\/actualidad\/el-ayuntamiento-recibe-a-una-representacion-de-jovenes-que-participan-en-el-proyecto-europeo-erasmus-a-traves-del-programa-coworkids\/#primaryimage"},"image":{"@id":"https:\/\/www.laguiadepamplona.com\/actualidad\/el-ayuntamiento-recibe-a-una-representacion-de-jovenes-que-participan-en-el-proyecto-europeo-erasmus-a-traves-del-programa-coworkids\/#primaryimage"},"thumbnailUrl":"https:\/\/www.laguiadepamplona.com\/actualidad\/wp-content\/uploads\/2021\/10\/coworkids.jpg","datePublished":"2022-05-12T15:28:27+00:00","dateModified":"2023-04-11T09:48:12+00:00","description":"El trabajo de los 50 participantes ser\u00e1 valorado el 1 de junio por un jurado que decidir\u00e1 qu\u00e9 4 adolescentes viajan a Bruselas a finales de ese mes","breadcrumb":{"@id":"https:\/\/www.laguiadepamplona.com\/actualidad\/el-ayuntamiento-recibe-a-una-representacion-de-jovenes-que-participan-en-el-proyecto-europeo-erasmus-a-traves-del-programa-coworkids\/#breadcrumb"},"inLanguage":"es","potentialAction":[{"@type":"ReadAction","target":["https:\/\/www.laguiadepamplona.com\/actualidad\/el-ayuntamiento-recibe-a-una-representacion-de-jovenes-que-participan-en-el-proyecto-europeo-erasmus-a-traves-del-programa-coworkids\/"]}]},{"@type":"ImageObject","inLanguage":"es","@id":"https:\/\/www.laguiadepamplona.com\/actualidad\/el-ayuntamiento-recibe-a-una-representacion-de-jovenes-que-participan-en-el-proyecto-europeo-erasmus-a-traves-del-programa-coworkids\/#primaryimage","url":"https:\/\/www.laguiadepamplona.com\/actualidad\/wp-content\/uploads\/2021\/10\/coworkids.jpg","contentUrl":"https:\/\/www.laguiadepamplona.com\/actualidad\/wp-content\/uploads\/2021\/10\/coworkids.jpg","width":1540,"height":794},{"@type":"BreadcrumbList","@id":"https:\/\/www.laguiadepamplona.com\/actualidad\/el-ayuntamiento-recibe-a-una-representacion-de-jovenes-que-participan-en-el-proyecto-europeo-erasmus-a-traves-del-programa-coworkids\/#breadcrumb","itemListElement":[{"@type":"ListItem","position":1,"name":"Portada","item":"https:\/\/www.laguiadepamplona.com\/actualidad\/"},{"@type":"ListItem","position":2,"name":"El Ayuntamiento recibe a una representaci\u00f3n de j\u00f3venes que participan en el proyecto europeo Erasmus+ a trav\u00e9s del programa COworkids"}]},{"@type":"WebSite","@id":"https:\/\/www.laguiadepamplona.com\/actualidad\/#website","url":"https:\/\/www.laguiadepamplona.com\/actualidad\/","name":"La gu\u00eda de Pamplona","description":"Noticias de Pamplona","publisher":{"@id":"https:\/\/www.laguiadepamplona.com\/actualidad\/#organization"},"potentialAction":[{"@type":"SearchAction","target":{"@type":"EntryPoint","urlTemplate":"https:\/\/www.laguiadepamplona.com\/actualidad\/?s={search_term_string}"},"query-input":{"@type":"PropertyValueSpecification","valueRequired":true,"valueName":"search_term_string"}}],"inLanguage":"es"},{"@type":"Organization","@id":"https:\/\/www.laguiadepamplona.com\/actualidad\/#organization","name":"La Gu\u00eda de Pamplona \/ Noticias","url":"https:\/\/www.laguiadepamplona.com\/actualidad\/","logo":{"@type":"ImageObject","inLanguage":"es","@id":"https:\/\/www.laguiadepamplona.com\/actualidad\/#\/schema\/logo\/image\/","url":"https:\/\/www.laguiadepamplona.com\/actualidad\/wp-content\/uploads\/2018\/11\/logo-laguiadepamplona18-web1.png","contentUrl":"https:\/\/www.laguiadepamplona.com\/actualidad\/wp-content\/uploads\/2018\/11\/logo-laguiadepamplona18-web1.png","width":600,"height":196,"caption":"La Gu\u00eda de Pamplona \/ Noticias"},"image":{"@id":"https:\/\/www.laguiadepamplona.com\/actualidad\/#\/schema\/logo\/image\/"},"sameAs":["https:\/\/www.facebook.com\/laguiadepamplonacom-133175176762273\/?ref=hl","https:\/\/x.com\/LaGuiadPamplona","https:\/\/www.instagram.com\/la_guia_de_pamplona\/","https:\/\/www.youtube.com\/user\/laguiadepamplona"]},{"@type":"Person","@id":"https:\/\/www.laguiadepamplona.com\/actualidad\/#\/schema\/person\/efe887376f0213d4657c93adc50b1fdb","name":"La Gu\u00eda de Pamplona","image":{"@type":"ImageObject","inLanguage":"es","@id":"https:\/\/secure.gravatar.com\/avatar\/b6992f131dc8d30ab0dff15446e9d346d9dbd95992de0fef795073f5ea83a81c?s=96&d=mm&r=g","url":"https:\/\/secure.gravatar.com\/avatar\/b6992f131dc8d30ab0dff15446e9d346d9dbd95992de0fef795073f5ea83a81c?s=96&d=mm&r=g","contentUrl":"https:\/\/secure.gravatar.com\/avatar\/b6992f131dc8d30ab0dff15446e9d346d9dbd95992de0fef795073f5ea83a81c?s=96&d=mm&r=g","caption":"La Gu\u00eda de Pamplona"}}]}},"post_mailing_queue_ids":[],"_links":{"self":[{"href":"https:\/\/www.laguiadepamplona.com\/actualidad\/wp-json\/wp\/v2\/posts\/40322","targetHints":{"allow":["GET"]}}],"collection":[{"href":"https:\/\/www.laguiadepamplona.com\/actualidad\/wp-json\/wp\/v2\/posts"}],"about":[{"href":"https:\/\/www.laguiadepamplona.com\/actualidad\/wp-json\/wp\/v2\/types\/post"}],"author":[{"embeddable":true,"href":"https:\/\/www.laguiadepamplona.com\/actualidad\/wp-json\/wp\/v2\/users\/1"}],"replies":[{"embeddable":true,"href":"https:\/\/www.laguiadepamplona.com\/actualidad\/wp-json\/wp\/v2\/comments?post=40322"}],"version-history":[{"count":0,"href":"https:\/\/www.laguiadepamplona.com\/actualidad\/wp-json\/wp\/v2\/posts\/40322\/revisions"}],"wp:featuredmedia":[{"embeddable":true,"href":"https:\/\/www.laguiadepamplona.com\/actualidad\/wp-json\/wp\/v2\/media\/36998"}],"wp:attachment":[{"href":"https:\/\/www.laguiadepamplona.com\/actualidad\/wp-json\/wp\/v2\/media?parent=40322"}],"wp:term":[{"taxonomy":"category","embeddable":true,"href":"https:\/\/www.laguiadepamplona.com\/actualidad\/wp-json\/wp\/v2\/categories?post=40322"},{"taxonomy":"post_tag","embeddable":true,"href":"https:\/\/www.laguiadepamplona.com\/actualidad\/wp-json\/wp\/v2\/tags?post=40322"}],"curies":[{"name":"wp","href":"https:\/\/api.w.org\/{rel}","templated":true}]}}