{"id":40318,"date":"2022-05-12T17:16:29","date_gmt":"2022-05-12T15:16:29","guid":{"rendered":"https:\/\/www.laguiadepamplona.com\/actualidad\/?p=40318"},"modified":"2023-04-11T11:48:12","modified_gmt":"2023-04-11T09:48:12","slug":"la-belleza-de-la-funcionalidad-el-centro-de-una-muestra-que-recoge-a-la-trayectoria-del-premiado-disenador-iosu-rada","status":"publish","type":"post","link":"https:\/\/www.laguiadepamplona.com\/actualidad\/la-belleza-de-la-funcionalidad-el-centro-de-una-muestra-que-recoge-a-la-trayectoria-del-premiado-disenador-iosu-rada\/","title":{"rendered":"La belleza de la funcionalidad, el centro de una muestra que recoge a la trayectoria del premiado dise\u00f1ador Iosu Rada"},"content":{"rendered":"<h5>\u2018Dise\u00f1ar para el mundo real\u2019 podr\u00e1 visitarse hasta el 26 de junio en el Pabell\u00f3n de Mixtos de la Ciudadela<\/h5>\n<p><!--more--><\/p>\n<p>El Pabell\u00f3n de Mixtos de la Ciudadela acoge en su planta primera la muestra \u2018Dise\u00f1ar para el mundo real\u2019, de Iosu Rada. La exposici\u00f3n recoge un conjunto variado de trabajos de dise\u00f1o en todos sus campos, desde dise\u00f1o gr\u00e1fico, hasta dise\u00f1o de producto, pasando por se\u00f1al\u00e9tica o iluminaci\u00f3n, seleccionados de toda una trayectoria vital buscando soluciones funcionales y bellas. Esta ma\u00f1ana han presentado la muestra el propio autor y el director del \u00e1rea de Cultura del Ayuntamiento de Pamplona, Jorge Urd\u00e1noz.<br \/>\n<script async src=\"\/\/pagead2.googlesyndication.com\/pagead\/js\/adsbygoogle.js\"><\/script><br \/>\n<!-- Noticias La Guia de Pamplona --><br \/>\n<ins class=\"adsbygoogle\"\nstyle=\"display:block\"\ndata-ad-client=\"ca-pub-6943679897239327\"\ndata-ad-slot=\"7048180777\"\ndata-ad-format=\"auto\"><\/ins><br \/>\n<script>\n(adsbygoogle = window.adsbygoogle || []).push({});\n<\/script><\/p>\n<p>El t\u00edtulo de la muestra es, en realidad, una declaraci\u00f3n de principios y de planteamientos art\u00edsticos y profesionales ya que, seg\u00fan el autor, la est\u00e9tica no es el objetivo en s\u00ed mismo del dise\u00f1o sino su utilizaci\u00f3n, la adecuaci\u00f3n de los procesos de fabricaci\u00f3n y la satisfacci\u00f3n de las necesidades de los usuarios, en definitiva, el dise\u00f1o contribuye a la mejora de la calidad del producto y, en este \u00e1mbito, la est\u00e9tica y la funcionalidad deben ir de la mano.<\/p>\n<p>Arquitecto de interiores y dise\u00f1ador formado en la Scuola Polit\u00e9cnica di Design de Mil\u00e1n, Iosu Rada aporta una extensa actividad profesional aplicada a los m\u00e1s diversos campos operativos del Dise\u00f1o Industrial y Gr\u00e1fico: desde bienes de equipo, a m\u00e1quinas \u201cvending\u201d y m\u00e1quina herramienta, pasando por bienes de consumo, mobiliario, iluminaci\u00f3n, empaquetado, imagen corporativa, etc.<br \/>\n<script async src=\"\/\/pagead2.googlesyndication.com\/pagead\/js\/adsbygoogle.js\"><\/script><br \/>\n<!-- Noticias La Guia de Pamplona --><br \/>\n<ins class=\"adsbygoogle\"\nstyle=\"display:block\"\ndata-ad-client=\"ca-pub-6943679897239327\"\ndata-ad-slot=\"7048180777\"\ndata-ad-format=\"auto\"><\/ins><br \/>\n<script>\n(adsbygoogle = window.adsbygoogle || []).push({});\n<\/script><\/p>\n<p>Rada se preocupa por resolver coherentemente desde el punto de vista del productor y desde la \u00f3ptica del consumidor l\u00e1mparas, mesas de billar, tornos o m\u00e1quinas expendedoras, buscando siempre la expresividad del objeto, nuevos modos de uso y la participaci\u00f3n activa del usuario. Sus trabajos han recibido numerosos reconocimientos, participando en m\u00faltiples publicaciones y exposiciones, entre ellas las dedicadas al dise\u00f1o celebradas en el museo Reina Sof\u00eda de Madrid. La exposici\u00f3n se podr\u00e1 visitar desde el 12 de mayo al 26 de junio el Pabell\u00f3n de Mixtos en horario de martes a viernes de 11.30 a 13.30 y de 18.30 a 21 y domingos y festivos de 11.30 a 13 horas. La entrada a todas las salas del recinto es gratuita.<\/p>\n","protected":false},"excerpt":{"rendered":"<p>\u2018Dise\u00f1ar para el mundo real\u2019 podr\u00e1 visitarse hasta el 26 de junio en el Pabell\u00f3n de Mixtos de la Ciudadela<\/p>\n","protected":false},"author":1,"featured_media":17343,"comment_status":"open","ping_status":"closed","sticky":false,"template":"","format":"standard","meta":{"footnotes":""},"categories":[2],"tags":[],"class_list":["post-40318","post","type-post","status-publish","format-standard","has-post-thumbnail","hentry","category-ayuntamiento-pamplona"],"yoast_head":"<!-- This site is optimized with the Yoast SEO plugin v27.3 - https:\/\/yoast.com\/product\/yoast-seo-wordpress\/ -->\n<title>La belleza de la funcionalidad, el centro de una muestra que recoge a la trayectoria del premiado dise\u00f1ador Iosu Rada<\/title>\n<meta name=\"description\" content=\"\u2018Dise\u00f1ar para el mundo real\u2019 podr\u00e1 visitarse hasta el 26 de junio en el Pabell\u00f3n de Mixtos de la Ciudadela\" \/>\n<meta name=\"robots\" content=\"index, follow, max-snippet:-1, max-image-preview:large, max-video-preview:-1\" \/>\n<link rel=\"canonical\" href=\"https:\/\/www.laguiadepamplona.com\/actualidad\/la-belleza-de-la-funcionalidad-el-centro-de-una-muestra-que-recoge-a-la-trayectoria-del-premiado-disenador-iosu-rada\/\" \/>\n<meta property=\"og:locale\" content=\"es_ES\" \/>\n<meta property=\"og:type\" content=\"article\" \/>\n<meta property=\"og:title\" content=\"La belleza de la funcionalidad, el centro de una muestra que recoge a la trayectoria del premiado dise\u00f1ador Iosu Rada\" \/>\n<meta property=\"og:description\" content=\"\u2018Dise\u00f1ar para el mundo real\u2019 podr\u00e1 visitarse hasta el 26 de junio en el Pabell\u00f3n de Mixtos de la Ciudadela\" \/>\n<meta property=\"og:url\" content=\"https:\/\/www.laguiadepamplona.com\/actualidad\/la-belleza-de-la-funcionalidad-el-centro-de-una-muestra-que-recoge-a-la-trayectoria-del-premiado-disenador-iosu-rada\/\" \/>\n<meta property=\"og:site_name\" content=\"La Gu\u00eda de Pamplona\" \/>\n<meta property=\"article:publisher\" content=\"https:\/\/www.facebook.com\/laguiadepamplonacom-133175176762273\/?ref=hl\" \/>\n<meta property=\"article:published_time\" content=\"2022-05-12T15:16:29+00:00\" \/>\n<meta property=\"article:modified_time\" content=\"2023-04-11T09:48:12+00:00\" \/>\n<meta property=\"og:image\" content=\"https:\/\/www.laguiadepamplona.com\/actualidad\/wp-content\/uploads\/2018\/05\/pabellon-mixtos-ciudadela.jpg\" \/>\n\t<meta property=\"og:image:width\" content=\"1000\" \/>\n\t<meta property=\"og:image:height\" content=\"667\" \/>\n\t<meta property=\"og:image:type\" content=\"image\/jpeg\" \/>\n<meta name=\"author\" content=\"La Gu\u00eda de Pamplona\" \/>\n<meta name=\"twitter:card\" content=\"summary_large_image\" \/>\n<meta name=\"twitter:creator\" content=\"@LaGuiadPamplona\" \/>\n<meta name=\"twitter:site\" content=\"@LaGuiadPamplona\" \/>\n<meta name=\"twitter:label1\" content=\"Escrito por\" \/>\n\t<meta name=\"twitter:data1\" content=\"La Gu\u00eda de Pamplona\" \/>\n\t<meta name=\"twitter:label2\" content=\"Tiempo de lectura\" \/>\n\t<meta name=\"twitter:data2\" content=\"2 minutos\" \/>\n<script type=\"application\/ld+json\" class=\"yoast-schema-graph\">{\"@context\":\"https:\\\/\\\/schema.org\",\"@graph\":[{\"@type\":\"Article\",\"@id\":\"https:\\\/\\\/www.laguiadepamplona.com\\\/actualidad\\\/la-belleza-de-la-funcionalidad-el-centro-de-una-muestra-que-recoge-a-la-trayectoria-del-premiado-disenador-iosu-rada\\\/#article\",\"isPartOf\":{\"@id\":\"https:\\\/\\\/www.laguiadepamplona.com\\\/actualidad\\\/la-belleza-de-la-funcionalidad-el-centro-de-una-muestra-que-recoge-a-la-trayectoria-del-premiado-disenador-iosu-rada\\\/\"},\"author\":{\"name\":\"La Gu\u00eda de Pamplona\",\"@id\":\"https:\\\/\\\/www.laguiadepamplona.com\\\/actualidad\\\/#\\\/schema\\\/person\\\/efe887376f0213d4657c93adc50b1fdb\"},\"headline\":\"La belleza de la funcionalidad, el centro de una muestra que recoge a la trayectoria del premiado dise\u00f1ador Iosu Rada\",\"datePublished\":\"2022-05-12T15:16:29+00:00\",\"dateModified\":\"2023-04-11T09:48:12+00:00\",\"mainEntityOfPage\":{\"@id\":\"https:\\\/\\\/www.laguiadepamplona.com\\\/actualidad\\\/la-belleza-de-la-funcionalidad-el-centro-de-una-muestra-que-recoge-a-la-trayectoria-del-premiado-disenador-iosu-rada\\\/\"},\"wordCount\":411,\"commentCount\":0,\"publisher\":{\"@id\":\"https:\\\/\\\/www.laguiadepamplona.com\\\/actualidad\\\/#organization\"},\"image\":{\"@id\":\"https:\\\/\\\/www.laguiadepamplona.com\\\/actualidad\\\/la-belleza-de-la-funcionalidad-el-centro-de-una-muestra-que-recoge-a-la-trayectoria-del-premiado-disenador-iosu-rada\\\/#primaryimage\"},\"thumbnailUrl\":\"https:\\\/\\\/www.laguiadepamplona.com\\\/actualidad\\\/wp-content\\\/uploads\\\/2018\\\/05\\\/pabellon-mixtos-ciudadela.jpg\",\"articleSection\":[\"Ayto Pamplona\"],\"inLanguage\":\"es\",\"potentialAction\":[{\"@type\":\"CommentAction\",\"name\":\"Comment\",\"target\":[\"https:\\\/\\\/www.laguiadepamplona.com\\\/actualidad\\\/la-belleza-de-la-funcionalidad-el-centro-de-una-muestra-que-recoge-a-la-trayectoria-del-premiado-disenador-iosu-rada\\\/#respond\"]}]},{\"@type\":\"WebPage\",\"@id\":\"https:\\\/\\\/www.laguiadepamplona.com\\\/actualidad\\\/la-belleza-de-la-funcionalidad-el-centro-de-una-muestra-que-recoge-a-la-trayectoria-del-premiado-disenador-iosu-rada\\\/\",\"url\":\"https:\\\/\\\/www.laguiadepamplona.com\\\/actualidad\\\/la-belleza-de-la-funcionalidad-el-centro-de-una-muestra-que-recoge-a-la-trayectoria-del-premiado-disenador-iosu-rada\\\/\",\"name\":\"La belleza de la funcionalidad, el centro de una muestra que recoge a la trayectoria del premiado dise\u00f1ador Iosu Rada\",\"isPartOf\":{\"@id\":\"https:\\\/\\\/www.laguiadepamplona.com\\\/actualidad\\\/#website\"},\"primaryImageOfPage\":{\"@id\":\"https:\\\/\\\/www.laguiadepamplona.com\\\/actualidad\\\/la-belleza-de-la-funcionalidad-el-centro-de-una-muestra-que-recoge-a-la-trayectoria-del-premiado-disenador-iosu-rada\\\/#primaryimage\"},\"image\":{\"@id\":\"https:\\\/\\\/www.laguiadepamplona.com\\\/actualidad\\\/la-belleza-de-la-funcionalidad-el-centro-de-una-muestra-que-recoge-a-la-trayectoria-del-premiado-disenador-iosu-rada\\\/#primaryimage\"},\"thumbnailUrl\":\"https:\\\/\\\/www.laguiadepamplona.com\\\/actualidad\\\/wp-content\\\/uploads\\\/2018\\\/05\\\/pabellon-mixtos-ciudadela.jpg\",\"datePublished\":\"2022-05-12T15:16:29+00:00\",\"dateModified\":\"2023-04-11T09:48:12+00:00\",\"description\":\"\u2018Dise\u00f1ar para el mundo real\u2019 podr\u00e1 visitarse hasta el 26 de junio en el Pabell\u00f3n de Mixtos de la Ciudadela\",\"breadcrumb\":{\"@id\":\"https:\\\/\\\/www.laguiadepamplona.com\\\/actualidad\\\/la-belleza-de-la-funcionalidad-el-centro-de-una-muestra-que-recoge-a-la-trayectoria-del-premiado-disenador-iosu-rada\\\/#breadcrumb\"},\"inLanguage\":\"es\",\"potentialAction\":[{\"@type\":\"ReadAction\",\"target\":[\"https:\\\/\\\/www.laguiadepamplona.com\\\/actualidad\\\/la-belleza-de-la-funcionalidad-el-centro-de-una-muestra-que-recoge-a-la-trayectoria-del-premiado-disenador-iosu-rada\\\/\"]}]},{\"@type\":\"ImageObject\",\"inLanguage\":\"es\",\"@id\":\"https:\\\/\\\/www.laguiadepamplona.com\\\/actualidad\\\/la-belleza-de-la-funcionalidad-el-centro-de-una-muestra-que-recoge-a-la-trayectoria-del-premiado-disenador-iosu-rada\\\/#primaryimage\",\"url\":\"https:\\\/\\\/www.laguiadepamplona.com\\\/actualidad\\\/wp-content\\\/uploads\\\/2018\\\/05\\\/pabellon-mixtos-ciudadela.jpg\",\"contentUrl\":\"https:\\\/\\\/www.laguiadepamplona.com\\\/actualidad\\\/wp-content\\\/uploads\\\/2018\\\/05\\\/pabellon-mixtos-ciudadela.jpg\",\"width\":1000,\"height\":667},{\"@type\":\"BreadcrumbList\",\"@id\":\"https:\\\/\\\/www.laguiadepamplona.com\\\/actualidad\\\/la-belleza-de-la-funcionalidad-el-centro-de-una-muestra-que-recoge-a-la-trayectoria-del-premiado-disenador-iosu-rada\\\/#breadcrumb\",\"itemListElement\":[{\"@type\":\"ListItem\",\"position\":1,\"name\":\"Portada\",\"item\":\"https:\\\/\\\/www.laguiadepamplona.com\\\/actualidad\\\/\"},{\"@type\":\"ListItem\",\"position\":2,\"name\":\"La belleza de la funcionalidad, el centro de una muestra que recoge a la trayectoria del premiado dise\u00f1ador Iosu Rada\"}]},{\"@type\":\"WebSite\",\"@id\":\"https:\\\/\\\/www.laguiadepamplona.com\\\/actualidad\\\/#website\",\"url\":\"https:\\\/\\\/www.laguiadepamplona.com\\\/actualidad\\\/\",\"name\":\"La gu\u00eda de Pamplona\",\"description\":\"Noticias de Pamplona\",\"publisher\":{\"@id\":\"https:\\\/\\\/www.laguiadepamplona.com\\\/actualidad\\\/#organization\"},\"potentialAction\":[{\"@type\":\"SearchAction\",\"target\":{\"@type\":\"EntryPoint\",\"urlTemplate\":\"https:\\\/\\\/www.laguiadepamplona.com\\\/actualidad\\\/?s={search_term_string}\"},\"query-input\":{\"@type\":\"PropertyValueSpecification\",\"valueRequired\":true,\"valueName\":\"search_term_string\"}}],\"inLanguage\":\"es\"},{\"@type\":\"Organization\",\"@id\":\"https:\\\/\\\/www.laguiadepamplona.com\\\/actualidad\\\/#organization\",\"name\":\"La Gu\u00eda de Pamplona \\\/ Noticias\",\"url\":\"https:\\\/\\\/www.laguiadepamplona.com\\\/actualidad\\\/\",\"logo\":{\"@type\":\"ImageObject\",\"inLanguage\":\"es\",\"@id\":\"https:\\\/\\\/www.laguiadepamplona.com\\\/actualidad\\\/#\\\/schema\\\/logo\\\/image\\\/\",\"url\":\"https:\\\/\\\/www.laguiadepamplona.com\\\/actualidad\\\/wp-content\\\/uploads\\\/2018\\\/11\\\/logo-laguiadepamplona18-web1.png\",\"contentUrl\":\"https:\\\/\\\/www.laguiadepamplona.com\\\/actualidad\\\/wp-content\\\/uploads\\\/2018\\\/11\\\/logo-laguiadepamplona18-web1.png\",\"width\":600,\"height\":196,\"caption\":\"La Gu\u00eda de Pamplona \\\/ Noticias\"},\"image\":{\"@id\":\"https:\\\/\\\/www.laguiadepamplona.com\\\/actualidad\\\/#\\\/schema\\\/logo\\\/image\\\/\"},\"sameAs\":[\"https:\\\/\\\/www.facebook.com\\\/laguiadepamplonacom-133175176762273\\\/?ref=hl\",\"https:\\\/\\\/x.com\\\/LaGuiadPamplona\",\"https:\\\/\\\/www.instagram.com\\\/la_guia_de_pamplona\\\/\",\"https:\\\/\\\/www.youtube.com\\\/user\\\/laguiadepamplona\"]},{\"@type\":\"Person\",\"@id\":\"https:\\\/\\\/www.laguiadepamplona.com\\\/actualidad\\\/#\\\/schema\\\/person\\\/efe887376f0213d4657c93adc50b1fdb\",\"name\":\"La Gu\u00eda de Pamplona\",\"image\":{\"@type\":\"ImageObject\",\"inLanguage\":\"es\",\"@id\":\"https:\\\/\\\/secure.gravatar.com\\\/avatar\\\/b6992f131dc8d30ab0dff15446e9d346d9dbd95992de0fef795073f5ea83a81c?s=96&d=mm&r=g\",\"url\":\"https:\\\/\\\/secure.gravatar.com\\\/avatar\\\/b6992f131dc8d30ab0dff15446e9d346d9dbd95992de0fef795073f5ea83a81c?s=96&d=mm&r=g\",\"contentUrl\":\"https:\\\/\\\/secure.gravatar.com\\\/avatar\\\/b6992f131dc8d30ab0dff15446e9d346d9dbd95992de0fef795073f5ea83a81c?s=96&d=mm&r=g\",\"caption\":\"La Gu\u00eda de Pamplona\"}}]}<\/script>\n<!-- \/ Yoast SEO plugin. -->","yoast_head_json":{"title":"La belleza de la funcionalidad, el centro de una muestra que recoge a la trayectoria del premiado dise\u00f1ador Iosu Rada","description":"\u2018Dise\u00f1ar para el mundo real\u2019 podr\u00e1 visitarse hasta el 26 de junio en el Pabell\u00f3n de Mixtos de la Ciudadela","robots":{"index":"index","follow":"follow","max-snippet":"max-snippet:-1","max-image-preview":"max-image-preview:large","max-video-preview":"max-video-preview:-1"},"canonical":"https:\/\/www.laguiadepamplona.com\/actualidad\/la-belleza-de-la-funcionalidad-el-centro-de-una-muestra-que-recoge-a-la-trayectoria-del-premiado-disenador-iosu-rada\/","og_locale":"es_ES","og_type":"article","og_title":"La belleza de la funcionalidad, el centro de una muestra que recoge a la trayectoria del premiado dise\u00f1ador Iosu Rada","og_description":"\u2018Dise\u00f1ar para el mundo real\u2019 podr\u00e1 visitarse hasta el 26 de junio en el Pabell\u00f3n de Mixtos de la Ciudadela","og_url":"https:\/\/www.laguiadepamplona.com\/actualidad\/la-belleza-de-la-funcionalidad-el-centro-de-una-muestra-que-recoge-a-la-trayectoria-del-premiado-disenador-iosu-rada\/","og_site_name":"La Gu\u00eda de Pamplona","article_publisher":"https:\/\/www.facebook.com\/laguiadepamplonacom-133175176762273\/?ref=hl","article_published_time":"2022-05-12T15:16:29+00:00","article_modified_time":"2023-04-11T09:48:12+00:00","og_image":[{"width":1000,"height":667,"url":"https:\/\/www.laguiadepamplona.com\/actualidad\/wp-content\/uploads\/2018\/05\/pabellon-mixtos-ciudadela.jpg","type":"image\/jpeg"}],"author":"La Gu\u00eda de Pamplona","twitter_card":"summary_large_image","twitter_creator":"@LaGuiadPamplona","twitter_site":"@LaGuiadPamplona","twitter_misc":{"Escrito por":"La Gu\u00eda de Pamplona","Tiempo de lectura":"2 minutos"},"schema":{"@context":"https:\/\/schema.org","@graph":[{"@type":"Article","@id":"https:\/\/www.laguiadepamplona.com\/actualidad\/la-belleza-de-la-funcionalidad-el-centro-de-una-muestra-que-recoge-a-la-trayectoria-del-premiado-disenador-iosu-rada\/#article","isPartOf":{"@id":"https:\/\/www.laguiadepamplona.com\/actualidad\/la-belleza-de-la-funcionalidad-el-centro-de-una-muestra-que-recoge-a-la-trayectoria-del-premiado-disenador-iosu-rada\/"},"author":{"name":"La Gu\u00eda de Pamplona","@id":"https:\/\/www.laguiadepamplona.com\/actualidad\/#\/schema\/person\/efe887376f0213d4657c93adc50b1fdb"},"headline":"La belleza de la funcionalidad, el centro de una muestra que recoge a la trayectoria del premiado dise\u00f1ador Iosu Rada","datePublished":"2022-05-12T15:16:29+00:00","dateModified":"2023-04-11T09:48:12+00:00","mainEntityOfPage":{"@id":"https:\/\/www.laguiadepamplona.com\/actualidad\/la-belleza-de-la-funcionalidad-el-centro-de-una-muestra-que-recoge-a-la-trayectoria-del-premiado-disenador-iosu-rada\/"},"wordCount":411,"commentCount":0,"publisher":{"@id":"https:\/\/www.laguiadepamplona.com\/actualidad\/#organization"},"image":{"@id":"https:\/\/www.laguiadepamplona.com\/actualidad\/la-belleza-de-la-funcionalidad-el-centro-de-una-muestra-que-recoge-a-la-trayectoria-del-premiado-disenador-iosu-rada\/#primaryimage"},"thumbnailUrl":"https:\/\/www.laguiadepamplona.com\/actualidad\/wp-content\/uploads\/2018\/05\/pabellon-mixtos-ciudadela.jpg","articleSection":["Ayto Pamplona"],"inLanguage":"es","potentialAction":[{"@type":"CommentAction","name":"Comment","target":["https:\/\/www.laguiadepamplona.com\/actualidad\/la-belleza-de-la-funcionalidad-el-centro-de-una-muestra-que-recoge-a-la-trayectoria-del-premiado-disenador-iosu-rada\/#respond"]}]},{"@type":"WebPage","@id":"https:\/\/www.laguiadepamplona.com\/actualidad\/la-belleza-de-la-funcionalidad-el-centro-de-una-muestra-que-recoge-a-la-trayectoria-del-premiado-disenador-iosu-rada\/","url":"https:\/\/www.laguiadepamplona.com\/actualidad\/la-belleza-de-la-funcionalidad-el-centro-de-una-muestra-que-recoge-a-la-trayectoria-del-premiado-disenador-iosu-rada\/","name":"La belleza de la funcionalidad, el centro de una muestra que recoge a la trayectoria del premiado dise\u00f1ador Iosu Rada","isPartOf":{"@id":"https:\/\/www.laguiadepamplona.com\/actualidad\/#website"},"primaryImageOfPage":{"@id":"https:\/\/www.laguiadepamplona.com\/actualidad\/la-belleza-de-la-funcionalidad-el-centro-de-una-muestra-que-recoge-a-la-trayectoria-del-premiado-disenador-iosu-rada\/#primaryimage"},"image":{"@id":"https:\/\/www.laguiadepamplona.com\/actualidad\/la-belleza-de-la-funcionalidad-el-centro-de-una-muestra-que-recoge-a-la-trayectoria-del-premiado-disenador-iosu-rada\/#primaryimage"},"thumbnailUrl":"https:\/\/www.laguiadepamplona.com\/actualidad\/wp-content\/uploads\/2018\/05\/pabellon-mixtos-ciudadela.jpg","datePublished":"2022-05-12T15:16:29+00:00","dateModified":"2023-04-11T09:48:12+00:00","description":"\u2018Dise\u00f1ar para el mundo real\u2019 podr\u00e1 visitarse hasta el 26 de junio en el Pabell\u00f3n de Mixtos de la Ciudadela","breadcrumb":{"@id":"https:\/\/www.laguiadepamplona.com\/actualidad\/la-belleza-de-la-funcionalidad-el-centro-de-una-muestra-que-recoge-a-la-trayectoria-del-premiado-disenador-iosu-rada\/#breadcrumb"},"inLanguage":"es","potentialAction":[{"@type":"ReadAction","target":["https:\/\/www.laguiadepamplona.com\/actualidad\/la-belleza-de-la-funcionalidad-el-centro-de-una-muestra-que-recoge-a-la-trayectoria-del-premiado-disenador-iosu-rada\/"]}]},{"@type":"ImageObject","inLanguage":"es","@id":"https:\/\/www.laguiadepamplona.com\/actualidad\/la-belleza-de-la-funcionalidad-el-centro-de-una-muestra-que-recoge-a-la-trayectoria-del-premiado-disenador-iosu-rada\/#primaryimage","url":"https:\/\/www.laguiadepamplona.com\/actualidad\/wp-content\/uploads\/2018\/05\/pabellon-mixtos-ciudadela.jpg","contentUrl":"https:\/\/www.laguiadepamplona.com\/actualidad\/wp-content\/uploads\/2018\/05\/pabellon-mixtos-ciudadela.jpg","width":1000,"height":667},{"@type":"BreadcrumbList","@id":"https:\/\/www.laguiadepamplona.com\/actualidad\/la-belleza-de-la-funcionalidad-el-centro-de-una-muestra-que-recoge-a-la-trayectoria-del-premiado-disenador-iosu-rada\/#breadcrumb","itemListElement":[{"@type":"ListItem","position":1,"name":"Portada","item":"https:\/\/www.laguiadepamplona.com\/actualidad\/"},{"@type":"ListItem","position":2,"name":"La belleza de la funcionalidad, el centro de una muestra que recoge a la trayectoria del premiado dise\u00f1ador Iosu Rada"}]},{"@type":"WebSite","@id":"https:\/\/www.laguiadepamplona.com\/actualidad\/#website","url":"https:\/\/www.laguiadepamplona.com\/actualidad\/","name":"La gu\u00eda de Pamplona","description":"Noticias de Pamplona","publisher":{"@id":"https:\/\/www.laguiadepamplona.com\/actualidad\/#organization"},"potentialAction":[{"@type":"SearchAction","target":{"@type":"EntryPoint","urlTemplate":"https:\/\/www.laguiadepamplona.com\/actualidad\/?s={search_term_string}"},"query-input":{"@type":"PropertyValueSpecification","valueRequired":true,"valueName":"search_term_string"}}],"inLanguage":"es"},{"@type":"Organization","@id":"https:\/\/www.laguiadepamplona.com\/actualidad\/#organization","name":"La Gu\u00eda de Pamplona \/ Noticias","url":"https:\/\/www.laguiadepamplona.com\/actualidad\/","logo":{"@type":"ImageObject","inLanguage":"es","@id":"https:\/\/www.laguiadepamplona.com\/actualidad\/#\/schema\/logo\/image\/","url":"https:\/\/www.laguiadepamplona.com\/actualidad\/wp-content\/uploads\/2018\/11\/logo-laguiadepamplona18-web1.png","contentUrl":"https:\/\/www.laguiadepamplona.com\/actualidad\/wp-content\/uploads\/2018\/11\/logo-laguiadepamplona18-web1.png","width":600,"height":196,"caption":"La Gu\u00eda de Pamplona \/ Noticias"},"image":{"@id":"https:\/\/www.laguiadepamplona.com\/actualidad\/#\/schema\/logo\/image\/"},"sameAs":["https:\/\/www.facebook.com\/laguiadepamplonacom-133175176762273\/?ref=hl","https:\/\/x.com\/LaGuiadPamplona","https:\/\/www.instagram.com\/la_guia_de_pamplona\/","https:\/\/www.youtube.com\/user\/laguiadepamplona"]},{"@type":"Person","@id":"https:\/\/www.laguiadepamplona.com\/actualidad\/#\/schema\/person\/efe887376f0213d4657c93adc50b1fdb","name":"La Gu\u00eda de Pamplona","image":{"@type":"ImageObject","inLanguage":"es","@id":"https:\/\/secure.gravatar.com\/avatar\/b6992f131dc8d30ab0dff15446e9d346d9dbd95992de0fef795073f5ea83a81c?s=96&d=mm&r=g","url":"https:\/\/secure.gravatar.com\/avatar\/b6992f131dc8d30ab0dff15446e9d346d9dbd95992de0fef795073f5ea83a81c?s=96&d=mm&r=g","contentUrl":"https:\/\/secure.gravatar.com\/avatar\/b6992f131dc8d30ab0dff15446e9d346d9dbd95992de0fef795073f5ea83a81c?s=96&d=mm&r=g","caption":"La Gu\u00eda de Pamplona"}}]}},"post_mailing_queue_ids":[],"_links":{"self":[{"href":"https:\/\/www.laguiadepamplona.com\/actualidad\/wp-json\/wp\/v2\/posts\/40318","targetHints":{"allow":["GET"]}}],"collection":[{"href":"https:\/\/www.laguiadepamplona.com\/actualidad\/wp-json\/wp\/v2\/posts"}],"about":[{"href":"https:\/\/www.laguiadepamplona.com\/actualidad\/wp-json\/wp\/v2\/types\/post"}],"author":[{"embeddable":true,"href":"https:\/\/www.laguiadepamplona.com\/actualidad\/wp-json\/wp\/v2\/users\/1"}],"replies":[{"embeddable":true,"href":"https:\/\/www.laguiadepamplona.com\/actualidad\/wp-json\/wp\/v2\/comments?post=40318"}],"version-history":[{"count":0,"href":"https:\/\/www.laguiadepamplona.com\/actualidad\/wp-json\/wp\/v2\/posts\/40318\/revisions"}],"wp:featuredmedia":[{"embeddable":true,"href":"https:\/\/www.laguiadepamplona.com\/actualidad\/wp-json\/wp\/v2\/media\/17343"}],"wp:attachment":[{"href":"https:\/\/www.laguiadepamplona.com\/actualidad\/wp-json\/wp\/v2\/media?parent=40318"}],"wp:term":[{"taxonomy":"category","embeddable":true,"href":"https:\/\/www.laguiadepamplona.com\/actualidad\/wp-json\/wp\/v2\/categories?post=40318"},{"taxonomy":"post_tag","embeddable":true,"href":"https:\/\/www.laguiadepamplona.com\/actualidad\/wp-json\/wp\/v2\/tags?post=40318"}],"curies":[{"name":"wp","href":"https:\/\/api.w.org\/{rel}","templated":true}]}}