{"id":40312,"date":"2022-05-12T12:15:32","date_gmt":"2022-05-12T10:15:32","guid":{"rendered":"https:\/\/www.laguiadepamplona.com\/actualidad\/?p=40312"},"modified":"2023-04-11T11:48:12","modified_gmt":"2023-04-11T09:48:12","slug":"veintiseis-entidades-firman-el-pacto-local-por-el-desarrollo-de-la-agenda-urbana-de-pamplona-y-se-comprometen-a-contribuir-de-forma-activa-en-su-evolucion","status":"publish","type":"post","link":"https:\/\/www.laguiadepamplona.com\/actualidad\/veintiseis-entidades-firman-el-pacto-local-por-el-desarrollo-de-la-agenda-urbana-de-pamplona-y-se-comprometen-a-contribuir-de-forma-activa-en-su-evolucion\/","title":{"rendered":"Veintis\u00e9is entidades firman el Pacto Local por el Desarrollo de la Agenda Urbana de Pamplona y se comprometen a contribuir de forma activa en su evoluci\u00f3n"},"content":{"rendered":"<h5>En la jornada que se est\u00e1 celebrando este jueves se presentan los 57 proyectos estrat\u00e9gicos incluidos en la Agenda Urbana de Pamplona<\/h5>\n<p><!--more--><\/p>\n<p>La Agenda Urbana de Pamplona sigue dando pasos para definir el modelo de ciudad que se quiere y para involucrar a toda la sociedad en un proceso con horizonte 2030. Esta ma\u00f1ana 26 entidades y asociaciones se han unido a esta iniciativa con la firma del Pacto Local por el Desarrollo de la Estrategia 2030 \u2013 Agenda Urbana de Pamplona, una herramienta que formaliza el compromiso de los distintos agentes que tienen que intervenir en su puesta en marcha o que pueden contribuir al cumplimiento de los objetivos que se establecen.<\/p>\n<p>La Sala de Armas de la Ciudadela esta acogiendo durante esta ma\u00f1ana el acto de la firma de estas adhesiones, que se ha enmarcado en una jornada de trabajo en la que se presentan los 57 proyectos que recoge la Agenda Urbana de Pamplona. El alcalde de Pamplona, Enrique Maya, ha abierto la jornada, que ha contado con la presencia de la subdirectora adjunta de Pol\u00edticas Urbanas del Ministerio de Transportes, Movilidad y Agenda Urbana, Sonia Hern\u00e1ndez, y la consejera de Derechos Sociales, Carmen Maeztu, adem\u00e1s de la asistencia de m\u00e1s de un centenar de personas. La Agenda Urbana de Pamplona forma parte de los proyectos financiados por los fondos europeos Next Generation EU, a trav\u00e9s del Plan de Recuperaci\u00f3n, Transformaci\u00f3n y Resiliencia.<\/p>\n<p>La Agenda Urbana de Pamplona se concibe como un marco estrat\u00e9gico para la ciudad, que identifica, por un lado, las necesidades, los retos, los problemas y las oportunidades que encara Pamplona y, por otro, los intereses, las voluntades, las ideas y los proyectos previstos o latentes en ella. De esta forma, se busca configurar un conjunto de proyectos estrat\u00e9gicos (los 57 ya aprobados) claramente transformadores de cara a un futuro y a un modelo de ciudad acordado entre las partes implicadas en este proceso. La Agenda Urbana de Pamplona es un proceso abierto, dise\u00f1ado con horizonte 2030, con objetivos concretos, l\u00edneas de acci\u00f3n y proyectos que deben ejecutare y evaluarse.<br \/>\n<script async src=\"\/\/pagead2.googlesyndication.com\/pagead\/js\/adsbygoogle.js\"><\/script><br \/>\n<!-- Noticias La Guia de Pamplona --><br \/>\n<ins class=\"adsbygoogle\"\nstyle=\"display:block\"\ndata-ad-client=\"ca-pub-6943679897239327\"\ndata-ad-slot=\"7048180777\"\ndata-ad-format=\"auto\"><\/ins><br \/>\n<script>\n(adsbygoogle = window.adsbygoogle || []).push({});\n<\/script><\/p>\n<p><strong>Compromiso del Pacto Local por el Desarrollo de la Agenda Urbana de Pamplona<\/strong><\/p>\n<p>En este Pacto Local por el Desarrollo de la Estrategia 2030 \u2013 Agenda Urbana de Pamplona, las entidades firmantes se comprometen a contribuir a su desarrollo; a participar activamente en su dise\u00f1o, seguimiento, evaluaci\u00f3n y revisi\u00f3n; a hacer propios los valores horizontales del proyecto (igualdad, participaci\u00f3n, ecolog\u00eda, accesibilidad universal, inclusi\u00f3n, convivencia y perspectiva de edad); a colaborar de manera decidida y proactiva en el desarrollo de los proyectos estrat\u00e9gicos; y a cooperar en la b\u00fasqueda de recursos y financiaci\u00f3n para poder ejecutarlos. Esta Pacto Local es un documento abierto al que puede adherirse cualquier entidad, organizaci\u00f3n, empresa, asociaci\u00f3n o persona interesada.<\/p>\n<p>Las primeras 26 entidades en firmar, y que ya han colaborado desde sus inicios con esta Estrategia 2030 \u2013 Agenda Urbana de Pamplona han sido Ayuntamiento de Pamplona, Gobierno de Navarra, Federaci\u00f3n Navarra de Municipios y Concejos (FNMC), Mancomunidad de la Comarca de Pamplona, Confederaci\u00f3n de Empresarios de Navarra (CEN), Universidad P\u00fablica de Navarra, Universidad de Navarra, Universidad Nacional de Educaci\u00f3n a Distancia, C\u00e1mara Navarra de Comercio e Industria, CEIN, SODENA, NICDO, COAVNA, Asociaci\u00f3n de la Industria de Navarra (AIN), Asociaci\u00f3n Navarra de Peque\u00f1a Empresa de Hosteler\u00eda (ANAPEH), Asociaci\u00f3n de Hosteler\u00eda y Turismo de Navarra (AHN), Asociaci\u00f3n de Comerciantes del Casco Antiguo, Asociaci\u00f3n de Comerciantes del Ensanche, Mercado del Ensanche, Coordinadora de ONGD de Navarra, Coordinadora de Organizaciones de Mujeres y\/o Feministas de Navarra COMFIN, Comit\u00e9 de Representantes de Personas con Discapacidad en Navarra (CERMIN), ONCE NAVARRA, REAS (Red de Econom\u00eda Alternativa y Solidaria), Fundaci\u00f3n Caja Navarra y Asociaci\u00f3n de Consumidores Irache.<br \/>\n<script async src=\"\/\/pagead2.googlesyndication.com\/pagead\/js\/adsbygoogle.js\"><\/script><br \/>\n<!-- Noticias La Guia de Pamplona --><br \/>\n<ins class=\"adsbygoogle\"\nstyle=\"display:block\"\ndata-ad-client=\"ca-pub-6943679897239327\"\ndata-ad-slot=\"7048180777\"\ndata-ad-format=\"auto\"><\/ins><br \/>\n<script>\n(adsbygoogle = window.adsbygoogle || []).push({});\n<\/script><\/p>\n<p><strong>Mesa redonda sobre tres proyectos estrat\u00e9gicos<\/strong><\/p>\n<p>En una segunda parte de la jornada, a partir de las 11.30 horas, se van a presentar los 57 proyectos estrat\u00e9gicos incluidos en esa Agenda Urbana de Pamplona. Esos 57 proyectos est\u00e1n vinculados a los objetivos y l\u00edneas de actuaci\u00f3n definidos en el Estrategia 2030 &#8211; Agenda Urbana de Pamplona. Se establecieron como resultado de un proceso de participaci\u00f3n que arranc\u00f3 con una convocatoria p\u00fablica de propuesta de ideas. En total, se recibieron 164 ideas que, tras un cribado y agrupaci\u00f3n, dieron lugar a las 57 propuestas de proyectos estrat\u00e9gicos. Esas propuestas fueron evaluadas t\u00e9cnicamente en grupos de trabajo con personas expertas El Pleno Municipal aprob\u00f3 por unanimidad su inclusi\u00f3n en la Estrategia 2030 \u2013 Agenda Urbana de Pamplona el 16 de diciembre de 2021.<\/p>\n<p>El director de la Oficina Estrat\u00e9gica del Ayuntamiento, Jos\u00e9 Costero, expondr\u00e1 este proceso realizado y los proyectos concretos que recoge la Agenda Urbana de Pamplona. A continuaci\u00f3n, se celebrar\u00e1 una mesa redonda en la que se detallar\u00e1n tres de ellos. Se hablar\u00e1 sobre \u2018Regeneraci\u00f3n Energ\u00e9tica de Barrios\u2019 con la arquitecta de NASUVINSA, Ana Breta\u00f1a; de \u2018Aprendizaje Servicio\u2019 con el director de Educaci\u00f3n, Participaci\u00f3n Ciudadana y Juventud del Ayuntamiento de Pamplona, Jos\u00e9 Manuel Santana; y de la \u2018Red UPNA \u2013 Conect Sarea\u2019 con la vicerrectora de Proyecci\u00f3n Universitaria, Cultura y Divulgaci\u00f3n de la UPNA, Bego\u00f1a P\u00e9rez. La jornada concluir\u00e1 con un coloquio en el que podr\u00e1n participar las personas asistentes.<br \/>\n<script async src=\"\/\/pagead2.googlesyndication.com\/pagead\/js\/adsbygoogle.js\"><\/script><br \/>\n<!-- Noticias La Guia de Pamplona --><br \/>\n<ins class=\"adsbygoogle\"\nstyle=\"display:block\"\ndata-ad-client=\"ca-pub-6943679897239327\"\ndata-ad-slot=\"7048180777\"\ndata-ad-format=\"auto\"><\/ins><br \/>\n<script>\n(adsbygoogle = window.adsbygoogle || []).push({});\n<\/script><\/p>\n<p><strong>Desarrollo de la Estrategia 2030 \u2013 Agenda Urbana de Pamplona<\/strong><\/p>\n<p>El Ayuntamiento de Pamplona lleva desde 2018 liderando el dise\u00f1o y elaboraci\u00f3n de la Estrategia 2030 \u2013 Agenda Urbana de Pamplona, una estrategia de ciudad a largo plazo que, con el horizonte del 2030, asume y tiene en cuenta los Objetivos de Desarrollo Sostenible (ODS) de la Agenda 2030 de Naciones Unidas. La Estrategia 2030 de Pamplona est\u00e1 alineada con la Agenda Urbana Espa\u00f1ola, teniendo en cuenta sus l\u00edneas de acci\u00f3n y objetivos.<\/p>\n<p>El Pleno Municipal aprob\u00f3 por unanimidad el pasado 15 de abril de 2021 el marco estrat\u00e9gico de la Agenda Urbana de Pamplona, que incluye 29 objetivos divididos en 5 grandes dimensiones: cambio clim\u00e1tico y sostenibilidad ambiental, inclusi\u00f3n social y equilibrio entre barrios, gesti\u00f3n p\u00fablica innovadora, cultura y turismo, y econom\u00eda del conocimiento e innovaci\u00f3n. Esta estrategia ha sido elaborada con un enfoque transversal, multisectorial y multinivel, con la implicaci\u00f3n de unos 100 agentes clave de la ciudad y la participaci\u00f3n de m\u00e1s de 1.000 personas.<\/p>\n<p>Adem\u00e1s, el Ayuntamiento de Pamplona suscribi\u00f3 el 28 de diciembre de 2020 un protocolo de colaboraci\u00f3n con el Ministerio de Transportes, Movilidad y Agenda Urbana, con el objetivo de dotar de formalidad a la colaboraci\u00f3n entre las dos entidades. De esta forma se expresaba tambi\u00e9n la voluntad de la Secretar\u00eda General de Agenda Urbana y Vivienda de tomar en consideraci\u00f3n la Estrategia 2030 de Pamplona, como proyecto piloto de la Agenda Urbana Espa\u00f1ola como buena pr\u00e1ctica y experiencia transferible que pueda orientar a otros municipios en la elaboraci\u00f3n de sus respectivos planes de acci\u00f3n.<\/p>\n","protected":false},"excerpt":{"rendered":"<p>En la jornada que se est\u00e1 celebrando este jueves se presentan los 57 proyectos estrat\u00e9gicos incluidos en la Agenda Urbana de Pamplona<\/p>\n","protected":false},"author":1,"featured_media":40313,"comment_status":"open","ping_status":"closed","sticky":false,"template":"","format":"standard","meta":{"footnotes":""},"categories":[2],"tags":[],"class_list":["post-40312","post","type-post","status-publish","format-standard","has-post-thumbnail","hentry","category-ayuntamiento-pamplona"],"yoast_head":"<!-- This site is optimized with the Yoast SEO plugin v27.3 - https:\/\/yoast.com\/product\/yoast-seo-wordpress\/ -->\n<title>Veintis\u00e9is entidades firman el Pacto Local por el Desarrollo de la Agenda Urbana de Pamplona y se comprometen a contribuir de forma activa en su evoluci\u00f3n<\/title>\n<meta name=\"description\" content=\"En la jornada que se est\u00e1 celebrando este jueves se presentan los 57 proyectos estrat\u00e9gicos incluidos en la Agenda Urbana de Pamplona\" \/>\n<meta name=\"robots\" content=\"index, follow, max-snippet:-1, max-image-preview:large, max-video-preview:-1\" \/>\n<link rel=\"canonical\" href=\"https:\/\/www.laguiadepamplona.com\/actualidad\/veintiseis-entidades-firman-el-pacto-local-por-el-desarrollo-de-la-agenda-urbana-de-pamplona-y-se-comprometen-a-contribuir-de-forma-activa-en-su-evolucion\/\" \/>\n<meta property=\"og:locale\" content=\"es_ES\" \/>\n<meta property=\"og:type\" content=\"article\" \/>\n<meta property=\"og:title\" content=\"Veintis\u00e9is entidades firman el Pacto Local por el Desarrollo de la Agenda Urbana de Pamplona y se comprometen a contribuir de forma activa en su evoluci\u00f3n\" \/>\n<meta property=\"og:description\" content=\"En la jornada que se est\u00e1 celebrando este jueves se presentan los 57 proyectos estrat\u00e9gicos incluidos en la Agenda Urbana de Pamplona\" \/>\n<meta property=\"og:url\" content=\"https:\/\/www.laguiadepamplona.com\/actualidad\/veintiseis-entidades-firman-el-pacto-local-por-el-desarrollo-de-la-agenda-urbana-de-pamplona-y-se-comprometen-a-contribuir-de-forma-activa-en-su-evolucion\/\" \/>\n<meta property=\"og:site_name\" content=\"La Gu\u00eda de Pamplona\" \/>\n<meta property=\"article:publisher\" content=\"https:\/\/www.facebook.com\/laguiadepamplonacom-133175176762273\/?ref=hl\" \/>\n<meta property=\"article:published_time\" content=\"2022-05-12T10:15:32+00:00\" \/>\n<meta property=\"article:modified_time\" content=\"2023-04-11T09:48:12+00:00\" \/>\n<meta property=\"og:image\" content=\"https:\/\/www.laguiadepamplona.com\/actualidad\/wp-content\/uploads\/2022\/05\/agendaurbanapamplonaee5a8734_0.webp\" \/>\n\t<meta property=\"og:image:width\" content=\"1920\" \/>\n\t<meta property=\"og:image:height\" content=\"1280\" \/>\n\t<meta property=\"og:image:type\" content=\"image\/webp\" \/>\n<meta name=\"author\" content=\"La Gu\u00eda de Pamplona\" \/>\n<meta name=\"twitter:card\" content=\"summary_large_image\" \/>\n<meta name=\"twitter:creator\" content=\"@LaGuiadPamplona\" \/>\n<meta name=\"twitter:site\" content=\"@LaGuiadPamplona\" \/>\n<meta name=\"twitter:label1\" content=\"Escrito por\" \/>\n\t<meta name=\"twitter:data1\" content=\"La Gu\u00eda de Pamplona\" \/>\n\t<meta name=\"twitter:label2\" content=\"Tiempo de lectura\" \/>\n\t<meta name=\"twitter:data2\" content=\"6 minutos\" \/>\n<script type=\"application\/ld+json\" class=\"yoast-schema-graph\">{\"@context\":\"https:\\\/\\\/schema.org\",\"@graph\":[{\"@type\":\"Article\",\"@id\":\"https:\\\/\\\/www.laguiadepamplona.com\\\/actualidad\\\/veintiseis-entidades-firman-el-pacto-local-por-el-desarrollo-de-la-agenda-urbana-de-pamplona-y-se-comprometen-a-contribuir-de-forma-activa-en-su-evolucion\\\/#article\",\"isPartOf\":{\"@id\":\"https:\\\/\\\/www.laguiadepamplona.com\\\/actualidad\\\/veintiseis-entidades-firman-el-pacto-local-por-el-desarrollo-de-la-agenda-urbana-de-pamplona-y-se-comprometen-a-contribuir-de-forma-activa-en-su-evolucion\\\/\"},\"author\":{\"name\":\"La Gu\u00eda de Pamplona\",\"@id\":\"https:\\\/\\\/www.laguiadepamplona.com\\\/actualidad\\\/#\\\/schema\\\/person\\\/efe887376f0213d4657c93adc50b1fdb\"},\"headline\":\"Veintis\u00e9is entidades firman el Pacto Local por el Desarrollo de la Agenda Urbana de Pamplona y se comprometen a contribuir de forma activa en su evoluci\u00f3n\",\"datePublished\":\"2022-05-12T10:15:32+00:00\",\"dateModified\":\"2023-04-11T09:48:12+00:00\",\"mainEntityOfPage\":{\"@id\":\"https:\\\/\\\/www.laguiadepamplona.com\\\/actualidad\\\/veintiseis-entidades-firman-el-pacto-local-por-el-desarrollo-de-la-agenda-urbana-de-pamplona-y-se-comprometen-a-contribuir-de-forma-activa-en-su-evolucion\\\/\"},\"wordCount\":1193,\"commentCount\":0,\"publisher\":{\"@id\":\"https:\\\/\\\/www.laguiadepamplona.com\\\/actualidad\\\/#organization\"},\"image\":{\"@id\":\"https:\\\/\\\/www.laguiadepamplona.com\\\/actualidad\\\/veintiseis-entidades-firman-el-pacto-local-por-el-desarrollo-de-la-agenda-urbana-de-pamplona-y-se-comprometen-a-contribuir-de-forma-activa-en-su-evolucion\\\/#primaryimage\"},\"thumbnailUrl\":\"https:\\\/\\\/www.laguiadepamplona.com\\\/actualidad\\\/wp-content\\\/uploads\\\/2022\\\/05\\\/agendaurbanapamplonaee5a8734_0.webp\",\"articleSection\":[\"Ayto Pamplona\"],\"inLanguage\":\"es\",\"potentialAction\":[{\"@type\":\"CommentAction\",\"name\":\"Comment\",\"target\":[\"https:\\\/\\\/www.laguiadepamplona.com\\\/actualidad\\\/veintiseis-entidades-firman-el-pacto-local-por-el-desarrollo-de-la-agenda-urbana-de-pamplona-y-se-comprometen-a-contribuir-de-forma-activa-en-su-evolucion\\\/#respond\"]}]},{\"@type\":\"WebPage\",\"@id\":\"https:\\\/\\\/www.laguiadepamplona.com\\\/actualidad\\\/veintiseis-entidades-firman-el-pacto-local-por-el-desarrollo-de-la-agenda-urbana-de-pamplona-y-se-comprometen-a-contribuir-de-forma-activa-en-su-evolucion\\\/\",\"url\":\"https:\\\/\\\/www.laguiadepamplona.com\\\/actualidad\\\/veintiseis-entidades-firman-el-pacto-local-por-el-desarrollo-de-la-agenda-urbana-de-pamplona-y-se-comprometen-a-contribuir-de-forma-activa-en-su-evolucion\\\/\",\"name\":\"Veintis\u00e9is entidades firman el Pacto Local por el Desarrollo de la Agenda Urbana de Pamplona y se comprometen a contribuir de forma activa en su evoluci\u00f3n\",\"isPartOf\":{\"@id\":\"https:\\\/\\\/www.laguiadepamplona.com\\\/actualidad\\\/#website\"},\"primaryImageOfPage\":{\"@id\":\"https:\\\/\\\/www.laguiadepamplona.com\\\/actualidad\\\/veintiseis-entidades-firman-el-pacto-local-por-el-desarrollo-de-la-agenda-urbana-de-pamplona-y-se-comprometen-a-contribuir-de-forma-activa-en-su-evolucion\\\/#primaryimage\"},\"image\":{\"@id\":\"https:\\\/\\\/www.laguiadepamplona.com\\\/actualidad\\\/veintiseis-entidades-firman-el-pacto-local-por-el-desarrollo-de-la-agenda-urbana-de-pamplona-y-se-comprometen-a-contribuir-de-forma-activa-en-su-evolucion\\\/#primaryimage\"},\"thumbnailUrl\":\"https:\\\/\\\/www.laguiadepamplona.com\\\/actualidad\\\/wp-content\\\/uploads\\\/2022\\\/05\\\/agendaurbanapamplonaee5a8734_0.webp\",\"datePublished\":\"2022-05-12T10:15:32+00:00\",\"dateModified\":\"2023-04-11T09:48:12+00:00\",\"description\":\"En la jornada que se est\u00e1 celebrando este jueves se presentan los 57 proyectos estrat\u00e9gicos incluidos en la Agenda Urbana de Pamplona\",\"breadcrumb\":{\"@id\":\"https:\\\/\\\/www.laguiadepamplona.com\\\/actualidad\\\/veintiseis-entidades-firman-el-pacto-local-por-el-desarrollo-de-la-agenda-urbana-de-pamplona-y-se-comprometen-a-contribuir-de-forma-activa-en-su-evolucion\\\/#breadcrumb\"},\"inLanguage\":\"es\",\"potentialAction\":[{\"@type\":\"ReadAction\",\"target\":[\"https:\\\/\\\/www.laguiadepamplona.com\\\/actualidad\\\/veintiseis-entidades-firman-el-pacto-local-por-el-desarrollo-de-la-agenda-urbana-de-pamplona-y-se-comprometen-a-contribuir-de-forma-activa-en-su-evolucion\\\/\"]}]},{\"@type\":\"ImageObject\",\"inLanguage\":\"es\",\"@id\":\"https:\\\/\\\/www.laguiadepamplona.com\\\/actualidad\\\/veintiseis-entidades-firman-el-pacto-local-por-el-desarrollo-de-la-agenda-urbana-de-pamplona-y-se-comprometen-a-contribuir-de-forma-activa-en-su-evolucion\\\/#primaryimage\",\"url\":\"https:\\\/\\\/www.laguiadepamplona.com\\\/actualidad\\\/wp-content\\\/uploads\\\/2022\\\/05\\\/agendaurbanapamplonaee5a8734_0.webp\",\"contentUrl\":\"https:\\\/\\\/www.laguiadepamplona.com\\\/actualidad\\\/wp-content\\\/uploads\\\/2022\\\/05\\\/agendaurbanapamplonaee5a8734_0.webp\",\"width\":1920,\"height\":1280},{\"@type\":\"BreadcrumbList\",\"@id\":\"https:\\\/\\\/www.laguiadepamplona.com\\\/actualidad\\\/veintiseis-entidades-firman-el-pacto-local-por-el-desarrollo-de-la-agenda-urbana-de-pamplona-y-se-comprometen-a-contribuir-de-forma-activa-en-su-evolucion\\\/#breadcrumb\",\"itemListElement\":[{\"@type\":\"ListItem\",\"position\":1,\"name\":\"Portada\",\"item\":\"https:\\\/\\\/www.laguiadepamplona.com\\\/actualidad\\\/\"},{\"@type\":\"ListItem\",\"position\":2,\"name\":\"Veintis\u00e9is entidades firman el Pacto Local por el Desarrollo de la Agenda Urbana de Pamplona y se comprometen a contribuir de forma activa en su evoluci\u00f3n\"}]},{\"@type\":\"WebSite\",\"@id\":\"https:\\\/\\\/www.laguiadepamplona.com\\\/actualidad\\\/#website\",\"url\":\"https:\\\/\\\/www.laguiadepamplona.com\\\/actualidad\\\/\",\"name\":\"La gu\u00eda de Pamplona\",\"description\":\"Noticias de Pamplona\",\"publisher\":{\"@id\":\"https:\\\/\\\/www.laguiadepamplona.com\\\/actualidad\\\/#organization\"},\"potentialAction\":[{\"@type\":\"SearchAction\",\"target\":{\"@type\":\"EntryPoint\",\"urlTemplate\":\"https:\\\/\\\/www.laguiadepamplona.com\\\/actualidad\\\/?s={search_term_string}\"},\"query-input\":{\"@type\":\"PropertyValueSpecification\",\"valueRequired\":true,\"valueName\":\"search_term_string\"}}],\"inLanguage\":\"es\"},{\"@type\":\"Organization\",\"@id\":\"https:\\\/\\\/www.laguiadepamplona.com\\\/actualidad\\\/#organization\",\"name\":\"La Gu\u00eda de Pamplona \\\/ Noticias\",\"url\":\"https:\\\/\\\/www.laguiadepamplona.com\\\/actualidad\\\/\",\"logo\":{\"@type\":\"ImageObject\",\"inLanguage\":\"es\",\"@id\":\"https:\\\/\\\/www.laguiadepamplona.com\\\/actualidad\\\/#\\\/schema\\\/logo\\\/image\\\/\",\"url\":\"https:\\\/\\\/www.laguiadepamplona.com\\\/actualidad\\\/wp-content\\\/uploads\\\/2018\\\/11\\\/logo-laguiadepamplona18-web1.png\",\"contentUrl\":\"https:\\\/\\\/www.laguiadepamplona.com\\\/actualidad\\\/wp-content\\\/uploads\\\/2018\\\/11\\\/logo-laguiadepamplona18-web1.png\",\"width\":600,\"height\":196,\"caption\":\"La Gu\u00eda de Pamplona \\\/ Noticias\"},\"image\":{\"@id\":\"https:\\\/\\\/www.laguiadepamplona.com\\\/actualidad\\\/#\\\/schema\\\/logo\\\/image\\\/\"},\"sameAs\":[\"https:\\\/\\\/www.facebook.com\\\/laguiadepamplonacom-133175176762273\\\/?ref=hl\",\"https:\\\/\\\/x.com\\\/LaGuiadPamplona\",\"https:\\\/\\\/www.instagram.com\\\/la_guia_de_pamplona\\\/\",\"https:\\\/\\\/www.youtube.com\\\/user\\\/laguiadepamplona\"]},{\"@type\":\"Person\",\"@id\":\"https:\\\/\\\/www.laguiadepamplona.com\\\/actualidad\\\/#\\\/schema\\\/person\\\/efe887376f0213d4657c93adc50b1fdb\",\"name\":\"La Gu\u00eda de Pamplona\",\"image\":{\"@type\":\"ImageObject\",\"inLanguage\":\"es\",\"@id\":\"https:\\\/\\\/secure.gravatar.com\\\/avatar\\\/b6992f131dc8d30ab0dff15446e9d346d9dbd95992de0fef795073f5ea83a81c?s=96&d=mm&r=g\",\"url\":\"https:\\\/\\\/secure.gravatar.com\\\/avatar\\\/b6992f131dc8d30ab0dff15446e9d346d9dbd95992de0fef795073f5ea83a81c?s=96&d=mm&r=g\",\"contentUrl\":\"https:\\\/\\\/secure.gravatar.com\\\/avatar\\\/b6992f131dc8d30ab0dff15446e9d346d9dbd95992de0fef795073f5ea83a81c?s=96&d=mm&r=g\",\"caption\":\"La Gu\u00eda de Pamplona\"}}]}<\/script>\n<!-- \/ Yoast SEO plugin. -->","yoast_head_json":{"title":"Veintis\u00e9is entidades firman el Pacto Local por el Desarrollo de la Agenda Urbana de Pamplona y se comprometen a contribuir de forma activa en su evoluci\u00f3n","description":"En la jornada que se est\u00e1 celebrando este jueves se presentan los 57 proyectos estrat\u00e9gicos incluidos en la Agenda Urbana de Pamplona","robots":{"index":"index","follow":"follow","max-snippet":"max-snippet:-1","max-image-preview":"max-image-preview:large","max-video-preview":"max-video-preview:-1"},"canonical":"https:\/\/www.laguiadepamplona.com\/actualidad\/veintiseis-entidades-firman-el-pacto-local-por-el-desarrollo-de-la-agenda-urbana-de-pamplona-y-se-comprometen-a-contribuir-de-forma-activa-en-su-evolucion\/","og_locale":"es_ES","og_type":"article","og_title":"Veintis\u00e9is entidades firman el Pacto Local por el Desarrollo de la Agenda Urbana de Pamplona y se comprometen a contribuir de forma activa en su evoluci\u00f3n","og_description":"En la jornada que se est\u00e1 celebrando este jueves se presentan los 57 proyectos estrat\u00e9gicos incluidos en la Agenda Urbana de Pamplona","og_url":"https:\/\/www.laguiadepamplona.com\/actualidad\/veintiseis-entidades-firman-el-pacto-local-por-el-desarrollo-de-la-agenda-urbana-de-pamplona-y-se-comprometen-a-contribuir-de-forma-activa-en-su-evolucion\/","og_site_name":"La Gu\u00eda de Pamplona","article_publisher":"https:\/\/www.facebook.com\/laguiadepamplonacom-133175176762273\/?ref=hl","article_published_time":"2022-05-12T10:15:32+00:00","article_modified_time":"2023-04-11T09:48:12+00:00","og_image":[{"width":1920,"height":1280,"url":"https:\/\/www.laguiadepamplona.com\/actualidad\/wp-content\/uploads\/2022\/05\/agendaurbanapamplonaee5a8734_0.webp","type":"image\/webp"}],"author":"La Gu\u00eda de Pamplona","twitter_card":"summary_large_image","twitter_creator":"@LaGuiadPamplona","twitter_site":"@LaGuiadPamplona","twitter_misc":{"Escrito por":"La Gu\u00eda de Pamplona","Tiempo de lectura":"6 minutos"},"schema":{"@context":"https:\/\/schema.org","@graph":[{"@type":"Article","@id":"https:\/\/www.laguiadepamplona.com\/actualidad\/veintiseis-entidades-firman-el-pacto-local-por-el-desarrollo-de-la-agenda-urbana-de-pamplona-y-se-comprometen-a-contribuir-de-forma-activa-en-su-evolucion\/#article","isPartOf":{"@id":"https:\/\/www.laguiadepamplona.com\/actualidad\/veintiseis-entidades-firman-el-pacto-local-por-el-desarrollo-de-la-agenda-urbana-de-pamplona-y-se-comprometen-a-contribuir-de-forma-activa-en-su-evolucion\/"},"author":{"name":"La Gu\u00eda de Pamplona","@id":"https:\/\/www.laguiadepamplona.com\/actualidad\/#\/schema\/person\/efe887376f0213d4657c93adc50b1fdb"},"headline":"Veintis\u00e9is entidades firman el Pacto Local por el Desarrollo de la Agenda Urbana de Pamplona y se comprometen a contribuir de forma activa en su evoluci\u00f3n","datePublished":"2022-05-12T10:15:32+00:00","dateModified":"2023-04-11T09:48:12+00:00","mainEntityOfPage":{"@id":"https:\/\/www.laguiadepamplona.com\/actualidad\/veintiseis-entidades-firman-el-pacto-local-por-el-desarrollo-de-la-agenda-urbana-de-pamplona-y-se-comprometen-a-contribuir-de-forma-activa-en-su-evolucion\/"},"wordCount":1193,"commentCount":0,"publisher":{"@id":"https:\/\/www.laguiadepamplona.com\/actualidad\/#organization"},"image":{"@id":"https:\/\/www.laguiadepamplona.com\/actualidad\/veintiseis-entidades-firman-el-pacto-local-por-el-desarrollo-de-la-agenda-urbana-de-pamplona-y-se-comprometen-a-contribuir-de-forma-activa-en-su-evolucion\/#primaryimage"},"thumbnailUrl":"https:\/\/www.laguiadepamplona.com\/actualidad\/wp-content\/uploads\/2022\/05\/agendaurbanapamplonaee5a8734_0.webp","articleSection":["Ayto Pamplona"],"inLanguage":"es","potentialAction":[{"@type":"CommentAction","name":"Comment","target":["https:\/\/www.laguiadepamplona.com\/actualidad\/veintiseis-entidades-firman-el-pacto-local-por-el-desarrollo-de-la-agenda-urbana-de-pamplona-y-se-comprometen-a-contribuir-de-forma-activa-en-su-evolucion\/#respond"]}]},{"@type":"WebPage","@id":"https:\/\/www.laguiadepamplona.com\/actualidad\/veintiseis-entidades-firman-el-pacto-local-por-el-desarrollo-de-la-agenda-urbana-de-pamplona-y-se-comprometen-a-contribuir-de-forma-activa-en-su-evolucion\/","url":"https:\/\/www.laguiadepamplona.com\/actualidad\/veintiseis-entidades-firman-el-pacto-local-por-el-desarrollo-de-la-agenda-urbana-de-pamplona-y-se-comprometen-a-contribuir-de-forma-activa-en-su-evolucion\/","name":"Veintis\u00e9is entidades firman el Pacto Local por el Desarrollo de la Agenda Urbana de Pamplona y se comprometen a contribuir de forma activa en su evoluci\u00f3n","isPartOf":{"@id":"https:\/\/www.laguiadepamplona.com\/actualidad\/#website"},"primaryImageOfPage":{"@id":"https:\/\/www.laguiadepamplona.com\/actualidad\/veintiseis-entidades-firman-el-pacto-local-por-el-desarrollo-de-la-agenda-urbana-de-pamplona-y-se-comprometen-a-contribuir-de-forma-activa-en-su-evolucion\/#primaryimage"},"image":{"@id":"https:\/\/www.laguiadepamplona.com\/actualidad\/veintiseis-entidades-firman-el-pacto-local-por-el-desarrollo-de-la-agenda-urbana-de-pamplona-y-se-comprometen-a-contribuir-de-forma-activa-en-su-evolucion\/#primaryimage"},"thumbnailUrl":"https:\/\/www.laguiadepamplona.com\/actualidad\/wp-content\/uploads\/2022\/05\/agendaurbanapamplonaee5a8734_0.webp","datePublished":"2022-05-12T10:15:32+00:00","dateModified":"2023-04-11T09:48:12+00:00","description":"En la jornada que se est\u00e1 celebrando este jueves se presentan los 57 proyectos estrat\u00e9gicos incluidos en la Agenda Urbana de Pamplona","breadcrumb":{"@id":"https:\/\/www.laguiadepamplona.com\/actualidad\/veintiseis-entidades-firman-el-pacto-local-por-el-desarrollo-de-la-agenda-urbana-de-pamplona-y-se-comprometen-a-contribuir-de-forma-activa-en-su-evolucion\/#breadcrumb"},"inLanguage":"es","potentialAction":[{"@type":"ReadAction","target":["https:\/\/www.laguiadepamplona.com\/actualidad\/veintiseis-entidades-firman-el-pacto-local-por-el-desarrollo-de-la-agenda-urbana-de-pamplona-y-se-comprometen-a-contribuir-de-forma-activa-en-su-evolucion\/"]}]},{"@type":"ImageObject","inLanguage":"es","@id":"https:\/\/www.laguiadepamplona.com\/actualidad\/veintiseis-entidades-firman-el-pacto-local-por-el-desarrollo-de-la-agenda-urbana-de-pamplona-y-se-comprometen-a-contribuir-de-forma-activa-en-su-evolucion\/#primaryimage","url":"https:\/\/www.laguiadepamplona.com\/actualidad\/wp-content\/uploads\/2022\/05\/agendaurbanapamplonaee5a8734_0.webp","contentUrl":"https:\/\/www.laguiadepamplona.com\/actualidad\/wp-content\/uploads\/2022\/05\/agendaurbanapamplonaee5a8734_0.webp","width":1920,"height":1280},{"@type":"BreadcrumbList","@id":"https:\/\/www.laguiadepamplona.com\/actualidad\/veintiseis-entidades-firman-el-pacto-local-por-el-desarrollo-de-la-agenda-urbana-de-pamplona-y-se-comprometen-a-contribuir-de-forma-activa-en-su-evolucion\/#breadcrumb","itemListElement":[{"@type":"ListItem","position":1,"name":"Portada","item":"https:\/\/www.laguiadepamplona.com\/actualidad\/"},{"@type":"ListItem","position":2,"name":"Veintis\u00e9is entidades firman el Pacto Local por el Desarrollo de la Agenda Urbana de Pamplona y se comprometen a contribuir de forma activa en su evoluci\u00f3n"}]},{"@type":"WebSite","@id":"https:\/\/www.laguiadepamplona.com\/actualidad\/#website","url":"https:\/\/www.laguiadepamplona.com\/actualidad\/","name":"La gu\u00eda de Pamplona","description":"Noticias de Pamplona","publisher":{"@id":"https:\/\/www.laguiadepamplona.com\/actualidad\/#organization"},"potentialAction":[{"@type":"SearchAction","target":{"@type":"EntryPoint","urlTemplate":"https:\/\/www.laguiadepamplona.com\/actualidad\/?s={search_term_string}"},"query-input":{"@type":"PropertyValueSpecification","valueRequired":true,"valueName":"search_term_string"}}],"inLanguage":"es"},{"@type":"Organization","@id":"https:\/\/www.laguiadepamplona.com\/actualidad\/#organization","name":"La Gu\u00eda de Pamplona \/ Noticias","url":"https:\/\/www.laguiadepamplona.com\/actualidad\/","logo":{"@type":"ImageObject","inLanguage":"es","@id":"https:\/\/www.laguiadepamplona.com\/actualidad\/#\/schema\/logo\/image\/","url":"https:\/\/www.laguiadepamplona.com\/actualidad\/wp-content\/uploads\/2018\/11\/logo-laguiadepamplona18-web1.png","contentUrl":"https:\/\/www.laguiadepamplona.com\/actualidad\/wp-content\/uploads\/2018\/11\/logo-laguiadepamplona18-web1.png","width":600,"height":196,"caption":"La Gu\u00eda de Pamplona \/ Noticias"},"image":{"@id":"https:\/\/www.laguiadepamplona.com\/actualidad\/#\/schema\/logo\/image\/"},"sameAs":["https:\/\/www.facebook.com\/laguiadepamplonacom-133175176762273\/?ref=hl","https:\/\/x.com\/LaGuiadPamplona","https:\/\/www.instagram.com\/la_guia_de_pamplona\/","https:\/\/www.youtube.com\/user\/laguiadepamplona"]},{"@type":"Person","@id":"https:\/\/www.laguiadepamplona.com\/actualidad\/#\/schema\/person\/efe887376f0213d4657c93adc50b1fdb","name":"La Gu\u00eda de Pamplona","image":{"@type":"ImageObject","inLanguage":"es","@id":"https:\/\/secure.gravatar.com\/avatar\/b6992f131dc8d30ab0dff15446e9d346d9dbd95992de0fef795073f5ea83a81c?s=96&d=mm&r=g","url":"https:\/\/secure.gravatar.com\/avatar\/b6992f131dc8d30ab0dff15446e9d346d9dbd95992de0fef795073f5ea83a81c?s=96&d=mm&r=g","contentUrl":"https:\/\/secure.gravatar.com\/avatar\/b6992f131dc8d30ab0dff15446e9d346d9dbd95992de0fef795073f5ea83a81c?s=96&d=mm&r=g","caption":"La Gu\u00eda de Pamplona"}}]}},"post_mailing_queue_ids":[],"_links":{"self":[{"href":"https:\/\/www.laguiadepamplona.com\/actualidad\/wp-json\/wp\/v2\/posts\/40312","targetHints":{"allow":["GET"]}}],"collection":[{"href":"https:\/\/www.laguiadepamplona.com\/actualidad\/wp-json\/wp\/v2\/posts"}],"about":[{"href":"https:\/\/www.laguiadepamplona.com\/actualidad\/wp-json\/wp\/v2\/types\/post"}],"author":[{"embeddable":true,"href":"https:\/\/www.laguiadepamplona.com\/actualidad\/wp-json\/wp\/v2\/users\/1"}],"replies":[{"embeddable":true,"href":"https:\/\/www.laguiadepamplona.com\/actualidad\/wp-json\/wp\/v2\/comments?post=40312"}],"version-history":[{"count":0,"href":"https:\/\/www.laguiadepamplona.com\/actualidad\/wp-json\/wp\/v2\/posts\/40312\/revisions"}],"wp:featuredmedia":[{"embeddable":true,"href":"https:\/\/www.laguiadepamplona.com\/actualidad\/wp-json\/wp\/v2\/media\/40313"}],"wp:attachment":[{"href":"https:\/\/www.laguiadepamplona.com\/actualidad\/wp-json\/wp\/v2\/media?parent=40312"}],"wp:term":[{"taxonomy":"category","embeddable":true,"href":"https:\/\/www.laguiadepamplona.com\/actualidad\/wp-json\/wp\/v2\/categories?post=40312"},{"taxonomy":"post_tag","embeddable":true,"href":"https:\/\/www.laguiadepamplona.com\/actualidad\/wp-json\/wp\/v2\/tags?post=40312"}],"curies":[{"name":"wp","href":"https:\/\/api.w.org\/{rel}","templated":true}]}}