{"id":40305,"date":"2022-05-11T16:41:22","date_gmt":"2022-05-11T14:41:22","guid":{"rendered":"https:\/\/www.laguiadepamplona.com\/actualidad\/?p=40305"},"modified":"2023-04-11T11:48:12","modified_gmt":"2023-04-11T09:48:12","slug":"el-ayuntamiento-estudia-realizar-reparaciones-en-el-puente-de-oblatas-tras-25-anos-de-su-puesta-en-servicio","status":"publish","type":"post","link":"https:\/\/www.laguiadepamplona.com\/actualidad\/el-ayuntamiento-estudia-realizar-reparaciones-en-el-puente-de-oblatas-tras-25-anos-de-su-puesta-en-servicio\/","title":{"rendered":"El Ayuntamiento estudia realizar reparaciones en el puente de Oblatas tras 25 a\u00f1os de su puesta en servicio"},"content":{"rendered":"<h5>La corrosi\u00f3n en algunas partes met\u00e1licas de esta infraestructura aconseja una actuaci\u00f3n de mantenimiento<\/h5>\n<p><!--more--><\/p>\n<p>El Ayuntamiento de Pamplona est\u00e1 estudiando la necesidad de realizar reparaciones puntuales en el puente de Oblatas, que lleva 25 a\u00f1os en servicio, desde su apertura al tr\u00e1fico rodado en 1997. Los trabajos se centrar\u00e1n, principalmente, en el tratamiento de la corrosi\u00f3n detectada en determinadas partes met\u00e1licas de la infraestructura.<br \/>\n<script async src=\"\/\/pagead2.googlesyndication.com\/pagead\/js\/adsbygoogle.js\"><\/script><br \/>\n<!-- Noticias La Guia de Pamplona --><br \/>\n<ins class=\"adsbygoogle\"\nstyle=\"display:block\"\ndata-ad-client=\"ca-pub-6943679897239327\"\ndata-ad-slot=\"7048180777\"\ndata-ad-format=\"auto\"><\/ins><br \/>\n<script>\n(adsbygoogle = window.adsbygoogle || []).push({});\n<\/script><\/p>\n<p>El puente de Oblatas es una estructura de hormig\u00f3n apoyada en dos estribos, tambi\u00e9n de hormig\u00f3n. Un arco de quince metros de altura del que parten unos tirantes met\u00e1licos (p\u00e9ndolas) sujeta el tablero, que cuenta con dos pasarelas peatonales en los laterales, en voladizo, soportadas por unas estructuras met\u00e1licas. \u00c9stas se insertan en dos vigas laterales de hormig\u00f3n.<\/p>\n<p>El visible proceso de corrosi\u00f3n de estas estructuras met\u00e1licas se debe a la constante ca\u00edda de agua sobre ellas desde el pavimento peatonal y los propios drenajes en superficie. En general, la corrosi\u00f3n detectada es de escasa importancia y se trata m\u00e1s de un problema est\u00e9tico que funcional. No obstante, es algo m\u00e1s acentuada en las proximidades de los dos estribos. Tambi\u00e9n se ha detectado una entrada inconveniente de agua procedente de la calzada superior hacia la estructura de hormig\u00f3n del tablero. Aunque este hecho no afecta, en general, a estructuras de hormig\u00f3n, las condiciones constantes de humedad creadas pueden producir da\u00f1os a muy largo plazo, como la p\u00e9rdida de recubrimientos que dejen al descubierto las armaduras de acero.<\/p>\n<p>Este proceso s\u00ed se aprecia, en una fase muy inicial, en las vigas laterales mencionadas, en las que son visibles peque\u00f1os tramos de la armadura de acero, que ha perdido el recubrimiento de hormig\u00f3n.<br \/>\n<script async src=\"\/\/pagead2.googlesyndication.com\/pagead\/js\/adsbygoogle.js\"><\/script><br \/>\n<!-- Noticias La Guia de Pamplona --><br \/>\n<ins class=\"adsbygoogle\"\nstyle=\"display:block\"\ndata-ad-client=\"ca-pub-6943679897239327\"\ndata-ad-slot=\"7048180777\"\ndata-ad-format=\"auto\"><\/ins><br \/>\n<script>\n(adsbygoogle = window.adsbygoogle || []).push({});\n<\/script><\/p>\n<p>Para evitar la entrada de agua sobre el tablero de hormig\u00f3n, es necesario renovar las juntas en calzada, particularmente las existentes en los extremos (sobre los estribos).<\/p>\n<p>Por el mismo motivo, se estudiar\u00e1 la sustituci\u00f3n del actual pavimento en los pasos peatonales de listos de madera por otro impermeable, reconduciendo los drenajes de manera que el agua pluvial no alcance la estructura met\u00e1lica.<\/p>\n<p>Para la realizaci\u00f3n de estos trabajos de mantenimiento, se estudiar\u00e1 con particular detalle el sistema de andamios para evitar la ca\u00edda de restos inadecuados al r\u00edo Arga.<\/p>\n","protected":false},"excerpt":{"rendered":"<p>La corrosi\u00f3n en algunas partes met\u00e1licas de esta infraestructura aconseja una actuaci\u00f3n de mantenimiento<\/p>\n","protected":false},"author":1,"featured_media":40306,"comment_status":"open","ping_status":"closed","sticky":false,"template":"","format":"standard","meta":{"footnotes":""},"categories":[2],"tags":[],"class_list":["post-40305","post","type-post","status-publish","format-standard","has-post-thumbnail","hentry","category-ayuntamiento-pamplona"],"yoast_head":"<!-- This site is optimized with the Yoast SEO plugin v27.3 - https:\/\/yoast.com\/product\/yoast-seo-wordpress\/ -->\n<title>El Ayuntamiento estudia realizar reparaciones en el puente de Oblatas tras 25 a\u00f1os de su puesta en servicio<\/title>\n<meta name=\"description\" content=\"La corrosi\u00f3n en algunas partes met\u00e1licas de esta infraestructura aconseja una actuaci\u00f3n de mantenimiento\" \/>\n<meta name=\"robots\" content=\"index, follow, max-snippet:-1, max-image-preview:large, max-video-preview:-1\" \/>\n<link rel=\"canonical\" href=\"https:\/\/www.laguiadepamplona.com\/actualidad\/el-ayuntamiento-estudia-realizar-reparaciones-en-el-puente-de-oblatas-tras-25-anos-de-su-puesta-en-servicio\/\" \/>\n<meta property=\"og:locale\" content=\"es_ES\" \/>\n<meta property=\"og:type\" content=\"article\" \/>\n<meta property=\"og:title\" content=\"El Ayuntamiento estudia realizar reparaciones en el puente de Oblatas tras 25 a\u00f1os de su puesta en servicio\" \/>\n<meta property=\"og:description\" content=\"La corrosi\u00f3n en algunas partes met\u00e1licas de esta infraestructura aconseja una actuaci\u00f3n de mantenimiento\" \/>\n<meta property=\"og:url\" content=\"https:\/\/www.laguiadepamplona.com\/actualidad\/el-ayuntamiento-estudia-realizar-reparaciones-en-el-puente-de-oblatas-tras-25-anos-de-su-puesta-en-servicio\/\" \/>\n<meta property=\"og:site_name\" content=\"La Gu\u00eda de Pamplona\" \/>\n<meta property=\"article:publisher\" content=\"https:\/\/www.facebook.com\/laguiadepamplonacom-133175176762273\/?ref=hl\" \/>\n<meta property=\"article:published_time\" content=\"2022-05-11T14:41:22+00:00\" \/>\n<meta property=\"article:modified_time\" content=\"2023-04-11T09:48:12+00:00\" \/>\n<meta property=\"og:image\" content=\"https:\/\/www.laguiadepamplona.com\/actualidad\/wp-content\/uploads\/2022\/05\/puente-de-las-oblatas-1.webp\" \/>\n\t<meta property=\"og:image:width\" content=\"1920\" \/>\n\t<meta property=\"og:image:height\" content=\"1260\" \/>\n\t<meta property=\"og:image:type\" content=\"image\/webp\" \/>\n<meta name=\"author\" content=\"La Gu\u00eda de Pamplona\" \/>\n<meta name=\"twitter:card\" content=\"summary_large_image\" \/>\n<meta name=\"twitter:creator\" content=\"@LaGuiadPamplona\" \/>\n<meta name=\"twitter:site\" content=\"@LaGuiadPamplona\" \/>\n<meta name=\"twitter:label1\" content=\"Escrito por\" \/>\n\t<meta name=\"twitter:data1\" content=\"La Gu\u00eda de Pamplona\" \/>\n\t<meta name=\"twitter:label2\" content=\"Tiempo de lectura\" \/>\n\t<meta name=\"twitter:data2\" content=\"2 minutos\" \/>\n<script type=\"application\/ld+json\" class=\"yoast-schema-graph\">{\"@context\":\"https:\\\/\\\/schema.org\",\"@graph\":[{\"@type\":\"Article\",\"@id\":\"https:\\\/\\\/www.laguiadepamplona.com\\\/actualidad\\\/el-ayuntamiento-estudia-realizar-reparaciones-en-el-puente-de-oblatas-tras-25-anos-de-su-puesta-en-servicio\\\/#article\",\"isPartOf\":{\"@id\":\"https:\\\/\\\/www.laguiadepamplona.com\\\/actualidad\\\/el-ayuntamiento-estudia-realizar-reparaciones-en-el-puente-de-oblatas-tras-25-anos-de-su-puesta-en-servicio\\\/\"},\"author\":{\"name\":\"La Gu\u00eda de Pamplona\",\"@id\":\"https:\\\/\\\/www.laguiadepamplona.com\\\/actualidad\\\/#\\\/schema\\\/person\\\/efe887376f0213d4657c93adc50b1fdb\"},\"headline\":\"El Ayuntamiento estudia realizar reparaciones en el puente de Oblatas tras 25 a\u00f1os de su puesta en servicio\",\"datePublished\":\"2022-05-11T14:41:22+00:00\",\"dateModified\":\"2023-04-11T09:48:12+00:00\",\"mainEntityOfPage\":{\"@id\":\"https:\\\/\\\/www.laguiadepamplona.com\\\/actualidad\\\/el-ayuntamiento-estudia-realizar-reparaciones-en-el-puente-de-oblatas-tras-25-anos-de-su-puesta-en-servicio\\\/\"},\"wordCount\":416,\"commentCount\":0,\"publisher\":{\"@id\":\"https:\\\/\\\/www.laguiadepamplona.com\\\/actualidad\\\/#organization\"},\"image\":{\"@id\":\"https:\\\/\\\/www.laguiadepamplona.com\\\/actualidad\\\/el-ayuntamiento-estudia-realizar-reparaciones-en-el-puente-de-oblatas-tras-25-anos-de-su-puesta-en-servicio\\\/#primaryimage\"},\"thumbnailUrl\":\"https:\\\/\\\/www.laguiadepamplona.com\\\/actualidad\\\/wp-content\\\/uploads\\\/2022\\\/05\\\/puente-de-las-oblatas-1.webp\",\"articleSection\":[\"Ayto Pamplona\"],\"inLanguage\":\"es\",\"potentialAction\":[{\"@type\":\"CommentAction\",\"name\":\"Comment\",\"target\":[\"https:\\\/\\\/www.laguiadepamplona.com\\\/actualidad\\\/el-ayuntamiento-estudia-realizar-reparaciones-en-el-puente-de-oblatas-tras-25-anos-de-su-puesta-en-servicio\\\/#respond\"]}]},{\"@type\":\"WebPage\",\"@id\":\"https:\\\/\\\/www.laguiadepamplona.com\\\/actualidad\\\/el-ayuntamiento-estudia-realizar-reparaciones-en-el-puente-de-oblatas-tras-25-anos-de-su-puesta-en-servicio\\\/\",\"url\":\"https:\\\/\\\/www.laguiadepamplona.com\\\/actualidad\\\/el-ayuntamiento-estudia-realizar-reparaciones-en-el-puente-de-oblatas-tras-25-anos-de-su-puesta-en-servicio\\\/\",\"name\":\"El Ayuntamiento estudia realizar reparaciones en el puente de Oblatas tras 25 a\u00f1os de su puesta en servicio\",\"isPartOf\":{\"@id\":\"https:\\\/\\\/www.laguiadepamplona.com\\\/actualidad\\\/#website\"},\"primaryImageOfPage\":{\"@id\":\"https:\\\/\\\/www.laguiadepamplona.com\\\/actualidad\\\/el-ayuntamiento-estudia-realizar-reparaciones-en-el-puente-de-oblatas-tras-25-anos-de-su-puesta-en-servicio\\\/#primaryimage\"},\"image\":{\"@id\":\"https:\\\/\\\/www.laguiadepamplona.com\\\/actualidad\\\/el-ayuntamiento-estudia-realizar-reparaciones-en-el-puente-de-oblatas-tras-25-anos-de-su-puesta-en-servicio\\\/#primaryimage\"},\"thumbnailUrl\":\"https:\\\/\\\/www.laguiadepamplona.com\\\/actualidad\\\/wp-content\\\/uploads\\\/2022\\\/05\\\/puente-de-las-oblatas-1.webp\",\"datePublished\":\"2022-05-11T14:41:22+00:00\",\"dateModified\":\"2023-04-11T09:48:12+00:00\",\"description\":\"La corrosi\u00f3n en algunas partes met\u00e1licas de esta infraestructura aconseja una actuaci\u00f3n de mantenimiento\",\"breadcrumb\":{\"@id\":\"https:\\\/\\\/www.laguiadepamplona.com\\\/actualidad\\\/el-ayuntamiento-estudia-realizar-reparaciones-en-el-puente-de-oblatas-tras-25-anos-de-su-puesta-en-servicio\\\/#breadcrumb\"},\"inLanguage\":\"es\",\"potentialAction\":[{\"@type\":\"ReadAction\",\"target\":[\"https:\\\/\\\/www.laguiadepamplona.com\\\/actualidad\\\/el-ayuntamiento-estudia-realizar-reparaciones-en-el-puente-de-oblatas-tras-25-anos-de-su-puesta-en-servicio\\\/\"]}]},{\"@type\":\"ImageObject\",\"inLanguage\":\"es\",\"@id\":\"https:\\\/\\\/www.laguiadepamplona.com\\\/actualidad\\\/el-ayuntamiento-estudia-realizar-reparaciones-en-el-puente-de-oblatas-tras-25-anos-de-su-puesta-en-servicio\\\/#primaryimage\",\"url\":\"https:\\\/\\\/www.laguiadepamplona.com\\\/actualidad\\\/wp-content\\\/uploads\\\/2022\\\/05\\\/puente-de-las-oblatas-1.webp\",\"contentUrl\":\"https:\\\/\\\/www.laguiadepamplona.com\\\/actualidad\\\/wp-content\\\/uploads\\\/2022\\\/05\\\/puente-de-las-oblatas-1.webp\",\"width\":1920,\"height\":1260},{\"@type\":\"BreadcrumbList\",\"@id\":\"https:\\\/\\\/www.laguiadepamplona.com\\\/actualidad\\\/el-ayuntamiento-estudia-realizar-reparaciones-en-el-puente-de-oblatas-tras-25-anos-de-su-puesta-en-servicio\\\/#breadcrumb\",\"itemListElement\":[{\"@type\":\"ListItem\",\"position\":1,\"name\":\"Portada\",\"item\":\"https:\\\/\\\/www.laguiadepamplona.com\\\/actualidad\\\/\"},{\"@type\":\"ListItem\",\"position\":2,\"name\":\"El Ayuntamiento estudia realizar reparaciones en el puente de Oblatas tras 25 a\u00f1os de su puesta en servicio\"}]},{\"@type\":\"WebSite\",\"@id\":\"https:\\\/\\\/www.laguiadepamplona.com\\\/actualidad\\\/#website\",\"url\":\"https:\\\/\\\/www.laguiadepamplona.com\\\/actualidad\\\/\",\"name\":\"La gu\u00eda de Pamplona\",\"description\":\"Noticias de Pamplona\",\"publisher\":{\"@id\":\"https:\\\/\\\/www.laguiadepamplona.com\\\/actualidad\\\/#organization\"},\"potentialAction\":[{\"@type\":\"SearchAction\",\"target\":{\"@type\":\"EntryPoint\",\"urlTemplate\":\"https:\\\/\\\/www.laguiadepamplona.com\\\/actualidad\\\/?s={search_term_string}\"},\"query-input\":{\"@type\":\"PropertyValueSpecification\",\"valueRequired\":true,\"valueName\":\"search_term_string\"}}],\"inLanguage\":\"es\"},{\"@type\":\"Organization\",\"@id\":\"https:\\\/\\\/www.laguiadepamplona.com\\\/actualidad\\\/#organization\",\"name\":\"La Gu\u00eda de Pamplona \\\/ Noticias\",\"url\":\"https:\\\/\\\/www.laguiadepamplona.com\\\/actualidad\\\/\",\"logo\":{\"@type\":\"ImageObject\",\"inLanguage\":\"es\",\"@id\":\"https:\\\/\\\/www.laguiadepamplona.com\\\/actualidad\\\/#\\\/schema\\\/logo\\\/image\\\/\",\"url\":\"https:\\\/\\\/www.laguiadepamplona.com\\\/actualidad\\\/wp-content\\\/uploads\\\/2018\\\/11\\\/logo-laguiadepamplona18-web1.png\",\"contentUrl\":\"https:\\\/\\\/www.laguiadepamplona.com\\\/actualidad\\\/wp-content\\\/uploads\\\/2018\\\/11\\\/logo-laguiadepamplona18-web1.png\",\"width\":600,\"height\":196,\"caption\":\"La Gu\u00eda de Pamplona \\\/ Noticias\"},\"image\":{\"@id\":\"https:\\\/\\\/www.laguiadepamplona.com\\\/actualidad\\\/#\\\/schema\\\/logo\\\/image\\\/\"},\"sameAs\":[\"https:\\\/\\\/www.facebook.com\\\/laguiadepamplonacom-133175176762273\\\/?ref=hl\",\"https:\\\/\\\/x.com\\\/LaGuiadPamplona\",\"https:\\\/\\\/www.instagram.com\\\/la_guia_de_pamplona\\\/\",\"https:\\\/\\\/www.youtube.com\\\/user\\\/laguiadepamplona\"]},{\"@type\":\"Person\",\"@id\":\"https:\\\/\\\/www.laguiadepamplona.com\\\/actualidad\\\/#\\\/schema\\\/person\\\/efe887376f0213d4657c93adc50b1fdb\",\"name\":\"La Gu\u00eda de Pamplona\",\"image\":{\"@type\":\"ImageObject\",\"inLanguage\":\"es\",\"@id\":\"https:\\\/\\\/secure.gravatar.com\\\/avatar\\\/b6992f131dc8d30ab0dff15446e9d346d9dbd95992de0fef795073f5ea83a81c?s=96&d=mm&r=g\",\"url\":\"https:\\\/\\\/secure.gravatar.com\\\/avatar\\\/b6992f131dc8d30ab0dff15446e9d346d9dbd95992de0fef795073f5ea83a81c?s=96&d=mm&r=g\",\"contentUrl\":\"https:\\\/\\\/secure.gravatar.com\\\/avatar\\\/b6992f131dc8d30ab0dff15446e9d346d9dbd95992de0fef795073f5ea83a81c?s=96&d=mm&r=g\",\"caption\":\"La Gu\u00eda de Pamplona\"}}]}<\/script>\n<!-- \/ Yoast SEO plugin. -->","yoast_head_json":{"title":"El Ayuntamiento estudia realizar reparaciones en el puente de Oblatas tras 25 a\u00f1os de su puesta en servicio","description":"La corrosi\u00f3n en algunas partes met\u00e1licas de esta infraestructura aconseja una actuaci\u00f3n de mantenimiento","robots":{"index":"index","follow":"follow","max-snippet":"max-snippet:-1","max-image-preview":"max-image-preview:large","max-video-preview":"max-video-preview:-1"},"canonical":"https:\/\/www.laguiadepamplona.com\/actualidad\/el-ayuntamiento-estudia-realizar-reparaciones-en-el-puente-de-oblatas-tras-25-anos-de-su-puesta-en-servicio\/","og_locale":"es_ES","og_type":"article","og_title":"El Ayuntamiento estudia realizar reparaciones en el puente de Oblatas tras 25 a\u00f1os de su puesta en servicio","og_description":"La corrosi\u00f3n en algunas partes met\u00e1licas de esta infraestructura aconseja una actuaci\u00f3n de mantenimiento","og_url":"https:\/\/www.laguiadepamplona.com\/actualidad\/el-ayuntamiento-estudia-realizar-reparaciones-en-el-puente-de-oblatas-tras-25-anos-de-su-puesta-en-servicio\/","og_site_name":"La Gu\u00eda de Pamplona","article_publisher":"https:\/\/www.facebook.com\/laguiadepamplonacom-133175176762273\/?ref=hl","article_published_time":"2022-05-11T14:41:22+00:00","article_modified_time":"2023-04-11T09:48:12+00:00","og_image":[{"width":1920,"height":1260,"url":"https:\/\/www.laguiadepamplona.com\/actualidad\/wp-content\/uploads\/2022\/05\/puente-de-las-oblatas-1.webp","type":"image\/webp"}],"author":"La Gu\u00eda de Pamplona","twitter_card":"summary_large_image","twitter_creator":"@LaGuiadPamplona","twitter_site":"@LaGuiadPamplona","twitter_misc":{"Escrito por":"La Gu\u00eda de Pamplona","Tiempo de lectura":"2 minutos"},"schema":{"@context":"https:\/\/schema.org","@graph":[{"@type":"Article","@id":"https:\/\/www.laguiadepamplona.com\/actualidad\/el-ayuntamiento-estudia-realizar-reparaciones-en-el-puente-de-oblatas-tras-25-anos-de-su-puesta-en-servicio\/#article","isPartOf":{"@id":"https:\/\/www.laguiadepamplona.com\/actualidad\/el-ayuntamiento-estudia-realizar-reparaciones-en-el-puente-de-oblatas-tras-25-anos-de-su-puesta-en-servicio\/"},"author":{"name":"La Gu\u00eda de Pamplona","@id":"https:\/\/www.laguiadepamplona.com\/actualidad\/#\/schema\/person\/efe887376f0213d4657c93adc50b1fdb"},"headline":"El Ayuntamiento estudia realizar reparaciones en el puente de Oblatas tras 25 a\u00f1os de su puesta en servicio","datePublished":"2022-05-11T14:41:22+00:00","dateModified":"2023-04-11T09:48:12+00:00","mainEntityOfPage":{"@id":"https:\/\/www.laguiadepamplona.com\/actualidad\/el-ayuntamiento-estudia-realizar-reparaciones-en-el-puente-de-oblatas-tras-25-anos-de-su-puesta-en-servicio\/"},"wordCount":416,"commentCount":0,"publisher":{"@id":"https:\/\/www.laguiadepamplona.com\/actualidad\/#organization"},"image":{"@id":"https:\/\/www.laguiadepamplona.com\/actualidad\/el-ayuntamiento-estudia-realizar-reparaciones-en-el-puente-de-oblatas-tras-25-anos-de-su-puesta-en-servicio\/#primaryimage"},"thumbnailUrl":"https:\/\/www.laguiadepamplona.com\/actualidad\/wp-content\/uploads\/2022\/05\/puente-de-las-oblatas-1.webp","articleSection":["Ayto Pamplona"],"inLanguage":"es","potentialAction":[{"@type":"CommentAction","name":"Comment","target":["https:\/\/www.laguiadepamplona.com\/actualidad\/el-ayuntamiento-estudia-realizar-reparaciones-en-el-puente-de-oblatas-tras-25-anos-de-su-puesta-en-servicio\/#respond"]}]},{"@type":"WebPage","@id":"https:\/\/www.laguiadepamplona.com\/actualidad\/el-ayuntamiento-estudia-realizar-reparaciones-en-el-puente-de-oblatas-tras-25-anos-de-su-puesta-en-servicio\/","url":"https:\/\/www.laguiadepamplona.com\/actualidad\/el-ayuntamiento-estudia-realizar-reparaciones-en-el-puente-de-oblatas-tras-25-anos-de-su-puesta-en-servicio\/","name":"El Ayuntamiento estudia realizar reparaciones en el puente de Oblatas tras 25 a\u00f1os de su puesta en servicio","isPartOf":{"@id":"https:\/\/www.laguiadepamplona.com\/actualidad\/#website"},"primaryImageOfPage":{"@id":"https:\/\/www.laguiadepamplona.com\/actualidad\/el-ayuntamiento-estudia-realizar-reparaciones-en-el-puente-de-oblatas-tras-25-anos-de-su-puesta-en-servicio\/#primaryimage"},"image":{"@id":"https:\/\/www.laguiadepamplona.com\/actualidad\/el-ayuntamiento-estudia-realizar-reparaciones-en-el-puente-de-oblatas-tras-25-anos-de-su-puesta-en-servicio\/#primaryimage"},"thumbnailUrl":"https:\/\/www.laguiadepamplona.com\/actualidad\/wp-content\/uploads\/2022\/05\/puente-de-las-oblatas-1.webp","datePublished":"2022-05-11T14:41:22+00:00","dateModified":"2023-04-11T09:48:12+00:00","description":"La corrosi\u00f3n en algunas partes met\u00e1licas de esta infraestructura aconseja una actuaci\u00f3n de mantenimiento","breadcrumb":{"@id":"https:\/\/www.laguiadepamplona.com\/actualidad\/el-ayuntamiento-estudia-realizar-reparaciones-en-el-puente-de-oblatas-tras-25-anos-de-su-puesta-en-servicio\/#breadcrumb"},"inLanguage":"es","potentialAction":[{"@type":"ReadAction","target":["https:\/\/www.laguiadepamplona.com\/actualidad\/el-ayuntamiento-estudia-realizar-reparaciones-en-el-puente-de-oblatas-tras-25-anos-de-su-puesta-en-servicio\/"]}]},{"@type":"ImageObject","inLanguage":"es","@id":"https:\/\/www.laguiadepamplona.com\/actualidad\/el-ayuntamiento-estudia-realizar-reparaciones-en-el-puente-de-oblatas-tras-25-anos-de-su-puesta-en-servicio\/#primaryimage","url":"https:\/\/www.laguiadepamplona.com\/actualidad\/wp-content\/uploads\/2022\/05\/puente-de-las-oblatas-1.webp","contentUrl":"https:\/\/www.laguiadepamplona.com\/actualidad\/wp-content\/uploads\/2022\/05\/puente-de-las-oblatas-1.webp","width":1920,"height":1260},{"@type":"BreadcrumbList","@id":"https:\/\/www.laguiadepamplona.com\/actualidad\/el-ayuntamiento-estudia-realizar-reparaciones-en-el-puente-de-oblatas-tras-25-anos-de-su-puesta-en-servicio\/#breadcrumb","itemListElement":[{"@type":"ListItem","position":1,"name":"Portada","item":"https:\/\/www.laguiadepamplona.com\/actualidad\/"},{"@type":"ListItem","position":2,"name":"El Ayuntamiento estudia realizar reparaciones en el puente de Oblatas tras 25 a\u00f1os de su puesta en servicio"}]},{"@type":"WebSite","@id":"https:\/\/www.laguiadepamplona.com\/actualidad\/#website","url":"https:\/\/www.laguiadepamplona.com\/actualidad\/","name":"La gu\u00eda de Pamplona","description":"Noticias de Pamplona","publisher":{"@id":"https:\/\/www.laguiadepamplona.com\/actualidad\/#organization"},"potentialAction":[{"@type":"SearchAction","target":{"@type":"EntryPoint","urlTemplate":"https:\/\/www.laguiadepamplona.com\/actualidad\/?s={search_term_string}"},"query-input":{"@type":"PropertyValueSpecification","valueRequired":true,"valueName":"search_term_string"}}],"inLanguage":"es"},{"@type":"Organization","@id":"https:\/\/www.laguiadepamplona.com\/actualidad\/#organization","name":"La Gu\u00eda de Pamplona \/ Noticias","url":"https:\/\/www.laguiadepamplona.com\/actualidad\/","logo":{"@type":"ImageObject","inLanguage":"es","@id":"https:\/\/www.laguiadepamplona.com\/actualidad\/#\/schema\/logo\/image\/","url":"https:\/\/www.laguiadepamplona.com\/actualidad\/wp-content\/uploads\/2018\/11\/logo-laguiadepamplona18-web1.png","contentUrl":"https:\/\/www.laguiadepamplona.com\/actualidad\/wp-content\/uploads\/2018\/11\/logo-laguiadepamplona18-web1.png","width":600,"height":196,"caption":"La Gu\u00eda de Pamplona \/ Noticias"},"image":{"@id":"https:\/\/www.laguiadepamplona.com\/actualidad\/#\/schema\/logo\/image\/"},"sameAs":["https:\/\/www.facebook.com\/laguiadepamplonacom-133175176762273\/?ref=hl","https:\/\/x.com\/LaGuiadPamplona","https:\/\/www.instagram.com\/la_guia_de_pamplona\/","https:\/\/www.youtube.com\/user\/laguiadepamplona"]},{"@type":"Person","@id":"https:\/\/www.laguiadepamplona.com\/actualidad\/#\/schema\/person\/efe887376f0213d4657c93adc50b1fdb","name":"La Gu\u00eda de Pamplona","image":{"@type":"ImageObject","inLanguage":"es","@id":"https:\/\/secure.gravatar.com\/avatar\/b6992f131dc8d30ab0dff15446e9d346d9dbd95992de0fef795073f5ea83a81c?s=96&d=mm&r=g","url":"https:\/\/secure.gravatar.com\/avatar\/b6992f131dc8d30ab0dff15446e9d346d9dbd95992de0fef795073f5ea83a81c?s=96&d=mm&r=g","contentUrl":"https:\/\/secure.gravatar.com\/avatar\/b6992f131dc8d30ab0dff15446e9d346d9dbd95992de0fef795073f5ea83a81c?s=96&d=mm&r=g","caption":"La Gu\u00eda de Pamplona"}}]}},"post_mailing_queue_ids":[],"_links":{"self":[{"href":"https:\/\/www.laguiadepamplona.com\/actualidad\/wp-json\/wp\/v2\/posts\/40305","targetHints":{"allow":["GET"]}}],"collection":[{"href":"https:\/\/www.laguiadepamplona.com\/actualidad\/wp-json\/wp\/v2\/posts"}],"about":[{"href":"https:\/\/www.laguiadepamplona.com\/actualidad\/wp-json\/wp\/v2\/types\/post"}],"author":[{"embeddable":true,"href":"https:\/\/www.laguiadepamplona.com\/actualidad\/wp-json\/wp\/v2\/users\/1"}],"replies":[{"embeddable":true,"href":"https:\/\/www.laguiadepamplona.com\/actualidad\/wp-json\/wp\/v2\/comments?post=40305"}],"version-history":[{"count":0,"href":"https:\/\/www.laguiadepamplona.com\/actualidad\/wp-json\/wp\/v2\/posts\/40305\/revisions"}],"wp:featuredmedia":[{"embeddable":true,"href":"https:\/\/www.laguiadepamplona.com\/actualidad\/wp-json\/wp\/v2\/media\/40306"}],"wp:attachment":[{"href":"https:\/\/www.laguiadepamplona.com\/actualidad\/wp-json\/wp\/v2\/media?parent=40305"}],"wp:term":[{"taxonomy":"category","embeddable":true,"href":"https:\/\/www.laguiadepamplona.com\/actualidad\/wp-json\/wp\/v2\/categories?post=40305"},{"taxonomy":"post_tag","embeddable":true,"href":"https:\/\/www.laguiadepamplona.com\/actualidad\/wp-json\/wp\/v2\/tags?post=40305"}],"curies":[{"name":"wp","href":"https:\/\/api.w.org\/{rel}","templated":true}]}}